{"id":92595,"date":"2014-11-06T11:53:18","date_gmt":"2014-11-06T10:53:18","guid":{"rendered":"http:\/\/magazin.salzburgerland.com\/?p=92595"},"modified":"2015-02-08T14:05:17","modified_gmt":"2015-02-08T13:05:17","slug":"culinary-art-salzburgs-erster-360-grad-kulinarik-kongress","status":"publish","type":"post","link":"https:\/\/www.salzburgerland.com\/de\/magazin\/culinary-art-salzburgs-erster-360-grad-kulinarik-kongress\/","title":{"rendered":"Culinary Art: Salzburgs erster 360 Grad-Kulinarik-Kongress"},"content":{"rendered":"<p><strong>Wie entstehen Kulinarik-Trends und was will eigentlich der Konsument der Zukunft?\u00a0<strong>Beim <a title=\"Culinary Art Salzburg 2015\" href=\"http:\/\/www.culinaryart.at\" target=\"_blank\">Culinary Art Kongress 2015<\/a>, dem ersten ganzheitlichen Kulinarik-Kongress Salzburgs, werden diese und viele weitere Fragen rund um dieses genussreiche Thema er\u00f6rtert &#8211; mit Unterst\u00fctzung internationaler Topstars der Gastor-Szene.<br \/> <\/strong><\/strong><\/p>\n<p>Die Frage, welche Zutaten f\u00fcr ein gelungenes gastronomische Gesamtkonzept unerl\u00e4sslich sind, ist eine von vielen, denen sich das Who-is-Who der internationalen Gastro-Szene im M\u00e4rz 2015 in Salzburg annehmen werden. Am 16. und 17. M\u00e4rz 2015 geht der erste ganzheitliche Kulinarik-Kongress Salzburgs \u00fcber die B\u00fchne.\u00a0DesignerInnen, TrendforscherInnen sowie internationale Top-GastronomInnen und Haubenk\u00f6chInnen werden \u00fcber Gegenwart und Zukunft der Gastronomie diskutieren. In den sch\u00f6nsten Locations von Stadt und Land Salzburg und in kommunikativen Kleingruppen, bei denen der Austausch zwischen ReferentInnen und TeilnehmerInnen im Vordergrund steht. Zum Culinary Art-Kongress werden sowohl K\u00f6che als auch Restaurantbesitzer und Hoteliers \u00a0aus \u00d6sterreich, Deutschland und der Schweiz erwartet, die die neuesten Entwicklungen im Gastro-Bereich aus erster Hand erfahren m\u00f6chten.<\/p>\n<p><strong>Landpartien und Stadt-Highlights<\/strong><br \/> Gaumenfreude und Augenschmaus versprechen die &#8222;Landpartien&#8220;, im Rahmen derer die TeilnehmerInnen zu ausgew\u00e4hlten Restaurants und Gasth\u00e4user im SalzburgerLand fahren und vor Ort an Seminaren und Workshops teilnehmen werden. Ob im <a title=\"Hotel Der Seehof Goldegg Salzburger Land\" href=\"http:\/\/www.derseehof.at\" target=\"_blank\">&#8222;Der Seehof&#8220; in Goldegg<\/a> oder der <a href=\"http:\/\/www.hangar-7.com\/de\/ikarus\/restaurant-ikarus\/\" target=\"_blank\">Ikarus im Hangar 7 <\/a>&#8211; f\u00fcr lukullische Freuden ist \u00fcberall gesorgt.\u00a0Das kommt nicht von ungef\u00e4hr: Entlang der <a title=\"Via Culinaria Landpartie\" href=\"https:\/\/www.salzburgerland.com\/de\/magazin\/essen-trinken\/via-culinaria-landpartie\/\">Via Culinaria <\/a>gibt es so viele Haubenk\u00f6che wie sonst nirgendwo. Auch in der Stadt Salzburg stehen den TeilnehmerInnen die T\u00fcren zu den besten Locations offen: Vom <a title=\"Restaurant M32 Stadt Salzburg\" href=\"http:\/\/m32.at\" target=\"_blank\">Restaurant M32 am M\u00f6nchsberg<\/a> \u00fcber das\u00a0<a title=\"Ceconi\u00b4s by J\u00f6rg W\u00f6rther Salzburg\" href=\"http:\/\/www.ceconis.at\/de\/restaurant\/\" target=\"_blank\">Ceconi\u2019s by J\u00f6rg W\u00f6rther im Nonntal <\/a>bis zum <a title=\"Restaurant Ikarus Hangar 7 Salzburg\" href=\"http:\/\/www.hangar-7.com\/de\/ikarus\/restaurant-ikarus\/\" target=\"_blank\">Restaurant Ikarus im Hangar 7<\/a> lassen die Seminar-Locations keine W\u00fcnsche offen.<\/p>\n<p><strong>Kulinarik-Elite zu Gast in Salzburg<br \/> <\/strong>Claus Meyer aus D\u00e4nemark, Gr\u00fcnder des mehrfach zum &#8222;besten Restaurants der Welt&#8220; gew\u00e4hlten &#8222;Noma&#8220; und einer der Hauptprotagonisten der New Nordic Cuisine-Bewegung, Richard K\u00e4gi, Food-Scout aus der Schweiz zum Thema \u201eWie entstehen Trends?\u201c, die norwegische Geruchsforscherin Sissel Tolaas oder der als bester Metzger Europas ausgezeichnete Ire Jack O\u00b4Shea sind nur einige der weltweit erfolgreichen Culinary Art-Speaker, die ihr Wissen und ihre Erfahrungen mit den Zuh\u00f6rerInnen teilen werden.\u00a0Hochkar\u00e4tig ist auch die Liste der Culinary Art-Schirmherren: Jahrhundert-Koch Eckart Witzigmann, der S\u00fcdtiroler Spitzenkoch Roland Trettl, Haubenkoch Sepp Schellhorn und Hotelier Andreas Gfrerer unterst\u00fctzen das neue Kongressformat tatkr\u00e4ftig. Und eins ich auch sicher: Eingebettet in das beliebte\u00a0<a title=\"Eat &amp; Meet \u2013 Eine Kulinarische Genussreise im M\u00e4rz\" href=\"https:\/\/www.salzburgerland.com\/de\/magazin\/essen-trinken\/eat-meet-eine-kulinarische-genussreise-im-marz\/\">Food-Festival &#8222;eat&amp;meet&#8220;<\/a>\u00a0wird bei aller Trendforschung und Wissensvermittlung auch der Vergn\u00fcgungsfaktor nicht zu kurz kommen.<\/p>\n<p>Ob Geschmacksbildung, Innenarchitektur oder Corporate Design: Bei Culinary Art 2015 werden alle Facetten der Gastronomie beleuchtet und zu einem ganzheitlichen 360\u00b0-Panorama vereint \u2013 f\u00fcr einen lohnenswerten Blick \u00fcber den Tellerrand.<\/p>\n<p><a title=\"Culinary Art Salzburg\" href=\"http:\/\/www.culinaryart.at\/ueber\/\" target=\"_blank\">Details zum Programm &amp; Tickets finden Sie auf der Website Culinary Art Salzburg<\/a><br \/> 16. und 17. M\u00e4rz 2015<\/p>\n<div class=\"mag-gallery\"><div class=\"row\"><div class=\"col-6 col-sm-4\"><figure><a class=\"thumb-container\" href=\"https:\/\/www.salzburgerland.com\/de\/magazin\/wp-content\/uploads\/2014\/11\/Sissel-Tolaas2-1024x683-1280x1024.jpeg\">\t<picture><source media=\"(min-width: 576px)\" srcset=\"https:\/\/www.salzburgerland.com\/de\/magazin\/wp-content\/uploads\/2014\/11\/Sissel-Tolaas2-1024x683-325x209.jpeg 325w, https:\/\/www.salzburgerland.com\/de\/magazin\/wp-content\/uploads\/2014\/11\/Sissel-Tolaas2-1024x683-249x160.jpeg 249w\" \/><source media=\"(min-width: 0)\" srcset=\"https:\/\/www.salzburgerland.com\/de\/magazin\/wp-content\/uploads\/2014\/11\/Sissel-Tolaas2-1024x683-249x160.jpeg 249w, https:\/\/www.salzburgerland.com\/de\/magazin\/wp-content\/uploads\/2014\/11\/Sissel-Tolaas2-1024x683-325x209.jpeg 325w\" \/><img decoding=\"async\" alt=\"\" src=\"https:\/\/www.salzburgerland.com\/de\/magazin\/wp-content\/uploads\/2014\/11\/Sissel-Tolaas2-1024x683.jpeg\" \/>\t<\/picture><\/a><\/figure><\/div><div class=\"col-6 col-sm-4\"><figure><a class=\"thumb-container\" href=\"https:\/\/www.salzburgerland.com\/de\/magazin\/wp-content\/uploads\/2014\/11\/image6973-1280x1024.jpg\">\t<picture><source media=\"(min-width: 576px)\" srcset=\"https:\/\/www.salzburgerland.com\/de\/magazin\/wp-content\/uploads\/2014\/11\/image6973-325x209.jpg 325w, https:\/\/www.salzburgerland.com\/de\/magazin\/wp-content\/uploads\/2014\/11\/image6973-249x160.jpg 249w\" \/><source media=\"(min-width: 0)\" srcset=\"https:\/\/www.salzburgerland.com\/de\/magazin\/wp-content\/uploads\/2014\/11\/image6973-249x160.jpg 249w, https:\/\/www.salzburgerland.com\/de\/magazin\/wp-content\/uploads\/2014\/11\/image6973-325x209.jpg 325w\" \/><img decoding=\"async\" alt=\"\" src=\"https:\/\/www.salzburgerland.com\/de\/magazin\/wp-content\/uploads\/2014\/11\/image6973.jpg\" \/>\t<\/picture><\/a><\/figure><\/div><div class=\"col-6 col-sm-4\"><figure><a class=\"thumb-container\" href=\"https:\/\/www.salzburgerland.com\/de\/magazin\/wp-content\/uploads\/2014\/11\/image6969-1280x1024.jpg\">\t<picture><source media=\"(min-width: 576px)\" srcset=\"\" \/><source media=\"(min-width: 0)\" srcset=\"https:\/\/www.salzburgerland.com\/de\/magazin\/wp-content\/uploads\/2014\/11\/image6969.jpg 1066w, https:\/\/www.salzburgerland.com\/de\/magazin\/wp-content\/uploads\/2014\/11\/image6969-200x300.jpg 200w, https:\/\/www.salzburgerland.com\/de\/magazin\/wp-content\/uploads\/2014\/11\/image6969-366x550.jpg 366w, https:\/\/www.salzburgerland.com\/de\/magazin\/wp-content\/uploads\/2014\/11\/image6969-267x400.jpg 267w\" \/><img decoding=\"async\" alt=\"\" src=\"https:\/\/www.salzburgerland.com\/de\/magazin\/wp-content\/uploads\/2014\/11\/image6969.jpg\" \/>\t<\/picture><\/a><\/figure><\/div><div class=\"col-6 col-sm-4\"><figure><a class=\"thumb-container\" href=\"https:\/\/www.salzburgerland.com\/de\/magazin\/wp-content\/uploads\/2014\/11\/image6965-1280x1024.jpg\">\t<picture><source media=\"(min-width: 576px)\" srcset=\"https:\/\/www.salzburgerland.com\/de\/magazin\/wp-content\/uploads\/2014\/11\/image6965-325x209.jpg 325w, https:\/\/www.salzburgerland.com\/de\/magazin\/wp-content\/uploads\/2014\/11\/image6965-249x160.jpg 249w\" \/><source media=\"(min-width: 0)\" srcset=\"https:\/\/www.salzburgerland.com\/de\/magazin\/wp-content\/uploads\/2014\/11\/image6965-249x160.jpg 249w, https:\/\/www.salzburgerland.com\/de\/magazin\/wp-content\/uploads\/2014\/11\/image6965-325x209.jpg 325w\" \/><img decoding=\"async\" alt=\"\" src=\"https:\/\/www.salzburgerland.com\/de\/magazin\/wp-content\/uploads\/2014\/11\/image6965.jpg\" \/>\t<\/picture><\/a><\/figure><\/div><\/div><\/div><figcaption><\/figcaption>\n<p><em>Fotocredits: \u00a9 Altstadt Marketing, Franz Neumayr, Wildbild,\u00a0Adrian Schmidt Publicity Photography<\/em><\/p>\n","protected":false},"excerpt":{"rendered":"<p>Wie entstehen Kulinarik-Trends und was will eigentlich der Konsument der Zukunft?\u00a0Beim Culinary Art Kongress 2015, dem ersten ganzheitlichen Kulinarik-Kongress Salzburgs, werden diese und viele weitere Fragen rund um dieses genussreiche Thema er\u00f6rtert &#8211; mit Unterst\u00fctzung internationaler Topstars der Gastor-Szene. Die Frage, welche Zutaten f\u00fcr ein gelungenes gastronomische Gesamtkonzept unerl\u00e4sslich sind, ist eine von vielen, denen [&hellip;]<\/p>\n","protected":false},"author":333,"featured_media":92599,"comment_status":"open","ping_status":"open","sticky":false,"template":"","format":"standard","meta":{"_acf_changed":false,"wl_entities_gutenberg":"","_wl_entity_redirect_enabled":"","footnotes":""},"categories":[3],"tags":[],"wl_entity_type":[306],"monatsauswahl":[84],"class_list":["post-92595","post","type-post","status-publish","format-standard","has-post-thumbnail","hentry","category-essen-trinken","wl_entity_type-article","monatsauswahl-monat_3"],"acf":[],"yoast_head":"<!-- This site is optimized with the Yoast SEO Premium plugin v27.4 (Yoast SEO v27.4) - https:\/\/yoast.com\/product\/yoast-seo-premium-wordpress\/ -->\n<title>Culinary Art: Salzburgs erster 360 Grad-Kulinarik-Kongress - SalzburgerLand Magazin<\/title>\n<meta name=\"description\" content=\"Wie entstehen Kulinarik-Trends und was will eigentlich der Konsument der Zukunft?\u00a0Beim Culinary Art Kongress 2015, dem ersten ganzheitlichen Kulinarik-Kongress Salzburgs, werden diese und viele weitere Fragen rund um dieses genussreiche Thema er\u00f6rtert &#8211; mit Unterst\u00fctzung internationaler Topstars der Gastor-Szene. Die Frage, welche Zutaten f\u00fcr ein gelungenes gastronomische Gesamtkonzept unerl\u00e4sslich sind, ist eine von vielen, denen [&hellip;]\" \/>\n<meta name=\"robots\" content=\"index, follow, max-snippet:-1, max-image-preview:large, max-video-preview:-1\" \/>\n<link rel=\"canonical\" href=\"https:\/\/www.salzburgerland.com\/de\/magazin\/culinary-art-salzburgs-erster-360-grad-kulinarik-kongress\/\" \/>\n<meta property=\"og:locale\" content=\"de_DE\" \/>\n<meta property=\"og:type\" content=\"article\" \/>\n<meta property=\"og:title\" content=\"Culinary Art: Salzburgs erster 360 Grad-Kulinarik-Kongress\" \/>\n<meta property=\"og:description\" content=\"Wie entstehen Kulinarik-Trends und was will eigentlich der Konsument der Zukunft?\u00a0Beim Culinary Art Kongress 2015, dem ersten ganzheitlichen Kulinarik-Kongress Salzburgs, werden diese und viele weitere Fragen rund um dieses genussreiche Thema er\u00f6rtert &#8211; mit Unterst\u00fctzung internationaler Topstars der Gastor-Szene. Die Frage, welche Zutaten f\u00fcr ein gelungenes gastronomische Gesamtkonzept unerl\u00e4sslich sind, ist eine von vielen, denen [&hellip;]\" \/>\n<meta property=\"og:url\" content=\"https:\/\/www.salzburgerland.com\/de\/magazin\/culinary-art-salzburgs-erster-360-grad-kulinarik-kongress\/\" \/>\n<meta property=\"og:site_name\" content=\"SalzburgerLand Magazin\" \/>\n<meta property=\"article:publisher\" content=\"https:\/\/www.facebook.com\/salzburgerland\/\" \/>\n<meta property=\"article:published_time\" content=\"2014-11-06T10:53:18+00:00\" \/>\n<meta property=\"article:modified_time\" content=\"2015-02-08T13:05:17+00:00\" \/>\n<meta property=\"og:image\" content=\"https:\/\/www.salzburgerland.com\/de\/magazin\/wp-content\/uploads\/2014\/10\/SLT_Culinary15102014006.jpg\" \/>\n\t<meta property=\"og:image:width\" content=\"1600\" \/>\n\t<meta property=\"og:image:height\" content=\"1066\" \/>\n\t<meta property=\"og:image:type\" content=\"image\/jpeg\" \/>\n<meta name=\"author\" content=\"Christina Knauseder-Csipek\" \/>\n<meta name=\"twitter:card\" content=\"summary_large_image\" \/>\n<meta name=\"twitter:creator\" content=\"@Salzburgerland\" \/>\n<meta name=\"twitter:site\" content=\"@Salzburgerland\" \/>\n<meta name=\"twitter:label1\" content=\"Verfasst von\" \/>\n\t<meta name=\"twitter:data1\" content=\"Christina Knauseder-Csipek\" \/>\n\t<meta name=\"twitter:label2\" content=\"Gesch\u00e4tzte Lesezeit\" \/>\n\t<meta name=\"twitter:data2\" content=\"2\u00a0Minuten\" \/>\n<script type=\"application\/ld+json\" class=\"yoast-schema-graph\">{\"@context\":\"https:\\\/\\\/schema.org\",\"@graph\":[{\"@type\":\"Article\",\"@id\":\"https:\\\/\\\/www.salzburgerland.com\\\/de\\\/magazin\\\/culinary-art-salzburgs-erster-360-grad-kulinarik-kongress\\\/#article\",\"isPartOf\":{\"@id\":\"https:\\\/\\\/www.salzburgerland.com\\\/de\\\/magazin\\\/culinary-art-salzburgs-erster-360-grad-kulinarik-kongress\\\/\"},\"author\":{\"name\":\"Christina Knauseder-Csipek\",\"@id\":\"https:\\\/\\\/www.salzburgerland.com\\\/de\\\/magazin\\\/#\\\/schema\\\/person\\\/c8d118fb84adefa6fa30b3220457409a\"},\"headline\":\"Culinary Art: Salzburgs erster 360 Grad-Kulinarik-Kongress\",\"datePublished\":\"2014-11-06T10:53:18+00:00\",\"dateModified\":\"2015-02-08T13:05:17+00:00\",\"mainEntityOfPage\":{\"@id\":\"https:\\\/\\\/www.salzburgerland.com\\\/de\\\/magazin\\\/culinary-art-salzburgs-erster-360-grad-kulinarik-kongress\\\/\"},\"wordCount\":476,\"commentCount\":0,\"publisher\":{\"@id\":\"https:\\\/\\\/www.salzburgerland.com\\\/de\\\/magazin\\\/#organization\"},\"image\":{\"@id\":\"https:\\\/\\\/www.salzburgerland.com\\\/de\\\/magazin\\\/culinary-art-salzburgs-erster-360-grad-kulinarik-kongress\\\/#primaryimage\"},\"thumbnailUrl\":\"https:\\\/\\\/www.salzburgerland.com\\\/de\\\/magazin\\\/wp-content\\\/uploads\\\/2014\\\/10\\\/SLT_Culinary15102014006.jpg\",\"articleSection\":[\"Essen &amp; Trinken\"],\"inLanguage\":\"de\",\"potentialAction\":[{\"@type\":\"CommentAction\",\"name\":\"Comment\",\"target\":[\"https:\\\/\\\/www.salzburgerland.com\\\/de\\\/magazin\\\/culinary-art-salzburgs-erster-360-grad-kulinarik-kongress\\\/#respond\"]}]},{\"@type\":\"WebPage\",\"@id\":\"https:\\\/\\\/www.salzburgerland.com\\\/de\\\/magazin\\\/culinary-art-salzburgs-erster-360-grad-kulinarik-kongress\\\/\",\"url\":\"https:\\\/\\\/www.salzburgerland.com\\\/de\\\/magazin\\\/culinary-art-salzburgs-erster-360-grad-kulinarik-kongress\\\/\",\"name\":\"Culinary Art: Salzburgs erster 360 Grad-Kulinarik-Kongress - SalzburgerLand Magazin\",\"isPartOf\":{\"@id\":\"https:\\\/\\\/www.salzburgerland.com\\\/de\\\/magazin\\\/#website\"},\"primaryImageOfPage\":{\"@id\":\"https:\\\/\\\/www.salzburgerland.com\\\/de\\\/magazin\\\/culinary-art-salzburgs-erster-360-grad-kulinarik-kongress\\\/#primaryimage\"},\"image\":{\"@id\":\"https:\\\/\\\/www.salzburgerland.com\\\/de\\\/magazin\\\/culinary-art-salzburgs-erster-360-grad-kulinarik-kongress\\\/#primaryimage\"},\"thumbnailUrl\":\"https:\\\/\\\/www.salzburgerland.com\\\/de\\\/magazin\\\/wp-content\\\/uploads\\\/2014\\\/10\\\/SLT_Culinary15102014006.jpg\",\"datePublished\":\"2014-11-06T10:53:18+00:00\",\"dateModified\":\"2015-02-08T13:05:17+00:00\",\"breadcrumb\":{\"@id\":\"https:\\\/\\\/www.salzburgerland.com\\\/de\\\/magazin\\\/culinary-art-salzburgs-erster-360-grad-kulinarik-kongress\\\/#breadcrumb\"},\"inLanguage\":\"de\",\"potentialAction\":[{\"@type\":\"ReadAction\",\"target\":[\"https:\\\/\\\/www.salzburgerland.com\\\/de\\\/magazin\\\/culinary-art-salzburgs-erster-360-grad-kulinarik-kongress\\\/\"]}]},{\"@type\":\"ImageObject\",\"inLanguage\":\"de\",\"@id\":\"https:\\\/\\\/www.salzburgerland.com\\\/de\\\/magazin\\\/culinary-art-salzburgs-erster-360-grad-kulinarik-kongress\\\/#primaryimage\",\"url\":\"https:\\\/\\\/www.salzburgerland.com\\\/de\\\/magazin\\\/wp-content\\\/uploads\\\/2014\\\/10\\\/SLT_Culinary15102014006.jpg\",\"contentUrl\":\"https:\\\/\\\/www.salzburgerland.com\\\/de\\\/magazin\\\/wp-content\\\/uploads\\\/2014\\\/10\\\/SLT_Culinary15102014006.jpg\",\"width\":1600,\"height\":1066},{\"@type\":\"BreadcrumbList\",\"@id\":\"https:\\\/\\\/www.salzburgerland.com\\\/de\\\/magazin\\\/culinary-art-salzburgs-erster-360-grad-kulinarik-kongress\\\/#breadcrumb\",\"itemListElement\":[{\"@type\":\"ListItem\",\"position\":1,\"name\":\"Startseite\",\"item\":\"https:\\\/\\\/www.salzburgerland.com\\\/de\\\/magazin\\\/\"},{\"@type\":\"ListItem\",\"position\":2,\"name\":\"Essen &amp; Trinken\",\"item\":\"https:\\\/\\\/www.salzburgerland.com\\\/de\\\/magazin\\\/thema\\\/essen-trinken\\\/\"},{\"@type\":\"ListItem\",\"position\":3,\"name\":\"Culinary Art: Salzburgs erster 360 Grad-Kulinarik-Kongress\"}]},{\"@type\":\"WebSite\",\"@id\":\"https:\\\/\\\/www.salzburgerland.com\\\/de\\\/magazin\\\/#website\",\"url\":\"https:\\\/\\\/www.salzburgerland.com\\\/de\\\/magazin\\\/\",\"name\":\"SalzburgerLand Magazin\",\"description\":\"Geschichten und Interessantes aus dem SalzburgerLand\",\"publisher\":{\"@id\":\"https:\\\/\\\/www.salzburgerland.com\\\/de\\\/magazin\\\/#organization\"},\"potentialAction\":[{\"@type\":\"SearchAction\",\"target\":{\"@type\":\"EntryPoint\",\"urlTemplate\":\"https:\\\/\\\/www.salzburgerland.com\\\/de\\\/magazin\\\/?s={search_term_string}\"},\"query-input\":{\"@type\":\"PropertyValueSpecification\",\"valueRequired\":true,\"valueName\":\"search_term_string\"}}],\"inLanguage\":\"de\"},{\"@type\":\"Organization\",\"@id\":\"https:\\\/\\\/www.salzburgerland.com\\\/de\\\/magazin\\\/#organization\",\"name\":\"SalzburgerLand Tourismus\",\"url\":\"https:\\\/\\\/www.salzburgerland.com\\\/de\\\/magazin\\\/\",\"logo\":{\"@type\":\"ImageObject\",\"inLanguage\":\"de\",\"@id\":\"https:\\\/\\\/www.salzburgerland.com\\\/de\\\/magazin\\\/#\\\/schema\\\/logo\\\/image\\\/\",\"url\":\"https:\\\/\\\/www.salzburgerland.com\\\/de\\\/magazin\\\/wp-content\\\/uploads\\\/2019\\\/06\\\/salzburgerland-logo1.jpg\",\"contentUrl\":\"https:\\\/\\\/www.salzburgerland.com\\\/de\\\/magazin\\\/wp-content\\\/uploads\\\/2019\\\/06\\\/salzburgerland-logo1.jpg\",\"width\":2011,\"height\":866,\"caption\":\"SalzburgerLand Tourismus\"},\"image\":{\"@id\":\"https:\\\/\\\/www.salzburgerland.com\\\/de\\\/magazin\\\/#\\\/schema\\\/logo\\\/image\\\/\"},\"sameAs\":[\"https:\\\/\\\/www.facebook.com\\\/salzburgerland\\\/\",\"https:\\\/\\\/x.com\\\/Salzburgerland\",\"https:\\\/\\\/www.instagram.com\\\/salzburgerland\\\/\",\"https:\\\/\\\/at.linkedin.com\\\/company\\\/salzburgerland-tourismus-gmbh\",\"https:\\\/\\\/www.pinterest.at\\\/salzburgerland\\\/\",\"https:\\\/\\\/www.youtube.com\\\/user\\\/salzburgerland\",\"https:\\\/\\\/de.wikipedia.org\\\/wiki\\\/SalzburgerLand_Tourismus_GmbH\"]},{\"@type\":\"Person\",\"@id\":\"https:\\\/\\\/www.salzburgerland.com\\\/de\\\/magazin\\\/#\\\/schema\\\/person\\\/c8d118fb84adefa6fa30b3220457409a\",\"name\":\"Christina Knauseder-Csipek\",\"description\":\"Ob interessante Menschen, besondere Landstriche oder bedeutsame Orte: Geschichten von Land und Leuten liegen Christina als studierte Historikerin und Kommunikationswissenschaftlerin besonders am Herzen. In ihrer Freizeit ist sie am liebsten in der Natur unterwegs oder begibt sich mit einer Tasse Tee in der Hand in fremde (Buch-)Welten. Das SalzburgerLand hat die Redakteurin schon als Kind sch\u00e4tzen und lieben gelernt. Heute genie\u00dft sie dessen Sch\u00f6nheiten noch immer so oft wie m\u00f6glich, zieht ihre Kreise aber auch gerne mal etwas gr\u00f6\u00dfer. Freunde munkeln \u00fcber einen Schuss Zigeunerblut in ihren Adern. So tingelt sie am liebsten entweder mit dem Rucksack durch Asien oder mit dem alten VW-Bus quer durch Europa. Und \u00fcberall warten spannende Geschichten darauf, bemerkt und niedergeschrieben zu werden. Fr\u00fchling, Sommer, Herbst oder Winter? Als geb\u00fcrtiges \u201eHerbstkatzerl\u201c liegt mir diese Jahreszeit besonders am Herzen. So sehr ich auch Fr\u00fchling, Sommer und Winter genie\u00dfe, ein klarer, sonniger Herbsttag mit seiner opulenten Farbenpracht \u2013 das hat schon einen ganz besonderen Zauber. Luxushotel oder Almh\u00fctte? Klar lasse ich mich auch gerne mal in einem Luxushotel verw\u00f6hnen, alles andere w\u00e4re geschwindelt. Aber gegen ein bodenst\u00e4ndiges Reise-Erlebnis nah an der Natur, ob auf einer urigen Alm oder am spartanischen Campingplatz auf Korsika, tausche ich einen Luxus-Urlaub gerne ein. Jederzeit und immer wieder. Kr\u00e4utertee oder Zirbenschnaps? Ein Schnapserl in Ehren kann ich schwer verwehren, wobei auch da eher den selbstgemachten Nusschnaps vom Onkel als die Zirbe. Grunds\u00e4tzlich bin ich aber ein leidenschaftlicher Tee-Genie\u00dfer und fr\u00f6ne dieser Leidenschaft literweise. Ob Gr\u00fcntee, Kr\u00e4utertee oder ganz klassisch \u201eEarl Grey\u201c: Eine Tasse Tee ist f\u00fcr mich Entspannung und Antrieb gleicherma\u00dfen. Buch oder Film? Ich bin ein absoluter B\u00fccherwurm, von Kindesbeinen an. B\u00f6se Zungen behaupten, dieser Zeit (Lesen bei, naja, nicht immer optimalen Bedingungen) h\u00e4tte ich auch meine Fehlsichtigkeit zu verdanken. Ob \u201eDer Herr der Ringe\u201c oder \u201eGame of Thrones\u201c \u2013 vor allem in fantastischen Welten kann ich mich komplett verlieren. Guten Filmen bin ich trotzdem nicht abgeneigt, da haben es mir vor allem \u00f6sterreichische und d\u00e4nische Produktionen angetan. Meistens herrlich skurril und oft zum Br\u00fcllen komisch. Yoga oder Mountainbike Auch wenn ich\u00b4s mir fr\u00fcher nicht gedacht h\u00e4tte: Yoga ist wirklich eine geniale Sache. Das mehr auf Kraft ausgerichtete Ashtanga Yoga hat einen fixen Platz in meinem Wochenplan gefunden, obwohl meine eigentliche Leidenschaft den Pferden geh\u00f6rt. Grunds\u00e4tzlich bevorzuge ich sportliche Aktivit\u00e4ten unter freiem Himmel. Von Laufen bis hin zum Paragleiten ist da alles mit dabei.\",\"url\":\"https:\\\/\\\/www.salzburgerland.com\\\/de\\\/magazin\\\/author\\\/christina-knauseder-csipek\\\/\"}]}<\/script>\n<!-- \/ Yoast SEO Premium plugin. -->","yoast_head_json":{"title":"Culinary Art: Salzburgs erster 360 Grad-Kulinarik-Kongress - SalzburgerLand Magazin","description":"Wie entstehen Kulinarik-Trends und was will eigentlich der Konsument der Zukunft?\u00a0Beim Culinary Art Kongress 2015, dem ersten ganzheitlichen Kulinarik-Kongress Salzburgs, werden diese und viele weitere Fragen rund um dieses genussreiche Thema er\u00f6rtert &#8211; mit Unterst\u00fctzung internationaler Topstars der Gastor-Szene. Die Frage, welche Zutaten f\u00fcr ein gelungenes gastronomische Gesamtkonzept unerl\u00e4sslich sind, ist eine von vielen, denen [&hellip;]","robots":{"index":"index","follow":"follow","max-snippet":"max-snippet:-1","max-image-preview":"max-image-preview:large","max-video-preview":"max-video-preview:-1"},"canonical":"https:\/\/www.salzburgerland.com\/de\/magazin\/culinary-art-salzburgs-erster-360-grad-kulinarik-kongress\/","og_locale":"de_DE","og_type":"article","og_title":"Culinary Art: Salzburgs erster 360 Grad-Kulinarik-Kongress","og_description":"Wie entstehen Kulinarik-Trends und was will eigentlich der Konsument der Zukunft?\u00a0Beim Culinary Art Kongress 2015, dem ersten ganzheitlichen Kulinarik-Kongress Salzburgs, werden diese und viele weitere Fragen rund um dieses genussreiche Thema er\u00f6rtert &#8211; mit Unterst\u00fctzung internationaler Topstars der Gastor-Szene. Die Frage, welche Zutaten f\u00fcr ein gelungenes gastronomische Gesamtkonzept unerl\u00e4sslich sind, ist eine von vielen, denen [&hellip;]","og_url":"https:\/\/www.salzburgerland.com\/de\/magazin\/culinary-art-salzburgs-erster-360-grad-kulinarik-kongress\/","og_site_name":"SalzburgerLand Magazin","article_publisher":"https:\/\/www.facebook.com\/salzburgerland\/","article_published_time":"2014-11-06T10:53:18+00:00","article_modified_time":"2015-02-08T13:05:17+00:00","og_image":[{"width":1600,"height":1066,"url":"https:\/\/www.salzburgerland.com\/de\/magazin\/wp-content\/uploads\/2014\/10\/SLT_Culinary15102014006.jpg","type":"image\/jpeg"}],"author":"Christina Knauseder-Csipek","twitter_card":"summary_large_image","twitter_creator":"@Salzburgerland","twitter_site":"@Salzburgerland","twitter_misc":{"Verfasst von":"Christina Knauseder-Csipek","Gesch\u00e4tzte Lesezeit":"2\u00a0Minuten"},"schema":{"@context":"https:\/\/schema.org","@graph":[{"@type":"Article","@id":"https:\/\/www.salzburgerland.com\/de\/magazin\/culinary-art-salzburgs-erster-360-grad-kulinarik-kongress\/#article","isPartOf":{"@id":"https:\/\/www.salzburgerland.com\/de\/magazin\/culinary-art-salzburgs-erster-360-grad-kulinarik-kongress\/"},"author":{"name":"Christina Knauseder-Csipek","@id":"https:\/\/www.salzburgerland.com\/de\/magazin\/#\/schema\/person\/c8d118fb84adefa6fa30b3220457409a"},"headline":"Culinary Art: Salzburgs erster 360 Grad-Kulinarik-Kongress","datePublished":"2014-11-06T10:53:18+00:00","dateModified":"2015-02-08T13:05:17+00:00","mainEntityOfPage":{"@id":"https:\/\/www.salzburgerland.com\/de\/magazin\/culinary-art-salzburgs-erster-360-grad-kulinarik-kongress\/"},"wordCount":476,"commentCount":0,"publisher":{"@id":"https:\/\/www.salzburgerland.com\/de\/magazin\/#organization"},"image":{"@id":"https:\/\/www.salzburgerland.com\/de\/magazin\/culinary-art-salzburgs-erster-360-grad-kulinarik-kongress\/#primaryimage"},"thumbnailUrl":"https:\/\/www.salzburgerland.com\/de\/magazin\/wp-content\/uploads\/2014\/10\/SLT_Culinary15102014006.jpg","articleSection":["Essen &amp; Trinken"],"inLanguage":"de","potentialAction":[{"@type":"CommentAction","name":"Comment","target":["https:\/\/www.salzburgerland.com\/de\/magazin\/culinary-art-salzburgs-erster-360-grad-kulinarik-kongress\/#respond"]}]},{"@type":"WebPage","@id":"https:\/\/www.salzburgerland.com\/de\/magazin\/culinary-art-salzburgs-erster-360-grad-kulinarik-kongress\/","url":"https:\/\/www.salzburgerland.com\/de\/magazin\/culinary-art-salzburgs-erster-360-grad-kulinarik-kongress\/","name":"Culinary Art: Salzburgs erster 360 Grad-Kulinarik-Kongress - SalzburgerLand Magazin","isPartOf":{"@id":"https:\/\/www.salzburgerland.com\/de\/magazin\/#website"},"primaryImageOfPage":{"@id":"https:\/\/www.salzburgerland.com\/de\/magazin\/culinary-art-salzburgs-erster-360-grad-kulinarik-kongress\/#primaryimage"},"image":{"@id":"https:\/\/www.salzburgerland.com\/de\/magazin\/culinary-art-salzburgs-erster-360-grad-kulinarik-kongress\/#primaryimage"},"thumbnailUrl":"https:\/\/www.salzburgerland.com\/de\/magazin\/wp-content\/uploads\/2014\/10\/SLT_Culinary15102014006.jpg","datePublished":"2014-11-06T10:53:18+00:00","dateModified":"2015-02-08T13:05:17+00:00","breadcrumb":{"@id":"https:\/\/www.salzburgerland.com\/de\/magazin\/culinary-art-salzburgs-erster-360-grad-kulinarik-kongress\/#breadcrumb"},"inLanguage":"de","potentialAction":[{"@type":"ReadAction","target":["https:\/\/www.salzburgerland.com\/de\/magazin\/culinary-art-salzburgs-erster-360-grad-kulinarik-kongress\/"]}]},{"@type":"ImageObject","inLanguage":"de","@id":"https:\/\/www.salzburgerland.com\/de\/magazin\/culinary-art-salzburgs-erster-360-grad-kulinarik-kongress\/#primaryimage","url":"https:\/\/www.salzburgerland.com\/de\/magazin\/wp-content\/uploads\/2014\/10\/SLT_Culinary15102014006.jpg","contentUrl":"https:\/\/www.salzburgerland.com\/de\/magazin\/wp-content\/uploads\/2014\/10\/SLT_Culinary15102014006.jpg","width":1600,"height":1066},{"@type":"BreadcrumbList","@id":"https:\/\/www.salzburgerland.com\/de\/magazin\/culinary-art-salzburgs-erster-360-grad-kulinarik-kongress\/#breadcrumb","itemListElement":[{"@type":"ListItem","position":1,"name":"Startseite","item":"https:\/\/www.salzburgerland.com\/de\/magazin\/"},{"@type":"ListItem","position":2,"name":"Essen &amp; Trinken","item":"https:\/\/www.salzburgerland.com\/de\/magazin\/thema\/essen-trinken\/"},{"@type":"ListItem","position":3,"name":"Culinary Art: Salzburgs erster 360 Grad-Kulinarik-Kongress"}]},{"@type":"WebSite","@id":"https:\/\/www.salzburgerland.com\/de\/magazin\/#website","url":"https:\/\/www.salzburgerland.com\/de\/magazin\/","name":"SalzburgerLand Magazin","description":"Geschichten und Interessantes aus dem SalzburgerLand","publisher":{"@id":"https:\/\/www.salzburgerland.com\/de\/magazin\/#organization"},"potentialAction":[{"@type":"SearchAction","target":{"@type":"EntryPoint","urlTemplate":"https:\/\/www.salzburgerland.com\/de\/magazin\/?s={search_term_string}"},"query-input":{"@type":"PropertyValueSpecification","valueRequired":true,"valueName":"search_term_string"}}],"inLanguage":"de"},{"@type":"Organization","@id":"https:\/\/www.salzburgerland.com\/de\/magazin\/#organization","name":"SalzburgerLand Tourismus","url":"https:\/\/www.salzburgerland.com\/de\/magazin\/","logo":{"@type":"ImageObject","inLanguage":"de","@id":"https:\/\/www.salzburgerland.com\/de\/magazin\/#\/schema\/logo\/image\/","url":"https:\/\/www.salzburgerland.com\/de\/magazin\/wp-content\/uploads\/2019\/06\/salzburgerland-logo1.jpg","contentUrl":"https:\/\/www.salzburgerland.com\/de\/magazin\/wp-content\/uploads\/2019\/06\/salzburgerland-logo1.jpg","width":2011,"height":866,"caption":"SalzburgerLand Tourismus"},"image":{"@id":"https:\/\/www.salzburgerland.com\/de\/magazin\/#\/schema\/logo\/image\/"},"sameAs":["https:\/\/www.facebook.com\/salzburgerland\/","https:\/\/x.com\/Salzburgerland","https:\/\/www.instagram.com\/salzburgerland\/","https:\/\/at.linkedin.com\/company\/salzburgerland-tourismus-gmbh","https:\/\/www.pinterest.at\/salzburgerland\/","https:\/\/www.youtube.com\/user\/salzburgerland","https:\/\/de.wikipedia.org\/wiki\/SalzburgerLand_Tourismus_GmbH"]},{"@type":"Person","@id":"https:\/\/www.salzburgerland.com\/de\/magazin\/#\/schema\/person\/c8d118fb84adefa6fa30b3220457409a","name":"Christina Knauseder-Csipek","description":"Ob interessante Menschen, besondere Landstriche oder bedeutsame Orte: Geschichten von Land und Leuten liegen Christina als studierte Historikerin und Kommunikationswissenschaftlerin besonders am Herzen. In ihrer Freizeit ist sie am liebsten in der Natur unterwegs oder begibt sich mit einer Tasse Tee in der Hand in fremde (Buch-)Welten. Das SalzburgerLand hat die Redakteurin schon als Kind sch\u00e4tzen und lieben gelernt. Heute genie\u00dft sie dessen Sch\u00f6nheiten noch immer so oft wie m\u00f6glich, zieht ihre Kreise aber auch gerne mal etwas gr\u00f6\u00dfer. Freunde munkeln \u00fcber einen Schuss Zigeunerblut in ihren Adern. So tingelt sie am liebsten entweder mit dem Rucksack durch Asien oder mit dem alten VW-Bus quer durch Europa. Und \u00fcberall warten spannende Geschichten darauf, bemerkt und niedergeschrieben zu werden. Fr\u00fchling, Sommer, Herbst oder Winter? Als geb\u00fcrtiges \u201eHerbstkatzerl\u201c liegt mir diese Jahreszeit besonders am Herzen. So sehr ich auch Fr\u00fchling, Sommer und Winter genie\u00dfe, ein klarer, sonniger Herbsttag mit seiner opulenten Farbenpracht \u2013 das hat schon einen ganz besonderen Zauber. Luxushotel oder Almh\u00fctte? Klar lasse ich mich auch gerne mal in einem Luxushotel verw\u00f6hnen, alles andere w\u00e4re geschwindelt. Aber gegen ein bodenst\u00e4ndiges Reise-Erlebnis nah an der Natur, ob auf einer urigen Alm oder am spartanischen Campingplatz auf Korsika, tausche ich einen Luxus-Urlaub gerne ein. Jederzeit und immer wieder. Kr\u00e4utertee oder Zirbenschnaps? Ein Schnapserl in Ehren kann ich schwer verwehren, wobei auch da eher den selbstgemachten Nusschnaps vom Onkel als die Zirbe. Grunds\u00e4tzlich bin ich aber ein leidenschaftlicher Tee-Genie\u00dfer und fr\u00f6ne dieser Leidenschaft literweise. Ob Gr\u00fcntee, Kr\u00e4utertee oder ganz klassisch \u201eEarl Grey\u201c: Eine Tasse Tee ist f\u00fcr mich Entspannung und Antrieb gleicherma\u00dfen. Buch oder Film? Ich bin ein absoluter B\u00fccherwurm, von Kindesbeinen an. B\u00f6se Zungen behaupten, dieser Zeit (Lesen bei, naja, nicht immer optimalen Bedingungen) h\u00e4tte ich auch meine Fehlsichtigkeit zu verdanken. Ob \u201eDer Herr der Ringe\u201c oder \u201eGame of Thrones\u201c \u2013 vor allem in fantastischen Welten kann ich mich komplett verlieren. Guten Filmen bin ich trotzdem nicht abgeneigt, da haben es mir vor allem \u00f6sterreichische und d\u00e4nische Produktionen angetan. Meistens herrlich skurril und oft zum Br\u00fcllen komisch. Yoga oder Mountainbike Auch wenn ich\u00b4s mir fr\u00fcher nicht gedacht h\u00e4tte: Yoga ist wirklich eine geniale Sache. Das mehr auf Kraft ausgerichtete Ashtanga Yoga hat einen fixen Platz in meinem Wochenplan gefunden, obwohl meine eigentliche Leidenschaft den Pferden geh\u00f6rt. Grunds\u00e4tzlich bevorzuge ich sportliche Aktivit\u00e4ten unter freiem Himmel. Von Laufen bis hin zum Paragleiten ist da alles mit dabei.","url":"https:\/\/www.salzburgerland.com\/de\/magazin\/author\/christina-knauseder-csipek\/"}]}},"_wl_alt_label":[],"wl:entity_url":"http:\/\/open.salzburgerland.com\/magazin\/post\/culinary_art__salzburgs_erster_360_grad-kulinarik-kongress","_links":{"self":[{"href":"https:\/\/www.salzburgerland.com\/de\/magazin\/wp-json\/wp\/v2\/posts\/92595","targetHints":{"allow":["GET"]}}],"collection":[{"href":"https:\/\/www.salzburgerland.com\/de\/magazin\/wp-json\/wp\/v2\/posts"}],"about":[{"href":"https:\/\/www.salzburgerland.com\/de\/magazin\/wp-json\/wp\/v2\/types\/post"}],"author":[{"embeddable":true,"href":"https:\/\/www.salzburgerland.com\/de\/magazin\/wp-json\/wp\/v2\/users\/333"}],"replies":[{"embeddable":true,"href":"https:\/\/www.salzburgerland.com\/de\/magazin\/wp-json\/wp\/v2\/comments?post=92595"}],"version-history":[{"count":0,"href":"https:\/\/www.salzburgerland.com\/de\/magazin\/wp-json\/wp\/v2\/posts\/92595\/revisions"}],"wp:featuredmedia":[{"embeddable":true,"href":"https:\/\/www.salzburgerland.com\/de\/magazin\/wp-json\/wp\/v2\/media\/92599"}],"wp:attachment":[{"href":"https:\/\/www.salzburgerland.com\/de\/magazin\/wp-json\/wp\/v2\/media?parent=92595"}],"wp:term":[{"taxonomy":"category","embeddable":true,"href":"https:\/\/www.salzburgerland.com\/de\/magazin\/wp-json\/wp\/v2\/categories?post=92595"},{"taxonomy":"post_tag","embeddable":true,"href":"https:\/\/www.salzburgerland.com\/de\/magazin\/wp-json\/wp\/v2\/tags?post=92595"},{"taxonomy":"wl_entity_type","embeddable":true,"href":"https:\/\/www.salzburgerland.com\/de\/magazin\/wp-json\/wp\/v2\/wl_entity_type?post=92595"},{"taxonomy":"monatsauswahl","embeddable":true,"href":"https:\/\/www.salzburgerland.com\/de\/magazin\/wp-json\/wp\/v2\/monatsauswahl?post=92595"}],"curies":[{"name":"wp","href":"https:\/\/api.w.org\/{rel}","templated":true}]}}