{"id":92175,"date":"2014-10-14T18:39:57","date_gmt":"2014-10-14T16:39:57","guid":{"rendered":"http:\/\/magazin.salzburgerland.com\/?p=92175"},"modified":"2021-09-28T07:43:14","modified_gmt":"2021-09-28T05:43:14","slug":"wandern-ueber-dem-mattsee","status":"publish","type":"post","link":"https:\/\/www.salzburgerland.com\/de\/magazin\/wandern-ueber-dem-mattsee\/","title":{"rendered":"Wandern \u00fcber dem Mattsee"},"content":{"rendered":"\n<h2 class=\"wp-block-slt-subtitle\">Auf sechs Themenwegen den Buchberg erkunden<\/h2>\n\n\n\n<p class=\"wp-block-slt-intro\">Wandern kann man im SalzburgerLand nicht nur im Gebirge. Nein, auch im Flachland, genauer gesagt im Trumer-Seengebiet finden sich einige Wanderrouten, die mit ihren sanften Steigungen besonders f\u00fcr Familien und Genusswanderer geeignet sind.<\/p>\n\n\n\n<p>Der Buchberg in <a title=\"Mattsee\" href=\"http:\/\/www.mattsee.at\" target=\"_blank\" rel=\"noopener\">Mattsee<\/a> \u00fcberragt mit 801 Metern das <a title=\"Salzburger Seenland\" href=\"http:\/\/www.salzburger-seenland.at\/\" target=\"_blank\" rel=\"noopener\">Salzburger Seenland<\/a>. Schon von weitem kann man den sanften Berg erkennen. Sechs Themenwege f\u00fchren zum Gipfel und beschreiben das Leben und die Natur der Region. Zudem informiert der Gipfelweg die Wanderer \u00fcber verschiedene Themen, die den Berg betreffen.<\/p>\n\n\n\n<p>Die sechs Themenwege f\u00fchren sternenf\u00f6rmig hinauf zum Gipfel und sind mit gelben Wanderschildern markiert.<\/p>\n\n\n\n<h2 class=\"wp-block-heading\" id=\"h-der-bauernweg\">Der Bauernweg<\/h2>\n\n\n\n<p>&#8230;f\u00fchrt die Wanderer zur\u00fcck in die Zeit, als die Bauern noch nicht maschinenunterst\u00fctzt ihrer Arbeit nachgingen. Die Natur, der Mensch und der Glaube waren damals eine Einheit und diese Eindr\u00fccke werden auf dem Themenweg am Buchberg behandelt.<\/p>\n\n\n\n<h2 class=\"wp-block-heading\"><b>Der Kraftweg<\/b> <\/h2>\n\n\n\n<p>&#8230;besch\u00e4ftigt sich mit Energiepl\u00e4tzen und \u2013w\u00e4ssern. Er f\u00fchrt zu hallstattzeitlichen Gr\u00e4bern und gibt dem Wanderer Energie f\u00fcr den Sturm zum Gipfel<\/p>\n\n\n\n<h2 class=\"wp-block-heading\"><b>Der Sagenweg<\/b><\/h2>\n\n\n\n<p> &#8230;erz\u00e4hlt die Sagen und Mythen, die rund um den Buchberg herrschen. Er f\u00fchrt bis hinauf zur Wallmisch-Kapelle.<\/p>\n\n\n\n<h2 class=\"wp-block-heading\"><b>Der Vogelweg<\/b> <\/h2>\n\n\n\n<p>&#8230;erz\u00e4hlt \u00fcber die Vogelarten, die am Buchberg zu Hause sind. Man h\u00f6rt auch w\u00e4hrend der Wanderung im Wald oft das Klopfen der Spechte oder das den Ruf des Zipzalps.<\/p>\n\n\n\n<h2 class=\"wp-block-heading\"><b>Der Waldweg<\/b><\/h2>\n\n\n\n<p>&#8230;bringt den Wanderern den Wald n\u00e4her und erz\u00e4hlt \u00fcber dessen Funktion. Der Mischwald am Buchberg ist zum Beispiel Heimat vieler Tierarten und Erholungsgebiet f\u00fcr Menschen.<\/p>\n\n\n\n<h2 class=\"wp-block-heading\"><b>Der Wildgem\u00fcseweg<\/b> <\/h2>\n\n\n\n<p>&#8230;zeigt den Wanderern die vielen Gem\u00fcsesorten die am Rand wachsen. B\u00e4rlauch, Sauerampfer, L\u00f6wenzahn, Brennnessel und Brunnenkresse \u2013 all diese Gew\u00e4chsen werden vorgestellt und auch die Verwendung in der K\u00fcche wird hier erkl\u00e4rt.<\/p>\n\n\n\n<p>Alle sechs Wege m\u00fcnden im Gipfel-Rundwanderweg, mit einer herrlichen Aussicht auf die Umgebung, bis hinein zu den Alpen.<\/p>\n\n\n\n<p>An den Ausgangspunkten der einzelnen Themenwege kann man bequem parken. Von hier f\u00fchren die zirka 1-st\u00fcndigen Themenwanderungen sternf\u00f6rmig zum Gipfel-Rundweg. Es besteht aber auch die M\u00f6glichkeit, im Ort Mattsee oder beim Parkplatz Egelsee zu starten und den Buchberg auf einem Rundweg zu erwandern. Alle Themenwege sind mit den gelben Wanderwegschildern durchgehend markiert.<\/p>\n\n\n\n<p>Informationen und Wanderkarten findet man auf <a title=\"Mattsee\" href=\"http:\/\/www.mattsee.at\" target=\"_blank\" rel=\"noopener\">www.mattsee.at<\/a><\/p>\n\n\n<div class=\"mag-gallery\"><div class=\"row\"><div class=\"col-6 col-sm-4\"><figure><a class=\"thumb-container\" href=\"https:\/\/www.salzburgerland.com\/de\/magazin\/wp-content\/uploads\/2014\/10\/mattsee_wandern_0013-1280x1024.jpg\">\t<picture><source media=\"(min-width: 576px)\" srcset=\"https:\/\/www.salzburgerland.com\/de\/magazin\/wp-content\/uploads\/2014\/10\/mattsee_wandern_0013-325x209.jpg 325w, https:\/\/www.salzburgerland.com\/de\/magazin\/wp-content\/uploads\/2014\/10\/mattsee_wandern_0013-249x160.jpg 249w\"><\/source><source media=\"(min-width: 0)\" srcset=\"https:\/\/www.salzburgerland.com\/de\/magazin\/wp-content\/uploads\/2014\/10\/mattsee_wandern_0013-249x160.jpg 249w, https:\/\/www.salzburgerland.com\/de\/magazin\/wp-content\/uploads\/2014\/10\/mattsee_wandern_0013-325x209.jpg 325w\"><\/source><img decoding=\"async\" alt=\"Im Freien klettern Kinder auf hohe, senkrechte Holzpf&auml;hle; eine kleine Dinosaurier-Skulptur steht auf dem Rasen in der N&auml;he.\" src=\"https:\/\/www.salzburgerland.com\/de\/magazin\/wp-content\/uploads\/2014\/10\/mattsee_wandern_0013.jpg\">\t<\/picture><\/a><\/figure><\/div><div class=\"col-6 col-sm-4\"><figure><a class=\"thumb-container\" href=\"https:\/\/www.salzburgerland.com\/de\/magazin\/wp-content\/uploads\/2014\/10\/mattsee_wandern_0019-1280x1024.jpg\">\t<picture><source media=\"(min-width: 576px)\" srcset=\"https:\/\/www.salzburgerland.com\/de\/magazin\/wp-content\/uploads\/2014\/10\/mattsee_wandern_0019-325x209.jpg 325w, https:\/\/www.salzburgerland.com\/de\/magazin\/wp-content\/uploads\/2014\/10\/mattsee_wandern_0019-249x160.jpg 249w\"><\/source><source media=\"(min-width: 0)\" srcset=\"https:\/\/www.salzburgerland.com\/de\/magazin\/wp-content\/uploads\/2014\/10\/mattsee_wandern_0019-249x160.jpg 249w, https:\/\/www.salzburgerland.com\/de\/magazin\/wp-content\/uploads\/2014\/10\/mattsee_wandern_0019-325x209.jpg 325w\"><\/source><img decoding=\"async\" alt=\"Ausstellung von Pilzen und Schwarz-Wei&szlig;-Fotos im Freien auf einer Holztafel in der N&auml;he eines Waldwegs.\" src=\"https:\/\/www.salzburgerland.com\/de\/magazin\/wp-content\/uploads\/2014\/10\/mattsee_wandern_0019.jpg\">\t<\/picture><\/a><\/figure><\/div><div class=\"col-6 col-sm-4\"><figure><a class=\"thumb-container\" href=\"https:\/\/www.salzburgerland.com\/de\/magazin\/wp-content\/uploads\/2014\/10\/mattsee_wandern_0018-1280x1024.jpg\">\t<picture><source media=\"(min-width: 576px)\" srcset=\"https:\/\/www.salzburgerland.com\/de\/magazin\/wp-content\/uploads\/2014\/10\/mattsee_wandern_0018-325x209.jpg 325w, https:\/\/www.salzburgerland.com\/de\/magazin\/wp-content\/uploads\/2014\/10\/mattsee_wandern_0018-249x160.jpg 249w\"><\/source><source media=\"(min-width: 0)\" srcset=\"https:\/\/www.salzburgerland.com\/de\/magazin\/wp-content\/uploads\/2014\/10\/mattsee_wandern_0018-249x160.jpg 249w, https:\/\/www.salzburgerland.com\/de\/magazin\/wp-content\/uploads\/2014\/10\/mattsee_wandern_0018-325x209.jpg 325w\"><\/source><img decoding=\"async\" alt='Ein gelbes Wanderwegschild im Wald mit der Aufschrift \"Mattsee &uuml;ber Voglh&uuml;tte\", w&auml;hrend das Sonnenlicht durch die B&auml;ume f&auml;llt.' src=\"https:\/\/www.salzburgerland.com\/de\/magazin\/wp-content\/uploads\/2014\/10\/mattsee_wandern_0018.jpg\">\t<\/picture><\/a><\/figure><\/div><div class=\"col-6 col-sm-4\"><figure><a class=\"thumb-container\" href=\"https:\/\/www.salzburgerland.com\/de\/magazin\/wp-content\/uploads\/2014\/10\/mattsee_wandern_0017-1280x1024.jpg\">\t<picture><source media=\"(min-width: 576px)\" srcset=\"https:\/\/www.salzburgerland.com\/de\/magazin\/wp-content\/uploads\/2014\/10\/mattsee_wandern_0017-325x209.jpg 325w, https:\/\/www.salzburgerland.com\/de\/magazin\/wp-content\/uploads\/2014\/10\/mattsee_wandern_0017-249x160.jpg 249w\"><\/source><source media=\"(min-width: 0)\" srcset=\"https:\/\/www.salzburgerland.com\/de\/magazin\/wp-content\/uploads\/2014\/10\/mattsee_wandern_0017-249x160.jpg 249w, https:\/\/www.salzburgerland.com\/de\/magazin\/wp-content\/uploads\/2014\/10\/mattsee_wandern_0017-325x209.jpg 325w\"><\/source><img decoding=\"async\" alt=\"Kleine Holzkapelle mit einem Eingangstor, umgeben von Topfpflanzen, neben einer Wiese und B&auml;umen.\" src=\"https:\/\/www.salzburgerland.com\/de\/magazin\/wp-content\/uploads\/2014\/10\/mattsee_wandern_0017.jpg\">\t<\/picture><\/a><\/figure><\/div><div class=\"col-6 col-sm-4\"><figure><a class=\"thumb-container\" href=\"https:\/\/www.salzburgerland.com\/de\/magazin\/wp-content\/uploads\/2014\/10\/mattsee_wandern_0016-1280x1024.jpg\">\t<picture><source media=\"(min-width: 576px)\" srcset=\"https:\/\/www.salzburgerland.com\/de\/magazin\/wp-content\/uploads\/2014\/10\/mattsee_wandern_0016-325x209.jpg 325w, https:\/\/www.salzburgerland.com\/de\/magazin\/wp-content\/uploads\/2014\/10\/mattsee_wandern_0016-249x160.jpg 249w\"><\/source><source media=\"(min-width: 0)\" srcset=\"https:\/\/www.salzburgerland.com\/de\/magazin\/wp-content\/uploads\/2014\/10\/mattsee_wandern_0016-249x160.jpg 249w, https:\/\/www.salzburgerland.com\/de\/magazin\/wp-content\/uploads\/2014\/10\/mattsee_wandern_0016-325x209.jpg 325w\"><\/source><img decoding=\"async\" alt=\"Schild mit der Aufschrift Energieplatz Buchberg mit Text und Bildern, im Freien in der N&auml;he von B&auml;umen im Sonnenlicht aufgestellt.\" src=\"https:\/\/www.salzburgerland.com\/de\/magazin\/wp-content\/uploads\/2014\/10\/mattsee_wandern_0016.jpg\">\t<\/picture><\/a><\/figure><\/div><div class=\"col-6 col-sm-4\"><figure><a class=\"thumb-container\" href=\"https:\/\/www.salzburgerland.com\/de\/magazin\/wp-content\/uploads\/2014\/10\/mattsee_wandern_0015-1280x1024.jpg\">\t<picture><source media=\"(min-width: 576px)\" srcset=\"https:\/\/www.salzburgerland.com\/de\/magazin\/wp-content\/uploads\/2014\/10\/mattsee_wandern_0015-325x209.jpg 325w, https:\/\/www.salzburgerland.com\/de\/magazin\/wp-content\/uploads\/2014\/10\/mattsee_wandern_0015-249x160.jpg 249w\"><\/source><source media=\"(min-width: 0)\" srcset=\"https:\/\/www.salzburgerland.com\/de\/magazin\/wp-content\/uploads\/2014\/10\/mattsee_wandern_0015-249x160.jpg 249w, https:\/\/www.salzburgerland.com\/de\/magazin\/wp-content\/uploads\/2014\/10\/mattsee_wandern_0015-325x209.jpg 325w\"><\/source><img decoding=\"async\" alt=\"Ein Kind mit gr&uuml;ner M&uuml;tze sitzt auf einem Holzger&uuml;st, dahinter zwei Kinder und ein Erwachsener im Freien.\" src=\"https:\/\/www.salzburgerland.com\/de\/magazin\/wp-content\/uploads\/2014\/10\/mattsee_wandern_0015.jpg\">\t<\/picture><\/a><\/figure><\/div><div class=\"col-6 col-sm-4\"><figure><a class=\"thumb-container\" href=\"https:\/\/www.salzburgerland.com\/de\/magazin\/wp-content\/uploads\/2014\/10\/mattsee_wandern_0012-1280x1024.jpg\">\t<picture><source media=\"(min-width: 576px)\" srcset=\"https:\/\/www.salzburgerland.com\/de\/magazin\/wp-content\/uploads\/2014\/10\/mattsee_wandern_0012-325x209.jpg 325w, https:\/\/www.salzburgerland.com\/de\/magazin\/wp-content\/uploads\/2014\/10\/mattsee_wandern_0012-249x160.jpg 249w\"><\/source><source media=\"(min-width: 0)\" srcset=\"https:\/\/www.salzburgerland.com\/de\/magazin\/wp-content\/uploads\/2014\/10\/mattsee_wandern_0012-249x160.jpg 249w, https:\/\/www.salzburgerland.com\/de\/magazin\/wp-content\/uploads\/2014\/10\/mattsee_wandern_0012-325x209.jpg 325w\"><\/source><img decoding=\"async\" alt=\"Gro&szlig;e bunte Raupenskulptur mit bemalten Bl&auml;ttern, drau&szlig;en in einer nat&uuml;rlichen, bewaldeten Umgebung.\" src=\"https:\/\/www.salzburgerland.com\/de\/magazin\/wp-content\/uploads\/2014\/10\/mattsee_wandern_0012.jpg\">\t<\/picture><\/a><\/figure><\/div><div class=\"col-6 col-sm-4\"><figure><a class=\"thumb-container\" href=\"https:\/\/www.salzburgerland.com\/de\/magazin\/wp-content\/uploads\/2014\/10\/mattsee_wandern_0011-1280x1024.jpg\">\t<picture><source media=\"(min-width: 576px)\" srcset=\"https:\/\/www.salzburgerland.com\/de\/magazin\/wp-content\/uploads\/2014\/10\/mattsee_wandern_0011-325x209.jpg 325w, https:\/\/www.salzburgerland.com\/de\/magazin\/wp-content\/uploads\/2014\/10\/mattsee_wandern_0011-249x160.jpg 249w\"><\/source><source media=\"(min-width: 0)\" srcset=\"https:\/\/www.salzburgerland.com\/de\/magazin\/wp-content\/uploads\/2014\/10\/mattsee_wandern_0011-249x160.jpg 249w, https:\/\/www.salzburgerland.com\/de\/magazin\/wp-content\/uploads\/2014\/10\/mattsee_wandern_0011-325x209.jpg 325w\"><\/source><img decoding=\"async\" alt=\"Frau mit blondem Haar schaut durch ein Fernrohr auf eine gr&uuml;ne Landschaft und ferne Berge.\" src=\"https:\/\/www.salzburgerland.com\/de\/magazin\/wp-content\/uploads\/2014\/10\/mattsee_wandern_0011.jpg\">\t<\/picture><\/a><\/figure><\/div><div class=\"col-6 col-sm-4\"><figure><a class=\"thumb-container\" href=\"https:\/\/www.salzburgerland.com\/de\/magazin\/wp-content\/uploads\/2014\/10\/mattsee_wandern_0010-1280x1024.jpg\">\t<picture><source media=\"(min-width: 576px)\" srcset=\"https:\/\/www.salzburgerland.com\/de\/magazin\/wp-content\/uploads\/2014\/10\/mattsee_wandern_0010-325x209.jpg 325w, https:\/\/www.salzburgerland.com\/de\/magazin\/wp-content\/uploads\/2014\/10\/mattsee_wandern_0010-249x160.jpg 249w\"><\/source><source media=\"(min-width: 0)\" srcset=\"https:\/\/www.salzburgerland.com\/de\/magazin\/wp-content\/uploads\/2014\/10\/mattsee_wandern_0010-249x160.jpg 249w, https:\/\/www.salzburgerland.com\/de\/magazin\/wp-content\/uploads\/2014\/10\/mattsee_wandern_0010-325x209.jpg 325w\"><\/source><img decoding=\"async\" alt=\"Neblige Berge in der Ferne mit einem Wald von Herbstb&auml;umen im Vordergrund unter einem blauen Himmel.\" src=\"https:\/\/www.salzburgerland.com\/de\/magazin\/wp-content\/uploads\/2014\/10\/mattsee_wandern_0010.jpg\">\t<\/picture><\/a><\/figure><\/div><div class=\"col-6 col-sm-4\"><figure><a class=\"thumb-container\" href=\"https:\/\/www.salzburgerland.com\/de\/magazin\/wp-content\/uploads\/2014\/10\/mattsee_wandern_0009-1280x1024.jpg\">\t<picture><source media=\"(min-width: 576px)\" srcset=\"https:\/\/www.salzburgerland.com\/de\/magazin\/wp-content\/uploads\/2014\/10\/mattsee_wandern_0009-325x209.jpg 325w, https:\/\/www.salzburgerland.com\/de\/magazin\/wp-content\/uploads\/2014\/10\/mattsee_wandern_0009-249x160.jpg 249w\"><\/source><source media=\"(min-width: 0)\" srcset=\"https:\/\/www.salzburgerland.com\/de\/magazin\/wp-content\/uploads\/2014\/10\/mattsee_wandern_0009-249x160.jpg 249w, https:\/\/www.salzburgerland.com\/de\/magazin\/wp-content\/uploads\/2014\/10\/mattsee_wandern_0009-325x209.jpg 325w\"><\/source><img decoding=\"async\" alt=\"Ein malerischer Blick auf einen See, umgeben von gr&uuml;nen Feldern, B&auml;umen und fernen H&uuml;geln unter einem klaren blauen Himmel.\" src=\"https:\/\/www.salzburgerland.com\/de\/magazin\/wp-content\/uploads\/2014\/10\/mattsee_wandern_0009.jpg\">\t<\/picture><\/a><\/figure><\/div><div class=\"col-6 col-sm-4\"><figure><a class=\"thumb-container\" href=\"https:\/\/www.salzburgerland.com\/de\/magazin\/wp-content\/uploads\/2014\/10\/mattsee_wandern_0008-1280x1024.jpg\">\t<picture><source media=\"(min-width: 576px)\" srcset=\"https:\/\/www.salzburgerland.com\/de\/magazin\/wp-content\/uploads\/2014\/10\/mattsee_wandern_0008-325x209.jpg 325w, https:\/\/www.salzburgerland.com\/de\/magazin\/wp-content\/uploads\/2014\/10\/mattsee_wandern_0008-249x160.jpg 249w\"><\/source><source media=\"(min-width: 0)\" srcset=\"https:\/\/www.salzburgerland.com\/de\/magazin\/wp-content\/uploads\/2014\/10\/mattsee_wandern_0008-249x160.jpg 249w, https:\/\/www.salzburgerland.com\/de\/magazin\/wp-content\/uploads\/2014\/10\/mattsee_wandern_0008-325x209.jpg 325w\"><\/source><img decoding=\"async\" alt=\"Blick auf ein gr&uuml;nes Tal mit verstreuten B&auml;umen, entfernten Bergen und einem klaren blauen Himmel.\" src=\"https:\/\/www.salzburgerland.com\/de\/magazin\/wp-content\/uploads\/2014\/10\/mattsee_wandern_0008.jpg\">\t<\/picture><\/a><\/figure><\/div><div class=\"col-6 col-sm-4\"><figure><a class=\"thumb-container\" href=\"https:\/\/www.salzburgerland.com\/de\/magazin\/wp-content\/uploads\/2014\/10\/mattsee_wandern_0006-1280x1024.jpg\">\t<picture><source media=\"(min-width: 576px)\" srcset=\"https:\/\/www.salzburgerland.com\/de\/magazin\/wp-content\/uploads\/2014\/10\/mattsee_wandern_0006-325x209.jpg 325w, https:\/\/www.salzburgerland.com\/de\/magazin\/wp-content\/uploads\/2014\/10\/mattsee_wandern_0006-249x160.jpg 249w\"><\/source><source media=\"(min-width: 0)\" srcset=\"https:\/\/www.salzburgerland.com\/de\/magazin\/wp-content\/uploads\/2014\/10\/mattsee_wandern_0006-249x160.jpg 249w, https:\/\/www.salzburgerland.com\/de\/magazin\/wp-content\/uploads\/2014\/10\/mattsee_wandern_0006-325x209.jpg 325w\"><\/source><img decoding=\"async\" alt=\"Eine Frau geht mit ihrem Hund auf einem Kiesweg durch eine malerische, grasbewachsene H&uuml;gellandschaft mit B&auml;umen und fernen Bergen.\" src=\"https:\/\/www.salzburgerland.com\/de\/magazin\/wp-content\/uploads\/2014\/10\/mattsee_wandern_0006.jpg\">\t<\/picture><\/a><\/figure><\/div><div class=\"col-6 col-sm-4\"><figure><a class=\"thumb-container\" href=\"https:\/\/www.salzburgerland.com\/de\/magazin\/wp-content\/uploads\/2014\/10\/mattsee_wandern_0003-1280x1024.jpg\">\t<picture><source media=\"(min-width: 576px)\" srcset=\"https:\/\/www.salzburgerland.com\/de\/magazin\/wp-content\/uploads\/2014\/10\/mattsee_wandern_0003-325x209.jpg 325w, https:\/\/www.salzburgerland.com\/de\/magazin\/wp-content\/uploads\/2014\/10\/mattsee_wandern_0003-249x160.jpg 249w\"><\/source><source media=\"(min-width: 0)\" srcset=\"https:\/\/www.salzburgerland.com\/de\/magazin\/wp-content\/uploads\/2014\/10\/mattsee_wandern_0003-249x160.jpg 249w, https:\/\/www.salzburgerland.com\/de\/magazin\/wp-content\/uploads\/2014\/10\/mattsee_wandern_0003-325x209.jpg 325w\"><\/source><img decoding=\"async\" alt=\"Gr&uuml;ne Felder mit verstreuten H&auml;usern, H&uuml;gel im Hintergrund und ein kleiner Teich unter einem klaren blauen Himmel.\" src=\"https:\/\/www.salzburgerland.com\/de\/magazin\/wp-content\/uploads\/2014\/10\/mattsee_wandern_0003.jpg\">\t<\/picture><\/a><\/figure><\/div><div class=\"col-6 col-sm-4\"><figure><a class=\"thumb-container\" href=\"https:\/\/www.salzburgerland.com\/de\/magazin\/wp-content\/uploads\/2014\/10\/mattsee_wandern_0002-1280x1024.jpg\">\t<picture><source media=\"(min-width: 576px)\" srcset=\"https:\/\/www.salzburgerland.com\/de\/magazin\/wp-content\/uploads\/2014\/10\/mattsee_wandern_0002-325x209.jpg 325w, https:\/\/www.salzburgerland.com\/de\/magazin\/wp-content\/uploads\/2014\/10\/mattsee_wandern_0002-249x160.jpg 249w\"><\/source><source media=\"(min-width: 0)\" srcset=\"https:\/\/www.salzburgerland.com\/de\/magazin\/wp-content\/uploads\/2014\/10\/mattsee_wandern_0002-249x160.jpg 249w, https:\/\/www.salzburgerland.com\/de\/magazin\/wp-content\/uploads\/2014\/10\/mattsee_wandern_0002-325x209.jpg 325w\"><\/source><img decoding=\"async\" alt=\"Ein h&ouml;lzernes Schild in einem Wald zeigt Wanderrouten und Entfernungen in deutscher Sprache an, mit B&auml;umen im Hintergrund.\" src=\"https:\/\/www.salzburgerland.com\/de\/magazin\/wp-content\/uploads\/2014\/10\/mattsee_wandern_0002.jpg\">\t<\/picture><\/a><\/figure><\/div><div class=\"col-6 col-sm-4\"><figure><a class=\"thumb-container\" href=\"https:\/\/www.salzburgerland.com\/de\/magazin\/wp-content\/uploads\/2014\/10\/mattsee_wandern_0001-1280x1024.jpg\">\t<picture><source media=\"(min-width: 576px)\" srcset=\"https:\/\/www.salzburgerland.com\/de\/magazin\/wp-content\/uploads\/2014\/10\/mattsee_wandern_0001-325x209.jpg 325w, https:\/\/www.salzburgerland.com\/de\/magazin\/wp-content\/uploads\/2014\/10\/mattsee_wandern_0001-249x160.jpg 249w\"><\/source><source media=\"(min-width: 0)\" srcset=\"https:\/\/www.salzburgerland.com\/de\/magazin\/wp-content\/uploads\/2014\/10\/mattsee_wandern_0001-249x160.jpg 249w, https:\/\/www.salzburgerland.com\/de\/magazin\/wp-content\/uploads\/2014\/10\/mattsee_wandern_0001-325x209.jpg 325w\"><\/source><img decoding=\"async\" alt=\"Zwei Informationstafeln und eine Windm&uuml;hlenskulptur stehen auf einer grasbewachsenen Wiese mit H&uuml;geln im Hintergrund.\" src=\"https:\/\/www.salzburgerland.com\/de\/magazin\/wp-content\/uploads\/2014\/10\/mattsee_wandern_0001.jpg\">\t<\/picture><\/a><\/figure><\/div><div class=\"col-6 col-sm-4\"><figure><a class=\"thumb-container\" href=\"https:\/\/www.salzburgerland.com\/de\/magazin\/wp-content\/uploads\/2014\/10\/mattsee_wandern_0000-1280x1024.jpg\">\t<picture><source media=\"(min-width: 576px)\" srcset=\"https:\/\/www.salzburgerland.com\/de\/magazin\/wp-content\/uploads\/2014\/10\/mattsee_wandern_0000-325x209.jpg 325w, https:\/\/www.salzburgerland.com\/de\/magazin\/wp-content\/uploads\/2014\/10\/mattsee_wandern_0000-249x160.jpg 249w\"><\/source><source media=\"(min-width: 0)\" srcset=\"https:\/\/www.salzburgerland.com\/de\/magazin\/wp-content\/uploads\/2014\/10\/mattsee_wandern_0000-249x160.jpg 249w, https:\/\/www.salzburgerland.com\/de\/magazin\/wp-content\/uploads\/2014\/10\/mattsee_wandern_0000-325x209.jpg 325w\"><\/source><img decoding=\"async\" alt=\"Ein Dorf am See mit H&auml;usern, B&auml;umen und einer Kirche, umgeben von Wasser und sanften gr&uuml;nen H&uuml;geln unter einem blauen Himmel.\" src=\"https:\/\/www.salzburgerland.com\/de\/magazin\/wp-content\/uploads\/2014\/10\/mattsee_wandern_0000.jpg\">\t<\/picture><\/a><\/figure><\/div><\/div><figcaption><\/figcaption><\/div>\n","protected":false},"excerpt":{"rendered":"<p>Der Buchberg in Mattsee \u00fcberragt mit 801 Metern das Salzburger Seenland. Schon von weitem kann man den sanften Berg erkennen. Sechs Themenwege f\u00fchren zum Gipfel und beschreiben das Leben und die Natur der Region. Zudem informiert der Gipfelweg die Wanderer \u00fcber verschiedene Themen, die den Berg betreffen. Die sechs Themenwege f\u00fchren sternenf\u00f6rmig hinauf zum Gipfel [&hellip;]<\/p>\n","protected":false},"author":10,"featured_media":92180,"comment_status":"open","ping_status":"open","sticky":false,"template":"","format":"standard","meta":{"_acf_changed":false,"wl_entities_gutenberg":"","_wl_entity_redirect_enabled":"","footnotes":""},"categories":[9],"tags":[],"wl_entity_type":[306],"monatsauswahl":[85,86,87,88,89,90,91,92],"class_list":["post-92175","post","type-post","status-publish","format-standard","has-post-thumbnail","hentry","category-sehenswurdig","wl_entity_type-article","monatsauswahl-monat_4","monatsauswahl-monat_5","monatsauswahl-monat_6","monatsauswahl-monat_7","monatsauswahl-monat_8","monatsauswahl-monat_9","monatsauswahl-monat_10","monatsauswahl-monat_11"],"acf":[],"yoast_head":"<!-- This site is optimized with the Yoast SEO Premium plugin v27.4 (Yoast SEO v27.4) - https:\/\/yoast.com\/product\/yoast-seo-premium-wordpress\/ -->\n<title>Wandern \u00fcber dem Mattsee - SalzburgerLand Magazin<\/title>\n<meta name=\"description\" content=\"Wandern kann man im SalzburgerLand nicht nur im Gebirge. Nein, auch im Flachland, genauer gesagt im Trumer-Seengebiet finden sich einige Wanderrouten, die mit ihren sanften Steigungen besonders f\u00fcr Familien und Genusswanderer geeignet sind.\" \/>\n<meta name=\"robots\" content=\"index, follow, max-snippet:-1, max-image-preview:large, max-video-preview:-1\" \/>\n<link rel=\"canonical\" href=\"https:\/\/www.salzburgerland.com\/de\/magazin\/wandern-ueber-dem-mattsee\/\" \/>\n<meta property=\"og:locale\" content=\"de_DE\" \/>\n<meta property=\"og:type\" content=\"article\" \/>\n<meta property=\"og:title\" content=\"Wandern \u00fcber dem Mattsee\" \/>\n<meta property=\"og:description\" content=\"Der Buchberg in Mattsee \u00fcberragt mit 801 Metern das Salzburger Seenland. Schon von weitem kann man den sanften Berg erkennen. Sechs Themenwege f\u00fchren zum Gipfel und beschreiben das Leben und die Natur der Region. Zudem informiert der Gipfelweg die Wanderer \u00fcber verschiedene Themen, die den Berg betreffen. Die sechs Themenwege f\u00fchren sternenf\u00f6rmig hinauf zum Gipfel [&hellip;]\" \/>\n<meta property=\"og:url\" content=\"https:\/\/www.salzburgerland.com\/de\/magazin\/wandern-ueber-dem-mattsee\/\" \/>\n<meta property=\"og:site_name\" content=\"SalzburgerLand Magazin\" \/>\n<meta property=\"article:publisher\" content=\"https:\/\/www.facebook.com\/salzburgerland\/\" \/>\n<meta property=\"article:published_time\" content=\"2014-10-14T16:39:57+00:00\" \/>\n<meta property=\"article:modified_time\" content=\"2021-09-28T05:43:14+00:00\" \/>\n<meta property=\"og:image\" content=\"https:\/\/www.salzburgerland.com\/de\/magazin\/wp-content\/uploads\/2014\/10\/mattsee_wandern_0006.jpg\" \/>\n\t<meta property=\"og:image:width\" content=\"1600\" \/>\n\t<meta property=\"og:image:height\" content=\"1066\" \/>\n\t<meta property=\"og:image:type\" content=\"image\/jpeg\" \/>\n<meta name=\"author\" content=\"Heiko Mandl\" \/>\n<meta name=\"twitter:card\" content=\"summary_large_image\" \/>\n<meta name=\"twitter:creator\" content=\"@Salzburgerland\" \/>\n<meta name=\"twitter:site\" content=\"@Salzburgerland\" \/>\n<meta name=\"twitter:label1\" content=\"Verfasst von\" \/>\n\t<meta name=\"twitter:data1\" content=\"Heiko Mandl\" \/>\n\t<meta name=\"twitter:label2\" content=\"Gesch\u00e4tzte Lesezeit\" \/>\n\t<meta name=\"twitter:data2\" content=\"5\u00a0Minuten\" \/>\n<script type=\"application\/ld+json\" class=\"yoast-schema-graph\">{\"@context\":\"https:\\\/\\\/schema.org\",\"@graph\":[{\"@type\":\"Article\",\"@id\":\"https:\\\/\\\/www.salzburgerland.com\\\/de\\\/magazin\\\/wandern-ueber-dem-mattsee\\\/#article\",\"isPartOf\":{\"@id\":\"https:\\\/\\\/www.salzburgerland.com\\\/de\\\/magazin\\\/wandern-ueber-dem-mattsee\\\/\"},\"author\":{\"name\":\"Heiko Mandl\",\"@id\":\"https:\\\/\\\/www.salzburgerland.com\\\/de\\\/magazin\\\/#\\\/schema\\\/person\\\/8871c7c764fce6ea66752310e7fe9e98\"},\"headline\":\"Wandern \u00fcber dem Mattsee\",\"datePublished\":\"2014-10-14T16:39:57+00:00\",\"dateModified\":\"2021-09-28T05:43:14+00:00\",\"mainEntityOfPage\":{\"@id\":\"https:\\\/\\\/www.salzburgerland.com\\\/de\\\/magazin\\\/wandern-ueber-dem-mattsee\\\/\"},\"wordCount\":388,\"commentCount\":0,\"publisher\":{\"@id\":\"https:\\\/\\\/www.salzburgerland.com\\\/de\\\/magazin\\\/#organization\"},\"image\":{\"@id\":\"https:\\\/\\\/www.salzburgerland.com\\\/de\\\/magazin\\\/wandern-ueber-dem-mattsee\\\/#primaryimage\"},\"thumbnailUrl\":\"https:\\\/\\\/www.salzburgerland.com\\\/de\\\/magazin\\\/wp-content\\\/uploads\\\/2014\\\/10\\\/mattsee_wandern_0006.jpg\",\"articleSection\":[\"Sehensw\u00fcrdig\"],\"inLanguage\":\"de\",\"potentialAction\":[{\"@type\":\"CommentAction\",\"name\":\"Comment\",\"target\":[\"https:\\\/\\\/www.salzburgerland.com\\\/de\\\/magazin\\\/wandern-ueber-dem-mattsee\\\/#respond\"]}]},{\"@type\":\"WebPage\",\"@id\":\"https:\\\/\\\/www.salzburgerland.com\\\/de\\\/magazin\\\/wandern-ueber-dem-mattsee\\\/\",\"url\":\"https:\\\/\\\/www.salzburgerland.com\\\/de\\\/magazin\\\/wandern-ueber-dem-mattsee\\\/\",\"name\":\"Wandern \u00fcber dem Mattsee - SalzburgerLand Magazin\",\"isPartOf\":{\"@id\":\"https:\\\/\\\/www.salzburgerland.com\\\/de\\\/magazin\\\/#website\"},\"primaryImageOfPage\":{\"@id\":\"https:\\\/\\\/www.salzburgerland.com\\\/de\\\/magazin\\\/wandern-ueber-dem-mattsee\\\/#primaryimage\"},\"image\":{\"@id\":\"https:\\\/\\\/www.salzburgerland.com\\\/de\\\/magazin\\\/wandern-ueber-dem-mattsee\\\/#primaryimage\"},\"thumbnailUrl\":\"https:\\\/\\\/www.salzburgerland.com\\\/de\\\/magazin\\\/wp-content\\\/uploads\\\/2014\\\/10\\\/mattsee_wandern_0006.jpg\",\"datePublished\":\"2014-10-14T16:39:57+00:00\",\"dateModified\":\"2021-09-28T05:43:14+00:00\",\"breadcrumb\":{\"@id\":\"https:\\\/\\\/www.salzburgerland.com\\\/de\\\/magazin\\\/wandern-ueber-dem-mattsee\\\/#breadcrumb\"},\"inLanguage\":\"de\",\"potentialAction\":[{\"@type\":\"ReadAction\",\"target\":[\"https:\\\/\\\/www.salzburgerland.com\\\/de\\\/magazin\\\/wandern-ueber-dem-mattsee\\\/\"]}]},{\"@type\":\"ImageObject\",\"inLanguage\":\"de\",\"@id\":\"https:\\\/\\\/www.salzburgerland.com\\\/de\\\/magazin\\\/wandern-ueber-dem-mattsee\\\/#primaryimage\",\"url\":\"https:\\\/\\\/www.salzburgerland.com\\\/de\\\/magazin\\\/wp-content\\\/uploads\\\/2014\\\/10\\\/mattsee_wandern_0006.jpg\",\"contentUrl\":\"https:\\\/\\\/www.salzburgerland.com\\\/de\\\/magazin\\\/wp-content\\\/uploads\\\/2014\\\/10\\\/mattsee_wandern_0006.jpg\",\"width\":1600,\"height\":1066,\"caption\":\"Die Wege sind meist leicht zu begehen.\"},{\"@type\":\"BreadcrumbList\",\"@id\":\"https:\\\/\\\/www.salzburgerland.com\\\/de\\\/magazin\\\/wandern-ueber-dem-mattsee\\\/#breadcrumb\",\"itemListElement\":[{\"@type\":\"ListItem\",\"position\":1,\"name\":\"Startseite\",\"item\":\"https:\\\/\\\/www.salzburgerland.com\\\/de\\\/magazin\\\/\"},{\"@type\":\"ListItem\",\"position\":2,\"name\":\"Sehensw\u00fcrdig\",\"item\":\"https:\\\/\\\/www.salzburgerland.com\\\/de\\\/magazin\\\/thema\\\/sehenswurdig\\\/\"},{\"@type\":\"ListItem\",\"position\":3,\"name\":\"Wandern \u00fcber dem Mattsee\"}]},{\"@type\":\"WebSite\",\"@id\":\"https:\\\/\\\/www.salzburgerland.com\\\/de\\\/magazin\\\/#website\",\"url\":\"https:\\\/\\\/www.salzburgerland.com\\\/de\\\/magazin\\\/\",\"name\":\"SalzburgerLand Magazin\",\"description\":\"Geschichten und Interessantes aus dem SalzburgerLand\",\"publisher\":{\"@id\":\"https:\\\/\\\/www.salzburgerland.com\\\/de\\\/magazin\\\/#organization\"},\"potentialAction\":[{\"@type\":\"SearchAction\",\"target\":{\"@type\":\"EntryPoint\",\"urlTemplate\":\"https:\\\/\\\/www.salzburgerland.com\\\/de\\\/magazin\\\/?s={search_term_string}\"},\"query-input\":{\"@type\":\"PropertyValueSpecification\",\"valueRequired\":true,\"valueName\":\"search_term_string\"}}],\"inLanguage\":\"de\"},{\"@type\":\"Organization\",\"@id\":\"https:\\\/\\\/www.salzburgerland.com\\\/de\\\/magazin\\\/#organization\",\"name\":\"SalzburgerLand Tourismus\",\"url\":\"https:\\\/\\\/www.salzburgerland.com\\\/de\\\/magazin\\\/\",\"logo\":{\"@type\":\"ImageObject\",\"inLanguage\":\"de\",\"@id\":\"https:\\\/\\\/www.salzburgerland.com\\\/de\\\/magazin\\\/#\\\/schema\\\/logo\\\/image\\\/\",\"url\":\"https:\\\/\\\/www.salzburgerland.com\\\/de\\\/magazin\\\/wp-content\\\/uploads\\\/2019\\\/06\\\/salzburgerland-logo1.jpg\",\"contentUrl\":\"https:\\\/\\\/www.salzburgerland.com\\\/de\\\/magazin\\\/wp-content\\\/uploads\\\/2019\\\/06\\\/salzburgerland-logo1.jpg\",\"width\":2011,\"height\":866,\"caption\":\"SalzburgerLand Tourismus\"},\"image\":{\"@id\":\"https:\\\/\\\/www.salzburgerland.com\\\/de\\\/magazin\\\/#\\\/schema\\\/logo\\\/image\\\/\"},\"sameAs\":[\"https:\\\/\\\/www.facebook.com\\\/salzburgerland\\\/\",\"https:\\\/\\\/x.com\\\/Salzburgerland\",\"https:\\\/\\\/www.instagram.com\\\/salzburgerland\\\/\",\"https:\\\/\\\/at.linkedin.com\\\/company\\\/salzburgerland-tourismus-gmbh\",\"https:\\\/\\\/www.pinterest.at\\\/salzburgerland\\\/\",\"https:\\\/\\\/www.youtube.com\\\/user\\\/salzburgerland\",\"https:\\\/\\\/de.wikipedia.org\\\/wiki\\\/SalzburgerLand_Tourismus_GmbH\"]},{\"@type\":\"Person\",\"@id\":\"https:\\\/\\\/www.salzburgerland.com\\\/de\\\/magazin\\\/#\\\/schema\\\/person\\\/8871c7c764fce6ea66752310e7fe9e98\",\"name\":\"Heiko Mandl\",\"description\":\"Heiko Mandl, geboren 1976 in Salzburg, ist durch den Journalismus zur Fotografie gekommen und ist seit zehn Jahren als selbstst\u00e4ndiger Fotograf und Autor in Salzburg t\u00e4tig. Schon von Kindheit an haben ihn die Berge vor seiner Haust\u00fcr fasziniert. Heute z\u00e4hlen sie unter anderem zu seinem Arbeitsplatz. Er arbeitet f\u00fcr internationale Outdoor- und Reisemagazine sowie zahlreiche Firmen und Agenturen. Luxushotel oder Almh\u00fctte: Ich kann beides genie\u00dfen und ich gehe das nach dem Motto: Alles zur richtigen Zeit und zur passenden Gelegenheit an. Wandern oder Laufen: Auf jeden Fall wandern, ist gem\u00fctlicher und man kann sich mehr auf die Umgebung konzentrieren. Golfplatz oder Klettergarten: Klettergarten, zumindest noch die n\u00e4chsten 20 Jahre. Fr\u00fchling, sommer, herbst oder Winter? Fr\u00fchling und Sommer und Herbst und Winter! Im SalzburgerLand ist es das ganze Jahr traumhaft sch\u00f6n. Wellness oder Mountainbike? Zuerst eine Runde mit dem Mountainbike und dann ab in den Wellnesstempel. Das eine schlie\u00dft das andere nicht aus!\",\"url\":\"https:\\\/\\\/www.salzburgerland.com\\\/de\\\/magazin\\\/author\\\/heiko-mandl\\\/\"}]}<\/script>\n<!-- \/ Yoast SEO Premium plugin. -->","yoast_head_json":{"title":"Wandern \u00fcber dem Mattsee - SalzburgerLand Magazin","description":"Wandern kann man im SalzburgerLand nicht nur im Gebirge. Nein, auch im Flachland, genauer gesagt im Trumer-Seengebiet finden sich einige Wanderrouten, die mit ihren sanften Steigungen besonders f\u00fcr Familien und Genusswanderer geeignet sind.","robots":{"index":"index","follow":"follow","max-snippet":"max-snippet:-1","max-image-preview":"max-image-preview:large","max-video-preview":"max-video-preview:-1"},"canonical":"https:\/\/www.salzburgerland.com\/de\/magazin\/wandern-ueber-dem-mattsee\/","og_locale":"de_DE","og_type":"article","og_title":"Wandern \u00fcber dem Mattsee","og_description":"Der Buchberg in Mattsee \u00fcberragt mit 801 Metern das Salzburger Seenland. Schon von weitem kann man den sanften Berg erkennen. Sechs Themenwege f\u00fchren zum Gipfel und beschreiben das Leben und die Natur der Region. Zudem informiert der Gipfelweg die Wanderer \u00fcber verschiedene Themen, die den Berg betreffen. Die sechs Themenwege f\u00fchren sternenf\u00f6rmig hinauf zum Gipfel [&hellip;]","og_url":"https:\/\/www.salzburgerland.com\/de\/magazin\/wandern-ueber-dem-mattsee\/","og_site_name":"SalzburgerLand Magazin","article_publisher":"https:\/\/www.facebook.com\/salzburgerland\/","article_published_time":"2014-10-14T16:39:57+00:00","article_modified_time":"2021-09-28T05:43:14+00:00","og_image":[{"width":1600,"height":1066,"url":"https:\/\/www.salzburgerland.com\/de\/magazin\/wp-content\/uploads\/2014\/10\/mattsee_wandern_0006.jpg","type":"image\/jpeg"}],"author":"Heiko Mandl","twitter_card":"summary_large_image","twitter_creator":"@Salzburgerland","twitter_site":"@Salzburgerland","twitter_misc":{"Verfasst von":"Heiko Mandl","Gesch\u00e4tzte Lesezeit":"5\u00a0Minuten"},"schema":{"@context":"https:\/\/schema.org","@graph":[{"@type":"Article","@id":"https:\/\/www.salzburgerland.com\/de\/magazin\/wandern-ueber-dem-mattsee\/#article","isPartOf":{"@id":"https:\/\/www.salzburgerland.com\/de\/magazin\/wandern-ueber-dem-mattsee\/"},"author":{"name":"Heiko Mandl","@id":"https:\/\/www.salzburgerland.com\/de\/magazin\/#\/schema\/person\/8871c7c764fce6ea66752310e7fe9e98"},"headline":"Wandern \u00fcber dem Mattsee","datePublished":"2014-10-14T16:39:57+00:00","dateModified":"2021-09-28T05:43:14+00:00","mainEntityOfPage":{"@id":"https:\/\/www.salzburgerland.com\/de\/magazin\/wandern-ueber-dem-mattsee\/"},"wordCount":388,"commentCount":0,"publisher":{"@id":"https:\/\/www.salzburgerland.com\/de\/magazin\/#organization"},"image":{"@id":"https:\/\/www.salzburgerland.com\/de\/magazin\/wandern-ueber-dem-mattsee\/#primaryimage"},"thumbnailUrl":"https:\/\/www.salzburgerland.com\/de\/magazin\/wp-content\/uploads\/2014\/10\/mattsee_wandern_0006.jpg","articleSection":["Sehensw\u00fcrdig"],"inLanguage":"de","potentialAction":[{"@type":"CommentAction","name":"Comment","target":["https:\/\/www.salzburgerland.com\/de\/magazin\/wandern-ueber-dem-mattsee\/#respond"]}]},{"@type":"WebPage","@id":"https:\/\/www.salzburgerland.com\/de\/magazin\/wandern-ueber-dem-mattsee\/","url":"https:\/\/www.salzburgerland.com\/de\/magazin\/wandern-ueber-dem-mattsee\/","name":"Wandern \u00fcber dem Mattsee - SalzburgerLand Magazin","isPartOf":{"@id":"https:\/\/www.salzburgerland.com\/de\/magazin\/#website"},"primaryImageOfPage":{"@id":"https:\/\/www.salzburgerland.com\/de\/magazin\/wandern-ueber-dem-mattsee\/#primaryimage"},"image":{"@id":"https:\/\/www.salzburgerland.com\/de\/magazin\/wandern-ueber-dem-mattsee\/#primaryimage"},"thumbnailUrl":"https:\/\/www.salzburgerland.com\/de\/magazin\/wp-content\/uploads\/2014\/10\/mattsee_wandern_0006.jpg","datePublished":"2014-10-14T16:39:57+00:00","dateModified":"2021-09-28T05:43:14+00:00","breadcrumb":{"@id":"https:\/\/www.salzburgerland.com\/de\/magazin\/wandern-ueber-dem-mattsee\/#breadcrumb"},"inLanguage":"de","potentialAction":[{"@type":"ReadAction","target":["https:\/\/www.salzburgerland.com\/de\/magazin\/wandern-ueber-dem-mattsee\/"]}]},{"@type":"ImageObject","inLanguage":"de","@id":"https:\/\/www.salzburgerland.com\/de\/magazin\/wandern-ueber-dem-mattsee\/#primaryimage","url":"https:\/\/www.salzburgerland.com\/de\/magazin\/wp-content\/uploads\/2014\/10\/mattsee_wandern_0006.jpg","contentUrl":"https:\/\/www.salzburgerland.com\/de\/magazin\/wp-content\/uploads\/2014\/10\/mattsee_wandern_0006.jpg","width":1600,"height":1066,"caption":"Die Wege sind meist leicht zu begehen."},{"@type":"BreadcrumbList","@id":"https:\/\/www.salzburgerland.com\/de\/magazin\/wandern-ueber-dem-mattsee\/#breadcrumb","itemListElement":[{"@type":"ListItem","position":1,"name":"Startseite","item":"https:\/\/www.salzburgerland.com\/de\/magazin\/"},{"@type":"ListItem","position":2,"name":"Sehensw\u00fcrdig","item":"https:\/\/www.salzburgerland.com\/de\/magazin\/thema\/sehenswurdig\/"},{"@type":"ListItem","position":3,"name":"Wandern \u00fcber dem Mattsee"}]},{"@type":"WebSite","@id":"https:\/\/www.salzburgerland.com\/de\/magazin\/#website","url":"https:\/\/www.salzburgerland.com\/de\/magazin\/","name":"SalzburgerLand Magazin","description":"Geschichten und Interessantes aus dem SalzburgerLand","publisher":{"@id":"https:\/\/www.salzburgerland.com\/de\/magazin\/#organization"},"potentialAction":[{"@type":"SearchAction","target":{"@type":"EntryPoint","urlTemplate":"https:\/\/www.salzburgerland.com\/de\/magazin\/?s={search_term_string}"},"query-input":{"@type":"PropertyValueSpecification","valueRequired":true,"valueName":"search_term_string"}}],"inLanguage":"de"},{"@type":"Organization","@id":"https:\/\/www.salzburgerland.com\/de\/magazin\/#organization","name":"SalzburgerLand Tourismus","url":"https:\/\/www.salzburgerland.com\/de\/magazin\/","logo":{"@type":"ImageObject","inLanguage":"de","@id":"https:\/\/www.salzburgerland.com\/de\/magazin\/#\/schema\/logo\/image\/","url":"https:\/\/www.salzburgerland.com\/de\/magazin\/wp-content\/uploads\/2019\/06\/salzburgerland-logo1.jpg","contentUrl":"https:\/\/www.salzburgerland.com\/de\/magazin\/wp-content\/uploads\/2019\/06\/salzburgerland-logo1.jpg","width":2011,"height":866,"caption":"SalzburgerLand Tourismus"},"image":{"@id":"https:\/\/www.salzburgerland.com\/de\/magazin\/#\/schema\/logo\/image\/"},"sameAs":["https:\/\/www.facebook.com\/salzburgerland\/","https:\/\/x.com\/Salzburgerland","https:\/\/www.instagram.com\/salzburgerland\/","https:\/\/at.linkedin.com\/company\/salzburgerland-tourismus-gmbh","https:\/\/www.pinterest.at\/salzburgerland\/","https:\/\/www.youtube.com\/user\/salzburgerland","https:\/\/de.wikipedia.org\/wiki\/SalzburgerLand_Tourismus_GmbH"]},{"@type":"Person","@id":"https:\/\/www.salzburgerland.com\/de\/magazin\/#\/schema\/person\/8871c7c764fce6ea66752310e7fe9e98","name":"Heiko Mandl","description":"Heiko Mandl, geboren 1976 in Salzburg, ist durch den Journalismus zur Fotografie gekommen und ist seit zehn Jahren als selbstst\u00e4ndiger Fotograf und Autor in Salzburg t\u00e4tig. Schon von Kindheit an haben ihn die Berge vor seiner Haust\u00fcr fasziniert. Heute z\u00e4hlen sie unter anderem zu seinem Arbeitsplatz. Er arbeitet f\u00fcr internationale Outdoor- und Reisemagazine sowie zahlreiche Firmen und Agenturen. Luxushotel oder Almh\u00fctte: Ich kann beides genie\u00dfen und ich gehe das nach dem Motto: Alles zur richtigen Zeit und zur passenden Gelegenheit an. Wandern oder Laufen: Auf jeden Fall wandern, ist gem\u00fctlicher und man kann sich mehr auf die Umgebung konzentrieren. Golfplatz oder Klettergarten: Klettergarten, zumindest noch die n\u00e4chsten 20 Jahre. Fr\u00fchling, sommer, herbst oder Winter? Fr\u00fchling und Sommer und Herbst und Winter! Im SalzburgerLand ist es das ganze Jahr traumhaft sch\u00f6n. Wellness oder Mountainbike? Zuerst eine Runde mit dem Mountainbike und dann ab in den Wellnesstempel. Das eine schlie\u00dft das andere nicht aus!","url":"https:\/\/www.salzburgerland.com\/de\/magazin\/author\/heiko-mandl\/"}]}},"_wl_alt_label":[],"wl:entity_url":"http:\/\/open.salzburgerland.com\/magazin\/post\/wandern_ueber_dem_mattsee","_links":{"self":[{"href":"https:\/\/www.salzburgerland.com\/de\/magazin\/wp-json\/wp\/v2\/posts\/92175","targetHints":{"allow":["GET"]}}],"collection":[{"href":"https:\/\/www.salzburgerland.com\/de\/magazin\/wp-json\/wp\/v2\/posts"}],"about":[{"href":"https:\/\/www.salzburgerland.com\/de\/magazin\/wp-json\/wp\/v2\/types\/post"}],"author":[{"embeddable":true,"href":"https:\/\/www.salzburgerland.com\/de\/magazin\/wp-json\/wp\/v2\/users\/10"}],"replies":[{"embeddable":true,"href":"https:\/\/www.salzburgerland.com\/de\/magazin\/wp-json\/wp\/v2\/comments?post=92175"}],"version-history":[{"count":2,"href":"https:\/\/www.salzburgerland.com\/de\/magazin\/wp-json\/wp\/v2\/posts\/92175\/revisions"}],"predecessor-version":[{"id":157721,"href":"https:\/\/www.salzburgerland.com\/de\/magazin\/wp-json\/wp\/v2\/posts\/92175\/revisions\/157721"}],"wp:featuredmedia":[{"embeddable":true,"href":"https:\/\/www.salzburgerland.com\/de\/magazin\/wp-json\/wp\/v2\/media\/92180"}],"wp:attachment":[{"href":"https:\/\/www.salzburgerland.com\/de\/magazin\/wp-json\/wp\/v2\/media?parent=92175"}],"wp:term":[{"taxonomy":"category","embeddable":true,"href":"https:\/\/www.salzburgerland.com\/de\/magazin\/wp-json\/wp\/v2\/categories?post=92175"},{"taxonomy":"post_tag","embeddable":true,"href":"https:\/\/www.salzburgerland.com\/de\/magazin\/wp-json\/wp\/v2\/tags?post=92175"},{"taxonomy":"wl_entity_type","embeddable":true,"href":"https:\/\/www.salzburgerland.com\/de\/magazin\/wp-json\/wp\/v2\/wl_entity_type?post=92175"},{"taxonomy":"monatsauswahl","embeddable":true,"href":"https:\/\/www.salzburgerland.com\/de\/magazin\/wp-json\/wp\/v2\/monatsauswahl?post=92175"}],"curies":[{"name":"wp","href":"https:\/\/api.w.org\/{rel}","templated":true}]}}