{"id":91805,"date":"2014-10-20T08:00:33","date_gmt":"2014-10-20T06:00:33","guid":{"rendered":"http:\/\/magazin.salzburgerland.com\/?p=91805"},"modified":"2014-10-08T14:41:44","modified_gmt":"2014-10-08T12:41:44","slug":"salzburgs-versteckte-kirchen","status":"publish","type":"post","link":"https:\/\/www.salzburgerland.com\/de\/magazin\/salzburgs-versteckte-kirchen\/","title":{"rendered":"Salzburgs versteckte Kirchen"},"content":{"rendered":"<p>Wer bereits auf dem Festungsberg gestanden ist und die Aussicht auf die Stadt Salzburg von oben genossen hat, der wei\u00df, wieviele Kirchend\u00e4cher sich ihm entgegenstrecken. Neben dem Dom und der Franziskanerkirche gibt es aber auch so manche Kapelle, die selbst aus der Vogelperspektive versteckt bleibt.<\/p>\n<p><strong>Im Schatten des Salzburger Doms: Michaelskirche<\/strong><br \/>\nGegen\u00fcber des imposanten Doms befindet sich am Residenzplatz die kleine Michaelskirche. Sie geh\u00f6rt zum Stift Sankt Peter und ist die \u00e4lteste bis heute bestehende Kirche der Stadt Salzburg. Dennoch d\u00fcrfte sie wohl auch den meisten Salzburgern unbekannt sein, denn sie ist zwischen den umliegenden Geb\u00e4uden \u201eeingekeilt&#8220;.<br \/>\nDas war nicht immer so: Bis ins 12. Jahrhundert war die Michaelskirche gleichzeitig die kaiserliche Pfalzkapelle und Pfarrkirche der B\u00fcrgerschaft. Der obere Stock war dem Kaiser vorbehalten \u2013 die B\u00fcrger durften im unteren Stockwerk Platz nehmen. Durch die Verlegung des Marktes und des Gerichtssitzes verlor die Kirche allerdings im Sp\u00e4tmittelalter ihre gesellschaftliche Bedeutung.<\/p>\n<p><a href=\"https:\/\/www.salzburgerland.com\/de\/magazin\/wp-content\/uploads\/2014\/09\/Michaelskirche11.jpg\"><img loading=\"lazy\" decoding=\"async\" class=\"alignnone size-singlePost wp-image-91828\" alt=\"Im Schatten des Salzburger Doms.\" src=\"https:\/\/www.salzburgerland.com\/de\/magazin\/wp-content\/uploads\/2014\/09\/Michaelskirche11-650x435.jpg\" width=\"650\" height=\"435\" \/><\/a><\/p>\n<p><strong> Mozarts Lieblingskirche: St. Johannes am Imberg<\/strong><br \/>\nGut versteckt auf halbem Wege zwischen der Salzburger Steingasse und dem wilden Kapuzinerberg befindet sich die romantische St. Johannes Kirche. Kaum gr\u00f6\u00dfer als eine Kapelle blickt die Kirche doch auf eine lange Geschichte zur\u00fcck: Urkundlich wurde sie erstmals 1319 erw\u00e4hnt. Vielfach wird heute au\u00dferdem behauptet, dass sie die Lieblingskirche der Geschwister Mozart war. Daf\u00fcr gibt es zwar keinen Beleg \u2013 angesichts der wundersch\u00f6nen Lage der kleinen Kirche scheint es aber zumindest m\u00f6glich.<\/p>\n<p><a href=\"https:\/\/www.salzburgerland.com\/de\/magazin\/wp-content\/uploads\/2014\/09\/JohannesKirche1.jpg\"><img loading=\"lazy\" decoding=\"async\" class=\"alignnone size-singlePost wp-image-91813\" alt=\"Aussicht auf die Salzburger Festung von der St. Johannes Kirche aus.\" src=\"https:\/\/www.salzburgerland.com\/de\/magazin\/wp-content\/uploads\/2014\/09\/JohannesKirche1-650x435.jpg\" width=\"650\" height=\"435\" \/><\/a><\/p>\n<p><strong>Kollektivwerk gro\u00dfer K\u00fcnstler: Pfarrkirche Parsch<\/strong><br \/>\nDer moderne Bau in der Salzburger Neustadt ist auf den ersten Blick unauff\u00e4llig &#8211; und genau deshalb lohnt sich eine n\u00e4here Betrachtung \u2013 denn die Kirche in Parsch ist eines der wohl interessantesten Geb\u00e4ude moderner Architektur in Salzburg. Mit dem Bau um 1956 handelt es sich bei der Pfarrkirche Parsch um die erste moderne Kirche \u00d6sterreichs nach dem zweiten Weltkrieg. Die Liste der beteiligten Architekten liest sich wie ein Who-is-Who der modernen Architektur in \u00d6sterreich: ein Kruzifix von Fritz Wotruba \u00fcber dem Haupteingang, die Betonglasfenster von Josef Mikl, und Richard Kurt Fischer ritzte die Zeichnungen \u201eS\u00fcndenfall&#8220; und \u201eTaufe Christi&#8220; nach Entw\u00fcrfen von Oskar Kokoschka in den noch frischen Beton des Kirchenportals.<\/p>\n<div class=\"mag-gallery\"><div class=\"row\"><div class=\"col-6 col-sm-4\"><figure><a class=\"thumb-container\" href=\"https:\/\/www.salzburgerland.com\/de\/magazin\/wp-content\/uploads\/2014\/09\/Michaelskirche11-1280x1024.jpg\">\t<picture><source media=\"(min-width: 576px)\" srcset=\"https:\/\/www.salzburgerland.com\/de\/magazin\/wp-content\/uploads\/2014\/09\/Michaelskirche11-325x209.jpg 325w, https:\/\/www.salzburgerland.com\/de\/magazin\/wp-content\/uploads\/2014\/09\/Michaelskirche11-249x160.jpg 249w\" \/><source media=\"(min-width: 0)\" srcset=\"https:\/\/www.salzburgerland.com\/de\/magazin\/wp-content\/uploads\/2014\/09\/Michaelskirche11-249x160.jpg 249w, https:\/\/www.salzburgerland.com\/de\/magazin\/wp-content\/uploads\/2014\/09\/Michaelskirche11-325x209.jpg 325w\" \/><img decoding=\"async\" alt=\"Im Schatten des Salzburger Doms.\" src=\"https:\/\/www.salzburgerland.com\/de\/magazin\/wp-content\/uploads\/2014\/09\/Michaelskirche11.jpg\" \/>\t<\/picture><\/a><\/figure><\/div><div class=\"col-6 col-sm-4\"><figure><a class=\"thumb-container\" href=\"https:\/\/www.salzburgerland.com\/de\/magazin\/wp-content\/uploads\/2014\/09\/Michaelskirche-1280x1024.jpg\">\t<picture><source media=\"(min-width: 576px)\" srcset=\"https:\/\/www.salzburgerland.com\/de\/magazin\/wp-content\/uploads\/2014\/09\/Michaelskirche-325x209.jpg 325w, https:\/\/www.salzburgerland.com\/de\/magazin\/wp-content\/uploads\/2014\/09\/Michaelskirche-249x160.jpg 249w\" \/><source media=\"(min-width: 0)\" srcset=\"https:\/\/www.salzburgerland.com\/de\/magazin\/wp-content\/uploads\/2014\/09\/Michaelskirche-249x160.jpg 249w, https:\/\/www.salzburgerland.com\/de\/magazin\/wp-content\/uploads\/2014\/09\/Michaelskirche-325x209.jpg 325w\" \/><img decoding=\"async\" alt=\"Kaum sichtbar ist die St. Michaels Kirche am Residenzplatz.\" src=\"https:\/\/www.salzburgerland.com\/de\/magazin\/wp-content\/uploads\/2014\/09\/Michaelskirche.jpg\" \/>\t<\/picture><\/a><\/figure><\/div><div class=\"col-6 col-sm-4\"><figure><a class=\"thumb-container\" href=\"https:\/\/www.salzburgerland.com\/de\/magazin\/wp-content\/uploads\/2014\/09\/Michaelskirche2-1280x1024.jpg\">\t<picture><source media=\"(min-width: 576px)\" srcset=\"\" \/><source media=\"(min-width: 0)\" srcset=\"https:\/\/www.salzburgerland.com\/de\/magazin\/wp-content\/uploads\/2014\/09\/Michaelskirche2.jpg 1066w, https:\/\/www.salzburgerland.com\/de\/magazin\/wp-content\/uploads\/2014\/09\/Michaelskirche2-200x300.jpg 200w, https:\/\/www.salzburgerland.com\/de\/magazin\/wp-content\/uploads\/2014\/09\/Michaelskirche2-366x550.jpg 366w, https:\/\/www.salzburgerland.com\/de\/magazin\/wp-content\/uploads\/2014\/09\/Michaelskirche2-267x400.jpg 267w\" \/><img decoding=\"async\" alt=\"Kaum sichtbar ist die St. Michaels Kirche am Residenzplatz.\" src=\"https:\/\/www.salzburgerland.com\/de\/magazin\/wp-content\/uploads\/2014\/09\/Michaelskirche2.jpg\" \/>\t<\/picture><\/a><\/figure><\/div><div class=\"col-6 col-sm-4\"><figure><a class=\"thumb-container\" href=\"https:\/\/www.salzburgerland.com\/de\/magazin\/wp-content\/uploads\/2014\/09\/Johanneskirche4-1280x1024.jpg\">\t<picture><source media=\"(min-width: 576px)\" srcset=\"\" \/><source media=\"(min-width: 0)\" srcset=\"https:\/\/www.salzburgerland.com\/de\/magazin\/wp-content\/uploads\/2014\/09\/Johanneskirche4.jpg 1063w, https:\/\/www.salzburgerland.com\/de\/magazin\/wp-content\/uploads\/2014\/09\/Johanneskirche4-200x300.jpg 200w, https:\/\/www.salzburgerland.com\/de\/magazin\/wp-content\/uploads\/2014\/09\/Johanneskirche4-367x550.jpg 367w, https:\/\/www.salzburgerland.com\/de\/magazin\/wp-content\/uploads\/2014\/09\/Johanneskirche4-267x400.jpg 267w\" \/><img decoding=\"async\" alt=\"Versteckt am Imberg ist die Johanneskirche.\" src=\"https:\/\/www.salzburgerland.com\/de\/magazin\/wp-content\/uploads\/2014\/09\/Johanneskirche4.jpg\" \/>\t<\/picture><\/a><\/figure><\/div><div class=\"col-6 col-sm-4\"><figure><a class=\"thumb-container\" href=\"https:\/\/www.salzburgerland.com\/de\/magazin\/wp-content\/uploads\/2014\/09\/JohannesKirche1-1280x1024.jpg\">\t<picture><source media=\"(min-width: 576px)\" srcset=\"\" \/><source media=\"(min-width: 0)\" srcset=\"https:\/\/www.salzburgerland.com\/de\/magazin\/wp-content\/uploads\/2014\/09\/JohannesKirche1.jpg 1063w, https:\/\/www.salzburgerland.com\/de\/magazin\/wp-content\/uploads\/2014\/09\/JohannesKirche1-200x300.jpg 200w, https:\/\/www.salzburgerland.com\/de\/magazin\/wp-content\/uploads\/2014\/09\/JohannesKirche1-367x550.jpg 367w, https:\/\/www.salzburgerland.com\/de\/magazin\/wp-content\/uploads\/2014\/09\/JohannesKirche1-267x400.jpg 267w\" \/><img decoding=\"async\" alt=\"Aussicht auf die Salzburger Festung von der St. Johannes Kirche aus.\" src=\"https:\/\/www.salzburgerland.com\/de\/magazin\/wp-content\/uploads\/2014\/09\/JohannesKirche1.jpg\" \/>\t<\/picture><\/a><\/figure><\/div><div class=\"col-6 col-sm-4\"><figure><a class=\"thumb-container\" href=\"https:\/\/www.salzburgerland.com\/de\/magazin\/wp-content\/uploads\/2014\/09\/Johanneskirche8-1280x1024.jpg\">\t<picture><source media=\"(min-width: 576px)\" srcset=\"https:\/\/www.salzburgerland.com\/de\/magazin\/wp-content\/uploads\/2014\/09\/Johanneskirche8-325x209.jpg 325w, https:\/\/www.salzburgerland.com\/de\/magazin\/wp-content\/uploads\/2014\/09\/Johanneskirche8-249x160.jpg 249w\" \/><source media=\"(min-width: 0)\" srcset=\"https:\/\/www.salzburgerland.com\/de\/magazin\/wp-content\/uploads\/2014\/09\/Johanneskirche8-249x160.jpg 249w, https:\/\/www.salzburgerland.com\/de\/magazin\/wp-content\/uploads\/2014\/09\/Johanneskirche8-325x209.jpg 325w\" \/><img decoding=\"async\" alt=\"Wer in der Johanneskirche in die Messe gehen will, kann das jeden Mittwoch tun.\" src=\"https:\/\/www.salzburgerland.com\/de\/magazin\/wp-content\/uploads\/2014\/09\/Johanneskirche8.jpg\" \/>\t<\/picture><\/a><\/figure><\/div><div class=\"col-6 col-sm-4\"><figure><a class=\"thumb-container\" href=\"https:\/\/www.salzburgerland.com\/de\/magazin\/wp-content\/uploads\/2014\/09\/Johanneskirche6-1280x1024.jpg\">\t<picture><source media=\"(min-width: 576px)\" srcset=\"\" \/><source media=\"(min-width: 0)\" srcset=\"https:\/\/www.salzburgerland.com\/de\/magazin\/wp-content\/uploads\/2014\/09\/Johanneskirche6.jpg 1063w, https:\/\/www.salzburgerland.com\/de\/magazin\/wp-content\/uploads\/2014\/09\/Johanneskirche6-250x300.jpg 250w, https:\/\/www.salzburgerland.com\/de\/magazin\/wp-content\/uploads\/2014\/09\/Johanneskirche6-458x550.jpg 458w, https:\/\/www.salzburgerland.com\/de\/magazin\/wp-content\/uploads\/2014\/09\/Johanneskirche6-333x400.jpg 333w\" \/><img decoding=\"async\" alt=\"Gedicht eines Unbekannten an der T\u00fcr der St. Johannes Kirche.\" src=\"https:\/\/www.salzburgerland.com\/de\/magazin\/wp-content\/uploads\/2014\/09\/Johanneskirche6.jpg\" \/>\t<\/picture><\/a><\/figure><\/div><div class=\"col-6 col-sm-4\"><figure><a class=\"thumb-container\" href=\"https:\/\/www.salzburgerland.com\/de\/magazin\/wp-content\/uploads\/2014\/09\/Johanneskirche3-1280x1024.jpg\">\t<picture><source media=\"(min-width: 576px)\" srcset=\"\" \/><source media=\"(min-width: 0)\" srcset=\"https:\/\/www.salzburgerland.com\/de\/magazin\/wp-content\/uploads\/2014\/09\/Johanneskirche3.jpg 1066w, https:\/\/www.salzburgerland.com\/de\/magazin\/wp-content\/uploads\/2014\/09\/Johanneskirche3-200x300.jpg 200w, https:\/\/www.salzburgerland.com\/de\/magazin\/wp-content\/uploads\/2014\/09\/Johanneskirche3-366x550.jpg 366w, https:\/\/www.salzburgerland.com\/de\/magazin\/wp-content\/uploads\/2014\/09\/Johanneskirche3-267x400.jpg 267w\" \/><img decoding=\"async\" alt=\"Versteckt am Imberg ist die Johanneskriche.\" src=\"https:\/\/www.salzburgerland.com\/de\/magazin\/wp-content\/uploads\/2014\/09\/Johanneskirche3.jpg\" \/>\t<\/picture><\/a><\/figure><\/div><div class=\"col-6 col-sm-4\"><figure><a class=\"thumb-container\" href=\"https:\/\/www.salzburgerland.com\/de\/magazin\/wp-content\/uploads\/2014\/09\/Parsch4-1280x1024.jpg\">\t<picture><source media=\"(min-width: 576px)\" srcset=\"https:\/\/www.salzburgerland.com\/de\/magazin\/wp-content\/uploads\/2014\/09\/Parsch4-325x209.jpg 325w, https:\/\/www.salzburgerland.com\/de\/magazin\/wp-content\/uploads\/2014\/09\/Parsch4-249x160.jpg 249w\" \/><source media=\"(min-width: 0)\" srcset=\"https:\/\/www.salzburgerland.com\/de\/magazin\/wp-content\/uploads\/2014\/09\/Parsch4-249x160.jpg 249w, https:\/\/www.salzburgerland.com\/de\/magazin\/wp-content\/uploads\/2014\/09\/Parsch4-325x209.jpg 325w\" \/><img decoding=\"async\" alt=\"Interessant ist das &quot;Innenleben&quot; der Pfarrkirche Parsch.\" src=\"https:\/\/www.salzburgerland.com\/de\/magazin\/wp-content\/uploads\/2014\/09\/Parsch4.jpg\" \/>\t<\/picture><\/a><\/figure><\/div><div class=\"col-6 col-sm-4\"><figure><a class=\"thumb-container\" href=\"https:\/\/www.salzburgerland.com\/de\/magazin\/wp-content\/uploads\/2014\/09\/Parsch3-1280x1024.jpg\">\t<picture><source media=\"(min-width: 576px)\" srcset=\"https:\/\/www.salzburgerland.com\/de\/magazin\/wp-content\/uploads\/2014\/09\/Parsch3-325x209.jpg 325w, https:\/\/www.salzburgerland.com\/de\/magazin\/wp-content\/uploads\/2014\/09\/Parsch3-249x160.jpg 249w\" \/><source media=\"(min-width: 0)\" srcset=\"https:\/\/www.salzburgerland.com\/de\/magazin\/wp-content\/uploads\/2014\/09\/Parsch3-249x160.jpg 249w, https:\/\/www.salzburgerland.com\/de\/magazin\/wp-content\/uploads\/2014\/09\/Parsch3-325x209.jpg 325w\" \/><img decoding=\"async\" alt=\"Aus einem alten Gutshof entstand die heutige Pfarrkirche Parsch.\" src=\"https:\/\/www.salzburgerland.com\/de\/magazin\/wp-content\/uploads\/2014\/09\/Parsch3.jpg\" \/>\t<\/picture><\/a><\/figure><\/div><div class=\"col-6 col-sm-4\"><figure><a class=\"thumb-container\" href=\"https:\/\/www.salzburgerland.com\/de\/magazin\/wp-content\/uploads\/2014\/09\/Parsch1-1280x1024.jpg\">\t<picture><source media=\"(min-width: 576px)\" srcset=\"https:\/\/www.salzburgerland.com\/de\/magazin\/wp-content\/uploads\/2014\/09\/Parsch1-325x209.jpg 325w, https:\/\/www.salzburgerland.com\/de\/magazin\/wp-content\/uploads\/2014\/09\/Parsch1-249x160.jpg 249w\" \/><source media=\"(min-width: 0)\" srcset=\"https:\/\/www.salzburgerland.com\/de\/magazin\/wp-content\/uploads\/2014\/09\/Parsch1-249x160.jpg 249w, https:\/\/www.salzburgerland.com\/de\/magazin\/wp-content\/uploads\/2014\/09\/Parsch1-325x209.jpg 325w\" \/><img decoding=\"async\" alt=\"Aus einem alten Gutshof entstand die heutige Pfarrkirche Parsch.\" src=\"https:\/\/www.salzburgerland.com\/de\/magazin\/wp-content\/uploads\/2014\/09\/Parsch1.jpg\" \/>\t<\/picture><\/a><\/figure><\/div><\/div><\/div><figcaption><\/figcaption>\n","protected":false},"excerpt":{"rendered":"<p>Wer bereits auf dem Festungsberg gestanden ist und die Aussicht auf die Stadt Salzburg von oben genossen hat, der wei\u00df, wieviele Kirchend\u00e4cher sich ihm entgegenstrecken. Neben dem Dom und der Franziskanerkirche gibt es aber auch so manche Kapelle, die selbst aus der Vogelperspektive versteckt bleibt. Im Schatten des Salzburger Doms: Michaelskirche Gegen\u00fcber des imposanten Doms [&hellip;]<\/p>\n","protected":false},"author":488,"featured_media":91814,"comment_status":"open","ping_status":"open","sticky":false,"template":"","format":"standard","meta":{"_acf_changed":false,"wl_entities_gutenberg":"","_wl_entity_redirect_enabled":"","footnotes":""},"categories":[6],"tags":[],"wl_entity_type":[306],"monatsauswahl":[],"class_list":["post-91805","post","type-post","status-publish","format-standard","has-post-thumbnail","hentry","category-kunst-kultur","wl_entity_type-article"],"acf":[],"yoast_head":"<!-- This site is optimized with the Yoast SEO Premium plugin v27.4 (Yoast SEO v27.4) - https:\/\/yoast.com\/product\/yoast-seo-premium-wordpress\/ -->\n<title>Salzburgs versteckte Kirchen - SalzburgerLand Magazin<\/title>\n<meta name=\"description\" content=\"Wer bereits auf dem Festungsberg gestanden ist und die Aussicht auf die Stadt Salzburg von oben genossen hat, der wei\u00df, wieviele Kirchend\u00e4cher sich ihm entgegenstrecken. Neben dem Dom und der Franziskanerkirche gibt es aber auch so manche Kapelle, die selbst aus der Vogelperspektive versteckt bleibt. Im Schatten des Salzburger Doms: Michaelskirche Gegen\u00fcber des imposanten Doms [&hellip;]\" \/>\n<meta name=\"robots\" content=\"index, follow, max-snippet:-1, max-image-preview:large, max-video-preview:-1\" \/>\n<link rel=\"canonical\" href=\"https:\/\/www.salzburgerland.com\/de\/magazin\/salzburgs-versteckte-kirchen\/\" \/>\n<meta property=\"og:locale\" content=\"de_DE\" \/>\n<meta property=\"og:type\" content=\"article\" \/>\n<meta property=\"og:title\" content=\"Salzburgs versteckte Kirchen\" \/>\n<meta property=\"og:description\" content=\"Wer bereits auf dem Festungsberg gestanden ist und die Aussicht auf die Stadt Salzburg von oben genossen hat, der wei\u00df, wieviele Kirchend\u00e4cher sich ihm entgegenstrecken. Neben dem Dom und der Franziskanerkirche gibt es aber auch so manche Kapelle, die selbst aus der Vogelperspektive versteckt bleibt. Im Schatten des Salzburger Doms: Michaelskirche Gegen\u00fcber des imposanten Doms [&hellip;]\" \/>\n<meta property=\"og:url\" content=\"https:\/\/www.salzburgerland.com\/de\/magazin\/salzburgs-versteckte-kirchen\/\" \/>\n<meta property=\"og:site_name\" content=\"SalzburgerLand Magazin\" \/>\n<meta property=\"article:publisher\" content=\"https:\/\/www.facebook.com\/salzburgerland\/\" \/>\n<meta property=\"article:author\" content=\"www.facebook.com\/fraeuleinflora\" \/>\n<meta property=\"article:published_time\" content=\"2014-10-20T06:00:33+00:00\" \/>\n<meta property=\"og:image\" content=\"https:\/\/www.salzburgerland.com\/de\/magazin\/wp-content\/uploads\/2014\/09\/Johanneskirche3.jpg\" \/>\n\t<meta property=\"og:image:width\" content=\"1066\" \/>\n\t<meta property=\"og:image:height\" content=\"1600\" \/>\n\t<meta property=\"og:image:type\" content=\"image\/jpeg\" \/>\n<meta name=\"author\" content=\"Eva Krallinger\" \/>\n<meta name=\"twitter:card\" content=\"summary_large_image\" \/>\n<meta name=\"twitter:creator\" content=\"@keeeva\" \/>\n<meta name=\"twitter:site\" content=\"@Salzburgerland\" \/>\n<meta name=\"twitter:label1\" content=\"Verfasst von\" \/>\n\t<meta name=\"twitter:data1\" content=\"Eva Krallinger\" \/>\n\t<meta name=\"twitter:label2\" content=\"Gesch\u00e4tzte Lesezeit\" \/>\n\t<meta name=\"twitter:data2\" content=\"2\u00a0Minuten\" \/>\n<script type=\"application\/ld+json\" class=\"yoast-schema-graph\">{\"@context\":\"https:\\\/\\\/schema.org\",\"@graph\":[{\"@type\":\"Article\",\"@id\":\"https:\\\/\\\/www.salzburgerland.com\\\/de\\\/magazin\\\/salzburgs-versteckte-kirchen\\\/#article\",\"isPartOf\":{\"@id\":\"https:\\\/\\\/www.salzburgerland.com\\\/de\\\/magazin\\\/salzburgs-versteckte-kirchen\\\/\"},\"author\":{\"name\":\"Eva Krallinger\",\"@id\":\"https:\\\/\\\/www.salzburgerland.com\\\/de\\\/magazin\\\/#\\\/schema\\\/person\\\/ae3e7554e48d7c28b7f7f64f0ea3c635\"},\"headline\":\"Salzburgs versteckte Kirchen\",\"datePublished\":\"2014-10-20T06:00:33+00:00\",\"mainEntityOfPage\":{\"@id\":\"https:\\\/\\\/www.salzburgerland.com\\\/de\\\/magazin\\\/salzburgs-versteckte-kirchen\\\/\"},\"wordCount\":365,\"commentCount\":0,\"publisher\":{\"@id\":\"https:\\\/\\\/www.salzburgerland.com\\\/de\\\/magazin\\\/#organization\"},\"image\":{\"@id\":\"https:\\\/\\\/www.salzburgerland.com\\\/de\\\/magazin\\\/salzburgs-versteckte-kirchen\\\/#primaryimage\"},\"thumbnailUrl\":\"https:\\\/\\\/www.salzburgerland.com\\\/de\\\/magazin\\\/wp-content\\\/uploads\\\/2014\\\/09\\\/Johanneskirche3.jpg\",\"articleSection\":[\"Kunst &amp; Kultur\"],\"inLanguage\":\"de\",\"potentialAction\":[{\"@type\":\"CommentAction\",\"name\":\"Comment\",\"target\":[\"https:\\\/\\\/www.salzburgerland.com\\\/de\\\/magazin\\\/salzburgs-versteckte-kirchen\\\/#respond\"]}]},{\"@type\":\"WebPage\",\"@id\":\"https:\\\/\\\/www.salzburgerland.com\\\/de\\\/magazin\\\/salzburgs-versteckte-kirchen\\\/\",\"url\":\"https:\\\/\\\/www.salzburgerland.com\\\/de\\\/magazin\\\/salzburgs-versteckte-kirchen\\\/\",\"name\":\"Salzburgs versteckte Kirchen - SalzburgerLand Magazin\",\"isPartOf\":{\"@id\":\"https:\\\/\\\/www.salzburgerland.com\\\/de\\\/magazin\\\/#website\"},\"primaryImageOfPage\":{\"@id\":\"https:\\\/\\\/www.salzburgerland.com\\\/de\\\/magazin\\\/salzburgs-versteckte-kirchen\\\/#primaryimage\"},\"image\":{\"@id\":\"https:\\\/\\\/www.salzburgerland.com\\\/de\\\/magazin\\\/salzburgs-versteckte-kirchen\\\/#primaryimage\"},\"thumbnailUrl\":\"https:\\\/\\\/www.salzburgerland.com\\\/de\\\/magazin\\\/wp-content\\\/uploads\\\/2014\\\/09\\\/Johanneskirche3.jpg\",\"datePublished\":\"2014-10-20T06:00:33+00:00\",\"breadcrumb\":{\"@id\":\"https:\\\/\\\/www.salzburgerland.com\\\/de\\\/magazin\\\/salzburgs-versteckte-kirchen\\\/#breadcrumb\"},\"inLanguage\":\"de\",\"potentialAction\":[{\"@type\":\"ReadAction\",\"target\":[\"https:\\\/\\\/www.salzburgerland.com\\\/de\\\/magazin\\\/salzburgs-versteckte-kirchen\\\/\"]}]},{\"@type\":\"ImageObject\",\"inLanguage\":\"de\",\"@id\":\"https:\\\/\\\/www.salzburgerland.com\\\/de\\\/magazin\\\/salzburgs-versteckte-kirchen\\\/#primaryimage\",\"url\":\"https:\\\/\\\/www.salzburgerland.com\\\/de\\\/magazin\\\/wp-content\\\/uploads\\\/2014\\\/09\\\/Johanneskirche3.jpg\",\"contentUrl\":\"https:\\\/\\\/www.salzburgerland.com\\\/de\\\/magazin\\\/wp-content\\\/uploads\\\/2014\\\/09\\\/Johanneskirche3.jpg\",\"width\":1066,\"height\":1600,\"caption\":\"Versteckt am Imberg ist die Johanneskriche.\"},{\"@type\":\"BreadcrumbList\",\"@id\":\"https:\\\/\\\/www.salzburgerland.com\\\/de\\\/magazin\\\/salzburgs-versteckte-kirchen\\\/#breadcrumb\",\"itemListElement\":[{\"@type\":\"ListItem\",\"position\":1,\"name\":\"Startseite\",\"item\":\"https:\\\/\\\/www.salzburgerland.com\\\/de\\\/magazin\\\/\"},{\"@type\":\"ListItem\",\"position\":2,\"name\":\"Kunst &amp; Kultur\",\"item\":\"https:\\\/\\\/www.salzburgerland.com\\\/de\\\/magazin\\\/thema\\\/kunst-kultur\\\/\"},{\"@type\":\"ListItem\",\"position\":3,\"name\":\"Salzburgs versteckte Kirchen\"}]},{\"@type\":\"WebSite\",\"@id\":\"https:\\\/\\\/www.salzburgerland.com\\\/de\\\/magazin\\\/#website\",\"url\":\"https:\\\/\\\/www.salzburgerland.com\\\/de\\\/magazin\\\/\",\"name\":\"SalzburgerLand Magazin\",\"description\":\"Geschichten und Interessantes aus dem SalzburgerLand\",\"publisher\":{\"@id\":\"https:\\\/\\\/www.salzburgerland.com\\\/de\\\/magazin\\\/#organization\"},\"potentialAction\":[{\"@type\":\"SearchAction\",\"target\":{\"@type\":\"EntryPoint\",\"urlTemplate\":\"https:\\\/\\\/www.salzburgerland.com\\\/de\\\/magazin\\\/?s={search_term_string}\"},\"query-input\":{\"@type\":\"PropertyValueSpecification\",\"valueRequired\":true,\"valueName\":\"search_term_string\"}}],\"inLanguage\":\"de\"},{\"@type\":\"Organization\",\"@id\":\"https:\\\/\\\/www.salzburgerland.com\\\/de\\\/magazin\\\/#organization\",\"name\":\"SalzburgerLand Tourismus\",\"url\":\"https:\\\/\\\/www.salzburgerland.com\\\/de\\\/magazin\\\/\",\"logo\":{\"@type\":\"ImageObject\",\"inLanguage\":\"de\",\"@id\":\"https:\\\/\\\/www.salzburgerland.com\\\/de\\\/magazin\\\/#\\\/schema\\\/logo\\\/image\\\/\",\"url\":\"https:\\\/\\\/www.salzburgerland.com\\\/de\\\/magazin\\\/wp-content\\\/uploads\\\/2019\\\/06\\\/salzburgerland-logo1.jpg\",\"contentUrl\":\"https:\\\/\\\/www.salzburgerland.com\\\/de\\\/magazin\\\/wp-content\\\/uploads\\\/2019\\\/06\\\/salzburgerland-logo1.jpg\",\"width\":2011,\"height\":866,\"caption\":\"SalzburgerLand Tourismus\"},\"image\":{\"@id\":\"https:\\\/\\\/www.salzburgerland.com\\\/de\\\/magazin\\\/#\\\/schema\\\/logo\\\/image\\\/\"},\"sameAs\":[\"https:\\\/\\\/www.facebook.com\\\/salzburgerland\\\/\",\"https:\\\/\\\/x.com\\\/Salzburgerland\",\"https:\\\/\\\/www.instagram.com\\\/salzburgerland\\\/\",\"https:\\\/\\\/at.linkedin.com\\\/company\\\/salzburgerland-tourismus-gmbh\",\"https:\\\/\\\/www.pinterest.at\\\/salzburgerland\\\/\",\"https:\\\/\\\/www.youtube.com\\\/user\\\/salzburgerland\",\"https:\\\/\\\/de.wikipedia.org\\\/wiki\\\/SalzburgerLand_Tourismus_GmbH\"]},{\"@type\":\"Person\",\"@id\":\"https:\\\/\\\/www.salzburgerland.com\\\/de\\\/magazin\\\/#\\\/schema\\\/person\\\/ae3e7554e48d7c28b7f7f64f0ea3c635\",\"name\":\"Eva Krallinger\",\"description\":\"Gerade erst die Vollj\u00e4hrigkeit erreicht, will man immer nur das Eine: Weg von daheim, raus in die Welt und ja nichts verpassen. Also ab nach K\u00e4rnten (Zwischenstopp), Frankreich, Washington D.C., Schweiz. Ein paar Jahre sp\u00e4ter will man dann wieder nur das Andere: zur\u00fcck nach Hause, ins Gr\u00fcne, ins Blaue, ins Wei\u00dfe und ins Graue. Von der Angst vorm Verpassen ist dann nichts mehr \u00fcbrig, im Gegenteil, es wird eigentlich gerne verpasst, um sich aufs Wesentliche zu konzentrieren und bewusst zu genie\u00dfen, was dieses Daheim zu bieten hat. Mein Logenplatz im Salzburgerland? Das Gollinger Bluntautal. Schon als Kind habe ich dort gespielt und habe das eine oder andere Mal unabsichtlich Bekanntschaft mit dem wirklich (!) kalten Wasser geschlossen. Dosige oder Zuagroaste? Dosige, aus dem Herzen des Salzburger Tennengaus. Fr\u00fchling, Sommer, Herbst oder Winter? Sommer, aber immer nur mit Sonnenschutzfaktor 50+. Salzburger Nockerl oder Schwarzbeernocken? Schwarzbeernocken - wegen der blauen Zunge danach. Weltliteratur oder Tratsch und Klatsch? Weltliteratur in Buchform, Tratsch und Klatsch im Kaffeehaus. Schreibt f\u00fcr das junge Salzurger Onlinemagazin Fr\u00e4ulein Floras Favourite Hangouts \u00fcber Menschen, Orte und Geschichte in Salzburg und liebt es.\",\"sameAs\":[\"http:\\\/\\\/www.fraeuleinflora.at\",\"www.facebook.com\\\/fraeuleinflora\",\"https:\\\/\\\/x.com\\\/keeeva\"],\"url\":\"https:\\\/\\\/www.salzburgerland.com\\\/de\\\/magazin\\\/author\\\/eva-krallinger\\\/\"}]}<\/script>\n<!-- \/ Yoast SEO Premium plugin. -->","yoast_head_json":{"title":"Salzburgs versteckte Kirchen - SalzburgerLand Magazin","description":"Wer bereits auf dem Festungsberg gestanden ist und die Aussicht auf die Stadt Salzburg von oben genossen hat, der wei\u00df, wieviele Kirchend\u00e4cher sich ihm entgegenstrecken. Neben dem Dom und der Franziskanerkirche gibt es aber auch so manche Kapelle, die selbst aus der Vogelperspektive versteckt bleibt. Im Schatten des Salzburger Doms: Michaelskirche Gegen\u00fcber des imposanten Doms [&hellip;]","robots":{"index":"index","follow":"follow","max-snippet":"max-snippet:-1","max-image-preview":"max-image-preview:large","max-video-preview":"max-video-preview:-1"},"canonical":"https:\/\/www.salzburgerland.com\/de\/magazin\/salzburgs-versteckte-kirchen\/","og_locale":"de_DE","og_type":"article","og_title":"Salzburgs versteckte Kirchen","og_description":"Wer bereits auf dem Festungsberg gestanden ist und die Aussicht auf die Stadt Salzburg von oben genossen hat, der wei\u00df, wieviele Kirchend\u00e4cher sich ihm entgegenstrecken. Neben dem Dom und der Franziskanerkirche gibt es aber auch so manche Kapelle, die selbst aus der Vogelperspektive versteckt bleibt. Im Schatten des Salzburger Doms: Michaelskirche Gegen\u00fcber des imposanten Doms [&hellip;]","og_url":"https:\/\/www.salzburgerland.com\/de\/magazin\/salzburgs-versteckte-kirchen\/","og_site_name":"SalzburgerLand Magazin","article_publisher":"https:\/\/www.facebook.com\/salzburgerland\/","article_author":"www.facebook.com\/fraeuleinflora","article_published_time":"2014-10-20T06:00:33+00:00","og_image":[{"width":1066,"height":1600,"url":"https:\/\/www.salzburgerland.com\/de\/magazin\/wp-content\/uploads\/2014\/09\/Johanneskirche3.jpg","type":"image\/jpeg"}],"author":"Eva Krallinger","twitter_card":"summary_large_image","twitter_creator":"@keeeva","twitter_site":"@Salzburgerland","twitter_misc":{"Verfasst von":"Eva Krallinger","Gesch\u00e4tzte Lesezeit":"2\u00a0Minuten"},"schema":{"@context":"https:\/\/schema.org","@graph":[{"@type":"Article","@id":"https:\/\/www.salzburgerland.com\/de\/magazin\/salzburgs-versteckte-kirchen\/#article","isPartOf":{"@id":"https:\/\/www.salzburgerland.com\/de\/magazin\/salzburgs-versteckte-kirchen\/"},"author":{"name":"Eva Krallinger","@id":"https:\/\/www.salzburgerland.com\/de\/magazin\/#\/schema\/person\/ae3e7554e48d7c28b7f7f64f0ea3c635"},"headline":"Salzburgs versteckte Kirchen","datePublished":"2014-10-20T06:00:33+00:00","mainEntityOfPage":{"@id":"https:\/\/www.salzburgerland.com\/de\/magazin\/salzburgs-versteckte-kirchen\/"},"wordCount":365,"commentCount":0,"publisher":{"@id":"https:\/\/www.salzburgerland.com\/de\/magazin\/#organization"},"image":{"@id":"https:\/\/www.salzburgerland.com\/de\/magazin\/salzburgs-versteckte-kirchen\/#primaryimage"},"thumbnailUrl":"https:\/\/www.salzburgerland.com\/de\/magazin\/wp-content\/uploads\/2014\/09\/Johanneskirche3.jpg","articleSection":["Kunst &amp; Kultur"],"inLanguage":"de","potentialAction":[{"@type":"CommentAction","name":"Comment","target":["https:\/\/www.salzburgerland.com\/de\/magazin\/salzburgs-versteckte-kirchen\/#respond"]}]},{"@type":"WebPage","@id":"https:\/\/www.salzburgerland.com\/de\/magazin\/salzburgs-versteckte-kirchen\/","url":"https:\/\/www.salzburgerland.com\/de\/magazin\/salzburgs-versteckte-kirchen\/","name":"Salzburgs versteckte Kirchen - SalzburgerLand Magazin","isPartOf":{"@id":"https:\/\/www.salzburgerland.com\/de\/magazin\/#website"},"primaryImageOfPage":{"@id":"https:\/\/www.salzburgerland.com\/de\/magazin\/salzburgs-versteckte-kirchen\/#primaryimage"},"image":{"@id":"https:\/\/www.salzburgerland.com\/de\/magazin\/salzburgs-versteckte-kirchen\/#primaryimage"},"thumbnailUrl":"https:\/\/www.salzburgerland.com\/de\/magazin\/wp-content\/uploads\/2014\/09\/Johanneskirche3.jpg","datePublished":"2014-10-20T06:00:33+00:00","breadcrumb":{"@id":"https:\/\/www.salzburgerland.com\/de\/magazin\/salzburgs-versteckte-kirchen\/#breadcrumb"},"inLanguage":"de","potentialAction":[{"@type":"ReadAction","target":["https:\/\/www.salzburgerland.com\/de\/magazin\/salzburgs-versteckte-kirchen\/"]}]},{"@type":"ImageObject","inLanguage":"de","@id":"https:\/\/www.salzburgerland.com\/de\/magazin\/salzburgs-versteckte-kirchen\/#primaryimage","url":"https:\/\/www.salzburgerland.com\/de\/magazin\/wp-content\/uploads\/2014\/09\/Johanneskirche3.jpg","contentUrl":"https:\/\/www.salzburgerland.com\/de\/magazin\/wp-content\/uploads\/2014\/09\/Johanneskirche3.jpg","width":1066,"height":1600,"caption":"Versteckt am Imberg ist die Johanneskriche."},{"@type":"BreadcrumbList","@id":"https:\/\/www.salzburgerland.com\/de\/magazin\/salzburgs-versteckte-kirchen\/#breadcrumb","itemListElement":[{"@type":"ListItem","position":1,"name":"Startseite","item":"https:\/\/www.salzburgerland.com\/de\/magazin\/"},{"@type":"ListItem","position":2,"name":"Kunst &amp; Kultur","item":"https:\/\/www.salzburgerland.com\/de\/magazin\/thema\/kunst-kultur\/"},{"@type":"ListItem","position":3,"name":"Salzburgs versteckte Kirchen"}]},{"@type":"WebSite","@id":"https:\/\/www.salzburgerland.com\/de\/magazin\/#website","url":"https:\/\/www.salzburgerland.com\/de\/magazin\/","name":"SalzburgerLand Magazin","description":"Geschichten und Interessantes aus dem SalzburgerLand","publisher":{"@id":"https:\/\/www.salzburgerland.com\/de\/magazin\/#organization"},"potentialAction":[{"@type":"SearchAction","target":{"@type":"EntryPoint","urlTemplate":"https:\/\/www.salzburgerland.com\/de\/magazin\/?s={search_term_string}"},"query-input":{"@type":"PropertyValueSpecification","valueRequired":true,"valueName":"search_term_string"}}],"inLanguage":"de"},{"@type":"Organization","@id":"https:\/\/www.salzburgerland.com\/de\/magazin\/#organization","name":"SalzburgerLand Tourismus","url":"https:\/\/www.salzburgerland.com\/de\/magazin\/","logo":{"@type":"ImageObject","inLanguage":"de","@id":"https:\/\/www.salzburgerland.com\/de\/magazin\/#\/schema\/logo\/image\/","url":"https:\/\/www.salzburgerland.com\/de\/magazin\/wp-content\/uploads\/2019\/06\/salzburgerland-logo1.jpg","contentUrl":"https:\/\/www.salzburgerland.com\/de\/magazin\/wp-content\/uploads\/2019\/06\/salzburgerland-logo1.jpg","width":2011,"height":866,"caption":"SalzburgerLand Tourismus"},"image":{"@id":"https:\/\/www.salzburgerland.com\/de\/magazin\/#\/schema\/logo\/image\/"},"sameAs":["https:\/\/www.facebook.com\/salzburgerland\/","https:\/\/x.com\/Salzburgerland","https:\/\/www.instagram.com\/salzburgerland\/","https:\/\/at.linkedin.com\/company\/salzburgerland-tourismus-gmbh","https:\/\/www.pinterest.at\/salzburgerland\/","https:\/\/www.youtube.com\/user\/salzburgerland","https:\/\/de.wikipedia.org\/wiki\/SalzburgerLand_Tourismus_GmbH"]},{"@type":"Person","@id":"https:\/\/www.salzburgerland.com\/de\/magazin\/#\/schema\/person\/ae3e7554e48d7c28b7f7f64f0ea3c635","name":"Eva Krallinger","description":"Gerade erst die Vollj\u00e4hrigkeit erreicht, will man immer nur das Eine: Weg von daheim, raus in die Welt und ja nichts verpassen. Also ab nach K\u00e4rnten (Zwischenstopp), Frankreich, Washington D.C., Schweiz. Ein paar Jahre sp\u00e4ter will man dann wieder nur das Andere: zur\u00fcck nach Hause, ins Gr\u00fcne, ins Blaue, ins Wei\u00dfe und ins Graue. Von der Angst vorm Verpassen ist dann nichts mehr \u00fcbrig, im Gegenteil, es wird eigentlich gerne verpasst, um sich aufs Wesentliche zu konzentrieren und bewusst zu genie\u00dfen, was dieses Daheim zu bieten hat. Mein Logenplatz im Salzburgerland? Das Gollinger Bluntautal. Schon als Kind habe ich dort gespielt und habe das eine oder andere Mal unabsichtlich Bekanntschaft mit dem wirklich (!) kalten Wasser geschlossen. Dosige oder Zuagroaste? Dosige, aus dem Herzen des Salzburger Tennengaus. Fr\u00fchling, Sommer, Herbst oder Winter? Sommer, aber immer nur mit Sonnenschutzfaktor 50+. Salzburger Nockerl oder Schwarzbeernocken? Schwarzbeernocken - wegen der blauen Zunge danach. Weltliteratur oder Tratsch und Klatsch? Weltliteratur in Buchform, Tratsch und Klatsch im Kaffeehaus. Schreibt f\u00fcr das junge Salzurger Onlinemagazin Fr\u00e4ulein Floras Favourite Hangouts \u00fcber Menschen, Orte und Geschichte in Salzburg und liebt es.","sameAs":["http:\/\/www.fraeuleinflora.at","www.facebook.com\/fraeuleinflora","https:\/\/x.com\/keeeva"],"url":"https:\/\/www.salzburgerland.com\/de\/magazin\/author\/eva-krallinger\/"}]}},"_wl_alt_label":[],"wl:entity_url":"http:\/\/open.salzburgerland.com\/magazin\/post\/salzburgs_versteckte_kirchen","_links":{"self":[{"href":"https:\/\/www.salzburgerland.com\/de\/magazin\/wp-json\/wp\/v2\/posts\/91805","targetHints":{"allow":["GET"]}}],"collection":[{"href":"https:\/\/www.salzburgerland.com\/de\/magazin\/wp-json\/wp\/v2\/posts"}],"about":[{"href":"https:\/\/www.salzburgerland.com\/de\/magazin\/wp-json\/wp\/v2\/types\/post"}],"author":[{"embeddable":true,"href":"https:\/\/www.salzburgerland.com\/de\/magazin\/wp-json\/wp\/v2\/users\/488"}],"replies":[{"embeddable":true,"href":"https:\/\/www.salzburgerland.com\/de\/magazin\/wp-json\/wp\/v2\/comments?post=91805"}],"version-history":[{"count":0,"href":"https:\/\/www.salzburgerland.com\/de\/magazin\/wp-json\/wp\/v2\/posts\/91805\/revisions"}],"wp:featuredmedia":[{"embeddable":true,"href":"https:\/\/www.salzburgerland.com\/de\/magazin\/wp-json\/wp\/v2\/media\/91814"}],"wp:attachment":[{"href":"https:\/\/www.salzburgerland.com\/de\/magazin\/wp-json\/wp\/v2\/media?parent=91805"}],"wp:term":[{"taxonomy":"category","embeddable":true,"href":"https:\/\/www.salzburgerland.com\/de\/magazin\/wp-json\/wp\/v2\/categories?post=91805"},{"taxonomy":"post_tag","embeddable":true,"href":"https:\/\/www.salzburgerland.com\/de\/magazin\/wp-json\/wp\/v2\/tags?post=91805"},{"taxonomy":"wl_entity_type","embeddable":true,"href":"https:\/\/www.salzburgerland.com\/de\/magazin\/wp-json\/wp\/v2\/wl_entity_type?post=91805"},{"taxonomy":"monatsauswahl","embeddable":true,"href":"https:\/\/www.salzburgerland.com\/de\/magazin\/wp-json\/wp\/v2\/monatsauswahl?post=91805"}],"curies":[{"name":"wp","href":"https:\/\/api.w.org\/{rel}","templated":true}]}}