{"id":91469,"date":"2014-09-20T08:00:23","date_gmt":"2014-09-20T06:00:23","guid":{"rendered":"http:\/\/magazin.salzburgerland.com\/?p=91469"},"modified":"2014-09-09T10:24:38","modified_gmt":"2014-09-09T08:24:38","slug":"das-kneipp-hotel-vor-den-toren-der-mozartstadt","status":"publish","type":"post","link":"https:\/\/www.salzburgerland.com\/de\/magazin\/das-kneipp-hotel-vor-den-toren-der-mozartstadt\/","title":{"rendered":"Das Kneipp-Hotel vor den Toren der Mozartstadt"},"content":{"rendered":"<p>Das <a title=\"Hotel Hammerschmiede\" href=\"http:\/\/www.hammerschmiede.at\" target=\"_blank\">Hotel Hammerschmiede<\/a> liegt versteckt in einem kleinen Wald vor den Toren der Stadt Salzburg. Wie der Name schon sagt, geht das Hotel aus einer alten Schmiede hervor. Noch heute zeugen die alten Wasserr\u00e4der von dem Schmiedebetrieb, der seit 1737 bis 1965 bestand. Das Wasser, das zum n\u00f6tigen Antrieb der R\u00e4der ben\u00f6tigt wurde kam vom Achartinger Bach.<\/p>\n<p>Insgesamt wurden drei R\u00e4der betrieben, das gr\u00f6\u00dfte hatte einen Durchmesser von \u00fcber vier Metern. In der Bl\u00fctezeit des Betriebes arbeiteten 16 Gesellen an den Eisenwaren. Ab 1965, durch die industrielle Fertigung der Eisenprodukte, war der Betrieb Geschichte, doch nur wenige Jahre sp\u00e4ter begann eine neue \u00c4ra, die des Hotels Hammerschmiede. Erni Stadler kaufte die Liegenschaft 1971 und errichtete eine kleine Pension. Seit 1993 gibt es auch ein kleines Museum neben dem Hotel, dass die Geschichte des Handwerks zeigt. Heute h\u00f6rt man noch bei Feiern und verschiedene Anl\u00e4ssen das Klingen des Schmiedehammers. Ein Schmied erkl\u00e4rt dann, wie ein Hufeisen gefertigt wird und jeder Gast kann sich einmal als Hammerschmied versuchen und das hei\u00dfe Eisen mit dem Hammer in Form bringen. In der alten Hacken-Esse wird heute gegrillt und Brot gebacken. Das Hotel ist besonders f\u00fcr Naturliebhaber ein Geheimtipp, der kurze Weg in die Stadt Salzburg l\u00e4dt zu kulturellen Kurzausfl\u00fcgen ein.<\/p>\n<p>Seit diesem Sommer ist das Hotel Hammerschmiede das erste zertifizierte Kneipp-Hotel in \u00d6sterreich. Die neue Kneipp-Anlage mit Wassertrete, Barfu\u00dfpfad, Armbad, Kneipp-Schlauch und Tr\u00f6gen mit Kr\u00e4utern eingebettet in die idyllische Waldlandschaft hat den \u00d6sterreichischen Kneippbund \u00fcberzeugt. Zus\u00e4tzlich gibt es jeden Mittwoch und Samstag das Kneipp-Bio-Fr\u00fchst\u00fcck, man kann dann die Kneipp-Anlage kostenfrei ben\u00fctzen.<\/p>\n<p>Hotel Hammerschmiede<br \/>\nAcharting 22<br \/>\n5102 Anthering<br \/>\nTel.: 0043\/6223\/2503<br \/>\n<a href=\"http:\/\/www.hammerschmiede.at\">www.hammerschmiede.at<\/a><\/p>\n<p><i>Fotos \u00a9 Hammerschmiede, heikomandl.at<\/i><br \/>\n<div class=\"mag-gallery\"><div class=\"row\"><div class=\"col-6 col-sm-4\"><figure><a class=\"thumb-container\" href=\"https:\/\/www.salzburgerland.com\/de\/magazin\/wp-content\/uploads\/2014\/09\/04_S_A_H_Wetterhahn_tif-1280x1024.jpg\">\t<picture><source media=\"(min-width: 576px)\" srcset=\"https:\/\/www.salzburgerland.com\/de\/magazin\/wp-content\/uploads\/2014\/09\/04_S_A_H_Wetterhahn_tif-325x209.jpg 325w, https:\/\/www.salzburgerland.com\/de\/magazin\/wp-content\/uploads\/2014\/09\/04_S_A_H_Wetterhahn_tif-249x160.jpg 249w\" \/><source media=\"(min-width: 0)\" srcset=\"https:\/\/www.salzburgerland.com\/de\/magazin\/wp-content\/uploads\/2014\/09\/04_S_A_H_Wetterhahn_tif-249x160.jpg 249w, https:\/\/www.salzburgerland.com\/de\/magazin\/wp-content\/uploads\/2014\/09\/04_S_A_H_Wetterhahn_tif-325x209.jpg 325w\" \/><img decoding=\"async\" alt=\"Eine hahnf\u00f6rmige Wetterfahne auf einem Dach, vor blauem Himmel und gr\u00fcnem Baum.\" src=\"https:\/\/www.salzburgerland.com\/de\/magazin\/wp-content\/uploads\/2014\/09\/04_S_A_H_Wetterhahn_tif.jpg\" \/>\t<\/picture><\/a><\/figure><\/div><div class=\"col-6 col-sm-4\"><figure><a class=\"thumb-container\" href=\"https:\/\/www.salzburgerland.com\/de\/magazin\/wp-content\/uploads\/2014\/09\/06_S_A_H_Schmiede-1280x1024.jpg\">\t<picture><source media=\"(min-width: 576px)\" srcset=\"https:\/\/www.salzburgerland.com\/de\/magazin\/wp-content\/uploads\/2014\/09\/06_S_A_H_Schmiede-325x209.jpg 325w, https:\/\/www.salzburgerland.com\/de\/magazin\/wp-content\/uploads\/2014\/09\/06_S_A_H_Schmiede-300x194.jpg 300w, https:\/\/www.salzburgerland.com\/de\/magazin\/wp-content\/uploads\/2014\/09\/06_S_A_H_Schmiede-618x400.jpg 618w, https:\/\/www.salzburgerland.com\/de\/magazin\/wp-content\/uploads\/2014\/09\/06_S_A_H_Schmiede-249x160.jpg 249w, https:\/\/www.salzburgerland.com\/de\/magazin\/wp-content\/uploads\/2014\/09\/06_S_A_H_Schmiede.jpg 1600w\" \/><source media=\"(min-width: 0)\" srcset=\"https:\/\/www.salzburgerland.com\/de\/magazin\/wp-content\/uploads\/2014\/09\/06_S_A_H_Schmiede-249x160.jpg 249w, https:\/\/www.salzburgerland.com\/de\/magazin\/wp-content\/uploads\/2014\/09\/06_S_A_H_Schmiede-300x194.jpg 300w, https:\/\/www.salzburgerland.com\/de\/magazin\/wp-content\/uploads\/2014\/09\/06_S_A_H_Schmiede-849x550.jpg 849w, https:\/\/www.salzburgerland.com\/de\/magazin\/wp-content\/uploads\/2014\/09\/06_S_A_H_Schmiede-618x400.jpg 618w, https:\/\/www.salzburgerland.com\/de\/magazin\/wp-content\/uploads\/2014\/09\/06_S_A_H_Schmiede-325x209.jpg 325w, https:\/\/www.salzburgerland.com\/de\/magazin\/wp-content\/uploads\/2014\/09\/06_S_A_H_Schmiede-1320x855.jpg 1320w, https:\/\/www.salzburgerland.com\/de\/magazin\/wp-content\/uploads\/2014\/09\/06_S_A_H_Schmiede.jpg 1600w\" \/><img decoding=\"async\" alt=\"Rustikales Restaurant mit Holztischen, Steinw\u00e4nden und einem Kamin, \u00fcber dem Werkzeuge h\u00e4ngen.\" src=\"https:\/\/www.salzburgerland.com\/de\/magazin\/wp-content\/uploads\/2014\/09\/06_S_A_H_Schmiede.jpg\" \/>\t<\/picture><\/a><\/figure><\/div><div class=\"col-6 col-sm-4\"><figure><a class=\"thumb-container\" href=\"https:\/\/www.salzburgerland.com\/de\/magazin\/wp-content\/uploads\/2014\/09\/Bild_HS_kneipp21-1280x1024.jpg\">\t<picture><source media=\"(min-width: 576px)\" srcset=\"\" \/><source media=\"(min-width: 0)\" srcset=\"https:\/\/www.salzburgerland.com\/de\/magazin\/wp-content\/uploads\/2014\/09\/Bild_HS_kneipp21.jpg 1234w, https:\/\/www.salzburgerland.com\/de\/magazin\/wp-content\/uploads\/2014\/09\/Bild_HS_kneipp21-231x300.jpg 231w, https:\/\/www.salzburgerland.com\/de\/magazin\/wp-content\/uploads\/2014\/09\/Bild_HS_kneipp21-424x550.jpg 424w, https:\/\/www.salzburgerland.com\/de\/magazin\/wp-content\/uploads\/2014\/09\/Bild_HS_kneipp21-309x400.jpg 309w\" \/><img decoding=\"async\" alt=\"Eine Frau steht in einem kleinen Teich mit Pfauen in der N\u00e4he, vor einem rustikalen Haus mit gr\u00fcnen Fensterl\u00e4den.\" src=\"https:\/\/www.salzburgerland.com\/de\/magazin\/wp-content\/uploads\/2014\/09\/Bild_HS_kneipp21.jpg\" \/>\t<\/picture><\/a><\/figure><\/div><div class=\"col-6 col-sm-4\"><figure><a class=\"thumb-container\" href=\"https:\/\/www.salzburgerland.com\/de\/magazin\/wp-content\/uploads\/2014\/09\/DSC_0004_21-1280x1024.jpg\">\t<picture><source media=\"(min-width: 576px)\" srcset=\"\" \/><source media=\"(min-width: 0)\" srcset=\"https:\/\/www.salzburgerland.com\/de\/magazin\/wp-content\/uploads\/2014\/09\/DSC_0004_21.jpg 1071w, https:\/\/www.salzburgerland.com\/de\/magazin\/wp-content\/uploads\/2014\/09\/DSC_0004_21-201x300.jpg 201w, https:\/\/www.salzburgerland.com\/de\/magazin\/wp-content\/uploads\/2014\/09\/DSC_0004_21-368x550.jpg 368w, https:\/\/www.salzburgerland.com\/de\/magazin\/wp-content\/uploads\/2014\/09\/DSC_0004_21-268x400.jpg 268w\" \/><img decoding=\"async\" alt=\"Nahaufnahme von roten Hagebutten auf einem belaubten Busch mit einem unscharfen Geb\u00e4ude im Hintergrund.\" src=\"https:\/\/www.salzburgerland.com\/de\/magazin\/wp-content\/uploads\/2014\/09\/DSC_0004_21.jpg\" \/>\t<\/picture><\/a><\/figure><\/div><div class=\"col-6 col-sm-4\"><figure><a class=\"thumb-container\" href=\"https:\/\/www.salzburgerland.com\/de\/magazin\/wp-content\/uploads\/2014\/09\/helmut_geb_0016-1280x1024.jpg\">\t<picture><source media=\"(min-width: 576px)\" srcset=\"\" \/><source media=\"(min-width: 0)\" srcset=\"https:\/\/www.salzburgerland.com\/de\/magazin\/wp-content\/uploads\/2014\/09\/helmut_geb_0016.jpg 1066w, https:\/\/www.salzburgerland.com\/de\/magazin\/wp-content\/uploads\/2014\/09\/helmut_geb_0016-200x300.jpg 200w, https:\/\/www.salzburgerland.com\/de\/magazin\/wp-content\/uploads\/2014\/09\/helmut_geb_0016-366x550.jpg 366w, https:\/\/www.salzburgerland.com\/de\/magazin\/wp-content\/uploads\/2014\/09\/helmut_geb_0016-267x400.jpg 267w\" \/><img decoding=\"async\" alt=\"Ein \u00e4lterer Mann mit Brille und Sch\u00fcrze steht in einer schwach beleuchteten Werkstatt mit einer Gitarre im Hintergrund.\" src=\"https:\/\/www.salzburgerland.com\/de\/magazin\/wp-content\/uploads\/2014\/09\/helmut_geb_0016.jpg\" \/>\t<\/picture><\/a><\/figure><\/div><div class=\"col-6 col-sm-4\"><figure><a class=\"thumb-container\" href=\"https:\/\/www.salzburgerland.com\/de\/magazin\/wp-content\/uploads\/2014\/09\/helmut_geb_0019-1280x1024.jpg\">\t<picture><source media=\"(min-width: 576px)\" srcset=\"\" \/><source media=\"(min-width: 0)\" srcset=\"https:\/\/www.salzburgerland.com\/de\/magazin\/wp-content\/uploads\/2014\/09\/helmut_geb_0019.jpg 1066w, https:\/\/www.salzburgerland.com\/de\/magazin\/wp-content\/uploads\/2014\/09\/helmut_geb_0019-200x300.jpg 200w, https:\/\/www.salzburgerland.com\/de\/magazin\/wp-content\/uploads\/2014\/09\/helmut_geb_0019-366x550.jpg 366w, https:\/\/www.salzburgerland.com\/de\/magazin\/wp-content\/uploads\/2014\/09\/helmut_geb_0019-267x400.jpg 267w\" \/><img decoding=\"async\" alt=\"Ein Schmied arbeitet an einer Schmiede und k\u00fcmmert sich um gl\u00fchendes Metall neben einem Feuer in einer schummrigen Werkstatt.\" src=\"https:\/\/www.salzburgerland.com\/de\/magazin\/wp-content\/uploads\/2014\/09\/helmut_geb_0019.jpg\" \/>\t<\/picture><\/a><\/figure><\/div><div class=\"col-6 col-sm-4\"><figure><a class=\"thumb-container\" href=\"https:\/\/www.salzburgerland.com\/de\/magazin\/wp-content\/uploads\/2014\/09\/helmut_geb_0030-1280x1024.jpg\">\t<picture><source media=\"(min-width: 576px)\" srcset=\"https:\/\/www.salzburgerland.com\/de\/magazin\/wp-content\/uploads\/2014\/09\/helmut_geb_0030-325x209.jpg 325w, https:\/\/www.salzburgerland.com\/de\/magazin\/wp-content\/uploads\/2014\/09\/helmut_geb_0030-249x160.jpg 249w\" \/><source media=\"(min-width: 0)\" srcset=\"https:\/\/www.salzburgerland.com\/de\/magazin\/wp-content\/uploads\/2014\/09\/helmut_geb_0030-249x160.jpg 249w, https:\/\/www.salzburgerland.com\/de\/magazin\/wp-content\/uploads\/2014\/09\/helmut_geb_0030-325x209.jpg 325w\" \/><img decoding=\"async\" alt=\"Zwei Schmiede in Sch\u00fcrzen arbeiten zusammen und h\u00e4mmern in einer schwach beleuchteten Werkstatt auf hei\u00dfes Metall.\" src=\"https:\/\/www.salzburgerland.com\/de\/magazin\/wp-content\/uploads\/2014\/09\/helmut_geb_0030.jpg\" \/>\t<\/picture><\/a><\/figure><\/div><div class=\"col-6 col-sm-4\"><figure><a class=\"thumb-container\" href=\"https:\/\/www.salzburgerland.com\/de\/magazin\/wp-content\/uploads\/2014\/09\/Hotel_Sommer_1-1280x1024.jpg\">\t<picture><source media=\"(min-width: 576px)\" srcset=\"https:\/\/www.salzburgerland.com\/de\/magazin\/wp-content\/uploads\/2014\/09\/Hotel_Sommer_1-325x209.jpg 325w, https:\/\/www.salzburgerland.com\/de\/magazin\/wp-content\/uploads\/2014\/09\/Hotel_Sommer_1-249x160.jpg 249w\" \/><source media=\"(min-width: 0)\" srcset=\"https:\/\/www.salzburgerland.com\/de\/magazin\/wp-content\/uploads\/2014\/09\/Hotel_Sommer_1-249x160.jpg 249w, https:\/\/www.salzburgerland.com\/de\/magazin\/wp-content\/uploads\/2014\/09\/Hotel_Sommer_1-325x209.jpg 325w\" \/><img decoding=\"async\" alt=\"Au\u00dfenterrasse mit Tischen und Sonnenschirmen neben rustikalen Geb\u00e4uden, umgeben von B\u00e4umen und Gr\u00fcnanlagen.\" src=\"https:\/\/www.salzburgerland.com\/de\/magazin\/wp-content\/uploads\/2014\/09\/Hotel_Sommer_1.jpg\" \/>\t<\/picture><\/a><\/figure><\/div><div class=\"col-6 col-sm-4\"><figure><a class=\"thumb-container\" href=\"https:\/\/www.salzburgerland.com\/de\/magazin\/wp-content\/uploads\/2014\/09\/IMG_2105-Pfau-1280x1024.jpg\">\t<picture><source media=\"(min-width: 576px)\" srcset=\"https:\/\/www.salzburgerland.com\/de\/magazin\/wp-content\/uploads\/2014\/09\/IMG_2105-Pfau-325x209.jpg 325w, https:\/\/www.salzburgerland.com\/de\/magazin\/wp-content\/uploads\/2014\/09\/IMG_2105-Pfau-249x160.jpg 249w\" \/><source media=\"(min-width: 0)\" srcset=\"https:\/\/www.salzburgerland.com\/de\/magazin\/wp-content\/uploads\/2014\/09\/IMG_2105-Pfau-249x160.jpg 249w, https:\/\/www.salzburgerland.com\/de\/magazin\/wp-content\/uploads\/2014\/09\/IMG_2105-Pfau-325x209.jpg 325w\" \/><img decoding=\"async\" alt=\"Ein Pfau zeigt seine leuchtend bunten Schwanzfedern f\u00e4cherf\u00f6rmig.\" src=\"https:\/\/www.salzburgerland.com\/de\/magazin\/wp-content\/uploads\/2014\/09\/IMG_2105-Pfau.jpg\" \/>\t<\/picture><\/a><\/figure><\/div><\/div><\/div><figcaption><\/figcaption><\/p>\n","protected":false},"excerpt":{"rendered":"<p>Das Hotel Hammerschmiede liegt versteckt in einem kleinen Wald vor den Toren der Stadt Salzburg. Wie der Name schon sagt, geht das Hotel aus einer alten Schmiede hervor. Noch heute zeugen die alten Wasserr\u00e4der von dem Schmiedebetrieb, der seit 1737 bis 1965 bestand. Das Wasser, das zum n\u00f6tigen Antrieb der R\u00e4der ben\u00f6tigt wurde kam vom [&hellip;]<\/p>\n","protected":false},"author":10,"featured_media":91477,"comment_status":"open","ping_status":"open","sticky":false,"template":"","format":"standard","meta":{"_acf_changed":false,"wl_entities_gutenberg":"","_wl_entity_redirect_enabled":"","footnotes":""},"categories":[5],"tags":[],"wl_entity_type":[306],"monatsauswahl":[82,83,84,85,86,87,88,89,90,91,92,93],"class_list":["post-91469","post","type-post","status-publish","format-standard","has-post-thumbnail","hentry","category-hotel-reise","wl_entity_type-article","monatsauswahl-monat_1","monatsauswahl-monat_2","monatsauswahl-monat_3","monatsauswahl-monat_4","monatsauswahl-monat_5","monatsauswahl-monat_6","monatsauswahl-monat_7","monatsauswahl-monat_8","monatsauswahl-monat_9","monatsauswahl-monat_10","monatsauswahl-monat_11","monatsauswahl-monat_12"],"acf":[],"yoast_head":"<!-- This site is optimized with the Yoast SEO Premium plugin v27.4 (Yoast SEO v27.4) - https:\/\/yoast.com\/product\/yoast-seo-premium-wordpress\/ -->\n<title>Das Kneipp-Hotel vor den Toren der Mozartstadt - SalzburgerLand Magazin<\/title>\n<meta name=\"description\" content=\"Das Hotel Hammerschmiede liegt versteckt in einem kleinen Wald vor den Toren der Stadt Salzburg. Wie der Name schon sagt, geht das Hotel aus einer alten Schmiede hervor. Noch heute zeugen die alten Wasserr\u00e4der von dem Schmiedebetrieb, der seit 1737 bis 1965 bestand. Das Wasser, das zum n\u00f6tigen Antrieb der R\u00e4der ben\u00f6tigt wurde kam vom [&hellip;]\" \/>\n<meta name=\"robots\" content=\"index, follow, max-snippet:-1, max-image-preview:large, max-video-preview:-1\" \/>\n<link rel=\"canonical\" href=\"https:\/\/www.salzburgerland.com\/de\/magazin\/das-kneipp-hotel-vor-den-toren-der-mozartstadt\/\" \/>\n<meta property=\"og:locale\" content=\"de_DE\" \/>\n<meta property=\"og:type\" content=\"article\" \/>\n<meta property=\"og:title\" content=\"Das Kneipp-Hotel vor den Toren der Mozartstadt\" \/>\n<meta property=\"og:description\" content=\"Das Hotel Hammerschmiede liegt versteckt in einem kleinen Wald vor den Toren der Stadt Salzburg. Wie der Name schon sagt, geht das Hotel aus einer alten Schmiede hervor. Noch heute zeugen die alten Wasserr\u00e4der von dem Schmiedebetrieb, der seit 1737 bis 1965 bestand. Das Wasser, das zum n\u00f6tigen Antrieb der R\u00e4der ben\u00f6tigt wurde kam vom [&hellip;]\" \/>\n<meta property=\"og:url\" content=\"https:\/\/www.salzburgerland.com\/de\/magazin\/das-kneipp-hotel-vor-den-toren-der-mozartstadt\/\" \/>\n<meta property=\"og:site_name\" content=\"SalzburgerLand Magazin\" \/>\n<meta property=\"article:publisher\" content=\"https:\/\/www.facebook.com\/salzburgerland\/\" \/>\n<meta property=\"article:published_time\" content=\"2014-09-20T06:00:23+00:00\" \/>\n<meta property=\"og:image\" content=\"https:\/\/www.salzburgerland.com\/de\/magazin\/wp-content\/uploads\/2014\/09\/Hotel_Sommer_1.jpg\" \/>\n\t<meta property=\"og:image:width\" content=\"1600\" \/>\n\t<meta property=\"og:image:height\" content=\"1071\" \/>\n\t<meta property=\"og:image:type\" content=\"image\/jpeg\" \/>\n<meta name=\"author\" content=\"Heiko Mandl\" \/>\n<meta name=\"twitter:card\" content=\"summary_large_image\" \/>\n<meta name=\"twitter:creator\" content=\"@Salzburgerland\" \/>\n<meta name=\"twitter:site\" content=\"@Salzburgerland\" \/>\n<meta name=\"twitter:label1\" content=\"Verfasst von\" \/>\n\t<meta name=\"twitter:data1\" content=\"Heiko Mandl\" \/>\n\t<meta name=\"twitter:label2\" content=\"Gesch\u00e4tzte Lesezeit\" \/>\n\t<meta name=\"twitter:data2\" content=\"1\u00a0Minute\" \/>\n<script type=\"application\/ld+json\" class=\"yoast-schema-graph\">{\"@context\":\"https:\\\/\\\/schema.org\",\"@graph\":[{\"@type\":\"Article\",\"@id\":\"https:\\\/\\\/www.salzburgerland.com\\\/de\\\/magazin\\\/das-kneipp-hotel-vor-den-toren-der-mozartstadt\\\/#article\",\"isPartOf\":{\"@id\":\"https:\\\/\\\/www.salzburgerland.com\\\/de\\\/magazin\\\/das-kneipp-hotel-vor-den-toren-der-mozartstadt\\\/\"},\"author\":{\"name\":\"Heiko Mandl\",\"@id\":\"https:\\\/\\\/www.salzburgerland.com\\\/de\\\/magazin\\\/#\\\/schema\\\/person\\\/8871c7c764fce6ea66752310e7fe9e98\"},\"headline\":\"Das Kneipp-Hotel vor den Toren der Mozartstadt\",\"datePublished\":\"2014-09-20T06:00:23+00:00\",\"mainEntityOfPage\":{\"@id\":\"https:\\\/\\\/www.salzburgerland.com\\\/de\\\/magazin\\\/das-kneipp-hotel-vor-den-toren-der-mozartstadt\\\/\"},\"wordCount\":294,\"commentCount\":0,\"publisher\":{\"@id\":\"https:\\\/\\\/www.salzburgerland.com\\\/de\\\/magazin\\\/#organization\"},\"image\":{\"@id\":\"https:\\\/\\\/www.salzburgerland.com\\\/de\\\/magazin\\\/das-kneipp-hotel-vor-den-toren-der-mozartstadt\\\/#primaryimage\"},\"thumbnailUrl\":\"https:\\\/\\\/www.salzburgerland.com\\\/de\\\/magazin\\\/wp-content\\\/uploads\\\/2014\\\/09\\\/Hotel_Sommer_1.jpg\",\"articleSection\":[\"Hotel &amp; Reise\"],\"inLanguage\":\"de\",\"potentialAction\":[{\"@type\":\"CommentAction\",\"name\":\"Comment\",\"target\":[\"https:\\\/\\\/www.salzburgerland.com\\\/de\\\/magazin\\\/das-kneipp-hotel-vor-den-toren-der-mozartstadt\\\/#respond\"]}]},{\"@type\":\"WebPage\",\"@id\":\"https:\\\/\\\/www.salzburgerland.com\\\/de\\\/magazin\\\/das-kneipp-hotel-vor-den-toren-der-mozartstadt\\\/\",\"url\":\"https:\\\/\\\/www.salzburgerland.com\\\/de\\\/magazin\\\/das-kneipp-hotel-vor-den-toren-der-mozartstadt\\\/\",\"name\":\"Das Kneipp-Hotel vor den Toren der Mozartstadt - SalzburgerLand Magazin\",\"isPartOf\":{\"@id\":\"https:\\\/\\\/www.salzburgerland.com\\\/de\\\/magazin\\\/#website\"},\"primaryImageOfPage\":{\"@id\":\"https:\\\/\\\/www.salzburgerland.com\\\/de\\\/magazin\\\/das-kneipp-hotel-vor-den-toren-der-mozartstadt\\\/#primaryimage\"},\"image\":{\"@id\":\"https:\\\/\\\/www.salzburgerland.com\\\/de\\\/magazin\\\/das-kneipp-hotel-vor-den-toren-der-mozartstadt\\\/#primaryimage\"},\"thumbnailUrl\":\"https:\\\/\\\/www.salzburgerland.com\\\/de\\\/magazin\\\/wp-content\\\/uploads\\\/2014\\\/09\\\/Hotel_Sommer_1.jpg\",\"datePublished\":\"2014-09-20T06:00:23+00:00\",\"breadcrumb\":{\"@id\":\"https:\\\/\\\/www.salzburgerland.com\\\/de\\\/magazin\\\/das-kneipp-hotel-vor-den-toren-der-mozartstadt\\\/#breadcrumb\"},\"inLanguage\":\"de\",\"potentialAction\":[{\"@type\":\"ReadAction\",\"target\":[\"https:\\\/\\\/www.salzburgerland.com\\\/de\\\/magazin\\\/das-kneipp-hotel-vor-den-toren-der-mozartstadt\\\/\"]}]},{\"@type\":\"ImageObject\",\"inLanguage\":\"de\",\"@id\":\"https:\\\/\\\/www.salzburgerland.com\\\/de\\\/magazin\\\/das-kneipp-hotel-vor-den-toren-der-mozartstadt\\\/#primaryimage\",\"url\":\"https:\\\/\\\/www.salzburgerland.com\\\/de\\\/magazin\\\/wp-content\\\/uploads\\\/2014\\\/09\\\/Hotel_Sommer_1.jpg\",\"contentUrl\":\"https:\\\/\\\/www.salzburgerland.com\\\/de\\\/magazin\\\/wp-content\\\/uploads\\\/2014\\\/09\\\/Hotel_Sommer_1.jpg\",\"width\":1600,\"height\":1071,\"caption\":\"Naturidylle mitten im Wald.\"},{\"@type\":\"BreadcrumbList\",\"@id\":\"https:\\\/\\\/www.salzburgerland.com\\\/de\\\/magazin\\\/das-kneipp-hotel-vor-den-toren-der-mozartstadt\\\/#breadcrumb\",\"itemListElement\":[{\"@type\":\"ListItem\",\"position\":1,\"name\":\"Startseite\",\"item\":\"https:\\\/\\\/www.salzburgerland.com\\\/de\\\/magazin\\\/\"},{\"@type\":\"ListItem\",\"position\":2,\"name\":\"Hotel &amp; Reise\",\"item\":\"https:\\\/\\\/www.salzburgerland.com\\\/de\\\/magazin\\\/thema\\\/hotel-reise\\\/\"},{\"@type\":\"ListItem\",\"position\":3,\"name\":\"Das Kneipp-Hotel vor den Toren der Mozartstadt\"}]},{\"@type\":\"WebSite\",\"@id\":\"https:\\\/\\\/www.salzburgerland.com\\\/de\\\/magazin\\\/#website\",\"url\":\"https:\\\/\\\/www.salzburgerland.com\\\/de\\\/magazin\\\/\",\"name\":\"SalzburgerLand Magazin\",\"description\":\"Geschichten und Interessantes aus dem SalzburgerLand\",\"publisher\":{\"@id\":\"https:\\\/\\\/www.salzburgerland.com\\\/de\\\/magazin\\\/#organization\"},\"potentialAction\":[{\"@type\":\"SearchAction\",\"target\":{\"@type\":\"EntryPoint\",\"urlTemplate\":\"https:\\\/\\\/www.salzburgerland.com\\\/de\\\/magazin\\\/?s={search_term_string}\"},\"query-input\":{\"@type\":\"PropertyValueSpecification\",\"valueRequired\":true,\"valueName\":\"search_term_string\"}}],\"inLanguage\":\"de\"},{\"@type\":\"Organization\",\"@id\":\"https:\\\/\\\/www.salzburgerland.com\\\/de\\\/magazin\\\/#organization\",\"name\":\"SalzburgerLand Tourismus\",\"url\":\"https:\\\/\\\/www.salzburgerland.com\\\/de\\\/magazin\\\/\",\"logo\":{\"@type\":\"ImageObject\",\"inLanguage\":\"de\",\"@id\":\"https:\\\/\\\/www.salzburgerland.com\\\/de\\\/magazin\\\/#\\\/schema\\\/logo\\\/image\\\/\",\"url\":\"https:\\\/\\\/www.salzburgerland.com\\\/de\\\/magazin\\\/wp-content\\\/uploads\\\/2019\\\/06\\\/salzburgerland-logo1.jpg\",\"contentUrl\":\"https:\\\/\\\/www.salzburgerland.com\\\/de\\\/magazin\\\/wp-content\\\/uploads\\\/2019\\\/06\\\/salzburgerland-logo1.jpg\",\"width\":2011,\"height\":866,\"caption\":\"SalzburgerLand Tourismus\"},\"image\":{\"@id\":\"https:\\\/\\\/www.salzburgerland.com\\\/de\\\/magazin\\\/#\\\/schema\\\/logo\\\/image\\\/\"},\"sameAs\":[\"https:\\\/\\\/www.facebook.com\\\/salzburgerland\\\/\",\"https:\\\/\\\/x.com\\\/Salzburgerland\",\"https:\\\/\\\/www.instagram.com\\\/salzburgerland\\\/\",\"https:\\\/\\\/at.linkedin.com\\\/company\\\/salzburgerland-tourismus-gmbh\",\"https:\\\/\\\/www.pinterest.at\\\/salzburgerland\\\/\",\"https:\\\/\\\/www.youtube.com\\\/user\\\/salzburgerland\",\"https:\\\/\\\/de.wikipedia.org\\\/wiki\\\/SalzburgerLand_Tourismus_GmbH\"]},{\"@type\":\"Person\",\"@id\":\"https:\\\/\\\/www.salzburgerland.com\\\/de\\\/magazin\\\/#\\\/schema\\\/person\\\/8871c7c764fce6ea66752310e7fe9e98\",\"name\":\"Heiko Mandl\",\"description\":\"Heiko Mandl, geboren 1976 in Salzburg, ist durch den Journalismus zur Fotografie gekommen und ist seit zehn Jahren als selbstst\u00e4ndiger Fotograf und Autor in Salzburg t\u00e4tig. Schon von Kindheit an haben ihn die Berge vor seiner Haust\u00fcr fasziniert. Heute z\u00e4hlen sie unter anderem zu seinem Arbeitsplatz. Er arbeitet f\u00fcr internationale Outdoor- und Reisemagazine sowie zahlreiche Firmen und Agenturen. Luxushotel oder Almh\u00fctte: Ich kann beides genie\u00dfen und ich gehe das nach dem Motto: Alles zur richtigen Zeit und zur passenden Gelegenheit an. Wandern oder Laufen: Auf jeden Fall wandern, ist gem\u00fctlicher und man kann sich mehr auf die Umgebung konzentrieren. Golfplatz oder Klettergarten: Klettergarten, zumindest noch die n\u00e4chsten 20 Jahre. Fr\u00fchling, sommer, herbst oder Winter? Fr\u00fchling und Sommer und Herbst und Winter! Im SalzburgerLand ist es das ganze Jahr traumhaft sch\u00f6n. Wellness oder Mountainbike? Zuerst eine Runde mit dem Mountainbike und dann ab in den Wellnesstempel. Das eine schlie\u00dft das andere nicht aus!\",\"url\":\"https:\\\/\\\/www.salzburgerland.com\\\/de\\\/magazin\\\/author\\\/heiko-mandl\\\/\"}]}<\/script>\n<!-- \/ Yoast SEO Premium plugin. -->","yoast_head_json":{"title":"Das Kneipp-Hotel vor den Toren der Mozartstadt - SalzburgerLand Magazin","description":"Das Hotel Hammerschmiede liegt versteckt in einem kleinen Wald vor den Toren der Stadt Salzburg. Wie der Name schon sagt, geht das Hotel aus einer alten Schmiede hervor. Noch heute zeugen die alten Wasserr\u00e4der von dem Schmiedebetrieb, der seit 1737 bis 1965 bestand. Das Wasser, das zum n\u00f6tigen Antrieb der R\u00e4der ben\u00f6tigt wurde kam vom [&hellip;]","robots":{"index":"index","follow":"follow","max-snippet":"max-snippet:-1","max-image-preview":"max-image-preview:large","max-video-preview":"max-video-preview:-1"},"canonical":"https:\/\/www.salzburgerland.com\/de\/magazin\/das-kneipp-hotel-vor-den-toren-der-mozartstadt\/","og_locale":"de_DE","og_type":"article","og_title":"Das Kneipp-Hotel vor den Toren der Mozartstadt","og_description":"Das Hotel Hammerschmiede liegt versteckt in einem kleinen Wald vor den Toren der Stadt Salzburg. Wie der Name schon sagt, geht das Hotel aus einer alten Schmiede hervor. Noch heute zeugen die alten Wasserr\u00e4der von dem Schmiedebetrieb, der seit 1737 bis 1965 bestand. Das Wasser, das zum n\u00f6tigen Antrieb der R\u00e4der ben\u00f6tigt wurde kam vom [&hellip;]","og_url":"https:\/\/www.salzburgerland.com\/de\/magazin\/das-kneipp-hotel-vor-den-toren-der-mozartstadt\/","og_site_name":"SalzburgerLand Magazin","article_publisher":"https:\/\/www.facebook.com\/salzburgerland\/","article_published_time":"2014-09-20T06:00:23+00:00","og_image":[{"width":1600,"height":1071,"url":"https:\/\/www.salzburgerland.com\/de\/magazin\/wp-content\/uploads\/2014\/09\/Hotel_Sommer_1.jpg","type":"image\/jpeg"}],"author":"Heiko Mandl","twitter_card":"summary_large_image","twitter_creator":"@Salzburgerland","twitter_site":"@Salzburgerland","twitter_misc":{"Verfasst von":"Heiko Mandl","Gesch\u00e4tzte Lesezeit":"1\u00a0Minute"},"schema":{"@context":"https:\/\/schema.org","@graph":[{"@type":"Article","@id":"https:\/\/www.salzburgerland.com\/de\/magazin\/das-kneipp-hotel-vor-den-toren-der-mozartstadt\/#article","isPartOf":{"@id":"https:\/\/www.salzburgerland.com\/de\/magazin\/das-kneipp-hotel-vor-den-toren-der-mozartstadt\/"},"author":{"name":"Heiko Mandl","@id":"https:\/\/www.salzburgerland.com\/de\/magazin\/#\/schema\/person\/8871c7c764fce6ea66752310e7fe9e98"},"headline":"Das Kneipp-Hotel vor den Toren der Mozartstadt","datePublished":"2014-09-20T06:00:23+00:00","mainEntityOfPage":{"@id":"https:\/\/www.salzburgerland.com\/de\/magazin\/das-kneipp-hotel-vor-den-toren-der-mozartstadt\/"},"wordCount":294,"commentCount":0,"publisher":{"@id":"https:\/\/www.salzburgerland.com\/de\/magazin\/#organization"},"image":{"@id":"https:\/\/www.salzburgerland.com\/de\/magazin\/das-kneipp-hotel-vor-den-toren-der-mozartstadt\/#primaryimage"},"thumbnailUrl":"https:\/\/www.salzburgerland.com\/de\/magazin\/wp-content\/uploads\/2014\/09\/Hotel_Sommer_1.jpg","articleSection":["Hotel &amp; Reise"],"inLanguage":"de","potentialAction":[{"@type":"CommentAction","name":"Comment","target":["https:\/\/www.salzburgerland.com\/de\/magazin\/das-kneipp-hotel-vor-den-toren-der-mozartstadt\/#respond"]}]},{"@type":"WebPage","@id":"https:\/\/www.salzburgerland.com\/de\/magazin\/das-kneipp-hotel-vor-den-toren-der-mozartstadt\/","url":"https:\/\/www.salzburgerland.com\/de\/magazin\/das-kneipp-hotel-vor-den-toren-der-mozartstadt\/","name":"Das Kneipp-Hotel vor den Toren der Mozartstadt - SalzburgerLand Magazin","isPartOf":{"@id":"https:\/\/www.salzburgerland.com\/de\/magazin\/#website"},"primaryImageOfPage":{"@id":"https:\/\/www.salzburgerland.com\/de\/magazin\/das-kneipp-hotel-vor-den-toren-der-mozartstadt\/#primaryimage"},"image":{"@id":"https:\/\/www.salzburgerland.com\/de\/magazin\/das-kneipp-hotel-vor-den-toren-der-mozartstadt\/#primaryimage"},"thumbnailUrl":"https:\/\/www.salzburgerland.com\/de\/magazin\/wp-content\/uploads\/2014\/09\/Hotel_Sommer_1.jpg","datePublished":"2014-09-20T06:00:23+00:00","breadcrumb":{"@id":"https:\/\/www.salzburgerland.com\/de\/magazin\/das-kneipp-hotel-vor-den-toren-der-mozartstadt\/#breadcrumb"},"inLanguage":"de","potentialAction":[{"@type":"ReadAction","target":["https:\/\/www.salzburgerland.com\/de\/magazin\/das-kneipp-hotel-vor-den-toren-der-mozartstadt\/"]}]},{"@type":"ImageObject","inLanguage":"de","@id":"https:\/\/www.salzburgerland.com\/de\/magazin\/das-kneipp-hotel-vor-den-toren-der-mozartstadt\/#primaryimage","url":"https:\/\/www.salzburgerland.com\/de\/magazin\/wp-content\/uploads\/2014\/09\/Hotel_Sommer_1.jpg","contentUrl":"https:\/\/www.salzburgerland.com\/de\/magazin\/wp-content\/uploads\/2014\/09\/Hotel_Sommer_1.jpg","width":1600,"height":1071,"caption":"Naturidylle mitten im Wald."},{"@type":"BreadcrumbList","@id":"https:\/\/www.salzburgerland.com\/de\/magazin\/das-kneipp-hotel-vor-den-toren-der-mozartstadt\/#breadcrumb","itemListElement":[{"@type":"ListItem","position":1,"name":"Startseite","item":"https:\/\/www.salzburgerland.com\/de\/magazin\/"},{"@type":"ListItem","position":2,"name":"Hotel &amp; Reise","item":"https:\/\/www.salzburgerland.com\/de\/magazin\/thema\/hotel-reise\/"},{"@type":"ListItem","position":3,"name":"Das Kneipp-Hotel vor den Toren der Mozartstadt"}]},{"@type":"WebSite","@id":"https:\/\/www.salzburgerland.com\/de\/magazin\/#website","url":"https:\/\/www.salzburgerland.com\/de\/magazin\/","name":"SalzburgerLand Magazin","description":"Geschichten und Interessantes aus dem SalzburgerLand","publisher":{"@id":"https:\/\/www.salzburgerland.com\/de\/magazin\/#organization"},"potentialAction":[{"@type":"SearchAction","target":{"@type":"EntryPoint","urlTemplate":"https:\/\/www.salzburgerland.com\/de\/magazin\/?s={search_term_string}"},"query-input":{"@type":"PropertyValueSpecification","valueRequired":true,"valueName":"search_term_string"}}],"inLanguage":"de"},{"@type":"Organization","@id":"https:\/\/www.salzburgerland.com\/de\/magazin\/#organization","name":"SalzburgerLand Tourismus","url":"https:\/\/www.salzburgerland.com\/de\/magazin\/","logo":{"@type":"ImageObject","inLanguage":"de","@id":"https:\/\/www.salzburgerland.com\/de\/magazin\/#\/schema\/logo\/image\/","url":"https:\/\/www.salzburgerland.com\/de\/magazin\/wp-content\/uploads\/2019\/06\/salzburgerland-logo1.jpg","contentUrl":"https:\/\/www.salzburgerland.com\/de\/magazin\/wp-content\/uploads\/2019\/06\/salzburgerland-logo1.jpg","width":2011,"height":866,"caption":"SalzburgerLand Tourismus"},"image":{"@id":"https:\/\/www.salzburgerland.com\/de\/magazin\/#\/schema\/logo\/image\/"},"sameAs":["https:\/\/www.facebook.com\/salzburgerland\/","https:\/\/x.com\/Salzburgerland","https:\/\/www.instagram.com\/salzburgerland\/","https:\/\/at.linkedin.com\/company\/salzburgerland-tourismus-gmbh","https:\/\/www.pinterest.at\/salzburgerland\/","https:\/\/www.youtube.com\/user\/salzburgerland","https:\/\/de.wikipedia.org\/wiki\/SalzburgerLand_Tourismus_GmbH"]},{"@type":"Person","@id":"https:\/\/www.salzburgerland.com\/de\/magazin\/#\/schema\/person\/8871c7c764fce6ea66752310e7fe9e98","name":"Heiko Mandl","description":"Heiko Mandl, geboren 1976 in Salzburg, ist durch den Journalismus zur Fotografie gekommen und ist seit zehn Jahren als selbstst\u00e4ndiger Fotograf und Autor in Salzburg t\u00e4tig. Schon von Kindheit an haben ihn die Berge vor seiner Haust\u00fcr fasziniert. Heute z\u00e4hlen sie unter anderem zu seinem Arbeitsplatz. Er arbeitet f\u00fcr internationale Outdoor- und Reisemagazine sowie zahlreiche Firmen und Agenturen. Luxushotel oder Almh\u00fctte: Ich kann beides genie\u00dfen und ich gehe das nach dem Motto: Alles zur richtigen Zeit und zur passenden Gelegenheit an. Wandern oder Laufen: Auf jeden Fall wandern, ist gem\u00fctlicher und man kann sich mehr auf die Umgebung konzentrieren. Golfplatz oder Klettergarten: Klettergarten, zumindest noch die n\u00e4chsten 20 Jahre. Fr\u00fchling, sommer, herbst oder Winter? Fr\u00fchling und Sommer und Herbst und Winter! Im SalzburgerLand ist es das ganze Jahr traumhaft sch\u00f6n. Wellness oder Mountainbike? Zuerst eine Runde mit dem Mountainbike und dann ab in den Wellnesstempel. Das eine schlie\u00dft das andere nicht aus!","url":"https:\/\/www.salzburgerland.com\/de\/magazin\/author\/heiko-mandl\/"}]}},"_wl_alt_label":[],"wl:entity_url":"http:\/\/open.salzburgerland.com\/magazin\/post\/das_kneipp-hotel_vor_den_toren_der_mozartstadt","_links":{"self":[{"href":"https:\/\/www.salzburgerland.com\/de\/magazin\/wp-json\/wp\/v2\/posts\/91469","targetHints":{"allow":["GET"]}}],"collection":[{"href":"https:\/\/www.salzburgerland.com\/de\/magazin\/wp-json\/wp\/v2\/posts"}],"about":[{"href":"https:\/\/www.salzburgerland.com\/de\/magazin\/wp-json\/wp\/v2\/types\/post"}],"author":[{"embeddable":true,"href":"https:\/\/www.salzburgerland.com\/de\/magazin\/wp-json\/wp\/v2\/users\/10"}],"replies":[{"embeddable":true,"href":"https:\/\/www.salzburgerland.com\/de\/magazin\/wp-json\/wp\/v2\/comments?post=91469"}],"version-history":[{"count":0,"href":"https:\/\/www.salzburgerland.com\/de\/magazin\/wp-json\/wp\/v2\/posts\/91469\/revisions"}],"wp:featuredmedia":[{"embeddable":true,"href":"https:\/\/www.salzburgerland.com\/de\/magazin\/wp-json\/wp\/v2\/media\/91477"}],"wp:attachment":[{"href":"https:\/\/www.salzburgerland.com\/de\/magazin\/wp-json\/wp\/v2\/media?parent=91469"}],"wp:term":[{"taxonomy":"category","embeddable":true,"href":"https:\/\/www.salzburgerland.com\/de\/magazin\/wp-json\/wp\/v2\/categories?post=91469"},{"taxonomy":"post_tag","embeddable":true,"href":"https:\/\/www.salzburgerland.com\/de\/magazin\/wp-json\/wp\/v2\/tags?post=91469"},{"taxonomy":"wl_entity_type","embeddable":true,"href":"https:\/\/www.salzburgerland.com\/de\/magazin\/wp-json\/wp\/v2\/wl_entity_type?post=91469"},{"taxonomy":"monatsauswahl","embeddable":true,"href":"https:\/\/www.salzburgerland.com\/de\/magazin\/wp-json\/wp\/v2\/monatsauswahl?post=91469"}],"curies":[{"name":"wp","href":"https:\/\/api.w.org\/{rel}","templated":true}]}}