{"id":91405,"date":"2020-09-14T08:00:34","date_gmt":"2020-09-14T06:00:34","guid":{"rendered":"http:\/\/magazin.salzburgerland.com\/?p=91405"},"modified":"2025-03-04T07:09:56","modified_gmt":"2025-03-04T06:09:56","slug":"mit-dem-e-bike-durch-die-mozartstadt","status":"publish","type":"post","link":"https:\/\/www.salzburgerland.com\/de\/magazin\/mit-dem-e-bike-durch-die-mozartstadt\/","title":{"rendered":"Mit dem E-Bike durch die Mozartstadt"},"content":{"rendered":"\n<h2 class=\"wp-block-slt-subtitle\">City-Tour auf die bequeme Art<\/h2>\n\n\n\n<p class=\"wp-block-slt-intro\">Die Stadt Salzburg hat ja so einige Highlights und Sehensw\u00fcrdigkeiten zu bieten. Wer mit dem E-Bike unterwegs ist, kommt m\u00fchelos von A nach B oder besser gesagt von Mozarts Geburtshaus zum Schloss Mirabell oder vom Festspielbezirk in die Parkanlage von Hellbrunn. <\/p>\n\n\n\n<p>Zun\u00e4chst nur vereinzelt unterwegs, sieht man heute immer mehr Menschen mit e-Bikes durch die Gegend radeln. Flott kommt man voran, ohne gro\u00dfe Anstrengung, und das genie\u00dfen nicht nur \u00e4ltere Semester. Auch viele j\u00fcngere haben die Vorliebe f\u00fcr diese gem\u00fctliche Art zu radeln entdeckt. Und so eine e-Bike Tour in den Bergen kann auch mit Antrieb ganz sch\u00f6n fordernd sein.<\/p>\n\n\n\n<h2 class=\"wp-block-heading\" id=\"h-mit-dem-e-bike-die-stadt-salzburg-entdecken\">Mit dem E-Bike die Stadt Salzburg entdecken <\/h2>\n\n\n\n<p>Es kann nichts Einfacheres geben, als unterst\u00fctzt durch den E-Motor durch die Gassen der Mozartstadt zu rollen und die n\u00e4here Umgebung des Stadtkerns zu entdecken. Neben den vielen Sehensw\u00fcrdigkeiten rund um die <a href=\"https:\/\/www.salzburg.info\/de\/sehenswertes\/top10\/getreidegasse\" target=\"_blank\" rel=\"noreferrer noopener\">Getreidegasse<\/a> mit dem <a href=\"https:\/\/www.salzburg.info\/de\/sehenswertes\/top10\/mozarts-geburtshaus\" target=\"_blank\" rel=\"noreferrer noopener\">Geburtshaus von Wolfgang Amadeus Mozart <\/a>hat Salzburg auch einige Naturschaupl\u00e4tze f\u00fcr die radelnden G\u00e4ste parat. Ein paar Minuten entfernt liegt zum Beispiel der Leopoldskronerweiher mit dem imposanten <a href=\"https:\/\/www.schloss-leopoldskron.com\/\" target=\"_blank\" rel=\"noreferrer noopener\">Schloss <\/a>und den Enten und Schw\u00e4nen, die rund ums Jahr auf Futter warten. Oder aber man radelt durch die Allee nach <a href=\"https:\/\/www.hellbrunn.at\/\" target=\"_blank\" rel=\"noreferrer noopener\">Hellbrunn <\/a>und besucht den Zoo, das Schloss, die Wasserspiele oder spaziert einfach nur durch den Park.<\/p>\n\n\n\n<p>Wer ein paar H\u00f6henmeter zur\u00fccklegen will, der f\u00e4hrt die Rampen zur <a rel=\"noreferrer noopener\" href=\"https:\/\/www.salzburg-burgen.at\/de\/festung-hohensalzburg\/\" target=\"_blank\">Festung Hohensalzburg<\/a> hinauf oder auf einen der umliegenden Stadtberge, wie Kapuziner- und M\u00f6nchsberg. Von dort oben hat man einfach einen wundersch\u00f6nen Ausblick auf die D\u00e4cher der Stadt Salzburg.<\/p>\n\n\n\n<p>\u00dcbrigens: <a href=\"https:\/\/www.salzburg.info\/de\/reiseinfos\/anreise-verkehr\/radfahren\/verleih\" target=\"_blank\" rel=\"noreferrer noopener\">Radverleih-Stellen inkl. E-Bikes<\/a> finden Sie in der Stadt einige und nat\u00fcrlich d\u00fcrfen auch die <a href=\"https:\/\/www.salzburg.info\/de\/reiseinfos\/salzburg-a-z\/e-bike-ladestationen_az_337844\" target=\"_blank\" rel=\"noreferrer noopener\">Ladestationen<\/a> nicht fehlen.<\/p>\n\n\n<div class=\"mag-gallery\"><div class=\"row\"><div class=\"col-6 col-sm-4\"><figure><a class=\"thumb-container\" href=\"https:\/\/www.salzburgerland.com\/de\/magazin\/wp-content\/uploads\/2014\/09\/hm_ktm2012_003-1280x1024.jpg\">\t<picture><source media=\"(min-width: 576px)\" srcset=\"https:\/\/www.salzburgerland.com\/de\/magazin\/wp-content\/uploads\/2014\/09\/hm_ktm2012_003-325x209.jpg 325w, https:\/\/www.salzburgerland.com\/de\/magazin\/wp-content\/uploads\/2014\/09\/hm_ktm2012_003-249x160.jpg 249w\"><\/source><source media=\"(min-width: 0)\" srcset=\"https:\/\/www.salzburgerland.com\/de\/magazin\/wp-content\/uploads\/2014\/09\/hm_ktm2012_003-249x160.jpg 249w, https:\/\/www.salzburgerland.com\/de\/magazin\/wp-content\/uploads\/2014\/09\/hm_ktm2012_003-325x209.jpg 325w\"><\/source><img decoding=\"async\" alt=\"Zwei Radfahrer fahren auf einem Seeuferweg mit B&auml;umen, ruhigem Wasser und Bergen im Hintergrund.\" src=\"https:\/\/www.salzburgerland.com\/de\/magazin\/wp-content\/uploads\/2014\/09\/hm_ktm2012_003.jpg\">\t<\/picture><\/a><\/figure><\/div><div class=\"col-6 col-sm-4\"><figure><a class=\"thumb-container\" href=\"https:\/\/www.salzburgerland.com\/de\/magazin\/wp-content\/uploads\/2014\/09\/hm_ktm2012_011-1280x1024.jpg\">\t<picture><source media=\"(min-width: 576px)\" srcset=\"\"><\/source><source media=\"(min-width: 0)\" srcset=\"https:\/\/www.salzburgerland.com\/de\/magazin\/wp-content\/uploads\/2014\/09\/hm_ktm2012_011.jpg 900w, https:\/\/www.salzburgerland.com\/de\/magazin\/wp-content\/uploads\/2014\/09\/hm_ktm2012_011-200x300.jpg 200w, https:\/\/www.salzburgerland.com\/de\/magazin\/wp-content\/uploads\/2014\/09\/hm_ktm2012_011-367x550.jpg 367w, https:\/\/www.salzburgerland.com\/de\/magazin\/wp-content\/uploads\/2014\/09\/hm_ktm2012_011-267x400.jpg 267w\"><\/source><img decoding=\"async\" alt=\"Zwei Menschen mit Fahrr&auml;dern und Helmen l&auml;cheln, w&auml;hrend sie sich eine gro&szlig;e Brezel auf einer Stadtstra&szlig;e teilen.\" src=\"https:\/\/www.salzburgerland.com\/de\/magazin\/wp-content\/uploads\/2014\/09\/hm_ktm2012_011.jpg\">\t<\/picture><\/a><\/figure><\/div><div class=\"col-6 col-sm-4\"><figure><a class=\"thumb-container\" href=\"https:\/\/www.salzburgerland.com\/de\/magazin\/wp-content\/uploads\/2014\/09\/hm_ktm2012_013-1280x1024.jpg\">\t<picture><source media=\"(min-width: 576px)\" srcset=\"https:\/\/www.salzburgerland.com\/de\/magazin\/wp-content\/uploads\/2014\/09\/hm_ktm2012_013-325x209.jpg 325w, https:\/\/www.salzburgerland.com\/de\/magazin\/wp-content\/uploads\/2014\/09\/hm_ktm2012_013-249x160.jpg 249w\"><\/source><source media=\"(min-width: 0)\" srcset=\"https:\/\/www.salzburgerland.com\/de\/magazin\/wp-content\/uploads\/2014\/09\/hm_ktm2012_013-249x160.jpg 249w, https:\/\/www.salzburgerland.com\/de\/magazin\/wp-content\/uploads\/2014\/09\/hm_ktm2012_013-325x209.jpg 325w\"><\/source><img decoding=\"async\" alt=\"Zwei Personen mit Helmen fahren nebeneinander auf einer Stadtstra&szlig;e vor einem modernen Geb&auml;ude Fahrrad.\" src=\"https:\/\/www.salzburgerland.com\/de\/magazin\/wp-content\/uploads\/2014\/09\/hm_ktm2012_013.jpg\">\t<\/picture><\/a><\/figure><\/div><div class=\"col-6 col-sm-4\"><figure><a class=\"thumb-container\" href=\"https:\/\/www.salzburgerland.com\/de\/magazin\/wp-content\/uploads\/2014\/09\/hm_ktm2012_014-1280x1024.jpg\">\t<picture><source media=\"(min-width: 576px)\" srcset=\"https:\/\/www.salzburgerland.com\/de\/magazin\/wp-content\/uploads\/2014\/09\/hm_ktm2012_014-325x209.jpg 325w, https:\/\/www.salzburgerland.com\/de\/magazin\/wp-content\/uploads\/2014\/09\/hm_ktm2012_014-249x160.jpg 249w\"><\/source><source media=\"(min-width: 0)\" srcset=\"https:\/\/www.salzburgerland.com\/de\/magazin\/wp-content\/uploads\/2014\/09\/hm_ktm2012_014-249x160.jpg 249w, https:\/\/www.salzburgerland.com\/de\/magazin\/wp-content\/uploads\/2014\/09\/hm_ktm2012_014-325x209.jpg 325w\"><\/source><img decoding=\"async\" alt=\"Zwei Personen mit Helmen fahren mit dem Fahrrad auf einem Kopfsteinpflasterweg mit malerischen Bergen im Hintergrund.\" src=\"https:\/\/www.salzburgerland.com\/de\/magazin\/wp-content\/uploads\/2014\/09\/hm_ktm2012_014.jpg\">\t<\/picture><\/a><\/figure><\/div><div class=\"col-6 col-sm-4\"><figure><a class=\"thumb-container\" href=\"https:\/\/www.salzburgerland.com\/de\/magazin\/wp-content\/uploads\/2014\/09\/hm_ktm2012_019-1280x1024.jpg\">\t<picture><source media=\"(min-width: 576px)\" srcset=\"https:\/\/www.salzburgerland.com\/de\/magazin\/wp-content\/uploads\/2014\/09\/hm_ktm2012_019-325x209.jpg 325w, https:\/\/www.salzburgerland.com\/de\/magazin\/wp-content\/uploads\/2014\/09\/hm_ktm2012_019-249x160.jpg 249w\"><\/source><source media=\"(min-width: 0)\" srcset=\"https:\/\/www.salzburgerland.com\/de\/magazin\/wp-content\/uploads\/2014\/09\/hm_ktm2012_019-249x160.jpg 249w, https:\/\/www.salzburgerland.com\/de\/magazin\/wp-content\/uploads\/2014\/09\/hm_ktm2012_019-325x209.jpg 325w\"><\/source><img decoding=\"async\" alt=\"Ein Paar sitzt mit Helmen und Fahrr&auml;dern im Gras vor einem gro&szlig;en Geb&auml;ude an einem sonnigen Tag.\" src=\"https:\/\/www.salzburgerland.com\/de\/magazin\/wp-content\/uploads\/2014\/09\/hm_ktm2012_019.jpg\">\t<\/picture><\/a><\/figure><\/div><div class=\"col-6 col-sm-4\"><figure><a class=\"thumb-container\" href=\"https:\/\/www.salzburgerland.com\/de\/magazin\/wp-content\/uploads\/2014\/09\/hm_ktm2012_020-1280x1024.jpg\">\t<picture><source media=\"(min-width: 576px)\" srcset=\"\"><\/source><source media=\"(min-width: 0)\" srcset=\"https:\/\/www.salzburgerland.com\/de\/magazin\/wp-content\/uploads\/2014\/09\/hm_ktm2012_020.jpg 900w, https:\/\/www.salzburgerland.com\/de\/magazin\/wp-content\/uploads\/2014\/09\/hm_ktm2012_020-200x300.jpg 200w, https:\/\/www.salzburgerland.com\/de\/magazin\/wp-content\/uploads\/2014\/09\/hm_ktm2012_020-367x550.jpg 367w, https:\/\/www.salzburgerland.com\/de\/magazin\/wp-content\/uploads\/2014\/09\/hm_ktm2012_020-267x400.jpg 267w\"><\/source><img decoding=\"async\" alt=\"Zwei Personen mit Helmen fahren auf einem historischen europ&auml;ischen Stadtplatz unter Steinb&ouml;gen Fahrrad.\" src=\"https:\/\/www.salzburgerland.com\/de\/magazin\/wp-content\/uploads\/2014\/09\/hm_ktm2012_020.jpg\">\t<\/picture><\/a><\/figure><\/div><div class=\"col-6 col-sm-4\"><figure><a class=\"thumb-container\" href=\"https:\/\/www.salzburgerland.com\/de\/magazin\/wp-content\/uploads\/2014\/09\/hm_ktm2012_023-1280x1024.jpg\">\t<picture><source media=\"(min-width: 576px)\" srcset=\"https:\/\/www.salzburgerland.com\/de\/magazin\/wp-content\/uploads\/2014\/09\/hm_ktm2012_023-325x209.jpg 325w, https:\/\/www.salzburgerland.com\/de\/magazin\/wp-content\/uploads\/2014\/09\/hm_ktm2012_023-249x160.jpg 249w\"><\/source><source media=\"(min-width: 0)\" srcset=\"https:\/\/www.salzburgerland.com\/de\/magazin\/wp-content\/uploads\/2014\/09\/hm_ktm2012_023-249x160.jpg 249w, https:\/\/www.salzburgerland.com\/de\/magazin\/wp-content\/uploads\/2014\/09\/hm_ktm2012_023-325x209.jpg 325w\"><\/source><img decoding=\"async\" alt=\"Zwei Radfahrer fahren an einem sonnigen Tag unter den &Auml;sten eines Baumes einen Uferweg entlang.\" src=\"https:\/\/www.salzburgerland.com\/de\/magazin\/wp-content\/uploads\/2014\/09\/hm_ktm2012_023.jpg\">\t<\/picture><\/a><\/figure><\/div><div class=\"col-6 col-sm-4\"><figure><a class=\"thumb-container\" href=\"https:\/\/www.salzburgerland.com\/de\/magazin\/wp-content\/uploads\/2014\/09\/hm_ktm2012_029-1280x1024.jpg\">\t<picture><source media=\"(min-width: 576px)\" srcset=\"https:\/\/www.salzburgerland.com\/de\/magazin\/wp-content\/uploads\/2014\/09\/hm_ktm2012_029-325x209.jpg 325w, https:\/\/www.salzburgerland.com\/de\/magazin\/wp-content\/uploads\/2014\/09\/hm_ktm2012_029-249x160.jpg 249w\"><\/source><source media=\"(min-width: 0)\" srcset=\"https:\/\/www.salzburgerland.com\/de\/magazin\/wp-content\/uploads\/2014\/09\/hm_ktm2012_029-249x160.jpg 249w, https:\/\/www.salzburgerland.com\/de\/magazin\/wp-content\/uploads\/2014\/09\/hm_ktm2012_029-325x209.jpg 325w\"><\/source><img decoding=\"async\" alt=\"Zwei Radfahrer fahren an einem sonnigen Tag auf einem Kiesweg neben einem ruhigen, von B&auml;umen ges&auml;umten See.\" src=\"https:\/\/www.salzburgerland.com\/de\/magazin\/wp-content\/uploads\/2014\/09\/hm_ktm2012_029.jpg\">\t<\/picture><\/a><\/figure><\/div><div class=\"col-6 col-sm-4\"><figure><a class=\"thumb-container\" href=\"https:\/\/www.salzburgerland.com\/de\/magazin\/wp-content\/uploads\/2014\/09\/hm_ktm2012_034-1280x1024.jpg\">\t<picture><source media=\"(min-width: 576px)\" srcset=\"\"><\/source><source media=\"(min-width: 0)\" srcset=\"https:\/\/www.salzburgerland.com\/de\/magazin\/wp-content\/uploads\/2014\/09\/hm_ktm2012_034.jpg 900w, https:\/\/www.salzburgerland.com\/de\/magazin\/wp-content\/uploads\/2014\/09\/hm_ktm2012_034-200x300.jpg 200w, https:\/\/www.salzburgerland.com\/de\/magazin\/wp-content\/uploads\/2014\/09\/hm_ktm2012_034-367x550.jpg 367w, https:\/\/www.salzburgerland.com\/de\/magazin\/wp-content\/uploads\/2014\/09\/hm_ktm2012_034-267x400.jpg 267w\"><\/source><img decoding=\"async\" alt=\"Zwei Personen mit Helmen fahren mit dem Fahrrad auf einer Kopfsteinpflasterstra&szlig;e vor einem gelben Geb&auml;ude.\" src=\"https:\/\/www.salzburgerland.com\/de\/magazin\/wp-content\/uploads\/2014\/09\/hm_ktm2012_034.jpg\">\t<\/picture><\/a><\/figure><\/div><\/div><figcaption><\/figcaption><\/div>\n","protected":false},"excerpt":{"rendered":"<p>Zun\u00e4chst nur vereinzelt unterwegs, sieht man heute immer mehr Menschen mit e-Bikes durch die Gegend radeln. Flott kommt man voran, ohne gro\u00dfe Anstrengung, und das genie\u00dfen nicht nur \u00e4ltere Semester. Auch viele j\u00fcngere haben die Vorliebe f\u00fcr diese gem\u00fctliche Art zu radeln entdeckt. Und so eine e-Bike Tour in den Bergen kann auch mit Antrieb [&hellip;]<\/p>\n","protected":false},"author":10,"featured_media":91418,"comment_status":"open","ping_status":"open","sticky":false,"template":"","format":"standard","meta":{"_acf_changed":false,"wl_entities_gutenberg":"","_wl_entity_redirect_enabled":"","footnotes":""},"categories":[8],"tags":[234],"wl_entity_type":[306],"monatsauswahl":[85,86,87,88,89,90,91],"class_list":["post-91405","post","type-post","status-publish","format-standard","has-post-thumbnail","hentry","category-outdoor-sport","tag-rad-stories","wl_entity_type-article","monatsauswahl-monat_4","monatsauswahl-monat_5","monatsauswahl-monat_6","monatsauswahl-monat_7","monatsauswahl-monat_8","monatsauswahl-monat_9","monatsauswahl-monat_10"],"acf":[],"yoast_head":"<!-- This site is optimized with the Yoast SEO Premium plugin v27.4 (Yoast SEO v27.4) - https:\/\/yoast.com\/product\/yoast-seo-premium-wordpress\/ -->\n<title>Mit dem E-Bike durch die Mozartstadt - SalzburgerLand Magazin<\/title>\n<meta name=\"description\" content=\"Die Stadt Salzburg hat ja so einige Highlights und Sehensw\u00fcrdigkeiten zu bieten. Wer mit dem E-Bike unterwegs ist, kommt m\u00fchelos von A nach B oder besser gesagt von Mozarts Geburtshaus zum Schloss Mirabell oder vom Festspielbezirk in die Parkanlage von Hellbrunn.\" \/>\n<meta name=\"robots\" content=\"index, follow, max-snippet:-1, max-image-preview:large, max-video-preview:-1\" \/>\n<link rel=\"canonical\" href=\"https:\/\/www.salzburgerland.com\/de\/magazin\/mit-dem-e-bike-durch-die-mozartstadt\/\" \/>\n<meta property=\"og:locale\" content=\"de_DE\" \/>\n<meta property=\"og:type\" content=\"article\" \/>\n<meta property=\"og:title\" content=\"Mit dem E-Bike durch die Mozartstadt\" \/>\n<meta property=\"og:description\" content=\"Zun\u00e4chst nur vereinzelt unterwegs, sieht man heute immer mehr Menschen mit e-Bikes durch die Gegend radeln. Flott kommt man voran, ohne gro\u00dfe Anstrengung, und das genie\u00dfen nicht nur \u00e4ltere Semester. Auch viele j\u00fcngere haben die Vorliebe f\u00fcr diese gem\u00fctliche Art zu radeln entdeckt. Und so eine e-Bike Tour in den Bergen kann auch mit Antrieb [&hellip;]\" \/>\n<meta property=\"og:url\" content=\"https:\/\/www.salzburgerland.com\/de\/magazin\/mit-dem-e-bike-durch-die-mozartstadt\/\" \/>\n<meta property=\"og:site_name\" content=\"SalzburgerLand Magazin\" \/>\n<meta property=\"article:publisher\" content=\"https:\/\/www.facebook.com\/salzburgerland\/\" \/>\n<meta property=\"article:published_time\" content=\"2020-09-14T06:00:34+00:00\" \/>\n<meta property=\"article:modified_time\" content=\"2025-03-04T06:09:56+00:00\" \/>\n<meta property=\"og:image\" content=\"https:\/\/www.salzburgerland.com\/de\/magazin\/wp-content\/uploads\/2014\/09\/hm_ktm2012_014.jpg\" \/>\n\t<meta property=\"og:image:width\" content=\"900\" \/>\n\t<meta property=\"og:image:height\" content=\"600\" \/>\n\t<meta property=\"og:image:type\" content=\"image\/jpeg\" \/>\n<meta name=\"author\" content=\"Heiko Mandl\" \/>\n<meta name=\"twitter:card\" content=\"summary_large_image\" \/>\n<meta name=\"twitter:creator\" content=\"@Salzburgerland\" \/>\n<meta name=\"twitter:site\" content=\"@Salzburgerland\" \/>\n<meta name=\"twitter:label1\" content=\"Verfasst von\" \/>\n\t<meta name=\"twitter:data1\" content=\"Heiko Mandl\" \/>\n\t<meta name=\"twitter:label2\" content=\"Gesch\u00e4tzte Lesezeit\" \/>\n\t<meta name=\"twitter:data2\" content=\"4\u00a0Minuten\" \/>\n<script type=\"application\/ld+json\" class=\"yoast-schema-graph\">{\"@context\":\"https:\\\/\\\/schema.org\",\"@graph\":[{\"@type\":\"Article\",\"@id\":\"https:\\\/\\\/www.salzburgerland.com\\\/de\\\/magazin\\\/mit-dem-e-bike-durch-die-mozartstadt\\\/#article\",\"isPartOf\":{\"@id\":\"https:\\\/\\\/www.salzburgerland.com\\\/de\\\/magazin\\\/mit-dem-e-bike-durch-die-mozartstadt\\\/\"},\"author\":{\"name\":\"Heiko Mandl\",\"@id\":\"https:\\\/\\\/www.salzburgerland.com\\\/de\\\/magazin\\\/#\\\/schema\\\/person\\\/8871c7c764fce6ea66752310e7fe9e98\"},\"headline\":\"Mit dem E-Bike durch die Mozartstadt\",\"datePublished\":\"2020-09-14T06:00:34+00:00\",\"dateModified\":\"2025-03-04T06:09:56+00:00\",\"mainEntityOfPage\":{\"@id\":\"https:\\\/\\\/www.salzburgerland.com\\\/de\\\/magazin\\\/mit-dem-e-bike-durch-die-mozartstadt\\\/\"},\"wordCount\":298,\"commentCount\":0,\"publisher\":{\"@id\":\"https:\\\/\\\/www.salzburgerland.com\\\/de\\\/magazin\\\/#organization\"},\"image\":{\"@id\":\"https:\\\/\\\/www.salzburgerland.com\\\/de\\\/magazin\\\/mit-dem-e-bike-durch-die-mozartstadt\\\/#primaryimage\"},\"thumbnailUrl\":\"https:\\\/\\\/www.salzburgerland.com\\\/de\\\/magazin\\\/wp-content\\\/uploads\\\/2014\\\/09\\\/hm_ktm2012_014.jpg\",\"keywords\":[\"RAD STORIES aus dem SalzburgerLand\"],\"articleSection\":[\"Outdoor &amp; Sport\"],\"inLanguage\":\"de\",\"potentialAction\":[{\"@type\":\"CommentAction\",\"name\":\"Comment\",\"target\":[\"https:\\\/\\\/www.salzburgerland.com\\\/de\\\/magazin\\\/mit-dem-e-bike-durch-die-mozartstadt\\\/#respond\"]}]},{\"@type\":\"WebPage\",\"@id\":\"https:\\\/\\\/www.salzburgerland.com\\\/de\\\/magazin\\\/mit-dem-e-bike-durch-die-mozartstadt\\\/\",\"url\":\"https:\\\/\\\/www.salzburgerland.com\\\/de\\\/magazin\\\/mit-dem-e-bike-durch-die-mozartstadt\\\/\",\"name\":\"Mit dem E-Bike durch die Mozartstadt - SalzburgerLand Magazin\",\"isPartOf\":{\"@id\":\"https:\\\/\\\/www.salzburgerland.com\\\/de\\\/magazin\\\/#website\"},\"primaryImageOfPage\":{\"@id\":\"https:\\\/\\\/www.salzburgerland.com\\\/de\\\/magazin\\\/mit-dem-e-bike-durch-die-mozartstadt\\\/#primaryimage\"},\"image\":{\"@id\":\"https:\\\/\\\/www.salzburgerland.com\\\/de\\\/magazin\\\/mit-dem-e-bike-durch-die-mozartstadt\\\/#primaryimage\"},\"thumbnailUrl\":\"https:\\\/\\\/www.salzburgerland.com\\\/de\\\/magazin\\\/wp-content\\\/uploads\\\/2014\\\/09\\\/hm_ktm2012_014.jpg\",\"datePublished\":\"2020-09-14T06:00:34+00:00\",\"dateModified\":\"2025-03-04T06:09:56+00:00\",\"breadcrumb\":{\"@id\":\"https:\\\/\\\/www.salzburgerland.com\\\/de\\\/magazin\\\/mit-dem-e-bike-durch-die-mozartstadt\\\/#breadcrumb\"},\"inLanguage\":\"de\",\"potentialAction\":[{\"@type\":\"ReadAction\",\"target\":[\"https:\\\/\\\/www.salzburgerland.com\\\/de\\\/magazin\\\/mit-dem-e-bike-durch-die-mozartstadt\\\/\"]}]},{\"@type\":\"ImageObject\",\"inLanguage\":\"de\",\"@id\":\"https:\\\/\\\/www.salzburgerland.com\\\/de\\\/magazin\\\/mit-dem-e-bike-durch-die-mozartstadt\\\/#primaryimage\",\"url\":\"https:\\\/\\\/www.salzburgerland.com\\\/de\\\/magazin\\\/wp-content\\\/uploads\\\/2014\\\/09\\\/hm_ktm2012_014.jpg\",\"contentUrl\":\"https:\\\/\\\/www.salzburgerland.com\\\/de\\\/magazin\\\/wp-content\\\/uploads\\\/2014\\\/09\\\/hm_ktm2012_014.jpg\",\"width\":900,\"height\":600,\"caption\":\"\u00dcber den D\u00e4chern Salzburgs hat man einen sch\u00f6nen Ausblick auf die Umgebung.\"},{\"@type\":\"BreadcrumbList\",\"@id\":\"https:\\\/\\\/www.salzburgerland.com\\\/de\\\/magazin\\\/mit-dem-e-bike-durch-die-mozartstadt\\\/#breadcrumb\",\"itemListElement\":[{\"@type\":\"ListItem\",\"position\":1,\"name\":\"Startseite\",\"item\":\"https:\\\/\\\/www.salzburgerland.com\\\/de\\\/magazin\\\/\"},{\"@type\":\"ListItem\",\"position\":2,\"name\":\"Outdoor &amp; Sport\",\"item\":\"https:\\\/\\\/www.salzburgerland.com\\\/de\\\/magazin\\\/thema\\\/outdoor-sport\\\/\"},{\"@type\":\"ListItem\",\"position\":3,\"name\":\"Mit dem E-Bike durch die Mozartstadt\"}]},{\"@type\":\"WebSite\",\"@id\":\"https:\\\/\\\/www.salzburgerland.com\\\/de\\\/magazin\\\/#website\",\"url\":\"https:\\\/\\\/www.salzburgerland.com\\\/de\\\/magazin\\\/\",\"name\":\"SalzburgerLand Magazin\",\"description\":\"Geschichten und Interessantes aus dem SalzburgerLand\",\"publisher\":{\"@id\":\"https:\\\/\\\/www.salzburgerland.com\\\/de\\\/magazin\\\/#organization\"},\"potentialAction\":[{\"@type\":\"SearchAction\",\"target\":{\"@type\":\"EntryPoint\",\"urlTemplate\":\"https:\\\/\\\/www.salzburgerland.com\\\/de\\\/magazin\\\/?s={search_term_string}\"},\"query-input\":{\"@type\":\"PropertyValueSpecification\",\"valueRequired\":true,\"valueName\":\"search_term_string\"}}],\"inLanguage\":\"de\"},{\"@type\":\"Organization\",\"@id\":\"https:\\\/\\\/www.salzburgerland.com\\\/de\\\/magazin\\\/#organization\",\"name\":\"SalzburgerLand Tourismus\",\"url\":\"https:\\\/\\\/www.salzburgerland.com\\\/de\\\/magazin\\\/\",\"logo\":{\"@type\":\"ImageObject\",\"inLanguage\":\"de\",\"@id\":\"https:\\\/\\\/www.salzburgerland.com\\\/de\\\/magazin\\\/#\\\/schema\\\/logo\\\/image\\\/\",\"url\":\"https:\\\/\\\/www.salzburgerland.com\\\/de\\\/magazin\\\/wp-content\\\/uploads\\\/2019\\\/06\\\/salzburgerland-logo1.jpg\",\"contentUrl\":\"https:\\\/\\\/www.salzburgerland.com\\\/de\\\/magazin\\\/wp-content\\\/uploads\\\/2019\\\/06\\\/salzburgerland-logo1.jpg\",\"width\":2011,\"height\":866,\"caption\":\"SalzburgerLand Tourismus\"},\"image\":{\"@id\":\"https:\\\/\\\/www.salzburgerland.com\\\/de\\\/magazin\\\/#\\\/schema\\\/logo\\\/image\\\/\"},\"sameAs\":[\"https:\\\/\\\/www.facebook.com\\\/salzburgerland\\\/\",\"https:\\\/\\\/x.com\\\/Salzburgerland\",\"https:\\\/\\\/www.instagram.com\\\/salzburgerland\\\/\",\"https:\\\/\\\/at.linkedin.com\\\/company\\\/salzburgerland-tourismus-gmbh\",\"https:\\\/\\\/www.pinterest.at\\\/salzburgerland\\\/\",\"https:\\\/\\\/www.youtube.com\\\/user\\\/salzburgerland\",\"https:\\\/\\\/de.wikipedia.org\\\/wiki\\\/SalzburgerLand_Tourismus_GmbH\"]},{\"@type\":\"Person\",\"@id\":\"https:\\\/\\\/www.salzburgerland.com\\\/de\\\/magazin\\\/#\\\/schema\\\/person\\\/8871c7c764fce6ea66752310e7fe9e98\",\"name\":\"Heiko Mandl\",\"description\":\"Heiko Mandl, geboren 1976 in Salzburg, ist durch den Journalismus zur Fotografie gekommen und ist seit zehn Jahren als selbstst\u00e4ndiger Fotograf und Autor in Salzburg t\u00e4tig. Schon von Kindheit an haben ihn die Berge vor seiner Haust\u00fcr fasziniert. Heute z\u00e4hlen sie unter anderem zu seinem Arbeitsplatz. Er arbeitet f\u00fcr internationale Outdoor- und Reisemagazine sowie zahlreiche Firmen und Agenturen. Luxushotel oder Almh\u00fctte: Ich kann beides genie\u00dfen und ich gehe das nach dem Motto: Alles zur richtigen Zeit und zur passenden Gelegenheit an. Wandern oder Laufen: Auf jeden Fall wandern, ist gem\u00fctlicher und man kann sich mehr auf die Umgebung konzentrieren. Golfplatz oder Klettergarten: Klettergarten, zumindest noch die n\u00e4chsten 20 Jahre. Fr\u00fchling, sommer, herbst oder Winter? Fr\u00fchling und Sommer und Herbst und Winter! Im SalzburgerLand ist es das ganze Jahr traumhaft sch\u00f6n. Wellness oder Mountainbike? Zuerst eine Runde mit dem Mountainbike und dann ab in den Wellnesstempel. Das eine schlie\u00dft das andere nicht aus!\",\"url\":\"https:\\\/\\\/www.salzburgerland.com\\\/de\\\/magazin\\\/author\\\/heiko-mandl\\\/\"}]}<\/script>\n<!-- \/ Yoast SEO Premium plugin. -->","yoast_head_json":{"title":"Mit dem E-Bike durch die Mozartstadt - SalzburgerLand Magazin","description":"Die Stadt Salzburg hat ja so einige Highlights und Sehensw\u00fcrdigkeiten zu bieten. Wer mit dem E-Bike unterwegs ist, kommt m\u00fchelos von A nach B oder besser gesagt von Mozarts Geburtshaus zum Schloss Mirabell oder vom Festspielbezirk in die Parkanlage von Hellbrunn.","robots":{"index":"index","follow":"follow","max-snippet":"max-snippet:-1","max-image-preview":"max-image-preview:large","max-video-preview":"max-video-preview:-1"},"canonical":"https:\/\/www.salzburgerland.com\/de\/magazin\/mit-dem-e-bike-durch-die-mozartstadt\/","og_locale":"de_DE","og_type":"article","og_title":"Mit dem E-Bike durch die Mozartstadt","og_description":"Zun\u00e4chst nur vereinzelt unterwegs, sieht man heute immer mehr Menschen mit e-Bikes durch die Gegend radeln. Flott kommt man voran, ohne gro\u00dfe Anstrengung, und das genie\u00dfen nicht nur \u00e4ltere Semester. Auch viele j\u00fcngere haben die Vorliebe f\u00fcr diese gem\u00fctliche Art zu radeln entdeckt. Und so eine e-Bike Tour in den Bergen kann auch mit Antrieb [&hellip;]","og_url":"https:\/\/www.salzburgerland.com\/de\/magazin\/mit-dem-e-bike-durch-die-mozartstadt\/","og_site_name":"SalzburgerLand Magazin","article_publisher":"https:\/\/www.facebook.com\/salzburgerland\/","article_published_time":"2020-09-14T06:00:34+00:00","article_modified_time":"2025-03-04T06:09:56+00:00","og_image":[{"width":900,"height":600,"url":"https:\/\/www.salzburgerland.com\/de\/magazin\/wp-content\/uploads\/2014\/09\/hm_ktm2012_014.jpg","type":"image\/jpeg"}],"author":"Heiko Mandl","twitter_card":"summary_large_image","twitter_creator":"@Salzburgerland","twitter_site":"@Salzburgerland","twitter_misc":{"Verfasst von":"Heiko Mandl","Gesch\u00e4tzte Lesezeit":"4\u00a0Minuten"},"schema":{"@context":"https:\/\/schema.org","@graph":[{"@type":"Article","@id":"https:\/\/www.salzburgerland.com\/de\/magazin\/mit-dem-e-bike-durch-die-mozartstadt\/#article","isPartOf":{"@id":"https:\/\/www.salzburgerland.com\/de\/magazin\/mit-dem-e-bike-durch-die-mozartstadt\/"},"author":{"name":"Heiko Mandl","@id":"https:\/\/www.salzburgerland.com\/de\/magazin\/#\/schema\/person\/8871c7c764fce6ea66752310e7fe9e98"},"headline":"Mit dem E-Bike durch die Mozartstadt","datePublished":"2020-09-14T06:00:34+00:00","dateModified":"2025-03-04T06:09:56+00:00","mainEntityOfPage":{"@id":"https:\/\/www.salzburgerland.com\/de\/magazin\/mit-dem-e-bike-durch-die-mozartstadt\/"},"wordCount":298,"commentCount":0,"publisher":{"@id":"https:\/\/www.salzburgerland.com\/de\/magazin\/#organization"},"image":{"@id":"https:\/\/www.salzburgerland.com\/de\/magazin\/mit-dem-e-bike-durch-die-mozartstadt\/#primaryimage"},"thumbnailUrl":"https:\/\/www.salzburgerland.com\/de\/magazin\/wp-content\/uploads\/2014\/09\/hm_ktm2012_014.jpg","keywords":["RAD STORIES aus dem SalzburgerLand"],"articleSection":["Outdoor &amp; Sport"],"inLanguage":"de","potentialAction":[{"@type":"CommentAction","name":"Comment","target":["https:\/\/www.salzburgerland.com\/de\/magazin\/mit-dem-e-bike-durch-die-mozartstadt\/#respond"]}]},{"@type":"WebPage","@id":"https:\/\/www.salzburgerland.com\/de\/magazin\/mit-dem-e-bike-durch-die-mozartstadt\/","url":"https:\/\/www.salzburgerland.com\/de\/magazin\/mit-dem-e-bike-durch-die-mozartstadt\/","name":"Mit dem E-Bike durch die Mozartstadt - SalzburgerLand Magazin","isPartOf":{"@id":"https:\/\/www.salzburgerland.com\/de\/magazin\/#website"},"primaryImageOfPage":{"@id":"https:\/\/www.salzburgerland.com\/de\/magazin\/mit-dem-e-bike-durch-die-mozartstadt\/#primaryimage"},"image":{"@id":"https:\/\/www.salzburgerland.com\/de\/magazin\/mit-dem-e-bike-durch-die-mozartstadt\/#primaryimage"},"thumbnailUrl":"https:\/\/www.salzburgerland.com\/de\/magazin\/wp-content\/uploads\/2014\/09\/hm_ktm2012_014.jpg","datePublished":"2020-09-14T06:00:34+00:00","dateModified":"2025-03-04T06:09:56+00:00","breadcrumb":{"@id":"https:\/\/www.salzburgerland.com\/de\/magazin\/mit-dem-e-bike-durch-die-mozartstadt\/#breadcrumb"},"inLanguage":"de","potentialAction":[{"@type":"ReadAction","target":["https:\/\/www.salzburgerland.com\/de\/magazin\/mit-dem-e-bike-durch-die-mozartstadt\/"]}]},{"@type":"ImageObject","inLanguage":"de","@id":"https:\/\/www.salzburgerland.com\/de\/magazin\/mit-dem-e-bike-durch-die-mozartstadt\/#primaryimage","url":"https:\/\/www.salzburgerland.com\/de\/magazin\/wp-content\/uploads\/2014\/09\/hm_ktm2012_014.jpg","contentUrl":"https:\/\/www.salzburgerland.com\/de\/magazin\/wp-content\/uploads\/2014\/09\/hm_ktm2012_014.jpg","width":900,"height":600,"caption":"\u00dcber den D\u00e4chern Salzburgs hat man einen sch\u00f6nen Ausblick auf die Umgebung."},{"@type":"BreadcrumbList","@id":"https:\/\/www.salzburgerland.com\/de\/magazin\/mit-dem-e-bike-durch-die-mozartstadt\/#breadcrumb","itemListElement":[{"@type":"ListItem","position":1,"name":"Startseite","item":"https:\/\/www.salzburgerland.com\/de\/magazin\/"},{"@type":"ListItem","position":2,"name":"Outdoor &amp; Sport","item":"https:\/\/www.salzburgerland.com\/de\/magazin\/thema\/outdoor-sport\/"},{"@type":"ListItem","position":3,"name":"Mit dem E-Bike durch die Mozartstadt"}]},{"@type":"WebSite","@id":"https:\/\/www.salzburgerland.com\/de\/magazin\/#website","url":"https:\/\/www.salzburgerland.com\/de\/magazin\/","name":"SalzburgerLand Magazin","description":"Geschichten und Interessantes aus dem SalzburgerLand","publisher":{"@id":"https:\/\/www.salzburgerland.com\/de\/magazin\/#organization"},"potentialAction":[{"@type":"SearchAction","target":{"@type":"EntryPoint","urlTemplate":"https:\/\/www.salzburgerland.com\/de\/magazin\/?s={search_term_string}"},"query-input":{"@type":"PropertyValueSpecification","valueRequired":true,"valueName":"search_term_string"}}],"inLanguage":"de"},{"@type":"Organization","@id":"https:\/\/www.salzburgerland.com\/de\/magazin\/#organization","name":"SalzburgerLand Tourismus","url":"https:\/\/www.salzburgerland.com\/de\/magazin\/","logo":{"@type":"ImageObject","inLanguage":"de","@id":"https:\/\/www.salzburgerland.com\/de\/magazin\/#\/schema\/logo\/image\/","url":"https:\/\/www.salzburgerland.com\/de\/magazin\/wp-content\/uploads\/2019\/06\/salzburgerland-logo1.jpg","contentUrl":"https:\/\/www.salzburgerland.com\/de\/magazin\/wp-content\/uploads\/2019\/06\/salzburgerland-logo1.jpg","width":2011,"height":866,"caption":"SalzburgerLand Tourismus"},"image":{"@id":"https:\/\/www.salzburgerland.com\/de\/magazin\/#\/schema\/logo\/image\/"},"sameAs":["https:\/\/www.facebook.com\/salzburgerland\/","https:\/\/x.com\/Salzburgerland","https:\/\/www.instagram.com\/salzburgerland\/","https:\/\/at.linkedin.com\/company\/salzburgerland-tourismus-gmbh","https:\/\/www.pinterest.at\/salzburgerland\/","https:\/\/www.youtube.com\/user\/salzburgerland","https:\/\/de.wikipedia.org\/wiki\/SalzburgerLand_Tourismus_GmbH"]},{"@type":"Person","@id":"https:\/\/www.salzburgerland.com\/de\/magazin\/#\/schema\/person\/8871c7c764fce6ea66752310e7fe9e98","name":"Heiko Mandl","description":"Heiko Mandl, geboren 1976 in Salzburg, ist durch den Journalismus zur Fotografie gekommen und ist seit zehn Jahren als selbstst\u00e4ndiger Fotograf und Autor in Salzburg t\u00e4tig. Schon von Kindheit an haben ihn die Berge vor seiner Haust\u00fcr fasziniert. Heute z\u00e4hlen sie unter anderem zu seinem Arbeitsplatz. Er arbeitet f\u00fcr internationale Outdoor- und Reisemagazine sowie zahlreiche Firmen und Agenturen. Luxushotel oder Almh\u00fctte: Ich kann beides genie\u00dfen und ich gehe das nach dem Motto: Alles zur richtigen Zeit und zur passenden Gelegenheit an. Wandern oder Laufen: Auf jeden Fall wandern, ist gem\u00fctlicher und man kann sich mehr auf die Umgebung konzentrieren. Golfplatz oder Klettergarten: Klettergarten, zumindest noch die n\u00e4chsten 20 Jahre. Fr\u00fchling, sommer, herbst oder Winter? Fr\u00fchling und Sommer und Herbst und Winter! Im SalzburgerLand ist es das ganze Jahr traumhaft sch\u00f6n. Wellness oder Mountainbike? Zuerst eine Runde mit dem Mountainbike und dann ab in den Wellnesstempel. Das eine schlie\u00dft das andere nicht aus!","url":"https:\/\/www.salzburgerland.com\/de\/magazin\/author\/heiko-mandl\/"}]}},"_wl_alt_label":[],"wl:entity_url":"http:\/\/open.salzburgerland.com\/magazin\/post\/mit_dem_e-bike_durch_die_mozartstadt","_links":{"self":[{"href":"https:\/\/www.salzburgerland.com\/de\/magazin\/wp-json\/wp\/v2\/posts\/91405","targetHints":{"allow":["GET"]}}],"collection":[{"href":"https:\/\/www.salzburgerland.com\/de\/magazin\/wp-json\/wp\/v2\/posts"}],"about":[{"href":"https:\/\/www.salzburgerland.com\/de\/magazin\/wp-json\/wp\/v2\/types\/post"}],"author":[{"embeddable":true,"href":"https:\/\/www.salzburgerland.com\/de\/magazin\/wp-json\/wp\/v2\/users\/10"}],"replies":[{"embeddable":true,"href":"https:\/\/www.salzburgerland.com\/de\/magazin\/wp-json\/wp\/v2\/comments?post=91405"}],"version-history":[{"count":4,"href":"https:\/\/www.salzburgerland.com\/de\/magazin\/wp-json\/wp\/v2\/posts\/91405\/revisions"}],"predecessor-version":[{"id":181360,"href":"https:\/\/www.salzburgerland.com\/de\/magazin\/wp-json\/wp\/v2\/posts\/91405\/revisions\/181360"}],"wp:featuredmedia":[{"embeddable":true,"href":"https:\/\/www.salzburgerland.com\/de\/magazin\/wp-json\/wp\/v2\/media\/91418"}],"wp:attachment":[{"href":"https:\/\/www.salzburgerland.com\/de\/magazin\/wp-json\/wp\/v2\/media?parent=91405"}],"wp:term":[{"taxonomy":"category","embeddable":true,"href":"https:\/\/www.salzburgerland.com\/de\/magazin\/wp-json\/wp\/v2\/categories?post=91405"},{"taxonomy":"post_tag","embeddable":true,"href":"https:\/\/www.salzburgerland.com\/de\/magazin\/wp-json\/wp\/v2\/tags?post=91405"},{"taxonomy":"wl_entity_type","embeddable":true,"href":"https:\/\/www.salzburgerland.com\/de\/magazin\/wp-json\/wp\/v2\/wl_entity_type?post=91405"},{"taxonomy":"monatsauswahl","embeddable":true,"href":"https:\/\/www.salzburgerland.com\/de\/magazin\/wp-json\/wp\/v2\/monatsauswahl?post=91405"}],"curies":[{"name":"wp","href":"https:\/\/api.w.org\/{rel}","templated":true}]}}