{"id":91308,"date":"2014-09-13T09:00:20","date_gmt":"2014-09-13T07:00:20","guid":{"rendered":"http:\/\/magazin.salzburgerland.com\/?p=91308"},"modified":"2023-06-29T10:37:16","modified_gmt":"2023-06-29T08:37:16","slug":"alpenurlaub-im-hotel-oberforsthof","status":"publish","type":"post","link":"https:\/\/www.salzburgerland.com\/de\/magazin\/alpenurlaub-im-hotel-oberforsthof\/","title":{"rendered":"Alpenurlaub im Hotel Oberforsthof"},"content":{"rendered":"\n<h2 class=\"wp-block-slt-subtitle\">Endstation St. Johann-Alpendorf<\/h2>\n\n\n\n<p class=\"wp-block-slt-intro\">Wer hier vor den Pforten des Hotels Oberforsthof aussteigt, sp\u00fcrt, wie sich der Geist schlagartig von allt\u00e4glichen Sorgen l\u00f6st. Wie k\u00f6nnte man besser im Urlaub ankommen als umgeben von gr\u00fcnen H\u00fcgeln, W\u00e4ldern und mit Wildblumen besprenkelten Wiesen? Man atmet tief ein und tief aus, genie\u00dft noch einmal die herrliche Bergkulisse, bevor man sich zum Eingang des 4-Sterne-Superior-Hotels begibt.<\/p>\n\n\n\n<p>Was sofort ins Auge sticht: Das Hotel ist wirklich gro\u00df. &#8222;Wir haben richtig viel Platz hier. Auch wenn viele G\u00e4ste hier sind, findet jeder in den gro\u00dfz\u00fcgigen R\u00e4umen ein gem\u00fctliches Fleckerl f\u00fcr sich&#8220;, erkl\u00e4rt Hildegard H\u00f6llwart, die das Hotel zusammen mit ihrer Familie leitet. Den vielen Raum wissen die H\u00f6llwarts zu nutzen. Bei der Zimmerwahl k\u00f6nnen die G\u00e4ste zwischen sieben verschiedenen Zimmerkategorien w\u00e4hlen \u2013 vom einfachen Doppelzimmer bis zur Panorama-Suite.<\/p>\n\n\n\n<figure class=\"wp-block-image size-full\"><a href=\"https:\/\/www.salzburgerland.com\/de\/magazin\/wp-content\/uploads\/2014\/08\/Hotel-Oberforsthof_Sommerurlaub-im-Alpendorf-17.jpg\"><img loading=\"lazy\" decoding=\"async\" width=\"1600\" height=\"1065\" src=\"https:\/\/www.salzburgerland.com\/de\/magazin\/wp-content\/uploads\/2014\/08\/Hotel-Oberforsthof_Sommerurlaub-im-Alpendorf-17.jpg\" alt=\"Hotel Oberforsthof_Sommerurlaub im Alpendorf (17)\" class=\"wp-image-91324\" srcset=\"https:\/\/www.salzburgerland.com\/de\/magazin\/wp-content\/uploads\/2014\/08\/Hotel-Oberforsthof_Sommerurlaub-im-Alpendorf-17.jpg 1600w, https:\/\/www.salzburgerland.com\/de\/magazin\/wp-content\/uploads\/2014\/08\/Hotel-Oberforsthof_Sommerurlaub-im-Alpendorf-17-300x200.jpg 300w, https:\/\/www.salzburgerland.com\/de\/magazin\/wp-content\/uploads\/2014\/08\/Hotel-Oberforsthof_Sommerurlaub-im-Alpendorf-17-826x550.jpg 826w, https:\/\/www.salzburgerland.com\/de\/magazin\/wp-content\/uploads\/2014\/08\/Hotel-Oberforsthof_Sommerurlaub-im-Alpendorf-17-601x400.jpg 601w, https:\/\/www.salzburgerland.com\/de\/magazin\/wp-content\/uploads\/2014\/08\/Hotel-Oberforsthof_Sommerurlaub-im-Alpendorf-17-1320x879.jpg 1320w\" sizes=\"auto, (max-width: 1600px) 100vw, 1600px\" \/><\/a><\/figure>\n\n\n\n<p>Besonders stolz ist die Familie H\u00f6llwart auf den riesigen Gastgarten, in dem ihre G\u00e4ste die frische Luft der Salzburger Alpen so richtig genie\u00dfen k\u00f6nnen. Auf 4.000 Quadratmetern ist hier alles im Stil des Feng Shui eingerichtet. F\u00fcr Kids, die das vielleicht nicht so beeindruckt, gibt es seit einem Jahr eine Attraktion: Ein Streichelzoo mit Ponys, Hasen und H\u00fchnern. Schwimm- und Wasserfreunde dagegen sind begeistert angesichts des Naturbadeteichs, der zum Hineinspringen einl\u00e4dt.<\/p>\n\n\n\n<p>Lieber Wellness- oder Aktivurlaub? Im Hotel Oberforsthof kann man beides haben. &#8222;Wer sich gerne sportlich bet\u00e4tigen oder einfach nur die Natur erkunden will, der kann bei unseren gef\u00fchrten Touren teilnehmen und die Alpenlandschaft genie\u00dfen. Wir bieten alles m\u00f6gliche an, vom normalen Wandern \u00fcber Nordic Walking bis zu Laufrunden&#8220;, so H\u00f6llwart. Das sei jedoch noch lange nicht alles. &#8222;Auch unsere Qi Gong-, Yoga- und Aquasportkurse haben sich sehr bew\u00e4hrt.&#8220; F\u00fcr die Kinder und Jugendlichen stehen sogar regelm\u00e4\u00dfige Fu\u00dfballturniere auf dem Programm. Und im Winter ist die Lage sowieso genial: 100 Schritte zur n\u00e4chsten Piste. Kein Auto, keine Stiege.<\/p>\n\n\n\n<figure class=\"wp-block-image size-full\"><a href=\"https:\/\/www.salzburgerland.com\/de\/magazin\/wp-content\/uploads\/2014\/08\/Hotel-Oberforsthof_Sommerurlaub-im-Alpendorf-32.jpg\"><img loading=\"lazy\" decoding=\"async\" width=\"1600\" height=\"1066\" src=\"https:\/\/www.salzburgerland.com\/de\/magazin\/wp-content\/uploads\/2014\/08\/Hotel-Oberforsthof_Sommerurlaub-im-Alpendorf-32.jpg\" alt=\"Hotel Oberforsthof_Sommerurlaub im Alpendorf (32)\" class=\"wp-image-91323\" srcset=\"https:\/\/www.salzburgerland.com\/de\/magazin\/wp-content\/uploads\/2014\/08\/Hotel-Oberforsthof_Sommerurlaub-im-Alpendorf-32.jpg 1600w, https:\/\/www.salzburgerland.com\/de\/magazin\/wp-content\/uploads\/2014\/08\/Hotel-Oberforsthof_Sommerurlaub-im-Alpendorf-32-300x200.jpg 300w, https:\/\/www.salzburgerland.com\/de\/magazin\/wp-content\/uploads\/2014\/08\/Hotel-Oberforsthof_Sommerurlaub-im-Alpendorf-32-826x550.jpg 826w, https:\/\/www.salzburgerland.com\/de\/magazin\/wp-content\/uploads\/2014\/08\/Hotel-Oberforsthof_Sommerurlaub-im-Alpendorf-32-600x400.jpg 600w, https:\/\/www.salzburgerland.com\/de\/magazin\/wp-content\/uploads\/2014\/08\/Hotel-Oberforsthof_Sommerurlaub-im-Alpendorf-32-1320x879.jpg 1320w\" sizes=\"auto, (max-width: 1600px) 100vw, 1600px\" \/><\/a><\/figure>\n\n\n\n<p>Und dann w\u00e4re da noch der Wellness-Bereich, der herrliche. Alpin-Spa nennt sich das Paket, das wohl noch jedem verspannten K\u00f6rper Heilung verschaffte. Aus dem Hallenbad, das mit seinen 19 mal 8 Metern tats\u00e4chlich gro\u00df genug f\u00fcr ein paar Schwimmbahnen ist, hat man einen fantastischen Blick auf die Berge. Ob man sich anschlie\u00dfend lieber mit einer &#8222;Lebendigkeits-Massage&#8220; durchkneten lassen oder in die Kr\u00e4utersauna begeben m\u00f6chte \u2013 das entscheidet man am liebsten ganz spontan.<\/p>\n\n\n\n<p>Dass es sich in einem so hochkar\u00e4tigem Hotel gut speisen l\u00e4sst, ahnt man bereits. Das Lokal des Hauses, die Jagdstube, ist ein Hauben-Restaurant, das an \u00f6sterreichischen Spezialit\u00e4ten sicherlich keinen Wunsch offen l\u00e4sst. Kreativ und liebevoll bereiten die K\u00f6che alles zu, was die Jahreszeit an regionalen Produkten gerade hergibt. Auch auf vegane G\u00e4ste hat man sich im Hause eingestellt \u2013 zum Beispiel mit Kr\u00e4utercremesuppe, Cremiger Polenta mit Eierschwammerl und Mandelkuchen mit frischen Beeren. Da k\u00f6nnte man doch glatt spontan zum Veganer werden.<\/p>\n\n\n\n<figure class=\"wp-block-image size-full\"><a href=\"https:\/\/www.salzburgerland.com\/de\/magazin\/wp-content\/uploads\/2014\/08\/Job_0399_gross.jpg\"><img loading=\"lazy\" decoding=\"async\" width=\"1600\" height=\"1017\" src=\"https:\/\/www.salzburgerland.com\/de\/magazin\/wp-content\/uploads\/2014\/08\/Job_0399_gross.jpg\" alt=\"Job_0399_gross\" class=\"wp-image-91318\" srcset=\"https:\/\/www.salzburgerland.com\/de\/magazin\/wp-content\/uploads\/2014\/08\/Job_0399_gross.jpg 1600w, https:\/\/www.salzburgerland.com\/de\/magazin\/wp-content\/uploads\/2014\/08\/Job_0399_gross-300x191.jpg 300w, https:\/\/www.salzburgerland.com\/de\/magazin\/wp-content\/uploads\/2014\/08\/Job_0399_gross-865x550.jpg 865w, https:\/\/www.salzburgerland.com\/de\/magazin\/wp-content\/uploads\/2014\/08\/Job_0399_gross-629x400.jpg 629w, https:\/\/www.salzburgerland.com\/de\/magazin\/wp-content\/uploads\/2014\/08\/Job_0399_gross-1320x839.jpg 1320w\" sizes=\"auto, (max-width: 1600px) 100vw, 1600px\" \/><\/a><\/figure>\n\n\n\n<p>&#8222;Wir m\u00f6chten, dass sich jeder hier wohl f\u00fchlt, egal ob Paar, Familie, Alleinreisender&#8220;, erkl\u00e4rt H\u00f6llwart herzlich. Mit einem Blick auf das gro\u00dfz\u00fcgige und sorgsam eingerichtete Haus und einem weiteren auf die pr\u00e4chtige Alpenlandschaft rund um einen herum, kann man nur \u00fcberzeugt nicken: Ja, ich glaube, das schaffen Sie.<\/p>\n\n\n<div class=\"mag-gallery\"><div class=\"row\"><div class=\"col-6 col-sm-4\"><figure><a class=\"thumb-container\" href=\"https:\/\/www.salzburgerland.com\/de\/magazin\/wp-content\/uploads\/2014\/08\/Wellnessbereich-im-Hotel-Oberforsthof-13-Kopie-1280x1024.jpg\">\t<picture><source media=\"(min-width: 576px)\" srcset=\"https:\/\/www.salzburgerland.com\/de\/magazin\/wp-content\/uploads\/2014\/08\/Wellnessbereich-im-Hotel-Oberforsthof-13-Kopie-325x209.jpg 325w, https:\/\/www.salzburgerland.com\/de\/magazin\/wp-content\/uploads\/2014\/08\/Wellnessbereich-im-Hotel-Oberforsthof-13-Kopie-249x160.jpg 249w\"><\/source><source media=\"(min-width: 0)\" srcset=\"https:\/\/www.salzburgerland.com\/de\/magazin\/wp-content\/uploads\/2014\/08\/Wellnessbereich-im-Hotel-Oberforsthof-13-Kopie-249x160.jpg 249w, https:\/\/www.salzburgerland.com\/de\/magazin\/wp-content\/uploads\/2014\/08\/Wellnessbereich-im-Hotel-Oberforsthof-13-Kopie-325x209.jpg 325w\"><\/source><img decoding=\"async\" alt=\"Person, die an einem sonnigen Tag in einem nat&uuml;rlichen Teich in der N&auml;he eines Holzdecks schwimmt, umgeben von Gr&uuml;n.\" src=\"https:\/\/www.salzburgerland.com\/de\/magazin\/wp-content\/uploads\/2014\/08\/Wellnessbereich-im-Hotel-Oberforsthof-13-Kopie.jpg\">\t<\/picture><figcaption>Abtauchen im Naturbadeteich<\/figcaption><\/a><\/figure><\/div><div class=\"col-6 col-sm-4\"><figure><a class=\"thumb-container\" href=\"https:\/\/www.salzburgerland.com\/de\/magazin\/wp-content\/uploads\/2014\/08\/DSC1106-1280x1024.jpg\">\t<picture><source media=\"(min-width: 576px)\" srcset=\"https:\/\/www.salzburgerland.com\/de\/magazin\/wp-content\/uploads\/2014\/08\/DSC1106-325x209.jpg 325w, https:\/\/www.salzburgerland.com\/de\/magazin\/wp-content\/uploads\/2014\/08\/DSC1106-249x160.jpg 249w\"><\/source><source media=\"(min-width: 0)\" srcset=\"https:\/\/www.salzburgerland.com\/de\/magazin\/wp-content\/uploads\/2014\/08\/DSC1106-249x160.jpg 249w, https:\/\/www.salzburgerland.com\/de\/magazin\/wp-content\/uploads\/2014\/08\/DSC1106-325x209.jpg 325w\"><\/source><img decoding=\"async\" alt=\"Gem&uuml;tliches, traditionelles Restaurant mit Holzdekor, gedeckten Tischen, verzierten St&uuml;hlen und gerahmter Kunst an den W&auml;nden.\" src=\"https:\/\/www.salzburgerland.com\/de\/magazin\/wp-content\/uploads\/2014\/08\/DSC1106.jpg\">\t<\/picture><figcaption>Speisen im Haubenlokal<\/figcaption><\/a><\/figure><\/div><div class=\"col-6 col-sm-4\"><figure><a class=\"thumb-container\" href=\"https:\/\/www.salzburgerland.com\/de\/magazin\/wp-content\/uploads\/2014\/08\/DSC8880_gross-1280x1024.jpg\">\t<picture><source media=\"(min-width: 576px)\" srcset=\"https:\/\/www.salzburgerland.com\/de\/magazin\/wp-content\/uploads\/2014\/08\/DSC8880_gross-325x209.jpg 325w, https:\/\/www.salzburgerland.com\/de\/magazin\/wp-content\/uploads\/2014\/08\/DSC8880_gross-249x160.jpg 249w\"><\/source><source media=\"(min-width: 0)\" srcset=\"https:\/\/www.salzburgerland.com\/de\/magazin\/wp-content\/uploads\/2014\/08\/DSC8880_gross-249x160.jpg 249w, https:\/\/www.salzburgerland.com\/de\/magazin\/wp-content\/uploads\/2014\/08\/DSC8880_gross-325x209.jpg 325w\"><\/source><img decoding=\"async\" alt=\"Eine Hand gie&szlig;t rote So&szlig;e &uuml;ber ein kunstvoll angerichtetes Dessert auf einer wei&szlig;en Schale auf einem rustikalen Holztisch.\" src=\"https:\/\/www.salzburgerland.com\/de\/magazin\/wp-content\/uploads\/2014\/08\/DSC8880_gross.jpg\">\t<\/picture><figcaption>Liebevoll-kreative Zubereitung der Men&uuml;s<\/figcaption><\/a><\/figure><\/div><div class=\"col-6 col-sm-4\"><figure><a class=\"thumb-container\" href=\"https:\/\/www.salzburgerland.com\/de\/magazin\/wp-content\/uploads\/2014\/08\/Doppelzimmer-Superior-1280x1024.jpg\">\t<picture><source media=\"(min-width: 576px)\" srcset=\"https:\/\/www.salzburgerland.com\/de\/magazin\/wp-content\/uploads\/2014\/08\/Doppelzimmer-Superior-325x209.jpg 325w, https:\/\/www.salzburgerland.com\/de\/magazin\/wp-content\/uploads\/2014\/08\/Doppelzimmer-Superior-249x160.jpg 249w\"><\/source><source media=\"(min-width: 0)\" srcset=\"https:\/\/www.salzburgerland.com\/de\/magazin\/wp-content\/uploads\/2014\/08\/Doppelzimmer-Superior-249x160.jpg 249w, https:\/\/www.salzburgerland.com\/de\/magazin\/wp-content\/uploads\/2014\/08\/Doppelzimmer-Superior-325x209.jpg 325w\"><\/source><img decoding=\"async\" alt=\"Helles Hotelzimmer mit einem Doppelbett, Holzm&ouml;beln, Schreibtisch, Stuhl, TV und gro&szlig;en Fenstern mit blauen Vorh&auml;ngen.\" src=\"https:\/\/www.salzburgerland.com\/de\/magazin\/wp-content\/uploads\/2014\/08\/Doppelzimmer-Superior.jpg\">\t<\/picture><figcaption>Zimmer zum Wohlf&uuml;hlen<\/figcaption><\/a><\/figure><\/div><div class=\"col-6 col-sm-4\"><figure><a class=\"thumb-container\" href=\"https:\/\/www.salzburgerland.com\/de\/magazin\/wp-content\/uploads\/2014\/08\/Hotel-Oberforsthof_Sommerurlaub-im-Alpendorf-50-1280x1024.jpg\">\t<picture><source media=\"(min-width: 576px)\" srcset=\"https:\/\/www.salzburgerland.com\/de\/magazin\/wp-content\/uploads\/2014\/08\/Hotel-Oberforsthof_Sommerurlaub-im-Alpendorf-50-325x209.jpg 325w, https:\/\/www.salzburgerland.com\/de\/magazin\/wp-content\/uploads\/2014\/08\/Hotel-Oberforsthof_Sommerurlaub-im-Alpendorf-50-249x160.jpg 249w\"><\/source><source media=\"(min-width: 0)\" srcset=\"https:\/\/www.salzburgerland.com\/de\/magazin\/wp-content\/uploads\/2014\/08\/Hotel-Oberforsthof_Sommerurlaub-im-Alpendorf-50-249x160.jpg 249w, https:\/\/www.salzburgerland.com\/de\/magazin\/wp-content\/uploads\/2014\/08\/Hotel-Oberforsthof_Sommerurlaub-im-Alpendorf-50-325x209.jpg 325w\"><\/source><img decoding=\"async\" alt=\"Eleganter Esstisch im Freien mit wei&szlig;em Tuch, f&uuml;r zwei Personen, mit Blick auf die Berge an einem sonnigen Tag.\" src=\"https:\/\/www.salzburgerland.com\/de\/magazin\/wp-content\/uploads\/2014\/08\/Hotel-Oberforsthof_Sommerurlaub-im-Alpendorf-50.jpg\">\t<\/picture><figcaption>Bei sch&ouml;nem Wetter geht&#8217;s auf die Terasse<\/figcaption><\/a><\/figure><\/div><div class=\"col-6 col-sm-4\"><figure><a class=\"thumb-container\" href=\"https:\/\/www.salzburgerland.com\/de\/magazin\/wp-content\/uploads\/2014\/08\/Hotel-Oberforsthof_Urlaub-im-Alpendorf-1-1280x1024.jpg\">\t<picture><source media=\"(min-width: 576px)\" srcset=\"https:\/\/www.salzburgerland.com\/de\/magazin\/wp-content\/uploads\/2014\/08\/Hotel-Oberforsthof_Urlaub-im-Alpendorf-1-325x209.jpg 325w, https:\/\/www.salzburgerland.com\/de\/magazin\/wp-content\/uploads\/2014\/08\/Hotel-Oberforsthof_Urlaub-im-Alpendorf-1-249x160.jpg 249w\"><\/source><source media=\"(min-width: 0)\" srcset=\"https:\/\/www.salzburgerland.com\/de\/magazin\/wp-content\/uploads\/2014\/08\/Hotel-Oberforsthof_Urlaub-im-Alpendorf-1-249x160.jpg 249w, https:\/\/www.salzburgerland.com\/de\/magazin\/wp-content\/uploads\/2014\/08\/Hotel-Oberforsthof_Urlaub-im-Alpendorf-1-325x209.jpg 325w\"><\/source><img decoding=\"async\" alt=\"Elegantes Fr&uuml;hst&uuml;ck mit Saft, Geb&auml;ck, Obst und Blumen auf einem Tisch in einem hellen, gehobenen Speisesaal.\" src=\"https:\/\/www.salzburgerland.com\/de\/magazin\/wp-content\/uploads\/2014\/08\/Hotel-Oberforsthof_Urlaub-im-Alpendorf-1.jpg\">\t<\/picture><figcaption>Fr&uuml;hst&uuml;cksbuffet vom Feinsten<\/figcaption><\/a><\/figure><\/div><div class=\"col-6 col-sm-4\"><figure><a class=\"thumb-container\" href=\"https:\/\/www.salzburgerland.com\/de\/magazin\/wp-content\/uploads\/2014\/08\/Hotel-Oberforsthof_Urlaub-im-Alpendorf-54-1280x1024.jpg\">\t<picture><source media=\"(min-width: 576px)\" srcset=\"https:\/\/www.salzburgerland.com\/de\/magazin\/wp-content\/uploads\/2014\/08\/Hotel-Oberforsthof_Urlaub-im-Alpendorf-54-325x209.jpg 325w, https:\/\/www.salzburgerland.com\/de\/magazin\/wp-content\/uploads\/2014\/08\/Hotel-Oberforsthof_Urlaub-im-Alpendorf-54-249x160.jpg 249w\"><\/source><source media=\"(min-width: 0)\" srcset=\"https:\/\/www.salzburgerland.com\/de\/magazin\/wp-content\/uploads\/2014\/08\/Hotel-Oberforsthof_Urlaub-im-Alpendorf-54-249x160.jpg 249w, https:\/\/www.salzburgerland.com\/de\/magazin\/wp-content\/uploads\/2014\/08\/Hotel-Oberforsthof_Urlaub-im-Alpendorf-54-325x209.jpg 325w\"><\/source><img decoding=\"async\" alt=\"Eine gem&uuml;tliche Lounge mit Ledersofas, einem Steinkamin, gestapeltem Brennholz und bunten Kissen.\" src=\"https:\/\/www.salzburgerland.com\/de\/magazin\/wp-content\/uploads\/2014\/08\/Hotel-Oberforsthof_Urlaub-im-Alpendorf-54.jpg\">\t<\/picture><figcaption>Urgem&uuml;tlicher Flair im St&uuml;berl<\/figcaption><\/a><\/figure><\/div><div class=\"col-6 col-sm-4\"><figure><a class=\"thumb-container\" href=\"https:\/\/www.salzburgerland.com\/de\/magazin\/wp-content\/uploads\/2014\/08\/Kinderhotel-Oberforsthof-mit-Streichelzoo-2-Kopie-1280x1024.jpg\">\t<picture><source media=\"(min-width: 576px)\" srcset=\"https:\/\/www.salzburgerland.com\/de\/magazin\/wp-content\/uploads\/2014\/08\/Kinderhotel-Oberforsthof-mit-Streichelzoo-2-Kopie-325x209.jpg 325w, https:\/\/www.salzburgerland.com\/de\/magazin\/wp-content\/uploads\/2014\/08\/Kinderhotel-Oberforsthof-mit-Streichelzoo-2-Kopie-249x160.jpg 249w\"><\/source><source media=\"(min-width: 0)\" srcset=\"https:\/\/www.salzburgerland.com\/de\/magazin\/wp-content\/uploads\/2014\/08\/Kinderhotel-Oberforsthof-mit-Streichelzoo-2-Kopie-249x160.jpg 249w, https:\/\/www.salzburgerland.com\/de\/magazin\/wp-content\/uploads\/2014\/08\/Kinderhotel-Oberforsthof-mit-Streichelzoo-2-Kopie-325x209.jpg 325w\"><\/source><img decoding=\"async\" alt=\"Vier Kinder entspannen sich auf einer Wiese in der N&auml;he eines Ponys, mit Bergen und B&auml;umen im Hintergrund an einem sonnigen Tag.\" src=\"https:\/\/www.salzburgerland.com\/de\/magazin\/wp-content\/uploads\/2014\/08\/Kinderhotel-Oberforsthof-mit-Streichelzoo-2-Kopie.jpg\">\t<\/picture><figcaption>F&uuml;r die Kleinen gibt&#8217;s einen eigenen Streichelzoo<\/figcaption><\/a><\/figure><\/div><div class=\"col-6 col-sm-4\"><figure><a class=\"thumb-container\" href=\"https:\/\/www.salzburgerland.com\/de\/magazin\/wp-content\/uploads\/2014\/08\/Urlaub-im-Hotel-Oberforsthof-3-1280x1024.jpg\">\t<picture><source media=\"(min-width: 576px)\" srcset=\"https:\/\/www.salzburgerland.com\/de\/magazin\/wp-content\/uploads\/2014\/08\/Urlaub-im-Hotel-Oberforsthof-3-325x209.jpg 325w, https:\/\/www.salzburgerland.com\/de\/magazin\/wp-content\/uploads\/2014\/08\/Urlaub-im-Hotel-Oberforsthof-3-249x160.jpg 249w\"><\/source><source media=\"(min-width: 0)\" srcset=\"https:\/\/www.salzburgerland.com\/de\/magazin\/wp-content\/uploads\/2014\/08\/Urlaub-im-Hotel-Oberforsthof-3-249x160.jpg 249w, https:\/\/www.salzburgerland.com\/de\/magazin\/wp-content\/uploads\/2014\/08\/Urlaub-im-Hotel-Oberforsthof-3-325x209.jpg 325w\"><\/source><img decoding=\"async\" alt=\"Ein Paar entspannt sich auf einem Ledersofa am Kamin in einem gem&uuml;tlichen, rustikalen Wohnzimmer mit Steinw&auml;nden und Holzbalken.\" src=\"https:\/\/www.salzburgerland.com\/de\/magazin\/wp-content\/uploads\/2014\/08\/Urlaub-im-Hotel-Oberforsthof-3.jpg\">\t<\/picture><figcaption>Und f&uuml;r die Gro&szlig;en ein paar sch&ouml;ne Stunden zu zweit&#8230;<\/figcaption><\/a><\/figure><\/div><\/div><figcaption><\/figcaption><\/div>\n\n\n\n<p><strong>Adresse:<\/strong><\/p>\n\n\n\n<p>Hotel Oberforsthof<br>Alpendorf 11<br>A \u2013 5600 St. Johann<br><a title=\"Hotel Oberforsthof\" href=\"http:\/\/www.oberforsthof.at\">www.oberforsthof.at<\/a><\/p>\n\n\n\n<p><em>Fotocredits: Hotel Oberforsthof<\/em><\/p>\n","protected":false},"excerpt":{"rendered":"<p>Was sofort ins Auge sticht: Das Hotel ist wirklich gro\u00df. &#8222;Wir haben richtig viel Platz hier. Auch wenn viele G\u00e4ste hier sind, findet jeder in den gro\u00dfz\u00fcgigen R\u00e4umen ein gem\u00fctliches Fleckerl f\u00fcr sich&#8220;, erkl\u00e4rt Hildegard H\u00f6llwart, die das Hotel zusammen mit ihrer Familie leitet. Den vielen Raum wissen die H\u00f6llwarts zu nutzen. Bei der Zimmerwahl [&hellip;]<\/p>\n","protected":false},"author":8,"featured_media":91325,"comment_status":"open","ping_status":"open","sticky":false,"template":"","format":"standard","meta":{"_acf_changed":false,"wl_entities_gutenberg":"{\"http:\/\/open.salzburgerland.com\/magazin\/entity\/sankt_johann_in_salzburg\":{\"uri\":\"http:\/\/open.salzburgerland.com\/magazin\/entity\/sankt_johann_in_salzburg\",\"label\":\"Sankt Johann in Salzburg\",\"description\":\"Sommer in St. Johann\\r\\nDie attraktive Einkaufsstra\u00dfe mit ihren Boutiquen, Kaffeeh\u00e4usern und Gastg\u00e4rten l\u00e4dt zum entspannten Einkaufen ein. Die Alpendorf Gondelbahn f\u00e4hrt auch im Sommer auf den 1.787 Meter hohen Gernkogel. Mit seinem aussichtsreichen Gipfel und dem\u00a0Erlebnispark Geisterberg\u00a0ist dieses Naturparadies ein\u00a0willkommenes Ziel f\u00fcr gro\u00dfe und kleine Entdecker.\u00a0In der umliegenden Bergwelt warten zahlreiche Wanderungen und Ausflugsziele - so wie das Naturparadies Liechtensteinklamm, eine der l\u00e4ngsten und tiefsten Schluchten der Alpen.\\r\\n\\r\\nGolftipp:\u00a0Der Golfclub OPEN GOLF St. Johann mit seinem 9-Loch-Akadmieplatz und dem 9-Loch-Turnierplatz.\\r\\n\\r\\nSt. Johann im Sommer \u00aeMIRJAGEH\\r\\nWinter in St. Johann\\r\\nWer seinen Winter in St. Johann in Salzburg verbringt, ist bestimmt an der richtigen Adresse! Schlie\u00dflich wartet in diesem Ferienort der erste Einstieg in die Salzburger Sportwelt\/ Ski amad\u00e9.\u00a0Modernste Liftanlagen bringen Sie in eines der gr\u00f6\u00dften\u00a0Skigebiete \u00d6sterreichs mit 760\u00a0herrlichen Pistenkilometern! Ein Muss f\u00fcr Freeskier und Snowboarder: Snowpark Alpendorf!\\r\\n\\r\\nOb Ski oder Board, der Einkehr in die H\u00fctte darf nach dem ausgelassenen Tag auf der Piste nicht fehlen. In den Skih\u00fctten werden k\u00f6stliche Schmankerln serviert. F\u00fcr alle, die den Winter abseits der Pisten erleben m\u00f6chten, gibt es\u00a0Skitouren, Schneeschuhwanderungen,\u00a0Rodelbahnen und mehr.\\r\\n\\r\\nKulturtipp: Einen Besuch wert ist \u00fcbrigens auch der historische Pongauer Dom.\\r\\n\\r\\nSt. Johann im Winter \u00aeMIRJAGEH\",\"main_type\":\"wl-place\",\"type\":[\"http:\/\/schema.org\/Place\"],\"image\":[\"https:\/\/www.salzburgerland.com\/de\/wp-content\/uploads\/2016\/08\/mg_5969.jpg\",\"https:\/\/www.salzburgerland.com\/de\/wp-content\/uploads\/2016\/08\/sankt-johann-alpendorf-sommer-berge.jpg\",\"https:\/\/www.salzburgerland.com\/de\/wp-content\/uploads\/2016\/08\/sankt-johann-alpendorf-sommeransicht.jpg\",\"https:\/\/www.salzburgerland.com\/de\/wp-content\/uploads\/2016\/08\/sankt-johann-gernkogel-winter.png\",\"https:\/\/www.salzburgerland.com\/de\/wp-content\/uploads\/2016\/08\/st--johann-sommer_st_johann-mirjageh_0529.jpg\",\"https:\/\/www.salzburgerland.com\/de\/wp-content\/uploads\/2016\/08\/st_johann-mirjageh_328.jpg\",\"https:\/\/www.salzburgerland.com\/de\/wp-content\/uploads\/2016\/08\/st_johann-winterjo-mirjageh_206.jpg\",\"https:\/\/www.salzburgerland.com\/de\/wp-content\/uploads\/2016\/08\/st_johann-wintermirjageh_328.jpg\",\"https:\/\/www.salzburgerland.com\/de\/wp-content\/uploads\/2016\/08\/wagrain-kleinarl-bikepark.jpg\",\"https:\/\/www.salzburgerland.com\/de\/wp-content\/uploads\/2016\/08\/wagrain-kleinarl-gondel.jpg\",\"https:\/\/www.salzburgerland.com\/de\/wp-content\/uploads\/2016\/08\/wagrain-kleinarl-snowpark-winter.jpg\",\"https:\/\/www.salzburgerland.com\/de\/wp-content\/uploads\/2016\/08\/wagrain-kleinarl-wasserwelt.tiff\"],\"sameas\":[\"http:\/\/open.salzburgerland.com\/de\/entity\/st-_johann-alpendorf\"]},\"http:\/\/open.salzburgerland.com\/magazin\/entity\/wald\":{\"uri\":\"http:\/\/open.salzburgerland.com\/magazin\/entity\/wald\",\"label\":\"Wald\",\"description\":\"Ein Wald ist eine Pflanzenformation, die \u201eim Wesentlichen aus B\u00e4umen aufgebaut ist und eine so gro\u00dfe Fl\u00e4che bedeckt, dass sich darauf ein charakteristisches Waldklima entwickeln kann\u201c.\",\"main_type\":\"wl-thing\",\"type\":[\"http:\/\/schema.org\/Thing\"],\"image\":[],\"sameas\":[\"http:\/\/rdf.freebase.com\/ns\/m.02zr8\",\"http:\/\/dbpedia.org\/resource\/Forest\",\"http:\/\/open.salzburgerland.com\/de\/entity\/wald\"]},\"http:\/\/open.salzburgerland.com\/magazin\/entity\/hotel\":{\"uri\":\"http:\/\/open.salzburgerland.com\/magazin\/entity\/hotel\",\"label\":\"Hotel\",\"description\":\"Ein Hotel ist ein Beherbergungs- und Verpflegungsbetrieb f\u00fcr G\u00e4ste gegen Bezahlung. Es ist ein touristisches, dem Hotel- und Gastst\u00e4ttengewerbe zuzuordnendes Unternehmen. Als Branche spricht man vom Hotelgewerbe.\",\"main_type\":\"wl-thing\",\"type\":[\"http:\/\/schema.org\/Thing\"],\"image\":[],\"sameas\":[\"http:\/\/open.salzburgerland.com\/de\/entity\/hotel\",\"http:\/\/rdf.freebase.com\/ns\/m.03pty\",\"http:\/\/dbpedia.org\/resource\/Hotel\"]},\"http:\/\/open.salzburgerland.com\/magazin\/entity\/wellness\":{\"uri\":\"http:\/\/open.salzburgerland.com\/magazin\/entity\/wellness\",\"label\":\"Wellness\",\"description\":\"Das Wort Wellness wurde von Sir A. Johnson erstmals 1654 ins Leben gerufen. Es setzt sich aus den beiden englischen W\u00f6rtern \u201ewell-being\u201c und \u201efitness\u201c zusammen. Beim Wellnessen sollen K\u00f6rper, Geist und Seele in Einklang gebracht werden und Sch\u00f6nheit und Entspannung im Mittelpunkt stehen. In den meisten Hotels und Thermen in \u00d6sterreich findet man einen Wellnessbereich. Es werden Massagen, B\u00e4der und Kosmetikbehandlungen angeboten.\",\"main_type\":\"wl-thing\",\"type\":[\"http:\/\/schema.org\/Thing\"],\"image\":[],\"sameas\":[\"http:\/\/open.salzburgerland.com\/de\/entity\/wellness\",\"http:\/\/www.wikidata.org\/entity\/Q1077209\",\"http:\/\/dbpedia.org\/resource\/Wellness_(alternative_medicine)\",\"http:\/\/wikidata.dbpedia.org\/resource\/Q1077209\",\"http:\/\/yago-knowledge.org\/resource\/Wellness_(alternative_medicine)\",\"http:\/\/rdf.freebase.com\/ns\/m.059z22\"]},\"http:\/\/open.salzburgerland.com\/magazin\/entity\/restaurant\":{\"uri\":\"http:\/\/open.salzburgerland.com\/magazin\/entity\/restaurant\",\"label\":\"Restaurant\",\"description\":\"Restaurants (franz\u00f6sische Substantivierung aus restaurer, \u201awiederherstellen\u2018, \u201ast\u00e4rken\u2018) sind heute gehobene Gastst\u00e4tten, in denen Speisen und Getr\u00e4nke angeboten und verzehrt werden. Sie bieten eine Auswahl an Gerichten an und haben separate Tische oder R\u00e4ume f\u00fcr ihre G\u00e4ste. Die Bezeichnung \u201eRestaurant\u201c entstand im 18. \u00a0Jahrhundert in Frankreich.\",\"main_type\":\"wl-thing\",\"type\":[\"http:\/\/schema.org\/Thing\"],\"image\":[],\"sameas\":[\"http:\/\/wikidata.dbpedia.org\/resource\/Q11707\",\"http:\/\/www.wikidata.org\/entity\/Q11707\",\"http:\/\/data.nytimes.com\/N73798814927836825690\",\"http:\/\/dbpedia.org\/resource\/Restaurant\",\"http:\/\/open.salzburgerland.com\/de\/entity\/restaurant\",\"http:\/\/rdf.freebase.com\/ns\/m.06l8d\",\"http:\/\/de.dbpedia.org\/resource\/Restaurant\"]}}","_wl_entity_redirect_enabled":"","footnotes":""},"categories":[5],"tags":[],"wl_entity_type":[306],"monatsauswahl":[82,83,84,85,86,87,88,89,90,91,92,93],"class_list":["post-91308","post","type-post","status-publish","format-standard","has-post-thumbnail","hentry","category-hotel-reise","wl_entity_type-article","monatsauswahl-monat_1","monatsauswahl-monat_2","monatsauswahl-monat_3","monatsauswahl-monat_4","monatsauswahl-monat_5","monatsauswahl-monat_6","monatsauswahl-monat_7","monatsauswahl-monat_8","monatsauswahl-monat_9","monatsauswahl-monat_10","monatsauswahl-monat_11","monatsauswahl-monat_12"],"acf":[],"yoast_head":"<!-- This site is optimized with the Yoast SEO Premium plugin v27.4 (Yoast SEO v27.4) - https:\/\/yoast.com\/product\/yoast-seo-premium-wordpress\/ -->\n<title>Alpenurlaub im Hotel Oberforsthof - SalzburgerLand Magazin<\/title>\n<meta name=\"description\" content=\"Wer hier vor den Pforten des Hotels Oberforsthof aussteigt, sp\u00fcrt, wie sich der Geist schlagartig von allt\u00e4glichen Sorgen l\u00f6st. Wie k\u00f6nnte man besser im Urlaub ankommen als umgeben von gr\u00fcnen H\u00fcgeln, W\u00e4ldern und mit Wildblumen besprenkelten Wiesen? Man atmet tief ein und tief aus, genie\u00dft noch einmal die herrliche Bergkulisse, bevor man sich zum Eingang des 4-Sterne-Superior-Hotels begibt.\" \/>\n<meta name=\"robots\" content=\"index, follow, max-snippet:-1, max-image-preview:large, max-video-preview:-1\" \/>\n<link rel=\"canonical\" href=\"https:\/\/www.salzburgerland.com\/de\/magazin\/alpenurlaub-im-hotel-oberforsthof\/\" \/>\n<meta property=\"og:locale\" content=\"de_DE\" \/>\n<meta property=\"og:type\" content=\"article\" \/>\n<meta property=\"og:title\" content=\"Alpenurlaub im Hotel Oberforsthof\" \/>\n<meta property=\"og:description\" content=\"Was sofort ins Auge sticht: Das Hotel ist wirklich gro\u00df. &#8222;Wir haben richtig viel Platz hier. Auch wenn viele G\u00e4ste hier sind, findet jeder in den gro\u00dfz\u00fcgigen R\u00e4umen ein gem\u00fctliches Fleckerl f\u00fcr sich&#8220;, erkl\u00e4rt Hildegard H\u00f6llwart, die das Hotel zusammen mit ihrer Familie leitet. Den vielen Raum wissen die H\u00f6llwarts zu nutzen. Bei der Zimmerwahl [&hellip;]\" \/>\n<meta property=\"og:url\" content=\"https:\/\/www.salzburgerland.com\/de\/magazin\/alpenurlaub-im-hotel-oberforsthof\/\" \/>\n<meta property=\"og:site_name\" content=\"SalzburgerLand Magazin\" \/>\n<meta property=\"article:publisher\" content=\"https:\/\/www.facebook.com\/salzburgerland\/\" \/>\n<meta property=\"article:published_time\" content=\"2014-09-13T07:00:20+00:00\" \/>\n<meta property=\"article:modified_time\" content=\"2023-06-29T08:37:16+00:00\" \/>\n<meta property=\"og:image\" content=\"https:\/\/www.salzburgerland.com\/de\/magazin\/wp-content\/uploads\/2014\/08\/Hotel-Oberforsthof_Bildmaterial-48.jpg\" \/>\n\t<meta property=\"og:image:width\" content=\"1600\" \/>\n\t<meta property=\"og:image:height\" content=\"1074\" \/>\n\t<meta property=\"og:image:type\" content=\"image\/jpeg\" \/>\n<meta name=\"author\" content=\"Christine Gnahn\" \/>\n<meta name=\"twitter:card\" content=\"summary_large_image\" \/>\n<meta name=\"twitter:creator\" content=\"@Salzburgerland\" \/>\n<meta name=\"twitter:site\" content=\"@Salzburgerland\" \/>\n<meta name=\"twitter:label1\" content=\"Verfasst von\" \/>\n\t<meta name=\"twitter:data1\" content=\"Christine Gnahn\" \/>\n\t<meta name=\"twitter:label2\" content=\"Gesch\u00e4tzte Lesezeit\" \/>\n\t<meta name=\"twitter:data2\" content=\"6\u00a0Minuten\" \/>\n<script type=\"application\/ld+json\" class=\"yoast-schema-graph\">{\"@context\":\"https:\\\/\\\/schema.org\",\"@graph\":[{\"@type\":\"Article\",\"@id\":\"https:\\\/\\\/www.salzburgerland.com\\\/de\\\/magazin\\\/alpenurlaub-im-hotel-oberforsthof\\\/#article\",\"isPartOf\":{\"@id\":\"https:\\\/\\\/www.salzburgerland.com\\\/de\\\/magazin\\\/alpenurlaub-im-hotel-oberforsthof\\\/\"},\"author\":{\"name\":\"Christine Gnahn\",\"@id\":\"https:\\\/\\\/www.salzburgerland.com\\\/de\\\/magazin\\\/#\\\/schema\\\/person\\\/bffbd5cf7c6a1f4948505566c7fcff7c\"},\"headline\":\"Alpenurlaub im Hotel Oberforsthof\",\"datePublished\":\"2014-09-13T07:00:20+00:00\",\"dateModified\":\"2023-06-29T08:37:16+00:00\",\"mainEntityOfPage\":{\"@id\":\"https:\\\/\\\/www.salzburgerland.com\\\/de\\\/magazin\\\/alpenurlaub-im-hotel-oberforsthof\\\/\"},\"wordCount\":625,\"commentCount\":0,\"publisher\":{\"@id\":\"https:\\\/\\\/www.salzburgerland.com\\\/de\\\/magazin\\\/#organization\"},\"image\":{\"@id\":\"https:\\\/\\\/www.salzburgerland.com\\\/de\\\/magazin\\\/alpenurlaub-im-hotel-oberforsthof\\\/#primaryimage\"},\"thumbnailUrl\":\"https:\\\/\\\/www.salzburgerland.com\\\/de\\\/magazin\\\/wp-content\\\/uploads\\\/2014\\\/08\\\/Hotel-Oberforsthof_Bildmaterial-48.jpg\",\"articleSection\":[\"Hotel &amp; Reise\"],\"inLanguage\":\"de\",\"potentialAction\":[{\"@type\":\"CommentAction\",\"name\":\"Comment\",\"target\":[\"https:\\\/\\\/www.salzburgerland.com\\\/de\\\/magazin\\\/alpenurlaub-im-hotel-oberforsthof\\\/#respond\"]}]},{\"@type\":\"WebPage\",\"@id\":\"https:\\\/\\\/www.salzburgerland.com\\\/de\\\/magazin\\\/alpenurlaub-im-hotel-oberforsthof\\\/\",\"url\":\"https:\\\/\\\/www.salzburgerland.com\\\/de\\\/magazin\\\/alpenurlaub-im-hotel-oberforsthof\\\/\",\"name\":\"Alpenurlaub im Hotel Oberforsthof - SalzburgerLand Magazin\",\"isPartOf\":{\"@id\":\"https:\\\/\\\/www.salzburgerland.com\\\/de\\\/magazin\\\/#website\"},\"primaryImageOfPage\":{\"@id\":\"https:\\\/\\\/www.salzburgerland.com\\\/de\\\/magazin\\\/alpenurlaub-im-hotel-oberforsthof\\\/#primaryimage\"},\"image\":{\"@id\":\"https:\\\/\\\/www.salzburgerland.com\\\/de\\\/magazin\\\/alpenurlaub-im-hotel-oberforsthof\\\/#primaryimage\"},\"thumbnailUrl\":\"https:\\\/\\\/www.salzburgerland.com\\\/de\\\/magazin\\\/wp-content\\\/uploads\\\/2014\\\/08\\\/Hotel-Oberforsthof_Bildmaterial-48.jpg\",\"datePublished\":\"2014-09-13T07:00:20+00:00\",\"dateModified\":\"2023-06-29T08:37:16+00:00\",\"breadcrumb\":{\"@id\":\"https:\\\/\\\/www.salzburgerland.com\\\/de\\\/magazin\\\/alpenurlaub-im-hotel-oberforsthof\\\/#breadcrumb\"},\"inLanguage\":\"de\",\"potentialAction\":[{\"@type\":\"ReadAction\",\"target\":[\"https:\\\/\\\/www.salzburgerland.com\\\/de\\\/magazin\\\/alpenurlaub-im-hotel-oberforsthof\\\/\"]}]},{\"@type\":\"ImageObject\",\"inLanguage\":\"de\",\"@id\":\"https:\\\/\\\/www.salzburgerland.com\\\/de\\\/magazin\\\/alpenurlaub-im-hotel-oberforsthof\\\/#primaryimage\",\"url\":\"https:\\\/\\\/www.salzburgerland.com\\\/de\\\/magazin\\\/wp-content\\\/uploads\\\/2014\\\/08\\\/Hotel-Oberforsthof_Bildmaterial-48.jpg\",\"contentUrl\":\"https:\\\/\\\/www.salzburgerland.com\\\/de\\\/magazin\\\/wp-content\\\/uploads\\\/2014\\\/08\\\/Hotel-Oberforsthof_Bildmaterial-48.jpg\",\"width\":1600,\"height\":1074,\"caption\":\"Zwei Korbst\u00fchle und ein Tisch mit Kaffee auf einem Holzbalkon mit Blick auf verschneite Berge und einen klaren Himmel.\"},{\"@type\":\"BreadcrumbList\",\"@id\":\"https:\\\/\\\/www.salzburgerland.com\\\/de\\\/magazin\\\/alpenurlaub-im-hotel-oberforsthof\\\/#breadcrumb\",\"itemListElement\":[{\"@type\":\"ListItem\",\"position\":1,\"name\":\"Startseite\",\"item\":\"https:\\\/\\\/www.salzburgerland.com\\\/de\\\/magazin\\\/\"},{\"@type\":\"ListItem\",\"position\":2,\"name\":\"Hotel &amp; Reise\",\"item\":\"https:\\\/\\\/www.salzburgerland.com\\\/de\\\/magazin\\\/thema\\\/hotel-reise\\\/\"},{\"@type\":\"ListItem\",\"position\":3,\"name\":\"Alpenurlaub im Hotel Oberforsthof\"}]},{\"@type\":\"WebSite\",\"@id\":\"https:\\\/\\\/www.salzburgerland.com\\\/de\\\/magazin\\\/#website\",\"url\":\"https:\\\/\\\/www.salzburgerland.com\\\/de\\\/magazin\\\/\",\"name\":\"SalzburgerLand Magazin\",\"description\":\"Geschichten und Interessantes aus dem SalzburgerLand\",\"publisher\":{\"@id\":\"https:\\\/\\\/www.salzburgerland.com\\\/de\\\/magazin\\\/#organization\"},\"potentialAction\":[{\"@type\":\"SearchAction\",\"target\":{\"@type\":\"EntryPoint\",\"urlTemplate\":\"https:\\\/\\\/www.salzburgerland.com\\\/de\\\/magazin\\\/?s={search_term_string}\"},\"query-input\":{\"@type\":\"PropertyValueSpecification\",\"valueRequired\":true,\"valueName\":\"search_term_string\"}}],\"inLanguage\":\"de\"},{\"@type\":\"Organization\",\"@id\":\"https:\\\/\\\/www.salzburgerland.com\\\/de\\\/magazin\\\/#organization\",\"name\":\"SalzburgerLand Tourismus\",\"url\":\"https:\\\/\\\/www.salzburgerland.com\\\/de\\\/magazin\\\/\",\"logo\":{\"@type\":\"ImageObject\",\"inLanguage\":\"de\",\"@id\":\"https:\\\/\\\/www.salzburgerland.com\\\/de\\\/magazin\\\/#\\\/schema\\\/logo\\\/image\\\/\",\"url\":\"https:\\\/\\\/www.salzburgerland.com\\\/de\\\/magazin\\\/wp-content\\\/uploads\\\/2019\\\/06\\\/salzburgerland-logo1.jpg\",\"contentUrl\":\"https:\\\/\\\/www.salzburgerland.com\\\/de\\\/magazin\\\/wp-content\\\/uploads\\\/2019\\\/06\\\/salzburgerland-logo1.jpg\",\"width\":2011,\"height\":866,\"caption\":\"SalzburgerLand Tourismus\"},\"image\":{\"@id\":\"https:\\\/\\\/www.salzburgerland.com\\\/de\\\/magazin\\\/#\\\/schema\\\/logo\\\/image\\\/\"},\"sameAs\":[\"https:\\\/\\\/www.facebook.com\\\/salzburgerland\\\/\",\"https:\\\/\\\/x.com\\\/Salzburgerland\",\"https:\\\/\\\/www.instagram.com\\\/salzburgerland\\\/\",\"https:\\\/\\\/at.linkedin.com\\\/company\\\/salzburgerland-tourismus-gmbh\",\"https:\\\/\\\/www.pinterest.at\\\/salzburgerland\\\/\",\"https:\\\/\\\/www.youtube.com\\\/user\\\/salzburgerland\",\"https:\\\/\\\/de.wikipedia.org\\\/wiki\\\/SalzburgerLand_Tourismus_GmbH\"]},{\"@type\":\"Person\",\"@id\":\"https:\\\/\\\/www.salzburgerland.com\\\/de\\\/magazin\\\/#\\\/schema\\\/person\\\/bffbd5cf7c6a1f4948505566c7fcff7c\",\"name\":\"Christine Gnahn\",\"description\":\"Christine Gnahn ist mit Leidenschaft dabei, wenn es um Kunst, Kultur und Menschen im sch\u00f6nen SalzburgerLand geht. In ihrer Freizeit ist sie gern immer im Trubel des Geschehens und verbringt viel Zeit mit Sport und Wandern in der heilsamen Atmosph\u00e4re vom Salzburger M\u00f6nchs- und Kapuzinerberg. Das Schreiben ist sowohl Beruf als auch Hobby: Auch Gedichte, Kurzgeschichten und Romane z\u00e4hlen zum Repertoire der 22-j\u00e4hrigen Journalistin und Schrifstellerin. Um den eigenen Horrizont zu erweitern, begibt sie sich regelm\u00e4\u00dfig auf abenteuerliche Rucksackreisen durch aller Herren L\u00e4nder. Lebensmotto: Leb den Moment! Fragen mit Antworten von Christine Gnahn Morgen- oder Abendmensch? Wenn Morgens die Sonne aufgeht bin ich putzmunter und hab Riesenhunger auf Fr\u00fchst\u00fcck und Leben! Ich wei\u00df ich geh\u00f6re einer aussterbenden Rasse an aber ich f\u00fchle mich pudelwohl damit! Im Morgen liegt einfach eine besondere Kraft: Die Kraft des Neubeginns. Wellnessurlaub oder Rucksackreise? Rucksackreise, ruhig auch ohne jeglichen Komfort. Ich gehe auf Reisen, um Menschen, Land und Lebensgef\u00fchl zu sp\u00fcren. Dazu braucht es weder h\u00fcbsches Hotelzimmer noch edle Buffets. Alles Hab und Gut auf den R\u00fccken und bereit f\u00fcr jedes Abenteuer, das ist doch die wahre Freiheit! Berge oder Meer? Obwohl ich die Berge sehr liebe, w\u00fcrde ich wohl meist das Meer bevorzugen. Schon als Kind Stunden und Tage an der Adria verbracht, ist es mit seinen Wellen, Str\u00f6mung, Flut und Ebbe f\u00fcr mich Sinnbild der Energie und der Ruhe zugleich. Wandern oder Laufen? Ich bin ein Sportfreak. Erst morgens Laufen, dann Wandern! Turnschuhe oder High Heels? Ich besitze ein paar High Heels und die trage ich ungef\u00e4hr einmal in zwei Jahren. Im \u00fcbrigen ist High Heel wohl auch ein klarer Euphemismus f\u00fcr drei Zentimeter Absatz. Gmiadlich soll's sein und ich will mich wohlf\u00fchlen, daher: Turnschuhe! Fr\u00fchling, Sommer, Herbst oder Winter? Ich mag eigentlich jede Jahreszeit. Grad in Australien, wo grad im Norden Jahreszeiten eigentlich komplett durch Regen- und Trockenzeit ersetzt werden, lernt man sie zu sch\u00e4tzen. Aber wenn ich w\u00e4hlen muss, mag ich wohl Fr\u00fchling und Sommer am liebsten. Rindsroulade vom Pinzgauer Biorind oder Saibling fangfrisch aus dem\u00a0Fuschlsee? Ganz klar der Fisch! Grad frischem Fisch kann ich nicht widerstehen. Dazu noch ein Hauch Zitrone... mhhhh!\",\"url\":\"https:\\\/\\\/www.salzburgerland.com\\\/de\\\/magazin\\\/author\\\/cgnahn\\\/\"}]}<\/script>\n<!-- \/ Yoast SEO Premium plugin. -->","yoast_head_json":{"title":"Alpenurlaub im Hotel Oberforsthof - SalzburgerLand Magazin","description":"Wer hier vor den Pforten des Hotels Oberforsthof aussteigt, sp\u00fcrt, wie sich der Geist schlagartig von allt\u00e4glichen Sorgen l\u00f6st. Wie k\u00f6nnte man besser im Urlaub ankommen als umgeben von gr\u00fcnen H\u00fcgeln, W\u00e4ldern und mit Wildblumen besprenkelten Wiesen? Man atmet tief ein und tief aus, genie\u00dft noch einmal die herrliche Bergkulisse, bevor man sich zum Eingang des 4-Sterne-Superior-Hotels begibt.","robots":{"index":"index","follow":"follow","max-snippet":"max-snippet:-1","max-image-preview":"max-image-preview:large","max-video-preview":"max-video-preview:-1"},"canonical":"https:\/\/www.salzburgerland.com\/de\/magazin\/alpenurlaub-im-hotel-oberforsthof\/","og_locale":"de_DE","og_type":"article","og_title":"Alpenurlaub im Hotel Oberforsthof","og_description":"Was sofort ins Auge sticht: Das Hotel ist wirklich gro\u00df. &#8222;Wir haben richtig viel Platz hier. Auch wenn viele G\u00e4ste hier sind, findet jeder in den gro\u00dfz\u00fcgigen R\u00e4umen ein gem\u00fctliches Fleckerl f\u00fcr sich&#8220;, erkl\u00e4rt Hildegard H\u00f6llwart, die das Hotel zusammen mit ihrer Familie leitet. Den vielen Raum wissen die H\u00f6llwarts zu nutzen. Bei der Zimmerwahl [&hellip;]","og_url":"https:\/\/www.salzburgerland.com\/de\/magazin\/alpenurlaub-im-hotel-oberforsthof\/","og_site_name":"SalzburgerLand Magazin","article_publisher":"https:\/\/www.facebook.com\/salzburgerland\/","article_published_time":"2014-09-13T07:00:20+00:00","article_modified_time":"2023-06-29T08:37:16+00:00","og_image":[{"width":1600,"height":1074,"url":"https:\/\/www.salzburgerland.com\/de\/magazin\/wp-content\/uploads\/2014\/08\/Hotel-Oberforsthof_Bildmaterial-48.jpg","type":"image\/jpeg"}],"author":"Christine Gnahn","twitter_card":"summary_large_image","twitter_creator":"@Salzburgerland","twitter_site":"@Salzburgerland","twitter_misc":{"Verfasst von":"Christine Gnahn","Gesch\u00e4tzte Lesezeit":"6\u00a0Minuten"},"schema":{"@context":"https:\/\/schema.org","@graph":[{"@type":"Article","@id":"https:\/\/www.salzburgerland.com\/de\/magazin\/alpenurlaub-im-hotel-oberforsthof\/#article","isPartOf":{"@id":"https:\/\/www.salzburgerland.com\/de\/magazin\/alpenurlaub-im-hotel-oberforsthof\/"},"author":{"name":"Christine Gnahn","@id":"https:\/\/www.salzburgerland.com\/de\/magazin\/#\/schema\/person\/bffbd5cf7c6a1f4948505566c7fcff7c"},"headline":"Alpenurlaub im Hotel Oberforsthof","datePublished":"2014-09-13T07:00:20+00:00","dateModified":"2023-06-29T08:37:16+00:00","mainEntityOfPage":{"@id":"https:\/\/www.salzburgerland.com\/de\/magazin\/alpenurlaub-im-hotel-oberforsthof\/"},"wordCount":625,"commentCount":0,"publisher":{"@id":"https:\/\/www.salzburgerland.com\/de\/magazin\/#organization"},"image":{"@id":"https:\/\/www.salzburgerland.com\/de\/magazin\/alpenurlaub-im-hotel-oberforsthof\/#primaryimage"},"thumbnailUrl":"https:\/\/www.salzburgerland.com\/de\/magazin\/wp-content\/uploads\/2014\/08\/Hotel-Oberforsthof_Bildmaterial-48.jpg","articleSection":["Hotel &amp; Reise"],"inLanguage":"de","potentialAction":[{"@type":"CommentAction","name":"Comment","target":["https:\/\/www.salzburgerland.com\/de\/magazin\/alpenurlaub-im-hotel-oberforsthof\/#respond"]}]},{"@type":"WebPage","@id":"https:\/\/www.salzburgerland.com\/de\/magazin\/alpenurlaub-im-hotel-oberforsthof\/","url":"https:\/\/www.salzburgerland.com\/de\/magazin\/alpenurlaub-im-hotel-oberforsthof\/","name":"Alpenurlaub im Hotel Oberforsthof - SalzburgerLand Magazin","isPartOf":{"@id":"https:\/\/www.salzburgerland.com\/de\/magazin\/#website"},"primaryImageOfPage":{"@id":"https:\/\/www.salzburgerland.com\/de\/magazin\/alpenurlaub-im-hotel-oberforsthof\/#primaryimage"},"image":{"@id":"https:\/\/www.salzburgerland.com\/de\/magazin\/alpenurlaub-im-hotel-oberforsthof\/#primaryimage"},"thumbnailUrl":"https:\/\/www.salzburgerland.com\/de\/magazin\/wp-content\/uploads\/2014\/08\/Hotel-Oberforsthof_Bildmaterial-48.jpg","datePublished":"2014-09-13T07:00:20+00:00","dateModified":"2023-06-29T08:37:16+00:00","breadcrumb":{"@id":"https:\/\/www.salzburgerland.com\/de\/magazin\/alpenurlaub-im-hotel-oberforsthof\/#breadcrumb"},"inLanguage":"de","potentialAction":[{"@type":"ReadAction","target":["https:\/\/www.salzburgerland.com\/de\/magazin\/alpenurlaub-im-hotel-oberforsthof\/"]}]},{"@type":"ImageObject","inLanguage":"de","@id":"https:\/\/www.salzburgerland.com\/de\/magazin\/alpenurlaub-im-hotel-oberforsthof\/#primaryimage","url":"https:\/\/www.salzburgerland.com\/de\/magazin\/wp-content\/uploads\/2014\/08\/Hotel-Oberforsthof_Bildmaterial-48.jpg","contentUrl":"https:\/\/www.salzburgerland.com\/de\/magazin\/wp-content\/uploads\/2014\/08\/Hotel-Oberforsthof_Bildmaterial-48.jpg","width":1600,"height":1074,"caption":"Zwei Korbst\u00fchle und ein Tisch mit Kaffee auf einem Holzbalkon mit Blick auf verschneite Berge und einen klaren Himmel."},{"@type":"BreadcrumbList","@id":"https:\/\/www.salzburgerland.com\/de\/magazin\/alpenurlaub-im-hotel-oberforsthof\/#breadcrumb","itemListElement":[{"@type":"ListItem","position":1,"name":"Startseite","item":"https:\/\/www.salzburgerland.com\/de\/magazin\/"},{"@type":"ListItem","position":2,"name":"Hotel &amp; Reise","item":"https:\/\/www.salzburgerland.com\/de\/magazin\/thema\/hotel-reise\/"},{"@type":"ListItem","position":3,"name":"Alpenurlaub im Hotel Oberforsthof"}]},{"@type":"WebSite","@id":"https:\/\/www.salzburgerland.com\/de\/magazin\/#website","url":"https:\/\/www.salzburgerland.com\/de\/magazin\/","name":"SalzburgerLand Magazin","description":"Geschichten und Interessantes aus dem SalzburgerLand","publisher":{"@id":"https:\/\/www.salzburgerland.com\/de\/magazin\/#organization"},"potentialAction":[{"@type":"SearchAction","target":{"@type":"EntryPoint","urlTemplate":"https:\/\/www.salzburgerland.com\/de\/magazin\/?s={search_term_string}"},"query-input":{"@type":"PropertyValueSpecification","valueRequired":true,"valueName":"search_term_string"}}],"inLanguage":"de"},{"@type":"Organization","@id":"https:\/\/www.salzburgerland.com\/de\/magazin\/#organization","name":"SalzburgerLand Tourismus","url":"https:\/\/www.salzburgerland.com\/de\/magazin\/","logo":{"@type":"ImageObject","inLanguage":"de","@id":"https:\/\/www.salzburgerland.com\/de\/magazin\/#\/schema\/logo\/image\/","url":"https:\/\/www.salzburgerland.com\/de\/magazin\/wp-content\/uploads\/2019\/06\/salzburgerland-logo1.jpg","contentUrl":"https:\/\/www.salzburgerland.com\/de\/magazin\/wp-content\/uploads\/2019\/06\/salzburgerland-logo1.jpg","width":2011,"height":866,"caption":"SalzburgerLand Tourismus"},"image":{"@id":"https:\/\/www.salzburgerland.com\/de\/magazin\/#\/schema\/logo\/image\/"},"sameAs":["https:\/\/www.facebook.com\/salzburgerland\/","https:\/\/x.com\/Salzburgerland","https:\/\/www.instagram.com\/salzburgerland\/","https:\/\/at.linkedin.com\/company\/salzburgerland-tourismus-gmbh","https:\/\/www.pinterest.at\/salzburgerland\/","https:\/\/www.youtube.com\/user\/salzburgerland","https:\/\/de.wikipedia.org\/wiki\/SalzburgerLand_Tourismus_GmbH"]},{"@type":"Person","@id":"https:\/\/www.salzburgerland.com\/de\/magazin\/#\/schema\/person\/bffbd5cf7c6a1f4948505566c7fcff7c","name":"Christine Gnahn","description":"Christine Gnahn ist mit Leidenschaft dabei, wenn es um Kunst, Kultur und Menschen im sch\u00f6nen SalzburgerLand geht. In ihrer Freizeit ist sie gern immer im Trubel des Geschehens und verbringt viel Zeit mit Sport und Wandern in der heilsamen Atmosph\u00e4re vom Salzburger M\u00f6nchs- und Kapuzinerberg. Das Schreiben ist sowohl Beruf als auch Hobby: Auch Gedichte, Kurzgeschichten und Romane z\u00e4hlen zum Repertoire der 22-j\u00e4hrigen Journalistin und Schrifstellerin. Um den eigenen Horrizont zu erweitern, begibt sie sich regelm\u00e4\u00dfig auf abenteuerliche Rucksackreisen durch aller Herren L\u00e4nder. Lebensmotto: Leb den Moment! Fragen mit Antworten von Christine Gnahn Morgen- oder Abendmensch? Wenn Morgens die Sonne aufgeht bin ich putzmunter und hab Riesenhunger auf Fr\u00fchst\u00fcck und Leben! Ich wei\u00df ich geh\u00f6re einer aussterbenden Rasse an aber ich f\u00fchle mich pudelwohl damit! Im Morgen liegt einfach eine besondere Kraft: Die Kraft des Neubeginns. Wellnessurlaub oder Rucksackreise? Rucksackreise, ruhig auch ohne jeglichen Komfort. Ich gehe auf Reisen, um Menschen, Land und Lebensgef\u00fchl zu sp\u00fcren. Dazu braucht es weder h\u00fcbsches Hotelzimmer noch edle Buffets. Alles Hab und Gut auf den R\u00fccken und bereit f\u00fcr jedes Abenteuer, das ist doch die wahre Freiheit! Berge oder Meer? Obwohl ich die Berge sehr liebe, w\u00fcrde ich wohl meist das Meer bevorzugen. Schon als Kind Stunden und Tage an der Adria verbracht, ist es mit seinen Wellen, Str\u00f6mung, Flut und Ebbe f\u00fcr mich Sinnbild der Energie und der Ruhe zugleich. Wandern oder Laufen? Ich bin ein Sportfreak. Erst morgens Laufen, dann Wandern! Turnschuhe oder High Heels? Ich besitze ein paar High Heels und die trage ich ungef\u00e4hr einmal in zwei Jahren. Im \u00fcbrigen ist High Heel wohl auch ein klarer Euphemismus f\u00fcr drei Zentimeter Absatz. Gmiadlich soll's sein und ich will mich wohlf\u00fchlen, daher: Turnschuhe! Fr\u00fchling, Sommer, Herbst oder Winter? Ich mag eigentlich jede Jahreszeit. Grad in Australien, wo grad im Norden Jahreszeiten eigentlich komplett durch Regen- und Trockenzeit ersetzt werden, lernt man sie zu sch\u00e4tzen. Aber wenn ich w\u00e4hlen muss, mag ich wohl Fr\u00fchling und Sommer am liebsten. Rindsroulade vom Pinzgauer Biorind oder Saibling fangfrisch aus dem\u00a0Fuschlsee? Ganz klar der Fisch! Grad frischem Fisch kann ich nicht widerstehen. Dazu noch ein Hauch Zitrone... mhhhh!","url":"https:\/\/www.salzburgerland.com\/de\/magazin\/author\/cgnahn\/"}]}},"_wl_alt_label":[],"wl:entity_url":"http:\/\/open.salzburgerland.com\/magazin\/post\/alpenurlaub_im_hotel_oberforsthof","_links":{"self":[{"href":"https:\/\/www.salzburgerland.com\/de\/magazin\/wp-json\/wp\/v2\/posts\/91308","targetHints":{"allow":["GET"]}}],"collection":[{"href":"https:\/\/www.salzburgerland.com\/de\/magazin\/wp-json\/wp\/v2\/posts"}],"about":[{"href":"https:\/\/www.salzburgerland.com\/de\/magazin\/wp-json\/wp\/v2\/types\/post"}],"author":[{"embeddable":true,"href":"https:\/\/www.salzburgerland.com\/de\/magazin\/wp-json\/wp\/v2\/users\/8"}],"replies":[{"embeddable":true,"href":"https:\/\/www.salzburgerland.com\/de\/magazin\/wp-json\/wp\/v2\/comments?post=91308"}],"version-history":[{"count":2,"href":"https:\/\/www.salzburgerland.com\/de\/magazin\/wp-json\/wp\/v2\/posts\/91308\/revisions"}],"predecessor-version":[{"id":171965,"href":"https:\/\/www.salzburgerland.com\/de\/magazin\/wp-json\/wp\/v2\/posts\/91308\/revisions\/171965"}],"wp:featuredmedia":[{"embeddable":true,"href":"https:\/\/www.salzburgerland.com\/de\/magazin\/wp-json\/wp\/v2\/media\/91325"}],"wp:attachment":[{"href":"https:\/\/www.salzburgerland.com\/de\/magazin\/wp-json\/wp\/v2\/media?parent=91308"}],"wp:term":[{"taxonomy":"category","embeddable":true,"href":"https:\/\/www.salzburgerland.com\/de\/magazin\/wp-json\/wp\/v2\/categories?post=91308"},{"taxonomy":"post_tag","embeddable":true,"href":"https:\/\/www.salzburgerland.com\/de\/magazin\/wp-json\/wp\/v2\/tags?post=91308"},{"taxonomy":"wl_entity_type","embeddable":true,"href":"https:\/\/www.salzburgerland.com\/de\/magazin\/wp-json\/wp\/v2\/wl_entity_type?post=91308"},{"taxonomy":"monatsauswahl","embeddable":true,"href":"https:\/\/www.salzburgerland.com\/de\/magazin\/wp-json\/wp\/v2\/monatsauswahl?post=91308"}],"curies":[{"name":"wp","href":"https:\/\/api.w.org\/{rel}","templated":true}]}}