{"id":90539,"date":"2014-08-20T10:15:07","date_gmt":"2014-08-20T08:15:07","guid":{"rendered":"http:\/\/magazin.salzburgerland.com\/?p=90539"},"modified":"2014-11-14T15:44:22","modified_gmt":"2014-11-14T14:44:22","slug":"literaturhaus-salzburg-wo-das-leben-zur-sprache-kommt","status":"publish","type":"post","link":"https:\/\/www.salzburgerland.com\/de\/magazin\/literaturhaus-salzburg-wo-das-leben-zur-sprache-kommt\/","title":{"rendered":"Literaturhaus Salzburg: wo das Leben zur Sprache kommt"},"content":{"rendered":"<p><strong>Die Literatur hat in Salzburg ein besonders sch\u00f6nes Zuhause:\u00a0im 450 Jahre alten, denkmalgesch\u00fctzten Eizenbergerhof am Rande der <a title=\"Altstadt Salzburg\" href=\"http:\/\/www.salzburg-altstadt.at\/\" target=\"_blank\">Salzburger Altstadt<\/a>. Seit der Gr\u00fcndung 1991 fanden im Literaturhaus Salzburg bereits \u00fcber 4.000 literarische Veranstaltungen mit tausenden Schriftstellern und K\u00fcnstlern statt. F\u00fcr einen Abstecher ins &#8222;sch\u00f6nste\u00a0<\/strong><strong>Literaturhaus&#8220; sprechen aber noch viele andere Gr\u00fcnde.\u00a0<\/strong><\/p>\n<p>Schon alleine das Haus, in dem sechs Literatureinrichtungen untergebracht sind, ist einen Besuch wert. Der Eizenbergerhof wurde um 1600 erbaut und ist von au\u00dfen wie innen wundersch\u00f6n anzuschauen. Dieses Haus atmet im wahrsten Sinne des Wortes Geschichte &#8211; von den schmalen, alten Treppen\u00a0\u00fcber das\u00a0beeindruckenden Gew\u00f6lbe im ersten Obergescho\u00df.\u00a0Das <a title=\"Literaturhaus Salzburg\" href=\"http:\/\/www.literaturhaus-salzburg.at\/?lang=de\" target=\"_blank\">Literaturhaus Salzburg<\/a> ist eine der gr\u00f6\u00dften Literatureinrichtungen \u00d6sterreichs und auch Europas. Dabei dient\u00a0es als Veranstaltungsort und Kulturzentrum f\u00fcr alles, was mit Literatur zu tun hat &#8211; ob Diskussionen, Vortr\u00e4ge, Lesungen oder Festivals, wie das j\u00e4hrliche\u00a0<a title=\"Krimi-Fest Literaturhaus Salzburg\" href=\"http:\/\/www.literaturhaus-salzburg.at\/Krimi-Fest_90_107_118.html\" target=\"_blank\">Krimi-Fest.<\/a>\u00a0Monat f\u00fcr Monat geben sich innerhalb der historischen Mauern des Eizenbergerhofs internationale Literatur-Gr\u00f6\u00dfen die Ehre.<\/p>\n<p><a href=\"https:\/\/www.salzburgerland.com\/de\/magazin\/wp-content\/uploads\/2014\/08\/Literaturhaus_2.jpg\"><img loading=\"lazy\" decoding=\"async\" alt=\"Literaturhaus_2\" src=\"https:\/\/www.salzburgerland.com\/de\/magazin\/wp-content\/uploads\/2014\/08\/Literaturhaus_2-650x435.jpg\" width=\"650\" height=\"435\" \/><\/a><\/p>\n<p>Welche Autoren schon im Literaturhaus zu Gast waren, welche B\u00fccher ihm pers\u00f6nlich besonders in Erinnerung geblieben sind und warum man dem Haus in der Strubergasse 23 auf jeden Fall einen Besuch abstatten sollte: Literaturhaus-Gesch\u00e4ftsf\u00fchrer Tomas Friedmann stand uns Rede und Antwort.<\/p>\n<p><strong>Wof\u00fcr steht das Literaturhaus?<br \/>\n<\/strong>\u201cDu \u00f6ffnest die B\u00fccher und sie \u00f6ffnen dich\u201d, hei\u00dft es beim bekannten kirgisisch-russischen Schriftsteller Tschingis Aitmatow (er las 1998 bei uns). In diesem Sinn w\u00e4hlen wir Texte aus und laden Autoren und Publikum zur Begegnung ein. Wir \u2013 Team wie alle Literatureinrichtungen \u2013 bem\u00fchen uns dabei als Experten, Veranstalter und Organisatoren um bestm\u00f6gliche Vermittlung zwischen Sprachen und Menschen. Kurz und gut: Das Literaturhaus Salzburg steht f\u00fcr interessante, aufregende, bewegende Literatur in allen Formen (von klassischer Lesung bis Literaturfahrten und Ausstellungen), die wir f\u00fcr Leserinnen und Leser aufbereiten. Daf\u00fcr arbeiten wir mit Verlagen und Schriftstellern aus \u00d6sterreich und der ganzen Welt zusammen.<\/p>\n<p><strong>Warum sollte man sich einen Besuch im Literaturhaus nicht entgehen lassen?<\/strong><br \/>\nDas Literaturhaus ist nicht nur irgendein Ort f\u00fcr das Wort, allein die Atmosph\u00e4re im \u201csch\u00f6nsten Literaturhaus\u201d \u2013 so der Dichter H.C. Artmann \u2013 ist einmalig. Seit der Er\u00f6ffnung im Herbst 1991 im denkmalgesch\u00fctzten Eizenbergerhof (mit Holzkassettendecken und Steinb\u00f6gen) traten tausende Autoren und K\u00fcnstler aus Nah und Fern vor insgesamt rund 250.000 BesucherInnen auf. Ich glaube, dass all diese Stimmen und Stimmungen, die Stille wie die Poesie der vergangenen Jahre und Jahrhunderte (Mozart soll ja auch hier gewesen sein) in dem 450 Jahre alten Geb\u00e4ude sp\u00fcrbar sind. Das sollte man sich nicht entgehen lassen \u2013 ganz abgesehen von den j\u00e4hrlich rund 270 Veranstaltungen und Aktivit\u00e4ten f\u00fcr Gro\u00df und Klein.<\/p>\n<figure id=\"attachment_91118\" aria-describedby=\"caption-attachment-91118\" style=\"width: 650px\" class=\"wp-caption alignnone\"><a href=\"https:\/\/www.salzburgerland.com\/de\/magazin\/wp-content\/uploads\/2014\/08\/Literaturhaus_9.jpg\"><img loading=\"lazy\" decoding=\"async\" class=\"size-singlePost wp-image-91118\" alt=\"Das Literaturhaus-Team.\" src=\"https:\/\/www.salzburgerland.com\/de\/magazin\/wp-content\/uploads\/2014\/08\/Literaturhaus_9-650x435.jpg\" width=\"650\" height=\"435\" \/><\/a><figcaption id=\"caption-attachment-91118\" class=\"wp-caption-text\">Das Literaturhaus-Team.<\/figcaption><\/figure>\n<p><strong>Welche ber\u00fchmten Autoren waren schon im Literaturhaus zu Gast und wer ist Ihnen besonders in Erinnerung geblieben?<\/strong><br \/>\nViele! Von Literaturnobelpreistr\u00e4gern wie Herta M\u00fcller, Imre Kertesz, Elfriede Jelinek, Wole Soyinka und Kenzaburo Oe bis zu unvergesslichen Abenden etwa mit heimischen Autoren wie z.B. Friederike Mayr\u00f6cker, Ernst Jandl, Gert Jonke, Walter Kappacher und Gerhard Amanshauser. Ber\u00fchmtheit ist nicht alles, es geht vielmehr um die Qualit\u00e4t des Textes wie des Vortrags, des Gespr\u00e4chs \u2013 ohne Special-Effects. Und da gibt es viele gute Erinnerungen an wunderbare Augenblicke, z.B. als der ukrainische Dichter Juri Andruchowytsch mit seiner Frau im Caf\u00e9 f\u00fcr uns Volkslieder sang oder als eine Autorin (Name wird nicht verraten) von mir im Hotel massiert werden wollte oder der Schauspieler Leon Askin statt eines Fried-Gedichts irrt\u00fcmlich den Vorbereitungszettel mit den \u00dcberschriften aller Gedichte vortrug. Im Literaturhaus wird ja nicht nur gelesen und klug gesprochen, bei uns wird ja auch getanzt und gelacht.<\/p>\n<p><strong>Welches Buch sollte man Ihrer Meinung nach gelesen haben und warum?<\/strong><br \/>\nEs gibt kein Lekt\u00fcre-Muss, ich erhebe bestimmt keinen Zeigefinger. Es gibt so viele beeindruckende B\u00fccher, aus vorigen Jahrhunderten wie ganz aktuelle, dass f\u00fcr jede und jeden die Auswahl gro\u00df ist. Gute Buchh\u00e4ndler beraten hier ebenso kompetent wie Bibliothekare oder wir im Literaturhaus. Von all den tausenden B\u00fcchern, die ich in meinem Leben gelesen habe, sind mir einige in besonderer Erinnerung, dazu z\u00e4hlen etwa der Roman \u201cNacht\u201d von Edgar Hilsenrath, die Gedichte und Geschichten von Ilse Achinger, die Erz\u00e4hlungen von Raymond Carver sowie der \u201cUlysses\u201d von James Joyce. F\u00fcr jeden Menschen gibt es mehr als ein Buch, du brauchst nur das richtige zu \u00f6ffnen \u2013 und es \u00f6ffnet dich &#8230;<\/p>\n<p><a title=\"Literaturhaus Salzburg\" href=\"http:\/\/www.literaturhaus-salzburg.at\/?lang=de\" target=\"_blank\">Literaturhaus Salzburg<br \/>\n<\/a>Strubergasse 23\/H.C. Artmann-Platz<br \/>\n5020 Salzburg, \u00d6sterreich<br \/>\nMail: info@literaturhaus-salzburg.at<br \/>\nTel.:\u00a0+43 662 422 411<\/p>\n<div class=\"mag-gallery\"><div class=\"row\"><div class=\"col-6 col-sm-4\"><figure><a class=\"thumb-container\" href=\"https:\/\/www.salzburgerland.com\/de\/magazin\/wp-content\/uploads\/2014\/08\/Literaturhaus_3-1280x1024.jpg\">\t<picture><source media=\"(min-width: 576px)\" srcset=\"\" \/><source media=\"(min-width: 0)\" srcset=\"https:\/\/www.salzburgerland.com\/de\/magazin\/wp-content\/uploads\/2014\/08\/Literaturhaus_3.jpg 1201w, https:\/\/www.salzburgerland.com\/de\/magazin\/wp-content\/uploads\/2014\/08\/Literaturhaus_3-225x300.jpg 225w, https:\/\/www.salzburgerland.com\/de\/magazin\/wp-content\/uploads\/2014\/08\/Literaturhaus_3-413x550.jpg 413w, https:\/\/www.salzburgerland.com\/de\/magazin\/wp-content\/uploads\/2014\/08\/Literaturhaus_3-300x400.jpg 300w\" \/><img decoding=\"async\" alt=\"Gew\u00f6lbte Holzt\u00fcr in einer pfirsichfarbenen Wand mit Steinrahmen, Plaketten und einer L\u00f6wenskulptur dar\u00fcber.\" src=\"https:\/\/www.salzburgerland.com\/de\/magazin\/wp-content\/uploads\/2014\/08\/Literaturhaus_3.jpg\" \/>\t<\/picture><\/a><\/figure><\/div><div class=\"col-6 col-sm-4\"><figure><a class=\"thumb-container\" href=\"https:\/\/www.salzburgerland.com\/de\/magazin\/wp-content\/uploads\/2014\/08\/Literaturhaus_8-1280x1024.jpg\">\t<picture><source media=\"(min-width: 576px)\" srcset=\"https:\/\/www.salzburgerland.com\/de\/magazin\/wp-content\/uploads\/2014\/08\/Literaturhaus_8-325x209.jpg 325w, https:\/\/www.salzburgerland.com\/de\/magazin\/wp-content\/uploads\/2014\/08\/Literaturhaus_8-249x160.jpg 249w\" \/><source media=\"(min-width: 0)\" srcset=\"https:\/\/www.salzburgerland.com\/de\/magazin\/wp-content\/uploads\/2014\/08\/Literaturhaus_8-249x160.jpg 249w, https:\/\/www.salzburgerland.com\/de\/magazin\/wp-content\/uploads\/2014\/08\/Literaturhaus_8-325x209.jpg 325w\" \/><img decoding=\"async\" alt=\"\" src=\"https:\/\/www.salzburgerland.com\/de\/magazin\/wp-content\/uploads\/2014\/08\/Literaturhaus_8.jpg\" \/>\t<\/picture><\/a><\/figure><\/div><div class=\"col-6 col-sm-4\"><figure><a class=\"thumb-container\" href=\"https:\/\/www.salzburgerland.com\/de\/magazin\/wp-content\/uploads\/2014\/08\/Literaturhaus_6-1280x1024.jpg\">\t<picture><source media=\"(min-width: 576px)\" srcset=\"https:\/\/www.salzburgerland.com\/de\/magazin\/wp-content\/uploads\/2014\/08\/Literaturhaus_6-325x209.jpg 325w, https:\/\/www.salzburgerland.com\/de\/magazin\/wp-content\/uploads\/2014\/08\/Literaturhaus_6-249x160.jpg 249w\" \/><source media=\"(min-width: 0)\" srcset=\"https:\/\/www.salzburgerland.com\/de\/magazin\/wp-content\/uploads\/2014\/08\/Literaturhaus_6-249x160.jpg 249w, https:\/\/www.salzburgerland.com\/de\/magazin\/wp-content\/uploads\/2014\/08\/Literaturhaus_6-325x209.jpg 325w\" \/><img decoding=\"async\" alt=\"Ger\u00e4umiger leerer Raum mit Holzboden, verzierter Decke, Kronleuchter und gro\u00dfen Fenstern mit Jalousien.\" src=\"https:\/\/www.salzburgerland.com\/de\/magazin\/wp-content\/uploads\/2014\/08\/Literaturhaus_6.jpg\" \/>\t<\/picture><\/a><\/figure><\/div><div class=\"col-6 col-sm-4\"><figure><a class=\"thumb-container\" href=\"https:\/\/www.salzburgerland.com\/de\/magazin\/wp-content\/uploads\/2014\/08\/Literaturhaus_1-1280x1024.jpg\">\t<picture><source media=\"(min-width: 576px)\" srcset=\"https:\/\/www.salzburgerland.com\/de\/magazin\/wp-content\/uploads\/2014\/08\/Literaturhaus_1-325x209.jpg 325w, https:\/\/www.salzburgerland.com\/de\/magazin\/wp-content\/uploads\/2014\/08\/Literaturhaus_1-249x160.jpg 249w\" \/><source media=\"(min-width: 0)\" srcset=\"https:\/\/www.salzburgerland.com\/de\/magazin\/wp-content\/uploads\/2014\/08\/Literaturhaus_1-249x160.jpg 249w, https:\/\/www.salzburgerland.com\/de\/magazin\/wp-content\/uploads\/2014\/08\/Literaturhaus_1-325x209.jpg 325w\" \/><img decoding=\"async\" alt=\"\" src=\"https:\/\/www.salzburgerland.com\/de\/magazin\/wp-content\/uploads\/2014\/08\/Literaturhaus_1.jpg\" \/>\t<\/picture><\/a><\/figure><\/div><div class=\"col-6 col-sm-4\"><figure><a class=\"thumb-container\" href=\"https:\/\/www.salzburgerland.com\/de\/magazin\/wp-content\/uploads\/2014\/08\/Literaturhaus_5-1280x1024.jpg\">\t<picture><source media=\"(min-width: 576px)\" srcset=\"https:\/\/www.salzburgerland.com\/de\/magazin\/wp-content\/uploads\/2014\/08\/Literaturhaus_5-325x209.jpg 325w, https:\/\/www.salzburgerland.com\/de\/magazin\/wp-content\/uploads\/2014\/08\/Literaturhaus_5-249x160.jpg 249w\" \/><source media=\"(min-width: 0)\" srcset=\"https:\/\/www.salzburgerland.com\/de\/magazin\/wp-content\/uploads\/2014\/08\/Literaturhaus_5-249x160.jpg 249w, https:\/\/www.salzburgerland.com\/de\/magazin\/wp-content\/uploads\/2014\/08\/Literaturhaus_5-325x209.jpg 325w\" \/><img decoding=\"async\" alt=\"Ein Konferenzraum mit schwarzen Stuhlreihen, Kronleuchtern und einer Holzdecke und einem Holzboden.\" src=\"https:\/\/www.salzburgerland.com\/de\/magazin\/wp-content\/uploads\/2014\/08\/Literaturhaus_5.jpg\" \/>\t<\/picture><\/a><\/figure><\/div><\/div><\/div><figcaption><\/figcaption>\n<p><em>Fotocredits:\u00a0<\/em>\u00a0<em>\u00a9 Literaturhaus Salzburg<\/em><\/p>\n","protected":false},"excerpt":{"rendered":"<p>Die Literatur hat in Salzburg ein besonders sch\u00f6nes Zuhause:\u00a0im 450 Jahre alten, denkmalgesch\u00fctzten Eizenbergerhof am Rande der Salzburger Altstadt. Seit der Gr\u00fcndung 1991 fanden im Literaturhaus Salzburg bereits \u00fcber 4.000 literarische Veranstaltungen mit tausenden Schriftstellern und K\u00fcnstlern statt. F\u00fcr einen Abstecher ins &#8222;sch\u00f6nste\u00a0Literaturhaus&#8220; sprechen aber noch viele andere Gr\u00fcnde.\u00a0 Schon alleine das Haus, in dem [&hellip;]<\/p>\n","protected":false},"author":333,"featured_media":91108,"comment_status":"open","ping_status":"open","sticky":false,"template":"","format":"standard","meta":{"_acf_changed":false,"wl_entities_gutenberg":"","_wl_entity_redirect_enabled":"","footnotes":""},"categories":[6],"tags":[],"wl_entity_type":[306],"monatsauswahl":[82,83,84,85,86,87,88,89,90,91,92,93],"class_list":["post-90539","post","type-post","status-publish","format-standard","has-post-thumbnail","hentry","category-kunst-kultur","wl_entity_type-article","monatsauswahl-monat_1","monatsauswahl-monat_2","monatsauswahl-monat_3","monatsauswahl-monat_4","monatsauswahl-monat_5","monatsauswahl-monat_6","monatsauswahl-monat_7","monatsauswahl-monat_8","monatsauswahl-monat_9","monatsauswahl-monat_10","monatsauswahl-monat_11","monatsauswahl-monat_12"],"acf":[],"yoast_head":"<!-- This site is optimized with the Yoast SEO Premium plugin v27.4 (Yoast SEO v27.4) - https:\/\/yoast.com\/product\/yoast-seo-premium-wordpress\/ -->\n<title>Literaturhaus Salzburg: wo das Leben zur Sprache kommt - SalzburgerLand Magazin<\/title>\n<meta name=\"description\" content=\"Die Literatur hat in Salzburg ein besonders sch\u00f6nes Zuhause:\u00a0im 450 Jahre alten, denkmalgesch\u00fctzten Eizenbergerhof am Rande der Salzburger Altstadt. Seit der Gr\u00fcndung 1991 fanden im Literaturhaus Salzburg bereits \u00fcber 4.000 literarische Veranstaltungen mit tausenden Schriftstellern und K\u00fcnstlern statt. F\u00fcr einen Abstecher ins &#8222;sch\u00f6nste\u00a0Literaturhaus&#8220; sprechen aber noch viele andere Gr\u00fcnde.\u00a0 Schon alleine das Haus, in dem [&hellip;]\" \/>\n<meta name=\"robots\" content=\"index, follow, max-snippet:-1, max-image-preview:large, max-video-preview:-1\" \/>\n<link rel=\"canonical\" href=\"https:\/\/www.salzburgerland.com\/de\/magazin\/literaturhaus-salzburg-wo-das-leben-zur-sprache-kommt\/\" \/>\n<meta property=\"og:locale\" content=\"de_DE\" \/>\n<meta property=\"og:type\" content=\"article\" \/>\n<meta property=\"og:title\" content=\"Literaturhaus Salzburg: wo das Leben zur Sprache kommt\" \/>\n<meta property=\"og:description\" content=\"Die Literatur hat in Salzburg ein besonders sch\u00f6nes Zuhause:\u00a0im 450 Jahre alten, denkmalgesch\u00fctzten Eizenbergerhof am Rande der Salzburger Altstadt. Seit der Gr\u00fcndung 1991 fanden im Literaturhaus Salzburg bereits \u00fcber 4.000 literarische Veranstaltungen mit tausenden Schriftstellern und K\u00fcnstlern statt. F\u00fcr einen Abstecher ins &#8222;sch\u00f6nste\u00a0Literaturhaus&#8220; sprechen aber noch viele andere Gr\u00fcnde.\u00a0 Schon alleine das Haus, in dem [&hellip;]\" \/>\n<meta property=\"og:url\" content=\"https:\/\/www.salzburgerland.com\/de\/magazin\/literaturhaus-salzburg-wo-das-leben-zur-sprache-kommt\/\" \/>\n<meta property=\"og:site_name\" content=\"SalzburgerLand Magazin\" \/>\n<meta property=\"article:publisher\" content=\"https:\/\/www.facebook.com\/salzburgerland\/\" \/>\n<meta property=\"article:published_time\" content=\"2014-08-20T08:15:07+00:00\" \/>\n<meta property=\"article:modified_time\" content=\"2014-11-14T14:44:22+00:00\" \/>\n<meta property=\"og:image\" content=\"https:\/\/www.salzburgerland.com\/de\/magazin\/wp-content\/uploads\/2014\/08\/Literaturhaus_4.jpg\" \/>\n\t<meta property=\"og:image:width\" content=\"1600\" \/>\n\t<meta property=\"og:image:height\" content=\"1064\" \/>\n\t<meta property=\"og:image:type\" content=\"image\/jpeg\" \/>\n<meta name=\"author\" content=\"Christina Knauseder-Csipek\" \/>\n<meta name=\"twitter:card\" content=\"summary_large_image\" \/>\n<meta name=\"twitter:creator\" content=\"@Salzburgerland\" \/>\n<meta name=\"twitter:site\" content=\"@Salzburgerland\" \/>\n<meta name=\"twitter:label1\" content=\"Verfasst von\" \/>\n\t<meta name=\"twitter:data1\" content=\"Christina Knauseder-Csipek\" \/>\n\t<meta name=\"twitter:label2\" content=\"Gesch\u00e4tzte Lesezeit\" \/>\n\t<meta name=\"twitter:data2\" content=\"4\u00a0Minuten\" \/>\n<script type=\"application\/ld+json\" class=\"yoast-schema-graph\">{\"@context\":\"https:\\\/\\\/schema.org\",\"@graph\":[{\"@type\":\"Article\",\"@id\":\"https:\\\/\\\/www.salzburgerland.com\\\/de\\\/magazin\\\/literaturhaus-salzburg-wo-das-leben-zur-sprache-kommt\\\/#article\",\"isPartOf\":{\"@id\":\"https:\\\/\\\/www.salzburgerland.com\\\/de\\\/magazin\\\/literaturhaus-salzburg-wo-das-leben-zur-sprache-kommt\\\/\"},\"author\":{\"name\":\"Christina Knauseder-Csipek\",\"@id\":\"https:\\\/\\\/www.salzburgerland.com\\\/de\\\/magazin\\\/#\\\/schema\\\/person\\\/c8d118fb84adefa6fa30b3220457409a\"},\"headline\":\"Literaturhaus Salzburg: wo das Leben zur Sprache kommt\",\"datePublished\":\"2014-08-20T08:15:07+00:00\",\"dateModified\":\"2014-11-14T14:44:22+00:00\",\"mainEntityOfPage\":{\"@id\":\"https:\\\/\\\/www.salzburgerland.com\\\/de\\\/magazin\\\/literaturhaus-salzburg-wo-das-leben-zur-sprache-kommt\\\/\"},\"wordCount\":766,\"commentCount\":0,\"publisher\":{\"@id\":\"https:\\\/\\\/www.salzburgerland.com\\\/de\\\/magazin\\\/#organization\"},\"image\":{\"@id\":\"https:\\\/\\\/www.salzburgerland.com\\\/de\\\/magazin\\\/literaturhaus-salzburg-wo-das-leben-zur-sprache-kommt\\\/#primaryimage\"},\"thumbnailUrl\":\"https:\\\/\\\/www.salzburgerland.com\\\/de\\\/magazin\\\/wp-content\\\/uploads\\\/2014\\\/08\\\/Literaturhaus_4.jpg\",\"articleSection\":[\"Kunst &amp; Kultur\"],\"inLanguage\":\"de\",\"potentialAction\":[{\"@type\":\"CommentAction\",\"name\":\"Comment\",\"target\":[\"https:\\\/\\\/www.salzburgerland.com\\\/de\\\/magazin\\\/literaturhaus-salzburg-wo-das-leben-zur-sprache-kommt\\\/#respond\"]}]},{\"@type\":\"WebPage\",\"@id\":\"https:\\\/\\\/www.salzburgerland.com\\\/de\\\/magazin\\\/literaturhaus-salzburg-wo-das-leben-zur-sprache-kommt\\\/\",\"url\":\"https:\\\/\\\/www.salzburgerland.com\\\/de\\\/magazin\\\/literaturhaus-salzburg-wo-das-leben-zur-sprache-kommt\\\/\",\"name\":\"Literaturhaus Salzburg: wo das Leben zur Sprache kommt - SalzburgerLand Magazin\",\"isPartOf\":{\"@id\":\"https:\\\/\\\/www.salzburgerland.com\\\/de\\\/magazin\\\/#website\"},\"primaryImageOfPage\":{\"@id\":\"https:\\\/\\\/www.salzburgerland.com\\\/de\\\/magazin\\\/literaturhaus-salzburg-wo-das-leben-zur-sprache-kommt\\\/#primaryimage\"},\"image\":{\"@id\":\"https:\\\/\\\/www.salzburgerland.com\\\/de\\\/magazin\\\/literaturhaus-salzburg-wo-das-leben-zur-sprache-kommt\\\/#primaryimage\"},\"thumbnailUrl\":\"https:\\\/\\\/www.salzburgerland.com\\\/de\\\/magazin\\\/wp-content\\\/uploads\\\/2014\\\/08\\\/Literaturhaus_4.jpg\",\"datePublished\":\"2014-08-20T08:15:07+00:00\",\"dateModified\":\"2014-11-14T14:44:22+00:00\",\"breadcrumb\":{\"@id\":\"https:\\\/\\\/www.salzburgerland.com\\\/de\\\/magazin\\\/literaturhaus-salzburg-wo-das-leben-zur-sprache-kommt\\\/#breadcrumb\"},\"inLanguage\":\"de\",\"potentialAction\":[{\"@type\":\"ReadAction\",\"target\":[\"https:\\\/\\\/www.salzburgerland.com\\\/de\\\/magazin\\\/literaturhaus-salzburg-wo-das-leben-zur-sprache-kommt\\\/\"]}]},{\"@type\":\"ImageObject\",\"inLanguage\":\"de\",\"@id\":\"https:\\\/\\\/www.salzburgerland.com\\\/de\\\/magazin\\\/literaturhaus-salzburg-wo-das-leben-zur-sprache-kommt\\\/#primaryimage\",\"url\":\"https:\\\/\\\/www.salzburgerland.com\\\/de\\\/magazin\\\/wp-content\\\/uploads\\\/2014\\\/08\\\/Literaturhaus_4.jpg\",\"contentUrl\":\"https:\\\/\\\/www.salzburgerland.com\\\/de\\\/magazin\\\/wp-content\\\/uploads\\\/2014\\\/08\\\/Literaturhaus_4.jpg\",\"width\":1600,\"height\":1064,\"caption\":\"Orangefarbenes Wohnhaus mit vielen Fenstern, einer Au\u00dfentreppe und einem Baum in der N\u00e4he unter blauem Himmel.\"},{\"@type\":\"BreadcrumbList\",\"@id\":\"https:\\\/\\\/www.salzburgerland.com\\\/de\\\/magazin\\\/literaturhaus-salzburg-wo-das-leben-zur-sprache-kommt\\\/#breadcrumb\",\"itemListElement\":[{\"@type\":\"ListItem\",\"position\":1,\"name\":\"Startseite\",\"item\":\"https:\\\/\\\/www.salzburgerland.com\\\/de\\\/magazin\\\/\"},{\"@type\":\"ListItem\",\"position\":2,\"name\":\"Kunst &amp; Kultur\",\"item\":\"https:\\\/\\\/www.salzburgerland.com\\\/de\\\/magazin\\\/thema\\\/kunst-kultur\\\/\"},{\"@type\":\"ListItem\",\"position\":3,\"name\":\"Literaturhaus Salzburg: wo das Leben zur Sprache kommt\"}]},{\"@type\":\"WebSite\",\"@id\":\"https:\\\/\\\/www.salzburgerland.com\\\/de\\\/magazin\\\/#website\",\"url\":\"https:\\\/\\\/www.salzburgerland.com\\\/de\\\/magazin\\\/\",\"name\":\"SalzburgerLand Magazin\",\"description\":\"Geschichten und Interessantes aus dem SalzburgerLand\",\"publisher\":{\"@id\":\"https:\\\/\\\/www.salzburgerland.com\\\/de\\\/magazin\\\/#organization\"},\"potentialAction\":[{\"@type\":\"SearchAction\",\"target\":{\"@type\":\"EntryPoint\",\"urlTemplate\":\"https:\\\/\\\/www.salzburgerland.com\\\/de\\\/magazin\\\/?s={search_term_string}\"},\"query-input\":{\"@type\":\"PropertyValueSpecification\",\"valueRequired\":true,\"valueName\":\"search_term_string\"}}],\"inLanguage\":\"de\"},{\"@type\":\"Organization\",\"@id\":\"https:\\\/\\\/www.salzburgerland.com\\\/de\\\/magazin\\\/#organization\",\"name\":\"SalzburgerLand Tourismus\",\"url\":\"https:\\\/\\\/www.salzburgerland.com\\\/de\\\/magazin\\\/\",\"logo\":{\"@type\":\"ImageObject\",\"inLanguage\":\"de\",\"@id\":\"https:\\\/\\\/www.salzburgerland.com\\\/de\\\/magazin\\\/#\\\/schema\\\/logo\\\/image\\\/\",\"url\":\"https:\\\/\\\/www.salzburgerland.com\\\/de\\\/magazin\\\/wp-content\\\/uploads\\\/2019\\\/06\\\/salzburgerland-logo1.jpg\",\"contentUrl\":\"https:\\\/\\\/www.salzburgerland.com\\\/de\\\/magazin\\\/wp-content\\\/uploads\\\/2019\\\/06\\\/salzburgerland-logo1.jpg\",\"width\":2011,\"height\":866,\"caption\":\"SalzburgerLand Tourismus\"},\"image\":{\"@id\":\"https:\\\/\\\/www.salzburgerland.com\\\/de\\\/magazin\\\/#\\\/schema\\\/logo\\\/image\\\/\"},\"sameAs\":[\"https:\\\/\\\/www.facebook.com\\\/salzburgerland\\\/\",\"https:\\\/\\\/x.com\\\/Salzburgerland\",\"https:\\\/\\\/www.instagram.com\\\/salzburgerland\\\/\",\"https:\\\/\\\/at.linkedin.com\\\/company\\\/salzburgerland-tourismus-gmbh\",\"https:\\\/\\\/www.pinterest.at\\\/salzburgerland\\\/\",\"https:\\\/\\\/www.youtube.com\\\/user\\\/salzburgerland\",\"https:\\\/\\\/de.wikipedia.org\\\/wiki\\\/SalzburgerLand_Tourismus_GmbH\"]},{\"@type\":\"Person\",\"@id\":\"https:\\\/\\\/www.salzburgerland.com\\\/de\\\/magazin\\\/#\\\/schema\\\/person\\\/c8d118fb84adefa6fa30b3220457409a\",\"name\":\"Christina Knauseder-Csipek\",\"description\":\"Ob interessante Menschen, besondere Landstriche oder bedeutsame Orte: Geschichten von Land und Leuten liegen Christina als studierte Historikerin und Kommunikationswissenschaftlerin besonders am Herzen. In ihrer Freizeit ist sie am liebsten in der Natur unterwegs oder begibt sich mit einer Tasse Tee in der Hand in fremde (Buch-)Welten. Das SalzburgerLand hat die Redakteurin schon als Kind sch\u00e4tzen und lieben gelernt. Heute genie\u00dft sie dessen Sch\u00f6nheiten noch immer so oft wie m\u00f6glich, zieht ihre Kreise aber auch gerne mal etwas gr\u00f6\u00dfer. Freunde munkeln \u00fcber einen Schuss Zigeunerblut in ihren Adern. So tingelt sie am liebsten entweder mit dem Rucksack durch Asien oder mit dem alten VW-Bus quer durch Europa. Und \u00fcberall warten spannende Geschichten darauf, bemerkt und niedergeschrieben zu werden. Fr\u00fchling, Sommer, Herbst oder Winter? Als geb\u00fcrtiges \u201eHerbstkatzerl\u201c liegt mir diese Jahreszeit besonders am Herzen. So sehr ich auch Fr\u00fchling, Sommer und Winter genie\u00dfe, ein klarer, sonniger Herbsttag mit seiner opulenten Farbenpracht \u2013 das hat schon einen ganz besonderen Zauber. Luxushotel oder Almh\u00fctte? Klar lasse ich mich auch gerne mal in einem Luxushotel verw\u00f6hnen, alles andere w\u00e4re geschwindelt. Aber gegen ein bodenst\u00e4ndiges Reise-Erlebnis nah an der Natur, ob auf einer urigen Alm oder am spartanischen Campingplatz auf Korsika, tausche ich einen Luxus-Urlaub gerne ein. Jederzeit und immer wieder. Kr\u00e4utertee oder Zirbenschnaps? Ein Schnapserl in Ehren kann ich schwer verwehren, wobei auch da eher den selbstgemachten Nusschnaps vom Onkel als die Zirbe. Grunds\u00e4tzlich bin ich aber ein leidenschaftlicher Tee-Genie\u00dfer und fr\u00f6ne dieser Leidenschaft literweise. Ob Gr\u00fcntee, Kr\u00e4utertee oder ganz klassisch \u201eEarl Grey\u201c: Eine Tasse Tee ist f\u00fcr mich Entspannung und Antrieb gleicherma\u00dfen. Buch oder Film? Ich bin ein absoluter B\u00fccherwurm, von Kindesbeinen an. B\u00f6se Zungen behaupten, dieser Zeit (Lesen bei, naja, nicht immer optimalen Bedingungen) h\u00e4tte ich auch meine Fehlsichtigkeit zu verdanken. Ob \u201eDer Herr der Ringe\u201c oder \u201eGame of Thrones\u201c \u2013 vor allem in fantastischen Welten kann ich mich komplett verlieren. Guten Filmen bin ich trotzdem nicht abgeneigt, da haben es mir vor allem \u00f6sterreichische und d\u00e4nische Produktionen angetan. Meistens herrlich skurril und oft zum Br\u00fcllen komisch. Yoga oder Mountainbike Auch wenn ich\u00b4s mir fr\u00fcher nicht gedacht h\u00e4tte: Yoga ist wirklich eine geniale Sache. Das mehr auf Kraft ausgerichtete Ashtanga Yoga hat einen fixen Platz in meinem Wochenplan gefunden, obwohl meine eigentliche Leidenschaft den Pferden geh\u00f6rt. Grunds\u00e4tzlich bevorzuge ich sportliche Aktivit\u00e4ten unter freiem Himmel. Von Laufen bis hin zum Paragleiten ist da alles mit dabei.\",\"url\":\"https:\\\/\\\/www.salzburgerland.com\\\/de\\\/magazin\\\/author\\\/christina-knauseder-csipek\\\/\"}]}<\/script>\n<!-- \/ Yoast SEO Premium plugin. -->","yoast_head_json":{"title":"Literaturhaus Salzburg: wo das Leben zur Sprache kommt - SalzburgerLand Magazin","description":"Die Literatur hat in Salzburg ein besonders sch\u00f6nes Zuhause:\u00a0im 450 Jahre alten, denkmalgesch\u00fctzten Eizenbergerhof am Rande der Salzburger Altstadt. Seit der Gr\u00fcndung 1991 fanden im Literaturhaus Salzburg bereits \u00fcber 4.000 literarische Veranstaltungen mit tausenden Schriftstellern und K\u00fcnstlern statt. F\u00fcr einen Abstecher ins &#8222;sch\u00f6nste\u00a0Literaturhaus&#8220; sprechen aber noch viele andere Gr\u00fcnde.\u00a0 Schon alleine das Haus, in dem [&hellip;]","robots":{"index":"index","follow":"follow","max-snippet":"max-snippet:-1","max-image-preview":"max-image-preview:large","max-video-preview":"max-video-preview:-1"},"canonical":"https:\/\/www.salzburgerland.com\/de\/magazin\/literaturhaus-salzburg-wo-das-leben-zur-sprache-kommt\/","og_locale":"de_DE","og_type":"article","og_title":"Literaturhaus Salzburg: wo das Leben zur Sprache kommt","og_description":"Die Literatur hat in Salzburg ein besonders sch\u00f6nes Zuhause:\u00a0im 450 Jahre alten, denkmalgesch\u00fctzten Eizenbergerhof am Rande der Salzburger Altstadt. Seit der Gr\u00fcndung 1991 fanden im Literaturhaus Salzburg bereits \u00fcber 4.000 literarische Veranstaltungen mit tausenden Schriftstellern und K\u00fcnstlern statt. F\u00fcr einen Abstecher ins &#8222;sch\u00f6nste\u00a0Literaturhaus&#8220; sprechen aber noch viele andere Gr\u00fcnde.\u00a0 Schon alleine das Haus, in dem [&hellip;]","og_url":"https:\/\/www.salzburgerland.com\/de\/magazin\/literaturhaus-salzburg-wo-das-leben-zur-sprache-kommt\/","og_site_name":"SalzburgerLand Magazin","article_publisher":"https:\/\/www.facebook.com\/salzburgerland\/","article_published_time":"2014-08-20T08:15:07+00:00","article_modified_time":"2014-11-14T14:44:22+00:00","og_image":[{"width":1600,"height":1064,"url":"https:\/\/www.salzburgerland.com\/de\/magazin\/wp-content\/uploads\/2014\/08\/Literaturhaus_4.jpg","type":"image\/jpeg"}],"author":"Christina Knauseder-Csipek","twitter_card":"summary_large_image","twitter_creator":"@Salzburgerland","twitter_site":"@Salzburgerland","twitter_misc":{"Verfasst von":"Christina Knauseder-Csipek","Gesch\u00e4tzte Lesezeit":"4\u00a0Minuten"},"schema":{"@context":"https:\/\/schema.org","@graph":[{"@type":"Article","@id":"https:\/\/www.salzburgerland.com\/de\/magazin\/literaturhaus-salzburg-wo-das-leben-zur-sprache-kommt\/#article","isPartOf":{"@id":"https:\/\/www.salzburgerland.com\/de\/magazin\/literaturhaus-salzburg-wo-das-leben-zur-sprache-kommt\/"},"author":{"name":"Christina Knauseder-Csipek","@id":"https:\/\/www.salzburgerland.com\/de\/magazin\/#\/schema\/person\/c8d118fb84adefa6fa30b3220457409a"},"headline":"Literaturhaus Salzburg: wo das Leben zur Sprache kommt","datePublished":"2014-08-20T08:15:07+00:00","dateModified":"2014-11-14T14:44:22+00:00","mainEntityOfPage":{"@id":"https:\/\/www.salzburgerland.com\/de\/magazin\/literaturhaus-salzburg-wo-das-leben-zur-sprache-kommt\/"},"wordCount":766,"commentCount":0,"publisher":{"@id":"https:\/\/www.salzburgerland.com\/de\/magazin\/#organization"},"image":{"@id":"https:\/\/www.salzburgerland.com\/de\/magazin\/literaturhaus-salzburg-wo-das-leben-zur-sprache-kommt\/#primaryimage"},"thumbnailUrl":"https:\/\/www.salzburgerland.com\/de\/magazin\/wp-content\/uploads\/2014\/08\/Literaturhaus_4.jpg","articleSection":["Kunst &amp; Kultur"],"inLanguage":"de","potentialAction":[{"@type":"CommentAction","name":"Comment","target":["https:\/\/www.salzburgerland.com\/de\/magazin\/literaturhaus-salzburg-wo-das-leben-zur-sprache-kommt\/#respond"]}]},{"@type":"WebPage","@id":"https:\/\/www.salzburgerland.com\/de\/magazin\/literaturhaus-salzburg-wo-das-leben-zur-sprache-kommt\/","url":"https:\/\/www.salzburgerland.com\/de\/magazin\/literaturhaus-salzburg-wo-das-leben-zur-sprache-kommt\/","name":"Literaturhaus Salzburg: wo das Leben zur Sprache kommt - SalzburgerLand Magazin","isPartOf":{"@id":"https:\/\/www.salzburgerland.com\/de\/magazin\/#website"},"primaryImageOfPage":{"@id":"https:\/\/www.salzburgerland.com\/de\/magazin\/literaturhaus-salzburg-wo-das-leben-zur-sprache-kommt\/#primaryimage"},"image":{"@id":"https:\/\/www.salzburgerland.com\/de\/magazin\/literaturhaus-salzburg-wo-das-leben-zur-sprache-kommt\/#primaryimage"},"thumbnailUrl":"https:\/\/www.salzburgerland.com\/de\/magazin\/wp-content\/uploads\/2014\/08\/Literaturhaus_4.jpg","datePublished":"2014-08-20T08:15:07+00:00","dateModified":"2014-11-14T14:44:22+00:00","breadcrumb":{"@id":"https:\/\/www.salzburgerland.com\/de\/magazin\/literaturhaus-salzburg-wo-das-leben-zur-sprache-kommt\/#breadcrumb"},"inLanguage":"de","potentialAction":[{"@type":"ReadAction","target":["https:\/\/www.salzburgerland.com\/de\/magazin\/literaturhaus-salzburg-wo-das-leben-zur-sprache-kommt\/"]}]},{"@type":"ImageObject","inLanguage":"de","@id":"https:\/\/www.salzburgerland.com\/de\/magazin\/literaturhaus-salzburg-wo-das-leben-zur-sprache-kommt\/#primaryimage","url":"https:\/\/www.salzburgerland.com\/de\/magazin\/wp-content\/uploads\/2014\/08\/Literaturhaus_4.jpg","contentUrl":"https:\/\/www.salzburgerland.com\/de\/magazin\/wp-content\/uploads\/2014\/08\/Literaturhaus_4.jpg","width":1600,"height":1064,"caption":"Orangefarbenes Wohnhaus mit vielen Fenstern, einer Au\u00dfentreppe und einem Baum in der N\u00e4he unter blauem Himmel."},{"@type":"BreadcrumbList","@id":"https:\/\/www.salzburgerland.com\/de\/magazin\/literaturhaus-salzburg-wo-das-leben-zur-sprache-kommt\/#breadcrumb","itemListElement":[{"@type":"ListItem","position":1,"name":"Startseite","item":"https:\/\/www.salzburgerland.com\/de\/magazin\/"},{"@type":"ListItem","position":2,"name":"Kunst &amp; Kultur","item":"https:\/\/www.salzburgerland.com\/de\/magazin\/thema\/kunst-kultur\/"},{"@type":"ListItem","position":3,"name":"Literaturhaus Salzburg: wo das Leben zur Sprache kommt"}]},{"@type":"WebSite","@id":"https:\/\/www.salzburgerland.com\/de\/magazin\/#website","url":"https:\/\/www.salzburgerland.com\/de\/magazin\/","name":"SalzburgerLand Magazin","description":"Geschichten und Interessantes aus dem SalzburgerLand","publisher":{"@id":"https:\/\/www.salzburgerland.com\/de\/magazin\/#organization"},"potentialAction":[{"@type":"SearchAction","target":{"@type":"EntryPoint","urlTemplate":"https:\/\/www.salzburgerland.com\/de\/magazin\/?s={search_term_string}"},"query-input":{"@type":"PropertyValueSpecification","valueRequired":true,"valueName":"search_term_string"}}],"inLanguage":"de"},{"@type":"Organization","@id":"https:\/\/www.salzburgerland.com\/de\/magazin\/#organization","name":"SalzburgerLand Tourismus","url":"https:\/\/www.salzburgerland.com\/de\/magazin\/","logo":{"@type":"ImageObject","inLanguage":"de","@id":"https:\/\/www.salzburgerland.com\/de\/magazin\/#\/schema\/logo\/image\/","url":"https:\/\/www.salzburgerland.com\/de\/magazin\/wp-content\/uploads\/2019\/06\/salzburgerland-logo1.jpg","contentUrl":"https:\/\/www.salzburgerland.com\/de\/magazin\/wp-content\/uploads\/2019\/06\/salzburgerland-logo1.jpg","width":2011,"height":866,"caption":"SalzburgerLand Tourismus"},"image":{"@id":"https:\/\/www.salzburgerland.com\/de\/magazin\/#\/schema\/logo\/image\/"},"sameAs":["https:\/\/www.facebook.com\/salzburgerland\/","https:\/\/x.com\/Salzburgerland","https:\/\/www.instagram.com\/salzburgerland\/","https:\/\/at.linkedin.com\/company\/salzburgerland-tourismus-gmbh","https:\/\/www.pinterest.at\/salzburgerland\/","https:\/\/www.youtube.com\/user\/salzburgerland","https:\/\/de.wikipedia.org\/wiki\/SalzburgerLand_Tourismus_GmbH"]},{"@type":"Person","@id":"https:\/\/www.salzburgerland.com\/de\/magazin\/#\/schema\/person\/c8d118fb84adefa6fa30b3220457409a","name":"Christina Knauseder-Csipek","description":"Ob interessante Menschen, besondere Landstriche oder bedeutsame Orte: Geschichten von Land und Leuten liegen Christina als studierte Historikerin und Kommunikationswissenschaftlerin besonders am Herzen. In ihrer Freizeit ist sie am liebsten in der Natur unterwegs oder begibt sich mit einer Tasse Tee in der Hand in fremde (Buch-)Welten. Das SalzburgerLand hat die Redakteurin schon als Kind sch\u00e4tzen und lieben gelernt. Heute genie\u00dft sie dessen Sch\u00f6nheiten noch immer so oft wie m\u00f6glich, zieht ihre Kreise aber auch gerne mal etwas gr\u00f6\u00dfer. Freunde munkeln \u00fcber einen Schuss Zigeunerblut in ihren Adern. So tingelt sie am liebsten entweder mit dem Rucksack durch Asien oder mit dem alten VW-Bus quer durch Europa. Und \u00fcberall warten spannende Geschichten darauf, bemerkt und niedergeschrieben zu werden. Fr\u00fchling, Sommer, Herbst oder Winter? Als geb\u00fcrtiges \u201eHerbstkatzerl\u201c liegt mir diese Jahreszeit besonders am Herzen. So sehr ich auch Fr\u00fchling, Sommer und Winter genie\u00dfe, ein klarer, sonniger Herbsttag mit seiner opulenten Farbenpracht \u2013 das hat schon einen ganz besonderen Zauber. Luxushotel oder Almh\u00fctte? Klar lasse ich mich auch gerne mal in einem Luxushotel verw\u00f6hnen, alles andere w\u00e4re geschwindelt. Aber gegen ein bodenst\u00e4ndiges Reise-Erlebnis nah an der Natur, ob auf einer urigen Alm oder am spartanischen Campingplatz auf Korsika, tausche ich einen Luxus-Urlaub gerne ein. Jederzeit und immer wieder. Kr\u00e4utertee oder Zirbenschnaps? Ein Schnapserl in Ehren kann ich schwer verwehren, wobei auch da eher den selbstgemachten Nusschnaps vom Onkel als die Zirbe. Grunds\u00e4tzlich bin ich aber ein leidenschaftlicher Tee-Genie\u00dfer und fr\u00f6ne dieser Leidenschaft literweise. Ob Gr\u00fcntee, Kr\u00e4utertee oder ganz klassisch \u201eEarl Grey\u201c: Eine Tasse Tee ist f\u00fcr mich Entspannung und Antrieb gleicherma\u00dfen. Buch oder Film? Ich bin ein absoluter B\u00fccherwurm, von Kindesbeinen an. B\u00f6se Zungen behaupten, dieser Zeit (Lesen bei, naja, nicht immer optimalen Bedingungen) h\u00e4tte ich auch meine Fehlsichtigkeit zu verdanken. Ob \u201eDer Herr der Ringe\u201c oder \u201eGame of Thrones\u201c \u2013 vor allem in fantastischen Welten kann ich mich komplett verlieren. Guten Filmen bin ich trotzdem nicht abgeneigt, da haben es mir vor allem \u00f6sterreichische und d\u00e4nische Produktionen angetan. Meistens herrlich skurril und oft zum Br\u00fcllen komisch. Yoga oder Mountainbike Auch wenn ich\u00b4s mir fr\u00fcher nicht gedacht h\u00e4tte: Yoga ist wirklich eine geniale Sache. Das mehr auf Kraft ausgerichtete Ashtanga Yoga hat einen fixen Platz in meinem Wochenplan gefunden, obwohl meine eigentliche Leidenschaft den Pferden geh\u00f6rt. Grunds\u00e4tzlich bevorzuge ich sportliche Aktivit\u00e4ten unter freiem Himmel. Von Laufen bis hin zum Paragleiten ist da alles mit dabei.","url":"https:\/\/www.salzburgerland.com\/de\/magazin\/author\/christina-knauseder-csipek\/"}]}},"_wl_alt_label":[],"wl:entity_url":"http:\/\/open.salzburgerland.com\/magazin\/post\/literaturhaus_salzburg__wo_das_leben_zur_sprache_kommt","_links":{"self":[{"href":"https:\/\/www.salzburgerland.com\/de\/magazin\/wp-json\/wp\/v2\/posts\/90539","targetHints":{"allow":["GET"]}}],"collection":[{"href":"https:\/\/www.salzburgerland.com\/de\/magazin\/wp-json\/wp\/v2\/posts"}],"about":[{"href":"https:\/\/www.salzburgerland.com\/de\/magazin\/wp-json\/wp\/v2\/types\/post"}],"author":[{"embeddable":true,"href":"https:\/\/www.salzburgerland.com\/de\/magazin\/wp-json\/wp\/v2\/users\/333"}],"replies":[{"embeddable":true,"href":"https:\/\/www.salzburgerland.com\/de\/magazin\/wp-json\/wp\/v2\/comments?post=90539"}],"version-history":[{"count":0,"href":"https:\/\/www.salzburgerland.com\/de\/magazin\/wp-json\/wp\/v2\/posts\/90539\/revisions"}],"wp:featuredmedia":[{"embeddable":true,"href":"https:\/\/www.salzburgerland.com\/de\/magazin\/wp-json\/wp\/v2\/media\/91108"}],"wp:attachment":[{"href":"https:\/\/www.salzburgerland.com\/de\/magazin\/wp-json\/wp\/v2\/media?parent=90539"}],"wp:term":[{"taxonomy":"category","embeddable":true,"href":"https:\/\/www.salzburgerland.com\/de\/magazin\/wp-json\/wp\/v2\/categories?post=90539"},{"taxonomy":"post_tag","embeddable":true,"href":"https:\/\/www.salzburgerland.com\/de\/magazin\/wp-json\/wp\/v2\/tags?post=90539"},{"taxonomy":"wl_entity_type","embeddable":true,"href":"https:\/\/www.salzburgerland.com\/de\/magazin\/wp-json\/wp\/v2\/wl_entity_type?post=90539"},{"taxonomy":"monatsauswahl","embeddable":true,"href":"https:\/\/www.salzburgerland.com\/de\/magazin\/wp-json\/wp\/v2\/monatsauswahl?post=90539"}],"curies":[{"name":"wp","href":"https:\/\/api.w.org\/{rel}","templated":true}]}}