{"id":90117,"date":"2014-07-23T08:00:06","date_gmt":"2014-07-23T06:00:06","guid":{"rendered":"http:\/\/magazin.salzburgerland.com\/?p=90117"},"modified":"2014-07-21T09:38:18","modified_gmt":"2014-07-21T07:38:18","slug":"ommm-muuuh-bergyoga-auf-der-schmittenhoehe","status":"publish","type":"post","link":"https:\/\/www.salzburgerland.com\/de\/magazin\/ommm-muuuh-bergyoga-auf-der-schmittenhoehe\/","title":{"rendered":"&#8222;Ommm&#8220; &#038; &#8222;Muuuh&#8220; \u2013 Bergyoga auf der Schmittenh\u00f6he"},"content":{"rendered":"<p>Duftende Almwiesen auf 2.000 m H\u00f6he, unter uns der Zellersee, der gr\u00fcn wie ein kostbarer Smaragd im Morgenlicht funkelt, frische Bergluft und das Summen der flei\u00dfigen Bienen beim fr\u00fchen Nektarsammeln an den bunten Bergkr\u00e4utern. Im Yoga-Sitz mit verschr\u00e4nkten Beinen und dem Gesicht der Sonne zugewandt entspannen 38 Yogis \u2013 vom blutigen Anf\u00e4nger bis zum Profi \u2013 zur Einstimmung in zwei Stunden Bergyoga auf der <a href=\"http:\/\/www.schmitten.at\" target=\"_blank\">Schmittenh\u00f6he<\/a> in <a href=\"http:\/\/www.zellamsee-kaprun.com\/\" target=\"_blank\">Zell am See<\/a>.<\/p>\n<figure id=\"attachment_90120\" aria-describedby=\"caption-attachment-90120\" style=\"width: 650px\" class=\"wp-caption alignnone\"><a href=\"https:\/\/www.salzburgerland.com\/de\/magazin\/wp-content\/uploads\/2014\/07\/bergyoga-schmittenhohe-2.jpg\"><img loading=\"lazy\" decoding=\"async\" class=\"size-singlePost wp-image-90120\" alt=\"Ausblick auf 30 Dreitausender\" src=\"https:\/\/www.salzburgerland.com\/de\/magazin\/wp-content\/uploads\/2014\/07\/bergyoga-schmittenhohe-2-650x435.jpg\" width=\"650\" height=\"435\" \/><\/a><figcaption id=\"caption-attachment-90120\" class=\"wp-caption-text\">Ausblick auf 30 Dreitausender<\/figcaption><\/figure>\n<p>Bereits um 8.15 Uhr hat Yoga-Lehrerin Erika Zehentner die Teilnehmer dieser ersten von 6 im Sommer stattfindenden Outdoor-Yoga-Einheiten an der Talstation der Schmittenh\u00f6hebahn in Empfang genommen. Urlauber aus Deutschland, Skandinavien, England \u2013 und auch viele einheimische Anh\u00e4nger der indischen Yogalehre sind darunter und versorgt mit Isomatten und Decken gondeln wir zum Gipfel der Schmittenh\u00f6he. Begleitet vom imposanten Ausblick auf 30 Dreitausender wandert die Gruppe \u2013 der auch drei Hunde angeh\u00f6ren, die beim Bergyoga ausdr\u00fccklich willkommen sind &#8211; gem\u00fctlich zur etwas tiefer gelegenen \u201eRanggler-Wiese\u201c und inmitten der saftigen Blumenwiese werden die Isomatten ausgerollt.<\/p>\n<figure id=\"attachment_90135\" aria-describedby=\"caption-attachment-90135\" style=\"width: 650px\" class=\"wp-caption alignnone\"><a href=\"https:\/\/www.salzburgerland.com\/de\/magazin\/wp-content\/uploads\/2014\/07\/bergyoga-schmittenhohe-17.jpg\"><img loading=\"lazy\" decoding=\"async\" class=\"size-singlePost wp-image-90135\" title=\"Besondere Qualit\u00e4t durch N\u00e4he zur Natur\" alt=\"bergyoga schmittenh\u00f6he-17\" src=\"https:\/\/www.salzburgerland.com\/de\/magazin\/wp-content\/uploads\/2014\/07\/bergyoga-schmittenhohe-17-650x435.jpg\" width=\"650\" height=\"435\" \/><\/a><figcaption id=\"caption-attachment-90135\" class=\"wp-caption-text\">Besondere Qualit\u00e4t durch N\u00e4he zur Natur<\/figcaption><\/figure>\n<p><strong>Asanas mit besonderer Qualit\u00e4t<\/strong><br \/>\nSeit 23 Jahren ist Erika Zehentner bereits Yoga-Lehrerin und betreibt ihr eigenes Yoga-Studio in Zell am See und vor Beginn der ersten Entspannungs- und Atem\u00fcbung verr\u00e4t sie: \u201eHier oben in der freien Natur kann man Yoga mit allen Sinnen praktizieren \u2013 die Asanas (Yoga-\u00dcbungen) haben hoch oben am Berg in dieser Naturarena eine ganz andere Qualit\u00e4t.\u201c<\/p>\n<p>Der Duft der Wiesen, das ferne Bimmeln der Kuhglocken und das Summen der Insekten tr\u00e4gt zus\u00e4tzlich zur Entspannung bei und bereits nach den ersten Atem\u00fcbungen liegt ein seliges L\u00e4cheln auf den Gesichtern der Yogis, w\u00e4hrend Erikas ruhige Stimme die Anleitung f\u00fcr die Asanas gibt. Wie Klangschalen klingen die sich n\u00e4hernden Kuhglocken und als ich kurz die Augen \u00f6ffne, sehe ich, dass wir neugierigen Besuch bekommen haben: dicht gedr\u00e4ngt stehen die K\u00fche am Zaun der Wiese und beobachten die Yogis aufmerksam. Mit einem sanften \u201eMuuh\u201c stimmen sie in unser \u201eOooom\u201c ein und ich grinse beim Gedanken an die Yogapose \u201eKuhgesicht\u201c. Die Hunde l\u00e4sst der vierbeinige Besuch kalt, denn tiefenentspannt liegen sie inmitten der Yoga-Teilnehmer und haben die Pose \u201eschlafender Hund\u201c eingenommen.<\/p>\n<p><a href=\"https:\/\/www.salzburgerland.com\/de\/magazin\/wp-content\/uploads\/2014\/07\/bergyoga-schmittenhohe-5.jpg\"><img loading=\"lazy\" decoding=\"async\" class=\"alignnone size-singlePost wp-image-90123\" alt=\"bergyoga schmittenh\u00f6he-5\" src=\"https:\/\/www.salzburgerland.com\/de\/magazin\/wp-content\/uploads\/2014\/07\/bergyoga-schmittenhohe-5-650x435.jpg\" width=\"650\" height=\"435\" \/><\/a><\/p>\n<p>Nach zwei Stunden sind die \u00dcbungen &#8211; die nicht nur entspannen, sondern auch Kraft, Balance und Flexibilit\u00e4t trainieren &#8211; beendet und gemeinsam machen wir uns auf den R\u00fcckweg zum Gipfel, wo wir bei einem gesunden Fr\u00fchst\u00fcck die Aussicht genie\u00dfen und uns \u00fcber unsere Yoga-Erfahrungen austauschen. Schon bei der Verabschiedung k\u00fcndigen einige Teilnehmer an, auch bei den n\u00e4chsten Terminen des Berg-Yogas auf der Schmittenh\u00f6he wieder mit dabei zu sein, denn noch am 26. Juli und 2., 6., 13. und 16. August haben Yoga-Begeisterte aller K\u00f6nnerstufen die Gelegenheit zu diesem einmaligen Yoga-Erlebnis auf 2.000 m.<\/p>\n<div class=\"mag-gallery\"><div class=\"row\"><div class=\"col-6 col-sm-4\"><figure><a class=\"thumb-container\" href=\"https:\/\/www.salzburgerland.com\/de\/magazin\/wp-content\/uploads\/2014\/07\/bergyoga-schmittenhohe-2-1280x1024.jpg\">\t<picture><source media=\"(min-width: 576px)\" srcset=\"https:\/\/www.salzburgerland.com\/de\/magazin\/wp-content\/uploads\/2014\/07\/bergyoga-schmittenhohe-2-325x209.jpg 325w, https:\/\/www.salzburgerland.com\/de\/magazin\/wp-content\/uploads\/2014\/07\/bergyoga-schmittenhohe-2-249x160.jpg 249w\" \/><source media=\"(min-width: 0)\" srcset=\"https:\/\/www.salzburgerland.com\/de\/magazin\/wp-content\/uploads\/2014\/07\/bergyoga-schmittenhohe-2-249x160.jpg 249w, https:\/\/www.salzburgerland.com\/de\/magazin\/wp-content\/uploads\/2014\/07\/bergyoga-schmittenhohe-2-325x209.jpg 325w\" \/><img decoding=\"async\" alt=\"Eine Gruppe von Wanderern geht im G\u00e4nsemarsch auf einem grasbewachsenen Bergpfad unter einem teilweise bew\u00f6lkten Himmel.\" src=\"https:\/\/www.salzburgerland.com\/de\/magazin\/wp-content\/uploads\/2014\/07\/bergyoga-schmittenhohe-2.jpg\" \/>\t<\/picture><\/a><\/figure><\/div><div class=\"col-6 col-sm-4\"><figure><a class=\"thumb-container\" href=\"https:\/\/www.salzburgerland.com\/de\/magazin\/wp-content\/uploads\/2014\/07\/bergyoga-schmittenhohe-18-1280x1024.jpg\">\t<picture><source media=\"(min-width: 576px)\" srcset=\"https:\/\/www.salzburgerland.com\/de\/magazin\/wp-content\/uploads\/2014\/07\/bergyoga-schmittenhohe-18-325x209.jpg 325w, https:\/\/www.salzburgerland.com\/de\/magazin\/wp-content\/uploads\/2014\/07\/bergyoga-schmittenhohe-18-249x160.jpg 249w\" \/><source media=\"(min-width: 0)\" srcset=\"https:\/\/www.salzburgerland.com\/de\/magazin\/wp-content\/uploads\/2014\/07\/bergyoga-schmittenhohe-18-249x160.jpg 249w, https:\/\/www.salzburgerland.com\/de\/magazin\/wp-content\/uploads\/2014\/07\/bergyoga-schmittenhohe-18-325x209.jpg 325w\" \/><img decoding=\"async\" alt=\"Frau meditiert in der Natur auf einer grasbewachsenen Anh\u00f6he mit Bergen und Wolken im Hintergrund.\" src=\"https:\/\/www.salzburgerland.com\/de\/magazin\/wp-content\/uploads\/2014\/07\/bergyoga-schmittenhohe-18.jpg\" \/>\t<\/picture><\/a><\/figure><\/div><div class=\"col-6 col-sm-4\"><figure><a class=\"thumb-container\" href=\"https:\/\/www.salzburgerland.com\/de\/magazin\/wp-content\/uploads\/2014\/07\/bergyoga-schmittenhohe-17-1280x1024.jpg\">\t<picture><source media=\"(min-width: 576px)\" srcset=\"https:\/\/www.salzburgerland.com\/de\/magazin\/wp-content\/uploads\/2014\/07\/bergyoga-schmittenhohe-17-325x209.jpg 325w, https:\/\/www.salzburgerland.com\/de\/magazin\/wp-content\/uploads\/2014\/07\/bergyoga-schmittenhohe-17-249x160.jpg 249w\" \/><source media=\"(min-width: 0)\" srcset=\"https:\/\/www.salzburgerland.com\/de\/magazin\/wp-content\/uploads\/2014\/07\/bergyoga-schmittenhohe-17-249x160.jpg 249w, https:\/\/www.salzburgerland.com\/de\/magazin\/wp-content\/uploads\/2014\/07\/bergyoga-schmittenhohe-17-325x209.jpg 325w\" \/><img decoding=\"async\" alt=\"Die Hand einer Person h\u00e4lt sanft gelbe Wildblumen, w\u00e4hrend sie auf einer sonnenbeschienenen Wiese sitzt.\" src=\"https:\/\/www.salzburgerland.com\/de\/magazin\/wp-content\/uploads\/2014\/07\/bergyoga-schmittenhohe-17.jpg\" \/>\t<\/picture><\/a><\/figure><\/div><div class=\"col-6 col-sm-4\"><figure><a class=\"thumb-container\" href=\"https:\/\/www.salzburgerland.com\/de\/magazin\/wp-content\/uploads\/2014\/07\/bergyoga-schmittenhohe-15-1280x1024.jpg\">\t<picture><source media=\"(min-width: 576px)\" srcset=\"https:\/\/www.salzburgerland.com\/de\/magazin\/wp-content\/uploads\/2014\/07\/bergyoga-schmittenhohe-15-325x209.jpg 325w, https:\/\/www.salzburgerland.com\/de\/magazin\/wp-content\/uploads\/2014\/07\/bergyoga-schmittenhohe-15-249x160.jpg 249w\" \/><source media=\"(min-width: 0)\" srcset=\"https:\/\/www.salzburgerland.com\/de\/magazin\/wp-content\/uploads\/2014\/07\/bergyoga-schmittenhohe-15-249x160.jpg 249w, https:\/\/www.salzburgerland.com\/de\/magazin\/wp-content\/uploads\/2014\/07\/bergyoga-schmittenhohe-15-325x209.jpg 325w\" \/><img decoding=\"async\" alt=\"Frau in bunten Hosen steht mit erhobenen Armen auf einem grasbewachsenen Berg, mit wolkenverhangenem Himmel und Gipfeln im Hintergrund.\" src=\"https:\/\/www.salzburgerland.com\/de\/magazin\/wp-content\/uploads\/2014\/07\/bergyoga-schmittenhohe-15.jpg\" \/>\t<\/picture><\/a><\/figure><\/div><div class=\"col-6 col-sm-4\"><figure><a class=\"thumb-container\" href=\"https:\/\/www.salzburgerland.com\/de\/magazin\/wp-content\/uploads\/2014\/07\/bergyoga-schmittenhohe-14-1280x1024.jpg\">\t<picture><source media=\"(min-width: 576px)\" srcset=\"https:\/\/www.salzburgerland.com\/de\/magazin\/wp-content\/uploads\/2014\/07\/bergyoga-schmittenhohe-14-325x209.jpg 325w, https:\/\/www.salzburgerland.com\/de\/magazin\/wp-content\/uploads\/2014\/07\/bergyoga-schmittenhohe-14-249x160.jpg 249w\" \/><source media=\"(min-width: 0)\" srcset=\"https:\/\/www.salzburgerland.com\/de\/magazin\/wp-content\/uploads\/2014\/07\/bergyoga-schmittenhohe-14-249x160.jpg 249w, https:\/\/www.salzburgerland.com\/de\/magazin\/wp-content\/uploads\/2014\/07\/bergyoga-schmittenhohe-14-325x209.jpg 325w\" \/><img decoding=\"async\" alt=\"Eine Gruppe von Menschen praktiziert Yoga im Freien auf einer Wiese mit Bergen im Hintergrund.\" src=\"https:\/\/www.salzburgerland.com\/de\/magazin\/wp-content\/uploads\/2014\/07\/bergyoga-schmittenhohe-14.jpg\" \/>\t<\/picture><\/a><\/figure><\/div><div class=\"col-6 col-sm-4\"><figure><a class=\"thumb-container\" href=\"https:\/\/www.salzburgerland.com\/de\/magazin\/wp-content\/uploads\/2014\/07\/bergyoga-schmittenhohe-5-1280x1024.jpg\">\t<picture><source media=\"(min-width: 576px)\" srcset=\"https:\/\/www.salzburgerland.com\/de\/magazin\/wp-content\/uploads\/2014\/07\/bergyoga-schmittenhohe-5-325x209.jpg 325w, https:\/\/www.salzburgerland.com\/de\/magazin\/wp-content\/uploads\/2014\/07\/bergyoga-schmittenhohe-5-249x160.jpg 249w\" \/><source media=\"(min-width: 0)\" srcset=\"https:\/\/www.salzburgerland.com\/de\/magazin\/wp-content\/uploads\/2014\/07\/bergyoga-schmittenhohe-5-249x160.jpg 249w, https:\/\/www.salzburgerland.com\/de\/magazin\/wp-content\/uploads\/2014\/07\/bergyoga-schmittenhohe-5-325x209.jpg 325w\" \/><img decoding=\"async\" alt=\"Eine Gruppe von Menschen, die auf einer Wiese mit erhobenen Armen unter einem teilweise bew\u00f6lkten Himmel Yoga praktizieren.\" src=\"https:\/\/www.salzburgerland.com\/de\/magazin\/wp-content\/uploads\/2014\/07\/bergyoga-schmittenhohe-5.jpg\" \/>\t<\/picture><\/a><\/figure><\/div><div class=\"col-6 col-sm-4\"><figure><a class=\"thumb-container\" href=\"https:\/\/www.salzburgerland.com\/de\/magazin\/wp-content\/uploads\/2014\/07\/bergyoga-schmittenhohe-13-1280x1024.jpg\">\t<picture><source media=\"(min-width: 576px)\" srcset=\"\" \/><source media=\"(min-width: 0)\" srcset=\"https:\/\/www.salzburgerland.com\/de\/magazin\/wp-content\/uploads\/2014\/07\/bergyoga-schmittenhohe-13.jpg 334w, https:\/\/www.salzburgerland.com\/de\/magazin\/wp-content\/uploads\/2014\/07\/bergyoga-schmittenhohe-13-200x300.jpg 200w, https:\/\/www.salzburgerland.com\/de\/magazin\/wp-content\/uploads\/2014\/07\/bergyoga-schmittenhohe-13-267x400.jpg 267w\" \/><img decoding=\"async\" alt=\"Zwei Frauen stehen mit erhobenen Armen auf einer Wiese, im Hintergrund ein Geb\u00e4ude und blauer Himmel.\" src=\"https:\/\/www.salzburgerland.com\/de\/magazin\/wp-content\/uploads\/2014\/07\/bergyoga-schmittenhohe-13.jpg\" \/>\t<\/picture><\/a><\/figure><\/div><div class=\"col-6 col-sm-4\"><figure><a class=\"thumb-container\" href=\"https:\/\/www.salzburgerland.com\/de\/magazin\/wp-content\/uploads\/2014\/07\/bergyoga-schmittenhohe-12-1280x1024.jpg\">\t<picture><source media=\"(min-width: 576px)\" srcset=\"https:\/\/www.salzburgerland.com\/de\/magazin\/wp-content\/uploads\/2014\/07\/bergyoga-schmittenhohe-12-325x209.jpg 325w, https:\/\/www.salzburgerland.com\/de\/magazin\/wp-content\/uploads\/2014\/07\/bergyoga-schmittenhohe-12-249x160.jpg 249w\" \/><source media=\"(min-width: 0)\" srcset=\"https:\/\/www.salzburgerland.com\/de\/magazin\/wp-content\/uploads\/2014\/07\/bergyoga-schmittenhohe-12-249x160.jpg 249w, https:\/\/www.salzburgerland.com\/de\/magazin\/wp-content\/uploads\/2014\/07\/bergyoga-schmittenhohe-12-325x209.jpg 325w\" \/><img decoding=\"async\" alt=\"Menschen, die im Freien auf Matten in einem grasbewachsenen Feld Yoga machen, die Beine hochgelegt, unter einem teilweise bew\u00f6lkten Himmel.\" src=\"https:\/\/www.salzburgerland.com\/de\/magazin\/wp-content\/uploads\/2014\/07\/bergyoga-schmittenhohe-12.jpg\" \/>\t<\/picture><\/a><\/figure><\/div><div class=\"col-6 col-sm-4\"><figure><a class=\"thumb-container\" href=\"https:\/\/www.salzburgerland.com\/de\/magazin\/wp-content\/uploads\/2014\/07\/bergyoga-schmittenhohe-11-1280x1024.jpg\">\t<picture><source media=\"(min-width: 576px)\" srcset=\"https:\/\/www.salzburgerland.com\/de\/magazin\/wp-content\/uploads\/2014\/07\/bergyoga-schmittenhohe-11-325x209.jpg 325w, https:\/\/www.salzburgerland.com\/de\/magazin\/wp-content\/uploads\/2014\/07\/bergyoga-schmittenhohe-11-249x160.jpg 249w\" \/><source media=\"(min-width: 0)\" srcset=\"https:\/\/www.salzburgerland.com\/de\/magazin\/wp-content\/uploads\/2014\/07\/bergyoga-schmittenhohe-11-249x160.jpg 249w, https:\/\/www.salzburgerland.com\/de\/magazin\/wp-content\/uploads\/2014\/07\/bergyoga-schmittenhohe-11-325x209.jpg 325w\" \/><img decoding=\"async\" alt=\"Menschen beim Yoga auf einem grasbewachsenen H\u00fcgel mit blauem Himmel, Wolken und grasenden K\u00fchen im Hintergrund.\" src=\"https:\/\/www.salzburgerland.com\/de\/magazin\/wp-content\/uploads\/2014\/07\/bergyoga-schmittenhohe-11.jpg\" \/>\t<\/picture><\/a><\/figure><\/div><div class=\"col-6 col-sm-4\"><figure><a class=\"thumb-container\" href=\"https:\/\/www.salzburgerland.com\/de\/magazin\/wp-content\/uploads\/2014\/07\/bergyoga-schmittenhohe-10-1280x1024.jpg\">\t<picture><source media=\"(min-width: 576px)\" srcset=\"https:\/\/www.salzburgerland.com\/de\/magazin\/wp-content\/uploads\/2014\/07\/bergyoga-schmittenhohe-10-325x209.jpg 325w, https:\/\/www.salzburgerland.com\/de\/magazin\/wp-content\/uploads\/2014\/07\/bergyoga-schmittenhohe-10-249x160.jpg 249w\" \/><source media=\"(min-width: 0)\" srcset=\"https:\/\/www.salzburgerland.com\/de\/magazin\/wp-content\/uploads\/2014\/07\/bergyoga-schmittenhohe-10-249x160.jpg 249w, https:\/\/www.salzburgerland.com\/de\/magazin\/wp-content\/uploads\/2014\/07\/bergyoga-schmittenhohe-10-325x209.jpg 325w\" \/><img decoding=\"async\" alt=\"Menschen \u00fcben Yoga auf einer grasbewachsenen Wiese mit K\u00fchen, die auf einem H\u00fcgel unter blauem Himmel im Hintergrund grasen.\" src=\"https:\/\/www.salzburgerland.com\/de\/magazin\/wp-content\/uploads\/2014\/07\/bergyoga-schmittenhohe-10.jpg\" \/>\t<\/picture><\/a><\/figure><\/div><div class=\"col-6 col-sm-4\"><figure><a class=\"thumb-container\" href=\"https:\/\/www.salzburgerland.com\/de\/magazin\/wp-content\/uploads\/2014\/07\/bergyoga-schmittenhohe-7-1280x1024.jpg\">\t<picture><source media=\"(min-width: 576px)\" srcset=\"https:\/\/www.salzburgerland.com\/de\/magazin\/wp-content\/uploads\/2014\/07\/bergyoga-schmittenhohe-7-325x209.jpg 325w, https:\/\/www.salzburgerland.com\/de\/magazin\/wp-content\/uploads\/2014\/07\/bergyoga-schmittenhohe-7-249x160.jpg 249w\" \/><source media=\"(min-width: 0)\" srcset=\"https:\/\/www.salzburgerland.com\/de\/magazin\/wp-content\/uploads\/2014\/07\/bergyoga-schmittenhohe-7-249x160.jpg 249w, https:\/\/www.salzburgerland.com\/de\/magazin\/wp-content\/uploads\/2014\/07\/bergyoga-schmittenhohe-7-325x209.jpg 325w\" \/><img decoding=\"async\" alt=\"Eine Gruppe von Menschen praktiziert Yoga im Freien auf Matten in einem grasbewachsenen Feld, umgeben von B\u00e4umen und Bergen.\" src=\"https:\/\/www.salzburgerland.com\/de\/magazin\/wp-content\/uploads\/2014\/07\/bergyoga-schmittenhohe-7.jpg\" \/>\t<\/picture><\/a><\/figure><\/div><div class=\"col-6 col-sm-4\"><figure><a class=\"thumb-container\" href=\"https:\/\/www.salzburgerland.com\/de\/magazin\/wp-content\/uploads\/2014\/07\/bergyoga-schmittenhohe-4-1280x1024.jpg\">\t<picture><source media=\"(min-width: 576px)\" srcset=\"https:\/\/www.salzburgerland.com\/de\/magazin\/wp-content\/uploads\/2014\/07\/bergyoga-schmittenhohe-4-325x209.jpg 325w, https:\/\/www.salzburgerland.com\/de\/magazin\/wp-content\/uploads\/2014\/07\/bergyoga-schmittenhohe-4-249x160.jpg 249w\" \/><source media=\"(min-width: 0)\" srcset=\"https:\/\/www.salzburgerland.com\/de\/magazin\/wp-content\/uploads\/2014\/07\/bergyoga-schmittenhohe-4-249x160.jpg 249w, https:\/\/www.salzburgerland.com\/de\/magazin\/wp-content\/uploads\/2014\/07\/bergyoga-schmittenhohe-4-325x209.jpg 325w\" \/><img decoding=\"async\" alt=\"Menschen, die auf Matten in einem grasbewachsenen Feld liegen, mit einer Frau in der N\u00e4he und Bergen im Hintergrund.\" src=\"https:\/\/www.salzburgerland.com\/de\/magazin\/wp-content\/uploads\/2014\/07\/bergyoga-schmittenhohe-4.jpg\" \/>\t<\/picture><\/a><\/figure><\/div><div class=\"col-6 col-sm-4\"><figure><a class=\"thumb-container\" href=\"https:\/\/www.salzburgerland.com\/de\/magazin\/wp-content\/uploads\/2014\/07\/bergyoga-schmittenhohe-3-1280x1024.jpg\">\t<picture><source media=\"(min-width: 576px)\" srcset=\"https:\/\/www.salzburgerland.com\/de\/magazin\/wp-content\/uploads\/2014\/07\/bergyoga-schmittenhohe-3-325x209.jpg 325w, https:\/\/www.salzburgerland.com\/de\/magazin\/wp-content\/uploads\/2014\/07\/bergyoga-schmittenhohe-3-249x160.jpg 249w\" \/><source media=\"(min-width: 0)\" srcset=\"https:\/\/www.salzburgerland.com\/de\/magazin\/wp-content\/uploads\/2014\/07\/bergyoga-schmittenhohe-3-249x160.jpg 249w, https:\/\/www.salzburgerland.com\/de\/magazin\/wp-content\/uploads\/2014\/07\/bergyoga-schmittenhohe-3-325x209.jpg 325w\" \/><img decoding=\"async\" alt=\"Menschen, die im Freien Yoga \u00fcben, auf Matten auf einer Wiese liegend, mit Bergen und Wolken im Hintergrund.\" src=\"https:\/\/www.salzburgerland.com\/de\/magazin\/wp-content\/uploads\/2014\/07\/bergyoga-schmittenhohe-3.jpg\" \/>\t<\/picture><\/a><\/figure><\/div><\/div><\/div><figcaption><\/figcaption>\n<p><span style=\"text-decoration: underline;\"><strong>Kontakt Bergyoga:<\/strong><\/span><br \/>\nSchmittenh\u00f6he Zell am See &#8211; www.schmitten.at<br \/>\nTel.: +43 (0)6542 789-0 &#8211; schmitten@schmitten.at<\/p>\n","protected":false},"excerpt":{"rendered":"<p>Duftende Almwiesen auf 2.000 m H\u00f6he, unter uns der Zellersee, der gr\u00fcn wie ein kostbarer Smaragd im Morgenlicht funkelt, frische Bergluft und das Summen der flei\u00dfigen Bienen beim fr\u00fchen Nektarsammeln an den bunten Bergkr\u00e4utern. Im Yoga-Sitz mit verschr\u00e4nkten Beinen und dem Gesicht der Sonne zugewandt entspannen 38 Yogis \u2013 vom blutigen Anf\u00e4nger bis zum Profi [&hellip;]<\/p>\n","protected":false},"author":11,"featured_media":90129,"comment_status":"open","ping_status":"open","sticky":false,"template":"","format":"standard","meta":{"_acf_changed":false,"wl_entities_gutenberg":"","_wl_entity_redirect_enabled":"","footnotes":""},"categories":[4],"tags":[],"wl_entity_type":[306],"monatsauswahl":[88,89],"class_list":["post-90117","post","type-post","status-publish","format-standard","has-post-thumbnail","hentry","category-gesundheit","wl_entity_type-article","monatsauswahl-monat_7","monatsauswahl-monat_8"],"acf":[],"yoast_head":"<!-- This site is optimized with the Yoast SEO Premium plugin v27.4 (Yoast SEO v27.4) - https:\/\/yoast.com\/product\/yoast-seo-premium-wordpress\/ -->\n<title>&quot;Ommm&quot; &amp; &quot;Muuuh&quot; \u2013 Bergyoga auf der Schmittenh\u00f6he - SalzburgerLand Magazin<\/title>\n<meta name=\"description\" content=\"Duftende Almwiesen auf 2.000 m H\u00f6he, unter uns der Zellersee, der gr\u00fcn wie ein kostbarer Smaragd im Morgenlicht funkelt, frische Bergluft und das Summen der flei\u00dfigen Bienen beim fr\u00fchen Nektarsammeln an den bunten Bergkr\u00e4utern. Im Yoga-Sitz mit verschr\u00e4nkten Beinen und dem Gesicht der Sonne zugewandt entspannen 38 Yogis \u2013 vom blutigen Anf\u00e4nger bis zum Profi [&hellip;]\" \/>\n<meta name=\"robots\" content=\"index, follow, max-snippet:-1, max-image-preview:large, max-video-preview:-1\" \/>\n<link rel=\"canonical\" href=\"https:\/\/www.salzburgerland.com\/de\/magazin\/ommm-muuuh-bergyoga-auf-der-schmittenhoehe\/\" \/>\n<meta property=\"og:locale\" content=\"de_DE\" \/>\n<meta property=\"og:type\" content=\"article\" \/>\n<meta property=\"og:title\" content=\"&quot;Ommm&quot; &amp; &quot;Muuuh&quot; \u2013 Bergyoga auf der Schmittenh\u00f6he\" \/>\n<meta property=\"og:description\" content=\"Duftende Almwiesen auf 2.000 m H\u00f6he, unter uns der Zellersee, der gr\u00fcn wie ein kostbarer Smaragd im Morgenlicht funkelt, frische Bergluft und das Summen der flei\u00dfigen Bienen beim fr\u00fchen Nektarsammeln an den bunten Bergkr\u00e4utern. Im Yoga-Sitz mit verschr\u00e4nkten Beinen und dem Gesicht der Sonne zugewandt entspannen 38 Yogis \u2013 vom blutigen Anf\u00e4nger bis zum Profi [&hellip;]\" \/>\n<meta property=\"og:url\" content=\"https:\/\/www.salzburgerland.com\/de\/magazin\/ommm-muuuh-bergyoga-auf-der-schmittenhoehe\/\" \/>\n<meta property=\"og:site_name\" content=\"SalzburgerLand Magazin\" \/>\n<meta property=\"article:publisher\" content=\"https:\/\/www.facebook.com\/salzburgerland\/\" \/>\n<meta property=\"article:published_time\" content=\"2014-07-23T06:00:06+00:00\" \/>\n<meta property=\"og:image\" content=\"https:\/\/www.salzburgerland.com\/de\/magazin\/wp-content\/uploads\/2014\/07\/bergyoga-schmittenhohe-11.jpg\" \/>\n\t<meta property=\"og:image:width\" content=\"749\" \/>\n\t<meta property=\"og:image:height\" content=\"500\" \/>\n\t<meta property=\"og:image:type\" content=\"image\/jpeg\" \/>\n<meta name=\"author\" content=\"Edith Danzer\" \/>\n<meta name=\"twitter:card\" content=\"summary_large_image\" \/>\n<meta name=\"twitter:creator\" content=\"@Salzburgerland\" \/>\n<meta name=\"twitter:site\" content=\"@Salzburgerland\" \/>\n<meta name=\"twitter:label1\" content=\"Verfasst von\" \/>\n\t<meta name=\"twitter:data1\" content=\"Edith Danzer\" \/>\n\t<meta name=\"twitter:label2\" content=\"Gesch\u00e4tzte Lesezeit\" \/>\n\t<meta name=\"twitter:data2\" content=\"2\u00a0Minuten\" \/>\n<script type=\"application\/ld+json\" class=\"yoast-schema-graph\">{\"@context\":\"https:\\\/\\\/schema.org\",\"@graph\":[{\"@type\":\"Article\",\"@id\":\"https:\\\/\\\/www.salzburgerland.com\\\/de\\\/magazin\\\/ommm-muuuh-bergyoga-auf-der-schmittenhoehe\\\/#article\",\"isPartOf\":{\"@id\":\"https:\\\/\\\/www.salzburgerland.com\\\/de\\\/magazin\\\/ommm-muuuh-bergyoga-auf-der-schmittenhoehe\\\/\"},\"author\":{\"name\":\"Edith Danzer\",\"@id\":\"https:\\\/\\\/www.salzburgerland.com\\\/de\\\/magazin\\\/#\\\/schema\\\/person\\\/79452c699c410aa31a119426313748de\"},\"headline\":\"&#8222;Ommm&#8220; &#038; &#8222;Muuuh&#8220; \u2013 Bergyoga auf der Schmittenh\u00f6he\",\"datePublished\":\"2014-07-23T06:00:06+00:00\",\"mainEntityOfPage\":{\"@id\":\"https:\\\/\\\/www.salzburgerland.com\\\/de\\\/magazin\\\/ommm-muuuh-bergyoga-auf-der-schmittenhoehe\\\/\"},\"wordCount\":506,\"commentCount\":0,\"publisher\":{\"@id\":\"https:\\\/\\\/www.salzburgerland.com\\\/de\\\/magazin\\\/#organization\"},\"image\":{\"@id\":\"https:\\\/\\\/www.salzburgerland.com\\\/de\\\/magazin\\\/ommm-muuuh-bergyoga-auf-der-schmittenhoehe\\\/#primaryimage\"},\"thumbnailUrl\":\"https:\\\/\\\/www.salzburgerland.com\\\/de\\\/magazin\\\/wp-content\\\/uploads\\\/2014\\\/07\\\/bergyoga-schmittenhohe-11.jpg\",\"articleSection\":[\"Gesundheit\"],\"inLanguage\":\"de\",\"potentialAction\":[{\"@type\":\"CommentAction\",\"name\":\"Comment\",\"target\":[\"https:\\\/\\\/www.salzburgerland.com\\\/de\\\/magazin\\\/ommm-muuuh-bergyoga-auf-der-schmittenhoehe\\\/#respond\"]}]},{\"@type\":\"WebPage\",\"@id\":\"https:\\\/\\\/www.salzburgerland.com\\\/de\\\/magazin\\\/ommm-muuuh-bergyoga-auf-der-schmittenhoehe\\\/\",\"url\":\"https:\\\/\\\/www.salzburgerland.com\\\/de\\\/magazin\\\/ommm-muuuh-bergyoga-auf-der-schmittenhoehe\\\/\",\"name\":\"\\\"Ommm\\\" & \\\"Muuuh\\\" \u2013 Bergyoga auf der Schmittenh\u00f6he - SalzburgerLand Magazin\",\"isPartOf\":{\"@id\":\"https:\\\/\\\/www.salzburgerland.com\\\/de\\\/magazin\\\/#website\"},\"primaryImageOfPage\":{\"@id\":\"https:\\\/\\\/www.salzburgerland.com\\\/de\\\/magazin\\\/ommm-muuuh-bergyoga-auf-der-schmittenhoehe\\\/#primaryimage\"},\"image\":{\"@id\":\"https:\\\/\\\/www.salzburgerland.com\\\/de\\\/magazin\\\/ommm-muuuh-bergyoga-auf-der-schmittenhoehe\\\/#primaryimage\"},\"thumbnailUrl\":\"https:\\\/\\\/www.salzburgerland.com\\\/de\\\/magazin\\\/wp-content\\\/uploads\\\/2014\\\/07\\\/bergyoga-schmittenhohe-11.jpg\",\"datePublished\":\"2014-07-23T06:00:06+00:00\",\"breadcrumb\":{\"@id\":\"https:\\\/\\\/www.salzburgerland.com\\\/de\\\/magazin\\\/ommm-muuuh-bergyoga-auf-der-schmittenhoehe\\\/#breadcrumb\"},\"inLanguage\":\"de\",\"potentialAction\":[{\"@type\":\"ReadAction\",\"target\":[\"https:\\\/\\\/www.salzburgerland.com\\\/de\\\/magazin\\\/ommm-muuuh-bergyoga-auf-der-schmittenhoehe\\\/\"]}]},{\"@type\":\"ImageObject\",\"inLanguage\":\"de\",\"@id\":\"https:\\\/\\\/www.salzburgerland.com\\\/de\\\/magazin\\\/ommm-muuuh-bergyoga-auf-der-schmittenhoehe\\\/#primaryimage\",\"url\":\"https:\\\/\\\/www.salzburgerland.com\\\/de\\\/magazin\\\/wp-content\\\/uploads\\\/2014\\\/07\\\/bergyoga-schmittenhohe-11.jpg\",\"contentUrl\":\"https:\\\/\\\/www.salzburgerland.com\\\/de\\\/magazin\\\/wp-content\\\/uploads\\\/2014\\\/07\\\/bergyoga-schmittenhohe-11.jpg\",\"width\":749,\"height\":500,\"caption\":\"Yoga - und die Kuh schaut zu.\"},{\"@type\":\"BreadcrumbList\",\"@id\":\"https:\\\/\\\/www.salzburgerland.com\\\/de\\\/magazin\\\/ommm-muuuh-bergyoga-auf-der-schmittenhoehe\\\/#breadcrumb\",\"itemListElement\":[{\"@type\":\"ListItem\",\"position\":1,\"name\":\"Startseite\",\"item\":\"https:\\\/\\\/www.salzburgerland.com\\\/de\\\/magazin\\\/\"},{\"@type\":\"ListItem\",\"position\":2,\"name\":\"Gesundheit\",\"item\":\"https:\\\/\\\/www.salzburgerland.com\\\/de\\\/magazin\\\/thema\\\/gesundheit\\\/\"},{\"@type\":\"ListItem\",\"position\":3,\"name\":\"&#8222;Ommm&#8220; &#038; &#8222;Muuuh&#8220; \u2013 Bergyoga auf der Schmittenh\u00f6he\"}]},{\"@type\":\"WebSite\",\"@id\":\"https:\\\/\\\/www.salzburgerland.com\\\/de\\\/magazin\\\/#website\",\"url\":\"https:\\\/\\\/www.salzburgerland.com\\\/de\\\/magazin\\\/\",\"name\":\"SalzburgerLand Magazin\",\"description\":\"Geschichten und Interessantes aus dem SalzburgerLand\",\"publisher\":{\"@id\":\"https:\\\/\\\/www.salzburgerland.com\\\/de\\\/magazin\\\/#organization\"},\"potentialAction\":[{\"@type\":\"SearchAction\",\"target\":{\"@type\":\"EntryPoint\",\"urlTemplate\":\"https:\\\/\\\/www.salzburgerland.com\\\/de\\\/magazin\\\/?s={search_term_string}\"},\"query-input\":{\"@type\":\"PropertyValueSpecification\",\"valueRequired\":true,\"valueName\":\"search_term_string\"}}],\"inLanguage\":\"de\"},{\"@type\":\"Organization\",\"@id\":\"https:\\\/\\\/www.salzburgerland.com\\\/de\\\/magazin\\\/#organization\",\"name\":\"SalzburgerLand Tourismus\",\"url\":\"https:\\\/\\\/www.salzburgerland.com\\\/de\\\/magazin\\\/\",\"logo\":{\"@type\":\"ImageObject\",\"inLanguage\":\"de\",\"@id\":\"https:\\\/\\\/www.salzburgerland.com\\\/de\\\/magazin\\\/#\\\/schema\\\/logo\\\/image\\\/\",\"url\":\"https:\\\/\\\/www.salzburgerland.com\\\/de\\\/magazin\\\/wp-content\\\/uploads\\\/2019\\\/06\\\/salzburgerland-logo1.jpg\",\"contentUrl\":\"https:\\\/\\\/www.salzburgerland.com\\\/de\\\/magazin\\\/wp-content\\\/uploads\\\/2019\\\/06\\\/salzburgerland-logo1.jpg\",\"width\":2011,\"height\":866,\"caption\":\"SalzburgerLand Tourismus\"},\"image\":{\"@id\":\"https:\\\/\\\/www.salzburgerland.com\\\/de\\\/magazin\\\/#\\\/schema\\\/logo\\\/image\\\/\"},\"sameAs\":[\"https:\\\/\\\/www.facebook.com\\\/salzburgerland\\\/\",\"https:\\\/\\\/x.com\\\/Salzburgerland\",\"https:\\\/\\\/www.instagram.com\\\/salzburgerland\\\/\",\"https:\\\/\\\/at.linkedin.com\\\/company\\\/salzburgerland-tourismus-gmbh\",\"https:\\\/\\\/www.pinterest.at\\\/salzburgerland\\\/\",\"https:\\\/\\\/www.youtube.com\\\/user\\\/salzburgerland\",\"https:\\\/\\\/de.wikipedia.org\\\/wiki\\\/SalzburgerLand_Tourismus_GmbH\"]},{\"@type\":\"Person\",\"@id\":\"https:\\\/\\\/www.salzburgerland.com\\\/de\\\/magazin\\\/#\\\/schema\\\/person\\\/79452c699c410aa31a119426313748de\",\"name\":\"Edith Danzer\",\"description\":\"Seit Jahren arbeite ich als freie Redakteurin und Fotografin im SalzburgerLand. Schreiben ist f\u00fcr mich nicht blo\u00df das Erstellen eines Textes. Es ist ein Komponieren einer wundervollen Melodie, ein Malen mit Buchstaben und Worten. Ich liebe die Begegnungen mit Menschen, die mir ihre Geschichte anvertrauen. Wenn man mich sucht, bin ich entweder am Schreibtisch (der auch mal am sonnigen H\u00fcttenbankerl stehen kann) oder mit meinem Husky-M\u00e4dl Ylvi am Berg, am See oder im Wald. Ich \u2026 \u2026 in ein paar Worten. \u2022 Lieber drau\u00dfen, als drinnen. \u2022 Lieber Norden, als S\u00fcden. \u2022 Lieber Buchstaben, als Zahlen. \u2022 Lieber Schnee, als Strand. \u2022 Lieber Berg, als Tal. \u2022 Lieber Nordlichter, als S\u00fcdseezauber. \u2022 Lieber H\u00fctte, als F\u00fcnfsternschuppen. \u2022 Lieber Hund, als Katze. \u2022 Lieber grader Michl, als falscher Fufzga. \u2022 Lieber mittendurch, als drumherum \u2022 Lieber Almleben, als Couchpotato\",\"url\":\"https:\\\/\\\/www.salzburgerland.com\\\/de\\\/magazin\\\/author\\\/edith-danzer\\\/\"}]}<\/script>\n<!-- \/ Yoast SEO Premium plugin. -->","yoast_head_json":{"title":"\"Ommm\" & \"Muuuh\" \u2013 Bergyoga auf der Schmittenh\u00f6he - SalzburgerLand Magazin","description":"Duftende Almwiesen auf 2.000 m H\u00f6he, unter uns der Zellersee, der gr\u00fcn wie ein kostbarer Smaragd im Morgenlicht funkelt, frische Bergluft und das Summen der flei\u00dfigen Bienen beim fr\u00fchen Nektarsammeln an den bunten Bergkr\u00e4utern. Im Yoga-Sitz mit verschr\u00e4nkten Beinen und dem Gesicht der Sonne zugewandt entspannen 38 Yogis \u2013 vom blutigen Anf\u00e4nger bis zum Profi [&hellip;]","robots":{"index":"index","follow":"follow","max-snippet":"max-snippet:-1","max-image-preview":"max-image-preview:large","max-video-preview":"max-video-preview:-1"},"canonical":"https:\/\/www.salzburgerland.com\/de\/magazin\/ommm-muuuh-bergyoga-auf-der-schmittenhoehe\/","og_locale":"de_DE","og_type":"article","og_title":"\"Ommm\" & \"Muuuh\" \u2013 Bergyoga auf der Schmittenh\u00f6he","og_description":"Duftende Almwiesen auf 2.000 m H\u00f6he, unter uns der Zellersee, der gr\u00fcn wie ein kostbarer Smaragd im Morgenlicht funkelt, frische Bergluft und das Summen der flei\u00dfigen Bienen beim fr\u00fchen Nektarsammeln an den bunten Bergkr\u00e4utern. Im Yoga-Sitz mit verschr\u00e4nkten Beinen und dem Gesicht der Sonne zugewandt entspannen 38 Yogis \u2013 vom blutigen Anf\u00e4nger bis zum Profi [&hellip;]","og_url":"https:\/\/www.salzburgerland.com\/de\/magazin\/ommm-muuuh-bergyoga-auf-der-schmittenhoehe\/","og_site_name":"SalzburgerLand Magazin","article_publisher":"https:\/\/www.facebook.com\/salzburgerland\/","article_published_time":"2014-07-23T06:00:06+00:00","og_image":[{"width":749,"height":500,"url":"https:\/\/www.salzburgerland.com\/de\/magazin\/wp-content\/uploads\/2014\/07\/bergyoga-schmittenhohe-11.jpg","type":"image\/jpeg"}],"author":"Edith Danzer","twitter_card":"summary_large_image","twitter_creator":"@Salzburgerland","twitter_site":"@Salzburgerland","twitter_misc":{"Verfasst von":"Edith Danzer","Gesch\u00e4tzte Lesezeit":"2\u00a0Minuten"},"schema":{"@context":"https:\/\/schema.org","@graph":[{"@type":"Article","@id":"https:\/\/www.salzburgerland.com\/de\/magazin\/ommm-muuuh-bergyoga-auf-der-schmittenhoehe\/#article","isPartOf":{"@id":"https:\/\/www.salzburgerland.com\/de\/magazin\/ommm-muuuh-bergyoga-auf-der-schmittenhoehe\/"},"author":{"name":"Edith Danzer","@id":"https:\/\/www.salzburgerland.com\/de\/magazin\/#\/schema\/person\/79452c699c410aa31a119426313748de"},"headline":"&#8222;Ommm&#8220; &#038; &#8222;Muuuh&#8220; \u2013 Bergyoga auf der Schmittenh\u00f6he","datePublished":"2014-07-23T06:00:06+00:00","mainEntityOfPage":{"@id":"https:\/\/www.salzburgerland.com\/de\/magazin\/ommm-muuuh-bergyoga-auf-der-schmittenhoehe\/"},"wordCount":506,"commentCount":0,"publisher":{"@id":"https:\/\/www.salzburgerland.com\/de\/magazin\/#organization"},"image":{"@id":"https:\/\/www.salzburgerland.com\/de\/magazin\/ommm-muuuh-bergyoga-auf-der-schmittenhoehe\/#primaryimage"},"thumbnailUrl":"https:\/\/www.salzburgerland.com\/de\/magazin\/wp-content\/uploads\/2014\/07\/bergyoga-schmittenhohe-11.jpg","articleSection":["Gesundheit"],"inLanguage":"de","potentialAction":[{"@type":"CommentAction","name":"Comment","target":["https:\/\/www.salzburgerland.com\/de\/magazin\/ommm-muuuh-bergyoga-auf-der-schmittenhoehe\/#respond"]}]},{"@type":"WebPage","@id":"https:\/\/www.salzburgerland.com\/de\/magazin\/ommm-muuuh-bergyoga-auf-der-schmittenhoehe\/","url":"https:\/\/www.salzburgerland.com\/de\/magazin\/ommm-muuuh-bergyoga-auf-der-schmittenhoehe\/","name":"\"Ommm\" & \"Muuuh\" \u2013 Bergyoga auf der Schmittenh\u00f6he - SalzburgerLand Magazin","isPartOf":{"@id":"https:\/\/www.salzburgerland.com\/de\/magazin\/#website"},"primaryImageOfPage":{"@id":"https:\/\/www.salzburgerland.com\/de\/magazin\/ommm-muuuh-bergyoga-auf-der-schmittenhoehe\/#primaryimage"},"image":{"@id":"https:\/\/www.salzburgerland.com\/de\/magazin\/ommm-muuuh-bergyoga-auf-der-schmittenhoehe\/#primaryimage"},"thumbnailUrl":"https:\/\/www.salzburgerland.com\/de\/magazin\/wp-content\/uploads\/2014\/07\/bergyoga-schmittenhohe-11.jpg","datePublished":"2014-07-23T06:00:06+00:00","breadcrumb":{"@id":"https:\/\/www.salzburgerland.com\/de\/magazin\/ommm-muuuh-bergyoga-auf-der-schmittenhoehe\/#breadcrumb"},"inLanguage":"de","potentialAction":[{"@type":"ReadAction","target":["https:\/\/www.salzburgerland.com\/de\/magazin\/ommm-muuuh-bergyoga-auf-der-schmittenhoehe\/"]}]},{"@type":"ImageObject","inLanguage":"de","@id":"https:\/\/www.salzburgerland.com\/de\/magazin\/ommm-muuuh-bergyoga-auf-der-schmittenhoehe\/#primaryimage","url":"https:\/\/www.salzburgerland.com\/de\/magazin\/wp-content\/uploads\/2014\/07\/bergyoga-schmittenhohe-11.jpg","contentUrl":"https:\/\/www.salzburgerland.com\/de\/magazin\/wp-content\/uploads\/2014\/07\/bergyoga-schmittenhohe-11.jpg","width":749,"height":500,"caption":"Yoga - und die Kuh schaut zu."},{"@type":"BreadcrumbList","@id":"https:\/\/www.salzburgerland.com\/de\/magazin\/ommm-muuuh-bergyoga-auf-der-schmittenhoehe\/#breadcrumb","itemListElement":[{"@type":"ListItem","position":1,"name":"Startseite","item":"https:\/\/www.salzburgerland.com\/de\/magazin\/"},{"@type":"ListItem","position":2,"name":"Gesundheit","item":"https:\/\/www.salzburgerland.com\/de\/magazin\/thema\/gesundheit\/"},{"@type":"ListItem","position":3,"name":"&#8222;Ommm&#8220; &#038; &#8222;Muuuh&#8220; \u2013 Bergyoga auf der Schmittenh\u00f6he"}]},{"@type":"WebSite","@id":"https:\/\/www.salzburgerland.com\/de\/magazin\/#website","url":"https:\/\/www.salzburgerland.com\/de\/magazin\/","name":"SalzburgerLand Magazin","description":"Geschichten und Interessantes aus dem SalzburgerLand","publisher":{"@id":"https:\/\/www.salzburgerland.com\/de\/magazin\/#organization"},"potentialAction":[{"@type":"SearchAction","target":{"@type":"EntryPoint","urlTemplate":"https:\/\/www.salzburgerland.com\/de\/magazin\/?s={search_term_string}"},"query-input":{"@type":"PropertyValueSpecification","valueRequired":true,"valueName":"search_term_string"}}],"inLanguage":"de"},{"@type":"Organization","@id":"https:\/\/www.salzburgerland.com\/de\/magazin\/#organization","name":"SalzburgerLand Tourismus","url":"https:\/\/www.salzburgerland.com\/de\/magazin\/","logo":{"@type":"ImageObject","inLanguage":"de","@id":"https:\/\/www.salzburgerland.com\/de\/magazin\/#\/schema\/logo\/image\/","url":"https:\/\/www.salzburgerland.com\/de\/magazin\/wp-content\/uploads\/2019\/06\/salzburgerland-logo1.jpg","contentUrl":"https:\/\/www.salzburgerland.com\/de\/magazin\/wp-content\/uploads\/2019\/06\/salzburgerland-logo1.jpg","width":2011,"height":866,"caption":"SalzburgerLand Tourismus"},"image":{"@id":"https:\/\/www.salzburgerland.com\/de\/magazin\/#\/schema\/logo\/image\/"},"sameAs":["https:\/\/www.facebook.com\/salzburgerland\/","https:\/\/x.com\/Salzburgerland","https:\/\/www.instagram.com\/salzburgerland\/","https:\/\/at.linkedin.com\/company\/salzburgerland-tourismus-gmbh","https:\/\/www.pinterest.at\/salzburgerland\/","https:\/\/www.youtube.com\/user\/salzburgerland","https:\/\/de.wikipedia.org\/wiki\/SalzburgerLand_Tourismus_GmbH"]},{"@type":"Person","@id":"https:\/\/www.salzburgerland.com\/de\/magazin\/#\/schema\/person\/79452c699c410aa31a119426313748de","name":"Edith Danzer","description":"Seit Jahren arbeite ich als freie Redakteurin und Fotografin im SalzburgerLand. Schreiben ist f\u00fcr mich nicht blo\u00df das Erstellen eines Textes. Es ist ein Komponieren einer wundervollen Melodie, ein Malen mit Buchstaben und Worten. Ich liebe die Begegnungen mit Menschen, die mir ihre Geschichte anvertrauen. Wenn man mich sucht, bin ich entweder am Schreibtisch (der auch mal am sonnigen H\u00fcttenbankerl stehen kann) oder mit meinem Husky-M\u00e4dl Ylvi am Berg, am See oder im Wald. Ich \u2026 \u2026 in ein paar Worten. \u2022 Lieber drau\u00dfen, als drinnen. \u2022 Lieber Norden, als S\u00fcden. \u2022 Lieber Buchstaben, als Zahlen. \u2022 Lieber Schnee, als Strand. \u2022 Lieber Berg, als Tal. \u2022 Lieber Nordlichter, als S\u00fcdseezauber. \u2022 Lieber H\u00fctte, als F\u00fcnfsternschuppen. \u2022 Lieber Hund, als Katze. \u2022 Lieber grader Michl, als falscher Fufzga. \u2022 Lieber mittendurch, als drumherum \u2022 Lieber Almleben, als Couchpotato","url":"https:\/\/www.salzburgerland.com\/de\/magazin\/author\/edith-danzer\/"}]}},"_wl_alt_label":[],"wl:entity_url":"http:\/\/open.salzburgerland.com\/magazin\/post\/ommm___muuuh_-_bergyoga_auf_der_schmittenhoehe","_links":{"self":[{"href":"https:\/\/www.salzburgerland.com\/de\/magazin\/wp-json\/wp\/v2\/posts\/90117","targetHints":{"allow":["GET"]}}],"collection":[{"href":"https:\/\/www.salzburgerland.com\/de\/magazin\/wp-json\/wp\/v2\/posts"}],"about":[{"href":"https:\/\/www.salzburgerland.com\/de\/magazin\/wp-json\/wp\/v2\/types\/post"}],"author":[{"embeddable":true,"href":"https:\/\/www.salzburgerland.com\/de\/magazin\/wp-json\/wp\/v2\/users\/11"}],"replies":[{"embeddable":true,"href":"https:\/\/www.salzburgerland.com\/de\/magazin\/wp-json\/wp\/v2\/comments?post=90117"}],"version-history":[{"count":0,"href":"https:\/\/www.salzburgerland.com\/de\/magazin\/wp-json\/wp\/v2\/posts\/90117\/revisions"}],"wp:featuredmedia":[{"embeddable":true,"href":"https:\/\/www.salzburgerland.com\/de\/magazin\/wp-json\/wp\/v2\/media\/90129"}],"wp:attachment":[{"href":"https:\/\/www.salzburgerland.com\/de\/magazin\/wp-json\/wp\/v2\/media?parent=90117"}],"wp:term":[{"taxonomy":"category","embeddable":true,"href":"https:\/\/www.salzburgerland.com\/de\/magazin\/wp-json\/wp\/v2\/categories?post=90117"},{"taxonomy":"post_tag","embeddable":true,"href":"https:\/\/www.salzburgerland.com\/de\/magazin\/wp-json\/wp\/v2\/tags?post=90117"},{"taxonomy":"wl_entity_type","embeddable":true,"href":"https:\/\/www.salzburgerland.com\/de\/magazin\/wp-json\/wp\/v2\/wl_entity_type?post=90117"},{"taxonomy":"monatsauswahl","embeddable":true,"href":"https:\/\/www.salzburgerland.com\/de\/magazin\/wp-json\/wp\/v2\/monatsauswahl?post=90117"}],"curies":[{"name":"wp","href":"https:\/\/api.w.org\/{rel}","templated":true}]}}