{"id":89823,"date":"2014-07-07T11:05:10","date_gmt":"2014-07-07T09:05:10","guid":{"rendered":"http:\/\/magazin.salzburgerland.com\/?p=89823"},"modified":"2019-06-26T20:17:41","modified_gmt":"2019-06-26T18:17:41","slug":"kulturhighlights-im-salzburgerland","status":"publish","type":"post","link":"https:\/\/www.salzburgerland.com\/de\/magazin\/kulturhighlights-im-salzburgerland\/","title":{"rendered":"Kulturhighlights im SalzburgerLand"},"content":{"rendered":"<p><strong>Dass sich in den Sommermonaten die Stars der Musikbranche auf dem Festspielparkett der Stadt Salzburg tummeln, ist bekannt. F\u00fcr alle jene, die ihre Lieblingsstars au\u00dferhalb der Mozartstadt erleben wollen, gibt es viele Geheimtipps im SalzburgerLand: Wo die Kulturstars im Sommer 2014 auftreten, erfahrt ihr hier.<\/strong><\/p>\n<p><strong>Stargeiger Daniel Hope und Tenor Michael Schade in Werfenweng<\/strong><br \/>\nNicht einmal 30 Minuten von Salzburg entfernt liegt die charmante Gemeinde Werfenweng. Im kommenden Sommer wird dort ein Hauch von Festspielzauber zu sp\u00fcren sein.\u00a0 In der Hotelbibliothek des <a href=\"http:\/\/www.travelcharme.com\/hotels\/bergresort-werfenweng\/auf-einen-blick.html\" target=\"_blank\" rel=\"noopener noreferrer\">Travel Charme Ressort<\/a> werden n\u00e4mlich gleich zwei herausragende K\u00fcnstler auftreten. Die Konzerte dauern jeweils 45 Minuten und sind auch f\u00fcr Tagesg\u00e4ste zug\u00e4nglich. Dazu werden im Travel Charme kulinarische Feinheiten und ausgesuchte Weine serviert.<\/p>\n<p>Den Anfang macht am 24. Juli 2014 um 18.30 der britische Stargeiger Daniel Hope. Regelm\u00e4\u00dfig begeistert der Solist durch innovative Musikprojekte. Er experimentierte mit Sting im Crossover-Bereich, widmete sich Jazz oder indischer Musik, vereinte Musik, Text und Theater. Eine Weinverkostung des mehrfach ausgezeichneten Weinguts Wohlmuth aus Kitzeck im Sausal sorgt an diesem Abend f\u00fcr vollmundige Begleitung.<\/p>\n<p>Das zweite Highlight beginnt am 17. August 2014 mit einem Fr\u00fchst\u00fccksbrunch im Hotelrestaurant.\u00a0 Der deutsch-kanadische Tenor Michael Schade ist weltweit an den wichtigsten Opern- und Konzerth\u00e4usern zu Hause. Mit den Salzburger Festspielen verbindet ihn seit Jahren eine innige Zusammenarbeit, wo er seit 1994 zahlreiche der wichtigsten Tenorrollen sang. Im Travel Charme Bergresort Werfenweng wird er am Klavier vom ebenfalls international gefragten Solisten und Liedpianisten Justus Zeyen begleitet.<\/p>\n<p><strong>Supergeil in Bad Gastein<\/strong><br \/>\nUnd pl\u00f6tzlich war es ein Hit: Mit \u00fcber <a href=\"https:\/\/www.youtube.com\/watch?v=jxVcgDMBU94\" target=\"_blank\" rel=\"noopener noreferrer\">11 Millionen Klicks auf YouTube<\/a> hat der Berliner K\u00fcnstler Friedrich Liechtenstein im vergangenen Jahr einen \u201esupergeilen\u201c Publikumserfolg gelandet. Dabei ist Liechtenstein sonst alles andere als ein Quotenj\u00e4ger!\u00a0 Der S\u00e4nger und Schauspieler beschreibt sich vielmehr als \u201eprofessionellen Flaneur, Schmuckeremiten und h\u00e4rtesten Entertainer der Welt.\u201c Au\u00dferdem ist Friedrich Liechtenstein langj\u00e4hriger Gastein-Fan. Als echte Liebeserkl\u00e4rung an die \u201ealte Dame\u201c darf man es deshalb werten, dass Liechtensteins neues Album den Namen\u00a0 \u201eBad Gastein\u201c tr\u00e4gt. Das <a href=\"https:\/\/www.youtube.com\/watch?v=_7_6hPDDXGc\">Video zur 10-Minuten-Single \u201eBelgique \u2013 Belgique\u201c<\/a> wurde erst\u00a0 k\u00fcrzlich im Gasteinertal gedreht.<\/p>\n<p>Wer Friedrich Liechtenstein live erleben m\u00f6chte, braucht nicht nach Berlin zu reisen: Am 26. Juli um 19 Uhr pr\u00e4sentiert er im Foyer des Gasteiner &#8222;Grand Hotel Europes&#8220; Songs aus seinem neuen Konzeptalbum. <a href=\"http:\/\/www.gastein.com\/de\" target=\"_blank\" rel=\"noopener noreferrer\">Bad Gastein <\/a>live aus Bad Gastein gewisserma\u00dfen \u2026 und das Gesamtkunstwerk ist perfekt.<\/p>\n<figure id=\"attachment_89826\" aria-describedby=\"caption-attachment-89826\" style=\"width: 650px\" class=\"wp-caption alignnone\"><a href=\"https:\/\/www.salzburgerland.com\/de\/magazin\/wp-content\/uploads\/2014\/07\/Friedrich-Liechtenstein-cic-berlin.jpg\"><img loading=\"lazy\" decoding=\"async\" class=\"size-singlePost wp-image-89826\" alt=\"Friedrich Liechtenstein\" src=\"https:\/\/www.salzburgerland.com\/de\/magazin\/wp-content\/uploads\/2014\/07\/Friedrich-Liechtenstein-cic-berlin-650x435.jpg\" width=\"650\" height=\"435\" \/><\/a><figcaption id=\"caption-attachment-89826\" class=\"wp-caption-text\">Friedrich Liechtenstein kommt am 26. Juli nach Bad Gastein (c) ic Berlin<\/figcaption><\/figure>\n<p><strong>Tobias Moretti und Thomas Bernhard in Goldegg<\/strong><br \/>\nEigentlich ist es mittlerweile keine echte Besonderheit mehr,\u00a0 wenn man in Sepp Schellhorns <a href=\"http:\/\/www.derseehof.at\/\" target=\"_blank\" rel=\"noopener noreferrer\">Seehof <\/a>K\u00fcnstler von internationalem Format antrifft. Thomas Glavinic beispielsweise lie\u00df sich erst k\u00fcrzlich als Stipendiat Schellhorns Wein schmecken und <a href=\"http:\/\/www.welt.de\/print\/die_welt\/literatur\/article128110211\/Thomas-Glavinic-waehlt-den-Wein-und-die-Themen.html\" target=\"_blank\" rel=\"noopener noreferrer\">die Welt wissen, wie es ihm in Goldegg erging<\/a>. Fest steht: Der Seehof und die Kunst, das geh\u00f6rt zusammen. Wenn dann aber f\u00fcr das Festival <a href=\"http:\/\/verst\u00f6rungen.at\/\" target=\"_blank\" rel=\"noopener noreferrer\">Verst\u00f6rungen<\/a> gleich eine ganze Riege von K\u00fcnstlern nach Goldegg kommt, um dem gro\u00dfartigen Thomas Bernhard die Aufwartung zu machen, dann ist das auch in der 3. Auflage immer noch etwas ganz Besonderes. Mit dabei sind in diesem Jahr zum Beispiel Tobias Moretti und Schriftsteller Albert Ostermeier. Wer kann, der kommt von 11. bis 14. September nach <a href=\"http:\/\/www.goldeggamsee.at\/\" target=\"_blank\" rel=\"noopener noreferrer\">Goldegg<\/a> und sieht es sich an.<\/p>\n<figure id=\"attachment_89829\" aria-describedby=\"caption-attachment-89829\" style=\"width: 650px\" class=\"wp-caption alignnone\"><a href=\"https:\/\/www.salzburgerland.com\/de\/magazin\/wp-content\/uploads\/2014\/07\/moretti_web.jpg\"><img loading=\"lazy\" decoding=\"async\" class=\"size-singlePost wp-image-89829\" alt=\"Tobias Moretti beim Festival Verst\u00f6rungen\" src=\"https:\/\/www.salzburgerland.com\/de\/magazin\/wp-content\/uploads\/2014\/07\/moretti_web-650x435.jpg\" width=\"650\" height=\"435\" \/><\/a><figcaption id=\"caption-attachment-89829\" class=\"wp-caption-text\">Tobias Moretti beim Festival Verst\u00f6rungen, von 11. bis 14 September 2014 (c) Verst\u00f6rungen<\/figcaption><\/figure>\n","protected":false},"excerpt":{"rendered":"<p>Dass sich in den Sommermonaten die Stars der Musikbranche auf dem Festspielparkett der Stadt Salzburg tummeln, ist bekannt. F\u00fcr alle jene, die ihre Lieblingsstars au\u00dferhalb der Mozartstadt erleben wollen, gibt es viele Geheimtipps im SalzburgerLand: Wo die Kulturstars im Sommer 2014 auftreten, erfahrt ihr hier. Stargeiger Daniel Hope und Tenor Michael Schade in Werfenweng Nicht [&hellip;]<\/p>\n","protected":false},"author":488,"featured_media":89825,"comment_status":"open","ping_status":"open","sticky":false,"template":"","format":"standard","meta":{"_acf_changed":false,"wl_entities_gutenberg":"","_wl_entity_redirect_enabled":"","footnotes":""},"categories":[6],"tags":[],"wl_entity_type":[306],"monatsauswahl":[],"class_list":["post-89823","post","type-post","status-publish","format-standard","has-post-thumbnail","hentry","category-kunst-kultur","wl_entity_type-article"],"acf":[],"yoast_head":"<!-- This site is optimized with the Yoast SEO Premium plugin v27.4 (Yoast SEO v27.4) - https:\/\/yoast.com\/product\/yoast-seo-premium-wordpress\/ -->\n<title>Kulturhighlights im SalzburgerLand - SalzburgerLand Magazin<\/title>\n<meta name=\"description\" content=\"Dass sich in den Sommermonaten die Stars der Musikbranche auf dem Festspielparkett der Stadt Salzburg tummeln, ist bekannt. F\u00fcr alle jene, die ihre Lieblingsstars au\u00dferhalb der Mozartstadt erleben wollen, gibt es viele Geheimtipps im SalzburgerLand: Wo die Kulturstars im Sommer 2014 auftreten, erfahrt ihr hier. Stargeiger Daniel Hope und Tenor Michael Schade in Werfenweng Nicht [&hellip;]\" \/>\n<meta name=\"robots\" content=\"index, follow, max-snippet:-1, max-image-preview:large, max-video-preview:-1\" \/>\n<link rel=\"canonical\" href=\"https:\/\/www.salzburgerland.com\/de\/magazin\/kulturhighlights-im-salzburgerland\/\" \/>\n<meta property=\"og:locale\" content=\"de_DE\" \/>\n<meta property=\"og:type\" content=\"article\" \/>\n<meta property=\"og:title\" content=\"Kulturhighlights im SalzburgerLand\" \/>\n<meta property=\"og:description\" content=\"Dass sich in den Sommermonaten die Stars der Musikbranche auf dem Festspielparkett der Stadt Salzburg tummeln, ist bekannt. F\u00fcr alle jene, die ihre Lieblingsstars au\u00dferhalb der Mozartstadt erleben wollen, gibt es viele Geheimtipps im SalzburgerLand: Wo die Kulturstars im Sommer 2014 auftreten, erfahrt ihr hier. Stargeiger Daniel Hope und Tenor Michael Schade in Werfenweng Nicht [&hellip;]\" \/>\n<meta property=\"og:url\" content=\"https:\/\/www.salzburgerland.com\/de\/magazin\/kulturhighlights-im-salzburgerland\/\" \/>\n<meta property=\"og:site_name\" content=\"SalzburgerLand Magazin\" \/>\n<meta property=\"article:publisher\" content=\"https:\/\/www.facebook.com\/salzburgerland\/\" \/>\n<meta property=\"article:author\" content=\"www.facebook.com\/fraeuleinflora\" \/>\n<meta property=\"article:published_time\" content=\"2014-07-07T09:05:10+00:00\" \/>\n<meta property=\"article:modified_time\" content=\"2019-06-26T18:17:41+00:00\" \/>\n<meta property=\"og:image\" content=\"https:\/\/www.salzburgerland.com\/de\/magazin\/wp-content\/uploads\/2014\/07\/BRW_Michael-Schade-\u00aephoto-graphic-art1.jpg\" \/>\n\t<meta property=\"og:image:width\" content=\"1600\" \/>\n\t<meta property=\"og:image:height\" content=\"1066\" \/>\n\t<meta property=\"og:image:type\" content=\"image\/jpeg\" \/>\n<meta name=\"author\" content=\"Eva Krallinger\" \/>\n<meta name=\"twitter:card\" content=\"summary_large_image\" \/>\n<meta name=\"twitter:creator\" content=\"@keeeva\" \/>\n<meta name=\"twitter:site\" content=\"@Salzburgerland\" \/>\n<meta name=\"twitter:label1\" content=\"Verfasst von\" \/>\n\t<meta name=\"twitter:data1\" content=\"Eva Krallinger\" \/>\n\t<meta name=\"twitter:label2\" content=\"Gesch\u00e4tzte Lesezeit\" \/>\n\t<meta name=\"twitter:data2\" content=\"3\u00a0Minuten\" \/>\n<script type=\"application\/ld+json\" class=\"yoast-schema-graph\">{\"@context\":\"https:\\\/\\\/schema.org\",\"@graph\":[{\"@type\":\"Article\",\"@id\":\"https:\\\/\\\/www.salzburgerland.com\\\/de\\\/magazin\\\/kulturhighlights-im-salzburgerland\\\/#article\",\"isPartOf\":{\"@id\":\"https:\\\/\\\/www.salzburgerland.com\\\/de\\\/magazin\\\/kulturhighlights-im-salzburgerland\\\/\"},\"author\":{\"name\":\"Eva Krallinger\",\"@id\":\"https:\\\/\\\/www.salzburgerland.com\\\/de\\\/magazin\\\/#\\\/schema\\\/person\\\/ae3e7554e48d7c28b7f7f64f0ea3c635\"},\"headline\":\"Kulturhighlights im SalzburgerLand\",\"datePublished\":\"2014-07-07T09:05:10+00:00\",\"dateModified\":\"2019-06-26T18:17:41+00:00\",\"mainEntityOfPage\":{\"@id\":\"https:\\\/\\\/www.salzburgerland.com\\\/de\\\/magazin\\\/kulturhighlights-im-salzburgerland\\\/\"},\"wordCount\":560,\"commentCount\":0,\"publisher\":{\"@id\":\"https:\\\/\\\/www.salzburgerland.com\\\/de\\\/magazin\\\/#organization\"},\"image\":{\"@id\":\"https:\\\/\\\/www.salzburgerland.com\\\/de\\\/magazin\\\/kulturhighlights-im-salzburgerland\\\/#primaryimage\"},\"thumbnailUrl\":\"https:\\\/\\\/www.salzburgerland.com\\\/de\\\/magazin\\\/wp-content\\\/uploads\\\/2014\\\/07\\\/BRW_Michael-Schade-\u00aephoto-graphic-art1.jpg\",\"articleSection\":[\"Kunst &amp; Kultur\"],\"inLanguage\":\"de\",\"potentialAction\":[{\"@type\":\"CommentAction\",\"name\":\"Comment\",\"target\":[\"https:\\\/\\\/www.salzburgerland.com\\\/de\\\/magazin\\\/kulturhighlights-im-salzburgerland\\\/#respond\"]}]},{\"@type\":\"WebPage\",\"@id\":\"https:\\\/\\\/www.salzburgerland.com\\\/de\\\/magazin\\\/kulturhighlights-im-salzburgerland\\\/\",\"url\":\"https:\\\/\\\/www.salzburgerland.com\\\/de\\\/magazin\\\/kulturhighlights-im-salzburgerland\\\/\",\"name\":\"Kulturhighlights im SalzburgerLand - SalzburgerLand Magazin\",\"isPartOf\":{\"@id\":\"https:\\\/\\\/www.salzburgerland.com\\\/de\\\/magazin\\\/#website\"},\"primaryImageOfPage\":{\"@id\":\"https:\\\/\\\/www.salzburgerland.com\\\/de\\\/magazin\\\/kulturhighlights-im-salzburgerland\\\/#primaryimage\"},\"image\":{\"@id\":\"https:\\\/\\\/www.salzburgerland.com\\\/de\\\/magazin\\\/kulturhighlights-im-salzburgerland\\\/#primaryimage\"},\"thumbnailUrl\":\"https:\\\/\\\/www.salzburgerland.com\\\/de\\\/magazin\\\/wp-content\\\/uploads\\\/2014\\\/07\\\/BRW_Michael-Schade-\u00aephoto-graphic-art1.jpg\",\"datePublished\":\"2014-07-07T09:05:10+00:00\",\"dateModified\":\"2019-06-26T18:17:41+00:00\",\"breadcrumb\":{\"@id\":\"https:\\\/\\\/www.salzburgerland.com\\\/de\\\/magazin\\\/kulturhighlights-im-salzburgerland\\\/#breadcrumb\"},\"inLanguage\":\"de\",\"potentialAction\":[{\"@type\":\"ReadAction\",\"target\":[\"https:\\\/\\\/www.salzburgerland.com\\\/de\\\/magazin\\\/kulturhighlights-im-salzburgerland\\\/\"]}]},{\"@type\":\"ImageObject\",\"inLanguage\":\"de\",\"@id\":\"https:\\\/\\\/www.salzburgerland.com\\\/de\\\/magazin\\\/kulturhighlights-im-salzburgerland\\\/#primaryimage\",\"url\":\"https:\\\/\\\/www.salzburgerland.com\\\/de\\\/magazin\\\/wp-content\\\/uploads\\\/2014\\\/07\\\/BRW_Michael-Schade-\u00aephoto-graphic-art1.jpg\",\"contentUrl\":\"https:\\\/\\\/www.salzburgerland.com\\\/de\\\/magazin\\\/wp-content\\\/uploads\\\/2014\\\/07\\\/BRW_Michael-Schade-\u00aephoto-graphic-art1.jpg\",\"width\":1600,\"height\":1066,\"caption\":\"Michael Schade in Werfenweng\"},{\"@type\":\"BreadcrumbList\",\"@id\":\"https:\\\/\\\/www.salzburgerland.com\\\/de\\\/magazin\\\/kulturhighlights-im-salzburgerland\\\/#breadcrumb\",\"itemListElement\":[{\"@type\":\"ListItem\",\"position\":1,\"name\":\"Startseite\",\"item\":\"https:\\\/\\\/www.salzburgerland.com\\\/de\\\/magazin\\\/\"},{\"@type\":\"ListItem\",\"position\":2,\"name\":\"Kunst &amp; Kultur\",\"item\":\"https:\\\/\\\/www.salzburgerland.com\\\/de\\\/magazin\\\/thema\\\/kunst-kultur\\\/\"},{\"@type\":\"ListItem\",\"position\":3,\"name\":\"Kulturhighlights im SalzburgerLand\"}]},{\"@type\":\"WebSite\",\"@id\":\"https:\\\/\\\/www.salzburgerland.com\\\/de\\\/magazin\\\/#website\",\"url\":\"https:\\\/\\\/www.salzburgerland.com\\\/de\\\/magazin\\\/\",\"name\":\"SalzburgerLand Magazin\",\"description\":\"Geschichten und Interessantes aus dem SalzburgerLand\",\"publisher\":{\"@id\":\"https:\\\/\\\/www.salzburgerland.com\\\/de\\\/magazin\\\/#organization\"},\"potentialAction\":[{\"@type\":\"SearchAction\",\"target\":{\"@type\":\"EntryPoint\",\"urlTemplate\":\"https:\\\/\\\/www.salzburgerland.com\\\/de\\\/magazin\\\/?s={search_term_string}\"},\"query-input\":{\"@type\":\"PropertyValueSpecification\",\"valueRequired\":true,\"valueName\":\"search_term_string\"}}],\"inLanguage\":\"de\"},{\"@type\":\"Organization\",\"@id\":\"https:\\\/\\\/www.salzburgerland.com\\\/de\\\/magazin\\\/#organization\",\"name\":\"SalzburgerLand Tourismus\",\"url\":\"https:\\\/\\\/www.salzburgerland.com\\\/de\\\/magazin\\\/\",\"logo\":{\"@type\":\"ImageObject\",\"inLanguage\":\"de\",\"@id\":\"https:\\\/\\\/www.salzburgerland.com\\\/de\\\/magazin\\\/#\\\/schema\\\/logo\\\/image\\\/\",\"url\":\"https:\\\/\\\/www.salzburgerland.com\\\/de\\\/magazin\\\/wp-content\\\/uploads\\\/2019\\\/06\\\/salzburgerland-logo1.jpg\",\"contentUrl\":\"https:\\\/\\\/www.salzburgerland.com\\\/de\\\/magazin\\\/wp-content\\\/uploads\\\/2019\\\/06\\\/salzburgerland-logo1.jpg\",\"width\":2011,\"height\":866,\"caption\":\"SalzburgerLand Tourismus\"},\"image\":{\"@id\":\"https:\\\/\\\/www.salzburgerland.com\\\/de\\\/magazin\\\/#\\\/schema\\\/logo\\\/image\\\/\"},\"sameAs\":[\"https:\\\/\\\/www.facebook.com\\\/salzburgerland\\\/\",\"https:\\\/\\\/x.com\\\/Salzburgerland\",\"https:\\\/\\\/www.instagram.com\\\/salzburgerland\\\/\",\"https:\\\/\\\/at.linkedin.com\\\/company\\\/salzburgerland-tourismus-gmbh\",\"https:\\\/\\\/www.pinterest.at\\\/salzburgerland\\\/\",\"https:\\\/\\\/www.youtube.com\\\/user\\\/salzburgerland\",\"https:\\\/\\\/de.wikipedia.org\\\/wiki\\\/SalzburgerLand_Tourismus_GmbH\"]},{\"@type\":\"Person\",\"@id\":\"https:\\\/\\\/www.salzburgerland.com\\\/de\\\/magazin\\\/#\\\/schema\\\/person\\\/ae3e7554e48d7c28b7f7f64f0ea3c635\",\"name\":\"Eva Krallinger\",\"description\":\"Gerade erst die Vollj\u00e4hrigkeit erreicht, will man immer nur das Eine: Weg von daheim, raus in die Welt und ja nichts verpassen. Also ab nach K\u00e4rnten (Zwischenstopp), Frankreich, Washington D.C., Schweiz. Ein paar Jahre sp\u00e4ter will man dann wieder nur das Andere: zur\u00fcck nach Hause, ins Gr\u00fcne, ins Blaue, ins Wei\u00dfe und ins Graue. Von der Angst vorm Verpassen ist dann nichts mehr \u00fcbrig, im Gegenteil, es wird eigentlich gerne verpasst, um sich aufs Wesentliche zu konzentrieren und bewusst zu genie\u00dfen, was dieses Daheim zu bieten hat. Mein Logenplatz im Salzburgerland? Das Gollinger Bluntautal. Schon als Kind habe ich dort gespielt und habe das eine oder andere Mal unabsichtlich Bekanntschaft mit dem wirklich (!) kalten Wasser geschlossen. Dosige oder Zuagroaste? Dosige, aus dem Herzen des Salzburger Tennengaus. Fr\u00fchling, Sommer, Herbst oder Winter? Sommer, aber immer nur mit Sonnenschutzfaktor 50+. Salzburger Nockerl oder Schwarzbeernocken? Schwarzbeernocken - wegen der blauen Zunge danach. Weltliteratur oder Tratsch und Klatsch? Weltliteratur in Buchform, Tratsch und Klatsch im Kaffeehaus. Schreibt f\u00fcr das junge Salzurger Onlinemagazin Fr\u00e4ulein Floras Favourite Hangouts \u00fcber Menschen, Orte und Geschichte in Salzburg und liebt es.\",\"sameAs\":[\"http:\\\/\\\/www.fraeuleinflora.at\",\"www.facebook.com\\\/fraeuleinflora\",\"https:\\\/\\\/x.com\\\/keeeva\"],\"url\":\"https:\\\/\\\/www.salzburgerland.com\\\/de\\\/magazin\\\/author\\\/eva-krallinger\\\/\"}]}<\/script>\n<!-- \/ Yoast SEO Premium plugin. -->","yoast_head_json":{"title":"Kulturhighlights im SalzburgerLand - SalzburgerLand Magazin","description":"Dass sich in den Sommermonaten die Stars der Musikbranche auf dem Festspielparkett der Stadt Salzburg tummeln, ist bekannt. F\u00fcr alle jene, die ihre Lieblingsstars au\u00dferhalb der Mozartstadt erleben wollen, gibt es viele Geheimtipps im SalzburgerLand: Wo die Kulturstars im Sommer 2014 auftreten, erfahrt ihr hier. Stargeiger Daniel Hope und Tenor Michael Schade in Werfenweng Nicht [&hellip;]","robots":{"index":"index","follow":"follow","max-snippet":"max-snippet:-1","max-image-preview":"max-image-preview:large","max-video-preview":"max-video-preview:-1"},"canonical":"https:\/\/www.salzburgerland.com\/de\/magazin\/kulturhighlights-im-salzburgerland\/","og_locale":"de_DE","og_type":"article","og_title":"Kulturhighlights im SalzburgerLand","og_description":"Dass sich in den Sommermonaten die Stars der Musikbranche auf dem Festspielparkett der Stadt Salzburg tummeln, ist bekannt. F\u00fcr alle jene, die ihre Lieblingsstars au\u00dferhalb der Mozartstadt erleben wollen, gibt es viele Geheimtipps im SalzburgerLand: Wo die Kulturstars im Sommer 2014 auftreten, erfahrt ihr hier. Stargeiger Daniel Hope und Tenor Michael Schade in Werfenweng Nicht [&hellip;]","og_url":"https:\/\/www.salzburgerland.com\/de\/magazin\/kulturhighlights-im-salzburgerland\/","og_site_name":"SalzburgerLand Magazin","article_publisher":"https:\/\/www.facebook.com\/salzburgerland\/","article_author":"www.facebook.com\/fraeuleinflora","article_published_time":"2014-07-07T09:05:10+00:00","article_modified_time":"2019-06-26T18:17:41+00:00","og_image":[{"width":1600,"height":1066,"url":"https:\/\/www.salzburgerland.com\/de\/magazin\/wp-content\/uploads\/2014\/07\/BRW_Michael-Schade-\u00aephoto-graphic-art1.jpg","type":"image\/jpeg"}],"author":"Eva Krallinger","twitter_card":"summary_large_image","twitter_creator":"@keeeva","twitter_site":"@Salzburgerland","twitter_misc":{"Verfasst von":"Eva Krallinger","Gesch\u00e4tzte Lesezeit":"3\u00a0Minuten"},"schema":{"@context":"https:\/\/schema.org","@graph":[{"@type":"Article","@id":"https:\/\/www.salzburgerland.com\/de\/magazin\/kulturhighlights-im-salzburgerland\/#article","isPartOf":{"@id":"https:\/\/www.salzburgerland.com\/de\/magazin\/kulturhighlights-im-salzburgerland\/"},"author":{"name":"Eva Krallinger","@id":"https:\/\/www.salzburgerland.com\/de\/magazin\/#\/schema\/person\/ae3e7554e48d7c28b7f7f64f0ea3c635"},"headline":"Kulturhighlights im SalzburgerLand","datePublished":"2014-07-07T09:05:10+00:00","dateModified":"2019-06-26T18:17:41+00:00","mainEntityOfPage":{"@id":"https:\/\/www.salzburgerland.com\/de\/magazin\/kulturhighlights-im-salzburgerland\/"},"wordCount":560,"commentCount":0,"publisher":{"@id":"https:\/\/www.salzburgerland.com\/de\/magazin\/#organization"},"image":{"@id":"https:\/\/www.salzburgerland.com\/de\/magazin\/kulturhighlights-im-salzburgerland\/#primaryimage"},"thumbnailUrl":"https:\/\/www.salzburgerland.com\/de\/magazin\/wp-content\/uploads\/2014\/07\/BRW_Michael-Schade-\u00aephoto-graphic-art1.jpg","articleSection":["Kunst &amp; Kultur"],"inLanguage":"de","potentialAction":[{"@type":"CommentAction","name":"Comment","target":["https:\/\/www.salzburgerland.com\/de\/magazin\/kulturhighlights-im-salzburgerland\/#respond"]}]},{"@type":"WebPage","@id":"https:\/\/www.salzburgerland.com\/de\/magazin\/kulturhighlights-im-salzburgerland\/","url":"https:\/\/www.salzburgerland.com\/de\/magazin\/kulturhighlights-im-salzburgerland\/","name":"Kulturhighlights im SalzburgerLand - SalzburgerLand Magazin","isPartOf":{"@id":"https:\/\/www.salzburgerland.com\/de\/magazin\/#website"},"primaryImageOfPage":{"@id":"https:\/\/www.salzburgerland.com\/de\/magazin\/kulturhighlights-im-salzburgerland\/#primaryimage"},"image":{"@id":"https:\/\/www.salzburgerland.com\/de\/magazin\/kulturhighlights-im-salzburgerland\/#primaryimage"},"thumbnailUrl":"https:\/\/www.salzburgerland.com\/de\/magazin\/wp-content\/uploads\/2014\/07\/BRW_Michael-Schade-\u00aephoto-graphic-art1.jpg","datePublished":"2014-07-07T09:05:10+00:00","dateModified":"2019-06-26T18:17:41+00:00","breadcrumb":{"@id":"https:\/\/www.salzburgerland.com\/de\/magazin\/kulturhighlights-im-salzburgerland\/#breadcrumb"},"inLanguage":"de","potentialAction":[{"@type":"ReadAction","target":["https:\/\/www.salzburgerland.com\/de\/magazin\/kulturhighlights-im-salzburgerland\/"]}]},{"@type":"ImageObject","inLanguage":"de","@id":"https:\/\/www.salzburgerland.com\/de\/magazin\/kulturhighlights-im-salzburgerland\/#primaryimage","url":"https:\/\/www.salzburgerland.com\/de\/magazin\/wp-content\/uploads\/2014\/07\/BRW_Michael-Schade-\u00aephoto-graphic-art1.jpg","contentUrl":"https:\/\/www.salzburgerland.com\/de\/magazin\/wp-content\/uploads\/2014\/07\/BRW_Michael-Schade-\u00aephoto-graphic-art1.jpg","width":1600,"height":1066,"caption":"Michael Schade in Werfenweng"},{"@type":"BreadcrumbList","@id":"https:\/\/www.salzburgerland.com\/de\/magazin\/kulturhighlights-im-salzburgerland\/#breadcrumb","itemListElement":[{"@type":"ListItem","position":1,"name":"Startseite","item":"https:\/\/www.salzburgerland.com\/de\/magazin\/"},{"@type":"ListItem","position":2,"name":"Kunst &amp; Kultur","item":"https:\/\/www.salzburgerland.com\/de\/magazin\/thema\/kunst-kultur\/"},{"@type":"ListItem","position":3,"name":"Kulturhighlights im SalzburgerLand"}]},{"@type":"WebSite","@id":"https:\/\/www.salzburgerland.com\/de\/magazin\/#website","url":"https:\/\/www.salzburgerland.com\/de\/magazin\/","name":"SalzburgerLand Magazin","description":"Geschichten und Interessantes aus dem SalzburgerLand","publisher":{"@id":"https:\/\/www.salzburgerland.com\/de\/magazin\/#organization"},"potentialAction":[{"@type":"SearchAction","target":{"@type":"EntryPoint","urlTemplate":"https:\/\/www.salzburgerland.com\/de\/magazin\/?s={search_term_string}"},"query-input":{"@type":"PropertyValueSpecification","valueRequired":true,"valueName":"search_term_string"}}],"inLanguage":"de"},{"@type":"Organization","@id":"https:\/\/www.salzburgerland.com\/de\/magazin\/#organization","name":"SalzburgerLand Tourismus","url":"https:\/\/www.salzburgerland.com\/de\/magazin\/","logo":{"@type":"ImageObject","inLanguage":"de","@id":"https:\/\/www.salzburgerland.com\/de\/magazin\/#\/schema\/logo\/image\/","url":"https:\/\/www.salzburgerland.com\/de\/magazin\/wp-content\/uploads\/2019\/06\/salzburgerland-logo1.jpg","contentUrl":"https:\/\/www.salzburgerland.com\/de\/magazin\/wp-content\/uploads\/2019\/06\/salzburgerland-logo1.jpg","width":2011,"height":866,"caption":"SalzburgerLand Tourismus"},"image":{"@id":"https:\/\/www.salzburgerland.com\/de\/magazin\/#\/schema\/logo\/image\/"},"sameAs":["https:\/\/www.facebook.com\/salzburgerland\/","https:\/\/x.com\/Salzburgerland","https:\/\/www.instagram.com\/salzburgerland\/","https:\/\/at.linkedin.com\/company\/salzburgerland-tourismus-gmbh","https:\/\/www.pinterest.at\/salzburgerland\/","https:\/\/www.youtube.com\/user\/salzburgerland","https:\/\/de.wikipedia.org\/wiki\/SalzburgerLand_Tourismus_GmbH"]},{"@type":"Person","@id":"https:\/\/www.salzburgerland.com\/de\/magazin\/#\/schema\/person\/ae3e7554e48d7c28b7f7f64f0ea3c635","name":"Eva Krallinger","description":"Gerade erst die Vollj\u00e4hrigkeit erreicht, will man immer nur das Eine: Weg von daheim, raus in die Welt und ja nichts verpassen. Also ab nach K\u00e4rnten (Zwischenstopp), Frankreich, Washington D.C., Schweiz. Ein paar Jahre sp\u00e4ter will man dann wieder nur das Andere: zur\u00fcck nach Hause, ins Gr\u00fcne, ins Blaue, ins Wei\u00dfe und ins Graue. Von der Angst vorm Verpassen ist dann nichts mehr \u00fcbrig, im Gegenteil, es wird eigentlich gerne verpasst, um sich aufs Wesentliche zu konzentrieren und bewusst zu genie\u00dfen, was dieses Daheim zu bieten hat. Mein Logenplatz im Salzburgerland? Das Gollinger Bluntautal. Schon als Kind habe ich dort gespielt und habe das eine oder andere Mal unabsichtlich Bekanntschaft mit dem wirklich (!) kalten Wasser geschlossen. Dosige oder Zuagroaste? Dosige, aus dem Herzen des Salzburger Tennengaus. Fr\u00fchling, Sommer, Herbst oder Winter? Sommer, aber immer nur mit Sonnenschutzfaktor 50+. Salzburger Nockerl oder Schwarzbeernocken? Schwarzbeernocken - wegen der blauen Zunge danach. Weltliteratur oder Tratsch und Klatsch? Weltliteratur in Buchform, Tratsch und Klatsch im Kaffeehaus. Schreibt f\u00fcr das junge Salzurger Onlinemagazin Fr\u00e4ulein Floras Favourite Hangouts \u00fcber Menschen, Orte und Geschichte in Salzburg und liebt es.","sameAs":["http:\/\/www.fraeuleinflora.at","www.facebook.com\/fraeuleinflora","https:\/\/x.com\/keeeva"],"url":"https:\/\/www.salzburgerland.com\/de\/magazin\/author\/eva-krallinger\/"}]}},"_wl_alt_label":[],"wl:entity_url":"http:\/\/open.salzburgerland.com\/magazin\/post\/kulturhighlights_im_salzburgerland","_links":{"self":[{"href":"https:\/\/www.salzburgerland.com\/de\/magazin\/wp-json\/wp\/v2\/posts\/89823","targetHints":{"allow":["GET"]}}],"collection":[{"href":"https:\/\/www.salzburgerland.com\/de\/magazin\/wp-json\/wp\/v2\/posts"}],"about":[{"href":"https:\/\/www.salzburgerland.com\/de\/magazin\/wp-json\/wp\/v2\/types\/post"}],"author":[{"embeddable":true,"href":"https:\/\/www.salzburgerland.com\/de\/magazin\/wp-json\/wp\/v2\/users\/488"}],"replies":[{"embeddable":true,"href":"https:\/\/www.salzburgerland.com\/de\/magazin\/wp-json\/wp\/v2\/comments?post=89823"}],"version-history":[{"count":0,"href":"https:\/\/www.salzburgerland.com\/de\/magazin\/wp-json\/wp\/v2\/posts\/89823\/revisions"}],"wp:featuredmedia":[{"embeddable":true,"href":"https:\/\/www.salzburgerland.com\/de\/magazin\/wp-json\/wp\/v2\/media\/89825"}],"wp:attachment":[{"href":"https:\/\/www.salzburgerland.com\/de\/magazin\/wp-json\/wp\/v2\/media?parent=89823"}],"wp:term":[{"taxonomy":"category","embeddable":true,"href":"https:\/\/www.salzburgerland.com\/de\/magazin\/wp-json\/wp\/v2\/categories?post=89823"},{"taxonomy":"post_tag","embeddable":true,"href":"https:\/\/www.salzburgerland.com\/de\/magazin\/wp-json\/wp\/v2\/tags?post=89823"},{"taxonomy":"wl_entity_type","embeddable":true,"href":"https:\/\/www.salzburgerland.com\/de\/magazin\/wp-json\/wp\/v2\/wl_entity_type?post=89823"},{"taxonomy":"monatsauswahl","embeddable":true,"href":"https:\/\/www.salzburgerland.com\/de\/magazin\/wp-json\/wp\/v2\/monatsauswahl?post=89823"}],"curies":[{"name":"wp","href":"https:\/\/api.w.org\/{rel}","templated":true}]}}