{"id":89674,"date":"2014-07-16T07:00:09","date_gmt":"2014-07-16T05:00:09","guid":{"rendered":"http:\/\/magazin.salzburgerland.com\/?p=89674"},"modified":"2019-10-21T12:10:33","modified_gmt":"2019-10-21T10:10:33","slug":"durchs-seenland-von-kraeutergarten-zu-kraeutergarten","status":"publish","type":"post","link":"https:\/\/www.salzburgerland.com\/de\/magazin\/durchs-seenland-von-kraeutergarten-zu-kraeutergarten\/","title":{"rendered":"Durchs Seenland radlen"},"content":{"rendered":"\n<h2 class=\"wp-block-slt-subtitle\"> Von Kr\u00e4utergarten zu Kr\u00e4utergarten <\/h2>\n\n\n\n<p class=\"wp-block-slt-intro\">Leuchtend orange Kapuzinerkresse, violetter Salbei und rote Rosen: Zahlreiche Heil-, Wild- und K\u00fcchenkr\u00e4uter wachsen in den liebevoll gestalteten G\u00e4rten der Salzburger Seenregion. Wer Lust hat, radelt auf den Kr\u00e4uterradwegen um die Trumerseen und dem Wallersee zu diesen G\u00e4rten.<\/p>\n\n\n\n<p>\n\nDie beschilderten Radwege f\u00fchren \u00fcber sanfte H\u00fcgel, \u00fcber Wege entlang der malerischen Seeufer, \u00fcber Wiesen, schattige W\u00e4lder und in D\u00f6rfer. Gasth\u00e4user und Cafes mit gem\u00fctlichen Gastg\u00e4rten laden zum Verweilen, Plaudern und Genie\u00dfen ein. Auch Kinder werden durch das Quiz mit den Kr\u00e4uterwichtln dazu motiviert, den jeweils n\u00e4chsten Garten aufzusuchen. Die Trumerseen-Kr\u00e4uter-Runde k\u00f6nnte in Mattsee beginnen. Auf dem Parkplatz Nord &#8211; auf der Umfahrungsstra\u00dfe von Mattsee &#8211; fallen keine Parkgeb\u00fchren an. Der Radweg f\u00fchrt direkt ins Zentrum. Da lohnt sich ein Abstecher in die Weyerbucht. Segelboote, Bajuwarendorf und die Kneippanlage begeistern Klein und Gro\u00df. Von da geht es Richtung Kreativgarten. Liebevoll dekorierte Pflanzen in T\u00f6pfen wie Zitronenmelisse, Olivenb\u00e4ume und Hauswurz erfreuen die Besucher. In Obertrum, in der N\u00e4he des Braugasthofes Sigl, gibt es im Trumer Kr\u00e4utergarten Ringelblume, Salbei und liebevolle Dekorationen zu sehen. Schaubienenst\u00f6cke laden zum Beobachten der emsigen Immen ein. Weiter geht die Tour Richtung Seeham und Berndorf. Insgesamt dauert die Trumerseen-Kr\u00e4uter-Runde rund vier Stunden, ist rund 40 Kilometer lang und umfasst circa 500 Meter H\u00f6henunterschied. Die Wallersee-Kr\u00e4uter-Runde k\u00f6nnte am Strandparkplatz in Seekirchen beginnen. Da kostet die Parkgeb\u00fchr an Badetagen drei Euro. Von da geht es zur Seeburg &#8211; der ersten Kr\u00e4utergarten-Station. Dann folgt der Pavillon der D\u00fcfte in Henndorf und in Neumarkt die G\u00e4rtnerei Trapp. In K\u00f6stendorf wartet der Seelenbr\u00e4ugarten beim Dechanthof in der N\u00e4he der Kirche. Er wird als Gemeindeprojekt gehegt und gepflegt. Die Wallerseerunde ist rund 41 Kilometer lang, hat 500 Meter H\u00f6henunterschied und dauert rund 4,5 Stunden.&nbsp;\n\n<\/p>\n\n\n\n<p> Die <a rel=\"noreferrer noopener\" aria-label=\"Radtour \u201eVon Kr\u00e4utergarten zu Kr\u00e4utergarten (opens in a new tab)\" href=\"https:\/\/www.salzburger-seenland.at\/erlebnis-freizeit\/kraeuterleben\/kraeuterleben-radtouren.html\" target=\"_blank\">Radtour \u201eVon Kr\u00e4utergarten zu Kr\u00e4utergarten<\/a>&#8220; verbindet alle Seenland-Gemeinden auf bestehenden Radstrecken. IViele weitere Informationen gibt es auf <a href=\"http:\/\/www.salzburger-seenland.at\" target=\"_blank\" rel=\"noreferrer noopener\" aria-label=\" (opens in a new tab)\">www.salzburger-seenland.at<\/a><\/p>\n\n\n<p>\u00a0<\/p>\n<div class=\"mag-gallery\"><div class=\"row\"><div class=\"col-6 col-sm-4\"><figure><a class=\"thumb-container\" href=\"https:\/\/www.salzburgerland.com\/de\/magazin\/wp-content\/uploads\/2014\/06\/Seelenbraugarten-Kostendorf-b-1280x1024.jpg\">\t<picture><source media=\"(min-width: 576px)\" srcset=\"\" \/><source media=\"(min-width: 0)\" srcset=\"https:\/\/www.salzburgerland.com\/de\/magazin\/wp-content\/uploads\/2014\/06\/Seelenbraugarten-Kostendorf-b.jpg 264w, https:\/\/www.salzburgerland.com\/de\/magazin\/wp-content\/uploads\/2014\/06\/Seelenbraugarten-Kostendorf-b-198x300.jpg 198w\" \/><img decoding=\"async\" alt=\"Ein hoher Kirchturm mit einer Uhr, gesehen hinter einem Garten an einem sonnigen Tag.\" src=\"https:\/\/www.salzburgerland.com\/de\/magazin\/wp-content\/uploads\/2014\/06\/Seelenbraugarten-Kostendorf-b.jpg\" \/>\t<\/picture><\/a><\/figure><\/div><div class=\"col-6 col-sm-4\"><figure><a class=\"thumb-container\" href=\"https:\/\/www.salzburgerland.com\/de\/magazin\/wp-content\/uploads\/2014\/07\/hs6-0lkdxqk-1280x1024.jpg\">\t<picture><source media=\"(min-width: 576px)\" srcset=\"https:\/\/www.salzburgerland.com\/de\/magazin\/wp-content\/uploads\/2014\/07\/hs6-0lkdxqk-325x209.jpg 325w, https:\/\/www.salzburgerland.com\/de\/magazin\/wp-content\/uploads\/2014\/07\/hs6-0lkdxqk-249x160.jpg 249w\" \/><source media=\"(min-width: 0)\" srcset=\"https:\/\/www.salzburgerland.com\/de\/magazin\/wp-content\/uploads\/2014\/07\/hs6-0lkdxqk-249x160.jpg 249w, https:\/\/www.salzburgerland.com\/de\/magazin\/wp-content\/uploads\/2014\/07\/hs6-0lkdxqk-325x209.jpg 325w\" \/><img decoding=\"async\" alt=\"Eine Frau spielt im Freien Gitarre, w\u00e4hrend zwei Personen auf einer Bank sitzen, zuh\u00f6ren und l\u00e4cheln, in der N\u00e4he von gestapeltem Brennholz.\" src=\"https:\/\/www.salzburgerland.com\/de\/magazin\/wp-content\/uploads\/2014\/07\/hs6-0lkdxqk.jpg\" \/>\t<\/picture><\/a><\/figure><\/div><div class=\"col-6 col-sm-4\"><figure><a class=\"thumb-container\" href=\"https:\/\/www.salzburgerland.com\/de\/magazin\/wp-content\/uploads\/2014\/07\/durchs-seenland-von-kraeutergarten-zu-kraeutergarten-1280x1024.jpg\">\t<picture><source media=\"(min-width: 576px)\" srcset=\"https:\/\/www.salzburgerland.com\/de\/magazin\/wp-content\/uploads\/2014\/07\/durchs-seenland-von-kraeutergarten-zu-kraeutergarten-325x209.jpg 325w, https:\/\/www.salzburgerland.com\/de\/magazin\/wp-content\/uploads\/2014\/07\/durchs-seenland-von-kraeutergarten-zu-kraeutergarten-249x160.jpg 249w\" \/><source media=\"(min-width: 0)\" srcset=\"https:\/\/www.salzburgerland.com\/de\/magazin\/wp-content\/uploads\/2014\/07\/durchs-seenland-von-kraeutergarten-zu-kraeutergarten-249x160.jpg 249w, https:\/\/www.salzburgerland.com\/de\/magazin\/wp-content\/uploads\/2014\/07\/durchs-seenland-von-kraeutergarten-zu-kraeutergarten-325x209.jpg 325w\" \/><img decoding=\"async\" alt=\"Frau spielt Gitarre im Freien f\u00fcr zwei Personen, die auf einer Bank in der N\u00e4he eines Holzstapels und von B\u00e4umen sitzen.\" src=\"https:\/\/www.salzburgerland.com\/de\/magazin\/wp-content\/uploads\/2014\/07\/durchs-seenland-von-kraeutergarten-zu-kraeutergarten.jpg\" \/>\t<\/picture><\/a><\/figure><\/div><div class=\"col-6 col-sm-4\"><figure><a class=\"thumb-container\" href=\"https:\/\/www.salzburgerland.com\/de\/magazin\/wp-content\/uploads\/2014\/06\/Salzburger-Seenland_Perwang_Krauterspirale1-1280x1024.jpg\">\t<picture><source media=\"(min-width: 576px)\" srcset=\"https:\/\/www.salzburgerland.com\/de\/magazin\/wp-content\/uploads\/2014\/06\/Salzburger-Seenland_Perwang_Krauterspirale1-325x209.jpg 325w, https:\/\/www.salzburgerland.com\/de\/magazin\/wp-content\/uploads\/2014\/06\/Salzburger-Seenland_Perwang_Krauterspirale1-249x160.jpg 249w\" \/><source media=\"(min-width: 0)\" srcset=\"https:\/\/www.salzburgerland.com\/de\/magazin\/wp-content\/uploads\/2014\/06\/Salzburger-Seenland_Perwang_Krauterspirale1-249x160.jpg 249w, https:\/\/www.salzburgerland.com\/de\/magazin\/wp-content\/uploads\/2014\/06\/Salzburger-Seenland_Perwang_Krauterspirale1-325x209.jpg 325w\" \/><img decoding=\"async\" alt=\"\u00dcppiger Kr\u00e4utergarten mit beschrifteten Holzschildern, eingefasst von Steinen und einem kleinen Ziegelweg auf der rechten Seite.\" src=\"https:\/\/www.salzburgerland.com\/de\/magazin\/wp-content\/uploads\/2014\/06\/Salzburger-Seenland_Perwang_Krauterspirale1.jpg\" \/>\t<\/picture><\/a><\/figure><\/div><div class=\"col-6 col-sm-4\"><figure><a class=\"thumb-container\" href=\"https:\/\/www.salzburgerland.com\/de\/magazin\/wp-content\/uploads\/2014\/06\/Salzburger-Seenland_Kreativgarten-1280x1024.jpg\">\t<picture><source media=\"(min-width: 576px)\" srcset=\"https:\/\/www.salzburgerland.com\/de\/magazin\/wp-content\/uploads\/2014\/06\/Salzburger-Seenland_Kreativgarten-325x209.jpg 325w, https:\/\/www.salzburgerland.com\/de\/magazin\/wp-content\/uploads\/2014\/06\/Salzburger-Seenland_Kreativgarten-249x160.jpg 249w\" \/><source media=\"(min-width: 0)\" srcset=\"https:\/\/www.salzburgerland.com\/de\/magazin\/wp-content\/uploads\/2014\/06\/Salzburger-Seenland_Kreativgarten-249x160.jpg 249w, https:\/\/www.salzburgerland.com\/de\/magazin\/wp-content\/uploads\/2014\/06\/Salzburger-Seenland_Kreativgarten-325x209.jpg 325w\" \/><img decoding=\"async\" alt=\"Zwei Radfahrer fahren an einem geschm\u00fcckten Haus mit rot gestreiften Fensterl\u00e4den und herzf\u00f6rmigen Ornamenten vorbei.\" src=\"https:\/\/www.salzburgerland.com\/de\/magazin\/wp-content\/uploads\/2014\/06\/Salzburger-Seenland_Kreativgarten.jpg\" \/>\t<\/picture><\/a><\/figure><\/div><div class=\"col-6 col-sm-4\"><figure><a class=\"thumb-container\" href=\"https:\/\/www.salzburgerland.com\/de\/magazin\/wp-content\/uploads\/2014\/06\/Rosmarin-Pfingsrose-ms2-1280x1024.jpg\">\t<picture><source media=\"(min-width: 576px)\" srcset=\"\" \/><source media=\"(min-width: 0)\" srcset=\"https:\/\/www.salzburgerland.com\/de\/magazin\/wp-content\/uploads\/2014\/06\/Rosmarin-Pfingsrose-ms2.jpg 1200w, https:\/\/www.salzburgerland.com\/de\/magazin\/wp-content\/uploads\/2014\/06\/Rosmarin-Pfingsrose-ms2-225x300.jpg 225w, https:\/\/www.salzburgerland.com\/de\/magazin\/wp-content\/uploads\/2014\/06\/Rosmarin-Pfingsrose-ms2-413x550.jpg 413w, https:\/\/www.salzburgerland.com\/de\/magazin\/wp-content\/uploads\/2014\/06\/Rosmarin-Pfingsrose-ms2-300x400.jpg 300w\" \/><img decoding=\"async\" alt=\"Leuchtend rosa Blume und gr\u00fcnes Laub im Sonnenlicht, mit einem Stein und Gras im Hintergrund.\" src=\"https:\/\/www.salzburgerland.com\/de\/magazin\/wp-content\/uploads\/2014\/06\/Rosmarin-Pfingsrose-ms2.jpg\" \/>\t<\/picture><\/a><\/figure><\/div><div class=\"col-6 col-sm-4\"><figure><a class=\"thumb-container\" href=\"https:\/\/www.salzburgerland.com\/de\/magazin\/wp-content\/uploads\/2014\/06\/Rosmarin-Pfingsrose-ms1-1280x1024.jpg\">\t<picture><source media=\"(min-width: 576px)\" srcset=\"\" \/><source media=\"(min-width: 0)\" srcset=\"https:\/\/www.salzburgerland.com\/de\/magazin\/wp-content\/uploads\/2014\/06\/Rosmarin-Pfingsrose-ms1.jpg 1200w, https:\/\/www.salzburgerland.com\/de\/magazin\/wp-content\/uploads\/2014\/06\/Rosmarin-Pfingsrose-ms1-225x300.jpg 225w, https:\/\/www.salzburgerland.com\/de\/magazin\/wp-content\/uploads\/2014\/06\/Rosmarin-Pfingsrose-ms1-413x550.jpg 413w, https:\/\/www.salzburgerland.com\/de\/magazin\/wp-content\/uploads\/2014\/06\/Rosmarin-Pfingsrose-ms1-300x400.jpg 300w\" \/><img decoding=\"async\" alt=\"Leuchtend rosa Pfingstrose Blume mit gr\u00fcnen Bl\u00e4ttern und Gras im Hintergrund an einem sonnigen Tag.\" src=\"https:\/\/www.salzburgerland.com\/de\/magazin\/wp-content\/uploads\/2014\/06\/Rosmarin-Pfingsrose-ms1.jpg\" \/>\t<\/picture><\/a><\/figure><\/div><div class=\"col-6 col-sm-4\"><figure><a class=\"thumb-container\" href=\"https:\/\/www.salzburgerland.com\/de\/magazin\/wp-content\/uploads\/2014\/06\/Rosmarin-Pfingsrose-ms-1280x1024.jpg\">\t<picture><source media=\"(min-width: 576px)\" srcset=\"https:\/\/www.salzburgerland.com\/de\/magazin\/wp-content\/uploads\/2014\/06\/Rosmarin-Pfingsrose-ms-325x209.jpg 325w, https:\/\/www.salzburgerland.com\/de\/magazin\/wp-content\/uploads\/2014\/06\/Rosmarin-Pfingsrose-ms-249x160.jpg 249w\" \/><source media=\"(min-width: 0)\" srcset=\"https:\/\/www.salzburgerland.com\/de\/magazin\/wp-content\/uploads\/2014\/06\/Rosmarin-Pfingsrose-ms-249x160.jpg 249w, https:\/\/www.salzburgerland.com\/de\/magazin\/wp-content\/uploads\/2014\/06\/Rosmarin-Pfingsrose-ms-325x209.jpg 325w\" \/><img decoding=\"async\" alt=\"Leuchtend rosafarbene Bl\u00fcte mit gr\u00fcnem Laub am Rande einer Steinfl\u00e4che im Sonnenlicht.\" src=\"https:\/\/www.salzburgerland.com\/de\/magazin\/wp-content\/uploads\/2014\/06\/Rosmarin-Pfingsrose-ms.jpg\" \/>\t<\/picture><\/a><\/figure><\/div><div class=\"col-6 col-sm-4\"><figure><a class=\"thumb-container\" href=\"https:\/\/www.salzburgerland.com\/de\/magazin\/wp-content\/uploads\/2014\/06\/Salzburger-Seenland_Schanzwallweg-1280x1024.jpg\">\t<picture><source media=\"(min-width: 576px)\" srcset=\"https:\/\/www.salzburgerland.com\/de\/magazin\/wp-content\/uploads\/2014\/06\/Salzburger-Seenland_Schanzwallweg-325x209.jpg 325w, https:\/\/www.salzburgerland.com\/de\/magazin\/wp-content\/uploads\/2014\/06\/Salzburger-Seenland_Schanzwallweg-249x160.jpg 249w\" \/><source media=\"(min-width: 0)\" srcset=\"https:\/\/www.salzburgerland.com\/de\/magazin\/wp-content\/uploads\/2014\/06\/Salzburger-Seenland_Schanzwallweg-249x160.jpg 249w, https:\/\/www.salzburgerland.com\/de\/magazin\/wp-content\/uploads\/2014\/06\/Salzburger-Seenland_Schanzwallweg-325x209.jpg 325w\" \/><img decoding=\"async\" alt=\"Gro\u00dfer moosbewachsener Baumstumpf, umgeben von \u00fcppigen gr\u00fcnen Pflanzen und lila Blumen in einem Garten.\" src=\"https:\/\/www.salzburgerland.com\/de\/magazin\/wp-content\/uploads\/2014\/06\/Salzburger-Seenland_Schanzwallweg.jpg\" \/>\t<\/picture><\/a><\/figure><\/div><div class=\"col-6 col-sm-4\"><figure><a class=\"thumb-container\" href=\"https:\/\/www.salzburgerland.com\/de\/magazin\/wp-content\/uploads\/2014\/06\/wallersee-a-1280x1024.jpg\">\t<picture><source media=\"(min-width: 576px)\" srcset=\"https:\/\/www.salzburgerland.com\/de\/magazin\/wp-content\/uploads\/2014\/06\/wallersee-a-325x209.jpg 325w, https:\/\/www.salzburgerland.com\/de\/magazin\/wp-content\/uploads\/2014\/06\/wallersee-a-249x160.jpg 249w\" \/><source media=\"(min-width: 0)\" srcset=\"https:\/\/www.salzburgerland.com\/de\/magazin\/wp-content\/uploads\/2014\/06\/wallersee-a-249x160.jpg 249w, https:\/\/www.salzburgerland.com\/de\/magazin\/wp-content\/uploads\/2014\/06\/wallersee-a-325x209.jpg 325w\" \/><img decoding=\"async\" alt=\"Gr\u00fcne Wiese an einem ruhigen See mit Booten, umgeben von bewaldeten H\u00fcgeln und fernen Bergen unter einem klaren Himmel.\" src=\"https:\/\/www.salzburgerland.com\/de\/magazin\/wp-content\/uploads\/2014\/06\/wallersee-a.jpg\" \/>\t<\/picture><\/a><\/figure><\/div><div class=\"col-6 col-sm-4\"><figure><a class=\"thumb-container\" href=\"https:\/\/www.salzburgerland.com\/de\/magazin\/wp-content\/uploads\/2014\/06\/Trumer-Krautergarten-b-1280x1024.jpg\">\t<picture><source media=\"(min-width: 576px)\" srcset=\"https:\/\/www.salzburgerland.com\/de\/magazin\/wp-content\/uploads\/2014\/06\/Trumer-Krautergarten-b-325x209.jpg 325w, https:\/\/www.salzburgerland.com\/de\/magazin\/wp-content\/uploads\/2014\/06\/Trumer-Krautergarten-b-249x160.jpg 249w\" \/><source media=\"(min-width: 0)\" srcset=\"https:\/\/www.salzburgerland.com\/de\/magazin\/wp-content\/uploads\/2014\/06\/Trumer-Krautergarten-b-249x160.jpg 249w, https:\/\/www.salzburgerland.com\/de\/magazin\/wp-content\/uploads\/2014\/06\/Trumer-Krautergarten-b-325x209.jpg 325w\" \/><img decoding=\"async\" alt=\"Eine Gr\u00fcnpflanze mit einem Informationsschild \u00fcber Hopfen in einem Gartenbereich im Freien.\" src=\"https:\/\/www.salzburgerland.com\/de\/magazin\/wp-content\/uploads\/2014\/06\/Trumer-Krautergarten-b.jpg\" \/>\t<\/picture><\/a><\/figure><\/div><div class=\"col-6 col-sm-4\"><figure><a class=\"thumb-container\" href=\"https:\/\/www.salzburgerland.com\/de\/magazin\/wp-content\/uploads\/2014\/06\/Trumer-Krautergarten-a-1280x1024.jpg\">\t<picture><source media=\"(min-width: 576px)\" srcset=\"https:\/\/www.salzburgerland.com\/de\/magazin\/wp-content\/uploads\/2014\/06\/Trumer-Krautergarten-a-325x209.jpg 325w, https:\/\/www.salzburgerland.com\/de\/magazin\/wp-content\/uploads\/2014\/06\/Trumer-Krautergarten-a-249x160.jpg 249w\" \/><source media=\"(min-width: 0)\" srcset=\"https:\/\/www.salzburgerland.com\/de\/magazin\/wp-content\/uploads\/2014\/06\/Trumer-Krautergarten-a-249x160.jpg 249w, https:\/\/www.salzburgerland.com\/de\/magazin\/wp-content\/uploads\/2014\/06\/Trumer-Krautergarten-a-325x209.jpg 325w\" \/><img decoding=\"async\" alt=\"Ein gro\u00dfes gelbes Geb\u00e4ude mit vielen Fenstern, einem Kuppelturm und einem \u00fcppigen gr\u00fcnen Garten unter einem klaren blauen Himmel.\" src=\"https:\/\/www.salzburgerland.com\/de\/magazin\/wp-content\/uploads\/2014\/06\/Trumer-Krautergarten-a.jpg\" \/>\t<\/picture><\/a><\/figure><\/div><div class=\"col-6 col-sm-4\"><figure><a class=\"thumb-container\" href=\"https:\/\/www.salzburgerland.com\/de\/magazin\/wp-content\/uploads\/2014\/06\/Seelenbraugarten-Kostendorf-c-1280x1024.jpg\">\t<picture><source media=\"(min-width: 576px)\" srcset=\"https:\/\/www.salzburgerland.com\/de\/magazin\/wp-content\/uploads\/2014\/06\/Seelenbraugarten-Kostendorf-c-325x209.jpg 325w, https:\/\/www.salzburgerland.com\/de\/magazin\/wp-content\/uploads\/2014\/06\/Seelenbraugarten-Kostendorf-c-249x160.jpg 249w\" \/><source media=\"(min-width: 0)\" srcset=\"https:\/\/www.salzburgerland.com\/de\/magazin\/wp-content\/uploads\/2014\/06\/Seelenbraugarten-Kostendorf-c-249x160.jpg 249w, https:\/\/www.salzburgerland.com\/de\/magazin\/wp-content\/uploads\/2014\/06\/Seelenbraugarten-Kostendorf-c-325x209.jpg 325w\" \/><img decoding=\"async\" alt=\"Cartoon-Zwergfigur mit roter M\u00fctze steht in einem \u00fcppigen Garten, umgeben von beschrifteten Kr\u00e4uterpflanzen und Blumen.\" src=\"https:\/\/www.salzburgerland.com\/de\/magazin\/wp-content\/uploads\/2014\/06\/Seelenbraugarten-Kostendorf-c.jpg\" \/>\t<\/picture><\/a><\/figure><\/div><div class=\"col-6 col-sm-4\"><figure><a class=\"thumb-container\" href=\"https:\/\/www.salzburgerland.com\/de\/magazin\/wp-content\/uploads\/2014\/06\/Ausblick-a-1280x1024.jpg\">\t<picture><source media=\"(min-width: 576px)\" srcset=\"https:\/\/www.salzburgerland.com\/de\/magazin\/wp-content\/uploads\/2014\/06\/Ausblick-a-325x209.jpg 325w, https:\/\/www.salzburgerland.com\/de\/magazin\/wp-content\/uploads\/2014\/06\/Ausblick-a-249x160.jpg 249w\" \/><source media=\"(min-width: 0)\" srcset=\"https:\/\/www.salzburgerland.com\/de\/magazin\/wp-content\/uploads\/2014\/06\/Ausblick-a-249x160.jpg 249w, https:\/\/www.salzburgerland.com\/de\/magazin\/wp-content\/uploads\/2014\/06\/Ausblick-a-325x209.jpg 325w\" \/><img decoding=\"async\" alt=\"Eine Holzbank und ein Fahrrad stehen vor einer gr\u00fcnen Wiese mit B\u00e4umen und einem See in der Ferne unter einem blauen Himmel.\" src=\"https:\/\/www.salzburgerland.com\/de\/magazin\/wp-content\/uploads\/2014\/06\/Ausblick-a.jpg\" \/>\t<\/picture><\/a><\/figure><\/div><div class=\"col-6 col-sm-4\"><figure><a class=\"thumb-container\" href=\"https:\/\/www.salzburgerland.com\/de\/magazin\/wp-content\/uploads\/2014\/06\/Seelenbraugarten-Kostendorf-a-1280x1024.jpg\">\t<picture><source media=\"(min-width: 576px)\" srcset=\"https:\/\/www.salzburgerland.com\/de\/magazin\/wp-content\/uploads\/2014\/06\/Seelenbraugarten-Kostendorf-a-325x209.jpg 325w, https:\/\/www.salzburgerland.com\/de\/magazin\/wp-content\/uploads\/2014\/06\/Seelenbraugarten-Kostendorf-a-249x160.jpg 249w\" \/><source media=\"(min-width: 0)\" srcset=\"https:\/\/www.salzburgerland.com\/de\/magazin\/wp-content\/uploads\/2014\/06\/Seelenbraugarten-Kostendorf-a-249x160.jpg 249w, https:\/\/www.salzburgerland.com\/de\/magazin\/wp-content\/uploads\/2014\/06\/Seelenbraugarten-Kostendorf-a-325x209.jpg 325w\" \/><img decoding=\"async\" alt=\"Ein Garten mit einem Cartoon-Zwerg, Pflanzen, Steinen und beschrifteten Markierungen in der Erde.\" src=\"https:\/\/www.salzburgerland.com\/de\/magazin\/wp-content\/uploads\/2014\/06\/Seelenbraugarten-Kostendorf-a.jpg\" \/>\t<\/picture><\/a><\/figure><\/div><div class=\"col-6 col-sm-4\"><figure><a class=\"thumb-container\" href=\"https:\/\/www.salzburgerland.com\/de\/magazin\/wp-content\/uploads\/2014\/06\/Radweg-b--1280x1024.jpg\">\t<picture><source media=\"(min-width: 576px)\" srcset=\"https:\/\/www.salzburgerland.com\/de\/magazin\/wp-content\/uploads\/2014\/06\/Radweg-b--325x209.jpg 325w, https:\/\/www.salzburgerland.com\/de\/magazin\/wp-content\/uploads\/2014\/06\/Radweg-b--249x160.jpg 249w\" \/><source media=\"(min-width: 0)\" srcset=\"https:\/\/www.salzburgerland.com\/de\/magazin\/wp-content\/uploads\/2014\/06\/Radweg-b--249x160.jpg 249w, https:\/\/www.salzburgerland.com\/de\/magazin\/wp-content\/uploads\/2014\/06\/Radweg-b--325x209.jpg 325w\" \/><img decoding=\"async\" alt=\"Vier Personen fahren mit ihren Fahrr\u00e4dern auf einem gepflasterten Weg durch ein grasbewachsenes Feld mit B\u00e4umen im Hintergrund.\" src=\"https:\/\/www.salzburgerland.com\/de\/magazin\/wp-content\/uploads\/2014\/06\/Radweg-b-.jpg\" \/>\t<\/picture><\/a><\/figure><\/div><div class=\"col-6 col-sm-4\"><figure><a class=\"thumb-container\" href=\"https:\/\/www.salzburgerland.com\/de\/magazin\/wp-content\/uploads\/2014\/06\/Radweg-a-1280x1024.jpg\">\t<picture><source media=\"(min-width: 576px)\" srcset=\"https:\/\/www.salzburgerland.com\/de\/magazin\/wp-content\/uploads\/2014\/06\/Radweg-a-325x209.jpg 325w, https:\/\/www.salzburgerland.com\/de\/magazin\/wp-content\/uploads\/2014\/06\/Radweg-a-249x160.jpg 249w\" \/><source media=\"(min-width: 0)\" srcset=\"https:\/\/www.salzburgerland.com\/de\/magazin\/wp-content\/uploads\/2014\/06\/Radweg-a-249x160.jpg 249w, https:\/\/www.salzburgerland.com\/de\/magazin\/wp-content\/uploads\/2014\/06\/Radweg-a-325x209.jpg 325w\" \/><img decoding=\"async\" alt=\"Von B\u00e4umen ges\u00e4umter Weg mit Radfahrern, einem Fu\u00dfg\u00e4nger- und Fahrradschild und gr\u00fcnem Gras an einem sonnigen Tag.\" src=\"https:\/\/www.salzburgerland.com\/de\/magazin\/wp-content\/uploads\/2014\/06\/Radweg-a.jpg\" \/>\t<\/picture><\/a><\/figure><\/div><div class=\"col-6 col-sm-4\"><figure><a class=\"thumb-container\" href=\"https:\/\/www.salzburgerland.com\/de\/magazin\/wp-content\/uploads\/2014\/06\/Mattsee-a-1280x1024.jpg\">\t<picture><source media=\"(min-width: 576px)\" srcset=\"https:\/\/www.salzburgerland.com\/de\/magazin\/wp-content\/uploads\/2014\/06\/Mattsee-a-325x209.jpg 325w, https:\/\/www.salzburgerland.com\/de\/magazin\/wp-content\/uploads\/2014\/06\/Mattsee-a-249x160.jpg 249w\" \/><source media=\"(min-width: 0)\" srcset=\"https:\/\/www.salzburgerland.com\/de\/magazin\/wp-content\/uploads\/2014\/06\/Mattsee-a-249x160.jpg 249w, https:\/\/www.salzburgerland.com\/de\/magazin\/wp-content\/uploads\/2014\/06\/Mattsee-a-325x209.jpg 325w\" \/><img decoding=\"async\" alt=\"Zwei Fahrr\u00e4der, die an einem sonnigen Tag am Seeufer geparkt sind, mit einer Karte und Booten im Hintergrund.\" src=\"https:\/\/www.salzburgerland.com\/de\/magazin\/wp-content\/uploads\/2014\/06\/Mattsee-a.jpg\" \/>\t<\/picture><\/a><\/figure><\/div><div class=\"col-6 col-sm-4\"><figure><a class=\"thumb-container\" href=\"https:\/\/www.salzburgerland.com\/de\/magazin\/wp-content\/uploads\/2014\/06\/kreativgarten-mattsee-a-1280x1024.jpg\">\t<picture><source media=\"(min-width: 576px)\" srcset=\"https:\/\/www.salzburgerland.com\/de\/magazin\/wp-content\/uploads\/2014\/06\/kreativgarten-mattsee-a-325x209.jpg 325w, https:\/\/www.salzburgerland.com\/de\/magazin\/wp-content\/uploads\/2014\/06\/kreativgarten-mattsee-a-249x160.jpg 249w\" \/><source media=\"(min-width: 0)\" srcset=\"https:\/\/www.salzburgerland.com\/de\/magazin\/wp-content\/uploads\/2014\/06\/kreativgarten-mattsee-a-249x160.jpg 249w, https:\/\/www.salzburgerland.com\/de\/magazin\/wp-content\/uploads\/2014\/06\/kreativgarten-mattsee-a-325x209.jpg 325w\" \/><img decoding=\"async\" alt=\"Ein Gartendisplay mit einem ausgeschnittenen Gartenzwerg, Birkenzweigen, Steinen und einem Schild, umgeben von Gr\u00fcnpflanzen.\" src=\"https:\/\/www.salzburgerland.com\/de\/magazin\/wp-content\/uploads\/2014\/06\/kreativgarten-mattsee-a.jpg\" \/>\t<\/picture><\/a><\/figure><\/div><div class=\"col-6 col-sm-4\"><figure><a class=\"thumb-container\" href=\"https:\/\/www.salzburgerland.com\/de\/magazin\/wp-content\/uploads\/2014\/06\/krautergarten-Kosendorf-d-1280x1024.jpg\">\t<picture><source media=\"(min-width: 576px)\" srcset=\"https:\/\/www.salzburgerland.com\/de\/magazin\/wp-content\/uploads\/2014\/06\/krautergarten-Kosendorf-d-325x209.jpg 325w, https:\/\/www.salzburgerland.com\/de\/magazin\/wp-content\/uploads\/2014\/06\/krautergarten-Kosendorf-d-249x160.jpg 249w\" \/><source media=\"(min-width: 0)\" srcset=\"https:\/\/www.salzburgerland.com\/de\/magazin\/wp-content\/uploads\/2014\/06\/krautergarten-Kosendorf-d-249x160.jpg 249w, https:\/\/www.salzburgerland.com\/de\/magazin\/wp-content\/uploads\/2014\/06\/krautergarten-Kosendorf-d-325x209.jpg 325w\" \/><img decoding=\"async\" alt=\"Gr\u00fcner Garten mit verschiedenen Blattpflanzen, orangefarbenen Blumen und wei\u00dfen Bl\u00fcten neben einem Holzzaun an einem sonnigen Tag.\" src=\"https:\/\/www.salzburgerland.com\/de\/magazin\/wp-content\/uploads\/2014\/06\/krautergarten-Kosendorf-d.jpg\" \/>\t<\/picture><\/a><\/figure><\/div><div class=\"col-6 col-sm-4\"><figure><a class=\"thumb-container\" href=\"https:\/\/www.salzburgerland.com\/de\/magazin\/wp-content\/uploads\/2014\/06\/Hochseilgarten-a-1280x1024.jpg\">\t<picture><source media=\"(min-width: 576px)\" srcset=\"https:\/\/www.salzburgerland.com\/de\/magazin\/wp-content\/uploads\/2014\/06\/Hochseilgarten-a-325x209.jpg 325w, https:\/\/www.salzburgerland.com\/de\/magazin\/wp-content\/uploads\/2014\/06\/Hochseilgarten-a-249x160.jpg 249w\" \/><source media=\"(min-width: 0)\" srcset=\"https:\/\/www.salzburgerland.com\/de\/magazin\/wp-content\/uploads\/2014\/06\/Hochseilgarten-a-249x160.jpg 249w, https:\/\/www.salzburgerland.com\/de\/magazin\/wp-content\/uploads\/2014\/06\/Hochseilgarten-a-325x209.jpg 325w\" \/><img decoding=\"async\" alt=\"Eine Holzh\u00fctte unter Seilbr\u00fccken in einem Waldabenteuerpark an einem sonnigen Tag.\" src=\"https:\/\/www.salzburgerland.com\/de\/magazin\/wp-content\/uploads\/2014\/06\/Hochseilgarten-a.jpg\" \/>\t<\/picture><\/a><\/figure><\/div><div class=\"col-6 col-sm-4\"><figure><a class=\"thumb-container\" href=\"https:\/\/www.salzburgerland.com\/de\/magazin\/wp-content\/uploads\/2014\/06\/Bienenstand-b-1280x1024.jpg\">\t<picture><source media=\"(min-width: 576px)\" srcset=\"https:\/\/www.salzburgerland.com\/de\/magazin\/wp-content\/uploads\/2014\/06\/Bienenstand-b-325x209.jpg 325w, https:\/\/www.salzburgerland.com\/de\/magazin\/wp-content\/uploads\/2014\/06\/Bienenstand-b-249x160.jpg 249w\" \/><source media=\"(min-width: 0)\" srcset=\"https:\/\/www.salzburgerland.com\/de\/magazin\/wp-content\/uploads\/2014\/06\/Bienenstand-b-249x160.jpg 249w, https:\/\/www.salzburgerland.com\/de\/magazin\/wp-content\/uploads\/2014\/06\/Bienenstand-b-325x209.jpg 325w\" \/><img decoding=\"async\" alt=\"Schaukasten aus Holz mit einem glas\u00fcberdachten Bienenstock und einem Poster \u00fcber die Entwicklung der Bienen auf der Innenseite der T\u00fcr.\" src=\"https:\/\/www.salzburgerland.com\/de\/magazin\/wp-content\/uploads\/2014\/06\/Bienenstand-b.jpg\" \/>\t<\/picture><\/a><\/figure><\/div><div class=\"col-6 col-sm-4\"><figure><a class=\"thumb-container\" href=\"https:\/\/www.salzburgerland.com\/de\/magazin\/wp-content\/uploads\/2014\/06\/Bienenstand-a-1280x1024.jpg\">\t<picture><source media=\"(min-width: 576px)\" srcset=\"https:\/\/www.salzburgerland.com\/de\/magazin\/wp-content\/uploads\/2014\/06\/Bienenstand-a-325x209.jpg 325w, https:\/\/www.salzburgerland.com\/de\/magazin\/wp-content\/uploads\/2014\/06\/Bienenstand-a-249x160.jpg 249w\" \/><source media=\"(min-width: 0)\" srcset=\"https:\/\/www.salzburgerland.com\/de\/magazin\/wp-content\/uploads\/2014\/06\/Bienenstand-a-249x160.jpg 249w, https:\/\/www.salzburgerland.com\/de\/magazin\/wp-content\/uploads\/2014\/06\/Bienenstand-a-325x209.jpg 325w\" \/><img decoding=\"async\" alt=\"Frau mit Sonnenbrille benutzt eine kleine h\u00f6lzerne Bibliotheksbox im Freien; Kirche mit Turm im Hintergrund.\" src=\"https:\/\/www.salzburgerland.com\/de\/magazin\/wp-content\/uploads\/2014\/06\/Bienenstand-a.jpg\" \/>\t<\/picture><\/a><\/figure><\/div><div class=\"col-6 col-sm-4\"><figure><a class=\"thumb-container\" href=\"https:\/\/www.salzburgerland.com\/de\/magazin\/wp-content\/uploads\/2014\/06\/Bauerngartl-Seeham-b-1280x1024.jpg\">\t<picture><source media=\"(min-width: 576px)\" srcset=\"https:\/\/www.salzburgerland.com\/de\/magazin\/wp-content\/uploads\/2014\/06\/Bauerngartl-Seeham-b-325x209.jpg 325w, https:\/\/www.salzburgerland.com\/de\/magazin\/wp-content\/uploads\/2014\/06\/Bauerngartl-Seeham-b-249x160.jpg 249w\" \/><source media=\"(min-width: 0)\" srcset=\"https:\/\/www.salzburgerland.com\/de\/magazin\/wp-content\/uploads\/2014\/06\/Bauerngartl-Seeham-b-249x160.jpg 249w, https:\/\/www.salzburgerland.com\/de\/magazin\/wp-content\/uploads\/2014\/06\/Bauerngartl-Seeham-b-325x209.jpg 325w\" \/><img decoding=\"async\" alt=\"Ein Cartoon-Zwerg steht in einem \u00fcppigen Garten mit einem Holzzaun im Hintergrund.\" src=\"https:\/\/www.salzburgerland.com\/de\/magazin\/wp-content\/uploads\/2014\/06\/Bauerngartl-Seeham-b.jpg\" \/>\t<\/picture><\/a><\/figure><\/div><div class=\"col-6 col-sm-4\"><figure><a class=\"thumb-container\" href=\"https:\/\/www.salzburgerland.com\/de\/magazin\/wp-content\/uploads\/2014\/06\/Bauerngartl-Seeham-a-1280x1024.jpg\">\t<picture><source media=\"(min-width: 576px)\" srcset=\"https:\/\/www.salzburgerland.com\/de\/magazin\/wp-content\/uploads\/2014\/06\/Bauerngartl-Seeham-a-325x209.jpg 325w, https:\/\/www.salzburgerland.com\/de\/magazin\/wp-content\/uploads\/2014\/06\/Bauerngartl-Seeham-a-249x160.jpg 249w\" \/><source media=\"(min-width: 0)\" srcset=\"https:\/\/www.salzburgerland.com\/de\/magazin\/wp-content\/uploads\/2014\/06\/Bauerngartl-Seeham-a-249x160.jpg 249w, https:\/\/www.salzburgerland.com\/de\/magazin\/wp-content\/uploads\/2014\/06\/Bauerngartl-Seeham-a-325x209.jpg 325w\" \/><img decoding=\"async\" alt=\"Leuchtend rosa bl\u00fchende Wildrosen zwischen gr\u00fcnen Bl\u00e4ttern, mit weiteren rosa Bl\u00fcten im Hintergrund.\" src=\"https:\/\/www.salzburgerland.com\/de\/magazin\/wp-content\/uploads\/2014\/06\/Bauerngartl-Seeham-a.jpg\" \/>\t<\/picture><\/a><\/figure><\/div><div class=\"col-6 col-sm-4\"><figure><a class=\"thumb-container\" href=\"https:\/\/www.salzburgerland.com\/de\/magazin\/wp-content\/uploads\/2014\/06\/Ausblick-b-1280x1024.jpg\">\t<picture><source media=\"(min-width: 576px)\" srcset=\"https:\/\/www.salzburgerland.com\/de\/magazin\/wp-content\/uploads\/2014\/06\/Ausblick-b-325x209.jpg 325w, https:\/\/www.salzburgerland.com\/de\/magazin\/wp-content\/uploads\/2014\/06\/Ausblick-b-249x160.jpg 249w\" \/><source media=\"(min-width: 0)\" srcset=\"https:\/\/www.salzburgerland.com\/de\/magazin\/wp-content\/uploads\/2014\/06\/Ausblick-b-249x160.jpg 249w, https:\/\/www.salzburgerland.com\/de\/magazin\/wp-content\/uploads\/2014\/06\/Ausblick-b-325x209.jpg 325w\" \/><img decoding=\"async\" alt=\"Ein Segelboot auf einem ruhigen See mit einem Dorf und gr\u00fcnen H\u00fcgeln im Hintergrund.\" src=\"https:\/\/www.salzburgerland.com\/de\/magazin\/wp-content\/uploads\/2014\/06\/Ausblick-b.jpg\" \/>\t<\/picture><\/a><\/figure><\/div><\/div><\/div><figcaption><\/figcaption>","protected":false},"excerpt":{"rendered":"<p>Die beschilderten Radwege f\u00fchren \u00fcber sanfte H\u00fcgel, \u00fcber Wege entlang der malerischen Seeufer, \u00fcber Wiesen, schattige W\u00e4lder und in D\u00f6rfer. Gasth\u00e4user und Cafes mit gem\u00fctlichen Gastg\u00e4rten laden zum Verweilen, Plaudern und Genie\u00dfen ein. Auch Kinder werden durch das Quiz mit den Kr\u00e4uterwichtln dazu motiviert, den jeweils n\u00e4chsten Garten aufzusuchen. Die Trumerseen-Kr\u00e4uter-Runde k\u00f6nnte in Mattsee beginnen. [&hellip;]<\/p>\n","protected":false},"author":236,"featured_media":89741,"comment_status":"open","ping_status":"open","sticky":false,"template":"","format":"standard","meta":{"_acf_changed":false,"wl_entities_gutenberg":"","_wl_entity_redirect_enabled":"","footnotes":""},"categories":[8],"tags":[],"wl_entity_type":[306],"monatsauswahl":[84,85,86,87,88,89,90,91],"class_list":["post-89674","post","type-post","status-publish","format-standard","has-post-thumbnail","hentry","category-outdoor-sport","wl_entity_type-article","monatsauswahl-monat_3","monatsauswahl-monat_4","monatsauswahl-monat_5","monatsauswahl-monat_6","monatsauswahl-monat_7","monatsauswahl-monat_8","monatsauswahl-monat_9","monatsauswahl-monat_10"],"acf":[],"yoast_head":"<!-- This site is optimized with the Yoast SEO Premium plugin v27.4 (Yoast SEO v27.4) - https:\/\/yoast.com\/product\/yoast-seo-premium-wordpress\/ -->\n<title>Durchs Seenland radlen - SalzburgerLand Magazin<\/title>\n<meta name=\"description\" content=\"Leuchtend orange Kapuzinerkresse, violetter Salbei und rote Rosen: Zahlreiche Heil-, Wild- und K\u00fcchenkr\u00e4uter wachsen in den liebevoll gestalteten G\u00e4rten der Salzburger Seenregion. Wer Lust hat, radelt auf den Kr\u00e4uterradwegen um die Trumerseen und dem Wallersee zu diesen G\u00e4rten.\" \/>\n<meta name=\"robots\" content=\"index, follow, max-snippet:-1, max-image-preview:large, max-video-preview:-1\" \/>\n<link rel=\"canonical\" href=\"https:\/\/www.salzburgerland.com\/de\/magazin\/durchs-seenland-von-kraeutergarten-zu-kraeutergarten\/\" \/>\n<meta property=\"og:locale\" content=\"de_DE\" \/>\n<meta property=\"og:type\" content=\"article\" \/>\n<meta property=\"og:title\" content=\"Durchs Seenland radlen\" \/>\n<meta property=\"og:description\" content=\"Die beschilderten Radwege f\u00fchren \u00fcber sanfte H\u00fcgel, \u00fcber Wege entlang der malerischen Seeufer, \u00fcber Wiesen, schattige W\u00e4lder und in D\u00f6rfer. Gasth\u00e4user und Cafes mit gem\u00fctlichen Gastg\u00e4rten laden zum Verweilen, Plaudern und Genie\u00dfen ein. Auch Kinder werden durch das Quiz mit den Kr\u00e4uterwichtln dazu motiviert, den jeweils n\u00e4chsten Garten aufzusuchen. Die Trumerseen-Kr\u00e4uter-Runde k\u00f6nnte in Mattsee beginnen. [&hellip;]\" \/>\n<meta property=\"og:url\" content=\"https:\/\/www.salzburgerland.com\/de\/magazin\/durchs-seenland-von-kraeutergarten-zu-kraeutergarten\/\" \/>\n<meta property=\"og:site_name\" content=\"SalzburgerLand Magazin\" \/>\n<meta property=\"article:publisher\" content=\"https:\/\/www.facebook.com\/salzburgerland\/\" \/>\n<meta property=\"article:published_time\" content=\"2014-07-16T05:00:09+00:00\" \/>\n<meta property=\"article:modified_time\" content=\"2019-10-21T10:10:33+00:00\" \/>\n<meta property=\"og:image\" content=\"https:\/\/www.salzburgerland.com\/de\/magazin\/wp-content\/uploads\/2014\/06\/Salzburger-Seenland_Kreativgarten.jpg\" \/>\n\t<meta property=\"og:image:width\" content=\"908\" \/>\n\t<meta property=\"og:image:height\" content=\"606\" \/>\n\t<meta property=\"og:image:type\" content=\"image\/jpeg\" \/>\n<meta name=\"author\" content=\"Christine Fr\u00f6schl\" \/>\n<meta name=\"twitter:card\" content=\"summary_large_image\" \/>\n<meta name=\"twitter:creator\" content=\"@Salzburgerland\" \/>\n<meta name=\"twitter:site\" content=\"@Salzburgerland\" \/>\n<meta name=\"twitter:label1\" content=\"Verfasst von\" \/>\n\t<meta name=\"twitter:data1\" content=\"Christine Fr\u00f6schl\" \/>\n\t<meta name=\"twitter:label2\" content=\"Gesch\u00e4tzte Lesezeit\" \/>\n\t<meta name=\"twitter:data2\" content=\"2\u00a0Minuten\" \/>\n<script type=\"application\/ld+json\" class=\"yoast-schema-graph\">{\"@context\":\"https:\\\/\\\/schema.org\",\"@graph\":[{\"@type\":\"Article\",\"@id\":\"https:\\\/\\\/www.salzburgerland.com\\\/de\\\/magazin\\\/durchs-seenland-von-kraeutergarten-zu-kraeutergarten\\\/#article\",\"isPartOf\":{\"@id\":\"https:\\\/\\\/www.salzburgerland.com\\\/de\\\/magazin\\\/durchs-seenland-von-kraeutergarten-zu-kraeutergarten\\\/\"},\"author\":{\"name\":\"Christine Fr\u00f6schl\",\"@id\":\"https:\\\/\\\/www.salzburgerland.com\\\/de\\\/magazin\\\/#\\\/schema\\\/person\\\/7932db74f19d9640620859cb2b794c4e\"},\"headline\":\"Durchs Seenland radlen\",\"datePublished\":\"2014-07-16T05:00:09+00:00\",\"dateModified\":\"2019-10-21T10:10:33+00:00\",\"mainEntityOfPage\":{\"@id\":\"https:\\\/\\\/www.salzburgerland.com\\\/de\\\/magazin\\\/durchs-seenland-von-kraeutergarten-zu-kraeutergarten\\\/\"},\"wordCount\":346,\"commentCount\":0,\"publisher\":{\"@id\":\"https:\\\/\\\/www.salzburgerland.com\\\/de\\\/magazin\\\/#organization\"},\"image\":{\"@id\":\"https:\\\/\\\/www.salzburgerland.com\\\/de\\\/magazin\\\/durchs-seenland-von-kraeutergarten-zu-kraeutergarten\\\/#primaryimage\"},\"thumbnailUrl\":\"https:\\\/\\\/www.salzburgerland.com\\\/de\\\/magazin\\\/wp-content\\\/uploads\\\/2014\\\/06\\\/Salzburger-Seenland_Kreativgarten.jpg\",\"articleSection\":[\"Outdoor &amp; Sport\"],\"inLanguage\":\"de\",\"potentialAction\":[{\"@type\":\"CommentAction\",\"name\":\"Comment\",\"target\":[\"https:\\\/\\\/www.salzburgerland.com\\\/de\\\/magazin\\\/durchs-seenland-von-kraeutergarten-zu-kraeutergarten\\\/#respond\"]}]},{\"@type\":\"WebPage\",\"@id\":\"https:\\\/\\\/www.salzburgerland.com\\\/de\\\/magazin\\\/durchs-seenland-von-kraeutergarten-zu-kraeutergarten\\\/\",\"url\":\"https:\\\/\\\/www.salzburgerland.com\\\/de\\\/magazin\\\/durchs-seenland-von-kraeutergarten-zu-kraeutergarten\\\/\",\"name\":\"Durchs Seenland radlen - SalzburgerLand Magazin\",\"isPartOf\":{\"@id\":\"https:\\\/\\\/www.salzburgerland.com\\\/de\\\/magazin\\\/#website\"},\"primaryImageOfPage\":{\"@id\":\"https:\\\/\\\/www.salzburgerland.com\\\/de\\\/magazin\\\/durchs-seenland-von-kraeutergarten-zu-kraeutergarten\\\/#primaryimage\"},\"image\":{\"@id\":\"https:\\\/\\\/www.salzburgerland.com\\\/de\\\/magazin\\\/durchs-seenland-von-kraeutergarten-zu-kraeutergarten\\\/#primaryimage\"},\"thumbnailUrl\":\"https:\\\/\\\/www.salzburgerland.com\\\/de\\\/magazin\\\/wp-content\\\/uploads\\\/2014\\\/06\\\/Salzburger-Seenland_Kreativgarten.jpg\",\"datePublished\":\"2014-07-16T05:00:09+00:00\",\"dateModified\":\"2019-10-21T10:10:33+00:00\",\"breadcrumb\":{\"@id\":\"https:\\\/\\\/www.salzburgerland.com\\\/de\\\/magazin\\\/durchs-seenland-von-kraeutergarten-zu-kraeutergarten\\\/#breadcrumb\"},\"inLanguage\":\"de\",\"potentialAction\":[{\"@type\":\"ReadAction\",\"target\":[\"https:\\\/\\\/www.salzburgerland.com\\\/de\\\/magazin\\\/durchs-seenland-von-kraeutergarten-zu-kraeutergarten\\\/\"]}]},{\"@type\":\"ImageObject\",\"inLanguage\":\"de\",\"@id\":\"https:\\\/\\\/www.salzburgerland.com\\\/de\\\/magazin\\\/durchs-seenland-von-kraeutergarten-zu-kraeutergarten\\\/#primaryimage\",\"url\":\"https:\\\/\\\/www.salzburgerland.com\\\/de\\\/magazin\\\/wp-content\\\/uploads\\\/2014\\\/06\\\/Salzburger-Seenland_Kreativgarten.jpg\",\"contentUrl\":\"https:\\\/\\\/www.salzburgerland.com\\\/de\\\/magazin\\\/wp-content\\\/uploads\\\/2014\\\/06\\\/Salzburger-Seenland_Kreativgarten.jpg\",\"width\":908,\"height\":606,\"caption\":\"Kreativgarten in Mattsee\"},{\"@type\":\"BreadcrumbList\",\"@id\":\"https:\\\/\\\/www.salzburgerland.com\\\/de\\\/magazin\\\/durchs-seenland-von-kraeutergarten-zu-kraeutergarten\\\/#breadcrumb\",\"itemListElement\":[{\"@type\":\"ListItem\",\"position\":1,\"name\":\"Startseite\",\"item\":\"https:\\\/\\\/www.salzburgerland.com\\\/de\\\/magazin\\\/\"},{\"@type\":\"ListItem\",\"position\":2,\"name\":\"Outdoor &amp; Sport\",\"item\":\"https:\\\/\\\/www.salzburgerland.com\\\/de\\\/magazin\\\/thema\\\/outdoor-sport\\\/\"},{\"@type\":\"ListItem\",\"position\":3,\"name\":\"Durchs Seenland radlen\"}]},{\"@type\":\"WebSite\",\"@id\":\"https:\\\/\\\/www.salzburgerland.com\\\/de\\\/magazin\\\/#website\",\"url\":\"https:\\\/\\\/www.salzburgerland.com\\\/de\\\/magazin\\\/\",\"name\":\"SalzburgerLand Magazin\",\"description\":\"Geschichten und Interessantes aus dem SalzburgerLand\",\"publisher\":{\"@id\":\"https:\\\/\\\/www.salzburgerland.com\\\/de\\\/magazin\\\/#organization\"},\"potentialAction\":[{\"@type\":\"SearchAction\",\"target\":{\"@type\":\"EntryPoint\",\"urlTemplate\":\"https:\\\/\\\/www.salzburgerland.com\\\/de\\\/magazin\\\/?s={search_term_string}\"},\"query-input\":{\"@type\":\"PropertyValueSpecification\",\"valueRequired\":true,\"valueName\":\"search_term_string\"}}],\"inLanguage\":\"de\"},{\"@type\":\"Organization\",\"@id\":\"https:\\\/\\\/www.salzburgerland.com\\\/de\\\/magazin\\\/#organization\",\"name\":\"SalzburgerLand Tourismus\",\"url\":\"https:\\\/\\\/www.salzburgerland.com\\\/de\\\/magazin\\\/\",\"logo\":{\"@type\":\"ImageObject\",\"inLanguage\":\"de\",\"@id\":\"https:\\\/\\\/www.salzburgerland.com\\\/de\\\/magazin\\\/#\\\/schema\\\/logo\\\/image\\\/\",\"url\":\"https:\\\/\\\/www.salzburgerland.com\\\/de\\\/magazin\\\/wp-content\\\/uploads\\\/2019\\\/06\\\/salzburgerland-logo1.jpg\",\"contentUrl\":\"https:\\\/\\\/www.salzburgerland.com\\\/de\\\/magazin\\\/wp-content\\\/uploads\\\/2019\\\/06\\\/salzburgerland-logo1.jpg\",\"width\":2011,\"height\":866,\"caption\":\"SalzburgerLand Tourismus\"},\"image\":{\"@id\":\"https:\\\/\\\/www.salzburgerland.com\\\/de\\\/magazin\\\/#\\\/schema\\\/logo\\\/image\\\/\"},\"sameAs\":[\"https:\\\/\\\/www.facebook.com\\\/salzburgerland\\\/\",\"https:\\\/\\\/x.com\\\/Salzburgerland\",\"https:\\\/\\\/www.instagram.com\\\/salzburgerland\\\/\",\"https:\\\/\\\/at.linkedin.com\\\/company\\\/salzburgerland-tourismus-gmbh\",\"https:\\\/\\\/www.pinterest.at\\\/salzburgerland\\\/\",\"https:\\\/\\\/www.youtube.com\\\/user\\\/salzburgerland\",\"https:\\\/\\\/de.wikipedia.org\\\/wiki\\\/SalzburgerLand_Tourismus_GmbH\"]},{\"@type\":\"Person\",\"@id\":\"https:\\\/\\\/www.salzburgerland.com\\\/de\\\/magazin\\\/#\\\/schema\\\/person\\\/7932db74f19d9640620859cb2b794c4e\",\"name\":\"Christine Fr\u00f6schl\",\"description\":\"Dein pers\u00f6nlicher Logenplatz im SalzburgerLand? Am liebsten gehe ich auf den Einberg im Salzburger Tennengau. Der Berg in der Osterhorn-Gruppe gl\u00e4nzt das ganze Jahr im Sonnenschein, auf dem Gipfel heben Paragleiter ab und die Aussicht auf das Tennengebirge, den Dachstein und die Bischofsm\u00fctze ist traumhaft. Dosige(r) oder Zuagroast? Zuagroast aus dem sch\u00f6nen Nieder\u00f6sterreich. Fr\u00fchling, Sommer, Herbst oder Winter? Alle Jahreszeiten begeistern mich. Momentan freue ich mich auf den Fr\u00fchling, das Zwitschern der V\u00f6gel und auf die sattgr\u00fcnen Wiesen. Salzburger Nockerl oder Schwarzbeernocken? Eindeutig Schwarzbeernocken. Rindsroulade vom Pinzgauer Biorind oder Saibling fangfrisch aus dem Fuschlsee? Mhhhh. Da kann ich mich nicht entscheiden. Bergtour oder Seentour? Mich zieht es auf jeden Fall hinauf. Begeistert bin ich auch von tiefblauen Bergseen in denen sich die Umgebung spiegelt und von der Aussicht w\u00e4hrend des Weges auf einen der wundersch\u00f6nen Seen im Salzburger Land.\",\"url\":\"https:\\\/\\\/www.salzburgerland.com\\\/de\\\/magazin\\\/author\\\/christine-froeschl\\\/\"}]}<\/script>\n<!-- \/ Yoast SEO Premium plugin. -->","yoast_head_json":{"title":"Durchs Seenland radlen - SalzburgerLand Magazin","description":"Leuchtend orange Kapuzinerkresse, violetter Salbei und rote Rosen: Zahlreiche Heil-, Wild- und K\u00fcchenkr\u00e4uter wachsen in den liebevoll gestalteten G\u00e4rten der Salzburger Seenregion. Wer Lust hat, radelt auf den Kr\u00e4uterradwegen um die Trumerseen und dem Wallersee zu diesen G\u00e4rten.","robots":{"index":"index","follow":"follow","max-snippet":"max-snippet:-1","max-image-preview":"max-image-preview:large","max-video-preview":"max-video-preview:-1"},"canonical":"https:\/\/www.salzburgerland.com\/de\/magazin\/durchs-seenland-von-kraeutergarten-zu-kraeutergarten\/","og_locale":"de_DE","og_type":"article","og_title":"Durchs Seenland radlen","og_description":"Die beschilderten Radwege f\u00fchren \u00fcber sanfte H\u00fcgel, \u00fcber Wege entlang der malerischen Seeufer, \u00fcber Wiesen, schattige W\u00e4lder und in D\u00f6rfer. Gasth\u00e4user und Cafes mit gem\u00fctlichen Gastg\u00e4rten laden zum Verweilen, Plaudern und Genie\u00dfen ein. Auch Kinder werden durch das Quiz mit den Kr\u00e4uterwichtln dazu motiviert, den jeweils n\u00e4chsten Garten aufzusuchen. Die Trumerseen-Kr\u00e4uter-Runde k\u00f6nnte in Mattsee beginnen. [&hellip;]","og_url":"https:\/\/www.salzburgerland.com\/de\/magazin\/durchs-seenland-von-kraeutergarten-zu-kraeutergarten\/","og_site_name":"SalzburgerLand Magazin","article_publisher":"https:\/\/www.facebook.com\/salzburgerland\/","article_published_time":"2014-07-16T05:00:09+00:00","article_modified_time":"2019-10-21T10:10:33+00:00","og_image":[{"width":908,"height":606,"url":"https:\/\/www.salzburgerland.com\/de\/magazin\/wp-content\/uploads\/2014\/06\/Salzburger-Seenland_Kreativgarten.jpg","type":"image\/jpeg"}],"author":"Christine Fr\u00f6schl","twitter_card":"summary_large_image","twitter_creator":"@Salzburgerland","twitter_site":"@Salzburgerland","twitter_misc":{"Verfasst von":"Christine Fr\u00f6schl","Gesch\u00e4tzte Lesezeit":"2\u00a0Minuten"},"schema":{"@context":"https:\/\/schema.org","@graph":[{"@type":"Article","@id":"https:\/\/www.salzburgerland.com\/de\/magazin\/durchs-seenland-von-kraeutergarten-zu-kraeutergarten\/#article","isPartOf":{"@id":"https:\/\/www.salzburgerland.com\/de\/magazin\/durchs-seenland-von-kraeutergarten-zu-kraeutergarten\/"},"author":{"name":"Christine Fr\u00f6schl","@id":"https:\/\/www.salzburgerland.com\/de\/magazin\/#\/schema\/person\/7932db74f19d9640620859cb2b794c4e"},"headline":"Durchs Seenland radlen","datePublished":"2014-07-16T05:00:09+00:00","dateModified":"2019-10-21T10:10:33+00:00","mainEntityOfPage":{"@id":"https:\/\/www.salzburgerland.com\/de\/magazin\/durchs-seenland-von-kraeutergarten-zu-kraeutergarten\/"},"wordCount":346,"commentCount":0,"publisher":{"@id":"https:\/\/www.salzburgerland.com\/de\/magazin\/#organization"},"image":{"@id":"https:\/\/www.salzburgerland.com\/de\/magazin\/durchs-seenland-von-kraeutergarten-zu-kraeutergarten\/#primaryimage"},"thumbnailUrl":"https:\/\/www.salzburgerland.com\/de\/magazin\/wp-content\/uploads\/2014\/06\/Salzburger-Seenland_Kreativgarten.jpg","articleSection":["Outdoor &amp; Sport"],"inLanguage":"de","potentialAction":[{"@type":"CommentAction","name":"Comment","target":["https:\/\/www.salzburgerland.com\/de\/magazin\/durchs-seenland-von-kraeutergarten-zu-kraeutergarten\/#respond"]}]},{"@type":"WebPage","@id":"https:\/\/www.salzburgerland.com\/de\/magazin\/durchs-seenland-von-kraeutergarten-zu-kraeutergarten\/","url":"https:\/\/www.salzburgerland.com\/de\/magazin\/durchs-seenland-von-kraeutergarten-zu-kraeutergarten\/","name":"Durchs Seenland radlen - SalzburgerLand Magazin","isPartOf":{"@id":"https:\/\/www.salzburgerland.com\/de\/magazin\/#website"},"primaryImageOfPage":{"@id":"https:\/\/www.salzburgerland.com\/de\/magazin\/durchs-seenland-von-kraeutergarten-zu-kraeutergarten\/#primaryimage"},"image":{"@id":"https:\/\/www.salzburgerland.com\/de\/magazin\/durchs-seenland-von-kraeutergarten-zu-kraeutergarten\/#primaryimage"},"thumbnailUrl":"https:\/\/www.salzburgerland.com\/de\/magazin\/wp-content\/uploads\/2014\/06\/Salzburger-Seenland_Kreativgarten.jpg","datePublished":"2014-07-16T05:00:09+00:00","dateModified":"2019-10-21T10:10:33+00:00","breadcrumb":{"@id":"https:\/\/www.salzburgerland.com\/de\/magazin\/durchs-seenland-von-kraeutergarten-zu-kraeutergarten\/#breadcrumb"},"inLanguage":"de","potentialAction":[{"@type":"ReadAction","target":["https:\/\/www.salzburgerland.com\/de\/magazin\/durchs-seenland-von-kraeutergarten-zu-kraeutergarten\/"]}]},{"@type":"ImageObject","inLanguage":"de","@id":"https:\/\/www.salzburgerland.com\/de\/magazin\/durchs-seenland-von-kraeutergarten-zu-kraeutergarten\/#primaryimage","url":"https:\/\/www.salzburgerland.com\/de\/magazin\/wp-content\/uploads\/2014\/06\/Salzburger-Seenland_Kreativgarten.jpg","contentUrl":"https:\/\/www.salzburgerland.com\/de\/magazin\/wp-content\/uploads\/2014\/06\/Salzburger-Seenland_Kreativgarten.jpg","width":908,"height":606,"caption":"Kreativgarten in Mattsee"},{"@type":"BreadcrumbList","@id":"https:\/\/www.salzburgerland.com\/de\/magazin\/durchs-seenland-von-kraeutergarten-zu-kraeutergarten\/#breadcrumb","itemListElement":[{"@type":"ListItem","position":1,"name":"Startseite","item":"https:\/\/www.salzburgerland.com\/de\/magazin\/"},{"@type":"ListItem","position":2,"name":"Outdoor &amp; Sport","item":"https:\/\/www.salzburgerland.com\/de\/magazin\/thema\/outdoor-sport\/"},{"@type":"ListItem","position":3,"name":"Durchs Seenland radlen"}]},{"@type":"WebSite","@id":"https:\/\/www.salzburgerland.com\/de\/magazin\/#website","url":"https:\/\/www.salzburgerland.com\/de\/magazin\/","name":"SalzburgerLand Magazin","description":"Geschichten und Interessantes aus dem SalzburgerLand","publisher":{"@id":"https:\/\/www.salzburgerland.com\/de\/magazin\/#organization"},"potentialAction":[{"@type":"SearchAction","target":{"@type":"EntryPoint","urlTemplate":"https:\/\/www.salzburgerland.com\/de\/magazin\/?s={search_term_string}"},"query-input":{"@type":"PropertyValueSpecification","valueRequired":true,"valueName":"search_term_string"}}],"inLanguage":"de"},{"@type":"Organization","@id":"https:\/\/www.salzburgerland.com\/de\/magazin\/#organization","name":"SalzburgerLand Tourismus","url":"https:\/\/www.salzburgerland.com\/de\/magazin\/","logo":{"@type":"ImageObject","inLanguage":"de","@id":"https:\/\/www.salzburgerland.com\/de\/magazin\/#\/schema\/logo\/image\/","url":"https:\/\/www.salzburgerland.com\/de\/magazin\/wp-content\/uploads\/2019\/06\/salzburgerland-logo1.jpg","contentUrl":"https:\/\/www.salzburgerland.com\/de\/magazin\/wp-content\/uploads\/2019\/06\/salzburgerland-logo1.jpg","width":2011,"height":866,"caption":"SalzburgerLand Tourismus"},"image":{"@id":"https:\/\/www.salzburgerland.com\/de\/magazin\/#\/schema\/logo\/image\/"},"sameAs":["https:\/\/www.facebook.com\/salzburgerland\/","https:\/\/x.com\/Salzburgerland","https:\/\/www.instagram.com\/salzburgerland\/","https:\/\/at.linkedin.com\/company\/salzburgerland-tourismus-gmbh","https:\/\/www.pinterest.at\/salzburgerland\/","https:\/\/www.youtube.com\/user\/salzburgerland","https:\/\/de.wikipedia.org\/wiki\/SalzburgerLand_Tourismus_GmbH"]},{"@type":"Person","@id":"https:\/\/www.salzburgerland.com\/de\/magazin\/#\/schema\/person\/7932db74f19d9640620859cb2b794c4e","name":"Christine Fr\u00f6schl","description":"Dein pers\u00f6nlicher Logenplatz im SalzburgerLand? Am liebsten gehe ich auf den Einberg im Salzburger Tennengau. Der Berg in der Osterhorn-Gruppe gl\u00e4nzt das ganze Jahr im Sonnenschein, auf dem Gipfel heben Paragleiter ab und die Aussicht auf das Tennengebirge, den Dachstein und die Bischofsm\u00fctze ist traumhaft. Dosige(r) oder Zuagroast? Zuagroast aus dem sch\u00f6nen Nieder\u00f6sterreich. Fr\u00fchling, Sommer, Herbst oder Winter? Alle Jahreszeiten begeistern mich. Momentan freue ich mich auf den Fr\u00fchling, das Zwitschern der V\u00f6gel und auf die sattgr\u00fcnen Wiesen. Salzburger Nockerl oder Schwarzbeernocken? Eindeutig Schwarzbeernocken. Rindsroulade vom Pinzgauer Biorind oder Saibling fangfrisch aus dem Fuschlsee? Mhhhh. Da kann ich mich nicht entscheiden. Bergtour oder Seentour? Mich zieht es auf jeden Fall hinauf. Begeistert bin ich auch von tiefblauen Bergseen in denen sich die Umgebung spiegelt und von der Aussicht w\u00e4hrend des Weges auf einen der wundersch\u00f6nen Seen im Salzburger Land.","url":"https:\/\/www.salzburgerland.com\/de\/magazin\/author\/christine-froeschl\/"}]}},"_wl_alt_label":[],"wl:entity_url":"http:\/\/open.salzburgerland.com\/magazin\/post\/durchs_seenland_-_von_kraeutergarten_zu_kraeutergarten","_links":{"self":[{"href":"https:\/\/www.salzburgerland.com\/de\/magazin\/wp-json\/wp\/v2\/posts\/89674","targetHints":{"allow":["GET"]}}],"collection":[{"href":"https:\/\/www.salzburgerland.com\/de\/magazin\/wp-json\/wp\/v2\/posts"}],"about":[{"href":"https:\/\/www.salzburgerland.com\/de\/magazin\/wp-json\/wp\/v2\/types\/post"}],"author":[{"embeddable":true,"href":"https:\/\/www.salzburgerland.com\/de\/magazin\/wp-json\/wp\/v2\/users\/236"}],"replies":[{"embeddable":true,"href":"https:\/\/www.salzburgerland.com\/de\/magazin\/wp-json\/wp\/v2\/comments?post=89674"}],"version-history":[{"count":0,"href":"https:\/\/www.salzburgerland.com\/de\/magazin\/wp-json\/wp\/v2\/posts\/89674\/revisions"}],"wp:featuredmedia":[{"embeddable":true,"href":"https:\/\/www.salzburgerland.com\/de\/magazin\/wp-json\/wp\/v2\/media\/89741"}],"wp:attachment":[{"href":"https:\/\/www.salzburgerland.com\/de\/magazin\/wp-json\/wp\/v2\/media?parent=89674"}],"wp:term":[{"taxonomy":"category","embeddable":true,"href":"https:\/\/www.salzburgerland.com\/de\/magazin\/wp-json\/wp\/v2\/categories?post=89674"},{"taxonomy":"post_tag","embeddable":true,"href":"https:\/\/www.salzburgerland.com\/de\/magazin\/wp-json\/wp\/v2\/tags?post=89674"},{"taxonomy":"wl_entity_type","embeddable":true,"href":"https:\/\/www.salzburgerland.com\/de\/magazin\/wp-json\/wp\/v2\/wl_entity_type?post=89674"},{"taxonomy":"monatsauswahl","embeddable":true,"href":"https:\/\/www.salzburgerland.com\/de\/magazin\/wp-json\/wp\/v2\/monatsauswahl?post=89674"}],"curies":[{"name":"wp","href":"https:\/\/api.w.org\/{rel}","templated":true}]}}