{"id":89003,"date":"2014-07-02T07:00:03","date_gmt":"2014-07-02T05:00:03","guid":{"rendered":"http:\/\/magazin.salzburgerland.com\/?p=89003"},"modified":"2020-04-20T13:17:36","modified_gmt":"2020-04-20T11:17:36","slug":"traumausflug-an-den-fuschlsee","status":"publish","type":"post","link":"https:\/\/www.salzburgerland.com\/de\/magazin\/traumausflug-an-den-fuschlsee\/","title":{"rendered":"Traumausflug an den Fuschlsee"},"content":{"rendered":"\n<h2 class=\"wp-block-slt-subtitle\">Ein Sommer wie damals<\/h2>\n\n\n\n<p class=\"wp-block-slt-intro\">Das Wasser im Fuschlsee ist ein ganz besonderes. F\u00e4hrt man mit Bus (gute Anbindung aus Salzburg) oder Auto den letzten gro\u00dfen H\u00fcgel vor dem idyllischen \u00d6rtchen Fuschl am See hinab, erstreckt sich das Gew\u00e4sser elegant und wundersch\u00f6n vor einem. An manchen Tagen schimmert es t\u00fcrkis, glitzert wie ein Edelstein, an manchen Tagen zeigt es sich in einem tiefen undurchdringlichen Blau.<\/p>\n\n\n\n<p> Immer wenn ich die Zeit finde, mich an diesen See zu begeben, klopft mein Herz, sobald er n\u00e4her r\u00fcckt.<\/p>\n\n\n\n<figure class=\"wp-block-image alignnone\"><a href=\"https:\/\/www.salzburgerland.com\/de\/magazin\/wp-content\/uploads\/2014\/06\/IMG_0715.jpg\"><img decoding=\"async\" src=\"https:\/\/www.salzburgerland.com\/de\/magazin\/wp-content\/uploads\/2014\/06\/IMG_0715-650x435.jpg\" alt=\"IMG_0715\" class=\"wp-image-89019\"\/><\/a><figcaption>Ufer fast wie am Meer<\/figcaption><\/figure>\n\n\n\n<h2 class=\"wp-block-heading\"><strong>Eine Rundwanderung voll bezaubernder Bilder<\/strong><\/h2>\n\n\n\n<p>Eine der Haupt-&#8222;attraktionen&#8220;, die der See zweifelsohne zu bieten hat, ist der malerische Weg, der rund um ihn f\u00fchrt und vorbei an Bauernh\u00f6fen, gro\u00dffl\u00e4chigen Blumenwiesen, Fischereien, niedlichen Ferienh\u00e4usern, dem &#8222;Sissischloss&#8220; und unz\u00e4hligen Holzstegen. Besonders auch die kleinen Str\u00e4nde, die tats\u00e4chlich aus Sand bestehen und an die der Fuschlsee sanft seine Wellen schl\u00e4gt. Gepaart mit dem glasklaren t\u00fcrkisen Wasser f\u00fchlt man sich rasch, als w\u00e4re man binnen einer halben Stunde am Meer angelangt.<\/p>\n\n\n\n<p>Tierliebhaber d\u00fcrfen sich beim Rundweg um den malerischen See freuen. Es begegnen einen Vier- und Zweibeiner der unterschiedlichsten Gattung. Mal sind es Schafe mit dichtem weichen Fell, die auf Ihrer Weide schlafen, sogar Ziegen die quasi-wild durchs Gras streifen (siehe Bilder). dann schauen einem wieder braun- und schwarzwei\u00df gefleckte K\u00fche neugierig hinterher. Auch H\u00fchner, Enten und G\u00e4nse queren des Weges. Die Natur und die H\u00f6fe spielen hier gemeinsam, so dass man sich bald zur\u00fcck versetzt in eine vermeintlich vergangene Zeit zur\u00fcckversetzt f\u00fchlt.<\/p>\n\n\n\n<figure class=\"wp-block-image alignnone\"><a href=\"https:\/\/www.salzburgerland.com\/de\/magazin\/wp-content\/uploads\/2014\/06\/IMG_0624.jpg\"><img decoding=\"async\" src=\"https:\/\/www.salzburgerland.com\/de\/magazin\/wp-content\/uploads\/2014\/06\/IMG_0624-650x435.jpg\" alt=\"IMG_0624\" class=\"wp-image-89040\"\/><\/a><figcaption>Genie\u00dfen im &#8222;Strandbiergarten&#8220; im Hotel Seerose<\/figcaption><\/figure>\n\n\n\n<h2 class=\"wp-block-heading\"><strong>Baden gehen f\u00fcr Kalt- und Warmduscher<\/strong><\/h2>\n\n\n\n<p>Schwimmen kann man im Fuschlsee \u00fcbrigens auch &#8211; dies ist allerdings f\u00fcr die meisten nur zu sommerlichen H\u00f6chsttemperaturen geeignet. Denn dieses Gew\u00e4sser ist eines der k\u00fchleren der Salzburger Umgebung. Im Sommer erreicht der See eine maximale Temperatur von etwa 20 Grad. Nichts f\u00fcr Warmduscher. In den verschiedenen Seeb\u00e4dern l\u00e4sst es sich dennoch gut aushalten.<\/p>\n\n\n\n<p>Im Ort gibt es ein Schwimmbad, das unmittelbar an den Ufern des blauschimmernden Wassers \u00fcber beheizbare Becken verf\u00fcgt. Wem es noch ein bisschen mehr Verw\u00f6hnpaket sein darf &#8211; hier gibt es auch eine Sauna und Behandlungen wie Massagen und Peelings.&nbsp;Ganz in der N\u00e4he von Schloss Fuschl gibt es ein weiteres Seebad, dem Hofer Naturbadestrand, auf dem man \u00fcber einen langen Holzsteg weit weit hinaus auf dem See spazieren kann. Von hier aus hat man vielleicht einen der sch\u00f6nsten Blicke auf die umliegenden Ufer.<\/p>\n\n\n\n<figure class=\"wp-block-image alignnone\"><a href=\"https:\/\/www.salzburgerland.com\/de\/magazin\/wp-content\/uploads\/2014\/06\/IMG_0785.jpg\"><img decoding=\"async\" src=\"https:\/\/www.salzburgerland.com\/de\/magazin\/wp-content\/uploads\/2014\/06\/IMG_0785-650x435.jpg\" alt=\"IMG_0785\" class=\"wp-image-89035\"\/><\/a><figcaption>Runterkommen im gr\u00fcn-blau-t\u00fcrkisen Paradies<\/figcaption><\/figure>\n\n\n\n<h2 class=\"wp-block-heading\"><strong>Wenn der Magen knurrt<\/strong><\/h2>\n\n\n\n<p>Einkehren kann man direkt im Ort Fuschl ebenso wie unterwegs. Auf dem Rundweg gibt es eine Jausenstation sowie ein weiteres Seebad mit Kiosk und Bierb\u00e4nken direkt am Strand. Ein besonders mond\u00e4nes Erlebnis ist der Besuch im Schloss Fuschl, das manch einem aus des ber\u00fchmten Sissi-Filmen vertraut ist. In Teil eins hielt diese Kulisse als das Pseudonym f\u00fcr den Starnberger See her. Wer hier speist, dem werden nicht nur feine Gourmeth\u00e4ppchen f\u00fcr den Gaumen, sondern auch Live-Klaviermusik f\u00fcr die Ohren kredenzt. Es dauert nicht lang und man f\u00fchlt sich selbst ein wenig wie ein royales Mitglied der fr\u00fcheren Kaisersfamilie.<\/p>\n\n\n\n<p>Ein klein bisschen weniger mond\u00e4n aber nicht weniger sch\u00f6n oder edel l\u00e4sst sich fangfrischer Fisch im Hotel und Restaurant &#8222;Seerose&#8220; genie\u00dfen. Bei sch\u00f6nem Wetter, wie man direkt am t\u00fcrkis im Sonnenlicht glitzernden Wasser sitzt und sich verw\u00f6hnen l\u00e4sst, erscheint einem der Gastgarten f\u00fcr die Zeit des Aufenthalts als einer der sch\u00f6nsten Pl\u00e4tze dieser Erde. Speist man hier nach der Wanderung, kann man noch einmal ausgiebig bewundern, welche Strecke man so eben bew\u00e4ltigt hat. Oder aber man l\u00e4sst den Blick einfach auf den sanften Wellen des Sees verweilen.<\/p>\n\n\n<div class=\"mag-gallery\"><div class=\"row\"><div class=\"col-6 col-sm-4\"><figure><a class=\"thumb-container\" href=\"https:\/\/www.salzburgerland.com\/de\/magazin\/wp-content\/uploads\/2014\/06\/IMG_0625-1280x1024.jpg\">\t<picture><source media=\"(min-width: 576px)\" srcset=\"https:\/\/www.salzburgerland.com\/de\/magazin\/wp-content\/uploads\/2014\/06\/IMG_0625-325x209.jpg 325w, https:\/\/www.salzburgerland.com\/de\/magazin\/wp-content\/uploads\/2014\/06\/IMG_0625-249x160.jpg 249w\"><\/source><source media=\"(min-width: 0)\" srcset=\"https:\/\/www.salzburgerland.com\/de\/magazin\/wp-content\/uploads\/2014\/06\/IMG_0625-249x160.jpg 249w, https:\/\/www.salzburgerland.com\/de\/magazin\/wp-content\/uploads\/2014\/06\/IMG_0625-325x209.jpg 325w\"><\/source><img decoding=\"async\" alt=\"Gelbe Wanderwegschilder mit Richtungen und Zeiten, die an einem Pfahl neben einem Geb&auml;ude und gr&uuml;nem Laub angebracht sind.\" src=\"https:\/\/www.salzburgerland.com\/de\/magazin\/wp-content\/uploads\/2014\/06\/IMG_0625.jpg\">\t<\/picture><\/a><\/figure><\/div><div class=\"col-6 col-sm-4\"><figure><a class=\"thumb-container\" href=\"https:\/\/www.salzburgerland.com\/de\/magazin\/wp-content\/uploads\/2014\/06\/IMG_0638-1280x1024.jpg\">\t<picture><source media=\"(min-width: 576px)\" srcset=\"https:\/\/www.salzburgerland.com\/de\/magazin\/wp-content\/uploads\/2014\/06\/IMG_0638-325x209.jpg 325w, https:\/\/www.salzburgerland.com\/de\/magazin\/wp-content\/uploads\/2014\/06\/IMG_0638-249x160.jpg 249w\"><\/source><source media=\"(min-width: 0)\" srcset=\"https:\/\/www.salzburgerland.com\/de\/magazin\/wp-content\/uploads\/2014\/06\/IMG_0638-249x160.jpg 249w, https:\/\/www.salzburgerland.com\/de\/magazin\/wp-content\/uploads\/2014\/06\/IMG_0638-325x209.jpg 325w\"><\/source><img decoding=\"async\" alt=\"Karte mit Wander- und Laufstrecken rund um den Fuschlsee im Lauf &amp; Nordic Walking Park, Fuschl am See.\" src=\"https:\/\/www.salzburgerland.com\/de\/magazin\/wp-content\/uploads\/2014\/06\/IMG_0638.jpg\">\t<\/picture><\/a><\/figure><\/div><div class=\"col-6 col-sm-4\"><figure><a class=\"thumb-container\" href=\"https:\/\/www.salzburgerland.com\/de\/magazin\/wp-content\/uploads\/2014\/06\/IMG_0634-1280x1024.jpg\">\t<picture><source media=\"(min-width: 576px)\" srcset=\"https:\/\/www.salzburgerland.com\/de\/magazin\/wp-content\/uploads\/2014\/06\/IMG_0634-325x209.jpg 325w, https:\/\/www.salzburgerland.com\/de\/magazin\/wp-content\/uploads\/2014\/06\/IMG_0634-249x160.jpg 249w\"><\/source><source media=\"(min-width: 0)\" srcset=\"https:\/\/www.salzburgerland.com\/de\/magazin\/wp-content\/uploads\/2014\/06\/IMG_0634-249x160.jpg 249w, https:\/\/www.salzburgerland.com\/de\/magazin\/wp-content\/uploads\/2014\/06\/IMG_0634-325x209.jpg 325w\"><\/source><img decoding=\"async\" alt=\"Ein Park mit Wegen, B&auml;nken, Gr&uuml;nanlagen und einem gro&szlig;en Freiluft-Schachbrett in der N&auml;he eines Sees und bewaldeten H&uuml;geln.\" src=\"https:\/\/www.salzburgerland.com\/de\/magazin\/wp-content\/uploads\/2014\/06\/IMG_0634.jpg\">\t<\/picture><\/a><\/figure><\/div><div class=\"col-6 col-sm-4\"><figure><a class=\"thumb-container\" href=\"https:\/\/www.salzburgerland.com\/de\/magazin\/wp-content\/uploads\/2014\/06\/IMG_0639-1280x1024.jpg\">\t<picture><source media=\"(min-width: 576px)\" srcset=\"https:\/\/www.salzburgerland.com\/de\/magazin\/wp-content\/uploads\/2014\/06\/IMG_0639-325x209.jpg 325w, https:\/\/www.salzburgerland.com\/de\/magazin\/wp-content\/uploads\/2014\/06\/IMG_0639-249x160.jpg 249w\"><\/source><source media=\"(min-width: 0)\" srcset=\"https:\/\/www.salzburgerland.com\/de\/magazin\/wp-content\/uploads\/2014\/06\/IMG_0639-249x160.jpg 249w, https:\/\/www.salzburgerland.com\/de\/magazin\/wp-content\/uploads\/2014\/06\/IMG_0639-325x209.jpg 325w\"><\/source><img decoding=\"async\" alt=\"Ein h&ouml;lzernes Haus am Seeufer mit einem T&uuml;rmchen, B&auml;umen und Gr&uuml;npflanzen unter einem teilweise bew&ouml;lkten Himmel.\" src=\"https:\/\/www.salzburgerland.com\/de\/magazin\/wp-content\/uploads\/2014\/06\/IMG_0639.jpg\">\t<\/picture><\/a><\/figure><\/div><div class=\"col-6 col-sm-4\"><figure><a class=\"thumb-container\" href=\"https:\/\/www.salzburgerland.com\/de\/magazin\/wp-content\/uploads\/2014\/06\/IMG_0626-1280x1024.jpg\">\t<picture><source media=\"(min-width: 576px)\" srcset=\"https:\/\/www.salzburgerland.com\/de\/magazin\/wp-content\/uploads\/2014\/06\/IMG_0626-325x209.jpg 325w, https:\/\/www.salzburgerland.com\/de\/magazin\/wp-content\/uploads\/2014\/06\/IMG_0626-249x160.jpg 249w\"><\/source><source media=\"(min-width: 0)\" srcset=\"https:\/\/www.salzburgerland.com\/de\/magazin\/wp-content\/uploads\/2014\/06\/IMG_0626-249x160.jpg 249w, https:\/\/www.salzburgerland.com\/de\/magazin\/wp-content\/uploads\/2014\/06\/IMG_0626-325x209.jpg 325w\"><\/source><img decoding=\"async\" alt=\"H&ouml;lzerne Eingangst&uuml;r zu einem Caf&eacute; und einer Pizzeria am See mit Sitzgelegenheiten im Freien, Pflanzen und einer Tafel mit der Speisekarte.\" src=\"https:\/\/www.salzburgerland.com\/de\/magazin\/wp-content\/uploads\/2014\/06\/IMG_0626.jpg\">\t<\/picture><\/a><\/figure><\/div><div class=\"col-6 col-sm-4\"><figure><a class=\"thumb-container\" href=\"https:\/\/www.salzburgerland.com\/de\/magazin\/wp-content\/uploads\/2014\/06\/IMG_0627-1280x1024.jpg\">\t<picture><source media=\"(min-width: 576px)\" srcset=\"https:\/\/www.salzburgerland.com\/de\/magazin\/wp-content\/uploads\/2014\/06\/IMG_0627-325x209.jpg 325w, https:\/\/www.salzburgerland.com\/de\/magazin\/wp-content\/uploads\/2014\/06\/IMG_0627-249x160.jpg 249w\"><\/source><source media=\"(min-width: 0)\" srcset=\"https:\/\/www.salzburgerland.com\/de\/magazin\/wp-content\/uploads\/2014\/06\/IMG_0627-249x160.jpg 249w, https:\/\/www.salzburgerland.com\/de\/magazin\/wp-content\/uploads\/2014\/06\/IMG_0627-325x209.jpg 325w\"><\/source><img decoding=\"async\" alt=\"Caf&eacute; im Freien am See mit Holztischen, St&uuml;hlen, Blumen und einem Baum, mit Blick auf H&uuml;gel und Wasser.\" src=\"https:\/\/www.salzburgerland.com\/de\/magazin\/wp-content\/uploads\/2014\/06\/IMG_0627.jpg\">\t<\/picture><\/a><\/figure><\/div><div class=\"col-6 col-sm-4\"><figure><a class=\"thumb-container\" href=\"https:\/\/www.salzburgerland.com\/de\/magazin\/wp-content\/uploads\/2014\/06\/IMG_0624-1280x1024.jpg\">\t<picture><source media=\"(min-width: 576px)\" srcset=\"https:\/\/www.salzburgerland.com\/de\/magazin\/wp-content\/uploads\/2014\/06\/IMG_0624-325x209.jpg 325w, https:\/\/www.salzburgerland.com\/de\/magazin\/wp-content\/uploads\/2014\/06\/IMG_0624-249x160.jpg 249w\"><\/source><source media=\"(min-width: 0)\" srcset=\"https:\/\/www.salzburgerland.com\/de\/magazin\/wp-content\/uploads\/2014\/06\/IMG_0624-249x160.jpg 249w, https:\/\/www.salzburgerland.com\/de\/magazin\/wp-content\/uploads\/2014\/06\/IMG_0624-325x209.jpg 325w\"><\/source><img decoding=\"async\" alt=\"Au&szlig;encaf&eacute; mit wei&szlig;en Tischen und St&uuml;hlen an einem See, Berge und Dorf im Hintergrund unter einem teilweise bew&ouml;lkten Himmel.\" src=\"https:\/\/www.salzburgerland.com\/de\/magazin\/wp-content\/uploads\/2014\/06\/IMG_0624.jpg\">\t<\/picture><\/a><\/figure><\/div><div class=\"col-6 col-sm-4\"><figure><a class=\"thumb-container\" href=\"https:\/\/www.salzburgerland.com\/de\/magazin\/wp-content\/uploads\/2014\/06\/IMG_0617-1280x1024.jpg\">\t<picture><source media=\"(min-width: 576px)\" srcset=\"https:\/\/www.salzburgerland.com\/de\/magazin\/wp-content\/uploads\/2014\/06\/IMG_0617-325x209.jpg 325w, https:\/\/www.salzburgerland.com\/de\/magazin\/wp-content\/uploads\/2014\/06\/IMG_0617-249x160.jpg 249w\"><\/source><source media=\"(min-width: 0)\" srcset=\"https:\/\/www.salzburgerland.com\/de\/magazin\/wp-content\/uploads\/2014\/06\/IMG_0617-249x160.jpg 249w, https:\/\/www.salzburgerland.com\/de\/magazin\/wp-content\/uploads\/2014\/06\/IMG_0617-325x209.jpg 325w\"><\/source><img decoding=\"async\" alt=\"Gelbes Hotel mit Balkonen und Blumen an einem See, mit Bergen und B&auml;umen im Hintergrund.\" src=\"https:\/\/www.salzburgerland.com\/de\/magazin\/wp-content\/uploads\/2014\/06\/IMG_0617.jpg\">\t<\/picture><\/a><\/figure><\/div><div class=\"col-6 col-sm-4\"><figure><a class=\"thumb-container\" href=\"https:\/\/www.salzburgerland.com\/de\/magazin\/wp-content\/uploads\/2014\/06\/IMG_0633-1280x1024.jpg\">\t<picture><source media=\"(min-width: 576px)\" srcset=\"https:\/\/www.salzburgerland.com\/de\/magazin\/wp-content\/uploads\/2014\/06\/IMG_0633-325x209.jpg 325w, https:\/\/www.salzburgerland.com\/de\/magazin\/wp-content\/uploads\/2014\/06\/IMG_0633-249x160.jpg 249w\"><\/source><source media=\"(min-width: 0)\" srcset=\"https:\/\/www.salzburgerland.com\/de\/magazin\/wp-content\/uploads\/2014\/06\/IMG_0633-249x160.jpg 249w, https:\/\/www.salzburgerland.com\/de\/magazin\/wp-content\/uploads\/2014\/06\/IMG_0633-325x209.jpg 325w\"><\/source><img decoding=\"async\" alt=\"See mit Booten an einer Anlegestelle, Bootsverleih-Schild, Berge und H&auml;user im Hintergrund.\" src=\"https:\/\/www.salzburgerland.com\/de\/magazin\/wp-content\/uploads\/2014\/06\/IMG_0633.jpg\">\t<\/picture><\/a><\/figure><\/div><div class=\"col-6 col-sm-4\"><figure><a class=\"thumb-container\" href=\"https:\/\/www.salzburgerland.com\/de\/magazin\/wp-content\/uploads\/2014\/06\/IMG_0696-1280x1024.jpg\">\t<picture><source media=\"(min-width: 576px)\" srcset=\"https:\/\/www.salzburgerland.com\/de\/magazin\/wp-content\/uploads\/2014\/06\/IMG_0696-325x209.jpg 325w, https:\/\/www.salzburgerland.com\/de\/magazin\/wp-content\/uploads\/2014\/06\/IMG_0696-249x160.jpg 249w\"><\/source><source media=\"(min-width: 0)\" srcset=\"https:\/\/www.salzburgerland.com\/de\/magazin\/wp-content\/uploads\/2014\/06\/IMG_0696-249x160.jpg 249w, https:\/\/www.salzburgerland.com\/de\/magazin\/wp-content\/uploads\/2014\/06\/IMG_0696-325x209.jpg 325w\"><\/source><img decoding=\"async\" alt=\"Holzschild mit der Aufschrift Herzlich willkommen am Feldbauernhof, umgeben von gr&uuml;nen B&auml;umen und Bl&auml;ttern.\" src=\"https:\/\/www.salzburgerland.com\/de\/magazin\/wp-content\/uploads\/2014\/06\/IMG_0696.jpg\">\t<\/picture><\/a><\/figure><\/div><div class=\"col-6 col-sm-4\"><figure><a class=\"thumb-container\" href=\"https:\/\/www.salzburgerland.com\/de\/magazin\/wp-content\/uploads\/2014\/06\/IMG_0688-1280x1024.jpg\">\t<picture><source media=\"(min-width: 576px)\" srcset=\"https:\/\/www.salzburgerland.com\/de\/magazin\/wp-content\/uploads\/2014\/06\/IMG_0688-325x209.jpg 325w, https:\/\/www.salzburgerland.com\/de\/magazin\/wp-content\/uploads\/2014\/06\/IMG_0688-249x160.jpg 249w\"><\/source><source media=\"(min-width: 0)\" srcset=\"https:\/\/www.salzburgerland.com\/de\/magazin\/wp-content\/uploads\/2014\/06\/IMG_0688-249x160.jpg 249w, https:\/\/www.salzburgerland.com\/de\/magazin\/wp-content\/uploads\/2014\/06\/IMG_0688-325x209.jpg 325w\"><\/source><img decoding=\"async\" alt=\"Mehrere H&auml;user stehen zwischen gr&uuml;nen Feldern und B&auml;umen unter einem teilweise bew&ouml;lkten Himmel in einer l&auml;ndlichen Landschaft.\" src=\"https:\/\/www.salzburgerland.com\/de\/magazin\/wp-content\/uploads\/2014\/06\/IMG_0688.jpg\">\t<\/picture><\/a><\/figure><\/div><div class=\"col-6 col-sm-4\"><figure><a class=\"thumb-container\" href=\"https:\/\/www.salzburgerland.com\/de\/magazin\/wp-content\/uploads\/2014\/06\/IMG_0699-1280x1024.jpg\">\t<picture><source media=\"(min-width: 576px)\" srcset=\"https:\/\/www.salzburgerland.com\/de\/magazin\/wp-content\/uploads\/2014\/06\/IMG_0699-325x209.jpg 325w, https:\/\/www.salzburgerland.com\/de\/magazin\/wp-content\/uploads\/2014\/06\/IMG_0699-249x160.jpg 249w\"><\/source><source media=\"(min-width: 0)\" srcset=\"https:\/\/www.salzburgerland.com\/de\/magazin\/wp-content\/uploads\/2014\/06\/IMG_0699-249x160.jpg 249w, https:\/\/www.salzburgerland.com\/de\/magazin\/wp-content\/uploads\/2014\/06\/IMG_0699-325x209.jpg 325w\"><\/source><img decoding=\"async\" alt=\"Ein unbefestigter Weg windet sich durch ein grasbewachsenes Feld mit vereinzelten B&auml;umen unter einem hellen, teilweise bew&ouml;lkten Himmel.\" src=\"https:\/\/www.salzburgerland.com\/de\/magazin\/wp-content\/uploads\/2014\/06\/IMG_0699.jpg\">\t<\/picture><\/a><\/figure><\/div><div class=\"col-6 col-sm-4\"><figure><a class=\"thumb-container\" href=\"https:\/\/www.salzburgerland.com\/de\/magazin\/wp-content\/uploads\/2014\/06\/IMG_0710-1280x1024.jpg\">\t<picture><source media=\"(min-width: 576px)\" srcset=\"https:\/\/www.salzburgerland.com\/de\/magazin\/wp-content\/uploads\/2014\/06\/IMG_0710-325x209.jpg 325w, https:\/\/www.salzburgerland.com\/de\/magazin\/wp-content\/uploads\/2014\/06\/IMG_0710-249x160.jpg 249w\"><\/source><source media=\"(min-width: 0)\" srcset=\"https:\/\/www.salzburgerland.com\/de\/magazin\/wp-content\/uploads\/2014\/06\/IMG_0710-249x160.jpg 249w, https:\/\/www.salzburgerland.com\/de\/magazin\/wp-content\/uploads\/2014\/06\/IMG_0710-325x209.jpg 325w\"><\/source><img decoding=\"async\" alt=\"Blick durch B&auml;ume auf eine Grasfl&auml;che an einer Steinmauer, neben klarem, blauem Wasser im Sonnenlicht.\" src=\"https:\/\/www.salzburgerland.com\/de\/magazin\/wp-content\/uploads\/2014\/06\/IMG_0710.jpg\">\t<\/picture><\/a><\/figure><\/div><div class=\"col-6 col-sm-4\"><figure><a class=\"thumb-container\" href=\"https:\/\/www.salzburgerland.com\/de\/magazin\/wp-content\/uploads\/2014\/06\/IMG_0715-1280x1024.jpg\">\t<picture><source media=\"(min-width: 576px)\" srcset=\"https:\/\/www.salzburgerland.com\/de\/magazin\/wp-content\/uploads\/2014\/06\/IMG_0715-325x209.jpg 325w, https:\/\/www.salzburgerland.com\/de\/magazin\/wp-content\/uploads\/2014\/06\/IMG_0715-249x160.jpg 249w\"><\/source><source media=\"(min-width: 0)\" srcset=\"https:\/\/www.salzburgerland.com\/de\/magazin\/wp-content\/uploads\/2014\/06\/IMG_0715-249x160.jpg 249w, https:\/\/www.salzburgerland.com\/de\/magazin\/wp-content\/uploads\/2014\/06\/IMG_0715-325x209.jpg 325w\"><\/source><img decoding=\"async\" alt=\"Schattige B&auml;ume an einem klaren See mit t&uuml;rkisfarbenem Wasser und bewaldeten H&uuml;geln im Hintergrund.\" src=\"https:\/\/www.salzburgerland.com\/de\/magazin\/wp-content\/uploads\/2014\/06\/IMG_0715.jpg\">\t<\/picture><\/a><\/figure><\/div><div class=\"col-6 col-sm-4\"><figure><a class=\"thumb-container\" href=\"https:\/\/www.salzburgerland.com\/de\/magazin\/wp-content\/uploads\/2014\/06\/IMG_0719-1280x1024.jpg\">\t<picture><source media=\"(min-width: 576px)\" srcset=\"https:\/\/www.salzburgerland.com\/de\/magazin\/wp-content\/uploads\/2014\/06\/IMG_0719-325x209.jpg 325w, https:\/\/www.salzburgerland.com\/de\/magazin\/wp-content\/uploads\/2014\/06\/IMG_0719-249x160.jpg 249w\"><\/source><source media=\"(min-width: 0)\" srcset=\"https:\/\/www.salzburgerland.com\/de\/magazin\/wp-content\/uploads\/2014\/06\/IMG_0719-249x160.jpg 249w, https:\/\/www.salzburgerland.com\/de\/magazin\/wp-content\/uploads\/2014\/06\/IMG_0719-325x209.jpg 325w\"><\/source><img decoding=\"async\" alt=\"Klarer See mit sandigem Ufer, umgeben von B&auml;umen und entfernten H&uuml;geln unter einem teilweise bew&ouml;lkten Himmel.\" src=\"https:\/\/www.salzburgerland.com\/de\/magazin\/wp-content\/uploads\/2014\/06\/IMG_0719.jpg\">\t<\/picture><\/a><\/figure><\/div><div class=\"col-6 col-sm-4\"><figure><a class=\"thumb-container\" href=\"https:\/\/www.salzburgerland.com\/de\/magazin\/wp-content\/uploads\/2014\/06\/IMG_0724-1280x1024.jpg\">\t<picture><source media=\"(min-width: 576px)\" srcset=\"https:\/\/www.salzburgerland.com\/de\/magazin\/wp-content\/uploads\/2014\/06\/IMG_0724-325x209.jpg 325w, https:\/\/www.salzburgerland.com\/de\/magazin\/wp-content\/uploads\/2014\/06\/IMG_0724-249x160.jpg 249w\"><\/source><source media=\"(min-width: 0)\" srcset=\"https:\/\/www.salzburgerland.com\/de\/magazin\/wp-content\/uploads\/2014\/06\/IMG_0724-249x160.jpg 249w, https:\/\/www.salzburgerland.com\/de\/magazin\/wp-content\/uploads\/2014\/06\/IMG_0724-325x209.jpg 325w\"><\/source><img decoding=\"async\" alt=\"Klarer t&uuml;rkisfarbener See mit Kiefern im Vordergrund und bewaldeten Bergen im Hintergrund.\" src=\"https:\/\/www.salzburgerland.com\/de\/magazin\/wp-content\/uploads\/2014\/06\/IMG_0724.jpg\">\t<\/picture><\/a><\/figure><\/div><div class=\"col-6 col-sm-4\"><figure><a class=\"thumb-container\" href=\"https:\/\/www.salzburgerland.com\/de\/magazin\/wp-content\/uploads\/2014\/06\/IMG_0730-1280x1024.jpg\">\t<picture><source media=\"(min-width: 576px)\" srcset=\"https:\/\/www.salzburgerland.com\/de\/magazin\/wp-content\/uploads\/2014\/06\/IMG_0730-325x209.jpg 325w, https:\/\/www.salzburgerland.com\/de\/magazin\/wp-content\/uploads\/2014\/06\/IMG_0730-249x160.jpg 249w\"><\/source><source media=\"(min-width: 0)\" srcset=\"https:\/\/www.salzburgerland.com\/de\/magazin\/wp-content\/uploads\/2014\/06\/IMG_0730-249x160.jpg 249w, https:\/\/www.salzburgerland.com\/de\/magazin\/wp-content\/uploads\/2014\/06\/IMG_0730-325x209.jpg 325w\"><\/source><img decoding=\"async\" alt=\"Ein einsames Schaf steht auf einer grasbewachsenen Wildblumenwiese mit einem Wald im Hintergrund.\" src=\"https:\/\/www.salzburgerland.com\/de\/magazin\/wp-content\/uploads\/2014\/06\/IMG_0730.jpg\">\t<\/picture><\/a><\/figure><\/div><div class=\"col-6 col-sm-4\"><figure><a class=\"thumb-container\" href=\"https:\/\/www.salzburgerland.com\/de\/magazin\/wp-content\/uploads\/2014\/06\/IMG_0740-1280x1024.jpg\">\t<picture><source media=\"(min-width: 576px)\" srcset=\"https:\/\/www.salzburgerland.com\/de\/magazin\/wp-content\/uploads\/2014\/06\/IMG_0740-325x209.jpg 325w, https:\/\/www.salzburgerland.com\/de\/magazin\/wp-content\/uploads\/2014\/06\/IMG_0740-249x160.jpg 249w\"><\/source><source media=\"(min-width: 0)\" srcset=\"https:\/\/www.salzburgerland.com\/de\/magazin\/wp-content\/uploads\/2014\/06\/IMG_0740-249x160.jpg 249w, https:\/\/www.salzburgerland.com\/de\/magazin\/wp-content\/uploads\/2014\/06\/IMG_0740-325x209.jpg 325w\"><\/source><img decoding=\"async\" alt=\"Ein gewundener Feldweg f&uuml;hrt durch eine grasbewachsene Wiese zu baumbewachsenen H&uuml;geln und einem bewaldeten Berg.\" src=\"https:\/\/www.salzburgerland.com\/de\/magazin\/wp-content\/uploads\/2014\/06\/IMG_0740.jpg\">\t<\/picture><\/a><\/figure><\/div><div class=\"col-6 col-sm-4\"><figure><a class=\"thumb-container\" href=\"https:\/\/www.salzburgerland.com\/de\/magazin\/wp-content\/uploads\/2014\/06\/IMG_0747-1280x1024.jpg\">\t<picture><source media=\"(min-width: 576px)\" srcset=\"https:\/\/www.salzburgerland.com\/de\/magazin\/wp-content\/uploads\/2014\/06\/IMG_0747-325x209.jpg 325w, https:\/\/www.salzburgerland.com\/de\/magazin\/wp-content\/uploads\/2014\/06\/IMG_0747-249x160.jpg 249w\"><\/source><source media=\"(min-width: 0)\" srcset=\"https:\/\/www.salzburgerland.com\/de\/magazin\/wp-content\/uploads\/2014\/06\/IMG_0747-249x160.jpg 249w, https:\/\/www.salzburgerland.com\/de\/magazin\/wp-content\/uploads\/2014\/06\/IMG_0747-325x209.jpg 325w\"><\/source><img decoding=\"async\" alt=\"Ein ruhiger See mit fernen Bergen, einer Bank und zwei Personen, die unter einem Baum am Wasser sitzen.\" src=\"https:\/\/www.salzburgerland.com\/de\/magazin\/wp-content\/uploads\/2014\/06\/IMG_0747.jpg\">\t<\/picture><\/a><\/figure><\/div><div class=\"col-6 col-sm-4\"><figure><a class=\"thumb-container\" href=\"https:\/\/www.salzburgerland.com\/de\/magazin\/wp-content\/uploads\/2014\/06\/IMG_0748-1280x1024.jpg\">\t<picture><source media=\"(min-width: 576px)\" srcset=\"https:\/\/www.salzburgerland.com\/de\/magazin\/wp-content\/uploads\/2014\/06\/IMG_0748-325x209.jpg 325w, https:\/\/www.salzburgerland.com\/de\/magazin\/wp-content\/uploads\/2014\/06\/IMG_0748-249x160.jpg 249w\"><\/source><source media=\"(min-width: 0)\" srcset=\"https:\/\/www.salzburgerland.com\/de\/magazin\/wp-content\/uploads\/2014\/06\/IMG_0748-249x160.jpg 249w, https:\/\/www.salzburgerland.com\/de\/magazin\/wp-content\/uploads\/2014\/06\/IMG_0748-325x209.jpg 325w\"><\/source><img decoding=\"async\" alt=\"Ein ruhiger See, umgeben von gr&uuml;nen H&uuml;geln und B&auml;umen unter einem teilweise bew&ouml;lkten Himmel.\" src=\"https:\/\/www.salzburgerland.com\/de\/magazin\/wp-content\/uploads\/2014\/06\/IMG_0748.jpg\">\t<\/picture><\/a><\/figure><\/div><div class=\"col-6 col-sm-4\"><figure><a class=\"thumb-container\" href=\"https:\/\/www.salzburgerland.com\/de\/magazin\/wp-content\/uploads\/2014\/06\/IMG_0749-1280x1024.jpg\">\t<picture><source media=\"(min-width: 576px)\" srcset=\"https:\/\/www.salzburgerland.com\/de\/magazin\/wp-content\/uploads\/2014\/06\/IMG_0749-325x209.jpg 325w, https:\/\/www.salzburgerland.com\/de\/magazin\/wp-content\/uploads\/2014\/06\/IMG_0749-249x160.jpg 249w\"><\/source><source media=\"(min-width: 0)\" srcset=\"https:\/\/www.salzburgerland.com\/de\/magazin\/wp-content\/uploads\/2014\/06\/IMG_0749-249x160.jpg 249w, https:\/\/www.salzburgerland.com\/de\/magazin\/wp-content\/uploads\/2014\/06\/IMG_0749-325x209.jpg 325w\"><\/source><img decoding=\"async\" alt=\"Gelbes historisches Geb&auml;ude mit steilem Dach, umgeben von Gr&uuml;nfl&auml;chen und einem gewundenen Weg unter blauem Himmel.\" src=\"https:\/\/www.salzburgerland.com\/de\/magazin\/wp-content\/uploads\/2014\/06\/IMG_0749.jpg\">\t<\/picture><\/a><\/figure><\/div><div class=\"col-6 col-sm-4\"><figure><a class=\"thumb-container\" href=\"https:\/\/www.salzburgerland.com\/de\/magazin\/wp-content\/uploads\/2014\/06\/IMG_0752-1280x1024.jpg\">\t<picture><source media=\"(min-width: 576px)\" srcset=\"https:\/\/www.salzburgerland.com\/de\/magazin\/wp-content\/uploads\/2014\/06\/IMG_0752-325x209.jpg 325w, https:\/\/www.salzburgerland.com\/de\/magazin\/wp-content\/uploads\/2014\/06\/IMG_0752-249x160.jpg 249w\"><\/source><source media=\"(min-width: 0)\" srcset=\"https:\/\/www.salzburgerland.com\/de\/magazin\/wp-content\/uploads\/2014\/06\/IMG_0752-249x160.jpg 249w, https:\/\/www.salzburgerland.com\/de\/magazin\/wp-content\/uploads\/2014\/06\/IMG_0752-325x209.jpg 325w\"><\/source><img decoding=\"async\" alt=\"Eine Holzh&uuml;tte steht am Stra&szlig;enrand, umgeben von &uuml;ppigem Gr&uuml;n und Bergen im Hintergrund.\" src=\"https:\/\/www.salzburgerland.com\/de\/magazin\/wp-content\/uploads\/2014\/06\/IMG_0752.jpg\">\t<\/picture><\/a><\/figure><\/div><div class=\"col-6 col-sm-4\"><figure><a class=\"thumb-container\" href=\"https:\/\/www.salzburgerland.com\/de\/magazin\/wp-content\/uploads\/2014\/06\/IMG_0754-1280x1024.jpg\">\t<picture><source media=\"(min-width: 576px)\" srcset=\"https:\/\/www.salzburgerland.com\/de\/magazin\/wp-content\/uploads\/2014\/06\/IMG_0754-325x209.jpg 325w, https:\/\/www.salzburgerland.com\/de\/magazin\/wp-content\/uploads\/2014\/06\/IMG_0754-249x160.jpg 249w\"><\/source><source media=\"(min-width: 0)\" srcset=\"https:\/\/www.salzburgerland.com\/de\/magazin\/wp-content\/uploads\/2014\/06\/IMG_0754-249x160.jpg 249w, https:\/\/www.salzburgerland.com\/de\/magazin\/wp-content\/uploads\/2014\/06\/IMG_0754-325x209.jpg 325w\"><\/source><img decoding=\"async\" alt=\"Ein h&ouml;lzerner Steg f&uuml;hrt in einen See, der von Booten umgeben ist, mit bewaldeten H&uuml;geln und Bergen im Hintergrund.\" src=\"https:\/\/www.salzburgerland.com\/de\/magazin\/wp-content\/uploads\/2014\/06\/IMG_0754.jpg\">\t<\/picture><\/a><\/figure><\/div><div class=\"col-6 col-sm-4\"><figure><a class=\"thumb-container\" href=\"https:\/\/www.salzburgerland.com\/de\/magazin\/wp-content\/uploads\/2014\/06\/IMG_0763-1280x1024.jpg\">\t<picture><source media=\"(min-width: 576px)\" srcset=\"https:\/\/www.salzburgerland.com\/de\/magazin\/wp-content\/uploads\/2014\/06\/IMG_0763-325x209.jpg 325w, https:\/\/www.salzburgerland.com\/de\/magazin\/wp-content\/uploads\/2014\/06\/IMG_0763-249x160.jpg 249w\"><\/source><source media=\"(min-width: 0)\" srcset=\"https:\/\/www.salzburgerland.com\/de\/magazin\/wp-content\/uploads\/2014\/06\/IMG_0763-249x160.jpg 249w, https:\/\/www.salzburgerland.com\/de\/magazin\/wp-content\/uploads\/2014\/06\/IMG_0763-325x209.jpg 325w\"><\/source><img decoding=\"async\" alt=\"Ruhiger See mit B&auml;umen am Ufer, entfernten Geb&auml;uden und blauem Himmel mit Wolken, die sich im Wasser spiegeln.\" src=\"https:\/\/www.salzburgerland.com\/de\/magazin\/wp-content\/uploads\/2014\/06\/IMG_0763.jpg\">\t<\/picture><\/a><\/figure><\/div><div class=\"col-6 col-sm-4\"><figure><a class=\"thumb-container\" href=\"https:\/\/www.salzburgerland.com\/de\/magazin\/wp-content\/uploads\/2014\/06\/IMG_0779-1280x1024.jpg\">\t<picture><source media=\"(min-width: 576px)\" srcset=\"https:\/\/www.salzburgerland.com\/de\/magazin\/wp-content\/uploads\/2014\/06\/IMG_0779-325x209.jpg 325w, https:\/\/www.salzburgerland.com\/de\/magazin\/wp-content\/uploads\/2014\/06\/IMG_0779-249x160.jpg 249w\"><\/source><source media=\"(min-width: 0)\" srcset=\"https:\/\/www.salzburgerland.com\/de\/magazin\/wp-content\/uploads\/2014\/06\/IMG_0779-249x160.jpg 249w, https:\/\/www.salzburgerland.com\/de\/magazin\/wp-content\/uploads\/2014\/06\/IMG_0779-325x209.jpg 325w\"><\/source><img decoding=\"async\" alt=\"Ein Berg, der sich in einem klaren See spiegelt, umgeben von B&auml;umen und Gr&uuml;npflanzen unter einem blauen Himmel mit einigen Wolken.\" src=\"https:\/\/www.salzburgerland.com\/de\/magazin\/wp-content\/uploads\/2014\/06\/IMG_0779.jpg\">\t<\/picture><\/a><\/figure><\/div><div class=\"col-6 col-sm-4\"><figure><a class=\"thumb-container\" href=\"https:\/\/www.salzburgerland.com\/de\/magazin\/wp-content\/uploads\/2014\/06\/IMG_0780-1280x1024.jpg\">\t<picture><source media=\"(min-width: 576px)\" srcset=\"https:\/\/www.salzburgerland.com\/de\/magazin\/wp-content\/uploads\/2014\/06\/IMG_0780-325x209.jpg 325w, https:\/\/www.salzburgerland.com\/de\/magazin\/wp-content\/uploads\/2014\/06\/IMG_0780-249x160.jpg 249w\"><\/source><source media=\"(min-width: 0)\" srcset=\"https:\/\/www.salzburgerland.com\/de\/magazin\/wp-content\/uploads\/2014\/06\/IMG_0780-249x160.jpg 249w, https:\/\/www.salzburgerland.com\/de\/magazin\/wp-content\/uploads\/2014\/06\/IMG_0780-325x209.jpg 325w\"><\/source><img decoding=\"async\" alt=\"Drei Schafe ruhen sich an einem sonnigen Tag im Schatten unter einem gro&szlig;en Baum aus, mit Gras und Feldern im Hintergrund.\" src=\"https:\/\/www.salzburgerland.com\/de\/magazin\/wp-content\/uploads\/2014\/06\/IMG_0780.jpg\">\t<\/picture><\/a><\/figure><\/div><div class=\"col-6 col-sm-4\"><figure><a class=\"thumb-container\" href=\"https:\/\/www.salzburgerland.com\/de\/magazin\/wp-content\/uploads\/2014\/06\/IMG_0785-1280x1024.jpg\">\t<picture><source media=\"(min-width: 576px)\" srcset=\"https:\/\/www.salzburgerland.com\/de\/magazin\/wp-content\/uploads\/2014\/06\/IMG_0785-325x209.jpg 325w, https:\/\/www.salzburgerland.com\/de\/magazin\/wp-content\/uploads\/2014\/06\/IMG_0785-249x160.jpg 249w\"><\/source><source media=\"(min-width: 0)\" srcset=\"https:\/\/www.salzburgerland.com\/de\/magazin\/wp-content\/uploads\/2014\/06\/IMG_0785-249x160.jpg 249w, https:\/\/www.salzburgerland.com\/de\/magazin\/wp-content\/uploads\/2014\/06\/IMG_0785-325x209.jpg 325w\"><\/source><img decoding=\"async\" alt=\"Ein ruhiger See mit gr&uuml;nen H&uuml;geln, B&auml;umen und Booten am grasbewachsenen Ufer unter einem teilweise bew&ouml;lkten Himmel.\" src=\"https:\/\/www.salzburgerland.com\/de\/magazin\/wp-content\/uploads\/2014\/06\/IMG_0785.jpg\">\t<\/picture><\/a><\/figure><\/div><div class=\"col-6 col-sm-4\"><figure><a class=\"thumb-container\" href=\"https:\/\/www.salzburgerland.com\/de\/magazin\/wp-content\/uploads\/2014\/06\/IMG_0784-1280x1024.jpg\">\t<picture><source media=\"(min-width: 576px)\" srcset=\"https:\/\/www.salzburgerland.com\/de\/magazin\/wp-content\/uploads\/2014\/06\/IMG_0784-325x209.jpg 325w, https:\/\/www.salzburgerland.com\/de\/magazin\/wp-content\/uploads\/2014\/06\/IMG_0784-249x160.jpg 249w\"><\/source><source media=\"(min-width: 0)\" srcset=\"https:\/\/www.salzburgerland.com\/de\/magazin\/wp-content\/uploads\/2014\/06\/IMG_0784-249x160.jpg 249w, https:\/\/www.salzburgerland.com\/de\/magazin\/wp-content\/uploads\/2014\/06\/IMG_0784-325x209.jpg 325w\"><\/source><img decoding=\"async\" alt=\"Berg- und Waldlandschaft mit Geb&auml;uden an einem See, der sich im ruhigen Wasser unter einem blauen Himmel mit Wolken spiegelt.\" src=\"https:\/\/www.salzburgerland.com\/de\/magazin\/wp-content\/uploads\/2014\/06\/IMG_0784.jpg\">\t<\/picture><\/a><\/figure><\/div><div class=\"col-6 col-sm-4\"><figure><a class=\"thumb-container\" href=\"https:\/\/www.salzburgerland.com\/de\/magazin\/wp-content\/uploads\/2014\/06\/IMG_0786-1280x1024.jpg\">\t<picture><source media=\"(min-width: 576px)\" srcset=\"https:\/\/www.salzburgerland.com\/de\/magazin\/wp-content\/uploads\/2014\/06\/IMG_0786-325x209.jpg 325w, https:\/\/www.salzburgerland.com\/de\/magazin\/wp-content\/uploads\/2014\/06\/IMG_0786-249x160.jpg 249w\"><\/source><source media=\"(min-width: 0)\" srcset=\"https:\/\/www.salzburgerland.com\/de\/magazin\/wp-content\/uploads\/2014\/06\/IMG_0786-249x160.jpg 249w, https:\/\/www.salzburgerland.com\/de\/magazin\/wp-content\/uploads\/2014\/06\/IMG_0786-325x209.jpg 325w\"><\/source><img decoding=\"async\" alt=\"Modernes pyramidenf&ouml;rmiges Geb&auml;ude aus Glas und Stein, umgeben von B&auml;umen, am Rande einer Stra&szlig;e unter einem teilweise bew&ouml;lkten Himmel.\" src=\"https:\/\/www.salzburgerland.com\/de\/magazin\/wp-content\/uploads\/2014\/06\/IMG_0786.jpg\">\t<\/picture><\/a><\/figure><\/div><div class=\"col-6 col-sm-4\"><figure><a class=\"thumb-container\" href=\"https:\/\/www.salzburgerland.com\/de\/magazin\/wp-content\/uploads\/2014\/06\/IMG_0788-1280x1024.jpg\">\t<picture><source media=\"(min-width: 576px)\" srcset=\"https:\/\/www.salzburgerland.com\/de\/magazin\/wp-content\/uploads\/2014\/06\/IMG_0788-325x209.jpg 325w, https:\/\/www.salzburgerland.com\/de\/magazin\/wp-content\/uploads\/2014\/06\/IMG_0788-249x160.jpg 249w\"><\/source><source media=\"(min-width: 0)\" srcset=\"https:\/\/www.salzburgerland.com\/de\/magazin\/wp-content\/uploads\/2014\/06\/IMG_0788-249x160.jpg 249w, https:\/\/www.salzburgerland.com\/de\/magazin\/wp-content\/uploads\/2014\/06\/IMG_0788-325x209.jpg 325w\"><\/source><img decoding=\"async\" alt=\"Zwei B&auml;ume auf einer Wiese in der N&auml;he eines Glasgeb&auml;udes, mit einer blauen Wasserrutsche und einem See im Hintergrund.\" src=\"https:\/\/www.salzburgerland.com\/de\/magazin\/wp-content\/uploads\/2014\/06\/IMG_0788.jpg\">\t<\/picture><\/a><\/figure><\/div><div class=\"col-6 col-sm-4\"><figure><a class=\"thumb-container\" href=\"https:\/\/www.salzburgerland.com\/de\/magazin\/wp-content\/uploads\/2014\/06\/IMG_0642-1280x1024.jpg\">\t<picture><source media=\"(min-width: 576px)\" srcset=\"https:\/\/www.salzburgerland.com\/de\/magazin\/wp-content\/uploads\/2014\/06\/IMG_0642-325x209.jpg 325w, https:\/\/www.salzburgerland.com\/de\/magazin\/wp-content\/uploads\/2014\/06\/IMG_0642-249x160.jpg 249w\"><\/source><source media=\"(min-width: 0)\" srcset=\"https:\/\/www.salzburgerland.com\/de\/magazin\/wp-content\/uploads\/2014\/06\/IMG_0642-249x160.jpg 249w, https:\/\/www.salzburgerland.com\/de\/magazin\/wp-content\/uploads\/2014\/06\/IMG_0642-325x209.jpg 325w\"><\/source><img decoding=\"async\" alt=\"Klarer See mit Segelbooten, umgeben von gr&uuml;nen H&uuml;geln und B&auml;umen unter einem teilweise bew&ouml;lkten Himmel.\" src=\"https:\/\/www.salzburgerland.com\/de\/magazin\/wp-content\/uploads\/2014\/06\/IMG_0642.jpg\">\t<\/picture><\/a><\/figure><\/div><div class=\"col-6 col-sm-4\"><figure><a class=\"thumb-container\" href=\"https:\/\/www.salzburgerland.com\/de\/magazin\/wp-content\/uploads\/2014\/06\/IMG_0651-1280x1024.jpg\">\t<picture><source media=\"(min-width: 576px)\" srcset=\"https:\/\/www.salzburgerland.com\/de\/magazin\/wp-content\/uploads\/2014\/06\/IMG_0651-325x209.jpg 325w, https:\/\/www.salzburgerland.com\/de\/magazin\/wp-content\/uploads\/2014\/06\/IMG_0651-249x160.jpg 249w\"><\/source><source media=\"(min-width: 0)\" srcset=\"https:\/\/www.salzburgerland.com\/de\/magazin\/wp-content\/uploads\/2014\/06\/IMG_0651-249x160.jpg 249w, https:\/\/www.salzburgerland.com\/de\/magazin\/wp-content\/uploads\/2014\/06\/IMG_0651-325x209.jpg 325w\"><\/source><img decoding=\"async\" alt=\"Ein schmaler Feldweg mit einem Holzgel&auml;nder schl&auml;ngelt sich durch einen &uuml;ppigen, gr&uuml;nen Wald.\" src=\"https:\/\/www.salzburgerland.com\/de\/magazin\/wp-content\/uploads\/2014\/06\/IMG_0651.jpg\">\t<\/picture><\/a><\/figure><\/div><div class=\"col-6 col-sm-4\"><figure><a class=\"thumb-container\" href=\"https:\/\/www.salzburgerland.com\/de\/magazin\/wp-content\/uploads\/2014\/06\/IMG_0653-1280x1024.jpg\">\t<picture><source media=\"(min-width: 576px)\" srcset=\"https:\/\/www.salzburgerland.com\/de\/magazin\/wp-content\/uploads\/2014\/06\/IMG_0653-325x209.jpg 325w, https:\/\/www.salzburgerland.com\/de\/magazin\/wp-content\/uploads\/2014\/06\/IMG_0653-249x160.jpg 249w\"><\/source><source media=\"(min-width: 0)\" srcset=\"https:\/\/www.salzburgerland.com\/de\/magazin\/wp-content\/uploads\/2014\/06\/IMG_0653-249x160.jpg 249w, https:\/\/www.salzburgerland.com\/de\/magazin\/wp-content\/uploads\/2014\/06\/IMG_0653-325x209.jpg 325w\"><\/source><img decoding=\"async\" alt=\"Ein schattiger Waldweg f&uuml;hrt hinunter zu einem klaren, t&uuml;rkisfarbenen See, der durch B&auml;ume und gr&uuml;nes Laub zu sehen ist.\" src=\"https:\/\/www.salzburgerland.com\/de\/magazin\/wp-content\/uploads\/2014\/06\/IMG_0653.jpg\">\t<\/picture><\/a><\/figure><\/div><div class=\"col-6 col-sm-4\"><figure><a class=\"thumb-container\" href=\"https:\/\/www.salzburgerland.com\/de\/magazin\/wp-content\/uploads\/2014\/06\/IMG_0659-1280x1024.jpg\">\t<picture><source media=\"(min-width: 576px)\" srcset=\"https:\/\/www.salzburgerland.com\/de\/magazin\/wp-content\/uploads\/2014\/06\/IMG_0659-325x209.jpg 325w, https:\/\/www.salzburgerland.com\/de\/magazin\/wp-content\/uploads\/2014\/06\/IMG_0659-249x160.jpg 249w\"><\/source><source media=\"(min-width: 0)\" srcset=\"https:\/\/www.salzburgerland.com\/de\/magazin\/wp-content\/uploads\/2014\/06\/IMG_0659-249x160.jpg 249w, https:\/\/www.salzburgerland.com\/de\/magazin\/wp-content\/uploads\/2014\/06\/IMG_0659-325x209.jpg 325w\"><\/source><img decoding=\"async\" alt=\"Ruhiges Seeufer mit Schilf, Kieselsteinen, Treibholz und baumbestandenen gr&uuml;nen H&uuml;geln unter einem bew&ouml;lkten Himmel.\" src=\"https:\/\/www.salzburgerland.com\/de\/magazin\/wp-content\/uploads\/2014\/06\/IMG_0659.jpg\">\t<\/picture><\/a><\/figure><\/div><div class=\"col-6 col-sm-4\"><figure><a class=\"thumb-container\" href=\"https:\/\/www.salzburgerland.com\/de\/magazin\/wp-content\/uploads\/2014\/06\/IMG_0662-1280x1024.jpg\">\t<picture><source media=\"(min-width: 576px)\" srcset=\"https:\/\/www.salzburgerland.com\/de\/magazin\/wp-content\/uploads\/2014\/06\/IMG_0662-325x209.jpg 325w, https:\/\/www.salzburgerland.com\/de\/magazin\/wp-content\/uploads\/2014\/06\/IMG_0662-249x160.jpg 249w\"><\/source><source media=\"(min-width: 0)\" srcset=\"https:\/\/www.salzburgerland.com\/de\/magazin\/wp-content\/uploads\/2014\/06\/IMG_0662-249x160.jpg 249w, https:\/\/www.salzburgerland.com\/de\/magazin\/wp-content\/uploads\/2014\/06\/IMG_0662-325x209.jpg 325w\"><\/source><img decoding=\"async\" alt=\"Holzb&auml;nke und Tisch am Seeufer mit einem kleinen Boot und Schilf im klaren Wasser.\" src=\"https:\/\/www.salzburgerland.com\/de\/magazin\/wp-content\/uploads\/2014\/06\/IMG_0662.jpg\">\t<\/picture><\/a><\/figure><\/div><div class=\"col-6 col-sm-4\"><figure><a class=\"thumb-container\" href=\"https:\/\/www.salzburgerland.com\/de\/magazin\/wp-content\/uploads\/2014\/06\/IMG_0663-1280x1024.jpg\">\t<picture><source media=\"(min-width: 576px)\" srcset=\"https:\/\/www.salzburgerland.com\/de\/magazin\/wp-content\/uploads\/2014\/06\/IMG_0663-325x209.jpg 325w, https:\/\/www.salzburgerland.com\/de\/magazin\/wp-content\/uploads\/2014\/06\/IMG_0663-249x160.jpg 249w\"><\/source><source media=\"(min-width: 0)\" srcset=\"https:\/\/www.salzburgerland.com\/de\/magazin\/wp-content\/uploads\/2014\/06\/IMG_0663-249x160.jpg 249w, https:\/\/www.salzburgerland.com\/de\/magazin\/wp-content\/uploads\/2014\/06\/IMG_0663-325x209.jpg 325w\"><\/source><img decoding=\"async\" alt=\"Ein schattiger Feldweg mit Holzgel&auml;nder f&uuml;hrt an einem bewaldeten See entlang, der im Sonnenlicht liegt.\" src=\"https:\/\/www.salzburgerland.com\/de\/magazin\/wp-content\/uploads\/2014\/06\/IMG_0663.jpg\">\t<\/picture><\/a><\/figure><\/div><div class=\"col-6 col-sm-4\"><figure><a class=\"thumb-container\" href=\"https:\/\/www.salzburgerland.com\/de\/magazin\/wp-content\/uploads\/2014\/06\/IMG_0677-1280x1024.jpg\">\t<picture><source media=\"(min-width: 576px)\" srcset=\"https:\/\/www.salzburgerland.com\/de\/magazin\/wp-content\/uploads\/2014\/06\/IMG_0677-325x209.jpg 325w, https:\/\/www.salzburgerland.com\/de\/magazin\/wp-content\/uploads\/2014\/06\/IMG_0677-249x160.jpg 249w\"><\/source><source media=\"(min-width: 0)\" srcset=\"https:\/\/www.salzburgerland.com\/de\/magazin\/wp-content\/uploads\/2014\/06\/IMG_0677-249x160.jpg 249w, https:\/\/www.salzburgerland.com\/de\/magazin\/wp-content\/uploads\/2014\/06\/IMG_0677-325x209.jpg 325w\"><\/source><img decoding=\"async\" alt=\"Klares, seichtes Wasser mit &Auml;sten und Bl&auml;ttern, die Schatten auf die Oberfl&auml;che werfen.\" src=\"https:\/\/www.salzburgerland.com\/de\/magazin\/wp-content\/uploads\/2014\/06\/IMG_0677.jpg\">\t<\/picture><\/a><\/figure><\/div><\/div><figcaption><\/figcaption><\/div>\n\n\n\n<p><strong>Adressen:<\/strong><\/p>\n\n\n\n<p>Fuschlseebad<br>Dorfstra\u00dfe 30<br>A &#8211; 5330 Fuschl am See<br><a title=\"Fuschlseebad\" href=\"http:\/\/www.fuschlseebad.at\" target=\"_blank\" rel=\"noopener noreferrer\">www.fuschlseebad.at<\/a><\/p>\n\n\n\n<p>Hotel Seerose<br>Dorfstra\u00dfe 20<br>A &#8211; 5330 Fuschl am See<br><a title=\"Hotel Seerose\" href=\"http:\/\/www.hotel-seerose.at\" target=\"_blank\" rel=\"noopener noreferrer\">www.hotel-seerose.at<\/a><\/p>\n\n\n\n<p>Schloss Fuschl<br>Schloss Stra\u00dfe 19<br>A &#8211; 5322 Hof<br><a title=\"Schloss Fuschl\" href=\"http:\/\/www.schlossfuschlsalzburg.com\" target=\"_blank\" rel=\"noopener noreferrer\">www.schlossfuschlsalzburg.com<\/a><\/p>\n","protected":false},"excerpt":{"rendered":"<p>Immer wenn ich die Zeit finde, mich an diesen See zu begeben, klopft mein Herz, sobald er n\u00e4her r\u00fcckt. Eine Rundwanderung voll bezaubernder Bilder Eine der Haupt-&#8222;attraktionen&#8220;, die der See zweifelsohne zu bieten hat, ist der malerische Weg, der rund um ihn f\u00fchrt und vorbei an Bauernh\u00f6fen, gro\u00dffl\u00e4chigen Blumenwiesen, Fischereien, niedlichen Ferienh\u00e4usern, dem &#8222;Sissischloss&#8220; und [&hellip;]<\/p>\n","protected":false},"author":8,"featured_media":89021,"comment_status":"open","ping_status":"open","sticky":false,"template":"","format":"standard","meta":{"_acf_changed":false,"wl_entities_gutenberg":"","_wl_entity_redirect_enabled":"","footnotes":""},"categories":[7],"tags":[],"wl_entity_type":[306],"monatsauswahl":[],"class_list":["post-89003","post","type-post","status-publish","format-standard","has-post-thumbnail","hentry","category-lifestyle","wl_entity_type-article"],"acf":[],"yoast_head":"<!-- This site is optimized with the Yoast SEO Premium plugin v27.4 (Yoast SEO v27.4) - https:\/\/yoast.com\/product\/yoast-seo-premium-wordpress\/ -->\n<title>Traumausflug an den Fuschlsee - SalzburgerLand Magazin<\/title>\n<meta name=\"description\" content=\"Das Wasser im Fuschlsee ist ein ganz besonderes. F\u00e4hrt man mit Bus (gute Anbindung aus Salzburg) oder Auto den letzten gro\u00dfen H\u00fcgel vor dem idyllischen \u00d6rtchen Fuschl am See hinab, erstreckt sich das Gew\u00e4sser elegant und wundersch\u00f6n vor einem. An manchen Tagen schimmert es t\u00fcrkis, glitzert wie ein Edelstein, an manchen Tagen zeigt es sich in einem tiefen undurchdringlichen Blau.\" \/>\n<meta name=\"robots\" content=\"index, follow, max-snippet:-1, max-image-preview:large, max-video-preview:-1\" \/>\n<link rel=\"canonical\" href=\"https:\/\/www.salzburgerland.com\/de\/magazin\/traumausflug-an-den-fuschlsee\/\" \/>\n<meta property=\"og:locale\" content=\"de_DE\" \/>\n<meta property=\"og:type\" content=\"article\" \/>\n<meta property=\"og:title\" content=\"Traumausflug an den Fuschlsee\" \/>\n<meta property=\"og:description\" content=\"Immer wenn ich die Zeit finde, mich an diesen See zu begeben, klopft mein Herz, sobald er n\u00e4her r\u00fcckt. Eine Rundwanderung voll bezaubernder Bilder Eine der Haupt-&#8222;attraktionen&#8220;, die der See zweifelsohne zu bieten hat, ist der malerische Weg, der rund um ihn f\u00fchrt und vorbei an Bauernh\u00f6fen, gro\u00dffl\u00e4chigen Blumenwiesen, Fischereien, niedlichen Ferienh\u00e4usern, dem &#8222;Sissischloss&#8220; und [&hellip;]\" \/>\n<meta property=\"og:url\" content=\"https:\/\/www.salzburgerland.com\/de\/magazin\/traumausflug-an-den-fuschlsee\/\" \/>\n<meta property=\"og:site_name\" content=\"SalzburgerLand Magazin\" \/>\n<meta property=\"article:publisher\" content=\"https:\/\/www.facebook.com\/salzburgerland\/\" \/>\n<meta property=\"article:published_time\" content=\"2014-07-02T05:00:03+00:00\" \/>\n<meta property=\"article:modified_time\" content=\"2020-04-20T11:17:36+00:00\" \/>\n<meta property=\"og:image\" content=\"https:\/\/www.salzburgerland.com\/de\/magazin\/wp-content\/uploads\/2014\/06\/IMG_0724.jpg\" \/>\n\t<meta property=\"og:image:width\" content=\"1600\" \/>\n\t<meta property=\"og:image:height\" content=\"1066\" \/>\n\t<meta property=\"og:image:type\" content=\"image\/jpeg\" \/>\n<meta name=\"author\" content=\"Christine Gnahn\" \/>\n<meta name=\"twitter:card\" content=\"summary_large_image\" \/>\n<meta name=\"twitter:creator\" content=\"@Salzburgerland\" \/>\n<meta name=\"twitter:site\" content=\"@Salzburgerland\" \/>\n<meta name=\"twitter:label1\" content=\"Verfasst von\" \/>\n\t<meta name=\"twitter:data1\" content=\"Christine Gnahn\" \/>\n\t<meta name=\"twitter:label2\" content=\"Gesch\u00e4tzte Lesezeit\" \/>\n\t<meta name=\"twitter:data2\" content=\"3\u00a0Minuten\" \/>\n<script type=\"application\/ld+json\" class=\"yoast-schema-graph\">{\"@context\":\"https:\\\/\\\/schema.org\",\"@graph\":[{\"@type\":\"Article\",\"@id\":\"https:\\\/\\\/www.salzburgerland.com\\\/de\\\/magazin\\\/traumausflug-an-den-fuschlsee\\\/#article\",\"isPartOf\":{\"@id\":\"https:\\\/\\\/www.salzburgerland.com\\\/de\\\/magazin\\\/traumausflug-an-den-fuschlsee\\\/\"},\"author\":{\"name\":\"Christine Gnahn\",\"@id\":\"https:\\\/\\\/www.salzburgerland.com\\\/de\\\/magazin\\\/#\\\/schema\\\/person\\\/bffbd5cf7c6a1f4948505566c7fcff7c\"},\"headline\":\"Traumausflug an den Fuschlsee\",\"datePublished\":\"2014-07-02T05:00:03+00:00\",\"dateModified\":\"2020-04-20T11:17:36+00:00\",\"mainEntityOfPage\":{\"@id\":\"https:\\\/\\\/www.salzburgerland.com\\\/de\\\/magazin\\\/traumausflug-an-den-fuschlsee\\\/\"},\"wordCount\":693,\"commentCount\":0,\"publisher\":{\"@id\":\"https:\\\/\\\/www.salzburgerland.com\\\/de\\\/magazin\\\/#organization\"},\"image\":{\"@id\":\"https:\\\/\\\/www.salzburgerland.com\\\/de\\\/magazin\\\/traumausflug-an-den-fuschlsee\\\/#primaryimage\"},\"thumbnailUrl\":\"https:\\\/\\\/www.salzburgerland.com\\\/de\\\/magazin\\\/wp-content\\\/uploads\\\/2014\\\/06\\\/IMG_0724.jpg\",\"articleSection\":[\"Lifestyle\"],\"inLanguage\":\"de\",\"potentialAction\":[{\"@type\":\"CommentAction\",\"name\":\"Comment\",\"target\":[\"https:\\\/\\\/www.salzburgerland.com\\\/de\\\/magazin\\\/traumausflug-an-den-fuschlsee\\\/#respond\"]}]},{\"@type\":\"WebPage\",\"@id\":\"https:\\\/\\\/www.salzburgerland.com\\\/de\\\/magazin\\\/traumausflug-an-den-fuschlsee\\\/\",\"url\":\"https:\\\/\\\/www.salzburgerland.com\\\/de\\\/magazin\\\/traumausflug-an-den-fuschlsee\\\/\",\"name\":\"Traumausflug an den Fuschlsee - SalzburgerLand Magazin\",\"isPartOf\":{\"@id\":\"https:\\\/\\\/www.salzburgerland.com\\\/de\\\/magazin\\\/#website\"},\"primaryImageOfPage\":{\"@id\":\"https:\\\/\\\/www.salzburgerland.com\\\/de\\\/magazin\\\/traumausflug-an-den-fuschlsee\\\/#primaryimage\"},\"image\":{\"@id\":\"https:\\\/\\\/www.salzburgerland.com\\\/de\\\/magazin\\\/traumausflug-an-den-fuschlsee\\\/#primaryimage\"},\"thumbnailUrl\":\"https:\\\/\\\/www.salzburgerland.com\\\/de\\\/magazin\\\/wp-content\\\/uploads\\\/2014\\\/06\\\/IMG_0724.jpg\",\"datePublished\":\"2014-07-02T05:00:03+00:00\",\"dateModified\":\"2020-04-20T11:17:36+00:00\",\"breadcrumb\":{\"@id\":\"https:\\\/\\\/www.salzburgerland.com\\\/de\\\/magazin\\\/traumausflug-an-den-fuschlsee\\\/#breadcrumb\"},\"inLanguage\":\"de\",\"potentialAction\":[{\"@type\":\"ReadAction\",\"target\":[\"https:\\\/\\\/www.salzburgerland.com\\\/de\\\/magazin\\\/traumausflug-an-den-fuschlsee\\\/\"]}]},{\"@type\":\"ImageObject\",\"inLanguage\":\"de\",\"@id\":\"https:\\\/\\\/www.salzburgerland.com\\\/de\\\/magazin\\\/traumausflug-an-den-fuschlsee\\\/#primaryimage\",\"url\":\"https:\\\/\\\/www.salzburgerland.com\\\/de\\\/magazin\\\/wp-content\\\/uploads\\\/2014\\\/06\\\/IMG_0724.jpg\",\"contentUrl\":\"https:\\\/\\\/www.salzburgerland.com\\\/de\\\/magazin\\\/wp-content\\\/uploads\\\/2014\\\/06\\\/IMG_0724.jpg\",\"width\":1600,\"height\":1066,\"caption\":\"Blick f\u00fcr die G\u00f6tter\"},{\"@type\":\"BreadcrumbList\",\"@id\":\"https:\\\/\\\/www.salzburgerland.com\\\/de\\\/magazin\\\/traumausflug-an-den-fuschlsee\\\/#breadcrumb\",\"itemListElement\":[{\"@type\":\"ListItem\",\"position\":1,\"name\":\"Startseite\",\"item\":\"https:\\\/\\\/www.salzburgerland.com\\\/de\\\/magazin\\\/\"},{\"@type\":\"ListItem\",\"position\":2,\"name\":\"Lifestyle\",\"item\":\"https:\\\/\\\/www.salzburgerland.com\\\/de\\\/magazin\\\/thema\\\/lifestyle\\\/\"},{\"@type\":\"ListItem\",\"position\":3,\"name\":\"Traumausflug an den Fuschlsee\"}]},{\"@type\":\"WebSite\",\"@id\":\"https:\\\/\\\/www.salzburgerland.com\\\/de\\\/magazin\\\/#website\",\"url\":\"https:\\\/\\\/www.salzburgerland.com\\\/de\\\/magazin\\\/\",\"name\":\"SalzburgerLand Magazin\",\"description\":\"Geschichten und Interessantes aus dem SalzburgerLand\",\"publisher\":{\"@id\":\"https:\\\/\\\/www.salzburgerland.com\\\/de\\\/magazin\\\/#organization\"},\"potentialAction\":[{\"@type\":\"SearchAction\",\"target\":{\"@type\":\"EntryPoint\",\"urlTemplate\":\"https:\\\/\\\/www.salzburgerland.com\\\/de\\\/magazin\\\/?s={search_term_string}\"},\"query-input\":{\"@type\":\"PropertyValueSpecification\",\"valueRequired\":true,\"valueName\":\"search_term_string\"}}],\"inLanguage\":\"de\"},{\"@type\":\"Organization\",\"@id\":\"https:\\\/\\\/www.salzburgerland.com\\\/de\\\/magazin\\\/#organization\",\"name\":\"SalzburgerLand Tourismus\",\"url\":\"https:\\\/\\\/www.salzburgerland.com\\\/de\\\/magazin\\\/\",\"logo\":{\"@type\":\"ImageObject\",\"inLanguage\":\"de\",\"@id\":\"https:\\\/\\\/www.salzburgerland.com\\\/de\\\/magazin\\\/#\\\/schema\\\/logo\\\/image\\\/\",\"url\":\"https:\\\/\\\/www.salzburgerland.com\\\/de\\\/magazin\\\/wp-content\\\/uploads\\\/2019\\\/06\\\/salzburgerland-logo1.jpg\",\"contentUrl\":\"https:\\\/\\\/www.salzburgerland.com\\\/de\\\/magazin\\\/wp-content\\\/uploads\\\/2019\\\/06\\\/salzburgerland-logo1.jpg\",\"width\":2011,\"height\":866,\"caption\":\"SalzburgerLand Tourismus\"},\"image\":{\"@id\":\"https:\\\/\\\/www.salzburgerland.com\\\/de\\\/magazin\\\/#\\\/schema\\\/logo\\\/image\\\/\"},\"sameAs\":[\"https:\\\/\\\/www.facebook.com\\\/salzburgerland\\\/\",\"https:\\\/\\\/x.com\\\/Salzburgerland\",\"https:\\\/\\\/www.instagram.com\\\/salzburgerland\\\/\",\"https:\\\/\\\/at.linkedin.com\\\/company\\\/salzburgerland-tourismus-gmbh\",\"https:\\\/\\\/www.pinterest.at\\\/salzburgerland\\\/\",\"https:\\\/\\\/www.youtube.com\\\/user\\\/salzburgerland\",\"https:\\\/\\\/de.wikipedia.org\\\/wiki\\\/SalzburgerLand_Tourismus_GmbH\"]},{\"@type\":\"Person\",\"@id\":\"https:\\\/\\\/www.salzburgerland.com\\\/de\\\/magazin\\\/#\\\/schema\\\/person\\\/bffbd5cf7c6a1f4948505566c7fcff7c\",\"name\":\"Christine Gnahn\",\"description\":\"Christine Gnahn ist mit Leidenschaft dabei, wenn es um Kunst, Kultur und Menschen im sch\u00f6nen SalzburgerLand geht. In ihrer Freizeit ist sie gern immer im Trubel des Geschehens und verbringt viel Zeit mit Sport und Wandern in der heilsamen Atmosph\u00e4re vom Salzburger M\u00f6nchs- und Kapuzinerberg. Das Schreiben ist sowohl Beruf als auch Hobby: Auch Gedichte, Kurzgeschichten und Romane z\u00e4hlen zum Repertoire der 22-j\u00e4hrigen Journalistin und Schrifstellerin. Um den eigenen Horrizont zu erweitern, begibt sie sich regelm\u00e4\u00dfig auf abenteuerliche Rucksackreisen durch aller Herren L\u00e4nder. Lebensmotto: Leb den Moment! Fragen mit Antworten von Christine Gnahn Morgen- oder Abendmensch? Wenn Morgens die Sonne aufgeht bin ich putzmunter und hab Riesenhunger auf Fr\u00fchst\u00fcck und Leben! Ich wei\u00df ich geh\u00f6re einer aussterbenden Rasse an aber ich f\u00fchle mich pudelwohl damit! Im Morgen liegt einfach eine besondere Kraft: Die Kraft des Neubeginns. Wellnessurlaub oder Rucksackreise? Rucksackreise, ruhig auch ohne jeglichen Komfort. Ich gehe auf Reisen, um Menschen, Land und Lebensgef\u00fchl zu sp\u00fcren. Dazu braucht es weder h\u00fcbsches Hotelzimmer noch edle Buffets. Alles Hab und Gut auf den R\u00fccken und bereit f\u00fcr jedes Abenteuer, das ist doch die wahre Freiheit! Berge oder Meer? Obwohl ich die Berge sehr liebe, w\u00fcrde ich wohl meist das Meer bevorzugen. Schon als Kind Stunden und Tage an der Adria verbracht, ist es mit seinen Wellen, Str\u00f6mung, Flut und Ebbe f\u00fcr mich Sinnbild der Energie und der Ruhe zugleich. Wandern oder Laufen? Ich bin ein Sportfreak. Erst morgens Laufen, dann Wandern! Turnschuhe oder High Heels? Ich besitze ein paar High Heels und die trage ich ungef\u00e4hr einmal in zwei Jahren. Im \u00fcbrigen ist High Heel wohl auch ein klarer Euphemismus f\u00fcr drei Zentimeter Absatz. Gmiadlich soll's sein und ich will mich wohlf\u00fchlen, daher: Turnschuhe! Fr\u00fchling, Sommer, Herbst oder Winter? Ich mag eigentlich jede Jahreszeit. Grad in Australien, wo grad im Norden Jahreszeiten eigentlich komplett durch Regen- und Trockenzeit ersetzt werden, lernt man sie zu sch\u00e4tzen. Aber wenn ich w\u00e4hlen muss, mag ich wohl Fr\u00fchling und Sommer am liebsten. Rindsroulade vom Pinzgauer Biorind oder Saibling fangfrisch aus dem\u00a0Fuschlsee? Ganz klar der Fisch! Grad frischem Fisch kann ich nicht widerstehen. Dazu noch ein Hauch Zitrone... mhhhh!\",\"url\":\"https:\\\/\\\/www.salzburgerland.com\\\/de\\\/magazin\\\/author\\\/cgnahn\\\/\"}]}<\/script>\n<!-- \/ Yoast SEO Premium plugin. -->","yoast_head_json":{"title":"Traumausflug an den Fuschlsee - SalzburgerLand Magazin","description":"Das Wasser im Fuschlsee ist ein ganz besonderes. F\u00e4hrt man mit Bus (gute Anbindung aus Salzburg) oder Auto den letzten gro\u00dfen H\u00fcgel vor dem idyllischen \u00d6rtchen Fuschl am See hinab, erstreckt sich das Gew\u00e4sser elegant und wundersch\u00f6n vor einem. An manchen Tagen schimmert es t\u00fcrkis, glitzert wie ein Edelstein, an manchen Tagen zeigt es sich in einem tiefen undurchdringlichen Blau.","robots":{"index":"index","follow":"follow","max-snippet":"max-snippet:-1","max-image-preview":"max-image-preview:large","max-video-preview":"max-video-preview:-1"},"canonical":"https:\/\/www.salzburgerland.com\/de\/magazin\/traumausflug-an-den-fuschlsee\/","og_locale":"de_DE","og_type":"article","og_title":"Traumausflug an den Fuschlsee","og_description":"Immer wenn ich die Zeit finde, mich an diesen See zu begeben, klopft mein Herz, sobald er n\u00e4her r\u00fcckt. Eine Rundwanderung voll bezaubernder Bilder Eine der Haupt-&#8222;attraktionen&#8220;, die der See zweifelsohne zu bieten hat, ist der malerische Weg, der rund um ihn f\u00fchrt und vorbei an Bauernh\u00f6fen, gro\u00dffl\u00e4chigen Blumenwiesen, Fischereien, niedlichen Ferienh\u00e4usern, dem &#8222;Sissischloss&#8220; und [&hellip;]","og_url":"https:\/\/www.salzburgerland.com\/de\/magazin\/traumausflug-an-den-fuschlsee\/","og_site_name":"SalzburgerLand Magazin","article_publisher":"https:\/\/www.facebook.com\/salzburgerland\/","article_published_time":"2014-07-02T05:00:03+00:00","article_modified_time":"2020-04-20T11:17:36+00:00","og_image":[{"width":1600,"height":1066,"url":"https:\/\/www.salzburgerland.com\/de\/magazin\/wp-content\/uploads\/2014\/06\/IMG_0724.jpg","type":"image\/jpeg"}],"author":"Christine Gnahn","twitter_card":"summary_large_image","twitter_creator":"@Salzburgerland","twitter_site":"@Salzburgerland","twitter_misc":{"Verfasst von":"Christine Gnahn","Gesch\u00e4tzte Lesezeit":"3\u00a0Minuten"},"schema":{"@context":"https:\/\/schema.org","@graph":[{"@type":"Article","@id":"https:\/\/www.salzburgerland.com\/de\/magazin\/traumausflug-an-den-fuschlsee\/#article","isPartOf":{"@id":"https:\/\/www.salzburgerland.com\/de\/magazin\/traumausflug-an-den-fuschlsee\/"},"author":{"name":"Christine Gnahn","@id":"https:\/\/www.salzburgerland.com\/de\/magazin\/#\/schema\/person\/bffbd5cf7c6a1f4948505566c7fcff7c"},"headline":"Traumausflug an den Fuschlsee","datePublished":"2014-07-02T05:00:03+00:00","dateModified":"2020-04-20T11:17:36+00:00","mainEntityOfPage":{"@id":"https:\/\/www.salzburgerland.com\/de\/magazin\/traumausflug-an-den-fuschlsee\/"},"wordCount":693,"commentCount":0,"publisher":{"@id":"https:\/\/www.salzburgerland.com\/de\/magazin\/#organization"},"image":{"@id":"https:\/\/www.salzburgerland.com\/de\/magazin\/traumausflug-an-den-fuschlsee\/#primaryimage"},"thumbnailUrl":"https:\/\/www.salzburgerland.com\/de\/magazin\/wp-content\/uploads\/2014\/06\/IMG_0724.jpg","articleSection":["Lifestyle"],"inLanguage":"de","potentialAction":[{"@type":"CommentAction","name":"Comment","target":["https:\/\/www.salzburgerland.com\/de\/magazin\/traumausflug-an-den-fuschlsee\/#respond"]}]},{"@type":"WebPage","@id":"https:\/\/www.salzburgerland.com\/de\/magazin\/traumausflug-an-den-fuschlsee\/","url":"https:\/\/www.salzburgerland.com\/de\/magazin\/traumausflug-an-den-fuschlsee\/","name":"Traumausflug an den Fuschlsee - SalzburgerLand Magazin","isPartOf":{"@id":"https:\/\/www.salzburgerland.com\/de\/magazin\/#website"},"primaryImageOfPage":{"@id":"https:\/\/www.salzburgerland.com\/de\/magazin\/traumausflug-an-den-fuschlsee\/#primaryimage"},"image":{"@id":"https:\/\/www.salzburgerland.com\/de\/magazin\/traumausflug-an-den-fuschlsee\/#primaryimage"},"thumbnailUrl":"https:\/\/www.salzburgerland.com\/de\/magazin\/wp-content\/uploads\/2014\/06\/IMG_0724.jpg","datePublished":"2014-07-02T05:00:03+00:00","dateModified":"2020-04-20T11:17:36+00:00","breadcrumb":{"@id":"https:\/\/www.salzburgerland.com\/de\/magazin\/traumausflug-an-den-fuschlsee\/#breadcrumb"},"inLanguage":"de","potentialAction":[{"@type":"ReadAction","target":["https:\/\/www.salzburgerland.com\/de\/magazin\/traumausflug-an-den-fuschlsee\/"]}]},{"@type":"ImageObject","inLanguage":"de","@id":"https:\/\/www.salzburgerland.com\/de\/magazin\/traumausflug-an-den-fuschlsee\/#primaryimage","url":"https:\/\/www.salzburgerland.com\/de\/magazin\/wp-content\/uploads\/2014\/06\/IMG_0724.jpg","contentUrl":"https:\/\/www.salzburgerland.com\/de\/magazin\/wp-content\/uploads\/2014\/06\/IMG_0724.jpg","width":1600,"height":1066,"caption":"Blick f\u00fcr die G\u00f6tter"},{"@type":"BreadcrumbList","@id":"https:\/\/www.salzburgerland.com\/de\/magazin\/traumausflug-an-den-fuschlsee\/#breadcrumb","itemListElement":[{"@type":"ListItem","position":1,"name":"Startseite","item":"https:\/\/www.salzburgerland.com\/de\/magazin\/"},{"@type":"ListItem","position":2,"name":"Lifestyle","item":"https:\/\/www.salzburgerland.com\/de\/magazin\/thema\/lifestyle\/"},{"@type":"ListItem","position":3,"name":"Traumausflug an den Fuschlsee"}]},{"@type":"WebSite","@id":"https:\/\/www.salzburgerland.com\/de\/magazin\/#website","url":"https:\/\/www.salzburgerland.com\/de\/magazin\/","name":"SalzburgerLand Magazin","description":"Geschichten und Interessantes aus dem SalzburgerLand","publisher":{"@id":"https:\/\/www.salzburgerland.com\/de\/magazin\/#organization"},"potentialAction":[{"@type":"SearchAction","target":{"@type":"EntryPoint","urlTemplate":"https:\/\/www.salzburgerland.com\/de\/magazin\/?s={search_term_string}"},"query-input":{"@type":"PropertyValueSpecification","valueRequired":true,"valueName":"search_term_string"}}],"inLanguage":"de"},{"@type":"Organization","@id":"https:\/\/www.salzburgerland.com\/de\/magazin\/#organization","name":"SalzburgerLand Tourismus","url":"https:\/\/www.salzburgerland.com\/de\/magazin\/","logo":{"@type":"ImageObject","inLanguage":"de","@id":"https:\/\/www.salzburgerland.com\/de\/magazin\/#\/schema\/logo\/image\/","url":"https:\/\/www.salzburgerland.com\/de\/magazin\/wp-content\/uploads\/2019\/06\/salzburgerland-logo1.jpg","contentUrl":"https:\/\/www.salzburgerland.com\/de\/magazin\/wp-content\/uploads\/2019\/06\/salzburgerland-logo1.jpg","width":2011,"height":866,"caption":"SalzburgerLand Tourismus"},"image":{"@id":"https:\/\/www.salzburgerland.com\/de\/magazin\/#\/schema\/logo\/image\/"},"sameAs":["https:\/\/www.facebook.com\/salzburgerland\/","https:\/\/x.com\/Salzburgerland","https:\/\/www.instagram.com\/salzburgerland\/","https:\/\/at.linkedin.com\/company\/salzburgerland-tourismus-gmbh","https:\/\/www.pinterest.at\/salzburgerland\/","https:\/\/www.youtube.com\/user\/salzburgerland","https:\/\/de.wikipedia.org\/wiki\/SalzburgerLand_Tourismus_GmbH"]},{"@type":"Person","@id":"https:\/\/www.salzburgerland.com\/de\/magazin\/#\/schema\/person\/bffbd5cf7c6a1f4948505566c7fcff7c","name":"Christine Gnahn","description":"Christine Gnahn ist mit Leidenschaft dabei, wenn es um Kunst, Kultur und Menschen im sch\u00f6nen SalzburgerLand geht. In ihrer Freizeit ist sie gern immer im Trubel des Geschehens und verbringt viel Zeit mit Sport und Wandern in der heilsamen Atmosph\u00e4re vom Salzburger M\u00f6nchs- und Kapuzinerberg. Das Schreiben ist sowohl Beruf als auch Hobby: Auch Gedichte, Kurzgeschichten und Romane z\u00e4hlen zum Repertoire der 22-j\u00e4hrigen Journalistin und Schrifstellerin. Um den eigenen Horrizont zu erweitern, begibt sie sich regelm\u00e4\u00dfig auf abenteuerliche Rucksackreisen durch aller Herren L\u00e4nder. Lebensmotto: Leb den Moment! Fragen mit Antworten von Christine Gnahn Morgen- oder Abendmensch? Wenn Morgens die Sonne aufgeht bin ich putzmunter und hab Riesenhunger auf Fr\u00fchst\u00fcck und Leben! Ich wei\u00df ich geh\u00f6re einer aussterbenden Rasse an aber ich f\u00fchle mich pudelwohl damit! Im Morgen liegt einfach eine besondere Kraft: Die Kraft des Neubeginns. Wellnessurlaub oder Rucksackreise? Rucksackreise, ruhig auch ohne jeglichen Komfort. Ich gehe auf Reisen, um Menschen, Land und Lebensgef\u00fchl zu sp\u00fcren. Dazu braucht es weder h\u00fcbsches Hotelzimmer noch edle Buffets. Alles Hab und Gut auf den R\u00fccken und bereit f\u00fcr jedes Abenteuer, das ist doch die wahre Freiheit! Berge oder Meer? Obwohl ich die Berge sehr liebe, w\u00fcrde ich wohl meist das Meer bevorzugen. Schon als Kind Stunden und Tage an der Adria verbracht, ist es mit seinen Wellen, Str\u00f6mung, Flut und Ebbe f\u00fcr mich Sinnbild der Energie und der Ruhe zugleich. Wandern oder Laufen? Ich bin ein Sportfreak. Erst morgens Laufen, dann Wandern! Turnschuhe oder High Heels? Ich besitze ein paar High Heels und die trage ich ungef\u00e4hr einmal in zwei Jahren. Im \u00fcbrigen ist High Heel wohl auch ein klarer Euphemismus f\u00fcr drei Zentimeter Absatz. Gmiadlich soll's sein und ich will mich wohlf\u00fchlen, daher: Turnschuhe! Fr\u00fchling, Sommer, Herbst oder Winter? Ich mag eigentlich jede Jahreszeit. Grad in Australien, wo grad im Norden Jahreszeiten eigentlich komplett durch Regen- und Trockenzeit ersetzt werden, lernt man sie zu sch\u00e4tzen. Aber wenn ich w\u00e4hlen muss, mag ich wohl Fr\u00fchling und Sommer am liebsten. Rindsroulade vom Pinzgauer Biorind oder Saibling fangfrisch aus dem\u00a0Fuschlsee? Ganz klar der Fisch! Grad frischem Fisch kann ich nicht widerstehen. Dazu noch ein Hauch Zitrone... mhhhh!","url":"https:\/\/www.salzburgerland.com\/de\/magazin\/author\/cgnahn\/"}]}},"_wl_alt_label":[],"wl:entity_url":"http:\/\/open.salzburgerland.com\/magazin\/post\/traumausflug_an_den_fuschlsee","_links":{"self":[{"href":"https:\/\/www.salzburgerland.com\/de\/magazin\/wp-json\/wp\/v2\/posts\/89003","targetHints":{"allow":["GET"]}}],"collection":[{"href":"https:\/\/www.salzburgerland.com\/de\/magazin\/wp-json\/wp\/v2\/posts"}],"about":[{"href":"https:\/\/www.salzburgerland.com\/de\/magazin\/wp-json\/wp\/v2\/types\/post"}],"author":[{"embeddable":true,"href":"https:\/\/www.salzburgerland.com\/de\/magazin\/wp-json\/wp\/v2\/users\/8"}],"replies":[{"embeddable":true,"href":"https:\/\/www.salzburgerland.com\/de\/magazin\/wp-json\/wp\/v2\/comments?post=89003"}],"version-history":[{"count":1,"href":"https:\/\/www.salzburgerland.com\/de\/magazin\/wp-json\/wp\/v2\/posts\/89003\/revisions"}],"predecessor-version":[{"id":144030,"href":"https:\/\/www.salzburgerland.com\/de\/magazin\/wp-json\/wp\/v2\/posts\/89003\/revisions\/144030"}],"wp:featuredmedia":[{"embeddable":true,"href":"https:\/\/www.salzburgerland.com\/de\/magazin\/wp-json\/wp\/v2\/media\/89021"}],"wp:attachment":[{"href":"https:\/\/www.salzburgerland.com\/de\/magazin\/wp-json\/wp\/v2\/media?parent=89003"}],"wp:term":[{"taxonomy":"category","embeddable":true,"href":"https:\/\/www.salzburgerland.com\/de\/magazin\/wp-json\/wp\/v2\/categories?post=89003"},{"taxonomy":"post_tag","embeddable":true,"href":"https:\/\/www.salzburgerland.com\/de\/magazin\/wp-json\/wp\/v2\/tags?post=89003"},{"taxonomy":"wl_entity_type","embeddable":true,"href":"https:\/\/www.salzburgerland.com\/de\/magazin\/wp-json\/wp\/v2\/wl_entity_type?post=89003"},{"taxonomy":"monatsauswahl","embeddable":true,"href":"https:\/\/www.salzburgerland.com\/de\/magazin\/wp-json\/wp\/v2\/monatsauswahl?post=89003"}],"curies":[{"name":"wp","href":"https:\/\/api.w.org\/{rel}","templated":true}]}}