{"id":88875,"date":"2015-05-25T09:00:25","date_gmt":"2015-05-25T07:00:25","guid":{"rendered":"http:\/\/magazin.salzburgerland.com\/?p=88875"},"modified":"2019-06-26T20:18:06","modified_gmt":"2019-06-26T18:18:06","slug":"das-salzburger-literaturfest","status":"publish","type":"post","link":"https:\/\/www.salzburgerland.com\/de\/magazin\/das-salzburger-literaturfest\/","title":{"rendered":"Das Salzburger Literaturfest"},"content":{"rendered":"<p><b>Ein Fest der Literaturseligkeit<br \/> <\/b>Alles begann mit einer Idee: Den Menschen die hohe Kunst der Literatur n\u00e4her zu bringen. Und deutschsprachige Neuerscheinungen im stimmungsvollen Rahmen vorzustellen. So wurde das Salzburger Literaturfest ins Leben gerufen und begeistert neugierige Literaturlaien ebenso wie belesene Experten. Denn in den sch\u00f6nsten Locations der Salzburger Altstadt werden seit dem Jahre 2007 an f\u00fcnf Tagen im Mai die Werke von vielseitigen Literaten vorgetragen. Dabei geht es l\u00e4ngst nicht nur um das Lesen und Zuh\u00f6ren, sondern um einen stimmungsvollen Ausflug in die geheimnisvolle und spannende Welt der Literatur unserer Sprache.<\/p>\n<p><strong>Tiefsinnige Zitate<br \/> <\/strong>Christa G\u00fcrtler, Jochen Jung und Klaus Seufer-Wasserthal, die engagierten Veranstalter dieses beliebten Festes, leiten diese Veranstaltung der besonderen Art, das stets unter dem Motto eines zeitgen\u00f6ssischen Themas statt findet. Passend dazu werden die Schaufenster der Altstadt mit Zitaten geschm\u00fcckt, so wie im Jahre 2014 mit den Aphorismen den gro\u00dfen Literaten Georg Trakl anl\u00e4sslich seinen 100. Todestages.<\/p>\n<p><strong>In <strong>Salzburgs sch\u00f6nsten<\/strong>\u00a0 Locations<br \/> <\/strong>Im <a href=\"http:\/\/www.salzburgmuseum.at\/\" target=\"_blank\" rel=\"noopener noreferrer\">Salzburg Museum<\/a>, im <a href=\"http:\/\/www.salzburgerfestspiele.at\/institution\/spielst\u00e4tten\/spielst\u00e4tten-details\/oid\/128\" target=\"_blank\" rel=\"noopener noreferrer\">Haus f\u00fcr Mozart<\/a>, in der Stadt:Bibliothek oder in der <a href=\"http:\/\/www.uni-salzburg.at\/index.php?id=23407\" target=\"_blank\" rel=\"noopener noreferrer\">Gro\u00dfen Universit\u00e4tsaula<\/a>, um nur ein paar der vielen Veranstaltungsorte zu nennen: Hier erleben Zuh\u00f6rer die Literatur auf besondere Art und Weise. Es wird gelesen, gesungen, musiziert und getanzt, denn das Buch lebt nicht vom Buchstaben alleine. Vielmehr geht es beim Literaturfest darum, die Kunst des Schreibens und des Lesens mit allen Sinnen zu erleben.<\/p>\n<p><strong>Kulinarischer Genuss<br \/> <\/strong>Nat\u00fcrlich darf auch das leibliche Wohl nicht zu kurz kommen und so warten beim SPRACH:GENUSS zur Mittasgzeit kulinarische K\u00f6stlichkeiten auf die Besucher aus aller Welt.<\/p>\n<p><strong>Literatur entdecken<br \/> <\/strong>Klassische Literatur ist dabei ebenso zu finden wie tiefgehende Autobiografien, au\u00dfergew\u00f6hnliche Mundartdichtungen oder mitrei\u00dfende Romane. Und mit der Sprache wird experimentiert \u2013 sei es beim Buchstabenkarussel oder beim lyrisch-musikalischen Ausklang am M\u00f6nchsberg. Egal ob SPRACH:MUSIK, SPRACH:B\u00dcHNE oder SPRACH:BEW\u00c4LTIGUNG, das Salzburger Literaturfest ist ein unbedingter Fixpunkt im kulturellen Terminkalender.<\/p>\n<p>Beim Salzburger Literaturfest geht um ein Miteinander, um Verbindung von den unterschiedlichsten Interessen, um Kunst und Kultur inmitten der Salzburger Innenstadt und um wunderbare Unterhaltung. Bei den zahlreichen Veranstaltungen aller Art ist f\u00fcr jeden Geschmack und jedes Ohr das richtige zu finden. So auch bei den speziellen Kindervortr\u00e4gen (besonders sch\u00f6n: &#8222;Sonst noch was&#8220;? und &#8222;Fee!&#8230; Wehe, wenn W\u00fcnsche wahr werden&#8220;) mit eigens abgestimmten Programm f\u00fcr die kleinen Zuh\u00f6rer.<\/p>\n<p><a href=\"https:\/\/www.salzburgerland.com\/de\/magazin\/wp-content\/uploads\/2014\/06\/literaturfest5.jpg\"><img loading=\"lazy\" decoding=\"async\" class=\"alignnone size-magazine-thumb wp-image-88886\" src=\"https:\/\/www.salzburgerland.com\/de\/magazin\/wp-content\/uploads\/2014\/06\/literaturfest5-150x150.jpg\" alt=\"Andreas Hirche am Piano\" width=\"150\" height=\"150\" srcset=\"https:\/\/www.salzburgerland.com\/de\/magazin\/wp-content\/uploads\/2014\/06\/literaturfest5-150x150.jpg 150w, https:\/\/www.salzburgerland.com\/de\/magazin\/wp-content\/uploads\/2014\/06\/literaturfest5-1200x1200.jpg 1200w\" sizes=\"auto, (max-width: 150px) 100vw, 150px\" \/><\/a> <a href=\"https:\/\/www.salzburgerland.com\/de\/magazin\/wp-content\/uploads\/2014\/06\/literaturfest8.jpg\"><img loading=\"lazy\" decoding=\"async\" class=\"alignnone size-magazine-thumb wp-image-88885\" src=\"https:\/\/www.salzburgerland.com\/de\/magazin\/wp-content\/uploads\/2014\/06\/literaturfest8-150x150.jpg\" alt=\"Klaus Seufer-Wasserthal begr\u00fc\u00dft\" width=\"150\" height=\"150\" srcset=\"https:\/\/www.salzburgerland.com\/de\/magazin\/wp-content\/uploads\/2014\/06\/literaturfest8-150x150.jpg 150w, https:\/\/www.salzburgerland.com\/de\/magazin\/wp-content\/uploads\/2014\/06\/literaturfest8-1200x1200.jpg 1200w\" sizes=\"auto, (max-width: 150px) 100vw, 150px\" \/><\/a> <a href=\"https:\/\/www.salzburgerland.com\/de\/magazin\/wp-content\/uploads\/2014\/06\/literaturfest7.jpg\"><img loading=\"lazy\" decoding=\"async\" class=\"alignnone size-magazine-thumb wp-image-88884\" src=\"https:\/\/www.salzburgerland.com\/de\/magazin\/wp-content\/uploads\/2014\/06\/literaturfest7-150x150.jpg\" alt=\"Monika Zeiner live\" width=\"150\" height=\"150\" srcset=\"https:\/\/www.salzburgerland.com\/de\/magazin\/wp-content\/uploads\/2014\/06\/literaturfest7-150x150.jpg 150w, https:\/\/www.salzburgerland.com\/de\/magazin\/wp-content\/uploads\/2014\/06\/literaturfest7-1200x1200.jpg 1200w\" sizes=\"auto, (max-width: 150px) 100vw, 150px\" \/><\/a> <a href=\"https:\/\/www.salzburgerland.com\/de\/magazin\/wp-content\/uploads\/2014\/06\/literaturfest4.jpg\"><img loading=\"lazy\" decoding=\"async\" class=\"alignnone size-magazine-thumb wp-image-88881\" src=\"https:\/\/www.salzburgerland.com\/de\/magazin\/wp-content\/uploads\/2014\/06\/literaturfest4-150x150.jpg\" alt=\"Monika Zeiner\" width=\"150\" height=\"150\" srcset=\"https:\/\/www.salzburgerland.com\/de\/magazin\/wp-content\/uploads\/2014\/06\/literaturfest4-150x150.jpg 150w, https:\/\/www.salzburgerland.com\/de\/magazin\/wp-content\/uploads\/2014\/06\/literaturfest4-1200x1200.jpg 1200w\" sizes=\"auto, (max-width: 150px) 100vw, 150px\" \/><\/a> <a href=\"https:\/\/www.salzburgerland.com\/de\/magazin\/wp-content\/uploads\/2014\/06\/literaturfest9.jpg\"><img loading=\"lazy\" decoding=\"async\" class=\"alignnone size-magazine-thumb wp-image-88882\" src=\"https:\/\/www.salzburgerland.com\/de\/magazin\/wp-content\/uploads\/2014\/06\/literaturfest9-150x150.jpg\" alt=\"Eine Erfrischung an der Bar\" width=\"150\" height=\"150\" srcset=\"https:\/\/www.salzburgerland.com\/de\/magazin\/wp-content\/uploads\/2014\/06\/literaturfest9-150x150.jpg 150w, https:\/\/www.salzburgerland.com\/de\/magazin\/wp-content\/uploads\/2014\/06\/literaturfest9-1200x1200.jpg 1200w\" sizes=\"auto, (max-width: 150px) 100vw, 150px\" \/><\/a> <a href=\"https:\/\/www.salzburgerland.com\/de\/magazin\/wp-content\/uploads\/2014\/06\/literaturfest6.jpg\"><img loading=\"lazy\" decoding=\"async\" class=\"alignnone size-magazine-thumb wp-image-88883\" src=\"https:\/\/www.salzburgerland.com\/de\/magazin\/wp-content\/uploads\/2014\/06\/literaturfest6-150x150.jpg\" alt=\"literaturfest6\" width=\"150\" height=\"150\" srcset=\"https:\/\/www.salzburgerland.com\/de\/magazin\/wp-content\/uploads\/2014\/06\/literaturfest6-150x150.jpg 150w, https:\/\/www.salzburgerland.com\/de\/magazin\/wp-content\/uploads\/2014\/06\/literaturfest6-1200x1200.jpg 1200w\" sizes=\"auto, (max-width: 150px) 100vw, 150px\" \/><\/a> <a href=\"https:\/\/www.salzburgerland.com\/de\/magazin\/wp-content\/uploads\/2014\/06\/literaturfest3.jpg\"><img loading=\"lazy\" decoding=\"async\" class=\"alignnone size-magazine-thumb wp-image-88880\" src=\"https:\/\/www.salzburgerland.com\/de\/magazin\/wp-content\/uploads\/2014\/06\/literaturfest3-150x150.jpg\" alt=\"Edles Ambiente im Hotel Bristol\" width=\"150\" height=\"150\" srcset=\"https:\/\/www.salzburgerland.com\/de\/magazin\/wp-content\/uploads\/2014\/06\/literaturfest3-150x150.jpg 150w, https:\/\/www.salzburgerland.com\/de\/magazin\/wp-content\/uploads\/2014\/06\/literaturfest3-1200x1200.jpg 1200w\" sizes=\"auto, (max-width: 150px) 100vw, 150px\" \/><\/a> <a href=\"https:\/\/www.salzburgerland.com\/de\/magazin\/wp-content\/uploads\/2014\/06\/literaturfest2.jpg\"><img loading=\"lazy\" decoding=\"async\" class=\"alignnone size-magazine-thumb wp-image-88879\" src=\"https:\/\/www.salzburgerland.com\/de\/magazin\/wp-content\/uploads\/2014\/06\/literaturfest2-150x150.jpg\" alt=\"Monika Zeiner und Andreas Hirche\" width=\"150\" height=\"150\" srcset=\"https:\/\/www.salzburgerland.com\/de\/magazin\/wp-content\/uploads\/2014\/06\/literaturfest2-150x150.jpg 150w, https:\/\/www.salzburgerland.com\/de\/magazin\/wp-content\/uploads\/2014\/06\/literaturfest2-1200x1200.jpg 1200w\" sizes=\"auto, (max-width: 150px) 100vw, 150px\" \/><\/a> <a href=\"https:\/\/www.salzburgerland.com\/de\/magazin\/wp-content\/uploads\/2014\/06\/literaturfest1.jpg\"><img loading=\"lazy\" decoding=\"async\" class=\"alignnone size-magazine-thumb wp-image-88878\" src=\"https:\/\/www.salzburgerland.com\/de\/magazin\/wp-content\/uploads\/2014\/06\/literaturfest1-150x150.jpg\" alt=\"Stimmungsvolle Atmosph\u00e4re im Hotel Bristol\" width=\"150\" height=\"150\" srcset=\"https:\/\/www.salzburgerland.com\/de\/magazin\/wp-content\/uploads\/2014\/06\/literaturfest1-150x150.jpg 150w, https:\/\/www.salzburgerland.com\/de\/magazin\/wp-content\/uploads\/2014\/06\/literaturfest1-1200x1200.jpg 1200w\" sizes=\"auto, (max-width: 150px) 100vw, 150px\" \/><\/a> <a href=\"https:\/\/www.salzburgerland.com\/de\/magazin\/wp-content\/uploads\/2014\/06\/literaturfest.jpg\"><img loading=\"lazy\" decoding=\"async\" class=\"alignnone size-magazine-thumb wp-image-88877\" src=\"https:\/\/www.salzburgerland.com\/de\/magazin\/wp-content\/uploads\/2014\/06\/literaturfest-150x150.jpg\" alt=\"Literaturfest: Eine B\u00fchne\" width=\"150\" height=\"150\" srcset=\"https:\/\/www.salzburgerland.com\/de\/magazin\/wp-content\/uploads\/2014\/06\/literaturfest-150x150.jpg 150w, https:\/\/www.salzburgerland.com\/de\/magazin\/wp-content\/uploads\/2014\/06\/literaturfest-1200x1200.jpg 1200w\" sizes=\"auto, (max-width: 150px) 100vw, 150px\" \/><\/a><a href=\"https:\/\/www.salzburgerland.com\/de\/magazin\/wp-content\/uploads\/2014\/06\/litearturfestkinder.jpg\"><img loading=\"lazy\" decoding=\"async\" class=\"alignnone size-magazine-thumb wp-image-89147\" src=\"https:\/\/www.salzburgerland.com\/de\/magazin\/wp-content\/uploads\/2014\/06\/litearturfestkinder-150x150.jpg\" alt=\"litearturfestkinder\" width=\"150\" height=\"150\" srcset=\"https:\/\/www.salzburgerland.com\/de\/magazin\/wp-content\/uploads\/2014\/06\/litearturfestkinder-150x150.jpg 150w, https:\/\/www.salzburgerland.com\/de\/magazin\/wp-content\/uploads\/2014\/06\/litearturfestkinder-1200x1200.jpg 1200w\" sizes=\"auto, (max-width: 150px) 100vw, 150px\" \/><\/a> <a href=\"https:\/\/www.salzburgerland.com\/de\/magazin\/wp-content\/uploads\/2014\/06\/literaturfestlesung.jpg\"><img loading=\"lazy\" decoding=\"async\" class=\"alignnone size-magazine-thumb wp-image-89148\" src=\"https:\/\/www.salzburgerland.com\/de\/magazin\/wp-content\/uploads\/2014\/06\/literaturfestlesung-150x150.jpg\" alt=\"literaturfestlesung\" width=\"150\" height=\"150\" srcset=\"https:\/\/www.salzburgerland.com\/de\/magazin\/wp-content\/uploads\/2014\/06\/literaturfestlesung-150x150.jpg 150w, https:\/\/www.salzburgerland.com\/de\/magazin\/wp-content\/uploads\/2014\/06\/literaturfestlesung-1200x1200.jpg 1200w\" sizes=\"auto, (max-width: 150px) 100vw, 150px\" \/><\/a> <a href=\"https:\/\/www.salzburgerland.com\/de\/magazin\/wp-content\/uploads\/2014\/06\/literaturfestsalzburgmuseum.jpg\"><img loading=\"lazy\" decoding=\"async\" class=\"alignnone size-magazine-thumb wp-image-89149\" src=\"https:\/\/www.salzburgerland.com\/de\/magazin\/wp-content\/uploads\/2014\/06\/literaturfestsalzburgmuseum-150x150.jpg\" alt=\"literaturfestsalzburgmuseum\" width=\"150\" height=\"150\" srcset=\"https:\/\/www.salzburgerland.com\/de\/magazin\/wp-content\/uploads\/2014\/06\/literaturfestsalzburgmuseum-150x150.jpg 150w, https:\/\/www.salzburgerland.com\/de\/magazin\/wp-content\/uploads\/2014\/06\/literaturfestsalzburgmuseum-1200x1200.jpg 1200w\" sizes=\"auto, (max-width: 150px) 100vw, 150px\" \/><\/a><\/p>\n","protected":false},"excerpt":{"rendered":"<p>Ein Fest der Literaturseligkeit Alles begann mit einer Idee: Den Menschen die hohe Kunst der Literatur n\u00e4her zu bringen. Und deutschsprachige Neuerscheinungen im stimmungsvollen Rahmen vorzustellen. So wurde das Salzburger Literaturfest ins Leben gerufen und begeistert neugierige Literaturlaien ebenso wie belesene Experten. Denn in den sch\u00f6nsten Locations der Salzburger Altstadt werden seit dem Jahre 2007 [&hellip;]<\/p>\n","protected":false},"author":482,"featured_media":88879,"comment_status":"open","ping_status":"open","sticky":false,"template":"","format":"standard","meta":{"_acf_changed":false,"wl_entities_gutenberg":"","_wl_entity_redirect_enabled":"","footnotes":""},"categories":[6],"tags":[],"wl_entity_type":[306],"monatsauswahl":[86],"class_list":["post-88875","post","type-post","status-publish","format-standard","has-post-thumbnail","hentry","category-kunst-kultur","wl_entity_type-article","monatsauswahl-monat_5"],"acf":[],"yoast_head":"<!-- This site is optimized with the Yoast SEO Premium plugin v27.4 (Yoast SEO v27.4) - https:\/\/yoast.com\/product\/yoast-seo-premium-wordpress\/ -->\n<title>Das Salzburger Literaturfest - SalzburgerLand Magazin<\/title>\n<meta name=\"description\" content=\"Ein Fest der Literaturseligkeit Alles begann mit einer Idee: Den Menschen die hohe Kunst der Literatur n\u00e4her zu bringen. Und deutschsprachige Neuerscheinungen im stimmungsvollen Rahmen vorzustellen. So wurde das Salzburger Literaturfest ins Leben gerufen und begeistert neugierige Literaturlaien ebenso wie belesene Experten. Denn in den sch\u00f6nsten Locations der Salzburger Altstadt werden seit dem Jahre 2007 [&hellip;]\" \/>\n<meta name=\"robots\" content=\"index, follow, max-snippet:-1, max-image-preview:large, max-video-preview:-1\" \/>\n<link rel=\"canonical\" href=\"https:\/\/www.salzburgerland.com\/de\/magazin\/das-salzburger-literaturfest\/\" \/>\n<meta property=\"og:locale\" content=\"de_DE\" \/>\n<meta property=\"og:type\" content=\"article\" \/>\n<meta property=\"og:title\" content=\"Das Salzburger Literaturfest\" \/>\n<meta property=\"og:description\" content=\"Ein Fest der Literaturseligkeit Alles begann mit einer Idee: Den Menschen die hohe Kunst der Literatur n\u00e4her zu bringen. Und deutschsprachige Neuerscheinungen im stimmungsvollen Rahmen vorzustellen. So wurde das Salzburger Literaturfest ins Leben gerufen und begeistert neugierige Literaturlaien ebenso wie belesene Experten. Denn in den sch\u00f6nsten Locations der Salzburger Altstadt werden seit dem Jahre 2007 [&hellip;]\" \/>\n<meta property=\"og:url\" content=\"https:\/\/www.salzburgerland.com\/de\/magazin\/das-salzburger-literaturfest\/\" \/>\n<meta property=\"og:site_name\" content=\"SalzburgerLand Magazin\" \/>\n<meta property=\"article:publisher\" content=\"https:\/\/www.facebook.com\/salzburgerland\/\" \/>\n<meta property=\"article:published_time\" content=\"2015-05-25T07:00:25+00:00\" \/>\n<meta property=\"article:modified_time\" content=\"2019-06-26T18:18:06+00:00\" \/>\n<meta property=\"og:image\" content=\"https:\/\/www.salzburgerland.com\/de\/magazin\/wp-content\/uploads\/2014\/06\/literaturfest2.jpg\" \/>\n\t<meta property=\"og:image:width\" content=\"1600\" \/>\n\t<meta property=\"og:image:height\" content=\"1332\" \/>\n\t<meta property=\"og:image:type\" content=\"image\/jpeg\" \/>\n<meta name=\"author\" content=\"Magdalena Lublasser-Fazal\" \/>\n<meta name=\"twitter:card\" content=\"summary_large_image\" \/>\n<meta name=\"twitter:creator\" content=\"@Salzburgerland\" \/>\n<meta name=\"twitter:site\" content=\"@Salzburgerland\" \/>\n<meta name=\"twitter:label1\" content=\"Verfasst von\" \/>\n\t<meta name=\"twitter:data1\" content=\"Magdalena Lublasser-Fazal\" \/>\n\t<meta name=\"twitter:label2\" content=\"Gesch\u00e4tzte Lesezeit\" \/>\n\t<meta name=\"twitter:data2\" content=\"2\u00a0Minuten\" \/>\n<script type=\"application\/ld+json\" class=\"yoast-schema-graph\">{\"@context\":\"https:\\\/\\\/schema.org\",\"@graph\":[{\"@type\":\"Article\",\"@id\":\"https:\\\/\\\/www.salzburgerland.com\\\/de\\\/magazin\\\/das-salzburger-literaturfest\\\/#article\",\"isPartOf\":{\"@id\":\"https:\\\/\\\/www.salzburgerland.com\\\/de\\\/magazin\\\/das-salzburger-literaturfest\\\/\"},\"author\":{\"name\":\"Magdalena Lublasser-Fazal\",\"@id\":\"https:\\\/\\\/www.salzburgerland.com\\\/de\\\/magazin\\\/#\\\/schema\\\/person\\\/f4e5670b6a3cc9fcea30e5908634464b\"},\"headline\":\"Das Salzburger Literaturfest\",\"datePublished\":\"2015-05-25T07:00:25+00:00\",\"dateModified\":\"2019-06-26T18:18:06+00:00\",\"mainEntityOfPage\":{\"@id\":\"https:\\\/\\\/www.salzburgerland.com\\\/de\\\/magazin\\\/das-salzburger-literaturfest\\\/\"},\"wordCount\":399,\"commentCount\":0,\"publisher\":{\"@id\":\"https:\\\/\\\/www.salzburgerland.com\\\/de\\\/magazin\\\/#organization\"},\"image\":{\"@id\":\"https:\\\/\\\/www.salzburgerland.com\\\/de\\\/magazin\\\/das-salzburger-literaturfest\\\/#primaryimage\"},\"thumbnailUrl\":\"https:\\\/\\\/www.salzburgerland.com\\\/de\\\/magazin\\\/wp-content\\\/uploads\\\/2014\\\/06\\\/literaturfest2.jpg\",\"articleSection\":[\"Kunst &amp; Kultur\"],\"inLanguage\":\"de\",\"potentialAction\":[{\"@type\":\"CommentAction\",\"name\":\"Comment\",\"target\":[\"https:\\\/\\\/www.salzburgerland.com\\\/de\\\/magazin\\\/das-salzburger-literaturfest\\\/#respond\"]}]},{\"@type\":\"WebPage\",\"@id\":\"https:\\\/\\\/www.salzburgerland.com\\\/de\\\/magazin\\\/das-salzburger-literaturfest\\\/\",\"url\":\"https:\\\/\\\/www.salzburgerland.com\\\/de\\\/magazin\\\/das-salzburger-literaturfest\\\/\",\"name\":\"Das Salzburger Literaturfest - SalzburgerLand Magazin\",\"isPartOf\":{\"@id\":\"https:\\\/\\\/www.salzburgerland.com\\\/de\\\/magazin\\\/#website\"},\"primaryImageOfPage\":{\"@id\":\"https:\\\/\\\/www.salzburgerland.com\\\/de\\\/magazin\\\/das-salzburger-literaturfest\\\/#primaryimage\"},\"image\":{\"@id\":\"https:\\\/\\\/www.salzburgerland.com\\\/de\\\/magazin\\\/das-salzburger-literaturfest\\\/#primaryimage\"},\"thumbnailUrl\":\"https:\\\/\\\/www.salzburgerland.com\\\/de\\\/magazin\\\/wp-content\\\/uploads\\\/2014\\\/06\\\/literaturfest2.jpg\",\"datePublished\":\"2015-05-25T07:00:25+00:00\",\"dateModified\":\"2019-06-26T18:18:06+00:00\",\"breadcrumb\":{\"@id\":\"https:\\\/\\\/www.salzburgerland.com\\\/de\\\/magazin\\\/das-salzburger-literaturfest\\\/#breadcrumb\"},\"inLanguage\":\"de\",\"potentialAction\":[{\"@type\":\"ReadAction\",\"target\":[\"https:\\\/\\\/www.salzburgerland.com\\\/de\\\/magazin\\\/das-salzburger-literaturfest\\\/\"]}]},{\"@type\":\"ImageObject\",\"inLanguage\":\"de\",\"@id\":\"https:\\\/\\\/www.salzburgerland.com\\\/de\\\/magazin\\\/das-salzburger-literaturfest\\\/#primaryimage\",\"url\":\"https:\\\/\\\/www.salzburgerland.com\\\/de\\\/magazin\\\/wp-content\\\/uploads\\\/2014\\\/06\\\/literaturfest2.jpg\",\"contentUrl\":\"https:\\\/\\\/www.salzburgerland.com\\\/de\\\/magazin\\\/wp-content\\\/uploads\\\/2014\\\/06\\\/literaturfest2.jpg\",\"width\":1600,\"height\":1332,\"caption\":\"Eine Frau singt in ein Mikrofon, w\u00e4hrend ein Mann in einem warm beleuchteten Raum mit Kunst an der Wand hinter ihnen Klavier spielt.\"},{\"@type\":\"BreadcrumbList\",\"@id\":\"https:\\\/\\\/www.salzburgerland.com\\\/de\\\/magazin\\\/das-salzburger-literaturfest\\\/#breadcrumb\",\"itemListElement\":[{\"@type\":\"ListItem\",\"position\":1,\"name\":\"Startseite\",\"item\":\"https:\\\/\\\/www.salzburgerland.com\\\/de\\\/magazin\\\/\"},{\"@type\":\"ListItem\",\"position\":2,\"name\":\"Kunst &amp; Kultur\",\"item\":\"https:\\\/\\\/www.salzburgerland.com\\\/de\\\/magazin\\\/thema\\\/kunst-kultur\\\/\"},{\"@type\":\"ListItem\",\"position\":3,\"name\":\"Das Salzburger Literaturfest\"}]},{\"@type\":\"WebSite\",\"@id\":\"https:\\\/\\\/www.salzburgerland.com\\\/de\\\/magazin\\\/#website\",\"url\":\"https:\\\/\\\/www.salzburgerland.com\\\/de\\\/magazin\\\/\",\"name\":\"SalzburgerLand Magazin\",\"description\":\"Geschichten und Interessantes aus dem SalzburgerLand\",\"publisher\":{\"@id\":\"https:\\\/\\\/www.salzburgerland.com\\\/de\\\/magazin\\\/#organization\"},\"potentialAction\":[{\"@type\":\"SearchAction\",\"target\":{\"@type\":\"EntryPoint\",\"urlTemplate\":\"https:\\\/\\\/www.salzburgerland.com\\\/de\\\/magazin\\\/?s={search_term_string}\"},\"query-input\":{\"@type\":\"PropertyValueSpecification\",\"valueRequired\":true,\"valueName\":\"search_term_string\"}}],\"inLanguage\":\"de\"},{\"@type\":\"Organization\",\"@id\":\"https:\\\/\\\/www.salzburgerland.com\\\/de\\\/magazin\\\/#organization\",\"name\":\"SalzburgerLand Tourismus\",\"url\":\"https:\\\/\\\/www.salzburgerland.com\\\/de\\\/magazin\\\/\",\"logo\":{\"@type\":\"ImageObject\",\"inLanguage\":\"de\",\"@id\":\"https:\\\/\\\/www.salzburgerland.com\\\/de\\\/magazin\\\/#\\\/schema\\\/logo\\\/image\\\/\",\"url\":\"https:\\\/\\\/www.salzburgerland.com\\\/de\\\/magazin\\\/wp-content\\\/uploads\\\/2019\\\/06\\\/salzburgerland-logo1.jpg\",\"contentUrl\":\"https:\\\/\\\/www.salzburgerland.com\\\/de\\\/magazin\\\/wp-content\\\/uploads\\\/2019\\\/06\\\/salzburgerland-logo1.jpg\",\"width\":2011,\"height\":866,\"caption\":\"SalzburgerLand Tourismus\"},\"image\":{\"@id\":\"https:\\\/\\\/www.salzburgerland.com\\\/de\\\/magazin\\\/#\\\/schema\\\/logo\\\/image\\\/\"},\"sameAs\":[\"https:\\\/\\\/www.facebook.com\\\/salzburgerland\\\/\",\"https:\\\/\\\/x.com\\\/Salzburgerland\",\"https:\\\/\\\/www.instagram.com\\\/salzburgerland\\\/\",\"https:\\\/\\\/at.linkedin.com\\\/company\\\/salzburgerland-tourismus-gmbh\",\"https:\\\/\\\/www.pinterest.at\\\/salzburgerland\\\/\",\"https:\\\/\\\/www.youtube.com\\\/user\\\/salzburgerland\",\"https:\\\/\\\/de.wikipedia.org\\\/wiki\\\/SalzburgerLand_Tourismus_GmbH\"]},{\"@type\":\"Person\",\"@id\":\"https:\\\/\\\/www.salzburgerland.com\\\/de\\\/magazin\\\/#\\\/schema\\\/person\\\/f4e5670b6a3cc9fcea30e5908634464b\",\"name\":\"Magdalena Lublasser-Fazal\",\"description\":\"Geboren im sch\u00f6nen Pinzgau, aufgewachsen in der kulturtr\u00e4chtigen Salzburger Altstadt und sesshaft geworden im Flachgau ist Magdalena Fazal-Ahmad ein Salzburgerin mit Leib und Seele. Dabei ist es die einzigartige Mischung, die f\u00fcr sie die Faszination ihrer Heimat ausmacht. An einem fr\u00fchen Fr\u00fchlingsmorgen den Sonnenaufgang hinter den Berggipfeln erleben, mit dem Fahrrad durch die Altstadt radeln und dabei Geschichte und Architektur bewundern und den Nachmittagskaffee auf der Sonnenterasse am M\u00f6nchsberg genie\u00dfen - so sieht ihr perfekter Tag aus. Wenn der Abend dann noch mit einem Sonnenuntergang am Gaisberg ausklingt, ist die Idylle perfekt.\u00a0 In Ihrer Freizeit besch\u00e4ftigt sie sich gerne mit Sport, Kultur, Kulinarik und Tradition. Und gl\u00fccklicherweise kann sie diese Interessen in ihrer Berufung als Freie Journalistin so sch\u00f6n vereinen. Fr\u00fchling, Sommer, Herbst oder Winter? Jede Jahreszeit hat ihre sch\u00f6nen Seiten und gerade diese Vielfalt ist es, die mir bestimmt abgehen w\u00fcrde, wenn ich in einer anderen Klimazone wohnen w\u00fcrde. Meine Mama sagt immer, das man die Jahreszeit am liebsten mag, in der man geboren ist. Und als M\u00e4rz-Kind hab ich den Fr\u00fchling schon besonders gerne. Morgen- oder Abendmensch? Definitiv Morgenmensch! Nichts ist sch\u00f6ner, als das Gef\u00fchl bereits vor Sonnenaufgang unterwegs zu sein und die einzigartige Stimmung beim Morgenlauf zu genie\u00dfen. So kann der Tag nur gut werden. Den Abend lasse ich am liebsten gem\u00fctlich bei einer Tasse Tee ausklingen. Salzburger Nockerl oder Schwarzbeernocken? Auch wenn der s\u00fc\u00dfe Eischnee f\u00fcr die imposanten Gipfel der Salzburger Berge steht sind mir die Schwarzbeernocken schon lieber - weniger s\u00fc\u00df und daf\u00fcr umso fruchtiger. Am besten schmecken sie nat\u00fcrlich mit selbstgepfl\u00fcckten Schwoazbeern von der morgendlichen Almwanderung. Haubenlokal oder Ab-Hof-Laden? So ein f\u00fcnf G\u00e4nge Men\u00fc mit ausgefallenen Kreationen ist schon ein besonderes Erlebnis und ein Mal im Jahr freue ich mich \u00fcber einen Ausflug in die Haute Cuisine. Der w\u00f6chentlichen Einkauf beim Bauern ums Eck ist ein fixer Bestandteil meines Alltags. Mountainbike oder Rennrad? Je nach Stimmung: Zum richtigen Auspowern und Wadlst\u00e4hlen geht`s mit dem Mountainbike \u00fcber Stock und Stein auf den Gaisberg, um den Kopf frei zu machen wird mit dem Rennrad eine Runde durchs Salzburger Seengebiet gedreht. &nbsp; &nbsp; &nbsp; &nbsp;\",\"url\":\"https:\\\/\\\/www.salzburgerland.com\\\/de\\\/magazin\\\/author\\\/magdalena-lublasser-fazal\\\/\"}]}<\/script>\n<!-- \/ Yoast SEO Premium plugin. -->","yoast_head_json":{"title":"Das Salzburger Literaturfest - SalzburgerLand Magazin","description":"Ein Fest der Literaturseligkeit Alles begann mit einer Idee: Den Menschen die hohe Kunst der Literatur n\u00e4her zu bringen. Und deutschsprachige Neuerscheinungen im stimmungsvollen Rahmen vorzustellen. So wurde das Salzburger Literaturfest ins Leben gerufen und begeistert neugierige Literaturlaien ebenso wie belesene Experten. Denn in den sch\u00f6nsten Locations der Salzburger Altstadt werden seit dem Jahre 2007 [&hellip;]","robots":{"index":"index","follow":"follow","max-snippet":"max-snippet:-1","max-image-preview":"max-image-preview:large","max-video-preview":"max-video-preview:-1"},"canonical":"https:\/\/www.salzburgerland.com\/de\/magazin\/das-salzburger-literaturfest\/","og_locale":"de_DE","og_type":"article","og_title":"Das Salzburger Literaturfest","og_description":"Ein Fest der Literaturseligkeit Alles begann mit einer Idee: Den Menschen die hohe Kunst der Literatur n\u00e4her zu bringen. Und deutschsprachige Neuerscheinungen im stimmungsvollen Rahmen vorzustellen. So wurde das Salzburger Literaturfest ins Leben gerufen und begeistert neugierige Literaturlaien ebenso wie belesene Experten. Denn in den sch\u00f6nsten Locations der Salzburger Altstadt werden seit dem Jahre 2007 [&hellip;]","og_url":"https:\/\/www.salzburgerland.com\/de\/magazin\/das-salzburger-literaturfest\/","og_site_name":"SalzburgerLand Magazin","article_publisher":"https:\/\/www.facebook.com\/salzburgerland\/","article_published_time":"2015-05-25T07:00:25+00:00","article_modified_time":"2019-06-26T18:18:06+00:00","og_image":[{"width":1600,"height":1332,"url":"https:\/\/www.salzburgerland.com\/de\/magazin\/wp-content\/uploads\/2014\/06\/literaturfest2.jpg","type":"image\/jpeg"}],"author":"Magdalena Lublasser-Fazal","twitter_card":"summary_large_image","twitter_creator":"@Salzburgerland","twitter_site":"@Salzburgerland","twitter_misc":{"Verfasst von":"Magdalena Lublasser-Fazal","Gesch\u00e4tzte Lesezeit":"2\u00a0Minuten"},"schema":{"@context":"https:\/\/schema.org","@graph":[{"@type":"Article","@id":"https:\/\/www.salzburgerland.com\/de\/magazin\/das-salzburger-literaturfest\/#article","isPartOf":{"@id":"https:\/\/www.salzburgerland.com\/de\/magazin\/das-salzburger-literaturfest\/"},"author":{"name":"Magdalena Lublasser-Fazal","@id":"https:\/\/www.salzburgerland.com\/de\/magazin\/#\/schema\/person\/f4e5670b6a3cc9fcea30e5908634464b"},"headline":"Das Salzburger Literaturfest","datePublished":"2015-05-25T07:00:25+00:00","dateModified":"2019-06-26T18:18:06+00:00","mainEntityOfPage":{"@id":"https:\/\/www.salzburgerland.com\/de\/magazin\/das-salzburger-literaturfest\/"},"wordCount":399,"commentCount":0,"publisher":{"@id":"https:\/\/www.salzburgerland.com\/de\/magazin\/#organization"},"image":{"@id":"https:\/\/www.salzburgerland.com\/de\/magazin\/das-salzburger-literaturfest\/#primaryimage"},"thumbnailUrl":"https:\/\/www.salzburgerland.com\/de\/magazin\/wp-content\/uploads\/2014\/06\/literaturfest2.jpg","articleSection":["Kunst &amp; Kultur"],"inLanguage":"de","potentialAction":[{"@type":"CommentAction","name":"Comment","target":["https:\/\/www.salzburgerland.com\/de\/magazin\/das-salzburger-literaturfest\/#respond"]}]},{"@type":"WebPage","@id":"https:\/\/www.salzburgerland.com\/de\/magazin\/das-salzburger-literaturfest\/","url":"https:\/\/www.salzburgerland.com\/de\/magazin\/das-salzburger-literaturfest\/","name":"Das Salzburger Literaturfest - SalzburgerLand Magazin","isPartOf":{"@id":"https:\/\/www.salzburgerland.com\/de\/magazin\/#website"},"primaryImageOfPage":{"@id":"https:\/\/www.salzburgerland.com\/de\/magazin\/das-salzburger-literaturfest\/#primaryimage"},"image":{"@id":"https:\/\/www.salzburgerland.com\/de\/magazin\/das-salzburger-literaturfest\/#primaryimage"},"thumbnailUrl":"https:\/\/www.salzburgerland.com\/de\/magazin\/wp-content\/uploads\/2014\/06\/literaturfest2.jpg","datePublished":"2015-05-25T07:00:25+00:00","dateModified":"2019-06-26T18:18:06+00:00","breadcrumb":{"@id":"https:\/\/www.salzburgerland.com\/de\/magazin\/das-salzburger-literaturfest\/#breadcrumb"},"inLanguage":"de","potentialAction":[{"@type":"ReadAction","target":["https:\/\/www.salzburgerland.com\/de\/magazin\/das-salzburger-literaturfest\/"]}]},{"@type":"ImageObject","inLanguage":"de","@id":"https:\/\/www.salzburgerland.com\/de\/magazin\/das-salzburger-literaturfest\/#primaryimage","url":"https:\/\/www.salzburgerland.com\/de\/magazin\/wp-content\/uploads\/2014\/06\/literaturfest2.jpg","contentUrl":"https:\/\/www.salzburgerland.com\/de\/magazin\/wp-content\/uploads\/2014\/06\/literaturfest2.jpg","width":1600,"height":1332,"caption":"Eine Frau singt in ein Mikrofon, w\u00e4hrend ein Mann in einem warm beleuchteten Raum mit Kunst an der Wand hinter ihnen Klavier spielt."},{"@type":"BreadcrumbList","@id":"https:\/\/www.salzburgerland.com\/de\/magazin\/das-salzburger-literaturfest\/#breadcrumb","itemListElement":[{"@type":"ListItem","position":1,"name":"Startseite","item":"https:\/\/www.salzburgerland.com\/de\/magazin\/"},{"@type":"ListItem","position":2,"name":"Kunst &amp; Kultur","item":"https:\/\/www.salzburgerland.com\/de\/magazin\/thema\/kunst-kultur\/"},{"@type":"ListItem","position":3,"name":"Das Salzburger Literaturfest"}]},{"@type":"WebSite","@id":"https:\/\/www.salzburgerland.com\/de\/magazin\/#website","url":"https:\/\/www.salzburgerland.com\/de\/magazin\/","name":"SalzburgerLand Magazin","description":"Geschichten und Interessantes aus dem SalzburgerLand","publisher":{"@id":"https:\/\/www.salzburgerland.com\/de\/magazin\/#organization"},"potentialAction":[{"@type":"SearchAction","target":{"@type":"EntryPoint","urlTemplate":"https:\/\/www.salzburgerland.com\/de\/magazin\/?s={search_term_string}"},"query-input":{"@type":"PropertyValueSpecification","valueRequired":true,"valueName":"search_term_string"}}],"inLanguage":"de"},{"@type":"Organization","@id":"https:\/\/www.salzburgerland.com\/de\/magazin\/#organization","name":"SalzburgerLand Tourismus","url":"https:\/\/www.salzburgerland.com\/de\/magazin\/","logo":{"@type":"ImageObject","inLanguage":"de","@id":"https:\/\/www.salzburgerland.com\/de\/magazin\/#\/schema\/logo\/image\/","url":"https:\/\/www.salzburgerland.com\/de\/magazin\/wp-content\/uploads\/2019\/06\/salzburgerland-logo1.jpg","contentUrl":"https:\/\/www.salzburgerland.com\/de\/magazin\/wp-content\/uploads\/2019\/06\/salzburgerland-logo1.jpg","width":2011,"height":866,"caption":"SalzburgerLand Tourismus"},"image":{"@id":"https:\/\/www.salzburgerland.com\/de\/magazin\/#\/schema\/logo\/image\/"},"sameAs":["https:\/\/www.facebook.com\/salzburgerland\/","https:\/\/x.com\/Salzburgerland","https:\/\/www.instagram.com\/salzburgerland\/","https:\/\/at.linkedin.com\/company\/salzburgerland-tourismus-gmbh","https:\/\/www.pinterest.at\/salzburgerland\/","https:\/\/www.youtube.com\/user\/salzburgerland","https:\/\/de.wikipedia.org\/wiki\/SalzburgerLand_Tourismus_GmbH"]},{"@type":"Person","@id":"https:\/\/www.salzburgerland.com\/de\/magazin\/#\/schema\/person\/f4e5670b6a3cc9fcea30e5908634464b","name":"Magdalena Lublasser-Fazal","description":"Geboren im sch\u00f6nen Pinzgau, aufgewachsen in der kulturtr\u00e4chtigen Salzburger Altstadt und sesshaft geworden im Flachgau ist Magdalena Fazal-Ahmad ein Salzburgerin mit Leib und Seele. Dabei ist es die einzigartige Mischung, die f\u00fcr sie die Faszination ihrer Heimat ausmacht. An einem fr\u00fchen Fr\u00fchlingsmorgen den Sonnenaufgang hinter den Berggipfeln erleben, mit dem Fahrrad durch die Altstadt radeln und dabei Geschichte und Architektur bewundern und den Nachmittagskaffee auf der Sonnenterasse am M\u00f6nchsberg genie\u00dfen - so sieht ihr perfekter Tag aus. Wenn der Abend dann noch mit einem Sonnenuntergang am Gaisberg ausklingt, ist die Idylle perfekt.\u00a0 In Ihrer Freizeit besch\u00e4ftigt sie sich gerne mit Sport, Kultur, Kulinarik und Tradition. Und gl\u00fccklicherweise kann sie diese Interessen in ihrer Berufung als Freie Journalistin so sch\u00f6n vereinen. Fr\u00fchling, Sommer, Herbst oder Winter? Jede Jahreszeit hat ihre sch\u00f6nen Seiten und gerade diese Vielfalt ist es, die mir bestimmt abgehen w\u00fcrde, wenn ich in einer anderen Klimazone wohnen w\u00fcrde. Meine Mama sagt immer, das man die Jahreszeit am liebsten mag, in der man geboren ist. Und als M\u00e4rz-Kind hab ich den Fr\u00fchling schon besonders gerne. Morgen- oder Abendmensch? Definitiv Morgenmensch! Nichts ist sch\u00f6ner, als das Gef\u00fchl bereits vor Sonnenaufgang unterwegs zu sein und die einzigartige Stimmung beim Morgenlauf zu genie\u00dfen. So kann der Tag nur gut werden. Den Abend lasse ich am liebsten gem\u00fctlich bei einer Tasse Tee ausklingen. Salzburger Nockerl oder Schwarzbeernocken? Auch wenn der s\u00fc\u00dfe Eischnee f\u00fcr die imposanten Gipfel der Salzburger Berge steht sind mir die Schwarzbeernocken schon lieber - weniger s\u00fc\u00df und daf\u00fcr umso fruchtiger. Am besten schmecken sie nat\u00fcrlich mit selbstgepfl\u00fcckten Schwoazbeern von der morgendlichen Almwanderung. Haubenlokal oder Ab-Hof-Laden? So ein f\u00fcnf G\u00e4nge Men\u00fc mit ausgefallenen Kreationen ist schon ein besonderes Erlebnis und ein Mal im Jahr freue ich mich \u00fcber einen Ausflug in die Haute Cuisine. Der w\u00f6chentlichen Einkauf beim Bauern ums Eck ist ein fixer Bestandteil meines Alltags. Mountainbike oder Rennrad? Je nach Stimmung: Zum richtigen Auspowern und Wadlst\u00e4hlen geht`s mit dem Mountainbike \u00fcber Stock und Stein auf den Gaisberg, um den Kopf frei zu machen wird mit dem Rennrad eine Runde durchs Salzburger Seengebiet gedreht. &nbsp; &nbsp; &nbsp; &nbsp;","url":"https:\/\/www.salzburgerland.com\/de\/magazin\/author\/magdalena-lublasser-fazal\/"}]}},"_wl_alt_label":[],"wl:entity_url":"http:\/\/open.salzburgerland.com\/magazin\/post\/das_salzburger_literaturfest","_links":{"self":[{"href":"https:\/\/www.salzburgerland.com\/de\/magazin\/wp-json\/wp\/v2\/posts\/88875","targetHints":{"allow":["GET"]}}],"collection":[{"href":"https:\/\/www.salzburgerland.com\/de\/magazin\/wp-json\/wp\/v2\/posts"}],"about":[{"href":"https:\/\/www.salzburgerland.com\/de\/magazin\/wp-json\/wp\/v2\/types\/post"}],"author":[{"embeddable":true,"href":"https:\/\/www.salzburgerland.com\/de\/magazin\/wp-json\/wp\/v2\/users\/482"}],"replies":[{"embeddable":true,"href":"https:\/\/www.salzburgerland.com\/de\/magazin\/wp-json\/wp\/v2\/comments?post=88875"}],"version-history":[{"count":0,"href":"https:\/\/www.salzburgerland.com\/de\/magazin\/wp-json\/wp\/v2\/posts\/88875\/revisions"}],"wp:featuredmedia":[{"embeddable":true,"href":"https:\/\/www.salzburgerland.com\/de\/magazin\/wp-json\/wp\/v2\/media\/88879"}],"wp:attachment":[{"href":"https:\/\/www.salzburgerland.com\/de\/magazin\/wp-json\/wp\/v2\/media?parent=88875"}],"wp:term":[{"taxonomy":"category","embeddable":true,"href":"https:\/\/www.salzburgerland.com\/de\/magazin\/wp-json\/wp\/v2\/categories?post=88875"},{"taxonomy":"post_tag","embeddable":true,"href":"https:\/\/www.salzburgerland.com\/de\/magazin\/wp-json\/wp\/v2\/tags?post=88875"},{"taxonomy":"wl_entity_type","embeddable":true,"href":"https:\/\/www.salzburgerland.com\/de\/magazin\/wp-json\/wp\/v2\/wl_entity_type?post=88875"},{"taxonomy":"monatsauswahl","embeddable":true,"href":"https:\/\/www.salzburgerland.com\/de\/magazin\/wp-json\/wp\/v2\/monatsauswahl?post=88875"}],"curies":[{"name":"wp","href":"https:\/\/api.w.org\/{rel}","templated":true}]}}