{"id":87493,"date":"2025-04-01T07:00:00","date_gmt":"2025-04-01T05:00:00","guid":{"rendered":"http:\/\/magazin.salzburgerland.com\/?p=87493"},"modified":"2026-04-30T10:11:27","modified_gmt":"2026-04-30T08:11:27","slug":"almsommer-im-salzburgerland","status":"publish","type":"post","link":"https:\/\/www.salzburgerland.com\/de\/magazin\/almsommer-im-salzburgerland\/","title":{"rendered":"Salzburger Almsommer"},"content":{"rendered":"\n<h2 class=\"wp-block-slt-subtitle\">Es wird Sommer im SalzburgerLand<\/h2>\n\n\n\n<p class=\"wp-block-slt-intro\">Wenn auch die letzten Schneefelder auf den Almen l\u00e4ngst geschmolzen sind und die Tiere ihr Sommerquartier am Berg bezogen haben, dann beginnt der <a href=\"https:\/\/www.salzburgerland.com\/de\/almsommer\/\" target=\"_blank\" rel=\"noreferrer noopener\">Salzburger Almsommer<\/a>.&nbsp;Wir freuen uns auf  die Almsommer-Er\u00f6ffnung, wundersch\u00f6ne Familienwanderungen und leckere H\u00fcttenschmankerl.<\/p>\n\n\n\n<p>War die Alm fr\u00fcher der Ort, an dem Senner und Sennerin den Sommer verbrachten, das Vieh h\u00fcteten und k\u00f6stliche Produkte herstellten, so ist das Ziel der Almwanderung heute ein Sinnbild f\u00fcr Erholung, Genuss und Krafttanken. Dank der flei\u00dfigen Almleut` warten auf den <a href=\"https:\/\/www.salzburgerland.com\/de\/ausgezeichnete-almsommerhuetten-huette-des-jahres\/\" target=\"_blank\" rel=\"noreferrer noopener\">rund 165&nbsp;Almsommerh\u00fctten<\/a> auch heute noch frische Buttermilch, g`schmackige Brettljause und ein k\u00f6stlicher Bauernkrapfen auf brave Wanderer. <\/p>\n\n\n\n<figure class=\"wp-block-image size-full\"><img loading=\"lazy\" decoding=\"async\" width=\"1200\" height=\"788\" src=\"https:\/\/www.salzburgerland.com\/de\/magazin\/wp-content\/uploads\/2013\/08\/Almsommerhuttenwahl.jpg\" alt=\"Almsommer im Salzburgerland\" class=\"wp-image-40422\" srcset=\"https:\/\/www.salzburgerland.com\/de\/magazin\/wp-content\/uploads\/2013\/08\/Almsommerhuttenwahl.jpg 1200w, https:\/\/www.salzburgerland.com\/de\/magazin\/wp-content\/uploads\/2013\/08\/Almsommerhuttenwahl-300x197.jpg 300w, https:\/\/www.salzburgerland.com\/de\/magazin\/wp-content\/uploads\/2013\/08\/Almsommerhuttenwahl-838x550.jpg 838w, https:\/\/www.salzburgerland.com\/de\/magazin\/wp-content\/uploads\/2013\/08\/Almsommerhuttenwahl-609x400.jpg 609w\" sizes=\"auto, (max-width: 1200px) 100vw, 1200px\" \/><\/figure>\n\n\n\n<h2 class=\"wp-block-heading\" id=\"h-wir-feiern-den-almsommer\">Wir feiern den Almsommer<\/h2>\n\n\n\n<p>Offiziell wird der Almsommer dieses Jahr am 14. Juni 2026 auf der <a href=\"https:\/\/www.untersulzberghof.at\/seite-3\/unsere-alm\/\" target=\"_blank\" rel=\"noreferrer noopener\">Tauernkarleitenalm inmitten der Radst\u00e4dter Tauern<\/a> eingel\u00e4utet. Dort findet das offizielle <a href=\"https:\/\/www.salzburgerland.com\/de\/almsommer-eroeffnung-und-events\/\" target=\"_blank\" rel=\"noreferrer noopener\">Fest zur Almsommerer\u00f6ffnung<\/a> ab 11 Uhr statt. Freut euch auf ein Rahmenprogramm mit Musik und k\u00f6stlichen Almschmankerln!\u00a0In diesem besonderen Rahmen wird nicht nur der offizielle Start in den Salzburger Almsommer gefeiert, sondern zugleich ein ganz besonderes Jubil\u00e4um begangen: 20 Jahre Salzburger Almenweg. Die Tauernkarleitenalm liegt direkt an Etappe 18 des beliebten Weitwanderklassikers und bietet damit die perfekte Kulisse, um dieses Jubil\u00e4um geb\u00fchrend zu feiern.<\/p>\n\n\n\n<figure class=\"wp-block-image size-full\"><img loading=\"lazy\" decoding=\"async\" width=\"2400\" height=\"1600\" src=\"https:\/\/www.salzburgerland.com\/de\/magazin\/wp-content\/uploads\/2022\/05\/Alm.Michi\u00a9Matthias-Fritzenwallner-12.jpg\" alt=\"Vier Personen genie\u00dfen eine Mahlzeit vor der urigen Tauernkarleitenalm mit den Radst\u00e4dter Tauern im Hintergrund.\" class=\"wp-image-162658\" srcset=\"https:\/\/www.salzburgerland.com\/de\/magazin\/wp-content\/uploads\/2022\/05\/Alm.Michi\u00a9Matthias-Fritzenwallner-12.jpg 2400w, https:\/\/www.salzburgerland.com\/de\/magazin\/wp-content\/uploads\/2022\/05\/Alm.Michi\u00a9Matthias-Fritzenwallner-12-300x200.jpg 300w, https:\/\/www.salzburgerland.com\/de\/magazin\/wp-content\/uploads\/2022\/05\/Alm.Michi\u00a9Matthias-Fritzenwallner-12-1536x1024.jpg 1536w, https:\/\/www.salzburgerland.com\/de\/magazin\/wp-content\/uploads\/2022\/05\/Alm.Michi\u00a9Matthias-Fritzenwallner-12-2048x1365.jpg 2048w, https:\/\/www.salzburgerland.com\/de\/magazin\/wp-content\/uploads\/2022\/05\/Alm.Michi\u00a9Matthias-Fritzenwallner-12-825x550.jpg 825w, https:\/\/www.salzburgerland.com\/de\/magazin\/wp-content\/uploads\/2022\/05\/Alm.Michi\u00a9Matthias-Fritzenwallner-12-600x400.jpg 600w, https:\/\/www.salzburgerland.com\/de\/magazin\/wp-content\/uploads\/2022\/05\/Alm.Michi\u00a9Matthias-Fritzenwallner-12-1320x880.jpg 1320w, https:\/\/www.salzburgerland.com\/de\/magazin\/wp-content\/uploads\/2022\/05\/Alm.Michi\u00a9Matthias-Fritzenwallner-12-150x100.jpg 150w\" sizes=\"auto, (max-width: 2400px) 100vw, 2400px\" \/><\/figure>\n\n\n\n<p>Mit der Er\u00f6ffnung ist aber noch lange nicht Schluss. Den ganzen Sommer lang kann man in allen Regionen tief in <a href=\"https:\/\/www.salzburgerland.com\/de\/almsommer-eroeffnung-und-events\/\" target=\"_blank\" rel=\"noreferrer noopener\">die Geheimnisse des Almsommers<\/a> eintauchen. Bei stimmungsvollen Wanderungen von Alm zu Alm, feinen musikalischen Kl\u00e4ngen, kulturellen Lesungen, kreativen Workshops, kulinarischen Leckereien und vor allem beim geselligen Beisammensein am H\u00fcttentisch. Traditionelles Almhandwerk, wie das Stecken eines Pinzgauer-Zauns, das Spinnen von feiner Schafwolle oder das Schnitzen von Buttermodeln, wird bei vielen Almsommer-Veranstaltungen demonstriert.<\/p>\n\n\n\n<h2 class=\"wp-block-heading\" id=\"h-so-schmeckt-der-almsommer\">So schmeckt der Almsommer<\/h2>\n\n\n\n<p>Nat\u00fcrlich wird im Almsommer auch <a href=\"https:\/\/www.salzburgerland.com\/de\/produkte-von-der-alm\/\" target=\"_blank\" rel=\"noreferrer noopener\">reichlich aufgetischt<\/a> &#8211; und zwar das, was direkt auf der Alm hergestellt wird. Und was gibt es Herrlicheres, als sich nach einer Wanderung vor der H\u00fctte niederzulassen und sich eine Brettljause mit Brot, Butter, Speck und K\u00e4se schmecken zu lassen. Und dazu gibt es frische Buttermilch oder ein Glas sprudelnden Hollersaft. <\/p>\n\n\n\n<figure class=\"wp-block-image size-large\"><img loading=\"lazy\" decoding=\"async\" width=\"2048\" height=\"1536\" src=\"https:\/\/www.salzburgerland.com\/de\/magazin\/wp-content\/uploads\/2017\/05\/IMG_0526.jpeg\" alt=\"Eine Holzplatte mit verschiedenen K\u00e4sesorten, frischem Gem\u00fcse, Kr\u00e4utern und essbaren Blumen auf einem rustikalen Tisch.\" class=\"wp-image-154868\" srcset=\"https:\/\/www.salzburgerland.com\/de\/magazin\/wp-content\/uploads\/2017\/05\/IMG_0526.jpeg 2048w, https:\/\/www.salzburgerland.com\/de\/magazin\/wp-content\/uploads\/2017\/05\/IMG_0526-300x225.jpeg 300w, https:\/\/www.salzburgerland.com\/de\/magazin\/wp-content\/uploads\/2017\/05\/IMG_0526-1536x1152.jpeg 1536w, https:\/\/www.salzburgerland.com\/de\/magazin\/wp-content\/uploads\/2017\/05\/IMG_0526-733x550.jpeg 733w, https:\/\/www.salzburgerland.com\/de\/magazin\/wp-content\/uploads\/2017\/05\/IMG_0526-140x105.jpeg 140w, https:\/\/www.salzburgerland.com\/de\/magazin\/wp-content\/uploads\/2017\/05\/IMG_0526-533x400.jpeg 533w, https:\/\/www.salzburgerland.com\/de\/magazin\/wp-content\/uploads\/2017\/05\/IMG_0526-960x720.jpeg 960w, https:\/\/www.salzburgerland.com\/de\/magazin\/wp-content\/uploads\/2017\/05\/IMG_0526-1320x990.jpeg 1320w, https:\/\/www.salzburgerland.com\/de\/magazin\/wp-content\/uploads\/2017\/05\/IMG_0526-853x640.jpeg 853w, https:\/\/www.salzburgerland.com\/de\/magazin\/wp-content\/uploads\/2017\/05\/IMG_0526-150x113.jpeg 150w, https:\/\/www.salzburgerland.com\/de\/magazin\/wp-content\/uploads\/2017\/05\/IMG_0526-1200x900.jpeg 1200w\" sizes=\"auto, (max-width: 2048px) 100vw, 2048px\" \/><figcaption class=\"wp-element-caption\">\u00a9 Salzburger Agrarmarketing &#8211; Brettljause auf der Spiessalm <\/figcaption><\/figure>\n\n\n\n<h2 class=\"wp-block-heading\" id=\"h-mit-kind-und-kegel-auf-die-alm\">Mit Kind und Kegel auf die Alm<\/h2>\n\n\n\n<p>Die Alm ist ein wahres Paradies f\u00fcr Familien. Denn spezielle Wanderungen sind perfekt auf die Bed\u00fcrfnisse der kleinen Wanderer abgestimmt. Und oben auf der Alm warten spannende Erlebnisse auf Gro\u00df und Klein. Ob <a href=\"https:\/\/www.salzburgerland.com\/de\/kinderleicht-wandern\/\" target=\"_blank\" rel=\"noreferrer noopener\">kinderleicht Wandern im Salzburger Pongau <\/a>oder eine <a href=\"https:\/\/www.salzburgerland.com\/de\/magazin\/mit-dem-ranger-im-nationalpark\/\" target=\"_blank\" rel=\"noreferrer noopener\">gef\u00fchrte Wanderung mit dem Nationalpark-Ranger <\/a>&#8211; f\u00fcr <a href=\"https:\/\/www.salzburgerland.com\/de\/familien-auf-der-alm\/\" target=\"_blank\" rel=\"noreferrer noopener\">Familien<\/a> wird es im Salzburger Almsommer garantiert nie langweilig. Und manche Almen sind sogar mit dem Kinderwagen gut erreichbar. <br><\/p>\n\n\n<div class=\"mag-gallery\"><div class=\"row\"><div class=\"col-6 col-sm-4\"><figure><a class=\"thumb-container\" href=\"https:\/\/www.salzburgerland.com\/de\/magazin\/wp-content\/uploads\/wl\/2019\/07\/hauptsujet-1280x1024.jpg\">\t<picture><source media=\"(min-width: 576px)\" srcset=\"https:\/\/www.salzburgerland.com\/de\/magazin\/wp-content\/uploads\/wl\/2019\/07\/hauptsujet-325x209.jpg 325w, https:\/\/www.salzburgerland.com\/de\/magazin\/wp-content\/uploads\/wl\/2019\/07\/hauptsujet-249x160.jpg 249w\"><\/source><source media=\"(min-width: 0)\" srcset=\"https:\/\/www.salzburgerland.com\/de\/magazin\/wp-content\/uploads\/wl\/2019\/07\/hauptsujet-249x160.jpg 249w, https:\/\/www.salzburgerland.com\/de\/magazin\/wp-content\/uploads\/wl\/2019\/07\/hauptsujet-325x209.jpg 325w\"><\/source><img decoding=\"async\" alt=\"Eine Familie wandert an einem sonnigen Tag an einer Bergh&uuml;tte mit Bergen und Kiefern im Hintergrund vorbei.\" src=\"https:\/\/www.salzburgerland.com\/de\/magazin\/wp-content\/uploads\/wl\/2019\/07\/hauptsujet.jpg\">\t<\/picture><\/a><\/figure><\/div><div class=\"col-6 col-sm-4\"><figure><a class=\"thumb-container\" href=\"https:\/\/www.salzburgerland.com\/de\/magazin\/wp-content\/uploads\/wl\/2019\/07\/rs1595_2016-08-03-slt-twengeralmsee-meisis-reise-img_0304-scr-1280x1024.jpg\">\t<picture><source media=\"(min-width: 576px)\" srcset=\"https:\/\/www.salzburgerland.com\/de\/magazin\/wp-content\/uploads\/wl\/2019\/07\/rs1595_2016-08-03-slt-twengeralmsee-meisis-reise-img_0304-scr-325x209.jpg 325w, https:\/\/www.salzburgerland.com\/de\/magazin\/wp-content\/uploads\/wl\/2019\/07\/rs1595_2016-08-03-slt-twengeralmsee-meisis-reise-img_0304-scr-249x160.jpg 249w\"><\/source><source media=\"(min-width: 0)\" srcset=\"https:\/\/www.salzburgerland.com\/de\/magazin\/wp-content\/uploads\/wl\/2019\/07\/rs1595_2016-08-03-slt-twengeralmsee-meisis-reise-img_0304-scr-249x160.jpg 249w, https:\/\/www.salzburgerland.com\/de\/magazin\/wp-content\/uploads\/wl\/2019\/07\/rs1595_2016-08-03-slt-twengeralmsee-meisis-reise-img_0304-scr-325x209.jpg 325w\"><\/source><img decoding=\"async\" alt=\"Zwei Kinder sitzen an einem sonnigen Tag l&auml;chelnd auf einem Felsen, mit Bergen und gr&uuml;nen H&uuml;geln im Hintergrund.\" src=\"https:\/\/www.salzburgerland.com\/de\/magazin\/wp-content\/uploads\/wl\/2019\/07\/rs1595_2016-08-03-slt-twengeralmsee-meisis-reise-img_0304-scr.jpg\">\t<\/picture><\/a><\/figure><\/div><div class=\"col-6 col-sm-4\"><figure><a class=\"thumb-container\" href=\"https:\/\/www.salzburgerland.com\/de\/magazin\/wp-content\/uploads\/2019\/07\/griessener-almen-3-1280x1024.jpg\">\t<picture><source media=\"(min-width: 576px)\" srcset=\"https:\/\/www.salzburgerland.com\/de\/magazin\/wp-content\/uploads\/2019\/07\/griessener-almen-3-325x209.jpg 325w, https:\/\/www.salzburgerland.com\/de\/magazin\/wp-content\/uploads\/2019\/07\/griessener-almen-3-249x160.jpg 249w\"><\/source><source media=\"(min-width: 0)\" srcset=\"https:\/\/www.salzburgerland.com\/de\/magazin\/wp-content\/uploads\/2019\/07\/griessener-almen-3-249x160.jpg 249w, https:\/\/www.salzburgerland.com\/de\/magazin\/wp-content\/uploads\/2019\/07\/griessener-almen-3-325x209.jpg 325w\"><\/source><img decoding=\"async\" alt=\"\" src=\"https:\/\/www.salzburgerland.com\/de\/magazin\/wp-content\/uploads\/2019\/07\/griessener-almen-3.jpg\">\t<\/picture><figcaption>K&uuml;he genie&szlig;en den Almsommer<\/figcaption><\/a><\/figure><\/div><\/div><figcaption><\/figcaption><\/div>\n\n\n\n<p>Alle Infos zu den ausgezeichneten&nbsp;Almsommerh\u00fctten, attraktive Wanderangebote, Trekkingtouren und Veranstaltungen finden Sie in der <strong>Almsommer-Brosch\u00fcre<\/strong>. Kostenlos bestellbar im <a href=\"https:\/\/www.salzburgerland.com\/de\/shop\/salzburger-almsommer\" target=\"_blank\" rel=\"noreferrer noopener\">SalzburgerLand-Shop. <\/a><\/p>\n","protected":false},"excerpt":{"rendered":"<p>War die Alm fr\u00fcher der Ort, an dem Senner und Sennerin den Sommer verbrachten, das Vieh h\u00fcteten und k\u00f6stliche Produkte herstellten, so ist das Ziel der Almwanderung heute ein Sinnbild f\u00fcr Erholung, Genuss und Krafttanken. Dank der flei\u00dfigen Almleut` warten auf den rund 165&nbsp;Almsommerh\u00fctten auch heute noch frische Buttermilch, g`schmackige Brettljause und ein k\u00f6stlicher Bauernkrapfen [&hellip;]<\/p>\n","protected":false},"author":90,"featured_media":154971,"comment_status":"open","ping_status":"open","sticky":false,"template":"","format":"standard","meta":{"_acf_changed":false,"wl_entities_gutenberg":"","_wl_entity_redirect_enabled":"","footnotes":""},"categories":[9],"tags":[1503,8032,139],"wl_entity_type":[306],"monatsauswahl":[86,87,88,89,90],"class_list":["post-87493","post","type-post","status-publish","format-standard","has-post-thumbnail","hentry","category-sehenswurdig","tag-almsommer","tag-huette","tag-wandern","wl_entity_type-article","monatsauswahl-monat_5","monatsauswahl-monat_6","monatsauswahl-monat_7","monatsauswahl-monat_8","monatsauswahl-monat_9"],"acf":[],"yoast_head":"<!-- This site is optimized with the Yoast SEO Premium plugin v27.4 (Yoast SEO v27.4) - https:\/\/yoast.com\/product\/yoast-seo-premium-wordpress\/ -->\n<title>Salzburger Almsommer - SalzburgerLand Magazin<\/title>\n<meta name=\"description\" content=\"Wenn auch die letzten Schneefelder auf den Almen l\u00e4ngst geschmolzen sind und die Tiere ihr Sommerquartier am Berg bezogen haben, dann beginnt der Salzburger Almsommer.&nbsp;Wir freuen uns auf  die Almsommer-Er\u00f6ffnung, wundersch\u00f6ne Familienwanderungen und leckere H\u00fcttenschmankerl.\" \/>\n<meta name=\"robots\" content=\"index, follow, max-snippet:-1, max-image-preview:large, max-video-preview:-1\" \/>\n<link rel=\"canonical\" href=\"https:\/\/www.salzburgerland.com\/de\/magazin\/almsommer-im-salzburgerland\/\" \/>\n<meta property=\"og:locale\" content=\"de_DE\" \/>\n<meta property=\"og:type\" content=\"article\" \/>\n<meta property=\"og:title\" content=\"Salzburger Almsommer\" \/>\n<meta property=\"og:description\" content=\"War die Alm fr\u00fcher der Ort, an dem Senner und Sennerin den Sommer verbrachten, das Vieh h\u00fcteten und k\u00f6stliche Produkte herstellten, so ist das Ziel der Almwanderung heute ein Sinnbild f\u00fcr Erholung, Genuss und Krafttanken. Dank der flei\u00dfigen Almleut` warten auf den rund 165&nbsp;Almsommerh\u00fctten auch heute noch frische Buttermilch, g`schmackige Brettljause und ein k\u00f6stlicher Bauernkrapfen [&hellip;]\" \/>\n<meta property=\"og:url\" content=\"https:\/\/www.salzburgerland.com\/de\/magazin\/almsommer-im-salzburgerland\/\" \/>\n<meta property=\"og:site_name\" content=\"SalzburgerLand Magazin\" \/>\n<meta property=\"article:publisher\" content=\"https:\/\/www.facebook.com\/salzburgerland\/\" \/>\n<meta property=\"article:published_time\" content=\"2025-04-01T05:00:00+00:00\" \/>\n<meta property=\"article:modified_time\" content=\"2026-04-30T08:11:27+00:00\" \/>\n<meta property=\"og:image\" content=\"https:\/\/www.salzburgerland.com\/de\/magazin\/wp-content\/uploads\/2021\/06\/RS326__N4G1375_huette-lpr-e1624367158969.jpg\" \/>\n\t<meta property=\"og:image:width\" content=\"1920\" \/>\n\t<meta property=\"og:image:height\" content=\"1615\" \/>\n\t<meta property=\"og:image:type\" content=\"image\/jpeg\" \/>\n<meta name=\"author\" content=\"Ulli Hammerl\" \/>\n<meta name=\"twitter:card\" content=\"summary_large_image\" \/>\n<meta name=\"twitter:creator\" content=\"@Salzburgerland\" \/>\n<meta name=\"twitter:site\" content=\"@Salzburgerland\" \/>\n<meta name=\"twitter:label1\" content=\"Verfasst von\" \/>\n\t<meta name=\"twitter:data1\" content=\"Ulli Hammerl\" \/>\n\t<meta name=\"twitter:label2\" content=\"Gesch\u00e4tzte Lesezeit\" \/>\n\t<meta name=\"twitter:data2\" content=\"4\u00a0Minuten\" \/>\n<script type=\"application\/ld+json\" class=\"yoast-schema-graph\">{\"@context\":\"https:\\\/\\\/schema.org\",\"@graph\":[{\"@type\":\"Article\",\"@id\":\"https:\\\/\\\/www.salzburgerland.com\\\/de\\\/magazin\\\/almsommer-im-salzburgerland\\\/#article\",\"isPartOf\":{\"@id\":\"https:\\\/\\\/www.salzburgerland.com\\\/de\\\/magazin\\\/almsommer-im-salzburgerland\\\/\"},\"author\":{\"name\":\"Ulli Hammerl\",\"@id\":\"https:\\\/\\\/www.salzburgerland.com\\\/de\\\/magazin\\\/#\\\/schema\\\/person\\\/a55a4fee1009b9e458d298480a18a9f7\"},\"headline\":\"Salzburger Almsommer\",\"datePublished\":\"2025-04-01T05:00:00+00:00\",\"dateModified\":\"2026-04-30T08:11:27+00:00\",\"mainEntityOfPage\":{\"@id\":\"https:\\\/\\\/www.salzburgerland.com\\\/de\\\/magazin\\\/almsommer-im-salzburgerland\\\/\"},\"wordCount\":458,\"commentCount\":0,\"publisher\":{\"@id\":\"https:\\\/\\\/www.salzburgerland.com\\\/de\\\/magazin\\\/#organization\"},\"image\":{\"@id\":\"https:\\\/\\\/www.salzburgerland.com\\\/de\\\/magazin\\\/almsommer-im-salzburgerland\\\/#primaryimage\"},\"thumbnailUrl\":\"https:\\\/\\\/www.salzburgerland.com\\\/de\\\/magazin\\\/wp-content\\\/uploads\\\/2021\\\/06\\\/RS326__N4G1375_huette-lpr-e1624367158969.jpg\",\"keywords\":[\"Almsommer\",\"H\u00fctte\",\"Wandern\"],\"articleSection\":[\"Sehensw\u00fcrdig\"],\"inLanguage\":\"de\",\"potentialAction\":[{\"@type\":\"CommentAction\",\"name\":\"Comment\",\"target\":[\"https:\\\/\\\/www.salzburgerland.com\\\/de\\\/magazin\\\/almsommer-im-salzburgerland\\\/#respond\"]}]},{\"@type\":\"WebPage\",\"@id\":\"https:\\\/\\\/www.salzburgerland.com\\\/de\\\/magazin\\\/almsommer-im-salzburgerland\\\/\",\"url\":\"https:\\\/\\\/www.salzburgerland.com\\\/de\\\/magazin\\\/almsommer-im-salzburgerland\\\/\",\"name\":\"Salzburger Almsommer - SalzburgerLand Magazin\",\"isPartOf\":{\"@id\":\"https:\\\/\\\/www.salzburgerland.com\\\/de\\\/magazin\\\/#website\"},\"primaryImageOfPage\":{\"@id\":\"https:\\\/\\\/www.salzburgerland.com\\\/de\\\/magazin\\\/almsommer-im-salzburgerland\\\/#primaryimage\"},\"image\":{\"@id\":\"https:\\\/\\\/www.salzburgerland.com\\\/de\\\/magazin\\\/almsommer-im-salzburgerland\\\/#primaryimage\"},\"thumbnailUrl\":\"https:\\\/\\\/www.salzburgerland.com\\\/de\\\/magazin\\\/wp-content\\\/uploads\\\/2021\\\/06\\\/RS326__N4G1375_huette-lpr-e1624367158969.jpg\",\"datePublished\":\"2025-04-01T05:00:00+00:00\",\"dateModified\":\"2026-04-30T08:11:27+00:00\",\"breadcrumb\":{\"@id\":\"https:\\\/\\\/www.salzburgerland.com\\\/de\\\/magazin\\\/almsommer-im-salzburgerland\\\/#breadcrumb\"},\"inLanguage\":\"de\",\"potentialAction\":[{\"@type\":\"ReadAction\",\"target\":[\"https:\\\/\\\/www.salzburgerland.com\\\/de\\\/magazin\\\/almsommer-im-salzburgerland\\\/\"]}]},{\"@type\":\"ImageObject\",\"inLanguage\":\"de\",\"@id\":\"https:\\\/\\\/www.salzburgerland.com\\\/de\\\/magazin\\\/almsommer-im-salzburgerland\\\/#primaryimage\",\"url\":\"https:\\\/\\\/www.salzburgerland.com\\\/de\\\/magazin\\\/wp-content\\\/uploads\\\/2021\\\/06\\\/RS326__N4G1375_huette-lpr-e1624367158969.jpg\",\"contentUrl\":\"https:\\\/\\\/www.salzburgerland.com\\\/de\\\/magazin\\\/wp-content\\\/uploads\\\/2021\\\/06\\\/RS326__N4G1375_huette-lpr-e1624367158969.jpg\",\"width\":1920,\"height\":1615,\"caption\":\"Almsommer Hauptsujet 2012\"},{\"@type\":\"BreadcrumbList\",\"@id\":\"https:\\\/\\\/www.salzburgerland.com\\\/de\\\/magazin\\\/almsommer-im-salzburgerland\\\/#breadcrumb\",\"itemListElement\":[{\"@type\":\"ListItem\",\"position\":1,\"name\":\"Startseite\",\"item\":\"https:\\\/\\\/www.salzburgerland.com\\\/de\\\/magazin\\\/\"},{\"@type\":\"ListItem\",\"position\":2,\"name\":\"Sehensw\u00fcrdig\",\"item\":\"https:\\\/\\\/www.salzburgerland.com\\\/de\\\/magazin\\\/thema\\\/sehenswurdig\\\/\"},{\"@type\":\"ListItem\",\"position\":3,\"name\":\"Salzburger Almsommer\"}]},{\"@type\":\"WebSite\",\"@id\":\"https:\\\/\\\/www.salzburgerland.com\\\/de\\\/magazin\\\/#website\",\"url\":\"https:\\\/\\\/www.salzburgerland.com\\\/de\\\/magazin\\\/\",\"name\":\"SalzburgerLand Magazin\",\"description\":\"Geschichten und Interessantes aus dem SalzburgerLand\",\"publisher\":{\"@id\":\"https:\\\/\\\/www.salzburgerland.com\\\/de\\\/magazin\\\/#organization\"},\"potentialAction\":[{\"@type\":\"SearchAction\",\"target\":{\"@type\":\"EntryPoint\",\"urlTemplate\":\"https:\\\/\\\/www.salzburgerland.com\\\/de\\\/magazin\\\/?s={search_term_string}\"},\"query-input\":{\"@type\":\"PropertyValueSpecification\",\"valueRequired\":true,\"valueName\":\"search_term_string\"}}],\"inLanguage\":\"de\"},{\"@type\":\"Organization\",\"@id\":\"https:\\\/\\\/www.salzburgerland.com\\\/de\\\/magazin\\\/#organization\",\"name\":\"SalzburgerLand Tourismus\",\"url\":\"https:\\\/\\\/www.salzburgerland.com\\\/de\\\/magazin\\\/\",\"logo\":{\"@type\":\"ImageObject\",\"inLanguage\":\"de\",\"@id\":\"https:\\\/\\\/www.salzburgerland.com\\\/de\\\/magazin\\\/#\\\/schema\\\/logo\\\/image\\\/\",\"url\":\"https:\\\/\\\/www.salzburgerland.com\\\/de\\\/magazin\\\/wp-content\\\/uploads\\\/2019\\\/06\\\/salzburgerland-logo1.jpg\",\"contentUrl\":\"https:\\\/\\\/www.salzburgerland.com\\\/de\\\/magazin\\\/wp-content\\\/uploads\\\/2019\\\/06\\\/salzburgerland-logo1.jpg\",\"width\":2011,\"height\":866,\"caption\":\"SalzburgerLand Tourismus\"},\"image\":{\"@id\":\"https:\\\/\\\/www.salzburgerland.com\\\/de\\\/magazin\\\/#\\\/schema\\\/logo\\\/image\\\/\"},\"sameAs\":[\"https:\\\/\\\/www.facebook.com\\\/salzburgerland\\\/\",\"https:\\\/\\\/x.com\\\/Salzburgerland\",\"https:\\\/\\\/www.instagram.com\\\/salzburgerland\\\/\",\"https:\\\/\\\/at.linkedin.com\\\/company\\\/salzburgerland-tourismus-gmbh\",\"https:\\\/\\\/www.pinterest.at\\\/salzburgerland\\\/\",\"https:\\\/\\\/www.youtube.com\\\/user\\\/salzburgerland\",\"https:\\\/\\\/de.wikipedia.org\\\/wiki\\\/SalzburgerLand_Tourismus_GmbH\"]},{\"@type\":\"Person\",\"@id\":\"https:\\\/\\\/www.salzburgerland.com\\\/de\\\/magazin\\\/#\\\/schema\\\/person\\\/a55a4fee1009b9e458d298480a18a9f7\",\"name\":\"Ulli Hammerl\",\"description\":\"Geboren und aufgewachsen in der Stadt Salzburg war Ulli Hammerl fr\u00fch bewusst, in einer der sch\u00f6nsten St\u00e4dte der Welt zu leben. So ist sie auch w\u00e4hrend ihres Studiums der Kommunikationswissenschaft und \u00d6kologie ihrer Heimatstadt treu geblieben. Gleich nach dem Studium ist sie zu SalzburgerLand Tourismus (SLTG) gegangen und hat hier von 1998 - 2004 u.a. die SalzburgerLand Card betreut. Dabei ist sie viel herumgekommen, wodurch auch die Liebe zum SalzburgerLand enstanden und gewachsen ist. Nach der Geburt ihrer Tochter im September 2004 hat sich Ulli Hammerl 2007 mit einer Agentur selbst\u00e4ndig gemacht. Mein pers\u00f6nlicher Logenplatz: Hoch \u00fcber Salzburg, abseits der stark begangenen Wege mit Blick auf die D\u00e4cher und Kircht\u00fcrme der Stadt \u2013 hier geht mir das Herz auf! Morgen- oder Abendmensch: Ganz klar: Morgenmensch. Wenn um 5.00 Uhr fr\u00fch die V\u00f6gel zwitschern und rund herum noch alles in tiefer Ruhe versinkt, dann ist meine Zeit. Ausgeschlafen, Energie geladen und voller Tatendrang starte ich am liebsten in den fr\u00fchen Morgenstunden in den Tag. Daf\u00fcr kann man nach 21.00 Uhr nicht mehr mit mir rechnen. Buch oder Film: Es gibt nichts Sch\u00f6neres, als es sich am Ende des Tages auf der Couch gem\u00fctlich zu machen und in die Gedankenwelt eines guten Buches einzutauchen \u2013 Lesen ist Abenteuer im Kopf. Wandern, Spazierengehen oder Laufen: alles drei und zwar am besten jeden Tag. Mit ein bisschen Zeiteinteilung geht es sich tats\u00e4chlich fast gehen Tag aus, drau\u00dfen unterwegs zu sein. Fr\u00fchling, Sommer, Herbst oder Winter: Ich kann es im Fr\u00fchling kaum erwarten, die ersten Gr\u00fcnschattierungen in der Natur zu entdecken. Ich liebe hei\u00dfe Sommertage am See und laue Sommerabende am Balkon. Ich mag es, wenn im Herbst die W\u00e4lder in einem Meer aus Farben erstrahlen, Laubrascheln und Kastanien sammeln. Und ich freue mich wie ein Kind, wenn im Dezember die ersten Schneeflocken vom Himmel schweben. Die vier Jahreszeiten sind etwas Wunderbares.\",\"url\":\"https:\\\/\\\/www.salzburgerland.com\\\/de\\\/magazin\\\/author\\\/ulli-hammerl\\\/\"}]}<\/script>\n<!-- \/ Yoast SEO Premium plugin. -->","yoast_head_json":{"title":"Salzburger Almsommer - SalzburgerLand Magazin","description":"Wenn auch die letzten Schneefelder auf den Almen l\u00e4ngst geschmolzen sind und die Tiere ihr Sommerquartier am Berg bezogen haben, dann beginnt der Salzburger Almsommer.&nbsp;Wir freuen uns auf  die Almsommer-Er\u00f6ffnung, wundersch\u00f6ne Familienwanderungen und leckere H\u00fcttenschmankerl.","robots":{"index":"index","follow":"follow","max-snippet":"max-snippet:-1","max-image-preview":"max-image-preview:large","max-video-preview":"max-video-preview:-1"},"canonical":"https:\/\/www.salzburgerland.com\/de\/magazin\/almsommer-im-salzburgerland\/","og_locale":"de_DE","og_type":"article","og_title":"Salzburger Almsommer","og_description":"War die Alm fr\u00fcher der Ort, an dem Senner und Sennerin den Sommer verbrachten, das Vieh h\u00fcteten und k\u00f6stliche Produkte herstellten, so ist das Ziel der Almwanderung heute ein Sinnbild f\u00fcr Erholung, Genuss und Krafttanken. Dank der flei\u00dfigen Almleut` warten auf den rund 165&nbsp;Almsommerh\u00fctten auch heute noch frische Buttermilch, g`schmackige Brettljause und ein k\u00f6stlicher Bauernkrapfen [&hellip;]","og_url":"https:\/\/www.salzburgerland.com\/de\/magazin\/almsommer-im-salzburgerland\/","og_site_name":"SalzburgerLand Magazin","article_publisher":"https:\/\/www.facebook.com\/salzburgerland\/","article_published_time":"2025-04-01T05:00:00+00:00","article_modified_time":"2026-04-30T08:11:27+00:00","og_image":[{"width":1920,"height":1615,"url":"https:\/\/www.salzburgerland.com\/de\/magazin\/wp-content\/uploads\/2021\/06\/RS326__N4G1375_huette-lpr-e1624367158969.jpg","type":"image\/jpeg"}],"author":"Ulli Hammerl","twitter_card":"summary_large_image","twitter_creator":"@Salzburgerland","twitter_site":"@Salzburgerland","twitter_misc":{"Verfasst von":"Ulli Hammerl","Gesch\u00e4tzte Lesezeit":"4\u00a0Minuten"},"schema":{"@context":"https:\/\/schema.org","@graph":[{"@type":"Article","@id":"https:\/\/www.salzburgerland.com\/de\/magazin\/almsommer-im-salzburgerland\/#article","isPartOf":{"@id":"https:\/\/www.salzburgerland.com\/de\/magazin\/almsommer-im-salzburgerland\/"},"author":{"name":"Ulli Hammerl","@id":"https:\/\/www.salzburgerland.com\/de\/magazin\/#\/schema\/person\/a55a4fee1009b9e458d298480a18a9f7"},"headline":"Salzburger Almsommer","datePublished":"2025-04-01T05:00:00+00:00","dateModified":"2026-04-30T08:11:27+00:00","mainEntityOfPage":{"@id":"https:\/\/www.salzburgerland.com\/de\/magazin\/almsommer-im-salzburgerland\/"},"wordCount":458,"commentCount":0,"publisher":{"@id":"https:\/\/www.salzburgerland.com\/de\/magazin\/#organization"},"image":{"@id":"https:\/\/www.salzburgerland.com\/de\/magazin\/almsommer-im-salzburgerland\/#primaryimage"},"thumbnailUrl":"https:\/\/www.salzburgerland.com\/de\/magazin\/wp-content\/uploads\/2021\/06\/RS326__N4G1375_huette-lpr-e1624367158969.jpg","keywords":["Almsommer","H\u00fctte","Wandern"],"articleSection":["Sehensw\u00fcrdig"],"inLanguage":"de","potentialAction":[{"@type":"CommentAction","name":"Comment","target":["https:\/\/www.salzburgerland.com\/de\/magazin\/almsommer-im-salzburgerland\/#respond"]}]},{"@type":"WebPage","@id":"https:\/\/www.salzburgerland.com\/de\/magazin\/almsommer-im-salzburgerland\/","url":"https:\/\/www.salzburgerland.com\/de\/magazin\/almsommer-im-salzburgerland\/","name":"Salzburger Almsommer - SalzburgerLand Magazin","isPartOf":{"@id":"https:\/\/www.salzburgerland.com\/de\/magazin\/#website"},"primaryImageOfPage":{"@id":"https:\/\/www.salzburgerland.com\/de\/magazin\/almsommer-im-salzburgerland\/#primaryimage"},"image":{"@id":"https:\/\/www.salzburgerland.com\/de\/magazin\/almsommer-im-salzburgerland\/#primaryimage"},"thumbnailUrl":"https:\/\/www.salzburgerland.com\/de\/magazin\/wp-content\/uploads\/2021\/06\/RS326__N4G1375_huette-lpr-e1624367158969.jpg","datePublished":"2025-04-01T05:00:00+00:00","dateModified":"2026-04-30T08:11:27+00:00","breadcrumb":{"@id":"https:\/\/www.salzburgerland.com\/de\/magazin\/almsommer-im-salzburgerland\/#breadcrumb"},"inLanguage":"de","potentialAction":[{"@type":"ReadAction","target":["https:\/\/www.salzburgerland.com\/de\/magazin\/almsommer-im-salzburgerland\/"]}]},{"@type":"ImageObject","inLanguage":"de","@id":"https:\/\/www.salzburgerland.com\/de\/magazin\/almsommer-im-salzburgerland\/#primaryimage","url":"https:\/\/www.salzburgerland.com\/de\/magazin\/wp-content\/uploads\/2021\/06\/RS326__N4G1375_huette-lpr-e1624367158969.jpg","contentUrl":"https:\/\/www.salzburgerland.com\/de\/magazin\/wp-content\/uploads\/2021\/06\/RS326__N4G1375_huette-lpr-e1624367158969.jpg","width":1920,"height":1615,"caption":"Almsommer Hauptsujet 2012"},{"@type":"BreadcrumbList","@id":"https:\/\/www.salzburgerland.com\/de\/magazin\/almsommer-im-salzburgerland\/#breadcrumb","itemListElement":[{"@type":"ListItem","position":1,"name":"Startseite","item":"https:\/\/www.salzburgerland.com\/de\/magazin\/"},{"@type":"ListItem","position":2,"name":"Sehensw\u00fcrdig","item":"https:\/\/www.salzburgerland.com\/de\/magazin\/thema\/sehenswurdig\/"},{"@type":"ListItem","position":3,"name":"Salzburger Almsommer"}]},{"@type":"WebSite","@id":"https:\/\/www.salzburgerland.com\/de\/magazin\/#website","url":"https:\/\/www.salzburgerland.com\/de\/magazin\/","name":"SalzburgerLand Magazin","description":"Geschichten und Interessantes aus dem SalzburgerLand","publisher":{"@id":"https:\/\/www.salzburgerland.com\/de\/magazin\/#organization"},"potentialAction":[{"@type":"SearchAction","target":{"@type":"EntryPoint","urlTemplate":"https:\/\/www.salzburgerland.com\/de\/magazin\/?s={search_term_string}"},"query-input":{"@type":"PropertyValueSpecification","valueRequired":true,"valueName":"search_term_string"}}],"inLanguage":"de"},{"@type":"Organization","@id":"https:\/\/www.salzburgerland.com\/de\/magazin\/#organization","name":"SalzburgerLand Tourismus","url":"https:\/\/www.salzburgerland.com\/de\/magazin\/","logo":{"@type":"ImageObject","inLanguage":"de","@id":"https:\/\/www.salzburgerland.com\/de\/magazin\/#\/schema\/logo\/image\/","url":"https:\/\/www.salzburgerland.com\/de\/magazin\/wp-content\/uploads\/2019\/06\/salzburgerland-logo1.jpg","contentUrl":"https:\/\/www.salzburgerland.com\/de\/magazin\/wp-content\/uploads\/2019\/06\/salzburgerland-logo1.jpg","width":2011,"height":866,"caption":"SalzburgerLand Tourismus"},"image":{"@id":"https:\/\/www.salzburgerland.com\/de\/magazin\/#\/schema\/logo\/image\/"},"sameAs":["https:\/\/www.facebook.com\/salzburgerland\/","https:\/\/x.com\/Salzburgerland","https:\/\/www.instagram.com\/salzburgerland\/","https:\/\/at.linkedin.com\/company\/salzburgerland-tourismus-gmbh","https:\/\/www.pinterest.at\/salzburgerland\/","https:\/\/www.youtube.com\/user\/salzburgerland","https:\/\/de.wikipedia.org\/wiki\/SalzburgerLand_Tourismus_GmbH"]},{"@type":"Person","@id":"https:\/\/www.salzburgerland.com\/de\/magazin\/#\/schema\/person\/a55a4fee1009b9e458d298480a18a9f7","name":"Ulli Hammerl","description":"Geboren und aufgewachsen in der Stadt Salzburg war Ulli Hammerl fr\u00fch bewusst, in einer der sch\u00f6nsten St\u00e4dte der Welt zu leben. So ist sie auch w\u00e4hrend ihres Studiums der Kommunikationswissenschaft und \u00d6kologie ihrer Heimatstadt treu geblieben. Gleich nach dem Studium ist sie zu SalzburgerLand Tourismus (SLTG) gegangen und hat hier von 1998 - 2004 u.a. die SalzburgerLand Card betreut. Dabei ist sie viel herumgekommen, wodurch auch die Liebe zum SalzburgerLand enstanden und gewachsen ist. Nach der Geburt ihrer Tochter im September 2004 hat sich Ulli Hammerl 2007 mit einer Agentur selbst\u00e4ndig gemacht. Mein pers\u00f6nlicher Logenplatz: Hoch \u00fcber Salzburg, abseits der stark begangenen Wege mit Blick auf die D\u00e4cher und Kircht\u00fcrme der Stadt \u2013 hier geht mir das Herz auf! Morgen- oder Abendmensch: Ganz klar: Morgenmensch. Wenn um 5.00 Uhr fr\u00fch die V\u00f6gel zwitschern und rund herum noch alles in tiefer Ruhe versinkt, dann ist meine Zeit. Ausgeschlafen, Energie geladen und voller Tatendrang starte ich am liebsten in den fr\u00fchen Morgenstunden in den Tag. Daf\u00fcr kann man nach 21.00 Uhr nicht mehr mit mir rechnen. Buch oder Film: Es gibt nichts Sch\u00f6neres, als es sich am Ende des Tages auf der Couch gem\u00fctlich zu machen und in die Gedankenwelt eines guten Buches einzutauchen \u2013 Lesen ist Abenteuer im Kopf. Wandern, Spazierengehen oder Laufen: alles drei und zwar am besten jeden Tag. Mit ein bisschen Zeiteinteilung geht es sich tats\u00e4chlich fast gehen Tag aus, drau\u00dfen unterwegs zu sein. Fr\u00fchling, Sommer, Herbst oder Winter: Ich kann es im Fr\u00fchling kaum erwarten, die ersten Gr\u00fcnschattierungen in der Natur zu entdecken. Ich liebe hei\u00dfe Sommertage am See und laue Sommerabende am Balkon. Ich mag es, wenn im Herbst die W\u00e4lder in einem Meer aus Farben erstrahlen, Laubrascheln und Kastanien sammeln. Und ich freue mich wie ein Kind, wenn im Dezember die ersten Schneeflocken vom Himmel schweben. Die vier Jahreszeiten sind etwas Wunderbares.","url":"https:\/\/www.salzburgerland.com\/de\/magazin\/author\/ulli-hammerl\/"}]}},"_wl_alt_label":[],"wl:entity_url":"http:\/\/open.salzburgerland.com\/magazin\/post\/almsommer_im_salzburgerland","_links":{"self":[{"href":"https:\/\/www.salzburgerland.com\/de\/magazin\/wp-json\/wp\/v2\/posts\/87493","targetHints":{"allow":["GET"]}}],"collection":[{"href":"https:\/\/www.salzburgerland.com\/de\/magazin\/wp-json\/wp\/v2\/posts"}],"about":[{"href":"https:\/\/www.salzburgerland.com\/de\/magazin\/wp-json\/wp\/v2\/types\/post"}],"author":[{"embeddable":true,"href":"https:\/\/www.salzburgerland.com\/de\/magazin\/wp-json\/wp\/v2\/users\/90"}],"replies":[{"embeddable":true,"href":"https:\/\/www.salzburgerland.com\/de\/magazin\/wp-json\/wp\/v2\/comments?post=87493"}],"version-history":[{"count":13,"href":"https:\/\/www.salzburgerland.com\/de\/magazin\/wp-json\/wp\/v2\/posts\/87493\/revisions"}],"predecessor-version":[{"id":187098,"href":"https:\/\/www.salzburgerland.com\/de\/magazin\/wp-json\/wp\/v2\/posts\/87493\/revisions\/187098"}],"wp:featuredmedia":[{"embeddable":true,"href":"https:\/\/www.salzburgerland.com\/de\/magazin\/wp-json\/wp\/v2\/media\/154971"}],"wp:attachment":[{"href":"https:\/\/www.salzburgerland.com\/de\/magazin\/wp-json\/wp\/v2\/media?parent=87493"}],"wp:term":[{"taxonomy":"category","embeddable":true,"href":"https:\/\/www.salzburgerland.com\/de\/magazin\/wp-json\/wp\/v2\/categories?post=87493"},{"taxonomy":"post_tag","embeddable":true,"href":"https:\/\/www.salzburgerland.com\/de\/magazin\/wp-json\/wp\/v2\/tags?post=87493"},{"taxonomy":"wl_entity_type","embeddable":true,"href":"https:\/\/www.salzburgerland.com\/de\/magazin\/wp-json\/wp\/v2\/wl_entity_type?post=87493"},{"taxonomy":"monatsauswahl","embeddable":true,"href":"https:\/\/www.salzburgerland.com\/de\/magazin\/wp-json\/wp\/v2\/monatsauswahl?post=87493"}],"curies":[{"name":"wp","href":"https:\/\/api.w.org\/{rel}","templated":true}]}}