{"id":87365,"date":"2014-04-07T14:47:39","date_gmt":"2014-04-07T12:47:39","guid":{"rendered":"http:\/\/magazin.salzburgerland.com\/?p=87365"},"modified":"2019-06-26T20:18:54","modified_gmt":"2019-06-26T18:18:54","slug":"moorwanderungen-ein-spaziergang-im-zauberwald","status":"publish","type":"post","link":"https:\/\/www.salzburgerland.com\/de\/magazin\/moorwanderungen-ein-spaziergang-im-zauberwald\/","title":{"rendered":"Moorwanderungen, ein Spaziergang im Zauberwald"},"content":{"rendered":"<p>Eine Moorwanderung ist wie eine Entdeckungsreise in eine\u00a0l\u00e4ngst vergangene\u00a0Zeit. Im Salzburger Flachgau, nur wenige Autominuten n\u00f6rdlich der Stadt Salzburg, wartet der B\u00fcrmooser Moorerlebnis-Rundweg darauf, entdeckt zu werden. Ein beeindruckendes, abwechslungsreiches Natur-Schauspiel f\u00fcr die ganze Familie und eine wunderbare Alternative zum sonnt\u00e4glichen See- oder Bergausflug mit Kind und Kegel. Der etwas andere Ausflugstipp im <a title=\"SalzburgerLand\" href=\"https:\/\/www.salzburgerland.com\/de\/\" target=\"_blank\" rel=\"noopener noreferrer\">SalzburgerLand<\/a>.<\/p>\n<p><a href=\"https:\/\/www.salzburgerland.com\/de\/magazin\/wp-content\/uploads\/2014\/04\/IMG_2917.jpg\"><img loading=\"lazy\" decoding=\"async\" class=\"alignnone size-singlePost wp-image-87427\" alt=\"IMG_2917\" src=\"https:\/\/www.salzburgerland.com\/de\/magazin\/wp-content\/uploads\/2014\/04\/IMG_2917-650x435.jpg\" width=\"650\" height=\"435\" \/><\/a><\/p>\n<p>&#8222;Nur wo du zu Fu\u00df warst, bist du wirklich gewesen&#8220;, sagte schon Wolfgang von Goethe. Also machen wir uns auf, den Moorerlebnis-Rundweg in B\u00fcrmoos auf Schusters Rappen zu erobern.<\/p>\n<p><strong>Tierische Rekorde im B\u00fcrmooser Moor<\/strong><br \/>\nDer Rundweg startet Nahe des Moorsees in B\u00fcrmoos und f\u00fchrt \u00fcber im Halbschatten gelegene Waldwege, vorbei an sonnigen Feuchtwiesen und an den Rand des sch\u00f6nen Moorwaldes. Ein leises gluckern und glucksen begleitet uns fast den ganzen Weg &#8211; schmale B\u00e4chlein und kleine und gr\u00f6\u00dfere T\u00fcmpel gibt es hier zuhauf. Festes Schuhwerk ist also nicht verkehrt.<\/p>\n<p>Das Eintauchen in diese ganz eigene, friedliche Welt ist etwas Besonderes. Dem urspr\u00fcnglichen Hochmoor mit den alten Torfstichen haftet eine geheimnisvolle Aura an, die Feuchtwiesen,\u00a0T\u00fcmpel und B\u00e4che und der naturnahe Moorwald tun ihr \u00fcbrigens, um sich in der Zeit zur\u00fcckversetzt zu f\u00fchlen.<br \/>\nDa h\u00f6rt man statt Stra\u00dfenl\u00e4rm das Wei\u00dfsternige Blaukelchen zwitschern, kann Zwergtauchern beim Paddeln in einem der vielen B\u00e4che und\u00a0T\u00fcmpel \u00a0zusehen oder mit etwas Gl\u00fcck sogar eine getarnte Waldschnepfe beobachten. Rund 100 verschiedene Vogelarten machen auf ihren Z\u00fcgen Rast im Natur- und Vogelschutzgebiet B\u00fcrmooser Moor und k\u00fcmmern sich hier um die Familienplanung. Darunter sind viele seltene und vom Aussterben bedrohte Arten, wie zum Beispiel die majest\u00e4tische Rohrweihe, eine Habichtart. Auch zarte Libellen sind hier keine Seltenheit: Mehr als die H\u00e4lfte der rund 150 in \u00d6sterreich festgestellten Libellenarten haben es sich im B\u00fcrmooser Moor h\u00e4uslich eingerichtet und teilen B\u00e4che, T\u00fcmpel und W\u00e4lder mit farbenpr\u00e4chtigen Schmetterlingen und schillernden Nachtfaltern. Doch nicht nur in der Luft, auch auf der Erde und in den vielen Wasserstellen gibt es einiges zu sehen, wie uns Reinhard Kaiser, Obmann des f\u00fcr den Rundweg\u00a0verantworlichen <a title=\"Torferneuerungsverein B\u00fcrmoos bei Salzburg\" href=\"http:\/\/de.wikipedia.org\/wiki\/Torferneuerungsverein_B%C3%BCrmoos\" target=\"_blank\" rel=\"noopener noreferrer\">Torferneuerungsverein B\u00fcrmoos<\/a>,\u00a0erz\u00e4hlt: \u201eDas B\u00fcrmooser Moor ist sicherlich der bedeutsamste Amphibien- und Reptilien Lebensraum im dicht besiedelten Flachgau. Von 21 Amphibien und Reptilien im Lande Salzburg haben hier 17 Arten ihr gesichertes Zuhause. Darunter europaweit vom Aussterben bedrohte Arten wie der Kammmolch, die Gelbbauchunke und der Springfrosch.\u201c Der Natur- und Kulturlehrpfad B\u00fcrmoos wurde 2002 mit dem Salzburger Kulturg\u00fcterpreis ausgezeichnet.<\/p>\n<p><a href=\"https:\/\/www.salzburgerland.com\/de\/magazin\/wp-content\/uploads\/2014\/04\/IMG_2983.jpg\"><img loading=\"lazy\" decoding=\"async\" alt=\"IMG_2983\" src=\"https:\/\/www.salzburgerland.com\/de\/magazin\/wp-content\/uploads\/2014\/04\/IMG_2983-650x435.jpg\" width=\"650\" height=\"435\" \/><\/a><\/p>\n<p><strong>Hilfe f\u00fcr ein bedrohtes Paradies<\/strong><br \/>\nDass dieses kleine Paradies heute als solches wahrgenommen werden kann, ist vor allem dem tatkr\u00e4ftigen Einsatz des Torferneuerungsvereins B\u00fcrmoos zu verdanken. Obmann Reinhard Kaiser setzte im wahrsten Sinne des Wortes alle Hebel in Bewegung, um das B\u00fcrmooser Moor zu retten: \u201eF\u00fcr mich ist das B\u00fcrmooser Moor pers\u00f6nlich deshalb so interessant und auch etwas Besonderes, weil es ja vor 30 Jahren durch den Torfabbau total zerst\u00f6rt war und durch unseren unbeugsamen Willen zu einem wertvollen Lebensraum aus zweiter Hand geworden ist\u201c, so Kaiser. \u201eDahinter steckte und steckt noch immer ungeheuer viel Engagement f\u00fcr unsere bedrohte Natur im Moor.\u201c<\/p>\n<p><a href=\"https:\/\/www.salzburgerland.com\/de\/magazin\/wp-content\/uploads\/2014\/04\/IMG_2901.jpg\"><img loading=\"lazy\" decoding=\"async\" class=\"alignnone size-singlePost wp-image-87424\" alt=\"IMG_2901\" src=\"https:\/\/www.salzburgerland.com\/de\/magazin\/wp-content\/uploads\/2014\/04\/IMG_2901-650x435.jpg\" width=\"650\" height=\"435\" \/><\/a><\/p>\n<p>Auch f\u00fcr kulturell- und historisch-Interessierte hat der Rundwanderweg so einiges zu bieten. Die zahlreichen, \u00fcbersichtlich gestalteten Schautafeln bieten nicht nur einen kompakten \u00dcberblick \u00fcber Flora und Fauna des Moorgebiets, sondern zeigen auch auf, wie eng die Geschichte\u00a0der Gemeinde\u00a0B\u00fcrmoos\u00a0mit dem Moor verbunden ist. Ob Torfstecher, Glasbl\u00e4ser oder Ziegelbrenner \u2013 sie alle waren auf die Ertr\u00e4ge dieser rauen Landschaft angewiesen. Im neuen <a title=\"Torf Glas Ziegel-Museum in B\u00fcrmoos\" href=\"http:\/\/www.geschichte-buermoos.info\/museum.html\" target=\"_blank\" rel=\"noopener noreferrer\">Torf-Glas-Ziegel-Museum in B\u00fcrmoos<\/a>, nahe des Rundwegs, k\u00f6nnen zahlreiche Exponate bestaunt werden, die die Geschichte der Torf-, Glas- und Ziegelindustrie bis zur Gr\u00fcndung des Industrieorts B\u00fcrmoos Ende des 19. Jahrhunderts belegen. Aktuell werden Quiztafeln vorbereitet, die in K\u00fcrze entlang des Moorerlebnis-Rundwegs aufgestellt werden und Fragen zu heimischen Amphibien, Reptilien, V\u00f6gel und Blumen beinhalten.<\/p>\n<p><a href=\"https:\/\/www.salzburgerland.com\/de\/magazin\/wp-content\/uploads\/2014\/04\/IMG_2956.jpg\"><img loading=\"lazy\" decoding=\"async\" class=\"alignnone size-singlePost wp-image-87432\" alt=\"IMG_2956\" src=\"https:\/\/www.salzburgerland.com\/de\/magazin\/wp-content\/uploads\/2014\/04\/IMG_2956-650x435.jpg\" width=\"650\" height=\"435\" \/><\/a><\/p>\n<p><strong>Gef\u00fchrte Wanderungen durch das Schutzgebiet<\/strong><br \/>\nUnd f\u00fcr all jene, die an mehr spannenden Details, unterhaltsamen Geschichten und \u201eInsider-Informationen\u201c interessiert sind: Reinhard Kaiser bietet auf Anfrage F\u00fchrungen durch das B\u00fcrmooser Moor an. Alle drei Jahre im August gibt es auch den traditionellen \u201eGro\u00dfen Moorwandertag\u201c, bei dem man sich anschlie\u00dfen kann. Zwei Stunden sollte man f\u00fcr eine Wanderung in etwa einplanen. \u201eJeder Besucher sollte sich ausreichend Zeit nehmen f\u00fcr seine Wanderung ins Moor,\u201c gibt uns Reinhard Kaiser abschlie\u00dfend noch mit auf den Weg. Dem k\u00f6nnen wir uns nur anschlie\u00dfen. Es gibt viel zu entdecken bei einem Spaziergang durch diese zauberhafte Landschaft. Und wenn hinter der n\u00e4chsten Biegung eine Blindschleiche gem\u00fctlich in der Sonne liegt und den Weg versperrt: nicht erschrecken. Durchatmen und Genie\u00dfen.<br \/>\nN\u00e4chste Termine:<br \/>\n24.Mai 2014, Gef\u00fchrte Moorwanderung.<br \/>\n15.8.2014, Gro\u00dfer Moorwandertag.<\/p>\n<p>Gef\u00fchrte Wanderungen auf Anfrage unter <a href=\"mailto:r.kaiser@sbg.at.N\u00e4chste\">r.kaiser@sbg.at.<\/a><\/p>\n<p><em>Fotocredits:<br \/>\n<em>\u00a9 A. Gschwandtner<br \/>\n<\/em><\/em><em><em><em>\u00a9 <\/em>O. Schwaiger\/K. Winkler<br \/>\n<\/em><\/em><em>\u00a9 RoCh<\/em><\/p>\n<div class=\"mag-gallery\"><div class=\"row\"><div class=\"col-6 col-sm-4\"><figure><a class=\"thumb-container\" href=\"https:\/\/www.salzburgerland.com\/de\/magazin\/wp-content\/uploads\/2014\/04\/IMG_2962-1280x1024.jpg\">\t<picture><source media=\"(min-width: 576px)\" srcset=\"https:\/\/www.salzburgerland.com\/de\/magazin\/wp-content\/uploads\/2014\/04\/IMG_2962-325x209.jpg 325w, https:\/\/www.salzburgerland.com\/de\/magazin\/wp-content\/uploads\/2014\/04\/IMG_2962-249x160.jpg 249w\" \/><source media=\"(min-width: 0)\" srcset=\"https:\/\/www.salzburgerland.com\/de\/magazin\/wp-content\/uploads\/2014\/04\/IMG_2962-249x160.jpg 249w, https:\/\/www.salzburgerland.com\/de\/magazin\/wp-content\/uploads\/2014\/04\/IMG_2962-325x209.jpg 325w\" \/><img decoding=\"async\" alt=\"Tafel Rundweg.\" src=\"https:\/\/www.salzburgerland.com\/de\/magazin\/wp-content\/uploads\/2014\/04\/IMG_2962.jpg\" \/>\t<\/picture><\/a><\/figure><\/div><div class=\"col-6 col-sm-4\"><figure><a class=\"thumb-container\" href=\"https:\/\/www.salzburgerland.com\/de\/magazin\/wp-content\/uploads\/2014\/04\/IMG_2840-1280x1024.jpg\">\t<picture><source media=\"(min-width: 576px)\" srcset=\"https:\/\/www.salzburgerland.com\/de\/magazin\/wp-content\/uploads\/2014\/04\/IMG_2840-325x209.jpg 325w, https:\/\/www.salzburgerland.com\/de\/magazin\/wp-content\/uploads\/2014\/04\/IMG_2840-249x160.jpg 249w\" \/><source media=\"(min-width: 0)\" srcset=\"https:\/\/www.salzburgerland.com\/de\/magazin\/wp-content\/uploads\/2014\/04\/IMG_2840-249x160.jpg 249w, https:\/\/www.salzburgerland.com\/de\/magazin\/wp-content\/uploads\/2014\/04\/IMG_2840-325x209.jpg 325w\" \/><img decoding=\"async\" alt=\"\u00dcberblick\" src=\"https:\/\/www.salzburgerland.com\/de\/magazin\/wp-content\/uploads\/2014\/04\/IMG_2840.jpg\" \/>\t<\/picture><\/a><\/figure><\/div><div class=\"col-6 col-sm-4\"><figure><a class=\"thumb-container\" href=\"https:\/\/www.salzburgerland.com\/de\/magazin\/wp-content\/uploads\/2014\/04\/IMG_2853-1280x1024.jpg\">\t<picture><source media=\"(min-width: 576px)\" srcset=\"https:\/\/www.salzburgerland.com\/de\/magazin\/wp-content\/uploads\/2014\/04\/IMG_2853-325x209.jpg 325w, https:\/\/www.salzburgerland.com\/de\/magazin\/wp-content\/uploads\/2014\/04\/IMG_2853-249x160.jpg 249w\" \/><source media=\"(min-width: 0)\" srcset=\"https:\/\/www.salzburgerland.com\/de\/magazin\/wp-content\/uploads\/2014\/04\/IMG_2853-249x160.jpg 249w, https:\/\/www.salzburgerland.com\/de\/magazin\/wp-content\/uploads\/2014\/04\/IMG_2853-325x209.jpg 325w\" \/><img decoding=\"async\" alt=\"B\u00fcrmooser Moorsee.\" src=\"https:\/\/www.salzburgerland.com\/de\/magazin\/wp-content\/uploads\/2014\/04\/IMG_2853.jpg\" \/>\t<\/picture><\/a><\/figure><\/div><div class=\"col-6 col-sm-4\"><figure><a class=\"thumb-container\" href=\"https:\/\/www.salzburgerland.com\/de\/magazin\/wp-content\/uploads\/2014\/04\/IMG_2864-1280x1024.jpg\">\t<picture><source media=\"(min-width: 576px)\" srcset=\"https:\/\/www.salzburgerland.com\/de\/magazin\/wp-content\/uploads\/2014\/04\/IMG_2864-325x209.jpg 325w, https:\/\/www.salzburgerland.com\/de\/magazin\/wp-content\/uploads\/2014\/04\/IMG_2864-249x160.jpg 249w\" \/><source media=\"(min-width: 0)\" srcset=\"https:\/\/www.salzburgerland.com\/de\/magazin\/wp-content\/uploads\/2014\/04\/IMG_2864-249x160.jpg 249w, https:\/\/www.salzburgerland.com\/de\/magazin\/wp-content\/uploads\/2014\/04\/IMG_2864-325x209.jpg 325w\" \/><img decoding=\"async\" alt=\"Waldweg\" src=\"https:\/\/www.salzburgerland.com\/de\/magazin\/wp-content\/uploads\/2014\/04\/IMG_2864.jpg\" \/>\t<\/picture><\/a><\/figure><\/div><div class=\"col-6 col-sm-4\"><figure><a class=\"thumb-container\" href=\"https:\/\/www.salzburgerland.com\/de\/magazin\/wp-content\/uploads\/2014\/04\/IMG_2877-1280x1024.jpg\">\t<picture><source media=\"(min-width: 576px)\" srcset=\"https:\/\/www.salzburgerland.com\/de\/magazin\/wp-content\/uploads\/2014\/04\/IMG_2877-325x209.jpg 325w, https:\/\/www.salzburgerland.com\/de\/magazin\/wp-content\/uploads\/2014\/04\/IMG_2877-249x160.jpg 249w\" \/><source media=\"(min-width: 0)\" srcset=\"https:\/\/www.salzburgerland.com\/de\/magazin\/wp-content\/uploads\/2014\/04\/IMG_2877-249x160.jpg 249w, https:\/\/www.salzburgerland.com\/de\/magazin\/wp-content\/uploads\/2014\/04\/IMG_2877-325x209.jpg 325w\" \/><img decoding=\"async\" alt=\"Mystische Stimmung.\" src=\"https:\/\/www.salzburgerland.com\/de\/magazin\/wp-content\/uploads\/2014\/04\/IMG_2877.jpg\" \/>\t<\/picture><\/a><\/figure><\/div><div class=\"col-6 col-sm-4\"><figure><a class=\"thumb-container\" href=\"https:\/\/www.salzburgerland.com\/de\/magazin\/wp-content\/uploads\/2014\/04\/IMG_2940-1280x1024.jpg\">\t<picture><source media=\"(min-width: 576px)\" srcset=\"https:\/\/www.salzburgerland.com\/de\/magazin\/wp-content\/uploads\/2014\/04\/IMG_2940-325x209.jpg 325w, https:\/\/www.salzburgerland.com\/de\/magazin\/wp-content\/uploads\/2014\/04\/IMG_2940-249x160.jpg 249w\" \/><source media=\"(min-width: 0)\" srcset=\"https:\/\/www.salzburgerland.com\/de\/magazin\/wp-content\/uploads\/2014\/04\/IMG_2940-249x160.jpg 249w, https:\/\/www.salzburgerland.com\/de\/magazin\/wp-content\/uploads\/2014\/04\/IMG_2940-325x209.jpg 325w\" \/><img decoding=\"async\" alt=\"Lila Wildblumen mit gr\u00fcnen Bl\u00e4ttern wachsen auf einem Waldboden mit Sonnenlicht und verstreuten Zweigen.\" src=\"https:\/\/www.salzburgerland.com\/de\/magazin\/wp-content\/uploads\/2014\/04\/IMG_2940.jpg\" \/>\t<\/picture><\/a><\/figure><\/div><div class=\"col-6 col-sm-4\"><figure><a class=\"thumb-container\" href=\"https:\/\/www.salzburgerland.com\/de\/magazin\/wp-content\/uploads\/2014\/04\/GschwandtnerAdi24.7.13-031-1280x1024.jpg\">\t<picture><source media=\"(min-width: 576px)\" srcset=\"https:\/\/www.salzburgerland.com\/de\/magazin\/wp-content\/uploads\/2014\/04\/GschwandtnerAdi24.7.13-031-325x209.jpg 325w, https:\/\/www.salzburgerland.com\/de\/magazin\/wp-content\/uploads\/2014\/04\/GschwandtnerAdi24.7.13-031-249x160.jpg 249w\" \/><source media=\"(min-width: 0)\" srcset=\"https:\/\/www.salzburgerland.com\/de\/magazin\/wp-content\/uploads\/2014\/04\/GschwandtnerAdi24.7.13-031-249x160.jpg 249w, https:\/\/www.salzburgerland.com\/de\/magazin\/wp-content\/uploads\/2014\/04\/GschwandtnerAdi24.7.13-031-325x209.jpg 325w\" \/><img decoding=\"async\" alt=\"Copyright A. Gschwandtner\" src=\"https:\/\/www.salzburgerland.com\/de\/magazin\/wp-content\/uploads\/2014\/04\/GschwandtnerAdi24.7.13-031.jpg\" \/>\t<\/picture><\/a><\/figure><\/div><div class=\"col-6 col-sm-4\"><figure><a class=\"thumb-container\" href=\"https:\/\/www.salzburgerland.com\/de\/magazin\/wp-content\/uploads\/2014\/04\/IMG_2913-1280x1024.jpg\">\t<picture><source media=\"(min-width: 576px)\" srcset=\"https:\/\/www.salzburgerland.com\/de\/magazin\/wp-content\/uploads\/2014\/04\/IMG_2913-325x209.jpg 325w, https:\/\/www.salzburgerland.com\/de\/magazin\/wp-content\/uploads\/2014\/04\/IMG_2913-249x160.jpg 249w\" \/><source media=\"(min-width: 0)\" srcset=\"https:\/\/www.salzburgerland.com\/de\/magazin\/wp-content\/uploads\/2014\/04\/IMG_2913-249x160.jpg 249w, https:\/\/www.salzburgerland.com\/de\/magazin\/wp-content\/uploads\/2014\/04\/IMG_2913-325x209.jpg 325w\" \/><img decoding=\"async\" alt=\"Ein kleiner Teich in einem sonnenbeschienenen Wald mit hohen B\u00e4umen und grasbewachsener Vegetation, die sich im Wasser spiegelt.\" src=\"https:\/\/www.salzburgerland.com\/de\/magazin\/wp-content\/uploads\/2014\/04\/IMG_2913.jpg\" \/>\t<\/picture><\/a><\/figure><\/div><div class=\"col-6 col-sm-4\"><figure><a class=\"thumb-container\" href=\"https:\/\/www.salzburgerland.com\/de\/magazin\/wp-content\/uploads\/2014\/04\/IMG_2904-1280x1024.jpg\">\t<picture><source media=\"(min-width: 576px)\" srcset=\"https:\/\/www.salzburgerland.com\/de\/magazin\/wp-content\/uploads\/2014\/04\/IMG_2904-325x209.jpg 325w, https:\/\/www.salzburgerland.com\/de\/magazin\/wp-content\/uploads\/2014\/04\/IMG_2904-249x160.jpg 249w\" \/><source media=\"(min-width: 0)\" srcset=\"https:\/\/www.salzburgerland.com\/de\/magazin\/wp-content\/uploads\/2014\/04\/IMG_2904-249x160.jpg 249w, https:\/\/www.salzburgerland.com\/de\/magazin\/wp-content\/uploads\/2014\/04\/IMG_2904-325x209.jpg 325w\" \/><img decoding=\"async\" alt=\"Ein Waldweg mit zwei Personen, die zwischen hohen B\u00e4umen im ged\u00e4mpften Sonnenlicht spazieren gehen.\" src=\"https:\/\/www.salzburgerland.com\/de\/magazin\/wp-content\/uploads\/2014\/04\/IMG_2904.jpg\" \/>\t<\/picture><\/a><\/figure><\/div><div class=\"col-6 col-sm-4\"><figure><a class=\"thumb-container\" href=\"https:\/\/www.salzburgerland.com\/de\/magazin\/wp-content\/uploads\/2014\/04\/IMG_2863-1280x1024.jpg\">\t<picture><source media=\"(min-width: 576px)\" srcset=\"https:\/\/www.salzburgerland.com\/de\/magazin\/wp-content\/uploads\/2014\/04\/IMG_2863-325x209.jpg 325w, https:\/\/www.salzburgerland.com\/de\/magazin\/wp-content\/uploads\/2014\/04\/IMG_2863-249x160.jpg 249w\" \/><source media=\"(min-width: 0)\" srcset=\"https:\/\/www.salzburgerland.com\/de\/magazin\/wp-content\/uploads\/2014\/04\/IMG_2863-249x160.jpg 249w, https:\/\/www.salzburgerland.com\/de\/magazin\/wp-content\/uploads\/2014\/04\/IMG_2863-325x209.jpg 325w\" \/><img decoding=\"async\" alt=\"Informationstafel \u00fcber V\u00f6gel im B\u00fcrmooser Moor, mit Vogelfotos und deutschem Text, umgeben von B\u00e4umen.\" src=\"https:\/\/www.salzburgerland.com\/de\/magazin\/wp-content\/uploads\/2014\/04\/IMG_2863.jpg\" \/>\t<\/picture><\/a><\/figure><\/div><div class=\"col-6 col-sm-4\"><figure><a class=\"thumb-container\" href=\"https:\/\/www.salzburgerland.com\/de\/magazin\/wp-content\/uploads\/2014\/04\/IMG_2959-1280x1024.jpg\">\t<picture><source media=\"(min-width: 576px)\" srcset=\"https:\/\/www.salzburgerland.com\/de\/magazin\/wp-content\/uploads\/2014\/04\/IMG_2959-325x209.jpg 325w, https:\/\/www.salzburgerland.com\/de\/magazin\/wp-content\/uploads\/2014\/04\/IMG_2959-249x160.jpg 249w\" \/><source media=\"(min-width: 0)\" srcset=\"https:\/\/www.salzburgerland.com\/de\/magazin\/wp-content\/uploads\/2014\/04\/IMG_2959-249x160.jpg 249w, https:\/\/www.salzburgerland.com\/de\/magazin\/wp-content\/uploads\/2014\/04\/IMG_2959-325x209.jpg 325w\" \/><img decoding=\"async\" alt=\"Ein unbefestigter Weg f\u00fchrt durch einen blattlosen Wald, in dem das Sonnenlicht durch die B\u00e4ume auf der linken Seite scheint.\" src=\"https:\/\/www.salzburgerland.com\/de\/magazin\/wp-content\/uploads\/2014\/04\/IMG_2959.jpg\" \/>\t<\/picture><\/a><\/figure><\/div><div class=\"col-6 col-sm-4\"><figure><a class=\"thumb-container\" href=\"https:\/\/www.salzburgerland.com\/de\/magazin\/wp-content\/uploads\/2014\/04\/IMG_2931-1280x1024.jpg\">\t<picture><source media=\"(min-width: 576px)\" srcset=\"https:\/\/www.salzburgerland.com\/de\/magazin\/wp-content\/uploads\/2014\/04\/IMG_2931-325x209.jpg 325w, https:\/\/www.salzburgerland.com\/de\/magazin\/wp-content\/uploads\/2014\/04\/IMG_2931-249x160.jpg 249w\" \/><source media=\"(min-width: 0)\" srcset=\"https:\/\/www.salzburgerland.com\/de\/magazin\/wp-content\/uploads\/2014\/04\/IMG_2931-249x160.jpg 249w, https:\/\/www.salzburgerland.com\/de\/magazin\/wp-content\/uploads\/2014\/04\/IMG_2931-325x209.jpg 325w\" \/><img decoding=\"async\" alt=\"Dichte B\u00fcschel rosafarbener und wei\u00dfer Heidekrautbl\u00fcten, die in einem Garten dicht beieinander stehen.\" src=\"https:\/\/www.salzburgerland.com\/de\/magazin\/wp-content\/uploads\/2014\/04\/IMG_2931.jpg\" \/>\t<\/picture><\/a><\/figure><\/div><div class=\"col-6 col-sm-4\"><figure><a class=\"thumb-container\" href=\"https:\/\/www.salzburgerland.com\/de\/magazin\/wp-content\/uploads\/2014\/04\/IMG_2979-1280x1024.jpg\">\t<picture><source media=\"(min-width: 576px)\" srcset=\"https:\/\/www.salzburgerland.com\/de\/magazin\/wp-content\/uploads\/2014\/04\/IMG_2979-325x209.jpg 325w, https:\/\/www.salzburgerland.com\/de\/magazin\/wp-content\/uploads\/2014\/04\/IMG_2979-249x160.jpg 249w\" \/><source media=\"(min-width: 0)\" srcset=\"https:\/\/www.salzburgerland.com\/de\/magazin\/wp-content\/uploads\/2014\/04\/IMG_2979-249x160.jpg 249w, https:\/\/www.salzburgerland.com\/de\/magazin\/wp-content\/uploads\/2014\/04\/IMG_2979-325x209.jpg 325w\" \/><img decoding=\"async\" alt=\"Hochgewachsenes Schilf und Gr\u00e4ser wachsen am Rande eines ruhigen, spiegelnden Sumpfes unter einem klaren blauen Himmel.\" src=\"https:\/\/www.salzburgerland.com\/de\/magazin\/wp-content\/uploads\/2014\/04\/IMG_2979.jpg\" \/>\t<\/picture><\/a><\/figure><\/div><div class=\"col-6 col-sm-4\"><figure><a class=\"thumb-container\" href=\"https:\/\/www.salzburgerland.com\/de\/magazin\/wp-content\/uploads\/2014\/04\/IMG_2973-1280x1024.jpg\">\t<picture><source media=\"(min-width: 576px)\" srcset=\"https:\/\/www.salzburgerland.com\/de\/magazin\/wp-content\/uploads\/2014\/04\/IMG_2973-325x209.jpg 325w, https:\/\/www.salzburgerland.com\/de\/magazin\/wp-content\/uploads\/2014\/04\/IMG_2973-249x160.jpg 249w\" \/><source media=\"(min-width: 0)\" srcset=\"https:\/\/www.salzburgerland.com\/de\/magazin\/wp-content\/uploads\/2014\/04\/IMG_2973-249x160.jpg 249w, https:\/\/www.salzburgerland.com\/de\/magazin\/wp-content\/uploads\/2014\/04\/IMG_2973-325x209.jpg 325w\" \/><img decoding=\"async\" alt=\"Ein grasbewachsener Weg f\u00fchrt durch hohes, trockenes Schilf, mit einem Wald und einem klaren Himmel im Hintergrund.\" src=\"https:\/\/www.salzburgerland.com\/de\/magazin\/wp-content\/uploads\/2014\/04\/IMG_2973.jpg\" \/>\t<\/picture><\/a><\/figure><\/div><div class=\"col-6 col-sm-4\"><figure><a class=\"thumb-container\" href=\"https:\/\/www.salzburgerland.com\/de\/magazin\/wp-content\/uploads\/2014\/04\/IMG_2966-1280x1024.jpg\">\t<picture><source media=\"(min-width: 576px)\" srcset=\"https:\/\/www.salzburgerland.com\/de\/magazin\/wp-content\/uploads\/2014\/04\/IMG_2966-325x209.jpg 325w, https:\/\/www.salzburgerland.com\/de\/magazin\/wp-content\/uploads\/2014\/04\/IMG_2966-249x160.jpg 249w\" \/><source media=\"(min-width: 0)\" srcset=\"https:\/\/www.salzburgerland.com\/de\/magazin\/wp-content\/uploads\/2014\/04\/IMG_2966-249x160.jpg 249w, https:\/\/www.salzburgerland.com\/de\/magazin\/wp-content\/uploads\/2014\/04\/IMG_2966-325x209.jpg 325w\" \/><img decoding=\"async\" alt=\"Ein grasbewachsener Weg f\u00fchrt durch einen Wald mit blattlosen B\u00e4umen unter einem klaren Himmel an einem sonnigen Tag.\" src=\"https:\/\/www.salzburgerland.com\/de\/magazin\/wp-content\/uploads\/2014\/04\/IMG_2966.jpg\" \/>\t<\/picture><\/a><\/figure><\/div><div class=\"col-6 col-sm-4\"><figure><a class=\"thumb-container\" href=\"https:\/\/www.salzburgerland.com\/de\/magazin\/wp-content\/uploads\/2014\/04\/Abendstimmung1.11.12-013-1280x1024.jpg\">\t<picture><source media=\"(min-width: 576px)\" srcset=\"https:\/\/www.salzburgerland.com\/de\/magazin\/wp-content\/uploads\/2014\/04\/Abendstimmung1.11.12-013-325x209.jpg 325w, https:\/\/www.salzburgerland.com\/de\/magazin\/wp-content\/uploads\/2014\/04\/Abendstimmung1.11.12-013-249x160.jpg 249w\" \/><source media=\"(min-width: 0)\" srcset=\"https:\/\/www.salzburgerland.com\/de\/magazin\/wp-content\/uploads\/2014\/04\/Abendstimmung1.11.12-013-249x160.jpg 249w, https:\/\/www.salzburgerland.com\/de\/magazin\/wp-content\/uploads\/2014\/04\/Abendstimmung1.11.12-013-325x209.jpg 325w\" \/><img decoding=\"async\" alt=\"Kahle B\u00e4ume und hohes Gras vor einem leuchtend orangefarbenen und blauen Sonnenuntergangshimmel.\" src=\"https:\/\/www.salzburgerland.com\/de\/magazin\/wp-content\/uploads\/2014\/04\/Abendstimmung1.11.12-013.jpg\" \/>\t<\/picture><\/a><\/figure><\/div><div class=\"col-6 col-sm-4\"><figure><a class=\"thumb-container\" href=\"https:\/\/www.salzburgerland.com\/de\/magazin\/wp-content\/uploads\/2014\/04\/Buermoos_RdFlug_2-1280x1024.jpg\">\t<picture><source media=\"(min-width: 576px)\" srcset=\"https:\/\/www.salzburgerland.com\/de\/magazin\/wp-content\/uploads\/2014\/04\/Buermoos_RdFlug_2-325x209.jpg 325w, https:\/\/www.salzburgerland.com\/de\/magazin\/wp-content\/uploads\/2014\/04\/Buermoos_RdFlug_2-249x160.jpg 249w\" \/><source media=\"(min-width: 0)\" srcset=\"https:\/\/www.salzburgerland.com\/de\/magazin\/wp-content\/uploads\/2014\/04\/Buermoos_RdFlug_2-249x160.jpg 249w, https:\/\/www.salzburgerland.com\/de\/magazin\/wp-content\/uploads\/2014\/04\/Buermoos_RdFlug_2-325x209.jpg 325w\" \/><img decoding=\"async\" alt=\"Luftaufnahme von Torfstichen und W\u00e4ldern im B\u00fcrmooser Moor, \u00d6sterreich, mit deutschem Text und Abspann.\" src=\"https:\/\/www.salzburgerland.com\/de\/magazin\/wp-content\/uploads\/2014\/04\/Buermoos_RdFlug_2.jpg\" \/>\t<\/picture><\/a><\/figure><\/div><div class=\"col-6 col-sm-4\"><figure><a class=\"thumb-container\" href=\"https:\/\/www.salzburgerland.com\/de\/magazin\/wp-content\/uploads\/2014\/04\/Buermoos_RdFlug_1-1280x1024.jpg\">\t<picture><source media=\"(min-width: 576px)\" srcset=\"https:\/\/www.salzburgerland.com\/de\/magazin\/wp-content\/uploads\/2014\/04\/Buermoos_RdFlug_1-325x209.jpg 325w, https:\/\/www.salzburgerland.com\/de\/magazin\/wp-content\/uploads\/2014\/04\/Buermoos_RdFlug_1-249x160.jpg 249w\" \/><source media=\"(min-width: 0)\" srcset=\"https:\/\/www.salzburgerland.com\/de\/magazin\/wp-content\/uploads\/2014\/04\/Buermoos_RdFlug_1-249x160.jpg 249w, https:\/\/www.salzburgerland.com\/de\/magazin\/wp-content\/uploads\/2014\/04\/Buermoos_RdFlug_1-325x209.jpg 325w\" \/><img decoding=\"async\" alt=\"Luftaufnahme von wiederhergestelltem Moor, W\u00e4ldern und Teichen im B\u00fcrmooser Moor, \u00d6sterreich; oben Text in Deutsch.\" src=\"https:\/\/www.salzburgerland.com\/de\/magazin\/wp-content\/uploads\/2014\/04\/Buermoos_RdFlug_1.jpg\" \/>\t<\/picture><\/a><\/figure><\/div><div class=\"col-6 col-sm-4\"><figure><a class=\"thumb-container\" href=\"https:\/\/www.salzburgerland.com\/de\/magazin\/wp-content\/uploads\/2014\/04\/IMG_2989-1280x1024.jpg\">\t<picture><source media=\"(min-width: 576px)\" srcset=\"https:\/\/www.salzburgerland.com\/de\/magazin\/wp-content\/uploads\/2014\/04\/IMG_2989-325x209.jpg 325w, https:\/\/www.salzburgerland.com\/de\/magazin\/wp-content\/uploads\/2014\/04\/IMG_2989-249x160.jpg 249w\" \/><source media=\"(min-width: 0)\" srcset=\"https:\/\/www.salzburgerland.com\/de\/magazin\/wp-content\/uploads\/2014\/04\/IMG_2989-249x160.jpg 249w, https:\/\/www.salzburgerland.com\/de\/magazin\/wp-content\/uploads\/2014\/04\/IMG_2989-325x209.jpg 325w\" \/><img decoding=\"async\" alt=\"Ein gelbes Geb\u00e4ude mit wei\u00dfer Verkleidung beherbergt ein Museum, mit Schildern und Auslagen im Freien entlang einer ruhigen Stra\u00dfe.\" src=\"https:\/\/www.salzburgerland.com\/de\/magazin\/wp-content\/uploads\/2014\/04\/IMG_2989.jpg\" \/>\t<\/picture><\/a><\/figure><\/div><\/div><\/div><figcaption><\/figcaption>\n","protected":false},"excerpt":{"rendered":"<p>Eine Moorwanderung ist wie eine Entdeckungsreise in eine\u00a0l\u00e4ngst vergangene\u00a0Zeit. Im Salzburger Flachgau, nur wenige Autominuten n\u00f6rdlich der Stadt Salzburg, wartet der B\u00fcrmooser Moorerlebnis-Rundweg darauf, entdeckt zu werden. Ein beeindruckendes, abwechslungsreiches Natur-Schauspiel f\u00fcr die ganze Familie und eine wunderbare Alternative zum sonnt\u00e4glichen See- oder Bergausflug mit Kind und Kegel. Der etwas andere Ausflugstipp im SalzburgerLand. &#8222;Nur [&hellip;]<\/p>\n","protected":false},"author":333,"featured_media":87431,"comment_status":"open","ping_status":"open","sticky":false,"template":"","format":"standard","meta":{"_acf_changed":false,"wl_entities_gutenberg":"","_wl_entity_redirect_enabled":"","footnotes":""},"categories":[8],"tags":[],"wl_entity_type":[306],"monatsauswahl":[82,83,84,85,86,87,88,89,90,91,92,93],"class_list":["post-87365","post","type-post","status-publish","format-standard","has-post-thumbnail","hentry","category-outdoor-sport","wl_entity_type-article","monatsauswahl-monat_1","monatsauswahl-monat_2","monatsauswahl-monat_3","monatsauswahl-monat_4","monatsauswahl-monat_5","monatsauswahl-monat_6","monatsauswahl-monat_7","monatsauswahl-monat_8","monatsauswahl-monat_9","monatsauswahl-monat_10","monatsauswahl-monat_11","monatsauswahl-monat_12"],"acf":[],"yoast_head":"<!-- This site is optimized with the Yoast SEO Premium plugin v27.4 (Yoast SEO v27.4) - https:\/\/yoast.com\/product\/yoast-seo-premium-wordpress\/ -->\n<title>Moorwanderungen, ein Spaziergang im Zauberwald - SalzburgerLand Magazin<\/title>\n<meta name=\"description\" content=\"Eine Moorwanderung ist wie eine Entdeckungsreise in eine\u00a0l\u00e4ngst vergangene\u00a0Zeit. Im Salzburger Flachgau, nur wenige Autominuten n\u00f6rdlich der Stadt Salzburg, wartet der B\u00fcrmooser Moorerlebnis-Rundweg darauf, entdeckt zu werden. Ein beeindruckendes, abwechslungsreiches Natur-Schauspiel f\u00fcr die ganze Familie und eine wunderbare Alternative zum sonnt\u00e4glichen See- oder Bergausflug mit Kind und Kegel. Der etwas andere Ausflugstipp im SalzburgerLand. &#8222;Nur [&hellip;]\" \/>\n<meta name=\"robots\" content=\"index, follow, max-snippet:-1, max-image-preview:large, max-video-preview:-1\" \/>\n<link rel=\"canonical\" href=\"https:\/\/www.salzburgerland.com\/de\/magazin\/moorwanderungen-ein-spaziergang-im-zauberwald\/\" \/>\n<meta property=\"og:locale\" content=\"de_DE\" \/>\n<meta property=\"og:type\" content=\"article\" \/>\n<meta property=\"og:title\" content=\"Moorwanderungen, ein Spaziergang im Zauberwald\" \/>\n<meta property=\"og:description\" content=\"Eine Moorwanderung ist wie eine Entdeckungsreise in eine\u00a0l\u00e4ngst vergangene\u00a0Zeit. Im Salzburger Flachgau, nur wenige Autominuten n\u00f6rdlich der Stadt Salzburg, wartet der B\u00fcrmooser Moorerlebnis-Rundweg darauf, entdeckt zu werden. Ein beeindruckendes, abwechslungsreiches Natur-Schauspiel f\u00fcr die ganze Familie und eine wunderbare Alternative zum sonnt\u00e4glichen See- oder Bergausflug mit Kind und Kegel. Der etwas andere Ausflugstipp im SalzburgerLand. &#8222;Nur [&hellip;]\" \/>\n<meta property=\"og:url\" content=\"https:\/\/www.salzburgerland.com\/de\/magazin\/moorwanderungen-ein-spaziergang-im-zauberwald\/\" \/>\n<meta property=\"og:site_name\" content=\"SalzburgerLand Magazin\" \/>\n<meta property=\"article:publisher\" content=\"https:\/\/www.facebook.com\/salzburgerland\/\" \/>\n<meta property=\"article:published_time\" content=\"2014-04-07T12:47:39+00:00\" \/>\n<meta property=\"article:modified_time\" content=\"2019-06-26T18:18:54+00:00\" \/>\n<meta property=\"og:image\" content=\"https:\/\/www.salzburgerland.com\/de\/magazin\/wp-content\/uploads\/2014\/04\/IMG_2950.jpg\" \/>\n\t<meta property=\"og:image:width\" content=\"1600\" \/>\n\t<meta property=\"og:image:height\" content=\"1067\" \/>\n\t<meta property=\"og:image:type\" content=\"image\/jpeg\" \/>\n<meta name=\"author\" content=\"Christina Knauseder-Csipek\" \/>\n<meta name=\"twitter:card\" content=\"summary_large_image\" \/>\n<meta name=\"twitter:creator\" content=\"@Salzburgerland\" \/>\n<meta name=\"twitter:site\" content=\"@Salzburgerland\" \/>\n<meta name=\"twitter:label1\" content=\"Verfasst von\" \/>\n\t<meta name=\"twitter:data1\" content=\"Christina Knauseder-Csipek\" \/>\n\t<meta name=\"twitter:label2\" content=\"Gesch\u00e4tzte Lesezeit\" \/>\n\t<meta name=\"twitter:data2\" content=\"4\u00a0Minuten\" \/>\n<script type=\"application\/ld+json\" class=\"yoast-schema-graph\">{\"@context\":\"https:\\\/\\\/schema.org\",\"@graph\":[{\"@type\":\"Article\",\"@id\":\"https:\\\/\\\/www.salzburgerland.com\\\/de\\\/magazin\\\/moorwanderungen-ein-spaziergang-im-zauberwald\\\/#article\",\"isPartOf\":{\"@id\":\"https:\\\/\\\/www.salzburgerland.com\\\/de\\\/magazin\\\/moorwanderungen-ein-spaziergang-im-zauberwald\\\/\"},\"author\":{\"name\":\"Christina Knauseder-Csipek\",\"@id\":\"https:\\\/\\\/www.salzburgerland.com\\\/de\\\/magazin\\\/#\\\/schema\\\/person\\\/c8d118fb84adefa6fa30b3220457409a\"},\"headline\":\"Moorwanderungen, ein Spaziergang im Zauberwald\",\"datePublished\":\"2014-04-07T12:47:39+00:00\",\"dateModified\":\"2019-06-26T18:18:54+00:00\",\"mainEntityOfPage\":{\"@id\":\"https:\\\/\\\/www.salzburgerland.com\\\/de\\\/magazin\\\/moorwanderungen-ein-spaziergang-im-zauberwald\\\/\"},\"wordCount\":824,\"commentCount\":0,\"publisher\":{\"@id\":\"https:\\\/\\\/www.salzburgerland.com\\\/de\\\/magazin\\\/#organization\"},\"image\":{\"@id\":\"https:\\\/\\\/www.salzburgerland.com\\\/de\\\/magazin\\\/moorwanderungen-ein-spaziergang-im-zauberwald\\\/#primaryimage\"},\"thumbnailUrl\":\"https:\\\/\\\/www.salzburgerland.com\\\/de\\\/magazin\\\/wp-content\\\/uploads\\\/2014\\\/04\\\/IMG_2950.jpg\",\"articleSection\":[\"Outdoor &amp; Sport\"],\"inLanguage\":\"de\",\"potentialAction\":[{\"@type\":\"CommentAction\",\"name\":\"Comment\",\"target\":[\"https:\\\/\\\/www.salzburgerland.com\\\/de\\\/magazin\\\/moorwanderungen-ein-spaziergang-im-zauberwald\\\/#respond\"]}]},{\"@type\":\"WebPage\",\"@id\":\"https:\\\/\\\/www.salzburgerland.com\\\/de\\\/magazin\\\/moorwanderungen-ein-spaziergang-im-zauberwald\\\/\",\"url\":\"https:\\\/\\\/www.salzburgerland.com\\\/de\\\/magazin\\\/moorwanderungen-ein-spaziergang-im-zauberwald\\\/\",\"name\":\"Moorwanderungen, ein Spaziergang im Zauberwald - SalzburgerLand Magazin\",\"isPartOf\":{\"@id\":\"https:\\\/\\\/www.salzburgerland.com\\\/de\\\/magazin\\\/#website\"},\"primaryImageOfPage\":{\"@id\":\"https:\\\/\\\/www.salzburgerland.com\\\/de\\\/magazin\\\/moorwanderungen-ein-spaziergang-im-zauberwald\\\/#primaryimage\"},\"image\":{\"@id\":\"https:\\\/\\\/www.salzburgerland.com\\\/de\\\/magazin\\\/moorwanderungen-ein-spaziergang-im-zauberwald\\\/#primaryimage\"},\"thumbnailUrl\":\"https:\\\/\\\/www.salzburgerland.com\\\/de\\\/magazin\\\/wp-content\\\/uploads\\\/2014\\\/04\\\/IMG_2950.jpg\",\"datePublished\":\"2014-04-07T12:47:39+00:00\",\"dateModified\":\"2019-06-26T18:18:54+00:00\",\"breadcrumb\":{\"@id\":\"https:\\\/\\\/www.salzburgerland.com\\\/de\\\/magazin\\\/moorwanderungen-ein-spaziergang-im-zauberwald\\\/#breadcrumb\"},\"inLanguage\":\"de\",\"potentialAction\":[{\"@type\":\"ReadAction\",\"target\":[\"https:\\\/\\\/www.salzburgerland.com\\\/de\\\/magazin\\\/moorwanderungen-ein-spaziergang-im-zauberwald\\\/\"]}]},{\"@type\":\"ImageObject\",\"inLanguage\":\"de\",\"@id\":\"https:\\\/\\\/www.salzburgerland.com\\\/de\\\/magazin\\\/moorwanderungen-ein-spaziergang-im-zauberwald\\\/#primaryimage\",\"url\":\"https:\\\/\\\/www.salzburgerland.com\\\/de\\\/magazin\\\/wp-content\\\/uploads\\\/2014\\\/04\\\/IMG_2950.jpg\",\"contentUrl\":\"https:\\\/\\\/www.salzburgerland.com\\\/de\\\/magazin\\\/wp-content\\\/uploads\\\/2014\\\/04\\\/IMG_2950.jpg\",\"width\":1600,\"height\":1067,\"caption\":\"Ein h\u00f6lzernes Pfeilschild mit der Aufschrift Rundweg weist auf einer blattlosen Waldlichtung nach rechts.\"},{\"@type\":\"BreadcrumbList\",\"@id\":\"https:\\\/\\\/www.salzburgerland.com\\\/de\\\/magazin\\\/moorwanderungen-ein-spaziergang-im-zauberwald\\\/#breadcrumb\",\"itemListElement\":[{\"@type\":\"ListItem\",\"position\":1,\"name\":\"Startseite\",\"item\":\"https:\\\/\\\/www.salzburgerland.com\\\/de\\\/magazin\\\/\"},{\"@type\":\"ListItem\",\"position\":2,\"name\":\"Outdoor &amp; Sport\",\"item\":\"https:\\\/\\\/www.salzburgerland.com\\\/de\\\/magazin\\\/thema\\\/outdoor-sport\\\/\"},{\"@type\":\"ListItem\",\"position\":3,\"name\":\"Moorwanderungen, ein Spaziergang im Zauberwald\"}]},{\"@type\":\"WebSite\",\"@id\":\"https:\\\/\\\/www.salzburgerland.com\\\/de\\\/magazin\\\/#website\",\"url\":\"https:\\\/\\\/www.salzburgerland.com\\\/de\\\/magazin\\\/\",\"name\":\"SalzburgerLand Magazin\",\"description\":\"Geschichten und Interessantes aus dem SalzburgerLand\",\"publisher\":{\"@id\":\"https:\\\/\\\/www.salzburgerland.com\\\/de\\\/magazin\\\/#organization\"},\"potentialAction\":[{\"@type\":\"SearchAction\",\"target\":{\"@type\":\"EntryPoint\",\"urlTemplate\":\"https:\\\/\\\/www.salzburgerland.com\\\/de\\\/magazin\\\/?s={search_term_string}\"},\"query-input\":{\"@type\":\"PropertyValueSpecification\",\"valueRequired\":true,\"valueName\":\"search_term_string\"}}],\"inLanguage\":\"de\"},{\"@type\":\"Organization\",\"@id\":\"https:\\\/\\\/www.salzburgerland.com\\\/de\\\/magazin\\\/#organization\",\"name\":\"SalzburgerLand Tourismus\",\"url\":\"https:\\\/\\\/www.salzburgerland.com\\\/de\\\/magazin\\\/\",\"logo\":{\"@type\":\"ImageObject\",\"inLanguage\":\"de\",\"@id\":\"https:\\\/\\\/www.salzburgerland.com\\\/de\\\/magazin\\\/#\\\/schema\\\/logo\\\/image\\\/\",\"url\":\"https:\\\/\\\/www.salzburgerland.com\\\/de\\\/magazin\\\/wp-content\\\/uploads\\\/2019\\\/06\\\/salzburgerland-logo1.jpg\",\"contentUrl\":\"https:\\\/\\\/www.salzburgerland.com\\\/de\\\/magazin\\\/wp-content\\\/uploads\\\/2019\\\/06\\\/salzburgerland-logo1.jpg\",\"width\":2011,\"height\":866,\"caption\":\"SalzburgerLand Tourismus\"},\"image\":{\"@id\":\"https:\\\/\\\/www.salzburgerland.com\\\/de\\\/magazin\\\/#\\\/schema\\\/logo\\\/image\\\/\"},\"sameAs\":[\"https:\\\/\\\/www.facebook.com\\\/salzburgerland\\\/\",\"https:\\\/\\\/x.com\\\/Salzburgerland\",\"https:\\\/\\\/www.instagram.com\\\/salzburgerland\\\/\",\"https:\\\/\\\/at.linkedin.com\\\/company\\\/salzburgerland-tourismus-gmbh\",\"https:\\\/\\\/www.pinterest.at\\\/salzburgerland\\\/\",\"https:\\\/\\\/www.youtube.com\\\/user\\\/salzburgerland\",\"https:\\\/\\\/de.wikipedia.org\\\/wiki\\\/SalzburgerLand_Tourismus_GmbH\"]},{\"@type\":\"Person\",\"@id\":\"https:\\\/\\\/www.salzburgerland.com\\\/de\\\/magazin\\\/#\\\/schema\\\/person\\\/c8d118fb84adefa6fa30b3220457409a\",\"name\":\"Christina Knauseder-Csipek\",\"description\":\"Ob interessante Menschen, besondere Landstriche oder bedeutsame Orte: Geschichten von Land und Leuten liegen Christina als studierte Historikerin und Kommunikationswissenschaftlerin besonders am Herzen. In ihrer Freizeit ist sie am liebsten in der Natur unterwegs oder begibt sich mit einer Tasse Tee in der Hand in fremde (Buch-)Welten. Das SalzburgerLand hat die Redakteurin schon als Kind sch\u00e4tzen und lieben gelernt. Heute genie\u00dft sie dessen Sch\u00f6nheiten noch immer so oft wie m\u00f6glich, zieht ihre Kreise aber auch gerne mal etwas gr\u00f6\u00dfer. Freunde munkeln \u00fcber einen Schuss Zigeunerblut in ihren Adern. So tingelt sie am liebsten entweder mit dem Rucksack durch Asien oder mit dem alten VW-Bus quer durch Europa. Und \u00fcberall warten spannende Geschichten darauf, bemerkt und niedergeschrieben zu werden. Fr\u00fchling, Sommer, Herbst oder Winter? Als geb\u00fcrtiges \u201eHerbstkatzerl\u201c liegt mir diese Jahreszeit besonders am Herzen. So sehr ich auch Fr\u00fchling, Sommer und Winter genie\u00dfe, ein klarer, sonniger Herbsttag mit seiner opulenten Farbenpracht \u2013 das hat schon einen ganz besonderen Zauber. Luxushotel oder Almh\u00fctte? Klar lasse ich mich auch gerne mal in einem Luxushotel verw\u00f6hnen, alles andere w\u00e4re geschwindelt. Aber gegen ein bodenst\u00e4ndiges Reise-Erlebnis nah an der Natur, ob auf einer urigen Alm oder am spartanischen Campingplatz auf Korsika, tausche ich einen Luxus-Urlaub gerne ein. Jederzeit und immer wieder. Kr\u00e4utertee oder Zirbenschnaps? Ein Schnapserl in Ehren kann ich schwer verwehren, wobei auch da eher den selbstgemachten Nusschnaps vom Onkel als die Zirbe. Grunds\u00e4tzlich bin ich aber ein leidenschaftlicher Tee-Genie\u00dfer und fr\u00f6ne dieser Leidenschaft literweise. Ob Gr\u00fcntee, Kr\u00e4utertee oder ganz klassisch \u201eEarl Grey\u201c: Eine Tasse Tee ist f\u00fcr mich Entspannung und Antrieb gleicherma\u00dfen. Buch oder Film? Ich bin ein absoluter B\u00fccherwurm, von Kindesbeinen an. B\u00f6se Zungen behaupten, dieser Zeit (Lesen bei, naja, nicht immer optimalen Bedingungen) h\u00e4tte ich auch meine Fehlsichtigkeit zu verdanken. Ob \u201eDer Herr der Ringe\u201c oder \u201eGame of Thrones\u201c \u2013 vor allem in fantastischen Welten kann ich mich komplett verlieren. Guten Filmen bin ich trotzdem nicht abgeneigt, da haben es mir vor allem \u00f6sterreichische und d\u00e4nische Produktionen angetan. Meistens herrlich skurril und oft zum Br\u00fcllen komisch. Yoga oder Mountainbike Auch wenn ich\u00b4s mir fr\u00fcher nicht gedacht h\u00e4tte: Yoga ist wirklich eine geniale Sache. Das mehr auf Kraft ausgerichtete Ashtanga Yoga hat einen fixen Platz in meinem Wochenplan gefunden, obwohl meine eigentliche Leidenschaft den Pferden geh\u00f6rt. Grunds\u00e4tzlich bevorzuge ich sportliche Aktivit\u00e4ten unter freiem Himmel. Von Laufen bis hin zum Paragleiten ist da alles mit dabei.\",\"url\":\"https:\\\/\\\/www.salzburgerland.com\\\/de\\\/magazin\\\/author\\\/christina-knauseder-csipek\\\/\"}]}<\/script>\n<!-- \/ Yoast SEO Premium plugin. -->","yoast_head_json":{"title":"Moorwanderungen, ein Spaziergang im Zauberwald - SalzburgerLand Magazin","description":"Eine Moorwanderung ist wie eine Entdeckungsreise in eine\u00a0l\u00e4ngst vergangene\u00a0Zeit. Im Salzburger Flachgau, nur wenige Autominuten n\u00f6rdlich der Stadt Salzburg, wartet der B\u00fcrmooser Moorerlebnis-Rundweg darauf, entdeckt zu werden. Ein beeindruckendes, abwechslungsreiches Natur-Schauspiel f\u00fcr die ganze Familie und eine wunderbare Alternative zum sonnt\u00e4glichen See- oder Bergausflug mit Kind und Kegel. Der etwas andere Ausflugstipp im SalzburgerLand. &#8222;Nur [&hellip;]","robots":{"index":"index","follow":"follow","max-snippet":"max-snippet:-1","max-image-preview":"max-image-preview:large","max-video-preview":"max-video-preview:-1"},"canonical":"https:\/\/www.salzburgerland.com\/de\/magazin\/moorwanderungen-ein-spaziergang-im-zauberwald\/","og_locale":"de_DE","og_type":"article","og_title":"Moorwanderungen, ein Spaziergang im Zauberwald","og_description":"Eine Moorwanderung ist wie eine Entdeckungsreise in eine\u00a0l\u00e4ngst vergangene\u00a0Zeit. Im Salzburger Flachgau, nur wenige Autominuten n\u00f6rdlich der Stadt Salzburg, wartet der B\u00fcrmooser Moorerlebnis-Rundweg darauf, entdeckt zu werden. Ein beeindruckendes, abwechslungsreiches Natur-Schauspiel f\u00fcr die ganze Familie und eine wunderbare Alternative zum sonnt\u00e4glichen See- oder Bergausflug mit Kind und Kegel. Der etwas andere Ausflugstipp im SalzburgerLand. &#8222;Nur [&hellip;]","og_url":"https:\/\/www.salzburgerland.com\/de\/magazin\/moorwanderungen-ein-spaziergang-im-zauberwald\/","og_site_name":"SalzburgerLand Magazin","article_publisher":"https:\/\/www.facebook.com\/salzburgerland\/","article_published_time":"2014-04-07T12:47:39+00:00","article_modified_time":"2019-06-26T18:18:54+00:00","og_image":[{"width":1600,"height":1067,"url":"https:\/\/www.salzburgerland.com\/de\/magazin\/wp-content\/uploads\/2014\/04\/IMG_2950.jpg","type":"image\/jpeg"}],"author":"Christina Knauseder-Csipek","twitter_card":"summary_large_image","twitter_creator":"@Salzburgerland","twitter_site":"@Salzburgerland","twitter_misc":{"Verfasst von":"Christina Knauseder-Csipek","Gesch\u00e4tzte Lesezeit":"4\u00a0Minuten"},"schema":{"@context":"https:\/\/schema.org","@graph":[{"@type":"Article","@id":"https:\/\/www.salzburgerland.com\/de\/magazin\/moorwanderungen-ein-spaziergang-im-zauberwald\/#article","isPartOf":{"@id":"https:\/\/www.salzburgerland.com\/de\/magazin\/moorwanderungen-ein-spaziergang-im-zauberwald\/"},"author":{"name":"Christina Knauseder-Csipek","@id":"https:\/\/www.salzburgerland.com\/de\/magazin\/#\/schema\/person\/c8d118fb84adefa6fa30b3220457409a"},"headline":"Moorwanderungen, ein Spaziergang im Zauberwald","datePublished":"2014-04-07T12:47:39+00:00","dateModified":"2019-06-26T18:18:54+00:00","mainEntityOfPage":{"@id":"https:\/\/www.salzburgerland.com\/de\/magazin\/moorwanderungen-ein-spaziergang-im-zauberwald\/"},"wordCount":824,"commentCount":0,"publisher":{"@id":"https:\/\/www.salzburgerland.com\/de\/magazin\/#organization"},"image":{"@id":"https:\/\/www.salzburgerland.com\/de\/magazin\/moorwanderungen-ein-spaziergang-im-zauberwald\/#primaryimage"},"thumbnailUrl":"https:\/\/www.salzburgerland.com\/de\/magazin\/wp-content\/uploads\/2014\/04\/IMG_2950.jpg","articleSection":["Outdoor &amp; Sport"],"inLanguage":"de","potentialAction":[{"@type":"CommentAction","name":"Comment","target":["https:\/\/www.salzburgerland.com\/de\/magazin\/moorwanderungen-ein-spaziergang-im-zauberwald\/#respond"]}]},{"@type":"WebPage","@id":"https:\/\/www.salzburgerland.com\/de\/magazin\/moorwanderungen-ein-spaziergang-im-zauberwald\/","url":"https:\/\/www.salzburgerland.com\/de\/magazin\/moorwanderungen-ein-spaziergang-im-zauberwald\/","name":"Moorwanderungen, ein Spaziergang im Zauberwald - SalzburgerLand Magazin","isPartOf":{"@id":"https:\/\/www.salzburgerland.com\/de\/magazin\/#website"},"primaryImageOfPage":{"@id":"https:\/\/www.salzburgerland.com\/de\/magazin\/moorwanderungen-ein-spaziergang-im-zauberwald\/#primaryimage"},"image":{"@id":"https:\/\/www.salzburgerland.com\/de\/magazin\/moorwanderungen-ein-spaziergang-im-zauberwald\/#primaryimage"},"thumbnailUrl":"https:\/\/www.salzburgerland.com\/de\/magazin\/wp-content\/uploads\/2014\/04\/IMG_2950.jpg","datePublished":"2014-04-07T12:47:39+00:00","dateModified":"2019-06-26T18:18:54+00:00","breadcrumb":{"@id":"https:\/\/www.salzburgerland.com\/de\/magazin\/moorwanderungen-ein-spaziergang-im-zauberwald\/#breadcrumb"},"inLanguage":"de","potentialAction":[{"@type":"ReadAction","target":["https:\/\/www.salzburgerland.com\/de\/magazin\/moorwanderungen-ein-spaziergang-im-zauberwald\/"]}]},{"@type":"ImageObject","inLanguage":"de","@id":"https:\/\/www.salzburgerland.com\/de\/magazin\/moorwanderungen-ein-spaziergang-im-zauberwald\/#primaryimage","url":"https:\/\/www.salzburgerland.com\/de\/magazin\/wp-content\/uploads\/2014\/04\/IMG_2950.jpg","contentUrl":"https:\/\/www.salzburgerland.com\/de\/magazin\/wp-content\/uploads\/2014\/04\/IMG_2950.jpg","width":1600,"height":1067,"caption":"Ein h\u00f6lzernes Pfeilschild mit der Aufschrift Rundweg weist auf einer blattlosen Waldlichtung nach rechts."},{"@type":"BreadcrumbList","@id":"https:\/\/www.salzburgerland.com\/de\/magazin\/moorwanderungen-ein-spaziergang-im-zauberwald\/#breadcrumb","itemListElement":[{"@type":"ListItem","position":1,"name":"Startseite","item":"https:\/\/www.salzburgerland.com\/de\/magazin\/"},{"@type":"ListItem","position":2,"name":"Outdoor &amp; Sport","item":"https:\/\/www.salzburgerland.com\/de\/magazin\/thema\/outdoor-sport\/"},{"@type":"ListItem","position":3,"name":"Moorwanderungen, ein Spaziergang im Zauberwald"}]},{"@type":"WebSite","@id":"https:\/\/www.salzburgerland.com\/de\/magazin\/#website","url":"https:\/\/www.salzburgerland.com\/de\/magazin\/","name":"SalzburgerLand Magazin","description":"Geschichten und Interessantes aus dem SalzburgerLand","publisher":{"@id":"https:\/\/www.salzburgerland.com\/de\/magazin\/#organization"},"potentialAction":[{"@type":"SearchAction","target":{"@type":"EntryPoint","urlTemplate":"https:\/\/www.salzburgerland.com\/de\/magazin\/?s={search_term_string}"},"query-input":{"@type":"PropertyValueSpecification","valueRequired":true,"valueName":"search_term_string"}}],"inLanguage":"de"},{"@type":"Organization","@id":"https:\/\/www.salzburgerland.com\/de\/magazin\/#organization","name":"SalzburgerLand Tourismus","url":"https:\/\/www.salzburgerland.com\/de\/magazin\/","logo":{"@type":"ImageObject","inLanguage":"de","@id":"https:\/\/www.salzburgerland.com\/de\/magazin\/#\/schema\/logo\/image\/","url":"https:\/\/www.salzburgerland.com\/de\/magazin\/wp-content\/uploads\/2019\/06\/salzburgerland-logo1.jpg","contentUrl":"https:\/\/www.salzburgerland.com\/de\/magazin\/wp-content\/uploads\/2019\/06\/salzburgerland-logo1.jpg","width":2011,"height":866,"caption":"SalzburgerLand Tourismus"},"image":{"@id":"https:\/\/www.salzburgerland.com\/de\/magazin\/#\/schema\/logo\/image\/"},"sameAs":["https:\/\/www.facebook.com\/salzburgerland\/","https:\/\/x.com\/Salzburgerland","https:\/\/www.instagram.com\/salzburgerland\/","https:\/\/at.linkedin.com\/company\/salzburgerland-tourismus-gmbh","https:\/\/www.pinterest.at\/salzburgerland\/","https:\/\/www.youtube.com\/user\/salzburgerland","https:\/\/de.wikipedia.org\/wiki\/SalzburgerLand_Tourismus_GmbH"]},{"@type":"Person","@id":"https:\/\/www.salzburgerland.com\/de\/magazin\/#\/schema\/person\/c8d118fb84adefa6fa30b3220457409a","name":"Christina Knauseder-Csipek","description":"Ob interessante Menschen, besondere Landstriche oder bedeutsame Orte: Geschichten von Land und Leuten liegen Christina als studierte Historikerin und Kommunikationswissenschaftlerin besonders am Herzen. In ihrer Freizeit ist sie am liebsten in der Natur unterwegs oder begibt sich mit einer Tasse Tee in der Hand in fremde (Buch-)Welten. Das SalzburgerLand hat die Redakteurin schon als Kind sch\u00e4tzen und lieben gelernt. Heute genie\u00dft sie dessen Sch\u00f6nheiten noch immer so oft wie m\u00f6glich, zieht ihre Kreise aber auch gerne mal etwas gr\u00f6\u00dfer. Freunde munkeln \u00fcber einen Schuss Zigeunerblut in ihren Adern. So tingelt sie am liebsten entweder mit dem Rucksack durch Asien oder mit dem alten VW-Bus quer durch Europa. Und \u00fcberall warten spannende Geschichten darauf, bemerkt und niedergeschrieben zu werden. Fr\u00fchling, Sommer, Herbst oder Winter? Als geb\u00fcrtiges \u201eHerbstkatzerl\u201c liegt mir diese Jahreszeit besonders am Herzen. So sehr ich auch Fr\u00fchling, Sommer und Winter genie\u00dfe, ein klarer, sonniger Herbsttag mit seiner opulenten Farbenpracht \u2013 das hat schon einen ganz besonderen Zauber. Luxushotel oder Almh\u00fctte? Klar lasse ich mich auch gerne mal in einem Luxushotel verw\u00f6hnen, alles andere w\u00e4re geschwindelt. Aber gegen ein bodenst\u00e4ndiges Reise-Erlebnis nah an der Natur, ob auf einer urigen Alm oder am spartanischen Campingplatz auf Korsika, tausche ich einen Luxus-Urlaub gerne ein. Jederzeit und immer wieder. Kr\u00e4utertee oder Zirbenschnaps? Ein Schnapserl in Ehren kann ich schwer verwehren, wobei auch da eher den selbstgemachten Nusschnaps vom Onkel als die Zirbe. Grunds\u00e4tzlich bin ich aber ein leidenschaftlicher Tee-Genie\u00dfer und fr\u00f6ne dieser Leidenschaft literweise. Ob Gr\u00fcntee, Kr\u00e4utertee oder ganz klassisch \u201eEarl Grey\u201c: Eine Tasse Tee ist f\u00fcr mich Entspannung und Antrieb gleicherma\u00dfen. Buch oder Film? Ich bin ein absoluter B\u00fccherwurm, von Kindesbeinen an. B\u00f6se Zungen behaupten, dieser Zeit (Lesen bei, naja, nicht immer optimalen Bedingungen) h\u00e4tte ich auch meine Fehlsichtigkeit zu verdanken. Ob \u201eDer Herr der Ringe\u201c oder \u201eGame of Thrones\u201c \u2013 vor allem in fantastischen Welten kann ich mich komplett verlieren. Guten Filmen bin ich trotzdem nicht abgeneigt, da haben es mir vor allem \u00f6sterreichische und d\u00e4nische Produktionen angetan. Meistens herrlich skurril und oft zum Br\u00fcllen komisch. Yoga oder Mountainbike Auch wenn ich\u00b4s mir fr\u00fcher nicht gedacht h\u00e4tte: Yoga ist wirklich eine geniale Sache. Das mehr auf Kraft ausgerichtete Ashtanga Yoga hat einen fixen Platz in meinem Wochenplan gefunden, obwohl meine eigentliche Leidenschaft den Pferden geh\u00f6rt. Grunds\u00e4tzlich bevorzuge ich sportliche Aktivit\u00e4ten unter freiem Himmel. Von Laufen bis hin zum Paragleiten ist da alles mit dabei.","url":"https:\/\/www.salzburgerland.com\/de\/magazin\/author\/christina-knauseder-csipek\/"}]}},"_wl_alt_label":[],"wl:entity_url":"http:\/\/open.salzburgerland.com\/magazin\/post\/moorwanderungen__ein_spaziergang_im_zauberwald","_links":{"self":[{"href":"https:\/\/www.salzburgerland.com\/de\/magazin\/wp-json\/wp\/v2\/posts\/87365","targetHints":{"allow":["GET"]}}],"collection":[{"href":"https:\/\/www.salzburgerland.com\/de\/magazin\/wp-json\/wp\/v2\/posts"}],"about":[{"href":"https:\/\/www.salzburgerland.com\/de\/magazin\/wp-json\/wp\/v2\/types\/post"}],"author":[{"embeddable":true,"href":"https:\/\/www.salzburgerland.com\/de\/magazin\/wp-json\/wp\/v2\/users\/333"}],"replies":[{"embeddable":true,"href":"https:\/\/www.salzburgerland.com\/de\/magazin\/wp-json\/wp\/v2\/comments?post=87365"}],"version-history":[{"count":1,"href":"https:\/\/www.salzburgerland.com\/de\/magazin\/wp-json\/wp\/v2\/posts\/87365\/revisions"}],"predecessor-version":[{"id":168189,"href":"https:\/\/www.salzburgerland.com\/de\/magazin\/wp-json\/wp\/v2\/posts\/87365\/revisions\/168189"}],"wp:featuredmedia":[{"embeddable":true,"href":"https:\/\/www.salzburgerland.com\/de\/magazin\/wp-json\/wp\/v2\/media\/87431"}],"wp:attachment":[{"href":"https:\/\/www.salzburgerland.com\/de\/magazin\/wp-json\/wp\/v2\/media?parent=87365"}],"wp:term":[{"taxonomy":"category","embeddable":true,"href":"https:\/\/www.salzburgerland.com\/de\/magazin\/wp-json\/wp\/v2\/categories?post=87365"},{"taxonomy":"post_tag","embeddable":true,"href":"https:\/\/www.salzburgerland.com\/de\/magazin\/wp-json\/wp\/v2\/tags?post=87365"},{"taxonomy":"wl_entity_type","embeddable":true,"href":"https:\/\/www.salzburgerland.com\/de\/magazin\/wp-json\/wp\/v2\/wl_entity_type?post=87365"},{"taxonomy":"monatsauswahl","embeddable":true,"href":"https:\/\/www.salzburgerland.com\/de\/magazin\/wp-json\/wp\/v2\/monatsauswahl?post=87365"}],"curies":[{"name":"wp","href":"https:\/\/api.w.org\/{rel}","templated":true}]}}