{"id":872,"date":"2012-04-24T19:04:47","date_gmt":"2012-04-24T17:04:47","guid":{"rendered":"http:\/\/magazin.salzburgerland.com\/?p=872"},"modified":"2021-04-28T10:05:48","modified_gmt":"2021-04-28T08:05:48","slug":"der-kase-kunstler-aus-dem-lungau","status":"publish","type":"post","link":"https:\/\/www.salzburgerland.com\/de\/magazin\/der-kase-kunstler-aus-dem-lungau\/","title":{"rendered":"Der K\u00e4se-K\u00fcnstler hinter den Tauern"},"content":{"rendered":"\n<h2 class=\"wp-block-slt-subtitle\">Ziegenk\u00e4se vom Hiasnhof<\/h2>\n\n\n\n<p class=\"wp-block-slt-intro\">G\u00fcnther Naynars K\u00e4se ist nicht nur im SalzburgerLand in aller Munde. Wer ihn probieren m\u00f6chte, sollte einen Ausflug in den sonnigen Lungau einplanen \u2013 denn Naynars K\u00f6stlichkeiten sind nicht \u00fcberall erh\u00e4ltlich.<\/p>\n\n\n\n<p>Auf dem Bergr\u00fccken zwischen Mariapfarr und G\u00f6riach im Lungau liegt auf 1260 Metern H\u00f6he der <a href=\"http:\/\/www.tauernroggen.at\/de\/hiasnhof.html\" target=\"_blank\" rel=\"noreferrer noopener\">Hiasnhof<\/a> der Familie Naynar. G\u00fcnther Naynar, Jahrgang 1954, ist vor vielen Jahren in den Lungau gekommen und hat hier seine Margarethe kennengelernt, die Tochter des Hiasnbauern in G\u00f6riach. Als der Schwiegervater die Landwirtschaft einstellen wollte, gab Naynar seinen Brotberuf als Zeichenlehrer am Gymnasium in Tamsweg auf und widmete sich ganz seinem Hobby, der K\u00e4serei: \u201eIch habe schon w\u00e4hrend meiner Studienzeit im Sommer immer auf einer Alm im Dachsteingebiet gearbeitet und dort das K\u00e4ser-Handwerk gelernt\u201c, erkl\u00e4rt Naynar. Er war damals einer der ersten K\u00e4ser in \u00d6sterreich, die auch Ziegenk\u00e4se produziert haben \u2013 gemischt mit der k\u00fcnstlerischen Inspiration eines Absolventen der Kunsthochschule entstanden dabei K\u00e4se-Variationen mit L\u00e4rchenholz-Asche, Wacholder-Nadeln, geschrotetem Pfeffer und Korinthen, den winzigen, kernlosen Rosinen. Gemischt mit dem Hochgebirgs-Klima des Lungaus bietet Naynars K\u00e4se ein Geschmackserlebnis der besonderen Art.<\/p>\n\n\n\n<figure class=\"wp-block-image size-large\"><img loading=\"lazy\" decoding=\"async\" width=\"1600\" height=\"1067\" src=\"https:\/\/www.salzburgerland.com\/de\/magazin\/wp-content\/uploads\/2012\/10\/SLT_ViaCulinaria_156.jpg\" alt=\"Ein Mann steht an einem bew\u00f6lkten Tag auf einer Wiese, umgeben von mehreren braunen Ziegen mit H\u00f6rnern.\" class=\"wp-image-26871\" srcset=\"https:\/\/www.salzburgerland.com\/de\/magazin\/wp-content\/uploads\/2012\/10\/SLT_ViaCulinaria_156.jpg 1600w, https:\/\/www.salzburgerland.com\/de\/magazin\/wp-content\/uploads\/2012\/10\/SLT_ViaCulinaria_156-300x200.jpg 300w, https:\/\/www.salzburgerland.com\/de\/magazin\/wp-content\/uploads\/2012\/10\/SLT_ViaCulinaria_156-825x550.jpg 825w, https:\/\/www.salzburgerland.com\/de\/magazin\/wp-content\/uploads\/2012\/10\/SLT_ViaCulinaria_156-600x400.jpg 600w, https:\/\/www.salzburgerland.com\/de\/magazin\/wp-content\/uploads\/2012\/10\/SLT_ViaCulinaria_156-1320x880.jpg 1320w\" sizes=\"auto, (max-width: 1600px) 100vw, 1600px\" \/><\/figure>\n\n\n\n<h2 class=\"wp-block-heading\" id=\"h-25-freche-ziegen\"><strong>25 freche Ziegen<\/strong><\/h2>\n\n\n\n<p>\u201eUngef\u00e4hr 25 Ziegen\u201c h\u00e4lt Gunther Naynar am Hiasnhof, um die sich die ganze Familie k\u00fcmmert, \u201eweil sie sehr heikel sind\u201c. Deshalb ist es wichtig, dass es ihnen gut geht: Sie haben eine gro\u00dfe Weide und bekommen jeden Tag zus\u00e4tzlich Frischfutter durch den Zaun gesteckt. \u201eSie sind sehr anspruchsvoll und freuen sich, wenn sie jeden Tag etwas Neues bekommen.\u201c So wird auch die Psychologie in die Landwirtschaft mit eingebaut. Als Ausgleich zu den schlauen und \u201emanchmal gemeinen Ziegen\u201c hat Naynar noch seine K\u00fche, die \u2013 wenn es das Lungauer Wetter zul\u00e4sst \u2013 jeden Tag auf die Weide d\u00fcrfen: \u201eK\u00fche sind das genaue Gegenteil zu den Ziegen: Sie sind friedliebend, ruhebed\u00fcrftig und haben einen langsamen, wohltuenden Rhythmus \u2013 es ist sch\u00f6n, diese zwei Pole an Tieren zu haben\u201c, erkl\u00e4rt Naynar.<\/p>\n\n\n\n<figure class=\"wp-block-image size-large\"><img loading=\"lazy\" decoding=\"async\" width=\"1600\" height=\"1066\" src=\"https:\/\/www.salzburgerland.com\/de\/magazin\/wp-content\/uploads\/2012\/04\/Gunther-Naynar1.jpg\" alt=\"Die frechen Ziegen\" class=\"wp-image-15571\" srcset=\"https:\/\/www.salzburgerland.com\/de\/magazin\/wp-content\/uploads\/2012\/04\/Gunther-Naynar1.jpg 1600w, https:\/\/www.salzburgerland.com\/de\/magazin\/wp-content\/uploads\/2012\/04\/Gunther-Naynar1-300x200.jpg 300w, https:\/\/www.salzburgerland.com\/de\/magazin\/wp-content\/uploads\/2012\/04\/Gunther-Naynar1-826x550.jpg 826w, https:\/\/www.salzburgerland.com\/de\/magazin\/wp-content\/uploads\/2012\/04\/Gunther-Naynar1-600x400.jpg 600w, https:\/\/www.salzburgerland.com\/de\/magazin\/wp-content\/uploads\/2012\/04\/Gunther-Naynar1-1320x879.jpg 1320w\" sizes=\"auto, (max-width: 1600px) 100vw, 1600px\" \/><\/figure>\n\n\n\n<h2 class=\"wp-block-heading\" id=\"h-slow-food-ist-programm\"><strong>Slow-Food ist Programm<\/strong><\/h2>\n\n\n\n<p>Der Vater von vier Kindern ist ein Vorreiter der Slow-Food-Bewegung. Am Hiasnhof baut er auch Tauernroggen an, eine sehr alte Getreideform, und den \u201eEachtling\u201c, die besonderen Lungauer Kartoffeln mit dem au\u00dfergew\u00f6hnlichen Geschmack. Trotzdem, oder gerade deshalb, h\u00e4lt er nichts von langen Vertriebswegen und Massen-Produktion: Seine K\u00e4se-Sorten liefert er nur an einige Spitzenk\u00f6che im Salzburger Land und an das \u201eKasl\u00f6chl\u201c in der Stadt Salzburg. Wer Gunther Naynar pers\u00f6nlich kennen lernen will, trifft ihn auf seinem Bauernhof oder jeden Freitag Vormittag am Bauernmarkt in Tamsweg. Ein Ausflug in den Lungau zahlt sich aus, denn Naynar ist der Meinung, dass Lebensmittel \u201edort am besten schmecken, wo sie entstanden sind\u201c. Der Hiasn-Hof der Familie Naynar ist ein Genusspunkt der <a title=\"Via Culinaria\" href=\"https:\/\/www.salzburgerland.com\/de\/genuss-im-salzburgerland\/\/via-culinaria\/7-genusswege.html\" target=\"_blank\" rel=\"noopener noreferrer\">Via Culinaria<\/a> f\u00fcr K\u00e4sefreaks!<\/p>\n\n\n\n<figure class=\"wp-block-image size-large\"><img loading=\"lazy\" decoding=\"async\" width=\"1600\" height=\"1066\" src=\"https:\/\/www.salzburgerland.com\/de\/magazin\/wp-content\/uploads\/2012\/04\/Gunther-Naynar4.jpg\" alt=\"K\u00e4se im Wacholderblatt\" class=\"wp-image-15574\" srcset=\"https:\/\/www.salzburgerland.com\/de\/magazin\/wp-content\/uploads\/2012\/04\/Gunther-Naynar4.jpg 1600w, https:\/\/www.salzburgerland.com\/de\/magazin\/wp-content\/uploads\/2012\/04\/Gunther-Naynar4-300x200.jpg 300w, https:\/\/www.salzburgerland.com\/de\/magazin\/wp-content\/uploads\/2012\/04\/Gunther-Naynar4-826x550.jpg 826w, https:\/\/www.salzburgerland.com\/de\/magazin\/wp-content\/uploads\/2012\/04\/Gunther-Naynar4-600x400.jpg 600w, https:\/\/www.salzburgerland.com\/de\/magazin\/wp-content\/uploads\/2012\/04\/Gunther-Naynar4-1320x879.jpg 1320w\" sizes=\"auto, (max-width: 1600px) 100vw, 1600px\" \/><\/figure>\n\n\n\n<p>Hiasn-Hof<br>Fam. Naynar-Lansch\u00fctzer<br>A-5571 G\u00f6riach 31<br>Telefon und Fax: +43 64 83 219<br><a title=\"E-Mail\" href=\"mailto: hiasnhof@aon.at\">E-Mail<\/a><\/p>\n","protected":false},"excerpt":{"rendered":"<p>Auf dem Bergr\u00fccken zwischen Mariapfarr und G\u00f6riach im Lungau liegt auf 1260 Metern H\u00f6he der Hiasnhof der Familie Naynar. G\u00fcnther Naynar, Jahrgang 1954, ist vor vielen Jahren in den Lungau gekommen und hat hier seine Margarethe kennengelernt, die Tochter des Hiasnbauern in G\u00f6riach. Als der Schwiegervater die Landwirtschaft einstellen wollte, gab Naynar seinen Brotberuf als [&hellip;]<\/p>\n","protected":false},"author":6,"featured_media":15573,"comment_status":"open","ping_status":"open","sticky":false,"template":"","format":"standard","meta":{"_acf_changed":false,"wl_entities_gutenberg":"","_wl_entity_redirect_enabled":"","footnotes":""},"categories":[3],"tags":[],"wl_entity_type":[306],"monatsauswahl":[82,83,84,85,86,87,88,89,90,91,92,93],"class_list":["post-872","post","type-post","status-publish","format-standard","has-post-thumbnail","hentry","category-essen-trinken","wl_entity_type-article","monatsauswahl-monat_1","monatsauswahl-monat_2","monatsauswahl-monat_3","monatsauswahl-monat_4","monatsauswahl-monat_5","monatsauswahl-monat_6","monatsauswahl-monat_7","monatsauswahl-monat_8","monatsauswahl-monat_9","monatsauswahl-monat_10","monatsauswahl-monat_11","monatsauswahl-monat_12"],"acf":[],"yoast_head":"<!-- This site is optimized with the Yoast SEO Premium plugin v27.4 (Yoast SEO v27.4) - https:\/\/yoast.com\/product\/yoast-seo-premium-wordpress\/ -->\n<title>Der K\u00e4se-K\u00fcnstler hinter den Tauern - SalzburgerLand Magazin<\/title>\n<meta name=\"description\" content=\"G\u00fcnther Naynars K\u00e4se ist nicht nur im SalzburgerLand in aller Munde. Wer ihn probieren m\u00f6chte, sollte einen Ausflug in den sonnigen Lungau einplanen \u2013 denn Naynars K\u00f6stlichkeiten sind nicht \u00fcberall erh\u00e4ltlich.\" \/>\n<meta name=\"robots\" content=\"index, follow, max-snippet:-1, max-image-preview:large, max-video-preview:-1\" \/>\n<link rel=\"canonical\" href=\"https:\/\/www.salzburgerland.com\/de\/magazin\/der-kase-kunstler-aus-dem-lungau\/\" \/>\n<meta property=\"og:locale\" content=\"de_DE\" \/>\n<meta property=\"og:type\" content=\"article\" \/>\n<meta property=\"og:title\" content=\"Der K\u00e4se-K\u00fcnstler hinter den Tauern\" \/>\n<meta property=\"og:description\" content=\"Auf dem Bergr\u00fccken zwischen Mariapfarr und G\u00f6riach im Lungau liegt auf 1260 Metern H\u00f6he der Hiasnhof der Familie Naynar. G\u00fcnther Naynar, Jahrgang 1954, ist vor vielen Jahren in den Lungau gekommen und hat hier seine Margarethe kennengelernt, die Tochter des Hiasnbauern in G\u00f6riach. Als der Schwiegervater die Landwirtschaft einstellen wollte, gab Naynar seinen Brotberuf als [&hellip;]\" \/>\n<meta property=\"og:url\" content=\"https:\/\/www.salzburgerland.com\/de\/magazin\/der-kase-kunstler-aus-dem-lungau\/\" \/>\n<meta property=\"og:site_name\" content=\"SalzburgerLand Magazin\" \/>\n<meta property=\"article:publisher\" content=\"https:\/\/www.facebook.com\/salzburgerland\/\" \/>\n<meta property=\"article:published_time\" content=\"2012-04-24T17:04:47+00:00\" \/>\n<meta property=\"article:modified_time\" content=\"2021-04-28T08:05:48+00:00\" \/>\n<meta property=\"og:image\" content=\"https:\/\/www.salzburgerland.com\/de\/magazin\/wp-content\/uploads\/2012\/04\/Gunther-Naynar3.jpg\" \/>\n\t<meta property=\"og:image:width\" content=\"1600\" \/>\n\t<meta property=\"og:image:height\" content=\"1066\" \/>\n\t<meta property=\"og:image:type\" content=\"image\/jpeg\" \/>\n<meta name=\"author\" content=\"Markus Rosskopf\" \/>\n<meta name=\"twitter:card\" content=\"summary_large_image\" \/>\n<meta name=\"twitter:creator\" content=\"@Salzburgerland\" \/>\n<meta name=\"twitter:site\" content=\"@Salzburgerland\" \/>\n<meta name=\"twitter:label1\" content=\"Verfasst von\" \/>\n\t<meta name=\"twitter:data1\" content=\"Markus Rosskopf\" \/>\n\t<meta name=\"twitter:label2\" content=\"Gesch\u00e4tzte Lesezeit\" \/>\n\t<meta name=\"twitter:data2\" content=\"3\u00a0Minuten\" \/>\n<script type=\"application\/ld+json\" class=\"yoast-schema-graph\">{\"@context\":\"https:\\\/\\\/schema.org\",\"@graph\":[{\"@type\":\"Article\",\"@id\":\"https:\\\/\\\/www.salzburgerland.com\\\/de\\\/magazin\\\/der-kase-kunstler-aus-dem-lungau\\\/#article\",\"isPartOf\":{\"@id\":\"https:\\\/\\\/www.salzburgerland.com\\\/de\\\/magazin\\\/der-kase-kunstler-aus-dem-lungau\\\/\"},\"author\":{\"name\":\"Markus Rosskopf\",\"@id\":\"https:\\\/\\\/www.salzburgerland.com\\\/de\\\/magazin\\\/#\\\/schema\\\/person\\\/68811dfaf59b211cf55c1710edc6fa9e\"},\"headline\":\"Der K\u00e4se-K\u00fcnstler hinter den Tauern\",\"datePublished\":\"2012-04-24T17:04:47+00:00\",\"dateModified\":\"2021-04-28T08:05:48+00:00\",\"mainEntityOfPage\":{\"@id\":\"https:\\\/\\\/www.salzburgerland.com\\\/de\\\/magazin\\\/der-kase-kunstler-aus-dem-lungau\\\/\"},\"wordCount\":479,\"commentCount\":0,\"publisher\":{\"@id\":\"https:\\\/\\\/www.salzburgerland.com\\\/de\\\/magazin\\\/#organization\"},\"image\":{\"@id\":\"https:\\\/\\\/www.salzburgerland.com\\\/de\\\/magazin\\\/der-kase-kunstler-aus-dem-lungau\\\/#primaryimage\"},\"thumbnailUrl\":\"https:\\\/\\\/www.salzburgerland.com\\\/de\\\/magazin\\\/wp-content\\\/uploads\\\/2012\\\/04\\\/Gunther-Naynar3.jpg\",\"articleSection\":[\"Essen &amp; Trinken\"],\"inLanguage\":\"de\",\"potentialAction\":[{\"@type\":\"CommentAction\",\"name\":\"Comment\",\"target\":[\"https:\\\/\\\/www.salzburgerland.com\\\/de\\\/magazin\\\/der-kase-kunstler-aus-dem-lungau\\\/#respond\"]}]},{\"@type\":\"WebPage\",\"@id\":\"https:\\\/\\\/www.salzburgerland.com\\\/de\\\/magazin\\\/der-kase-kunstler-aus-dem-lungau\\\/\",\"url\":\"https:\\\/\\\/www.salzburgerland.com\\\/de\\\/magazin\\\/der-kase-kunstler-aus-dem-lungau\\\/\",\"name\":\"Der K\u00e4se-K\u00fcnstler hinter den Tauern - SalzburgerLand Magazin\",\"isPartOf\":{\"@id\":\"https:\\\/\\\/www.salzburgerland.com\\\/de\\\/magazin\\\/#website\"},\"primaryImageOfPage\":{\"@id\":\"https:\\\/\\\/www.salzburgerland.com\\\/de\\\/magazin\\\/der-kase-kunstler-aus-dem-lungau\\\/#primaryimage\"},\"image\":{\"@id\":\"https:\\\/\\\/www.salzburgerland.com\\\/de\\\/magazin\\\/der-kase-kunstler-aus-dem-lungau\\\/#primaryimage\"},\"thumbnailUrl\":\"https:\\\/\\\/www.salzburgerland.com\\\/de\\\/magazin\\\/wp-content\\\/uploads\\\/2012\\\/04\\\/Gunther-Naynar3.jpg\",\"datePublished\":\"2012-04-24T17:04:47+00:00\",\"dateModified\":\"2021-04-28T08:05:48+00:00\",\"breadcrumb\":{\"@id\":\"https:\\\/\\\/www.salzburgerland.com\\\/de\\\/magazin\\\/der-kase-kunstler-aus-dem-lungau\\\/#breadcrumb\"},\"inLanguage\":\"de\",\"potentialAction\":[{\"@type\":\"ReadAction\",\"target\":[\"https:\\\/\\\/www.salzburgerland.com\\\/de\\\/magazin\\\/der-kase-kunstler-aus-dem-lungau\\\/\"]}]},{\"@type\":\"ImageObject\",\"inLanguage\":\"de\",\"@id\":\"https:\\\/\\\/www.salzburgerland.com\\\/de\\\/magazin\\\/der-kase-kunstler-aus-dem-lungau\\\/#primaryimage\",\"url\":\"https:\\\/\\\/www.salzburgerland.com\\\/de\\\/magazin\\\/wp-content\\\/uploads\\\/2012\\\/04\\\/Gunther-Naynar3.jpg\",\"contentUrl\":\"https:\\\/\\\/www.salzburgerland.com\\\/de\\\/magazin\\\/wp-content\\\/uploads\\\/2012\\\/04\\\/Gunther-Naynar3.jpg\",\"width\":1600,\"height\":1066,\"caption\":\"Der fertige K\u00e4se\"},{\"@type\":\"BreadcrumbList\",\"@id\":\"https:\\\/\\\/www.salzburgerland.com\\\/de\\\/magazin\\\/der-kase-kunstler-aus-dem-lungau\\\/#breadcrumb\",\"itemListElement\":[{\"@type\":\"ListItem\",\"position\":1,\"name\":\"Startseite\",\"item\":\"https:\\\/\\\/www.salzburgerland.com\\\/de\\\/magazin\\\/\"},{\"@type\":\"ListItem\",\"position\":2,\"name\":\"Essen &amp; Trinken\",\"item\":\"https:\\\/\\\/www.salzburgerland.com\\\/de\\\/magazin\\\/thema\\\/essen-trinken\\\/\"},{\"@type\":\"ListItem\",\"position\":3,\"name\":\"Der K\u00e4se-K\u00fcnstler hinter den Tauern\"}]},{\"@type\":\"WebSite\",\"@id\":\"https:\\\/\\\/www.salzburgerland.com\\\/de\\\/magazin\\\/#website\",\"url\":\"https:\\\/\\\/www.salzburgerland.com\\\/de\\\/magazin\\\/\",\"name\":\"SalzburgerLand Magazin\",\"description\":\"Geschichten und Interessantes aus dem SalzburgerLand\",\"publisher\":{\"@id\":\"https:\\\/\\\/www.salzburgerland.com\\\/de\\\/magazin\\\/#organization\"},\"potentialAction\":[{\"@type\":\"SearchAction\",\"target\":{\"@type\":\"EntryPoint\",\"urlTemplate\":\"https:\\\/\\\/www.salzburgerland.com\\\/de\\\/magazin\\\/?s={search_term_string}\"},\"query-input\":{\"@type\":\"PropertyValueSpecification\",\"valueRequired\":true,\"valueName\":\"search_term_string\"}}],\"inLanguage\":\"de\"},{\"@type\":\"Organization\",\"@id\":\"https:\\\/\\\/www.salzburgerland.com\\\/de\\\/magazin\\\/#organization\",\"name\":\"SalzburgerLand Tourismus\",\"url\":\"https:\\\/\\\/www.salzburgerland.com\\\/de\\\/magazin\\\/\",\"logo\":{\"@type\":\"ImageObject\",\"inLanguage\":\"de\",\"@id\":\"https:\\\/\\\/www.salzburgerland.com\\\/de\\\/magazin\\\/#\\\/schema\\\/logo\\\/image\\\/\",\"url\":\"https:\\\/\\\/www.salzburgerland.com\\\/de\\\/magazin\\\/wp-content\\\/uploads\\\/2019\\\/06\\\/salzburgerland-logo1.jpg\",\"contentUrl\":\"https:\\\/\\\/www.salzburgerland.com\\\/de\\\/magazin\\\/wp-content\\\/uploads\\\/2019\\\/06\\\/salzburgerland-logo1.jpg\",\"width\":2011,\"height\":866,\"caption\":\"SalzburgerLand Tourismus\"},\"image\":{\"@id\":\"https:\\\/\\\/www.salzburgerland.com\\\/de\\\/magazin\\\/#\\\/schema\\\/logo\\\/image\\\/\"},\"sameAs\":[\"https:\\\/\\\/www.facebook.com\\\/salzburgerland\\\/\",\"https:\\\/\\\/x.com\\\/Salzburgerland\",\"https:\\\/\\\/www.instagram.com\\\/salzburgerland\\\/\",\"https:\\\/\\\/at.linkedin.com\\\/company\\\/salzburgerland-tourismus-gmbh\",\"https:\\\/\\\/www.pinterest.at\\\/salzburgerland\\\/\",\"https:\\\/\\\/www.youtube.com\\\/user\\\/salzburgerland\",\"https:\\\/\\\/de.wikipedia.org\\\/wiki\\\/SalzburgerLand_Tourismus_GmbH\"]},{\"@type\":\"Person\",\"@id\":\"https:\\\/\\\/www.salzburgerland.com\\\/de\\\/magazin\\\/#\\\/schema\\\/person\\\/68811dfaf59b211cf55c1710edc6fa9e\",\"name\":\"Markus Rosskopf\",\"description\":\"\u2026ist im h\u00f6chsten Ort des SalzburgerLandes, in Obertauern, aufgewachsen und seine gro\u00dfe Liebe geh\u00f6rt seiner Heimat. Im Winter ist er meist auf Skiern anzutreffen und im Sommer verlegt er seinen Wohnsitz gerne ins Auto, um mit seiner H\u00fcndin die sch\u00f6nsten Logenpl\u00e4tze im SalzburgerLand zu erkunden. Seine Interessen sind so vielf\u00e4ltig wie das touristische Angebot des SalzburgerLandes: Ob beim (Berg-)Sport, im Brauchtum oder beim Genie\u00dfen \u2013 er f\u00fchlt sich \u00fcberall zu Hause! Fragen mit Antworten von Markus Rosskopf Dein pers\u00f6nlicher Logenplatz im SalzburgerLand? Da will ich mich gar nicht festlegen. Das SalzburgerLand hat f\u00fcr jeden Geschmack und jede Stimmung den passenden Logenplatz zu bieten. Lederhose oder Smoking? Nat\u00fcrlich die Lederhose \u2013 mit unserer Tracht sind wir immer und \u00fcberall modisch und zeitlos angezogen! Bergsee oder Kr\u00e4utergarten? Wer am Bergsee sitzt, ist gleichzeitig im Kr\u00e4utergarten. Auf den Alm-Wiesen und Feldern des SalzburgerLandes wachsen die ges\u00fcndesten Pflanzen der Welt \u2013 und das zum Gro\u00dfteil biologisch. Kr\u00e4utertee oder Zirbenschnaps? Meistens ist mir nat\u00fcrlich der Schnaps lieber\u2026 Ausstellung oder Bergpanorama? Bei sch\u00f6nem Wetter bietet unsere Natur die sch\u00f6nsten Bilder \u2013 bei Schlechtwetter bieten unsere Sehensw\u00fcrdigkeiten das passende Alternativ-Programm.\",\"url\":\"https:\\\/\\\/www.salzburgerland.com\\\/de\\\/magazin\\\/author\\\/mrosskopf\\\/\"}]}<\/script>\n<!-- \/ Yoast SEO Premium plugin. -->","yoast_head_json":{"title":"Der K\u00e4se-K\u00fcnstler hinter den Tauern - SalzburgerLand Magazin","description":"G\u00fcnther Naynars K\u00e4se ist nicht nur im SalzburgerLand in aller Munde. Wer ihn probieren m\u00f6chte, sollte einen Ausflug in den sonnigen Lungau einplanen \u2013 denn Naynars K\u00f6stlichkeiten sind nicht \u00fcberall erh\u00e4ltlich.","robots":{"index":"index","follow":"follow","max-snippet":"max-snippet:-1","max-image-preview":"max-image-preview:large","max-video-preview":"max-video-preview:-1"},"canonical":"https:\/\/www.salzburgerland.com\/de\/magazin\/der-kase-kunstler-aus-dem-lungau\/","og_locale":"de_DE","og_type":"article","og_title":"Der K\u00e4se-K\u00fcnstler hinter den Tauern","og_description":"Auf dem Bergr\u00fccken zwischen Mariapfarr und G\u00f6riach im Lungau liegt auf 1260 Metern H\u00f6he der Hiasnhof der Familie Naynar. G\u00fcnther Naynar, Jahrgang 1954, ist vor vielen Jahren in den Lungau gekommen und hat hier seine Margarethe kennengelernt, die Tochter des Hiasnbauern in G\u00f6riach. Als der Schwiegervater die Landwirtschaft einstellen wollte, gab Naynar seinen Brotberuf als [&hellip;]","og_url":"https:\/\/www.salzburgerland.com\/de\/magazin\/der-kase-kunstler-aus-dem-lungau\/","og_site_name":"SalzburgerLand Magazin","article_publisher":"https:\/\/www.facebook.com\/salzburgerland\/","article_published_time":"2012-04-24T17:04:47+00:00","article_modified_time":"2021-04-28T08:05:48+00:00","og_image":[{"width":1600,"height":1066,"url":"https:\/\/www.salzburgerland.com\/de\/magazin\/wp-content\/uploads\/2012\/04\/Gunther-Naynar3.jpg","type":"image\/jpeg"}],"author":"Markus Rosskopf","twitter_card":"summary_large_image","twitter_creator":"@Salzburgerland","twitter_site":"@Salzburgerland","twitter_misc":{"Verfasst von":"Markus Rosskopf","Gesch\u00e4tzte Lesezeit":"3\u00a0Minuten"},"schema":{"@context":"https:\/\/schema.org","@graph":[{"@type":"Article","@id":"https:\/\/www.salzburgerland.com\/de\/magazin\/der-kase-kunstler-aus-dem-lungau\/#article","isPartOf":{"@id":"https:\/\/www.salzburgerland.com\/de\/magazin\/der-kase-kunstler-aus-dem-lungau\/"},"author":{"name":"Markus Rosskopf","@id":"https:\/\/www.salzburgerland.com\/de\/magazin\/#\/schema\/person\/68811dfaf59b211cf55c1710edc6fa9e"},"headline":"Der K\u00e4se-K\u00fcnstler hinter den Tauern","datePublished":"2012-04-24T17:04:47+00:00","dateModified":"2021-04-28T08:05:48+00:00","mainEntityOfPage":{"@id":"https:\/\/www.salzburgerland.com\/de\/magazin\/der-kase-kunstler-aus-dem-lungau\/"},"wordCount":479,"commentCount":0,"publisher":{"@id":"https:\/\/www.salzburgerland.com\/de\/magazin\/#organization"},"image":{"@id":"https:\/\/www.salzburgerland.com\/de\/magazin\/der-kase-kunstler-aus-dem-lungau\/#primaryimage"},"thumbnailUrl":"https:\/\/www.salzburgerland.com\/de\/magazin\/wp-content\/uploads\/2012\/04\/Gunther-Naynar3.jpg","articleSection":["Essen &amp; Trinken"],"inLanguage":"de","potentialAction":[{"@type":"CommentAction","name":"Comment","target":["https:\/\/www.salzburgerland.com\/de\/magazin\/der-kase-kunstler-aus-dem-lungau\/#respond"]}]},{"@type":"WebPage","@id":"https:\/\/www.salzburgerland.com\/de\/magazin\/der-kase-kunstler-aus-dem-lungau\/","url":"https:\/\/www.salzburgerland.com\/de\/magazin\/der-kase-kunstler-aus-dem-lungau\/","name":"Der K\u00e4se-K\u00fcnstler hinter den Tauern - SalzburgerLand Magazin","isPartOf":{"@id":"https:\/\/www.salzburgerland.com\/de\/magazin\/#website"},"primaryImageOfPage":{"@id":"https:\/\/www.salzburgerland.com\/de\/magazin\/der-kase-kunstler-aus-dem-lungau\/#primaryimage"},"image":{"@id":"https:\/\/www.salzburgerland.com\/de\/magazin\/der-kase-kunstler-aus-dem-lungau\/#primaryimage"},"thumbnailUrl":"https:\/\/www.salzburgerland.com\/de\/magazin\/wp-content\/uploads\/2012\/04\/Gunther-Naynar3.jpg","datePublished":"2012-04-24T17:04:47+00:00","dateModified":"2021-04-28T08:05:48+00:00","breadcrumb":{"@id":"https:\/\/www.salzburgerland.com\/de\/magazin\/der-kase-kunstler-aus-dem-lungau\/#breadcrumb"},"inLanguage":"de","potentialAction":[{"@type":"ReadAction","target":["https:\/\/www.salzburgerland.com\/de\/magazin\/der-kase-kunstler-aus-dem-lungau\/"]}]},{"@type":"ImageObject","inLanguage":"de","@id":"https:\/\/www.salzburgerland.com\/de\/magazin\/der-kase-kunstler-aus-dem-lungau\/#primaryimage","url":"https:\/\/www.salzburgerland.com\/de\/magazin\/wp-content\/uploads\/2012\/04\/Gunther-Naynar3.jpg","contentUrl":"https:\/\/www.salzburgerland.com\/de\/magazin\/wp-content\/uploads\/2012\/04\/Gunther-Naynar3.jpg","width":1600,"height":1066,"caption":"Der fertige K\u00e4se"},{"@type":"BreadcrumbList","@id":"https:\/\/www.salzburgerland.com\/de\/magazin\/der-kase-kunstler-aus-dem-lungau\/#breadcrumb","itemListElement":[{"@type":"ListItem","position":1,"name":"Startseite","item":"https:\/\/www.salzburgerland.com\/de\/magazin\/"},{"@type":"ListItem","position":2,"name":"Essen &amp; Trinken","item":"https:\/\/www.salzburgerland.com\/de\/magazin\/thema\/essen-trinken\/"},{"@type":"ListItem","position":3,"name":"Der K\u00e4se-K\u00fcnstler hinter den Tauern"}]},{"@type":"WebSite","@id":"https:\/\/www.salzburgerland.com\/de\/magazin\/#website","url":"https:\/\/www.salzburgerland.com\/de\/magazin\/","name":"SalzburgerLand Magazin","description":"Geschichten und Interessantes aus dem SalzburgerLand","publisher":{"@id":"https:\/\/www.salzburgerland.com\/de\/magazin\/#organization"},"potentialAction":[{"@type":"SearchAction","target":{"@type":"EntryPoint","urlTemplate":"https:\/\/www.salzburgerland.com\/de\/magazin\/?s={search_term_string}"},"query-input":{"@type":"PropertyValueSpecification","valueRequired":true,"valueName":"search_term_string"}}],"inLanguage":"de"},{"@type":"Organization","@id":"https:\/\/www.salzburgerland.com\/de\/magazin\/#organization","name":"SalzburgerLand Tourismus","url":"https:\/\/www.salzburgerland.com\/de\/magazin\/","logo":{"@type":"ImageObject","inLanguage":"de","@id":"https:\/\/www.salzburgerland.com\/de\/magazin\/#\/schema\/logo\/image\/","url":"https:\/\/www.salzburgerland.com\/de\/magazin\/wp-content\/uploads\/2019\/06\/salzburgerland-logo1.jpg","contentUrl":"https:\/\/www.salzburgerland.com\/de\/magazin\/wp-content\/uploads\/2019\/06\/salzburgerland-logo1.jpg","width":2011,"height":866,"caption":"SalzburgerLand Tourismus"},"image":{"@id":"https:\/\/www.salzburgerland.com\/de\/magazin\/#\/schema\/logo\/image\/"},"sameAs":["https:\/\/www.facebook.com\/salzburgerland\/","https:\/\/x.com\/Salzburgerland","https:\/\/www.instagram.com\/salzburgerland\/","https:\/\/at.linkedin.com\/company\/salzburgerland-tourismus-gmbh","https:\/\/www.pinterest.at\/salzburgerland\/","https:\/\/www.youtube.com\/user\/salzburgerland","https:\/\/de.wikipedia.org\/wiki\/SalzburgerLand_Tourismus_GmbH"]},{"@type":"Person","@id":"https:\/\/www.salzburgerland.com\/de\/magazin\/#\/schema\/person\/68811dfaf59b211cf55c1710edc6fa9e","name":"Markus Rosskopf","description":"\u2026ist im h\u00f6chsten Ort des SalzburgerLandes, in Obertauern, aufgewachsen und seine gro\u00dfe Liebe geh\u00f6rt seiner Heimat. Im Winter ist er meist auf Skiern anzutreffen und im Sommer verlegt er seinen Wohnsitz gerne ins Auto, um mit seiner H\u00fcndin die sch\u00f6nsten Logenpl\u00e4tze im SalzburgerLand zu erkunden. Seine Interessen sind so vielf\u00e4ltig wie das touristische Angebot des SalzburgerLandes: Ob beim (Berg-)Sport, im Brauchtum oder beim Genie\u00dfen \u2013 er f\u00fchlt sich \u00fcberall zu Hause! Fragen mit Antworten von Markus Rosskopf Dein pers\u00f6nlicher Logenplatz im SalzburgerLand? Da will ich mich gar nicht festlegen. Das SalzburgerLand hat f\u00fcr jeden Geschmack und jede Stimmung den passenden Logenplatz zu bieten. Lederhose oder Smoking? Nat\u00fcrlich die Lederhose \u2013 mit unserer Tracht sind wir immer und \u00fcberall modisch und zeitlos angezogen! Bergsee oder Kr\u00e4utergarten? Wer am Bergsee sitzt, ist gleichzeitig im Kr\u00e4utergarten. Auf den Alm-Wiesen und Feldern des SalzburgerLandes wachsen die ges\u00fcndesten Pflanzen der Welt \u2013 und das zum Gro\u00dfteil biologisch. Kr\u00e4utertee oder Zirbenschnaps? Meistens ist mir nat\u00fcrlich der Schnaps lieber\u2026 Ausstellung oder Bergpanorama? Bei sch\u00f6nem Wetter bietet unsere Natur die sch\u00f6nsten Bilder \u2013 bei Schlechtwetter bieten unsere Sehensw\u00fcrdigkeiten das passende Alternativ-Programm.","url":"https:\/\/www.salzburgerland.com\/de\/magazin\/author\/mrosskopf\/"}]}},"_wl_alt_label":[],"wl:entity_url":"http:\/\/open.salzburgerland.com\/magazin\/post\/der_kaese-kuenstler_hinter_den_tauern","_links":{"self":[{"href":"https:\/\/www.salzburgerland.com\/de\/magazin\/wp-json\/wp\/v2\/posts\/872","targetHints":{"allow":["GET"]}}],"collection":[{"href":"https:\/\/www.salzburgerland.com\/de\/magazin\/wp-json\/wp\/v2\/posts"}],"about":[{"href":"https:\/\/www.salzburgerland.com\/de\/magazin\/wp-json\/wp\/v2\/types\/post"}],"author":[{"embeddable":true,"href":"https:\/\/www.salzburgerland.com\/de\/magazin\/wp-json\/wp\/v2\/users\/6"}],"replies":[{"embeddable":true,"href":"https:\/\/www.salzburgerland.com\/de\/magazin\/wp-json\/wp\/v2\/comments?post=872"}],"version-history":[{"count":2,"href":"https:\/\/www.salzburgerland.com\/de\/magazin\/wp-json\/wp\/v2\/posts\/872\/revisions"}],"predecessor-version":[{"id":152885,"href":"https:\/\/www.salzburgerland.com\/de\/magazin\/wp-json\/wp\/v2\/posts\/872\/revisions\/152885"}],"wp:featuredmedia":[{"embeddable":true,"href":"https:\/\/www.salzburgerland.com\/de\/magazin\/wp-json\/wp\/v2\/media\/15573"}],"wp:attachment":[{"href":"https:\/\/www.salzburgerland.com\/de\/magazin\/wp-json\/wp\/v2\/media?parent=872"}],"wp:term":[{"taxonomy":"category","embeddable":true,"href":"https:\/\/www.salzburgerland.com\/de\/magazin\/wp-json\/wp\/v2\/categories?post=872"},{"taxonomy":"post_tag","embeddable":true,"href":"https:\/\/www.salzburgerland.com\/de\/magazin\/wp-json\/wp\/v2\/tags?post=872"},{"taxonomy":"wl_entity_type","embeddable":true,"href":"https:\/\/www.salzburgerland.com\/de\/magazin\/wp-json\/wp\/v2\/wl_entity_type?post=872"},{"taxonomy":"monatsauswahl","embeddable":true,"href":"https:\/\/www.salzburgerland.com\/de\/magazin\/wp-json\/wp\/v2\/monatsauswahl?post=872"}],"curies":[{"name":"wp","href":"https:\/\/api.w.org\/{rel}","templated":true}]}}