{"id":86242,"date":"2014-02-27T08:00:23","date_gmt":"2014-02-27T07:00:23","guid":{"rendered":"http:\/\/magazin.salzburgerland.com\/?p=86242"},"modified":"2023-06-22T09:31:01","modified_gmt":"2023-06-22T07:31:01","slug":"das-surfcamp-der-alpen-die-freeride-wg-in-kaprun","status":"publish","type":"post","link":"https:\/\/www.salzburgerland.com\/de\/magazin\/das-surfcamp-der-alpen-die-freeride-wg-in-kaprun\/","title":{"rendered":"Das Surfcamp der Alpen: Die Freeride-WG in Kaprun"},"content":{"rendered":"<p>Snowboarden ist nicht blo\u00df Sport sondern vor allem auch Lifestyle. Drum suchen Boarder und Freerider f\u00fcr ihren Urlaub nicht nur die perfekten Powderspots, sondern auch eine Unterkunft, die ihrem Style entspricht. Chillig, social, unkompliziert und leistbar. Wellenreiter pilgern in die legend\u00e4ren Surfcamps auf Bali oder an Frankreichs K\u00fcste \u2013 Wintersportler finden ihr alpines \u00c4quivalent in der <a href=\"http:\/\/freeride-wg.com\/\" target=\"_blank\" rel=\"noopener noreferrer\">Freeride WG<\/a> in <a href=\"http:\/\/www.zellamsee-kaprun.com\/\" target=\"_blank\" rel=\"noopener noreferrer\">Kaprun<\/a>.<\/p>\n<p><strong>Von Ridern f\u00fcr Rider<\/strong><br \/>\nKeiner wei\u00df besser, wie die Freeride-Szene tickt, als ein Freerider: Gogo Neubacher ist Snowboarder und hat selbst zwei Jahre in einem Surfcamp in Frankreich gearbeitet. Zur\u00fcck in der Heimat, hatte er die Idee, das Konzept des Surfcamps auf Berge und Schnee umzulegen und er erz\u00e4hlt: \u201eWas f\u00fcr Surfer funktioniert, die neben den perfekten Wellen ein chilliges Camp wollen, muss auch f\u00fcr Boarder und Freerider in unseren Pinzgauer Bergen funktionieren! Ich fand diese Pension im Zentrum von Kaprun und mit der Unterst\u00fctzung meiner Freunde, denen meine Idee von Anfang an gefiel, adaptierte ich das gesamte Haus zur Freeride-WG. Urlaub bei Freunden war unser Credo und so ist die Freeride-WG auch konzipiert: ein gro\u00dfes Gemeinschafts-Wohnzimmer mit Chill-Ecke und Flatscreen, wo man seine GoPro-Videos vom letzten Powdertag ansehen kann. In den Mehrbettzimmern haben wir bewusst auf TV-Ger\u00e4te verzichtet, denn wir wollen das gesellige Zusammenkommen der G\u00e4ste im Wohnzimmer f\u00f6rdern.\u201c<\/p>\n<figure id=\"attachment_86265\" aria-describedby=\"caption-attachment-86265\" style=\"width: 650px\" class=\"wp-caption alignnone\"><a href=\"https:\/\/www.salzburgerland.com\/de\/magazin\/wp-content\/uploads\/2014\/02\/ZimmerDoppel-Kopie.jpg\"><img loading=\"lazy\" decoding=\"async\" class=\"size-singlePost wp-image-86265\" alt=\"Die Betten der Doppelzimmer wurden selbst gezimmert.\" src=\"https:\/\/www.salzburgerland.com\/de\/magazin\/wp-content\/uploads\/2014\/02\/ZimmerDoppel-Kopie-650x435.jpg\" width=\"650\" height=\"435\"><\/a><figcaption id=\"caption-attachment-86265\" class=\"wp-caption-text\">Die Betten der Doppelzimmer wurden selbst gezimmert.<\/figcaption><\/figure>\n<p><b>\u201eBieder ist woanders\u201c<br \/>\n<\/b>Wer Gast in der Freeride-WG ist, f\u00fchlt sich gleich wie in einen Freundeskreis aufgenommen, und Anschluss an die \u201eMitbewohner auf Zeit\u201c ist garantiert. Gastgeber Gogo Neubacher ist selbst jeden Tag f\u00fcr ein paar Stunden in der WG, um sich um seine G\u00e4ste zu k\u00fcmmern und bietet in der WG-Werkstatt schon einmal seine Hilfe beim Kantenschleifen oder Wachseln an. Wer aber jetzt bei WG an schmuddelige Matratzenlager denkt, hat weit gefehlt, denn obwohl das Ambiente leger, jugendlich und alles andere als bieder ist, setzt Gogo Neubacher klare Standards: \u201eUnsere WG verf\u00fcgt \u00fcber&nbsp;zwei 6er-Appartements&nbsp;und&nbsp;drei Doppelzimmer, welche auf gut 300 qm Platz finden \u2013 die Betten haben wir selbst aus Altholz gezimmert und viel Liebe in die stylische Dekoration investiert. XBox und freies WLAN sind nat\u00fcrlich selbstverst\u00e4ndlich. Sauberkeit ist h\u00f6chstes Gebot um das gem\u00fctliche Miteinander der G\u00e4ste zu gew\u00e4hrleisten. Da gibt es bei Anreise von mir auch ganz klare Worte. Und das funktioniert auch wunderbar, denn auch wenn Besucher aller Altersgruppen \u2013 von 16 bis 60 \u2013 hier sind, vereint doch alle der Spirit ihrer gemeinsamen Leidenschaft: das Freeriden.\u201c<\/p>\n<div class=\"mag-gallery\"><div class=\"row\"><div class=\"col-6 col-sm-4\"><figure><a class=\"thumb-container\" href=\"https:\/\/www.salzburgerland.com\/de\/magazin\/wp-content\/uploads\/2014\/02\/ZimmerDoppel-Anders-1280x1024.jpg\">\t<picture><source media=\"(min-width: 576px)\" srcset=\"https:\/\/www.salzburgerland.com\/de\/magazin\/wp-content\/uploads\/2014\/02\/ZimmerDoppel-Anders-325x209.jpg 325w, https:\/\/www.salzburgerland.com\/de\/magazin\/wp-content\/uploads\/2014\/02\/ZimmerDoppel-Anders-249x160.jpg 249w\" \/><source media=\"(min-width: 0)\" srcset=\"https:\/\/www.salzburgerland.com\/de\/magazin\/wp-content\/uploads\/2014\/02\/ZimmerDoppel-Anders-249x160.jpg 249w, https:\/\/www.salzburgerland.com\/de\/magazin\/wp-content\/uploads\/2014\/02\/ZimmerDoppel-Anders-325x209.jpg 325w\" \/><img decoding=\"async\" alt=\"2 6-er Appartements und 3 DZ bietet die WG.\" src=\"https:\/\/www.salzburgerland.com\/de\/magazin\/wp-content\/uploads\/2014\/02\/ZimmerDoppel-Anders.jpg\" \/>\t<\/picture><\/a><\/figure><\/div><div class=\"col-6 col-sm-4\"><figure><a class=\"thumb-container\" href=\"https:\/\/www.salzburgerland.com\/de\/magazin\/wp-content\/uploads\/2014\/02\/Wohnzimmer-1280x1024.jpg\">\t<picture><source media=\"(min-width: 576px)\" srcset=\"https:\/\/www.salzburgerland.com\/de\/magazin\/wp-content\/uploads\/2014\/02\/Wohnzimmer-325x209.jpg 325w, https:\/\/www.salzburgerland.com\/de\/magazin\/wp-content\/uploads\/2014\/02\/Wohnzimmer-249x160.jpg 249w\" \/><source media=\"(min-width: 0)\" srcset=\"https:\/\/www.salzburgerland.com\/de\/magazin\/wp-content\/uploads\/2014\/02\/Wohnzimmer-249x160.jpg 249w, https:\/\/www.salzburgerland.com\/de\/magazin\/wp-content\/uploads\/2014\/02\/Wohnzimmer-325x209.jpg 325w\" \/><img decoding=\"async\" alt=\"Das gro\u00dfe Gemeinschafts-Wohnzimmer l\u00e4dt zum Abh\u00e4ngen ein.\" src=\"https:\/\/www.salzburgerland.com\/de\/magazin\/wp-content\/uploads\/2014\/02\/Wohnzimmer.jpg\" \/>\t<\/picture><\/a><\/figure><\/div><div class=\"col-6 col-sm-4\"><figure><a class=\"thumb-container\" href=\"https:\/\/www.salzburgerland.com\/de\/magazin\/wp-content\/uploads\/2014\/02\/mehrbettzimmer-Kopie-1280x1024.jpg\">\t<picture><source media=\"(min-width: 576px)\" srcset=\"https:\/\/www.salzburgerland.com\/de\/magazin\/wp-content\/uploads\/2014\/02\/mehrbettzimmer-Kopie-325x209.jpg 325w, https:\/\/www.salzburgerland.com\/de\/magazin\/wp-content\/uploads\/2014\/02\/mehrbettzimmer-Kopie-249x160.jpg 249w\" \/><source media=\"(min-width: 0)\" srcset=\"https:\/\/www.salzburgerland.com\/de\/magazin\/wp-content\/uploads\/2014\/02\/mehrbettzimmer-Kopie-249x160.jpg 249w, https:\/\/www.salzburgerland.com\/de\/magazin\/wp-content\/uploads\/2014\/02\/mehrbettzimmer-Kopie-325x209.jpg 325w\" \/><img decoding=\"async\" alt=\"Das gem\u00fctliche Appartement in der WG.\" src=\"https:\/\/www.salzburgerland.com\/de\/magazin\/wp-content\/uploads\/2014\/02\/mehrbettzimmer-Kopie.jpg\" \/>\t<\/picture><\/a><\/figure><\/div><div class=\"col-6 col-sm-4\"><figure><a class=\"thumb-container\" href=\"https:\/\/www.salzburgerland.com\/de\/magazin\/wp-content\/uploads\/2014\/02\/Gang-1280x1024.jpg\">\t<picture><source media=\"(min-width: 576px)\" srcset=\"https:\/\/www.salzburgerland.com\/de\/magazin\/wp-content\/uploads\/2014\/02\/Gang-325x209.jpg 325w, https:\/\/www.salzburgerland.com\/de\/magazin\/wp-content\/uploads\/2014\/02\/Gang-249x160.jpg 249w\" \/><source media=\"(min-width: 0)\" srcset=\"https:\/\/www.salzburgerland.com\/de\/magazin\/wp-content\/uploads\/2014\/02\/Gang-249x160.jpg 249w, https:\/\/www.salzburgerland.com\/de\/magazin\/wp-content\/uploads\/2014\/02\/Gang-325x209.jpg 325w\" \/><img decoding=\"async\" alt=\"Die gesamte WG wurde liebevoll in Eigenregie designed.\" src=\"https:\/\/www.salzburgerland.com\/de\/magazin\/wp-content\/uploads\/2014\/02\/Gang.jpg\" \/>\t<\/picture><\/a><\/figure><\/div><div class=\"col-6 col-sm-4\"><figure><a class=\"thumb-container\" href=\"https:\/\/www.salzburgerland.com\/de\/magazin\/wp-content\/uploads\/2014\/02\/wg-2-1280x1024.jpg\">\t<picture><source media=\"(min-width: 576px)\" srcset=\"https:\/\/www.salzburgerland.com\/de\/magazin\/wp-content\/uploads\/2014\/02\/wg-2-325x209.jpg 325w, https:\/\/www.salzburgerland.com\/de\/magazin\/wp-content\/uploads\/2014\/02\/wg-2-249x160.jpg 249w\" \/><source media=\"(min-width: 0)\" srcset=\"https:\/\/www.salzburgerland.com\/de\/magazin\/wp-content\/uploads\/2014\/02\/wg-2-249x160.jpg 249w, https:\/\/www.salzburgerland.com\/de\/magazin\/wp-content\/uploads\/2014\/02\/wg-2-325x209.jpg 325w\" \/><img decoding=\"async\" alt=\"Freies WLAN ist in der WG selbstverst\u00e4ndlich.\" src=\"https:\/\/www.salzburgerland.com\/de\/magazin\/wp-content\/uploads\/2014\/02\/wg-2.jpg\" \/>\t<\/picture><\/a><\/figure><\/div><div class=\"col-6 col-sm-4\"><figure><a class=\"thumb-container\" href=\"https:\/\/www.salzburgerland.com\/de\/magazin\/wp-content\/uploads\/2014\/02\/wg-4-1280x1024.jpg\">\t<picture><source media=\"(min-width: 576px)\" srcset=\"https:\/\/www.salzburgerland.com\/de\/magazin\/wp-content\/uploads\/2014\/02\/wg-4-325x209.jpg 325w, https:\/\/www.salzburgerland.com\/de\/magazin\/wp-content\/uploads\/2014\/02\/wg-4-249x160.jpg 249w\" \/><source media=\"(min-width: 0)\" srcset=\"https:\/\/www.salzburgerland.com\/de\/magazin\/wp-content\/uploads\/2014\/02\/wg-4-249x160.jpg 249w, https:\/\/www.salzburgerland.com\/de\/magazin\/wp-content\/uploads\/2014\/02\/wg-4-325x209.jpg 325w\" \/><img decoding=\"async\" alt=\"bieder ist wo anders\" src=\"https:\/\/www.salzburgerland.com\/de\/magazin\/wp-content\/uploads\/2014\/02\/wg-4.jpg\" \/>\t<\/picture><\/a><\/figure><\/div><\/div><\/div><figcaption><\/figcaption>\n<p><strong>&nbsp;Kitzsteinhorn vor der Haust\u00fcre<\/strong><br \/>\nDie Lage der Freeride-WG ist f\u00fcr die Zielgruppe optimal \u2013 in nur f\u00fcnf Gehminuten erreicht man das Zentrum mit Bars, Shops und Superm\u00e4rkten und das Freeride-Paradies <a href=\"https:\/\/www.kitzsteinhorn.at\/\" target=\"_blank\" rel=\"noopener noreferrer\">Kitzsteinhorn<\/a> liegt vor der Haust\u00fcre. Das Dorfshuttle h\u00e4lt direkt vorm Haus und garantiert eine fixe Verbindung zum Kitzsteinhorn, zum Maiskogel und zur Schmittenh\u00f6he. \u201eEin Ski-Resort wie das Kitzsteinhorn mit seinen traumhaften Powder-Runs und dem riesigen Angebot im Snowpark ist f\u00fcr die Szene nat\u00fcrlich eine Ansage. Auf Anfrage organisiere ich mit lokalen Profis gef\u00fchrte Freeridetouren und Parksessions. Im Sommer kommen die Downhiller auf den neuen Strecken vom Kitz ebenfalls voll auf ihre Kosten und w\u00e4hlen die WG als ihre Base f\u00fcr Trips in die Bikeparks der Umgebung. Der Garten steht im Sommer allen Bewohnern zum Grillen, Abh\u00e4ngen in den H\u00e4ngematten und Slacklinen zur Verf\u00fcgung\u201c, erz\u00e4hlt Gogo Neubacher, der in seinem Hauptberuf eigentlich Elektriker ist, und sich mit der Freeride-WG einen Traum erf\u00fcllt hat. Pl\u00e4ne hat der frischgebackene Vater einer kleinen Tochter noch einige f\u00fcr seine WG: \u201eDie WG wird langsam wachsen und nach und nach noch optimiert \u2013 aber trotzdem leistbar und mit seinem einzigartigen Hostle-Charakter bleiben. Zus\u00e4tzlich sind eigene Camps f\u00fcr Freerider und Biker in Planung.\u201c<\/p>\n<figure id=\"attachment_86257\" aria-describedby=\"caption-attachment-86257\" style=\"width: 650px\" class=\"wp-caption alignnone\"><a href=\"https:\/\/www.salzburgerland.com\/de\/magazin\/wp-content\/uploads\/2014\/02\/wg-5.jpg\"><img loading=\"lazy\" decoding=\"async\" class=\"size-singlePost wp-image-86257\" alt=\"Die G\u00e4ste kommen als Fremde und gehen als Freunde.\" src=\"https:\/\/www.salzburgerland.com\/de\/magazin\/wp-content\/uploads\/2014\/02\/wg-5-650x435.jpg\" width=\"650\" height=\"435\"><\/a><figcaption id=\"caption-attachment-86257\" class=\"wp-caption-text\">Die G\u00e4ste kommen als Fremde und gehen als Freunde.<\/figcaption><\/figure>\n<p>Langsam f\u00fcllt sich w\u00e4hrend unseres Gespr\u00e4chs das Gemeinschafts-Wohnzimmer mit zwei- und vierbeinigen G\u00e4sten, denn auch Hunde sind in der WG herzlich willkommen. Die Gruppe von \u201eSurf &amp; Kite D\u00fcsseldorf\u201c, die bereits schon zum zweiten Mal das ganze Haus gemietet hat, ist von der WG-Atmosph\u00e4re begeistert und Organisatorin Dani Schmidt schw\u00e4rmt: \u201eWir lieben den lockeren Lifestyle in der Freeride-WG \u2013 ein gedrungenes Hotelleben w\u00e4re nichts f\u00fcr uns. Gogo Neubacher ist selbst Boarder und Surfer und sein Stil harmoniert einfach mit unseren Anspr\u00fcchen. Au\u00dferdem k\u00f6nnen wir unsere Hunde mitnehmen \u2013 was keine Selbstverst\u00e4ndlichkeit im Urlaub ist.\u201c&nbsp;Auch ein Blick auf die Bewertungen der WG auf der <a href=\"https:\/\/www.facebook.com\/freeridewg\" target=\"_blank\" rel=\"noopener noreferrer\">Facebook Fanpage<\/a> l\u00e4sst keine Fragen offen, ob den Besuchern der Urlaub in dieser &#8211; wohl alternativsten Unterkunft Kapruns &#8211; gefallen hat und folgender Eintrag steht f\u00fcr das Motto der WG: \u201eWir kamen als Fremde und gingen als Freunde!\u201c<\/p>\n<p><strong>Kontakt:<\/strong><\/p>\n<p>Gogo Neubacher<br \/>\nFreeride-WG Kaprun<br \/>\nWeb:&nbsp;<a href=\"http:\/\/freeride-wg.com\" target=\"_blank\" rel=\"noopener noreferrer\">freeride-wg.com<\/a><\/p>\n","protected":false},"excerpt":{"rendered":"<p>Snowboarden ist nicht blo\u00df Sport sondern vor allem auch Lifestyle. Drum suchen Boarder und Freerider f\u00fcr ihren Urlaub nicht nur die perfekten Powderspots, sondern auch eine Unterkunft, die ihrem Style entspricht. Chillig, social, unkompliziert und leistbar. Wellenreiter pilgern in die legend\u00e4ren Surfcamps auf Bali oder an Frankreichs K\u00fcste \u2013 Wintersportler finden ihr alpines \u00c4quivalent in [&hellip;]<\/p>\n","protected":false},"author":11,"featured_media":86258,"comment_status":"open","ping_status":"open","sticky":false,"template":"","format":"standard","meta":{"_acf_changed":false,"wl_entities_gutenberg":"","_wl_entity_redirect_enabled":"","footnotes":""},"categories":[7551],"tags":[],"wl_entity_type":[306],"monatsauswahl":[82,83,84,85,86,87,88,89,90,91,92,93],"class_list":["post-86242","post","type-post","status-publish","format-standard","has-post-thumbnail","hentry","category-archiv","wl_entity_type-article","monatsauswahl-monat_1","monatsauswahl-monat_2","monatsauswahl-monat_3","monatsauswahl-monat_4","monatsauswahl-monat_5","monatsauswahl-monat_6","monatsauswahl-monat_7","monatsauswahl-monat_8","monatsauswahl-monat_9","monatsauswahl-monat_10","monatsauswahl-monat_11","monatsauswahl-monat_12"],"acf":[],"yoast_head":"<!-- This site is optimized with the Yoast SEO Premium plugin v27.4 (Yoast SEO v27.4) - https:\/\/yoast.com\/product\/yoast-seo-premium-wordpress\/ -->\n<title>Das Surfcamp der Alpen: Die Freeride-WG in Kaprun - SalzburgerLand Magazin<\/title>\n<meta name=\"description\" content=\"Snowboarden ist nicht blo\u00df Sport sondern vor allem auch Lifestyle. Drum suchen Boarder und Freerider f\u00fcr ihren Urlaub nicht nur die perfekten Powderspots, sondern auch eine Unterkunft, die ihrem Style entspricht. Chillig, social, unkompliziert und leistbar. Wellenreiter pilgern in die legend\u00e4ren Surfcamps auf Bali oder an Frankreichs K\u00fcste \u2013 Wintersportler finden ihr alpines \u00c4quivalent in [&hellip;]\" \/>\n<meta name=\"robots\" content=\"noindex, nofollow\" \/>\n<meta property=\"og:locale\" content=\"de_DE\" \/>\n<meta property=\"og:type\" content=\"article\" \/>\n<meta property=\"og:title\" content=\"Das Surfcamp der Alpen: Die Freeride-WG in Kaprun\" \/>\n<meta property=\"og:description\" content=\"Snowboarden ist nicht blo\u00df Sport sondern vor allem auch Lifestyle. Drum suchen Boarder und Freerider f\u00fcr ihren Urlaub nicht nur die perfekten Powderspots, sondern auch eine Unterkunft, die ihrem Style entspricht. Chillig, social, unkompliziert und leistbar. Wellenreiter pilgern in die legend\u00e4ren Surfcamps auf Bali oder an Frankreichs K\u00fcste \u2013 Wintersportler finden ihr alpines \u00c4quivalent in [&hellip;]\" \/>\n<meta property=\"og:url\" content=\"https:\/\/www.salzburgerland.com\/de\/magazin\/das-surfcamp-der-alpen-die-freeride-wg-in-kaprun\/\" \/>\n<meta property=\"og:site_name\" content=\"SalzburgerLand Magazin\" \/>\n<meta property=\"article:publisher\" content=\"https:\/\/www.facebook.com\/salzburgerland\/\" \/>\n<meta property=\"article:published_time\" content=\"2014-02-27T07:00:23+00:00\" \/>\n<meta property=\"article:modified_time\" content=\"2023-06-22T07:31:01+00:00\" \/>\n<meta property=\"og:image\" content=\"https:\/\/www.salzburgerland.com\/de\/magazin\/wp-content\/uploads\/2014\/02\/wg.jpg\" \/>\n\t<meta property=\"og:image:width\" content=\"749\" \/>\n\t<meta property=\"og:image:height\" content=\"500\" \/>\n\t<meta property=\"og:image:type\" content=\"image\/jpeg\" \/>\n<meta name=\"author\" content=\"Edith Danzer\" \/>\n<meta name=\"twitter:card\" content=\"summary_large_image\" \/>\n<meta name=\"twitter:creator\" content=\"@Salzburgerland\" \/>\n<meta name=\"twitter:site\" content=\"@Salzburgerland\" \/>\n<meta name=\"twitter:label1\" content=\"Verfasst von\" \/>\n\t<meta name=\"twitter:data1\" content=\"Edith Danzer\" \/>\n\t<meta name=\"twitter:label2\" content=\"Gesch\u00e4tzte Lesezeit\" \/>\n\t<meta name=\"twitter:data2\" content=\"5\u00a0Minuten\" \/>\n<script type=\"application\/ld+json\" class=\"yoast-schema-graph\">{\"@context\":\"https:\\\/\\\/schema.org\",\"@graph\":[{\"@type\":\"Article\",\"@id\":\"https:\\\/\\\/www.salzburgerland.com\\\/de\\\/magazin\\\/das-surfcamp-der-alpen-die-freeride-wg-in-kaprun\\\/#article\",\"isPartOf\":{\"@id\":\"https:\\\/\\\/www.salzburgerland.com\\\/de\\\/magazin\\\/das-surfcamp-der-alpen-die-freeride-wg-in-kaprun\\\/\"},\"author\":{\"name\":\"Edith Danzer\",\"@id\":\"https:\\\/\\\/www.salzburgerland.com\\\/de\\\/magazin\\\/#\\\/schema\\\/person\\\/79452c699c410aa31a119426313748de\"},\"headline\":\"Das Surfcamp der Alpen: Die Freeride-WG in Kaprun\",\"datePublished\":\"2014-02-27T07:00:23+00:00\",\"dateModified\":\"2023-06-22T07:31:01+00:00\",\"mainEntityOfPage\":{\"@id\":\"https:\\\/\\\/www.salzburgerland.com\\\/de\\\/magazin\\\/das-surfcamp-der-alpen-die-freeride-wg-in-kaprun\\\/\"},\"wordCount\":834,\"commentCount\":0,\"publisher\":{\"@id\":\"https:\\\/\\\/www.salzburgerland.com\\\/de\\\/magazin\\\/#organization\"},\"image\":{\"@id\":\"https:\\\/\\\/www.salzburgerland.com\\\/de\\\/magazin\\\/das-surfcamp-der-alpen-die-freeride-wg-in-kaprun\\\/#primaryimage\"},\"thumbnailUrl\":\"https:\\\/\\\/www.salzburgerland.com\\\/de\\\/magazin\\\/wp-content\\\/uploads\\\/2014\\\/02\\\/wg.jpg\",\"articleSection\":[\"Archiv\"],\"inLanguage\":\"de\",\"potentialAction\":[{\"@type\":\"CommentAction\",\"name\":\"Comment\",\"target\":[\"https:\\\/\\\/www.salzburgerland.com\\\/de\\\/magazin\\\/das-surfcamp-der-alpen-die-freeride-wg-in-kaprun\\\/#respond\"]}]},{\"@type\":\"WebPage\",\"@id\":\"https:\\\/\\\/www.salzburgerland.com\\\/de\\\/magazin\\\/das-surfcamp-der-alpen-die-freeride-wg-in-kaprun\\\/\",\"url\":\"https:\\\/\\\/www.salzburgerland.com\\\/de\\\/magazin\\\/das-surfcamp-der-alpen-die-freeride-wg-in-kaprun\\\/\",\"name\":\"Das Surfcamp der Alpen: Die Freeride-WG in Kaprun - SalzburgerLand Magazin\",\"isPartOf\":{\"@id\":\"https:\\\/\\\/www.salzburgerland.com\\\/de\\\/magazin\\\/#website\"},\"primaryImageOfPage\":{\"@id\":\"https:\\\/\\\/www.salzburgerland.com\\\/de\\\/magazin\\\/das-surfcamp-der-alpen-die-freeride-wg-in-kaprun\\\/#primaryimage\"},\"image\":{\"@id\":\"https:\\\/\\\/www.salzburgerland.com\\\/de\\\/magazin\\\/das-surfcamp-der-alpen-die-freeride-wg-in-kaprun\\\/#primaryimage\"},\"thumbnailUrl\":\"https:\\\/\\\/www.salzburgerland.com\\\/de\\\/magazin\\\/wp-content\\\/uploads\\\/2014\\\/02\\\/wg.jpg\",\"datePublished\":\"2014-02-27T07:00:23+00:00\",\"dateModified\":\"2023-06-22T07:31:01+00:00\",\"breadcrumb\":{\"@id\":\"https:\\\/\\\/www.salzburgerland.com\\\/de\\\/magazin\\\/das-surfcamp-der-alpen-die-freeride-wg-in-kaprun\\\/#breadcrumb\"},\"inLanguage\":\"de\",\"potentialAction\":[{\"@type\":\"ReadAction\",\"target\":[\"https:\\\/\\\/www.salzburgerland.com\\\/de\\\/magazin\\\/das-surfcamp-der-alpen-die-freeride-wg-in-kaprun\\\/\"]}]},{\"@type\":\"ImageObject\",\"inLanguage\":\"de\",\"@id\":\"https:\\\/\\\/www.salzburgerland.com\\\/de\\\/magazin\\\/das-surfcamp-der-alpen-die-freeride-wg-in-kaprun\\\/#primaryimage\",\"url\":\"https:\\\/\\\/www.salzburgerland.com\\\/de\\\/magazin\\\/wp-content\\\/uploads\\\/2014\\\/02\\\/wg.jpg\",\"contentUrl\":\"https:\\\/\\\/www.salzburgerland.com\\\/de\\\/magazin\\\/wp-content\\\/uploads\\\/2014\\\/02\\\/wg.jpg\",\"width\":749,\"height\":500,\"caption\":\"Gogo Neubacher in der Wachsel-Stube der Freeride-WG.\"},{\"@type\":\"BreadcrumbList\",\"@id\":\"https:\\\/\\\/www.salzburgerland.com\\\/de\\\/magazin\\\/das-surfcamp-der-alpen-die-freeride-wg-in-kaprun\\\/#breadcrumb\",\"itemListElement\":[{\"@type\":\"ListItem\",\"position\":1,\"name\":\"Startseite\",\"item\":\"https:\\\/\\\/www.salzburgerland.com\\\/de\\\/magazin\\\/\"},{\"@type\":\"ListItem\",\"position\":2,\"name\":\"Archiv\",\"item\":\"https:\\\/\\\/www.salzburgerland.com\\\/de\\\/magazin\\\/thema\\\/archiv\\\/\"},{\"@type\":\"ListItem\",\"position\":3,\"name\":\"Das Surfcamp der Alpen: Die Freeride-WG in Kaprun\"}]},{\"@type\":\"WebSite\",\"@id\":\"https:\\\/\\\/www.salzburgerland.com\\\/de\\\/magazin\\\/#website\",\"url\":\"https:\\\/\\\/www.salzburgerland.com\\\/de\\\/magazin\\\/\",\"name\":\"SalzburgerLand Magazin\",\"description\":\"Geschichten und Interessantes aus dem SalzburgerLand\",\"publisher\":{\"@id\":\"https:\\\/\\\/www.salzburgerland.com\\\/de\\\/magazin\\\/#organization\"},\"potentialAction\":[{\"@type\":\"SearchAction\",\"target\":{\"@type\":\"EntryPoint\",\"urlTemplate\":\"https:\\\/\\\/www.salzburgerland.com\\\/de\\\/magazin\\\/?s={search_term_string}\"},\"query-input\":{\"@type\":\"PropertyValueSpecification\",\"valueRequired\":true,\"valueName\":\"search_term_string\"}}],\"inLanguage\":\"de\"},{\"@type\":\"Organization\",\"@id\":\"https:\\\/\\\/www.salzburgerland.com\\\/de\\\/magazin\\\/#organization\",\"name\":\"SalzburgerLand Tourismus\",\"url\":\"https:\\\/\\\/www.salzburgerland.com\\\/de\\\/magazin\\\/\",\"logo\":{\"@type\":\"ImageObject\",\"inLanguage\":\"de\",\"@id\":\"https:\\\/\\\/www.salzburgerland.com\\\/de\\\/magazin\\\/#\\\/schema\\\/logo\\\/image\\\/\",\"url\":\"https:\\\/\\\/www.salzburgerland.com\\\/de\\\/magazin\\\/wp-content\\\/uploads\\\/2019\\\/06\\\/salzburgerland-logo1.jpg\",\"contentUrl\":\"https:\\\/\\\/www.salzburgerland.com\\\/de\\\/magazin\\\/wp-content\\\/uploads\\\/2019\\\/06\\\/salzburgerland-logo1.jpg\",\"width\":2011,\"height\":866,\"caption\":\"SalzburgerLand Tourismus\"},\"image\":{\"@id\":\"https:\\\/\\\/www.salzburgerland.com\\\/de\\\/magazin\\\/#\\\/schema\\\/logo\\\/image\\\/\"},\"sameAs\":[\"https:\\\/\\\/www.facebook.com\\\/salzburgerland\\\/\",\"https:\\\/\\\/x.com\\\/Salzburgerland\",\"https:\\\/\\\/www.instagram.com\\\/salzburgerland\\\/\",\"https:\\\/\\\/at.linkedin.com\\\/company\\\/salzburgerland-tourismus-gmbh\",\"https:\\\/\\\/www.pinterest.at\\\/salzburgerland\\\/\",\"https:\\\/\\\/www.youtube.com\\\/user\\\/salzburgerland\",\"https:\\\/\\\/de.wikipedia.org\\\/wiki\\\/SalzburgerLand_Tourismus_GmbH\"]},{\"@type\":\"Person\",\"@id\":\"https:\\\/\\\/www.salzburgerland.com\\\/de\\\/magazin\\\/#\\\/schema\\\/person\\\/79452c699c410aa31a119426313748de\",\"name\":\"Edith Danzer\",\"description\":\"Seit Jahren arbeite ich als freie Redakteurin und Fotografin im SalzburgerLand. Schreiben ist f\u00fcr mich nicht blo\u00df das Erstellen eines Textes. Es ist ein Komponieren einer wundervollen Melodie, ein Malen mit Buchstaben und Worten. Ich liebe die Begegnungen mit Menschen, die mir ihre Geschichte anvertrauen. Wenn man mich sucht, bin ich entweder am Schreibtisch (der auch mal am sonnigen H\u00fcttenbankerl stehen kann) oder mit meinem Husky-M\u00e4dl Ylvi am Berg, am See oder im Wald. Ich \u2026 \u2026 in ein paar Worten. \u2022 Lieber drau\u00dfen, als drinnen. \u2022 Lieber Norden, als S\u00fcden. \u2022 Lieber Buchstaben, als Zahlen. \u2022 Lieber Schnee, als Strand. \u2022 Lieber Berg, als Tal. \u2022 Lieber Nordlichter, als S\u00fcdseezauber. \u2022 Lieber H\u00fctte, als F\u00fcnfsternschuppen. \u2022 Lieber Hund, als Katze. \u2022 Lieber grader Michl, als falscher Fufzga. \u2022 Lieber mittendurch, als drumherum \u2022 Lieber Almleben, als Couchpotato\",\"url\":\"https:\\\/\\\/www.salzburgerland.com\\\/de\\\/magazin\\\/author\\\/edith-danzer\\\/\"}]}<\/script>\n<!-- \/ Yoast SEO Premium plugin. -->","yoast_head_json":{"title":"Das Surfcamp der Alpen: Die Freeride-WG in Kaprun - SalzburgerLand Magazin","description":"Snowboarden ist nicht blo\u00df Sport sondern vor allem auch Lifestyle. Drum suchen Boarder und Freerider f\u00fcr ihren Urlaub nicht nur die perfekten Powderspots, sondern auch eine Unterkunft, die ihrem Style entspricht. Chillig, social, unkompliziert und leistbar. Wellenreiter pilgern in die legend\u00e4ren Surfcamps auf Bali oder an Frankreichs K\u00fcste \u2013 Wintersportler finden ihr alpines \u00c4quivalent in [&hellip;]","robots":{"index":"noindex","follow":"nofollow"},"og_locale":"de_DE","og_type":"article","og_title":"Das Surfcamp der Alpen: Die Freeride-WG in Kaprun","og_description":"Snowboarden ist nicht blo\u00df Sport sondern vor allem auch Lifestyle. Drum suchen Boarder und Freerider f\u00fcr ihren Urlaub nicht nur die perfekten Powderspots, sondern auch eine Unterkunft, die ihrem Style entspricht. Chillig, social, unkompliziert und leistbar. Wellenreiter pilgern in die legend\u00e4ren Surfcamps auf Bali oder an Frankreichs K\u00fcste \u2013 Wintersportler finden ihr alpines \u00c4quivalent in [&hellip;]","og_url":"https:\/\/www.salzburgerland.com\/de\/magazin\/das-surfcamp-der-alpen-die-freeride-wg-in-kaprun\/","og_site_name":"SalzburgerLand Magazin","article_publisher":"https:\/\/www.facebook.com\/salzburgerland\/","article_published_time":"2014-02-27T07:00:23+00:00","article_modified_time":"2023-06-22T07:31:01+00:00","og_image":[{"width":749,"height":500,"url":"https:\/\/www.salzburgerland.com\/de\/magazin\/wp-content\/uploads\/2014\/02\/wg.jpg","type":"image\/jpeg"}],"author":"Edith Danzer","twitter_card":"summary_large_image","twitter_creator":"@Salzburgerland","twitter_site":"@Salzburgerland","twitter_misc":{"Verfasst von":"Edith Danzer","Gesch\u00e4tzte Lesezeit":"5\u00a0Minuten"},"schema":{"@context":"https:\/\/schema.org","@graph":[{"@type":"Article","@id":"https:\/\/www.salzburgerland.com\/de\/magazin\/das-surfcamp-der-alpen-die-freeride-wg-in-kaprun\/#article","isPartOf":{"@id":"https:\/\/www.salzburgerland.com\/de\/magazin\/das-surfcamp-der-alpen-die-freeride-wg-in-kaprun\/"},"author":{"name":"Edith Danzer","@id":"https:\/\/www.salzburgerland.com\/de\/magazin\/#\/schema\/person\/79452c699c410aa31a119426313748de"},"headline":"Das Surfcamp der Alpen: Die Freeride-WG in Kaprun","datePublished":"2014-02-27T07:00:23+00:00","dateModified":"2023-06-22T07:31:01+00:00","mainEntityOfPage":{"@id":"https:\/\/www.salzburgerland.com\/de\/magazin\/das-surfcamp-der-alpen-die-freeride-wg-in-kaprun\/"},"wordCount":834,"commentCount":0,"publisher":{"@id":"https:\/\/www.salzburgerland.com\/de\/magazin\/#organization"},"image":{"@id":"https:\/\/www.salzburgerland.com\/de\/magazin\/das-surfcamp-der-alpen-die-freeride-wg-in-kaprun\/#primaryimage"},"thumbnailUrl":"https:\/\/www.salzburgerland.com\/de\/magazin\/wp-content\/uploads\/2014\/02\/wg.jpg","articleSection":["Archiv"],"inLanguage":"de","potentialAction":[{"@type":"CommentAction","name":"Comment","target":["https:\/\/www.salzburgerland.com\/de\/magazin\/das-surfcamp-der-alpen-die-freeride-wg-in-kaprun\/#respond"]}]},{"@type":"WebPage","@id":"https:\/\/www.salzburgerland.com\/de\/magazin\/das-surfcamp-der-alpen-die-freeride-wg-in-kaprun\/","url":"https:\/\/www.salzburgerland.com\/de\/magazin\/das-surfcamp-der-alpen-die-freeride-wg-in-kaprun\/","name":"Das Surfcamp der Alpen: Die Freeride-WG in Kaprun - SalzburgerLand Magazin","isPartOf":{"@id":"https:\/\/www.salzburgerland.com\/de\/magazin\/#website"},"primaryImageOfPage":{"@id":"https:\/\/www.salzburgerland.com\/de\/magazin\/das-surfcamp-der-alpen-die-freeride-wg-in-kaprun\/#primaryimage"},"image":{"@id":"https:\/\/www.salzburgerland.com\/de\/magazin\/das-surfcamp-der-alpen-die-freeride-wg-in-kaprun\/#primaryimage"},"thumbnailUrl":"https:\/\/www.salzburgerland.com\/de\/magazin\/wp-content\/uploads\/2014\/02\/wg.jpg","datePublished":"2014-02-27T07:00:23+00:00","dateModified":"2023-06-22T07:31:01+00:00","breadcrumb":{"@id":"https:\/\/www.salzburgerland.com\/de\/magazin\/das-surfcamp-der-alpen-die-freeride-wg-in-kaprun\/#breadcrumb"},"inLanguage":"de","potentialAction":[{"@type":"ReadAction","target":["https:\/\/www.salzburgerland.com\/de\/magazin\/das-surfcamp-der-alpen-die-freeride-wg-in-kaprun\/"]}]},{"@type":"ImageObject","inLanguage":"de","@id":"https:\/\/www.salzburgerland.com\/de\/magazin\/das-surfcamp-der-alpen-die-freeride-wg-in-kaprun\/#primaryimage","url":"https:\/\/www.salzburgerland.com\/de\/magazin\/wp-content\/uploads\/2014\/02\/wg.jpg","contentUrl":"https:\/\/www.salzburgerland.com\/de\/magazin\/wp-content\/uploads\/2014\/02\/wg.jpg","width":749,"height":500,"caption":"Gogo Neubacher in der Wachsel-Stube der Freeride-WG."},{"@type":"BreadcrumbList","@id":"https:\/\/www.salzburgerland.com\/de\/magazin\/das-surfcamp-der-alpen-die-freeride-wg-in-kaprun\/#breadcrumb","itemListElement":[{"@type":"ListItem","position":1,"name":"Startseite","item":"https:\/\/www.salzburgerland.com\/de\/magazin\/"},{"@type":"ListItem","position":2,"name":"Archiv","item":"https:\/\/www.salzburgerland.com\/de\/magazin\/thema\/archiv\/"},{"@type":"ListItem","position":3,"name":"Das Surfcamp der Alpen: Die Freeride-WG in Kaprun"}]},{"@type":"WebSite","@id":"https:\/\/www.salzburgerland.com\/de\/magazin\/#website","url":"https:\/\/www.salzburgerland.com\/de\/magazin\/","name":"SalzburgerLand Magazin","description":"Geschichten und Interessantes aus dem SalzburgerLand","publisher":{"@id":"https:\/\/www.salzburgerland.com\/de\/magazin\/#organization"},"potentialAction":[{"@type":"SearchAction","target":{"@type":"EntryPoint","urlTemplate":"https:\/\/www.salzburgerland.com\/de\/magazin\/?s={search_term_string}"},"query-input":{"@type":"PropertyValueSpecification","valueRequired":true,"valueName":"search_term_string"}}],"inLanguage":"de"},{"@type":"Organization","@id":"https:\/\/www.salzburgerland.com\/de\/magazin\/#organization","name":"SalzburgerLand Tourismus","url":"https:\/\/www.salzburgerland.com\/de\/magazin\/","logo":{"@type":"ImageObject","inLanguage":"de","@id":"https:\/\/www.salzburgerland.com\/de\/magazin\/#\/schema\/logo\/image\/","url":"https:\/\/www.salzburgerland.com\/de\/magazin\/wp-content\/uploads\/2019\/06\/salzburgerland-logo1.jpg","contentUrl":"https:\/\/www.salzburgerland.com\/de\/magazin\/wp-content\/uploads\/2019\/06\/salzburgerland-logo1.jpg","width":2011,"height":866,"caption":"SalzburgerLand Tourismus"},"image":{"@id":"https:\/\/www.salzburgerland.com\/de\/magazin\/#\/schema\/logo\/image\/"},"sameAs":["https:\/\/www.facebook.com\/salzburgerland\/","https:\/\/x.com\/Salzburgerland","https:\/\/www.instagram.com\/salzburgerland\/","https:\/\/at.linkedin.com\/company\/salzburgerland-tourismus-gmbh","https:\/\/www.pinterest.at\/salzburgerland\/","https:\/\/www.youtube.com\/user\/salzburgerland","https:\/\/de.wikipedia.org\/wiki\/SalzburgerLand_Tourismus_GmbH"]},{"@type":"Person","@id":"https:\/\/www.salzburgerland.com\/de\/magazin\/#\/schema\/person\/79452c699c410aa31a119426313748de","name":"Edith Danzer","description":"Seit Jahren arbeite ich als freie Redakteurin und Fotografin im SalzburgerLand. Schreiben ist f\u00fcr mich nicht blo\u00df das Erstellen eines Textes. Es ist ein Komponieren einer wundervollen Melodie, ein Malen mit Buchstaben und Worten. Ich liebe die Begegnungen mit Menschen, die mir ihre Geschichte anvertrauen. Wenn man mich sucht, bin ich entweder am Schreibtisch (der auch mal am sonnigen H\u00fcttenbankerl stehen kann) oder mit meinem Husky-M\u00e4dl Ylvi am Berg, am See oder im Wald. Ich \u2026 \u2026 in ein paar Worten. \u2022 Lieber drau\u00dfen, als drinnen. \u2022 Lieber Norden, als S\u00fcden. \u2022 Lieber Buchstaben, als Zahlen. \u2022 Lieber Schnee, als Strand. \u2022 Lieber Berg, als Tal. \u2022 Lieber Nordlichter, als S\u00fcdseezauber. \u2022 Lieber H\u00fctte, als F\u00fcnfsternschuppen. \u2022 Lieber Hund, als Katze. \u2022 Lieber grader Michl, als falscher Fufzga. \u2022 Lieber mittendurch, als drumherum \u2022 Lieber Almleben, als Couchpotato","url":"https:\/\/www.salzburgerland.com\/de\/magazin\/author\/edith-danzer\/"}]}},"_wl_alt_label":[],"wl:entity_url":"http:\/\/open.salzburgerland.com\/magazin\/post\/das_surfcamp_der_alpen__die_freeride-wg_in_kaprun","_links":{"self":[{"href":"https:\/\/www.salzburgerland.com\/de\/magazin\/wp-json\/wp\/v2\/posts\/86242","targetHints":{"allow":["GET"]}}],"collection":[{"href":"https:\/\/www.salzburgerland.com\/de\/magazin\/wp-json\/wp\/v2\/posts"}],"about":[{"href":"https:\/\/www.salzburgerland.com\/de\/magazin\/wp-json\/wp\/v2\/types\/post"}],"author":[{"embeddable":true,"href":"https:\/\/www.salzburgerland.com\/de\/magazin\/wp-json\/wp\/v2\/users\/11"}],"replies":[{"embeddable":true,"href":"https:\/\/www.salzburgerland.com\/de\/magazin\/wp-json\/wp\/v2\/comments?post=86242"}],"version-history":[{"count":1,"href":"https:\/\/www.salzburgerland.com\/de\/magazin\/wp-json\/wp\/v2\/posts\/86242\/revisions"}],"predecessor-version":[{"id":167986,"href":"https:\/\/www.salzburgerland.com\/de\/magazin\/wp-json\/wp\/v2\/posts\/86242\/revisions\/167986"}],"wp:featuredmedia":[{"embeddable":true,"href":"https:\/\/www.salzburgerland.com\/de\/magazin\/wp-json\/wp\/v2\/media\/86258"}],"wp:attachment":[{"href":"https:\/\/www.salzburgerland.com\/de\/magazin\/wp-json\/wp\/v2\/media?parent=86242"}],"wp:term":[{"taxonomy":"category","embeddable":true,"href":"https:\/\/www.salzburgerland.com\/de\/magazin\/wp-json\/wp\/v2\/categories?post=86242"},{"taxonomy":"post_tag","embeddable":true,"href":"https:\/\/www.salzburgerland.com\/de\/magazin\/wp-json\/wp\/v2\/tags?post=86242"},{"taxonomy":"wl_entity_type","embeddable":true,"href":"https:\/\/www.salzburgerland.com\/de\/magazin\/wp-json\/wp\/v2\/wl_entity_type?post=86242"},{"taxonomy":"monatsauswahl","embeddable":true,"href":"https:\/\/www.salzburgerland.com\/de\/magazin\/wp-json\/wp\/v2\/monatsauswahl?post=86242"}],"curies":[{"name":"wp","href":"https:\/\/api.w.org\/{rel}","templated":true}]}}