{"id":85820,"date":"2014-02-24T09:06:15","date_gmt":"2014-02-24T08:06:15","guid":{"rendered":"http:\/\/magazin.salzburgerland.com\/?p=85820"},"modified":"2019-06-26T20:19:37","modified_gmt":"2019-06-26T18:19:37","slug":"da-ist-was-los-im-urbankeller","status":"publish","type":"post","link":"https:\/\/www.salzburgerland.com\/de\/magazin\/da-ist-was-los-im-urbankeller\/","title":{"rendered":"Da ist was los im Urbankeller"},"content":{"rendered":"<p>Das &#8222;kultigste aller Wirtsh\u00e4user&#8220;, so nennen die Initiatoren ihren Urbankeller. Diesen Titel hat es sich durchaus verdient. Denn gutes Essen und szeniges Kulturprogramm vermischen sich hier zu einem rundum gelungenen Abend.<\/p>\n<h3>Jazz, Rock und Literatur<\/h3>\n<p>Ein erster Blick auf die <a href=\"http:\/\/www.urbankeller.com\/\" target=\"_blank\" rel=\"noopener noreferrer\">Homepage<\/a> verr\u00e4t schon, dass es sich wohl kaum um &#8222;bierernste&#8220; Kultur handelt. Ein guter Schuss Humor zieht sich durch das Programm des &#8222;Kult-Wirtshauses&#8220;. Das wiederum ist breit aufgestellt: Jazzfans kommen ebenso auf ihre Kosten wie Anh\u00e4nger der Rockmusik oder Schlagerfreunde. Auch Lesungen stehen auf der kulturellen Speisekarte.<\/p>\n<figure id=\"attachment_86068\" aria-describedby=\"caption-attachment-86068\" style=\"width: 650px\" class=\"wp-caption alignnone\"><a href=\"https:\/\/www.salzburgerland.com\/de\/magazin\/wp-content\/uploads\/2014\/02\/Urban-1.jpg\"><img loading=\"lazy\" decoding=\"async\" class=\"size-singlePost wp-image-86068\" src=\"https:\/\/www.salzburgerland.com\/de\/magazin\/wp-content\/uploads\/2014\/02\/Urban-1-650x435.jpg\" alt=\"Urban 1\" width=\"650\" height=\"435\" \/><\/a><figcaption id=\"caption-attachment-86068\" class=\"wp-caption-text\">Von links: Wirtshaus, ehemaliger K\u00fchlraum und das Kleine Theater<\/figcaption><\/figure>\n<h3>Wirtshaus links, Theater rechts<\/h3>\n<p>Tats\u00e4chlich teilt sich das gro\u00dfe Bauernhaus-artige Geb\u00e4ude rund um den Urbankeller in zwei Bereiche auf: Das Wirtshaus selbst mit einer eigenen gro\u00dfen Halle f\u00fcr Jazz-Konzerte und das kleine Theater, direkt nebenan. Die Synergieeffekte sind offensichtlich. &#8222;Der Gast erlebt bei uns einen tollen Abend mit vollem Programm&#8220;, erz\u00e4hlt Lukas Wieser, Mitbesitzer des Lokals. &#8222;Er kann sich ein spannendes Theaterst\u00fcck anschauen, Live-Musik erleben und gleich nebendran kann er wirklich gut speisen.&#8220;<\/p>\n<h3>Regionale K\u00fcche<\/h3>\n<p>Denn auf gute Speisen wird gro\u00dfen Wert gelegt. &#8222;90 Prozent unserer Gerichte sind aus regionalen und biologischen Zutaten zubereitet. Seit 2014 ist der Urbankeller auch Bio Austria zertifiziert. Au\u00dferdem machen wir alles, so weit es geht, selbst.&#8220; So kommt es, dass die international bekannten Wedges im Urbankeller nicht Wedges sondern &#8222;Kartoffelspalten&#8220; hei\u00dfen. Anders als in vielen traditionellen Wirtsh\u00e4usern gibt es zudem auch f\u00fcr die vegetarischen und sogar die veganen G\u00e4ste eine Auswahl auf der Karte.<\/p>\n<div id=\"c306\">\n<p>&#8222;UR VEGGIE&#8220;, &#8222;UR BIO&#8220; und &#8222;UR VEGAN&#8220; so hei\u00dfen die &#8222;Spezialit\u00e4ten&#8220; des Hauses. Auf den Teller kommen dabei die Erzeugnisse vieler heimischer Betriebe. Da w\u00e4ren die frisch gefangenen Forellen aus dem Bluntautal, Gew\u00fcrze vom Salzburger Spezialisten, Bionudeln von einer Salzburger Familie, Fleisch vom Elsbethner Jura-Lamm \u2013 und viele weitere Liefernaten und <a title=\"Kooperationspartner Urbankeller\" href=\"http:\/\/www.urbankeller.com\/partner\/\" target=\"_blank\" rel=\"noopener noreferrer\">Kooperationspartner<\/a>.<\/p>\n<\/div>\n<figure id=\"attachment_86069\" aria-describedby=\"caption-attachment-86069\" style=\"width: 650px\" class=\"wp-caption alignnone\"><a href=\"https:\/\/www.salzburgerland.com\/de\/magazin\/wp-content\/uploads\/2014\/02\/geile_gedichte_1.jpg\"><img loading=\"lazy\" decoding=\"async\" class=\"size-singlePost wp-image-86069\" src=\"https:\/\/www.salzburgerland.com\/de\/magazin\/wp-content\/uploads\/2014\/02\/geile_gedichte_1-650x435.jpg\" alt=\"geile_gedichte_1\" width=\"650\" height=\"435\" \/><\/a><figcaption id=\"caption-attachment-86069\" class=\"wp-caption-text\">Ehemalige Inszenierung im Kleinen Theater: &#8222;Geile Gedichte&#8220;<\/figcaption><\/figure>\n<h3>&#8222;Das, was die Leute sehen wollen&#8220;<\/h3>\n<p>Um (noch) unbekannten K\u00fcnstlern unter die Arme zu greifen, haben sich Wieser und seine Kollegen f\u00fcr den Urbankeller etwas Besonderes einfallen lassen: Ob Autor, S\u00e4nger oder Band, jeder kann auf die B\u00fchne des Wirtshauses treten, ohne dabei eine Pacht zu zahlen. Daher gestalte sich auch ein eher \u00a0&#8222;popul\u00e4r orientiertes&#8220; Kulturprogramm. &#8222;Klar, die Leute f\u00fchren das auf, von dem sie glauben, dass es viele Leute sehen wollen!&#8220; Und das viel: Bis zu 200 Veranstaltungen finden im Jahr statt.<\/p>\n<p>Auch im kleinen Theater ist das Angebot bunt gemischt. &#8222;Es handelt sich schon meistens um professionelles Theater, aber zur Zeit haben wir beispielsweise auch eine Schultheatergruppe im Programm&#8220;, berichtet Peter Blaikner, Obmann im Kleinen Theater. Nur beim Wort &#8222;Comedy&#8220; r\u00fcmpft er die Nase. &#8222;Hier werden KOM\u00d6DIEN aufgef\u00fchrt mit intelligentem Humor und gut durchdachter Handlung. Und nat\u00fcrlich Kabarett.&#8220;<\/p>\n<h3>Pr\u00e4miertes Bio-Bier<\/h3>\n<p>Nach den Auftritten im Kleinen Theater sei es sehr entspannend, im Urbankeller noch auf ein Bier zu gehen. F\u00fcr das Publikum wie auch die K\u00fcnstler gleicherma\u00dfen. &#8222;Da sind schon viele interessante Gespr\u00e4che entstanden&#8220;, wei\u00df Blaikner. Auf das eigens gebraute Bier, f\u00fcr das Wieser und sein Team 2013 den Preis &#8222;Bierlokal des Jahres&#8220; vom Bundesland Salzburg verliehen bekamen, ist man hier freilich besonders stolz. Es ist &#8211; nat\u00fcrlich &#8211; Bio-Bier.<\/p>\n<div class=\"mag-gallery\"><div class=\"row\"><div class=\"col-6 col-sm-4\"><figure><a class=\"thumb-container\" href=\"https:\/\/www.salzburgerland.com\/de\/magazin\/wp-content\/uploads\/2014\/02\/Urban-16-1280x1024.jpg\">\t<picture><source media=\"(min-width: 576px)\" srcset=\"https:\/\/www.salzburgerland.com\/de\/magazin\/wp-content\/uploads\/2014\/02\/Urban-16-325x209.jpg 325w, https:\/\/www.salzburgerland.com\/de\/magazin\/wp-content\/uploads\/2014\/02\/Urban-16-249x160.jpg 249w\" \/><source media=\"(min-width: 0)\" srcset=\"https:\/\/www.salzburgerland.com\/de\/magazin\/wp-content\/uploads\/2014\/02\/Urban-16-249x160.jpg 249w, https:\/\/www.salzburgerland.com\/de\/magazin\/wp-content\/uploads\/2014\/02\/Urban-16-325x209.jpg 325w\" \/><img decoding=\"async\" alt=\"Steingeb\u00e4ude mit einem gro\u00dfen gelben Plakat \u00fcber der T\u00fcr, kleinen Fenstern und einigen Sitzpl\u00e4tzen im Freien davor.\" src=\"https:\/\/www.salzburgerland.com\/de\/magazin\/wp-content\/uploads\/2014\/02\/Urban-16.jpg\" \/>\t<\/picture><\/a><\/figure><\/div><div class=\"col-6 col-sm-4\"><figure><a class=\"thumb-container\" href=\"https:\/\/www.salzburgerland.com\/de\/magazin\/wp-content\/uploads\/2014\/02\/Urban-17-1280x1024.jpg\">\t<picture><source media=\"(min-width: 576px)\" srcset=\"https:\/\/www.salzburgerland.com\/de\/magazin\/wp-content\/uploads\/2014\/02\/Urban-17-325x209.jpg 325w, https:\/\/www.salzburgerland.com\/de\/magazin\/wp-content\/uploads\/2014\/02\/Urban-17-249x160.jpg 249w\" \/><source media=\"(min-width: 0)\" srcset=\"https:\/\/www.salzburgerland.com\/de\/magazin\/wp-content\/uploads\/2014\/02\/Urban-17-249x160.jpg 249w, https:\/\/www.salzburgerland.com\/de\/magazin\/wp-content\/uploads\/2014\/02\/Urban-17-325x209.jpg 325w\" \/><img decoding=\"async\" alt=\"Eine Kiefer steht vor bunten Geb\u00e4uden, eines davon mit der Aufschrift Urban Keller, mit H\u00fcgeln im Hintergrund.\" src=\"https:\/\/www.salzburgerland.com\/de\/magazin\/wp-content\/uploads\/2014\/02\/Urban-17.jpg\" \/>\t<\/picture><\/a><\/figure><\/div><div class=\"col-6 col-sm-4\"><figure><a class=\"thumb-container\" href=\"https:\/\/www.salzburgerland.com\/de\/magazin\/wp-content\/uploads\/2014\/02\/Urban-6-1280x1024.jpg\">\t<picture><source media=\"(min-width: 576px)\" srcset=\"https:\/\/www.salzburgerland.com\/de\/magazin\/wp-content\/uploads\/2014\/02\/Urban-6-325x209.jpg 325w, https:\/\/www.salzburgerland.com\/de\/magazin\/wp-content\/uploads\/2014\/02\/Urban-6-249x160.jpg 249w\" \/><source media=\"(min-width: 0)\" srcset=\"https:\/\/www.salzburgerland.com\/de\/magazin\/wp-content\/uploads\/2014\/02\/Urban-6-249x160.jpg 249w, https:\/\/www.salzburgerland.com\/de\/magazin\/wp-content\/uploads\/2014\/02\/Urban-6-325x209.jpg 325w\" \/><img decoding=\"async\" alt=\"Eingang zum Restaurant Urban Keller mit gr\u00fcn gestreiften T\u00fcren und einem Schild \u00fcber den gl\u00e4sernen Doppelt\u00fcren.\" src=\"https:\/\/www.salzburgerland.com\/de\/magazin\/wp-content\/uploads\/2014\/02\/Urban-6.jpg\" \/>\t<\/picture><\/a><\/figure><\/div><div class=\"col-6 col-sm-4\"><figure><a class=\"thumb-container\" href=\"https:\/\/www.salzburgerland.com\/de\/magazin\/wp-content\/uploads\/2014\/02\/Urban-14-1280x1024.jpg\">\t<picture><source media=\"(min-width: 576px)\" srcset=\"https:\/\/www.salzburgerland.com\/de\/magazin\/wp-content\/uploads\/2014\/02\/Urban-14-325x209.jpg 325w, https:\/\/www.salzburgerland.com\/de\/magazin\/wp-content\/uploads\/2014\/02\/Urban-14-249x160.jpg 249w\" \/><source media=\"(min-width: 0)\" srcset=\"https:\/\/www.salzburgerland.com\/de\/magazin\/wp-content\/uploads\/2014\/02\/Urban-14-249x160.jpg 249w, https:\/\/www.salzburgerland.com\/de\/magazin\/wp-content\/uploads\/2014\/02\/Urban-14-325x209.jpg 325w\" \/><img decoding=\"async\" alt=\"Eine moderne Bar mit Regalen mit Gl\u00e4sern und Flaschen hinter einem mit vier Holzhockern ausgekleideten Tresen.\" src=\"https:\/\/www.salzburgerland.com\/de\/magazin\/wp-content\/uploads\/2014\/02\/Urban-14.jpg\" \/>\t<\/picture><\/a><\/figure><\/div><div class=\"col-6 col-sm-4\"><figure><a class=\"thumb-container\" href=\"https:\/\/www.salzburgerland.com\/de\/magazin\/wp-content\/uploads\/2014\/02\/Urban-5-1280x1024.jpg\">\t<picture><source media=\"(min-width: 576px)\" srcset=\"https:\/\/www.salzburgerland.com\/de\/magazin\/wp-content\/uploads\/2014\/02\/Urban-5-325x209.jpg 325w, https:\/\/www.salzburgerland.com\/de\/magazin\/wp-content\/uploads\/2014\/02\/Urban-5-249x160.jpg 249w\" \/><source media=\"(min-width: 0)\" srcset=\"https:\/\/www.salzburgerland.com\/de\/magazin\/wp-content\/uploads\/2014\/02\/Urban-5-249x160.jpg 249w, https:\/\/www.salzburgerland.com\/de\/magazin\/wp-content\/uploads\/2014\/02\/Urban-5-325x209.jpg 325w\" \/><img decoding=\"async\" alt=\"Ein gem\u00fctliches Caf\u00e9 mit Holztischen, roten St\u00fchlen und warmer Beleuchtung an gro\u00dfen Fenstern.\" src=\"https:\/\/www.salzburgerland.com\/de\/magazin\/wp-content\/uploads\/2014\/02\/Urban-5.jpg\" \/>\t<\/picture><\/a><\/figure><\/div><div class=\"col-6 col-sm-4\"><figure><a class=\"thumb-container\" href=\"https:\/\/www.salzburgerland.com\/de\/magazin\/wp-content\/uploads\/2014\/02\/Urban-15-1280x1024.jpg\">\t<picture><source media=\"(min-width: 576px)\" srcset=\"https:\/\/www.salzburgerland.com\/de\/magazin\/wp-content\/uploads\/2014\/02\/Urban-15-325x209.jpg 325w, https:\/\/www.salzburgerland.com\/de\/magazin\/wp-content\/uploads\/2014\/02\/Urban-15-249x160.jpg 249w\" \/><source media=\"(min-width: 0)\" srcset=\"https:\/\/www.salzburgerland.com\/de\/magazin\/wp-content\/uploads\/2014\/02\/Urban-15-249x160.jpg 249w, https:\/\/www.salzburgerland.com\/de\/magazin\/wp-content\/uploads\/2014\/02\/Urban-15-325x209.jpg 325w\" \/><img decoding=\"async\" alt=\"Ein gem\u00fctliches, leeres Holzrestaurant mit gro\u00dfen Fenstern, B\u00e4nken und gedeckten Tischen f\u00fcr die G\u00e4ste.\" src=\"https:\/\/www.salzburgerland.com\/de\/magazin\/wp-content\/uploads\/2014\/02\/Urban-15.jpg\" \/>\t<\/picture><\/a><\/figure><\/div><div class=\"col-6 col-sm-4\"><figure><a class=\"thumb-container\" href=\"https:\/\/www.salzburgerland.com\/de\/magazin\/wp-content\/uploads\/2014\/02\/Urban-2-1280x1024.jpg\">\t<picture><source media=\"(min-width: 576px)\" srcset=\"https:\/\/www.salzburgerland.com\/de\/magazin\/wp-content\/uploads\/2014\/02\/Urban-2-325x209.jpg 325w, https:\/\/www.salzburgerland.com\/de\/magazin\/wp-content\/uploads\/2014\/02\/Urban-2-249x160.jpg 249w\" \/><source media=\"(min-width: 0)\" srcset=\"https:\/\/www.salzburgerland.com\/de\/magazin\/wp-content\/uploads\/2014\/02\/Urban-2-249x160.jpg 249w, https:\/\/www.salzburgerland.com\/de\/magazin\/wp-content\/uploads\/2014\/02\/Urban-2-325x209.jpg 325w\" \/><img decoding=\"async\" alt=\"Gem\u00fctlicher h\u00f6lzerner Speisesaal mit runden Tischen, einem wei\u00dfen Kachelofen und warmer Beleuchtung.\" src=\"https:\/\/www.salzburgerland.com\/de\/magazin\/wp-content\/uploads\/2014\/02\/Urban-2.jpg\" \/>\t<\/picture><\/a><\/figure><\/div><div class=\"col-6 col-sm-4\"><figure><a class=\"thumb-container\" href=\"https:\/\/www.salzburgerland.com\/de\/magazin\/wp-content\/uploads\/2014\/02\/Urban-10-1280x1024.jpg\">\t<picture><source media=\"(min-width: 576px)\" srcset=\"https:\/\/www.salzburgerland.com\/de\/magazin\/wp-content\/uploads\/2014\/02\/Urban-10-325x209.jpg 325w, https:\/\/www.salzburgerland.com\/de\/magazin\/wp-content\/uploads\/2014\/02\/Urban-10-249x160.jpg 249w\" \/><source media=\"(min-width: 0)\" srcset=\"https:\/\/www.salzburgerland.com\/de\/magazin\/wp-content\/uploads\/2014\/02\/Urban-10-249x160.jpg 249w, https:\/\/www.salzburgerland.com\/de\/magazin\/wp-content\/uploads\/2014\/02\/Urban-10-325x209.jpg 325w\" \/><img decoding=\"async\" alt=\"Ein dekoriertes gr\u00fcnes Herz, Utensilien und gedruckte Speisekarten auf einem Holztisch in einem gem\u00fctlichen Restaurant.\" src=\"https:\/\/www.salzburgerland.com\/de\/magazin\/wp-content\/uploads\/2014\/02\/Urban-10.jpg\" \/>\t<\/picture><\/a><\/figure><\/div><div class=\"col-6 col-sm-4\"><figure><a class=\"thumb-container\" href=\"https:\/\/www.salzburgerland.com\/de\/magazin\/wp-content\/uploads\/2014\/02\/Urban-9-1280x1024.jpg\">\t<picture><source media=\"(min-width: 576px)\" srcset=\"https:\/\/www.salzburgerland.com\/de\/magazin\/wp-content\/uploads\/2014\/02\/Urban-9-325x209.jpg 325w, https:\/\/www.salzburgerland.com\/de\/magazin\/wp-content\/uploads\/2014\/02\/Urban-9-249x160.jpg 249w\" \/><source media=\"(min-width: 0)\" srcset=\"https:\/\/www.salzburgerland.com\/de\/magazin\/wp-content\/uploads\/2014\/02\/Urban-9-249x160.jpg 249w, https:\/\/www.salzburgerland.com\/de\/magazin\/wp-content\/uploads\/2014\/02\/Urban-9-325x209.jpg 325w\" \/><img decoding=\"async\" alt=\"Drei Jazzmusiker-Figuren unter einer H\u00e4ngelampe; eine singt, eine spielt Klavier, eine spielt Kontrabass.\" src=\"https:\/\/www.salzburgerland.com\/de\/magazin\/wp-content\/uploads\/2014\/02\/Urban-9.jpg\" \/>\t<\/picture><\/a><\/figure><\/div><div class=\"col-6 col-sm-4\"><figure><a class=\"thumb-container\" href=\"https:\/\/www.salzburgerland.com\/de\/magazin\/wp-content\/uploads\/2014\/02\/Urban-4-1280x1024.jpg\">\t<picture><source media=\"(min-width: 576px)\" srcset=\"https:\/\/www.salzburgerland.com\/de\/magazin\/wp-content\/uploads\/2014\/02\/Urban-4-325x209.jpg 325w, https:\/\/www.salzburgerland.com\/de\/magazin\/wp-content\/uploads\/2014\/02\/Urban-4-249x160.jpg 249w\" \/><source media=\"(min-width: 0)\" srcset=\"https:\/\/www.salzburgerland.com\/de\/magazin\/wp-content\/uploads\/2014\/02\/Urban-4-249x160.jpg 249w, https:\/\/www.salzburgerland.com\/de\/magazin\/wp-content\/uploads\/2014\/02\/Urban-4-325x209.jpg 325w\" \/><img decoding=\"async\" alt=\"Gem\u00e4lde von Menschen in mittelalterlicher Kleidung bei einem gesch\u00e4ftigen Festmahl, von denen einige das Essen servieren und andere an Tischen sitzen.\" src=\"https:\/\/www.salzburgerland.com\/de\/magazin\/wp-content\/uploads\/2014\/02\/Urban-4.jpg\" \/>\t<\/picture><\/a><\/figure><\/div><div class=\"col-6 col-sm-4\"><figure><a class=\"thumb-container\" href=\"https:\/\/www.salzburgerland.com\/de\/magazin\/wp-content\/uploads\/2014\/02\/Urban-13-1280x1024.jpg\">\t<picture><source media=\"(min-width: 576px)\" srcset=\"\" \/><source media=\"(min-width: 0)\" srcset=\"https:\/\/www.salzburgerland.com\/de\/magazin\/wp-content\/uploads\/2014\/02\/Urban-13.jpg 1066w, https:\/\/www.salzburgerland.com\/de\/magazin\/wp-content\/uploads\/2014\/02\/Urban-13-200x300.jpg 200w, https:\/\/www.salzburgerland.com\/de\/magazin\/wp-content\/uploads\/2014\/02\/Urban-13-366x550.jpg 366w, https:\/\/www.salzburgerland.com\/de\/magazin\/wp-content\/uploads\/2014\/02\/Urban-13-267x400.jpg 267w\" \/><img decoding=\"async\" alt=\"Steinbrunnen mit einer geschnitzten Figur, gef\u00fcllt mit Bierflaschen; dar\u00fcber h\u00e4ngt ein Zierkranz.\" src=\"https:\/\/www.salzburgerland.com\/de\/magazin\/wp-content\/uploads\/2014\/02\/Urban-13.jpg\" \/>\t<\/picture><\/a><\/figure><\/div><div class=\"col-6 col-sm-4\"><figure><a class=\"thumb-container\" href=\"https:\/\/www.salzburgerland.com\/de\/magazin\/wp-content\/uploads\/2014\/02\/Urban-8-1280x1024.jpg\">\t<picture><source media=\"(min-width: 576px)\" srcset=\"\" \/><source media=\"(min-width: 0)\" srcset=\"https:\/\/www.salzburgerland.com\/de\/magazin\/wp-content\/uploads\/2014\/02\/Urban-8.jpg 1066w, https:\/\/www.salzburgerland.com\/de\/magazin\/wp-content\/uploads\/2014\/02\/Urban-8-200x300.jpg 200w, https:\/\/www.salzburgerland.com\/de\/magazin\/wp-content\/uploads\/2014\/02\/Urban-8-366x550.jpg 366w, https:\/\/www.salzburgerland.com\/de\/magazin\/wp-content\/uploads\/2014\/02\/Urban-8-267x400.jpg 267w\" \/><img decoding=\"async\" alt=\"Der gerahmte Bierpreis 2013 mit Medaille h\u00e4ngt an einer Holzwand \u00fcber einem Tisch mit Blumen und Zeitschriften.\" src=\"https:\/\/www.salzburgerland.com\/de\/magazin\/wp-content\/uploads\/2014\/02\/Urban-8.jpg\" \/>\t<\/picture><\/a><\/figure><\/div><\/div><\/div><figcaption><\/figcaption>\n<p>Urbankeller<br \/> Schallmoser Hauptstra\u00dfe 50<br \/> A &#8211; 5020 Salzburg<br \/> <a href=\"http:\/\/www.urbankeller.com\/\" target=\"_blank\" rel=\"noopener noreferrer\">www.urbankeller.com<\/a><\/p>\n<p>\u00d6ffnungszeiten:<br \/> Dienstag &#8211; Samstag: 15 &#8211; 24 Uhr<br \/> Sonntag: 11 &#8211; 24 Uhr<br \/> Montags Ruhetag<\/p>\n<address>Fotocredits:\u00a0Red Bull GmbH; KultURWirtshaus GmbH; Kleines Theater<\/address>\n","protected":false},"excerpt":{"rendered":"<p>Das &#8222;kultigste aller Wirtsh\u00e4user&#8220;, so nennen die Initiatoren ihren Urbankeller. Diesen Titel hat es sich durchaus verdient. Denn gutes Essen und szeniges Kulturprogramm vermischen sich hier zu einem rundum gelungenen Abend. Jazz, Rock und Literatur Ein erster Blick auf die Homepage verr\u00e4t schon, dass es sich wohl kaum um &#8222;bierernste&#8220; Kultur handelt. Ein guter Schuss [&hellip;]<\/p>\n","protected":false},"author":8,"featured_media":85870,"comment_status":"open","ping_status":"open","sticky":false,"template":"","format":"standard","meta":{"_acf_changed":false,"wl_entities_gutenberg":"","_wl_entity_redirect_enabled":"","footnotes":""},"categories":[6],"tags":[],"wl_entity_type":[306],"monatsauswahl":[82,83,84,85,86,87,88,89,90,91,92,93],"class_list":["post-85820","post","type-post","status-publish","format-standard","has-post-thumbnail","hentry","category-kunst-kultur","wl_entity_type-article","monatsauswahl-monat_1","monatsauswahl-monat_2","monatsauswahl-monat_3","monatsauswahl-monat_4","monatsauswahl-monat_5","monatsauswahl-monat_6","monatsauswahl-monat_7","monatsauswahl-monat_8","monatsauswahl-monat_9","monatsauswahl-monat_10","monatsauswahl-monat_11","monatsauswahl-monat_12"],"acf":[],"yoast_head":"<!-- This site is optimized with the Yoast SEO Premium plugin v27.4 (Yoast SEO v27.4) - https:\/\/yoast.com\/product\/yoast-seo-premium-wordpress\/ -->\n<title>Da ist was los im Urbankeller - SalzburgerLand Magazin<\/title>\n<meta name=\"description\" content=\"Das &#8222;kultigste aller Wirtsh\u00e4user&#8220;, so nennen die Initiatoren ihren Urbankeller. Diesen Titel hat es sich durchaus verdient. Denn gutes Essen und szeniges Kulturprogramm vermischen sich hier zu einem rundum gelungenen Abend. Jazz, Rock und Literatur Ein erster Blick auf die Homepage verr\u00e4t schon, dass es sich wohl kaum um &#8222;bierernste&#8220; Kultur handelt. Ein guter Schuss [&hellip;]\" \/>\n<meta name=\"robots\" content=\"index, follow, max-snippet:-1, max-image-preview:large, max-video-preview:-1\" \/>\n<link rel=\"canonical\" href=\"https:\/\/www.salzburgerland.com\/de\/magazin\/da-ist-was-los-im-urbankeller\/\" \/>\n<meta property=\"og:locale\" content=\"de_DE\" \/>\n<meta property=\"og:type\" content=\"article\" \/>\n<meta property=\"og:title\" content=\"Da ist was los im Urbankeller\" \/>\n<meta property=\"og:description\" content=\"Das &#8222;kultigste aller Wirtsh\u00e4user&#8220;, so nennen die Initiatoren ihren Urbankeller. Diesen Titel hat es sich durchaus verdient. Denn gutes Essen und szeniges Kulturprogramm vermischen sich hier zu einem rundum gelungenen Abend. Jazz, Rock und Literatur Ein erster Blick auf die Homepage verr\u00e4t schon, dass es sich wohl kaum um &#8222;bierernste&#8220; Kultur handelt. Ein guter Schuss [&hellip;]\" \/>\n<meta property=\"og:url\" content=\"https:\/\/www.salzburgerland.com\/de\/magazin\/da-ist-was-los-im-urbankeller\/\" \/>\n<meta property=\"og:site_name\" content=\"SalzburgerLand Magazin\" \/>\n<meta property=\"article:publisher\" content=\"https:\/\/www.facebook.com\/salzburgerland\/\" \/>\n<meta property=\"article:published_time\" content=\"2014-02-24T08:06:15+00:00\" \/>\n<meta property=\"article:modified_time\" content=\"2019-06-26T18:19:37+00:00\" \/>\n<meta property=\"og:image\" content=\"https:\/\/www.salzburgerland.com\/de\/magazin\/wp-content\/uploads\/2014\/02\/Urbankeller1.jpg\" \/>\n\t<meta property=\"og:image:width\" content=\"1600\" \/>\n\t<meta property=\"og:image:height\" content=\"800\" \/>\n\t<meta property=\"og:image:type\" content=\"image\/jpeg\" \/>\n<meta name=\"author\" content=\"Christine Gnahn\" \/>\n<meta name=\"twitter:card\" content=\"summary_large_image\" \/>\n<meta name=\"twitter:creator\" content=\"@Salzburgerland\" \/>\n<meta name=\"twitter:site\" content=\"@Salzburgerland\" \/>\n<meta name=\"twitter:label1\" content=\"Verfasst von\" \/>\n\t<meta name=\"twitter:data1\" content=\"Christine Gnahn\" \/>\n\t<meta name=\"twitter:label2\" content=\"Gesch\u00e4tzte Lesezeit\" \/>\n\t<meta name=\"twitter:data2\" content=\"3\u00a0Minuten\" \/>\n<script type=\"application\/ld+json\" class=\"yoast-schema-graph\">{\"@context\":\"https:\\\/\\\/schema.org\",\"@graph\":[{\"@type\":\"Article\",\"@id\":\"https:\\\/\\\/www.salzburgerland.com\\\/de\\\/magazin\\\/da-ist-was-los-im-urbankeller\\\/#article\",\"isPartOf\":{\"@id\":\"https:\\\/\\\/www.salzburgerland.com\\\/de\\\/magazin\\\/da-ist-was-los-im-urbankeller\\\/\"},\"author\":{\"name\":\"Christine Gnahn\",\"@id\":\"https:\\\/\\\/www.salzburgerland.com\\\/de\\\/magazin\\\/#\\\/schema\\\/person\\\/bffbd5cf7c6a1f4948505566c7fcff7c\"},\"headline\":\"Da ist was los im Urbankeller\",\"datePublished\":\"2014-02-24T08:06:15+00:00\",\"dateModified\":\"2019-06-26T18:19:37+00:00\",\"mainEntityOfPage\":{\"@id\":\"https:\\\/\\\/www.salzburgerland.com\\\/de\\\/magazin\\\/da-ist-was-los-im-urbankeller\\\/\"},\"wordCount\":601,\"commentCount\":0,\"publisher\":{\"@id\":\"https:\\\/\\\/www.salzburgerland.com\\\/de\\\/magazin\\\/#organization\"},\"image\":{\"@id\":\"https:\\\/\\\/www.salzburgerland.com\\\/de\\\/magazin\\\/da-ist-was-los-im-urbankeller\\\/#primaryimage\"},\"thumbnailUrl\":\"https:\\\/\\\/www.salzburgerland.com\\\/de\\\/magazin\\\/wp-content\\\/uploads\\\/2014\\\/02\\\/Urbankeller1.jpg\",\"articleSection\":[\"Kunst &amp; Kultur\"],\"inLanguage\":\"de\",\"potentialAction\":[{\"@type\":\"CommentAction\",\"name\":\"Comment\",\"target\":[\"https:\\\/\\\/www.salzburgerland.com\\\/de\\\/magazin\\\/da-ist-was-los-im-urbankeller\\\/#respond\"]}]},{\"@type\":\"WebPage\",\"@id\":\"https:\\\/\\\/www.salzburgerland.com\\\/de\\\/magazin\\\/da-ist-was-los-im-urbankeller\\\/\",\"url\":\"https:\\\/\\\/www.salzburgerland.com\\\/de\\\/magazin\\\/da-ist-was-los-im-urbankeller\\\/\",\"name\":\"Da ist was los im Urbankeller - SalzburgerLand Magazin\",\"isPartOf\":{\"@id\":\"https:\\\/\\\/www.salzburgerland.com\\\/de\\\/magazin\\\/#website\"},\"primaryImageOfPage\":{\"@id\":\"https:\\\/\\\/www.salzburgerland.com\\\/de\\\/magazin\\\/da-ist-was-los-im-urbankeller\\\/#primaryimage\"},\"image\":{\"@id\":\"https:\\\/\\\/www.salzburgerland.com\\\/de\\\/magazin\\\/da-ist-was-los-im-urbankeller\\\/#primaryimage\"},\"thumbnailUrl\":\"https:\\\/\\\/www.salzburgerland.com\\\/de\\\/magazin\\\/wp-content\\\/uploads\\\/2014\\\/02\\\/Urbankeller1.jpg\",\"datePublished\":\"2014-02-24T08:06:15+00:00\",\"dateModified\":\"2019-06-26T18:19:37+00:00\",\"breadcrumb\":{\"@id\":\"https:\\\/\\\/www.salzburgerland.com\\\/de\\\/magazin\\\/da-ist-was-los-im-urbankeller\\\/#breadcrumb\"},\"inLanguage\":\"de\",\"potentialAction\":[{\"@type\":\"ReadAction\",\"target\":[\"https:\\\/\\\/www.salzburgerland.com\\\/de\\\/magazin\\\/da-ist-was-los-im-urbankeller\\\/\"]}]},{\"@type\":\"ImageObject\",\"inLanguage\":\"de\",\"@id\":\"https:\\\/\\\/www.salzburgerland.com\\\/de\\\/magazin\\\/da-ist-was-los-im-urbankeller\\\/#primaryimage\",\"url\":\"https:\\\/\\\/www.salzburgerland.com\\\/de\\\/magazin\\\/wp-content\\\/uploads\\\/2014\\\/02\\\/Urbankeller1.jpg\",\"contentUrl\":\"https:\\\/\\\/www.salzburgerland.com\\\/de\\\/magazin\\\/wp-content\\\/uploads\\\/2014\\\/02\\\/Urbankeller1.jpg\",\"width\":1600,\"height\":800,\"caption\":\"Eine gro\u00dfe Menschenmenge verfolgt eine Auff\u00fchrung auf der B\u00fchne eines unterirdischen Veranstaltungsortes mit Ziegelgew\u00f6lbe und ged\u00e4mpftem Licht.\"},{\"@type\":\"BreadcrumbList\",\"@id\":\"https:\\\/\\\/www.salzburgerland.com\\\/de\\\/magazin\\\/da-ist-was-los-im-urbankeller\\\/#breadcrumb\",\"itemListElement\":[{\"@type\":\"ListItem\",\"position\":1,\"name\":\"Startseite\",\"item\":\"https:\\\/\\\/www.salzburgerland.com\\\/de\\\/magazin\\\/\"},{\"@type\":\"ListItem\",\"position\":2,\"name\":\"Kunst &amp; Kultur\",\"item\":\"https:\\\/\\\/www.salzburgerland.com\\\/de\\\/magazin\\\/thema\\\/kunst-kultur\\\/\"},{\"@type\":\"ListItem\",\"position\":3,\"name\":\"Da ist was los im Urbankeller\"}]},{\"@type\":\"WebSite\",\"@id\":\"https:\\\/\\\/www.salzburgerland.com\\\/de\\\/magazin\\\/#website\",\"url\":\"https:\\\/\\\/www.salzburgerland.com\\\/de\\\/magazin\\\/\",\"name\":\"SalzburgerLand Magazin\",\"description\":\"Geschichten und Interessantes aus dem SalzburgerLand\",\"publisher\":{\"@id\":\"https:\\\/\\\/www.salzburgerland.com\\\/de\\\/magazin\\\/#organization\"},\"potentialAction\":[{\"@type\":\"SearchAction\",\"target\":{\"@type\":\"EntryPoint\",\"urlTemplate\":\"https:\\\/\\\/www.salzburgerland.com\\\/de\\\/magazin\\\/?s={search_term_string}\"},\"query-input\":{\"@type\":\"PropertyValueSpecification\",\"valueRequired\":true,\"valueName\":\"search_term_string\"}}],\"inLanguage\":\"de\"},{\"@type\":\"Organization\",\"@id\":\"https:\\\/\\\/www.salzburgerland.com\\\/de\\\/magazin\\\/#organization\",\"name\":\"SalzburgerLand Tourismus\",\"url\":\"https:\\\/\\\/www.salzburgerland.com\\\/de\\\/magazin\\\/\",\"logo\":{\"@type\":\"ImageObject\",\"inLanguage\":\"de\",\"@id\":\"https:\\\/\\\/www.salzburgerland.com\\\/de\\\/magazin\\\/#\\\/schema\\\/logo\\\/image\\\/\",\"url\":\"https:\\\/\\\/www.salzburgerland.com\\\/de\\\/magazin\\\/wp-content\\\/uploads\\\/2019\\\/06\\\/salzburgerland-logo1.jpg\",\"contentUrl\":\"https:\\\/\\\/www.salzburgerland.com\\\/de\\\/magazin\\\/wp-content\\\/uploads\\\/2019\\\/06\\\/salzburgerland-logo1.jpg\",\"width\":2011,\"height\":866,\"caption\":\"SalzburgerLand Tourismus\"},\"image\":{\"@id\":\"https:\\\/\\\/www.salzburgerland.com\\\/de\\\/magazin\\\/#\\\/schema\\\/logo\\\/image\\\/\"},\"sameAs\":[\"https:\\\/\\\/www.facebook.com\\\/salzburgerland\\\/\",\"https:\\\/\\\/x.com\\\/Salzburgerland\",\"https:\\\/\\\/www.instagram.com\\\/salzburgerland\\\/\",\"https:\\\/\\\/at.linkedin.com\\\/company\\\/salzburgerland-tourismus-gmbh\",\"https:\\\/\\\/www.pinterest.at\\\/salzburgerland\\\/\",\"https:\\\/\\\/www.youtube.com\\\/user\\\/salzburgerland\",\"https:\\\/\\\/de.wikipedia.org\\\/wiki\\\/SalzburgerLand_Tourismus_GmbH\"]},{\"@type\":\"Person\",\"@id\":\"https:\\\/\\\/www.salzburgerland.com\\\/de\\\/magazin\\\/#\\\/schema\\\/person\\\/bffbd5cf7c6a1f4948505566c7fcff7c\",\"name\":\"Christine Gnahn\",\"description\":\"Christine Gnahn ist mit Leidenschaft dabei, wenn es um Kunst, Kultur und Menschen im sch\u00f6nen SalzburgerLand geht. In ihrer Freizeit ist sie gern immer im Trubel des Geschehens und verbringt viel Zeit mit Sport und Wandern in der heilsamen Atmosph\u00e4re vom Salzburger M\u00f6nchs- und Kapuzinerberg. Das Schreiben ist sowohl Beruf als auch Hobby: Auch Gedichte, Kurzgeschichten und Romane z\u00e4hlen zum Repertoire der 22-j\u00e4hrigen Journalistin und Schrifstellerin. Um den eigenen Horrizont zu erweitern, begibt sie sich regelm\u00e4\u00dfig auf abenteuerliche Rucksackreisen durch aller Herren L\u00e4nder. Lebensmotto: Leb den Moment! Fragen mit Antworten von Christine Gnahn Morgen- oder Abendmensch? Wenn Morgens die Sonne aufgeht bin ich putzmunter und hab Riesenhunger auf Fr\u00fchst\u00fcck und Leben! Ich wei\u00df ich geh\u00f6re einer aussterbenden Rasse an aber ich f\u00fchle mich pudelwohl damit! Im Morgen liegt einfach eine besondere Kraft: Die Kraft des Neubeginns. Wellnessurlaub oder Rucksackreise? Rucksackreise, ruhig auch ohne jeglichen Komfort. Ich gehe auf Reisen, um Menschen, Land und Lebensgef\u00fchl zu sp\u00fcren. Dazu braucht es weder h\u00fcbsches Hotelzimmer noch edle Buffets. Alles Hab und Gut auf den R\u00fccken und bereit f\u00fcr jedes Abenteuer, das ist doch die wahre Freiheit! Berge oder Meer? Obwohl ich die Berge sehr liebe, w\u00fcrde ich wohl meist das Meer bevorzugen. Schon als Kind Stunden und Tage an der Adria verbracht, ist es mit seinen Wellen, Str\u00f6mung, Flut und Ebbe f\u00fcr mich Sinnbild der Energie und der Ruhe zugleich. Wandern oder Laufen? Ich bin ein Sportfreak. Erst morgens Laufen, dann Wandern! Turnschuhe oder High Heels? Ich besitze ein paar High Heels und die trage ich ungef\u00e4hr einmal in zwei Jahren. Im \u00fcbrigen ist High Heel wohl auch ein klarer Euphemismus f\u00fcr drei Zentimeter Absatz. Gmiadlich soll's sein und ich will mich wohlf\u00fchlen, daher: Turnschuhe! Fr\u00fchling, Sommer, Herbst oder Winter? Ich mag eigentlich jede Jahreszeit. Grad in Australien, wo grad im Norden Jahreszeiten eigentlich komplett durch Regen- und Trockenzeit ersetzt werden, lernt man sie zu sch\u00e4tzen. Aber wenn ich w\u00e4hlen muss, mag ich wohl Fr\u00fchling und Sommer am liebsten. Rindsroulade vom Pinzgauer Biorind oder Saibling fangfrisch aus dem\u00a0Fuschlsee? Ganz klar der Fisch! Grad frischem Fisch kann ich nicht widerstehen. Dazu noch ein Hauch Zitrone... mhhhh!\",\"url\":\"https:\\\/\\\/www.salzburgerland.com\\\/de\\\/magazin\\\/author\\\/cgnahn\\\/\"}]}<\/script>\n<!-- \/ Yoast SEO Premium plugin. -->","yoast_head_json":{"title":"Da ist was los im Urbankeller - SalzburgerLand Magazin","description":"Das &#8222;kultigste aller Wirtsh\u00e4user&#8220;, so nennen die Initiatoren ihren Urbankeller. Diesen Titel hat es sich durchaus verdient. Denn gutes Essen und szeniges Kulturprogramm vermischen sich hier zu einem rundum gelungenen Abend. Jazz, Rock und Literatur Ein erster Blick auf die Homepage verr\u00e4t schon, dass es sich wohl kaum um &#8222;bierernste&#8220; Kultur handelt. Ein guter Schuss [&hellip;]","robots":{"index":"index","follow":"follow","max-snippet":"max-snippet:-1","max-image-preview":"max-image-preview:large","max-video-preview":"max-video-preview:-1"},"canonical":"https:\/\/www.salzburgerland.com\/de\/magazin\/da-ist-was-los-im-urbankeller\/","og_locale":"de_DE","og_type":"article","og_title":"Da ist was los im Urbankeller","og_description":"Das &#8222;kultigste aller Wirtsh\u00e4user&#8220;, so nennen die Initiatoren ihren Urbankeller. Diesen Titel hat es sich durchaus verdient. Denn gutes Essen und szeniges Kulturprogramm vermischen sich hier zu einem rundum gelungenen Abend. Jazz, Rock und Literatur Ein erster Blick auf die Homepage verr\u00e4t schon, dass es sich wohl kaum um &#8222;bierernste&#8220; Kultur handelt. Ein guter Schuss [&hellip;]","og_url":"https:\/\/www.salzburgerland.com\/de\/magazin\/da-ist-was-los-im-urbankeller\/","og_site_name":"SalzburgerLand Magazin","article_publisher":"https:\/\/www.facebook.com\/salzburgerland\/","article_published_time":"2014-02-24T08:06:15+00:00","article_modified_time":"2019-06-26T18:19:37+00:00","og_image":[{"width":1600,"height":800,"url":"https:\/\/www.salzburgerland.com\/de\/magazin\/wp-content\/uploads\/2014\/02\/Urbankeller1.jpg","type":"image\/jpeg"}],"author":"Christine Gnahn","twitter_card":"summary_large_image","twitter_creator":"@Salzburgerland","twitter_site":"@Salzburgerland","twitter_misc":{"Verfasst von":"Christine Gnahn","Gesch\u00e4tzte Lesezeit":"3\u00a0Minuten"},"schema":{"@context":"https:\/\/schema.org","@graph":[{"@type":"Article","@id":"https:\/\/www.salzburgerland.com\/de\/magazin\/da-ist-was-los-im-urbankeller\/#article","isPartOf":{"@id":"https:\/\/www.salzburgerland.com\/de\/magazin\/da-ist-was-los-im-urbankeller\/"},"author":{"name":"Christine Gnahn","@id":"https:\/\/www.salzburgerland.com\/de\/magazin\/#\/schema\/person\/bffbd5cf7c6a1f4948505566c7fcff7c"},"headline":"Da ist was los im Urbankeller","datePublished":"2014-02-24T08:06:15+00:00","dateModified":"2019-06-26T18:19:37+00:00","mainEntityOfPage":{"@id":"https:\/\/www.salzburgerland.com\/de\/magazin\/da-ist-was-los-im-urbankeller\/"},"wordCount":601,"commentCount":0,"publisher":{"@id":"https:\/\/www.salzburgerland.com\/de\/magazin\/#organization"},"image":{"@id":"https:\/\/www.salzburgerland.com\/de\/magazin\/da-ist-was-los-im-urbankeller\/#primaryimage"},"thumbnailUrl":"https:\/\/www.salzburgerland.com\/de\/magazin\/wp-content\/uploads\/2014\/02\/Urbankeller1.jpg","articleSection":["Kunst &amp; Kultur"],"inLanguage":"de","potentialAction":[{"@type":"CommentAction","name":"Comment","target":["https:\/\/www.salzburgerland.com\/de\/magazin\/da-ist-was-los-im-urbankeller\/#respond"]}]},{"@type":"WebPage","@id":"https:\/\/www.salzburgerland.com\/de\/magazin\/da-ist-was-los-im-urbankeller\/","url":"https:\/\/www.salzburgerland.com\/de\/magazin\/da-ist-was-los-im-urbankeller\/","name":"Da ist was los im Urbankeller - SalzburgerLand Magazin","isPartOf":{"@id":"https:\/\/www.salzburgerland.com\/de\/magazin\/#website"},"primaryImageOfPage":{"@id":"https:\/\/www.salzburgerland.com\/de\/magazin\/da-ist-was-los-im-urbankeller\/#primaryimage"},"image":{"@id":"https:\/\/www.salzburgerland.com\/de\/magazin\/da-ist-was-los-im-urbankeller\/#primaryimage"},"thumbnailUrl":"https:\/\/www.salzburgerland.com\/de\/magazin\/wp-content\/uploads\/2014\/02\/Urbankeller1.jpg","datePublished":"2014-02-24T08:06:15+00:00","dateModified":"2019-06-26T18:19:37+00:00","breadcrumb":{"@id":"https:\/\/www.salzburgerland.com\/de\/magazin\/da-ist-was-los-im-urbankeller\/#breadcrumb"},"inLanguage":"de","potentialAction":[{"@type":"ReadAction","target":["https:\/\/www.salzburgerland.com\/de\/magazin\/da-ist-was-los-im-urbankeller\/"]}]},{"@type":"ImageObject","inLanguage":"de","@id":"https:\/\/www.salzburgerland.com\/de\/magazin\/da-ist-was-los-im-urbankeller\/#primaryimage","url":"https:\/\/www.salzburgerland.com\/de\/magazin\/wp-content\/uploads\/2014\/02\/Urbankeller1.jpg","contentUrl":"https:\/\/www.salzburgerland.com\/de\/magazin\/wp-content\/uploads\/2014\/02\/Urbankeller1.jpg","width":1600,"height":800,"caption":"Eine gro\u00dfe Menschenmenge verfolgt eine Auff\u00fchrung auf der B\u00fchne eines unterirdischen Veranstaltungsortes mit Ziegelgew\u00f6lbe und ged\u00e4mpftem Licht."},{"@type":"BreadcrumbList","@id":"https:\/\/www.salzburgerland.com\/de\/magazin\/da-ist-was-los-im-urbankeller\/#breadcrumb","itemListElement":[{"@type":"ListItem","position":1,"name":"Startseite","item":"https:\/\/www.salzburgerland.com\/de\/magazin\/"},{"@type":"ListItem","position":2,"name":"Kunst &amp; Kultur","item":"https:\/\/www.salzburgerland.com\/de\/magazin\/thema\/kunst-kultur\/"},{"@type":"ListItem","position":3,"name":"Da ist was los im Urbankeller"}]},{"@type":"WebSite","@id":"https:\/\/www.salzburgerland.com\/de\/magazin\/#website","url":"https:\/\/www.salzburgerland.com\/de\/magazin\/","name":"SalzburgerLand Magazin","description":"Geschichten und Interessantes aus dem SalzburgerLand","publisher":{"@id":"https:\/\/www.salzburgerland.com\/de\/magazin\/#organization"},"potentialAction":[{"@type":"SearchAction","target":{"@type":"EntryPoint","urlTemplate":"https:\/\/www.salzburgerland.com\/de\/magazin\/?s={search_term_string}"},"query-input":{"@type":"PropertyValueSpecification","valueRequired":true,"valueName":"search_term_string"}}],"inLanguage":"de"},{"@type":"Organization","@id":"https:\/\/www.salzburgerland.com\/de\/magazin\/#organization","name":"SalzburgerLand Tourismus","url":"https:\/\/www.salzburgerland.com\/de\/magazin\/","logo":{"@type":"ImageObject","inLanguage":"de","@id":"https:\/\/www.salzburgerland.com\/de\/magazin\/#\/schema\/logo\/image\/","url":"https:\/\/www.salzburgerland.com\/de\/magazin\/wp-content\/uploads\/2019\/06\/salzburgerland-logo1.jpg","contentUrl":"https:\/\/www.salzburgerland.com\/de\/magazin\/wp-content\/uploads\/2019\/06\/salzburgerland-logo1.jpg","width":2011,"height":866,"caption":"SalzburgerLand Tourismus"},"image":{"@id":"https:\/\/www.salzburgerland.com\/de\/magazin\/#\/schema\/logo\/image\/"},"sameAs":["https:\/\/www.facebook.com\/salzburgerland\/","https:\/\/x.com\/Salzburgerland","https:\/\/www.instagram.com\/salzburgerland\/","https:\/\/at.linkedin.com\/company\/salzburgerland-tourismus-gmbh","https:\/\/www.pinterest.at\/salzburgerland\/","https:\/\/www.youtube.com\/user\/salzburgerland","https:\/\/de.wikipedia.org\/wiki\/SalzburgerLand_Tourismus_GmbH"]},{"@type":"Person","@id":"https:\/\/www.salzburgerland.com\/de\/magazin\/#\/schema\/person\/bffbd5cf7c6a1f4948505566c7fcff7c","name":"Christine Gnahn","description":"Christine Gnahn ist mit Leidenschaft dabei, wenn es um Kunst, Kultur und Menschen im sch\u00f6nen SalzburgerLand geht. In ihrer Freizeit ist sie gern immer im Trubel des Geschehens und verbringt viel Zeit mit Sport und Wandern in der heilsamen Atmosph\u00e4re vom Salzburger M\u00f6nchs- und Kapuzinerberg. Das Schreiben ist sowohl Beruf als auch Hobby: Auch Gedichte, Kurzgeschichten und Romane z\u00e4hlen zum Repertoire der 22-j\u00e4hrigen Journalistin und Schrifstellerin. Um den eigenen Horrizont zu erweitern, begibt sie sich regelm\u00e4\u00dfig auf abenteuerliche Rucksackreisen durch aller Herren L\u00e4nder. Lebensmotto: Leb den Moment! Fragen mit Antworten von Christine Gnahn Morgen- oder Abendmensch? Wenn Morgens die Sonne aufgeht bin ich putzmunter und hab Riesenhunger auf Fr\u00fchst\u00fcck und Leben! Ich wei\u00df ich geh\u00f6re einer aussterbenden Rasse an aber ich f\u00fchle mich pudelwohl damit! Im Morgen liegt einfach eine besondere Kraft: Die Kraft des Neubeginns. Wellnessurlaub oder Rucksackreise? Rucksackreise, ruhig auch ohne jeglichen Komfort. Ich gehe auf Reisen, um Menschen, Land und Lebensgef\u00fchl zu sp\u00fcren. Dazu braucht es weder h\u00fcbsches Hotelzimmer noch edle Buffets. Alles Hab und Gut auf den R\u00fccken und bereit f\u00fcr jedes Abenteuer, das ist doch die wahre Freiheit! Berge oder Meer? Obwohl ich die Berge sehr liebe, w\u00fcrde ich wohl meist das Meer bevorzugen. Schon als Kind Stunden und Tage an der Adria verbracht, ist es mit seinen Wellen, Str\u00f6mung, Flut und Ebbe f\u00fcr mich Sinnbild der Energie und der Ruhe zugleich. Wandern oder Laufen? Ich bin ein Sportfreak. Erst morgens Laufen, dann Wandern! Turnschuhe oder High Heels? Ich besitze ein paar High Heels und die trage ich ungef\u00e4hr einmal in zwei Jahren. Im \u00fcbrigen ist High Heel wohl auch ein klarer Euphemismus f\u00fcr drei Zentimeter Absatz. Gmiadlich soll's sein und ich will mich wohlf\u00fchlen, daher: Turnschuhe! Fr\u00fchling, Sommer, Herbst oder Winter? Ich mag eigentlich jede Jahreszeit. Grad in Australien, wo grad im Norden Jahreszeiten eigentlich komplett durch Regen- und Trockenzeit ersetzt werden, lernt man sie zu sch\u00e4tzen. Aber wenn ich w\u00e4hlen muss, mag ich wohl Fr\u00fchling und Sommer am liebsten. Rindsroulade vom Pinzgauer Biorind oder Saibling fangfrisch aus dem\u00a0Fuschlsee? Ganz klar der Fisch! Grad frischem Fisch kann ich nicht widerstehen. Dazu noch ein Hauch Zitrone... mhhhh!","url":"https:\/\/www.salzburgerland.com\/de\/magazin\/author\/cgnahn\/"}]}},"_wl_alt_label":[],"wl:entity_url":"http:\/\/open.salzburgerland.com\/magazin\/post\/da_ist_was_los_im_urbankeller","_links":{"self":[{"href":"https:\/\/www.salzburgerland.com\/de\/magazin\/wp-json\/wp\/v2\/posts\/85820","targetHints":{"allow":["GET"]}}],"collection":[{"href":"https:\/\/www.salzburgerland.com\/de\/magazin\/wp-json\/wp\/v2\/posts"}],"about":[{"href":"https:\/\/www.salzburgerland.com\/de\/magazin\/wp-json\/wp\/v2\/types\/post"}],"author":[{"embeddable":true,"href":"https:\/\/www.salzburgerland.com\/de\/magazin\/wp-json\/wp\/v2\/users\/8"}],"replies":[{"embeddable":true,"href":"https:\/\/www.salzburgerland.com\/de\/magazin\/wp-json\/wp\/v2\/comments?post=85820"}],"version-history":[{"count":0,"href":"https:\/\/www.salzburgerland.com\/de\/magazin\/wp-json\/wp\/v2\/posts\/85820\/revisions"}],"wp:featuredmedia":[{"embeddable":true,"href":"https:\/\/www.salzburgerland.com\/de\/magazin\/wp-json\/wp\/v2\/media\/85870"}],"wp:attachment":[{"href":"https:\/\/www.salzburgerland.com\/de\/magazin\/wp-json\/wp\/v2\/media?parent=85820"}],"wp:term":[{"taxonomy":"category","embeddable":true,"href":"https:\/\/www.salzburgerland.com\/de\/magazin\/wp-json\/wp\/v2\/categories?post=85820"},{"taxonomy":"post_tag","embeddable":true,"href":"https:\/\/www.salzburgerland.com\/de\/magazin\/wp-json\/wp\/v2\/tags?post=85820"},{"taxonomy":"wl_entity_type","embeddable":true,"href":"https:\/\/www.salzburgerland.com\/de\/magazin\/wp-json\/wp\/v2\/wl_entity_type?post=85820"},{"taxonomy":"monatsauswahl","embeddable":true,"href":"https:\/\/www.salzburgerland.com\/de\/magazin\/wp-json\/wp\/v2\/monatsauswahl?post=85820"}],"curies":[{"name":"wp","href":"https:\/\/api.w.org\/{rel}","templated":true}]}}