{"id":83191,"date":"2026-03-30T07:00:00","date_gmt":"2026-03-30T05:00:00","guid":{"rendered":"http:\/\/magazin.salzburgerland.com\/?p=83191"},"modified":"2026-03-30T14:49:28","modified_gmt":"2026-03-30T12:49:28","slug":"hand-kopf-werk-das-handwerksfestival-in-der-altstadt","status":"publish","type":"post","link":"https:\/\/www.salzburgerland.com\/de\/magazin\/hand-kopf-werk-das-handwerksfestival-in-der-altstadt\/","title":{"rendered":"Hand.Werk.Stadt"},"content":{"rendered":"\n<h2 class=\"wp-block-slt-subtitle\">Handwerk entdecken und erleben<\/h2>\n\n\n\n<p class=\"wp-block-slt-intro\">Von 15. bis 25. April 2026 wird die Salzburger Altstadt erneut zur lebendigen Werkstatt: Bei HAND.WERK.STADT. \u00f6ffnen zahlreiche Betriebe ihre T\u00fcren und geben Einblicke in ihr Schaffen.<\/p>\n\n\n\n<h2 class=\"wp-block-heading\" id=\"h-10-tage-90-veranstaltungen-50-partnerbetriebe\">10 Tage \u2013 90 Veranstaltungen \u2013 50 Partnerbetriebe<\/h2>\n\n\n\n<p>Ob traditionsreiche Familienbetriebe oder innovative Manufakturen \u2013 nach wie vor pr\u00e4gen Handwerksbetriebe die Altstadt von Salzburg. Vom Uhrmacher \u00fcber Goldschmied und Messermacher bis zum T\u00e4towierer, vom Hutmacher \u00fcber Glasbl\u00e4ser und Geigenbauer bis zur Taschnerin \u2013 die Meisterbetriebe bieten ein vielf\u00e4ltiges Sortiment handgefertigter Produkte sowie exzellente Reparatur- und Serviceleistungen. Ihre Werkst\u00e4tten sind keine musealen Relikte vergangener Zeiten, sondern zeitgem\u00e4\u00dfe Betriebe, gepr\u00e4gt von au\u00dfergew\u00f6hnlichen Pers\u00f6nlichkeiten. Zum bereits elften Mal macht das Kreativfestival <a href=\"https:\/\/salzburg-altstadt.at\/de\/hand-werk-stadt\" target=\"_blank\" rel=\"noreferrer noopener\">Hand.Kopf.Werk<\/a> deren Arbeit erlebbar: mit Workshops zum Mitmachen, F\u00fchrungen, interaktiven Vorf\u00fchrungen und einem abwechslungsreichen Rahmenprogramm. <\/p>\n\n\n\n<p>Das Programm spiegelt die ganze Vielfalt des Handwerks wider. Besucher:innen k\u00f6nnen in Werkst\u00e4tten und Ateliers eintauchen, Handwerker:innen pers\u00f6nlich begegnen und bei vielen Gelegenheiten selbst aktiv werden \u2013 etwa beim Drucken, T\u00f6pfern, Buchbinden oder bei kreativen DIY-Angeboten f\u00fcr Gro\u00df und Klein.<\/p>\n\n\n\n<figure class=\"wp-block-image size-full\"><img loading=\"lazy\" decoding=\"async\" width=\"1920\" height=\"1280\" src=\"https:\/\/www.salzburgerland.com\/de\/magazin\/wp-content\/uploads\/2025\/04\/10_cChristian-Jammernegg_Grafische-Werkstatt-im-Traklhaus_A744032_Arbeiten-von-Martin-Gredler.jpg\" alt=\"Kunstarbeitsplatz mit Skizzen, Kupferplatten, Werkzeugen, Gl\u00e4sern und Farbe, von oben gesehen.\" class=\"wp-image-186682\" srcset=\"https:\/\/www.salzburgerland.com\/de\/magazin\/wp-content\/uploads\/2025\/04\/10_cChristian-Jammernegg_Grafische-Werkstatt-im-Traklhaus_A744032_Arbeiten-von-Martin-Gredler.jpg 1920w, https:\/\/www.salzburgerland.com\/de\/magazin\/wp-content\/uploads\/2025\/04\/10_cChristian-Jammernegg_Grafische-Werkstatt-im-Traklhaus_A744032_Arbeiten-von-Martin-Gredler-300x200.jpg 300w, https:\/\/www.salzburgerland.com\/de\/magazin\/wp-content\/uploads\/2025\/04\/10_cChristian-Jammernegg_Grafische-Werkstatt-im-Traklhaus_A744032_Arbeiten-von-Martin-Gredler-1536x1024.jpg 1536w, https:\/\/www.salzburgerland.com\/de\/magazin\/wp-content\/uploads\/2025\/04\/10_cChristian-Jammernegg_Grafische-Werkstatt-im-Traklhaus_A744032_Arbeiten-von-Martin-Gredler-825x550.jpg 825w, https:\/\/www.salzburgerland.com\/de\/magazin\/wp-content\/uploads\/2025\/04\/10_cChristian-Jammernegg_Grafische-Werkstatt-im-Traklhaus_A744032_Arbeiten-von-Martin-Gredler-600x400.jpg 600w, https:\/\/www.salzburgerland.com\/de\/magazin\/wp-content\/uploads\/2025\/04\/10_cChristian-Jammernegg_Grafische-Werkstatt-im-Traklhaus_A744032_Arbeiten-von-Martin-Gredler-1320x880.jpg 1320w, https:\/\/www.salzburgerland.com\/de\/magazin\/wp-content\/uploads\/2025\/04\/10_cChristian-Jammernegg_Grafische-Werkstatt-im-Traklhaus_A744032_Arbeiten-von-Martin-Gredler-150x100.jpg 150w\" sizes=\"auto, (max-width: 1920px) 100vw, 1920px\" \/><figcaption class=\"wp-element-caption\">Grafische Werkstatt im Traklhaus \u00a9Christian Jammernegg<\/figcaption><\/figure>\n\n\n\n<p>Gef\u00fchrte Rundg\u00e4nge und Spezialtouren f\u00fchren hinter die Kulissen traditionsreicher Betriebe ebenso wie in die Restaurierungsdepots bedeutender Institutionen \u2013 darunter das Salzburger Marionettentheater oder die Salzburger Festspiele. Am Programm steht auch ein Baustellenf\u00fchrungen rund um das neue Museumsprojekt Belvedere Salzburg. <br>Ein besonderer Schwerpunkt liegt heuer auf Nachhaltigkeit: Reparatur-Services, Upcycling-Ideen und bewusster Konsum zeigen, wie zeitgem\u00e4\u00df Handwerk heute ist.<\/p>\n\n\n\n<figure class=\"wp-block-image size-full\"><img loading=\"lazy\" decoding=\"async\" width=\"1920\" height=\"1280\" src=\"https:\/\/www.salzburgerland.com\/de\/magazin\/wp-content\/uploads\/2025\/04\/5_cAndreas-Kolarik-HandWerkStadt_Lederwerkstatt_Ch-Roth_B-Baumann3.jpg\" alt=\"Zwei Frauen arbeiten mit bunten Materialien an einem Basteltisch, l\u00e4chelnd in einer gut beleuchteten Werkstatt.\" class=\"wp-image-186681\" srcset=\"https:\/\/www.salzburgerland.com\/de\/magazin\/wp-content\/uploads\/2025\/04\/5_cAndreas-Kolarik-HandWerkStadt_Lederwerkstatt_Ch-Roth_B-Baumann3.jpg 1920w, https:\/\/www.salzburgerland.com\/de\/magazin\/wp-content\/uploads\/2025\/04\/5_cAndreas-Kolarik-HandWerkStadt_Lederwerkstatt_Ch-Roth_B-Baumann3-300x200.jpg 300w, https:\/\/www.salzburgerland.com\/de\/magazin\/wp-content\/uploads\/2025\/04\/5_cAndreas-Kolarik-HandWerkStadt_Lederwerkstatt_Ch-Roth_B-Baumann3-1536x1024.jpg 1536w, https:\/\/www.salzburgerland.com\/de\/magazin\/wp-content\/uploads\/2025\/04\/5_cAndreas-Kolarik-HandWerkStadt_Lederwerkstatt_Ch-Roth_B-Baumann3-825x550.jpg 825w, https:\/\/www.salzburgerland.com\/de\/magazin\/wp-content\/uploads\/2025\/04\/5_cAndreas-Kolarik-HandWerkStadt_Lederwerkstatt_Ch-Roth_B-Baumann3-600x400.jpg 600w, https:\/\/www.salzburgerland.com\/de\/magazin\/wp-content\/uploads\/2025\/04\/5_cAndreas-Kolarik-HandWerkStadt_Lederwerkstatt_Ch-Roth_B-Baumann3-1320x880.jpg 1320w, https:\/\/www.salzburgerland.com\/de\/magazin\/wp-content\/uploads\/2025\/04\/5_cAndreas-Kolarik-HandWerkStadt_Lederwerkstatt_Ch-Roth_B-Baumann3-150x100.jpg 150w\" sizes=\"auto, (max-width: 1920px) 100vw, 1920px\" \/><figcaption class=\"wp-element-caption\">Lederwerkstatt Ch.Roth_B-Baumann \u00a9Andreas Kolarik<\/figcaption><\/figure>\n\n\n\n<h2 class=\"wp-block-heading\">Kreativ, interaktiv, \u00fcberraschend<\/h2>\n\n\n\n<p>Im neuen Kreativzentrum SCHAU.RAUM.STADT. wird t\u00e4glich gewerkt und ausprobiert \u2013 von Textildruck \u00fcber Keramik bis hin zu individuellen Accessoires. Erg\u00e4nzt wird das Programm durch au\u00dfergew\u00f6hnliche Formate wie Poetry Slam, Pub-Quiz oder Krimi-Dinner.<\/p>\n\n\n\n<p>Neu sind die \u201eAfter-Werk\u201c-Abende am 16. und 23. April: Ausgew\u00e4hlte Betriebe laden bis 21 Uhr dazu ein, Handwerk auch nach Feierabend zu erleben \u2013 entspannt, inspirierend und oft mit besonderen Programmpunkten.<\/p>\n\n\n\n<p>Ob beim Blick \u00fcber die Schulter von Goldschmied:innen, beim Gespr\u00e4ch mit Ma\u00dfschneider:innen oder beim eigenen kreativen Ausprobieren \u2013 HAND.WERK.STADT. macht die Altstadt zehn Tage lang zu einem Ort voller Ideen, Begegnungen und echter Handwerkskunst.<\/p>\n\n\n\n<p>Einen \u00dcberblick \u00fcber alle Events findet ihr unter <a href=\"https:\/\/salzburg-altstadt.at\/de\/hand-werk-stadt\" target=\"_blank\" rel=\"noreferrer noopener\">www.salzburg-altstadt.at.<\/a><\/p>\n\n\n<div class=\"mag-gallery\"><div class=\"row\"><div class=\"col-6 col-sm-4\"><figure><a class=\"thumb-container\" href=\"https:\/\/www.salzburgerland.com\/de\/magazin\/wp-content\/uploads\/2025\/04\/1_cAndreas-Kolarik_Kaiviertel_Hand_Werk_Stadt_52-1280x1024.jpg\">\t<picture><source media=\"(min-width: 576px)\" srcset=\"https:\/\/www.salzburgerland.com\/de\/magazin\/wp-content\/uploads\/2025\/04\/1_cAndreas-Kolarik_Kaiviertel_Hand_Werk_Stadt_52-325x209.jpg 325w, https:\/\/www.salzburgerland.com\/de\/magazin\/wp-content\/uploads\/2025\/04\/1_cAndreas-Kolarik_Kaiviertel_Hand_Werk_Stadt_52-249x160.jpg 249w\"><\/source><source media=\"(min-width: 0)\" srcset=\"https:\/\/www.salzburgerland.com\/de\/magazin\/wp-content\/uploads\/2025\/04\/1_cAndreas-Kolarik_Kaiviertel_Hand_Werk_Stadt_52-249x160.jpg 249w, https:\/\/www.salzburgerland.com\/de\/magazin\/wp-content\/uploads\/2025\/04\/1_cAndreas-Kolarik_Kaiviertel_Hand_Werk_Stadt_52-325x209.jpg 325w\"><\/source><img decoding=\"async\" alt='Lila Banner mit der Aufschrift \"handwerkstatt\" auf Deutsch, mit Geb&auml;uden und einer Gruppe von Menschen im Hintergrund.' src=\"https:\/\/www.salzburgerland.com\/de\/magazin\/wp-content\/uploads\/2025\/04\/1_cAndreas-Kolarik_Kaiviertel_Hand_Werk_Stadt_52.jpg\">\t<\/picture><figcaption>Hand.Werk.Stadt &copy;Andreas Kolarik<\/figcaption><\/a><\/figure><\/div><div class=\"col-6 col-sm-4\"><figure><a class=\"thumb-container\" href=\"https:\/\/www.salzburgerland.com\/de\/magazin\/wp-content\/uploads\/2025\/04\/3_cChristian-Leopold_HWS-2025_Leon-Freiberger_LF-Hats-46-1280x1024.jpg\">\t<picture><source media=\"(min-width: 576px)\" srcset=\"https:\/\/www.salzburgerland.com\/de\/magazin\/wp-content\/uploads\/2025\/04\/3_cChristian-Leopold_HWS-2025_Leon-Freiberger_LF-Hats-46-325x209.jpg 325w, https:\/\/www.salzburgerland.com\/de\/magazin\/wp-content\/uploads\/2025\/04\/3_cChristian-Leopold_HWS-2025_Leon-Freiberger_LF-Hats-46-249x160.jpg 249w\"><\/source><source media=\"(min-width: 0)\" srcset=\"https:\/\/www.salzburgerland.com\/de\/magazin\/wp-content\/uploads\/2025\/04\/3_cChristian-Leopold_HWS-2025_Leon-Freiberger_LF-Hats-46-249x160.jpg 249w, https:\/\/www.salzburgerland.com\/de\/magazin\/wp-content\/uploads\/2025\/04\/3_cChristian-Leopold_HWS-2025_Leon-Freiberger_LF-Hats-46-325x209.jpg 325w\"><\/source><img decoding=\"async\" alt=\"Ein Mann mit T&auml;towierungen formt einen Hut an einer &uuml;berf&uuml;llten Werkbank in einer Handwerkerwerkstatt.\" src=\"https:\/\/www.salzburgerland.com\/de\/magazin\/wp-content\/uploads\/2025\/04\/3_cChristian-Leopold_HWS-2025_Leon-Freiberger_LF-Hats-46-scaled.jpg\">\t<\/picture><figcaption>Leon Freiberger_LF Hats &copy;Christian Leopold<\/figcaption><\/a><\/figure><\/div><div class=\"col-6 col-sm-4\"><figure><a class=\"thumb-container\" href=\"https:\/\/www.salzburgerland.com\/de\/magazin\/wp-content\/uploads\/2025\/04\/2_cAndreas-Kolarik_HWS_Schliesselberger_13-1280x1024.jpg\">\t<picture><source media=\"(min-width: 576px)\" srcset=\"https:\/\/www.salzburgerland.com\/de\/magazin\/wp-content\/uploads\/2025\/04\/2_cAndreas-Kolarik_HWS_Schliesselberger_13-325x209.jpg 325w, https:\/\/www.salzburgerland.com\/de\/magazin\/wp-content\/uploads\/2025\/04\/2_cAndreas-Kolarik_HWS_Schliesselberger_13-249x160.jpg 249w\"><\/source><source media=\"(min-width: 0)\" srcset=\"https:\/\/www.salzburgerland.com\/de\/magazin\/wp-content\/uploads\/2025\/04\/2_cAndreas-Kolarik_HWS_Schliesselberger_13-249x160.jpg 249w, https:\/\/www.salzburgerland.com\/de\/magazin\/wp-content\/uploads\/2025\/04\/2_cAndreas-Kolarik_HWS_Schliesselberger_13-325x209.jpg 325w\"><\/source><img decoding=\"async\" alt=\"Ein Mann schneidet in einer Werkstatt mit einem gro&szlig;en Werkzeug Leder zu, l&auml;chelnd, unter einem Schild mit der Aufschrift G&uuml;rtlemacher.\" src=\"https:\/\/www.salzburgerland.com\/de\/magazin\/wp-content\/uploads\/2025\/04\/2_cAndreas-Kolarik_HWS_Schliesselberger_13.jpg\">\t<\/picture><figcaption>Schliesselberger &copy;Andreas Kolarik<\/figcaption><\/a><\/figure><\/div><\/div><figcaption><\/figcaption><\/div>\n\n\n\n<p><\/p>\n","protected":false},"excerpt":{"rendered":"<p>10 Tage \u2013 90 Veranstaltungen \u2013 50 Partnerbetriebe Ob traditionsreiche Familienbetriebe oder innovative Manufakturen \u2013 nach wie vor pr\u00e4gen Handwerksbetriebe die Altstadt von Salzburg. Vom Uhrmacher \u00fcber Goldschmied und Messermacher bis zum T\u00e4towierer, vom Hutmacher \u00fcber Glasbl\u00e4ser und Geigenbauer bis zur Taschnerin \u2013 die Meisterbetriebe bieten ein vielf\u00e4ltiges Sortiment handgefertigter Produkte sowie exzellente Reparatur- und [&hellip;]<\/p>\n","protected":false},"author":90,"featured_media":182061,"comment_status":"open","ping_status":"open","sticky":false,"template":"","format":"standard","meta":{"_acf_changed":false,"wl_entities_gutenberg":"","_wl_entity_redirect_enabled":"","footnotes":""},"categories":[7],"tags":[],"wl_entity_type":[306],"monatsauswahl":[86],"class_list":["post-83191","post","type-post","status-publish","format-standard","has-post-thumbnail","hentry","category-lifestyle","wl_entity_type-article","monatsauswahl-monat_5"],"acf":[],"yoast_head":"<!-- This site is optimized with the Yoast SEO Premium plugin v27.4 (Yoast SEO v27.4) - https:\/\/yoast.com\/product\/yoast-seo-premium-wordpress\/ -->\n<title>Hand.Werk.Stadt - SalzburgerLand Magazin<\/title>\n<meta name=\"description\" content=\"Von 15. bis 25. April 2026 wird die Salzburger Altstadt erneut zur lebendigen Werkstatt: Bei HAND.WERK.STADT. \u00f6ffnen zahlreiche Betriebe ihre T\u00fcren und geben Einblicke in ihr Schaffen.\" \/>\n<meta name=\"robots\" content=\"index, follow, max-snippet:-1, max-image-preview:large, max-video-preview:-1\" \/>\n<link rel=\"canonical\" href=\"https:\/\/www.salzburgerland.com\/de\/magazin\/hand-kopf-werk-das-handwerksfestival-in-der-altstadt\/\" \/>\n<meta property=\"og:locale\" content=\"de_DE\" \/>\n<meta property=\"og:type\" content=\"article\" \/>\n<meta property=\"og:title\" content=\"Hand.Werk.Stadt\" \/>\n<meta property=\"og:description\" content=\"10 Tage \u2013 90 Veranstaltungen \u2013 50 Partnerbetriebe Ob traditionsreiche Familienbetriebe oder innovative Manufakturen \u2013 nach wie vor pr\u00e4gen Handwerksbetriebe die Altstadt von Salzburg. Vom Uhrmacher \u00fcber Goldschmied und Messermacher bis zum T\u00e4towierer, vom Hutmacher \u00fcber Glasbl\u00e4ser und Geigenbauer bis zur Taschnerin \u2013 die Meisterbetriebe bieten ein vielf\u00e4ltiges Sortiment handgefertigter Produkte sowie exzellente Reparatur- und [&hellip;]\" \/>\n<meta property=\"og:url\" content=\"https:\/\/www.salzburgerland.com\/de\/magazin\/hand-kopf-werk-das-handwerksfestival-in-der-altstadt\/\" \/>\n<meta property=\"og:site_name\" content=\"SalzburgerLand Magazin\" \/>\n<meta property=\"article:publisher\" content=\"https:\/\/www.facebook.com\/salzburgerland\/\" \/>\n<meta property=\"article:published_time\" content=\"2026-03-30T05:00:00+00:00\" \/>\n<meta property=\"article:modified_time\" content=\"2026-03-30T12:49:28+00:00\" \/>\n<meta property=\"og:image\" content=\"https:\/\/www.salzburgerland.com\/de\/magazin\/wp-content\/uploads\/2021\/10\/cChristian-Leopold_HWS2025_Albert-Gilli-Uhrmacher-32.jpg\" \/>\n\t<meta property=\"og:image:width\" content=\"1920\" \/>\n\t<meta property=\"og:image:height\" content=\"1280\" \/>\n\t<meta property=\"og:image:type\" content=\"image\/jpeg\" \/>\n<meta name=\"author\" content=\"Ulli Hammerl\" \/>\n<meta name=\"twitter:card\" content=\"summary_large_image\" \/>\n<meta name=\"twitter:creator\" content=\"@Salzburgerland\" \/>\n<meta name=\"twitter:site\" content=\"@Salzburgerland\" \/>\n<meta name=\"twitter:label1\" content=\"Verfasst von\" \/>\n\t<meta name=\"twitter:data1\" content=\"Ulli Hammerl\" \/>\n\t<meta name=\"twitter:label2\" content=\"Gesch\u00e4tzte Lesezeit\" \/>\n\t<meta name=\"twitter:data2\" content=\"4\u00a0Minuten\" \/>\n<script type=\"application\/ld+json\" class=\"yoast-schema-graph\">{\"@context\":\"https:\\\/\\\/schema.org\",\"@graph\":[{\"@type\":\"Article\",\"@id\":\"https:\\\/\\\/www.salzburgerland.com\\\/de\\\/magazin\\\/hand-kopf-werk-das-handwerksfestival-in-der-altstadt\\\/#article\",\"isPartOf\":{\"@id\":\"https:\\\/\\\/www.salzburgerland.com\\\/de\\\/magazin\\\/hand-kopf-werk-das-handwerksfestival-in-der-altstadt\\\/\"},\"author\":{\"name\":\"Ulli Hammerl\",\"@id\":\"https:\\\/\\\/www.salzburgerland.com\\\/de\\\/magazin\\\/#\\\/schema\\\/person\\\/a55a4fee1009b9e458d298480a18a9f7\"},\"headline\":\"Hand.Werk.Stadt\",\"datePublished\":\"2026-03-30T05:00:00+00:00\",\"dateModified\":\"2026-03-30T12:49:28+00:00\",\"mainEntityOfPage\":{\"@id\":\"https:\\\/\\\/www.salzburgerland.com\\\/de\\\/magazin\\\/hand-kopf-werk-das-handwerksfestival-in-der-altstadt\\\/\"},\"wordCount\":385,\"commentCount\":0,\"publisher\":{\"@id\":\"https:\\\/\\\/www.salzburgerland.com\\\/de\\\/magazin\\\/#organization\"},\"image\":{\"@id\":\"https:\\\/\\\/www.salzburgerland.com\\\/de\\\/magazin\\\/hand-kopf-werk-das-handwerksfestival-in-der-altstadt\\\/#primaryimage\"},\"thumbnailUrl\":\"https:\\\/\\\/www.salzburgerland.com\\\/de\\\/magazin\\\/wp-content\\\/uploads\\\/2021\\\/10\\\/cChristian-Leopold_HWS2025_Albert-Gilli-Uhrmacher-32.jpg\",\"articleSection\":[\"Lifestyle\"],\"inLanguage\":\"de\",\"potentialAction\":[{\"@type\":\"CommentAction\",\"name\":\"Comment\",\"target\":[\"https:\\\/\\\/www.salzburgerland.com\\\/de\\\/magazin\\\/hand-kopf-werk-das-handwerksfestival-in-der-altstadt\\\/#respond\"]}]},{\"@type\":\"WebPage\",\"@id\":\"https:\\\/\\\/www.salzburgerland.com\\\/de\\\/magazin\\\/hand-kopf-werk-das-handwerksfestival-in-der-altstadt\\\/\",\"url\":\"https:\\\/\\\/www.salzburgerland.com\\\/de\\\/magazin\\\/hand-kopf-werk-das-handwerksfestival-in-der-altstadt\\\/\",\"name\":\"Hand.Werk.Stadt - SalzburgerLand Magazin\",\"isPartOf\":{\"@id\":\"https:\\\/\\\/www.salzburgerland.com\\\/de\\\/magazin\\\/#website\"},\"primaryImageOfPage\":{\"@id\":\"https:\\\/\\\/www.salzburgerland.com\\\/de\\\/magazin\\\/hand-kopf-werk-das-handwerksfestival-in-der-altstadt\\\/#primaryimage\"},\"image\":{\"@id\":\"https:\\\/\\\/www.salzburgerland.com\\\/de\\\/magazin\\\/hand-kopf-werk-das-handwerksfestival-in-der-altstadt\\\/#primaryimage\"},\"thumbnailUrl\":\"https:\\\/\\\/www.salzburgerland.com\\\/de\\\/magazin\\\/wp-content\\\/uploads\\\/2021\\\/10\\\/cChristian-Leopold_HWS2025_Albert-Gilli-Uhrmacher-32.jpg\",\"datePublished\":\"2026-03-30T05:00:00+00:00\",\"dateModified\":\"2026-03-30T12:49:28+00:00\",\"breadcrumb\":{\"@id\":\"https:\\\/\\\/www.salzburgerland.com\\\/de\\\/magazin\\\/hand-kopf-werk-das-handwerksfestival-in-der-altstadt\\\/#breadcrumb\"},\"inLanguage\":\"de\",\"potentialAction\":[{\"@type\":\"ReadAction\",\"target\":[\"https:\\\/\\\/www.salzburgerland.com\\\/de\\\/magazin\\\/hand-kopf-werk-das-handwerksfestival-in-der-altstadt\\\/\"]}]},{\"@type\":\"ImageObject\",\"inLanguage\":\"de\",\"@id\":\"https:\\\/\\\/www.salzburgerland.com\\\/de\\\/magazin\\\/hand-kopf-werk-das-handwerksfestival-in-der-altstadt\\\/#primaryimage\",\"url\":\"https:\\\/\\\/www.salzburgerland.com\\\/de\\\/magazin\\\/wp-content\\\/uploads\\\/2021\\\/10\\\/cChristian-Leopold_HWS2025_Albert-Gilli-Uhrmacher-32.jpg\",\"contentUrl\":\"https:\\\/\\\/www.salzburgerland.com\\\/de\\\/magazin\\\/wp-content\\\/uploads\\\/2021\\\/10\\\/cChristian-Leopold_HWS2025_Albert-Gilli-Uhrmacher-32.jpg\",\"width\":1920,\"height\":1280,\"caption\":\"HAND.WERK.STADT. 2025 in Salzburg M\u00fclln Foto: Neumayr\\\/Christian Leopold 03.04.2025\"},{\"@type\":\"BreadcrumbList\",\"@id\":\"https:\\\/\\\/www.salzburgerland.com\\\/de\\\/magazin\\\/hand-kopf-werk-das-handwerksfestival-in-der-altstadt\\\/#breadcrumb\",\"itemListElement\":[{\"@type\":\"ListItem\",\"position\":1,\"name\":\"Startseite\",\"item\":\"https:\\\/\\\/www.salzburgerland.com\\\/de\\\/magazin\\\/\"},{\"@type\":\"ListItem\",\"position\":2,\"name\":\"Lifestyle\",\"item\":\"https:\\\/\\\/www.salzburgerland.com\\\/de\\\/magazin\\\/thema\\\/lifestyle\\\/\"},{\"@type\":\"ListItem\",\"position\":3,\"name\":\"Hand.Werk.Stadt\"}]},{\"@type\":\"WebSite\",\"@id\":\"https:\\\/\\\/www.salzburgerland.com\\\/de\\\/magazin\\\/#website\",\"url\":\"https:\\\/\\\/www.salzburgerland.com\\\/de\\\/magazin\\\/\",\"name\":\"SalzburgerLand Magazin\",\"description\":\"Geschichten und Interessantes aus dem SalzburgerLand\",\"publisher\":{\"@id\":\"https:\\\/\\\/www.salzburgerland.com\\\/de\\\/magazin\\\/#organization\"},\"potentialAction\":[{\"@type\":\"SearchAction\",\"target\":{\"@type\":\"EntryPoint\",\"urlTemplate\":\"https:\\\/\\\/www.salzburgerland.com\\\/de\\\/magazin\\\/?s={search_term_string}\"},\"query-input\":{\"@type\":\"PropertyValueSpecification\",\"valueRequired\":true,\"valueName\":\"search_term_string\"}}],\"inLanguage\":\"de\"},{\"@type\":\"Organization\",\"@id\":\"https:\\\/\\\/www.salzburgerland.com\\\/de\\\/magazin\\\/#organization\",\"name\":\"SalzburgerLand Tourismus\",\"url\":\"https:\\\/\\\/www.salzburgerland.com\\\/de\\\/magazin\\\/\",\"logo\":{\"@type\":\"ImageObject\",\"inLanguage\":\"de\",\"@id\":\"https:\\\/\\\/www.salzburgerland.com\\\/de\\\/magazin\\\/#\\\/schema\\\/logo\\\/image\\\/\",\"url\":\"https:\\\/\\\/www.salzburgerland.com\\\/de\\\/magazin\\\/wp-content\\\/uploads\\\/2019\\\/06\\\/salzburgerland-logo1.jpg\",\"contentUrl\":\"https:\\\/\\\/www.salzburgerland.com\\\/de\\\/magazin\\\/wp-content\\\/uploads\\\/2019\\\/06\\\/salzburgerland-logo1.jpg\",\"width\":2011,\"height\":866,\"caption\":\"SalzburgerLand Tourismus\"},\"image\":{\"@id\":\"https:\\\/\\\/www.salzburgerland.com\\\/de\\\/magazin\\\/#\\\/schema\\\/logo\\\/image\\\/\"},\"sameAs\":[\"https:\\\/\\\/www.facebook.com\\\/salzburgerland\\\/\",\"https:\\\/\\\/x.com\\\/Salzburgerland\",\"https:\\\/\\\/www.instagram.com\\\/salzburgerland\\\/\",\"https:\\\/\\\/at.linkedin.com\\\/company\\\/salzburgerland-tourismus-gmbh\",\"https:\\\/\\\/www.pinterest.at\\\/salzburgerland\\\/\",\"https:\\\/\\\/www.youtube.com\\\/user\\\/salzburgerland\",\"https:\\\/\\\/de.wikipedia.org\\\/wiki\\\/SalzburgerLand_Tourismus_GmbH\"]},{\"@type\":\"Person\",\"@id\":\"https:\\\/\\\/www.salzburgerland.com\\\/de\\\/magazin\\\/#\\\/schema\\\/person\\\/a55a4fee1009b9e458d298480a18a9f7\",\"name\":\"Ulli Hammerl\",\"description\":\"Geboren und aufgewachsen in der Stadt Salzburg war Ulli Hammerl fr\u00fch bewusst, in einer der sch\u00f6nsten St\u00e4dte der Welt zu leben. So ist sie auch w\u00e4hrend ihres Studiums der Kommunikationswissenschaft und \u00d6kologie ihrer Heimatstadt treu geblieben. Gleich nach dem Studium ist sie zu SalzburgerLand Tourismus (SLTG) gegangen und hat hier von 1998 - 2004 u.a. die SalzburgerLand Card betreut. Dabei ist sie viel herumgekommen, wodurch auch die Liebe zum SalzburgerLand enstanden und gewachsen ist. Nach der Geburt ihrer Tochter im September 2004 hat sich Ulli Hammerl 2007 mit einer Agentur selbst\u00e4ndig gemacht. Mein pers\u00f6nlicher Logenplatz: Hoch \u00fcber Salzburg, abseits der stark begangenen Wege mit Blick auf die D\u00e4cher und Kircht\u00fcrme der Stadt \u2013 hier geht mir das Herz auf! Morgen- oder Abendmensch: Ganz klar: Morgenmensch. Wenn um 5.00 Uhr fr\u00fch die V\u00f6gel zwitschern und rund herum noch alles in tiefer Ruhe versinkt, dann ist meine Zeit. Ausgeschlafen, Energie geladen und voller Tatendrang starte ich am liebsten in den fr\u00fchen Morgenstunden in den Tag. Daf\u00fcr kann man nach 21.00 Uhr nicht mehr mit mir rechnen. Buch oder Film: Es gibt nichts Sch\u00f6neres, als es sich am Ende des Tages auf der Couch gem\u00fctlich zu machen und in die Gedankenwelt eines guten Buches einzutauchen \u2013 Lesen ist Abenteuer im Kopf. Wandern, Spazierengehen oder Laufen: alles drei und zwar am besten jeden Tag. Mit ein bisschen Zeiteinteilung geht es sich tats\u00e4chlich fast gehen Tag aus, drau\u00dfen unterwegs zu sein. Fr\u00fchling, Sommer, Herbst oder Winter: Ich kann es im Fr\u00fchling kaum erwarten, die ersten Gr\u00fcnschattierungen in der Natur zu entdecken. Ich liebe hei\u00dfe Sommertage am See und laue Sommerabende am Balkon. Ich mag es, wenn im Herbst die W\u00e4lder in einem Meer aus Farben erstrahlen, Laubrascheln und Kastanien sammeln. Und ich freue mich wie ein Kind, wenn im Dezember die ersten Schneeflocken vom Himmel schweben. Die vier Jahreszeiten sind etwas Wunderbares.\",\"url\":\"https:\\\/\\\/www.salzburgerland.com\\\/de\\\/magazin\\\/author\\\/ulli-hammerl\\\/\"}]}<\/script>\n<!-- \/ Yoast SEO Premium plugin. -->","yoast_head_json":{"title":"Hand.Werk.Stadt - SalzburgerLand Magazin","description":"Von 15. bis 25. April 2026 wird die Salzburger Altstadt erneut zur lebendigen Werkstatt: Bei HAND.WERK.STADT. \u00f6ffnen zahlreiche Betriebe ihre T\u00fcren und geben Einblicke in ihr Schaffen.","robots":{"index":"index","follow":"follow","max-snippet":"max-snippet:-1","max-image-preview":"max-image-preview:large","max-video-preview":"max-video-preview:-1"},"canonical":"https:\/\/www.salzburgerland.com\/de\/magazin\/hand-kopf-werk-das-handwerksfestival-in-der-altstadt\/","og_locale":"de_DE","og_type":"article","og_title":"Hand.Werk.Stadt","og_description":"10 Tage \u2013 90 Veranstaltungen \u2013 50 Partnerbetriebe Ob traditionsreiche Familienbetriebe oder innovative Manufakturen \u2013 nach wie vor pr\u00e4gen Handwerksbetriebe die Altstadt von Salzburg. Vom Uhrmacher \u00fcber Goldschmied und Messermacher bis zum T\u00e4towierer, vom Hutmacher \u00fcber Glasbl\u00e4ser und Geigenbauer bis zur Taschnerin \u2013 die Meisterbetriebe bieten ein vielf\u00e4ltiges Sortiment handgefertigter Produkte sowie exzellente Reparatur- und [&hellip;]","og_url":"https:\/\/www.salzburgerland.com\/de\/magazin\/hand-kopf-werk-das-handwerksfestival-in-der-altstadt\/","og_site_name":"SalzburgerLand Magazin","article_publisher":"https:\/\/www.facebook.com\/salzburgerland\/","article_published_time":"2026-03-30T05:00:00+00:00","article_modified_time":"2026-03-30T12:49:28+00:00","og_image":[{"width":1920,"height":1280,"url":"https:\/\/www.salzburgerland.com\/de\/magazin\/wp-content\/uploads\/2021\/10\/cChristian-Leopold_HWS2025_Albert-Gilli-Uhrmacher-32.jpg","type":"image\/jpeg"}],"author":"Ulli Hammerl","twitter_card":"summary_large_image","twitter_creator":"@Salzburgerland","twitter_site":"@Salzburgerland","twitter_misc":{"Verfasst von":"Ulli Hammerl","Gesch\u00e4tzte Lesezeit":"4\u00a0Minuten"},"schema":{"@context":"https:\/\/schema.org","@graph":[{"@type":"Article","@id":"https:\/\/www.salzburgerland.com\/de\/magazin\/hand-kopf-werk-das-handwerksfestival-in-der-altstadt\/#article","isPartOf":{"@id":"https:\/\/www.salzburgerland.com\/de\/magazin\/hand-kopf-werk-das-handwerksfestival-in-der-altstadt\/"},"author":{"name":"Ulli Hammerl","@id":"https:\/\/www.salzburgerland.com\/de\/magazin\/#\/schema\/person\/a55a4fee1009b9e458d298480a18a9f7"},"headline":"Hand.Werk.Stadt","datePublished":"2026-03-30T05:00:00+00:00","dateModified":"2026-03-30T12:49:28+00:00","mainEntityOfPage":{"@id":"https:\/\/www.salzburgerland.com\/de\/magazin\/hand-kopf-werk-das-handwerksfestival-in-der-altstadt\/"},"wordCount":385,"commentCount":0,"publisher":{"@id":"https:\/\/www.salzburgerland.com\/de\/magazin\/#organization"},"image":{"@id":"https:\/\/www.salzburgerland.com\/de\/magazin\/hand-kopf-werk-das-handwerksfestival-in-der-altstadt\/#primaryimage"},"thumbnailUrl":"https:\/\/www.salzburgerland.com\/de\/magazin\/wp-content\/uploads\/2021\/10\/cChristian-Leopold_HWS2025_Albert-Gilli-Uhrmacher-32.jpg","articleSection":["Lifestyle"],"inLanguage":"de","potentialAction":[{"@type":"CommentAction","name":"Comment","target":["https:\/\/www.salzburgerland.com\/de\/magazin\/hand-kopf-werk-das-handwerksfestival-in-der-altstadt\/#respond"]}]},{"@type":"WebPage","@id":"https:\/\/www.salzburgerland.com\/de\/magazin\/hand-kopf-werk-das-handwerksfestival-in-der-altstadt\/","url":"https:\/\/www.salzburgerland.com\/de\/magazin\/hand-kopf-werk-das-handwerksfestival-in-der-altstadt\/","name":"Hand.Werk.Stadt - SalzburgerLand Magazin","isPartOf":{"@id":"https:\/\/www.salzburgerland.com\/de\/magazin\/#website"},"primaryImageOfPage":{"@id":"https:\/\/www.salzburgerland.com\/de\/magazin\/hand-kopf-werk-das-handwerksfestival-in-der-altstadt\/#primaryimage"},"image":{"@id":"https:\/\/www.salzburgerland.com\/de\/magazin\/hand-kopf-werk-das-handwerksfestival-in-der-altstadt\/#primaryimage"},"thumbnailUrl":"https:\/\/www.salzburgerland.com\/de\/magazin\/wp-content\/uploads\/2021\/10\/cChristian-Leopold_HWS2025_Albert-Gilli-Uhrmacher-32.jpg","datePublished":"2026-03-30T05:00:00+00:00","dateModified":"2026-03-30T12:49:28+00:00","breadcrumb":{"@id":"https:\/\/www.salzburgerland.com\/de\/magazin\/hand-kopf-werk-das-handwerksfestival-in-der-altstadt\/#breadcrumb"},"inLanguage":"de","potentialAction":[{"@type":"ReadAction","target":["https:\/\/www.salzburgerland.com\/de\/magazin\/hand-kopf-werk-das-handwerksfestival-in-der-altstadt\/"]}]},{"@type":"ImageObject","inLanguage":"de","@id":"https:\/\/www.salzburgerland.com\/de\/magazin\/hand-kopf-werk-das-handwerksfestival-in-der-altstadt\/#primaryimage","url":"https:\/\/www.salzburgerland.com\/de\/magazin\/wp-content\/uploads\/2021\/10\/cChristian-Leopold_HWS2025_Albert-Gilli-Uhrmacher-32.jpg","contentUrl":"https:\/\/www.salzburgerland.com\/de\/magazin\/wp-content\/uploads\/2021\/10\/cChristian-Leopold_HWS2025_Albert-Gilli-Uhrmacher-32.jpg","width":1920,"height":1280,"caption":"HAND.WERK.STADT. 2025 in Salzburg M\u00fclln Foto: Neumayr\/Christian Leopold 03.04.2025"},{"@type":"BreadcrumbList","@id":"https:\/\/www.salzburgerland.com\/de\/magazin\/hand-kopf-werk-das-handwerksfestival-in-der-altstadt\/#breadcrumb","itemListElement":[{"@type":"ListItem","position":1,"name":"Startseite","item":"https:\/\/www.salzburgerland.com\/de\/magazin\/"},{"@type":"ListItem","position":2,"name":"Lifestyle","item":"https:\/\/www.salzburgerland.com\/de\/magazin\/thema\/lifestyle\/"},{"@type":"ListItem","position":3,"name":"Hand.Werk.Stadt"}]},{"@type":"WebSite","@id":"https:\/\/www.salzburgerland.com\/de\/magazin\/#website","url":"https:\/\/www.salzburgerland.com\/de\/magazin\/","name":"SalzburgerLand Magazin","description":"Geschichten und Interessantes aus dem SalzburgerLand","publisher":{"@id":"https:\/\/www.salzburgerland.com\/de\/magazin\/#organization"},"potentialAction":[{"@type":"SearchAction","target":{"@type":"EntryPoint","urlTemplate":"https:\/\/www.salzburgerland.com\/de\/magazin\/?s={search_term_string}"},"query-input":{"@type":"PropertyValueSpecification","valueRequired":true,"valueName":"search_term_string"}}],"inLanguage":"de"},{"@type":"Organization","@id":"https:\/\/www.salzburgerland.com\/de\/magazin\/#organization","name":"SalzburgerLand Tourismus","url":"https:\/\/www.salzburgerland.com\/de\/magazin\/","logo":{"@type":"ImageObject","inLanguage":"de","@id":"https:\/\/www.salzburgerland.com\/de\/magazin\/#\/schema\/logo\/image\/","url":"https:\/\/www.salzburgerland.com\/de\/magazin\/wp-content\/uploads\/2019\/06\/salzburgerland-logo1.jpg","contentUrl":"https:\/\/www.salzburgerland.com\/de\/magazin\/wp-content\/uploads\/2019\/06\/salzburgerland-logo1.jpg","width":2011,"height":866,"caption":"SalzburgerLand Tourismus"},"image":{"@id":"https:\/\/www.salzburgerland.com\/de\/magazin\/#\/schema\/logo\/image\/"},"sameAs":["https:\/\/www.facebook.com\/salzburgerland\/","https:\/\/x.com\/Salzburgerland","https:\/\/www.instagram.com\/salzburgerland\/","https:\/\/at.linkedin.com\/company\/salzburgerland-tourismus-gmbh","https:\/\/www.pinterest.at\/salzburgerland\/","https:\/\/www.youtube.com\/user\/salzburgerland","https:\/\/de.wikipedia.org\/wiki\/SalzburgerLand_Tourismus_GmbH"]},{"@type":"Person","@id":"https:\/\/www.salzburgerland.com\/de\/magazin\/#\/schema\/person\/a55a4fee1009b9e458d298480a18a9f7","name":"Ulli Hammerl","description":"Geboren und aufgewachsen in der Stadt Salzburg war Ulli Hammerl fr\u00fch bewusst, in einer der sch\u00f6nsten St\u00e4dte der Welt zu leben. So ist sie auch w\u00e4hrend ihres Studiums der Kommunikationswissenschaft und \u00d6kologie ihrer Heimatstadt treu geblieben. Gleich nach dem Studium ist sie zu SalzburgerLand Tourismus (SLTG) gegangen und hat hier von 1998 - 2004 u.a. die SalzburgerLand Card betreut. Dabei ist sie viel herumgekommen, wodurch auch die Liebe zum SalzburgerLand enstanden und gewachsen ist. Nach der Geburt ihrer Tochter im September 2004 hat sich Ulli Hammerl 2007 mit einer Agentur selbst\u00e4ndig gemacht. Mein pers\u00f6nlicher Logenplatz: Hoch \u00fcber Salzburg, abseits der stark begangenen Wege mit Blick auf die D\u00e4cher und Kircht\u00fcrme der Stadt \u2013 hier geht mir das Herz auf! Morgen- oder Abendmensch: Ganz klar: Morgenmensch. Wenn um 5.00 Uhr fr\u00fch die V\u00f6gel zwitschern und rund herum noch alles in tiefer Ruhe versinkt, dann ist meine Zeit. Ausgeschlafen, Energie geladen und voller Tatendrang starte ich am liebsten in den fr\u00fchen Morgenstunden in den Tag. Daf\u00fcr kann man nach 21.00 Uhr nicht mehr mit mir rechnen. Buch oder Film: Es gibt nichts Sch\u00f6neres, als es sich am Ende des Tages auf der Couch gem\u00fctlich zu machen und in die Gedankenwelt eines guten Buches einzutauchen \u2013 Lesen ist Abenteuer im Kopf. Wandern, Spazierengehen oder Laufen: alles drei und zwar am besten jeden Tag. Mit ein bisschen Zeiteinteilung geht es sich tats\u00e4chlich fast gehen Tag aus, drau\u00dfen unterwegs zu sein. Fr\u00fchling, Sommer, Herbst oder Winter: Ich kann es im Fr\u00fchling kaum erwarten, die ersten Gr\u00fcnschattierungen in der Natur zu entdecken. Ich liebe hei\u00dfe Sommertage am See und laue Sommerabende am Balkon. Ich mag es, wenn im Herbst die W\u00e4lder in einem Meer aus Farben erstrahlen, Laubrascheln und Kastanien sammeln. Und ich freue mich wie ein Kind, wenn im Dezember die ersten Schneeflocken vom Himmel schweben. Die vier Jahreszeiten sind etwas Wunderbares.","url":"https:\/\/www.salzburgerland.com\/de\/magazin\/author\/ulli-hammerl\/"}]}},"_wl_alt_label":[],"wl:entity_url":"http:\/\/open.salzburgerland.com\/magazin\/post\/designfestival_hand-kopf-werk","_links":{"self":[{"href":"https:\/\/www.salzburgerland.com\/de\/magazin\/wp-json\/wp\/v2\/posts\/83191","targetHints":{"allow":["GET"]}}],"collection":[{"href":"https:\/\/www.salzburgerland.com\/de\/magazin\/wp-json\/wp\/v2\/posts"}],"about":[{"href":"https:\/\/www.salzburgerland.com\/de\/magazin\/wp-json\/wp\/v2\/types\/post"}],"author":[{"embeddable":true,"href":"https:\/\/www.salzburgerland.com\/de\/magazin\/wp-json\/wp\/v2\/users\/90"}],"replies":[{"embeddable":true,"href":"https:\/\/www.salzburgerland.com\/de\/magazin\/wp-json\/wp\/v2\/comments?post=83191"}],"version-history":[{"count":8,"href":"https:\/\/www.salzburgerland.com\/de\/magazin\/wp-json\/wp\/v2\/posts\/83191\/revisions"}],"predecessor-version":[{"id":186684,"href":"https:\/\/www.salzburgerland.com\/de\/magazin\/wp-json\/wp\/v2\/posts\/83191\/revisions\/186684"}],"wp:featuredmedia":[{"embeddable":true,"href":"https:\/\/www.salzburgerland.com\/de\/magazin\/wp-json\/wp\/v2\/media\/182061"}],"wp:attachment":[{"href":"https:\/\/www.salzburgerland.com\/de\/magazin\/wp-json\/wp\/v2\/media?parent=83191"}],"wp:term":[{"taxonomy":"category","embeddable":true,"href":"https:\/\/www.salzburgerland.com\/de\/magazin\/wp-json\/wp\/v2\/categories?post=83191"},{"taxonomy":"post_tag","embeddable":true,"href":"https:\/\/www.salzburgerland.com\/de\/magazin\/wp-json\/wp\/v2\/tags?post=83191"},{"taxonomy":"wl_entity_type","embeddable":true,"href":"https:\/\/www.salzburgerland.com\/de\/magazin\/wp-json\/wp\/v2\/wl_entity_type?post=83191"},{"taxonomy":"monatsauswahl","embeddable":true,"href":"https:\/\/www.salzburgerland.com\/de\/magazin\/wp-json\/wp\/v2\/monatsauswahl?post=83191"}],"curies":[{"name":"wp","href":"https:\/\/api.w.org\/{rel}","templated":true}]}}