{"id":76426,"date":"2021-11-08T08:00:00","date_gmt":"2021-11-08T07:00:00","guid":{"rendered":"http:\/\/magazin.salzburgerland.com\/?p=76426"},"modified":"2025-10-24T08:59:21","modified_gmt":"2025-10-24T06:59:21","slug":"heimatliche-weihnachtsstimmung-in-st-wolfgang","status":"publish","type":"post","link":"https:\/\/www.salzburgerland.com\/de\/magazin\/heimatliche-weihnachtsstimmung-in-st-wolfgang\/","title":{"rendered":"Heimatliche Weihnachtsstimmung in St. Wolfgang"},"content":{"rendered":"\n<h2 class=\"wp-block-slt-subtitle\">\u201eAdvent wie damals\u201c in St. Gilgen, Strobl und St. Wolfgang<\/h2>\n\n\n\n<p class=\"wp-block-slt-intro\">Traditionelle Kl\u00e4nge, authentische und hochwertige Produkte in den Adventh\u00fctten und eine stimmungsvolle Atmosph\u00e4re ohne Kitsch. Wer Advent sucht, wie er fr\u00fcher einmal war, ist beim Wolfgangseer Advent richtig, denn hier hat das Brauchtum Hochsaison.<\/p>\n\n\n\n<p>Die Hektik des Alltags weicht der besinnlichen Vorfreude auf Weihnachten. Beim <a href=\"https:\/\/www.wolfgangseer-advent.at\" target=\"_blank\" rel=\"noreferrer noopener\">Wolfgangseer Advent<\/a> scheint die Zeit stillzustehen. Schon bei der Anfahrt sieht man die gro\u00dfe schwimmende Kerze im See vor St. Wolfgang als Wegweiser. Bei n\u00e4herem Betrachten fallen auch die funkelnden Schw\u00e4ne und Sterne ins Auge. Gro\u00dfe Tore bilden den Eingang zu den Weihnachtsm\u00e4rkten in St. Gilgen, Strobl und St. Wolfgang. Leise Zithermusik oder traditionelle Bl\u00e4sergruppen sorgen f\u00fcr eine warme, gem\u00fctliche Stimmung. Es ist Advent am Wolfgangsee.<\/p>\n\n\n<div class=\"mag-gallery\"><div class=\"row\"><div class=\"col-6 col-sm-4\"><figure><a class=\"thumb-container\" href=\"https:\/\/www.salzburgerland.com\/de\/magazin\/wp-content\/uploads\/2023\/11\/Strobl-Wolfgangseer-Advent-02-edited-1-1280x1024.jpg\">\t<picture><source media=\"(min-width: 576px)\" srcset=\"https:\/\/www.salzburgerland.com\/de\/magazin\/wp-content\/uploads\/2023\/11\/Strobl-Wolfgangseer-Advent-02-edited-1-418x650.jpg 418w, https:\/\/www.salzburgerland.com\/de\/magazin\/wp-content\/uploads\/2023\/11\/Strobl-Wolfgangseer-Advent-02-edited-1-209x325.jpg 209w\"><\/source><source media=\"(min-width: 0)\" srcset=\"https:\/\/www.salzburgerland.com\/de\/magazin\/wp-content\/uploads\/2023\/11\/Strobl-Wolfgangseer-Advent-02-edited-1-209x325.jpg 209w, https:\/\/www.salzburgerland.com\/de\/magazin\/wp-content\/uploads\/2023\/11\/Strobl-Wolfgangseer-Advent-02-edited-1-418x650.jpg 418w\"><\/source><img decoding=\"async\" alt=\"Wolfgangseer Advent\" src=\"https:\/\/www.salzburgerland.com\/de\/magazin\/wp-content\/uploads\/2023\/11\/Strobl-Wolfgangseer-Advent-02-edited-1.jpg\">\t<\/picture><figcaption>Verschneites Strobl <\/figcaption><\/a><\/figure><\/div><div class=\"col-6 col-sm-4\"><figure><a class=\"thumb-container\" href=\"https:\/\/www.salzburgerland.com\/de\/magazin\/wp-content\/uploads\/2023\/11\/St.-Gilgen-Wolfgangseer-Advent-02-edited-1-1280x1024.jpg\">\t<picture><source media=\"(min-width: 576px)\" srcset=\"https:\/\/www.salzburgerland.com\/de\/magazin\/wp-content\/uploads\/2023\/11\/St.-Gilgen-Wolfgangseer-Advent-02-edited-1-418x650.jpg 418w, https:\/\/www.salzburgerland.com\/de\/magazin\/wp-content\/uploads\/2023\/11\/St.-Gilgen-Wolfgangseer-Advent-02-edited-1-209x325.jpg 209w\"><\/source><source media=\"(min-width: 0)\" srcset=\"https:\/\/www.salzburgerland.com\/de\/magazin\/wp-content\/uploads\/2023\/11\/St.-Gilgen-Wolfgangseer-Advent-02-edited-1-209x325.jpg 209w, https:\/\/www.salzburgerland.com\/de\/magazin\/wp-content\/uploads\/2023\/11\/St.-Gilgen-Wolfgangseer-Advent-02-edited-1-418x650.jpg 418w\"><\/source><img decoding=\"async\" alt=\"Weihnachtliches St. Gilgen&copy; WTG\" src=\"https:\/\/www.salzburgerland.com\/de\/magazin\/wp-content\/uploads\/2023\/11\/St.-Gilgen-Wolfgangseer-Advent-02-edited-1.jpg\">\t<\/picture><figcaption>Weihnachtliches St. Gilgen <\/figcaption><\/a><\/figure><\/div><div class=\"col-6 col-sm-4\"><figure><a class=\"thumb-container\" href=\"https:\/\/www.salzburgerland.com\/de\/magazin\/wp-content\/uploads\/2013\/12\/h30kXIII013-1280x1024.jpg\">\t<picture><source media=\"(min-width: 576px)\" srcset=\"\"><\/source><source media=\"(min-width: 0)\" srcset=\"\"><\/source><img decoding=\"async\" alt=\"Zwei gro&szlig;e Schwanenskulpturen mit wei&szlig;en Lichtern am Seeufer zum Wolfgangseer Advent, dahinter die Berge.\" src=\"https:\/\/www.salzburgerland.com\/de\/magazin\/wp-content\/uploads\/2013\/12\/h30kXIII013-scaled.jpg\">\t<\/picture><figcaption>Schw&auml;ne in St. Gilgen  <\/figcaption><\/a><\/figure><\/div><\/div><figcaption>&copy; Wolfgangsee Tourismus<\/figcaption><\/div>\n\n\n\n<figure class=\"wp-block-image size-full\"><img loading=\"lazy\" decoding=\"async\" width=\"2000\" height=\"1333\" src=\"https:\/\/www.salzburgerland.com\/de\/magazin\/wp-content\/uploads\/2013\/12\/St-Wolfgang_Adventmarkt2\u00a9Oberoesterreich-Tourismus-GmbH_Robert-Maybach.jpg\" alt=\"Wolfgangseer Advent\" class=\"wp-image-158185\" srcset=\"https:\/\/www.salzburgerland.com\/de\/magazin\/wp-content\/uploads\/2013\/12\/St-Wolfgang_Adventmarkt2\u00a9Oberoesterreich-Tourismus-GmbH_Robert-Maybach.jpg 2000w, https:\/\/www.salzburgerland.com\/de\/magazin\/wp-content\/uploads\/2013\/12\/St-Wolfgang_Adventmarkt2\u00a9Oberoesterreich-Tourismus-GmbH_Robert-Maybach-300x200.jpg 300w, https:\/\/www.salzburgerland.com\/de\/magazin\/wp-content\/uploads\/2013\/12\/St-Wolfgang_Adventmarkt2\u00a9Oberoesterreich-Tourismus-GmbH_Robert-Maybach-1536x1024.jpg 1536w, https:\/\/www.salzburgerland.com\/de\/magazin\/wp-content\/uploads\/2013\/12\/St-Wolfgang_Adventmarkt2\u00a9Oberoesterreich-Tourismus-GmbH_Robert-Maybach-825x550.jpg 825w, https:\/\/www.salzburgerland.com\/de\/magazin\/wp-content\/uploads\/2013\/12\/St-Wolfgang_Adventmarkt2\u00a9Oberoesterreich-Tourismus-GmbH_Robert-Maybach-600x400.jpg 600w, https:\/\/www.salzburgerland.com\/de\/magazin\/wp-content\/uploads\/2013\/12\/St-Wolfgang_Adventmarkt2\u00a9Oberoesterreich-Tourismus-GmbH_Robert-Maybach-1320x880.jpg 1320w, https:\/\/www.salzburgerland.com\/de\/magazin\/wp-content\/uploads\/2013\/12\/St-Wolfgang_Adventmarkt2\u00a9Oberoesterreich-Tourismus-GmbH_Robert-Maybach-150x100.jpg 150w\" sizes=\"auto, (max-width: 2000px) 100vw, 2000px\" \/><figcaption class=\"wp-element-caption\">\u00a9 Wolfgangsee Tourismus, Stadler &#8211; St. Wolfgang im Advent <\/figcaption><\/figure>\n\n\n\n<h2 class=\"wp-block-heading\" id=\"h-authentizitat-am-wolfgangseer-advent\">Authentizit\u00e4t am Wolfgangseer Advent<\/h2>\n\n\n\n<p>Die weihnachtlichen Marktst\u00e4nde bieten Kunsthandwerk, Christbaumschmuck und Geschenke f\u00fcr Weihnachten. Das Besondere daran ist, dass man hier am Wolfgangsee gro\u00dfen Wert auf heimische Produkte legt und auf Kitsch zur G\u00e4nze verzichtet \u2013 dazu verpflichten sich alle Standbetreiber. So macht der weihnachtliche Einkaufsbummel besonders viel Spa\u00df. Ein Advent wie damals, der alle Sinne ber\u00fchrt. Denn beim Spaziergang durch die stimmungsvoll geschm\u00fcckten Orte am Wolfgangsee wird man von verf\u00fchrerischen Ger\u00fcchen geleitet. Zimt, Nelken, Maroni und frischer Lebkuchen locken die G\u00e4ste von Stand zu Stand, wo sie mit Punsch, Gl\u00fchwein und ausgesuchten Salzkammergut-Schmankerln verw\u00f6hnt werden.<\/p>\n\n\n<div class=\"mag-gallery\"><div class=\"row\"><div class=\"col-6 col-sm-4\"><figure><a class=\"thumb-container\" href=\"https:\/\/www.salzburgerland.com\/de\/magazin\/wp-content\/uploads\/2013\/12\/St.-Gilgen-Wolfgangseer-Advent-01-1280x1024.jpg\">\t<picture><source media=\"(min-width: 576px)\" srcset=\"https:\/\/www.salzburgerland.com\/de\/magazin\/wp-content\/uploads\/2013\/12\/St.-Gilgen-Wolfgangseer-Advent-01-325x209.jpg 325w, https:\/\/www.salzburgerland.com\/de\/magazin\/wp-content\/uploads\/2013\/12\/St.-Gilgen-Wolfgangseer-Advent-01-249x160.jpg 249w\"><\/source><source media=\"(min-width: 0)\" srcset=\"https:\/\/www.salzburgerland.com\/de\/magazin\/wp-content\/uploads\/2013\/12\/St.-Gilgen-Wolfgangseer-Advent-01-249x160.jpg 249w, https:\/\/www.salzburgerland.com\/de\/magazin\/wp-content\/uploads\/2013\/12\/St.-Gilgen-Wolfgangseer-Advent-01-325x209.jpg 325w\"><\/source><img decoding=\"async\" alt=\"Wolfgangseer Advent\" src=\"https:\/\/www.salzburgerland.com\/de\/magazin\/wp-content\/uploads\/2013\/12\/St.-Gilgen-Wolfgangseer-Advent-01.jpg\">\t<\/picture><\/a><\/figure><\/div><div class=\"col-6 col-sm-4\"><figure><a class=\"thumb-container\" href=\"https:\/\/www.salzburgerland.com\/de\/magazin\/wp-content\/uploads\/2013\/12\/Strobl-Wolfgangseer-Advent-01-1280x1024.jpg\">\t<picture><source media=\"(min-width: 576px)\" srcset=\"https:\/\/www.salzburgerland.com\/de\/magazin\/wp-content\/uploads\/2013\/12\/Strobl-Wolfgangseer-Advent-01-325x209.jpg 325w, https:\/\/www.salzburgerland.com\/de\/magazin\/wp-content\/uploads\/2013\/12\/Strobl-Wolfgangseer-Advent-01-249x160.jpg 249w\"><\/source><source media=\"(min-width: 0)\" srcset=\"https:\/\/www.salzburgerland.com\/de\/magazin\/wp-content\/uploads\/2013\/12\/Strobl-Wolfgangseer-Advent-01-249x160.jpg 249w, https:\/\/www.salzburgerland.com\/de\/magazin\/wp-content\/uploads\/2013\/12\/Strobl-Wolfgangseer-Advent-01-325x209.jpg 325w\"><\/source><img decoding=\"async\" alt=\"Wolfgangseer Advent\" src=\"https:\/\/www.salzburgerland.com\/de\/magazin\/wp-content\/uploads\/2013\/12\/Strobl-Wolfgangseer-Advent-01.jpg\">\t<\/picture><\/a><\/figure><\/div><div class=\"col-6 col-sm-4\"><figure><a class=\"thumb-container\" href=\"https:\/\/www.salzburgerland.com\/de\/magazin\/wp-content\/uploads\/2013\/12\/St-Wolfgang-Strobl-Wolfgangseer-Advent-01-1280x1024.jpg\">\t<picture><source media=\"(min-width: 576px)\" srcset=\"https:\/\/www.salzburgerland.com\/de\/magazin\/wp-content\/uploads\/2013\/12\/St-Wolfgang-Strobl-Wolfgangseer-Advent-01-325x209.jpg 325w, https:\/\/www.salzburgerland.com\/de\/magazin\/wp-content\/uploads\/2013\/12\/St-Wolfgang-Strobl-Wolfgangseer-Advent-01-249x160.jpg 249w\"><\/source><source media=\"(min-width: 0)\" srcset=\"https:\/\/www.salzburgerland.com\/de\/magazin\/wp-content\/uploads\/2013\/12\/St-Wolfgang-Strobl-Wolfgangseer-Advent-01-249x160.jpg 249w, https:\/\/www.salzburgerland.com\/de\/magazin\/wp-content\/uploads\/2013\/12\/St-Wolfgang-Strobl-Wolfgangseer-Advent-01-325x209.jpg 325w\"><\/source><img decoding=\"async\" alt=\"Ein winterlich gekleidetes Paar bewundert eine Schneekugel am festlichen Wolfgangseer Adventmarkt.\" src=\"https:\/\/www.salzburgerland.com\/de\/magazin\/wp-content\/uploads\/2013\/12\/St-Wolfgang-Strobl-Wolfgangseer-Advent-01.jpg\">\t<\/picture><\/a><\/figure><\/div><\/div><figcaption> &copy; Wolfgangsee Tourismus <\/figcaption><\/div>\n\n\n\n<h2 class=\"wp-block-heading\">Mit dem Schiff \u00fcber den weihnachtlichen Wolfgangsee<\/h2>\n\n\n\n<p>Ein au\u00dfergew\u00f6hnliches Erlebnis ist es, wenn man den Wolfgangseer Advent vom See aus erlebt. In regelm\u00e4\u00dfigen Abst\u00e4nden werden G\u00e4ste zwischen St. Gilgen, St. Wolfgang und Strobl mit den Schiffen der <a href=\"https:\/\/www.salzburg-bahnen.at\/de\/wolfgangseeschifffahrt.html\" target=\"_blank\" rel=\"noreferrer noopener\">WolfgangseeSchifffahrt<\/a> bef\u00f6rdert und k\u00f6nnen so ganz bequem die einzelnen Adventd\u00f6rfer besuchen.<\/p>\n\n\n<div class=\"mag-gallery\"><div class=\"row\"><div class=\"col-6 col-sm-4\"><figure><a class=\"thumb-container\" href=\"https:\/\/www.salzburgerland.com\/de\/magazin\/wp-content\/uploads\/2023\/11\/h30kXIII005-scaled-edited-1280x1024.jpg\">\t<picture><source media=\"(min-width: 576px)\" srcset=\"https:\/\/www.salzburgerland.com\/de\/magazin\/wp-content\/uploads\/2023\/11\/h30kXIII005-scaled-edited-418x650.jpg 418w, https:\/\/www.salzburgerland.com\/de\/magazin\/wp-content\/uploads\/2023\/11\/h30kXIII005-scaled-edited-209x325.jpg 209w\"><\/source><source media=\"(min-width: 0)\" srcset=\"https:\/\/www.salzburgerland.com\/de\/magazin\/wp-content\/uploads\/2023\/11\/h30kXIII005-scaled-edited-209x325.jpg 209w, https:\/\/www.salzburgerland.com\/de\/magazin\/wp-content\/uploads\/2023\/11\/h30kXIII005-scaled-edited-418x650.jpg 418w\"><\/source><img decoding=\"async\" alt=\"Eine schwimmende, beleuchtete B&uuml;hne auf einem See mit einem Boot und nebligen Bergen beim Wolfgangseer Advent.\" src=\"https:\/\/www.salzburgerland.com\/de\/magazin\/wp-content\/uploads\/2023\/11\/h30kXIII005-scaled-edited.jpg\">\t<\/picture><figcaption>Das Symbol f&uuml;r den Wolfgangseer Advent ist die Kerze.  <\/figcaption><\/a><\/figure><\/div><div class=\"col-6 col-sm-4\"><figure><a class=\"thumb-container\" href=\"https:\/\/www.salzburgerland.com\/de\/magazin\/wp-content\/uploads\/2023\/11\/h30kXIII008-scaled-edited-1-1280x1024.jpg\">\t<picture><source media=\"(min-width: 576px)\" srcset=\"https:\/\/www.salzburgerland.com\/de\/magazin\/wp-content\/uploads\/2023\/11\/h30kXIII008-scaled-edited-1-418x650.jpg 418w, https:\/\/www.salzburgerland.com\/de\/magazin\/wp-content\/uploads\/2023\/11\/h30kXIII008-scaled-edited-1-209x325.jpg 209w\"><\/source><source media=\"(min-width: 0)\" srcset=\"https:\/\/www.salzburgerland.com\/de\/magazin\/wp-content\/uploads\/2023\/11\/h30kXIII008-scaled-edited-1-209x325.jpg 209w, https:\/\/www.salzburgerland.com\/de\/magazin\/wp-content\/uploads\/2023\/11\/h30kXIII008-scaled-edited-1-418x650.jpg 418w\"><\/source><img decoding=\"async\" alt=\"\" src=\"https:\/\/www.salzburgerland.com\/de\/magazin\/wp-content\/uploads\/2023\/11\/h30kXIII008-scaled-edited-1.jpg\">\t<\/picture><figcaption>Mit dem Boot von Ort zu Ort<\/figcaption><\/a><\/figure><\/div><div class=\"col-6 col-sm-4\"><figure><a class=\"thumb-container\" href=\"https:\/\/www.salzburgerland.com\/de\/magazin\/wp-content\/uploads\/2023\/11\/h30kXIII019-scaled-edited-1-1280x1024.jpg\">\t<picture><source media=\"(min-width: 576px)\" srcset=\"https:\/\/www.salzburgerland.com\/de\/magazin\/wp-content\/uploads\/2023\/11\/h30kXIII019-scaled-edited-1-418x650.jpg 418w, https:\/\/www.salzburgerland.com\/de\/magazin\/wp-content\/uploads\/2023\/11\/h30kXIII019-scaled-edited-1-209x325.jpg 209w\"><\/source><source media=\"(min-width: 0)\" srcset=\"https:\/\/www.salzburgerland.com\/de\/magazin\/wp-content\/uploads\/2023\/11\/h30kXIII019-scaled-edited-1-209x325.jpg 209w, https:\/\/www.salzburgerland.com\/de\/magazin\/wp-content\/uploads\/2023\/11\/h30kXIII019-scaled-edited-1-418x650.jpg 418w\"><\/source><img decoding=\"async\" alt=\"\" src=\"https:\/\/www.salzburgerland.com\/de\/magazin\/wp-content\/uploads\/2023\/11\/h30kXIII019-scaled-edited-1.jpg\">\t<\/picture><figcaption>Schwimmende Kerze<\/figcaption><\/a><\/figure><\/div><\/div><figcaption>&copy; Wolfgangsee Tourismus<\/figcaption><\/div>\n\n\n\n<h2 class=\"wp-block-heading\" id=\"h-echte-handwerkskunst-beim-wolfgangseer-advent\">Echte Handwerkskunst beim Wolfgangseer Advent<\/h2>\n\n\n\n<p>Viele Handwerker stellen ihre Kunst auf dem Wolfgangseer Advent zur Schau. Kunstvoll gefertigte Strohsterne, gedrechselte Sch\u00fcsseln, Kunstwerke aus Schwemmholz oder originale Holzlaternen und T\u00f6pferware \u2013 das Angebot an Kunsthandwerk ist vielf\u00e4ltig. Auf der gro\u00dfen Handwerksausstellung im Michael-Pacher-Haus in St. Wolfgang wechseln sich die K\u00fcnstler ab. Es lohnt sich also, den Wolfgangseer Advent \u00f6fter zu besuchen.<\/p>\n\n\n\n<figure class=\"wp-block-image size-full\"><img loading=\"lazy\" decoding=\"async\" width=\"2000\" height=\"1334\" src=\"https:\/\/www.salzburgerland.com\/de\/magazin\/wp-content\/uploads\/2013\/12\/Wolfgangseer-Advent-01.jpg\" alt=\"Wolfgangseer Advent Handwerker\" class=\"wp-image-158181\" srcset=\"https:\/\/www.salzburgerland.com\/de\/magazin\/wp-content\/uploads\/2013\/12\/Wolfgangseer-Advent-01.jpg 2000w, https:\/\/www.salzburgerland.com\/de\/magazin\/wp-content\/uploads\/2013\/12\/Wolfgangseer-Advent-01-300x200.jpg 300w, https:\/\/www.salzburgerland.com\/de\/magazin\/wp-content\/uploads\/2013\/12\/Wolfgangseer-Advent-01-1536x1025.jpg 1536w, https:\/\/www.salzburgerland.com\/de\/magazin\/wp-content\/uploads\/2013\/12\/Wolfgangseer-Advent-01-825x550.jpg 825w, https:\/\/www.salzburgerland.com\/de\/magazin\/wp-content\/uploads\/2013\/12\/Wolfgangseer-Advent-01-600x400.jpg 600w, https:\/\/www.salzburgerland.com\/de\/magazin\/wp-content\/uploads\/2013\/12\/Wolfgangseer-Advent-01-1320x880.jpg 1320w, https:\/\/www.salzburgerland.com\/de\/magazin\/wp-content\/uploads\/2013\/12\/Wolfgangseer-Advent-01-150x100.jpg 150w\" sizes=\"auto, (max-width: 2000px) 100vw, 2000px\" \/><figcaption class=\"wp-element-caption\">\u00a9 Wolfgangsee Tourismus, Stadler &#8211; Hufschmied <\/figcaption><\/figure>\n\n\n\n<h2 class=\"wp-block-heading\" id=\"h-kripperlroas-am-wolfgangsee\">Kripperlroas am Wolfgangsee<\/h2>\n\n\n\n<p>Im Salzkammergut hat das Krippenbauen eine lange Tradition. Die kunstvoll hergestellten Krippen erfreuen das Auge der Betrachter mit liebevollen Details und lassen die unz\u00e4hligen Arbeitsstunden nur erahnen. Da ist die Freude gro\u00df, wenn die kunstvollen Werke zur Weihnachtszeit beim Wolfgangseer Advent der \u00d6ffentlichkeit pr\u00e4sentiert werden k\u00f6nnen. Krippen mit lebensgro\u00dfen Figuren und kleine historische Weihnachtskrippen locken zur &#8222;Kripperlroas&#8220; um den Wolfgangsee.<\/p>\n\n\n\n<figure class=\"wp-block-image size-full\"><img loading=\"lazy\" decoding=\"async\" width=\"2000\" height=\"1333\" src=\"https:\/\/www.salzburgerland.com\/de\/magazin\/wp-content\/uploads\/2013\/12\/Wolfgangseer-Advent-by-Zoltan.jpg\" alt=\"Kripperl \" class=\"wp-image-158182\" srcset=\"https:\/\/www.salzburgerland.com\/de\/magazin\/wp-content\/uploads\/2013\/12\/Wolfgangseer-Advent-by-Zoltan.jpg 2000w, https:\/\/www.salzburgerland.com\/de\/magazin\/wp-content\/uploads\/2013\/12\/Wolfgangseer-Advent-by-Zoltan-300x200.jpg 300w, https:\/\/www.salzburgerland.com\/de\/magazin\/wp-content\/uploads\/2013\/12\/Wolfgangseer-Advent-by-Zoltan-1536x1024.jpg 1536w, https:\/\/www.salzburgerland.com\/de\/magazin\/wp-content\/uploads\/2013\/12\/Wolfgangseer-Advent-by-Zoltan-825x550.jpg 825w, https:\/\/www.salzburgerland.com\/de\/magazin\/wp-content\/uploads\/2013\/12\/Wolfgangseer-Advent-by-Zoltan-600x400.jpg 600w, https:\/\/www.salzburgerland.com\/de\/magazin\/wp-content\/uploads\/2013\/12\/Wolfgangseer-Advent-by-Zoltan-1320x880.jpg 1320w, https:\/\/www.salzburgerland.com\/de\/magazin\/wp-content\/uploads\/2013\/12\/Wolfgangseer-Advent-by-Zoltan-150x100.jpg 150w\" sizes=\"auto, (max-width: 2000px) 100vw, 2000px\" \/><figcaption class=\"wp-element-caption\">\u00a9 Wolfgangsee Tourismus, Stefan Zoltan &#8211; Lebensgro\u00dfe Krippe<\/figcaption><\/figure>\n\n\n<div class=\"mag-gallery\"><div class=\"row\"><div class=\"col-6 col-sm-4\"><figure><a class=\"thumb-container\" href=\"https:\/\/www.salzburgerland.com\/de\/magazin\/wp-content\/uploads\/2013\/12\/h30kXIII038-1280x1024.jpg\">\t<picture><source media=\"(min-width: 576px)\" srcset=\"https:\/\/www.salzburgerland.com\/de\/magazin\/wp-content\/uploads\/2013\/12\/h30kXIII038-325x209.jpg 325w, https:\/\/www.salzburgerland.com\/de\/magazin\/wp-content\/uploads\/2013\/12\/h30kXIII038-249x160.jpg 249w\"><\/source><source media=\"(min-width: 0)\" srcset=\"https:\/\/www.salzburgerland.com\/de\/magazin\/wp-content\/uploads\/2013\/12\/h30kXIII038-249x160.jpg 249w, https:\/\/www.salzburgerland.com\/de\/magazin\/wp-content\/uploads\/2013\/12\/h30kXIII038-325x209.jpg 325w\"><\/source><img decoding=\"async\" alt=\"Holzfiguren von Menschen in Winterkleidung bei Nacht, beleuchtet von Scheinwerfern f&uuml;r den Wolfgangseer Advent.\" src=\"https:\/\/www.salzburgerland.com\/de\/magazin\/wp-content\/uploads\/2013\/12\/h30kXIII038-scaled.jpg\">\t<\/picture><figcaption>Lebensgro&szlig;e Figuren s&auml;umen den Weg<\/figcaption><\/a><\/figure><\/div><div class=\"col-6 col-sm-4\"><figure><a class=\"thumb-container\" href=\"https:\/\/www.salzburgerland.com\/de\/magazin\/wp-content\/uploads\/2013\/12\/h30kXIII051-1280x1024.jpg\">\t<picture><source media=\"(min-width: 576px)\" srcset=\"https:\/\/www.salzburgerland.com\/de\/magazin\/wp-content\/uploads\/2013\/12\/h30kXIII051-325x209.jpg 325w, https:\/\/www.salzburgerland.com\/de\/magazin\/wp-content\/uploads\/2013\/12\/h30kXIII051-249x160.jpg 249w\"><\/source><source media=\"(min-width: 0)\" srcset=\"https:\/\/www.salzburgerland.com\/de\/magazin\/wp-content\/uploads\/2013\/12\/h30kXIII051-249x160.jpg 249w, https:\/\/www.salzburgerland.com\/de\/magazin\/wp-content\/uploads\/2013\/12\/h30kXIII051-325x209.jpg 325w\"><\/source><img decoding=\"async\" alt=\"Geschnitzte Holzkrippenfiguren auf einem roten Tuch, die im Zauber der Wolfgangseer Adventslichter erstrahlen.\" src=\"https:\/\/www.salzburgerland.com\/de\/magazin\/wp-content\/uploads\/2013\/12\/h30kXIII051-scaled.jpg\">\t<\/picture><figcaption>Traditionelle Krippe<\/figcaption><\/a><\/figure><\/div><div class=\"col-6 col-sm-4\"><figure><a class=\"thumb-container\" href=\"https:\/\/www.salzburgerland.com\/de\/magazin\/wp-content\/uploads\/2013\/12\/Strobl-komet-Wolfgangseer-Advent-05-1280x1024.jpg\">\t<picture><source media=\"(min-width: 576px)\" srcset=\"https:\/\/www.salzburgerland.com\/de\/magazin\/wp-content\/uploads\/2013\/12\/Strobl-komet-Wolfgangseer-Advent-05-325x209.jpg 325w, https:\/\/www.salzburgerland.com\/de\/magazin\/wp-content\/uploads\/2013\/12\/Strobl-komet-Wolfgangseer-Advent-05-249x160.jpg 249w\"><\/source><source media=\"(min-width: 0)\" srcset=\"https:\/\/www.salzburgerland.com\/de\/magazin\/wp-content\/uploads\/2013\/12\/Strobl-komet-Wolfgangseer-Advent-05-249x160.jpg 249w, https:\/\/www.salzburgerland.com\/de\/magazin\/wp-content\/uploads\/2013\/12\/Strobl-komet-Wolfgangseer-Advent-05-325x209.jpg 325w\"><\/source><img decoding=\"async\" alt=\"Komet in Strobl &copy; WTG, Alexander Savel\" src=\"https:\/\/www.salzburgerland.com\/de\/magazin\/wp-content\/uploads\/2013\/12\/Strobl-komet-Wolfgangseer-Advent-05.jpg\">\t<\/picture><figcaption>Komet in Strobl <\/figcaption><\/a><\/figure><\/div><\/div><figcaption> &copy; Wolfgangsee Tourismus <\/figcaption><\/div>\n\n\n\n<h2 class=\"wp-block-heading\" id=\"h-offnungszeiten-des-wolfgangseer-advents\">\u00d6ffnungszeiten des Wolfgangseer Advents<\/h2>\n\n\n\n<p>Von 21. November bis 21. Dezember 2025 \u00f6ffnet der Wolfgangseer Advent seine Tore. <\/p>\n\n\n","protected":false},"excerpt":{"rendered":"<p>Die Hektik des Alltags weicht der besinnlichen Vorfreude auf Weihnachten. Beim Wolfgangseer Advent scheint die Zeit stillzustehen. Schon bei der Anfahrt sieht man die gro\u00dfe schwimmende Kerze im See vor St. Wolfgang als Wegweiser. Bei n\u00e4herem Betrachten fallen auch die funkelnden Schw\u00e4ne und Sterne ins Auge. Gro\u00dfe Tore bilden den Eingang zu den Weihnachtsm\u00e4rkten in [&hellip;]<\/p>\n","protected":false},"author":565,"featured_media":158183,"comment_status":"open","ping_status":"open","sticky":false,"template":"","format":"standard","meta":{"_acf_changed":false,"wl_entities_gutenberg":"","_wl_entity_redirect_enabled":"","footnotes":""},"categories":[9],"tags":[7226,2535,2532,7227,6211,5980,7225,2533],"wl_entity_type":[306],"monatsauswahl":[92,93],"class_list":["post-76426","post","type-post","status-publish","format-standard","has-post-thumbnail","hentry","category-sehenswurdig","tag-christkindlmarkt","tag-salzkammergut","tag-st-gilgen","tag-st-wolfgang","tag-strobl","tag-weihnachten","tag-weihnachtsmarkt","tag-wolfgangsee","wl_entity_type-article","monatsauswahl-monat_11","monatsauswahl-monat_12"],"acf":[],"yoast_head":"<!-- This site is optimized with the Yoast SEO Premium plugin v27.4 (Yoast SEO v27.4) - https:\/\/yoast.com\/product\/yoast-seo-premium-wordpress\/ -->\n<title>Heimatliche Weihnachtsstimmung in St. Wolfgang - SalzburgerLand Magazin<\/title>\n<meta name=\"description\" content=\"Auf dem Wolfgangseer Advent ist heimatliche Weihnachtsstimmung garantiert, denn hier erlebt man Advent, wie es fr\u00fcher einmal war.\" \/>\n<meta name=\"robots\" content=\"index, follow, max-snippet:-1, max-image-preview:large, max-video-preview:-1\" \/>\n<link rel=\"canonical\" href=\"https:\/\/www.salzburgerland.com\/de\/magazin\/heimatliche-weihnachtsstimmung-in-st-wolfgang\/\" \/>\n<meta property=\"og:locale\" content=\"de_DE\" \/>\n<meta property=\"og:type\" content=\"article\" \/>\n<meta property=\"og:title\" content=\"Heimatliche Weihnachtsstimmung in St. Wolfgang\" \/>\n<meta property=\"og:description\" content=\"Auf dem Wolfgangseer Advent ist heimatliche Weihnachtsstimmung garantiert, denn hier erlebt man Advent, wie es fr\u00fcher einmal war.\" \/>\n<meta property=\"og:url\" content=\"https:\/\/www.salzburgerland.com\/de\/magazin\/heimatliche-weihnachtsstimmung-in-st-wolfgang\/\" \/>\n<meta property=\"og:site_name\" content=\"SalzburgerLand Magazin\" \/>\n<meta property=\"article:publisher\" content=\"https:\/\/www.facebook.com\/salzburgerland\/\" \/>\n<meta property=\"article:author\" content=\"https:\/\/www.facebook.com\/urlaubsgeschichten\/\" \/>\n<meta property=\"article:published_time\" content=\"2021-11-08T07:00:00+00:00\" \/>\n<meta property=\"article:modified_time\" content=\"2025-10-24T06:59:21+00:00\" \/>\n<meta property=\"og:image\" content=\"https:\/\/www.salzburgerland.com\/de\/magazin\/wp-content\/uploads\/2013\/12\/Wolfgangseer-Advent-Friedenslicht-Laterne-by-WTG.jpg\" \/>\n\t<meta property=\"og:image:width\" content=\"2000\" \/>\n\t<meta property=\"og:image:height\" content=\"1335\" \/>\n\t<meta property=\"og:image:type\" content=\"image\/jpeg\" \/>\n<meta name=\"author\" content=\"Melanie Deisl\" \/>\n<meta name=\"twitter:card\" content=\"summary_large_image\" \/>\n<meta name=\"twitter:creator\" content=\"@Salzburgerland\" \/>\n<meta name=\"twitter:site\" content=\"@Salzburgerland\" \/>\n<meta name=\"twitter:label1\" content=\"Verfasst von\" \/>\n\t<meta name=\"twitter:data1\" content=\"Melanie Deisl\" \/>\n\t<meta name=\"twitter:label2\" content=\"Gesch\u00e4tzte Lesezeit\" \/>\n\t<meta name=\"twitter:data2\" content=\"6\u00a0Minuten\" \/>\n<script type=\"application\/ld+json\" class=\"yoast-schema-graph\">{\"@context\":\"https:\\\/\\\/schema.org\",\"@graph\":[{\"@type\":\"Article\",\"@id\":\"https:\\\/\\\/www.salzburgerland.com\\\/de\\\/magazin\\\/heimatliche-weihnachtsstimmung-in-st-wolfgang\\\/#article\",\"isPartOf\":{\"@id\":\"https:\\\/\\\/www.salzburgerland.com\\\/de\\\/magazin\\\/heimatliche-weihnachtsstimmung-in-st-wolfgang\\\/\"},\"author\":{\"name\":\"Melanie Deisl\",\"@id\":\"https:\\\/\\\/www.salzburgerland.com\\\/de\\\/magazin\\\/#\\\/schema\\\/person\\\/3d66364225257aad8b700259f8d80a69\"},\"headline\":\"Heimatliche Weihnachtsstimmung in St. Wolfgang\",\"datePublished\":\"2021-11-08T07:00:00+00:00\",\"dateModified\":\"2025-10-24T06:59:21+00:00\",\"mainEntityOfPage\":{\"@id\":\"https:\\\/\\\/www.salzburgerland.com\\\/de\\\/magazin\\\/heimatliche-weihnachtsstimmung-in-st-wolfgang\\\/\"},\"wordCount\":516,\"commentCount\":0,\"publisher\":{\"@id\":\"https:\\\/\\\/www.salzburgerland.com\\\/de\\\/magazin\\\/#organization\"},\"image\":{\"@id\":\"https:\\\/\\\/www.salzburgerland.com\\\/de\\\/magazin\\\/heimatliche-weihnachtsstimmung-in-st-wolfgang\\\/#primaryimage\"},\"thumbnailUrl\":\"https:\\\/\\\/www.salzburgerland.com\\\/de\\\/magazin\\\/wp-content\\\/uploads\\\/2013\\\/12\\\/Wolfgangseer-Advent-Friedenslicht-Laterne-by-WTG.jpg\",\"keywords\":[\"Christkindlmarkt\",\"Salzkammergut\",\"St. Gilgen\",\"St. Wolfgang\",\"Strobl\",\"weihnachten\",\"Weihnachtsmarkt\",\"Wolfgangsee\"],\"articleSection\":[\"Sehensw\u00fcrdig\"],\"inLanguage\":\"de\",\"potentialAction\":[{\"@type\":\"CommentAction\",\"name\":\"Comment\",\"target\":[\"https:\\\/\\\/www.salzburgerland.com\\\/de\\\/magazin\\\/heimatliche-weihnachtsstimmung-in-st-wolfgang\\\/#respond\"]}]},{\"@type\":\"WebPage\",\"@id\":\"https:\\\/\\\/www.salzburgerland.com\\\/de\\\/magazin\\\/heimatliche-weihnachtsstimmung-in-st-wolfgang\\\/\",\"url\":\"https:\\\/\\\/www.salzburgerland.com\\\/de\\\/magazin\\\/heimatliche-weihnachtsstimmung-in-st-wolfgang\\\/\",\"name\":\"Heimatliche Weihnachtsstimmung in St. Wolfgang - SalzburgerLand Magazin\",\"isPartOf\":{\"@id\":\"https:\\\/\\\/www.salzburgerland.com\\\/de\\\/magazin\\\/#website\"},\"primaryImageOfPage\":{\"@id\":\"https:\\\/\\\/www.salzburgerland.com\\\/de\\\/magazin\\\/heimatliche-weihnachtsstimmung-in-st-wolfgang\\\/#primaryimage\"},\"image\":{\"@id\":\"https:\\\/\\\/www.salzburgerland.com\\\/de\\\/magazin\\\/heimatliche-weihnachtsstimmung-in-st-wolfgang\\\/#primaryimage\"},\"thumbnailUrl\":\"https:\\\/\\\/www.salzburgerland.com\\\/de\\\/magazin\\\/wp-content\\\/uploads\\\/2013\\\/12\\\/Wolfgangseer-Advent-Friedenslicht-Laterne-by-WTG.jpg\",\"datePublished\":\"2021-11-08T07:00:00+00:00\",\"dateModified\":\"2025-10-24T06:59:21+00:00\",\"description\":\"Auf dem Wolfgangseer Advent ist heimatliche Weihnachtsstimmung garantiert, denn hier erlebt man Advent, wie es fr\u00fcher einmal war.\",\"breadcrumb\":{\"@id\":\"https:\\\/\\\/www.salzburgerland.com\\\/de\\\/magazin\\\/heimatliche-weihnachtsstimmung-in-st-wolfgang\\\/#breadcrumb\"},\"inLanguage\":\"de\",\"potentialAction\":[{\"@type\":\"ReadAction\",\"target\":[\"https:\\\/\\\/www.salzburgerland.com\\\/de\\\/magazin\\\/heimatliche-weihnachtsstimmung-in-st-wolfgang\\\/\"]}]},{\"@type\":\"ImageObject\",\"inLanguage\":\"de\",\"@id\":\"https:\\\/\\\/www.salzburgerland.com\\\/de\\\/magazin\\\/heimatliche-weihnachtsstimmung-in-st-wolfgang\\\/#primaryimage\",\"url\":\"https:\\\/\\\/www.salzburgerland.com\\\/de\\\/magazin\\\/wp-content\\\/uploads\\\/2013\\\/12\\\/Wolfgangseer-Advent-Friedenslicht-Laterne-by-WTG.jpg\",\"contentUrl\":\"https:\\\/\\\/www.salzburgerland.com\\\/de\\\/magazin\\\/wp-content\\\/uploads\\\/2013\\\/12\\\/Wolfgangseer-Advent-Friedenslicht-Laterne-by-WTG.jpg\",\"width\":2000,\"height\":1335,\"caption\":\"Wolfgangseer Advent \u00a9 WTG by kunstbahr\"},{\"@type\":\"BreadcrumbList\",\"@id\":\"https:\\\/\\\/www.salzburgerland.com\\\/de\\\/magazin\\\/heimatliche-weihnachtsstimmung-in-st-wolfgang\\\/#breadcrumb\",\"itemListElement\":[{\"@type\":\"ListItem\",\"position\":1,\"name\":\"Startseite\",\"item\":\"https:\\\/\\\/www.salzburgerland.com\\\/de\\\/magazin\\\/\"},{\"@type\":\"ListItem\",\"position\":2,\"name\":\"Sehensw\u00fcrdig\",\"item\":\"https:\\\/\\\/www.salzburgerland.com\\\/de\\\/magazin\\\/thema\\\/sehenswurdig\\\/\"},{\"@type\":\"ListItem\",\"position\":3,\"name\":\"Heimatliche Weihnachtsstimmung in St. Wolfgang\"}]},{\"@type\":\"WebSite\",\"@id\":\"https:\\\/\\\/www.salzburgerland.com\\\/de\\\/magazin\\\/#website\",\"url\":\"https:\\\/\\\/www.salzburgerland.com\\\/de\\\/magazin\\\/\",\"name\":\"SalzburgerLand Magazin\",\"description\":\"Geschichten und Interessantes aus dem SalzburgerLand\",\"publisher\":{\"@id\":\"https:\\\/\\\/www.salzburgerland.com\\\/de\\\/magazin\\\/#organization\"},\"potentialAction\":[{\"@type\":\"SearchAction\",\"target\":{\"@type\":\"EntryPoint\",\"urlTemplate\":\"https:\\\/\\\/www.salzburgerland.com\\\/de\\\/magazin\\\/?s={search_term_string}\"},\"query-input\":{\"@type\":\"PropertyValueSpecification\",\"valueRequired\":true,\"valueName\":\"search_term_string\"}}],\"inLanguage\":\"de\"},{\"@type\":\"Organization\",\"@id\":\"https:\\\/\\\/www.salzburgerland.com\\\/de\\\/magazin\\\/#organization\",\"name\":\"SalzburgerLand Tourismus\",\"url\":\"https:\\\/\\\/www.salzburgerland.com\\\/de\\\/magazin\\\/\",\"logo\":{\"@type\":\"ImageObject\",\"inLanguage\":\"de\",\"@id\":\"https:\\\/\\\/www.salzburgerland.com\\\/de\\\/magazin\\\/#\\\/schema\\\/logo\\\/image\\\/\",\"url\":\"https:\\\/\\\/www.salzburgerland.com\\\/de\\\/magazin\\\/wp-content\\\/uploads\\\/2019\\\/06\\\/salzburgerland-logo1.jpg\",\"contentUrl\":\"https:\\\/\\\/www.salzburgerland.com\\\/de\\\/magazin\\\/wp-content\\\/uploads\\\/2019\\\/06\\\/salzburgerland-logo1.jpg\",\"width\":2011,\"height\":866,\"caption\":\"SalzburgerLand Tourismus\"},\"image\":{\"@id\":\"https:\\\/\\\/www.salzburgerland.com\\\/de\\\/magazin\\\/#\\\/schema\\\/logo\\\/image\\\/\"},\"sameAs\":[\"https:\\\/\\\/www.facebook.com\\\/salzburgerland\\\/\",\"https:\\\/\\\/x.com\\\/Salzburgerland\",\"https:\\\/\\\/www.instagram.com\\\/salzburgerland\\\/\",\"https:\\\/\\\/at.linkedin.com\\\/company\\\/salzburgerland-tourismus-gmbh\",\"https:\\\/\\\/www.pinterest.at\\\/salzburgerland\\\/\",\"https:\\\/\\\/www.youtube.com\\\/user\\\/salzburgerland\",\"https:\\\/\\\/de.wikipedia.org\\\/wiki\\\/SalzburgerLand_Tourismus_GmbH\"]},{\"@type\":\"Person\",\"@id\":\"https:\\\/\\\/www.salzburgerland.com\\\/de\\\/magazin\\\/#\\\/schema\\\/person\\\/3d66364225257aad8b700259f8d80a69\",\"name\":\"Melanie Deisl\",\"description\":\"Ihre Liebe zum Reisen teilt Melanie genauso gerne, wie ihre Liebe zum SalzburgerLand. Die geb\u00fcrtige Faistenauerin ist in Koppl aufgewachsen und in der Fuschlseeregion zuhause. Und die kennt sie auch wie ihre Westentasche. Ihre erste, noch sehr analoge, Tourismuserfahrung konnte sie bereits w\u00e4hrend der Schulzeit beim SalzburgerLand Tourismus (SLTG) und sp\u00e4ter beim TVB Fuschl am See sammeln. Beruflich ist sie seit ihrem Studium der Kommunikationswissenschaften im Bereich SEO, Text &amp; Content Marketing zuhause. Was dazu f\u00fchrte, dass sie sich ans Reisebloggen wagte. Schnell wurde aus reinem Interesse, pure Passion. Dem Ausflug in ferne L\u00e4nder folgte eine Revision der Qualit\u00e4ten der eigenen Heimat als Urlaubsziel. Und diese fiel mehr als positiv aus. Die Liebe zu Ihrer Heimat ist ihr in die Wiege gelegt, und wie sie sagt, wird diese auch immer st\u00e4rker. Na, sie muss es ja wissen. Immerhin bietet sie auf \\\"urlaubsgeschichten.at\\\" Inspiration f\u00fcr Reisen in ferne L\u00e4nder und gibt Insidertipps f\u00fcr \u00d6sterreich-Liebhaber. Ihr ist es ein pers\u00f6nliches Anliegen zu zeigen, dass man auch auf kurzen Reisen einzigartige Erfahrungen sammeln kann. Da z\u00e4hlt das SalzburgerLand nat\u00fcrlich zu ihren TOP-Favoriten. Ihre Reisen verbindet Sie selbst am liebsten mit Wandern, Skifahren und Genuss. Vor allem regionale Produkte aus der Heimat haben es der bodenst\u00e4ndigen Salzburgerin angetan.\u00a0In der Freizeit zieht es Melanie, wie soll es anders sein, hinaus. Mal auf den Berg, mal an den See, mal in die Stadt Salzburg. Aber nie ohne Kamera und Notizbuch. Es k\u00f6nnte ja eine gute Urlaubsgeschichte dabei sein ... Mein pers\u00f6nlicher Logenplatz im SalzburgerLand Eine Runde um den Hintersee. Das geht immer und macht den Kopf frei. Bei einer Runde um den See kann ich mich gut entspannen. Aber ich drehe auch gerne mal eine gem\u00fctliche \\\"Tratschrunde\\\" mit einer Freundin um den sch\u00f6nen See. Salzburger Nockerl oder Schwarzbeernocken? Die Wahl f\u00e4llt mir sehr leicht. Ich liebe \\\"Zeckbeerdatscherln\\\", wie man bei uns zu den Schwarzbeernocken sagt. Nat\u00fcrlich mit selbstgepfl\u00fcckten Schwarzbeeren zubereitet und sch\u00f6n dunkelblau. Mozart oder Hubert von Goisern? Beides. Ich mag Musik in fast jeder Form. Ich spiele selbst Gitarre und singe sehr gerne - das f\u00e4llt mir bei Hubert von Goisern, Austropop und Rockmusik leichter ;-) aber ich hab auch f\u00fcr Mozart und klassische Musik was \u00fcbrig. Ich bin musikalisch \u00fcberhaupt sehr aufgeschlossen und vor allem immer interessiert Neues zu entdecken. Musik, die mir gef\u00e4llt eben. Luxushotel oder Almh\u00fctte? Mal dies mal das. Zu einem Wellness-Wochenende im Luxushotel braucht man mich nicht lange \u00fcberreden, das versteht sich von selbst. Zu einem Urlaub auf der Alm aber auch nicht. Ich wei\u00df jedoch, dass man das hervorragend miteinander verbinden kann. Die Antwort lautet also: beides! Ausstellung oder Bergpanorama? Ich muss gestehen, ich bin eher erlebnisorientiert, deshalb entscheide ich mich immer f\u00fcr das Bergpanorama. Morgen- oder Abendmensch? Ich war schon immer ein Fr\u00fchaufsteher und bin schon vor dem ersten Kaffee hellwach, diskussionsfreudig und sehr produktiv. Ich erlebe aber in meiner Tageskurve das typische Nachmittagstief, daher w\u00e4re ich voll f\u00fcr die Einf\u00fchrung der \\\"Siesta\\\". Daf\u00fcr bin ich in aber in den Abendstunden auch wieder hellwach und voller Energie.\",\"sameAs\":[\"https:\\\/\\\/urlaubsgeschichten.at\",\"https:\\\/\\\/www.facebook.com\\\/urlaubsgeschichten\\\/\",\"https:\\\/\\\/www.instagram.com\\\/urlaubsgeschichten\\\/\",\"https:\\\/\\\/www.linkedin.com\\\/in\\\/urlaubsgeschichten\\\/\",\"https:\\\/\\\/www.pinterest.at\\\/mytravelstories\\\/\"],\"url\":\"https:\\\/\\\/www.salzburgerland.com\\\/de\\\/magazin\\\/author\\\/melanie_deisl\\\/\"}]}<\/script>\n<!-- \/ Yoast SEO Premium plugin. -->","yoast_head_json":{"title":"Heimatliche Weihnachtsstimmung in St. Wolfgang - SalzburgerLand Magazin","description":"Auf dem Wolfgangseer Advent ist heimatliche Weihnachtsstimmung garantiert, denn hier erlebt man Advent, wie es fr\u00fcher einmal war.","robots":{"index":"index","follow":"follow","max-snippet":"max-snippet:-1","max-image-preview":"max-image-preview:large","max-video-preview":"max-video-preview:-1"},"canonical":"https:\/\/www.salzburgerland.com\/de\/magazin\/heimatliche-weihnachtsstimmung-in-st-wolfgang\/","og_locale":"de_DE","og_type":"article","og_title":"Heimatliche Weihnachtsstimmung in St. Wolfgang","og_description":"Auf dem Wolfgangseer Advent ist heimatliche Weihnachtsstimmung garantiert, denn hier erlebt man Advent, wie es fr\u00fcher einmal war.","og_url":"https:\/\/www.salzburgerland.com\/de\/magazin\/heimatliche-weihnachtsstimmung-in-st-wolfgang\/","og_site_name":"SalzburgerLand Magazin","article_publisher":"https:\/\/www.facebook.com\/salzburgerland\/","article_author":"https:\/\/www.facebook.com\/urlaubsgeschichten\/","article_published_time":"2021-11-08T07:00:00+00:00","article_modified_time":"2025-10-24T06:59:21+00:00","og_image":[{"width":2000,"height":1335,"url":"https:\/\/www.salzburgerland.com\/de\/magazin\/wp-content\/uploads\/2013\/12\/Wolfgangseer-Advent-Friedenslicht-Laterne-by-WTG.jpg","type":"image\/jpeg"}],"author":"Melanie Deisl","twitter_card":"summary_large_image","twitter_creator":"@Salzburgerland","twitter_site":"@Salzburgerland","twitter_misc":{"Verfasst von":"Melanie Deisl","Gesch\u00e4tzte Lesezeit":"6\u00a0Minuten"},"schema":{"@context":"https:\/\/schema.org","@graph":[{"@type":"Article","@id":"https:\/\/www.salzburgerland.com\/de\/magazin\/heimatliche-weihnachtsstimmung-in-st-wolfgang\/#article","isPartOf":{"@id":"https:\/\/www.salzburgerland.com\/de\/magazin\/heimatliche-weihnachtsstimmung-in-st-wolfgang\/"},"author":{"name":"Melanie Deisl","@id":"https:\/\/www.salzburgerland.com\/de\/magazin\/#\/schema\/person\/3d66364225257aad8b700259f8d80a69"},"headline":"Heimatliche Weihnachtsstimmung in St. Wolfgang","datePublished":"2021-11-08T07:00:00+00:00","dateModified":"2025-10-24T06:59:21+00:00","mainEntityOfPage":{"@id":"https:\/\/www.salzburgerland.com\/de\/magazin\/heimatliche-weihnachtsstimmung-in-st-wolfgang\/"},"wordCount":516,"commentCount":0,"publisher":{"@id":"https:\/\/www.salzburgerland.com\/de\/magazin\/#organization"},"image":{"@id":"https:\/\/www.salzburgerland.com\/de\/magazin\/heimatliche-weihnachtsstimmung-in-st-wolfgang\/#primaryimage"},"thumbnailUrl":"https:\/\/www.salzburgerland.com\/de\/magazin\/wp-content\/uploads\/2013\/12\/Wolfgangseer-Advent-Friedenslicht-Laterne-by-WTG.jpg","keywords":["Christkindlmarkt","Salzkammergut","St. Gilgen","St. Wolfgang","Strobl","weihnachten","Weihnachtsmarkt","Wolfgangsee"],"articleSection":["Sehensw\u00fcrdig"],"inLanguage":"de","potentialAction":[{"@type":"CommentAction","name":"Comment","target":["https:\/\/www.salzburgerland.com\/de\/magazin\/heimatliche-weihnachtsstimmung-in-st-wolfgang\/#respond"]}]},{"@type":"WebPage","@id":"https:\/\/www.salzburgerland.com\/de\/magazin\/heimatliche-weihnachtsstimmung-in-st-wolfgang\/","url":"https:\/\/www.salzburgerland.com\/de\/magazin\/heimatliche-weihnachtsstimmung-in-st-wolfgang\/","name":"Heimatliche Weihnachtsstimmung in St. Wolfgang - SalzburgerLand Magazin","isPartOf":{"@id":"https:\/\/www.salzburgerland.com\/de\/magazin\/#website"},"primaryImageOfPage":{"@id":"https:\/\/www.salzburgerland.com\/de\/magazin\/heimatliche-weihnachtsstimmung-in-st-wolfgang\/#primaryimage"},"image":{"@id":"https:\/\/www.salzburgerland.com\/de\/magazin\/heimatliche-weihnachtsstimmung-in-st-wolfgang\/#primaryimage"},"thumbnailUrl":"https:\/\/www.salzburgerland.com\/de\/magazin\/wp-content\/uploads\/2013\/12\/Wolfgangseer-Advent-Friedenslicht-Laterne-by-WTG.jpg","datePublished":"2021-11-08T07:00:00+00:00","dateModified":"2025-10-24T06:59:21+00:00","description":"Auf dem Wolfgangseer Advent ist heimatliche Weihnachtsstimmung garantiert, denn hier erlebt man Advent, wie es fr\u00fcher einmal war.","breadcrumb":{"@id":"https:\/\/www.salzburgerland.com\/de\/magazin\/heimatliche-weihnachtsstimmung-in-st-wolfgang\/#breadcrumb"},"inLanguage":"de","potentialAction":[{"@type":"ReadAction","target":["https:\/\/www.salzburgerland.com\/de\/magazin\/heimatliche-weihnachtsstimmung-in-st-wolfgang\/"]}]},{"@type":"ImageObject","inLanguage":"de","@id":"https:\/\/www.salzburgerland.com\/de\/magazin\/heimatliche-weihnachtsstimmung-in-st-wolfgang\/#primaryimage","url":"https:\/\/www.salzburgerland.com\/de\/magazin\/wp-content\/uploads\/2013\/12\/Wolfgangseer-Advent-Friedenslicht-Laterne-by-WTG.jpg","contentUrl":"https:\/\/www.salzburgerland.com\/de\/magazin\/wp-content\/uploads\/2013\/12\/Wolfgangseer-Advent-Friedenslicht-Laterne-by-WTG.jpg","width":2000,"height":1335,"caption":"Wolfgangseer Advent \u00a9 WTG by kunstbahr"},{"@type":"BreadcrumbList","@id":"https:\/\/www.salzburgerland.com\/de\/magazin\/heimatliche-weihnachtsstimmung-in-st-wolfgang\/#breadcrumb","itemListElement":[{"@type":"ListItem","position":1,"name":"Startseite","item":"https:\/\/www.salzburgerland.com\/de\/magazin\/"},{"@type":"ListItem","position":2,"name":"Sehensw\u00fcrdig","item":"https:\/\/www.salzburgerland.com\/de\/magazin\/thema\/sehenswurdig\/"},{"@type":"ListItem","position":3,"name":"Heimatliche Weihnachtsstimmung in St. Wolfgang"}]},{"@type":"WebSite","@id":"https:\/\/www.salzburgerland.com\/de\/magazin\/#website","url":"https:\/\/www.salzburgerland.com\/de\/magazin\/","name":"SalzburgerLand Magazin","description":"Geschichten und Interessantes aus dem SalzburgerLand","publisher":{"@id":"https:\/\/www.salzburgerland.com\/de\/magazin\/#organization"},"potentialAction":[{"@type":"SearchAction","target":{"@type":"EntryPoint","urlTemplate":"https:\/\/www.salzburgerland.com\/de\/magazin\/?s={search_term_string}"},"query-input":{"@type":"PropertyValueSpecification","valueRequired":true,"valueName":"search_term_string"}}],"inLanguage":"de"},{"@type":"Organization","@id":"https:\/\/www.salzburgerland.com\/de\/magazin\/#organization","name":"SalzburgerLand Tourismus","url":"https:\/\/www.salzburgerland.com\/de\/magazin\/","logo":{"@type":"ImageObject","inLanguage":"de","@id":"https:\/\/www.salzburgerland.com\/de\/magazin\/#\/schema\/logo\/image\/","url":"https:\/\/www.salzburgerland.com\/de\/magazin\/wp-content\/uploads\/2019\/06\/salzburgerland-logo1.jpg","contentUrl":"https:\/\/www.salzburgerland.com\/de\/magazin\/wp-content\/uploads\/2019\/06\/salzburgerland-logo1.jpg","width":2011,"height":866,"caption":"SalzburgerLand Tourismus"},"image":{"@id":"https:\/\/www.salzburgerland.com\/de\/magazin\/#\/schema\/logo\/image\/"},"sameAs":["https:\/\/www.facebook.com\/salzburgerland\/","https:\/\/x.com\/Salzburgerland","https:\/\/www.instagram.com\/salzburgerland\/","https:\/\/at.linkedin.com\/company\/salzburgerland-tourismus-gmbh","https:\/\/www.pinterest.at\/salzburgerland\/","https:\/\/www.youtube.com\/user\/salzburgerland","https:\/\/de.wikipedia.org\/wiki\/SalzburgerLand_Tourismus_GmbH"]},{"@type":"Person","@id":"https:\/\/www.salzburgerland.com\/de\/magazin\/#\/schema\/person\/3d66364225257aad8b700259f8d80a69","name":"Melanie Deisl","description":"Ihre Liebe zum Reisen teilt Melanie genauso gerne, wie ihre Liebe zum SalzburgerLand. Die geb\u00fcrtige Faistenauerin ist in Koppl aufgewachsen und in der Fuschlseeregion zuhause. Und die kennt sie auch wie ihre Westentasche. Ihre erste, noch sehr analoge, Tourismuserfahrung konnte sie bereits w\u00e4hrend der Schulzeit beim SalzburgerLand Tourismus (SLTG) und sp\u00e4ter beim TVB Fuschl am See sammeln. Beruflich ist sie seit ihrem Studium der Kommunikationswissenschaften im Bereich SEO, Text &amp; Content Marketing zuhause. Was dazu f\u00fchrte, dass sie sich ans Reisebloggen wagte. Schnell wurde aus reinem Interesse, pure Passion. Dem Ausflug in ferne L\u00e4nder folgte eine Revision der Qualit\u00e4ten der eigenen Heimat als Urlaubsziel. Und diese fiel mehr als positiv aus. Die Liebe zu Ihrer Heimat ist ihr in die Wiege gelegt, und wie sie sagt, wird diese auch immer st\u00e4rker. Na, sie muss es ja wissen. Immerhin bietet sie auf \"urlaubsgeschichten.at\" Inspiration f\u00fcr Reisen in ferne L\u00e4nder und gibt Insidertipps f\u00fcr \u00d6sterreich-Liebhaber. Ihr ist es ein pers\u00f6nliches Anliegen zu zeigen, dass man auch auf kurzen Reisen einzigartige Erfahrungen sammeln kann. Da z\u00e4hlt das SalzburgerLand nat\u00fcrlich zu ihren TOP-Favoriten. Ihre Reisen verbindet Sie selbst am liebsten mit Wandern, Skifahren und Genuss. Vor allem regionale Produkte aus der Heimat haben es der bodenst\u00e4ndigen Salzburgerin angetan.\u00a0In der Freizeit zieht es Melanie, wie soll es anders sein, hinaus. Mal auf den Berg, mal an den See, mal in die Stadt Salzburg. Aber nie ohne Kamera und Notizbuch. Es k\u00f6nnte ja eine gute Urlaubsgeschichte dabei sein ... Mein pers\u00f6nlicher Logenplatz im SalzburgerLand Eine Runde um den Hintersee. Das geht immer und macht den Kopf frei. Bei einer Runde um den See kann ich mich gut entspannen. Aber ich drehe auch gerne mal eine gem\u00fctliche \"Tratschrunde\" mit einer Freundin um den sch\u00f6nen See. Salzburger Nockerl oder Schwarzbeernocken? Die Wahl f\u00e4llt mir sehr leicht. Ich liebe \"Zeckbeerdatscherln\", wie man bei uns zu den Schwarzbeernocken sagt. Nat\u00fcrlich mit selbstgepfl\u00fcckten Schwarzbeeren zubereitet und sch\u00f6n dunkelblau. Mozart oder Hubert von Goisern? Beides. Ich mag Musik in fast jeder Form. Ich spiele selbst Gitarre und singe sehr gerne - das f\u00e4llt mir bei Hubert von Goisern, Austropop und Rockmusik leichter ;-) aber ich hab auch f\u00fcr Mozart und klassische Musik was \u00fcbrig. Ich bin musikalisch \u00fcberhaupt sehr aufgeschlossen und vor allem immer interessiert Neues zu entdecken. Musik, die mir gef\u00e4llt eben. Luxushotel oder Almh\u00fctte? Mal dies mal das. Zu einem Wellness-Wochenende im Luxushotel braucht man mich nicht lange \u00fcberreden, das versteht sich von selbst. Zu einem Urlaub auf der Alm aber auch nicht. Ich wei\u00df jedoch, dass man das hervorragend miteinander verbinden kann. Die Antwort lautet also: beides! Ausstellung oder Bergpanorama? Ich muss gestehen, ich bin eher erlebnisorientiert, deshalb entscheide ich mich immer f\u00fcr das Bergpanorama. Morgen- oder Abendmensch? Ich war schon immer ein Fr\u00fchaufsteher und bin schon vor dem ersten Kaffee hellwach, diskussionsfreudig und sehr produktiv. Ich erlebe aber in meiner Tageskurve das typische Nachmittagstief, daher w\u00e4re ich voll f\u00fcr die Einf\u00fchrung der \"Siesta\". Daf\u00fcr bin ich in aber in den Abendstunden auch wieder hellwach und voller Energie.","sameAs":["https:\/\/urlaubsgeschichten.at","https:\/\/www.facebook.com\/urlaubsgeschichten\/","https:\/\/www.instagram.com\/urlaubsgeschichten\/","https:\/\/www.linkedin.com\/in\/urlaubsgeschichten\/","https:\/\/www.pinterest.at\/mytravelstories\/"],"url":"https:\/\/www.salzburgerland.com\/de\/magazin\/author\/melanie_deisl\/"}]}},"_wl_alt_label":[],"wl:entity_url":"http:\/\/open.salzburgerland.com\/magazin\/post\/heimatliche_weihnachtsstimmung_in_st-_wolfgang","_links":{"self":[{"href":"https:\/\/www.salzburgerland.com\/de\/magazin\/wp-json\/wp\/v2\/posts\/76426","targetHints":{"allow":["GET"]}}],"collection":[{"href":"https:\/\/www.salzburgerland.com\/de\/magazin\/wp-json\/wp\/v2\/posts"}],"about":[{"href":"https:\/\/www.salzburgerland.com\/de\/magazin\/wp-json\/wp\/v2\/types\/post"}],"author":[{"embeddable":true,"href":"https:\/\/www.salzburgerland.com\/de\/magazin\/wp-json\/wp\/v2\/users\/565"}],"replies":[{"embeddable":true,"href":"https:\/\/www.salzburgerland.com\/de\/magazin\/wp-json\/wp\/v2\/comments?post=76426"}],"version-history":[{"count":7,"href":"https:\/\/www.salzburgerland.com\/de\/magazin\/wp-json\/wp\/v2\/posts\/76426\/revisions"}],"predecessor-version":[{"id":184984,"href":"https:\/\/www.salzburgerland.com\/de\/magazin\/wp-json\/wp\/v2\/posts\/76426\/revisions\/184984"}],"wp:featuredmedia":[{"embeddable":true,"href":"https:\/\/www.salzburgerland.com\/de\/magazin\/wp-json\/wp\/v2\/media\/158183"}],"wp:attachment":[{"href":"https:\/\/www.salzburgerland.com\/de\/magazin\/wp-json\/wp\/v2\/media?parent=76426"}],"wp:term":[{"taxonomy":"category","embeddable":true,"href":"https:\/\/www.salzburgerland.com\/de\/magazin\/wp-json\/wp\/v2\/categories?post=76426"},{"taxonomy":"post_tag","embeddable":true,"href":"https:\/\/www.salzburgerland.com\/de\/magazin\/wp-json\/wp\/v2\/tags?post=76426"},{"taxonomy":"wl_entity_type","embeddable":true,"href":"https:\/\/www.salzburgerland.com\/de\/magazin\/wp-json\/wp\/v2\/wl_entity_type?post=76426"},{"taxonomy":"monatsauswahl","embeddable":true,"href":"https:\/\/www.salzburgerland.com\/de\/magazin\/wp-json\/wp\/v2\/monatsauswahl?post=76426"}],"curies":[{"name":"wp","href":"https:\/\/api.w.org\/{rel}","templated":true}]}}