{"id":74697,"date":"2013-11-28T16:33:20","date_gmt":"2013-11-28T15:33:20","guid":{"rendered":"http:\/\/magazin.salzburgerland.com\/?p=74697"},"modified":"2019-06-26T20:20:18","modified_gmt":"2019-06-26T18:20:18","slug":"sicher-abseits-der-pisten","status":"publish","type":"post","link":"https:\/\/www.salzburgerland.com\/de\/magazin\/sicher-abseits-der-pisten\/","title":{"rendered":"Sicher abseits der Pisten"},"content":{"rendered":"<p><strong>Das Gasteinertal bietet Traumbedingungen f\u00fcr Skifahrer. Voll auf ihre Kosten kommen nat\u00fcrlich auch die Variantenfahrer, denn herrliche Tiefschneeabfahrten lassen hier jedes Freeriderherz h\u00f6her schlagen. Ultimativer Powderspa\u00df setzt aber auch risikobewusstes Verhalten voraus. Damit ein Bergrettungseinsatz und Lebensgefahr nicht zur Kehrseite des Pulvergl\u00fccks wird&#8230;<\/strong><\/p>\n<p><em>Es ist der 31.Dezember, Silvesternachmittag.<\/em> Den ganzen Tag hat es im Gasteinertal massiv geschneit. Am Nachmittag kommt noch starker Nordwest-Wind dazu und in k\u00fcrzester Zeit entstehen enorme Schneeverfrachtungen. Die \u00f6rtliche <a href=\"http:\/\/www.lawine.salzburg.at\/lagebericht.html\">Lawinenwarnkommission <\/a>erl\u00e4sst Lawinenwarnstufe 3; das bedeutet erhebliche Lawinengefahr!<\/p>\n<p>Zwei d\u00e4nische Jugendliche, die w\u00e4hrend der Wintersaison in einer Diskothek in Bad Gastein jobben und v\u00f6llig ortsunkundig sind, nehmen am sp\u00e4ten Nachmittag die Nordabfahrt vom Kreuzkogel, eine Variantenabfahrt abseits der Pisten. Dies obwohl blinkende gelbe Lawinenleuchten vor dem Befahren warnen.<br \/>\nDie beiden 19 und 21-j\u00e4hrigen M\u00e4nner sind ohne <a href=\"http:\/\/www.bergrettung-salzburg.at\/Ausruestung.732.0.html\">Notfallausr\u00fcstung <\/a>(LVS-Ger\u00e4t, Sonde, Schaufel) unterwegs. Wahrscheinlich aufgrund der schlechten Bedingungen &#8211; es herrscht starker Schneefall und es ist nebelig &#8211; verirren sich die beiden D\u00e4nen und fahren statt nach links abzubiegen, nach rechts Richtung H\u00f6hkar weiter.<\/p>\n<p><a href=\"https:\/\/www.salzburgerland.com\/de\/magazin\/wp-content\/uploads\/2013\/11\/rolandpfund.jpg\"><img loading=\"lazy\" decoding=\"async\" class=\"alignnone size-singlePost wp-image-74712\" alt=\"Ortsstellenleiter der Bergrettung Bad Gastein, Roland Pfund\" src=\"https:\/\/www.salzburgerland.com\/de\/magazin\/wp-content\/uploads\/2013\/11\/rolandpfund-650x435.jpg\" width=\"264\" height=\"174\" \/><\/a> <a href=\"https:\/\/www.salzburgerland.com\/de\/magazin\/wp-content\/uploads\/2013\/11\/Einsatz_hohkar.jpg\"><img loading=\"lazy\" decoding=\"async\" class=\"alignnone size-singlePost wp-image-74715\" alt=\"Schneemassen und Eis\" src=\"https:\/\/www.salzburgerland.com\/de\/magazin\/wp-content\/uploads\/2013\/11\/Einsatz_hohkar-650x435.jpg\" width=\"262\" height=\"174\" \/><\/a><\/p>\n<p>\u201eDie Burschen haben schnell erkannt, dass sie falsch dran sind\u201c, schildert der <a href=\"http:\/\/www.bergrettung-salzburg.at\">Ortsstellenleiter der Bergrettung Bad Gastein,<\/a> Roland Pfund. Doch sie hatten mit ihren Freeride-Skiern keine M\u00f6glichkeit mehr raufzukommen und beim Versuch die Skier abzuschnallen, versanken sie bis zum Bauch im Schnee. \u201eDie D\u00e4nen trafen jedoch eine noch fatalere Entscheidung in dieser prek\u00e4ren Situation&#8220;, erz\u00e4hlt Roland Pfund, \u201esie beschlossen, noch weiter runterzufahren\u201c.<\/p>\n<p><strong>Enorme Eisf\u00e4lle im H\u00f6hkar<br \/>\n<\/strong>Was die ortsunkundigen D\u00e4nen jedoch nicht wussten: Das H\u00f6hkar endet in einem Kessel &#8211; mit Wandabbr\u00fcche bis zu 300m H\u00f6he. Hier befinden sich einige der sch\u00f6nsten Eiskletterrouten Gasteins.<br \/>\n\u201eDie Burschen fuhren so weit, bis sie vor den Wandabbr\u00fcchen im Eis standen und nichts mehr ging &#8211; weder vor noch zur\u00fcck\u201c. Die <a href=\"http:\/\/www.bergrettung-salzburg.at\/Notruf.395.0.html\">Notrufnummer der Bergrettung (140)<\/a> kannten die beiden jungen M\u00e4nner nicht, doch sie hatten wenigstens die Telefonnummer ihres Arbeitgebers in Bad Gastein eingespeichert. Total ver\u00e4ngstigt informierten sie ihn \u00fcber ihre Situation. Links und rechts von ihnen gingen immer wieder kleine Lawinenrutschen ab.<\/p>\n<p>\u201eLeider konnten die beiden auch nicht ungef\u00e4hr sagen, wo sie gelandet waren. Wir fuhren gemeinsam mit der vom Arbeitgeber alarmierten Alpinpolizei ins Anlauftal und schalteten das Blaulicht ein, bis uns die Burschen endlich sahen\u201c, so der Bergrettungschef Pfund und erg\u00e4nzt: \u201eBis wir jedoch wussten, wo sie genau waren, war es nat\u00fcrlich schon stockfinster\u201c.<\/p>\n<p><strong>Steigende Lawinengefahr<\/strong><br \/>\nDer Einsatzleiter der Bergrettung schickt einen Trupp seiner erfahrensten Bergretter \u00fcber den Kreuzkogel ins Einsatzgebiet. \u201eDer Trupp ist den Spuren der beiden Variantenfahrer nachgefahren, doch das Schneetreiben mitsamt Verfrachtungen wurde immer massiver und schlie\u00dflich mussten unsere Leute aufgrund der hohen Lawinengefahr aufgeben\u201c.<\/p>\n<p>Ein weiterer Trupp von Bergrettern versucht den Aufstieg mit Eisausr\u00fcstung von unten: \u201eUnter der Leitung von unserem erfahrenen Eiskletterer und Bergf\u00fchrer Sepp Inh\u00f6ger stieg der Trupp durchs Eis. Dabei gingen immer wieder kleinere Lawinen ab. Pl\u00f6tzlich wurden zwei unserer Leute kurzfristig bis zur Brust versch\u00fcttet\u201c. Der Einsatzleiter alarmiert die n\u00e4chstgelegene Bergrettungs-Ortsstelle Bad Hofgastein mit: \u201eEs war einfach so lawinengef\u00e4hrlich. Wir hatten auch <a href=\"http:\/\/www.bergrettungshunde.at\">drei Bergrettungshunde-Teams<\/a> in n\u00e4chster Einsatzbereitschaft\u201c. Der Truppe gelang es, sich aus den Schneemassen zu befreien und schlie\u00dflich zu den D\u00e4nen vorzusto\u00dfen.<\/p>\n<p>Zu dieser Zeit war es etwa 22 Uhr. \u201eWir versuchten mit den beiden Burschen durch den vereisten H\u00f6hkarsteig runterzukommen. Doch auch das war wieder einfach zu gef\u00e4hrlich f\u00fcr unsere Leute, es gingen immer wieder kleine Lawinen-Rutschen ab. Deshalb haben wir uns dazu entschieden, einen nach den anderen \u00fcber 200m H\u00f6he &#8211; \u00fcber den sogenannten Federweis-Eiskletterfall &#8211; runter abzuseilen, was uns in dieser Situation mit weniger Risiko verbunden erschien\u201c.<\/p>\n<p><a href=\"https:\/\/www.salzburgerland.com\/de\/magazin\/wp-content\/uploads\/2013\/11\/Hohkar_versichert.jpg\"><img loading=\"lazy\" decoding=\"async\" class=\"alignleft size-singlePost wp-image-74717\" alt=\"Seilsicherungen f\u00fcr die Bergung im Eis\" src=\"https:\/\/www.salzburgerland.com\/de\/magazin\/wp-content\/uploads\/2013\/11\/Hohkar_versichert-650x435.jpg\" width=\"650\" height=\"435\" \/><\/a>Es war schlie\u00dflich fast 24 Uhr in dieser Silvesternacht, als alle wieder unversehrt im Tal angelangten. \u201ePunkt 24 Uhr haben wir alle in unserem Bergrettungsheim auf ein gutes neues Jahr angesto\u00dfen\u201c, erinnert sich Roland Pfund.<\/p>\n<p>Was Pfund unbedingt noch erg\u00e4nzen m\u00f6chte, ist, dass die Menschen immer bedenken sollten, \u201edass es einige Zeit braucht, bis wir vor Ort sind. Unsere Leute arbeiten alle und m\u00fcssen zumeist erst ihre Arbeitsstellen verlassen, aufsteigen und das dauert einfach, bis die Bergrettung vor Ort ist\u201c.<\/p>\n<p>Besonders im H\u00f6hkar hatten die Bad Gasteiner Bergretter in den vergangenen Jahren viele Eins\u00e4tze f\u00fcr verirrte Variantenfahrer: \u201eViele sind einfach irgendwelchen Spuren nachgefahren und letztlich im H\u00f6hkar gelandet. Deshalb haben wir dann schlie\u00dflich Warntafeln aufgestellt. Jetzt ist es etwas ruhiger geworden &#8211; mit den <a href=\"http:\/\/www.bergrettung-salzburg.at\/Foerderer.8.0.html\">Eins\u00e4tzen in diesem Gebiet<\/a>&#8222;.<\/p>\n<p><strong>Einige Tipps der Bergrettung zum Thema Risiko-Reduktion<br \/>\n<\/strong>Diese beginnt nicht erst beim Verlassen des gesicherten Skiraums, sondern bereits zu Hause. Durch das sorgf\u00e4ltige Lesen des aktuellen Lawinen-Lageberichtes kann man bereits die ersten Schl\u00fcsse ziehen: Was ist heute grunds\u00e4tzlich verantwortlich und was nicht? Klaus Wagenbichler, Saalfeldener Bergf\u00fchrer und Landesleiter Stv. der Salzburger Bergrettung empfiehlt: \u201eDie richtige Auswahl der Route ist Grundvoraussetzung f\u00fcr Genuss. Fragen Sie Bekannte, Einheimische oder Quartiergeber, die die Gegend gut kennen. Schauen Sie auch auf einer Karte nach, da k\u00f6nnen Sie das Gel\u00e4nde in \u00dcbersicht kennenlernen\u201c.<\/p>\n<p><strong>Nur wer absolut orts- und lawinenkundig sowie gut ausger\u00fcstet ist, sollte gesicherte Pisten verlassen<br \/>\n<\/strong>Unsere wei\u00dfen und unverspurten H\u00e4nge lassen jedes Skifahrerherz vor Freude frohlocken. Aber beachten Sie, dass Schnee durch wechselnde Wetter- und Temperaturbedingungen seine Konsistenz ver\u00e4ndert. Deshalb immer eine Notfallausr\u00fcstung \u2013 bestehend aus LVS (Lawinenversch\u00fctteten-Ger\u00e4t), eine Lawinenschaufel, eine Lawinensonde und eine Erste-Hilfe-Ausr\u00fcstung samt Biwacksack und Mobilfunk &#8211; mitf\u00fchren.<\/p>\n<p>Spa\u00df und Freude am Freeriden haben im SalzburgerLand ohnehin die meisten, da unz\u00e4hlige unverspurte H\u00e4nge und wei\u00dfer Tiefschnee locken. Spezielle Adrenalinkicks braucht es zum Powdern im freien Gel\u00e4nde nicht, da die vielen traumhaften Tiefschneeabfahrten auch so die Herzen der &#8211; gut ausger\u00fcsteten &#8211; Freerider h\u00f6her schlagen lassen.<\/p>\n<p><strong>Linktipps:<\/strong><\/p>\n<p><a href=\"http:\/\/www.lawine.salzburg.at\/alpine-sicherheit\/aktuell.html\">Alpine Sicherheit<\/a><br \/>\n<a href=\"http:\/\/www.bergrettung-salzburg.at\">Bergrettung Salzburg<\/a><br \/>\n<a href=\"http:\/\/www.lawine.salzburg.at\/lagebericht.html\">Salzburger Lawinenwarndienst<\/a><\/p>\n<p><em>Fotos: Maria Riedler, Sepp Schiefer Bergrettung und <a href=\"http:\/\/www.bergrettungbadgastein.at\/\">Bergrettung Bad Gastein<\/a><\/em><\/p>\n<div class=\"mag-gallery\"><div class=\"row\"><div class=\"col-6 col-sm-4\"><figure><a class=\"thumb-container\" href=\"https:\/\/www.salzburgerland.com\/de\/magazin\/wp-content\/uploads\/2013\/11\/Einsatz-Hohkar-005-1280x1024.jpg\">\t<picture><source media=\"(min-width: 576px)\" srcset=\"\" \/><source media=\"(min-width: 0)\" srcset=\"https:\/\/www.salzburgerland.com\/de\/magazin\/wp-content\/uploads\/2013\/11\/Einsatz-Hohkar-005.jpg 1200w, https:\/\/www.salzburgerland.com\/de\/magazin\/wp-content\/uploads\/2013\/11\/Einsatz-Hohkar-005-225x300.jpg 225w, https:\/\/www.salzburgerland.com\/de\/magazin\/wp-content\/uploads\/2013\/11\/Einsatz-Hohkar-005-413x550.jpg 413w, https:\/\/www.salzburgerland.com\/de\/magazin\/wp-content\/uploads\/2013\/11\/Einsatz-Hohkar-005-300x400.jpg 300w\" \/><img decoding=\"async\" alt=\"Drei Kletterer in orangefarbenen Jacken erklimmen mit Seilen und Kletterausr\u00fcstung einen verschneiten, steilen Berghang.\" src=\"https:\/\/www.salzburgerland.com\/de\/magazin\/wp-content\/uploads\/2013\/11\/Einsatz-Hohkar-005.jpg\" \/>\t<\/picture><\/a><\/figure><\/div><div class=\"col-6 col-sm-4\"><figure><a class=\"thumb-container\" href=\"https:\/\/www.salzburgerland.com\/de\/magazin\/wp-content\/uploads\/2013\/11\/Hohkar_versichert-1280x1024.jpg\">\t<picture><source media=\"(min-width: 576px)\" srcset=\"https:\/\/www.salzburgerland.com\/de\/magazin\/wp-content\/uploads\/2013\/11\/Hohkar_versichert-325x209.jpg 325w, https:\/\/www.salzburgerland.com\/de\/magazin\/wp-content\/uploads\/2013\/11\/Hohkar_versichert-300x193.jpg 300w, https:\/\/www.salzburgerland.com\/de\/magazin\/wp-content\/uploads\/2013\/11\/Hohkar_versichert-856x550.jpg 856w, https:\/\/www.salzburgerland.com\/de\/magazin\/wp-content\/uploads\/2013\/11\/Hohkar_versichert-622x400.jpg 622w, https:\/\/www.salzburgerland.com\/de\/magazin\/wp-content\/uploads\/2013\/11\/Hohkar_versichert-249x160.jpg 249w, https:\/\/www.salzburgerland.com\/de\/magazin\/wp-content\/uploads\/2013\/11\/Hohkar_versichert-1320x849.jpg 1320w, https:\/\/www.salzburgerland.com\/de\/magazin\/wp-content\/uploads\/2013\/11\/Hohkar_versichert.jpg 1400w\" \/><source media=\"(min-width: 0)\" srcset=\"https:\/\/www.salzburgerland.com\/de\/magazin\/wp-content\/uploads\/2013\/11\/Hohkar_versichert-249x160.jpg 249w, https:\/\/www.salzburgerland.com\/de\/magazin\/wp-content\/uploads\/2013\/11\/Hohkar_versichert-300x193.jpg 300w, https:\/\/www.salzburgerland.com\/de\/magazin\/wp-content\/uploads\/2013\/11\/Hohkar_versichert-856x550.jpg 856w, https:\/\/www.salzburgerland.com\/de\/magazin\/wp-content\/uploads\/2013\/11\/Hohkar_versichert-622x400.jpg 622w, https:\/\/www.salzburgerland.com\/de\/magazin\/wp-content\/uploads\/2013\/11\/Hohkar_versichert-325x209.jpg 325w, https:\/\/www.salzburgerland.com\/de\/magazin\/wp-content\/uploads\/2013\/11\/Hohkar_versichert-1320x849.jpg 1320w, https:\/\/www.salzburgerland.com\/de\/magazin\/wp-content\/uploads\/2013\/11\/Hohkar_versichert.jpg 1400w\" \/><img decoding=\"async\" alt=\"Zwei mit Seilen gesicherte Kletterer steigen einen steilen, verschneiten und vereisten Berghang hinauf.\" src=\"https:\/\/www.salzburgerland.com\/de\/magazin\/wp-content\/uploads\/2013\/11\/Hohkar_versichert.jpg\" \/>\t<\/picture><\/a><\/figure><\/div><div class=\"col-6 col-sm-4\"><figure><a class=\"thumb-container\" href=\"https:\/\/www.salzburgerland.com\/de\/magazin\/wp-content\/uploads\/2013\/11\/Hohkar-1280x1024.jpg\">\t<picture><source media=\"(min-width: 576px)\" srcset=\"https:\/\/www.salzburgerland.com\/de\/magazin\/wp-content\/uploads\/2013\/11\/Hohkar-325x209.jpg 325w, https:\/\/www.salzburgerland.com\/de\/magazin\/wp-content\/uploads\/2013\/11\/Hohkar-249x160.jpg 249w\" \/><source media=\"(min-width: 0)\" srcset=\"https:\/\/www.salzburgerland.com\/de\/magazin\/wp-content\/uploads\/2013\/11\/Hohkar-249x160.jpg 249w, https:\/\/www.salzburgerland.com\/de\/magazin\/wp-content\/uploads\/2013\/11\/Hohkar-325x209.jpg 325w\" \/><img decoding=\"async\" alt=\"Nahaufnahme einer Eiskletterausr\u00fcstung, die an einem gefrorenen, vereisten Berghang unter blauem Himmel befestigt ist.\" src=\"https:\/\/www.salzburgerland.com\/de\/magazin\/wp-content\/uploads\/2013\/11\/Hohkar.jpg\" \/>\t<\/picture><\/a><\/figure><\/div><div class=\"col-6 col-sm-4\"><figure><a class=\"thumb-container\" href=\"https:\/\/www.salzburgerland.com\/de\/magazin\/wp-content\/uploads\/2013\/11\/Einsatz_hohkar-1280x1024.jpg\">\t<picture><source media=\"(min-width: 576px)\" srcset=\"https:\/\/www.salzburgerland.com\/de\/magazin\/wp-content\/uploads\/2013\/11\/Einsatz_hohkar-325x209.jpg 325w, https:\/\/www.salzburgerland.com\/de\/magazin\/wp-content\/uploads\/2013\/11\/Einsatz_hohkar-249x160.jpg 249w\" \/><source media=\"(min-width: 0)\" srcset=\"https:\/\/www.salzburgerland.com\/de\/magazin\/wp-content\/uploads\/2013\/11\/Einsatz_hohkar-249x160.jpg 249w, https:\/\/www.salzburgerland.com\/de\/magazin\/wp-content\/uploads\/2013\/11\/Einsatz_hohkar-325x209.jpg 325w\" \/><img decoding=\"async\" alt=\"Ein Bergsteiger in Winterausr\u00fcstung erklimmt einen verschneiten Berghang mit B\u00e4umen und Gipfeln im Hintergrund.\" src=\"https:\/\/www.salzburgerland.com\/de\/magazin\/wp-content\/uploads\/2013\/11\/Einsatz_hohkar-scaled.jpg\" \/>\t<\/picture><\/a><\/figure><\/div><div class=\"col-6 col-sm-4\"><figure><a class=\"thumb-container\" href=\"https:\/\/www.salzburgerland.com\/de\/magazin\/wp-content\/uploads\/2013\/11\/absperrung-1280x1024.jpg\">\t<picture><source media=\"(min-width: 576px)\" srcset=\"https:\/\/www.salzburgerland.com\/de\/magazin\/wp-content\/uploads\/2013\/11\/absperrung-325x209.jpg 325w, https:\/\/www.salzburgerland.com\/de\/magazin\/wp-content\/uploads\/2013\/11\/absperrung-249x160.jpg 249w\" \/><source media=\"(min-width: 0)\" srcset=\"https:\/\/www.salzburgerland.com\/de\/magazin\/wp-content\/uploads\/2013\/11\/absperrung-249x160.jpg 249w, https:\/\/www.salzburgerland.com\/de\/magazin\/wp-content\/uploads\/2013\/11\/absperrung-325x209.jpg 325w\" \/><img decoding=\"async\" alt=\"\" src=\"https:\/\/www.salzburgerland.com\/de\/magazin\/wp-content\/uploads\/2013\/11\/absperrung.jpg\" \/>\t<\/picture><\/a><\/figure><\/div><div class=\"col-6 col-sm-4\"><figure><a class=\"thumb-container\" href=\"https:\/\/www.salzburgerland.com\/de\/magazin\/wp-content\/uploads\/2013\/11\/rolandpfund_diego-1280x1024.jpg\">\t<picture><source media=\"(min-width: 576px)\" srcset=\"https:\/\/www.salzburgerland.com\/de\/magazin\/wp-content\/uploads\/2013\/11\/rolandpfund_diego-325x209.jpg 325w, https:\/\/www.salzburgerland.com\/de\/magazin\/wp-content\/uploads\/2013\/11\/rolandpfund_diego-300x193.jpg 300w, https:\/\/www.salzburgerland.com\/de\/magazin\/wp-content\/uploads\/2013\/11\/rolandpfund_diego-856x550.jpg 856w, https:\/\/www.salzburgerland.com\/de\/magazin\/wp-content\/uploads\/2013\/11\/rolandpfund_diego-622x400.jpg 622w, https:\/\/www.salzburgerland.com\/de\/magazin\/wp-content\/uploads\/2013\/11\/rolandpfund_diego-249x160.jpg 249w, https:\/\/www.salzburgerland.com\/de\/magazin\/wp-content\/uploads\/2013\/11\/rolandpfund_diego-1320x849.jpg 1320w, https:\/\/www.salzburgerland.com\/de\/magazin\/wp-content\/uploads\/2013\/11\/rolandpfund_diego.jpg 1400w\" \/><source media=\"(min-width: 0)\" srcset=\"https:\/\/www.salzburgerland.com\/de\/magazin\/wp-content\/uploads\/2013\/11\/rolandpfund_diego-249x160.jpg 249w, https:\/\/www.salzburgerland.com\/de\/magazin\/wp-content\/uploads\/2013\/11\/rolandpfund_diego-300x193.jpg 300w, https:\/\/www.salzburgerland.com\/de\/magazin\/wp-content\/uploads\/2013\/11\/rolandpfund_diego-856x550.jpg 856w, https:\/\/www.salzburgerland.com\/de\/magazin\/wp-content\/uploads\/2013\/11\/rolandpfund_diego-622x400.jpg 622w, https:\/\/www.salzburgerland.com\/de\/magazin\/wp-content\/uploads\/2013\/11\/rolandpfund_diego-325x209.jpg 325w, https:\/\/www.salzburgerland.com\/de\/magazin\/wp-content\/uploads\/2013\/11\/rolandpfund_diego-1320x849.jpg 1320w, https:\/\/www.salzburgerland.com\/de\/magazin\/wp-content\/uploads\/2013\/11\/rolandpfund_diego.jpg 1400w\" \/><img decoding=\"async\" alt=\"\" src=\"https:\/\/www.salzburgerland.com\/de\/magazin\/wp-content\/uploads\/2013\/11\/rolandpfund_diego.jpg\" \/>\t<\/picture><\/a><\/figure><\/div><div class=\"col-6 col-sm-4\"><figure><a class=\"thumb-container\" href=\"https:\/\/www.salzburgerland.com\/de\/magazin\/wp-content\/uploads\/2013\/11\/rolandpfund-1280x1024.jpg\">\t<picture><source media=\"(min-width: 576px)\" srcset=\"https:\/\/www.salzburgerland.com\/de\/magazin\/wp-content\/uploads\/2013\/11\/rolandpfund-325x209.jpg 325w, https:\/\/www.salzburgerland.com\/de\/magazin\/wp-content\/uploads\/2013\/11\/rolandpfund-300x193.jpg 300w, https:\/\/www.salzburgerland.com\/de\/magazin\/wp-content\/uploads\/2013\/11\/rolandpfund-856x550.jpg 856w, https:\/\/www.salzburgerland.com\/de\/magazin\/wp-content\/uploads\/2013\/11\/rolandpfund-622x400.jpg 622w, https:\/\/www.salzburgerland.com\/de\/magazin\/wp-content\/uploads\/2013\/11\/rolandpfund-249x160.jpg 249w, https:\/\/www.salzburgerland.com\/de\/magazin\/wp-content\/uploads\/2013\/11\/rolandpfund-1320x849.jpg 1320w, https:\/\/www.salzburgerland.com\/de\/magazin\/wp-content\/uploads\/2013\/11\/rolandpfund.jpg 1400w\" \/><source media=\"(min-width: 0)\" srcset=\"https:\/\/www.salzburgerland.com\/de\/magazin\/wp-content\/uploads\/2013\/11\/rolandpfund-249x160.jpg 249w, https:\/\/www.salzburgerland.com\/de\/magazin\/wp-content\/uploads\/2013\/11\/rolandpfund-300x193.jpg 300w, https:\/\/www.salzburgerland.com\/de\/magazin\/wp-content\/uploads\/2013\/11\/rolandpfund-856x550.jpg 856w, https:\/\/www.salzburgerland.com\/de\/magazin\/wp-content\/uploads\/2013\/11\/rolandpfund-622x400.jpg 622w, https:\/\/www.salzburgerland.com\/de\/magazin\/wp-content\/uploads\/2013\/11\/rolandpfund-325x209.jpg 325w, https:\/\/www.salzburgerland.com\/de\/magazin\/wp-content\/uploads\/2013\/11\/rolandpfund-1320x849.jpg 1320w, https:\/\/www.salzburgerland.com\/de\/magazin\/wp-content\/uploads\/2013\/11\/rolandpfund.jpg 1400w\" \/><img decoding=\"async\" alt=\"Ein Mann in einer orangefarbenen Jacke benutzt ein Walkie-Talkie in einer verschneiten Umgebung im Freien und tr\u00e4gt ein Stirnband eines Rettungsteams.\" src=\"https:\/\/www.salzburgerland.com\/de\/magazin\/wp-content\/uploads\/2013\/11\/rolandpfund.jpg\" \/>\t<\/picture><\/a><\/figure><\/div><div class=\"col-6 col-sm-4\"><figure><a class=\"thumb-container\" href=\"https:\/\/www.salzburgerland.com\/de\/magazin\/wp-content\/uploads\/2013\/11\/lawinenhund_diego-1280x1024.jpg\">\t<picture><source media=\"(min-width: 576px)\" srcset=\"https:\/\/www.salzburgerland.com\/de\/magazin\/wp-content\/uploads\/2013\/11\/lawinenhund_diego-325x209.jpg 325w, https:\/\/www.salzburgerland.com\/de\/magazin\/wp-content\/uploads\/2013\/11\/lawinenhund_diego-300x193.jpg 300w, https:\/\/www.salzburgerland.com\/de\/magazin\/wp-content\/uploads\/2013\/11\/lawinenhund_diego-856x550.jpg 856w, https:\/\/www.salzburgerland.com\/de\/magazin\/wp-content\/uploads\/2013\/11\/lawinenhund_diego-622x400.jpg 622w, https:\/\/www.salzburgerland.com\/de\/magazin\/wp-content\/uploads\/2013\/11\/lawinenhund_diego-249x160.jpg 249w, https:\/\/www.salzburgerland.com\/de\/magazin\/wp-content\/uploads\/2013\/11\/lawinenhund_diego-1320x849.jpg 1320w, https:\/\/www.salzburgerland.com\/de\/magazin\/wp-content\/uploads\/2013\/11\/lawinenhund_diego.jpg 1400w\" \/><source media=\"(min-width: 0)\" srcset=\"https:\/\/www.salzburgerland.com\/de\/magazin\/wp-content\/uploads\/2013\/11\/lawinenhund_diego-249x160.jpg 249w, https:\/\/www.salzburgerland.com\/de\/magazin\/wp-content\/uploads\/2013\/11\/lawinenhund_diego-300x193.jpg 300w, https:\/\/www.salzburgerland.com\/de\/magazin\/wp-content\/uploads\/2013\/11\/lawinenhund_diego-856x550.jpg 856w, https:\/\/www.salzburgerland.com\/de\/magazin\/wp-content\/uploads\/2013\/11\/lawinenhund_diego-622x400.jpg 622w, https:\/\/www.salzburgerland.com\/de\/magazin\/wp-content\/uploads\/2013\/11\/lawinenhund_diego-325x209.jpg 325w, https:\/\/www.salzburgerland.com\/de\/magazin\/wp-content\/uploads\/2013\/11\/lawinenhund_diego-1320x849.jpg 1320w, https:\/\/www.salzburgerland.com\/de\/magazin\/wp-content\/uploads\/2013\/11\/lawinenhund_diego.jpg 1400w\" \/><img decoding=\"async\" alt=\"\" src=\"https:\/\/www.salzburgerland.com\/de\/magazin\/wp-content\/uploads\/2013\/11\/lawinenhund_diego.jpg\" \/>\t<\/picture><\/a><\/figure><\/div><div class=\"col-6 col-sm-4\"><figure><a class=\"thumb-container\" href=\"https:\/\/www.salzburgerland.com\/de\/magazin\/wp-content\/uploads\/2013\/11\/diego_roli-1280x1024.jpg\">\t<picture><source media=\"(min-width: 576px)\" srcset=\"https:\/\/www.salzburgerland.com\/de\/magazin\/wp-content\/uploads\/2013\/11\/diego_roli-418x650.jpg 418w, https:\/\/www.salzburgerland.com\/de\/magazin\/wp-content\/uploads\/2013\/11\/diego_roli-193x300.jpg 193w, https:\/\/www.salzburgerland.com\/de\/magazin\/wp-content\/uploads\/2013\/11\/diego_roli-354x550.jpg 354w, https:\/\/www.salzburgerland.com\/de\/magazin\/wp-content\/uploads\/2013\/11\/diego_roli-257x400.jpg 257w, https:\/\/www.salzburgerland.com\/de\/magazin\/wp-content\/uploads\/2013\/11\/diego_roli.jpg 900w\" \/><source media=\"(min-width: 0)\" srcset=\"https:\/\/www.salzburgerland.com\/de\/magazin\/wp-content\/uploads\/2013\/11\/diego_roli.jpg 900w, https:\/\/www.salzburgerland.com\/de\/magazin\/wp-content\/uploads\/2013\/11\/diego_roli-193x300.jpg 193w, https:\/\/www.salzburgerland.com\/de\/magazin\/wp-content\/uploads\/2013\/11\/diego_roli-354x550.jpg 354w, https:\/\/www.salzburgerland.com\/de\/magazin\/wp-content\/uploads\/2013\/11\/diego_roli-257x400.jpg 257w, https:\/\/www.salzburgerland.com\/de\/magazin\/wp-content\/uploads\/2013\/11\/diego_roli-418x650.jpg 418w\" \/><img decoding=\"async\" alt=\"\" src=\"https:\/\/www.salzburgerland.com\/de\/magazin\/wp-content\/uploads\/2013\/11\/diego_roli.jpg\" \/>\t<\/picture><\/a><\/figure><\/div><div class=\"col-6 col-sm-4\"><figure><a class=\"thumb-container\" href=\"https:\/\/www.salzburgerland.com\/de\/magazin\/wp-content\/uploads\/2013\/11\/Unbenannt2-1280x1024.jpg\">\t<picture><source media=\"(min-width: 576px)\" srcset=\"https:\/\/www.salzburgerland.com\/de\/magazin\/wp-content\/uploads\/2013\/11\/Unbenannt2-325x209.jpg 325w, https:\/\/www.salzburgerland.com\/de\/magazin\/wp-content\/uploads\/2013\/11\/Unbenannt2-249x160.jpg 249w\" \/><source media=\"(min-width: 0)\" srcset=\"https:\/\/www.salzburgerland.com\/de\/magazin\/wp-content\/uploads\/2013\/11\/Unbenannt2-249x160.jpg 249w, https:\/\/www.salzburgerland.com\/de\/magazin\/wp-content\/uploads\/2013\/11\/Unbenannt2-325x209.jpg 325w\" \/><img decoding=\"async\" alt=\"\" src=\"https:\/\/www.salzburgerland.com\/de\/magazin\/wp-content\/uploads\/2013\/11\/Unbenannt2.jpg\" \/>\t<\/picture><\/a><\/figure><\/div><div class=\"col-6 col-sm-4\"><figure><a class=\"thumb-container\" href=\"https:\/\/www.salzburgerland.com\/de\/magazin\/wp-content\/uploads\/2013\/11\/\u00aeCoenWeesjes-20130223-2052-1280x1024.jpg\">\t<picture><source media=\"(min-width: 576px)\" srcset=\"https:\/\/www.salzburgerland.com\/de\/magazin\/wp-content\/uploads\/2013\/11\/\u00aeCoenWeesjes-20130223-2052-325x209.jpg 325w, https:\/\/www.salzburgerland.com\/de\/magazin\/wp-content\/uploads\/2013\/11\/\u00aeCoenWeesjes-20130223-2052-300x193.jpg 300w, https:\/\/www.salzburgerland.com\/de\/magazin\/wp-content\/uploads\/2013\/11\/\u00aeCoenWeesjes-20130223-2052-856x550.jpg 856w, https:\/\/www.salzburgerland.com\/de\/magazin\/wp-content\/uploads\/2013\/11\/\u00aeCoenWeesjes-20130223-2052-622x400.jpg 622w, https:\/\/www.salzburgerland.com\/de\/magazin\/wp-content\/uploads\/2013\/11\/\u00aeCoenWeesjes-20130223-2052-249x160.jpg 249w, https:\/\/www.salzburgerland.com\/de\/magazin\/wp-content\/uploads\/2013\/11\/\u00aeCoenWeesjes-20130223-2052-1320x849.jpg 1320w, https:\/\/www.salzburgerland.com\/de\/magazin\/wp-content\/uploads\/2013\/11\/\u00aeCoenWeesjes-20130223-2052.jpg 1400w\" \/><source media=\"(min-width: 0)\" srcset=\"https:\/\/www.salzburgerland.com\/de\/magazin\/wp-content\/uploads\/2013\/11\/\u00aeCoenWeesjes-20130223-2052-249x160.jpg 249w, https:\/\/www.salzburgerland.com\/de\/magazin\/wp-content\/uploads\/2013\/11\/\u00aeCoenWeesjes-20130223-2052-300x193.jpg 300w, https:\/\/www.salzburgerland.com\/de\/magazin\/wp-content\/uploads\/2013\/11\/\u00aeCoenWeesjes-20130223-2052-856x550.jpg 856w, https:\/\/www.salzburgerland.com\/de\/magazin\/wp-content\/uploads\/2013\/11\/\u00aeCoenWeesjes-20130223-2052-622x400.jpg 622w, https:\/\/www.salzburgerland.com\/de\/magazin\/wp-content\/uploads\/2013\/11\/\u00aeCoenWeesjes-20130223-2052-325x209.jpg 325w, https:\/\/www.salzburgerland.com\/de\/magazin\/wp-content\/uploads\/2013\/11\/\u00aeCoenWeesjes-20130223-2052-1320x849.jpg 1320w, https:\/\/www.salzburgerland.com\/de\/magazin\/wp-content\/uploads\/2013\/11\/\u00aeCoenWeesjes-20130223-2052.jpg 1400w\" \/><img decoding=\"async\" alt=\"\" src=\"https:\/\/www.salzburgerland.com\/de\/magazin\/wp-content\/uploads\/2013\/11\/\u00aeCoenWeesjes-20130223-2052.jpg\" \/>\t<\/picture><\/a><\/figure><\/div><div class=\"col-6 col-sm-4\"><figure><a class=\"thumb-container\" href=\"https:\/\/www.salzburgerland.com\/de\/magazin\/wp-content\/uploads\/2013\/11\/DSC04195-1-1280x1024.jpg\">\t<picture><source media=\"(min-width: 576px)\" srcset=\"https:\/\/www.salzburgerland.com\/de\/magazin\/wp-content\/uploads\/2013\/11\/DSC04195-1-325x209.jpg 325w, https:\/\/www.salzburgerland.com\/de\/magazin\/wp-content\/uploads\/2013\/11\/DSC04195-1-249x160.jpg 249w\" \/><source media=\"(min-width: 0)\" srcset=\"https:\/\/www.salzburgerland.com\/de\/magazin\/wp-content\/uploads\/2013\/11\/DSC04195-1-249x160.jpg 249w, https:\/\/www.salzburgerland.com\/de\/magazin\/wp-content\/uploads\/2013\/11\/DSC04195-1-325x209.jpg 325w\" \/><img decoding=\"async\" alt=\"\" src=\"https:\/\/www.salzburgerland.com\/de\/magazin\/wp-content\/uploads\/2013\/11\/DSC04195-1.jpg\" \/>\t<\/picture><\/a><\/figure><\/div><\/div><\/div><figcaption><\/figcaption>\n","protected":false},"excerpt":{"rendered":"<p>Das Gasteinertal bietet Traumbedingungen f\u00fcr Skifahrer. Voll auf ihre Kosten kommen nat\u00fcrlich auch die Variantenfahrer, denn herrliche Tiefschneeabfahrten lassen hier jedes Freeriderherz h\u00f6her schlagen. Ultimativer Powderspa\u00df setzt aber auch risikobewusstes Verhalten voraus. Damit ein Bergrettungseinsatz und Lebensgefahr nicht zur Kehrseite des Pulvergl\u00fccks wird&#8230; Es ist der 31.Dezember, Silvesternachmittag. Den ganzen Tag hat es im Gasteinertal [&hellip;]<\/p>\n","protected":false},"author":217,"featured_media":75701,"comment_status":"open","ping_status":"open","sticky":false,"template":"","format":"standard","meta":{"_acf_changed":false,"wl_entities_gutenberg":"","_wl_entity_redirect_enabled":"","footnotes":""},"categories":[4],"tags":[],"wl_entity_type":[306],"monatsauswahl":[84,92],"class_list":["post-74697","post","type-post","status-publish","format-standard","has-post-thumbnail","hentry","category-gesundheit","wl_entity_type-article","monatsauswahl-monat_3","monatsauswahl-monat_11"],"acf":[],"yoast_head":"<!-- This site is optimized with the Yoast SEO Premium plugin v27.4 (Yoast SEO v27.4) - https:\/\/yoast.com\/product\/yoast-seo-premium-wordpress\/ -->\n<title>Sicher abseits der Pisten - SalzburgerLand Magazin<\/title>\n<meta name=\"description\" content=\"Das Gasteinertal bietet Traumbedingungen f\u00fcr Skifahrer. Voll auf ihre Kosten kommen nat\u00fcrlich auch die Variantenfahrer, denn herrliche Tiefschneeabfahrten lassen hier jedes Freeriderherz h\u00f6her schlagen. Ultimativer Powderspa\u00df setzt aber auch risikobewusstes Verhalten voraus. Damit ein Bergrettungseinsatz und Lebensgefahr nicht zur Kehrseite des Pulvergl\u00fccks wird&#8230; Es ist der 31.Dezember, Silvesternachmittag. Den ganzen Tag hat es im Gasteinertal [&hellip;]\" \/>\n<meta name=\"robots\" content=\"index, follow, max-snippet:-1, max-image-preview:large, max-video-preview:-1\" \/>\n<link rel=\"canonical\" href=\"https:\/\/www.salzburgerland.com\/de\/magazin\/sicher-abseits-der-pisten\/\" \/>\n<meta property=\"og:locale\" content=\"de_DE\" \/>\n<meta property=\"og:type\" content=\"article\" \/>\n<meta property=\"og:title\" content=\"Sicher abseits der Pisten\" \/>\n<meta property=\"og:description\" content=\"Das Gasteinertal bietet Traumbedingungen f\u00fcr Skifahrer. Voll auf ihre Kosten kommen nat\u00fcrlich auch die Variantenfahrer, denn herrliche Tiefschneeabfahrten lassen hier jedes Freeriderherz h\u00f6her schlagen. Ultimativer Powderspa\u00df setzt aber auch risikobewusstes Verhalten voraus. Damit ein Bergrettungseinsatz und Lebensgefahr nicht zur Kehrseite des Pulvergl\u00fccks wird&#8230; Es ist der 31.Dezember, Silvesternachmittag. Den ganzen Tag hat es im Gasteinertal [&hellip;]\" \/>\n<meta property=\"og:url\" content=\"https:\/\/www.salzburgerland.com\/de\/magazin\/sicher-abseits-der-pisten\/\" \/>\n<meta property=\"og:site_name\" content=\"SalzburgerLand Magazin\" \/>\n<meta property=\"article:publisher\" content=\"https:\/\/www.facebook.com\/salzburgerland\/\" \/>\n<meta property=\"article:published_time\" content=\"2013-11-28T15:33:20+00:00\" \/>\n<meta property=\"article:modified_time\" content=\"2019-06-26T18:20:18+00:00\" \/>\n<meta property=\"og:image\" content=\"https:\/\/www.salzburgerland.com\/de\/magazin\/wp-content\/uploads\/2013\/11\/\u00aeCoenWeesjes-20130223-2052.jpg\" \/>\n\t<meta property=\"og:image:width\" content=\"1400\" \/>\n\t<meta property=\"og:image:height\" content=\"900\" \/>\n\t<meta property=\"og:image:type\" content=\"image\/jpeg\" \/>\n<meta name=\"author\" content=\"Maria Riedler\" \/>\n<meta name=\"twitter:card\" content=\"summary_large_image\" \/>\n<meta name=\"twitter:creator\" content=\"@Salzburgerland\" \/>\n<meta name=\"twitter:site\" content=\"@Salzburgerland\" \/>\n<meta name=\"twitter:label1\" content=\"Verfasst von\" \/>\n\t<meta name=\"twitter:data1\" content=\"Maria Riedler\" \/>\n\t<meta name=\"twitter:label2\" content=\"Gesch\u00e4tzte Lesezeit\" \/>\n\t<meta name=\"twitter:data2\" content=\"5\u00a0Minuten\" \/>\n<script type=\"application\/ld+json\" class=\"yoast-schema-graph\">{\"@context\":\"https:\\\/\\\/schema.org\",\"@graph\":[{\"@type\":\"Article\",\"@id\":\"https:\\\/\\\/www.salzburgerland.com\\\/de\\\/magazin\\\/sicher-abseits-der-pisten\\\/#article\",\"isPartOf\":{\"@id\":\"https:\\\/\\\/www.salzburgerland.com\\\/de\\\/magazin\\\/sicher-abseits-der-pisten\\\/\"},\"author\":{\"name\":\"Maria Riedler\",\"@id\":\"https:\\\/\\\/www.salzburgerland.com\\\/de\\\/magazin\\\/#\\\/schema\\\/person\\\/0cd712588b834668bcd33d7a0668adb3\"},\"headline\":\"Sicher abseits der Pisten\",\"datePublished\":\"2013-11-28T15:33:20+00:00\",\"dateModified\":\"2019-06-26T18:20:18+00:00\",\"mainEntityOfPage\":{\"@id\":\"https:\\\/\\\/www.salzburgerland.com\\\/de\\\/magazin\\\/sicher-abseits-der-pisten\\\/\"},\"wordCount\":993,\"commentCount\":0,\"publisher\":{\"@id\":\"https:\\\/\\\/www.salzburgerland.com\\\/de\\\/magazin\\\/#organization\"},\"image\":{\"@id\":\"https:\\\/\\\/www.salzburgerland.com\\\/de\\\/magazin\\\/sicher-abseits-der-pisten\\\/#primaryimage\"},\"thumbnailUrl\":\"https:\\\/\\\/www.salzburgerland.com\\\/de\\\/magazin\\\/wp-content\\\/uploads\\\/2013\\\/11\\\/\u00aeCoenWeesjes-20130223-2052.jpg\",\"articleSection\":[\"Gesundheit\"],\"inLanguage\":\"de\",\"potentialAction\":[{\"@type\":\"CommentAction\",\"name\":\"Comment\",\"target\":[\"https:\\\/\\\/www.salzburgerland.com\\\/de\\\/magazin\\\/sicher-abseits-der-pisten\\\/#respond\"]}]},{\"@type\":\"WebPage\",\"@id\":\"https:\\\/\\\/www.salzburgerland.com\\\/de\\\/magazin\\\/sicher-abseits-der-pisten\\\/\",\"url\":\"https:\\\/\\\/www.salzburgerland.com\\\/de\\\/magazin\\\/sicher-abseits-der-pisten\\\/\",\"name\":\"Sicher abseits der Pisten - SalzburgerLand Magazin\",\"isPartOf\":{\"@id\":\"https:\\\/\\\/www.salzburgerland.com\\\/de\\\/magazin\\\/#website\"},\"primaryImageOfPage\":{\"@id\":\"https:\\\/\\\/www.salzburgerland.com\\\/de\\\/magazin\\\/sicher-abseits-der-pisten\\\/#primaryimage\"},\"image\":{\"@id\":\"https:\\\/\\\/www.salzburgerland.com\\\/de\\\/magazin\\\/sicher-abseits-der-pisten\\\/#primaryimage\"},\"thumbnailUrl\":\"https:\\\/\\\/www.salzburgerland.com\\\/de\\\/magazin\\\/wp-content\\\/uploads\\\/2013\\\/11\\\/\u00aeCoenWeesjes-20130223-2052.jpg\",\"datePublished\":\"2013-11-28T15:33:20+00:00\",\"dateModified\":\"2019-06-26T18:20:18+00:00\",\"breadcrumb\":{\"@id\":\"https:\\\/\\\/www.salzburgerland.com\\\/de\\\/magazin\\\/sicher-abseits-der-pisten\\\/#breadcrumb\"},\"inLanguage\":\"de\",\"potentialAction\":[{\"@type\":\"ReadAction\",\"target\":[\"https:\\\/\\\/www.salzburgerland.com\\\/de\\\/magazin\\\/sicher-abseits-der-pisten\\\/\"]}]},{\"@type\":\"ImageObject\",\"inLanguage\":\"de\",\"@id\":\"https:\\\/\\\/www.salzburgerland.com\\\/de\\\/magazin\\\/sicher-abseits-der-pisten\\\/#primaryimage\",\"url\":\"https:\\\/\\\/www.salzburgerland.com\\\/de\\\/magazin\\\/wp-content\\\/uploads\\\/2013\\\/11\\\/\u00aeCoenWeesjes-20130223-2052.jpg\",\"contentUrl\":\"https:\\\/\\\/www.salzburgerland.com\\\/de\\\/magazin\\\/wp-content\\\/uploads\\\/2013\\\/11\\\/\u00aeCoenWeesjes-20130223-2052.jpg\",\"width\":1400,\"height\":900},{\"@type\":\"BreadcrumbList\",\"@id\":\"https:\\\/\\\/www.salzburgerland.com\\\/de\\\/magazin\\\/sicher-abseits-der-pisten\\\/#breadcrumb\",\"itemListElement\":[{\"@type\":\"ListItem\",\"position\":1,\"name\":\"Startseite\",\"item\":\"https:\\\/\\\/www.salzburgerland.com\\\/de\\\/magazin\\\/\"},{\"@type\":\"ListItem\",\"position\":2,\"name\":\"Gesundheit\",\"item\":\"https:\\\/\\\/www.salzburgerland.com\\\/de\\\/magazin\\\/thema\\\/gesundheit\\\/\"},{\"@type\":\"ListItem\",\"position\":3,\"name\":\"Sicher abseits der Pisten\"}]},{\"@type\":\"WebSite\",\"@id\":\"https:\\\/\\\/www.salzburgerland.com\\\/de\\\/magazin\\\/#website\",\"url\":\"https:\\\/\\\/www.salzburgerland.com\\\/de\\\/magazin\\\/\",\"name\":\"SalzburgerLand Magazin\",\"description\":\"Geschichten und Interessantes aus dem SalzburgerLand\",\"publisher\":{\"@id\":\"https:\\\/\\\/www.salzburgerland.com\\\/de\\\/magazin\\\/#organization\"},\"potentialAction\":[{\"@type\":\"SearchAction\",\"target\":{\"@type\":\"EntryPoint\",\"urlTemplate\":\"https:\\\/\\\/www.salzburgerland.com\\\/de\\\/magazin\\\/?s={search_term_string}\"},\"query-input\":{\"@type\":\"PropertyValueSpecification\",\"valueRequired\":true,\"valueName\":\"search_term_string\"}}],\"inLanguage\":\"de\"},{\"@type\":\"Organization\",\"@id\":\"https:\\\/\\\/www.salzburgerland.com\\\/de\\\/magazin\\\/#organization\",\"name\":\"SalzburgerLand Tourismus\",\"url\":\"https:\\\/\\\/www.salzburgerland.com\\\/de\\\/magazin\\\/\",\"logo\":{\"@type\":\"ImageObject\",\"inLanguage\":\"de\",\"@id\":\"https:\\\/\\\/www.salzburgerland.com\\\/de\\\/magazin\\\/#\\\/schema\\\/logo\\\/image\\\/\",\"url\":\"https:\\\/\\\/www.salzburgerland.com\\\/de\\\/magazin\\\/wp-content\\\/uploads\\\/2019\\\/06\\\/salzburgerland-logo1.jpg\",\"contentUrl\":\"https:\\\/\\\/www.salzburgerland.com\\\/de\\\/magazin\\\/wp-content\\\/uploads\\\/2019\\\/06\\\/salzburgerland-logo1.jpg\",\"width\":2011,\"height\":866,\"caption\":\"SalzburgerLand Tourismus\"},\"image\":{\"@id\":\"https:\\\/\\\/www.salzburgerland.com\\\/de\\\/magazin\\\/#\\\/schema\\\/logo\\\/image\\\/\"},\"sameAs\":[\"https:\\\/\\\/www.facebook.com\\\/salzburgerland\\\/\",\"https:\\\/\\\/x.com\\\/Salzburgerland\",\"https:\\\/\\\/www.instagram.com\\\/salzburgerland\\\/\",\"https:\\\/\\\/at.linkedin.com\\\/company\\\/salzburgerland-tourismus-gmbh\",\"https:\\\/\\\/www.pinterest.at\\\/salzburgerland\\\/\",\"https:\\\/\\\/www.youtube.com\\\/user\\\/salzburgerland\",\"https:\\\/\\\/de.wikipedia.org\\\/wiki\\\/SalzburgerLand_Tourismus_GmbH\"]},{\"@type\":\"Person\",\"@id\":\"https:\\\/\\\/www.salzburgerland.com\\\/de\\\/magazin\\\/#\\\/schema\\\/person\\\/0cd712588b834668bcd33d7a0668adb3\",\"name\":\"Maria Riedler\",\"description\":\"Ein Bild sagt mehr als tausend Worte, hei\u00dft es. Aber genauso wichtig ist die Geschichte dazu. Spannende Texte haben nicht nur einen gro\u00dfen Effekt auf unsere Wahrnehmung, sie lassen auch das Kopfkino in uns starten! Den Dingen nachzusp\u00fcren und auf den Grund zu gehen, das geh\u00f6rt jedenfalls seit meiner Jugendzeit zu mir ... Maria Riedler studierte neben ihrer T\u00e4tigkeit als Kinderkrankenschwester Publizistik und P\u00e4dagogik. Nach dem Studium verbrachte sie \u00fcber zwei Jahre in Australien, wo sie f\u00fcr den staatlichen Rundfunk SBS arbeitete. Anschlie\u00dfend war sie f\u00fcnf Jahre freie Mitarbeiterin im ORF Landesstudio Salzburg, weiters Kommunikationsbeauftragte beim Arbeitskreis f\u00fcr Vorsorgemedizin Salzburg (AVOS), war freiberufliche Journalistin bei der Salzburgerin und ist als Redakteurin f\u00fcr die Pongauer Nachrichten t\u00e4tig. Neben Schreiben, Fotografieren und Lesen liebt sie vor allem unsere Berge und ist ehrenamtlich Bergrettungshundef\u00fchrerin und Pressereferentin der Bergrettung Salzburg. Dosige(r) oder Zuagroast? Eindeutig dosig - aus dem\u00a0einmaligen Lungau. Fr\u00fchling, Sommer, Herbst oder Winter? Nachdem ich auch einige Jahre in Australien gelebt habe, bin ich mir sicher, dass uns weltweit die Menschen um diese so unterschiedlich sch\u00f6nen und so facettenreichen Jahreszeiten beneiden. Luxushotel oder Almh\u00fctte? Obwohl so ein Luxushotel schon seine Reize hat, genie\u00dfe ich doch meist eher die Einsamkeit auf einer Almh\u00fctte\u2026. Mozart oder Hubert von Goisern? Wie sch\u00f6n, dass wir so begnadete Musiker haben!\u00a0Leider\u00a0gibt es f\u00fcr mich - wie so oft - siehe oben und unten :-) kein Entweder-Oder\u2026 Ausstellung oder Bergpanorama? \\\"Kunst w\u00e4scht den Staub des Alltag von der Seele\\\", meinte Pablo Picasso. \u00a0Die Berge und deren Traumpanorama brauche ich auch, um mir\u00a0neue Perspektiven vom Leben zu holen.\u00a0Also:\u00a0Es muss doch mehr als alles geben \u00a0- wahrscheinlich mein Lebensmotto, deshalb bitte keine weiteren Entweder-Oder Fragen!\u00a0:-) Wer jemals einen Sonnenaufgang oder Sonnenuntergang in unseren Bergen erlebt hat, wei\u00df um die Einmaligkeit dieser Bilder und Eindr\u00fccke.\",\"url\":\"https:\\\/\\\/www.salzburgerland.com\\\/de\\\/magazin\\\/author\\\/mriedler\\\/\"}]}<\/script>\n<!-- \/ Yoast SEO Premium plugin. -->","yoast_head_json":{"title":"Sicher abseits der Pisten - SalzburgerLand Magazin","description":"Das Gasteinertal bietet Traumbedingungen f\u00fcr Skifahrer. Voll auf ihre Kosten kommen nat\u00fcrlich auch die Variantenfahrer, denn herrliche Tiefschneeabfahrten lassen hier jedes Freeriderherz h\u00f6her schlagen. Ultimativer Powderspa\u00df setzt aber auch risikobewusstes Verhalten voraus. Damit ein Bergrettungseinsatz und Lebensgefahr nicht zur Kehrseite des Pulvergl\u00fccks wird&#8230; Es ist der 31.Dezember, Silvesternachmittag. Den ganzen Tag hat es im Gasteinertal [&hellip;]","robots":{"index":"index","follow":"follow","max-snippet":"max-snippet:-1","max-image-preview":"max-image-preview:large","max-video-preview":"max-video-preview:-1"},"canonical":"https:\/\/www.salzburgerland.com\/de\/magazin\/sicher-abseits-der-pisten\/","og_locale":"de_DE","og_type":"article","og_title":"Sicher abseits der Pisten","og_description":"Das Gasteinertal bietet Traumbedingungen f\u00fcr Skifahrer. Voll auf ihre Kosten kommen nat\u00fcrlich auch die Variantenfahrer, denn herrliche Tiefschneeabfahrten lassen hier jedes Freeriderherz h\u00f6her schlagen. Ultimativer Powderspa\u00df setzt aber auch risikobewusstes Verhalten voraus. Damit ein Bergrettungseinsatz und Lebensgefahr nicht zur Kehrseite des Pulvergl\u00fccks wird&#8230; Es ist der 31.Dezember, Silvesternachmittag. Den ganzen Tag hat es im Gasteinertal [&hellip;]","og_url":"https:\/\/www.salzburgerland.com\/de\/magazin\/sicher-abseits-der-pisten\/","og_site_name":"SalzburgerLand Magazin","article_publisher":"https:\/\/www.facebook.com\/salzburgerland\/","article_published_time":"2013-11-28T15:33:20+00:00","article_modified_time":"2019-06-26T18:20:18+00:00","og_image":[{"width":1400,"height":900,"url":"https:\/\/www.salzburgerland.com\/de\/magazin\/wp-content\/uploads\/2013\/11\/\u00aeCoenWeesjes-20130223-2052.jpg","type":"image\/jpeg"}],"author":"Maria Riedler","twitter_card":"summary_large_image","twitter_creator":"@Salzburgerland","twitter_site":"@Salzburgerland","twitter_misc":{"Verfasst von":"Maria Riedler","Gesch\u00e4tzte Lesezeit":"5\u00a0Minuten"},"schema":{"@context":"https:\/\/schema.org","@graph":[{"@type":"Article","@id":"https:\/\/www.salzburgerland.com\/de\/magazin\/sicher-abseits-der-pisten\/#article","isPartOf":{"@id":"https:\/\/www.salzburgerland.com\/de\/magazin\/sicher-abseits-der-pisten\/"},"author":{"name":"Maria Riedler","@id":"https:\/\/www.salzburgerland.com\/de\/magazin\/#\/schema\/person\/0cd712588b834668bcd33d7a0668adb3"},"headline":"Sicher abseits der Pisten","datePublished":"2013-11-28T15:33:20+00:00","dateModified":"2019-06-26T18:20:18+00:00","mainEntityOfPage":{"@id":"https:\/\/www.salzburgerland.com\/de\/magazin\/sicher-abseits-der-pisten\/"},"wordCount":993,"commentCount":0,"publisher":{"@id":"https:\/\/www.salzburgerland.com\/de\/magazin\/#organization"},"image":{"@id":"https:\/\/www.salzburgerland.com\/de\/magazin\/sicher-abseits-der-pisten\/#primaryimage"},"thumbnailUrl":"https:\/\/www.salzburgerland.com\/de\/magazin\/wp-content\/uploads\/2013\/11\/\u00aeCoenWeesjes-20130223-2052.jpg","articleSection":["Gesundheit"],"inLanguage":"de","potentialAction":[{"@type":"CommentAction","name":"Comment","target":["https:\/\/www.salzburgerland.com\/de\/magazin\/sicher-abseits-der-pisten\/#respond"]}]},{"@type":"WebPage","@id":"https:\/\/www.salzburgerland.com\/de\/magazin\/sicher-abseits-der-pisten\/","url":"https:\/\/www.salzburgerland.com\/de\/magazin\/sicher-abseits-der-pisten\/","name":"Sicher abseits der Pisten - SalzburgerLand Magazin","isPartOf":{"@id":"https:\/\/www.salzburgerland.com\/de\/magazin\/#website"},"primaryImageOfPage":{"@id":"https:\/\/www.salzburgerland.com\/de\/magazin\/sicher-abseits-der-pisten\/#primaryimage"},"image":{"@id":"https:\/\/www.salzburgerland.com\/de\/magazin\/sicher-abseits-der-pisten\/#primaryimage"},"thumbnailUrl":"https:\/\/www.salzburgerland.com\/de\/magazin\/wp-content\/uploads\/2013\/11\/\u00aeCoenWeesjes-20130223-2052.jpg","datePublished":"2013-11-28T15:33:20+00:00","dateModified":"2019-06-26T18:20:18+00:00","breadcrumb":{"@id":"https:\/\/www.salzburgerland.com\/de\/magazin\/sicher-abseits-der-pisten\/#breadcrumb"},"inLanguage":"de","potentialAction":[{"@type":"ReadAction","target":["https:\/\/www.salzburgerland.com\/de\/magazin\/sicher-abseits-der-pisten\/"]}]},{"@type":"ImageObject","inLanguage":"de","@id":"https:\/\/www.salzburgerland.com\/de\/magazin\/sicher-abseits-der-pisten\/#primaryimage","url":"https:\/\/www.salzburgerland.com\/de\/magazin\/wp-content\/uploads\/2013\/11\/\u00aeCoenWeesjes-20130223-2052.jpg","contentUrl":"https:\/\/www.salzburgerland.com\/de\/magazin\/wp-content\/uploads\/2013\/11\/\u00aeCoenWeesjes-20130223-2052.jpg","width":1400,"height":900},{"@type":"BreadcrumbList","@id":"https:\/\/www.salzburgerland.com\/de\/magazin\/sicher-abseits-der-pisten\/#breadcrumb","itemListElement":[{"@type":"ListItem","position":1,"name":"Startseite","item":"https:\/\/www.salzburgerland.com\/de\/magazin\/"},{"@type":"ListItem","position":2,"name":"Gesundheit","item":"https:\/\/www.salzburgerland.com\/de\/magazin\/thema\/gesundheit\/"},{"@type":"ListItem","position":3,"name":"Sicher abseits der Pisten"}]},{"@type":"WebSite","@id":"https:\/\/www.salzburgerland.com\/de\/magazin\/#website","url":"https:\/\/www.salzburgerland.com\/de\/magazin\/","name":"SalzburgerLand Magazin","description":"Geschichten und Interessantes aus dem SalzburgerLand","publisher":{"@id":"https:\/\/www.salzburgerland.com\/de\/magazin\/#organization"},"potentialAction":[{"@type":"SearchAction","target":{"@type":"EntryPoint","urlTemplate":"https:\/\/www.salzburgerland.com\/de\/magazin\/?s={search_term_string}"},"query-input":{"@type":"PropertyValueSpecification","valueRequired":true,"valueName":"search_term_string"}}],"inLanguage":"de"},{"@type":"Organization","@id":"https:\/\/www.salzburgerland.com\/de\/magazin\/#organization","name":"SalzburgerLand Tourismus","url":"https:\/\/www.salzburgerland.com\/de\/magazin\/","logo":{"@type":"ImageObject","inLanguage":"de","@id":"https:\/\/www.salzburgerland.com\/de\/magazin\/#\/schema\/logo\/image\/","url":"https:\/\/www.salzburgerland.com\/de\/magazin\/wp-content\/uploads\/2019\/06\/salzburgerland-logo1.jpg","contentUrl":"https:\/\/www.salzburgerland.com\/de\/magazin\/wp-content\/uploads\/2019\/06\/salzburgerland-logo1.jpg","width":2011,"height":866,"caption":"SalzburgerLand Tourismus"},"image":{"@id":"https:\/\/www.salzburgerland.com\/de\/magazin\/#\/schema\/logo\/image\/"},"sameAs":["https:\/\/www.facebook.com\/salzburgerland\/","https:\/\/x.com\/Salzburgerland","https:\/\/www.instagram.com\/salzburgerland\/","https:\/\/at.linkedin.com\/company\/salzburgerland-tourismus-gmbh","https:\/\/www.pinterest.at\/salzburgerland\/","https:\/\/www.youtube.com\/user\/salzburgerland","https:\/\/de.wikipedia.org\/wiki\/SalzburgerLand_Tourismus_GmbH"]},{"@type":"Person","@id":"https:\/\/www.salzburgerland.com\/de\/magazin\/#\/schema\/person\/0cd712588b834668bcd33d7a0668adb3","name":"Maria Riedler","description":"Ein Bild sagt mehr als tausend Worte, hei\u00dft es. Aber genauso wichtig ist die Geschichte dazu. Spannende Texte haben nicht nur einen gro\u00dfen Effekt auf unsere Wahrnehmung, sie lassen auch das Kopfkino in uns starten! Den Dingen nachzusp\u00fcren und auf den Grund zu gehen, das geh\u00f6rt jedenfalls seit meiner Jugendzeit zu mir ... Maria Riedler studierte neben ihrer T\u00e4tigkeit als Kinderkrankenschwester Publizistik und P\u00e4dagogik. Nach dem Studium verbrachte sie \u00fcber zwei Jahre in Australien, wo sie f\u00fcr den staatlichen Rundfunk SBS arbeitete. Anschlie\u00dfend war sie f\u00fcnf Jahre freie Mitarbeiterin im ORF Landesstudio Salzburg, weiters Kommunikationsbeauftragte beim Arbeitskreis f\u00fcr Vorsorgemedizin Salzburg (AVOS), war freiberufliche Journalistin bei der Salzburgerin und ist als Redakteurin f\u00fcr die Pongauer Nachrichten t\u00e4tig. Neben Schreiben, Fotografieren und Lesen liebt sie vor allem unsere Berge und ist ehrenamtlich Bergrettungshundef\u00fchrerin und Pressereferentin der Bergrettung Salzburg. Dosige(r) oder Zuagroast? Eindeutig dosig - aus dem\u00a0einmaligen Lungau. Fr\u00fchling, Sommer, Herbst oder Winter? Nachdem ich auch einige Jahre in Australien gelebt habe, bin ich mir sicher, dass uns weltweit die Menschen um diese so unterschiedlich sch\u00f6nen und so facettenreichen Jahreszeiten beneiden. Luxushotel oder Almh\u00fctte? Obwohl so ein Luxushotel schon seine Reize hat, genie\u00dfe ich doch meist eher die Einsamkeit auf einer Almh\u00fctte\u2026. Mozart oder Hubert von Goisern? Wie sch\u00f6n, dass wir so begnadete Musiker haben!\u00a0Leider\u00a0gibt es f\u00fcr mich - wie so oft - siehe oben und unten :-) kein Entweder-Oder\u2026 Ausstellung oder Bergpanorama? \"Kunst w\u00e4scht den Staub des Alltag von der Seele\", meinte Pablo Picasso. \u00a0Die Berge und deren Traumpanorama brauche ich auch, um mir\u00a0neue Perspektiven vom Leben zu holen.\u00a0Also:\u00a0Es muss doch mehr als alles geben \u00a0- wahrscheinlich mein Lebensmotto, deshalb bitte keine weiteren Entweder-Oder Fragen!\u00a0:-) Wer jemals einen Sonnenaufgang oder Sonnenuntergang in unseren Bergen erlebt hat, wei\u00df um die Einmaligkeit dieser Bilder und Eindr\u00fccke.","url":"https:\/\/www.salzburgerland.com\/de\/magazin\/author\/mriedler\/"}]}},"_wl_alt_label":[],"wl:entity_url":"http:\/\/open.salzburgerland.com\/magazin\/post\/sicher_abseits_der_pisten","_links":{"self":[{"href":"https:\/\/www.salzburgerland.com\/de\/magazin\/wp-json\/wp\/v2\/posts\/74697","targetHints":{"allow":["GET"]}}],"collection":[{"href":"https:\/\/www.salzburgerland.com\/de\/magazin\/wp-json\/wp\/v2\/posts"}],"about":[{"href":"https:\/\/www.salzburgerland.com\/de\/magazin\/wp-json\/wp\/v2\/types\/post"}],"author":[{"embeddable":true,"href":"https:\/\/www.salzburgerland.com\/de\/magazin\/wp-json\/wp\/v2\/users\/217"}],"replies":[{"embeddable":true,"href":"https:\/\/www.salzburgerland.com\/de\/magazin\/wp-json\/wp\/v2\/comments?post=74697"}],"version-history":[{"count":0,"href":"https:\/\/www.salzburgerland.com\/de\/magazin\/wp-json\/wp\/v2\/posts\/74697\/revisions"}],"wp:featuredmedia":[{"embeddable":true,"href":"https:\/\/www.salzburgerland.com\/de\/magazin\/wp-json\/wp\/v2\/media\/75701"}],"wp:attachment":[{"href":"https:\/\/www.salzburgerland.com\/de\/magazin\/wp-json\/wp\/v2\/media?parent=74697"}],"wp:term":[{"taxonomy":"category","embeddable":true,"href":"https:\/\/www.salzburgerland.com\/de\/magazin\/wp-json\/wp\/v2\/categories?post=74697"},{"taxonomy":"post_tag","embeddable":true,"href":"https:\/\/www.salzburgerland.com\/de\/magazin\/wp-json\/wp\/v2\/tags?post=74697"},{"taxonomy":"wl_entity_type","embeddable":true,"href":"https:\/\/www.salzburgerland.com\/de\/magazin\/wp-json\/wp\/v2\/wl_entity_type?post=74697"},{"taxonomy":"monatsauswahl","embeddable":true,"href":"https:\/\/www.salzburgerland.com\/de\/magazin\/wp-json\/wp\/v2\/monatsauswahl?post=74697"}],"curies":[{"name":"wp","href":"https:\/\/api.w.org\/{rel}","templated":true}]}}