{"id":74581,"date":"2019-10-06T08:00:20","date_gmt":"2019-10-06T06:00:20","guid":{"rendered":"http:\/\/magazin.salzburgerland.com\/?p=74581"},"modified":"2020-10-06T10:01:44","modified_gmt":"2020-10-06T08:01:44","slug":"von-schneekoeniginnen-und-eisbrechern","status":"publish","type":"post","link":"https:\/\/www.salzburgerland.com\/de\/magazin\/von-schneekoeniginnen-und-eisbrechern\/","title":{"rendered":"Von Schneek\u00f6niginnen und Eisbrechern"},"content":{"rendered":"\n<h2 class=\"wp-block-slt-subtitle\">Wenn die ersten Schneeflocken tanzen, hei\u00dft es rauf auf den Berg.<\/h2>\n\n\n\n<p class=\"wp-block-slt-intro\">Es ist Mitte Oktober und die Gipfel der umliegenden Berge erstrahlen bereits in hellem Wei\u00df. Nicht verwunderlich, dass automatisch das Verlangen nach den ersten Schw\u00fcngen im Pulverschnee akut steigt.<\/p>\n\n\n\n<p>W\u00e4hrend so mancher den Herbst noch f\u00fcr ausgedehnte Wanderungen in den Bergen des SalzburgerLands nutzt, hat mich allerdings beim Anblick des frisch verschneiten Kitzsteinhorns das Skitouren-Fieber erfasst.<\/p>\n\n\n\n<h2 class=\"wp-block-heading\" id=\"h-gipfelsturm\">Gipfelsturm<\/h2>\n\n\n\n<p>Schnell ist mein Equipment im Auto verstaut und los geht\u2019s nach Kaprun! Ich bin nicht die Einzige, die infiziert ist, scheint es. Denn schon am Parkplatz ist ein fr\u00f6hliches Skier-Schultern bemerkbar. Auch die Touren-Fraktion ist bestens vertreten &#8211; man erkennt sich an den befellten Skiern und meist engen Tourenskihosen. Man gr\u00fc\u00dft sich freundlich, denn schlie\u00dflich hat man ein gemeinsames Ziel und eine gemeinsame Aufstiegsspur.&nbsp;Zum Aufbauen der Kondition und Vernichten der ersten H\u00f6henmeter als Grundlage f\u00fcr sp\u00e4tere Gipfelst\u00fcrme, k\u00f6nnen wir alle es&nbsp;kaum noch erwarten, dass Frau Holle eine kr\u00e4ftige Ladung Schnee \u00fcber dem SalzburgerLand aussch\u00fcttelt. Geduldiges Warten w\u00e4re eine Tugend, aber leider nicht die unsere, so scheint es.<\/p>\n\n\n\n<div class=\"mag-gallery\"><div class=\"row\"><div class=\"col-6 col-sm-4\"><figure><a class=\"thumb-container\" href=\"https:\/\/www.salzburgerland.com\/de\/magazin\/wp-content\/uploads\/2013\/11\/snowpark-kirz-101-1280x1024.jpg\">\t<picture><source media=\"(min-width: 576px)\" srcset=\"https:\/\/www.salzburgerland.com\/de\/magazin\/wp-content\/uploads\/2013\/11\/snowpark-kirz-101-325x209.jpg 325w, https:\/\/www.salzburgerland.com\/de\/magazin\/wp-content\/uploads\/2013\/11\/snowpark-kirz-101-249x160.jpg 249w\" \/><source media=\"(min-width: 0)\" srcset=\"https:\/\/www.salzburgerland.com\/de\/magazin\/wp-content\/uploads\/2013\/11\/snowpark-kirz-101-249x160.jpg 249w, https:\/\/www.salzburgerland.com\/de\/magazin\/wp-content\/uploads\/2013\/11\/snowpark-kirz-101-325x209.jpg 325w\" \/><img decoding=\"async\" alt=\"Zwei Personen in Winterkleidung wandern auf verschneitem Gel\u00e4nde bergauf und werfen lange Schatten in das helle Sonnenlicht.\" src=\"https:\/\/www.salzburgerland.com\/de\/magazin\/wp-content\/uploads\/2013\/11\/snowpark-kirz-101.jpg\" \/>\t<\/picture><\/a><\/figure><\/div><div class=\"col-6 col-sm-4\"><figure><a class=\"thumb-container\" href=\"https:\/\/www.salzburgerland.com\/de\/magazin\/wp-content\/uploads\/2016\/10\/p6clamkk2dm-1280x1024.jpg\">\t<picture><source media=\"(min-width: 576px)\" srcset=\"https:\/\/www.salzburgerland.com\/de\/magazin\/wp-content\/uploads\/2016\/10\/p6clamkk2dm-325x209.jpg 325w, https:\/\/www.salzburgerland.com\/de\/magazin\/wp-content\/uploads\/2016\/10\/p6clamkk2dm-249x160.jpg 249w\" \/><source media=\"(min-width: 0)\" srcset=\"https:\/\/www.salzburgerland.com\/de\/magazin\/wp-content\/uploads\/2016\/10\/p6clamkk2dm-249x160.jpg 249w, https:\/\/www.salzburgerland.com\/de\/magazin\/wp-content\/uploads\/2016\/10\/p6clamkk2dm-325x209.jpg 325w\" \/><img decoding=\"async\" alt=\"Zwei rote Seilbahnen fahren \u00fcber verschneite Berge und Wolken unter einem strahlend blauen Himmel.\" src=\"https:\/\/www.salzburgerland.com\/de\/magazin\/wp-content\/uploads\/2016\/10\/p6clamkk2dm.jpg\" \/>\t<\/picture><\/a><\/figure><\/div><div class=\"col-6 col-sm-4\"><figure><a class=\"thumb-container\" href=\"https:\/\/www.salzburgerland.com\/de\/magazin\/wp-content\/uploads\/2013\/11\/image2-1-1280x1024.jpg\">\t<picture><source media=\"(min-width: 576px)\" srcset=\"https:\/\/www.salzburgerland.com\/de\/magazin\/wp-content\/uploads\/2013\/11\/image2-1-325x209.jpg 325w, https:\/\/www.salzburgerland.com\/de\/magazin\/wp-content\/uploads\/2013\/11\/image2-1-249x160.jpg 249w\" \/><source media=\"(min-width: 0)\" srcset=\"https:\/\/www.salzburgerland.com\/de\/magazin\/wp-content\/uploads\/2013\/11\/image2-1-249x160.jpg 249w, https:\/\/www.salzburgerland.com\/de\/magazin\/wp-content\/uploads\/2013\/11\/image2-1-325x209.jpg 325w\" \/><img decoding=\"async\" alt=\"Skispuren im Tiefschnee auf einem sonnigen Berghang mit Skiliften im Hintergrund.\" src=\"https:\/\/www.salzburgerland.com\/de\/magazin\/wp-content\/uploads\/2013\/11\/image2-1.jpg\" \/>\t<\/picture><\/a><\/figure><\/div><div class=\"col-6 col-sm-4\"><figure><a class=\"thumb-container\" href=\"https:\/\/www.salzburgerland.com\/de\/magazin\/wp-content\/uploads\/2013\/11\/image1-1280x1024.jpg\">\t<picture><source media=\"(min-width: 576px)\" srcset=\"https:\/\/www.salzburgerland.com\/de\/magazin\/wp-content\/uploads\/2013\/11\/image1-325x209.jpg 325w, https:\/\/www.salzburgerland.com\/de\/magazin\/wp-content\/uploads\/2013\/11\/image1-249x160.jpg 249w\" \/><source media=\"(min-width: 0)\" srcset=\"https:\/\/www.salzburgerland.com\/de\/magazin\/wp-content\/uploads\/2013\/11\/image1-249x160.jpg 249w, https:\/\/www.salzburgerland.com\/de\/magazin\/wp-content\/uploads\/2013\/11\/image1-325x209.jpg 325w\" \/><img decoding=\"async\" alt=\"Rote Seilbahnen fahren \u00fcber einen verschneiten Berghang unter einem strahlend blauen Himmel.\" src=\"https:\/\/www.salzburgerland.com\/de\/magazin\/wp-content\/uploads\/2013\/11\/image1.jpg\" \/>\t<\/picture><\/a><\/figure><\/div><div class=\"col-6 col-sm-4\"><figure><a class=\"thumb-container\" href=\"https:\/\/www.salzburgerland.com\/de\/magazin\/wp-content\/uploads\/2013\/11\/image1-1-1280x1024.jpg\">\t<picture><source media=\"(min-width: 576px)\" srcset=\"https:\/\/www.salzburgerland.com\/de\/magazin\/wp-content\/uploads\/2013\/11\/image1-1-325x209.jpg 325w, https:\/\/www.salzburgerland.com\/de\/magazin\/wp-content\/uploads\/2013\/11\/image1-1-249x160.jpg 249w\" \/><source media=\"(min-width: 0)\" srcset=\"https:\/\/www.salzburgerland.com\/de\/magazin\/wp-content\/uploads\/2013\/11\/image1-1-249x160.jpg 249w, https:\/\/www.salzburgerland.com\/de\/magazin\/wp-content\/uploads\/2013\/11\/image1-1-325x209.jpg 325w\" \/><img decoding=\"async\" alt=\"Rote Gondelbahnen fahren \u00fcber schneebedeckte Berge und Wolken unter einem klaren blauen Himmel.\" src=\"https:\/\/www.salzburgerland.com\/de\/magazin\/wp-content\/uploads\/2013\/11\/image1-1.jpg\" \/>\t<\/picture><\/a><\/figure><\/div><div class=\"col-6 col-sm-4\"><figure><a class=\"thumb-container\" href=\"https:\/\/www.salzburgerland.com\/de\/magazin\/wp-content\/uploads\/2013\/11\/image2-1280x1024.jpg\">\t<picture><source media=\"(min-width: 576px)\" srcset=\"https:\/\/www.salzburgerland.com\/de\/magazin\/wp-content\/uploads\/2013\/11\/image2-325x209.jpg 325w, https:\/\/www.salzburgerland.com\/de\/magazin\/wp-content\/uploads\/2013\/11\/image2-249x160.jpg 249w\" \/><source media=\"(min-width: 0)\" srcset=\"https:\/\/www.salzburgerland.com\/de\/magazin\/wp-content\/uploads\/2013\/11\/image2-249x160.jpg 249w, https:\/\/www.salzburgerland.com\/de\/magazin\/wp-content\/uploads\/2013\/11\/image2-325x209.jpg 325w\" \/><img decoding=\"async\" alt=\"Startpunkt der Aufstiegsvarianten am Langwiedboden.\" src=\"https:\/\/www.salzburgerland.com\/de\/magazin\/wp-content\/uploads\/2013\/11\/image2.jpg\" \/>\t<\/picture><\/a><\/figure><\/div><div class=\"col-6 col-sm-4\"><figure><a class=\"thumb-container\" href=\"https:\/\/www.salzburgerland.com\/de\/magazin\/wp-content\/uploads\/2013\/11\/schneekoniginnen-1280x1024.jpg\">\t<picture><source media=\"(min-width: 576px)\" srcset=\"https:\/\/www.salzburgerland.com\/de\/magazin\/wp-content\/uploads\/2013\/11\/schneekoniginnen-325x209.jpg 325w, https:\/\/www.salzburgerland.com\/de\/magazin\/wp-content\/uploads\/2013\/11\/schneekoniginnen-249x160.jpg 249w\" \/><source media=\"(min-width: 0)\" srcset=\"https:\/\/www.salzburgerland.com\/de\/magazin\/wp-content\/uploads\/2013\/11\/schneekoniginnen-249x160.jpg 249w, https:\/\/www.salzburgerland.com\/de\/magazin\/wp-content\/uploads\/2013\/11\/schneekoniginnen-325x209.jpg 325w\" \/><img decoding=\"async\" alt=\"Zwei Frauen in Skiausr\u00fcstung l\u00e4cheln auf einem verschneiten Berg mit hellem Sonnenlicht und Bergen im Hintergrund.\" src=\"https:\/\/www.salzburgerland.com\/de\/magazin\/wp-content\/uploads\/2013\/11\/schneekoniginnen.jpg\" \/>\t<\/picture><\/a><\/figure><\/div><div class=\"col-6 col-sm-4\"><figure><a class=\"thumb-container\" href=\"https:\/\/www.salzburgerland.com\/de\/magazin\/wp-content\/uploads\/2013\/11\/eisbrecher-1280x1024.jpg\">\t<picture><source media=\"(min-width: 576px)\" srcset=\"https:\/\/www.salzburgerland.com\/de\/magazin\/wp-content\/uploads\/2013\/11\/eisbrecher-325x209.jpg 325w, https:\/\/www.salzburgerland.com\/de\/magazin\/wp-content\/uploads\/2013\/11\/eisbrecher-249x160.jpg 249w\" \/><source media=\"(min-width: 0)\" srcset=\"https:\/\/www.salzburgerland.com\/de\/magazin\/wp-content\/uploads\/2013\/11\/eisbrecher-249x160.jpg 249w, https:\/\/www.salzburgerland.com\/de\/magazin\/wp-content\/uploads\/2013\/11\/eisbrecher-325x209.jpg 325w\" \/><img decoding=\"async\" alt=\"Eine verschneite Skigebietskarte mit Pisten, Liften, H\u00f6henstufen und Berggipfeln unter blauem Himmel.\" src=\"https:\/\/www.salzburgerland.com\/de\/magazin\/wp-content\/uploads\/2013\/11\/eisbrecher.jpg\" \/>\t<\/picture><\/a><\/figure><\/div><div class=\"col-6 col-sm-4\"><figure><a class=\"thumb-container\" href=\"https:\/\/www.salzburgerland.com\/de\/magazin\/wp-content\/uploads\/2013\/11\/snowpark-kirz-111-1280x1024.jpg\">\t<picture><source media=\"(min-width: 576px)\" srcset=\"https:\/\/www.salzburgerland.com\/de\/magazin\/wp-content\/uploads\/2013\/11\/snowpark-kirz-111-325x209.jpg 325w, https:\/\/www.salzburgerland.com\/de\/magazin\/wp-content\/uploads\/2013\/11\/snowpark-kirz-111-249x160.jpg 249w\" \/><source media=\"(min-width: 0)\" srcset=\"https:\/\/www.salzburgerland.com\/de\/magazin\/wp-content\/uploads\/2013\/11\/snowpark-kirz-111-249x160.jpg 249w, https:\/\/www.salzburgerland.com\/de\/magazin\/wp-content\/uploads\/2013\/11\/snowpark-kirz-111-325x209.jpg 325w\" \/><img decoding=\"async\" alt=\"Person in blauer Skiausr\u00fcstung steht auf einer verschneiten Piste, mit Skifahrern und einem bew\u00f6lkten Himmel im Hintergrund.\" src=\"https:\/\/www.salzburgerland.com\/de\/magazin\/wp-content\/uploads\/2013\/11\/snowpark-kirz-111.jpg\" \/>\t<\/picture><\/a><\/figure><\/div><div class=\"col-6 col-sm-4\"><figure><a class=\"thumb-container\" href=\"https:\/\/www.salzburgerland.com\/de\/magazin\/wp-content\/uploads\/2013\/11\/kitzsteinhorn-extrem-event-kaprun-12-1280x1024.jpg\">\t<picture><source media=\"(min-width: 576px)\" srcset=\"https:\/\/www.salzburgerland.com\/de\/magazin\/wp-content\/uploads\/2013\/11\/kitzsteinhorn-extrem-event-kaprun-12-325x209.jpg 325w, https:\/\/www.salzburgerland.com\/de\/magazin\/wp-content\/uploads\/2013\/11\/kitzsteinhorn-extrem-event-kaprun-12-249x160.jpg 249w\" \/><source media=\"(min-width: 0)\" srcset=\"https:\/\/www.salzburgerland.com\/de\/magazin\/wp-content\/uploads\/2013\/11\/kitzsteinhorn-extrem-event-kaprun-12-249x160.jpg 249w, https:\/\/www.salzburgerland.com\/de\/magazin\/wp-content\/uploads\/2013\/11\/kitzsteinhorn-extrem-event-kaprun-12-325x209.jpg 325w\" \/><img decoding=\"async\" alt=\"Eine Person f\u00e4hrt auf einem verschneiten Berg mit Skist\u00f6cken und einem gr\u00fcnen Rucksack bergauf, verschneite Gipfel im Hintergrund.\" src=\"https:\/\/www.salzburgerland.com\/de\/magazin\/wp-content\/uploads\/2013\/11\/kitzsteinhorn-extrem-event-kaprun-12.jpg\" \/>\t<\/picture><\/a><\/figure><\/div><div class=\"col-6 col-sm-4\"><figure><a class=\"thumb-container\" href=\"https:\/\/www.salzburgerland.com\/de\/magazin\/wp-content\/uploads\/2013\/11\/snowpark-kirz-91-1280x1024.jpg\">\t<picture><source media=\"(min-width: 576px)\" srcset=\"https:\/\/www.salzburgerland.com\/de\/magazin\/wp-content\/uploads\/2013\/11\/snowpark-kirz-91-325x209.jpg 325w, https:\/\/www.salzburgerland.com\/de\/magazin\/wp-content\/uploads\/2013\/11\/snowpark-kirz-91-249x160.jpg 249w\" \/><source media=\"(min-width: 0)\" srcset=\"https:\/\/www.salzburgerland.com\/de\/magazin\/wp-content\/uploads\/2013\/11\/snowpark-kirz-91-249x160.jpg 249w, https:\/\/www.salzburgerland.com\/de\/magazin\/wp-content\/uploads\/2013\/11\/snowpark-kirz-91-325x209.jpg 325w\" \/><img decoding=\"async\" alt=\"Skifahrer fahren einen verschneiten Berghang unter einem dramatischen, wolkenverhangenen blauen Himmel hinunter.\" src=\"https:\/\/www.salzburgerland.com\/de\/magazin\/wp-content\/uploads\/2013\/11\/snowpark-kirz-91.jpg\" \/>\t<\/picture><\/a><\/figure><\/div><div class=\"col-6 col-sm-4\"><figure><a class=\"thumb-container\" href=\"https:\/\/www.salzburgerland.com\/de\/magazin\/wp-content\/uploads\/2013\/11\/snowpark-kirz-81-1280x1024.jpg\">\t<picture><source media=\"(min-width: 576px)\" srcset=\"https:\/\/www.salzburgerland.com\/de\/magazin\/wp-content\/uploads\/2013\/11\/snowpark-kirz-81-325x209.jpg 325w, https:\/\/www.salzburgerland.com\/de\/magazin\/wp-content\/uploads\/2013\/11\/snowpark-kirz-81-249x160.jpg 249w\" \/><source media=\"(min-width: 0)\" srcset=\"https:\/\/www.salzburgerland.com\/de\/magazin\/wp-content\/uploads\/2013\/11\/snowpark-kirz-81-249x160.jpg 249w, https:\/\/www.salzburgerland.com\/de\/magazin\/wp-content\/uploads\/2013\/11\/snowpark-kirz-81-325x209.jpg 325w\" \/><img decoding=\"async\" alt=\"Ein Skifahrer posiert mit erhobenen Armen auf einer verschneiten Piste, mit Bergen und bew\u00f6lktem Himmel im Hintergrund.\" src=\"https:\/\/www.salzburgerland.com\/de\/magazin\/wp-content\/uploads\/2013\/11\/snowpark-kirz-81.jpg\" \/>\t<\/picture><\/a><\/figure><\/div><div class=\"col-6 col-sm-4\"><figure><a class=\"thumb-container\" href=\"https:\/\/www.salzburgerland.com\/de\/magazin\/wp-content\/uploads\/2013\/11\/snowpark-kirz-71-1280x1024.jpg\">\t<picture><source media=\"(min-width: 576px)\" srcset=\"https:\/\/www.salzburgerland.com\/de\/magazin\/wp-content\/uploads\/2013\/11\/snowpark-kirz-71-325x209.jpg 325w, https:\/\/www.salzburgerland.com\/de\/magazin\/wp-content\/uploads\/2013\/11\/snowpark-kirz-71-249x160.jpg 249w\" \/><source media=\"(min-width: 0)\" srcset=\"https:\/\/www.salzburgerland.com\/de\/magazin\/wp-content\/uploads\/2013\/11\/snowpark-kirz-71-249x160.jpg 249w, https:\/\/www.salzburgerland.com\/de\/magazin\/wp-content\/uploads\/2013\/11\/snowpark-kirz-71-325x209.jpg 325w\" \/><img decoding=\"async\" alt=\"Schneebedeckte Berge unter einer strahlenden Sonne mit Wolken und Streulicht am Himmel.\" src=\"https:\/\/www.salzburgerland.com\/de\/magazin\/wp-content\/uploads\/2013\/11\/snowpark-kirz-71.jpg\" \/>\t<\/picture><\/a><\/figure><\/div><div class=\"col-6 col-sm-4\"><figure><a class=\"thumb-container\" href=\"https:\/\/www.salzburgerland.com\/de\/magazin\/wp-content\/uploads\/2013\/11\/snowpark-kirz-61-1280x1024.jpg\">\t<picture><source media=\"(min-width: 576px)\" srcset=\"https:\/\/www.salzburgerland.com\/de\/magazin\/wp-content\/uploads\/2013\/11\/snowpark-kirz-61-325x209.jpg 325w, https:\/\/www.salzburgerland.com\/de\/magazin\/wp-content\/uploads\/2013\/11\/snowpark-kirz-61-249x160.jpg 249w\" \/><source media=\"(min-width: 0)\" srcset=\"https:\/\/www.salzburgerland.com\/de\/magazin\/wp-content\/uploads\/2013\/11\/snowpark-kirz-61-249x160.jpg 249w, https:\/\/www.salzburgerland.com\/de\/magazin\/wp-content\/uploads\/2013\/11\/snowpark-kirz-61-325x209.jpg 325w\" \/><img decoding=\"async\" alt=\"Eine l\u00e4chelnde Frau mit Sonnenbrille steht mit Wanderstock und Rucksack an einem verschneiten Berghang.\" src=\"https:\/\/www.salzburgerland.com\/de\/magazin\/wp-content\/uploads\/2013\/11\/snowpark-kirz-61.jpg\" \/>\t<\/picture><\/a><\/figure><\/div><div class=\"col-6 col-sm-4\"><figure><a class=\"thumb-container\" href=\"https:\/\/www.salzburgerland.com\/de\/magazin\/wp-content\/uploads\/2013\/11\/snowpark-kirz-51-1280x1024.jpg\">\t<picture><source media=\"(min-width: 576px)\" srcset=\"https:\/\/www.salzburgerland.com\/de\/magazin\/wp-content\/uploads\/2013\/11\/snowpark-kirz-51-325x209.jpg 325w, https:\/\/www.salzburgerland.com\/de\/magazin\/wp-content\/uploads\/2013\/11\/snowpark-kirz-51-249x160.jpg 249w\" \/><source media=\"(min-width: 0)\" srcset=\"https:\/\/www.salzburgerland.com\/de\/magazin\/wp-content\/uploads\/2013\/11\/snowpark-kirz-51-249x160.jpg 249w, https:\/\/www.salzburgerland.com\/de\/magazin\/wp-content\/uploads\/2013\/11\/snowpark-kirz-51-325x209.jpg 325w\" \/><img decoding=\"async\" alt=\"Eine Frau in rosa Winterkleidung \u00fcberblickt verschneite Berge und Skifahrer unter blauem Himmel.\" src=\"https:\/\/www.salzburgerland.com\/de\/magazin\/wp-content\/uploads\/2013\/11\/snowpark-kirz-51.jpg\" \/>\t<\/picture><\/a><\/figure><\/div><div class=\"col-6 col-sm-4\"><figure><a class=\"thumb-container\" href=\"https:\/\/www.salzburgerland.com\/de\/magazin\/wp-content\/uploads\/2013\/11\/snowpark-kirz-41-1280x1024.jpg\">\t<picture><source media=\"(min-width: 576px)\" srcset=\"\" \/><source media=\"(min-width: 0)\" srcset=\"https:\/\/www.salzburgerland.com\/de\/magazin\/wp-content\/uploads\/2013\/11\/snowpark-kirz-41.jpg 375w, https:\/\/www.salzburgerland.com\/de\/magazin\/wp-content\/uploads\/2013\/11\/snowpark-kirz-41-225x300.jpg 225w, https:\/\/www.salzburgerland.com\/de\/magazin\/wp-content\/uploads\/2013\/11\/snowpark-kirz-41-300x400.jpg 300w\" \/><img decoding=\"async\" alt=\"Eine Person in Skiausr\u00fcstung steht auf einer verschneiten Piste mit Bergen und Skih\u00fctten im Hintergrund.\" src=\"https:\/\/www.salzburgerland.com\/de\/magazin\/wp-content\/uploads\/2013\/11\/snowpark-kirz-41.jpg\" \/>\t<\/picture><\/a><\/figure><\/div><div class=\"col-6 col-sm-4\"><figure><a class=\"thumb-container\" href=\"https:\/\/www.salzburgerland.com\/de\/magazin\/wp-content\/uploads\/2013\/11\/snowpark-kirz-31-1280x1024.jpg\">\t<picture><source media=\"(min-width: 576px)\" srcset=\"\" \/><source media=\"(min-width: 0)\" srcset=\"https:\/\/www.salzburgerland.com\/de\/magazin\/wp-content\/uploads\/2013\/11\/snowpark-kirz-31.jpg 375w, https:\/\/www.salzburgerland.com\/de\/magazin\/wp-content\/uploads\/2013\/11\/snowpark-kirz-31-225x300.jpg 225w, https:\/\/www.salzburgerland.com\/de\/magazin\/wp-content\/uploads\/2013\/11\/snowpark-kirz-31-300x400.jpg 300w\" \/><img decoding=\"async\" alt=\"Person beim Skifahren bergauf auf einem verschneiten Berghang bei hellem Sonnenlicht, mit gr\u00fcner Jacke und rotem Rucksack.\" src=\"https:\/\/www.salzburgerland.com\/de\/magazin\/wp-content\/uploads\/2013\/11\/snowpark-kirz-31.jpg\" \/>\t<\/picture><\/a><\/figure><\/div><div class=\"col-6 col-sm-4\"><figure><a class=\"thumb-container\" href=\"https:\/\/www.salzburgerland.com\/de\/magazin\/wp-content\/uploads\/2013\/11\/snowpark-kirz-24-1280x1024.jpg\">\t<picture><source media=\"(min-width: 576px)\" srcset=\"\" \/><source media=\"(min-width: 0)\" srcset=\"https:\/\/www.salzburgerland.com\/de\/magazin\/wp-content\/uploads\/2013\/11\/snowpark-kirz-24.jpg 375w, https:\/\/www.salzburgerland.com\/de\/magazin\/wp-content\/uploads\/2013\/11\/snowpark-kirz-24-225x300.jpg 225w, https:\/\/www.salzburgerland.com\/de\/magazin\/wp-content\/uploads\/2013\/11\/snowpark-kirz-24-300x400.jpg 300w\" \/><img decoding=\"async\" alt=\"Schneebedeckter Bergpfad mit mehreren Spuren, die unter einem blauen Himmel mit vereinzelten Wolken bergauf f\u00fchren.\" src=\"https:\/\/www.salzburgerland.com\/de\/magazin\/wp-content\/uploads\/2013\/11\/snowpark-kirz-24.jpg\" \/>\t<\/picture><\/a><\/figure><\/div><\/div><\/div><figcaption><\/figcaption>\n\n\n\n<h2 class=\"wp-block-heading\" id=\"h-unten-nebel-oben-sonne\">Unten Nebel, oben Sonne<\/h2>\n\n\n\n<p>Nach einer kurzen Gondelfahrt komme ich bei strahlendem Sonnenschein beim Langwiedboden an. Schon auf&nbsp;halber Strecke herauf zur&nbsp;Bergstation lichtete sich der z\u00e4he Nebel. Im selben Ma\u00dfe wie das unglaubliche Panorama aus den letzten Nebelfetzen auftauchte, hoben&nbsp;sich auch meine&nbsp;Mundwinkel und manifestieren sich zu einem gl\u00fccklichen Dauergrinsen.&nbsp;Beim <a href=\"http:\/\/www.kitzsteinhorn.at\/assets\/public\/editor-uploads\/Skitouren_Regeln.pdf\" target=\"_blank\" rel=\"noopener noreferrer\">Info-Point am Langwiedboden<\/a> auf 1.976 Metern werfe ich&nbsp;einen Blick auf die Fakten der Tour: \u201eSchneek\u00f6nigin\u201c und \u201eEisbrecher\u201c starten hier und f\u00fchren entlang des Pistenrandes &#8211; in sicherer Distanz zu den Skifahrern und Boardern \u2013 \u00fcber 474 H\u00f6henmeter bis zum Alpincenter. F\u00fcr den Eisbrecher geht es danach noch weiter zur Bergstation des Maurerliftes und dort darf man sich \u00fcber 900 \u00fcberwundene H\u00f6henmeter freuen.<\/p>\n\n\n\n<p>Gut f\u00fchlt es sich an, wieder Schnee unter den Skiern zu sp\u00fcren! Die Luft ist glasklar und im strahlenden Sonnenschein glitzern die Schneekristalle der Schneekanonen wie Millionen Diamanten!&nbsp;<\/p>\n\n\n\n<figure class=\"wp-block-image\"><a href=\"https:\/\/www.salzburgerland.com\/de\/magazin\/wp-content\/uploads\/2013\/11\/eisbrecher.jpg\"><img decoding=\"async\" src=\"https:\/\/www.salzburgerland.com\/de\/magazin\/wp-content\/uploads\/2013\/11\/eisbrecher-650x435.jpg\" alt=\"Die beiden Routen im \u00dcberblick.\" class=\"wp-image-74605\"\/><\/a><\/figure>\n\n\n\n<h2 class=\"wp-block-heading\" id=\"h-schneek-nigin-unterwegs\">Schneek\u00f6nigin unterwegs<\/h2>\n\n\n\n<p>F\u00fcr meine&nbsp;erste Tour nach monatelanger Skitouren-Abstinenz ist mir ziemlich klar: \u201eIch f\u00fchle mich eher wie eine Schneek\u00f6nigin. Der Eisbrecher kann noch warten!\u201c In gem\u00fctlichem Tempo starte ich \u00fcber die&nbsp;ersten H\u00f6henmeter. Erst mal warm werden. Aufgrund der extremen H\u00f6henlage hat die Luft hier heroben auch einen geringen Sauerstoffanteil, was nat\u00fcrlich auch den Trainingseffekt steigert. Das wissen auch die Profis, und immer wieder werde ich von&nbsp;muskelbepackten Athleten im Eiltempo \u00fcberholt. Diese \u00dcberholman\u00f6ver kratzen aber nicht am sportlichen Ego, im Gegenteil \u2013 sorgen sie doch kurzfristig f\u00fcr sch\u00f6ne Aussichten. Langfristig begleitet mich&nbsp;ohnehin die sensationelle Aussicht der umliegenden Bergwelt und tief unter uns liegt der Pinzgau&nbsp;immer noch im dicken Nebel.<\/p>\n\n\n\n<p>Die knapp 500 H\u00f6henmeter sind \u00fcberraschend schnell \u00fcberwunden &#8211; trotz einiger Fotopausen. Vor mir taucht&nbsp;das Alpincenter auf, wo ein auf die Ausdauersportler abgestimmtes Gastronomie-Angebot lockt. Obwohl die Muskeln eigentlich noch gar&nbsp;nicht m\u00fcde sind und die verschneiten H\u00e4nge des Maurerkogels locken, beschlie\u00dfe&nbsp;ich, die heutige Skitourenpremiere wie eine echte Schneek\u00f6nigin auf der&nbsp;sonnigen Terrasse der Gletscherm\u00fchle ausklingen zu lassen!<\/p>\n\n\n\n<figure class=\"wp-block-image alignnone\"><a href=\"https:\/\/www.salzburgerland.com\/de\/magazin\/wp-content\/uploads\/2013\/11\/kitzsteinhorn-extrem-event-kaprun-12.jpg\"><img decoding=\"async\" src=\"https:\/\/www.salzburgerland.com\/de\/magazin\/wp-content\/uploads\/2013\/11\/kitzsteinhorn-extrem-event-kaprun-12-650x435.jpg\" alt=\"Viele Athleten trainieren schon f\u00fcr die beiden Skitouren-Events am Kitz. c Kitzsteinhorn\" class=\"wp-image-74583\"\/><\/a><figcaption>Viele Athleten trainieren schon f\u00fcr die beiden Skitouren-Events am Kitz. c Kitzsteinhorn<\/figcaption><\/figure>\n","protected":false},"excerpt":{"rendered":"<p>W\u00e4hrend so mancher den Herbst noch f\u00fcr ausgedehnte Wanderungen in den Bergen des SalzburgerLands nutzt, hat mich allerdings beim Anblick des frisch verschneiten Kitzsteinhorns das Skitouren-Fieber erfasst. Gipfelsturm Schnell ist mein Equipment im Auto verstaut und los geht\u2019s nach Kaprun! Ich bin nicht die Einzige, die infiziert ist, scheint es. Denn schon am Parkplatz ist [&hellip;]<\/p>\n","protected":false},"author":11,"featured_media":110422,"comment_status":"open","ping_status":"open","sticky":false,"template":"","format":"standard","meta":{"_acf_changed":false,"wl_entities_gutenberg":"","_wl_entity_redirect_enabled":"","footnotes":""},"categories":[8],"tags":[],"wl_entity_type":[306],"monatsauswahl":[82,83,84,85,91,92,93],"class_list":["post-74581","post","type-post","status-publish","format-standard","has-post-thumbnail","hentry","category-outdoor-sport","wl_entity_type-article","monatsauswahl-monat_1","monatsauswahl-monat_2","monatsauswahl-monat_3","monatsauswahl-monat_4","monatsauswahl-monat_10","monatsauswahl-monat_11","monatsauswahl-monat_12"],"acf":[],"yoast_head":"<!-- This site is optimized with the Yoast SEO Premium plugin v27.4 (Yoast SEO v27.4) - https:\/\/yoast.com\/product\/yoast-seo-premium-wordpress\/ -->\n<title>Von Schneek\u00f6niginnen und Eisbrechern - SalzburgerLand Magazin<\/title>\n<meta name=\"description\" content=\"Es ist Mitte Oktober und die Gipfel der umliegenden Berge erstrahlen bereits in hellem Wei\u00df. Nicht verwunderlich, dass automatisch das Verlangen nach den ersten Schw\u00fcngen im Pulverschnee akut steigt.\" \/>\n<meta name=\"robots\" content=\"index, follow, max-snippet:-1, max-image-preview:large, max-video-preview:-1\" \/>\n<link rel=\"canonical\" href=\"https:\/\/www.salzburgerland.com\/de\/magazin\/von-schneekoeniginnen-und-eisbrechern\/\" \/>\n<meta property=\"og:locale\" content=\"de_DE\" \/>\n<meta property=\"og:type\" content=\"article\" \/>\n<meta property=\"og:title\" content=\"Von Schneek\u00f6niginnen und Eisbrechern\" \/>\n<meta property=\"og:description\" content=\"W\u00e4hrend so mancher den Herbst noch f\u00fcr ausgedehnte Wanderungen in den Bergen des SalzburgerLands nutzt, hat mich allerdings beim Anblick des frisch verschneiten Kitzsteinhorns das Skitouren-Fieber erfasst. Gipfelsturm Schnell ist mein Equipment im Auto verstaut und los geht\u2019s nach Kaprun! Ich bin nicht die Einzige, die infiziert ist, scheint es. Denn schon am Parkplatz ist [&hellip;]\" \/>\n<meta property=\"og:url\" content=\"https:\/\/www.salzburgerland.com\/de\/magazin\/von-schneekoeniginnen-und-eisbrechern\/\" \/>\n<meta property=\"og:site_name\" content=\"SalzburgerLand Magazin\" \/>\n<meta property=\"article:publisher\" content=\"https:\/\/www.facebook.com\/salzburgerland\/\" \/>\n<meta property=\"article:published_time\" content=\"2019-10-06T06:00:20+00:00\" \/>\n<meta property=\"article:modified_time\" content=\"2020-10-06T08:01:44+00:00\" \/>\n<meta property=\"og:image\" content=\"https:\/\/www.salzburgerland.com\/de\/magazin\/wp-content\/uploads\/2013\/11\/image2-1.jpg\" \/>\n\t<meta property=\"og:image:width\" content=\"1600\" \/>\n\t<meta property=\"og:image:height\" content=\"1200\" \/>\n\t<meta property=\"og:image:type\" content=\"image\/jpeg\" \/>\n<meta name=\"author\" content=\"Edith Danzer\" \/>\n<meta name=\"twitter:card\" content=\"summary_large_image\" \/>\n<meta name=\"twitter:creator\" content=\"@Salzburgerland\" \/>\n<meta name=\"twitter:site\" content=\"@Salzburgerland\" \/>\n<meta name=\"twitter:label1\" content=\"Verfasst von\" \/>\n\t<meta name=\"twitter:data1\" content=\"Edith Danzer\" \/>\n\t<meta name=\"twitter:label2\" content=\"Gesch\u00e4tzte Lesezeit\" \/>\n\t<meta name=\"twitter:data2\" content=\"3\u00a0Minuten\" \/>\n<script type=\"application\/ld+json\" class=\"yoast-schema-graph\">{\"@context\":\"https:\\\/\\\/schema.org\",\"@graph\":[{\"@type\":\"Article\",\"@id\":\"https:\\\/\\\/www.salzburgerland.com\\\/de\\\/magazin\\\/von-schneekoeniginnen-und-eisbrechern\\\/#article\",\"isPartOf\":{\"@id\":\"https:\\\/\\\/www.salzburgerland.com\\\/de\\\/magazin\\\/von-schneekoeniginnen-und-eisbrechern\\\/\"},\"author\":{\"name\":\"Edith Danzer\",\"@id\":\"https:\\\/\\\/www.salzburgerland.com\\\/de\\\/magazin\\\/#\\\/schema\\\/person\\\/79452c699c410aa31a119426313748de\"},\"headline\":\"Von Schneek\u00f6niginnen und Eisbrechern\",\"datePublished\":\"2019-10-06T06:00:20+00:00\",\"dateModified\":\"2020-10-06T08:01:44+00:00\",\"mainEntityOfPage\":{\"@id\":\"https:\\\/\\\/www.salzburgerland.com\\\/de\\\/magazin\\\/von-schneekoeniginnen-und-eisbrechern\\\/\"},\"wordCount\":569,\"commentCount\":0,\"publisher\":{\"@id\":\"https:\\\/\\\/www.salzburgerland.com\\\/de\\\/magazin\\\/#organization\"},\"image\":{\"@id\":\"https:\\\/\\\/www.salzburgerland.com\\\/de\\\/magazin\\\/von-schneekoeniginnen-und-eisbrechern\\\/#primaryimage\"},\"thumbnailUrl\":\"https:\\\/\\\/www.salzburgerland.com\\\/de\\\/magazin\\\/wp-content\\\/uploads\\\/2013\\\/11\\\/image2-1.jpg\",\"articleSection\":[\"Outdoor &amp; Sport\"],\"inLanguage\":\"de\",\"potentialAction\":[{\"@type\":\"CommentAction\",\"name\":\"Comment\",\"target\":[\"https:\\\/\\\/www.salzburgerland.com\\\/de\\\/magazin\\\/von-schneekoeniginnen-und-eisbrechern\\\/#respond\"]}]},{\"@type\":\"WebPage\",\"@id\":\"https:\\\/\\\/www.salzburgerland.com\\\/de\\\/magazin\\\/von-schneekoeniginnen-und-eisbrechern\\\/\",\"url\":\"https:\\\/\\\/www.salzburgerland.com\\\/de\\\/magazin\\\/von-schneekoeniginnen-und-eisbrechern\\\/\",\"name\":\"Von Schneek\u00f6niginnen und Eisbrechern - SalzburgerLand Magazin\",\"isPartOf\":{\"@id\":\"https:\\\/\\\/www.salzburgerland.com\\\/de\\\/magazin\\\/#website\"},\"primaryImageOfPage\":{\"@id\":\"https:\\\/\\\/www.salzburgerland.com\\\/de\\\/magazin\\\/von-schneekoeniginnen-und-eisbrechern\\\/#primaryimage\"},\"image\":{\"@id\":\"https:\\\/\\\/www.salzburgerland.com\\\/de\\\/magazin\\\/von-schneekoeniginnen-und-eisbrechern\\\/#primaryimage\"},\"thumbnailUrl\":\"https:\\\/\\\/www.salzburgerland.com\\\/de\\\/magazin\\\/wp-content\\\/uploads\\\/2013\\\/11\\\/image2-1.jpg\",\"datePublished\":\"2019-10-06T06:00:20+00:00\",\"dateModified\":\"2020-10-06T08:01:44+00:00\",\"breadcrumb\":{\"@id\":\"https:\\\/\\\/www.salzburgerland.com\\\/de\\\/magazin\\\/von-schneekoeniginnen-und-eisbrechern\\\/#breadcrumb\"},\"inLanguage\":\"de\",\"potentialAction\":[{\"@type\":\"ReadAction\",\"target\":[\"https:\\\/\\\/www.salzburgerland.com\\\/de\\\/magazin\\\/von-schneekoeniginnen-und-eisbrechern\\\/\"]}]},{\"@type\":\"ImageObject\",\"inLanguage\":\"de\",\"@id\":\"https:\\\/\\\/www.salzburgerland.com\\\/de\\\/magazin\\\/von-schneekoeniginnen-und-eisbrechern\\\/#primaryimage\",\"url\":\"https:\\\/\\\/www.salzburgerland.com\\\/de\\\/magazin\\\/wp-content\\\/uploads\\\/2013\\\/11\\\/image2-1.jpg\",\"contentUrl\":\"https:\\\/\\\/www.salzburgerland.com\\\/de\\\/magazin\\\/wp-content\\\/uploads\\\/2013\\\/11\\\/image2-1.jpg\",\"width\":1600,\"height\":1200,\"caption\":\"Perfekte Bedingungen am Kitzsteinhorn.\"},{\"@type\":\"BreadcrumbList\",\"@id\":\"https:\\\/\\\/www.salzburgerland.com\\\/de\\\/magazin\\\/von-schneekoeniginnen-und-eisbrechern\\\/#breadcrumb\",\"itemListElement\":[{\"@type\":\"ListItem\",\"position\":1,\"name\":\"Startseite\",\"item\":\"https:\\\/\\\/www.salzburgerland.com\\\/de\\\/magazin\\\/\"},{\"@type\":\"ListItem\",\"position\":2,\"name\":\"Outdoor &amp; Sport\",\"item\":\"https:\\\/\\\/www.salzburgerland.com\\\/de\\\/magazin\\\/thema\\\/outdoor-sport\\\/\"},{\"@type\":\"ListItem\",\"position\":3,\"name\":\"Von Schneek\u00f6niginnen und Eisbrechern\"}]},{\"@type\":\"WebSite\",\"@id\":\"https:\\\/\\\/www.salzburgerland.com\\\/de\\\/magazin\\\/#website\",\"url\":\"https:\\\/\\\/www.salzburgerland.com\\\/de\\\/magazin\\\/\",\"name\":\"SalzburgerLand Magazin\",\"description\":\"Geschichten und Interessantes aus dem SalzburgerLand\",\"publisher\":{\"@id\":\"https:\\\/\\\/www.salzburgerland.com\\\/de\\\/magazin\\\/#organization\"},\"potentialAction\":[{\"@type\":\"SearchAction\",\"target\":{\"@type\":\"EntryPoint\",\"urlTemplate\":\"https:\\\/\\\/www.salzburgerland.com\\\/de\\\/magazin\\\/?s={search_term_string}\"},\"query-input\":{\"@type\":\"PropertyValueSpecification\",\"valueRequired\":true,\"valueName\":\"search_term_string\"}}],\"inLanguage\":\"de\"},{\"@type\":\"Organization\",\"@id\":\"https:\\\/\\\/www.salzburgerland.com\\\/de\\\/magazin\\\/#organization\",\"name\":\"SalzburgerLand Tourismus\",\"url\":\"https:\\\/\\\/www.salzburgerland.com\\\/de\\\/magazin\\\/\",\"logo\":{\"@type\":\"ImageObject\",\"inLanguage\":\"de\",\"@id\":\"https:\\\/\\\/www.salzburgerland.com\\\/de\\\/magazin\\\/#\\\/schema\\\/logo\\\/image\\\/\",\"url\":\"https:\\\/\\\/www.salzburgerland.com\\\/de\\\/magazin\\\/wp-content\\\/uploads\\\/2019\\\/06\\\/salzburgerland-logo1.jpg\",\"contentUrl\":\"https:\\\/\\\/www.salzburgerland.com\\\/de\\\/magazin\\\/wp-content\\\/uploads\\\/2019\\\/06\\\/salzburgerland-logo1.jpg\",\"width\":2011,\"height\":866,\"caption\":\"SalzburgerLand Tourismus\"},\"image\":{\"@id\":\"https:\\\/\\\/www.salzburgerland.com\\\/de\\\/magazin\\\/#\\\/schema\\\/logo\\\/image\\\/\"},\"sameAs\":[\"https:\\\/\\\/www.facebook.com\\\/salzburgerland\\\/\",\"https:\\\/\\\/x.com\\\/Salzburgerland\",\"https:\\\/\\\/www.instagram.com\\\/salzburgerland\\\/\",\"https:\\\/\\\/at.linkedin.com\\\/company\\\/salzburgerland-tourismus-gmbh\",\"https:\\\/\\\/www.pinterest.at\\\/salzburgerland\\\/\",\"https:\\\/\\\/www.youtube.com\\\/user\\\/salzburgerland\",\"https:\\\/\\\/de.wikipedia.org\\\/wiki\\\/SalzburgerLand_Tourismus_GmbH\"]},{\"@type\":\"Person\",\"@id\":\"https:\\\/\\\/www.salzburgerland.com\\\/de\\\/magazin\\\/#\\\/schema\\\/person\\\/79452c699c410aa31a119426313748de\",\"name\":\"Edith Danzer\",\"description\":\"Seit Jahren arbeite ich als freie Redakteurin und Fotografin im SalzburgerLand. Schreiben ist f\u00fcr mich nicht blo\u00df das Erstellen eines Textes. Es ist ein Komponieren einer wundervollen Melodie, ein Malen mit Buchstaben und Worten. Ich liebe die Begegnungen mit Menschen, die mir ihre Geschichte anvertrauen. Wenn man mich sucht, bin ich entweder am Schreibtisch (der auch mal am sonnigen H\u00fcttenbankerl stehen kann) oder mit meinem Husky-M\u00e4dl Ylvi am Berg, am See oder im Wald. Ich \u2026 \u2026 in ein paar Worten. \u2022 Lieber drau\u00dfen, als drinnen. \u2022 Lieber Norden, als S\u00fcden. \u2022 Lieber Buchstaben, als Zahlen. \u2022 Lieber Schnee, als Strand. \u2022 Lieber Berg, als Tal. \u2022 Lieber Nordlichter, als S\u00fcdseezauber. \u2022 Lieber H\u00fctte, als F\u00fcnfsternschuppen. \u2022 Lieber Hund, als Katze. \u2022 Lieber grader Michl, als falscher Fufzga. \u2022 Lieber mittendurch, als drumherum \u2022 Lieber Almleben, als Couchpotato\",\"url\":\"https:\\\/\\\/www.salzburgerland.com\\\/de\\\/magazin\\\/author\\\/edith-danzer\\\/\"}]}<\/script>\n<!-- \/ Yoast SEO Premium plugin. -->","yoast_head_json":{"title":"Von Schneek\u00f6niginnen und Eisbrechern - SalzburgerLand Magazin","description":"Es ist Mitte Oktober und die Gipfel der umliegenden Berge erstrahlen bereits in hellem Wei\u00df. Nicht verwunderlich, dass automatisch das Verlangen nach den ersten Schw\u00fcngen im Pulverschnee akut steigt.","robots":{"index":"index","follow":"follow","max-snippet":"max-snippet:-1","max-image-preview":"max-image-preview:large","max-video-preview":"max-video-preview:-1"},"canonical":"https:\/\/www.salzburgerland.com\/de\/magazin\/von-schneekoeniginnen-und-eisbrechern\/","og_locale":"de_DE","og_type":"article","og_title":"Von Schneek\u00f6niginnen und Eisbrechern","og_description":"W\u00e4hrend so mancher den Herbst noch f\u00fcr ausgedehnte Wanderungen in den Bergen des SalzburgerLands nutzt, hat mich allerdings beim Anblick des frisch verschneiten Kitzsteinhorns das Skitouren-Fieber erfasst. Gipfelsturm Schnell ist mein Equipment im Auto verstaut und los geht\u2019s nach Kaprun! Ich bin nicht die Einzige, die infiziert ist, scheint es. Denn schon am Parkplatz ist [&hellip;]","og_url":"https:\/\/www.salzburgerland.com\/de\/magazin\/von-schneekoeniginnen-und-eisbrechern\/","og_site_name":"SalzburgerLand Magazin","article_publisher":"https:\/\/www.facebook.com\/salzburgerland\/","article_published_time":"2019-10-06T06:00:20+00:00","article_modified_time":"2020-10-06T08:01:44+00:00","og_image":[{"width":1600,"height":1200,"url":"https:\/\/www.salzburgerland.com\/de\/magazin\/wp-content\/uploads\/2013\/11\/image2-1.jpg","type":"image\/jpeg"}],"author":"Edith Danzer","twitter_card":"summary_large_image","twitter_creator":"@Salzburgerland","twitter_site":"@Salzburgerland","twitter_misc":{"Verfasst von":"Edith Danzer","Gesch\u00e4tzte Lesezeit":"3\u00a0Minuten"},"schema":{"@context":"https:\/\/schema.org","@graph":[{"@type":"Article","@id":"https:\/\/www.salzburgerland.com\/de\/magazin\/von-schneekoeniginnen-und-eisbrechern\/#article","isPartOf":{"@id":"https:\/\/www.salzburgerland.com\/de\/magazin\/von-schneekoeniginnen-und-eisbrechern\/"},"author":{"name":"Edith Danzer","@id":"https:\/\/www.salzburgerland.com\/de\/magazin\/#\/schema\/person\/79452c699c410aa31a119426313748de"},"headline":"Von Schneek\u00f6niginnen und Eisbrechern","datePublished":"2019-10-06T06:00:20+00:00","dateModified":"2020-10-06T08:01:44+00:00","mainEntityOfPage":{"@id":"https:\/\/www.salzburgerland.com\/de\/magazin\/von-schneekoeniginnen-und-eisbrechern\/"},"wordCount":569,"commentCount":0,"publisher":{"@id":"https:\/\/www.salzburgerland.com\/de\/magazin\/#organization"},"image":{"@id":"https:\/\/www.salzburgerland.com\/de\/magazin\/von-schneekoeniginnen-und-eisbrechern\/#primaryimage"},"thumbnailUrl":"https:\/\/www.salzburgerland.com\/de\/magazin\/wp-content\/uploads\/2013\/11\/image2-1.jpg","articleSection":["Outdoor &amp; Sport"],"inLanguage":"de","potentialAction":[{"@type":"CommentAction","name":"Comment","target":["https:\/\/www.salzburgerland.com\/de\/magazin\/von-schneekoeniginnen-und-eisbrechern\/#respond"]}]},{"@type":"WebPage","@id":"https:\/\/www.salzburgerland.com\/de\/magazin\/von-schneekoeniginnen-und-eisbrechern\/","url":"https:\/\/www.salzburgerland.com\/de\/magazin\/von-schneekoeniginnen-und-eisbrechern\/","name":"Von Schneek\u00f6niginnen und Eisbrechern - SalzburgerLand Magazin","isPartOf":{"@id":"https:\/\/www.salzburgerland.com\/de\/magazin\/#website"},"primaryImageOfPage":{"@id":"https:\/\/www.salzburgerland.com\/de\/magazin\/von-schneekoeniginnen-und-eisbrechern\/#primaryimage"},"image":{"@id":"https:\/\/www.salzburgerland.com\/de\/magazin\/von-schneekoeniginnen-und-eisbrechern\/#primaryimage"},"thumbnailUrl":"https:\/\/www.salzburgerland.com\/de\/magazin\/wp-content\/uploads\/2013\/11\/image2-1.jpg","datePublished":"2019-10-06T06:00:20+00:00","dateModified":"2020-10-06T08:01:44+00:00","breadcrumb":{"@id":"https:\/\/www.salzburgerland.com\/de\/magazin\/von-schneekoeniginnen-und-eisbrechern\/#breadcrumb"},"inLanguage":"de","potentialAction":[{"@type":"ReadAction","target":["https:\/\/www.salzburgerland.com\/de\/magazin\/von-schneekoeniginnen-und-eisbrechern\/"]}]},{"@type":"ImageObject","inLanguage":"de","@id":"https:\/\/www.salzburgerland.com\/de\/magazin\/von-schneekoeniginnen-und-eisbrechern\/#primaryimage","url":"https:\/\/www.salzburgerland.com\/de\/magazin\/wp-content\/uploads\/2013\/11\/image2-1.jpg","contentUrl":"https:\/\/www.salzburgerland.com\/de\/magazin\/wp-content\/uploads\/2013\/11\/image2-1.jpg","width":1600,"height":1200,"caption":"Perfekte Bedingungen am Kitzsteinhorn."},{"@type":"BreadcrumbList","@id":"https:\/\/www.salzburgerland.com\/de\/magazin\/von-schneekoeniginnen-und-eisbrechern\/#breadcrumb","itemListElement":[{"@type":"ListItem","position":1,"name":"Startseite","item":"https:\/\/www.salzburgerland.com\/de\/magazin\/"},{"@type":"ListItem","position":2,"name":"Outdoor &amp; Sport","item":"https:\/\/www.salzburgerland.com\/de\/magazin\/thema\/outdoor-sport\/"},{"@type":"ListItem","position":3,"name":"Von Schneek\u00f6niginnen und Eisbrechern"}]},{"@type":"WebSite","@id":"https:\/\/www.salzburgerland.com\/de\/magazin\/#website","url":"https:\/\/www.salzburgerland.com\/de\/magazin\/","name":"SalzburgerLand Magazin","description":"Geschichten und Interessantes aus dem SalzburgerLand","publisher":{"@id":"https:\/\/www.salzburgerland.com\/de\/magazin\/#organization"},"potentialAction":[{"@type":"SearchAction","target":{"@type":"EntryPoint","urlTemplate":"https:\/\/www.salzburgerland.com\/de\/magazin\/?s={search_term_string}"},"query-input":{"@type":"PropertyValueSpecification","valueRequired":true,"valueName":"search_term_string"}}],"inLanguage":"de"},{"@type":"Organization","@id":"https:\/\/www.salzburgerland.com\/de\/magazin\/#organization","name":"SalzburgerLand Tourismus","url":"https:\/\/www.salzburgerland.com\/de\/magazin\/","logo":{"@type":"ImageObject","inLanguage":"de","@id":"https:\/\/www.salzburgerland.com\/de\/magazin\/#\/schema\/logo\/image\/","url":"https:\/\/www.salzburgerland.com\/de\/magazin\/wp-content\/uploads\/2019\/06\/salzburgerland-logo1.jpg","contentUrl":"https:\/\/www.salzburgerland.com\/de\/magazin\/wp-content\/uploads\/2019\/06\/salzburgerland-logo1.jpg","width":2011,"height":866,"caption":"SalzburgerLand Tourismus"},"image":{"@id":"https:\/\/www.salzburgerland.com\/de\/magazin\/#\/schema\/logo\/image\/"},"sameAs":["https:\/\/www.facebook.com\/salzburgerland\/","https:\/\/x.com\/Salzburgerland","https:\/\/www.instagram.com\/salzburgerland\/","https:\/\/at.linkedin.com\/company\/salzburgerland-tourismus-gmbh","https:\/\/www.pinterest.at\/salzburgerland\/","https:\/\/www.youtube.com\/user\/salzburgerland","https:\/\/de.wikipedia.org\/wiki\/SalzburgerLand_Tourismus_GmbH"]},{"@type":"Person","@id":"https:\/\/www.salzburgerland.com\/de\/magazin\/#\/schema\/person\/79452c699c410aa31a119426313748de","name":"Edith Danzer","description":"Seit Jahren arbeite ich als freie Redakteurin und Fotografin im SalzburgerLand. Schreiben ist f\u00fcr mich nicht blo\u00df das Erstellen eines Textes. Es ist ein Komponieren einer wundervollen Melodie, ein Malen mit Buchstaben und Worten. Ich liebe die Begegnungen mit Menschen, die mir ihre Geschichte anvertrauen. Wenn man mich sucht, bin ich entweder am Schreibtisch (der auch mal am sonnigen H\u00fcttenbankerl stehen kann) oder mit meinem Husky-M\u00e4dl Ylvi am Berg, am See oder im Wald. Ich \u2026 \u2026 in ein paar Worten. \u2022 Lieber drau\u00dfen, als drinnen. \u2022 Lieber Norden, als S\u00fcden. \u2022 Lieber Buchstaben, als Zahlen. \u2022 Lieber Schnee, als Strand. \u2022 Lieber Berg, als Tal. \u2022 Lieber Nordlichter, als S\u00fcdseezauber. \u2022 Lieber H\u00fctte, als F\u00fcnfsternschuppen. \u2022 Lieber Hund, als Katze. \u2022 Lieber grader Michl, als falscher Fufzga. \u2022 Lieber mittendurch, als drumherum \u2022 Lieber Almleben, als Couchpotato","url":"https:\/\/www.salzburgerland.com\/de\/magazin\/author\/edith-danzer\/"}]}},"_wl_alt_label":[],"wl:entity_url":"http:\/\/open.salzburgerland.com\/magazin\/post\/von_schneekoeniginnen_und_eisbrechern","_links":{"self":[{"href":"https:\/\/www.salzburgerland.com\/de\/magazin\/wp-json\/wp\/v2\/posts\/74581","targetHints":{"allow":["GET"]}}],"collection":[{"href":"https:\/\/www.salzburgerland.com\/de\/magazin\/wp-json\/wp\/v2\/posts"}],"about":[{"href":"https:\/\/www.salzburgerland.com\/de\/magazin\/wp-json\/wp\/v2\/types\/post"}],"author":[{"embeddable":true,"href":"https:\/\/www.salzburgerland.com\/de\/magazin\/wp-json\/wp\/v2\/users\/11"}],"replies":[{"embeddable":true,"href":"https:\/\/www.salzburgerland.com\/de\/magazin\/wp-json\/wp\/v2\/comments?post=74581"}],"version-history":[{"count":5,"href":"https:\/\/www.salzburgerland.com\/de\/magazin\/wp-json\/wp\/v2\/posts\/74581\/revisions"}],"predecessor-version":[{"id":146683,"href":"https:\/\/www.salzburgerland.com\/de\/magazin\/wp-json\/wp\/v2\/posts\/74581\/revisions\/146683"}],"wp:featuredmedia":[{"embeddable":true,"href":"https:\/\/www.salzburgerland.com\/de\/magazin\/wp-json\/wp\/v2\/media\/110422"}],"wp:attachment":[{"href":"https:\/\/www.salzburgerland.com\/de\/magazin\/wp-json\/wp\/v2\/media?parent=74581"}],"wp:term":[{"taxonomy":"category","embeddable":true,"href":"https:\/\/www.salzburgerland.com\/de\/magazin\/wp-json\/wp\/v2\/categories?post=74581"},{"taxonomy":"post_tag","embeddable":true,"href":"https:\/\/www.salzburgerland.com\/de\/magazin\/wp-json\/wp\/v2\/tags?post=74581"},{"taxonomy":"wl_entity_type","embeddable":true,"href":"https:\/\/www.salzburgerland.com\/de\/magazin\/wp-json\/wp\/v2\/wl_entity_type?post=74581"},{"taxonomy":"monatsauswahl","embeddable":true,"href":"https:\/\/www.salzburgerland.com\/de\/magazin\/wp-json\/wp\/v2\/monatsauswahl?post=74581"}],"curies":[{"name":"wp","href":"https:\/\/api.w.org\/{rel}","templated":true}]}}