{"id":72219,"date":"2013-11-11T09:00:13","date_gmt":"2013-11-11T08:00:13","guid":{"rendered":"http:\/\/magazin.salzburgerland.com\/?p=72219"},"modified":"2023-06-22T09:35:06","modified_gmt":"2023-06-22T07:35:06","slug":"weisses-rossl-filmpremiere-als-alpenpop-singspiel","status":"publish","type":"post","link":"https:\/\/www.salzburgerland.com\/de\/magazin\/weisses-rossl-filmpremiere-als-alpenpop-singspiel\/","title":{"rendered":"Weisses R\u00f6ssl Filmpremiere als Alpenpop Singspiel"},"content":{"rendered":"<p><strong>Im Weissen R\u00f6ssl am Wolfgangsee &#8211; da steht das Gl\u00fcck vor der T\u00fcr &#8230;. auch wenn das Singspiel Remake vom Weissen R\u00f6ssl im Untertitel &#8222;Wehe du singst&#8220; hei\u00dft, sangen am Ende der Filmpremiere dann doch alle mit<\/strong>.<\/p>\n<p><iframe loading=\"lazy\" title=\"IM WEISSEN R\u00d6SSL | Die legend\u00e4re Kom\u00f6die neu verfilmt | Offizieller Spot\" width=\"640\" height=\"360\" src=\"https:\/\/www.youtube-nocookie.com\/embed\/S2W5z9jQ20U?feature=oembed&#038;rel=0&#038;modestbranding=1\" frameborder=\"0\" allow=\"accelerometer; autoplay; clipboard-write; encrypted-media; gyroscope; picture-in-picture; web-share\" referrerpolicy=\"strict-origin-when-cross-origin\" allowfullscreen><\/iframe><\/p>\n<p>Sechs der Hauptdarsteller&nbsp;Diana Amft , Tobias Licht , Fritz Karl, Edita Malovcic, Gregor Bloeb und Julia Cencig animierten das Publikum.&nbsp;Kitschig und lustig bis kurios, waren die Kommentare der meisten Premierenbesucher, die das Genre noch nicht ganz einordnen konnten. Zwischen Alpenromantik und Musical, zwischen Operette und Heimatfilm hat Regisseur Christian Theede das Kino-Singspiel angelegt.<br \/>\nBei der Premiere ins Salzburg gab es in jedem Fall viele Lacher und gro\u00dfen Applaus.<\/p>\n<p>Danach standen auch&nbsp;Regisseur Christian Theede sowie der Produzenten Klaus Graf, Regina Ziegler und Stefan Wieduwilt dem Premierenpublikum f\u00fcr Diskussionen zur Verf\u00fcgung. Eines war von Anfang an klar: Das Alpenpop Liebesspiel polarisiert.<\/p>\n<p>Weil Liebe durch den Magen geht, lud &nbsp;Stiegl im Anschluss in die <a title=\"Stiegls Brauwelt\" href=\"http:\/\/www.stiegl.at\/de\/brauwelt\/\" target=\"_blank\" rel=\"noopener noreferrer\">Brauwelt<\/a> zur Premierenfeier,&nbsp;wo die G\u00e4ste wie Willi Gabalier, Marika Lichter, Nina Proll, Reinhard Schwabenitzky, Elfi Eschke, &nbsp;St. Gilgens B\u00fcrgermeister Otto Kloiber , Alessandra und &nbsp;Dieter&nbsp;Kiener (Stiegl)und die Original <a title=\"Hotel Weisses R\u00f6ssl\" href=\"http:\/\/www.weissesroessl.at\/\" target=\"_blank\" rel=\"noopener noreferrer\">R\u00f6ssl Wirte <\/a>Oliver und Gudrun Trutmann-Peter &nbsp;bei Mozartkugeln (handgedreht aus dem Salzkammergut), Schnaps (\u201ePrimush\u00e4usl\u201c Abersee) und Schlagerparty den Abend ausklingen lie\u00dfen. Eines der vielen Highlights des Abends war die Verkostung der kulinarischen K\u00f6stlichkeiten der Via Culinaria-Leitbetriebe.<\/p>\n<p>Stiegl war bereits in der 1960 gedrehten Kinoversion als Partner mit von der Partie. Somit war es Freude und Anliegen zugleich, auch bei der Neuverfilmung wieder mit dabei zu sein. Mit dem Ferienhof Lueg am Wolfgangsee stellte die Privatbrauerei der \u00d6sterreicher den Hauptdrehort f\u00fcr das Remake &#8222;Im Wei\u00dfen R\u00f6ssl &#8211; Wehe, du singst!&#8220; zur Verf\u00fcgung.<\/p>\n<div class=\"mag-gallery\"><div class=\"row\"><div class=\"col-6 col-sm-4\"><figure><a class=\"thumb-container\" href=\"https:\/\/www.salzburgerland.com\/de\/magazin\/wp-content\/uploads\/2013\/11\/d06kXIII032-1280x1024.jpg\">\t<picture><source media=\"(min-width: 576px)\" srcset=\"https:\/\/www.salzburgerland.com\/de\/magazin\/wp-content\/uploads\/2013\/11\/d06kXIII032-325x209.jpg 325w, https:\/\/www.salzburgerland.com\/de\/magazin\/wp-content\/uploads\/2013\/11\/d06kXIII032-249x160.jpg 249w\" \/><source media=\"(min-width: 0)\" srcset=\"https:\/\/www.salzburgerland.com\/de\/magazin\/wp-content\/uploads\/2013\/11\/d06kXIII032-249x160.jpg 249w, https:\/\/www.salzburgerland.com\/de\/magazin\/wp-content\/uploads\/2013\/11\/d06kXIII032-325x209.jpg 325w\" \/><img decoding=\"async\" alt=\"Zwei Personen in traditioneller Kleidung l\u00e4cheln und sto\u00dfen mit gro\u00dfen Bierkr\u00fcgen auf einer Veranstaltung mit blauem Hintergrund an.\" src=\"https:\/\/www.salzburgerland.com\/de\/magazin\/wp-content\/uploads\/2013\/11\/d06kXIII032-scaled.jpg\" \/>\t<\/picture><\/a><\/figure><\/div><div class=\"col-6 col-sm-4\"><figure><a class=\"thumb-container\" href=\"https:\/\/www.salzburgerland.com\/de\/magazin\/wp-content\/uploads\/2013\/11\/d06kXIII044-1280x1024.jpg\">\t<picture><source media=\"(min-width: 576px)\" srcset=\"https:\/\/www.salzburgerland.com\/de\/magazin\/wp-content\/uploads\/2013\/11\/d06kXIII044-325x209.jpg 325w, https:\/\/www.salzburgerland.com\/de\/magazin\/wp-content\/uploads\/2013\/11\/d06kXIII044-249x160.jpg 249w\" \/><source media=\"(min-width: 0)\" srcset=\"https:\/\/www.salzburgerland.com\/de\/magazin\/wp-content\/uploads\/2013\/11\/d06kXIII044-249x160.jpg 249w, https:\/\/www.salzburgerland.com\/de\/magazin\/wp-content\/uploads\/2013\/11\/d06kXIII044-325x209.jpg 325w\" \/><img decoding=\"async\" alt=\"Ein l\u00e4chelndes Paar in traditioneller \u00f6sterreichischer Tracht h\u00e4lt sich vor einem n\u00e4chtlichen Oldtimerbus an den H\u00e4nden.\" src=\"https:\/\/www.salzburgerland.com\/de\/magazin\/wp-content\/uploads\/2013\/11\/d06kXIII044-scaled.jpg\" \/>\t<\/picture><\/a><\/figure><\/div><div class=\"col-6 col-sm-4\"><figure><a class=\"thumb-container\" href=\"https:\/\/www.salzburgerland.com\/de\/magazin\/wp-content\/uploads\/2013\/11\/d06kXIII056-1280x1024.jpg\">\t<picture><source media=\"(min-width: 576px)\" srcset=\"\" \/><source media=\"(min-width: 0)\" srcset=\"\" \/><img decoding=\"async\" alt=\"Zwei l\u00e4chelnde M\u00e4nner, Arm in Arm, in traditioneller Kleidung, stehen nachts vor einem Fahrzeug.\" src=\"https:\/\/www.salzburgerland.com\/de\/magazin\/wp-content\/uploads\/2013\/11\/d06kXIII056-scaled.jpg\" \/>\t<\/picture><\/a><\/figure><\/div><div class=\"col-6 col-sm-4\"><figure><a class=\"thumb-container\" href=\"https:\/\/www.salzburgerland.com\/de\/magazin\/wp-content\/uploads\/2013\/11\/d06kXIII060-1280x1024.jpg\">\t<picture><source media=\"(min-width: 576px)\" srcset=\"https:\/\/www.salzburgerland.com\/de\/magazin\/wp-content\/uploads\/2013\/11\/d06kXIII060-325x209.jpg 325w, https:\/\/www.salzburgerland.com\/de\/magazin\/wp-content\/uploads\/2013\/11\/d06kXIII060-249x160.jpg 249w\" \/><source media=\"(min-width: 0)\" srcset=\"https:\/\/www.salzburgerland.com\/de\/magazin\/wp-content\/uploads\/2013\/11\/d06kXIII060-249x160.jpg 249w, https:\/\/www.salzburgerland.com\/de\/magazin\/wp-content\/uploads\/2013\/11\/d06kXIII060-325x209.jpg 325w\" \/><img decoding=\"async\" alt=\"Eine l\u00e4chelnde Frau in einem Kleid posiert mit einem Mann in \u00f6sterreichischer Lederhose, der ein STIEGL-Schild bei einer Veranstaltung h\u00e4lt.\" src=\"https:\/\/www.salzburgerland.com\/de\/magazin\/wp-content\/uploads\/2013\/11\/d06kXIII060-scaled.jpg\" \/>\t<\/picture><\/a><\/figure><\/div><div class=\"col-6 col-sm-4\"><figure><a class=\"thumb-container\" href=\"https:\/\/www.salzburgerland.com\/de\/magazin\/wp-content\/uploads\/2013\/11\/d06kXIII076-1280x1024.jpg\">\t<picture><source media=\"(min-width: 576px)\" srcset=\"https:\/\/www.salzburgerland.com\/de\/magazin\/wp-content\/uploads\/2013\/11\/d06kXIII076-325x209.jpg 325w, https:\/\/www.salzburgerland.com\/de\/magazin\/wp-content\/uploads\/2013\/11\/d06kXIII076-249x160.jpg 249w\" \/><source media=\"(min-width: 0)\" srcset=\"https:\/\/www.salzburgerland.com\/de\/magazin\/wp-content\/uploads\/2013\/11\/d06kXIII076-249x160.jpg 249w, https:\/\/www.salzburgerland.com\/de\/magazin\/wp-content\/uploads\/2013\/11\/d06kXIII076-325x209.jpg 325w\" \/><img decoding=\"async\" alt=\"Ein Mann in einem Kost\u00fcm h\u00e4lt eine lachende Frau mit einem erhobenen Bein auf einer lebhaften Veranstaltung vor einem blauen Hintergrund.\" src=\"https:\/\/www.salzburgerland.com\/de\/magazin\/wp-content\/uploads\/2013\/11\/d06kXIII076-scaled.jpg\" \/>\t<\/picture><\/a><\/figure><\/div><div class=\"col-6 col-sm-4\"><figure><a class=\"thumb-container\" href=\"https:\/\/www.salzburgerland.com\/de\/magazin\/wp-content\/uploads\/2013\/11\/d06kXIII085-1280x1024.jpg\">\t<picture><source media=\"(min-width: 576px)\" srcset=\"https:\/\/www.salzburgerland.com\/de\/magazin\/wp-content\/uploads\/2013\/11\/d06kXIII085-325x209.jpg 325w, https:\/\/www.salzburgerland.com\/de\/magazin\/wp-content\/uploads\/2013\/11\/d06kXIII085-249x160.jpg 249w\" \/><source media=\"(min-width: 0)\" srcset=\"https:\/\/www.salzburgerland.com\/de\/magazin\/wp-content\/uploads\/2013\/11\/d06kXIII085-249x160.jpg 249w, https:\/\/www.salzburgerland.com\/de\/magazin\/wp-content\/uploads\/2013\/11\/d06kXIII085-325x209.jpg 325w\" \/><img decoding=\"async\" alt=\"Zwei M\u00e4nner zapfen ein h\u00f6lzernes Bierfass an, w\u00e4hrend andere, in festlicher \u00f6sterreichischer Tracht gekleidet, bei einer Veranstaltung jubeln.\" src=\"https:\/\/www.salzburgerland.com\/de\/magazin\/wp-content\/uploads\/2013\/11\/d06kXIII085-scaled.jpg\" \/>\t<\/picture><\/a><\/figure><\/div><div class=\"col-6 col-sm-4\"><figure><a class=\"thumb-container\" href=\"https:\/\/www.salzburgerland.com\/de\/magazin\/wp-content\/uploads\/2013\/11\/d06kXIII106-1280x1024.jpg\">\t<picture><source media=\"(min-width: 576px)\" srcset=\"https:\/\/www.salzburgerland.com\/de\/magazin\/wp-content\/uploads\/2013\/11\/d06kXIII106-325x209.jpg 325w, https:\/\/www.salzburgerland.com\/de\/magazin\/wp-content\/uploads\/2013\/11\/d06kXIII106-249x160.jpg 249w\" \/><source media=\"(min-width: 0)\" srcset=\"https:\/\/www.salzburgerland.com\/de\/magazin\/wp-content\/uploads\/2013\/11\/d06kXIII106-249x160.jpg 249w, https:\/\/www.salzburgerland.com\/de\/magazin\/wp-content\/uploads\/2013\/11\/d06kXIII106-325x209.jpg 325w\" \/><img decoding=\"async\" alt=\"Drei Personen in festlicher \u00f6sterreichischer Kleidung halten Bierkr\u00fcge und l\u00e4cheln bei einer Veranstaltung im Stil des Oktoberfestes.\" src=\"https:\/\/www.salzburgerland.com\/de\/magazin\/wp-content\/uploads\/2013\/11\/d06kXIII106-scaled.jpg\" \/>\t<\/picture><\/a><\/figure><\/div><div class=\"col-6 col-sm-4\"><figure><a class=\"thumb-container\" href=\"https:\/\/www.salzburgerland.com\/de\/magazin\/wp-content\/uploads\/2013\/11\/d06kXIII121-1280x1024.jpg\">\t<picture><source media=\"(min-width: 576px)\" srcset=\"https:\/\/www.salzburgerland.com\/de\/magazin\/wp-content\/uploads\/2013\/11\/d06kXIII121-325x209.jpg 325w, https:\/\/www.salzburgerland.com\/de\/magazin\/wp-content\/uploads\/2013\/11\/d06kXIII121-249x160.jpg 249w\" \/><source media=\"(min-width: 0)\" srcset=\"https:\/\/www.salzburgerland.com\/de\/magazin\/wp-content\/uploads\/2013\/11\/d06kXIII121-249x160.jpg 249w, https:\/\/www.salzburgerland.com\/de\/magazin\/wp-content\/uploads\/2013\/11\/d06kXIII121-325x209.jpg 325w\" \/><img decoding=\"async\" alt=\"Eine l\u00e4chelnde Frau h\u00e4lt einen gro\u00dfen Becher in der Hand; neben ihr steht ein Mann bei einer belebten Indoor-Veranstaltung.\" src=\"https:\/\/www.salzburgerland.com\/de\/magazin\/wp-content\/uploads\/2013\/11\/d06kXIII121-scaled.jpg\" \/>\t<\/picture><\/a><\/figure><\/div><div class=\"col-6 col-sm-4\"><figure><a class=\"thumb-container\" href=\"https:\/\/www.salzburgerland.com\/de\/magazin\/wp-content\/uploads\/2013\/11\/d06kXIII130-1280x1024.jpg\">\t<picture><source media=\"(min-width: 576px)\" srcset=\"https:\/\/www.salzburgerland.com\/de\/magazin\/wp-content\/uploads\/2013\/11\/d06kXIII130-325x209.jpg 325w, https:\/\/www.salzburgerland.com\/de\/magazin\/wp-content\/uploads\/2013\/11\/d06kXIII130-249x160.jpg 249w\" \/><source media=\"(min-width: 0)\" srcset=\"https:\/\/www.salzburgerland.com\/de\/magazin\/wp-content\/uploads\/2013\/11\/d06kXIII130-249x160.jpg 249w, https:\/\/www.salzburgerland.com\/de\/magazin\/wp-content\/uploads\/2013\/11\/d06kXIII130-325x209.jpg 325w\" \/><img decoding=\"async\" alt=\"Vier M\u00e4nner in traditioneller \u00f6sterreichischer Tracht spielen Akkordeon und Kontrabass, l\u00e4cheln und spielen in der Halle.\" src=\"https:\/\/www.salzburgerland.com\/de\/magazin\/wp-content\/uploads\/2013\/11\/d06kXIII130-scaled.jpg\" \/>\t<\/picture><\/a><\/figure><\/div><div class=\"col-6 col-sm-4\"><figure><a class=\"thumb-container\" href=\"https:\/\/www.salzburgerland.com\/de\/magazin\/wp-content\/uploads\/2013\/11\/d06kXIII135-1280x1024.jpg\">\t<picture><source media=\"(min-width: 576px)\" srcset=\"https:\/\/www.salzburgerland.com\/de\/magazin\/wp-content\/uploads\/2013\/11\/d06kXIII135-325x209.jpg 325w, https:\/\/www.salzburgerland.com\/de\/magazin\/wp-content\/uploads\/2013\/11\/d06kXIII135-249x160.jpg 249w\" \/><source media=\"(min-width: 0)\" srcset=\"https:\/\/www.salzburgerland.com\/de\/magazin\/wp-content\/uploads\/2013\/11\/d06kXIII135-249x160.jpg 249w, https:\/\/www.salzburgerland.com\/de\/magazin\/wp-content\/uploads\/2013\/11\/d06kXIII135-325x209.jpg 325w\" \/><img decoding=\"async\" alt=\"Eine Frau und ein Mann in formeller Kleidung l\u00e4cheln und posieren zusammen vor einem orangefarbenen Hintergrund.\" src=\"https:\/\/www.salzburgerland.com\/de\/magazin\/wp-content\/uploads\/2013\/11\/d06kXIII135-scaled.jpg\" \/>\t<\/picture><\/a><\/figure><\/div><div class=\"col-6 col-sm-4\"><figure><a class=\"thumb-container\" href=\"https:\/\/www.salzburgerland.com\/de\/magazin\/wp-content\/uploads\/2013\/11\/d06kXIII158-1280x1024.jpg\">\t<picture><source media=\"(min-width: 576px)\" srcset=\"https:\/\/www.salzburgerland.com\/de\/magazin\/wp-content\/uploads\/2013\/11\/d06kXIII158-325x209.jpg 325w, https:\/\/www.salzburgerland.com\/de\/magazin\/wp-content\/uploads\/2013\/11\/d06kXIII158-249x160.jpg 249w\" \/><source media=\"(min-width: 0)\" srcset=\"https:\/\/www.salzburgerland.com\/de\/magazin\/wp-content\/uploads\/2013\/11\/d06kXIII158-249x160.jpg 249w, https:\/\/www.salzburgerland.com\/de\/magazin\/wp-content\/uploads\/2013\/11\/d06kXIII158-325x209.jpg 325w\" \/><img decoding=\"async\" alt=\"Sechs Personen in traditioneller \u00f6sterreichischer Kleidung singen gemeinsam auf der B\u00fchne vor einem wei\u00dfen Hintergrund.\" src=\"https:\/\/www.salzburgerland.com\/de\/magazin\/wp-content\/uploads\/2013\/11\/d06kXIII158-scaled.jpg\" \/>\t<\/picture><\/a><\/figure><\/div><div class=\"col-6 col-sm-4\"><figure><a class=\"thumb-container\" href=\"https:\/\/www.salzburgerland.com\/de\/magazin\/wp-content\/uploads\/2013\/11\/d06kXIII160-1280x1024.jpg\">\t<picture><source media=\"(min-width: 576px)\" srcset=\"https:\/\/www.salzburgerland.com\/de\/magazin\/wp-content\/uploads\/2013\/11\/d06kXIII160-325x209.jpg 325w, https:\/\/www.salzburgerland.com\/de\/magazin\/wp-content\/uploads\/2013\/11\/d06kXIII160-249x160.jpg 249w\" \/><source media=\"(min-width: 0)\" srcset=\"https:\/\/www.salzburgerland.com\/de\/magazin\/wp-content\/uploads\/2013\/11\/d06kXIII160-249x160.jpg 249w, https:\/\/www.salzburgerland.com\/de\/magazin\/wp-content\/uploads\/2013\/11\/d06kXIII160-325x209.jpg 325w\" \/><img decoding=\"async\" alt=\"Auf einer gro\u00dfen Kinoleinwand wird eine romantische Szene eines Paares gezeigt, das sich gerade k\u00fcsst.\" src=\"https:\/\/www.salzburgerland.com\/de\/magazin\/wp-content\/uploads\/2013\/11\/d06kXIII160-scaled.jpg\" \/>\t<\/picture><\/a><\/figure><\/div><div class=\"col-6 col-sm-4\"><figure><a class=\"thumb-container\" href=\"https:\/\/www.salzburgerland.com\/de\/magazin\/wp-content\/uploads\/2013\/11\/d06kXIII161-1280x1024.jpg\">\t<picture><source media=\"(min-width: 576px)\" srcset=\"https:\/\/www.salzburgerland.com\/de\/magazin\/wp-content\/uploads\/2013\/11\/d06kXIII161-325x209.jpg 325w, https:\/\/www.salzburgerland.com\/de\/magazin\/wp-content\/uploads\/2013\/11\/d06kXIII161-249x160.jpg 249w\" \/><source media=\"(min-width: 0)\" srcset=\"https:\/\/www.salzburgerland.com\/de\/magazin\/wp-content\/uploads\/2013\/11\/d06kXIII161-249x160.jpg 249w, https:\/\/www.salzburgerland.com\/de\/magazin\/wp-content\/uploads\/2013\/11\/d06kXIII161-325x209.jpg 325w\" \/><img decoding=\"async\" alt=\"Vor einem farbenfrohen Geb\u00e4ude mit der Aufschrift &quot;Wei\u00dfes R\u00f6ssl&quot; wird ein B\u00fchnenprogramm aufgef\u00fchrt.\" src=\"https:\/\/www.salzburgerland.com\/de\/magazin\/wp-content\/uploads\/2013\/11\/d06kXIII161-scaled.jpg\" \/>\t<\/picture><\/a><\/figure><\/div><div class=\"col-6 col-sm-4\"><figure><a class=\"thumb-container\" href=\"https:\/\/www.salzburgerland.com\/de\/magazin\/wp-content\/uploads\/2013\/11\/d06kXIII162-1280x1024.jpg\">\t<picture><source media=\"(min-width: 576px)\" srcset=\"https:\/\/www.salzburgerland.com\/de\/magazin\/wp-content\/uploads\/2013\/11\/d06kXIII162-325x209.jpg 325w, https:\/\/www.salzburgerland.com\/de\/magazin\/wp-content\/uploads\/2013\/11\/d06kXIII162-249x160.jpg 249w\" \/><source media=\"(min-width: 0)\" srcset=\"https:\/\/www.salzburgerland.com\/de\/magazin\/wp-content\/uploads\/2013\/11\/d06kXIII162-249x160.jpg 249w, https:\/\/www.salzburgerland.com\/de\/magazin\/wp-content\/uploads\/2013\/11\/d06kXIII162-325x209.jpg 325w\" \/><img decoding=\"async\" alt=\"Ein gro\u00dfes Publikum sitzt in einem dunklen Theater, schaut zu und klatscht in Richtung der hell erleuchteten B\u00fchne.\" src=\"https:\/\/www.salzburgerland.com\/de\/magazin\/wp-content\/uploads\/2013\/11\/d06kXIII162-scaled.jpg\" \/>\t<\/picture><\/a><\/figure><\/div><div class=\"col-6 col-sm-4\"><figure><a class=\"thumb-container\" href=\"https:\/\/www.salzburgerland.com\/de\/magazin\/wp-content\/uploads\/2013\/11\/d06kXIII172-1280x1024.jpg\">\t<picture><source media=\"(min-width: 576px)\" srcset=\"https:\/\/www.salzburgerland.com\/de\/magazin\/wp-content\/uploads\/2013\/11\/d06kXIII172-325x209.jpg 325w, https:\/\/www.salzburgerland.com\/de\/magazin\/wp-content\/uploads\/2013\/11\/d06kXIII172-249x160.jpg 249w\" \/><source media=\"(min-width: 0)\" srcset=\"https:\/\/www.salzburgerland.com\/de\/magazin\/wp-content\/uploads\/2013\/11\/d06kXIII172-249x160.jpg 249w, https:\/\/www.salzburgerland.com\/de\/magazin\/wp-content\/uploads\/2013\/11\/d06kXIII172-325x209.jpg 325w\" \/><img decoding=\"async\" alt=\"Eine gro\u00dfe Gruppe von Menschen steht auf der B\u00fchne vor einer bunten Filmleinwand f\u00fcr Im Weissen R\u00f6ssl.\" src=\"https:\/\/www.salzburgerland.com\/de\/magazin\/wp-content\/uploads\/2013\/11\/d06kXIII172-scaled.jpg\" \/>\t<\/picture><\/a><\/figure><\/div><div class=\"col-6 col-sm-4\"><figure><a class=\"thumb-container\" href=\"https:\/\/www.salzburgerland.com\/de\/magazin\/wp-content\/uploads\/2013\/11\/d06kXIII183-1280x1024.jpg\">\t<picture><source media=\"(min-width: 576px)\" srcset=\"\" \/><source media=\"(min-width: 0)\" srcset=\"\" \/><img decoding=\"async\" alt=\"L\u00e4chelnde Frau mit langen blonden Haaren und einem dunkelgr\u00fcnen Oberteil, die eine Leckerei aus Schokolade am Stiel h\u00e4lt.\" src=\"https:\/\/www.salzburgerland.com\/de\/magazin\/wp-content\/uploads\/2013\/11\/d06kXIII183-scaled.jpg\" \/>\t<\/picture><\/a><\/figure><\/div><div class=\"col-6 col-sm-4\"><figure><a class=\"thumb-container\" href=\"https:\/\/www.salzburgerland.com\/de\/magazin\/wp-content\/uploads\/2013\/11\/d06kXIII184-1280x1024.jpg\">\t<picture><source media=\"(min-width: 576px)\" srcset=\"https:\/\/www.salzburgerland.com\/de\/magazin\/wp-content\/uploads\/2013\/11\/d06kXIII184-325x209.jpg 325w, https:\/\/www.salzburgerland.com\/de\/magazin\/wp-content\/uploads\/2013\/11\/d06kXIII184-249x160.jpg 249w\" \/><source media=\"(min-width: 0)\" srcset=\"https:\/\/www.salzburgerland.com\/de\/magazin\/wp-content\/uploads\/2013\/11\/d06kXIII184-249x160.jpg 249w, https:\/\/www.salzburgerland.com\/de\/magazin\/wp-content\/uploads\/2013\/11\/d06kXIII184-325x209.jpg 325w\" \/><img decoding=\"async\" alt=\"Ein \u00e4lterer Mann und eine Frau l\u00e4cheln und unterhalten sich bei einer lebhaften, violett beleuchteten Indoor-Veranstaltung.\" src=\"https:\/\/www.salzburgerland.com\/de\/magazin\/wp-content\/uploads\/2013\/11\/d06kXIII184-scaled.jpg\" \/>\t<\/picture><\/a><\/figure><\/div><div class=\"col-6 col-sm-4\"><figure><a class=\"thumb-container\" href=\"https:\/\/www.salzburgerland.com\/de\/magazin\/wp-content\/uploads\/2013\/11\/d06kXIII193-1280x1024.jpg\">\t<picture><source media=\"(min-width: 576px)\" srcset=\"\" \/><source media=\"(min-width: 0)\" srcset=\"\" \/><img decoding=\"async\" alt=\"Ein l\u00e4chelndes Paar in traditioneller \u00f6sterreichischer Kleidung posiert zusammen in einer farbenfrohen, festlichen Umgebung.\" src=\"https:\/\/www.salzburgerland.com\/de\/magazin\/wp-content\/uploads\/2013\/11\/d06kXIII193-scaled.jpg\" \/>\t<\/picture><\/a><\/figure><\/div><div class=\"col-6 col-sm-4\"><figure><a class=\"thumb-container\" href=\"https:\/\/www.salzburgerland.com\/de\/magazin\/wp-content\/uploads\/2013\/11\/d06kXIII206-1280x1024.jpg\">\t<picture><source media=\"(min-width: 576px)\" srcset=\"https:\/\/www.salzburgerland.com\/de\/magazin\/wp-content\/uploads\/2013\/11\/d06kXIII206-325x209.jpg 325w, https:\/\/www.salzburgerland.com\/de\/magazin\/wp-content\/uploads\/2013\/11\/d06kXIII206-249x160.jpg 249w\" \/><source media=\"(min-width: 0)\" srcset=\"https:\/\/www.salzburgerland.com\/de\/magazin\/wp-content\/uploads\/2013\/11\/d06kXIII206-249x160.jpg 249w, https:\/\/www.salzburgerland.com\/de\/magazin\/wp-content\/uploads\/2013\/11\/d06kXIII206-325x209.jpg 325w\" \/><img decoding=\"async\" alt=\"Ein l\u00e4chelnder Mann und eine l\u00e4chelnde Frau in \u00f6sterreichischer Tracht tanzen zusammen bei einer festlichen Veranstaltung in einer Halle.\" src=\"https:\/\/www.salzburgerland.com\/de\/magazin\/wp-content\/uploads\/2013\/11\/d06kXIII206-scaled.jpg\" \/>\t<\/picture><\/a><\/figure><\/div><\/div><\/div><figcaption><\/figcaption>\n","protected":false},"excerpt":{"rendered":"<p>Im Weissen R\u00f6ssl am Wolfgangsee &#8211; da steht das Gl\u00fcck vor der T\u00fcr &#8230;. auch wenn das Singspiel Remake vom Weissen R\u00f6ssl im Untertitel &#8222;Wehe du singst&#8220; hei\u00dft, sangen am Ende der Filmpremiere dann doch alle mit. Sechs der Hauptdarsteller&nbsp;Diana Amft , Tobias Licht , Fritz Karl, Edita Malovcic, Gregor Bloeb und Julia Cencig animierten [&hellip;]<\/p>\n","protected":false},"author":70,"featured_media":72230,"comment_status":"open","ping_status":"open","sticky":false,"template":"","format":"standard","meta":{"_acf_changed":false,"wl_entities_gutenberg":"","_wl_entity_redirect_enabled":"","footnotes":""},"categories":[7551],"tags":[],"wl_entity_type":[306],"monatsauswahl":[82,83,84,85,86,87,88,89,90,91,92,93],"class_list":["post-72219","post","type-post","status-publish","format-standard","has-post-thumbnail","hentry","category-archiv","wl_entity_type-article","monatsauswahl-monat_1","monatsauswahl-monat_2","monatsauswahl-monat_3","monatsauswahl-monat_4","monatsauswahl-monat_5","monatsauswahl-monat_6","monatsauswahl-monat_7","monatsauswahl-monat_8","monatsauswahl-monat_9","monatsauswahl-monat_10","monatsauswahl-monat_11","monatsauswahl-monat_12"],"acf":[],"yoast_head":"<!-- This site is optimized with the Yoast SEO Premium plugin v27.4 (Yoast SEO v27.4) - https:\/\/yoast.com\/product\/yoast-seo-premium-wordpress\/ -->\n<title>Weisses R\u00f6ssl Filmpremiere als Alpenpop Singspiel - SalzburgerLand Magazin<\/title>\n<meta name=\"description\" content=\"Im Weissen R\u00f6ssl am Wolfgangsee &#8211; da steht das Gl\u00fcck vor der T\u00fcr &#8230;. auch wenn das Singspiel Remake vom Weissen R\u00f6ssl im Untertitel &#8222;Wehe du singst&#8220; hei\u00dft, sangen am Ende der Filmpremiere dann doch alle mit. Sechs der Hauptdarsteller&nbsp;Diana Amft , Tobias Licht , Fritz Karl, Edita Malovcic, Gregor Bloeb und Julia Cencig animierten [&hellip;]\" \/>\n<meta name=\"robots\" content=\"noindex, nofollow\" \/>\n<meta property=\"og:locale\" content=\"de_DE\" \/>\n<meta property=\"og:type\" content=\"article\" \/>\n<meta property=\"og:title\" content=\"Weisses R\u00f6ssl Filmpremiere als Alpenpop Singspiel\" \/>\n<meta property=\"og:description\" content=\"Im Weissen R\u00f6ssl am Wolfgangsee &#8211; da steht das Gl\u00fcck vor der T\u00fcr &#8230;. auch wenn das Singspiel Remake vom Weissen R\u00f6ssl im Untertitel &#8222;Wehe du singst&#8220; hei\u00dft, sangen am Ende der Filmpremiere dann doch alle mit. Sechs der Hauptdarsteller&nbsp;Diana Amft , Tobias Licht , Fritz Karl, Edita Malovcic, Gregor Bloeb und Julia Cencig animierten [&hellip;]\" \/>\n<meta property=\"og:url\" content=\"https:\/\/www.salzburgerland.com\/de\/magazin\/weisses-rossl-filmpremiere-als-alpenpop-singspiel\/\" \/>\n<meta property=\"og:site_name\" content=\"SalzburgerLand Magazin\" \/>\n<meta property=\"article:publisher\" content=\"https:\/\/www.facebook.com\/salzburgerland\/\" \/>\n<meta property=\"article:published_time\" content=\"2013-11-11T08:00:13+00:00\" \/>\n<meta property=\"article:modified_time\" content=\"2023-06-22T07:35:06+00:00\" \/>\n<meta property=\"og:image\" content=\"https:\/\/www.salzburgerland.com\/de\/magazin\/wp-content\/uploads\/2013\/11\/d06kXIII076-scaled.jpg\" \/>\n\t<meta property=\"og:image:width\" content=\"3543\" \/>\n\t<meta property=\"og:image:height\" content=\"2362\" \/>\n\t<meta property=\"og:image:type\" content=\"image\/jpeg\" \/>\n<meta name=\"author\" content=\"Doris Wild\" \/>\n<meta name=\"twitter:card\" content=\"summary_large_image\" \/>\n<meta name=\"twitter:creator\" content=\"@Salzburgerland\" \/>\n<meta name=\"twitter:site\" content=\"@Salzburgerland\" \/>\n<meta name=\"twitter:label1\" content=\"Verfasst von\" \/>\n\t<meta name=\"twitter:data1\" content=\"Doris Wild\" \/>\n\t<meta name=\"twitter:label2\" content=\"Gesch\u00e4tzte Lesezeit\" \/>\n\t<meta name=\"twitter:data2\" content=\"2\u00a0Minuten\" \/>\n<script type=\"application\/ld+json\" class=\"yoast-schema-graph\">{\"@context\":\"https:\\\/\\\/schema.org\",\"@graph\":[{\"@type\":\"Article\",\"@id\":\"https:\\\/\\\/www.salzburgerland.com\\\/de\\\/magazin\\\/weisses-rossl-filmpremiere-als-alpenpop-singspiel\\\/#article\",\"isPartOf\":{\"@id\":\"https:\\\/\\\/www.salzburgerland.com\\\/de\\\/magazin\\\/weisses-rossl-filmpremiere-als-alpenpop-singspiel\\\/\"},\"author\":{\"name\":\"Doris Wild\",\"@id\":\"https:\\\/\\\/www.salzburgerland.com\\\/de\\\/magazin\\\/#\\\/schema\\\/person\\\/3c02fe460374aa9e0ef912270ae0b92c\"},\"headline\":\"Weisses R\u00f6ssl Filmpremiere als Alpenpop Singspiel\",\"datePublished\":\"2013-11-11T08:00:13+00:00\",\"dateModified\":\"2023-06-22T07:35:06+00:00\",\"mainEntityOfPage\":{\"@id\":\"https:\\\/\\\/www.salzburgerland.com\\\/de\\\/magazin\\\/weisses-rossl-filmpremiere-als-alpenpop-singspiel\\\/\"},\"wordCount\":317,\"commentCount\":0,\"publisher\":{\"@id\":\"https:\\\/\\\/www.salzburgerland.com\\\/de\\\/magazin\\\/#organization\"},\"image\":{\"@id\":\"https:\\\/\\\/www.salzburgerland.com\\\/de\\\/magazin\\\/weisses-rossl-filmpremiere-als-alpenpop-singspiel\\\/#primaryimage\"},\"thumbnailUrl\":\"https:\\\/\\\/www.salzburgerland.com\\\/de\\\/magazin\\\/wp-content\\\/uploads\\\/2013\\\/11\\\/d06kXIII076-scaled.jpg\",\"articleSection\":[\"Archiv\"],\"inLanguage\":\"de\",\"potentialAction\":[{\"@type\":\"CommentAction\",\"name\":\"Comment\",\"target\":[\"https:\\\/\\\/www.salzburgerland.com\\\/de\\\/magazin\\\/weisses-rossl-filmpremiere-als-alpenpop-singspiel\\\/#respond\"]}]},{\"@type\":\"WebPage\",\"@id\":\"https:\\\/\\\/www.salzburgerland.com\\\/de\\\/magazin\\\/weisses-rossl-filmpremiere-als-alpenpop-singspiel\\\/\",\"url\":\"https:\\\/\\\/www.salzburgerland.com\\\/de\\\/magazin\\\/weisses-rossl-filmpremiere-als-alpenpop-singspiel\\\/\",\"name\":\"Weisses R\u00f6ssl Filmpremiere als Alpenpop Singspiel - SalzburgerLand Magazin\",\"isPartOf\":{\"@id\":\"https:\\\/\\\/www.salzburgerland.com\\\/de\\\/magazin\\\/#website\"},\"primaryImageOfPage\":{\"@id\":\"https:\\\/\\\/www.salzburgerland.com\\\/de\\\/magazin\\\/weisses-rossl-filmpremiere-als-alpenpop-singspiel\\\/#primaryimage\"},\"image\":{\"@id\":\"https:\\\/\\\/www.salzburgerland.com\\\/de\\\/magazin\\\/weisses-rossl-filmpremiere-als-alpenpop-singspiel\\\/#primaryimage\"},\"thumbnailUrl\":\"https:\\\/\\\/www.salzburgerland.com\\\/de\\\/magazin\\\/wp-content\\\/uploads\\\/2013\\\/11\\\/d06kXIII076-scaled.jpg\",\"datePublished\":\"2013-11-11T08:00:13+00:00\",\"dateModified\":\"2023-06-22T07:35:06+00:00\",\"breadcrumb\":{\"@id\":\"https:\\\/\\\/www.salzburgerland.com\\\/de\\\/magazin\\\/weisses-rossl-filmpremiere-als-alpenpop-singspiel\\\/#breadcrumb\"},\"inLanguage\":\"de\",\"potentialAction\":[{\"@type\":\"ReadAction\",\"target\":[\"https:\\\/\\\/www.salzburgerland.com\\\/de\\\/magazin\\\/weisses-rossl-filmpremiere-als-alpenpop-singspiel\\\/\"]}]},{\"@type\":\"ImageObject\",\"inLanguage\":\"de\",\"@id\":\"https:\\\/\\\/www.salzburgerland.com\\\/de\\\/magazin\\\/weisses-rossl-filmpremiere-als-alpenpop-singspiel\\\/#primaryimage\",\"url\":\"https:\\\/\\\/www.salzburgerland.com\\\/de\\\/magazin\\\/wp-content\\\/uploads\\\/2013\\\/11\\\/d06kXIII076-scaled.jpg\",\"contentUrl\":\"https:\\\/\\\/www.salzburgerland.com\\\/de\\\/magazin\\\/wp-content\\\/uploads\\\/2013\\\/11\\\/d06kXIII076-scaled.jpg\",\"width\":3543,\"height\":2362,\"caption\":\"Gregor Bloeb als Sigismund S\u00fclzheimer, Julia Cencig,\"},{\"@type\":\"BreadcrumbList\",\"@id\":\"https:\\\/\\\/www.salzburgerland.com\\\/de\\\/magazin\\\/weisses-rossl-filmpremiere-als-alpenpop-singspiel\\\/#breadcrumb\",\"itemListElement\":[{\"@type\":\"ListItem\",\"position\":1,\"name\":\"Startseite\",\"item\":\"https:\\\/\\\/www.salzburgerland.com\\\/de\\\/magazin\\\/\"},{\"@type\":\"ListItem\",\"position\":2,\"name\":\"Archiv\",\"item\":\"https:\\\/\\\/www.salzburgerland.com\\\/de\\\/magazin\\\/thema\\\/archiv\\\/\"},{\"@type\":\"ListItem\",\"position\":3,\"name\":\"Weisses R\u00f6ssl Filmpremiere als Alpenpop Singspiel\"}]},{\"@type\":\"WebSite\",\"@id\":\"https:\\\/\\\/www.salzburgerland.com\\\/de\\\/magazin\\\/#website\",\"url\":\"https:\\\/\\\/www.salzburgerland.com\\\/de\\\/magazin\\\/\",\"name\":\"SalzburgerLand Magazin\",\"description\":\"Geschichten und Interessantes aus dem SalzburgerLand\",\"publisher\":{\"@id\":\"https:\\\/\\\/www.salzburgerland.com\\\/de\\\/magazin\\\/#organization\"},\"potentialAction\":[{\"@type\":\"SearchAction\",\"target\":{\"@type\":\"EntryPoint\",\"urlTemplate\":\"https:\\\/\\\/www.salzburgerland.com\\\/de\\\/magazin\\\/?s={search_term_string}\"},\"query-input\":{\"@type\":\"PropertyValueSpecification\",\"valueRequired\":true,\"valueName\":\"search_term_string\"}}],\"inLanguage\":\"de\"},{\"@type\":\"Organization\",\"@id\":\"https:\\\/\\\/www.salzburgerland.com\\\/de\\\/magazin\\\/#organization\",\"name\":\"SalzburgerLand Tourismus\",\"url\":\"https:\\\/\\\/www.salzburgerland.com\\\/de\\\/magazin\\\/\",\"logo\":{\"@type\":\"ImageObject\",\"inLanguage\":\"de\",\"@id\":\"https:\\\/\\\/www.salzburgerland.com\\\/de\\\/magazin\\\/#\\\/schema\\\/logo\\\/image\\\/\",\"url\":\"https:\\\/\\\/www.salzburgerland.com\\\/de\\\/magazin\\\/wp-content\\\/uploads\\\/2019\\\/06\\\/salzburgerland-logo1.jpg\",\"contentUrl\":\"https:\\\/\\\/www.salzburgerland.com\\\/de\\\/magazin\\\/wp-content\\\/uploads\\\/2019\\\/06\\\/salzburgerland-logo1.jpg\",\"width\":2011,\"height\":866,\"caption\":\"SalzburgerLand Tourismus\"},\"image\":{\"@id\":\"https:\\\/\\\/www.salzburgerland.com\\\/de\\\/magazin\\\/#\\\/schema\\\/logo\\\/image\\\/\"},\"sameAs\":[\"https:\\\/\\\/www.facebook.com\\\/salzburgerland\\\/\",\"https:\\\/\\\/x.com\\\/Salzburgerland\",\"https:\\\/\\\/www.instagram.com\\\/salzburgerland\\\/\",\"https:\\\/\\\/at.linkedin.com\\\/company\\\/salzburgerland-tourismus-gmbh\",\"https:\\\/\\\/www.pinterest.at\\\/salzburgerland\\\/\",\"https:\\\/\\\/www.youtube.com\\\/user\\\/salzburgerland\",\"https:\\\/\\\/de.wikipedia.org\\\/wiki\\\/SalzburgerLand_Tourismus_GmbH\"]},{\"@type\":\"Person\",\"@id\":\"https:\\\/\\\/www.salzburgerland.com\\\/de\\\/magazin\\\/#\\\/schema\\\/person\\\/3c02fe460374aa9e0ef912270ae0b92c\",\"name\":\"Doris Wild\",\"description\":\"Doris Wild ist Eventfotografin und Societyjournalistin und hat jetzt mit ihrer Agentur auch den Videojournalismus als zus\u00e4tzliches Standbein entdeckt. Nach 20 Jahren tagesaktueller Berichterstattung sind Blicke hinter die Kulissen der Event-Society und Modewelt die logische Konsequenz. Fragen mit Antworten von Doris Wild Morgen- oder Abendmensch? Vor 8.00 fr\u00fch holt mich nicht einmal der tollste Sonnenaufgang aus den Federn. Dass Fotografen die Morgensonne nutzen sollten \u2013 mag sein. Events finden selten im weichen Morgenlicht statt. Und zur blauen Stunde mache ich die besten Bilder. Weltliteratur oder Tratsch &amp; Klatsch? Man kann das kombinieren. Im Urlaub mal den dicken Schm\u00f6ker, in den Kaffeepausen die Regenbogenzeitschriften. Man muss schlie\u00dflich am Laufenden bleiben, um die Prinzessinnen und Medienstars zu erkennen, wenn sie im Salzburgerland urlauben. Kr\u00e4utertee oder Zirbenschnaps? Ich bin Antialkoholikerin und steh dazu. Ist als Societyfotografin wahrscheinlich die einzige M\u00f6glichkeit zu \u00fcberleben. Golfplatz oder Klettergarten? Klettergarten nat\u00fcrlich. Ich brauch Action. Funsport ist meine Devise! Am besten t\u00e4glich was Neues. Der Herausforderung Golf stelle ich mich sp\u00e4ter. Viel sp\u00e4ter. Dirndl oder Bustierkleid? Jetzt reicht\u00b4s aber. Wie wenn man sich so einfach entscheiden k\u00f6nnte! Mit drei \u00fcbervollen Kleiderschr\u00e4nken und der Ambition sich t\u00e4glich modisch neu zu erfinden, lassen sich diese Fragen nicht beantworten. Das ist anlass- und stimmungsbezogen unterschiedlich. Und \u00fcberhaupt: Auf Kleider steh ich nicht so. Also im Zweifelsfall: Lederhose mit Sneakers. Ausstellung oder Bergpanorama? Das seh ich ganz pragmatisch. Ich komme dort hin, wo mich meine Auftr\u00e4ge hinf\u00fchren. Das ist heute die Vernissage und morgen der Berggipfel. Genau das macht meinen Beruf so spannend und t\u00e4glich anders. Ich will alles.\",\"url\":\"https:\\\/\\\/www.salzburgerland.com\\\/de\\\/magazin\\\/author\\\/doris-wild\\\/\"}]}<\/script>\n<meta property=\"og:video\" content=\"https:\/\/www.youtube.com\/embed\/S2W5z9jQ20U\" \/>\n<meta property=\"og:video:type\" content=\"text\/html\" \/>\n<meta property=\"og:video:duration\" content=\"31\" \/>\n<meta property=\"og:video:width\" content=\"480\" \/>\n<meta property=\"og:video:height\" content=\"270\" \/>\n<meta property=\"ya:ovs:adult\" content=\"false\" \/>\n<meta property=\"ya:ovs:upload_date\" content=\"2013-11-11T08:00:13+00:00\" \/>\n<meta property=\"ya:ovs:allow_embed\" content=\"true\" \/>\n<!-- \/ Yoast SEO Premium plugin. -->","yoast_head_json":{"title":"Weisses R\u00f6ssl Filmpremiere als Alpenpop Singspiel - SalzburgerLand Magazin","description":"Im Weissen R\u00f6ssl am Wolfgangsee &#8211; da steht das Gl\u00fcck vor der T\u00fcr &#8230;. auch wenn das Singspiel Remake vom Weissen R\u00f6ssl im Untertitel &#8222;Wehe du singst&#8220; hei\u00dft, sangen am Ende der Filmpremiere dann doch alle mit. Sechs der Hauptdarsteller&nbsp;Diana Amft , Tobias Licht , Fritz Karl, Edita Malovcic, Gregor Bloeb und Julia Cencig animierten [&hellip;]","robots":{"index":"noindex","follow":"nofollow"},"og_locale":"de_DE","og_type":"article","og_title":"Weisses R\u00f6ssl Filmpremiere als Alpenpop Singspiel","og_description":"Im Weissen R\u00f6ssl am Wolfgangsee &#8211; da steht das Gl\u00fcck vor der T\u00fcr &#8230;. auch wenn das Singspiel Remake vom Weissen R\u00f6ssl im Untertitel &#8222;Wehe du singst&#8220; hei\u00dft, sangen am Ende der Filmpremiere dann doch alle mit. Sechs der Hauptdarsteller&nbsp;Diana Amft , Tobias Licht , Fritz Karl, Edita Malovcic, Gregor Bloeb und Julia Cencig animierten [&hellip;]","og_url":"https:\/\/www.salzburgerland.com\/de\/magazin\/weisses-rossl-filmpremiere-als-alpenpop-singspiel\/","og_site_name":"SalzburgerLand Magazin","article_publisher":"https:\/\/www.facebook.com\/salzburgerland\/","article_published_time":"2013-11-11T08:00:13+00:00","article_modified_time":"2023-06-22T07:35:06+00:00","og_image":[{"width":3543,"height":2362,"url":"https:\/\/www.salzburgerland.com\/de\/magazin\/wp-content\/uploads\/2013\/11\/d06kXIII076-scaled.jpg","type":"image\/jpeg"}],"author":"Doris Wild","twitter_card":"summary_large_image","twitter_creator":"@Salzburgerland","twitter_site":"@Salzburgerland","twitter_misc":{"Verfasst von":"Doris Wild","Gesch\u00e4tzte Lesezeit":"2\u00a0Minuten"},"schema":{"@context":"https:\/\/schema.org","@graph":[{"@type":"Article","@id":"https:\/\/www.salzburgerland.com\/de\/magazin\/weisses-rossl-filmpremiere-als-alpenpop-singspiel\/#article","isPartOf":{"@id":"https:\/\/www.salzburgerland.com\/de\/magazin\/weisses-rossl-filmpremiere-als-alpenpop-singspiel\/"},"author":{"name":"Doris Wild","@id":"https:\/\/www.salzburgerland.com\/de\/magazin\/#\/schema\/person\/3c02fe460374aa9e0ef912270ae0b92c"},"headline":"Weisses R\u00f6ssl Filmpremiere als Alpenpop Singspiel","datePublished":"2013-11-11T08:00:13+00:00","dateModified":"2023-06-22T07:35:06+00:00","mainEntityOfPage":{"@id":"https:\/\/www.salzburgerland.com\/de\/magazin\/weisses-rossl-filmpremiere-als-alpenpop-singspiel\/"},"wordCount":317,"commentCount":0,"publisher":{"@id":"https:\/\/www.salzburgerland.com\/de\/magazin\/#organization"},"image":{"@id":"https:\/\/www.salzburgerland.com\/de\/magazin\/weisses-rossl-filmpremiere-als-alpenpop-singspiel\/#primaryimage"},"thumbnailUrl":"https:\/\/www.salzburgerland.com\/de\/magazin\/wp-content\/uploads\/2013\/11\/d06kXIII076-scaled.jpg","articleSection":["Archiv"],"inLanguage":"de","potentialAction":[{"@type":"CommentAction","name":"Comment","target":["https:\/\/www.salzburgerland.com\/de\/magazin\/weisses-rossl-filmpremiere-als-alpenpop-singspiel\/#respond"]}]},{"@type":"WebPage","@id":"https:\/\/www.salzburgerland.com\/de\/magazin\/weisses-rossl-filmpremiere-als-alpenpop-singspiel\/","url":"https:\/\/www.salzburgerland.com\/de\/magazin\/weisses-rossl-filmpremiere-als-alpenpop-singspiel\/","name":"Weisses R\u00f6ssl Filmpremiere als Alpenpop Singspiel - SalzburgerLand Magazin","isPartOf":{"@id":"https:\/\/www.salzburgerland.com\/de\/magazin\/#website"},"primaryImageOfPage":{"@id":"https:\/\/www.salzburgerland.com\/de\/magazin\/weisses-rossl-filmpremiere-als-alpenpop-singspiel\/#primaryimage"},"image":{"@id":"https:\/\/www.salzburgerland.com\/de\/magazin\/weisses-rossl-filmpremiere-als-alpenpop-singspiel\/#primaryimage"},"thumbnailUrl":"https:\/\/www.salzburgerland.com\/de\/magazin\/wp-content\/uploads\/2013\/11\/d06kXIII076-scaled.jpg","datePublished":"2013-11-11T08:00:13+00:00","dateModified":"2023-06-22T07:35:06+00:00","breadcrumb":{"@id":"https:\/\/www.salzburgerland.com\/de\/magazin\/weisses-rossl-filmpremiere-als-alpenpop-singspiel\/#breadcrumb"},"inLanguage":"de","potentialAction":[{"@type":"ReadAction","target":["https:\/\/www.salzburgerland.com\/de\/magazin\/weisses-rossl-filmpremiere-als-alpenpop-singspiel\/"]}]},{"@type":"ImageObject","inLanguage":"de","@id":"https:\/\/www.salzburgerland.com\/de\/magazin\/weisses-rossl-filmpremiere-als-alpenpop-singspiel\/#primaryimage","url":"https:\/\/www.salzburgerland.com\/de\/magazin\/wp-content\/uploads\/2013\/11\/d06kXIII076-scaled.jpg","contentUrl":"https:\/\/www.salzburgerland.com\/de\/magazin\/wp-content\/uploads\/2013\/11\/d06kXIII076-scaled.jpg","width":3543,"height":2362,"caption":"Gregor Bloeb als Sigismund S\u00fclzheimer, Julia Cencig,"},{"@type":"BreadcrumbList","@id":"https:\/\/www.salzburgerland.com\/de\/magazin\/weisses-rossl-filmpremiere-als-alpenpop-singspiel\/#breadcrumb","itemListElement":[{"@type":"ListItem","position":1,"name":"Startseite","item":"https:\/\/www.salzburgerland.com\/de\/magazin\/"},{"@type":"ListItem","position":2,"name":"Archiv","item":"https:\/\/www.salzburgerland.com\/de\/magazin\/thema\/archiv\/"},{"@type":"ListItem","position":3,"name":"Weisses R\u00f6ssl Filmpremiere als Alpenpop Singspiel"}]},{"@type":"WebSite","@id":"https:\/\/www.salzburgerland.com\/de\/magazin\/#website","url":"https:\/\/www.salzburgerland.com\/de\/magazin\/","name":"SalzburgerLand Magazin","description":"Geschichten und Interessantes aus dem SalzburgerLand","publisher":{"@id":"https:\/\/www.salzburgerland.com\/de\/magazin\/#organization"},"potentialAction":[{"@type":"SearchAction","target":{"@type":"EntryPoint","urlTemplate":"https:\/\/www.salzburgerland.com\/de\/magazin\/?s={search_term_string}"},"query-input":{"@type":"PropertyValueSpecification","valueRequired":true,"valueName":"search_term_string"}}],"inLanguage":"de"},{"@type":"Organization","@id":"https:\/\/www.salzburgerland.com\/de\/magazin\/#organization","name":"SalzburgerLand Tourismus","url":"https:\/\/www.salzburgerland.com\/de\/magazin\/","logo":{"@type":"ImageObject","inLanguage":"de","@id":"https:\/\/www.salzburgerland.com\/de\/magazin\/#\/schema\/logo\/image\/","url":"https:\/\/www.salzburgerland.com\/de\/magazin\/wp-content\/uploads\/2019\/06\/salzburgerland-logo1.jpg","contentUrl":"https:\/\/www.salzburgerland.com\/de\/magazin\/wp-content\/uploads\/2019\/06\/salzburgerland-logo1.jpg","width":2011,"height":866,"caption":"SalzburgerLand Tourismus"},"image":{"@id":"https:\/\/www.salzburgerland.com\/de\/magazin\/#\/schema\/logo\/image\/"},"sameAs":["https:\/\/www.facebook.com\/salzburgerland\/","https:\/\/x.com\/Salzburgerland","https:\/\/www.instagram.com\/salzburgerland\/","https:\/\/at.linkedin.com\/company\/salzburgerland-tourismus-gmbh","https:\/\/www.pinterest.at\/salzburgerland\/","https:\/\/www.youtube.com\/user\/salzburgerland","https:\/\/de.wikipedia.org\/wiki\/SalzburgerLand_Tourismus_GmbH"]},{"@type":"Person","@id":"https:\/\/www.salzburgerland.com\/de\/magazin\/#\/schema\/person\/3c02fe460374aa9e0ef912270ae0b92c","name":"Doris Wild","description":"Doris Wild ist Eventfotografin und Societyjournalistin und hat jetzt mit ihrer Agentur auch den Videojournalismus als zus\u00e4tzliches Standbein entdeckt. Nach 20 Jahren tagesaktueller Berichterstattung sind Blicke hinter die Kulissen der Event-Society und Modewelt die logische Konsequenz. Fragen mit Antworten von Doris Wild Morgen- oder Abendmensch? Vor 8.00 fr\u00fch holt mich nicht einmal der tollste Sonnenaufgang aus den Federn. Dass Fotografen die Morgensonne nutzen sollten \u2013 mag sein. Events finden selten im weichen Morgenlicht statt. Und zur blauen Stunde mache ich die besten Bilder. Weltliteratur oder Tratsch &amp; Klatsch? Man kann das kombinieren. Im Urlaub mal den dicken Schm\u00f6ker, in den Kaffeepausen die Regenbogenzeitschriften. Man muss schlie\u00dflich am Laufenden bleiben, um die Prinzessinnen und Medienstars zu erkennen, wenn sie im Salzburgerland urlauben. Kr\u00e4utertee oder Zirbenschnaps? Ich bin Antialkoholikerin und steh dazu. Ist als Societyfotografin wahrscheinlich die einzige M\u00f6glichkeit zu \u00fcberleben. Golfplatz oder Klettergarten? Klettergarten nat\u00fcrlich. Ich brauch Action. Funsport ist meine Devise! Am besten t\u00e4glich was Neues. Der Herausforderung Golf stelle ich mich sp\u00e4ter. Viel sp\u00e4ter. Dirndl oder Bustierkleid? Jetzt reicht\u00b4s aber. Wie wenn man sich so einfach entscheiden k\u00f6nnte! Mit drei \u00fcbervollen Kleiderschr\u00e4nken und der Ambition sich t\u00e4glich modisch neu zu erfinden, lassen sich diese Fragen nicht beantworten. Das ist anlass- und stimmungsbezogen unterschiedlich. Und \u00fcberhaupt: Auf Kleider steh ich nicht so. Also im Zweifelsfall: Lederhose mit Sneakers. Ausstellung oder Bergpanorama? Das seh ich ganz pragmatisch. Ich komme dort hin, wo mich meine Auftr\u00e4ge hinf\u00fchren. Das ist heute die Vernissage und morgen der Berggipfel. Genau das macht meinen Beruf so spannend und t\u00e4glich anders. Ich will alles.","url":"https:\/\/www.salzburgerland.com\/de\/magazin\/author\/doris-wild\/"}]},"og_video":"https:\/\/www.youtube.com\/embed\/S2W5z9jQ20U","og_video_type":"text\/html","og_video_duration":"31","og_video_width":"480","og_video_height":"270","ya_ovs_adult":"false","ya_ovs_upload_date":"2013-11-11T08:00:13+00:00","ya_ovs_allow_embed":"true"},"_wl_alt_label":[],"wl:entity_url":"http:\/\/open.salzburgerland.com\/magazin\/post\/weisses_roessl_filmpremiere_als_alpenpop_singspiel","_links":{"self":[{"href":"https:\/\/www.salzburgerland.com\/de\/magazin\/wp-json\/wp\/v2\/posts\/72219","targetHints":{"allow":["GET"]}}],"collection":[{"href":"https:\/\/www.salzburgerland.com\/de\/magazin\/wp-json\/wp\/v2\/posts"}],"about":[{"href":"https:\/\/www.salzburgerland.com\/de\/magazin\/wp-json\/wp\/v2\/types\/post"}],"author":[{"embeddable":true,"href":"https:\/\/www.salzburgerland.com\/de\/magazin\/wp-json\/wp\/v2\/users\/70"}],"replies":[{"embeddable":true,"href":"https:\/\/www.salzburgerland.com\/de\/magazin\/wp-json\/wp\/v2\/comments?post=72219"}],"version-history":[{"count":2,"href":"https:\/\/www.salzburgerland.com\/de\/magazin\/wp-json\/wp\/v2\/posts\/72219\/revisions"}],"predecessor-version":[{"id":167711,"href":"https:\/\/www.salzburgerland.com\/de\/magazin\/wp-json\/wp\/v2\/posts\/72219\/revisions\/167711"}],"wp:featuredmedia":[{"embeddable":true,"href":"https:\/\/www.salzburgerland.com\/de\/magazin\/wp-json\/wp\/v2\/media\/72230"}],"wp:attachment":[{"href":"https:\/\/www.salzburgerland.com\/de\/magazin\/wp-json\/wp\/v2\/media?parent=72219"}],"wp:term":[{"taxonomy":"category","embeddable":true,"href":"https:\/\/www.salzburgerland.com\/de\/magazin\/wp-json\/wp\/v2\/categories?post=72219"},{"taxonomy":"post_tag","embeddable":true,"href":"https:\/\/www.salzburgerland.com\/de\/magazin\/wp-json\/wp\/v2\/tags?post=72219"},{"taxonomy":"wl_entity_type","embeddable":true,"href":"https:\/\/www.salzburgerland.com\/de\/magazin\/wp-json\/wp\/v2\/wl_entity_type?post=72219"},{"taxonomy":"monatsauswahl","embeddable":true,"href":"https:\/\/www.salzburgerland.com\/de\/magazin\/wp-json\/wp\/v2\/monatsauswahl?post=72219"}],"curies":[{"name":"wp","href":"https:\/\/api.w.org\/{rel}","templated":true}]}}