{"id":69606,"date":"2014-05-04T12:17:11","date_gmt":"2014-05-04T10:17:11","guid":{"rendered":"http:\/\/magazin.salzburgerland.com\/?p=69606"},"modified":"2021-02-26T11:37:49","modified_gmt":"2021-02-26T10:37:49","slug":"nationalpark-hohe-tauern-der-konig-der-lufte","status":"publish","type":"post","link":"https:\/\/www.salzburgerland.com\/de\/magazin\/nationalpark-hohe-tauern-der-konig-der-lufte\/","title":{"rendered":"Ins Tal der Geier"},"content":{"rendered":"\n<h2 class=\"wp-block-slt-subtitle\">Gef\u00fchrte Wanderung ins Rauriser Krumltal<\/h2>\n\n\n\n<p class=\"wp-block-slt-intro\">Bei der gef\u00fchrten Wanderung ins <a href=\"http:\/\/www.raurisertal.at\/\" target=\"_blank\" rel=\"noreferrer noopener\">Rauriser<\/a> Krumltal, dem \u201eTal der Geier\u201c, lernen interessierte G\u00e4ste nicht nur alles \u00fcber die heimischen Greifv\u00f6gel, sondern mit etwas Gl\u00fcck sichtet man neben Bartgeiern, G\u00e4nsegeiern und Steinadlern auch andere Wildtiere.<\/p>\n\n\n\n<h2 class=\"wp-block-heading\" id=\"h-erfolgreiche-bartgeier-wiederansiedelung\"><strong>Erfolgreiche Bartgeier-Wiederansiedelung<\/strong><\/h2>\n\n\n\n<p>Einst unter dem Namen <i>L\u00e4mmergeier <\/i>bekannt, dichtete man diesem m\u00e4chtigen&nbsp;Greifvogel mit einer Fl\u00fcgelspannweite bis zu 2.90 m an, L\u00e4mmer und G\u00e4msen zu jagen. Und sogar der Mythos, gelegentlich ein Kind aus dem Wagen zu stehlen, hielt sich hartn\u00e4ckig. Diese Schauergeschichten f\u00fchrten innerhalb von nur 100 Jahren zur Ausrottung dieses majest\u00e4tischen Vogels. Im Krumltal, einem Seitental am Ende des Raurisertals, startete 1986 die Wiederansiedelung des Bartgeiers in den Alpen. \u201eHans\u201c, \u201eFritz\u201c, \u201eEllen\u201c und \u201eWinnie\u201c hie\u00dfen die ersten vier Jungv\u00f6gel, die damals im <a rel=\"noopener noreferrer\" href=\"http:\/\/www.hohetauern.at\/de\/\" target=\"_blank\">Nationalpark Hohe Tauern<\/a> ihre Kreise zogen. Zahlreiche Bartgeier wurden in der Zwischenzeit in Rauris freigelassen und das Projekt hat sich zu einem der bedeutendsten Artenschutzprojekte in Europa entwickelt.<\/p>\n\n\n\n<h2 class=\"wp-block-heading\" id=\"h-knochenspezialist-mit-roter-schminke\"><strong>Knochenspezialist mit roter Schminke<\/strong><\/h2>\n\n\n\n<p>Der Bartgeier ist ein echter \u00dcberlebensk\u00fcnstler in den abgelegenen T\u00e4lern, wo oberhalb der Baumgrenze Eis und Fels das Landschaftsbild pr\u00e4gt. Er&nbsp;ern\u00e4hrt sich von Knochen, die mit seinen sauren Magens\u00e4ften problemlos verdaut werden k\u00f6nnen. Hat er einen besonders gro\u00dfen Knochen erwischt, kann man den Bartgeier schon mal dabei beobachten, wie er den Knochen aus gro\u00dfer H\u00f6he auf Fels fallen l\u00e4sst, wo diese in, f\u00fcr ihn nun leichter verzehrbare, Bruchst\u00fccke zersplittern.&nbsp;<\/p>\n\n\n\n<p>Bartgeier baden gern in eisenoxidhaltigem Schlamm, was mit der Zeit das wei\u00dfe Kopf- und Brustgefieder in ein zartes Rostrot verwandelt. Ein sch\u00f6nes Farbenspiel zu dem markanten roten Augenring.&nbsp; Warum genau jedoch der Bartgeier diese Schminke auflegt, ist noch nicht erforscht&nbsp;und Wissenschaftler r\u00e4tseln, ob es Schutz vor Parasiten bietet oder nur zum Beeindrucken der Partner dient. F\u00fcr die Partnersuche kommen Jungv\u00f6gel \u00fcbrigens weit herum, denn selbst junge Bartgeier sind ausdauernde Flieger und k\u00f6nnen bei guten thermischen Bedingungen bis zu 700 km am Tag zur\u00fccklegen. Erst mit vier bis f\u00fcnf Jahren werden die Bartgeier langsam mit ihren Partnern sesshaft und beginnen mit dem Horstbau. Beim Br\u00fcten und der Aufzucht wechseln sich M\u00e4nnchen und Weibchen ab.<\/p>\n\n\n\n<figure class=\"wp-block-image alignnone\"><a href=\"https:\/\/www.salzburgerland.com\/de\/magazin\/wp-content\/uploads\/2013\/10\/kdl-5.jpg\"><img decoding=\"async\" src=\"https:\/\/www.salzburgerland.com\/de\/magazin\/wp-content\/uploads\/2013\/10\/kdl-5-650x435.jpg\" alt=\"Anfangs pr\u00e4sentiert sich das Krumltal noch nebelverhangen.\" class=\"wp-image-69619\"\/><\/a><figcaption>Anfangs pr\u00e4sentiert sich das Krumltal noch nebelverhangen. \u00a9 Edith Danzer<\/figcaption><\/figure>\n\n\n\n<h2 class=\"wp-block-heading\" id=\"h-wandern-auf-den-spuren-der-geier\"><b>Wandern auf den Spuren der Geier <\/b><\/h2>\n\n\n\n<p>Am Eingang des Krumltals&nbsp;parke ich mein Auto und warte auf Wanderf\u00fchrer Hans. Inzwischen begr\u00fc\u00dft mich schon freundlich der Nationalpark Ranger, der hier an seiner Basis-Station Dienst hat. Er gibt den G\u00e4sten vor dem Start ihrer Wanderung n\u00fctzliche Informationen und verr\u00e4t die besten Aussichtspunkte. Erst sp\u00e4ter wird er sich selbst auf den Weg ins Tal machen, um vor Ort sein Wissen an die G\u00e4ste weiterzugeben.&nbsp;<\/p>\n\n\n\n<figure class=\"wp-block-image alignnone\"><a href=\"https:\/\/www.salzburgerland.com\/de\/magazin\/wp-content\/uploads\/2013\/10\/kdl-2.jpg\"><img decoding=\"async\" src=\"https:\/\/www.salzburgerland.com\/de\/magazin\/wp-content\/uploads\/2013\/10\/kdl-2-650x435.jpg\" alt=\"Ein Junge in einer blauen Jacke schaut im Freien durch ein Fernglas, umgeben von Menschen.\" class=\"wp-image-69616\"\/><\/a><figcaption>Auch die kleinsten G\u00e4ste sind begeistert. \u00a9 Edith Danzer<\/figcaption><\/figure>\n\n\n\n<p>Nach und nach gesellen sich weitere Teilnehmer zu unserer bunt gemischten Gruppe: vom Hobby-Ornithologen, Naturliebhabern bis zu Familien mit Kindern \u2013 jeder will die Bartgeier mit eigenen Augen sehen. Einige von ihnen sind extra wegen dieser Geierwanderung nach Rauris gekommen und die gespannte Aufregung ist ihnen deutlich anzumerken.&nbsp; Wanderf\u00fchrer Hans &#8211; ein ehemaliger Nationalpark Ranger &#8211; hat f\u00fcr seine G\u00e4ste nat\u00fcrlich auch Ferngl\u00e4ser zum besseren Beobachten der Geier mit dabei. Auf der Wanderung entlang des Krumlbaches h\u00f6ren wir&nbsp;alles Wissenswerte \u00fcber Geier und Adler und legen immer wieder einen kurzen Stopp ein, um die Ferngl\u00e4ser und Spektive in Position zu bringen und die Gipfelgrate abzusuchen. Noch zeigt sich kein Vogel am wolkenlosen Himmel, doch Hans&nbsp;macht uns&nbsp;Hoffnung: \u201eHier im Krumltal finden sich im Sommer 60 bis 80 G\u00e4nsegeier zur Sommerfrische ein und seit der Wiederansiedelung leben auch Bartgeier ganzj\u00e4hrig hier. Das&nbsp;Raurisertal geh\u00f6rt au\u00dferdem zu den am dichtesten von Steinadlern besiedelten T\u00e4lern der Hohen Tauern.\u201c Weiter wandern wir entlang der \u201eRoten Wand\u201c, wo wir unsere Blicke auf die verlassenen Geier-Horste richten, denn hier in der Felswand br\u00fcteten noch vor wenigen Jahren Bartgeier.<\/p>\n\n\n\n<figure class=\"wp-block-image alignnone\"><a href=\"https:\/\/www.salzburgerland.com\/de\/magazin\/wp-content\/uploads\/2014\/05\/geier_c_tvb_raurisertal.jpg\"><img decoding=\"async\" src=\"https:\/\/www.salzburgerland.com\/de\/magazin\/wp-content\/uploads\/2014\/05\/geier_c_tvb_raurisertal-650x435.jpg\" alt=\"Die Geier in der \u201eKruml\u201c in Rauris.\" class=\"wp-image-116577\"\/><\/a><figcaption>Die Geier in der \u201eKruml\u201c in Rauris. \u00a9 TVB Rauris<\/figcaption><\/figure>\n\n\n\n<h2 class=\"wp-block-heading\" id=\"h-murmeltiere-g-msen\"><b>Murmeltiere &amp; G\u00e4msen <\/b><\/h2>\n\n\n\n<p>Ein Pfeifen l\u00e4sst unsere Schritte stoppen und die K\u00f6pfe richten sich gespannt nach oben, doch Hans&nbsp;lacht: \u201eFalsche Blickrichtung \u2013 das war ein Murmeltier, das soeben einen Warnpfiff abgegeben hat!\u201c Schon ersp\u00e4hen wir am Gegenhang die kleinen pelzigen Gesellen, die sich in den Sonnenstrahlen w\u00e4rmen. Wie wir lassen sie den Himmel nicht aus den Augen, denn Murmeltier steht ganz oben auf dem Speiseplan der Adler. Weiter \u00fcber ihnen am Grat zeigen sich G\u00e4msen, die neugierig auf unsere Gruppe heruntersp\u00e4hen. <\/p>\n\n\n\n<figure class=\"wp-block-image alignnone\"><a href=\"https:\/\/www.salzburgerland.com\/de\/magazin\/wp-content\/uploads\/2013\/10\/kdl-11.jpg\"><img decoding=\"async\" src=\"https:\/\/www.salzburgerland.com\/de\/magazin\/wp-content\/uploads\/2013\/10\/kdl-11-650x435.jpg\" alt=\"Gebannt blicken alle in den Himmel.\" class=\"wp-image-69625\"\/><\/a><figcaption>Gebannt blicken alle in den Himmel. \u00a9 Edith Danzer<\/figcaption><\/figure>\n\n\n\n<h2 class=\"wp-block-heading\" id=\"h-erste-sichtung\"><b>Erste Sichtung<\/b> <\/h2>\n\n\n\n<p>Und endlich, wie ein Lauffeuer macht die Nachricht die Runde \u2013 weit oben, unter dem Gipfel rasten einige Geier im hohen Gras. Die Spektive sind ausgerichtet und jeder erhascht nun einen \u201eAug-in-Aug-Blick\u201c auf die imposanten V\u00f6gel. Nun geht es Schlag auf Schlag \u2013 dort ein majest\u00e4tischer Steinadler, hier zwei G\u00e4nsegeier, die den Grat entlang streichen und endlich auch der erste Bartgeier, der weit oberhalb der Waldgrenze durch die L\u00fcfte segelt. Hans&nbsp;erkl\u00e4rt, warum diese V\u00f6gel in perfekter Symbiose leben: \u201eG\u00e4nsegeier leben vom Aas verendeter Tiere und Bartgeier ern\u00e4hren sich vorwiegend von dem, was die G\u00e4nsegeier verschm\u00e4hen: den Knochen. Was uns wenig nahrhaft erscheint, enth\u00e4lt aber genau so viel Energie wie Fleisch, und die scharfen Magens\u00e4fte des Bartgeiers helfen, an diese N\u00e4hrstoffe zu kommen. Wegen dem Abwerfen der Knochen auf Felsen&nbsp;hat der Bartgeier \u00fcbrigens auch den Beinamen ,Knochenbrecher\u2019.<\/p>\n\n\n\n<figure class=\"wp-block-image alignnone\"><a href=\"https:\/\/www.salzburgerland.com\/de\/magazin\/wp-content\/uploads\/2013\/10\/kdl-10.jpg\"><img decoding=\"async\" src=\"https:\/\/www.salzburgerland.com\/de\/magazin\/wp-content\/uploads\/2013\/10\/kdl-10-650x435.jpg\" alt=\"Die Br\u00e4ualm im Krumltal.\" class=\"wp-image-69624\"\/><\/a><figcaption>Die Br\u00e4ualm im Krumltal. \u00a9 Edith Danzer<\/figcaption><\/figure>\n\n\n\n<p>Kurz bevor wir uns wieder auf den R\u00fcckweg machen wollen, kommt der \u00fcberraschende H\u00f6hepunkt dieses Tages: pl\u00f6tzlich ist der Himmel \u00fcbers\u00e4t mit schwarzen Punkten und ein Blick durchs Spektiv verr\u00e4t \u2013 ein ganzer Schwarm G\u00e4nsegeier zieht \u00fcber den Grat ins Krumltal. Nach ein paar Runden lassen sich die Geier, einer nach dem anderen, auf dem Gipfel nieder und in aller Ruhe k\u00f6nnen wir sie nun beobachten. \u00dcber 30 St\u00fcck z\u00e4hlen wir und die Aufregung in der Gruppe ist gro\u00df. Kaum k\u00f6nnen wir uns an diesem Anblick sattsehen, doch langsam wird es Zeit f\u00fcr die R\u00fcckkehr und so rei\u00dfen wir uns schweren Herzens los \u2013 mit dem Versprechen, bald wieder zur\u00fcck ins Krumltal zu kommen.<\/p>\n\n\n<div class=\"mag-gallery\"><div class=\"row\"><div class=\"col-6 col-sm-4\"><figure><a class=\"thumb-container\" href=\"https:\/\/www.salzburgerland.com\/de\/magazin\/wp-content\/uploads\/2013\/10\/kdl-6-1280x1024.jpg\">\t<picture><source media=\"(min-width: 576px)\" srcset=\"https:\/\/www.salzburgerland.com\/de\/magazin\/wp-content\/uploads\/2013\/10\/kdl-6-325x209.jpg 325w, https:\/\/www.salzburgerland.com\/de\/magazin\/wp-content\/uploads\/2013\/10\/kdl-6-249x160.jpg 249w\"><\/source><source media=\"(min-width: 0)\" srcset=\"https:\/\/www.salzburgerland.com\/de\/magazin\/wp-content\/uploads\/2013\/10\/kdl-6-249x160.jpg 249w, https:\/\/www.salzburgerland.com\/de\/magazin\/wp-content\/uploads\/2013\/10\/kdl-6-325x209.jpg 325w\"><\/source><img decoding=\"async\" alt=\"Ein nebliger Berghang mit einem kleinen Wasserfall, der durch gr&uuml;nes Gras und vereinzelte B&auml;ume flie&szlig;t.\" src=\"https:\/\/www.salzburgerland.com\/de\/magazin\/wp-content\/uploads\/2013\/10\/kdl-6.jpg\">\t<\/picture><\/a><\/figure><\/div><div class=\"col-6 col-sm-4\"><figure><a class=\"thumb-container\" href=\"https:\/\/www.salzburgerland.com\/de\/magazin\/wp-content\/uploads\/2013\/10\/kdl-1280x1024.jpg\">\t<picture><source media=\"(min-width: 576px)\" srcset=\"https:\/\/www.salzburgerland.com\/de\/magazin\/wp-content\/uploads\/2013\/10\/kdl-325x209.jpg 325w, https:\/\/www.salzburgerland.com\/de\/magazin\/wp-content\/uploads\/2013\/10\/kdl-249x160.jpg 249w\"><\/source><source media=\"(min-width: 0)\" srcset=\"https:\/\/www.salzburgerland.com\/de\/magazin\/wp-content\/uploads\/2013\/10\/kdl-249x160.jpg 249w, https:\/\/www.salzburgerland.com\/de\/magazin\/wp-content\/uploads\/2013\/10\/kdl-325x209.jpg 325w\"><\/source><img decoding=\"async\" alt=\"Zwei Personen bei der Vogelbeobachtung; eine schaut durch ein Spektiv, w&auml;hrend die andere daneben steht, drau&szlig;en im Gr&uuml;nen.\" src=\"https:\/\/www.salzburgerland.com\/de\/magazin\/wp-content\/uploads\/2013\/10\/kdl.jpg\">\t<\/picture><\/a><\/figure><\/div><div class=\"col-6 col-sm-4\"><figure><a class=\"thumb-container\" href=\"https:\/\/www.salzburgerland.com\/de\/magazin\/wp-content\/uploads\/2013\/10\/kdl-12-1280x1024.jpg\">\t<picture><source media=\"(min-width: 576px)\" srcset=\"https:\/\/www.salzburgerland.com\/de\/magazin\/wp-content\/uploads\/2013\/10\/kdl-12-325x209.jpg 325w, https:\/\/www.salzburgerland.com\/de\/magazin\/wp-content\/uploads\/2013\/10\/kdl-12-249x160.jpg 249w\"><\/source><source media=\"(min-width: 0)\" srcset=\"https:\/\/www.salzburgerland.com\/de\/magazin\/wp-content\/uploads\/2013\/10\/kdl-12-249x160.jpg 249w, https:\/\/www.salzburgerland.com\/de\/magazin\/wp-content\/uploads\/2013\/10\/kdl-12-325x209.jpg 325w\"><\/source><img decoding=\"async\" alt=\"Felsige Bergklippen unter einem bew&ouml;lkten Himmel mit V&ouml;geln, die in der N&auml;he der Gipfel fliegen.\" src=\"https:\/\/www.salzburgerland.com\/de\/magazin\/wp-content\/uploads\/2013\/10\/kdl-12.jpg\">\t<\/picture><\/a><\/figure><\/div><\/div><figcaption>&copy; Edith Danzer<\/figcaption><\/div>\n\n\n\n<p>Infos zur w\u00f6chentlich durchgef\u00fchrten Wanderung unter <a href=\"http:\/\/www.raurisertal.at\/de\/sommer\/nationalpark-hohe-tauern\/exkursionen\/\" target=\"_blank\" rel=\"noopener noreferrer\">www.raurisertal.at<\/a>\u00a0&#8211; Erlebnisausstellung mit zahlreichen interessanten Filmen und interaktiven Elementen im Nationalpark-Haus \u201eK\u00f6nig der L\u00fcfte\u201c in Rauris-W\u00f6rth <a href=\"http:\/\/www.nationalpark.at\/de\/attraktionen\/nationalpark-ausstellungen\/koenige-der-luefte\/\" target=\"_blank\" rel=\"noopener noreferrer\">www.nationalpark.at<\/a>.\u00a0Noch n\u00e4her ran als in der \u201eKruml\u201c kommt man nur jenen\u00a0imposanten Greifv\u00f6geln\u00a0in der\u00a0<a href=\"https:\/\/www.hochalmbahnen.at\/de\/sommer\/hochalmbahnen\/familienberg-hochalm\/greifvogelwarte\/\" target=\"_blank\" rel=\"noreferrer noopener\">Greifvogelwarte\u00a0an der Bergstation der Rauriser Hochalmbahn.<\/a><\/p>\n\n\n<div class=\"mag-gallery\"><div class=\"row\"><div class=\"col-6 col-sm-4\"><figure><a class=\"thumb-container\" href=\"https:\/\/www.salzburgerland.com\/de\/magazin\/wp-content\/uploads\/2013\/10\/kdl-13-1280x1024.jpg\">\t<picture><source media=\"(min-width: 576px)\" srcset=\"https:\/\/www.salzburgerland.com\/de\/magazin\/wp-content\/uploads\/2013\/10\/kdl-13-325x209.jpg 325w, https:\/\/www.salzburgerland.com\/de\/magazin\/wp-content\/uploads\/2013\/10\/kdl-13-249x160.jpg 249w\"><\/source><source media=\"(min-width: 0)\" srcset=\"https:\/\/www.salzburgerland.com\/de\/magazin\/wp-content\/uploads\/2013\/10\/kdl-13-249x160.jpg 249w, https:\/\/www.salzburgerland.com\/de\/magazin\/wp-content\/uploads\/2013\/10\/kdl-13-325x209.jpg 325w\"><\/source><img decoding=\"async\" alt=\"Ein gro&szlig;er Vogel mit ausgebreiteten Fl&uuml;geln schwebt vor einem blauen Himmel mit Wolkenfetzen.\" src=\"https:\/\/www.salzburgerland.com\/de\/magazin\/wp-content\/uploads\/2013\/10\/kdl-13.jpg\">\t<\/picture><\/a><\/figure><\/div><div class=\"col-6 col-sm-4\"><figure><a class=\"thumb-container\" href=\"https:\/\/www.salzburgerland.com\/de\/magazin\/wp-content\/uploads\/2013\/10\/kdl-14-1280x1024.jpg\">\t<picture><source media=\"(min-width: 576px)\" srcset=\"https:\/\/www.salzburgerland.com\/de\/magazin\/wp-content\/uploads\/2013\/10\/kdl-14-325x209.jpg 325w, https:\/\/www.salzburgerland.com\/de\/magazin\/wp-content\/uploads\/2013\/10\/kdl-14-249x160.jpg 249w\"><\/source><source media=\"(min-width: 0)\" srcset=\"https:\/\/www.salzburgerland.com\/de\/magazin\/wp-content\/uploads\/2013\/10\/kdl-14-249x160.jpg 249w, https:\/\/www.salzburgerland.com\/de\/magazin\/wp-content\/uploads\/2013\/10\/kdl-14-325x209.jpg 325w\"><\/source><img decoding=\"async\" alt=\"Ein gro&szlig;er Vogel schwebt mit ausgebreiteten Fl&uuml;geln in den klaren blauen Himmel.\" src=\"https:\/\/www.salzburgerland.com\/de\/magazin\/wp-content\/uploads\/2013\/10\/kdl-14.jpg\">\t<\/picture><\/a><\/figure><\/div><div class=\"col-6 col-sm-4\"><figure><a class=\"thumb-container\" href=\"https:\/\/www.salzburgerland.com\/de\/magazin\/wp-content\/uploads\/2013\/10\/kdl-15-1280x1024.jpg\">\t<picture><source media=\"(min-width: 576px)\" srcset=\"https:\/\/www.salzburgerland.com\/de\/magazin\/wp-content\/uploads\/2013\/10\/kdl-15-325x209.jpg 325w, https:\/\/www.salzburgerland.com\/de\/magazin\/wp-content\/uploads\/2013\/10\/kdl-15-249x160.jpg 249w\"><\/source><source media=\"(min-width: 0)\" srcset=\"https:\/\/www.salzburgerland.com\/de\/magazin\/wp-content\/uploads\/2013\/10\/kdl-15-249x160.jpg 249w, https:\/\/www.salzburgerland.com\/de\/magazin\/wp-content\/uploads\/2013\/10\/kdl-15-325x209.jpg 325w\"><\/source><img decoding=\"async\" alt=\"Ein gro&szlig;er Vogel erhebt sich mit ausgebreiteten Fl&uuml;geln in den Himmel vor einem Hintergrund aus blauem Himmel und Wolken.\" src=\"https:\/\/www.salzburgerland.com\/de\/magazin\/wp-content\/uploads\/2013\/10\/kdl-15.jpg\">\t<\/picture><\/a><\/figure><\/div><div class=\"col-6 col-sm-4\"><figure><a class=\"thumb-container\" href=\"https:\/\/www.salzburgerland.com\/de\/magazin\/wp-content\/uploads\/2013\/10\/kdl-16-1280x1024.jpg\">\t<picture><source media=\"(min-width: 576px)\" srcset=\"https:\/\/www.salzburgerland.com\/de\/magazin\/wp-content\/uploads\/2013\/10\/kdl-16-325x209.jpg 325w, https:\/\/www.salzburgerland.com\/de\/magazin\/wp-content\/uploads\/2013\/10\/kdl-16-249x160.jpg 249w\"><\/source><source media=\"(min-width: 0)\" srcset=\"https:\/\/www.salzburgerland.com\/de\/magazin\/wp-content\/uploads\/2013\/10\/kdl-16-249x160.jpg 249w, https:\/\/www.salzburgerland.com\/de\/magazin\/wp-content\/uploads\/2013\/10\/kdl-16-325x209.jpg 325w\"><\/source><img decoding=\"async\" alt=\"Zwei gro&szlig;e V&ouml;gel fliegen in der N&auml;he eines felsigen, grasbewachsenen Bergr&uuml;ckens unter einem bedeckten Himmel; ein weiterer Vogel sitzt in der N&auml;he.\" src=\"https:\/\/www.salzburgerland.com\/de\/magazin\/wp-content\/uploads\/2013\/10\/kdl-16.jpg\">\t<\/picture><\/a><\/figure><\/div><div class=\"col-6 col-sm-4\"><figure><a class=\"thumb-container\" href=\"https:\/\/www.salzburgerland.com\/de\/magazin\/wp-content\/uploads\/2013\/10\/kdl-17-1280x1024.jpg\">\t<picture><source media=\"(min-width: 576px)\" srcset=\"https:\/\/www.salzburgerland.com\/de\/magazin\/wp-content\/uploads\/2013\/10\/kdl-17-325x209.jpg 325w, https:\/\/www.salzburgerland.com\/de\/magazin\/wp-content\/uploads\/2013\/10\/kdl-17-249x160.jpg 249w\"><\/source><source media=\"(min-width: 0)\" srcset=\"https:\/\/www.salzburgerland.com\/de\/magazin\/wp-content\/uploads\/2013\/10\/kdl-17-249x160.jpg 249w, https:\/\/www.salzburgerland.com\/de\/magazin\/wp-content\/uploads\/2013\/10\/kdl-17-325x209.jpg 325w\"><\/source><img decoding=\"async\" alt=\"Ein gro&szlig;er Vogel mit dunklen Fl&uuml;geln fliegt in der N&auml;he von felsigen, grasbewachsenen Bergh&auml;ngen.\" src=\"https:\/\/www.salzburgerland.com\/de\/magazin\/wp-content\/uploads\/2013\/10\/kdl-17.jpg\">\t<\/picture><\/a><\/figure><\/div><div class=\"col-6 col-sm-4\"><figure><a class=\"thumb-container\" href=\"https:\/\/www.salzburgerland.com\/de\/magazin\/wp-content\/uploads\/2013\/10\/kdl-18-1280x1024.jpg\">\t<picture><source media=\"(min-width: 576px)\" srcset=\"https:\/\/www.salzburgerland.com\/de\/magazin\/wp-content\/uploads\/2013\/10\/kdl-18-325x209.jpg 325w, https:\/\/www.salzburgerland.com\/de\/magazin\/wp-content\/uploads\/2013\/10\/kdl-18-249x160.jpg 249w\"><\/source><source media=\"(min-width: 0)\" srcset=\"https:\/\/www.salzburgerland.com\/de\/magazin\/wp-content\/uploads\/2013\/10\/kdl-18-249x160.jpg 249w, https:\/\/www.salzburgerland.com\/de\/magazin\/wp-content\/uploads\/2013\/10\/kdl-18-325x209.jpg 325w\"><\/source><img decoding=\"async\" alt=\"Ein Vogel mit ausgebreiteten Fl&uuml;geln fliegt gegen einen hellen, klaren Himmel.\" src=\"https:\/\/www.salzburgerland.com\/de\/magazin\/wp-content\/uploads\/2013\/10\/kdl-18.jpg\">\t<\/picture><\/a><\/figure><\/div><div class=\"col-6 col-sm-4\"><figure><a class=\"thumb-container\" href=\"https:\/\/www.salzburgerland.com\/de\/magazin\/wp-content\/uploads\/2013\/10\/kdl-19-1280x1024.jpg\">\t<picture><source media=\"(min-width: 576px)\" srcset=\"https:\/\/www.salzburgerland.com\/de\/magazin\/wp-content\/uploads\/2013\/10\/kdl-19-325x209.jpg 325w, https:\/\/www.salzburgerland.com\/de\/magazin\/wp-content\/uploads\/2013\/10\/kdl-19-249x160.jpg 249w\"><\/source><source media=\"(min-width: 0)\" srcset=\"https:\/\/www.salzburgerland.com\/de\/magazin\/wp-content\/uploads\/2013\/10\/kdl-19-249x160.jpg 249w, https:\/\/www.salzburgerland.com\/de\/magazin\/wp-content\/uploads\/2013\/10\/kdl-19-325x209.jpg 325w\"><\/source><img decoding=\"async\" alt=\"Ein gro&szlig;er Vogel mit ausgebreiteten Fl&uuml;geln schwebt vor einem schlichten, hellgrauen Himmel.\" src=\"https:\/\/www.salzburgerland.com\/de\/magazin\/wp-content\/uploads\/2013\/10\/kdl-19.jpg\">\t<\/picture><\/a><\/figure><\/div><div class=\"col-6 col-sm-4\"><figure><a class=\"thumb-container\" href=\"https:\/\/www.salzburgerland.com\/de\/magazin\/wp-content\/uploads\/2013\/10\/kdl-20-1280x1024.jpg\">\t<picture><source media=\"(min-width: 576px)\" srcset=\"https:\/\/www.salzburgerland.com\/de\/magazin\/wp-content\/uploads\/2013\/10\/kdl-20-325x209.jpg 325w, https:\/\/www.salzburgerland.com\/de\/magazin\/wp-content\/uploads\/2013\/10\/kdl-20-249x160.jpg 249w\"><\/source><source media=\"(min-width: 0)\" srcset=\"https:\/\/www.salzburgerland.com\/de\/magazin\/wp-content\/uploads\/2013\/10\/kdl-20-249x160.jpg 249w, https:\/\/www.salzburgerland.com\/de\/magazin\/wp-content\/uploads\/2013\/10\/kdl-20-325x209.jpg 325w\"><\/source><img decoding=\"async\" alt=\"Ein gro&szlig;er Vogel mit ausgebreiteten Fl&uuml;geln schwebt gegen einen blassen, bew&ouml;lkten Himmel.\" src=\"https:\/\/www.salzburgerland.com\/de\/magazin\/wp-content\/uploads\/2013\/10\/kdl-20.jpg\">\t<\/picture><\/a><\/figure><\/div><\/div><figcaption>&copy; Richard Straub<\/figcaption><\/div>\n","protected":false},"excerpt":{"rendered":"<p>Erfolgreiche Bartgeier-Wiederansiedelung Einst unter dem Namen L\u00e4mmergeier bekannt, dichtete man diesem m\u00e4chtigen&nbsp;Greifvogel mit einer Fl\u00fcgelspannweite bis zu 2.90 m an, L\u00e4mmer und G\u00e4msen zu jagen. Und sogar der Mythos, gelegentlich ein Kind aus dem Wagen zu stehlen, hielt sich hartn\u00e4ckig. Diese Schauergeschichten f\u00fchrten innerhalb von nur 100 Jahren zur Ausrottung dieses majest\u00e4tischen Vogels. Im Krumltal, [&hellip;]<\/p>\n","protected":false},"author":11,"featured_media":116577,"comment_status":"open","ping_status":"open","sticky":false,"template":"","format":"standard","meta":{"_acf_changed":false,"wl_entities_gutenberg":"","_wl_entity_redirect_enabled":"","footnotes":""},"categories":[8],"tags":[240],"wl_entity_type":[306],"monatsauswahl":[86,87,88,89,90],"class_list":["post-69606","post","type-post","status-publish","format-standard","has-post-thumbnail","hentry","category-outdoor-sport","tag-nationalpark","wl_entity_type-article","monatsauswahl-monat_5","monatsauswahl-monat_6","monatsauswahl-monat_7","monatsauswahl-monat_8","monatsauswahl-monat_9"],"acf":[],"yoast_head":"<!-- This site is optimized with the Yoast SEO Premium plugin v27.4 (Yoast SEO v27.4) - https:\/\/yoast.com\/product\/yoast-seo-premium-wordpress\/ -->\n<title>Ins Tal der Geier - SalzburgerLand Magazin<\/title>\n<meta name=\"description\" content=\"Bei der gef\u00fchrten Wanderung ins Rauriser Krumltal, dem \u201eTal der Geier\u201c, lernen interessierte G\u00e4ste nicht nur alles \u00fcber die heimischen Greifv\u00f6gel, sondern mit etwas Gl\u00fcck sichtet man neben Bartgeiern, G\u00e4nsegeiern und Steinadlern auch andere Wildtiere.\" \/>\n<meta name=\"robots\" content=\"index, follow, max-snippet:-1, max-image-preview:large, max-video-preview:-1\" \/>\n<link rel=\"canonical\" href=\"https:\/\/www.salzburgerland.com\/de\/magazin\/nationalpark-hohe-tauern-der-konig-der-lufte\/\" \/>\n<meta property=\"og:locale\" content=\"de_DE\" \/>\n<meta property=\"og:type\" content=\"article\" \/>\n<meta property=\"og:title\" content=\"Ins Tal der Geier\" \/>\n<meta property=\"og:description\" content=\"Erfolgreiche Bartgeier-Wiederansiedelung Einst unter dem Namen L\u00e4mmergeier bekannt, dichtete man diesem m\u00e4chtigen&nbsp;Greifvogel mit einer Fl\u00fcgelspannweite bis zu 2.90 m an, L\u00e4mmer und G\u00e4msen zu jagen. Und sogar der Mythos, gelegentlich ein Kind aus dem Wagen zu stehlen, hielt sich hartn\u00e4ckig. Diese Schauergeschichten f\u00fchrten innerhalb von nur 100 Jahren zur Ausrottung dieses majest\u00e4tischen Vogels. Im Krumltal, [&hellip;]\" \/>\n<meta property=\"og:url\" content=\"https:\/\/www.salzburgerland.com\/de\/magazin\/nationalpark-hohe-tauern-der-konig-der-lufte\/\" \/>\n<meta property=\"og:site_name\" content=\"SalzburgerLand Magazin\" \/>\n<meta property=\"article:publisher\" content=\"https:\/\/www.facebook.com\/salzburgerland\/\" \/>\n<meta property=\"article:published_time\" content=\"2014-05-04T10:17:11+00:00\" \/>\n<meta property=\"article:modified_time\" content=\"2021-02-26T10:37:49+00:00\" \/>\n<meta property=\"og:image\" content=\"https:\/\/www.salzburgerland.com\/de\/magazin\/wp-content\/uploads\/2014\/05\/geier_c_tvb_raurisertal.jpg\" \/>\n\t<meta property=\"og:image:width\" content=\"1232\" \/>\n\t<meta property=\"og:image:height\" content=\"1600\" \/>\n\t<meta property=\"og:image:type\" content=\"image\/jpeg\" \/>\n<meta name=\"author\" content=\"Edith Danzer\" \/>\n<meta name=\"twitter:card\" content=\"summary_large_image\" \/>\n<meta name=\"twitter:creator\" content=\"@Salzburgerland\" \/>\n<meta name=\"twitter:site\" content=\"@Salzburgerland\" \/>\n<meta name=\"twitter:label1\" content=\"Verfasst von\" \/>\n\t<meta name=\"twitter:data1\" content=\"Edith Danzer\" \/>\n\t<meta name=\"twitter:label2\" content=\"Gesch\u00e4tzte Lesezeit\" \/>\n\t<meta name=\"twitter:data2\" content=\"8\u00a0Minuten\" \/>\n<script type=\"application\/ld+json\" class=\"yoast-schema-graph\">{\"@context\":\"https:\\\/\\\/schema.org\",\"@graph\":[{\"@type\":\"Article\",\"@id\":\"https:\\\/\\\/www.salzburgerland.com\\\/de\\\/magazin\\\/nationalpark-hohe-tauern-der-konig-der-lufte\\\/#article\",\"isPartOf\":{\"@id\":\"https:\\\/\\\/www.salzburgerland.com\\\/de\\\/magazin\\\/nationalpark-hohe-tauern-der-konig-der-lufte\\\/\"},\"author\":{\"name\":\"Edith Danzer\",\"@id\":\"https:\\\/\\\/www.salzburgerland.com\\\/de\\\/magazin\\\/#\\\/schema\\\/person\\\/79452c699c410aa31a119426313748de\"},\"headline\":\"Ins Tal der Geier\",\"datePublished\":\"2014-05-04T10:17:11+00:00\",\"dateModified\":\"2021-02-26T10:37:49+00:00\",\"mainEntityOfPage\":{\"@id\":\"https:\\\/\\\/www.salzburgerland.com\\\/de\\\/magazin\\\/nationalpark-hohe-tauern-der-konig-der-lufte\\\/\"},\"wordCount\":1132,\"commentCount\":0,\"publisher\":{\"@id\":\"https:\\\/\\\/www.salzburgerland.com\\\/de\\\/magazin\\\/#organization\"},\"image\":{\"@id\":\"https:\\\/\\\/www.salzburgerland.com\\\/de\\\/magazin\\\/nationalpark-hohe-tauern-der-konig-der-lufte\\\/#primaryimage\"},\"thumbnailUrl\":\"https:\\\/\\\/www.salzburgerland.com\\\/de\\\/magazin\\\/wp-content\\\/uploads\\\/2014\\\/05\\\/geier_c_tvb_raurisertal.jpg\",\"keywords\":[\"nationalpark\"],\"articleSection\":[\"Outdoor &amp; Sport\"],\"inLanguage\":\"de\",\"potentialAction\":[{\"@type\":\"CommentAction\",\"name\":\"Comment\",\"target\":[\"https:\\\/\\\/www.salzburgerland.com\\\/de\\\/magazin\\\/nationalpark-hohe-tauern-der-konig-der-lufte\\\/#respond\"]}]},{\"@type\":\"WebPage\",\"@id\":\"https:\\\/\\\/www.salzburgerland.com\\\/de\\\/magazin\\\/nationalpark-hohe-tauern-der-konig-der-lufte\\\/\",\"url\":\"https:\\\/\\\/www.salzburgerland.com\\\/de\\\/magazin\\\/nationalpark-hohe-tauern-der-konig-der-lufte\\\/\",\"name\":\"Ins Tal der Geier - SalzburgerLand Magazin\",\"isPartOf\":{\"@id\":\"https:\\\/\\\/www.salzburgerland.com\\\/de\\\/magazin\\\/#website\"},\"primaryImageOfPage\":{\"@id\":\"https:\\\/\\\/www.salzburgerland.com\\\/de\\\/magazin\\\/nationalpark-hohe-tauern-der-konig-der-lufte\\\/#primaryimage\"},\"image\":{\"@id\":\"https:\\\/\\\/www.salzburgerland.com\\\/de\\\/magazin\\\/nationalpark-hohe-tauern-der-konig-der-lufte\\\/#primaryimage\"},\"thumbnailUrl\":\"https:\\\/\\\/www.salzburgerland.com\\\/de\\\/magazin\\\/wp-content\\\/uploads\\\/2014\\\/05\\\/geier_c_tvb_raurisertal.jpg\",\"datePublished\":\"2014-05-04T10:17:11+00:00\",\"dateModified\":\"2021-02-26T10:37:49+00:00\",\"breadcrumb\":{\"@id\":\"https:\\\/\\\/www.salzburgerland.com\\\/de\\\/magazin\\\/nationalpark-hohe-tauern-der-konig-der-lufte\\\/#breadcrumb\"},\"inLanguage\":\"de\",\"potentialAction\":[{\"@type\":\"ReadAction\",\"target\":[\"https:\\\/\\\/www.salzburgerland.com\\\/de\\\/magazin\\\/nationalpark-hohe-tauern-der-konig-der-lufte\\\/\"]}]},{\"@type\":\"ImageObject\",\"inLanguage\":\"de\",\"@id\":\"https:\\\/\\\/www.salzburgerland.com\\\/de\\\/magazin\\\/nationalpark-hohe-tauern-der-konig-der-lufte\\\/#primaryimage\",\"url\":\"https:\\\/\\\/www.salzburgerland.com\\\/de\\\/magazin\\\/wp-content\\\/uploads\\\/2014\\\/05\\\/geier_c_tvb_raurisertal.jpg\",\"contentUrl\":\"https:\\\/\\\/www.salzburgerland.com\\\/de\\\/magazin\\\/wp-content\\\/uploads\\\/2014\\\/05\\\/geier_c_tvb_raurisertal.jpg\",\"width\":1232,\"height\":1600,\"caption\":\"c TVB Rauris Die Geier in der \u201eKruml\u201c in Rauris.\"},{\"@type\":\"BreadcrumbList\",\"@id\":\"https:\\\/\\\/www.salzburgerland.com\\\/de\\\/magazin\\\/nationalpark-hohe-tauern-der-konig-der-lufte\\\/#breadcrumb\",\"itemListElement\":[{\"@type\":\"ListItem\",\"position\":1,\"name\":\"Startseite\",\"item\":\"https:\\\/\\\/www.salzburgerland.com\\\/de\\\/magazin\\\/\"},{\"@type\":\"ListItem\",\"position\":2,\"name\":\"Outdoor &amp; Sport\",\"item\":\"https:\\\/\\\/www.salzburgerland.com\\\/de\\\/magazin\\\/thema\\\/outdoor-sport\\\/\"},{\"@type\":\"ListItem\",\"position\":3,\"name\":\"Ins Tal der Geier\"}]},{\"@type\":\"WebSite\",\"@id\":\"https:\\\/\\\/www.salzburgerland.com\\\/de\\\/magazin\\\/#website\",\"url\":\"https:\\\/\\\/www.salzburgerland.com\\\/de\\\/magazin\\\/\",\"name\":\"SalzburgerLand Magazin\",\"description\":\"Geschichten und Interessantes aus dem SalzburgerLand\",\"publisher\":{\"@id\":\"https:\\\/\\\/www.salzburgerland.com\\\/de\\\/magazin\\\/#organization\"},\"potentialAction\":[{\"@type\":\"SearchAction\",\"target\":{\"@type\":\"EntryPoint\",\"urlTemplate\":\"https:\\\/\\\/www.salzburgerland.com\\\/de\\\/magazin\\\/?s={search_term_string}\"},\"query-input\":{\"@type\":\"PropertyValueSpecification\",\"valueRequired\":true,\"valueName\":\"search_term_string\"}}],\"inLanguage\":\"de\"},{\"@type\":\"Organization\",\"@id\":\"https:\\\/\\\/www.salzburgerland.com\\\/de\\\/magazin\\\/#organization\",\"name\":\"SalzburgerLand Tourismus\",\"url\":\"https:\\\/\\\/www.salzburgerland.com\\\/de\\\/magazin\\\/\",\"logo\":{\"@type\":\"ImageObject\",\"inLanguage\":\"de\",\"@id\":\"https:\\\/\\\/www.salzburgerland.com\\\/de\\\/magazin\\\/#\\\/schema\\\/logo\\\/image\\\/\",\"url\":\"https:\\\/\\\/www.salzburgerland.com\\\/de\\\/magazin\\\/wp-content\\\/uploads\\\/2019\\\/06\\\/salzburgerland-logo1.jpg\",\"contentUrl\":\"https:\\\/\\\/www.salzburgerland.com\\\/de\\\/magazin\\\/wp-content\\\/uploads\\\/2019\\\/06\\\/salzburgerland-logo1.jpg\",\"width\":2011,\"height\":866,\"caption\":\"SalzburgerLand Tourismus\"},\"image\":{\"@id\":\"https:\\\/\\\/www.salzburgerland.com\\\/de\\\/magazin\\\/#\\\/schema\\\/logo\\\/image\\\/\"},\"sameAs\":[\"https:\\\/\\\/www.facebook.com\\\/salzburgerland\\\/\",\"https:\\\/\\\/x.com\\\/Salzburgerland\",\"https:\\\/\\\/www.instagram.com\\\/salzburgerland\\\/\",\"https:\\\/\\\/at.linkedin.com\\\/company\\\/salzburgerland-tourismus-gmbh\",\"https:\\\/\\\/www.pinterest.at\\\/salzburgerland\\\/\",\"https:\\\/\\\/www.youtube.com\\\/user\\\/salzburgerland\",\"https:\\\/\\\/de.wikipedia.org\\\/wiki\\\/SalzburgerLand_Tourismus_GmbH\"]},{\"@type\":\"Person\",\"@id\":\"https:\\\/\\\/www.salzburgerland.com\\\/de\\\/magazin\\\/#\\\/schema\\\/person\\\/79452c699c410aa31a119426313748de\",\"name\":\"Edith Danzer\",\"description\":\"Seit Jahren arbeite ich als freie Redakteurin und Fotografin im SalzburgerLand. Schreiben ist f\u00fcr mich nicht blo\u00df das Erstellen eines Textes. Es ist ein Komponieren einer wundervollen Melodie, ein Malen mit Buchstaben und Worten. Ich liebe die Begegnungen mit Menschen, die mir ihre Geschichte anvertrauen. Wenn man mich sucht, bin ich entweder am Schreibtisch (der auch mal am sonnigen H\u00fcttenbankerl stehen kann) oder mit meinem Husky-M\u00e4dl Ylvi am Berg, am See oder im Wald. Ich \u2026 \u2026 in ein paar Worten. \u2022 Lieber drau\u00dfen, als drinnen. \u2022 Lieber Norden, als S\u00fcden. \u2022 Lieber Buchstaben, als Zahlen. \u2022 Lieber Schnee, als Strand. \u2022 Lieber Berg, als Tal. \u2022 Lieber Nordlichter, als S\u00fcdseezauber. \u2022 Lieber H\u00fctte, als F\u00fcnfsternschuppen. \u2022 Lieber Hund, als Katze. \u2022 Lieber grader Michl, als falscher Fufzga. \u2022 Lieber mittendurch, als drumherum \u2022 Lieber Almleben, als Couchpotato\",\"url\":\"https:\\\/\\\/www.salzburgerland.com\\\/de\\\/magazin\\\/author\\\/edith-danzer\\\/\"}]}<\/script>\n<!-- \/ Yoast SEO Premium plugin. -->","yoast_head_json":{"title":"Ins Tal der Geier - SalzburgerLand Magazin","description":"Bei der gef\u00fchrten Wanderung ins Rauriser Krumltal, dem \u201eTal der Geier\u201c, lernen interessierte G\u00e4ste nicht nur alles \u00fcber die heimischen Greifv\u00f6gel, sondern mit etwas Gl\u00fcck sichtet man neben Bartgeiern, G\u00e4nsegeiern und Steinadlern auch andere Wildtiere.","robots":{"index":"index","follow":"follow","max-snippet":"max-snippet:-1","max-image-preview":"max-image-preview:large","max-video-preview":"max-video-preview:-1"},"canonical":"https:\/\/www.salzburgerland.com\/de\/magazin\/nationalpark-hohe-tauern-der-konig-der-lufte\/","og_locale":"de_DE","og_type":"article","og_title":"Ins Tal der Geier","og_description":"Erfolgreiche Bartgeier-Wiederansiedelung Einst unter dem Namen L\u00e4mmergeier bekannt, dichtete man diesem m\u00e4chtigen&nbsp;Greifvogel mit einer Fl\u00fcgelspannweite bis zu 2.90 m an, L\u00e4mmer und G\u00e4msen zu jagen. Und sogar der Mythos, gelegentlich ein Kind aus dem Wagen zu stehlen, hielt sich hartn\u00e4ckig. Diese Schauergeschichten f\u00fchrten innerhalb von nur 100 Jahren zur Ausrottung dieses majest\u00e4tischen Vogels. Im Krumltal, [&hellip;]","og_url":"https:\/\/www.salzburgerland.com\/de\/magazin\/nationalpark-hohe-tauern-der-konig-der-lufte\/","og_site_name":"SalzburgerLand Magazin","article_publisher":"https:\/\/www.facebook.com\/salzburgerland\/","article_published_time":"2014-05-04T10:17:11+00:00","article_modified_time":"2021-02-26T10:37:49+00:00","og_image":[{"width":1232,"height":1600,"url":"https:\/\/www.salzburgerland.com\/de\/magazin\/wp-content\/uploads\/2014\/05\/geier_c_tvb_raurisertal.jpg","type":"image\/jpeg"}],"author":"Edith Danzer","twitter_card":"summary_large_image","twitter_creator":"@Salzburgerland","twitter_site":"@Salzburgerland","twitter_misc":{"Verfasst von":"Edith Danzer","Gesch\u00e4tzte Lesezeit":"8\u00a0Minuten"},"schema":{"@context":"https:\/\/schema.org","@graph":[{"@type":"Article","@id":"https:\/\/www.salzburgerland.com\/de\/magazin\/nationalpark-hohe-tauern-der-konig-der-lufte\/#article","isPartOf":{"@id":"https:\/\/www.salzburgerland.com\/de\/magazin\/nationalpark-hohe-tauern-der-konig-der-lufte\/"},"author":{"name":"Edith Danzer","@id":"https:\/\/www.salzburgerland.com\/de\/magazin\/#\/schema\/person\/79452c699c410aa31a119426313748de"},"headline":"Ins Tal der Geier","datePublished":"2014-05-04T10:17:11+00:00","dateModified":"2021-02-26T10:37:49+00:00","mainEntityOfPage":{"@id":"https:\/\/www.salzburgerland.com\/de\/magazin\/nationalpark-hohe-tauern-der-konig-der-lufte\/"},"wordCount":1132,"commentCount":0,"publisher":{"@id":"https:\/\/www.salzburgerland.com\/de\/magazin\/#organization"},"image":{"@id":"https:\/\/www.salzburgerland.com\/de\/magazin\/nationalpark-hohe-tauern-der-konig-der-lufte\/#primaryimage"},"thumbnailUrl":"https:\/\/www.salzburgerland.com\/de\/magazin\/wp-content\/uploads\/2014\/05\/geier_c_tvb_raurisertal.jpg","keywords":["nationalpark"],"articleSection":["Outdoor &amp; Sport"],"inLanguage":"de","potentialAction":[{"@type":"CommentAction","name":"Comment","target":["https:\/\/www.salzburgerland.com\/de\/magazin\/nationalpark-hohe-tauern-der-konig-der-lufte\/#respond"]}]},{"@type":"WebPage","@id":"https:\/\/www.salzburgerland.com\/de\/magazin\/nationalpark-hohe-tauern-der-konig-der-lufte\/","url":"https:\/\/www.salzburgerland.com\/de\/magazin\/nationalpark-hohe-tauern-der-konig-der-lufte\/","name":"Ins Tal der Geier - SalzburgerLand Magazin","isPartOf":{"@id":"https:\/\/www.salzburgerland.com\/de\/magazin\/#website"},"primaryImageOfPage":{"@id":"https:\/\/www.salzburgerland.com\/de\/magazin\/nationalpark-hohe-tauern-der-konig-der-lufte\/#primaryimage"},"image":{"@id":"https:\/\/www.salzburgerland.com\/de\/magazin\/nationalpark-hohe-tauern-der-konig-der-lufte\/#primaryimage"},"thumbnailUrl":"https:\/\/www.salzburgerland.com\/de\/magazin\/wp-content\/uploads\/2014\/05\/geier_c_tvb_raurisertal.jpg","datePublished":"2014-05-04T10:17:11+00:00","dateModified":"2021-02-26T10:37:49+00:00","breadcrumb":{"@id":"https:\/\/www.salzburgerland.com\/de\/magazin\/nationalpark-hohe-tauern-der-konig-der-lufte\/#breadcrumb"},"inLanguage":"de","potentialAction":[{"@type":"ReadAction","target":["https:\/\/www.salzburgerland.com\/de\/magazin\/nationalpark-hohe-tauern-der-konig-der-lufte\/"]}]},{"@type":"ImageObject","inLanguage":"de","@id":"https:\/\/www.salzburgerland.com\/de\/magazin\/nationalpark-hohe-tauern-der-konig-der-lufte\/#primaryimage","url":"https:\/\/www.salzburgerland.com\/de\/magazin\/wp-content\/uploads\/2014\/05\/geier_c_tvb_raurisertal.jpg","contentUrl":"https:\/\/www.salzburgerland.com\/de\/magazin\/wp-content\/uploads\/2014\/05\/geier_c_tvb_raurisertal.jpg","width":1232,"height":1600,"caption":"c TVB Rauris Die Geier in der \u201eKruml\u201c in Rauris."},{"@type":"BreadcrumbList","@id":"https:\/\/www.salzburgerland.com\/de\/magazin\/nationalpark-hohe-tauern-der-konig-der-lufte\/#breadcrumb","itemListElement":[{"@type":"ListItem","position":1,"name":"Startseite","item":"https:\/\/www.salzburgerland.com\/de\/magazin\/"},{"@type":"ListItem","position":2,"name":"Outdoor &amp; Sport","item":"https:\/\/www.salzburgerland.com\/de\/magazin\/thema\/outdoor-sport\/"},{"@type":"ListItem","position":3,"name":"Ins Tal der Geier"}]},{"@type":"WebSite","@id":"https:\/\/www.salzburgerland.com\/de\/magazin\/#website","url":"https:\/\/www.salzburgerland.com\/de\/magazin\/","name":"SalzburgerLand Magazin","description":"Geschichten und Interessantes aus dem SalzburgerLand","publisher":{"@id":"https:\/\/www.salzburgerland.com\/de\/magazin\/#organization"},"potentialAction":[{"@type":"SearchAction","target":{"@type":"EntryPoint","urlTemplate":"https:\/\/www.salzburgerland.com\/de\/magazin\/?s={search_term_string}"},"query-input":{"@type":"PropertyValueSpecification","valueRequired":true,"valueName":"search_term_string"}}],"inLanguage":"de"},{"@type":"Organization","@id":"https:\/\/www.salzburgerland.com\/de\/magazin\/#organization","name":"SalzburgerLand Tourismus","url":"https:\/\/www.salzburgerland.com\/de\/magazin\/","logo":{"@type":"ImageObject","inLanguage":"de","@id":"https:\/\/www.salzburgerland.com\/de\/magazin\/#\/schema\/logo\/image\/","url":"https:\/\/www.salzburgerland.com\/de\/magazin\/wp-content\/uploads\/2019\/06\/salzburgerland-logo1.jpg","contentUrl":"https:\/\/www.salzburgerland.com\/de\/magazin\/wp-content\/uploads\/2019\/06\/salzburgerland-logo1.jpg","width":2011,"height":866,"caption":"SalzburgerLand Tourismus"},"image":{"@id":"https:\/\/www.salzburgerland.com\/de\/magazin\/#\/schema\/logo\/image\/"},"sameAs":["https:\/\/www.facebook.com\/salzburgerland\/","https:\/\/x.com\/Salzburgerland","https:\/\/www.instagram.com\/salzburgerland\/","https:\/\/at.linkedin.com\/company\/salzburgerland-tourismus-gmbh","https:\/\/www.pinterest.at\/salzburgerland\/","https:\/\/www.youtube.com\/user\/salzburgerland","https:\/\/de.wikipedia.org\/wiki\/SalzburgerLand_Tourismus_GmbH"]},{"@type":"Person","@id":"https:\/\/www.salzburgerland.com\/de\/magazin\/#\/schema\/person\/79452c699c410aa31a119426313748de","name":"Edith Danzer","description":"Seit Jahren arbeite ich als freie Redakteurin und Fotografin im SalzburgerLand. Schreiben ist f\u00fcr mich nicht blo\u00df das Erstellen eines Textes. Es ist ein Komponieren einer wundervollen Melodie, ein Malen mit Buchstaben und Worten. Ich liebe die Begegnungen mit Menschen, die mir ihre Geschichte anvertrauen. Wenn man mich sucht, bin ich entweder am Schreibtisch (der auch mal am sonnigen H\u00fcttenbankerl stehen kann) oder mit meinem Husky-M\u00e4dl Ylvi am Berg, am See oder im Wald. Ich \u2026 \u2026 in ein paar Worten. \u2022 Lieber drau\u00dfen, als drinnen. \u2022 Lieber Norden, als S\u00fcden. \u2022 Lieber Buchstaben, als Zahlen. \u2022 Lieber Schnee, als Strand. \u2022 Lieber Berg, als Tal. \u2022 Lieber Nordlichter, als S\u00fcdseezauber. \u2022 Lieber H\u00fctte, als F\u00fcnfsternschuppen. \u2022 Lieber Hund, als Katze. \u2022 Lieber grader Michl, als falscher Fufzga. \u2022 Lieber mittendurch, als drumherum \u2022 Lieber Almleben, als Couchpotato","url":"https:\/\/www.salzburgerland.com\/de\/magazin\/author\/edith-danzer\/"}]}},"_wl_alt_label":[],"wl:entity_url":"http:\/\/open.salzburgerland.com\/magazin\/post\/ins_tal_der_geier","_links":{"self":[{"href":"https:\/\/www.salzburgerland.com\/de\/magazin\/wp-json\/wp\/v2\/posts\/69606","targetHints":{"allow":["GET"]}}],"collection":[{"href":"https:\/\/www.salzburgerland.com\/de\/magazin\/wp-json\/wp\/v2\/posts"}],"about":[{"href":"https:\/\/www.salzburgerland.com\/de\/magazin\/wp-json\/wp\/v2\/types\/post"}],"author":[{"embeddable":true,"href":"https:\/\/www.salzburgerland.com\/de\/magazin\/wp-json\/wp\/v2\/users\/11"}],"replies":[{"embeddable":true,"href":"https:\/\/www.salzburgerland.com\/de\/magazin\/wp-json\/wp\/v2\/comments?post=69606"}],"version-history":[{"count":4,"href":"https:\/\/www.salzburgerland.com\/de\/magazin\/wp-json\/wp\/v2\/posts\/69606\/revisions"}],"predecessor-version":[{"id":150544,"href":"https:\/\/www.salzburgerland.com\/de\/magazin\/wp-json\/wp\/v2\/posts\/69606\/revisions\/150544"}],"wp:featuredmedia":[{"embeddable":true,"href":"https:\/\/www.salzburgerland.com\/de\/magazin\/wp-json\/wp\/v2\/media\/116577"}],"wp:attachment":[{"href":"https:\/\/www.salzburgerland.com\/de\/magazin\/wp-json\/wp\/v2\/media?parent=69606"}],"wp:term":[{"taxonomy":"category","embeddable":true,"href":"https:\/\/www.salzburgerland.com\/de\/magazin\/wp-json\/wp\/v2\/categories?post=69606"},{"taxonomy":"post_tag","embeddable":true,"href":"https:\/\/www.salzburgerland.com\/de\/magazin\/wp-json\/wp\/v2\/tags?post=69606"},{"taxonomy":"wl_entity_type","embeddable":true,"href":"https:\/\/www.salzburgerland.com\/de\/magazin\/wp-json\/wp\/v2\/wl_entity_type?post=69606"},{"taxonomy":"monatsauswahl","embeddable":true,"href":"https:\/\/www.salzburgerland.com\/de\/magazin\/wp-json\/wp\/v2\/monatsauswahl?post=69606"}],"curies":[{"name":"wp","href":"https:\/\/api.w.org\/{rel}","templated":true}]}}