{"id":64825,"date":"2013-10-03T12:00:30","date_gmt":"2013-10-03T10:00:30","guid":{"rendered":"http:\/\/magazin.salzburgerland.com\/?p=64825"},"modified":"2019-06-26T20:20:41","modified_gmt":"2019-06-26T18:20:41","slug":"schlossfraulein-am-bauernhof","status":"publish","type":"post","link":"https:\/\/www.salzburgerland.com\/de\/magazin\/schlossfraulein-am-bauernhof\/","title":{"rendered":"Schlossfr\u00e4ulein am Bauernhof"},"content":{"rendered":"<p>Es waren einmal eine kleine Prinzessin und ein kleiner Prinz. Sie wohnten in einem gro\u00dfen, sch\u00f6nen Schloss. Das gefiel ihnen sehr gut. Weniger gut gefiel ihnen, dass sie immer tadellos gekleidet sein mussten: Anzug, Hemd und Krawatte, langes R\u00fcschenkleid und feine Schuhe &#8211; wie es sich eben f\u00fcr eine Prinzessin und einen Prinzen geh\u00f6rt. Dabei w\u00fcrden die Beiden so gerne herumtoben und im Garten spielen. Aber\u2026<\/p>\n<p>&#8230;kein aber \u2013 Willkommen auf <a href=\"http:\/\/www.urlaubambauernhof.at\/schloss-saalhof#tab=info\" target=\"_blank\" rel=\"noopener noreferrer\">Schloss Saalhof<\/a> in Maishofen. Ja, Schloss Saalhof ist, wie der Name sagt, ein Schloss und es ist auch ein Bauernhof. Schicke Hosen und rosa Kleidchen sind hier fehl Platz. F\u00fcr kleine Prinzessinen und Prinzen und alle anderen Kinder beginnt der Tag mit einem Besuch im H\u00fchnerstall, um sich ein frisches Ei aus dem Nest zu fischen. \u00dcberhaupt ist der Fr\u00fchst\u00fcckstisch f\u00fcr verw\u00f6hnte Schleckerm\u00e4uler hier reich gedeckt, mit allerlei K\u00f6stlichkeiten aus der eigenen Landwirtschaft. Und auch wer sich im Ferienappartement lieber selber versorgen m\u00f6chte, kommt in den Genuss der b\u00e4uerlichen Spezialit\u00e4ten. So steht etwa in allen Ferienwohnungen ein Milchkrug bereit, der immer wieder mit der frischen Weidemilch der hofeigenen K\u00fche nachgef\u00fcllt werden kann. Und mit den selber geschnittenen Kr\u00e4utern aus dem Garten schmeckt das Butterbrot gleich noch einmal so gut.<\/p>\n<p>Dann geht es hinaus in den Garten \u2013 sofern kein anderes Programm, wie wandern in den umliegenden Bergen oder baden im nahen Zeller See, geplant ist. Auf der gro\u00dfen Spielwiese mit Spielplatz aus reinem Vollholz, einem Baumhaus, einem Kletterbaum, Trampolin, Sandkiste und vielem mehr darf ungest\u00f6rt getobt und gel\u00e4rmt werden. Die Sorge, dass die Kinder das Areal verlassen, bleibt den Eltern erspart, denn die Wiese wird von einem traditionellen Pinzgauer Zaun ges\u00e4umt. Das Besondere an diesem Zaun ist, dass das Holz so zusammengesteckt wird, dass diese alte Bauweise g\u00e4nzlich ohne N\u00e4gel auskommt. Auch im Schloss begegnet man auf Schritt und Tritt der Vergangenheit \u2013 immerhin datiert die erste urkundliche Erw\u00e4hnung ins 11. Jahrhundert zur\u00fcck. Da findet man etwa das Wappen eines adeligen Besitzers aus dem Jahr 1661, b\u00e4uerliche Ger\u00e4tschaften h\u00e4ngen an den W\u00e4nden, hier steht eine alte N\u00e4hmaschine, dort ein Butterfass. Erhalten sind auch drei Getreidek\u00e4sten, die sich im ehemaligen Getreidespeicher unter dem Dach befinden. Auch die Zirbenvert\u00e4felung im Appartement Zirbenstube ist original aus dem 17. Jahrhundert erhalten geblieben. Ebenso sind die anderen beiden Appartments mit teils antiken M\u00f6beln eingerichtet. Die dicken Mauern lassen die Hitze im Sommer drau\u00dfen. Doch wenn die Heuernte ansteht, ist es fast zu schade, sich hinter den Schlossmauern zu verkriechen. Viel spannender ist es, einen Rechen in die Hand zu nehmen und mitzuhelfen oder die Beine vom Heuwagen baumeln zu lassen. Ein besonderes Highlight im Winter ist die Grillh\u00fctte. Auf w\u00e4rmenden Rentierfellen zu sitzen, Stockbrot und W\u00fcrstchen \u00fcber das offene Feuer zu halten ist zwar auch wenig prinzessinenhafte, aber umso abenteuerlich. Und das soll ein Urlaub ja sein!<\/p>\n<address>Schloss Saalhof<\/address>\n<address>Familie Kathrin und Hermann Rieder<\/address>\n<address>Saalhofstr.26<\/address>\n<address>5751 Maishofen<\/address>\n<address>0043 (0)6542 68225<\/address>\n<address><a href=\"mailto:info@saalhof.at\" target=\"_blank\" rel=\"noopener noreferrer\">info@saalhof.at<\/a><\/address>\n<div class=\"mag-gallery\"><div class=\"row\"><div class=\"col-6 col-sm-4\"><figure><a class=\"thumb-container\" href=\"https:\/\/www.salzburgerland.com\/de\/magazin\/wp-content\/uploads\/2013\/10\/slide3-1280x1024.jpg\">\t<picture><source media=\"(min-width: 576px)\" srcset=\"https:\/\/www.salzburgerland.com\/de\/magazin\/wp-content\/uploads\/2013\/10\/slide3-325x209.jpg 325w, https:\/\/www.salzburgerland.com\/de\/magazin\/wp-content\/uploads\/2013\/10\/slide3-249x160.jpg 249w\" \/><source media=\"(min-width: 0)\" srcset=\"https:\/\/www.salzburgerland.com\/de\/magazin\/wp-content\/uploads\/2013\/10\/slide3-249x160.jpg 249w, https:\/\/www.salzburgerland.com\/de\/magazin\/wp-content\/uploads\/2013\/10\/slide3-325x209.jpg 325w\" \/><img decoding=\"async\" alt=\"Ein wei\u00dfes Schloss mit T\u00fcrmen und kleinen Fenstern, umgeben von Schnee und Bergen unter einem klaren blauen Himmel.\" src=\"https:\/\/www.salzburgerland.com\/de\/magazin\/wp-content\/uploads\/2013\/10\/slide3.jpg\" \/>\t<\/picture><\/a><\/figure><\/div><div class=\"col-6 col-sm-4\"><figure><a class=\"thumb-container\" href=\"https:\/\/www.salzburgerland.com\/de\/magazin\/wp-content\/uploads\/2013\/10\/slide2-1280x1024.jpg\">\t<picture><source media=\"(min-width: 576px)\" srcset=\"https:\/\/www.salzburgerland.com\/de\/magazin\/wp-content\/uploads\/2013\/10\/slide2-325x209.jpg 325w, https:\/\/www.salzburgerland.com\/de\/magazin\/wp-content\/uploads\/2013\/10\/slide2-249x160.jpg 249w\" \/><source media=\"(min-width: 0)\" srcset=\"https:\/\/www.salzburgerland.com\/de\/magazin\/wp-content\/uploads\/2013\/10\/slide2-249x160.jpg 249w, https:\/\/www.salzburgerland.com\/de\/magazin\/wp-content\/uploads\/2013\/10\/slide2-325x209.jpg 325w\" \/><img decoding=\"async\" alt=\"Ein rustikaler Flur mit wei\u00dfen W\u00e4nden, Holzt\u00fcren, antiken Werkzeugen und Bauernhofdekor.\" src=\"https:\/\/www.salzburgerland.com\/de\/magazin\/wp-content\/uploads\/2013\/10\/slide2.jpg\" \/>\t<\/picture><\/a><\/figure><\/div><div class=\"col-6 col-sm-4\"><figure><a class=\"thumb-container\" href=\"https:\/\/www.salzburgerland.com\/de\/magazin\/wp-content\/uploads\/2013\/10\/main56-1280x1024.jpg\">\t<picture><source media=\"(min-width: 576px)\" srcset=\"https:\/\/www.salzburgerland.com\/de\/magazin\/wp-content\/uploads\/2013\/10\/main56-325x209.jpg 325w, https:\/\/www.salzburgerland.com\/de\/magazin\/wp-content\/uploads\/2013\/10\/main56-249x160.jpg 249w\" \/><source media=\"(min-width: 0)\" srcset=\"https:\/\/www.salzburgerland.com\/de\/magazin\/wp-content\/uploads\/2013\/10\/main56-249x160.jpg 249w, https:\/\/www.salzburgerland.com\/de\/magazin\/wp-content\/uploads\/2013\/10\/main56-325x209.jpg 325w\" \/><img decoding=\"async\" alt=\"Gem\u00fctliches Holzh\u00fcttenzimmer mit sichtbaren Balken, kariertem Sofa, kleinem Essbereich und warmer Umgebungsbeleuchtung.\" src=\"https:\/\/www.salzburgerland.com\/de\/magazin\/wp-content\/uploads\/2013\/10\/main56.jpg\" \/>\t<\/picture><\/a><\/figure><\/div><div class=\"col-6 col-sm-4\"><figure><a class=\"thumb-container\" href=\"https:\/\/www.salzburgerland.com\/de\/magazin\/wp-content\/uploads\/2013\/10\/slide5-1280x1024.jpg\">\t<picture><source media=\"(min-width: 576px)\" srcset=\"https:\/\/www.salzburgerland.com\/de\/magazin\/wp-content\/uploads\/2013\/10\/slide5-325x209.jpg 325w, https:\/\/www.salzburgerland.com\/de\/magazin\/wp-content\/uploads\/2013\/10\/slide5-249x160.jpg 249w\" \/><source media=\"(min-width: 0)\" srcset=\"https:\/\/www.salzburgerland.com\/de\/magazin\/wp-content\/uploads\/2013\/10\/slide5-249x160.jpg 249w, https:\/\/www.salzburgerland.com\/de\/magazin\/wp-content\/uploads\/2013\/10\/slide5-325x209.jpg 325w\" \/><img decoding=\"async\" alt=\"Ein steinerner Brunnen mit einem Holzdach, Seileimer und h\u00e4ngenden Blument\u00f6pfen in einem Innenhof.\" src=\"https:\/\/www.salzburgerland.com\/de\/magazin\/wp-content\/uploads\/2013\/10\/slide5.jpg\" \/>\t<\/picture><\/a><\/figure><\/div><div class=\"col-6 col-sm-4\"><figure><a class=\"thumb-container\" href=\"https:\/\/www.salzburgerland.com\/de\/magazin\/wp-content\/uploads\/2013\/10\/Jungfernzimmer-1280x1024.jpg\">\t<picture><source media=\"(min-width: 576px)\" srcset=\"https:\/\/www.salzburgerland.com\/de\/magazin\/wp-content\/uploads\/2013\/10\/Jungfernzimmer-325x209.jpg 325w, https:\/\/www.salzburgerland.com\/de\/magazin\/wp-content\/uploads\/2013\/10\/Jungfernzimmer-249x160.jpg 249w\" \/><source media=\"(min-width: 0)\" srcset=\"https:\/\/www.salzburgerland.com\/de\/magazin\/wp-content\/uploads\/2013\/10\/Jungfernzimmer-249x160.jpg 249w, https:\/\/www.salzburgerland.com\/de\/magazin\/wp-content\/uploads\/2013\/10\/Jungfernzimmer-325x209.jpg 325w\" \/><img decoding=\"async\" alt=\"Gem\u00fctliches Zimmer mit einem Einzelbett, Holzm\u00f6beln, TV, kleinem Esstisch und farbenfroher Wandmalerei.\" src=\"https:\/\/www.salzburgerland.com\/de\/magazin\/wp-content\/uploads\/2013\/10\/Jungfernzimmer.jpg\" \/>\t<\/picture><\/a><\/figure><\/div><div class=\"col-6 col-sm-4\"><figure><a class=\"thumb-container\" href=\"https:\/\/www.salzburgerland.com\/de\/magazin\/wp-content\/uploads\/2013\/10\/Ziegen-1280x1024.jpg\">\t<picture><source media=\"(min-width: 576px)\" srcset=\"https:\/\/www.salzburgerland.com\/de\/magazin\/wp-content\/uploads\/2013\/10\/Ziegen-325x209.jpg 325w, https:\/\/www.salzburgerland.com\/de\/magazin\/wp-content\/uploads\/2013\/10\/Ziegen-249x160.jpg 249w\" \/><source media=\"(min-width: 0)\" srcset=\"https:\/\/www.salzburgerland.com\/de\/magazin\/wp-content\/uploads\/2013\/10\/Ziegen-249x160.jpg 249w, https:\/\/www.salzburgerland.com\/de\/magazin\/wp-content\/uploads\/2013\/10\/Ziegen-325x209.jpg 325w\" \/><img decoding=\"async\" alt=\"Ein junges M\u00e4dchen f\u00fcttert eine wei\u00dfe Ziege mit einer Flasche an einem sonnigen Tag im Freien.\" src=\"https:\/\/www.salzburgerland.com\/de\/magazin\/wp-content\/uploads\/2013\/10\/Ziegen.jpg\" \/>\t<\/picture><\/a><\/figure><\/div><div class=\"col-6 col-sm-4\"><figure><a class=\"thumb-container\" href=\"https:\/\/www.salzburgerland.com\/de\/magazin\/wp-content\/uploads\/2013\/10\/Schaukel-1280x1024.jpg\">\t<picture><source media=\"(min-width: 576px)\" srcset=\"https:\/\/www.salzburgerland.com\/de\/magazin\/wp-content\/uploads\/2013\/10\/Schaukel-325x209.jpg 325w, https:\/\/www.salzburgerland.com\/de\/magazin\/wp-content\/uploads\/2013\/10\/Schaukel-249x160.jpg 249w\" \/><source media=\"(min-width: 0)\" srcset=\"https:\/\/www.salzburgerland.com\/de\/magazin\/wp-content\/uploads\/2013\/10\/Schaukel-249x160.jpg 249w, https:\/\/www.salzburgerland.com\/de\/magazin\/wp-content\/uploads\/2013\/10\/Schaukel-325x209.jpg 325w\" \/><img decoding=\"async\" alt=\"Eine Frau in einem roten Kleid schiebt ein lachendes Kind auf einer Schaukel in einem sonnigen Hinterhof.\" src=\"https:\/\/www.salzburgerland.com\/de\/magazin\/wp-content\/uploads\/2013\/10\/Schaukel.jpg\" \/>\t<\/picture><\/a><\/figure><\/div><div class=\"col-6 col-sm-4\"><figure><a class=\"thumb-container\" href=\"https:\/\/www.salzburgerland.com\/de\/magazin\/wp-content\/uploads\/2013\/10\/lmhuette-1280x1024.jpg\">\t<picture><source media=\"(min-width: 576px)\" srcset=\"https:\/\/www.salzburgerland.com\/de\/magazin\/wp-content\/uploads\/2013\/10\/lmhuette-325x209.jpg 325w, https:\/\/www.salzburgerland.com\/de\/magazin\/wp-content\/uploads\/2013\/10\/lmhuette-249x160.jpg 249w\" \/><source media=\"(min-width: 0)\" srcset=\"https:\/\/www.salzburgerland.com\/de\/magazin\/wp-content\/uploads\/2013\/10\/lmhuette-249x160.jpg 249w, https:\/\/www.salzburgerland.com\/de\/magazin\/wp-content\/uploads\/2013\/10\/lmhuette-325x209.jpg 325w\" \/><img decoding=\"async\" alt=\"Aus dem einen Holzfenster schauen zwei Kinder, aus dem anderen steckt eine Kuh ihren Kopf heraus, beide mit Blumenk\u00e4sten.\" src=\"https:\/\/www.salzburgerland.com\/de\/magazin\/wp-content\/uploads\/2013\/10\/lmhuette.jpg\" \/>\t<\/picture><\/a><\/figure><\/div><div class=\"col-6 col-sm-4\"><figure><a class=\"thumb-container\" href=\"https:\/\/www.salzburgerland.com\/de\/magazin\/wp-content\/uploads\/2013\/10\/Jause_alleine-1280x1024.jpg\">\t<picture><source media=\"(min-width: 576px)\" srcset=\"https:\/\/www.salzburgerland.com\/de\/magazin\/wp-content\/uploads\/2013\/10\/Jause_alleine-325x209.jpg 325w, https:\/\/www.salzburgerland.com\/de\/magazin\/wp-content\/uploads\/2013\/10\/Jause_alleine-249x160.jpg 249w\" \/><source media=\"(min-width: 0)\" srcset=\"https:\/\/www.salzburgerland.com\/de\/magazin\/wp-content\/uploads\/2013\/10\/Jause_alleine-249x160.jpg 249w, https:\/\/www.salzburgerland.com\/de\/magazin\/wp-content\/uploads\/2013\/10\/Jause_alleine-325x209.jpg 325w\" \/><img decoding=\"async\" alt=\"Ein rustikales Fr\u00fchst\u00fcck im Freien mit Brot, Obst, Milch und Blumen auf einem Holztisch in einem sonnigen Garten.\" src=\"https:\/\/www.salzburgerland.com\/de\/magazin\/wp-content\/uploads\/2013\/10\/Jause_alleine.jpg\" \/>\t<\/picture><\/a><\/figure><\/div><div class=\"col-6 col-sm-4\"><figure><a class=\"thumb-container\" href=\"https:\/\/www.salzburgerland.com\/de\/magazin\/wp-content\/uploads\/2013\/10\/IMG_5995-low-1280x1024.jpg\">\t<picture><source media=\"(min-width: 576px)\" srcset=\"https:\/\/www.salzburgerland.com\/de\/magazin\/wp-content\/uploads\/2013\/10\/IMG_5995-low-325x209.jpg 325w, https:\/\/www.salzburgerland.com\/de\/magazin\/wp-content\/uploads\/2013\/10\/IMG_5995-low-249x160.jpg 249w\" \/><source media=\"(min-width: 0)\" srcset=\"https:\/\/www.salzburgerland.com\/de\/magazin\/wp-content\/uploads\/2013\/10\/IMG_5995-low-249x160.jpg 249w, https:\/\/www.salzburgerland.com\/de\/magazin\/wp-content\/uploads\/2013\/10\/IMG_5995-low-325x209.jpg 325w\" \/><img decoding=\"async\" alt=\"Zwei Kinder spielen drau\u00dfen mit einem roten Spielzeugtraktor und einem gelben Anh\u00e4nger auf einer grasbewachsenen Wiese mit B\u00e4umen und H\u00fcgeln.\" src=\"https:\/\/www.salzburgerland.com\/de\/magazin\/wp-content\/uploads\/2013\/10\/IMG_5995-low.jpg\" \/>\t<\/picture><\/a><\/figure><\/div><div class=\"col-6 col-sm-4\"><figure><a class=\"thumb-container\" href=\"https:\/\/www.salzburgerland.com\/de\/magazin\/wp-content\/uploads\/2013\/10\/Grillhutte-Winter-2012-005-1280x1024.jpg\">\t<picture><source media=\"(min-width: 576px)\" srcset=\"https:\/\/www.salzburgerland.com\/de\/magazin\/wp-content\/uploads\/2013\/10\/Grillhutte-Winter-2012-005-325x209.jpg 325w, https:\/\/www.salzburgerland.com\/de\/magazin\/wp-content\/uploads\/2013\/10\/Grillhutte-Winter-2012-005-249x160.jpg 249w\" \/><source media=\"(min-width: 0)\" srcset=\"https:\/\/www.salzburgerland.com\/de\/magazin\/wp-content\/uploads\/2013\/10\/Grillhutte-Winter-2012-005-249x160.jpg 249w, https:\/\/www.salzburgerland.com\/de\/magazin\/wp-content\/uploads\/2013\/10\/Grillhutte-Winter-2012-005-325x209.jpg 325w\" \/><img decoding=\"async\" alt=\"Eine kleine Holzh\u00fctte, umgeben von tiefem Schnee unter einem hellen, sonnigen Winterhimmel mit Bergen im Hintergrund.\" src=\"https:\/\/www.salzburgerland.com\/de\/magazin\/wp-content\/uploads\/2013\/10\/Grillhutte-Winter-2012-005.jpg\" \/>\t<\/picture><\/a><\/figure><\/div><div class=\"col-6 col-sm-4\"><figure><a class=\"thumb-container\" href=\"https:\/\/www.salzburgerland.com\/de\/magazin\/wp-content\/uploads\/2013\/10\/slide1-1280x1024.jpg\">\t<picture><source media=\"(min-width: 576px)\" srcset=\"https:\/\/www.salzburgerland.com\/de\/magazin\/wp-content\/uploads\/2013\/10\/slide1-325x209.jpg 325w, https:\/\/www.salzburgerland.com\/de\/magazin\/wp-content\/uploads\/2013\/10\/slide1-249x160.jpg 249w\" \/><source media=\"(min-width: 0)\" srcset=\"https:\/\/www.salzburgerland.com\/de\/magazin\/wp-content\/uploads\/2013\/10\/slide1-249x160.jpg 249w, https:\/\/www.salzburgerland.com\/de\/magazin\/wp-content\/uploads\/2013\/10\/slide1-325x209.jpg 325w\" \/><img decoding=\"async\" alt=\"Panoramablick auf ein Schloss, eine Wiese mit St\u00fchlen, einen Brunnen und nahe gelegene H\u00e4user vor dem Hintergrund von Bergen und blauem Himmel.\" src=\"https:\/\/www.salzburgerland.com\/de\/magazin\/wp-content\/uploads\/2013\/10\/slide1.jpg\" \/>\t<\/picture><\/a><\/figure><\/div><\/div><\/div><figcaption><\/figcaption>\n<p>Fotos \u00a9 Schloss Saalhof<\/p>\n","protected":false},"excerpt":{"rendered":"<p>Es waren einmal eine kleine Prinzessin und ein kleiner Prinz. Sie wohnten in einem gro\u00dfen, sch\u00f6nen Schloss. Das gefiel ihnen sehr gut. Weniger gut gefiel ihnen, dass sie immer tadellos gekleidet sein mussten: Anzug, Hemd und Krawatte, langes R\u00fcschenkleid und feine Schuhe &#8211; wie es sich eben f\u00fcr eine Prinzessin und einen Prinzen geh\u00f6rt. Dabei [&hellip;]<\/p>\n","protected":false},"author":90,"featured_media":64848,"comment_status":"open","ping_status":"open","sticky":false,"template":"","format":"standard","meta":{"_acf_changed":false,"wl_entities_gutenberg":"","_wl_entity_redirect_enabled":"","footnotes":""},"categories":[5],"tags":[231],"wl_entity_type":[306],"monatsauswahl":[82,83,84,85,86,87,88,89,90,91,92,93],"class_list":["post-64825","post","type-post","status-publish","format-standard","has-post-thumbnail","hentry","category-hotel-reise","tag-family","wl_entity_type-article","monatsauswahl-monat_1","monatsauswahl-monat_2","monatsauswahl-monat_3","monatsauswahl-monat_4","monatsauswahl-monat_5","monatsauswahl-monat_6","monatsauswahl-monat_7","monatsauswahl-monat_8","monatsauswahl-monat_9","monatsauswahl-monat_10","monatsauswahl-monat_11","monatsauswahl-monat_12"],"acf":[],"yoast_head":"<!-- This site is optimized with the Yoast SEO Premium plugin v27.4 (Yoast SEO v27.4) - https:\/\/yoast.com\/product\/yoast-seo-premium-wordpress\/ -->\n<title>Schlossfr\u00e4ulein am Bauernhof - SalzburgerLand Magazin<\/title>\n<meta name=\"description\" content=\"Es waren einmal eine kleine Prinzessin und ein kleiner Prinz. Sie wohnten in einem gro\u00dfen, sch\u00f6nen Schloss. Das gefiel ihnen sehr gut. Weniger gut gefiel ihnen, dass sie immer tadellos gekleidet sein mussten: Anzug, Hemd und Krawatte, langes R\u00fcschenkleid und feine Schuhe &#8211; wie es sich eben f\u00fcr eine Prinzessin und einen Prinzen geh\u00f6rt. Dabei [&hellip;]\" \/>\n<meta name=\"robots\" content=\"index, follow, max-snippet:-1, max-image-preview:large, max-video-preview:-1\" \/>\n<link rel=\"canonical\" href=\"https:\/\/www.salzburgerland.com\/de\/magazin\/schlossfraulein-am-bauernhof\/\" \/>\n<meta property=\"og:locale\" content=\"de_DE\" \/>\n<meta property=\"og:type\" content=\"article\" \/>\n<meta property=\"og:title\" content=\"Schlossfr\u00e4ulein am Bauernhof\" \/>\n<meta property=\"og:description\" content=\"Es waren einmal eine kleine Prinzessin und ein kleiner Prinz. Sie wohnten in einem gro\u00dfen, sch\u00f6nen Schloss. Das gefiel ihnen sehr gut. Weniger gut gefiel ihnen, dass sie immer tadellos gekleidet sein mussten: Anzug, Hemd und Krawatte, langes R\u00fcschenkleid und feine Schuhe &#8211; wie es sich eben f\u00fcr eine Prinzessin und einen Prinzen geh\u00f6rt. Dabei [&hellip;]\" \/>\n<meta property=\"og:url\" content=\"https:\/\/www.salzburgerland.com\/de\/magazin\/schlossfraulein-am-bauernhof\/\" \/>\n<meta property=\"og:site_name\" content=\"SalzburgerLand Magazin\" \/>\n<meta property=\"article:publisher\" content=\"https:\/\/www.facebook.com\/salzburgerland\/\" \/>\n<meta property=\"article:published_time\" content=\"2013-10-03T10:00:30+00:00\" \/>\n<meta property=\"article:modified_time\" content=\"2019-06-26T18:20:41+00:00\" \/>\n<meta property=\"og:image\" content=\"https:\/\/www.salzburgerland.com\/de\/magazin\/wp-content\/uploads\/2013\/10\/slide1.jpg\" \/>\n\t<meta property=\"og:image:width\" content=\"1200\" \/>\n\t<meta property=\"og:image:height\" content=\"382\" \/>\n\t<meta property=\"og:image:type\" content=\"image\/jpeg\" \/>\n<meta name=\"author\" content=\"Ulli Hammerl\" \/>\n<meta name=\"twitter:card\" content=\"summary_large_image\" \/>\n<meta name=\"twitter:creator\" content=\"@Salzburgerland\" \/>\n<meta name=\"twitter:site\" content=\"@Salzburgerland\" \/>\n<meta name=\"twitter:label1\" content=\"Verfasst von\" \/>\n\t<meta name=\"twitter:data1\" content=\"Ulli Hammerl\" \/>\n\t<meta name=\"twitter:label2\" content=\"Gesch\u00e4tzte Lesezeit\" \/>\n\t<meta name=\"twitter:data2\" content=\"3\u00a0Minuten\" \/>\n<script type=\"application\/ld+json\" class=\"yoast-schema-graph\">{\"@context\":\"https:\\\/\\\/schema.org\",\"@graph\":[{\"@type\":\"Article\",\"@id\":\"https:\\\/\\\/www.salzburgerland.com\\\/de\\\/magazin\\\/schlossfraulein-am-bauernhof\\\/#article\",\"isPartOf\":{\"@id\":\"https:\\\/\\\/www.salzburgerland.com\\\/de\\\/magazin\\\/schlossfraulein-am-bauernhof\\\/\"},\"author\":{\"name\":\"Ulli Hammerl\",\"@id\":\"https:\\\/\\\/www.salzburgerland.com\\\/de\\\/magazin\\\/#\\\/schema\\\/person\\\/a55a4fee1009b9e458d298480a18a9f7\"},\"headline\":\"Schlossfr\u00e4ulein am Bauernhof\",\"datePublished\":\"2013-10-03T10:00:30+00:00\",\"dateModified\":\"2019-06-26T18:20:41+00:00\",\"mainEntityOfPage\":{\"@id\":\"https:\\\/\\\/www.salzburgerland.com\\\/de\\\/magazin\\\/schlossfraulein-am-bauernhof\\\/\"},\"wordCount\":520,\"commentCount\":0,\"publisher\":{\"@id\":\"https:\\\/\\\/www.salzburgerland.com\\\/de\\\/magazin\\\/#organization\"},\"image\":{\"@id\":\"https:\\\/\\\/www.salzburgerland.com\\\/de\\\/magazin\\\/schlossfraulein-am-bauernhof\\\/#primaryimage\"},\"thumbnailUrl\":\"https:\\\/\\\/www.salzburgerland.com\\\/de\\\/magazin\\\/wp-content\\\/uploads\\\/2013\\\/10\\\/slide1.jpg\",\"keywords\":[\"Family-Time im SalzburgerLand\"],\"articleSection\":[\"Hotel &amp; Reise\"],\"inLanguage\":\"de\",\"potentialAction\":[{\"@type\":\"CommentAction\",\"name\":\"Comment\",\"target\":[\"https:\\\/\\\/www.salzburgerland.com\\\/de\\\/magazin\\\/schlossfraulein-am-bauernhof\\\/#respond\"]}]},{\"@type\":\"WebPage\",\"@id\":\"https:\\\/\\\/www.salzburgerland.com\\\/de\\\/magazin\\\/schlossfraulein-am-bauernhof\\\/\",\"url\":\"https:\\\/\\\/www.salzburgerland.com\\\/de\\\/magazin\\\/schlossfraulein-am-bauernhof\\\/\",\"name\":\"Schlossfr\u00e4ulein am Bauernhof - SalzburgerLand Magazin\",\"isPartOf\":{\"@id\":\"https:\\\/\\\/www.salzburgerland.com\\\/de\\\/magazin\\\/#website\"},\"primaryImageOfPage\":{\"@id\":\"https:\\\/\\\/www.salzburgerland.com\\\/de\\\/magazin\\\/schlossfraulein-am-bauernhof\\\/#primaryimage\"},\"image\":{\"@id\":\"https:\\\/\\\/www.salzburgerland.com\\\/de\\\/magazin\\\/schlossfraulein-am-bauernhof\\\/#primaryimage\"},\"thumbnailUrl\":\"https:\\\/\\\/www.salzburgerland.com\\\/de\\\/magazin\\\/wp-content\\\/uploads\\\/2013\\\/10\\\/slide1.jpg\",\"datePublished\":\"2013-10-03T10:00:30+00:00\",\"dateModified\":\"2019-06-26T18:20:41+00:00\",\"breadcrumb\":{\"@id\":\"https:\\\/\\\/www.salzburgerland.com\\\/de\\\/magazin\\\/schlossfraulein-am-bauernhof\\\/#breadcrumb\"},\"inLanguage\":\"de\",\"potentialAction\":[{\"@type\":\"ReadAction\",\"target\":[\"https:\\\/\\\/www.salzburgerland.com\\\/de\\\/magazin\\\/schlossfraulein-am-bauernhof\\\/\"]}]},{\"@type\":\"ImageObject\",\"inLanguage\":\"de\",\"@id\":\"https:\\\/\\\/www.salzburgerland.com\\\/de\\\/magazin\\\/schlossfraulein-am-bauernhof\\\/#primaryimage\",\"url\":\"https:\\\/\\\/www.salzburgerland.com\\\/de\\\/magazin\\\/wp-content\\\/uploads\\\/2013\\\/10\\\/slide1.jpg\",\"contentUrl\":\"https:\\\/\\\/www.salzburgerland.com\\\/de\\\/magazin\\\/wp-content\\\/uploads\\\/2013\\\/10\\\/slide1.jpg\",\"width\":1200,\"height\":382,\"caption\":\"Panoramablick auf ein Schloss, eine Wiese mit St\u00fchlen, einen Brunnen und nahe gelegene H\u00e4user vor dem Hintergrund von Bergen und blauem Himmel.\"},{\"@type\":\"BreadcrumbList\",\"@id\":\"https:\\\/\\\/www.salzburgerland.com\\\/de\\\/magazin\\\/schlossfraulein-am-bauernhof\\\/#breadcrumb\",\"itemListElement\":[{\"@type\":\"ListItem\",\"position\":1,\"name\":\"Startseite\",\"item\":\"https:\\\/\\\/www.salzburgerland.com\\\/de\\\/magazin\\\/\"},{\"@type\":\"ListItem\",\"position\":2,\"name\":\"Hotel &amp; Reise\",\"item\":\"https:\\\/\\\/www.salzburgerland.com\\\/de\\\/magazin\\\/thema\\\/hotel-reise\\\/\"},{\"@type\":\"ListItem\",\"position\":3,\"name\":\"Schlossfr\u00e4ulein am Bauernhof\"}]},{\"@type\":\"WebSite\",\"@id\":\"https:\\\/\\\/www.salzburgerland.com\\\/de\\\/magazin\\\/#website\",\"url\":\"https:\\\/\\\/www.salzburgerland.com\\\/de\\\/magazin\\\/\",\"name\":\"SalzburgerLand Magazin\",\"description\":\"Geschichten und Interessantes aus dem SalzburgerLand\",\"publisher\":{\"@id\":\"https:\\\/\\\/www.salzburgerland.com\\\/de\\\/magazin\\\/#organization\"},\"potentialAction\":[{\"@type\":\"SearchAction\",\"target\":{\"@type\":\"EntryPoint\",\"urlTemplate\":\"https:\\\/\\\/www.salzburgerland.com\\\/de\\\/magazin\\\/?s={search_term_string}\"},\"query-input\":{\"@type\":\"PropertyValueSpecification\",\"valueRequired\":true,\"valueName\":\"search_term_string\"}}],\"inLanguage\":\"de\"},{\"@type\":\"Organization\",\"@id\":\"https:\\\/\\\/www.salzburgerland.com\\\/de\\\/magazin\\\/#organization\",\"name\":\"SalzburgerLand Tourismus\",\"url\":\"https:\\\/\\\/www.salzburgerland.com\\\/de\\\/magazin\\\/\",\"logo\":{\"@type\":\"ImageObject\",\"inLanguage\":\"de\",\"@id\":\"https:\\\/\\\/www.salzburgerland.com\\\/de\\\/magazin\\\/#\\\/schema\\\/logo\\\/image\\\/\",\"url\":\"https:\\\/\\\/www.salzburgerland.com\\\/de\\\/magazin\\\/wp-content\\\/uploads\\\/2019\\\/06\\\/salzburgerland-logo1.jpg\",\"contentUrl\":\"https:\\\/\\\/www.salzburgerland.com\\\/de\\\/magazin\\\/wp-content\\\/uploads\\\/2019\\\/06\\\/salzburgerland-logo1.jpg\",\"width\":2011,\"height\":866,\"caption\":\"SalzburgerLand Tourismus\"},\"image\":{\"@id\":\"https:\\\/\\\/www.salzburgerland.com\\\/de\\\/magazin\\\/#\\\/schema\\\/logo\\\/image\\\/\"},\"sameAs\":[\"https:\\\/\\\/www.facebook.com\\\/salzburgerland\\\/\",\"https:\\\/\\\/x.com\\\/Salzburgerland\",\"https:\\\/\\\/www.instagram.com\\\/salzburgerland\\\/\",\"https:\\\/\\\/at.linkedin.com\\\/company\\\/salzburgerland-tourismus-gmbh\",\"https:\\\/\\\/www.pinterest.at\\\/salzburgerland\\\/\",\"https:\\\/\\\/www.youtube.com\\\/user\\\/salzburgerland\",\"https:\\\/\\\/de.wikipedia.org\\\/wiki\\\/SalzburgerLand_Tourismus_GmbH\"]},{\"@type\":\"Person\",\"@id\":\"https:\\\/\\\/www.salzburgerland.com\\\/de\\\/magazin\\\/#\\\/schema\\\/person\\\/a55a4fee1009b9e458d298480a18a9f7\",\"name\":\"Ulli Hammerl\",\"description\":\"Geboren und aufgewachsen in der Stadt Salzburg war Ulli Hammerl fr\u00fch bewusst, in einer der sch\u00f6nsten St\u00e4dte der Welt zu leben. So ist sie auch w\u00e4hrend ihres Studiums der Kommunikationswissenschaft und \u00d6kologie ihrer Heimatstadt treu geblieben. Gleich nach dem Studium ist sie zu SalzburgerLand Tourismus (SLTG) gegangen und hat hier von 1998 - 2004 u.a. die SalzburgerLand Card betreut. Dabei ist sie viel herumgekommen, wodurch auch die Liebe zum SalzburgerLand enstanden und gewachsen ist. Nach der Geburt ihrer Tochter im September 2004 hat sich Ulli Hammerl 2007 mit einer Agentur selbst\u00e4ndig gemacht. Mein pers\u00f6nlicher Logenplatz: Hoch \u00fcber Salzburg, abseits der stark begangenen Wege mit Blick auf die D\u00e4cher und Kircht\u00fcrme der Stadt \u2013 hier geht mir das Herz auf! Morgen- oder Abendmensch: Ganz klar: Morgenmensch. Wenn um 5.00 Uhr fr\u00fch die V\u00f6gel zwitschern und rund herum noch alles in tiefer Ruhe versinkt, dann ist meine Zeit. Ausgeschlafen, Energie geladen und voller Tatendrang starte ich am liebsten in den fr\u00fchen Morgenstunden in den Tag. Daf\u00fcr kann man nach 21.00 Uhr nicht mehr mit mir rechnen. Buch oder Film: Es gibt nichts Sch\u00f6neres, als es sich am Ende des Tages auf der Couch gem\u00fctlich zu machen und in die Gedankenwelt eines guten Buches einzutauchen \u2013 Lesen ist Abenteuer im Kopf. Wandern, Spazierengehen oder Laufen: alles drei und zwar am besten jeden Tag. Mit ein bisschen Zeiteinteilung geht es sich tats\u00e4chlich fast gehen Tag aus, drau\u00dfen unterwegs zu sein. Fr\u00fchling, Sommer, Herbst oder Winter: Ich kann es im Fr\u00fchling kaum erwarten, die ersten Gr\u00fcnschattierungen in der Natur zu entdecken. Ich liebe hei\u00dfe Sommertage am See und laue Sommerabende am Balkon. Ich mag es, wenn im Herbst die W\u00e4lder in einem Meer aus Farben erstrahlen, Laubrascheln und Kastanien sammeln. Und ich freue mich wie ein Kind, wenn im Dezember die ersten Schneeflocken vom Himmel schweben. Die vier Jahreszeiten sind etwas Wunderbares.\",\"url\":\"https:\\\/\\\/www.salzburgerland.com\\\/de\\\/magazin\\\/author\\\/ulli-hammerl\\\/\"}]}<\/script>\n<!-- \/ Yoast SEO Premium plugin. -->","yoast_head_json":{"title":"Schlossfr\u00e4ulein am Bauernhof - SalzburgerLand Magazin","description":"Es waren einmal eine kleine Prinzessin und ein kleiner Prinz. Sie wohnten in einem gro\u00dfen, sch\u00f6nen Schloss. Das gefiel ihnen sehr gut. Weniger gut gefiel ihnen, dass sie immer tadellos gekleidet sein mussten: Anzug, Hemd und Krawatte, langes R\u00fcschenkleid und feine Schuhe &#8211; wie es sich eben f\u00fcr eine Prinzessin und einen Prinzen geh\u00f6rt. Dabei [&hellip;]","robots":{"index":"index","follow":"follow","max-snippet":"max-snippet:-1","max-image-preview":"max-image-preview:large","max-video-preview":"max-video-preview:-1"},"canonical":"https:\/\/www.salzburgerland.com\/de\/magazin\/schlossfraulein-am-bauernhof\/","og_locale":"de_DE","og_type":"article","og_title":"Schlossfr\u00e4ulein am Bauernhof","og_description":"Es waren einmal eine kleine Prinzessin und ein kleiner Prinz. Sie wohnten in einem gro\u00dfen, sch\u00f6nen Schloss. Das gefiel ihnen sehr gut. Weniger gut gefiel ihnen, dass sie immer tadellos gekleidet sein mussten: Anzug, Hemd und Krawatte, langes R\u00fcschenkleid und feine Schuhe &#8211; wie es sich eben f\u00fcr eine Prinzessin und einen Prinzen geh\u00f6rt. Dabei [&hellip;]","og_url":"https:\/\/www.salzburgerland.com\/de\/magazin\/schlossfraulein-am-bauernhof\/","og_site_name":"SalzburgerLand Magazin","article_publisher":"https:\/\/www.facebook.com\/salzburgerland\/","article_published_time":"2013-10-03T10:00:30+00:00","article_modified_time":"2019-06-26T18:20:41+00:00","og_image":[{"width":1200,"height":382,"url":"https:\/\/www.salzburgerland.com\/de\/magazin\/wp-content\/uploads\/2013\/10\/slide1.jpg","type":"image\/jpeg"}],"author":"Ulli Hammerl","twitter_card":"summary_large_image","twitter_creator":"@Salzburgerland","twitter_site":"@Salzburgerland","twitter_misc":{"Verfasst von":"Ulli Hammerl","Gesch\u00e4tzte Lesezeit":"3\u00a0Minuten"},"schema":{"@context":"https:\/\/schema.org","@graph":[{"@type":"Article","@id":"https:\/\/www.salzburgerland.com\/de\/magazin\/schlossfraulein-am-bauernhof\/#article","isPartOf":{"@id":"https:\/\/www.salzburgerland.com\/de\/magazin\/schlossfraulein-am-bauernhof\/"},"author":{"name":"Ulli Hammerl","@id":"https:\/\/www.salzburgerland.com\/de\/magazin\/#\/schema\/person\/a55a4fee1009b9e458d298480a18a9f7"},"headline":"Schlossfr\u00e4ulein am Bauernhof","datePublished":"2013-10-03T10:00:30+00:00","dateModified":"2019-06-26T18:20:41+00:00","mainEntityOfPage":{"@id":"https:\/\/www.salzburgerland.com\/de\/magazin\/schlossfraulein-am-bauernhof\/"},"wordCount":520,"commentCount":0,"publisher":{"@id":"https:\/\/www.salzburgerland.com\/de\/magazin\/#organization"},"image":{"@id":"https:\/\/www.salzburgerland.com\/de\/magazin\/schlossfraulein-am-bauernhof\/#primaryimage"},"thumbnailUrl":"https:\/\/www.salzburgerland.com\/de\/magazin\/wp-content\/uploads\/2013\/10\/slide1.jpg","keywords":["Family-Time im SalzburgerLand"],"articleSection":["Hotel &amp; Reise"],"inLanguage":"de","potentialAction":[{"@type":"CommentAction","name":"Comment","target":["https:\/\/www.salzburgerland.com\/de\/magazin\/schlossfraulein-am-bauernhof\/#respond"]}]},{"@type":"WebPage","@id":"https:\/\/www.salzburgerland.com\/de\/magazin\/schlossfraulein-am-bauernhof\/","url":"https:\/\/www.salzburgerland.com\/de\/magazin\/schlossfraulein-am-bauernhof\/","name":"Schlossfr\u00e4ulein am Bauernhof - SalzburgerLand Magazin","isPartOf":{"@id":"https:\/\/www.salzburgerland.com\/de\/magazin\/#website"},"primaryImageOfPage":{"@id":"https:\/\/www.salzburgerland.com\/de\/magazin\/schlossfraulein-am-bauernhof\/#primaryimage"},"image":{"@id":"https:\/\/www.salzburgerland.com\/de\/magazin\/schlossfraulein-am-bauernhof\/#primaryimage"},"thumbnailUrl":"https:\/\/www.salzburgerland.com\/de\/magazin\/wp-content\/uploads\/2013\/10\/slide1.jpg","datePublished":"2013-10-03T10:00:30+00:00","dateModified":"2019-06-26T18:20:41+00:00","breadcrumb":{"@id":"https:\/\/www.salzburgerland.com\/de\/magazin\/schlossfraulein-am-bauernhof\/#breadcrumb"},"inLanguage":"de","potentialAction":[{"@type":"ReadAction","target":["https:\/\/www.salzburgerland.com\/de\/magazin\/schlossfraulein-am-bauernhof\/"]}]},{"@type":"ImageObject","inLanguage":"de","@id":"https:\/\/www.salzburgerland.com\/de\/magazin\/schlossfraulein-am-bauernhof\/#primaryimage","url":"https:\/\/www.salzburgerland.com\/de\/magazin\/wp-content\/uploads\/2013\/10\/slide1.jpg","contentUrl":"https:\/\/www.salzburgerland.com\/de\/magazin\/wp-content\/uploads\/2013\/10\/slide1.jpg","width":1200,"height":382,"caption":"Panoramablick auf ein Schloss, eine Wiese mit St\u00fchlen, einen Brunnen und nahe gelegene H\u00e4user vor dem Hintergrund von Bergen und blauem Himmel."},{"@type":"BreadcrumbList","@id":"https:\/\/www.salzburgerland.com\/de\/magazin\/schlossfraulein-am-bauernhof\/#breadcrumb","itemListElement":[{"@type":"ListItem","position":1,"name":"Startseite","item":"https:\/\/www.salzburgerland.com\/de\/magazin\/"},{"@type":"ListItem","position":2,"name":"Hotel &amp; Reise","item":"https:\/\/www.salzburgerland.com\/de\/magazin\/thema\/hotel-reise\/"},{"@type":"ListItem","position":3,"name":"Schlossfr\u00e4ulein am Bauernhof"}]},{"@type":"WebSite","@id":"https:\/\/www.salzburgerland.com\/de\/magazin\/#website","url":"https:\/\/www.salzburgerland.com\/de\/magazin\/","name":"SalzburgerLand Magazin","description":"Geschichten und Interessantes aus dem SalzburgerLand","publisher":{"@id":"https:\/\/www.salzburgerland.com\/de\/magazin\/#organization"},"potentialAction":[{"@type":"SearchAction","target":{"@type":"EntryPoint","urlTemplate":"https:\/\/www.salzburgerland.com\/de\/magazin\/?s={search_term_string}"},"query-input":{"@type":"PropertyValueSpecification","valueRequired":true,"valueName":"search_term_string"}}],"inLanguage":"de"},{"@type":"Organization","@id":"https:\/\/www.salzburgerland.com\/de\/magazin\/#organization","name":"SalzburgerLand Tourismus","url":"https:\/\/www.salzburgerland.com\/de\/magazin\/","logo":{"@type":"ImageObject","inLanguage":"de","@id":"https:\/\/www.salzburgerland.com\/de\/magazin\/#\/schema\/logo\/image\/","url":"https:\/\/www.salzburgerland.com\/de\/magazin\/wp-content\/uploads\/2019\/06\/salzburgerland-logo1.jpg","contentUrl":"https:\/\/www.salzburgerland.com\/de\/magazin\/wp-content\/uploads\/2019\/06\/salzburgerland-logo1.jpg","width":2011,"height":866,"caption":"SalzburgerLand Tourismus"},"image":{"@id":"https:\/\/www.salzburgerland.com\/de\/magazin\/#\/schema\/logo\/image\/"},"sameAs":["https:\/\/www.facebook.com\/salzburgerland\/","https:\/\/x.com\/Salzburgerland","https:\/\/www.instagram.com\/salzburgerland\/","https:\/\/at.linkedin.com\/company\/salzburgerland-tourismus-gmbh","https:\/\/www.pinterest.at\/salzburgerland\/","https:\/\/www.youtube.com\/user\/salzburgerland","https:\/\/de.wikipedia.org\/wiki\/SalzburgerLand_Tourismus_GmbH"]},{"@type":"Person","@id":"https:\/\/www.salzburgerland.com\/de\/magazin\/#\/schema\/person\/a55a4fee1009b9e458d298480a18a9f7","name":"Ulli Hammerl","description":"Geboren und aufgewachsen in der Stadt Salzburg war Ulli Hammerl fr\u00fch bewusst, in einer der sch\u00f6nsten St\u00e4dte der Welt zu leben. So ist sie auch w\u00e4hrend ihres Studiums der Kommunikationswissenschaft und \u00d6kologie ihrer Heimatstadt treu geblieben. Gleich nach dem Studium ist sie zu SalzburgerLand Tourismus (SLTG) gegangen und hat hier von 1998 - 2004 u.a. die SalzburgerLand Card betreut. Dabei ist sie viel herumgekommen, wodurch auch die Liebe zum SalzburgerLand enstanden und gewachsen ist. Nach der Geburt ihrer Tochter im September 2004 hat sich Ulli Hammerl 2007 mit einer Agentur selbst\u00e4ndig gemacht. Mein pers\u00f6nlicher Logenplatz: Hoch \u00fcber Salzburg, abseits der stark begangenen Wege mit Blick auf die D\u00e4cher und Kircht\u00fcrme der Stadt \u2013 hier geht mir das Herz auf! Morgen- oder Abendmensch: Ganz klar: Morgenmensch. Wenn um 5.00 Uhr fr\u00fch die V\u00f6gel zwitschern und rund herum noch alles in tiefer Ruhe versinkt, dann ist meine Zeit. Ausgeschlafen, Energie geladen und voller Tatendrang starte ich am liebsten in den fr\u00fchen Morgenstunden in den Tag. Daf\u00fcr kann man nach 21.00 Uhr nicht mehr mit mir rechnen. Buch oder Film: Es gibt nichts Sch\u00f6neres, als es sich am Ende des Tages auf der Couch gem\u00fctlich zu machen und in die Gedankenwelt eines guten Buches einzutauchen \u2013 Lesen ist Abenteuer im Kopf. Wandern, Spazierengehen oder Laufen: alles drei und zwar am besten jeden Tag. Mit ein bisschen Zeiteinteilung geht es sich tats\u00e4chlich fast gehen Tag aus, drau\u00dfen unterwegs zu sein. Fr\u00fchling, Sommer, Herbst oder Winter: Ich kann es im Fr\u00fchling kaum erwarten, die ersten Gr\u00fcnschattierungen in der Natur zu entdecken. Ich liebe hei\u00dfe Sommertage am See und laue Sommerabende am Balkon. Ich mag es, wenn im Herbst die W\u00e4lder in einem Meer aus Farben erstrahlen, Laubrascheln und Kastanien sammeln. Und ich freue mich wie ein Kind, wenn im Dezember die ersten Schneeflocken vom Himmel schweben. Die vier Jahreszeiten sind etwas Wunderbares.","url":"https:\/\/www.salzburgerland.com\/de\/magazin\/author\/ulli-hammerl\/"}]}},"_wl_alt_label":[],"wl:entity_url":"http:\/\/open.salzburgerland.com\/magazin\/post\/schlossfraeulein_am_bauernhof","_links":{"self":[{"href":"https:\/\/www.salzburgerland.com\/de\/magazin\/wp-json\/wp\/v2\/posts\/64825","targetHints":{"allow":["GET"]}}],"collection":[{"href":"https:\/\/www.salzburgerland.com\/de\/magazin\/wp-json\/wp\/v2\/posts"}],"about":[{"href":"https:\/\/www.salzburgerland.com\/de\/magazin\/wp-json\/wp\/v2\/types\/post"}],"author":[{"embeddable":true,"href":"https:\/\/www.salzburgerland.com\/de\/magazin\/wp-json\/wp\/v2\/users\/90"}],"replies":[{"embeddable":true,"href":"https:\/\/www.salzburgerland.com\/de\/magazin\/wp-json\/wp\/v2\/comments?post=64825"}],"version-history":[{"count":0,"href":"https:\/\/www.salzburgerland.com\/de\/magazin\/wp-json\/wp\/v2\/posts\/64825\/revisions"}],"wp:featuredmedia":[{"embeddable":true,"href":"https:\/\/www.salzburgerland.com\/de\/magazin\/wp-json\/wp\/v2\/media\/64848"}],"wp:attachment":[{"href":"https:\/\/www.salzburgerland.com\/de\/magazin\/wp-json\/wp\/v2\/media?parent=64825"}],"wp:term":[{"taxonomy":"category","embeddable":true,"href":"https:\/\/www.salzburgerland.com\/de\/magazin\/wp-json\/wp\/v2\/categories?post=64825"},{"taxonomy":"post_tag","embeddable":true,"href":"https:\/\/www.salzburgerland.com\/de\/magazin\/wp-json\/wp\/v2\/tags?post=64825"},{"taxonomy":"wl_entity_type","embeddable":true,"href":"https:\/\/www.salzburgerland.com\/de\/magazin\/wp-json\/wp\/v2\/wl_entity_type?post=64825"},{"taxonomy":"monatsauswahl","embeddable":true,"href":"https:\/\/www.salzburgerland.com\/de\/magazin\/wp-json\/wp\/v2\/monatsauswahl?post=64825"}],"curies":[{"name":"wp","href":"https:\/\/api.w.org\/{rel}","templated":true}]}}