{"id":64678,"date":"2013-10-09T15:51:28","date_gmt":"2013-10-09T13:51:28","guid":{"rendered":"http:\/\/magazin.salzburgerland.com\/?p=64678"},"modified":"2020-06-15T11:37:41","modified_gmt":"2020-06-15T09:37:41","slug":"liachtbratl-montag-ein-feiertag-fur-handwerker","status":"publish","type":"post","link":"https:\/\/www.salzburgerland.com\/de\/magazin\/liachtbratl-montag-ein-feiertag-fur-handwerker\/","title":{"rendered":"&#8222;Liachtbratl-Montag&#8220;"},"content":{"rendered":"\n<h2 class=\"wp-block-slt-subtitle\">Ein Feiertag f\u00fcr Handwerker<\/h2>\n\n\n\n<p class=\"wp-block-slt-intro\">Am &#8222;Liachtbratlmontag&#8220; wurde das erste Mal nach dem Sommer in den Werkst\u00e4tten das Licht aufgedreht. Zur Feier lud der Meister seine Gesellen zum Bratlessen (Schweinsbraten) ein. Dieser alte Brauch wird in der Retteneggh\u00fctte in der Postalm seit alters her zelebriert.<\/p>\n\n\n\n<p>Der Weg zur Retteneggh\u00fctte im Postalmgebiet f\u00fchrt durch den Wald. Es duftet nach Pilzen, Moose \u00fcberziehen Steine und Wurzeln mit einem dicken gr\u00fcnen Teppich. Bald ist die Almwiese erreicht. H\u00fctten erscheinen von weitem im nebeligen Licht. Leise Musik ert\u00f6nt. &#8222;Von der hohen Oim, auf die Niedaoim&#8220;, singen und musizieren die Musikanten. Die Retteneggh\u00fctte am Fu\u00dfe des Braunedels (1894) taucht auf. Barbara und Leopold Gsenger, die Wirtsleute der alten H\u00fctte, und viele G\u00e4ste feiern &#8211; wie jedes Jahr an Michaeli gefeiert (29. September). Wenn das kein Montag ist &#8211;&nbsp; am darauffolgenden Montag. Laut Tradition ist das jener Tag, an dem erstmals im Herbst bei der Arbeit in der Werkstatt wieder k\u00fcnstliches Licht verwendet wird. Aus diesem Anlass l\u00e4dt der Meister in Handwerksbetrieben seine Gesellen auf ein Bratl (Schweinsbraten) ein. In Bad Ischl gilt der &#8222;Liachtbratl-Montag&#8220; als Feiertag. Einige Meister samt den Gesellen zelebrierten diesen Tag seit mehr als 50 Jahren auch in der Reggeneggh\u00fctte in der <a href=\"http:\/\/www.postalm.at\/\" target=\"_blank\" rel=\"noopener noreferrer\">Postalm.<\/a><\/p>\n\n\n\n<h2 class=\"wp-block-heading\"><strong>Nagei am Hut<\/strong><\/h2>\n\n\n\n<p>In der urigen, \u00fcber 300 Jahre alten H\u00fctte ist es warm. Die Musikanten &#8211; ein Ziehharmonika- und ein Gitarrenspieler &#8211; singen flotte Lieder. Spontan stehen einige Damen auf und tanzen miteinander. Die M\u00e4nner unterhalten sich. Ihre H\u00fcte zieren kleine Gestecke, die so genannten &#8222;Nagei&#8220;. &#8222;Am Liachtbratl-Montag ist es Brauch, dass G\u00e4ste, die H\u00fcte tragen, ein Nagei bekommen&#8220;, sagt Barbara Gsenger. Heutzutage gibt es das kleine Gesteck auch f\u00fcr Stammg\u00e4ste oder Freunde. Gsenger bindet es aus roten und wei\u00dfen Papierr\u00f6schen und silberbespr\u00fchten Alpenrosen- und Heidelbeerzweigen. Die G\u00e4ste freuen sich \u00fcber die kleinen &#8222;Nagei&#8220; und stecken sie gerne auf den Hut. Einige feiern auf mehreren H\u00fctten und nehmen von \u00fcberall ein &#8222;Nagei&#8220; mit.<br>Zelebriert wird der &#8222;Liachtbratl-Montag&#8220; normalerweise von Mittag bis Mitternacht. Manchmal plaudern, lachen und feiern die G\u00e4ste samt den Wirtsleuten auch l\u00e4nger.<\/p>\n\n\n<div class=\"mag-gallery\"><div class=\"row\"><div class=\"col-6 col-sm-4\"><figure><a class=\"thumb-container\" href=\"https:\/\/www.salzburgerland.com\/de\/magazin\/wp-content\/uploads\/2013\/10\/Liachtbratlmontag-2-1280x1024.jpg\">\t<picture><source media=\"(min-width: 576px)\" srcset=\"https:\/\/www.salzburgerland.com\/de\/magazin\/wp-content\/uploads\/2013\/10\/Liachtbratlmontag-2-325x209.jpg 325w, https:\/\/www.salzburgerland.com\/de\/magazin\/wp-content\/uploads\/2013\/10\/Liachtbratlmontag-2-249x160.jpg 249w\"><\/source><source media=\"(min-width: 0)\" srcset=\"https:\/\/www.salzburgerland.com\/de\/magazin\/wp-content\/uploads\/2013\/10\/Liachtbratlmontag-2-249x160.jpg 249w, https:\/\/www.salzburgerland.com\/de\/magazin\/wp-content\/uploads\/2013\/10\/Liachtbratlmontag-2-325x209.jpg 325w\"><\/source><img decoding=\"async\" alt=\"Drei gelbe Wegweiser an einem nebligen Berghang, mit deutschem Text und eingeschr&auml;nkter Sicht.\" src=\"https:\/\/www.salzburgerland.com\/de\/magazin\/wp-content\/uploads\/2013\/10\/Liachtbratlmontag-2.jpg\">\t<\/picture><\/a><\/figure><\/div><div class=\"col-6 col-sm-4\"><figure><a class=\"thumb-container\" href=\"https:\/\/www.salzburgerland.com\/de\/magazin\/wp-content\/uploads\/2013\/10\/Liachtbratlmontag-1-1280x1024.jpg\">\t<picture><source media=\"(min-width: 576px)\" srcset=\"https:\/\/www.salzburgerland.com\/de\/magazin\/wp-content\/uploads\/2013\/10\/Liachtbratlmontag-1-325x209.jpg 325w, https:\/\/www.salzburgerland.com\/de\/magazin\/wp-content\/uploads\/2013\/10\/Liachtbratlmontag-1-249x160.jpg 249w\"><\/source><source media=\"(min-width: 0)\" srcset=\"https:\/\/www.salzburgerland.com\/de\/magazin\/wp-content\/uploads\/2013\/10\/Liachtbratlmontag-1-249x160.jpg 249w, https:\/\/www.salzburgerland.com\/de\/magazin\/wp-content\/uploads\/2013\/10\/Liachtbratlmontag-1-325x209.jpg 325w\"><\/source><img decoding=\"async\" alt=\"Zwei rot-wei&szlig; gefleckte Pilze wachsen zwischen Gras und Tannenzapfen auf einem Waldboden.\" src=\"https:\/\/www.salzburgerland.com\/de\/magazin\/wp-content\/uploads\/2013\/10\/Liachtbratlmontag-1.jpg\">\t<\/picture><\/a><\/figure><\/div><div class=\"col-6 col-sm-4\"><figure><a class=\"thumb-container\" href=\"https:\/\/www.salzburgerland.com\/de\/magazin\/wp-content\/uploads\/2013\/10\/Liachtbratlmontag-3-1280x1024.jpg\">\t<picture><source media=\"(min-width: 576px)\" srcset=\"https:\/\/www.salzburgerland.com\/de\/magazin\/wp-content\/uploads\/2013\/10\/Liachtbratlmontag-3-325x209.jpg 325w, https:\/\/www.salzburgerland.com\/de\/magazin\/wp-content\/uploads\/2013\/10\/Liachtbratlmontag-3-249x160.jpg 249w\"><\/source><source media=\"(min-width: 0)\" srcset=\"https:\/\/www.salzburgerland.com\/de\/magazin\/wp-content\/uploads\/2013\/10\/Liachtbratlmontag-3-249x160.jpg 249w, https:\/\/www.salzburgerland.com\/de\/magazin\/wp-content\/uploads\/2013\/10\/Liachtbratlmontag-3-325x209.jpg 325w\"><\/source><img decoding=\"async\" alt=\"Kleine Holzh&uuml;tten und verstreute B&auml;ume an einem nebligen, gr&uuml;nen Berghang.\" src=\"https:\/\/www.salzburgerland.com\/de\/magazin\/wp-content\/uploads\/2013\/10\/Liachtbratlmontag-3.jpg\">\t<\/picture><\/a><\/figure><\/div><div class=\"col-6 col-sm-4\"><figure><a class=\"thumb-container\" href=\"https:\/\/www.salzburgerland.com\/de\/magazin\/wp-content\/uploads\/2013\/10\/Liachtbratlmontag-13-1280x1024.jpg\">\t<picture><source media=\"(min-width: 576px)\" srcset=\"https:\/\/www.salzburgerland.com\/de\/magazin\/wp-content\/uploads\/2013\/10\/Liachtbratlmontag-13-325x209.jpg 325w, https:\/\/www.salzburgerland.com\/de\/magazin\/wp-content\/uploads\/2013\/10\/Liachtbratlmontag-13-249x160.jpg 249w\"><\/source><source media=\"(min-width: 0)\" srcset=\"https:\/\/www.salzburgerland.com\/de\/magazin\/wp-content\/uploads\/2013\/10\/Liachtbratlmontag-13-249x160.jpg 249w, https:\/\/www.salzburgerland.com\/de\/magazin\/wp-content\/uploads\/2013\/10\/Liachtbratlmontag-13-325x209.jpg 325w\"><\/source><img decoding=\"async\" alt=\"H&ouml;lzerne Bergh&uuml;tte mit Sitzgelegenheiten im Freien, Menschen, die sich unterhalten, und nebligem Wetter im Hintergrund.\" src=\"https:\/\/www.salzburgerland.com\/de\/magazin\/wp-content\/uploads\/2013\/10\/Liachtbratlmontag-13.jpg\">\t<\/picture><\/a><\/figure><\/div><div class=\"col-6 col-sm-4\"><figure><a class=\"thumb-container\" href=\"https:\/\/www.salzburgerland.com\/de\/magazin\/wp-content\/uploads\/2013\/10\/Liachtbratlmontag-12-1280x1024.jpg\">\t<picture><source media=\"(min-width: 576px)\" srcset=\"https:\/\/www.salzburgerland.com\/de\/magazin\/wp-content\/uploads\/2013\/10\/Liachtbratlmontag-12-325x209.jpg 325w, https:\/\/www.salzburgerland.com\/de\/magazin\/wp-content\/uploads\/2013\/10\/Liachtbratlmontag-12-249x160.jpg 249w\"><\/source><source media=\"(min-width: 0)\" srcset=\"https:\/\/www.salzburgerland.com\/de\/magazin\/wp-content\/uploads\/2013\/10\/Liachtbratlmontag-12-249x160.jpg 249w, https:\/\/www.salzburgerland.com\/de\/magazin\/wp-content\/uploads\/2013\/10\/Liachtbratlmontag-12-325x209.jpg 325w\"><\/source><img decoding=\"async\" alt=\"In einem rustikalen Holzunterstand stehen ein Spielzeugschaf und eine Spielzeugkutsche aus Holz im Gras.\" src=\"https:\/\/www.salzburgerland.com\/de\/magazin\/wp-content\/uploads\/2013\/10\/Liachtbratlmontag-12.jpg\">\t<\/picture><\/a><\/figure><\/div><div class=\"col-6 col-sm-4\"><figure><a class=\"thumb-container\" href=\"https:\/\/www.salzburgerland.com\/de\/magazin\/wp-content\/uploads\/2013\/10\/Liachtbratlmontag-10-1280x1024.jpg\">\t<picture><source media=\"(min-width: 576px)\" srcset=\"https:\/\/www.salzburgerland.com\/de\/magazin\/wp-content\/uploads\/2013\/10\/Liachtbratlmontag-10-325x209.jpg 325w, https:\/\/www.salzburgerland.com\/de\/magazin\/wp-content\/uploads\/2013\/10\/Liachtbratlmontag-10-249x160.jpg 249w\"><\/source><source media=\"(min-width: 0)\" srcset=\"https:\/\/www.salzburgerland.com\/de\/magazin\/wp-content\/uploads\/2013\/10\/Liachtbratlmontag-10-249x160.jpg 249w, https:\/\/www.salzburgerland.com\/de\/magazin\/wp-content\/uploads\/2013\/10\/Liachtbratlmontag-10-325x209.jpg 325w\"><\/source><img decoding=\"async\" alt=\"Drei Personen in traditioneller &ouml;sterreichischer Kleidung genie&szlig;en Speisen und Getr&auml;nke an einem Tisch, mit lila Blumen im Hintergrund.\" src=\"https:\/\/www.salzburgerland.com\/de\/magazin\/wp-content\/uploads\/2013\/10\/Liachtbratlmontag-10.jpg\">\t<\/picture><\/a><\/figure><\/div><div class=\"col-6 col-sm-4\"><figure><a class=\"thumb-container\" href=\"https:\/\/www.salzburgerland.com\/de\/magazin\/wp-content\/uploads\/2013\/10\/Liachtbratlmontag-11-1280x1024.jpg\">\t<picture><source media=\"(min-width: 576px)\" srcset=\"https:\/\/www.salzburgerland.com\/de\/magazin\/wp-content\/uploads\/2013\/10\/Liachtbratlmontag-11-325x209.jpg 325w, https:\/\/www.salzburgerland.com\/de\/magazin\/wp-content\/uploads\/2013\/10\/Liachtbratlmontag-11-249x160.jpg 249w\"><\/source><source media=\"(min-width: 0)\" srcset=\"https:\/\/www.salzburgerland.com\/de\/magazin\/wp-content\/uploads\/2013\/10\/Liachtbratlmontag-11-249x160.jpg 249w, https:\/\/www.salzburgerland.com\/de\/magazin\/wp-content\/uploads\/2013\/10\/Liachtbratlmontag-11-325x209.jpg 325w\"><\/source><img decoding=\"async\" alt=\"Schwarzer Filzhut mit Ziergegenst&auml;nden und gr&uuml;nem Band neben einer Topfpflanze auf einem Holztisch.\" src=\"https:\/\/www.salzburgerland.com\/de\/magazin\/wp-content\/uploads\/2013\/10\/Liachtbratlmontag-11.jpg\">\t<\/picture><\/a><\/figure><\/div><div class=\"col-6 col-sm-4\"><figure><a class=\"thumb-container\" href=\"https:\/\/www.salzburgerland.com\/de\/magazin\/wp-content\/uploads\/2013\/10\/Liachtbratlmontag-4-1280x1024.jpg\">\t<picture><source media=\"(min-width: 576px)\" srcset=\"https:\/\/www.salzburgerland.com\/de\/magazin\/wp-content\/uploads\/2013\/10\/Liachtbratlmontag-4-325x209.jpg 325w, https:\/\/www.salzburgerland.com\/de\/magazin\/wp-content\/uploads\/2013\/10\/Liachtbratlmontag-4-249x160.jpg 249w\"><\/source><source media=\"(min-width: 0)\" srcset=\"https:\/\/www.salzburgerland.com\/de\/magazin\/wp-content\/uploads\/2013\/10\/Liachtbratlmontag-4-249x160.jpg 249w, https:\/\/www.salzburgerland.com\/de\/magazin\/wp-content\/uploads\/2013\/10\/Liachtbratlmontag-4-325x209.jpg 325w\"><\/source><img decoding=\"async\" alt=\"Eine Gruppe von Menschen sitzt an einem Holztisch, unterh&auml;lt sich und tr&auml;gt warme Kleidung, einige mit traditionellen H&uuml;ten.\" src=\"https:\/\/www.salzburgerland.com\/de\/magazin\/wp-content\/uploads\/2013\/10\/Liachtbratlmontag-4.jpg\">\t<\/picture><\/a><\/figure><\/div><div class=\"col-6 col-sm-4\"><figure><a class=\"thumb-container\" href=\"https:\/\/www.salzburgerland.com\/de\/magazin\/wp-content\/uploads\/2013\/10\/Liachtbratlmontag8-1280x1024.jpg\">\t<picture><source media=\"(min-width: 576px)\" srcset=\"https:\/\/www.salzburgerland.com\/de\/magazin\/wp-content\/uploads\/2013\/10\/Liachtbratlmontag8-325x209.jpg 325w, https:\/\/www.salzburgerland.com\/de\/magazin\/wp-content\/uploads\/2013\/10\/Liachtbratlmontag8-249x160.jpg 249w\"><\/source><source media=\"(min-width: 0)\" srcset=\"https:\/\/www.salzburgerland.com\/de\/magazin\/wp-content\/uploads\/2013\/10\/Liachtbratlmontag8-249x160.jpg 249w, https:\/\/www.salzburgerland.com\/de\/magazin\/wp-content\/uploads\/2013\/10\/Liachtbratlmontag8-325x209.jpg 325w\"><\/source><img decoding=\"async\" alt=\"L&auml;chelnder &auml;lterer Mann, der einen mit Blumen und Schn&uuml;ren verzierten schwarzen Hut tr&auml;gt und in einem Haus sitzt.\" src=\"https:\/\/www.salzburgerland.com\/de\/magazin\/wp-content\/uploads\/2013\/10\/Liachtbratlmontag8.jpg\">\t<\/picture><\/a><\/figure><\/div><div class=\"col-6 col-sm-4\"><figure><a class=\"thumb-container\" href=\"https:\/\/www.salzburgerland.com\/de\/magazin\/wp-content\/uploads\/2013\/10\/Liachtbratlmontag-5-1280x1024.jpg\">\t<picture><source media=\"(min-width: 576px)\" srcset=\"https:\/\/www.salzburgerland.com\/de\/magazin\/wp-content\/uploads\/2013\/10\/Liachtbratlmontag-5-325x209.jpg 325w, https:\/\/www.salzburgerland.com\/de\/magazin\/wp-content\/uploads\/2013\/10\/Liachtbratlmontag-5-249x160.jpg 249w\"><\/source><source media=\"(min-width: 0)\" srcset=\"https:\/\/www.salzburgerland.com\/de\/magazin\/wp-content\/uploads\/2013\/10\/Liachtbratlmontag-5-249x160.jpg 249w, https:\/\/www.salzburgerland.com\/de\/magazin\/wp-content\/uploads\/2013\/10\/Liachtbratlmontag-5-325x209.jpg 325w\"><\/source><img decoding=\"async\" alt=\"Ein Mann in einem blauen Hemd spielt l&auml;chelnd ein Akkordeon in einem Innenraum, w&auml;hrend im Hintergrund Menschen sitzen.\" src=\"https:\/\/www.salzburgerland.com\/de\/magazin\/wp-content\/uploads\/2013\/10\/Liachtbratlmontag-5.jpg\">\t<\/picture><\/a><\/figure><\/div><div class=\"col-6 col-sm-4\"><figure><a class=\"thumb-container\" href=\"https:\/\/www.salzburgerland.com\/de\/magazin\/wp-content\/uploads\/2013\/10\/Liachtbratlmontag7-1280x1024.jpg\">\t<picture><source media=\"(min-width: 576px)\" srcset=\"https:\/\/www.salzburgerland.com\/de\/magazin\/wp-content\/uploads\/2013\/10\/Liachtbratlmontag7-325x209.jpg 325w, https:\/\/www.salzburgerland.com\/de\/magazin\/wp-content\/uploads\/2013\/10\/Liachtbratlmontag7-249x160.jpg 249w\"><\/source><source media=\"(min-width: 0)\" srcset=\"https:\/\/www.salzburgerland.com\/de\/magazin\/wp-content\/uploads\/2013\/10\/Liachtbratlmontag7-249x160.jpg 249w, https:\/\/www.salzburgerland.com\/de\/magazin\/wp-content\/uploads\/2013\/10\/Liachtbratlmontag7-325x209.jpg 325w\"><\/source><img decoding=\"async\" alt=\"Ein Mann mit kariertem Hemd und Weste spielt drinnen in der N&auml;he einer Holzwand auf einer akustischen Gitarre.\" src=\"https:\/\/www.salzburgerland.com\/de\/magazin\/wp-content\/uploads\/2013\/10\/Liachtbratlmontag7.jpg\">\t<\/picture><\/a><\/figure><\/div><div class=\"col-6 col-sm-4\"><figure><a class=\"thumb-container\" href=\"https:\/\/www.salzburgerland.com\/de\/magazin\/wp-content\/uploads\/2013\/10\/Liachtbratlmontag-6-1280x1024.jpg\">\t<picture><source media=\"(min-width: 576px)\" srcset=\"https:\/\/www.salzburgerland.com\/de\/magazin\/wp-content\/uploads\/2013\/10\/Liachtbratlmontag-6-325x209.jpg 325w, https:\/\/www.salzburgerland.com\/de\/magazin\/wp-content\/uploads\/2013\/10\/Liachtbratlmontag-6-249x160.jpg 249w\"><\/source><source media=\"(min-width: 0)\" srcset=\"https:\/\/www.salzburgerland.com\/de\/magazin\/wp-content\/uploads\/2013\/10\/Liachtbratlmontag-6-249x160.jpg 249w, https:\/\/www.salzburgerland.com\/de\/magazin\/wp-content\/uploads\/2013\/10\/Liachtbratlmontag-6-325x209.jpg 325w\"><\/source><img decoding=\"async\" alt=\"Zwei Paare tanzen, w&auml;hrend zwei Musiker in einem schwach beleuchteten, rustikalen Raum Gitarre und Akkordeon spielen.\" src=\"https:\/\/www.salzburgerland.com\/de\/magazin\/wp-content\/uploads\/2013\/10\/Liachtbratlmontag-6.jpg\">\t<\/picture><\/a><\/figure><\/div><\/div><figcaption><\/figcaption><\/div>\n","protected":false},"excerpt":{"rendered":"<p>Der Weg zur Retteneggh\u00fctte im Postalmgebiet f\u00fchrt durch den Wald. Es duftet nach Pilzen, Moose \u00fcberziehen Steine und Wurzeln mit einem dicken gr\u00fcnen Teppich. Bald ist die Almwiese erreicht. H\u00fctten erscheinen von weitem im nebeligen Licht. Leise Musik ert\u00f6nt. &#8222;Von der hohen Oim, auf die Niedaoim&#8220;, singen und musizieren die Musikanten. Die Retteneggh\u00fctte am Fu\u00dfe [&hellip;]<\/p>\n","protected":false},"author":236,"featured_media":64687,"comment_status":"open","ping_status":"open","sticky":false,"template":"","format":"standard","meta":{"_acf_changed":false,"wl_entities_gutenberg":"","_wl_entity_redirect_enabled":"","footnotes":""},"categories":[3],"tags":[],"wl_entity_type":[306],"monatsauswahl":[90,91],"class_list":["post-64678","post","type-post","status-publish","format-standard","has-post-thumbnail","hentry","category-essen-trinken","wl_entity_type-article","monatsauswahl-monat_9","monatsauswahl-monat_10"],"acf":[],"yoast_head":"<!-- This site is optimized with the Yoast SEO Premium plugin v27.4 (Yoast SEO v27.4) - https:\/\/yoast.com\/product\/yoast-seo-premium-wordpress\/ -->\n<title>&quot;Liachtbratl-Montag&quot; - SalzburgerLand Magazin<\/title>\n<meta name=\"description\" content=\"Am &quot;Liachtbratlmontag&quot; wurde das erste Mal nach dem Sommer in den Werkst\u00e4tten das Licht aufgedreht. Zur Feier lud der Meister seine Gesellen zum Bratlessen (Schweinsbraten) ein. Dieser alte Brauch wird in der Retteneggh\u00fctte in der Postalm seit alters her zelebriert.\" \/>\n<meta name=\"robots\" content=\"index, follow, max-snippet:-1, max-image-preview:large, max-video-preview:-1\" \/>\n<link rel=\"canonical\" href=\"https:\/\/www.salzburgerland.com\/de\/magazin\/liachtbratl-montag-ein-feiertag-fur-handwerker\/\" \/>\n<meta property=\"og:locale\" content=\"de_DE\" \/>\n<meta property=\"og:type\" content=\"article\" \/>\n<meta property=\"og:title\" content=\"&quot;Liachtbratl-Montag&quot;\" \/>\n<meta property=\"og:description\" content=\"Der Weg zur Retteneggh\u00fctte im Postalmgebiet f\u00fchrt durch den Wald. Es duftet nach Pilzen, Moose \u00fcberziehen Steine und Wurzeln mit einem dicken gr\u00fcnen Teppich. Bald ist die Almwiese erreicht. H\u00fctten erscheinen von weitem im nebeligen Licht. Leise Musik ert\u00f6nt. &#8222;Von der hohen Oim, auf die Niedaoim&#8220;, singen und musizieren die Musikanten. Die Retteneggh\u00fctte am Fu\u00dfe [&hellip;]\" \/>\n<meta property=\"og:url\" content=\"https:\/\/www.salzburgerland.com\/de\/magazin\/liachtbratl-montag-ein-feiertag-fur-handwerker\/\" \/>\n<meta property=\"og:site_name\" content=\"SalzburgerLand Magazin\" \/>\n<meta property=\"article:publisher\" content=\"https:\/\/www.facebook.com\/salzburgerland\/\" \/>\n<meta property=\"article:published_time\" content=\"2013-10-09T13:51:28+00:00\" \/>\n<meta property=\"article:modified_time\" content=\"2020-06-15T09:37:41+00:00\" \/>\n<meta property=\"og:image\" content=\"https:\/\/www.salzburgerland.com\/de\/magazin\/wp-content\/uploads\/2013\/10\/Liachtbratlmontag-10.jpg\" \/>\n\t<meta property=\"og:image:width\" content=\"1928\" \/>\n\t<meta property=\"og:image:height\" content=\"1277\" \/>\n\t<meta property=\"og:image:type\" content=\"image\/jpeg\" \/>\n<meta name=\"author\" content=\"Christine Fr\u00f6schl\" \/>\n<meta name=\"twitter:card\" content=\"summary_large_image\" \/>\n<meta name=\"twitter:creator\" content=\"@Salzburgerland\" \/>\n<meta name=\"twitter:site\" content=\"@Salzburgerland\" \/>\n<meta name=\"twitter:label1\" content=\"Verfasst von\" \/>\n\t<meta name=\"twitter:data1\" content=\"Christine Fr\u00f6schl\" \/>\n\t<meta name=\"twitter:label2\" content=\"Gesch\u00e4tzte Lesezeit\" \/>\n\t<meta name=\"twitter:data2\" content=\"2\u00a0Minuten\" \/>\n<script type=\"application\/ld+json\" class=\"yoast-schema-graph\">{\"@context\":\"https:\\\/\\\/schema.org\",\"@graph\":[{\"@type\":\"Article\",\"@id\":\"https:\\\/\\\/www.salzburgerland.com\\\/de\\\/magazin\\\/liachtbratl-montag-ein-feiertag-fur-handwerker\\\/#article\",\"isPartOf\":{\"@id\":\"https:\\\/\\\/www.salzburgerland.com\\\/de\\\/magazin\\\/liachtbratl-montag-ein-feiertag-fur-handwerker\\\/\"},\"author\":{\"name\":\"Christine Fr\u00f6schl\",\"@id\":\"https:\\\/\\\/www.salzburgerland.com\\\/de\\\/magazin\\\/#\\\/schema\\\/person\\\/7932db74f19d9640620859cb2b794c4e\"},\"headline\":\"&#8222;Liachtbratl-Montag&#8220;\",\"datePublished\":\"2013-10-09T13:51:28+00:00\",\"dateModified\":\"2020-06-15T09:37:41+00:00\",\"mainEntityOfPage\":{\"@id\":\"https:\\\/\\\/www.salzburgerland.com\\\/de\\\/magazin\\\/liachtbratl-montag-ein-feiertag-fur-handwerker\\\/\"},\"wordCount\":362,\"commentCount\":0,\"publisher\":{\"@id\":\"https:\\\/\\\/www.salzburgerland.com\\\/de\\\/magazin\\\/#organization\"},\"image\":{\"@id\":\"https:\\\/\\\/www.salzburgerland.com\\\/de\\\/magazin\\\/liachtbratl-montag-ein-feiertag-fur-handwerker\\\/#primaryimage\"},\"thumbnailUrl\":\"https:\\\/\\\/www.salzburgerland.com\\\/de\\\/magazin\\\/wp-content\\\/uploads\\\/2013\\\/10\\\/Liachtbratlmontag-10.jpg\",\"articleSection\":[\"Essen &amp; Trinken\"],\"inLanguage\":\"de\",\"potentialAction\":[{\"@type\":\"CommentAction\",\"name\":\"Comment\",\"target\":[\"https:\\\/\\\/www.salzburgerland.com\\\/de\\\/magazin\\\/liachtbratl-montag-ein-feiertag-fur-handwerker\\\/#respond\"]}]},{\"@type\":\"WebPage\",\"@id\":\"https:\\\/\\\/www.salzburgerland.com\\\/de\\\/magazin\\\/liachtbratl-montag-ein-feiertag-fur-handwerker\\\/\",\"url\":\"https:\\\/\\\/www.salzburgerland.com\\\/de\\\/magazin\\\/liachtbratl-montag-ein-feiertag-fur-handwerker\\\/\",\"name\":\"\\\"Liachtbratl-Montag\\\" - SalzburgerLand Magazin\",\"isPartOf\":{\"@id\":\"https:\\\/\\\/www.salzburgerland.com\\\/de\\\/magazin\\\/#website\"},\"primaryImageOfPage\":{\"@id\":\"https:\\\/\\\/www.salzburgerland.com\\\/de\\\/magazin\\\/liachtbratl-montag-ein-feiertag-fur-handwerker\\\/#primaryimage\"},\"image\":{\"@id\":\"https:\\\/\\\/www.salzburgerland.com\\\/de\\\/magazin\\\/liachtbratl-montag-ein-feiertag-fur-handwerker\\\/#primaryimage\"},\"thumbnailUrl\":\"https:\\\/\\\/www.salzburgerland.com\\\/de\\\/magazin\\\/wp-content\\\/uploads\\\/2013\\\/10\\\/Liachtbratlmontag-10.jpg\",\"datePublished\":\"2013-10-09T13:51:28+00:00\",\"dateModified\":\"2020-06-15T09:37:41+00:00\",\"breadcrumb\":{\"@id\":\"https:\\\/\\\/www.salzburgerland.com\\\/de\\\/magazin\\\/liachtbratl-montag-ein-feiertag-fur-handwerker\\\/#breadcrumb\"},\"inLanguage\":\"de\",\"potentialAction\":[{\"@type\":\"ReadAction\",\"target\":[\"https:\\\/\\\/www.salzburgerland.com\\\/de\\\/magazin\\\/liachtbratl-montag-ein-feiertag-fur-handwerker\\\/\"]}]},{\"@type\":\"ImageObject\",\"inLanguage\":\"de\",\"@id\":\"https:\\\/\\\/www.salzburgerland.com\\\/de\\\/magazin\\\/liachtbratl-montag-ein-feiertag-fur-handwerker\\\/#primaryimage\",\"url\":\"https:\\\/\\\/www.salzburgerland.com\\\/de\\\/magazin\\\/wp-content\\\/uploads\\\/2013\\\/10\\\/Liachtbratlmontag-10.jpg\",\"contentUrl\":\"https:\\\/\\\/www.salzburgerland.com\\\/de\\\/magazin\\\/wp-content\\\/uploads\\\/2013\\\/10\\\/Liachtbratlmontag-10.jpg\",\"width\":1928,\"height\":1277,\"caption\":\"Almjause\"},{\"@type\":\"BreadcrumbList\",\"@id\":\"https:\\\/\\\/www.salzburgerland.com\\\/de\\\/magazin\\\/liachtbratl-montag-ein-feiertag-fur-handwerker\\\/#breadcrumb\",\"itemListElement\":[{\"@type\":\"ListItem\",\"position\":1,\"name\":\"Startseite\",\"item\":\"https:\\\/\\\/www.salzburgerland.com\\\/de\\\/magazin\\\/\"},{\"@type\":\"ListItem\",\"position\":2,\"name\":\"Essen &amp; Trinken\",\"item\":\"https:\\\/\\\/www.salzburgerland.com\\\/de\\\/magazin\\\/thema\\\/essen-trinken\\\/\"},{\"@type\":\"ListItem\",\"position\":3,\"name\":\"&#8222;Liachtbratl-Montag&#8220;\"}]},{\"@type\":\"WebSite\",\"@id\":\"https:\\\/\\\/www.salzburgerland.com\\\/de\\\/magazin\\\/#website\",\"url\":\"https:\\\/\\\/www.salzburgerland.com\\\/de\\\/magazin\\\/\",\"name\":\"SalzburgerLand Magazin\",\"description\":\"Geschichten und Interessantes aus dem SalzburgerLand\",\"publisher\":{\"@id\":\"https:\\\/\\\/www.salzburgerland.com\\\/de\\\/magazin\\\/#organization\"},\"potentialAction\":[{\"@type\":\"SearchAction\",\"target\":{\"@type\":\"EntryPoint\",\"urlTemplate\":\"https:\\\/\\\/www.salzburgerland.com\\\/de\\\/magazin\\\/?s={search_term_string}\"},\"query-input\":{\"@type\":\"PropertyValueSpecification\",\"valueRequired\":true,\"valueName\":\"search_term_string\"}}],\"inLanguage\":\"de\"},{\"@type\":\"Organization\",\"@id\":\"https:\\\/\\\/www.salzburgerland.com\\\/de\\\/magazin\\\/#organization\",\"name\":\"SalzburgerLand Tourismus\",\"url\":\"https:\\\/\\\/www.salzburgerland.com\\\/de\\\/magazin\\\/\",\"logo\":{\"@type\":\"ImageObject\",\"inLanguage\":\"de\",\"@id\":\"https:\\\/\\\/www.salzburgerland.com\\\/de\\\/magazin\\\/#\\\/schema\\\/logo\\\/image\\\/\",\"url\":\"https:\\\/\\\/www.salzburgerland.com\\\/de\\\/magazin\\\/wp-content\\\/uploads\\\/2019\\\/06\\\/salzburgerland-logo1.jpg\",\"contentUrl\":\"https:\\\/\\\/www.salzburgerland.com\\\/de\\\/magazin\\\/wp-content\\\/uploads\\\/2019\\\/06\\\/salzburgerland-logo1.jpg\",\"width\":2011,\"height\":866,\"caption\":\"SalzburgerLand Tourismus\"},\"image\":{\"@id\":\"https:\\\/\\\/www.salzburgerland.com\\\/de\\\/magazin\\\/#\\\/schema\\\/logo\\\/image\\\/\"},\"sameAs\":[\"https:\\\/\\\/www.facebook.com\\\/salzburgerland\\\/\",\"https:\\\/\\\/x.com\\\/Salzburgerland\",\"https:\\\/\\\/www.instagram.com\\\/salzburgerland\\\/\",\"https:\\\/\\\/at.linkedin.com\\\/company\\\/salzburgerland-tourismus-gmbh\",\"https:\\\/\\\/www.pinterest.at\\\/salzburgerland\\\/\",\"https:\\\/\\\/www.youtube.com\\\/user\\\/salzburgerland\",\"https:\\\/\\\/de.wikipedia.org\\\/wiki\\\/SalzburgerLand_Tourismus_GmbH\"]},{\"@type\":\"Person\",\"@id\":\"https:\\\/\\\/www.salzburgerland.com\\\/de\\\/magazin\\\/#\\\/schema\\\/person\\\/7932db74f19d9640620859cb2b794c4e\",\"name\":\"Christine Fr\u00f6schl\",\"description\":\"Dein pers\u00f6nlicher Logenplatz im SalzburgerLand? Am liebsten gehe ich auf den Einberg im Salzburger Tennengau. Der Berg in der Osterhorn-Gruppe gl\u00e4nzt das ganze Jahr im Sonnenschein, auf dem Gipfel heben Paragleiter ab und die Aussicht auf das Tennengebirge, den Dachstein und die Bischofsm\u00fctze ist traumhaft. Dosige(r) oder Zuagroast? Zuagroast aus dem sch\u00f6nen Nieder\u00f6sterreich. Fr\u00fchling, Sommer, Herbst oder Winter? Alle Jahreszeiten begeistern mich. Momentan freue ich mich auf den Fr\u00fchling, das Zwitschern der V\u00f6gel und auf die sattgr\u00fcnen Wiesen. Salzburger Nockerl oder Schwarzbeernocken? Eindeutig Schwarzbeernocken. Rindsroulade vom Pinzgauer Biorind oder Saibling fangfrisch aus dem Fuschlsee? Mhhhh. Da kann ich mich nicht entscheiden. Bergtour oder Seentour? Mich zieht es auf jeden Fall hinauf. Begeistert bin ich auch von tiefblauen Bergseen in denen sich die Umgebung spiegelt und von der Aussicht w\u00e4hrend des Weges auf einen der wundersch\u00f6nen Seen im Salzburger Land.\",\"url\":\"https:\\\/\\\/www.salzburgerland.com\\\/de\\\/magazin\\\/author\\\/christine-froeschl\\\/\"}]}<\/script>\n<!-- \/ Yoast SEO Premium plugin. -->","yoast_head_json":{"title":"\"Liachtbratl-Montag\" - SalzburgerLand Magazin","description":"Am \"Liachtbratlmontag\" wurde das erste Mal nach dem Sommer in den Werkst\u00e4tten das Licht aufgedreht. Zur Feier lud der Meister seine Gesellen zum Bratlessen (Schweinsbraten) ein. Dieser alte Brauch wird in der Retteneggh\u00fctte in der Postalm seit alters her zelebriert.","robots":{"index":"index","follow":"follow","max-snippet":"max-snippet:-1","max-image-preview":"max-image-preview:large","max-video-preview":"max-video-preview:-1"},"canonical":"https:\/\/www.salzburgerland.com\/de\/magazin\/liachtbratl-montag-ein-feiertag-fur-handwerker\/","og_locale":"de_DE","og_type":"article","og_title":"\"Liachtbratl-Montag\"","og_description":"Der Weg zur Retteneggh\u00fctte im Postalmgebiet f\u00fchrt durch den Wald. Es duftet nach Pilzen, Moose \u00fcberziehen Steine und Wurzeln mit einem dicken gr\u00fcnen Teppich. Bald ist die Almwiese erreicht. H\u00fctten erscheinen von weitem im nebeligen Licht. Leise Musik ert\u00f6nt. &#8222;Von der hohen Oim, auf die Niedaoim&#8220;, singen und musizieren die Musikanten. Die Retteneggh\u00fctte am Fu\u00dfe [&hellip;]","og_url":"https:\/\/www.salzburgerland.com\/de\/magazin\/liachtbratl-montag-ein-feiertag-fur-handwerker\/","og_site_name":"SalzburgerLand Magazin","article_publisher":"https:\/\/www.facebook.com\/salzburgerland\/","article_published_time":"2013-10-09T13:51:28+00:00","article_modified_time":"2020-06-15T09:37:41+00:00","og_image":[{"width":1928,"height":1277,"url":"https:\/\/www.salzburgerland.com\/de\/magazin\/wp-content\/uploads\/2013\/10\/Liachtbratlmontag-10.jpg","type":"image\/jpeg"}],"author":"Christine Fr\u00f6schl","twitter_card":"summary_large_image","twitter_creator":"@Salzburgerland","twitter_site":"@Salzburgerland","twitter_misc":{"Verfasst von":"Christine Fr\u00f6schl","Gesch\u00e4tzte Lesezeit":"2\u00a0Minuten"},"schema":{"@context":"https:\/\/schema.org","@graph":[{"@type":"Article","@id":"https:\/\/www.salzburgerland.com\/de\/magazin\/liachtbratl-montag-ein-feiertag-fur-handwerker\/#article","isPartOf":{"@id":"https:\/\/www.salzburgerland.com\/de\/magazin\/liachtbratl-montag-ein-feiertag-fur-handwerker\/"},"author":{"name":"Christine Fr\u00f6schl","@id":"https:\/\/www.salzburgerland.com\/de\/magazin\/#\/schema\/person\/7932db74f19d9640620859cb2b794c4e"},"headline":"&#8222;Liachtbratl-Montag&#8220;","datePublished":"2013-10-09T13:51:28+00:00","dateModified":"2020-06-15T09:37:41+00:00","mainEntityOfPage":{"@id":"https:\/\/www.salzburgerland.com\/de\/magazin\/liachtbratl-montag-ein-feiertag-fur-handwerker\/"},"wordCount":362,"commentCount":0,"publisher":{"@id":"https:\/\/www.salzburgerland.com\/de\/magazin\/#organization"},"image":{"@id":"https:\/\/www.salzburgerland.com\/de\/magazin\/liachtbratl-montag-ein-feiertag-fur-handwerker\/#primaryimage"},"thumbnailUrl":"https:\/\/www.salzburgerland.com\/de\/magazin\/wp-content\/uploads\/2013\/10\/Liachtbratlmontag-10.jpg","articleSection":["Essen &amp; Trinken"],"inLanguage":"de","potentialAction":[{"@type":"CommentAction","name":"Comment","target":["https:\/\/www.salzburgerland.com\/de\/magazin\/liachtbratl-montag-ein-feiertag-fur-handwerker\/#respond"]}]},{"@type":"WebPage","@id":"https:\/\/www.salzburgerland.com\/de\/magazin\/liachtbratl-montag-ein-feiertag-fur-handwerker\/","url":"https:\/\/www.salzburgerland.com\/de\/magazin\/liachtbratl-montag-ein-feiertag-fur-handwerker\/","name":"\"Liachtbratl-Montag\" - SalzburgerLand Magazin","isPartOf":{"@id":"https:\/\/www.salzburgerland.com\/de\/magazin\/#website"},"primaryImageOfPage":{"@id":"https:\/\/www.salzburgerland.com\/de\/magazin\/liachtbratl-montag-ein-feiertag-fur-handwerker\/#primaryimage"},"image":{"@id":"https:\/\/www.salzburgerland.com\/de\/magazin\/liachtbratl-montag-ein-feiertag-fur-handwerker\/#primaryimage"},"thumbnailUrl":"https:\/\/www.salzburgerland.com\/de\/magazin\/wp-content\/uploads\/2013\/10\/Liachtbratlmontag-10.jpg","datePublished":"2013-10-09T13:51:28+00:00","dateModified":"2020-06-15T09:37:41+00:00","breadcrumb":{"@id":"https:\/\/www.salzburgerland.com\/de\/magazin\/liachtbratl-montag-ein-feiertag-fur-handwerker\/#breadcrumb"},"inLanguage":"de","potentialAction":[{"@type":"ReadAction","target":["https:\/\/www.salzburgerland.com\/de\/magazin\/liachtbratl-montag-ein-feiertag-fur-handwerker\/"]}]},{"@type":"ImageObject","inLanguage":"de","@id":"https:\/\/www.salzburgerland.com\/de\/magazin\/liachtbratl-montag-ein-feiertag-fur-handwerker\/#primaryimage","url":"https:\/\/www.salzburgerland.com\/de\/magazin\/wp-content\/uploads\/2013\/10\/Liachtbratlmontag-10.jpg","contentUrl":"https:\/\/www.salzburgerland.com\/de\/magazin\/wp-content\/uploads\/2013\/10\/Liachtbratlmontag-10.jpg","width":1928,"height":1277,"caption":"Almjause"},{"@type":"BreadcrumbList","@id":"https:\/\/www.salzburgerland.com\/de\/magazin\/liachtbratl-montag-ein-feiertag-fur-handwerker\/#breadcrumb","itemListElement":[{"@type":"ListItem","position":1,"name":"Startseite","item":"https:\/\/www.salzburgerland.com\/de\/magazin\/"},{"@type":"ListItem","position":2,"name":"Essen &amp; Trinken","item":"https:\/\/www.salzburgerland.com\/de\/magazin\/thema\/essen-trinken\/"},{"@type":"ListItem","position":3,"name":"&#8222;Liachtbratl-Montag&#8220;"}]},{"@type":"WebSite","@id":"https:\/\/www.salzburgerland.com\/de\/magazin\/#website","url":"https:\/\/www.salzburgerland.com\/de\/magazin\/","name":"SalzburgerLand Magazin","description":"Geschichten und Interessantes aus dem SalzburgerLand","publisher":{"@id":"https:\/\/www.salzburgerland.com\/de\/magazin\/#organization"},"potentialAction":[{"@type":"SearchAction","target":{"@type":"EntryPoint","urlTemplate":"https:\/\/www.salzburgerland.com\/de\/magazin\/?s={search_term_string}"},"query-input":{"@type":"PropertyValueSpecification","valueRequired":true,"valueName":"search_term_string"}}],"inLanguage":"de"},{"@type":"Organization","@id":"https:\/\/www.salzburgerland.com\/de\/magazin\/#organization","name":"SalzburgerLand Tourismus","url":"https:\/\/www.salzburgerland.com\/de\/magazin\/","logo":{"@type":"ImageObject","inLanguage":"de","@id":"https:\/\/www.salzburgerland.com\/de\/magazin\/#\/schema\/logo\/image\/","url":"https:\/\/www.salzburgerland.com\/de\/magazin\/wp-content\/uploads\/2019\/06\/salzburgerland-logo1.jpg","contentUrl":"https:\/\/www.salzburgerland.com\/de\/magazin\/wp-content\/uploads\/2019\/06\/salzburgerland-logo1.jpg","width":2011,"height":866,"caption":"SalzburgerLand Tourismus"},"image":{"@id":"https:\/\/www.salzburgerland.com\/de\/magazin\/#\/schema\/logo\/image\/"},"sameAs":["https:\/\/www.facebook.com\/salzburgerland\/","https:\/\/x.com\/Salzburgerland","https:\/\/www.instagram.com\/salzburgerland\/","https:\/\/at.linkedin.com\/company\/salzburgerland-tourismus-gmbh","https:\/\/www.pinterest.at\/salzburgerland\/","https:\/\/www.youtube.com\/user\/salzburgerland","https:\/\/de.wikipedia.org\/wiki\/SalzburgerLand_Tourismus_GmbH"]},{"@type":"Person","@id":"https:\/\/www.salzburgerland.com\/de\/magazin\/#\/schema\/person\/7932db74f19d9640620859cb2b794c4e","name":"Christine Fr\u00f6schl","description":"Dein pers\u00f6nlicher Logenplatz im SalzburgerLand? Am liebsten gehe ich auf den Einberg im Salzburger Tennengau. Der Berg in der Osterhorn-Gruppe gl\u00e4nzt das ganze Jahr im Sonnenschein, auf dem Gipfel heben Paragleiter ab und die Aussicht auf das Tennengebirge, den Dachstein und die Bischofsm\u00fctze ist traumhaft. Dosige(r) oder Zuagroast? Zuagroast aus dem sch\u00f6nen Nieder\u00f6sterreich. Fr\u00fchling, Sommer, Herbst oder Winter? Alle Jahreszeiten begeistern mich. Momentan freue ich mich auf den Fr\u00fchling, das Zwitschern der V\u00f6gel und auf die sattgr\u00fcnen Wiesen. Salzburger Nockerl oder Schwarzbeernocken? Eindeutig Schwarzbeernocken. Rindsroulade vom Pinzgauer Biorind oder Saibling fangfrisch aus dem Fuschlsee? Mhhhh. Da kann ich mich nicht entscheiden. Bergtour oder Seentour? Mich zieht es auf jeden Fall hinauf. Begeistert bin ich auch von tiefblauen Bergseen in denen sich die Umgebung spiegelt und von der Aussicht w\u00e4hrend des Weges auf einen der wundersch\u00f6nen Seen im Salzburger Land.","url":"https:\/\/www.salzburgerland.com\/de\/magazin\/author\/christine-froeschl\/"}]}},"_wl_alt_label":[],"wl:entity_url":"http:\/\/open.salzburgerland.com\/magazin\/post\/liachtbratl-montag_-_ein_feiertag_fuer_handwerker","_links":{"self":[{"href":"https:\/\/www.salzburgerland.com\/de\/magazin\/wp-json\/wp\/v2\/posts\/64678","targetHints":{"allow":["GET"]}}],"collection":[{"href":"https:\/\/www.salzburgerland.com\/de\/magazin\/wp-json\/wp\/v2\/posts"}],"about":[{"href":"https:\/\/www.salzburgerland.com\/de\/magazin\/wp-json\/wp\/v2\/types\/post"}],"author":[{"embeddable":true,"href":"https:\/\/www.salzburgerland.com\/de\/magazin\/wp-json\/wp\/v2\/users\/236"}],"replies":[{"embeddable":true,"href":"https:\/\/www.salzburgerland.com\/de\/magazin\/wp-json\/wp\/v2\/comments?post=64678"}],"version-history":[{"count":2,"href":"https:\/\/www.salzburgerland.com\/de\/magazin\/wp-json\/wp\/v2\/posts\/64678\/revisions"}],"predecessor-version":[{"id":146711,"href":"https:\/\/www.salzburgerland.com\/de\/magazin\/wp-json\/wp\/v2\/posts\/64678\/revisions\/146711"}],"wp:featuredmedia":[{"embeddable":true,"href":"https:\/\/www.salzburgerland.com\/de\/magazin\/wp-json\/wp\/v2\/media\/64687"}],"wp:attachment":[{"href":"https:\/\/www.salzburgerland.com\/de\/magazin\/wp-json\/wp\/v2\/media?parent=64678"}],"wp:term":[{"taxonomy":"category","embeddable":true,"href":"https:\/\/www.salzburgerland.com\/de\/magazin\/wp-json\/wp\/v2\/categories?post=64678"},{"taxonomy":"post_tag","embeddable":true,"href":"https:\/\/www.salzburgerland.com\/de\/magazin\/wp-json\/wp\/v2\/tags?post=64678"},{"taxonomy":"wl_entity_type","embeddable":true,"href":"https:\/\/www.salzburgerland.com\/de\/magazin\/wp-json\/wp\/v2\/wl_entity_type?post=64678"},{"taxonomy":"monatsauswahl","embeddable":true,"href":"https:\/\/www.salzburgerland.com\/de\/magazin\/wp-json\/wp\/v2\/monatsauswahl?post=64678"}],"curies":[{"name":"wp","href":"https:\/\/api.w.org\/{rel}","templated":true}]}}