{"id":62840,"date":"2013-10-02T09:03:36","date_gmt":"2013-10-02T07:03:36","guid":{"rendered":"http:\/\/magazin.salzburgerland.com\/?p=62840"},"modified":"2019-06-26T20:20:43","modified_gmt":"2019-06-26T18:20:43","slug":"entdeckung-der-langsamkeit","status":"publish","type":"post","link":"https:\/\/www.salzburgerland.com\/de\/magazin\/entdeckung-der-langsamkeit\/","title":{"rendered":"Entdeckung der Langsamkeit"},"content":{"rendered":"<p>Je hektischer die Zeiten, je schneller die digitale Kommunikation und je gr\u00f6\u00dfer der Drang, allzeit erreichbar zu sein, umso ausgepr\u00e4gter der Wunsch, das alles einmal hinter sich zu lassen und abzuschalten. Und das gilt nicht nur f\u00fcr ruhebed\u00fcrftige Manager. Im SalzburgerLand laden viele beeindruckende Landschaften zum Verweilen ein: Weg vom Alltagsstress und am besten ohne Mobiltelefon.<\/p>\n<p><strong>Entschleunigung als Gebot der Stunde<\/strong><br \/>\nVielleicht wollen Sie\u00a0in den kommenden Tagen\u00a0einmal nicht arbeiten, sich eine kleine Auszeit\u00a0g\u00f6nnen\u00a0&#8211; und das ohne schlechtes Gewissen? M\u00f6glicherweise k\u00f6nnten Sie sich daf\u00fcr sogar einen Termin mit\u00a0einem Lieblingsbuch einplanen? Wissenschafter haben festgestellt,\u00a0 dass das beste Mittel, um Stressreaktionen zu bek\u00e4mpfen, Lesen ist. Nach nur sechs Minuten fiel bei den Teilnehmern einer Studie der Stresspegel um 68%. Nehmen Sie sich also einfach mal eine Decke und setzen sich mit einem Buch auf die sonnige Wiese oder auch auf eine schattige Bank in den prachtvoll herbstlichen W\u00e4ldern im SalzburgerLand. Wir f\u00fchren Sie hier zu sch\u00f6nen Logenpl\u00e4tzen und haben ein paar empfehlenswerte Kriminalromane aus Salzburg im Rucksack mit eingepackt.<\/p>\n<p><strong>Die sch\u00f6nsten Pl\u00e4tze f\u00fcr das \u201eVerbrechen\u201c<\/strong><br \/>\nIn Salzburg ist es mit Krimis von Wolf Haas, Franz Zeller, Manfred Baumann, R\u00fcdiger Opelt, Georg Gracher, Robert Ellmers oder Ingrid Eberl f\u00fcr Ermittler bereits sehr eng geworden. All diese Autoren verwandeln das so friedliche SalzburgerLand &#8211; vom Domplatz \u00fcber Leopoldskron bis ins Gasteiner Tal &#8211; in Orte des Grauens und Verbrechens.<\/p>\n<p><a href=\"https:\/\/www.salzburgerland.com\/de\/magazin\/wp-content\/uploads\/2013\/09\/wasserspiele_hellbrunnwww.hellbrunn.at_.jpg\"><img loading=\"lazy\" decoding=\"async\" class=\"size-singlePost wp-image-62844 alignleft\" title=\"Wasserspiele in Hellbrunn (www.hellbrunn.at)\" alt=\"wasserspiele_hellbrunn(www.hellbrunn.at)\" src=\"https:\/\/www.salzburgerland.com\/de\/magazin\/wp-content\/uploads\/2013\/09\/wasserspiele_hellbrunnwww.hellbrunn.at_-650x435.jpg\" width=\"650\" height=\"435\" \/><\/a><\/p>\n<p>Die Wasserspiele Schloss Hellbrunn waren immer schon ein Ort der Unterhaltung, ein Ort der gro\u00dfen Feierlichkeiten, der \u00fcppigen Spektakel und der zur Schaustellung des Ungew\u00f6hnlichen. Den Krimiautor und Salzburger Journalisten <strong>Manfred Baumann<\/strong> inspirierten die Wasserspiele von Hellbrunn und das Umfeld barocker Lebensfreude zum Krimi \u201eWasserspiele\u201c. In seinem zweiten Salzburg Krimi (vorher <strong>&#8222;Jedermanntod\u201d<\/strong> und <strong>\u201eZauberfl\u00f6tenrache\u201c<\/strong> &#8211; sein drittes Buch) ermittelt Kommissar Merana in f\u00fcrstlicher Umgebung.<br \/>\nNahezu auch als fesselnder Reisef\u00fchrer empfehlenswert, da mit vielen informativen Schilderungen und viel historischem Hintergrund versehen! Jedenfalls einmal ein Wasserspiele-Besuch aus einem anderen Blickwinkel\u2026<\/p>\n<p><strong>Salzburger Krimi-Schaupl\u00e4tze erwandern<\/strong><\/p>\n<p><a href=\"https:\/\/www.salzburgerland.com\/de\/magazin\/wp-content\/uploads\/2013\/09\/weite.jpg\"><img loading=\"lazy\" decoding=\"async\" class=\"size-singlePost wp-image-62850 alignleft\" title=\"Schaupl\u00e4tze im SalzburgerLand erwandern\" alt=\"weite\" src=\"https:\/\/www.salzburgerland.com\/de\/magazin\/wp-content\/uploads\/2013\/09\/weite-650x435.jpg\" width=\"650\" height=\"435\" \/><\/a><\/p>\n<p>Wenn Sie auf den Spuren von Chefinspektor Franco Moll und seinem Pinzgauer Kollegen Oberhollenzer wandeln m\u00f6chten, dann suchen Sie sich ruhig ein stilles Logenpl\u00e4tzchen im SalzburgerLand. Der ehemalige Salzburger ORF Redakteur\u00a0<strong>Franz Zeller<\/strong> lebt mittlerweile in Wien, aber er\u00a0hat\u00a0Salzburg nicht ganz verlassen:\u00a0Im SalzburgerLand\u00a0spielen seine Kriminalf\u00e4lle rund um das Ermittlerduo Moll und\u00a0Oberhollenzer. Die Romane <strong>&#8222;Herzlos&#8220;<\/strong> und <strong>\u201eBlutsbande\u201c<\/strong> von Franz Zeller sind gelungene Unterhaltung und sehr spannend. Dazu agiert der alleinerziehende Vater und Chefinspektor Franco Moll als Gerechtigkeitsfanatiker \u00fcberaus gewinnend.<\/p>\n<p><a href=\"https:\/\/www.salzburgerland.com\/de\/magazin\/wp-content\/uploads\/2013\/09\/fruh.jpg\"><img loading=\"lazy\" decoding=\"async\" class=\"alignleft size-singlePost wp-image-62843\" alt=\"fr\u00fch\" src=\"https:\/\/www.salzburgerland.com\/de\/magazin\/wp-content\/uploads\/2013\/09\/fruh-650x435.jpg\" width=\"650\" height=\"435\" \/><\/a><\/p>\n<p>Im Salzburg Krimi <strong>\u201eWasser und Eis\u201c<\/strong> freut sich Kommissar Ingo Siler auf ausgedehnte Wandertouren durchs SalzburgerLand. In diesem seinen dritten Roman l\u00e4sst <strong>R\u00fcdiger Opelt<\/strong> den Kommissar in einer halsbrecherischen Tour durchs Gebirge wandern und dabei auf tote Seilbahnangestellte treffen. Neben spannender Handlung thematisiert der Salzburger Psychologe und Autor R\u00fcdiger Opelt in seinen Romanen Kritisches und Nachdenkliches zum Thema Klimawandel. \u201eWasser und Eis\u201c ist jedenfalls ein Alpen-Klima- Krimi voll versteckter Ironie, viel Spannung und gen\u00fcgend Leichen\u2026<\/p>\n<p><strong>Hier noch einige weitere Logenpl\u00e4tze Tipps:<\/strong><\/p>\n<div class=\"mag-gallery\"><div class=\"row\"><div class=\"col-6 col-sm-4\"><figure><a class=\"thumb-container\" href=\"https:\/\/www.salzburgerland.com\/de\/magazin\/wp-content\/uploads\/2013\/09\/kreuz_mahdegg-1280x1024.jpg\">\t<picture><source media=\"(min-width: 576px)\" srcset=\"\" \/><source media=\"(min-width: 0)\" srcset=\"https:\/\/www.salzburgerland.com\/de\/magazin\/wp-content\/uploads\/2013\/09\/kreuz_mahdegg.jpg 600w, https:\/\/www.salzburgerland.com\/de\/magazin\/wp-content\/uploads\/2013\/09\/kreuz_mahdegg-225x300.jpg 225w, https:\/\/www.salzburgerland.com\/de\/magazin\/wp-content\/uploads\/2013\/09\/kreuz_mahdegg-413x550.jpg 413w, https:\/\/www.salzburgerland.com\/de\/magazin\/wp-content\/uploads\/2013\/09\/kreuz_mahdegg-300x400.jpg 300w\" \/><img decoding=\"async\" alt=\"\" src=\"https:\/\/www.salzburgerland.com\/de\/magazin\/wp-content\/uploads\/2013\/09\/kreuz_mahdegg.jpg\" \/>\t<\/picture><\/a><\/figure><\/div><div class=\"col-6 col-sm-4\"><figure><a class=\"thumb-container\" href=\"https:\/\/www.salzburgerland.com\/de\/magazin\/wp-content\/uploads\/2013\/09\/werfener2-1280x1024.jpg\">\t<picture><source media=\"(min-width: 576px)\" srcset=\"https:\/\/www.salzburgerland.com\/de\/magazin\/wp-content\/uploads\/2013\/09\/werfener2-325x209.jpg 325w, https:\/\/www.salzburgerland.com\/de\/magazin\/wp-content\/uploads\/2013\/09\/werfener2-249x160.jpg 249w\" \/><source media=\"(min-width: 0)\" srcset=\"https:\/\/www.salzburgerland.com\/de\/magazin\/wp-content\/uploads\/2013\/09\/werfener2-249x160.jpg 249w, https:\/\/www.salzburgerland.com\/de\/magazin\/wp-content\/uploads\/2013\/09\/werfener2-325x209.jpg 325w\" \/><img decoding=\"async\" alt=\"\" src=\"https:\/\/www.salzburgerland.com\/de\/magazin\/wp-content\/uploads\/2013\/09\/werfener2.jpg\" \/>\t<\/picture><\/a><\/figure><\/div><div class=\"col-6 col-sm-4\"><figure><a class=\"thumb-container\" href=\"https:\/\/www.salzburgerland.com\/de\/magazin\/wp-content\/uploads\/2013\/09\/tennengebirge-1280x1024.jpg\">\t<picture><source media=\"(min-width: 576px)\" srcset=\"https:\/\/www.salzburgerland.com\/de\/magazin\/wp-content\/uploads\/2013\/09\/tennengebirge-325x209.jpg 325w, https:\/\/www.salzburgerland.com\/de\/magazin\/wp-content\/uploads\/2013\/09\/tennengebirge-249x160.jpg 249w\" \/><source media=\"(min-width: 0)\" srcset=\"https:\/\/www.salzburgerland.com\/de\/magazin\/wp-content\/uploads\/2013\/09\/tennengebirge-249x160.jpg 249w, https:\/\/www.salzburgerland.com\/de\/magazin\/wp-content\/uploads\/2013\/09\/tennengebirge-325x209.jpg 325w\" \/><img decoding=\"async\" alt=\"\" src=\"https:\/\/www.salzburgerland.com\/de\/magazin\/wp-content\/uploads\/2013\/09\/tennengebirge.jpg\" \/>\t<\/picture><\/a><\/figure><\/div><div class=\"col-6 col-sm-4\"><figure><a class=\"thumb-container\" href=\"https:\/\/www.salzburgerland.com\/de\/magazin\/wp-content\/uploads\/2013\/09\/kurzewanderung-1280x1024.jpg\">\t<picture><source media=\"(min-width: 576px)\" srcset=\"https:\/\/www.salzburgerland.com\/de\/magazin\/wp-content\/uploads\/2013\/09\/kurzewanderung-325x209.jpg 325w, https:\/\/www.salzburgerland.com\/de\/magazin\/wp-content\/uploads\/2013\/09\/kurzewanderung-249x160.jpg 249w\" \/><source media=\"(min-width: 0)\" srcset=\"https:\/\/www.salzburgerland.com\/de\/magazin\/wp-content\/uploads\/2013\/09\/kurzewanderung-249x160.jpg 249w, https:\/\/www.salzburgerland.com\/de\/magazin\/wp-content\/uploads\/2013\/09\/kurzewanderung-325x209.jpg 325w\" \/><img decoding=\"async\" alt=\"Eine Person mit Rucksack wandert allein auf einem grasbewachsenen Waldweg, umgeben von hohen gr\u00fcnen B\u00e4umen.\" src=\"https:\/\/www.salzburgerland.com\/de\/magazin\/wp-content\/uploads\/2013\/09\/kurzewanderung.jpg\" \/>\t<\/picture><\/a><\/figure><\/div><div class=\"col-6 col-sm-4\"><figure><a class=\"thumb-container\" href=\"https:\/\/www.salzburgerland.com\/de\/magazin\/wp-content\/uploads\/2013\/09\/rast-1280x1024.jpg\">\t<picture><source media=\"(min-width: 576px)\" srcset=\"https:\/\/www.salzburgerland.com\/de\/magazin\/wp-content\/uploads\/2013\/09\/rast-325x209.jpg 325w, https:\/\/www.salzburgerland.com\/de\/magazin\/wp-content\/uploads\/2013\/09\/rast-249x160.jpg 249w\" \/><source media=\"(min-width: 0)\" srcset=\"https:\/\/www.salzburgerland.com\/de\/magazin\/wp-content\/uploads\/2013\/09\/rast-249x160.jpg 249w, https:\/\/www.salzburgerland.com\/de\/magazin\/wp-content\/uploads\/2013\/09\/rast-325x209.jpg 325w\" \/><img decoding=\"async\" alt=\"\" src=\"https:\/\/www.salzburgerland.com\/de\/magazin\/wp-content\/uploads\/2013\/09\/rast.jpg\" \/>\t<\/picture><\/a><\/figure><\/div><div class=\"col-6 col-sm-4\"><figure><a class=\"thumb-container\" href=\"https:\/\/www.salzburgerland.com\/de\/magazin\/wp-content\/uploads\/2013\/09\/rastbuch-1280x1024.jpg\">\t<picture><source media=\"(min-width: 576px)\" srcset=\"https:\/\/www.salzburgerland.com\/de\/magazin\/wp-content\/uploads\/2013\/09\/rastbuch-325x209.jpg 325w, https:\/\/www.salzburgerland.com\/de\/magazin\/wp-content\/uploads\/2013\/09\/rastbuch-249x160.jpg 249w\" \/><source media=\"(min-width: 0)\" srcset=\"https:\/\/www.salzburgerland.com\/de\/magazin\/wp-content\/uploads\/2013\/09\/rastbuch-249x160.jpg 249w, https:\/\/www.salzburgerland.com\/de\/magazin\/wp-content\/uploads\/2013\/09\/rastbuch-325x209.jpg 325w\" \/><img decoding=\"async\" alt=\"\" src=\"https:\/\/www.salzburgerland.com\/de\/magazin\/wp-content\/uploads\/2013\/09\/rastbuch.jpg\" \/>\t<\/picture><\/a><\/figure><\/div><div class=\"col-6 col-sm-4\"><figure><a class=\"thumb-container\" href=\"https:\/\/www.salzburgerland.com\/de\/magazin\/wp-content\/uploads\/2013\/09\/wasserspiele_hellbrunnwww.hellbrunn.at_-1280x1024.jpg\">\t<picture><source media=\"(min-width: 576px)\" srcset=\"https:\/\/www.salzburgerland.com\/de\/magazin\/wp-content\/uploads\/2013\/09\/wasserspiele_hellbrunnwww.hellbrunn.at_-325x209.jpg 325w, https:\/\/www.salzburgerland.com\/de\/magazin\/wp-content\/uploads\/2013\/09\/wasserspiele_hellbrunnwww.hellbrunn.at_-249x160.jpg 249w\" \/><source media=\"(min-width: 0)\" srcset=\"https:\/\/www.salzburgerland.com\/de\/magazin\/wp-content\/uploads\/2013\/09\/wasserspiele_hellbrunnwww.hellbrunn.at_-249x160.jpg 249w, https:\/\/www.salzburgerland.com\/de\/magazin\/wp-content\/uploads\/2013\/09\/wasserspiele_hellbrunnwww.hellbrunn.at_-325x209.jpg 325w\" \/><img decoding=\"async\" alt=\"Steintisch mit B\u00e4nken und Springbrunnen, die Wasser in einem Garten verspr\u00fchen, mit B\u00e4umen und einem Steingeb\u00e4ude im Hintergrund.\" src=\"https:\/\/www.salzburgerland.com\/de\/magazin\/wp-content\/uploads\/2013\/09\/wasserspiele_hellbrunnwww.hellbrunn.at_.jpg\" \/>\t<\/picture><\/a><\/figure><\/div><div class=\"col-6 col-sm-4\"><figure><a class=\"thumb-container\" href=\"https:\/\/www.salzburgerland.com\/de\/magazin\/wp-content\/uploads\/2013\/09\/fruh-1280x1024.jpg\">\t<picture><source media=\"(min-width: 576px)\" srcset=\"https:\/\/www.salzburgerland.com\/de\/magazin\/wp-content\/uploads\/2013\/09\/fruh-325x209.jpg 325w, https:\/\/www.salzburgerland.com\/de\/magazin\/wp-content\/uploads\/2013\/09\/fruh-249x160.jpg 249w\" \/><source media=\"(min-width: 0)\" srcset=\"https:\/\/www.salzburgerland.com\/de\/magazin\/wp-content\/uploads\/2013\/09\/fruh-249x160.jpg 249w, https:\/\/www.salzburgerland.com\/de\/magazin\/wp-content\/uploads\/2013\/09\/fruh-325x209.jpg 325w\" \/><img decoding=\"async\" alt=\"Eine H\u00fctte blickt auf ein nebliges, bewaldetes Tal mit Bergen und einem blauen Himmel mit vereinzelten Wolken.\" src=\"https:\/\/www.salzburgerland.com\/de\/magazin\/wp-content\/uploads\/2013\/09\/fruh.jpg\" \/>\t<\/picture><\/a><\/figure><\/div><div class=\"col-6 col-sm-4\"><figure><a class=\"thumb-container\" href=\"https:\/\/www.salzburgerland.com\/de\/magazin\/wp-content\/uploads\/2013\/09\/blickbischling-1280x1024.jpg\">\t<picture><source media=\"(min-width: 576px)\" srcset=\"https:\/\/www.salzburgerland.com\/de\/magazin\/wp-content\/uploads\/2013\/09\/blickbischling-325x209.jpg 325w, https:\/\/www.salzburgerland.com\/de\/magazin\/wp-content\/uploads\/2013\/09\/blickbischling-249x160.jpg 249w\" \/><source media=\"(min-width: 0)\" srcset=\"https:\/\/www.salzburgerland.com\/de\/magazin\/wp-content\/uploads\/2013\/09\/blickbischling-249x160.jpg 249w, https:\/\/www.salzburgerland.com\/de\/magazin\/wp-content\/uploads\/2013\/09\/blickbischling-325x209.jpg 325w\" \/><img decoding=\"async\" alt=\"\" src=\"https:\/\/www.salzburgerland.com\/de\/magazin\/wp-content\/uploads\/2013\/09\/blickbischling.jpg\" \/>\t<\/picture><\/a><\/figure><\/div><\/div><\/div><figcaption><\/figcaption>\n<p>&nbsp;<\/p>\n","protected":false},"excerpt":{"rendered":"<p>Je hektischer die Zeiten, je schneller die digitale Kommunikation und je gr\u00f6\u00dfer der Drang, allzeit erreichbar zu sein, umso ausgepr\u00e4gter der Wunsch, das alles einmal hinter sich zu lassen und abzuschalten. Und das gilt nicht nur f\u00fcr ruhebed\u00fcrftige Manager. Im SalzburgerLand laden viele beeindruckende Landschaften zum Verweilen ein: Weg vom Alltagsstress und am besten ohne [&hellip;]<\/p>\n","protected":false},"author":217,"featured_media":62847,"comment_status":"open","ping_status":"open","sticky":false,"template":"","format":"standard","meta":{"_acf_changed":false,"wl_entities_gutenberg":"","_wl_entity_redirect_enabled":"","footnotes":""},"categories":[4],"tags":[],"wl_entity_type":[306],"monatsauswahl":[84,92],"class_list":["post-62840","post","type-post","status-publish","format-standard","has-post-thumbnail","hentry","category-gesundheit","wl_entity_type-article","monatsauswahl-monat_3","monatsauswahl-monat_11"],"acf":[],"yoast_head":"<!-- This site is optimized with the Yoast SEO Premium plugin v27.4 (Yoast SEO v27.4) - https:\/\/yoast.com\/product\/yoast-seo-premium-wordpress\/ -->\n<title>Entdeckung der Langsamkeit - SalzburgerLand Magazin<\/title>\n<meta name=\"description\" content=\"Je hektischer die Zeiten, je schneller die digitale Kommunikation und je gr\u00f6\u00dfer der Drang, allzeit erreichbar zu sein, umso ausgepr\u00e4gter der Wunsch, das alles einmal hinter sich zu lassen und abzuschalten. Und das gilt nicht nur f\u00fcr ruhebed\u00fcrftige Manager. Im SalzburgerLand laden viele beeindruckende Landschaften zum Verweilen ein: Weg vom Alltagsstress und am besten ohne [&hellip;]\" \/>\n<meta name=\"robots\" content=\"index, follow, max-snippet:-1, max-image-preview:large, max-video-preview:-1\" \/>\n<link rel=\"canonical\" href=\"https:\/\/www.salzburgerland.com\/de\/magazin\/entdeckung-der-langsamkeit\/\" \/>\n<meta property=\"og:locale\" content=\"de_DE\" \/>\n<meta property=\"og:type\" content=\"article\" \/>\n<meta property=\"og:title\" content=\"Entdeckung der Langsamkeit\" \/>\n<meta property=\"og:description\" content=\"Je hektischer die Zeiten, je schneller die digitale Kommunikation und je gr\u00f6\u00dfer der Drang, allzeit erreichbar zu sein, umso ausgepr\u00e4gter der Wunsch, das alles einmal hinter sich zu lassen und abzuschalten. Und das gilt nicht nur f\u00fcr ruhebed\u00fcrftige Manager. Im SalzburgerLand laden viele beeindruckende Landschaften zum Verweilen ein: Weg vom Alltagsstress und am besten ohne [&hellip;]\" \/>\n<meta property=\"og:url\" content=\"https:\/\/www.salzburgerland.com\/de\/magazin\/entdeckung-der-langsamkeit\/\" \/>\n<meta property=\"og:site_name\" content=\"SalzburgerLand Magazin\" \/>\n<meta property=\"article:publisher\" content=\"https:\/\/www.facebook.com\/salzburgerland\/\" \/>\n<meta property=\"article:published_time\" content=\"2013-10-02T07:03:36+00:00\" \/>\n<meta property=\"article:modified_time\" content=\"2019-06-26T18:20:43+00:00\" \/>\n<meta property=\"og:image\" content=\"https:\/\/www.salzburgerland.com\/de\/magazin\/wp-content\/uploads\/2013\/09\/RastmBuch.jpg\" \/>\n\t<meta property=\"og:image:width\" content=\"1600\" \/>\n\t<meta property=\"og:image:height\" content=\"1000\" \/>\n\t<meta property=\"og:image:type\" content=\"image\/jpeg\" \/>\n<meta name=\"author\" content=\"Maria Riedler\" \/>\n<meta name=\"twitter:card\" content=\"summary_large_image\" \/>\n<meta name=\"twitter:creator\" content=\"@Salzburgerland\" \/>\n<meta name=\"twitter:site\" content=\"@Salzburgerland\" \/>\n<meta name=\"twitter:label1\" content=\"Verfasst von\" \/>\n\t<meta name=\"twitter:data1\" content=\"Maria Riedler\" \/>\n\t<meta name=\"twitter:label2\" content=\"Gesch\u00e4tzte Lesezeit\" \/>\n\t<meta name=\"twitter:data2\" content=\"3\u00a0Minuten\" \/>\n<script type=\"application\/ld+json\" class=\"yoast-schema-graph\">{\"@context\":\"https:\\\/\\\/schema.org\",\"@graph\":[{\"@type\":\"Article\",\"@id\":\"https:\\\/\\\/www.salzburgerland.com\\\/de\\\/magazin\\\/entdeckung-der-langsamkeit\\\/#article\",\"isPartOf\":{\"@id\":\"https:\\\/\\\/www.salzburgerland.com\\\/de\\\/magazin\\\/entdeckung-der-langsamkeit\\\/\"},\"author\":{\"name\":\"Maria Riedler\",\"@id\":\"https:\\\/\\\/www.salzburgerland.com\\\/de\\\/magazin\\\/#\\\/schema\\\/person\\\/0cd712588b834668bcd33d7a0668adb3\"},\"headline\":\"Entdeckung der Langsamkeit\",\"datePublished\":\"2013-10-02T07:03:36+00:00\",\"dateModified\":\"2019-06-26T18:20:43+00:00\",\"mainEntityOfPage\":{\"@id\":\"https:\\\/\\\/www.salzburgerland.com\\\/de\\\/magazin\\\/entdeckung-der-langsamkeit\\\/\"},\"wordCount\":523,\"commentCount\":0,\"publisher\":{\"@id\":\"https:\\\/\\\/www.salzburgerland.com\\\/de\\\/magazin\\\/#organization\"},\"image\":{\"@id\":\"https:\\\/\\\/www.salzburgerland.com\\\/de\\\/magazin\\\/entdeckung-der-langsamkeit\\\/#primaryimage\"},\"thumbnailUrl\":\"https:\\\/\\\/www.salzburgerland.com\\\/de\\\/magazin\\\/wp-content\\\/uploads\\\/2013\\\/09\\\/RastmBuch.jpg\",\"articleSection\":[\"Gesundheit\"],\"inLanguage\":\"de\",\"potentialAction\":[{\"@type\":\"CommentAction\",\"name\":\"Comment\",\"target\":[\"https:\\\/\\\/www.salzburgerland.com\\\/de\\\/magazin\\\/entdeckung-der-langsamkeit\\\/#respond\"]}]},{\"@type\":\"WebPage\",\"@id\":\"https:\\\/\\\/www.salzburgerland.com\\\/de\\\/magazin\\\/entdeckung-der-langsamkeit\\\/\",\"url\":\"https:\\\/\\\/www.salzburgerland.com\\\/de\\\/magazin\\\/entdeckung-der-langsamkeit\\\/\",\"name\":\"Entdeckung der Langsamkeit - SalzburgerLand Magazin\",\"isPartOf\":{\"@id\":\"https:\\\/\\\/www.salzburgerland.com\\\/de\\\/magazin\\\/#website\"},\"primaryImageOfPage\":{\"@id\":\"https:\\\/\\\/www.salzburgerland.com\\\/de\\\/magazin\\\/entdeckung-der-langsamkeit\\\/#primaryimage\"},\"image\":{\"@id\":\"https:\\\/\\\/www.salzburgerland.com\\\/de\\\/magazin\\\/entdeckung-der-langsamkeit\\\/#primaryimage\"},\"thumbnailUrl\":\"https:\\\/\\\/www.salzburgerland.com\\\/de\\\/magazin\\\/wp-content\\\/uploads\\\/2013\\\/09\\\/RastmBuch.jpg\",\"datePublished\":\"2013-10-02T07:03:36+00:00\",\"dateModified\":\"2019-06-26T18:20:43+00:00\",\"breadcrumb\":{\"@id\":\"https:\\\/\\\/www.salzburgerland.com\\\/de\\\/magazin\\\/entdeckung-der-langsamkeit\\\/#breadcrumb\"},\"inLanguage\":\"de\",\"potentialAction\":[{\"@type\":\"ReadAction\",\"target\":[\"https:\\\/\\\/www.salzburgerland.com\\\/de\\\/magazin\\\/entdeckung-der-langsamkeit\\\/\"]}]},{\"@type\":\"ImageObject\",\"inLanguage\":\"de\",\"@id\":\"https:\\\/\\\/www.salzburgerland.com\\\/de\\\/magazin\\\/entdeckung-der-langsamkeit\\\/#primaryimage\",\"url\":\"https:\\\/\\\/www.salzburgerland.com\\\/de\\\/magazin\\\/wp-content\\\/uploads\\\/2013\\\/09\\\/RastmBuch.jpg\",\"contentUrl\":\"https:\\\/\\\/www.salzburgerland.com\\\/de\\\/magazin\\\/wp-content\\\/uploads\\\/2013\\\/09\\\/RastmBuch.jpg\",\"width\":1600,\"height\":1000},{\"@type\":\"BreadcrumbList\",\"@id\":\"https:\\\/\\\/www.salzburgerland.com\\\/de\\\/magazin\\\/entdeckung-der-langsamkeit\\\/#breadcrumb\",\"itemListElement\":[{\"@type\":\"ListItem\",\"position\":1,\"name\":\"Startseite\",\"item\":\"https:\\\/\\\/www.salzburgerland.com\\\/de\\\/magazin\\\/\"},{\"@type\":\"ListItem\",\"position\":2,\"name\":\"Gesundheit\",\"item\":\"https:\\\/\\\/www.salzburgerland.com\\\/de\\\/magazin\\\/thema\\\/gesundheit\\\/\"},{\"@type\":\"ListItem\",\"position\":3,\"name\":\"Entdeckung der Langsamkeit\"}]},{\"@type\":\"WebSite\",\"@id\":\"https:\\\/\\\/www.salzburgerland.com\\\/de\\\/magazin\\\/#website\",\"url\":\"https:\\\/\\\/www.salzburgerland.com\\\/de\\\/magazin\\\/\",\"name\":\"SalzburgerLand Magazin\",\"description\":\"Geschichten und Interessantes aus dem SalzburgerLand\",\"publisher\":{\"@id\":\"https:\\\/\\\/www.salzburgerland.com\\\/de\\\/magazin\\\/#organization\"},\"potentialAction\":[{\"@type\":\"SearchAction\",\"target\":{\"@type\":\"EntryPoint\",\"urlTemplate\":\"https:\\\/\\\/www.salzburgerland.com\\\/de\\\/magazin\\\/?s={search_term_string}\"},\"query-input\":{\"@type\":\"PropertyValueSpecification\",\"valueRequired\":true,\"valueName\":\"search_term_string\"}}],\"inLanguage\":\"de\"},{\"@type\":\"Organization\",\"@id\":\"https:\\\/\\\/www.salzburgerland.com\\\/de\\\/magazin\\\/#organization\",\"name\":\"SalzburgerLand Tourismus\",\"url\":\"https:\\\/\\\/www.salzburgerland.com\\\/de\\\/magazin\\\/\",\"logo\":{\"@type\":\"ImageObject\",\"inLanguage\":\"de\",\"@id\":\"https:\\\/\\\/www.salzburgerland.com\\\/de\\\/magazin\\\/#\\\/schema\\\/logo\\\/image\\\/\",\"url\":\"https:\\\/\\\/www.salzburgerland.com\\\/de\\\/magazin\\\/wp-content\\\/uploads\\\/2019\\\/06\\\/salzburgerland-logo1.jpg\",\"contentUrl\":\"https:\\\/\\\/www.salzburgerland.com\\\/de\\\/magazin\\\/wp-content\\\/uploads\\\/2019\\\/06\\\/salzburgerland-logo1.jpg\",\"width\":2011,\"height\":866,\"caption\":\"SalzburgerLand Tourismus\"},\"image\":{\"@id\":\"https:\\\/\\\/www.salzburgerland.com\\\/de\\\/magazin\\\/#\\\/schema\\\/logo\\\/image\\\/\"},\"sameAs\":[\"https:\\\/\\\/www.facebook.com\\\/salzburgerland\\\/\",\"https:\\\/\\\/x.com\\\/Salzburgerland\",\"https:\\\/\\\/www.instagram.com\\\/salzburgerland\\\/\",\"https:\\\/\\\/at.linkedin.com\\\/company\\\/salzburgerland-tourismus-gmbh\",\"https:\\\/\\\/www.pinterest.at\\\/salzburgerland\\\/\",\"https:\\\/\\\/www.youtube.com\\\/user\\\/salzburgerland\",\"https:\\\/\\\/de.wikipedia.org\\\/wiki\\\/SalzburgerLand_Tourismus_GmbH\"]},{\"@type\":\"Person\",\"@id\":\"https:\\\/\\\/www.salzburgerland.com\\\/de\\\/magazin\\\/#\\\/schema\\\/person\\\/0cd712588b834668bcd33d7a0668adb3\",\"name\":\"Maria Riedler\",\"description\":\"Ein Bild sagt mehr als tausend Worte, hei\u00dft es. Aber genauso wichtig ist die Geschichte dazu. Spannende Texte haben nicht nur einen gro\u00dfen Effekt auf unsere Wahrnehmung, sie lassen auch das Kopfkino in uns starten! Den Dingen nachzusp\u00fcren und auf den Grund zu gehen, das geh\u00f6rt jedenfalls seit meiner Jugendzeit zu mir ... Maria Riedler studierte neben ihrer T\u00e4tigkeit als Kinderkrankenschwester Publizistik und P\u00e4dagogik. Nach dem Studium verbrachte sie \u00fcber zwei Jahre in Australien, wo sie f\u00fcr den staatlichen Rundfunk SBS arbeitete. Anschlie\u00dfend war sie f\u00fcnf Jahre freie Mitarbeiterin im ORF Landesstudio Salzburg, weiters Kommunikationsbeauftragte beim Arbeitskreis f\u00fcr Vorsorgemedizin Salzburg (AVOS), war freiberufliche Journalistin bei der Salzburgerin und ist als Redakteurin f\u00fcr die Pongauer Nachrichten t\u00e4tig. Neben Schreiben, Fotografieren und Lesen liebt sie vor allem unsere Berge und ist ehrenamtlich Bergrettungshundef\u00fchrerin und Pressereferentin der Bergrettung Salzburg. Dosige(r) oder Zuagroast? Eindeutig dosig - aus dem\u00a0einmaligen Lungau. Fr\u00fchling, Sommer, Herbst oder Winter? Nachdem ich auch einige Jahre in Australien gelebt habe, bin ich mir sicher, dass uns weltweit die Menschen um diese so unterschiedlich sch\u00f6nen und so facettenreichen Jahreszeiten beneiden. Luxushotel oder Almh\u00fctte? Obwohl so ein Luxushotel schon seine Reize hat, genie\u00dfe ich doch meist eher die Einsamkeit auf einer Almh\u00fctte\u2026. Mozart oder Hubert von Goisern? Wie sch\u00f6n, dass wir so begnadete Musiker haben!\u00a0Leider\u00a0gibt es f\u00fcr mich - wie so oft - siehe oben und unten :-) kein Entweder-Oder\u2026 Ausstellung oder Bergpanorama? \\\"Kunst w\u00e4scht den Staub des Alltag von der Seele\\\", meinte Pablo Picasso. \u00a0Die Berge und deren Traumpanorama brauche ich auch, um mir\u00a0neue Perspektiven vom Leben zu holen.\u00a0Also:\u00a0Es muss doch mehr als alles geben \u00a0- wahrscheinlich mein Lebensmotto, deshalb bitte keine weiteren Entweder-Oder Fragen!\u00a0:-) Wer jemals einen Sonnenaufgang oder Sonnenuntergang in unseren Bergen erlebt hat, wei\u00df um die Einmaligkeit dieser Bilder und Eindr\u00fccke.\",\"url\":\"https:\\\/\\\/www.salzburgerland.com\\\/de\\\/magazin\\\/author\\\/mriedler\\\/\"}]}<\/script>\n<!-- \/ Yoast SEO Premium plugin. -->","yoast_head_json":{"title":"Entdeckung der Langsamkeit - SalzburgerLand Magazin","description":"Je hektischer die Zeiten, je schneller die digitale Kommunikation und je gr\u00f6\u00dfer der Drang, allzeit erreichbar zu sein, umso ausgepr\u00e4gter der Wunsch, das alles einmal hinter sich zu lassen und abzuschalten. Und das gilt nicht nur f\u00fcr ruhebed\u00fcrftige Manager. Im SalzburgerLand laden viele beeindruckende Landschaften zum Verweilen ein: Weg vom Alltagsstress und am besten ohne [&hellip;]","robots":{"index":"index","follow":"follow","max-snippet":"max-snippet:-1","max-image-preview":"max-image-preview:large","max-video-preview":"max-video-preview:-1"},"canonical":"https:\/\/www.salzburgerland.com\/de\/magazin\/entdeckung-der-langsamkeit\/","og_locale":"de_DE","og_type":"article","og_title":"Entdeckung der Langsamkeit","og_description":"Je hektischer die Zeiten, je schneller die digitale Kommunikation und je gr\u00f6\u00dfer der Drang, allzeit erreichbar zu sein, umso ausgepr\u00e4gter der Wunsch, das alles einmal hinter sich zu lassen und abzuschalten. Und das gilt nicht nur f\u00fcr ruhebed\u00fcrftige Manager. Im SalzburgerLand laden viele beeindruckende Landschaften zum Verweilen ein: Weg vom Alltagsstress und am besten ohne [&hellip;]","og_url":"https:\/\/www.salzburgerland.com\/de\/magazin\/entdeckung-der-langsamkeit\/","og_site_name":"SalzburgerLand Magazin","article_publisher":"https:\/\/www.facebook.com\/salzburgerland\/","article_published_time":"2013-10-02T07:03:36+00:00","article_modified_time":"2019-06-26T18:20:43+00:00","og_image":[{"width":1600,"height":1000,"url":"https:\/\/www.salzburgerland.com\/de\/magazin\/wp-content\/uploads\/2013\/09\/RastmBuch.jpg","type":"image\/jpeg"}],"author":"Maria Riedler","twitter_card":"summary_large_image","twitter_creator":"@Salzburgerland","twitter_site":"@Salzburgerland","twitter_misc":{"Verfasst von":"Maria Riedler","Gesch\u00e4tzte Lesezeit":"3\u00a0Minuten"},"schema":{"@context":"https:\/\/schema.org","@graph":[{"@type":"Article","@id":"https:\/\/www.salzburgerland.com\/de\/magazin\/entdeckung-der-langsamkeit\/#article","isPartOf":{"@id":"https:\/\/www.salzburgerland.com\/de\/magazin\/entdeckung-der-langsamkeit\/"},"author":{"name":"Maria Riedler","@id":"https:\/\/www.salzburgerland.com\/de\/magazin\/#\/schema\/person\/0cd712588b834668bcd33d7a0668adb3"},"headline":"Entdeckung der Langsamkeit","datePublished":"2013-10-02T07:03:36+00:00","dateModified":"2019-06-26T18:20:43+00:00","mainEntityOfPage":{"@id":"https:\/\/www.salzburgerland.com\/de\/magazin\/entdeckung-der-langsamkeit\/"},"wordCount":523,"commentCount":0,"publisher":{"@id":"https:\/\/www.salzburgerland.com\/de\/magazin\/#organization"},"image":{"@id":"https:\/\/www.salzburgerland.com\/de\/magazin\/entdeckung-der-langsamkeit\/#primaryimage"},"thumbnailUrl":"https:\/\/www.salzburgerland.com\/de\/magazin\/wp-content\/uploads\/2013\/09\/RastmBuch.jpg","articleSection":["Gesundheit"],"inLanguage":"de","potentialAction":[{"@type":"CommentAction","name":"Comment","target":["https:\/\/www.salzburgerland.com\/de\/magazin\/entdeckung-der-langsamkeit\/#respond"]}]},{"@type":"WebPage","@id":"https:\/\/www.salzburgerland.com\/de\/magazin\/entdeckung-der-langsamkeit\/","url":"https:\/\/www.salzburgerland.com\/de\/magazin\/entdeckung-der-langsamkeit\/","name":"Entdeckung der Langsamkeit - SalzburgerLand Magazin","isPartOf":{"@id":"https:\/\/www.salzburgerland.com\/de\/magazin\/#website"},"primaryImageOfPage":{"@id":"https:\/\/www.salzburgerland.com\/de\/magazin\/entdeckung-der-langsamkeit\/#primaryimage"},"image":{"@id":"https:\/\/www.salzburgerland.com\/de\/magazin\/entdeckung-der-langsamkeit\/#primaryimage"},"thumbnailUrl":"https:\/\/www.salzburgerland.com\/de\/magazin\/wp-content\/uploads\/2013\/09\/RastmBuch.jpg","datePublished":"2013-10-02T07:03:36+00:00","dateModified":"2019-06-26T18:20:43+00:00","breadcrumb":{"@id":"https:\/\/www.salzburgerland.com\/de\/magazin\/entdeckung-der-langsamkeit\/#breadcrumb"},"inLanguage":"de","potentialAction":[{"@type":"ReadAction","target":["https:\/\/www.salzburgerland.com\/de\/magazin\/entdeckung-der-langsamkeit\/"]}]},{"@type":"ImageObject","inLanguage":"de","@id":"https:\/\/www.salzburgerland.com\/de\/magazin\/entdeckung-der-langsamkeit\/#primaryimage","url":"https:\/\/www.salzburgerland.com\/de\/magazin\/wp-content\/uploads\/2013\/09\/RastmBuch.jpg","contentUrl":"https:\/\/www.salzburgerland.com\/de\/magazin\/wp-content\/uploads\/2013\/09\/RastmBuch.jpg","width":1600,"height":1000},{"@type":"BreadcrumbList","@id":"https:\/\/www.salzburgerland.com\/de\/magazin\/entdeckung-der-langsamkeit\/#breadcrumb","itemListElement":[{"@type":"ListItem","position":1,"name":"Startseite","item":"https:\/\/www.salzburgerland.com\/de\/magazin\/"},{"@type":"ListItem","position":2,"name":"Gesundheit","item":"https:\/\/www.salzburgerland.com\/de\/magazin\/thema\/gesundheit\/"},{"@type":"ListItem","position":3,"name":"Entdeckung der Langsamkeit"}]},{"@type":"WebSite","@id":"https:\/\/www.salzburgerland.com\/de\/magazin\/#website","url":"https:\/\/www.salzburgerland.com\/de\/magazin\/","name":"SalzburgerLand Magazin","description":"Geschichten und Interessantes aus dem SalzburgerLand","publisher":{"@id":"https:\/\/www.salzburgerland.com\/de\/magazin\/#organization"},"potentialAction":[{"@type":"SearchAction","target":{"@type":"EntryPoint","urlTemplate":"https:\/\/www.salzburgerland.com\/de\/magazin\/?s={search_term_string}"},"query-input":{"@type":"PropertyValueSpecification","valueRequired":true,"valueName":"search_term_string"}}],"inLanguage":"de"},{"@type":"Organization","@id":"https:\/\/www.salzburgerland.com\/de\/magazin\/#organization","name":"SalzburgerLand Tourismus","url":"https:\/\/www.salzburgerland.com\/de\/magazin\/","logo":{"@type":"ImageObject","inLanguage":"de","@id":"https:\/\/www.salzburgerland.com\/de\/magazin\/#\/schema\/logo\/image\/","url":"https:\/\/www.salzburgerland.com\/de\/magazin\/wp-content\/uploads\/2019\/06\/salzburgerland-logo1.jpg","contentUrl":"https:\/\/www.salzburgerland.com\/de\/magazin\/wp-content\/uploads\/2019\/06\/salzburgerland-logo1.jpg","width":2011,"height":866,"caption":"SalzburgerLand Tourismus"},"image":{"@id":"https:\/\/www.salzburgerland.com\/de\/magazin\/#\/schema\/logo\/image\/"},"sameAs":["https:\/\/www.facebook.com\/salzburgerland\/","https:\/\/x.com\/Salzburgerland","https:\/\/www.instagram.com\/salzburgerland\/","https:\/\/at.linkedin.com\/company\/salzburgerland-tourismus-gmbh","https:\/\/www.pinterest.at\/salzburgerland\/","https:\/\/www.youtube.com\/user\/salzburgerland","https:\/\/de.wikipedia.org\/wiki\/SalzburgerLand_Tourismus_GmbH"]},{"@type":"Person","@id":"https:\/\/www.salzburgerland.com\/de\/magazin\/#\/schema\/person\/0cd712588b834668bcd33d7a0668adb3","name":"Maria Riedler","description":"Ein Bild sagt mehr als tausend Worte, hei\u00dft es. Aber genauso wichtig ist die Geschichte dazu. Spannende Texte haben nicht nur einen gro\u00dfen Effekt auf unsere Wahrnehmung, sie lassen auch das Kopfkino in uns starten! Den Dingen nachzusp\u00fcren und auf den Grund zu gehen, das geh\u00f6rt jedenfalls seit meiner Jugendzeit zu mir ... Maria Riedler studierte neben ihrer T\u00e4tigkeit als Kinderkrankenschwester Publizistik und P\u00e4dagogik. Nach dem Studium verbrachte sie \u00fcber zwei Jahre in Australien, wo sie f\u00fcr den staatlichen Rundfunk SBS arbeitete. Anschlie\u00dfend war sie f\u00fcnf Jahre freie Mitarbeiterin im ORF Landesstudio Salzburg, weiters Kommunikationsbeauftragte beim Arbeitskreis f\u00fcr Vorsorgemedizin Salzburg (AVOS), war freiberufliche Journalistin bei der Salzburgerin und ist als Redakteurin f\u00fcr die Pongauer Nachrichten t\u00e4tig. Neben Schreiben, Fotografieren und Lesen liebt sie vor allem unsere Berge und ist ehrenamtlich Bergrettungshundef\u00fchrerin und Pressereferentin der Bergrettung Salzburg. Dosige(r) oder Zuagroast? Eindeutig dosig - aus dem\u00a0einmaligen Lungau. Fr\u00fchling, Sommer, Herbst oder Winter? Nachdem ich auch einige Jahre in Australien gelebt habe, bin ich mir sicher, dass uns weltweit die Menschen um diese so unterschiedlich sch\u00f6nen und so facettenreichen Jahreszeiten beneiden. Luxushotel oder Almh\u00fctte? Obwohl so ein Luxushotel schon seine Reize hat, genie\u00dfe ich doch meist eher die Einsamkeit auf einer Almh\u00fctte\u2026. Mozart oder Hubert von Goisern? Wie sch\u00f6n, dass wir so begnadete Musiker haben!\u00a0Leider\u00a0gibt es f\u00fcr mich - wie so oft - siehe oben und unten :-) kein Entweder-Oder\u2026 Ausstellung oder Bergpanorama? \"Kunst w\u00e4scht den Staub des Alltag von der Seele\", meinte Pablo Picasso. \u00a0Die Berge und deren Traumpanorama brauche ich auch, um mir\u00a0neue Perspektiven vom Leben zu holen.\u00a0Also:\u00a0Es muss doch mehr als alles geben \u00a0- wahrscheinlich mein Lebensmotto, deshalb bitte keine weiteren Entweder-Oder Fragen!\u00a0:-) Wer jemals einen Sonnenaufgang oder Sonnenuntergang in unseren Bergen erlebt hat, wei\u00df um die Einmaligkeit dieser Bilder und Eindr\u00fccke.","url":"https:\/\/www.salzburgerland.com\/de\/magazin\/author\/mriedler\/"}]}},"_wl_alt_label":[],"wl:entity_url":"http:\/\/open.salzburgerland.com\/magazin\/post\/entdeckung_der_langsamkeit","_links":{"self":[{"href":"https:\/\/www.salzburgerland.com\/de\/magazin\/wp-json\/wp\/v2\/posts\/62840","targetHints":{"allow":["GET"]}}],"collection":[{"href":"https:\/\/www.salzburgerland.com\/de\/magazin\/wp-json\/wp\/v2\/posts"}],"about":[{"href":"https:\/\/www.salzburgerland.com\/de\/magazin\/wp-json\/wp\/v2\/types\/post"}],"author":[{"embeddable":true,"href":"https:\/\/www.salzburgerland.com\/de\/magazin\/wp-json\/wp\/v2\/users\/217"}],"replies":[{"embeddable":true,"href":"https:\/\/www.salzburgerland.com\/de\/magazin\/wp-json\/wp\/v2\/comments?post=62840"}],"version-history":[{"count":0,"href":"https:\/\/www.salzburgerland.com\/de\/magazin\/wp-json\/wp\/v2\/posts\/62840\/revisions"}],"wp:featuredmedia":[{"embeddable":true,"href":"https:\/\/www.salzburgerland.com\/de\/magazin\/wp-json\/wp\/v2\/media\/62847"}],"wp:attachment":[{"href":"https:\/\/www.salzburgerland.com\/de\/magazin\/wp-json\/wp\/v2\/media?parent=62840"}],"wp:term":[{"taxonomy":"category","embeddable":true,"href":"https:\/\/www.salzburgerland.com\/de\/magazin\/wp-json\/wp\/v2\/categories?post=62840"},{"taxonomy":"post_tag","embeddable":true,"href":"https:\/\/www.salzburgerland.com\/de\/magazin\/wp-json\/wp\/v2\/tags?post=62840"},{"taxonomy":"wl_entity_type","embeddable":true,"href":"https:\/\/www.salzburgerland.com\/de\/magazin\/wp-json\/wp\/v2\/wl_entity_type?post=62840"},{"taxonomy":"monatsauswahl","embeddable":true,"href":"https:\/\/www.salzburgerland.com\/de\/magazin\/wp-json\/wp\/v2\/monatsauswahl?post=62840"}],"curies":[{"name":"wp","href":"https:\/\/api.w.org\/{rel}","templated":true}]}}