{"id":53753,"date":"2013-09-23T17:06:32","date_gmt":"2013-09-23T15:06:32","guid":{"rendered":"http:\/\/magazin.salzburgerland.com\/?p=53753"},"modified":"2019-06-26T20:20:51","modified_gmt":"2019-06-26T18:20:51","slug":"schindeln-eine-fast-vergessene-handwerkskunst","status":"publish","type":"post","link":"https:\/\/www.salzburgerland.com\/de\/magazin\/schindeln-eine-fast-vergessene-handwerkskunst\/","title":{"rendered":"Schindeln &#8211; eine fast vergessene Handwerkskunst"},"content":{"rendered":"<p>Bernhard Ponemayr hat schon als Bub Schindeln gemacht. Er stellt sie f\u00fcr das <a href=\"http:\/\/www.annaberg-lungoetz.com\/de\/sommer\/heimatmuseum.html\" target=\"_blank\" rel=\"noopener noreferrer\">Annaberger Heimatmuseum Denkmalhof Gererhof <\/a>gemeinsam mit helfenden H\u00e4nden noch immer her.<\/p>\n<p>Die Wanderung zum rund 400 Jahre alten Denkmalhof Gererhof in Annaberg f\u00fchrt vorbei an satt-gr\u00fcnen Wiesen und dunklen W\u00e4ldern. K\u00fche beobachten neugierig die Vorbeikommenden. Schon von weitem ist der idyllisch gelegene Gererhof mit dem Legschindeldach und dem Glockenturm zu sehen. Rote Blumen schm\u00fccken den Balkon. Bernhard Ponemayr (76) sieht im Garten nach dem Rechten. Dann sucht er das geeignete Holz zum Schindel spalten. &#8222;Am besten eignet sich die L\u00e4rche. Diese B\u00e4ume sind bei uns normalerweise so gewachsen, dass sie Wind und Wetter lange standhalten k\u00f6nnen&#8220;, erkl\u00e4rt der ehemalige Bankdirektor. Seit \u00fcber zehn Jahren ist der Bauernsohn Kustos des Heimatmuseum. Die Handwerksk\u00fcnste wie Schmieden und Schindelmachen hatte er als Bub von seinem Vater gelernt.<\/p>\n<p><strong>Der kleine Finger zeigt zum Zaun, der Daumen zum Dach<br \/>\n<\/strong>&#8222;Das Schindelmachen beginnt beim Aussuchen des Holzes im Wald. Normalerweise passiert das im Winter&#8220;, erkl\u00e4rt er. F\u00fcr das Dach verwendet Ponemayr nur rechtsdrehendes Holz. &#8222;Ich lege die Hand auf den Stamm. Wenn sich das Holz dahin dreht wo der Daumen hinzeigt, ist es f\u00fcr das Dach geeignet. Wo der kleine Finger hinzeigt, ist es Zaunholz&#8220;, sagt Ponemayr.<br \/>\nDann beginnt das Spalten. &#8222;Es ist wichtig, dass gespalten und nicht ges\u00e4gt wird. Durch das Spalten wird der nat\u00fcrliche Faserverlauf des Holzes nicht zerst\u00f6rt. Damit kann das Wasser durch die Riefen abrinnen&#8220;, erkl\u00e4rt der Schindelmacher. Wenn die Riefen fehlen, sauge sich das Holz mit Wasser voll und es faule schneller. Danach nimmt er den Holzhammer zur Hand. Mit gezielten und kr\u00e4ftigen Schl\u00e4gen spaltet Ponemayr auf einem Klotz gut 15 Millimeter dicke Schindeln.<\/p>\n<p><strong>Zum Schindel machen braucht&#8217;s a Schneid<br \/>\n<\/strong>Dann nimmt er Platz auf der h\u00f6lzernen Hoanzelbank. \u00dcber ein Pedal, das mit dem Fu\u00df bet\u00e4tigt wird, klemmt er die erste Schindel fest. Er bearbeitet diese mit einem scharfen Ziehmesser mit zwei Griffen so flink, dass die Sp\u00e4ne nur so fliegen. &#8222;Zum Schindelmachen braucht&#8217;s a guate Schneid&#8220;, betont Ponemayr. Zum Abschluss spranzt (abrunden) er die Schindeln. &#8222;Wenn einer gut gearbeitet hat, hat er f\u00fcnf Quadratmeter Schindeln am Tag gemacht&#8220;, erz\u00e4hlt er. Das Heimatmuseum in Annaberg hat noch ein Legschindeldach. Vier bis f\u00fcnf Jahre bleiben die gut 80 Zentimeter langen Schindeln auf dem Dach. Dann werden sie gedreht und die verwitterte Seite kommt nach unten. &#8222;Nach viermal drehen sind die Schindeln am Ende. Dann kann ich sie nicht mehr verwenden&#8220;, sagt Ponemayr. Fr\u00fcher legten die Bauern jedes Jahr ein Viertel des Hausdaches neu. Ponemayr und seine Helfer machen das gesamte Dach alle vier Jahre auf einmal.<\/p>\n<div class=\"mag-gallery\"><div class=\"row\"><div class=\"col-6 col-sm-4\"><figure><a class=\"thumb-container\" href=\"https:\/\/www.salzburgerland.com\/de\/magazin\/wp-content\/uploads\/2013\/09\/Schindeln-25-1280x1024.jpg\">\t<picture><source media=\"(min-width: 576px)\" srcset=\"https:\/\/www.salzburgerland.com\/de\/magazin\/wp-content\/uploads\/2013\/09\/Schindeln-25-325x209.jpg 325w, https:\/\/www.salzburgerland.com\/de\/magazin\/wp-content\/uploads\/2013\/09\/Schindeln-25-249x160.jpg 249w\" \/><source media=\"(min-width: 0)\" srcset=\"https:\/\/www.salzburgerland.com\/de\/magazin\/wp-content\/uploads\/2013\/09\/Schindeln-25-249x160.jpg 249w, https:\/\/www.salzburgerland.com\/de\/magazin\/wp-content\/uploads\/2013\/09\/Schindeln-25-325x209.jpg 325w\" \/><img decoding=\"async\" alt=\"Traditionelles Alpengeb\u00e4ude mit Holzbalkon, Blumen und einem Schild mit der Aufschrift Gererhof im Vordergrund.\" src=\"https:\/\/www.salzburgerland.com\/de\/magazin\/wp-content\/uploads\/2013\/09\/Schindeln-25.jpg\" \/>\t<\/picture><\/a><\/figure><\/div><div class=\"col-6 col-sm-4\"><figure><a class=\"thumb-container\" href=\"https:\/\/www.salzburgerland.com\/de\/magazin\/wp-content\/uploads\/2013\/09\/Schindeln-2-1280x1024.jpg\">\t<picture><source media=\"(min-width: 576px)\" srcset=\"https:\/\/www.salzburgerland.com\/de\/magazin\/wp-content\/uploads\/2013\/09\/Schindeln-2-325x209.jpg 325w, https:\/\/www.salzburgerland.com\/de\/magazin\/wp-content\/uploads\/2013\/09\/Schindeln-2-249x160.jpg 249w\" \/><source media=\"(min-width: 0)\" srcset=\"https:\/\/www.salzburgerland.com\/de\/magazin\/wp-content\/uploads\/2013\/09\/Schindeln-2-249x160.jpg 249w, https:\/\/www.salzburgerland.com\/de\/magazin\/wp-content\/uploads\/2013\/09\/Schindeln-2-325x209.jpg 325w\" \/><img decoding=\"async\" alt=\"Altes Holzhaus mit einem Schindeldach, kleinen Fenstern und bewaldeten H\u00fcgeln im Hintergrund.\" src=\"https:\/\/www.salzburgerland.com\/de\/magazin\/wp-content\/uploads\/2013\/09\/Schindeln-2.jpg\" \/>\t<\/picture><\/a><\/figure><\/div><div class=\"col-6 col-sm-4\"><figure><a class=\"thumb-container\" href=\"https:\/\/www.salzburgerland.com\/de\/magazin\/wp-content\/uploads\/2013\/09\/Schindeln-1-1280x1024.jpg\">\t<picture><source media=\"(min-width: 576px)\" srcset=\"https:\/\/www.salzburgerland.com\/de\/magazin\/wp-content\/uploads\/2013\/09\/Schindeln-1-325x209.jpg 325w, https:\/\/www.salzburgerland.com\/de\/magazin\/wp-content\/uploads\/2013\/09\/Schindeln-1-249x160.jpg 249w\" \/><source media=\"(min-width: 0)\" srcset=\"https:\/\/www.salzburgerland.com\/de\/magazin\/wp-content\/uploads\/2013\/09\/Schindeln-1-249x160.jpg 249w, https:\/\/www.salzburgerland.com\/de\/magazin\/wp-content\/uploads\/2013\/09\/Schindeln-1-325x209.jpg 325w\" \/><img decoding=\"async\" alt=\"Ein h\u00f6lzernes Dach mit verstreuten Steinen und einer dekorativen Turmspitze vor einem bewaldeten H\u00fcgel.\" src=\"https:\/\/www.salzburgerland.com\/de\/magazin\/wp-content\/uploads\/2013\/09\/Schindeln-1.jpg\" \/>\t<\/picture><\/a><\/figure><\/div><div class=\"col-6 col-sm-4\"><figure><a class=\"thumb-container\" href=\"https:\/\/www.salzburgerland.com\/de\/magazin\/wp-content\/uploads\/2013\/09\/Schindeln-6-1280x1024.jpg\">\t<picture><source media=\"(min-width: 576px)\" srcset=\"https:\/\/www.salzburgerland.com\/de\/magazin\/wp-content\/uploads\/2013\/09\/Schindeln-6-325x209.jpg 325w, https:\/\/www.salzburgerland.com\/de\/magazin\/wp-content\/uploads\/2013\/09\/Schindeln-6-249x160.jpg 249w\" \/><source media=\"(min-width: 0)\" srcset=\"https:\/\/www.salzburgerland.com\/de\/magazin\/wp-content\/uploads\/2013\/09\/Schindeln-6-249x160.jpg 249w, https:\/\/www.salzburgerland.com\/de\/magazin\/wp-content\/uploads\/2013\/09\/Schindeln-6-325x209.jpg 325w\" \/><img decoding=\"async\" alt=\"\u00c4lterer Mann mit Hut und Sch\u00fcrze spaltet Holz mit einer Axt und einem Hammer in einem rustikalen Holzgeb\u00e4ude.\" src=\"https:\/\/www.salzburgerland.com\/de\/magazin\/wp-content\/uploads\/2013\/09\/Schindeln-6.jpg\" \/>\t<\/picture><\/a><\/figure><\/div><div class=\"col-6 col-sm-4\"><figure><a class=\"thumb-container\" href=\"https:\/\/www.salzburgerland.com\/de\/magazin\/wp-content\/uploads\/2013\/09\/Schindeln-8-1280x1024.jpg\">\t<picture><source media=\"(min-width: 576px)\" srcset=\"https:\/\/www.salzburgerland.com\/de\/magazin\/wp-content\/uploads\/2013\/09\/Schindeln-8-325x209.jpg 325w, https:\/\/www.salzburgerland.com\/de\/magazin\/wp-content\/uploads\/2013\/09\/Schindeln-8-249x160.jpg 249w\" \/><source media=\"(min-width: 0)\" srcset=\"https:\/\/www.salzburgerland.com\/de\/magazin\/wp-content\/uploads\/2013\/09\/Schindeln-8-249x160.jpg 249w, https:\/\/www.salzburgerland.com\/de\/magazin\/wp-content\/uploads\/2013\/09\/Schindeln-8-325x209.jpg 325w\" \/><img decoding=\"async\" alt=\"Person in blauer Sch\u00fcrze spaltet Holz mit einer Axt an einem Baumstumpf; daneben sind Holzbretter gestapelt.\" src=\"https:\/\/www.salzburgerland.com\/de\/magazin\/wp-content\/uploads\/2013\/09\/Schindeln-8.jpg\" \/>\t<\/picture><\/a><\/figure><\/div><div class=\"col-6 col-sm-4\"><figure><a class=\"thumb-container\" href=\"https:\/\/www.salzburgerland.com\/de\/magazin\/wp-content\/uploads\/2013\/09\/Schindeln-13-1280x1024.jpg\">\t<picture><source media=\"(min-width: 576px)\" srcset=\"https:\/\/www.salzburgerland.com\/de\/magazin\/wp-content\/uploads\/2013\/09\/Schindeln-13-325x209.jpg 325w, https:\/\/www.salzburgerland.com\/de\/magazin\/wp-content\/uploads\/2013\/09\/Schindeln-13-249x160.jpg 249w\" \/><source media=\"(min-width: 0)\" srcset=\"https:\/\/www.salzburgerland.com\/de\/magazin\/wp-content\/uploads\/2013\/09\/Schindeln-13-249x160.jpg 249w, https:\/\/www.salzburgerland.com\/de\/magazin\/wp-content\/uploads\/2013\/09\/Schindeln-13-325x209.jpg 325w\" \/><img decoding=\"async\" alt=\"Nahaufnahme eines geschnitzten Holzobjekts mit einer Schnur, die zwischen Holzbrettern liegt.\" src=\"https:\/\/www.salzburgerland.com\/de\/magazin\/wp-content\/uploads\/2013\/09\/Schindeln-13.jpg\" \/>\t<\/picture><\/a><\/figure><\/div><div class=\"col-6 col-sm-4\"><figure><a class=\"thumb-container\" href=\"https:\/\/www.salzburgerland.com\/de\/magazin\/wp-content\/uploads\/2013\/09\/Schindeln-12-1280x1024.jpg\">\t<picture><source media=\"(min-width: 576px)\" srcset=\"https:\/\/www.salzburgerland.com\/de\/magazin\/wp-content\/uploads\/2013\/09\/Schindeln-12-325x209.jpg 325w, https:\/\/www.salzburgerland.com\/de\/magazin\/wp-content\/uploads\/2013\/09\/Schindeln-12-249x160.jpg 249w\" \/><source media=\"(min-width: 0)\" srcset=\"https:\/\/www.salzburgerland.com\/de\/magazin\/wp-content\/uploads\/2013\/09\/Schindeln-12-249x160.jpg 249w, https:\/\/www.salzburgerland.com\/de\/magazin\/wp-content\/uploads\/2013\/09\/Schindeln-12-325x209.jpg 325w\" \/><img decoding=\"async\" alt=\"\u00c4lterer Mann mit Strohhut schnitzt in einer rustikalen Werkstatt mit Handwerkzeugen Holz.\" src=\"https:\/\/www.salzburgerland.com\/de\/magazin\/wp-content\/uploads\/2013\/09\/Schindeln-12.jpg\" \/>\t<\/picture><\/a><\/figure><\/div><div class=\"col-6 col-sm-4\"><figure><a class=\"thumb-container\" href=\"https:\/\/www.salzburgerland.com\/de\/magazin\/wp-content\/uploads\/2013\/09\/Schindeln-7-1280x1024.jpg\">\t<picture><source media=\"(min-width: 576px)\" srcset=\"https:\/\/www.salzburgerland.com\/de\/magazin\/wp-content\/uploads\/2013\/09\/Schindeln-7-325x209.jpg 325w, https:\/\/www.salzburgerland.com\/de\/magazin\/wp-content\/uploads\/2013\/09\/Schindeln-7-249x160.jpg 249w\" \/><source media=\"(min-width: 0)\" srcset=\"https:\/\/www.salzburgerland.com\/de\/magazin\/wp-content\/uploads\/2013\/09\/Schindeln-7-249x160.jpg 249w, https:\/\/www.salzburgerland.com\/de\/magazin\/wp-content\/uploads\/2013\/09\/Schindeln-7-325x209.jpg 325w\" \/><img decoding=\"async\" alt=\"Person, die mit einem Ziehmesser ein St\u00fcck Holz formt, mit blauer Sch\u00fcrze.\" src=\"https:\/\/www.salzburgerland.com\/de\/magazin\/wp-content\/uploads\/2013\/09\/Schindeln-7.jpg\" \/>\t<\/picture><\/a><\/figure><\/div><div class=\"col-6 col-sm-4\"><figure><a class=\"thumb-container\" href=\"https:\/\/www.salzburgerland.com\/de\/magazin\/wp-content\/uploads\/2013\/09\/Schindeln5--1280x1024.jpg\">\t<picture><source media=\"(min-width: 576px)\" srcset=\"https:\/\/www.salzburgerland.com\/de\/magazin\/wp-content\/uploads\/2013\/09\/Schindeln5--325x209.jpg 325w, https:\/\/www.salzburgerland.com\/de\/magazin\/wp-content\/uploads\/2013\/09\/Schindeln5--249x160.jpg 249w\" \/><source media=\"(min-width: 0)\" srcset=\"https:\/\/www.salzburgerland.com\/de\/magazin\/wp-content\/uploads\/2013\/09\/Schindeln5--249x160.jpg 249w, https:\/\/www.salzburgerland.com\/de\/magazin\/wp-content\/uploads\/2013\/09\/Schindeln5--325x209.jpg 325w\" \/><img decoding=\"async\" alt=\"Eine Person in einer blauen Sch\u00fcrze h\u00e4lt und untersucht ein d\u00fcnnes Holzbrett in einer Werkstatt.\" src=\"https:\/\/www.salzburgerland.com\/de\/magazin\/wp-content\/uploads\/2013\/09\/Schindeln5-.jpg\" \/>\t<\/picture><\/a><\/figure><\/div><div class=\"col-6 col-sm-4\"><figure><a class=\"thumb-container\" href=\"https:\/\/www.salzburgerland.com\/de\/magazin\/wp-content\/uploads\/2013\/09\/Schindeln-11-1280x1024.jpg\">\t<picture><source media=\"(min-width: 576px)\" srcset=\"https:\/\/www.salzburgerland.com\/de\/magazin\/wp-content\/uploads\/2013\/09\/Schindeln-11-325x209.jpg 325w, https:\/\/www.salzburgerland.com\/de\/magazin\/wp-content\/uploads\/2013\/09\/Schindeln-11-249x160.jpg 249w\" \/><source media=\"(min-width: 0)\" srcset=\"https:\/\/www.salzburgerland.com\/de\/magazin\/wp-content\/uploads\/2013\/09\/Schindeln-11-249x160.jpg 249w, https:\/\/www.salzburgerland.com\/de\/magazin\/wp-content\/uploads\/2013\/09\/Schindeln-11-325x209.jpg 325w\" \/><img decoding=\"async\" alt=\"Person in blaukariertem Hemd, die ein verwittertes Holzbrett mit dunklen Flecken h\u00e4lt und darauf gestikuliert.\" src=\"https:\/\/www.salzburgerland.com\/de\/magazin\/wp-content\/uploads\/2013\/09\/Schindeln-11.jpg\" \/>\t<\/picture><\/a><\/figure><\/div><div class=\"col-6 col-sm-4\"><figure><a class=\"thumb-container\" href=\"https:\/\/www.salzburgerland.com\/de\/magazin\/wp-content\/uploads\/2013\/09\/Schindeln-10-1280x1024.jpg\">\t<picture><source media=\"(min-width: 576px)\" srcset=\"https:\/\/www.salzburgerland.com\/de\/magazin\/wp-content\/uploads\/2013\/09\/Schindeln-10-325x209.jpg 325w, https:\/\/www.salzburgerland.com\/de\/magazin\/wp-content\/uploads\/2013\/09\/Schindeln-10-249x160.jpg 249w\" \/><source media=\"(min-width: 0)\" srcset=\"https:\/\/www.salzburgerland.com\/de\/magazin\/wp-content\/uploads\/2013\/09\/Schindeln-10-249x160.jpg 249w, https:\/\/www.salzburgerland.com\/de\/magazin\/wp-content\/uploads\/2013\/09\/Schindeln-10-325x209.jpg 325w\" \/><img decoding=\"async\" alt=\"Nahaufnahme eines rustikalen Holzdachs mit Balken und verwitterten Holzschindeln.\" src=\"https:\/\/www.salzburgerland.com\/de\/magazin\/wp-content\/uploads\/2013\/09\/Schindeln-10.jpg\" \/>\t<\/picture><\/a><\/figure><\/div><div class=\"col-6 col-sm-4\"><figure><a class=\"thumb-container\" href=\"https:\/\/www.salzburgerland.com\/de\/magazin\/wp-content\/uploads\/2013\/09\/Schindeln-9-1280x1024.jpg\">\t<picture><source media=\"(min-width: 576px)\" srcset=\"https:\/\/www.salzburgerland.com\/de\/magazin\/wp-content\/uploads\/2013\/09\/Schindeln-9-325x209.jpg 325w, https:\/\/www.salzburgerland.com\/de\/magazin\/wp-content\/uploads\/2013\/09\/Schindeln-9-249x160.jpg 249w\" \/><source media=\"(min-width: 0)\" srcset=\"https:\/\/www.salzburgerland.com\/de\/magazin\/wp-content\/uploads\/2013\/09\/Schindeln-9-249x160.jpg 249w, https:\/\/www.salzburgerland.com\/de\/magazin\/wp-content\/uploads\/2013\/09\/Schindeln-9-325x209.jpg 325w\" \/><img decoding=\"async\" alt=\"Nahaufnahme von verwitterten Holzschindeln an einer Wand, eingerahmt von leichten Holzbalken oben und unten.\" src=\"https:\/\/www.salzburgerland.com\/de\/magazin\/wp-content\/uploads\/2013\/09\/Schindeln-9.jpg\" \/>\t<\/picture><\/a><\/figure><\/div><div class=\"col-6 col-sm-4\"><figure><a class=\"thumb-container\" href=\"https:\/\/www.salzburgerland.com\/de\/magazin\/wp-content\/uploads\/2013\/09\/Schindeln-15-1280x1024.jpg\">\t<picture><source media=\"(min-width: 576px)\" srcset=\"https:\/\/www.salzburgerland.com\/de\/magazin\/wp-content\/uploads\/2013\/09\/Schindeln-15-325x209.jpg 325w, https:\/\/www.salzburgerland.com\/de\/magazin\/wp-content\/uploads\/2013\/09\/Schindeln-15-249x160.jpg 249w\" \/><source media=\"(min-width: 0)\" srcset=\"https:\/\/www.salzburgerland.com\/de\/magazin\/wp-content\/uploads\/2013\/09\/Schindeln-15-249x160.jpg 249w, https:\/\/www.salzburgerland.com\/de\/magazin\/wp-content\/uploads\/2013\/09\/Schindeln-15-325x209.jpg 325w\" \/><img decoding=\"async\" alt=\"Ein gro\u00dfes Wespennest, das an einer Ecke eines Holzbalkens befestigt ist.\" src=\"https:\/\/www.salzburgerland.com\/de\/magazin\/wp-content\/uploads\/2013\/09\/Schindeln-15.jpg\" \/>\t<\/picture><\/a><\/figure><\/div><div class=\"col-6 col-sm-4\"><figure><a class=\"thumb-container\" href=\"https:\/\/www.salzburgerland.com\/de\/magazin\/wp-content\/uploads\/2013\/09\/Schindeln-14-1280x1024.jpg\">\t<picture><source media=\"(min-width: 576px)\" srcset=\"https:\/\/www.salzburgerland.com\/de\/magazin\/wp-content\/uploads\/2013\/09\/Schindeln-14-325x209.jpg 325w, https:\/\/www.salzburgerland.com\/de\/magazin\/wp-content\/uploads\/2013\/09\/Schindeln-14-249x160.jpg 249w\" \/><source media=\"(min-width: 0)\" srcset=\"https:\/\/www.salzburgerland.com\/de\/magazin\/wp-content\/uploads\/2013\/09\/Schindeln-14-249x160.jpg 249w, https:\/\/www.salzburgerland.com\/de\/magazin\/wp-content\/uploads\/2013\/09\/Schindeln-14-325x209.jpg 325w\" \/><img decoding=\"async\" alt=\"Eine Person, die mit ihren H\u00e4nden gespaltene Holzbretter auf einem Holzboden anordnet.\" src=\"https:\/\/www.salzburgerland.com\/de\/magazin\/wp-content\/uploads\/2013\/09\/Schindeln-14.jpg\" \/>\t<\/picture><\/a><\/figure><\/div><div class=\"col-6 col-sm-4\"><figure><a class=\"thumb-container\" href=\"https:\/\/www.salzburgerland.com\/de\/magazin\/wp-content\/uploads\/2013\/09\/Schindeln-16-1280x1024.jpg\">\t<picture><source media=\"(min-width: 576px)\" srcset=\"https:\/\/www.salzburgerland.com\/de\/magazin\/wp-content\/uploads\/2013\/09\/Schindeln-16-325x209.jpg 325w, https:\/\/www.salzburgerland.com\/de\/magazin\/wp-content\/uploads\/2013\/09\/Schindeln-16-249x160.jpg 249w\" \/><source media=\"(min-width: 0)\" srcset=\"https:\/\/www.salzburgerland.com\/de\/magazin\/wp-content\/uploads\/2013\/09\/Schindeln-16-249x160.jpg 249w, https:\/\/www.salzburgerland.com\/de\/magazin\/wp-content\/uploads\/2013\/09\/Schindeln-16-325x209.jpg 325w\" \/><img decoding=\"async\" alt=\"Ein Stapel d\u00fcnner, rechteckiger Holzbretter, die auf eine Holzfl\u00e4che gelegt werden.\" src=\"https:\/\/www.salzburgerland.com\/de\/magazin\/wp-content\/uploads\/2013\/09\/Schindeln-16.jpg\" \/>\t<\/picture><\/a><\/figure><\/div><div class=\"col-6 col-sm-4\"><figure><a class=\"thumb-container\" href=\"https:\/\/www.salzburgerland.com\/de\/magazin\/wp-content\/uploads\/2013\/09\/Schindeln-26jpg-1280x1024.jpg\">\t<picture><source media=\"(min-width: 576px)\" srcset=\"https:\/\/www.salzburgerland.com\/de\/magazin\/wp-content\/uploads\/2013\/09\/Schindeln-26jpg-325x209.jpg 325w, https:\/\/www.salzburgerland.com\/de\/magazin\/wp-content\/uploads\/2013\/09\/Schindeln-26jpg-249x160.jpg 249w\" \/><source media=\"(min-width: 0)\" srcset=\"https:\/\/www.salzburgerland.com\/de\/magazin\/wp-content\/uploads\/2013\/09\/Schindeln-26jpg-249x160.jpg 249w, https:\/\/www.salzburgerland.com\/de\/magazin\/wp-content\/uploads\/2013\/09\/Schindeln-26jpg-325x209.jpg 325w\" \/><img decoding=\"async\" alt=\"Drei Personen reparieren an einem klaren Tag ein Holzdach mit Bergen im Hintergrund.\" src=\"https:\/\/www.salzburgerland.com\/de\/magazin\/wp-content\/uploads\/2013\/09\/Schindeln-26jpg.jpg\" \/>\t<\/picture><\/a><\/figure><\/div><div class=\"col-6 col-sm-4\"><figure><a class=\"thumb-container\" href=\"https:\/\/www.salzburgerland.com\/de\/magazin\/wp-content\/uploads\/2013\/09\/Schindeln-21-1280x1024.jpg\">\t<picture><source media=\"(min-width: 576px)\" srcset=\"https:\/\/www.salzburgerland.com\/de\/magazin\/wp-content\/uploads\/2013\/09\/Schindeln-21-325x209.jpg 325w, https:\/\/www.salzburgerland.com\/de\/magazin\/wp-content\/uploads\/2013\/09\/Schindeln-21-249x160.jpg 249w\" \/><source media=\"(min-width: 0)\" srcset=\"https:\/\/www.salzburgerland.com\/de\/magazin\/wp-content\/uploads\/2013\/09\/Schindeln-21-249x160.jpg 249w, https:\/\/www.salzburgerland.com\/de\/magazin\/wp-content\/uploads\/2013\/09\/Schindeln-21-325x209.jpg 325w\" \/><img decoding=\"async\" alt=\"Eine hohe wei\u00dfe Kirche mit einem spitzen Kirchturm steht auf einem Dorfplatz unter einem teilweise bew\u00f6lkten Himmel.\" src=\"https:\/\/www.salzburgerland.com\/de\/magazin\/wp-content\/uploads\/2013\/09\/Schindeln-21.jpg\" \/>\t<\/picture><\/a><\/figure><\/div><div class=\"col-6 col-sm-4\"><figure><a class=\"thumb-container\" href=\"https:\/\/www.salzburgerland.com\/de\/magazin\/wp-content\/uploads\/2013\/09\/Schindeln-20-1280x1024.jpg\">\t<picture><source media=\"(min-width: 576px)\" srcset=\"\" \/><source media=\"(min-width: 0)\" srcset=\"https:\/\/www.salzburgerland.com\/de\/magazin\/wp-content\/uploads\/2013\/09\/Schindeln-20.jpg 1000w, https:\/\/www.salzburgerland.com\/de\/magazin\/wp-content\/uploads\/2013\/09\/Schindeln-20-199x300.jpg 199w, https:\/\/www.salzburgerland.com\/de\/magazin\/wp-content\/uploads\/2013\/09\/Schindeln-20-366x550.jpg 366w, https:\/\/www.salzburgerland.com\/de\/magazin\/wp-content\/uploads\/2013\/09\/Schindeln-20-266x400.jpg 266w\" \/><img decoding=\"async\" alt=\"Ein kleiner h\u00f6lzerner Schrein mit religi\u00f6sen Bildern steht inmitten von Gr\u00fcn und Wildblumen auf einem felsigen H\u00fcgel.\" src=\"https:\/\/www.salzburgerland.com\/de\/magazin\/wp-content\/uploads\/2013\/09\/Schindeln-20.jpg\" \/>\t<\/picture><\/a><\/figure><\/div><\/div><\/div><figcaption><\/figcaption>\n","protected":false},"excerpt":{"rendered":"<p>Bernhard Ponemayr hat schon als Bub Schindeln gemacht. Er stellt sie f\u00fcr das Annaberger Heimatmuseum Denkmalhof Gererhof gemeinsam mit helfenden H\u00e4nden noch immer her. Die Wanderung zum rund 400 Jahre alten Denkmalhof Gererhof in Annaberg f\u00fchrt vorbei an satt-gr\u00fcnen Wiesen und dunklen W\u00e4ldern. K\u00fche beobachten neugierig die Vorbeikommenden. Schon von weitem ist der idyllisch gelegene [&hellip;]<\/p>\n","protected":false},"author":236,"featured_media":53769,"comment_status":"open","ping_status":"open","sticky":false,"template":"","format":"standard","meta":{"_acf_changed":false,"wl_entities_gutenberg":"","_wl_entity_redirect_enabled":"","footnotes":""},"categories":[9],"tags":[],"wl_entity_type":[306],"monatsauswahl":[82,83,84,85,86,87,88,89,90,91,92,93],"class_list":["post-53753","post","type-post","status-publish","format-standard","has-post-thumbnail","hentry","category-sehenswurdig","wl_entity_type-article","monatsauswahl-monat_1","monatsauswahl-monat_2","monatsauswahl-monat_3","monatsauswahl-monat_4","monatsauswahl-monat_5","monatsauswahl-monat_6","monatsauswahl-monat_7","monatsauswahl-monat_8","monatsauswahl-monat_9","monatsauswahl-monat_10","monatsauswahl-monat_11","monatsauswahl-monat_12"],"acf":[],"yoast_head":"<!-- This site is optimized with the Yoast SEO Premium plugin v27.4 (Yoast SEO v27.4) - https:\/\/yoast.com\/product\/yoast-seo-premium-wordpress\/ -->\n<title>Schindeln - eine fast vergessene Handwerkskunst - SalzburgerLand Magazin<\/title>\n<meta name=\"description\" content=\"Bernhard Ponemayr hat schon als Bub Schindeln gemacht. Er stellt sie f\u00fcr das Annaberger Heimatmuseum Denkmalhof Gererhof gemeinsam mit helfenden H\u00e4nden noch immer her. Die Wanderung zum rund 400 Jahre alten Denkmalhof Gererhof in Annaberg f\u00fchrt vorbei an satt-gr\u00fcnen Wiesen und dunklen W\u00e4ldern. K\u00fche beobachten neugierig die Vorbeikommenden. Schon von weitem ist der idyllisch gelegene [&hellip;]\" \/>\n<meta name=\"robots\" content=\"index, follow, max-snippet:-1, max-image-preview:large, max-video-preview:-1\" \/>\n<link rel=\"canonical\" href=\"https:\/\/www.salzburgerland.com\/de\/magazin\/schindeln-eine-fast-vergessene-handwerkskunst\/\" \/>\n<meta property=\"og:locale\" content=\"de_DE\" \/>\n<meta property=\"og:type\" content=\"article\" \/>\n<meta property=\"og:title\" content=\"Schindeln - eine fast vergessene Handwerkskunst\" \/>\n<meta property=\"og:description\" content=\"Bernhard Ponemayr hat schon als Bub Schindeln gemacht. Er stellt sie f\u00fcr das Annaberger Heimatmuseum Denkmalhof Gererhof gemeinsam mit helfenden H\u00e4nden noch immer her. Die Wanderung zum rund 400 Jahre alten Denkmalhof Gererhof in Annaberg f\u00fchrt vorbei an satt-gr\u00fcnen Wiesen und dunklen W\u00e4ldern. K\u00fche beobachten neugierig die Vorbeikommenden. Schon von weitem ist der idyllisch gelegene [&hellip;]\" \/>\n<meta property=\"og:url\" content=\"https:\/\/www.salzburgerland.com\/de\/magazin\/schindeln-eine-fast-vergessene-handwerkskunst\/\" \/>\n<meta property=\"og:site_name\" content=\"SalzburgerLand Magazin\" \/>\n<meta property=\"article:publisher\" content=\"https:\/\/www.facebook.com\/salzburgerland\/\" \/>\n<meta property=\"article:published_time\" content=\"2013-09-23T15:06:32+00:00\" \/>\n<meta property=\"article:modified_time\" content=\"2019-06-26T18:20:51+00:00\" \/>\n<meta property=\"og:image\" content=\"https:\/\/www.salzburgerland.com\/de\/magazin\/wp-content\/uploads\/2013\/09\/Schindeln-12.jpg\" \/>\n\t<meta property=\"og:image:width\" content=\"1928\" \/>\n\t<meta property=\"og:image:height\" content=\"1277\" \/>\n\t<meta property=\"og:image:type\" content=\"image\/jpeg\" \/>\n<meta name=\"author\" content=\"Christine Fr\u00f6schl\" \/>\n<meta name=\"twitter:card\" content=\"summary_large_image\" \/>\n<meta name=\"twitter:creator\" content=\"@Salzburgerland\" \/>\n<meta name=\"twitter:site\" content=\"@Salzburgerland\" \/>\n<meta name=\"twitter:label1\" content=\"Verfasst von\" \/>\n\t<meta name=\"twitter:data1\" content=\"Christine Fr\u00f6schl\" \/>\n\t<meta name=\"twitter:label2\" content=\"Gesch\u00e4tzte Lesezeit\" \/>\n\t<meta name=\"twitter:data2\" content=\"2\u00a0Minuten\" \/>\n<script type=\"application\/ld+json\" class=\"yoast-schema-graph\">{\"@context\":\"https:\\\/\\\/schema.org\",\"@graph\":[{\"@type\":\"Article\",\"@id\":\"https:\\\/\\\/www.salzburgerland.com\\\/de\\\/magazin\\\/schindeln-eine-fast-vergessene-handwerkskunst\\\/#article\",\"isPartOf\":{\"@id\":\"https:\\\/\\\/www.salzburgerland.com\\\/de\\\/magazin\\\/schindeln-eine-fast-vergessene-handwerkskunst\\\/\"},\"author\":{\"name\":\"Christine Fr\u00f6schl\",\"@id\":\"https:\\\/\\\/www.salzburgerland.com\\\/de\\\/magazin\\\/#\\\/schema\\\/person\\\/7932db74f19d9640620859cb2b794c4e\"},\"headline\":\"Schindeln &#8211; eine fast vergessene Handwerkskunst\",\"datePublished\":\"2013-09-23T15:06:32+00:00\",\"dateModified\":\"2019-06-26T18:20:51+00:00\",\"mainEntityOfPage\":{\"@id\":\"https:\\\/\\\/www.salzburgerland.com\\\/de\\\/magazin\\\/schindeln-eine-fast-vergessene-handwerkskunst\\\/\"},\"wordCount\":463,\"commentCount\":0,\"publisher\":{\"@id\":\"https:\\\/\\\/www.salzburgerland.com\\\/de\\\/magazin\\\/#organization\"},\"image\":{\"@id\":\"https:\\\/\\\/www.salzburgerland.com\\\/de\\\/magazin\\\/schindeln-eine-fast-vergessene-handwerkskunst\\\/#primaryimage\"},\"thumbnailUrl\":\"https:\\\/\\\/www.salzburgerland.com\\\/de\\\/magazin\\\/wp-content\\\/uploads\\\/2013\\\/09\\\/Schindeln-12.jpg\",\"articleSection\":[\"Sehensw\u00fcrdig\"],\"inLanguage\":\"de\",\"potentialAction\":[{\"@type\":\"CommentAction\",\"name\":\"Comment\",\"target\":[\"https:\\\/\\\/www.salzburgerland.com\\\/de\\\/magazin\\\/schindeln-eine-fast-vergessene-handwerkskunst\\\/#respond\"]}]},{\"@type\":\"WebPage\",\"@id\":\"https:\\\/\\\/www.salzburgerland.com\\\/de\\\/magazin\\\/schindeln-eine-fast-vergessene-handwerkskunst\\\/\",\"url\":\"https:\\\/\\\/www.salzburgerland.com\\\/de\\\/magazin\\\/schindeln-eine-fast-vergessene-handwerkskunst\\\/\",\"name\":\"Schindeln - eine fast vergessene Handwerkskunst - SalzburgerLand Magazin\",\"isPartOf\":{\"@id\":\"https:\\\/\\\/www.salzburgerland.com\\\/de\\\/magazin\\\/#website\"},\"primaryImageOfPage\":{\"@id\":\"https:\\\/\\\/www.salzburgerland.com\\\/de\\\/magazin\\\/schindeln-eine-fast-vergessene-handwerkskunst\\\/#primaryimage\"},\"image\":{\"@id\":\"https:\\\/\\\/www.salzburgerland.com\\\/de\\\/magazin\\\/schindeln-eine-fast-vergessene-handwerkskunst\\\/#primaryimage\"},\"thumbnailUrl\":\"https:\\\/\\\/www.salzburgerland.com\\\/de\\\/magazin\\\/wp-content\\\/uploads\\\/2013\\\/09\\\/Schindeln-12.jpg\",\"datePublished\":\"2013-09-23T15:06:32+00:00\",\"dateModified\":\"2019-06-26T18:20:51+00:00\",\"breadcrumb\":{\"@id\":\"https:\\\/\\\/www.salzburgerland.com\\\/de\\\/magazin\\\/schindeln-eine-fast-vergessene-handwerkskunst\\\/#breadcrumb\"},\"inLanguage\":\"de\",\"potentialAction\":[{\"@type\":\"ReadAction\",\"target\":[\"https:\\\/\\\/www.salzburgerland.com\\\/de\\\/magazin\\\/schindeln-eine-fast-vergessene-handwerkskunst\\\/\"]}]},{\"@type\":\"ImageObject\",\"inLanguage\":\"de\",\"@id\":\"https:\\\/\\\/www.salzburgerland.com\\\/de\\\/magazin\\\/schindeln-eine-fast-vergessene-handwerkskunst\\\/#primaryimage\",\"url\":\"https:\\\/\\\/www.salzburgerland.com\\\/de\\\/magazin\\\/wp-content\\\/uploads\\\/2013\\\/09\\\/Schindeln-12.jpg\",\"contentUrl\":\"https:\\\/\\\/www.salzburgerland.com\\\/de\\\/magazin\\\/wp-content\\\/uploads\\\/2013\\\/09\\\/Schindeln-12.jpg\",\"width\":1928,\"height\":1277,\"caption\":\"Mit dem Messer bearbeiten\"},{\"@type\":\"BreadcrumbList\",\"@id\":\"https:\\\/\\\/www.salzburgerland.com\\\/de\\\/magazin\\\/schindeln-eine-fast-vergessene-handwerkskunst\\\/#breadcrumb\",\"itemListElement\":[{\"@type\":\"ListItem\",\"position\":1,\"name\":\"Startseite\",\"item\":\"https:\\\/\\\/www.salzburgerland.com\\\/de\\\/magazin\\\/\"},{\"@type\":\"ListItem\",\"position\":2,\"name\":\"Sehensw\u00fcrdig\",\"item\":\"https:\\\/\\\/www.salzburgerland.com\\\/de\\\/magazin\\\/thema\\\/sehenswurdig\\\/\"},{\"@type\":\"ListItem\",\"position\":3,\"name\":\"Schindeln &#8211; eine fast vergessene Handwerkskunst\"}]},{\"@type\":\"WebSite\",\"@id\":\"https:\\\/\\\/www.salzburgerland.com\\\/de\\\/magazin\\\/#website\",\"url\":\"https:\\\/\\\/www.salzburgerland.com\\\/de\\\/magazin\\\/\",\"name\":\"SalzburgerLand Magazin\",\"description\":\"Geschichten und Interessantes aus dem SalzburgerLand\",\"publisher\":{\"@id\":\"https:\\\/\\\/www.salzburgerland.com\\\/de\\\/magazin\\\/#organization\"},\"potentialAction\":[{\"@type\":\"SearchAction\",\"target\":{\"@type\":\"EntryPoint\",\"urlTemplate\":\"https:\\\/\\\/www.salzburgerland.com\\\/de\\\/magazin\\\/?s={search_term_string}\"},\"query-input\":{\"@type\":\"PropertyValueSpecification\",\"valueRequired\":true,\"valueName\":\"search_term_string\"}}],\"inLanguage\":\"de\"},{\"@type\":\"Organization\",\"@id\":\"https:\\\/\\\/www.salzburgerland.com\\\/de\\\/magazin\\\/#organization\",\"name\":\"SalzburgerLand Tourismus\",\"url\":\"https:\\\/\\\/www.salzburgerland.com\\\/de\\\/magazin\\\/\",\"logo\":{\"@type\":\"ImageObject\",\"inLanguage\":\"de\",\"@id\":\"https:\\\/\\\/www.salzburgerland.com\\\/de\\\/magazin\\\/#\\\/schema\\\/logo\\\/image\\\/\",\"url\":\"https:\\\/\\\/www.salzburgerland.com\\\/de\\\/magazin\\\/wp-content\\\/uploads\\\/2019\\\/06\\\/salzburgerland-logo1.jpg\",\"contentUrl\":\"https:\\\/\\\/www.salzburgerland.com\\\/de\\\/magazin\\\/wp-content\\\/uploads\\\/2019\\\/06\\\/salzburgerland-logo1.jpg\",\"width\":2011,\"height\":866,\"caption\":\"SalzburgerLand Tourismus\"},\"image\":{\"@id\":\"https:\\\/\\\/www.salzburgerland.com\\\/de\\\/magazin\\\/#\\\/schema\\\/logo\\\/image\\\/\"},\"sameAs\":[\"https:\\\/\\\/www.facebook.com\\\/salzburgerland\\\/\",\"https:\\\/\\\/x.com\\\/Salzburgerland\",\"https:\\\/\\\/www.instagram.com\\\/salzburgerland\\\/\",\"https:\\\/\\\/at.linkedin.com\\\/company\\\/salzburgerland-tourismus-gmbh\",\"https:\\\/\\\/www.pinterest.at\\\/salzburgerland\\\/\",\"https:\\\/\\\/www.youtube.com\\\/user\\\/salzburgerland\",\"https:\\\/\\\/de.wikipedia.org\\\/wiki\\\/SalzburgerLand_Tourismus_GmbH\"]},{\"@type\":\"Person\",\"@id\":\"https:\\\/\\\/www.salzburgerland.com\\\/de\\\/magazin\\\/#\\\/schema\\\/person\\\/7932db74f19d9640620859cb2b794c4e\",\"name\":\"Christine Fr\u00f6schl\",\"description\":\"Dein pers\u00f6nlicher Logenplatz im SalzburgerLand? Am liebsten gehe ich auf den Einberg im Salzburger Tennengau. Der Berg in der Osterhorn-Gruppe gl\u00e4nzt das ganze Jahr im Sonnenschein, auf dem Gipfel heben Paragleiter ab und die Aussicht auf das Tennengebirge, den Dachstein und die Bischofsm\u00fctze ist traumhaft. Dosige(r) oder Zuagroast? Zuagroast aus dem sch\u00f6nen Nieder\u00f6sterreich. Fr\u00fchling, Sommer, Herbst oder Winter? Alle Jahreszeiten begeistern mich. Momentan freue ich mich auf den Fr\u00fchling, das Zwitschern der V\u00f6gel und auf die sattgr\u00fcnen Wiesen. Salzburger Nockerl oder Schwarzbeernocken? Eindeutig Schwarzbeernocken. Rindsroulade vom Pinzgauer Biorind oder Saibling fangfrisch aus dem Fuschlsee? Mhhhh. Da kann ich mich nicht entscheiden. Bergtour oder Seentour? Mich zieht es auf jeden Fall hinauf. Begeistert bin ich auch von tiefblauen Bergseen in denen sich die Umgebung spiegelt und von der Aussicht w\u00e4hrend des Weges auf einen der wundersch\u00f6nen Seen im Salzburger Land.\",\"url\":\"https:\\\/\\\/www.salzburgerland.com\\\/de\\\/magazin\\\/author\\\/christine-froeschl\\\/\"}]}<\/script>\n<!-- \/ Yoast SEO Premium plugin. -->","yoast_head_json":{"title":"Schindeln - eine fast vergessene Handwerkskunst - SalzburgerLand Magazin","description":"Bernhard Ponemayr hat schon als Bub Schindeln gemacht. Er stellt sie f\u00fcr das Annaberger Heimatmuseum Denkmalhof Gererhof gemeinsam mit helfenden H\u00e4nden noch immer her. Die Wanderung zum rund 400 Jahre alten Denkmalhof Gererhof in Annaberg f\u00fchrt vorbei an satt-gr\u00fcnen Wiesen und dunklen W\u00e4ldern. K\u00fche beobachten neugierig die Vorbeikommenden. Schon von weitem ist der idyllisch gelegene [&hellip;]","robots":{"index":"index","follow":"follow","max-snippet":"max-snippet:-1","max-image-preview":"max-image-preview:large","max-video-preview":"max-video-preview:-1"},"canonical":"https:\/\/www.salzburgerland.com\/de\/magazin\/schindeln-eine-fast-vergessene-handwerkskunst\/","og_locale":"de_DE","og_type":"article","og_title":"Schindeln - eine fast vergessene Handwerkskunst","og_description":"Bernhard Ponemayr hat schon als Bub Schindeln gemacht. Er stellt sie f\u00fcr das Annaberger Heimatmuseum Denkmalhof Gererhof gemeinsam mit helfenden H\u00e4nden noch immer her. Die Wanderung zum rund 400 Jahre alten Denkmalhof Gererhof in Annaberg f\u00fchrt vorbei an satt-gr\u00fcnen Wiesen und dunklen W\u00e4ldern. K\u00fche beobachten neugierig die Vorbeikommenden. Schon von weitem ist der idyllisch gelegene [&hellip;]","og_url":"https:\/\/www.salzburgerland.com\/de\/magazin\/schindeln-eine-fast-vergessene-handwerkskunst\/","og_site_name":"SalzburgerLand Magazin","article_publisher":"https:\/\/www.facebook.com\/salzburgerland\/","article_published_time":"2013-09-23T15:06:32+00:00","article_modified_time":"2019-06-26T18:20:51+00:00","og_image":[{"width":1928,"height":1277,"url":"https:\/\/www.salzburgerland.com\/de\/magazin\/wp-content\/uploads\/2013\/09\/Schindeln-12.jpg","type":"image\/jpeg"}],"author":"Christine Fr\u00f6schl","twitter_card":"summary_large_image","twitter_creator":"@Salzburgerland","twitter_site":"@Salzburgerland","twitter_misc":{"Verfasst von":"Christine Fr\u00f6schl","Gesch\u00e4tzte Lesezeit":"2\u00a0Minuten"},"schema":{"@context":"https:\/\/schema.org","@graph":[{"@type":"Article","@id":"https:\/\/www.salzburgerland.com\/de\/magazin\/schindeln-eine-fast-vergessene-handwerkskunst\/#article","isPartOf":{"@id":"https:\/\/www.salzburgerland.com\/de\/magazin\/schindeln-eine-fast-vergessene-handwerkskunst\/"},"author":{"name":"Christine Fr\u00f6schl","@id":"https:\/\/www.salzburgerland.com\/de\/magazin\/#\/schema\/person\/7932db74f19d9640620859cb2b794c4e"},"headline":"Schindeln &#8211; eine fast vergessene Handwerkskunst","datePublished":"2013-09-23T15:06:32+00:00","dateModified":"2019-06-26T18:20:51+00:00","mainEntityOfPage":{"@id":"https:\/\/www.salzburgerland.com\/de\/magazin\/schindeln-eine-fast-vergessene-handwerkskunst\/"},"wordCount":463,"commentCount":0,"publisher":{"@id":"https:\/\/www.salzburgerland.com\/de\/magazin\/#organization"},"image":{"@id":"https:\/\/www.salzburgerland.com\/de\/magazin\/schindeln-eine-fast-vergessene-handwerkskunst\/#primaryimage"},"thumbnailUrl":"https:\/\/www.salzburgerland.com\/de\/magazin\/wp-content\/uploads\/2013\/09\/Schindeln-12.jpg","articleSection":["Sehensw\u00fcrdig"],"inLanguage":"de","potentialAction":[{"@type":"CommentAction","name":"Comment","target":["https:\/\/www.salzburgerland.com\/de\/magazin\/schindeln-eine-fast-vergessene-handwerkskunst\/#respond"]}]},{"@type":"WebPage","@id":"https:\/\/www.salzburgerland.com\/de\/magazin\/schindeln-eine-fast-vergessene-handwerkskunst\/","url":"https:\/\/www.salzburgerland.com\/de\/magazin\/schindeln-eine-fast-vergessene-handwerkskunst\/","name":"Schindeln - eine fast vergessene Handwerkskunst - SalzburgerLand Magazin","isPartOf":{"@id":"https:\/\/www.salzburgerland.com\/de\/magazin\/#website"},"primaryImageOfPage":{"@id":"https:\/\/www.salzburgerland.com\/de\/magazin\/schindeln-eine-fast-vergessene-handwerkskunst\/#primaryimage"},"image":{"@id":"https:\/\/www.salzburgerland.com\/de\/magazin\/schindeln-eine-fast-vergessene-handwerkskunst\/#primaryimage"},"thumbnailUrl":"https:\/\/www.salzburgerland.com\/de\/magazin\/wp-content\/uploads\/2013\/09\/Schindeln-12.jpg","datePublished":"2013-09-23T15:06:32+00:00","dateModified":"2019-06-26T18:20:51+00:00","breadcrumb":{"@id":"https:\/\/www.salzburgerland.com\/de\/magazin\/schindeln-eine-fast-vergessene-handwerkskunst\/#breadcrumb"},"inLanguage":"de","potentialAction":[{"@type":"ReadAction","target":["https:\/\/www.salzburgerland.com\/de\/magazin\/schindeln-eine-fast-vergessene-handwerkskunst\/"]}]},{"@type":"ImageObject","inLanguage":"de","@id":"https:\/\/www.salzburgerland.com\/de\/magazin\/schindeln-eine-fast-vergessene-handwerkskunst\/#primaryimage","url":"https:\/\/www.salzburgerland.com\/de\/magazin\/wp-content\/uploads\/2013\/09\/Schindeln-12.jpg","contentUrl":"https:\/\/www.salzburgerland.com\/de\/magazin\/wp-content\/uploads\/2013\/09\/Schindeln-12.jpg","width":1928,"height":1277,"caption":"Mit dem Messer bearbeiten"},{"@type":"BreadcrumbList","@id":"https:\/\/www.salzburgerland.com\/de\/magazin\/schindeln-eine-fast-vergessene-handwerkskunst\/#breadcrumb","itemListElement":[{"@type":"ListItem","position":1,"name":"Startseite","item":"https:\/\/www.salzburgerland.com\/de\/magazin\/"},{"@type":"ListItem","position":2,"name":"Sehensw\u00fcrdig","item":"https:\/\/www.salzburgerland.com\/de\/magazin\/thema\/sehenswurdig\/"},{"@type":"ListItem","position":3,"name":"Schindeln &#8211; eine fast vergessene Handwerkskunst"}]},{"@type":"WebSite","@id":"https:\/\/www.salzburgerland.com\/de\/magazin\/#website","url":"https:\/\/www.salzburgerland.com\/de\/magazin\/","name":"SalzburgerLand Magazin","description":"Geschichten und Interessantes aus dem SalzburgerLand","publisher":{"@id":"https:\/\/www.salzburgerland.com\/de\/magazin\/#organization"},"potentialAction":[{"@type":"SearchAction","target":{"@type":"EntryPoint","urlTemplate":"https:\/\/www.salzburgerland.com\/de\/magazin\/?s={search_term_string}"},"query-input":{"@type":"PropertyValueSpecification","valueRequired":true,"valueName":"search_term_string"}}],"inLanguage":"de"},{"@type":"Organization","@id":"https:\/\/www.salzburgerland.com\/de\/magazin\/#organization","name":"SalzburgerLand Tourismus","url":"https:\/\/www.salzburgerland.com\/de\/magazin\/","logo":{"@type":"ImageObject","inLanguage":"de","@id":"https:\/\/www.salzburgerland.com\/de\/magazin\/#\/schema\/logo\/image\/","url":"https:\/\/www.salzburgerland.com\/de\/magazin\/wp-content\/uploads\/2019\/06\/salzburgerland-logo1.jpg","contentUrl":"https:\/\/www.salzburgerland.com\/de\/magazin\/wp-content\/uploads\/2019\/06\/salzburgerland-logo1.jpg","width":2011,"height":866,"caption":"SalzburgerLand Tourismus"},"image":{"@id":"https:\/\/www.salzburgerland.com\/de\/magazin\/#\/schema\/logo\/image\/"},"sameAs":["https:\/\/www.facebook.com\/salzburgerland\/","https:\/\/x.com\/Salzburgerland","https:\/\/www.instagram.com\/salzburgerland\/","https:\/\/at.linkedin.com\/company\/salzburgerland-tourismus-gmbh","https:\/\/www.pinterest.at\/salzburgerland\/","https:\/\/www.youtube.com\/user\/salzburgerland","https:\/\/de.wikipedia.org\/wiki\/SalzburgerLand_Tourismus_GmbH"]},{"@type":"Person","@id":"https:\/\/www.salzburgerland.com\/de\/magazin\/#\/schema\/person\/7932db74f19d9640620859cb2b794c4e","name":"Christine Fr\u00f6schl","description":"Dein pers\u00f6nlicher Logenplatz im SalzburgerLand? Am liebsten gehe ich auf den Einberg im Salzburger Tennengau. Der Berg in der Osterhorn-Gruppe gl\u00e4nzt das ganze Jahr im Sonnenschein, auf dem Gipfel heben Paragleiter ab und die Aussicht auf das Tennengebirge, den Dachstein und die Bischofsm\u00fctze ist traumhaft. Dosige(r) oder Zuagroast? Zuagroast aus dem sch\u00f6nen Nieder\u00f6sterreich. Fr\u00fchling, Sommer, Herbst oder Winter? Alle Jahreszeiten begeistern mich. Momentan freue ich mich auf den Fr\u00fchling, das Zwitschern der V\u00f6gel und auf die sattgr\u00fcnen Wiesen. Salzburger Nockerl oder Schwarzbeernocken? Eindeutig Schwarzbeernocken. Rindsroulade vom Pinzgauer Biorind oder Saibling fangfrisch aus dem Fuschlsee? Mhhhh. Da kann ich mich nicht entscheiden. Bergtour oder Seentour? Mich zieht es auf jeden Fall hinauf. Begeistert bin ich auch von tiefblauen Bergseen in denen sich die Umgebung spiegelt und von der Aussicht w\u00e4hrend des Weges auf einen der wundersch\u00f6nen Seen im Salzburger Land.","url":"https:\/\/www.salzburgerland.com\/de\/magazin\/author\/christine-froeschl\/"}]}},"_wl_alt_label":[],"wl:entity_url":"http:\/\/open.salzburgerland.com\/magazin\/post\/schindeln_-_eine_fast_vergessene_handwerkskunst","_links":{"self":[{"href":"https:\/\/www.salzburgerland.com\/de\/magazin\/wp-json\/wp\/v2\/posts\/53753","targetHints":{"allow":["GET"]}}],"collection":[{"href":"https:\/\/www.salzburgerland.com\/de\/magazin\/wp-json\/wp\/v2\/posts"}],"about":[{"href":"https:\/\/www.salzburgerland.com\/de\/magazin\/wp-json\/wp\/v2\/types\/post"}],"author":[{"embeddable":true,"href":"https:\/\/www.salzburgerland.com\/de\/magazin\/wp-json\/wp\/v2\/users\/236"}],"replies":[{"embeddable":true,"href":"https:\/\/www.salzburgerland.com\/de\/magazin\/wp-json\/wp\/v2\/comments?post=53753"}],"version-history":[{"count":1,"href":"https:\/\/www.salzburgerland.com\/de\/magazin\/wp-json\/wp\/v2\/posts\/53753\/revisions"}],"predecessor-version":[{"id":144680,"href":"https:\/\/www.salzburgerland.com\/de\/magazin\/wp-json\/wp\/v2\/posts\/53753\/revisions\/144680"}],"wp:featuredmedia":[{"embeddable":true,"href":"https:\/\/www.salzburgerland.com\/de\/magazin\/wp-json\/wp\/v2\/media\/53769"}],"wp:attachment":[{"href":"https:\/\/www.salzburgerland.com\/de\/magazin\/wp-json\/wp\/v2\/media?parent=53753"}],"wp:term":[{"taxonomy":"category","embeddable":true,"href":"https:\/\/www.salzburgerland.com\/de\/magazin\/wp-json\/wp\/v2\/categories?post=53753"},{"taxonomy":"post_tag","embeddable":true,"href":"https:\/\/www.salzburgerland.com\/de\/magazin\/wp-json\/wp\/v2\/tags?post=53753"},{"taxonomy":"wl_entity_type","embeddable":true,"href":"https:\/\/www.salzburgerland.com\/de\/magazin\/wp-json\/wp\/v2\/wl_entity_type?post=53753"},{"taxonomy":"monatsauswahl","embeddable":true,"href":"https:\/\/www.salzburgerland.com\/de\/magazin\/wp-json\/wp\/v2\/monatsauswahl?post=53753"}],"curies":[{"name":"wp","href":"https:\/\/api.w.org\/{rel}","templated":true}]}}