{"id":43683,"date":"2013-09-05T12:00:05","date_gmt":"2013-09-05T10:00:05","guid":{"rendered":"http:\/\/magazin.salzburgerland.com\/?p=43683"},"modified":"2023-06-22T09:38:03","modified_gmt":"2023-06-22T07:38:03","slug":"poet-und-philosoph-im-monchsberg","status":"publish","type":"post","link":"https:\/\/www.salzburgerland.com\/de\/magazin\/poet-und-philosoph-im-monchsberg\/","title":{"rendered":"Poet und Philosoph im M\u00f6nchsberg"},"content":{"rendered":"<p><strong>\u201eDie blinde Eule\u201c ist der Titel eines persischen Kurzromans, nach dem Zarinfard Mehdi seinen Kiosk im Fu\u00dfg\u00e4ngertunnel des Salzburger M\u00f6nchsbergs benannt hat. Meister der Magazine ist er weniger als leidenschaftlicher Literaturliebhaber.<\/strong><\/p>\n<p>\u201eWo geht\u2019s hier zur M\u00fcnzgasse?\u201c fragt eine Touristin unvermittelt. \u201eGuten Tag, Madame\u201c, erwidert Zarinfard Mehdi und wartet, bis sein Gru\u00df erwidert wird. Erst dann zeigt er der Frau den gew\u00fcnschten Weg. \u201eDie Menschen sind so gestresst. Sie haben oft nicht einmal Zeit f\u00fcr ein &#8218;Hallo&#8216;, &#8218;Bitte&#8216; oder &#8218;Danke&#8216;.\u201c<\/p>\n<p><strong>Musik wie ein Wasserfall<br \/>\n<\/strong>Am 1. M\u00e4rz 2010 hat er den Kiosk an der Kreuzung der Fu\u00dfg\u00e4ngertunnels im M\u00f6nchsberg \u00fcbernommen. \u201eEinen Tag vorher kam ich zum Putzen her und habe pl\u00f6tzlich begriffen, dass ich hier ohne Musik krank werde.\u201c Daraufhin ging er nach Hause, holte seine Stereoanlage und schickt seither Musik durch die Dunkelheit, traurige Cellokl\u00e4ngest\u00fccke von Bach und St\u00fccke von Chopin beispielsweise, \u201edie klingen wie ein Wasserfall.\u201c<\/p>\n<figure id=\"attachment_43687\" aria-describedby=\"caption-attachment-43687\" style=\"width: 650px\" class=\"wp-caption alignnone\"><a href=\"https:\/\/www.salzburgerland.com\/de\/magazin\/wp-content\/uploads\/2013\/09\/IMG-20130902-00321.jpg\"><img loading=\"lazy\" decoding=\"async\" class=\"size-singlePost wp-image-43687  \" title=\"Mehdis Kiosk\" alt=\"Von seinem Kiosk aus schickt er Licht und Musik durch die dunklen Tunnel.\" src=\"https:\/\/www.salzburgerland.com\/de\/magazin\/wp-content\/uploads\/2013\/09\/IMG-20130902-00321-650x435.jpg\" width=\"650\" height=\"435\"><\/a><figcaption id=\"caption-attachment-43687\" class=\"wp-caption-text\">Von seinem Kiosk aus schickt er Licht und Musik durch die dunklen Tunnel.<\/figcaption><\/figure>\n<p><strong>Persischer Poet<br \/>\n<\/strong>Bis zu 15 Stunden t\u00e4glich l\u00e4sst sich Mehdi von Menschen mitrei\u00dfen, von ihren Geschichten und Gesichtern. Doch die Arbeit beginnt f\u00fcr ihn erst danach. \u201eZuhause lese und schreibe ich, denke nach, was der Tag gebracht hat\u201c, erz\u00e4hlt er. Seine Gedichte, die er auf Persisch schreibt, sind poetisch und voller Klarheit, doch nicht f\u00fcr die \u00d6ffentlichkeit bestimmt. Aus seinen Vorbildern macht er kein Geheimnis. Ihre Bilder h\u00e4ngen hinter Glas: Albert Camus, Franz Kafka, Erich Fried. Einer ist in der Mini-Galerie jedoch nicht vertreten: Sadeq Hedayat. Sein Kurzroman \u201eDie blinde Eule\u201c hat dem Kiosk seinen Namen gegeben. \u201eEr war der persische Kafka, und wer in Persien zeigen will, dass er gebildet ist, spricht von diesem Buch.\u201c<\/p>\n<figure id=\"attachment_43802\" aria-describedby=\"caption-attachment-43802\" style=\"width: 650px\" class=\"wp-caption alignnone\"><a href=\"https:\/\/www.salzburgerland.com\/de\/magazin\/wp-content\/uploads\/2013\/09\/eule2.jpg\"><img loading=\"lazy\" decoding=\"async\" class=\"size-singlePost wp-image-43802\" title=\"Blaue statt blinder Eule\" alt=\"\" src=\"https:\/\/www.salzburgerland.com\/de\/magazin\/wp-content\/uploads\/2013\/09\/eule2-650x435.jpg\" width=\"650\" height=\"435\"><\/a><figcaption id=\"caption-attachment-43802\" class=\"wp-caption-text\">In der blauen Keramikeule sammelt Zarinfard Mehdi Kleingeld.<\/figcaption><\/figure>\n<p><strong>Drei bis vier B\u00fccher w\u00f6chentlich<br \/>\n<\/strong>Zarinfard Mehdi selbst hat nur vier Jahre eine Schule besucht, schon mit sechs Jahren gearbeitet. \u201eIch bin als alter Mensch auf die Welt gekommen\u201c, sagt er und bedauert, dass er keinen Lehrmeister f\u00fcrs Leben hatte. Drei bis vier B\u00fccher liest er in der Woche, fr\u00fcher waren es viel mehr. Unz\u00e4hlige Male hat er Camus&#8216; \u201eMythos des Sisyphus\u201c gelesen, \u201eDer Fall\u201c ist ihm ebenso lieb. Mit den Celebrities, die w\u00e4hrend der Festspielzeit an seinem Kiosk vorbei flanieren, kennt er sich weniger aus. Und trotzdem musste er weinen, als ein Prominenter ihm versicherte, dass er zur Stadt geh\u00f6re: \u201eAls ich ihm sagte, dass es sch\u00f6n w\u00e4re, zu einem Menschen statt zu seiner Stadt zu geh\u00f6ren, hat ihn das genauso traurig gemacht.\u201c<\/p>\n<figure id=\"attachment_43690\" aria-describedby=\"caption-attachment-43690\" style=\"width: 650px\" class=\"wp-caption alignnone\"><a href=\"https:\/\/www.salzburgerland.com\/de\/magazin\/wp-content\/uploads\/2013\/09\/IMG-20130902-003201.jpg\"><img loading=\"lazy\" decoding=\"async\" class=\"size-singlePost wp-image-43690\" title=\"Schriftsteller\" alt=\"IMG-20130902-00320\" src=\"https:\/\/www.salzburgerland.com\/de\/magazin\/wp-content\/uploads\/2013\/09\/IMG-20130902-003201-650x435.jpg\" width=\"650\" height=\"435\"><\/a><figcaption id=\"caption-attachment-43690\" class=\"wp-caption-text\">Mehdis Literaturhelden: Kafka, Camus und Fried<\/figcaption><\/figure>\n<p>Wer in dem kleinen Glaskobel einen gesch\u00e4ftst\u00fcchtigen Kaufmann erwartet, liegt vollkommen falsch. Er findet einen Philosophen, der keine Pflichten, nur Aufgaben hat. Er findet einen 90j\u00e4hrigen Mann und ein vierj\u00e4hriges Kind in einer Person. Und er findet einen Gespr\u00e4chspartner, der allen Menschen mit H\u00f6flichkeit und Humor begegnet und sie ein St\u00fcckchen heiterer ziehen l\u00e4sst.<\/p>\n","protected":false},"excerpt":{"rendered":"<p>\u201eDie blinde Eule\u201c ist der Titel eines persischen Kurzromans, nach dem Zarinfard Mehdi seinen Kiosk im Fu\u00dfg\u00e4ngertunnel des Salzburger M\u00f6nchsbergs benannt hat. Meister der Magazine ist er weniger als leidenschaftlicher Literaturliebhaber. \u201eWo geht\u2019s hier zur M\u00fcnzgasse?\u201c fragt eine Touristin unvermittelt. \u201eGuten Tag, Madame\u201c, erwidert Zarinfard Mehdi und wartet, bis sein Gru\u00df erwidert wird. Erst dann [&hellip;]<\/p>\n","protected":false},"author":246,"featured_media":43685,"comment_status":"open","ping_status":"open","sticky":false,"template":"","format":"standard","meta":{"_acf_changed":false,"wl_entities_gutenberg":"","_wl_entity_redirect_enabled":"","footnotes":""},"categories":[7551],"tags":[],"wl_entity_type":[306],"monatsauswahl":[82,83,84,85,86,87,88,89,90,91,92,93],"class_list":["post-43683","post","type-post","status-publish","format-standard","has-post-thumbnail","hentry","category-archiv","wl_entity_type-article","monatsauswahl-monat_1","monatsauswahl-monat_2","monatsauswahl-monat_3","monatsauswahl-monat_4","monatsauswahl-monat_5","monatsauswahl-monat_6","monatsauswahl-monat_7","monatsauswahl-monat_8","monatsauswahl-monat_9","monatsauswahl-monat_10","monatsauswahl-monat_11","monatsauswahl-monat_12"],"acf":[],"yoast_head":"<!-- This site is optimized with the Yoast SEO Premium plugin v27.4 (Yoast SEO v27.4) - https:\/\/yoast.com\/product\/yoast-seo-premium-wordpress\/ -->\n<title>Poet und Philosoph im M\u00f6nchsberg - SalzburgerLand Magazin<\/title>\n<meta name=\"description\" content=\"\u201eDie blinde Eule\u201c ist der Titel eines persischen Kurzromans, nach dem Zarinfard Mehdi seinen Kiosk im Fu\u00dfg\u00e4ngertunnel des Salzburger M\u00f6nchsbergs benannt hat. Meister der Magazine ist er weniger als leidenschaftlicher Literaturliebhaber. \u201eWo geht\u2019s hier zur M\u00fcnzgasse?\u201c fragt eine Touristin unvermittelt. \u201eGuten Tag, Madame\u201c, erwidert Zarinfard Mehdi und wartet, bis sein Gru\u00df erwidert wird. Erst dann [&hellip;]\" \/>\n<meta name=\"robots\" content=\"noindex, nofollow\" \/>\n<meta property=\"og:locale\" content=\"de_DE\" \/>\n<meta property=\"og:type\" content=\"article\" \/>\n<meta property=\"og:title\" content=\"Poet und Philosoph im M\u00f6nchsberg\" \/>\n<meta property=\"og:description\" content=\"\u201eDie blinde Eule\u201c ist der Titel eines persischen Kurzromans, nach dem Zarinfard Mehdi seinen Kiosk im Fu\u00dfg\u00e4ngertunnel des Salzburger M\u00f6nchsbergs benannt hat. Meister der Magazine ist er weniger als leidenschaftlicher Literaturliebhaber. \u201eWo geht\u2019s hier zur M\u00fcnzgasse?\u201c fragt eine Touristin unvermittelt. \u201eGuten Tag, Madame\u201c, erwidert Zarinfard Mehdi und wartet, bis sein Gru\u00df erwidert wird. Erst dann [&hellip;]\" \/>\n<meta property=\"og:url\" content=\"https:\/\/www.salzburgerland.com\/de\/magazin\/poet-und-philosoph-im-monchsberg\/\" \/>\n<meta property=\"og:site_name\" content=\"SalzburgerLand Magazin\" \/>\n<meta property=\"article:publisher\" content=\"https:\/\/www.facebook.com\/salzburgerland\/\" \/>\n<meta property=\"article:author\" content=\"https:\/\/www.facebook.com\/pages\/mag-claudia-dabringer\/191959844177121\" \/>\n<meta property=\"article:published_time\" content=\"2013-09-05T10:00:05+00:00\" \/>\n<meta property=\"article:modified_time\" content=\"2023-06-22T07:38:03+00:00\" \/>\n<meta property=\"og:image\" content=\"https:\/\/www.salzburgerland.com\/de\/magazin\/wp-content\/uploads\/2013\/09\/IMG-20130902-00323-scaled.jpg\" \/>\n\t<meta property=\"og:image:width\" content=\"1944\" \/>\n\t<meta property=\"og:image:height\" content=\"2592\" \/>\n\t<meta property=\"og:image:type\" content=\"image\/jpeg\" \/>\n<meta name=\"author\" content=\"Claudia Dabringer\" \/>\n<meta name=\"twitter:card\" content=\"summary_large_image\" \/>\n<meta name=\"twitter:creator\" content=\"@Salzburgerland\" \/>\n<meta name=\"twitter:site\" content=\"@Salzburgerland\" \/>\n<meta name=\"twitter:label1\" content=\"Verfasst von\" \/>\n\t<meta name=\"twitter:data1\" content=\"Claudia Dabringer\" \/>\n\t<meta name=\"twitter:label2\" content=\"Gesch\u00e4tzte Lesezeit\" \/>\n\t<meta name=\"twitter:data2\" content=\"4\u00a0Minuten\" \/>\n<script type=\"application\/ld+json\" class=\"yoast-schema-graph\">{\"@context\":\"https:\\\/\\\/schema.org\",\"@graph\":[{\"@type\":\"Article\",\"@id\":\"https:\\\/\\\/www.salzburgerland.com\\\/de\\\/magazin\\\/poet-und-philosoph-im-monchsberg\\\/#article\",\"isPartOf\":{\"@id\":\"https:\\\/\\\/www.salzburgerland.com\\\/de\\\/magazin\\\/poet-und-philosoph-im-monchsberg\\\/\"},\"author\":{\"name\":\"Claudia Dabringer\",\"@id\":\"https:\\\/\\\/www.salzburgerland.com\\\/de\\\/magazin\\\/#\\\/schema\\\/person\\\/79ac19cd9d9684288b99026fb8e95e6e\"},\"headline\":\"Poet und Philosoph im M\u00f6nchsberg\",\"datePublished\":\"2013-09-05T10:00:05+00:00\",\"dateModified\":\"2023-06-22T07:38:03+00:00\",\"mainEntityOfPage\":{\"@id\":\"https:\\\/\\\/www.salzburgerland.com\\\/de\\\/magazin\\\/poet-und-philosoph-im-monchsberg\\\/\"},\"wordCount\":533,\"commentCount\":0,\"publisher\":{\"@id\":\"https:\\\/\\\/www.salzburgerland.com\\\/de\\\/magazin\\\/#organization\"},\"image\":{\"@id\":\"https:\\\/\\\/www.salzburgerland.com\\\/de\\\/magazin\\\/poet-und-philosoph-im-monchsberg\\\/#primaryimage\"},\"thumbnailUrl\":\"https:\\\/\\\/www.salzburgerland.com\\\/de\\\/magazin\\\/wp-content\\\/uploads\\\/2013\\\/09\\\/IMG-20130902-00323-scaled.jpg\",\"articleSection\":[\"Archiv\"],\"inLanguage\":\"de\",\"potentialAction\":[{\"@type\":\"CommentAction\",\"name\":\"Comment\",\"target\":[\"https:\\\/\\\/www.salzburgerland.com\\\/de\\\/magazin\\\/poet-und-philosoph-im-monchsberg\\\/#respond\"]}]},{\"@type\":\"WebPage\",\"@id\":\"https:\\\/\\\/www.salzburgerland.com\\\/de\\\/magazin\\\/poet-und-philosoph-im-monchsberg\\\/\",\"url\":\"https:\\\/\\\/www.salzburgerland.com\\\/de\\\/magazin\\\/poet-und-philosoph-im-monchsberg\\\/\",\"name\":\"Poet und Philosoph im M\u00f6nchsberg - SalzburgerLand Magazin\",\"isPartOf\":{\"@id\":\"https:\\\/\\\/www.salzburgerland.com\\\/de\\\/magazin\\\/#website\"},\"primaryImageOfPage\":{\"@id\":\"https:\\\/\\\/www.salzburgerland.com\\\/de\\\/magazin\\\/poet-und-philosoph-im-monchsberg\\\/#primaryimage\"},\"image\":{\"@id\":\"https:\\\/\\\/www.salzburgerland.com\\\/de\\\/magazin\\\/poet-und-philosoph-im-monchsberg\\\/#primaryimage\"},\"thumbnailUrl\":\"https:\\\/\\\/www.salzburgerland.com\\\/de\\\/magazin\\\/wp-content\\\/uploads\\\/2013\\\/09\\\/IMG-20130902-00323-scaled.jpg\",\"datePublished\":\"2013-09-05T10:00:05+00:00\",\"dateModified\":\"2023-06-22T07:38:03+00:00\",\"breadcrumb\":{\"@id\":\"https:\\\/\\\/www.salzburgerland.com\\\/de\\\/magazin\\\/poet-und-philosoph-im-monchsberg\\\/#breadcrumb\"},\"inLanguage\":\"de\",\"potentialAction\":[{\"@type\":\"ReadAction\",\"target\":[\"https:\\\/\\\/www.salzburgerland.com\\\/de\\\/magazin\\\/poet-und-philosoph-im-monchsberg\\\/\"]}]},{\"@type\":\"ImageObject\",\"inLanguage\":\"de\",\"@id\":\"https:\\\/\\\/www.salzburgerland.com\\\/de\\\/magazin\\\/poet-und-philosoph-im-monchsberg\\\/#primaryimage\",\"url\":\"https:\\\/\\\/www.salzburgerland.com\\\/de\\\/magazin\\\/wp-content\\\/uploads\\\/2013\\\/09\\\/IMG-20130902-00323-scaled.jpg\",\"contentUrl\":\"https:\\\/\\\/www.salzburgerland.com\\\/de\\\/magazin\\\/wp-content\\\/uploads\\\/2013\\\/09\\\/IMG-20130902-00323-scaled.jpg\",\"width\":1944,\"height\":2592,\"caption\":\"Zarinfard Mehdi in Aktion\"},{\"@type\":\"BreadcrumbList\",\"@id\":\"https:\\\/\\\/www.salzburgerland.com\\\/de\\\/magazin\\\/poet-und-philosoph-im-monchsberg\\\/#breadcrumb\",\"itemListElement\":[{\"@type\":\"ListItem\",\"position\":1,\"name\":\"Startseite\",\"item\":\"https:\\\/\\\/www.salzburgerland.com\\\/de\\\/magazin\\\/\"},{\"@type\":\"ListItem\",\"position\":2,\"name\":\"Archiv\",\"item\":\"https:\\\/\\\/www.salzburgerland.com\\\/de\\\/magazin\\\/thema\\\/archiv\\\/\"},{\"@type\":\"ListItem\",\"position\":3,\"name\":\"Poet und Philosoph im M\u00f6nchsberg\"}]},{\"@type\":\"WebSite\",\"@id\":\"https:\\\/\\\/www.salzburgerland.com\\\/de\\\/magazin\\\/#website\",\"url\":\"https:\\\/\\\/www.salzburgerland.com\\\/de\\\/magazin\\\/\",\"name\":\"SalzburgerLand Magazin\",\"description\":\"Geschichten und Interessantes aus dem SalzburgerLand\",\"publisher\":{\"@id\":\"https:\\\/\\\/www.salzburgerland.com\\\/de\\\/magazin\\\/#organization\"},\"potentialAction\":[{\"@type\":\"SearchAction\",\"target\":{\"@type\":\"EntryPoint\",\"urlTemplate\":\"https:\\\/\\\/www.salzburgerland.com\\\/de\\\/magazin\\\/?s={search_term_string}\"},\"query-input\":{\"@type\":\"PropertyValueSpecification\",\"valueRequired\":true,\"valueName\":\"search_term_string\"}}],\"inLanguage\":\"de\"},{\"@type\":\"Organization\",\"@id\":\"https:\\\/\\\/www.salzburgerland.com\\\/de\\\/magazin\\\/#organization\",\"name\":\"SalzburgerLand Tourismus\",\"url\":\"https:\\\/\\\/www.salzburgerland.com\\\/de\\\/magazin\\\/\",\"logo\":{\"@type\":\"ImageObject\",\"inLanguage\":\"de\",\"@id\":\"https:\\\/\\\/www.salzburgerland.com\\\/de\\\/magazin\\\/#\\\/schema\\\/logo\\\/image\\\/\",\"url\":\"https:\\\/\\\/www.salzburgerland.com\\\/de\\\/magazin\\\/wp-content\\\/uploads\\\/2019\\\/06\\\/salzburgerland-logo1.jpg\",\"contentUrl\":\"https:\\\/\\\/www.salzburgerland.com\\\/de\\\/magazin\\\/wp-content\\\/uploads\\\/2019\\\/06\\\/salzburgerland-logo1.jpg\",\"width\":2011,\"height\":866,\"caption\":\"SalzburgerLand Tourismus\"},\"image\":{\"@id\":\"https:\\\/\\\/www.salzburgerland.com\\\/de\\\/magazin\\\/#\\\/schema\\\/logo\\\/image\\\/\"},\"sameAs\":[\"https:\\\/\\\/www.facebook.com\\\/salzburgerland\\\/\",\"https:\\\/\\\/x.com\\\/Salzburgerland\",\"https:\\\/\\\/www.instagram.com\\\/salzburgerland\\\/\",\"https:\\\/\\\/at.linkedin.com\\\/company\\\/salzburgerland-tourismus-gmbh\",\"https:\\\/\\\/www.pinterest.at\\\/salzburgerland\\\/\",\"https:\\\/\\\/www.youtube.com\\\/user\\\/salzburgerland\",\"https:\\\/\\\/de.wikipedia.org\\\/wiki\\\/SalzburgerLand_Tourismus_GmbH\"]},{\"@type\":\"Person\",\"@id\":\"https:\\\/\\\/www.salzburgerland.com\\\/de\\\/magazin\\\/#\\\/schema\\\/person\\\/79ac19cd9d9684288b99026fb8e95e6e\",\"name\":\"Claudia Dabringer\",\"description\":\"Als freie Journalistin ist Claudia Dabringer Reisen schon deshalb wichtig, weil es sie aus ihrem Insel-Dasein vor dem Computer lockt. Leider erliegte sie dieser Verlockung viel zu selten. Aber zwei Wochen im Jahr m\u00fcssen sein; in der restlichen Zeit entdeckt sie immer wieder neue Seiten an Salzburg, und das, obwohl sie schon mehr als ein Vierteljahrhundert in dieser Stadt wohnt. &nbsp; Fragen mit Antworten von Claudia Dabringer &nbsp; Reisen bedeutet f\u00fcr mich: Tapetenwechsel und Abstand &nbsp; Mein beeindruckendstes Reiseerlebnis: Das Meer &nbsp; Mein Lieblingsplatz ... in \u00d6sterreich: Klostergarten der Franziskaner in Salzburg in Europa: Cannes weltweit: Goa &nbsp; Dorthin bringen mich keine 10 Pferde: Mallorca &nbsp; Drei Dinge, die auf keiner Reise fehlen d\u00fcrfen: 1. B\u00fccher 2. Reisef\u00fchrer 3. MP3 &nbsp; Mein unerf\u00fcllter Reisetraum: Fahrt mit der Transsibirischen Eisenbahn &nbsp;\",\"sameAs\":[\"http:\\\/\\\/www.freie-journalistin.at\",\"https:\\\/\\\/www.facebook.com\\\/pages\\\/mag-claudia-dabringer\\\/191959844177121\"],\"url\":\"https:\\\/\\\/www.salzburgerland.com\\\/de\\\/magazin\\\/author\\\/claudia-dabringer\\\/\"}]}<\/script>\n<!-- \/ Yoast SEO Premium plugin. -->","yoast_head_json":{"title":"Poet und Philosoph im M\u00f6nchsberg - SalzburgerLand Magazin","description":"\u201eDie blinde Eule\u201c ist der Titel eines persischen Kurzromans, nach dem Zarinfard Mehdi seinen Kiosk im Fu\u00dfg\u00e4ngertunnel des Salzburger M\u00f6nchsbergs benannt hat. Meister der Magazine ist er weniger als leidenschaftlicher Literaturliebhaber. \u201eWo geht\u2019s hier zur M\u00fcnzgasse?\u201c fragt eine Touristin unvermittelt. \u201eGuten Tag, Madame\u201c, erwidert Zarinfard Mehdi und wartet, bis sein Gru\u00df erwidert wird. Erst dann [&hellip;]","robots":{"index":"noindex","follow":"nofollow"},"og_locale":"de_DE","og_type":"article","og_title":"Poet und Philosoph im M\u00f6nchsberg","og_description":"\u201eDie blinde Eule\u201c ist der Titel eines persischen Kurzromans, nach dem Zarinfard Mehdi seinen Kiosk im Fu\u00dfg\u00e4ngertunnel des Salzburger M\u00f6nchsbergs benannt hat. Meister der Magazine ist er weniger als leidenschaftlicher Literaturliebhaber. \u201eWo geht\u2019s hier zur M\u00fcnzgasse?\u201c fragt eine Touristin unvermittelt. \u201eGuten Tag, Madame\u201c, erwidert Zarinfard Mehdi und wartet, bis sein Gru\u00df erwidert wird. Erst dann [&hellip;]","og_url":"https:\/\/www.salzburgerland.com\/de\/magazin\/poet-und-philosoph-im-monchsberg\/","og_site_name":"SalzburgerLand Magazin","article_publisher":"https:\/\/www.facebook.com\/salzburgerland\/","article_author":"https:\/\/www.facebook.com\/pages\/mag-claudia-dabringer\/191959844177121","article_published_time":"2013-09-05T10:00:05+00:00","article_modified_time":"2023-06-22T07:38:03+00:00","og_image":[{"width":1944,"height":2592,"url":"https:\/\/www.salzburgerland.com\/de\/magazin\/wp-content\/uploads\/2013\/09\/IMG-20130902-00323-scaled.jpg","type":"image\/jpeg"}],"author":"Claudia Dabringer","twitter_card":"summary_large_image","twitter_creator":"@Salzburgerland","twitter_site":"@Salzburgerland","twitter_misc":{"Verfasst von":"Claudia Dabringer","Gesch\u00e4tzte Lesezeit":"4\u00a0Minuten"},"schema":{"@context":"https:\/\/schema.org","@graph":[{"@type":"Article","@id":"https:\/\/www.salzburgerland.com\/de\/magazin\/poet-und-philosoph-im-monchsberg\/#article","isPartOf":{"@id":"https:\/\/www.salzburgerland.com\/de\/magazin\/poet-und-philosoph-im-monchsberg\/"},"author":{"name":"Claudia Dabringer","@id":"https:\/\/www.salzburgerland.com\/de\/magazin\/#\/schema\/person\/79ac19cd9d9684288b99026fb8e95e6e"},"headline":"Poet und Philosoph im M\u00f6nchsberg","datePublished":"2013-09-05T10:00:05+00:00","dateModified":"2023-06-22T07:38:03+00:00","mainEntityOfPage":{"@id":"https:\/\/www.salzburgerland.com\/de\/magazin\/poet-und-philosoph-im-monchsberg\/"},"wordCount":533,"commentCount":0,"publisher":{"@id":"https:\/\/www.salzburgerland.com\/de\/magazin\/#organization"},"image":{"@id":"https:\/\/www.salzburgerland.com\/de\/magazin\/poet-und-philosoph-im-monchsberg\/#primaryimage"},"thumbnailUrl":"https:\/\/www.salzburgerland.com\/de\/magazin\/wp-content\/uploads\/2013\/09\/IMG-20130902-00323-scaled.jpg","articleSection":["Archiv"],"inLanguage":"de","potentialAction":[{"@type":"CommentAction","name":"Comment","target":["https:\/\/www.salzburgerland.com\/de\/magazin\/poet-und-philosoph-im-monchsberg\/#respond"]}]},{"@type":"WebPage","@id":"https:\/\/www.salzburgerland.com\/de\/magazin\/poet-und-philosoph-im-monchsberg\/","url":"https:\/\/www.salzburgerland.com\/de\/magazin\/poet-und-philosoph-im-monchsberg\/","name":"Poet und Philosoph im M\u00f6nchsberg - SalzburgerLand Magazin","isPartOf":{"@id":"https:\/\/www.salzburgerland.com\/de\/magazin\/#website"},"primaryImageOfPage":{"@id":"https:\/\/www.salzburgerland.com\/de\/magazin\/poet-und-philosoph-im-monchsberg\/#primaryimage"},"image":{"@id":"https:\/\/www.salzburgerland.com\/de\/magazin\/poet-und-philosoph-im-monchsberg\/#primaryimage"},"thumbnailUrl":"https:\/\/www.salzburgerland.com\/de\/magazin\/wp-content\/uploads\/2013\/09\/IMG-20130902-00323-scaled.jpg","datePublished":"2013-09-05T10:00:05+00:00","dateModified":"2023-06-22T07:38:03+00:00","breadcrumb":{"@id":"https:\/\/www.salzburgerland.com\/de\/magazin\/poet-und-philosoph-im-monchsberg\/#breadcrumb"},"inLanguage":"de","potentialAction":[{"@type":"ReadAction","target":["https:\/\/www.salzburgerland.com\/de\/magazin\/poet-und-philosoph-im-monchsberg\/"]}]},{"@type":"ImageObject","inLanguage":"de","@id":"https:\/\/www.salzburgerland.com\/de\/magazin\/poet-und-philosoph-im-monchsberg\/#primaryimage","url":"https:\/\/www.salzburgerland.com\/de\/magazin\/wp-content\/uploads\/2013\/09\/IMG-20130902-00323-scaled.jpg","contentUrl":"https:\/\/www.salzburgerland.com\/de\/magazin\/wp-content\/uploads\/2013\/09\/IMG-20130902-00323-scaled.jpg","width":1944,"height":2592,"caption":"Zarinfard Mehdi in Aktion"},{"@type":"BreadcrumbList","@id":"https:\/\/www.salzburgerland.com\/de\/magazin\/poet-und-philosoph-im-monchsberg\/#breadcrumb","itemListElement":[{"@type":"ListItem","position":1,"name":"Startseite","item":"https:\/\/www.salzburgerland.com\/de\/magazin\/"},{"@type":"ListItem","position":2,"name":"Archiv","item":"https:\/\/www.salzburgerland.com\/de\/magazin\/thema\/archiv\/"},{"@type":"ListItem","position":3,"name":"Poet und Philosoph im M\u00f6nchsberg"}]},{"@type":"WebSite","@id":"https:\/\/www.salzburgerland.com\/de\/magazin\/#website","url":"https:\/\/www.salzburgerland.com\/de\/magazin\/","name":"SalzburgerLand Magazin","description":"Geschichten und Interessantes aus dem SalzburgerLand","publisher":{"@id":"https:\/\/www.salzburgerland.com\/de\/magazin\/#organization"},"potentialAction":[{"@type":"SearchAction","target":{"@type":"EntryPoint","urlTemplate":"https:\/\/www.salzburgerland.com\/de\/magazin\/?s={search_term_string}"},"query-input":{"@type":"PropertyValueSpecification","valueRequired":true,"valueName":"search_term_string"}}],"inLanguage":"de"},{"@type":"Organization","@id":"https:\/\/www.salzburgerland.com\/de\/magazin\/#organization","name":"SalzburgerLand Tourismus","url":"https:\/\/www.salzburgerland.com\/de\/magazin\/","logo":{"@type":"ImageObject","inLanguage":"de","@id":"https:\/\/www.salzburgerland.com\/de\/magazin\/#\/schema\/logo\/image\/","url":"https:\/\/www.salzburgerland.com\/de\/magazin\/wp-content\/uploads\/2019\/06\/salzburgerland-logo1.jpg","contentUrl":"https:\/\/www.salzburgerland.com\/de\/magazin\/wp-content\/uploads\/2019\/06\/salzburgerland-logo1.jpg","width":2011,"height":866,"caption":"SalzburgerLand Tourismus"},"image":{"@id":"https:\/\/www.salzburgerland.com\/de\/magazin\/#\/schema\/logo\/image\/"},"sameAs":["https:\/\/www.facebook.com\/salzburgerland\/","https:\/\/x.com\/Salzburgerland","https:\/\/www.instagram.com\/salzburgerland\/","https:\/\/at.linkedin.com\/company\/salzburgerland-tourismus-gmbh","https:\/\/www.pinterest.at\/salzburgerland\/","https:\/\/www.youtube.com\/user\/salzburgerland","https:\/\/de.wikipedia.org\/wiki\/SalzburgerLand_Tourismus_GmbH"]},{"@type":"Person","@id":"https:\/\/www.salzburgerland.com\/de\/magazin\/#\/schema\/person\/79ac19cd9d9684288b99026fb8e95e6e","name":"Claudia Dabringer","description":"Als freie Journalistin ist Claudia Dabringer Reisen schon deshalb wichtig, weil es sie aus ihrem Insel-Dasein vor dem Computer lockt. Leider erliegte sie dieser Verlockung viel zu selten. Aber zwei Wochen im Jahr m\u00fcssen sein; in der restlichen Zeit entdeckt sie immer wieder neue Seiten an Salzburg, und das, obwohl sie schon mehr als ein Vierteljahrhundert in dieser Stadt wohnt. &nbsp; Fragen mit Antworten von Claudia Dabringer &nbsp; Reisen bedeutet f\u00fcr mich: Tapetenwechsel und Abstand &nbsp; Mein beeindruckendstes Reiseerlebnis: Das Meer &nbsp; Mein Lieblingsplatz ... in \u00d6sterreich: Klostergarten der Franziskaner in Salzburg in Europa: Cannes weltweit: Goa &nbsp; Dorthin bringen mich keine 10 Pferde: Mallorca &nbsp; Drei Dinge, die auf keiner Reise fehlen d\u00fcrfen: 1. B\u00fccher 2. Reisef\u00fchrer 3. MP3 &nbsp; Mein unerf\u00fcllter Reisetraum: Fahrt mit der Transsibirischen Eisenbahn &nbsp;","sameAs":["http:\/\/www.freie-journalistin.at","https:\/\/www.facebook.com\/pages\/mag-claudia-dabringer\/191959844177121"],"url":"https:\/\/www.salzburgerland.com\/de\/magazin\/author\/claudia-dabringer\/"}]}},"_wl_alt_label":[],"wl:entity_url":"http:\/\/open.salzburgerland.com\/magazin\/post\/poet_und_philosoph_im_moenchsberg","_links":{"self":[{"href":"https:\/\/www.salzburgerland.com\/de\/magazin\/wp-json\/wp\/v2\/posts\/43683","targetHints":{"allow":["GET"]}}],"collection":[{"href":"https:\/\/www.salzburgerland.com\/de\/magazin\/wp-json\/wp\/v2\/posts"}],"about":[{"href":"https:\/\/www.salzburgerland.com\/de\/magazin\/wp-json\/wp\/v2\/types\/post"}],"author":[{"embeddable":true,"href":"https:\/\/www.salzburgerland.com\/de\/magazin\/wp-json\/wp\/v2\/users\/246"}],"replies":[{"embeddable":true,"href":"https:\/\/www.salzburgerland.com\/de\/magazin\/wp-json\/wp\/v2\/comments?post=43683"}],"version-history":[{"count":2,"href":"https:\/\/www.salzburgerland.com\/de\/magazin\/wp-json\/wp\/v2\/posts\/43683\/revisions"}],"predecessor-version":[{"id":167957,"href":"https:\/\/www.salzburgerland.com\/de\/magazin\/wp-json\/wp\/v2\/posts\/43683\/revisions\/167957"}],"wp:featuredmedia":[{"embeddable":true,"href":"https:\/\/www.salzburgerland.com\/de\/magazin\/wp-json\/wp\/v2\/media\/43685"}],"wp:attachment":[{"href":"https:\/\/www.salzburgerland.com\/de\/magazin\/wp-json\/wp\/v2\/media?parent=43683"}],"wp:term":[{"taxonomy":"category","embeddable":true,"href":"https:\/\/www.salzburgerland.com\/de\/magazin\/wp-json\/wp\/v2\/categories?post=43683"},{"taxonomy":"post_tag","embeddable":true,"href":"https:\/\/www.salzburgerland.com\/de\/magazin\/wp-json\/wp\/v2\/tags?post=43683"},{"taxonomy":"wl_entity_type","embeddable":true,"href":"https:\/\/www.salzburgerland.com\/de\/magazin\/wp-json\/wp\/v2\/wl_entity_type?post=43683"},{"taxonomy":"monatsauswahl","embeddable":true,"href":"https:\/\/www.salzburgerland.com\/de\/magazin\/wp-json\/wp\/v2\/monatsauswahl?post=43683"}],"curies":[{"name":"wp","href":"https:\/\/api.w.org\/{rel}","templated":true}]}}