{"id":43319,"date":"2013-09-10T09:00:49","date_gmt":"2013-09-10T07:00:49","guid":{"rendered":"http:\/\/magazin.salzburgerland.com\/?p=43319"},"modified":"2019-06-26T20:21:03","modified_gmt":"2019-06-26T18:21:03","slug":"parcours-in-der-mozartstadt","status":"publish","type":"post","link":"https:\/\/www.salzburgerland.com\/de\/magazin\/parcours-in-der-mozartstadt\/","title":{"rendered":"Parcours in der Mozartstadt"},"content":{"rendered":"<p>Ganz nach dem Motto, Bewegung ist gesund, bewegen wir uns mit der relativ neuen Trendsportart &#8222;Parcours&#8220; in der Mozartstadt Salzburg und machen dazu gleich eine sch\u00f6ne Sightseeing-Tour.<\/p>\n<p><iframe loading=\"lazy\" title=\"Logenplatz: Le Parkour zur Festung Hohensalzburg\" width=\"640\" height=\"360\" src=\"https:\/\/www.youtube-nocookie.com\/embed\/rD6laAc0Q_c?feature=oembed&#038;rel=0&#038;modestbranding=1\" frameborder=\"0\" allow=\"accelerometer; autoplay; clipboard-write; encrypted-media; gyroscope; picture-in-picture; web-share\" referrerpolicy=\"strict-origin-when-cross-origin\" allowfullscreen><\/iframe><\/p>\n<p>Bei Parcour werden Hindernisse gesucht, Moves werden \u00fcber urbanen Terrain gezaubert, und der Spa\u00df geht nie verloren. Wer suchet der findet, und in der Stadt Salzburg findet man so ein perfektes Terrain um sich ordentlich auszutoben. Bei dieser Sportart gilt: NUR f\u00fcr ge\u00fcbte und gut trainierte Sportler. Man f\u00e4ngt ganz klein an und tastet sich mit sehr, sehr hartem Training ganz langsam an die Moves, die hier gezeigt werden heran.\u00a0 Vielen Dank an die Crew von One Move &#8211; Modern Lifestyle Salzburg, f\u00fcr einen abenteuerlichen Tag in der Stadt Salzburg. F\u00fcr die LeserInnen dieser Geschichte gilt: NICHT NACHMACHEN! Wer an Stunden interessiert ist findet bei\u00a0<a href=\"http:\/\/www.onemove.at\/\" target=\"_blank\" rel=\"noopener noreferrer\">One Move &#8211; Modern Lifestyle Salzburg<\/a> Termine!<\/p>\n<div class=\"mag-gallery\"><div class=\"row\"><div class=\"col-6 col-sm-4\"><figure><a class=\"thumb-container\" href=\"https:\/\/www.salzburgerland.com\/de\/magazin\/wp-content\/uploads\/2013\/08\/carminwalcher.at-1-von-1-1280x1024.jpg\">\t<picture><source media=\"(min-width: 576px)\" srcset=\"https:\/\/www.salzburgerland.com\/de\/magazin\/wp-content\/uploads\/2013\/08\/carminwalcher.at-1-von-1-325x209.jpg 325w, https:\/\/www.salzburgerland.com\/de\/magazin\/wp-content\/uploads\/2013\/08\/carminwalcher.at-1-von-1-249x160.jpg 249w\" \/><source media=\"(min-width: 0)\" srcset=\"https:\/\/www.salzburgerland.com\/de\/magazin\/wp-content\/uploads\/2013\/08\/carminwalcher.at-1-von-1-249x160.jpg 249w, https:\/\/www.salzburgerland.com\/de\/magazin\/wp-content\/uploads\/2013\/08\/carminwalcher.at-1-von-1-325x209.jpg 325w\" \/><img decoding=\"async\" alt=\"Ein Mann in lila Hosen macht einen einh\u00e4ndigen Handstand auf einer Stadtstra\u00dfe, umgeben von hohen Geb\u00e4uden.\" src=\"https:\/\/www.salzburgerland.com\/de\/magazin\/wp-content\/uploads\/2013\/08\/carminwalcher.at-1-von-1.jpg\" \/>\t<\/picture><\/a><\/figure><\/div><div class=\"col-6 col-sm-4\"><figure><a class=\"thumb-container\" href=\"https:\/\/www.salzburgerland.com\/de\/magazin\/wp-content\/uploads\/2013\/08\/carminwalcher.at-2-von-27-1280x1024.jpg\">\t<picture><source media=\"(min-width: 576px)\" srcset=\"https:\/\/www.salzburgerland.com\/de\/magazin\/wp-content\/uploads\/2013\/08\/carminwalcher.at-2-von-27-325x209.jpg 325w, https:\/\/www.salzburgerland.com\/de\/magazin\/wp-content\/uploads\/2013\/08\/carminwalcher.at-2-von-27-249x160.jpg 249w\" \/><source media=\"(min-width: 0)\" srcset=\"https:\/\/www.salzburgerland.com\/de\/magazin\/wp-content\/uploads\/2013\/08\/carminwalcher.at-2-von-27-249x160.jpg 249w, https:\/\/www.salzburgerland.com\/de\/magazin\/wp-content\/uploads\/2013\/08\/carminwalcher.at-2-von-27-325x209.jpg 325w\" \/><img decoding=\"async\" alt=\"Eine Person f\u00fchrt einen Parkour-Sprung zwischen zwei hohen, verwitterten Geb\u00e4uden in einer engen Gasse aus.\" src=\"https:\/\/www.salzburgerland.com\/de\/magazin\/wp-content\/uploads\/2013\/08\/carminwalcher.at-2-von-27.jpg\" \/>\t<\/picture><\/a><\/figure><\/div><div class=\"col-6 col-sm-4\"><figure><a class=\"thumb-container\" href=\"https:\/\/www.salzburgerland.com\/de\/magazin\/wp-content\/uploads\/2013\/08\/carminwalcher.at-1-von-27-1280x1024.jpg\">\t<picture><source media=\"(min-width: 576px)\" srcset=\"https:\/\/www.salzburgerland.com\/de\/magazin\/wp-content\/uploads\/2013\/08\/carminwalcher.at-1-von-27-325x209.jpg 325w, https:\/\/www.salzburgerland.com\/de\/magazin\/wp-content\/uploads\/2013\/08\/carminwalcher.at-1-von-27-249x160.jpg 249w\" \/><source media=\"(min-width: 0)\" srcset=\"https:\/\/www.salzburgerland.com\/de\/magazin\/wp-content\/uploads\/2013\/08\/carminwalcher.at-1-von-27-249x160.jpg 249w, https:\/\/www.salzburgerland.com\/de\/magazin\/wp-content\/uploads\/2013\/08\/carminwalcher.at-1-von-27-325x209.jpg 325w\" \/><img decoding=\"async\" alt=\"Eine Person in Sportkleidung springt ein hohes, verwittertes Geb\u00e4ude hinauf und \u00fcbt unter einem teilweise bew\u00f6lkten Himmel Parkour.\" src=\"https:\/\/www.salzburgerland.com\/de\/magazin\/wp-content\/uploads\/2013\/08\/carminwalcher.at-1-von-27.jpg\" \/>\t<\/picture><\/a><\/figure><\/div><div class=\"col-6 col-sm-4\"><figure><a class=\"thumb-container\" href=\"https:\/\/www.salzburgerland.com\/de\/magazin\/wp-content\/uploads\/2013\/08\/carminwalcher.at-5-von-27-1280x1024.jpg\">\t<picture><source media=\"(min-width: 576px)\" srcset=\"\" \/><source media=\"(min-width: 0)\" srcset=\"https:\/\/www.salzburgerland.com\/de\/magazin\/wp-content\/uploads\/2013\/08\/carminwalcher.at-5-von-27.jpg 666w, https:\/\/www.salzburgerland.com\/de\/magazin\/wp-content\/uploads\/2013\/08\/carminwalcher.at-5-von-27-200x300.jpg 200w, https:\/\/www.salzburgerland.com\/de\/magazin\/wp-content\/uploads\/2013\/08\/carminwalcher.at-5-von-27-366x550.jpg 366w, https:\/\/www.salzburgerland.com\/de\/magazin\/wp-content\/uploads\/2013\/08\/carminwalcher.at-5-von-27-266x400.jpg 266w\" \/><img decoding=\"async\" alt=\"Eine Person macht einen R\u00fcckw\u00e4rtssalto gegen eine steile Wand in einer st\u00e4dtischen Gasse mit hohen Geb\u00e4uden.\" src=\"https:\/\/www.salzburgerland.com\/de\/magazin\/wp-content\/uploads\/2013\/08\/carminwalcher.at-5-von-27.jpg\" \/>\t<\/picture><\/a><\/figure><\/div><div class=\"col-6 col-sm-4\"><figure><a class=\"thumb-container\" href=\"https:\/\/www.salzburgerland.com\/de\/magazin\/wp-content\/uploads\/2013\/08\/carminwalcher.at-4-von-27-1280x1024.jpg\">\t<picture><source media=\"(min-width: 576px)\" srcset=\"\" \/><source media=\"(min-width: 0)\" srcset=\"https:\/\/www.salzburgerland.com\/de\/magazin\/wp-content\/uploads\/2013\/08\/carminwalcher.at-4-von-27.jpg 666w, https:\/\/www.salzburgerland.com\/de\/magazin\/wp-content\/uploads\/2013\/08\/carminwalcher.at-4-von-27-200x300.jpg 200w, https:\/\/www.salzburgerland.com\/de\/magazin\/wp-content\/uploads\/2013\/08\/carminwalcher.at-4-von-27-366x550.jpg 366w, https:\/\/www.salzburgerland.com\/de\/magazin\/wp-content\/uploads\/2013\/08\/carminwalcher.at-4-von-27-266x400.jpg 266w\" \/><img decoding=\"async\" alt=\"Eine Frau scheint zwischen zwei hohen Geb\u00e4uden zu springen oder zu fallen, was eine optische T\u00e4uschung darstellt.\" src=\"https:\/\/www.salzburgerland.com\/de\/magazin\/wp-content\/uploads\/2013\/08\/carminwalcher.at-4-von-27.jpg\" \/>\t<\/picture><\/a><\/figure><\/div><div class=\"col-6 col-sm-4\"><figure><a class=\"thumb-container\" href=\"https:\/\/www.salzburgerland.com\/de\/magazin\/wp-content\/uploads\/2013\/08\/carminwalcher.at-3-von-271-1280x1024.jpg\">\t<picture><source media=\"(min-width: 576px)\" srcset=\"https:\/\/www.salzburgerland.com\/de\/magazin\/wp-content\/uploads\/2013\/08\/carminwalcher.at-3-von-271-325x209.jpg 325w, https:\/\/www.salzburgerland.com\/de\/magazin\/wp-content\/uploads\/2013\/08\/carminwalcher.at-3-von-271-249x160.jpg 249w\" \/><source media=\"(min-width: 0)\" srcset=\"https:\/\/www.salzburgerland.com\/de\/magazin\/wp-content\/uploads\/2013\/08\/carminwalcher.at-3-von-271-249x160.jpg 249w, https:\/\/www.salzburgerland.com\/de\/magazin\/wp-content\/uploads\/2013\/08\/carminwalcher.at-3-von-271-325x209.jpg 325w\" \/><img decoding=\"async\" alt=\"Eine Person in Sportkleidung f\u00fchrt eine Parkour-Bewegung aus und springt von einer Mauer zwischen zwei Geb\u00e4uden in einer st\u00e4dtischen Gasse.\" src=\"https:\/\/www.salzburgerland.com\/de\/magazin\/wp-content\/uploads\/2013\/08\/carminwalcher.at-3-von-271.jpg\" \/>\t<\/picture><\/a><\/figure><\/div><div class=\"col-6 col-sm-4\"><figure><a class=\"thumb-container\" href=\"https:\/\/www.salzburgerland.com\/de\/magazin\/wp-content\/uploads\/2013\/08\/carminwalcher.at-7-von-27-1280x1024.jpg\">\t<picture><source media=\"(min-width: 576px)\" srcset=\"https:\/\/www.salzburgerland.com\/de\/magazin\/wp-content\/uploads\/2013\/08\/carminwalcher.at-7-von-27-325x209.jpg 325w, https:\/\/www.salzburgerland.com\/de\/magazin\/wp-content\/uploads\/2013\/08\/carminwalcher.at-7-von-27-249x160.jpg 249w\" \/><source media=\"(min-width: 0)\" srcset=\"https:\/\/www.salzburgerland.com\/de\/magazin\/wp-content\/uploads\/2013\/08\/carminwalcher.at-7-von-27-249x160.jpg 249w, https:\/\/www.salzburgerland.com\/de\/magazin\/wp-content\/uploads\/2013\/08\/carminwalcher.at-7-von-27-325x209.jpg 325w\" \/><img decoding=\"async\" alt=\"Person auf einem gro\u00dfen Ast sitzend, umgeben von Wald, mit Sonnenlicht, das durch die \u00c4ste scheint.\" src=\"https:\/\/www.salzburgerland.com\/de\/magazin\/wp-content\/uploads\/2013\/08\/carminwalcher.at-7-von-27.jpg\" \/>\t<\/picture><\/a><\/figure><\/div><div class=\"col-6 col-sm-4\"><figure><a class=\"thumb-container\" href=\"https:\/\/www.salzburgerland.com\/de\/magazin\/wp-content\/uploads\/2013\/08\/carminwalcher.at-6-von-27-1280x1024.jpg\">\t<picture><source media=\"(min-width: 576px)\" srcset=\"\" \/><source media=\"(min-width: 0)\" srcset=\"https:\/\/www.salzburgerland.com\/de\/magazin\/wp-content\/uploads\/2013\/08\/carminwalcher.at-6-von-27.jpg 666w, https:\/\/www.salzburgerland.com\/de\/magazin\/wp-content\/uploads\/2013\/08\/carminwalcher.at-6-von-27-200x300.jpg 200w, https:\/\/www.salzburgerland.com\/de\/magazin\/wp-content\/uploads\/2013\/08\/carminwalcher.at-6-von-27-366x550.jpg 366w, https:\/\/www.salzburgerland.com\/de\/magazin\/wp-content\/uploads\/2013\/08\/carminwalcher.at-6-von-27-266x400.jpg 266w\" \/><img decoding=\"async\" alt=\"Eine sportlich gekleidete Person klettert auf einen Baum mit kahlen \u00c4sten und blauem Himmel \u00fcber ihr.\" src=\"https:\/\/www.salzburgerland.com\/de\/magazin\/wp-content\/uploads\/2013\/08\/carminwalcher.at-6-von-27.jpg\" \/>\t<\/picture><\/a><\/figure><\/div><div class=\"col-6 col-sm-4\"><figure><a class=\"thumb-container\" href=\"https:\/\/www.salzburgerland.com\/de\/magazin\/wp-content\/uploads\/2013\/08\/carminwalcher.at-9-von-27-1280x1024.jpg\">\t<picture><source media=\"(min-width: 576px)\" srcset=\"https:\/\/www.salzburgerland.com\/de\/magazin\/wp-content\/uploads\/2013\/08\/carminwalcher.at-9-von-27-325x209.jpg 325w, https:\/\/www.salzburgerland.com\/de\/magazin\/wp-content\/uploads\/2013\/08\/carminwalcher.at-9-von-27-249x160.jpg 249w\" \/><source media=\"(min-width: 0)\" srcset=\"https:\/\/www.salzburgerland.com\/de\/magazin\/wp-content\/uploads\/2013\/08\/carminwalcher.at-9-von-27-249x160.jpg 249w, https:\/\/www.salzburgerland.com\/de\/magazin\/wp-content\/uploads\/2013\/08\/carminwalcher.at-9-von-27-325x209.jpg 325w\" \/><img decoding=\"async\" alt=\"Eine Person in der Luft, die einen Parkour-Sprung im Freien ausf\u00fchrt, mit einer Stadtlandschaft und Bergen im Hintergrund.\" src=\"https:\/\/www.salzburgerland.com\/de\/magazin\/wp-content\/uploads\/2013\/08\/carminwalcher.at-9-von-27.jpg\" \/>\t<\/picture><\/a><\/figure><\/div><div class=\"col-6 col-sm-4\"><figure><a class=\"thumb-container\" href=\"https:\/\/www.salzburgerland.com\/de\/magazin\/wp-content\/uploads\/2013\/08\/carminwalcher.at-8-von-27-1280x1024.jpg\">\t<picture><source media=\"(min-width: 576px)\" srcset=\"\" \/><source media=\"(min-width: 0)\" srcset=\"https:\/\/www.salzburgerland.com\/de\/magazin\/wp-content\/uploads\/2013\/08\/carminwalcher.at-8-von-27.jpg 666w, https:\/\/www.salzburgerland.com\/de\/magazin\/wp-content\/uploads\/2013\/08\/carminwalcher.at-8-von-27-200x300.jpg 200w, https:\/\/www.salzburgerland.com\/de\/magazin\/wp-content\/uploads\/2013\/08\/carminwalcher.at-8-von-27-366x550.jpg 366w, https:\/\/www.salzburgerland.com\/de\/magazin\/wp-content\/uploads\/2013\/08\/carminwalcher.at-8-von-27-266x400.jpg 266w\" \/><img decoding=\"async\" alt=\"Person, die auf einen Baum klettert, sich an den \u00c4sten festh\u00e4lt und nach unten schaut, mit blauem Himmel und sp\u00e4rlichem Laub im Hintergrund.\" src=\"https:\/\/www.salzburgerland.com\/de\/magazin\/wp-content\/uploads\/2013\/08\/carminwalcher.at-8-von-27.jpg\" \/>\t<\/picture><\/a><\/figure><\/div><div class=\"col-6 col-sm-4\"><figure><a class=\"thumb-container\" href=\"https:\/\/www.salzburgerland.com\/de\/magazin\/wp-content\/uploads\/2013\/08\/carminwalcher.at-10-von-27-1280x1024.jpg\">\t<picture><source media=\"(min-width: 576px)\" srcset=\"https:\/\/www.salzburgerland.com\/de\/magazin\/wp-content\/uploads\/2013\/08\/carminwalcher.at-10-von-27-325x209.jpg 325w, https:\/\/www.salzburgerland.com\/de\/magazin\/wp-content\/uploads\/2013\/08\/carminwalcher.at-10-von-27-249x160.jpg 249w\" \/><source media=\"(min-width: 0)\" srcset=\"https:\/\/www.salzburgerland.com\/de\/magazin\/wp-content\/uploads\/2013\/08\/carminwalcher.at-10-von-27-249x160.jpg 249w, https:\/\/www.salzburgerland.com\/de\/magazin\/wp-content\/uploads\/2013\/08\/carminwalcher.at-10-von-27-325x209.jpg 325w\" \/><img decoding=\"async\" alt=\"Eine Person in lila Hosen macht einen Handstand auf einem Steinsockel mit Blick auf eine Stadt mit Bergen im Hintergrund.\" src=\"https:\/\/www.salzburgerland.com\/de\/magazin\/wp-content\/uploads\/2013\/08\/carminwalcher.at-10-von-27.jpg\" \/>\t<\/picture><\/a><\/figure><\/div><div class=\"col-6 col-sm-4\"><figure><a class=\"thumb-container\" href=\"https:\/\/www.salzburgerland.com\/de\/magazin\/wp-content\/uploads\/2013\/08\/carminwalcher.at-12-von-27-1280x1024.jpg\">\t<picture><source media=\"(min-width: 576px)\" srcset=\"https:\/\/www.salzburgerland.com\/de\/magazin\/wp-content\/uploads\/2013\/08\/carminwalcher.at-12-von-27-325x209.jpg 325w, https:\/\/www.salzburgerland.com\/de\/magazin\/wp-content\/uploads\/2013\/08\/carminwalcher.at-12-von-27-249x160.jpg 249w\" \/><source media=\"(min-width: 0)\" srcset=\"https:\/\/www.salzburgerland.com\/de\/magazin\/wp-content\/uploads\/2013\/08\/carminwalcher.at-12-von-27-249x160.jpg 249w, https:\/\/www.salzburgerland.com\/de\/magazin\/wp-content\/uploads\/2013\/08\/carminwalcher.at-12-von-27-325x209.jpg 325w\" \/><img decoding=\"async\" alt=\"Eine Person in Sportkleidung f\u00fchrt eine Parkour-Bewegung aus und l\u00e4uft im Freien an einer moosbewachsenen Steinmauer entlang.\" src=\"https:\/\/www.salzburgerland.com\/de\/magazin\/wp-content\/uploads\/2013\/08\/carminwalcher.at-12-von-27.jpg\" \/>\t<\/picture><\/a><\/figure><\/div><div class=\"col-6 col-sm-4\"><figure><a class=\"thumb-container\" href=\"https:\/\/www.salzburgerland.com\/de\/magazin\/wp-content\/uploads\/2013\/08\/carminwalcher.at-22-von-27-1280x1024.jpg\">\t<picture><source media=\"(min-width: 576px)\" srcset=\"https:\/\/www.salzburgerland.com\/de\/magazin\/wp-content\/uploads\/2013\/08\/carminwalcher.at-22-von-27-325x209.jpg 325w, https:\/\/www.salzburgerland.com\/de\/magazin\/wp-content\/uploads\/2013\/08\/carminwalcher.at-22-von-27-249x160.jpg 249w\" \/><source media=\"(min-width: 0)\" srcset=\"https:\/\/www.salzburgerland.com\/de\/magazin\/wp-content\/uploads\/2013\/08\/carminwalcher.at-22-von-27-249x160.jpg 249w, https:\/\/www.salzburgerland.com\/de\/magazin\/wp-content\/uploads\/2013\/08\/carminwalcher.at-22-von-27-325x209.jpg 325w\" \/><img decoding=\"async\" alt=\"Eine Person macht einen R\u00fcckw\u00e4rtssalto von einem Ast, w\u00e4hrend im Hintergrund eine europ\u00e4ische Stadt und eine Festung zu sehen sind.\" src=\"https:\/\/www.salzburgerland.com\/de\/magazin\/wp-content\/uploads\/2013\/08\/carminwalcher.at-22-von-27.jpg\" \/>\t<\/picture><\/a><\/figure><\/div><div class=\"col-6 col-sm-4\"><figure><a class=\"thumb-container\" href=\"https:\/\/www.salzburgerland.com\/de\/magazin\/wp-content\/uploads\/2013\/08\/carminwalcher.at-25-von-27-1280x1024.jpg\">\t<picture><source media=\"(min-width: 576px)\" srcset=\"https:\/\/www.salzburgerland.com\/de\/magazin\/wp-content\/uploads\/2013\/08\/carminwalcher.at-25-von-27-325x209.jpg 325w, https:\/\/www.salzburgerland.com\/de\/magazin\/wp-content\/uploads\/2013\/08\/carminwalcher.at-25-von-27-249x160.jpg 249w\" \/><source media=\"(min-width: 0)\" srcset=\"https:\/\/www.salzburgerland.com\/de\/magazin\/wp-content\/uploads\/2013\/08\/carminwalcher.at-25-von-27-249x160.jpg 249w, https:\/\/www.salzburgerland.com\/de\/magazin\/wp-content\/uploads\/2013\/08\/carminwalcher.at-25-von-27-325x209.jpg 325w\" \/><img decoding=\"async\" alt=\"Eine Person mit lila Hose und wei\u00dfem Hemd st\u00fcrzt sich bei bew\u00f6lktem Himmel in der Luft \u00fcber eine Stadtlandschaft.\" src=\"https:\/\/www.salzburgerland.com\/de\/magazin\/wp-content\/uploads\/2013\/08\/carminwalcher.at-25-von-27.jpg\" \/>\t<\/picture><\/a><\/figure><\/div><div class=\"col-6 col-sm-4\"><figure><a class=\"thumb-container\" href=\"https:\/\/www.salzburgerland.com\/de\/magazin\/wp-content\/uploads\/2013\/08\/carminwalcher.at-11-von-27-1280x1024.jpg\">\t<picture><source media=\"(min-width: 576px)\" srcset=\"https:\/\/www.salzburgerland.com\/de\/magazin\/wp-content\/uploads\/2013\/08\/carminwalcher.at-11-von-27-325x209.jpg 325w, https:\/\/www.salzburgerland.com\/de\/magazin\/wp-content\/uploads\/2013\/08\/carminwalcher.at-11-von-27-249x160.jpg 249w\" \/><source media=\"(min-width: 0)\" srcset=\"https:\/\/www.salzburgerland.com\/de\/magazin\/wp-content\/uploads\/2013\/08\/carminwalcher.at-11-von-27-249x160.jpg 249w, https:\/\/www.salzburgerland.com\/de\/magazin\/wp-content\/uploads\/2013\/08\/carminwalcher.at-11-von-27-325x209.jpg 325w\" \/><img decoding=\"async\" alt=\"Eine Person in lila Hosen springt \u00fcber eine mit Efeu bewachsene, moosbewachsene Steinmauer im Freien.\" src=\"https:\/\/www.salzburgerland.com\/de\/magazin\/wp-content\/uploads\/2013\/08\/carminwalcher.at-11-von-27.jpg\" \/>\t<\/picture><\/a><\/figure><\/div><div class=\"col-6 col-sm-4\"><figure><a class=\"thumb-container\" href=\"https:\/\/www.salzburgerland.com\/de\/magazin\/wp-content\/uploads\/2013\/08\/carminwalcher.at-13-von-27-1280x1024.jpg\">\t<picture><source media=\"(min-width: 576px)\" srcset=\"https:\/\/www.salzburgerland.com\/de\/magazin\/wp-content\/uploads\/2013\/08\/carminwalcher.at-13-von-27-325x209.jpg 325w, https:\/\/www.salzburgerland.com\/de\/magazin\/wp-content\/uploads\/2013\/08\/carminwalcher.at-13-von-27-249x160.jpg 249w\" \/><source media=\"(min-width: 0)\" srcset=\"https:\/\/www.salzburgerland.com\/de\/magazin\/wp-content\/uploads\/2013\/08\/carminwalcher.at-13-von-27-249x160.jpg 249w, https:\/\/www.salzburgerland.com\/de\/magazin\/wp-content\/uploads\/2013\/08\/carminwalcher.at-13-von-27-325x209.jpg 325w\" \/><img decoding=\"async\" alt=\"Frau, die im Freien von einer mit gr\u00fcnem Efeu bewachsenen Steinmauer springt und dabei eine Parkour-Bewegung ausf\u00fchrt.\" src=\"https:\/\/www.salzburgerland.com\/de\/magazin\/wp-content\/uploads\/2013\/08\/carminwalcher.at-13-von-27.jpg\" \/>\t<\/picture><\/a><\/figure><\/div><div class=\"col-6 col-sm-4\"><figure><a class=\"thumb-container\" href=\"https:\/\/www.salzburgerland.com\/de\/magazin\/wp-content\/uploads\/2013\/08\/carminwalcher.at-24-von-27-1280x1024.jpg\">\t<picture><source media=\"(min-width: 576px)\" srcset=\"https:\/\/www.salzburgerland.com\/de\/magazin\/wp-content\/uploads\/2013\/08\/carminwalcher.at-24-von-27-325x209.jpg 325w, https:\/\/www.salzburgerland.com\/de\/magazin\/wp-content\/uploads\/2013\/08\/carminwalcher.at-24-von-27-249x160.jpg 249w\" \/><source media=\"(min-width: 0)\" srcset=\"https:\/\/www.salzburgerland.com\/de\/magazin\/wp-content\/uploads\/2013\/08\/carminwalcher.at-24-von-27-249x160.jpg 249w, https:\/\/www.salzburgerland.com\/de\/magazin\/wp-content\/uploads\/2013\/08\/carminwalcher.at-24-von-27-325x209.jpg 325w\" \/><img decoding=\"async\" alt=\"Eine Person in sportlicher Kleidung balanciert in der Luft auf einer Steins\u00e4ule \u00fcber einer Stadt mit einem bew\u00f6lkten Himmel im Hintergrund.\" src=\"https:\/\/www.salzburgerland.com\/de\/magazin\/wp-content\/uploads\/2013\/08\/carminwalcher.at-24-von-27.jpg\" \/>\t<\/picture><\/a><\/figure><\/div><div class=\"col-6 col-sm-4\"><figure><a class=\"thumb-container\" href=\"https:\/\/www.salzburgerland.com\/de\/magazin\/wp-content\/uploads\/2013\/08\/carminwalcher.at-23-von-27-1280x1024.jpg\">\t<picture><source media=\"(min-width: 576px)\" srcset=\"https:\/\/www.salzburgerland.com\/de\/magazin\/wp-content\/uploads\/2013\/08\/carminwalcher.at-23-von-27-325x209.jpg 325w, https:\/\/www.salzburgerland.com\/de\/magazin\/wp-content\/uploads\/2013\/08\/carminwalcher.at-23-von-27-249x160.jpg 249w\" \/><source media=\"(min-width: 0)\" srcset=\"https:\/\/www.salzburgerland.com\/de\/magazin\/wp-content\/uploads\/2013\/08\/carminwalcher.at-23-von-27-249x160.jpg 249w, https:\/\/www.salzburgerland.com\/de\/magazin\/wp-content\/uploads\/2013\/08\/carminwalcher.at-23-von-27-325x209.jpg 325w\" \/><img decoding=\"async\" alt=\"Eine Person in der Luft beim Parkour im Freien, mit der Sonne und der Stadtlandschaft im Hintergrund.\" src=\"https:\/\/www.salzburgerland.com\/de\/magazin\/wp-content\/uploads\/2013\/08\/carminwalcher.at-23-von-27.jpg\" \/>\t<\/picture><\/a><\/figure><\/div><div class=\"col-6 col-sm-4\"><figure><a class=\"thumb-container\" href=\"https:\/\/www.salzburgerland.com\/de\/magazin\/wp-content\/uploads\/2013\/08\/carminwalcher.at-18-von-27-1280x1024.jpg\">\t<picture><source media=\"(min-width: 576px)\" srcset=\"https:\/\/www.salzburgerland.com\/de\/magazin\/wp-content\/uploads\/2013\/08\/carminwalcher.at-18-von-27-325x209.jpg 325w, https:\/\/www.salzburgerland.com\/de\/magazin\/wp-content\/uploads\/2013\/08\/carminwalcher.at-18-von-27-249x160.jpg 249w\" \/><source media=\"(min-width: 0)\" srcset=\"https:\/\/www.salzburgerland.com\/de\/magazin\/wp-content\/uploads\/2013\/08\/carminwalcher.at-18-von-27-249x160.jpg 249w, https:\/\/www.salzburgerland.com\/de\/magazin\/wp-content\/uploads\/2013\/08\/carminwalcher.at-18-von-27-325x209.jpg 325w\" \/><img decoding=\"async\" alt=\"Eine Person in Sportkleidung klettert im Freien eine mit Graffiti beschmierte Wand hinauf und greift nach dem obersten Vorsprung.\" src=\"https:\/\/www.salzburgerland.com\/de\/magazin\/wp-content\/uploads\/2013\/08\/carminwalcher.at-18-von-27.jpg\" \/>\t<\/picture><\/a><\/figure><\/div><div class=\"col-6 col-sm-4\"><figure><a class=\"thumb-container\" href=\"https:\/\/www.salzburgerland.com\/de\/magazin\/wp-content\/uploads\/2013\/08\/carminwalcher.at-15-von-27-1280x1024.jpg\">\t<picture><source media=\"(min-width: 576px)\" srcset=\"https:\/\/www.salzburgerland.com\/de\/magazin\/wp-content\/uploads\/2013\/08\/carminwalcher.at-15-von-27-325x209.jpg 325w, https:\/\/www.salzburgerland.com\/de\/magazin\/wp-content\/uploads\/2013\/08\/carminwalcher.at-15-von-27-249x160.jpg 249w\" \/><source media=\"(min-width: 0)\" srcset=\"https:\/\/www.salzburgerland.com\/de\/magazin\/wp-content\/uploads\/2013\/08\/carminwalcher.at-15-von-27-249x160.jpg 249w, https:\/\/www.salzburgerland.com\/de\/magazin\/wp-content\/uploads\/2013\/08\/carminwalcher.at-15-von-27-325x209.jpg 325w\" \/><img decoding=\"async\" alt=\"Eine Person in Sportkleidung macht einen Salto \u00fcber eine Steinmauer mit einer malerischen Stadt und Bergen im Hintergrund.\" src=\"https:\/\/www.salzburgerland.com\/de\/magazin\/wp-content\/uploads\/2013\/08\/carminwalcher.at-15-von-27.jpg\" \/>\t<\/picture><\/a><\/figure><\/div><div class=\"col-6 col-sm-4\"><figure><a class=\"thumb-container\" href=\"https:\/\/www.salzburgerland.com\/de\/magazin\/wp-content\/uploads\/2013\/08\/carminwalcher.at-16-von-27-1280x1024.jpg\">\t<picture><source media=\"(min-width: 576px)\" srcset=\"https:\/\/www.salzburgerland.com\/de\/magazin\/wp-content\/uploads\/2013\/08\/carminwalcher.at-16-von-27-325x209.jpg 325w, https:\/\/www.salzburgerland.com\/de\/magazin\/wp-content\/uploads\/2013\/08\/carminwalcher.at-16-von-27-249x160.jpg 249w\" \/><source media=\"(min-width: 0)\" srcset=\"https:\/\/www.salzburgerland.com\/de\/magazin\/wp-content\/uploads\/2013\/08\/carminwalcher.at-16-von-27-249x160.jpg 249w, https:\/\/www.salzburgerland.com\/de\/magazin\/wp-content\/uploads\/2013\/08\/carminwalcher.at-16-von-27-325x209.jpg 325w\" \/><img decoding=\"async\" alt=\"Eine Person h\u00e4ngt kopf\u00fcber an einem Ast \u00fcber einer Steinmauer mit einer entfernten Burg im Hintergrund.\" src=\"https:\/\/www.salzburgerland.com\/de\/magazin\/wp-content\/uploads\/2013\/08\/carminwalcher.at-16-von-27.jpg\" \/>\t<\/picture><\/a><\/figure><\/div><div class=\"col-6 col-sm-4\"><figure><a class=\"thumb-container\" href=\"https:\/\/www.salzburgerland.com\/de\/magazin\/wp-content\/uploads\/2013\/08\/carminwalcher.at-14-von-27-1280x1024.jpg\">\t<picture><source media=\"(min-width: 576px)\" srcset=\"https:\/\/www.salzburgerland.com\/de\/magazin\/wp-content\/uploads\/2013\/08\/carminwalcher.at-14-von-27-325x209.jpg 325w, https:\/\/www.salzburgerland.com\/de\/magazin\/wp-content\/uploads\/2013\/08\/carminwalcher.at-14-von-27-249x160.jpg 249w\" \/><source media=\"(min-width: 0)\" srcset=\"https:\/\/www.salzburgerland.com\/de\/magazin\/wp-content\/uploads\/2013\/08\/carminwalcher.at-14-von-27-249x160.jpg 249w, https:\/\/www.salzburgerland.com\/de\/magazin\/wp-content\/uploads\/2013\/08\/carminwalcher.at-14-von-27-325x209.jpg 325w\" \/><img decoding=\"async\" alt=\"Person, die einen einh\u00e4ndigen Handstand auf einer moosbewachsenen Steinmauer inmitten von Gr\u00fcn im Freien ausf\u00fchrt.\" src=\"https:\/\/www.salzburgerland.com\/de\/magazin\/wp-content\/uploads\/2013\/08\/carminwalcher.at-14-von-27.jpg\" \/>\t<\/picture><\/a><\/figure><\/div><div class=\"col-6 col-sm-4\"><figure><a class=\"thumb-container\" href=\"https:\/\/www.salzburgerland.com\/de\/magazin\/wp-content\/uploads\/2013\/08\/carminwalcher.at-17-von-27-1280x1024.jpg\">\t<picture><source media=\"(min-width: 576px)\" srcset=\"https:\/\/www.salzburgerland.com\/de\/magazin\/wp-content\/uploads\/2013\/08\/carminwalcher.at-17-von-27-325x209.jpg 325w, https:\/\/www.salzburgerland.com\/de\/magazin\/wp-content\/uploads\/2013\/08\/carminwalcher.at-17-von-27-249x160.jpg 249w\" \/><source media=\"(min-width: 0)\" srcset=\"https:\/\/www.salzburgerland.com\/de\/magazin\/wp-content\/uploads\/2013\/08\/carminwalcher.at-17-von-27-249x160.jpg 249w, https:\/\/www.salzburgerland.com\/de\/magazin\/wp-content\/uploads\/2013\/08\/carminwalcher.at-17-von-27-848x550.jpg 848w, https:\/\/www.salzburgerland.com\/de\/magazin\/wp-content\/uploads\/2013\/08\/carminwalcher.at-17-von-27-617x400.jpg 617w, https:\/\/www.salzburgerland.com\/de\/magazin\/wp-content\/uploads\/2013\/08\/carminwalcher.at-17-von-27-325x209.jpg 325w, https:\/\/www.salzburgerland.com\/de\/magazin\/wp-content\/uploads\/2013\/08\/carminwalcher.at-17-von-27-1320x856.jpg 1320w, https:\/\/www.salzburgerland.com\/de\/magazin\/wp-content\/uploads\/2013\/08\/carminwalcher.at-17-von-27.jpg 1400w\" \/><img decoding=\"async\" alt=\"Eine Person st\u00fcrzt sich in der Luft von einer Steinmauer, umgeben von B\u00e4umen und Gr\u00fcnpflanzen.\" src=\"https:\/\/www.salzburgerland.com\/de\/magazin\/wp-content\/uploads\/2013\/08\/carminwalcher.at-17-von-27.jpg\" \/>\t<\/picture><\/a><\/figure><\/div><div class=\"col-6 col-sm-4\"><figure><a class=\"thumb-container\" href=\"https:\/\/www.salzburgerland.com\/de\/magazin\/wp-content\/uploads\/2013\/08\/carminwalcher.at-26-von-27-1280x1024.jpg\">\t<picture><source media=\"(min-width: 576px)\" srcset=\"https:\/\/www.salzburgerland.com\/de\/magazin\/wp-content\/uploads\/2013\/08\/carminwalcher.at-26-von-27-325x209.jpg 325w, https:\/\/www.salzburgerland.com\/de\/magazin\/wp-content\/uploads\/2013\/08\/carminwalcher.at-26-von-27-249x160.jpg 249w\" \/><source media=\"(min-width: 0)\" srcset=\"https:\/\/www.salzburgerland.com\/de\/magazin\/wp-content\/uploads\/2013\/08\/carminwalcher.at-26-von-27-249x160.jpg 249w, https:\/\/www.salzburgerland.com\/de\/magazin\/wp-content\/uploads\/2013\/08\/carminwalcher.at-26-von-27-325x209.jpg 325w\" \/><img decoding=\"async\" alt=\"Eine Person in Sportkleidung liegt mit dem R\u00fccken auf einer Steinmauer, die Beine \u00fcber einem Gel\u00e4nder, mit einer Stadtlandschaft im Hintergrund.\" src=\"https:\/\/www.salzburgerland.com\/de\/magazin\/wp-content\/uploads\/2013\/08\/carminwalcher.at-26-von-27.jpg\" \/>\t<\/picture><\/a><\/figure><\/div><div class=\"col-6 col-sm-4\"><figure><a class=\"thumb-container\" href=\"https:\/\/www.salzburgerland.com\/de\/magazin\/wp-content\/uploads\/2013\/08\/carminwalcher.at-19-von-27-1280x1024.jpg\">\t<picture><source media=\"(min-width: 576px)\" srcset=\"https:\/\/www.salzburgerland.com\/de\/magazin\/wp-content\/uploads\/2013\/08\/carminwalcher.at-19-von-27-325x209.jpg 325w, https:\/\/www.salzburgerland.com\/de\/magazin\/wp-content\/uploads\/2013\/08\/carminwalcher.at-19-von-27-249x160.jpg 249w\" \/><source media=\"(min-width: 0)\" srcset=\"https:\/\/www.salzburgerland.com\/de\/magazin\/wp-content\/uploads\/2013\/08\/carminwalcher.at-19-von-27-249x160.jpg 249w, https:\/\/www.salzburgerland.com\/de\/magazin\/wp-content\/uploads\/2013\/08\/carminwalcher.at-19-von-27-325x209.jpg 325w\" \/><img decoding=\"async\" alt=\"Person in der Luft, die \u00fcber eine Steinmauer im Freien springt, mit bew\u00f6lktem Himmel und B\u00e4umen im Hintergrund.\" src=\"https:\/\/www.salzburgerland.com\/de\/magazin\/wp-content\/uploads\/2013\/08\/carminwalcher.at-19-von-27.jpg\" \/>\t<\/picture><\/a><\/figure><\/div><div class=\"col-6 col-sm-4\"><figure><a class=\"thumb-container\" href=\"https:\/\/www.salzburgerland.com\/de\/magazin\/wp-content\/uploads\/2013\/08\/carminwalcher.at-27-von-27-1280x1024.jpg\">\t<picture><source media=\"(min-width: 576px)\" srcset=\"https:\/\/www.salzburgerland.com\/de\/magazin\/wp-content\/uploads\/2013\/08\/carminwalcher.at-27-von-27-325x209.jpg 325w, https:\/\/www.salzburgerland.com\/de\/magazin\/wp-content\/uploads\/2013\/08\/carminwalcher.at-27-von-27-249x160.jpg 249w\" \/><source media=\"(min-width: 0)\" srcset=\"https:\/\/www.salzburgerland.com\/de\/magazin\/wp-content\/uploads\/2013\/08\/carminwalcher.at-27-von-27-249x160.jpg 249w, https:\/\/www.salzburgerland.com\/de\/magazin\/wp-content\/uploads\/2013\/08\/carminwalcher.at-27-von-27-325x209.jpg 325w\" \/><img decoding=\"async\" alt=\"Eine hemds\u00e4rmelige Person liegt auf einem Felsen, tr\u00e4gt eine Sonnenbrille und ein wei\u00dfes Hemd mit der Aufschrift ONE MOVE KOREAN SPORTS LIFESTYLE.\" src=\"https:\/\/www.salzburgerland.com\/de\/magazin\/wp-content\/uploads\/2013\/08\/carminwalcher.at-27-von-27.jpg\" \/>\t<\/picture><\/a><\/figure><\/div><div class=\"col-6 col-sm-4\"><figure><a class=\"thumb-container\" href=\"https:\/\/www.salzburgerland.com\/de\/magazin\/wp-content\/uploads\/2013\/08\/carminwalcher.at-21-von-27-1280x1024.jpg\">\t<picture><source media=\"(min-width: 576px)\" srcset=\"\" \/><source media=\"(min-width: 0)\" srcset=\"https:\/\/www.salzburgerland.com\/de\/magazin\/wp-content\/uploads\/2013\/08\/carminwalcher.at-21-von-27.jpg 666w, https:\/\/www.salzburgerland.com\/de\/magazin\/wp-content\/uploads\/2013\/08\/carminwalcher.at-21-von-27-200x300.jpg 200w, https:\/\/www.salzburgerland.com\/de\/magazin\/wp-content\/uploads\/2013\/08\/carminwalcher.at-21-von-27-366x550.jpg 366w, https:\/\/www.salzburgerland.com\/de\/magazin\/wp-content\/uploads\/2013\/08\/carminwalcher.at-21-von-27-266x400.jpg 266w\" \/><img decoding=\"async\" alt=\"Zwei Menschen entspannen sich auf den gro\u00dfen \u00c4sten eines Baumes \u00fcber einer Stadt, umgeben von knospenden Bl\u00e4ttern.\" src=\"https:\/\/www.salzburgerland.com\/de\/magazin\/wp-content\/uploads\/2013\/08\/carminwalcher.at-21-von-27.jpg\" \/>\t<\/picture><\/a><\/figure><\/div><div class=\"col-6 col-sm-4\"><figure><a class=\"thumb-container\" href=\"https:\/\/www.salzburgerland.com\/de\/magazin\/wp-content\/uploads\/2013\/08\/carminwalcher.at-20-von-27-1280x1024.jpg\">\t<picture><source media=\"(min-width: 576px)\" srcset=\"https:\/\/www.salzburgerland.com\/de\/magazin\/wp-content\/uploads\/2013\/08\/carminwalcher.at-20-von-27-325x209.jpg 325w, https:\/\/www.salzburgerland.com\/de\/magazin\/wp-content\/uploads\/2013\/08\/carminwalcher.at-20-von-27-249x160.jpg 249w\" \/><source media=\"(min-width: 0)\" srcset=\"https:\/\/www.salzburgerland.com\/de\/magazin\/wp-content\/uploads\/2013\/08\/carminwalcher.at-20-von-27-249x160.jpg 249w, https:\/\/www.salzburgerland.com\/de\/magazin\/wp-content\/uploads\/2013\/08\/carminwalcher.at-20-von-27-325x209.jpg 325w\" \/><img decoding=\"async\" alt=\"Eine Person macht einen Handstand auf einem Gel\u00e4nder \u00fcber einer Stadt mit historischen Geb\u00e4uden und einem Fluss darunter.\" src=\"https:\/\/www.salzburgerland.com\/de\/magazin\/wp-content\/uploads\/2013\/08\/carminwalcher.at-20-von-27.jpg\" \/>\t<\/picture><\/a><\/figure><\/div><\/div><\/div><figcaption><\/figcaption>\n<p>Fotos &amp; Text: Armin Walcher<br \/>\nFilm: <a href=\"http:\/\/www.eduardogellner.de\/\" target=\"_blank\" rel=\"noopener noreferrer\">ed.ge<\/a><\/p>\n","protected":false},"excerpt":{"rendered":"<p>Ganz nach dem Motto, Bewegung ist gesund, bewegen wir uns mit der relativ neuen Trendsportart &#8222;Parcours&#8220; in der Mozartstadt Salzburg und machen dazu gleich eine sch\u00f6ne Sightseeing-Tour. Bei Parcour werden Hindernisse gesucht, Moves werden \u00fcber urbanen Terrain gezaubert, und der Spa\u00df geht nie verloren. Wer suchet der findet, und in der Stadt Salzburg findet man [&hellip;]<\/p>\n","protected":false},"author":322,"featured_media":43357,"comment_status":"open","ping_status":"open","sticky":false,"template":"","format":"standard","meta":{"_acf_changed":false,"wl_entities_gutenberg":"","_wl_entity_redirect_enabled":"","footnotes":""},"categories":[8],"tags":[],"wl_entity_type":[306],"monatsauswahl":[82,83,84,85,86,87,88,89,90,91,92,93],"class_list":["post-43319","post","type-post","status-publish","format-standard","has-post-thumbnail","hentry","category-outdoor-sport","wl_entity_type-article","monatsauswahl-monat_1","monatsauswahl-monat_2","monatsauswahl-monat_3","monatsauswahl-monat_4","monatsauswahl-monat_5","monatsauswahl-monat_6","monatsauswahl-monat_7","monatsauswahl-monat_8","monatsauswahl-monat_9","monatsauswahl-monat_10","monatsauswahl-monat_11","monatsauswahl-monat_12"],"acf":[],"yoast_head":"<!-- This site is optimized with the Yoast SEO Premium plugin v27.4 (Yoast SEO v27.4) - https:\/\/yoast.com\/product\/yoast-seo-premium-wordpress\/ -->\n<title>Parcours in der Mozartstadt - SalzburgerLand Magazin<\/title>\n<meta name=\"description\" content=\"Ganz nach dem Motto, Bewegung ist gesund, bewegen wir uns mit der relativ neuen Trendsportart &#8222;Parcours&#8220; in der Mozartstadt Salzburg und machen dazu gleich eine sch\u00f6ne Sightseeing-Tour. Bei Parcour werden Hindernisse gesucht, Moves werden \u00fcber urbanen Terrain gezaubert, und der Spa\u00df geht nie verloren. Wer suchet der findet, und in der Stadt Salzburg findet man [&hellip;]\" \/>\n<meta name=\"robots\" content=\"index, follow, max-snippet:-1, max-image-preview:large, max-video-preview:-1\" \/>\n<link rel=\"canonical\" href=\"https:\/\/www.salzburgerland.com\/de\/magazin\/parcours-in-der-mozartstadt\/\" \/>\n<meta property=\"og:locale\" content=\"de_DE\" \/>\n<meta property=\"og:type\" content=\"article\" \/>\n<meta property=\"og:title\" content=\"Parcours in der Mozartstadt\" \/>\n<meta property=\"og:description\" content=\"Ganz nach dem Motto, Bewegung ist gesund, bewegen wir uns mit der relativ neuen Trendsportart &#8222;Parcours&#8220; in der Mozartstadt Salzburg und machen dazu gleich eine sch\u00f6ne Sightseeing-Tour. Bei Parcour werden Hindernisse gesucht, Moves werden \u00fcber urbanen Terrain gezaubert, und der Spa\u00df geht nie verloren. Wer suchet der findet, und in der Stadt Salzburg findet man [&hellip;]\" \/>\n<meta property=\"og:url\" content=\"https:\/\/www.salzburgerland.com\/de\/magazin\/parcours-in-der-mozartstadt\/\" \/>\n<meta property=\"og:site_name\" content=\"SalzburgerLand Magazin\" \/>\n<meta property=\"article:publisher\" content=\"https:\/\/www.facebook.com\/salzburgerland\/\" \/>\n<meta property=\"article:author\" content=\"http:\/\/www.facebook.com\/arminwalcher.at\" \/>\n<meta property=\"article:published_time\" content=\"2013-09-10T07:00:49+00:00\" \/>\n<meta property=\"article:modified_time\" content=\"2019-06-26T18:21:03+00:00\" \/>\n<meta property=\"og:image\" content=\"https:\/\/www.salzburgerland.com\/de\/magazin\/wp-content\/uploads\/2013\/08\/carminwalcher.at-20-von-27.jpg\" \/>\n\t<meta property=\"og:image:width\" content=\"1400\" \/>\n\t<meta property=\"og:image:height\" content=\"932\" \/>\n\t<meta property=\"og:image:type\" content=\"image\/jpeg\" \/>\n<meta name=\"author\" content=\"Armin Walcher\" \/>\n<meta name=\"twitter:card\" content=\"summary_large_image\" \/>\n<meta name=\"twitter:creator\" content=\"@http:\/\/www.twitter.com\/arminwalcher\" \/>\n<meta name=\"twitter:site\" content=\"@Salzburgerland\" \/>\n<meta name=\"twitter:label1\" content=\"Verfasst von\" \/>\n\t<meta name=\"twitter:data1\" content=\"Armin Walcher\" \/>\n\t<meta name=\"twitter:label2\" content=\"Gesch\u00e4tzte Lesezeit\" \/>\n\t<meta name=\"twitter:data2\" content=\"1\u00a0Minute\" \/>\n<script type=\"application\/ld+json\" class=\"yoast-schema-graph\">{\"@context\":\"https:\\\/\\\/schema.org\",\"@graph\":[{\"@type\":\"Article\",\"@id\":\"https:\\\/\\\/www.salzburgerland.com\\\/de\\\/magazin\\\/parcours-in-der-mozartstadt\\\/#article\",\"isPartOf\":{\"@id\":\"https:\\\/\\\/www.salzburgerland.com\\\/de\\\/magazin\\\/parcours-in-der-mozartstadt\\\/\"},\"author\":{\"name\":\"Armin Walcher\",\"@id\":\"https:\\\/\\\/www.salzburgerland.com\\\/de\\\/magazin\\\/#\\\/schema\\\/person\\\/3eb0c46d38892466c9962ac8c2fd5f85\"},\"headline\":\"Parcours in der Mozartstadt\",\"datePublished\":\"2013-09-10T07:00:49+00:00\",\"dateModified\":\"2019-06-26T18:21:03+00:00\",\"mainEntityOfPage\":{\"@id\":\"https:\\\/\\\/www.salzburgerland.com\\\/de\\\/magazin\\\/parcours-in-der-mozartstadt\\\/\"},\"wordCount\":171,\"commentCount\":0,\"publisher\":{\"@id\":\"https:\\\/\\\/www.salzburgerland.com\\\/de\\\/magazin\\\/#organization\"},\"image\":{\"@id\":\"https:\\\/\\\/www.salzburgerland.com\\\/de\\\/magazin\\\/parcours-in-der-mozartstadt\\\/#primaryimage\"},\"thumbnailUrl\":\"https:\\\/\\\/www.salzburgerland.com\\\/de\\\/magazin\\\/wp-content\\\/uploads\\\/2013\\\/08\\\/carminwalcher.at-20-von-27.jpg\",\"articleSection\":[\"Outdoor &amp; Sport\"],\"inLanguage\":\"de\",\"potentialAction\":[{\"@type\":\"CommentAction\",\"name\":\"Comment\",\"target\":[\"https:\\\/\\\/www.salzburgerland.com\\\/de\\\/magazin\\\/parcours-in-der-mozartstadt\\\/#respond\"]}]},{\"@type\":\"WebPage\",\"@id\":\"https:\\\/\\\/www.salzburgerland.com\\\/de\\\/magazin\\\/parcours-in-der-mozartstadt\\\/\",\"url\":\"https:\\\/\\\/www.salzburgerland.com\\\/de\\\/magazin\\\/parcours-in-der-mozartstadt\\\/\",\"name\":\"Parcours in der Mozartstadt - SalzburgerLand Magazin\",\"isPartOf\":{\"@id\":\"https:\\\/\\\/www.salzburgerland.com\\\/de\\\/magazin\\\/#website\"},\"primaryImageOfPage\":{\"@id\":\"https:\\\/\\\/www.salzburgerland.com\\\/de\\\/magazin\\\/parcours-in-der-mozartstadt\\\/#primaryimage\"},\"image\":{\"@id\":\"https:\\\/\\\/www.salzburgerland.com\\\/de\\\/magazin\\\/parcours-in-der-mozartstadt\\\/#primaryimage\"},\"thumbnailUrl\":\"https:\\\/\\\/www.salzburgerland.com\\\/de\\\/magazin\\\/wp-content\\\/uploads\\\/2013\\\/08\\\/carminwalcher.at-20-von-27.jpg\",\"datePublished\":\"2013-09-10T07:00:49+00:00\",\"dateModified\":\"2019-06-26T18:21:03+00:00\",\"breadcrumb\":{\"@id\":\"https:\\\/\\\/www.salzburgerland.com\\\/de\\\/magazin\\\/parcours-in-der-mozartstadt\\\/#breadcrumb\"},\"inLanguage\":\"de\",\"potentialAction\":[{\"@type\":\"ReadAction\",\"target\":[\"https:\\\/\\\/www.salzburgerland.com\\\/de\\\/magazin\\\/parcours-in-der-mozartstadt\\\/\"]}]},{\"@type\":\"ImageObject\",\"inLanguage\":\"de\",\"@id\":\"https:\\\/\\\/www.salzburgerland.com\\\/de\\\/magazin\\\/parcours-in-der-mozartstadt\\\/#primaryimage\",\"url\":\"https:\\\/\\\/www.salzburgerland.com\\\/de\\\/magazin\\\/wp-content\\\/uploads\\\/2013\\\/08\\\/carminwalcher.at-20-von-27.jpg\",\"contentUrl\":\"https:\\\/\\\/www.salzburgerland.com\\\/de\\\/magazin\\\/wp-content\\\/uploads\\\/2013\\\/08\\\/carminwalcher.at-20-von-27.jpg\",\"width\":1400,\"height\":932,\"caption\":\"Eine Person macht einen Handstand auf einem Gel\u00e4nder \u00fcber einer Stadt mit historischen Geb\u00e4uden und einem Fluss darunter.\"},{\"@type\":\"BreadcrumbList\",\"@id\":\"https:\\\/\\\/www.salzburgerland.com\\\/de\\\/magazin\\\/parcours-in-der-mozartstadt\\\/#breadcrumb\",\"itemListElement\":[{\"@type\":\"ListItem\",\"position\":1,\"name\":\"Startseite\",\"item\":\"https:\\\/\\\/www.salzburgerland.com\\\/de\\\/magazin\\\/\"},{\"@type\":\"ListItem\",\"position\":2,\"name\":\"Outdoor &amp; Sport\",\"item\":\"https:\\\/\\\/www.salzburgerland.com\\\/de\\\/magazin\\\/thema\\\/outdoor-sport\\\/\"},{\"@type\":\"ListItem\",\"position\":3,\"name\":\"Parcours in der Mozartstadt\"}]},{\"@type\":\"WebSite\",\"@id\":\"https:\\\/\\\/www.salzburgerland.com\\\/de\\\/magazin\\\/#website\",\"url\":\"https:\\\/\\\/www.salzburgerland.com\\\/de\\\/magazin\\\/\",\"name\":\"SalzburgerLand Magazin\",\"description\":\"Geschichten und Interessantes aus dem SalzburgerLand\",\"publisher\":{\"@id\":\"https:\\\/\\\/www.salzburgerland.com\\\/de\\\/magazin\\\/#organization\"},\"potentialAction\":[{\"@type\":\"SearchAction\",\"target\":{\"@type\":\"EntryPoint\",\"urlTemplate\":\"https:\\\/\\\/www.salzburgerland.com\\\/de\\\/magazin\\\/?s={search_term_string}\"},\"query-input\":{\"@type\":\"PropertyValueSpecification\",\"valueRequired\":true,\"valueName\":\"search_term_string\"}}],\"inLanguage\":\"de\"},{\"@type\":\"Organization\",\"@id\":\"https:\\\/\\\/www.salzburgerland.com\\\/de\\\/magazin\\\/#organization\",\"name\":\"SalzburgerLand Tourismus\",\"url\":\"https:\\\/\\\/www.salzburgerland.com\\\/de\\\/magazin\\\/\",\"logo\":{\"@type\":\"ImageObject\",\"inLanguage\":\"de\",\"@id\":\"https:\\\/\\\/www.salzburgerland.com\\\/de\\\/magazin\\\/#\\\/schema\\\/logo\\\/image\\\/\",\"url\":\"https:\\\/\\\/www.salzburgerland.com\\\/de\\\/magazin\\\/wp-content\\\/uploads\\\/2019\\\/06\\\/salzburgerland-logo1.jpg\",\"contentUrl\":\"https:\\\/\\\/www.salzburgerland.com\\\/de\\\/magazin\\\/wp-content\\\/uploads\\\/2019\\\/06\\\/salzburgerland-logo1.jpg\",\"width\":2011,\"height\":866,\"caption\":\"SalzburgerLand Tourismus\"},\"image\":{\"@id\":\"https:\\\/\\\/www.salzburgerland.com\\\/de\\\/magazin\\\/#\\\/schema\\\/logo\\\/image\\\/\"},\"sameAs\":[\"https:\\\/\\\/www.facebook.com\\\/salzburgerland\\\/\",\"https:\\\/\\\/x.com\\\/Salzburgerland\",\"https:\\\/\\\/www.instagram.com\\\/salzburgerland\\\/\",\"https:\\\/\\\/at.linkedin.com\\\/company\\\/salzburgerland-tourismus-gmbh\",\"https:\\\/\\\/www.pinterest.at\\\/salzburgerland\\\/\",\"https:\\\/\\\/www.youtube.com\\\/user\\\/salzburgerland\",\"https:\\\/\\\/de.wikipedia.org\\\/wiki\\\/SalzburgerLand_Tourismus_GmbH\"]},{\"@type\":\"Person\",\"@id\":\"https:\\\/\\\/www.salzburgerland.com\\\/de\\\/magazin\\\/#\\\/schema\\\/person\\\/3eb0c46d38892466c9962ac8c2fd5f85\",\"name\":\"Armin Walcher\",\"sameAs\":[\"http:\\\/\\\/www.arminwalcher.at\",\"http:\\\/\\\/www.facebook.com\\\/arminwalcher.at\",\"https:\\\/\\\/x.com\\\/http:\\\/\\\/www.twitter.com\\\/arminwalcher\"],\"url\":\"https:\\\/\\\/www.salzburgerland.com\\\/de\\\/magazin\\\/author\\\/awalcher\\\/\"}]}<\/script>\n<meta property=\"og:video\" content=\"https:\/\/www.youtube.com\/embed\/rD6laAc0Q_c\" \/>\n<meta property=\"og:video:type\" content=\"text\/html\" \/>\n<meta property=\"og:video:duration\" content=\"169\" \/>\n<meta property=\"og:video:width\" content=\"480\" \/>\n<meta property=\"og:video:height\" content=\"270\" \/>\n<meta property=\"ya:ovs:adult\" content=\"false\" \/>\n<meta property=\"ya:ovs:upload_date\" content=\"2013-09-10T07:00:49+00:00\" \/>\n<meta property=\"ya:ovs:allow_embed\" content=\"true\" \/>\n<!-- \/ Yoast SEO Premium plugin. -->","yoast_head_json":{"title":"Parcours in der Mozartstadt - SalzburgerLand Magazin","description":"Ganz nach dem Motto, Bewegung ist gesund, bewegen wir uns mit der relativ neuen Trendsportart &#8222;Parcours&#8220; in der Mozartstadt Salzburg und machen dazu gleich eine sch\u00f6ne Sightseeing-Tour. Bei Parcour werden Hindernisse gesucht, Moves werden \u00fcber urbanen Terrain gezaubert, und der Spa\u00df geht nie verloren. Wer suchet der findet, und in der Stadt Salzburg findet man [&hellip;]","robots":{"index":"index","follow":"follow","max-snippet":"max-snippet:-1","max-image-preview":"max-image-preview:large","max-video-preview":"max-video-preview:-1"},"canonical":"https:\/\/www.salzburgerland.com\/de\/magazin\/parcours-in-der-mozartstadt\/","og_locale":"de_DE","og_type":"article","og_title":"Parcours in der Mozartstadt","og_description":"Ganz nach dem Motto, Bewegung ist gesund, bewegen wir uns mit der relativ neuen Trendsportart &#8222;Parcours&#8220; in der Mozartstadt Salzburg und machen dazu gleich eine sch\u00f6ne Sightseeing-Tour. Bei Parcour werden Hindernisse gesucht, Moves werden \u00fcber urbanen Terrain gezaubert, und der Spa\u00df geht nie verloren. Wer suchet der findet, und in der Stadt Salzburg findet man [&hellip;]","og_url":"https:\/\/www.salzburgerland.com\/de\/magazin\/parcours-in-der-mozartstadt\/","og_site_name":"SalzburgerLand Magazin","article_publisher":"https:\/\/www.facebook.com\/salzburgerland\/","article_author":"http:\/\/www.facebook.com\/arminwalcher.at","article_published_time":"2013-09-10T07:00:49+00:00","article_modified_time":"2019-06-26T18:21:03+00:00","og_image":[{"width":1400,"height":932,"url":"https:\/\/www.salzburgerland.com\/de\/magazin\/wp-content\/uploads\/2013\/08\/carminwalcher.at-20-von-27.jpg","type":"image\/jpeg"}],"author":"Armin Walcher","twitter_card":"summary_large_image","twitter_creator":"@http:\/\/www.twitter.com\/arminwalcher","twitter_site":"@Salzburgerland","twitter_misc":{"Verfasst von":"Armin Walcher","Gesch\u00e4tzte Lesezeit":"1\u00a0Minute"},"schema":{"@context":"https:\/\/schema.org","@graph":[{"@type":"Article","@id":"https:\/\/www.salzburgerland.com\/de\/magazin\/parcours-in-der-mozartstadt\/#article","isPartOf":{"@id":"https:\/\/www.salzburgerland.com\/de\/magazin\/parcours-in-der-mozartstadt\/"},"author":{"name":"Armin Walcher","@id":"https:\/\/www.salzburgerland.com\/de\/magazin\/#\/schema\/person\/3eb0c46d38892466c9962ac8c2fd5f85"},"headline":"Parcours in der Mozartstadt","datePublished":"2013-09-10T07:00:49+00:00","dateModified":"2019-06-26T18:21:03+00:00","mainEntityOfPage":{"@id":"https:\/\/www.salzburgerland.com\/de\/magazin\/parcours-in-der-mozartstadt\/"},"wordCount":171,"commentCount":0,"publisher":{"@id":"https:\/\/www.salzburgerland.com\/de\/magazin\/#organization"},"image":{"@id":"https:\/\/www.salzburgerland.com\/de\/magazin\/parcours-in-der-mozartstadt\/#primaryimage"},"thumbnailUrl":"https:\/\/www.salzburgerland.com\/de\/magazin\/wp-content\/uploads\/2013\/08\/carminwalcher.at-20-von-27.jpg","articleSection":["Outdoor &amp; Sport"],"inLanguage":"de","potentialAction":[{"@type":"CommentAction","name":"Comment","target":["https:\/\/www.salzburgerland.com\/de\/magazin\/parcours-in-der-mozartstadt\/#respond"]}]},{"@type":"WebPage","@id":"https:\/\/www.salzburgerland.com\/de\/magazin\/parcours-in-der-mozartstadt\/","url":"https:\/\/www.salzburgerland.com\/de\/magazin\/parcours-in-der-mozartstadt\/","name":"Parcours in der Mozartstadt - SalzburgerLand Magazin","isPartOf":{"@id":"https:\/\/www.salzburgerland.com\/de\/magazin\/#website"},"primaryImageOfPage":{"@id":"https:\/\/www.salzburgerland.com\/de\/magazin\/parcours-in-der-mozartstadt\/#primaryimage"},"image":{"@id":"https:\/\/www.salzburgerland.com\/de\/magazin\/parcours-in-der-mozartstadt\/#primaryimage"},"thumbnailUrl":"https:\/\/www.salzburgerland.com\/de\/magazin\/wp-content\/uploads\/2013\/08\/carminwalcher.at-20-von-27.jpg","datePublished":"2013-09-10T07:00:49+00:00","dateModified":"2019-06-26T18:21:03+00:00","breadcrumb":{"@id":"https:\/\/www.salzburgerland.com\/de\/magazin\/parcours-in-der-mozartstadt\/#breadcrumb"},"inLanguage":"de","potentialAction":[{"@type":"ReadAction","target":["https:\/\/www.salzburgerland.com\/de\/magazin\/parcours-in-der-mozartstadt\/"]}]},{"@type":"ImageObject","inLanguage":"de","@id":"https:\/\/www.salzburgerland.com\/de\/magazin\/parcours-in-der-mozartstadt\/#primaryimage","url":"https:\/\/www.salzburgerland.com\/de\/magazin\/wp-content\/uploads\/2013\/08\/carminwalcher.at-20-von-27.jpg","contentUrl":"https:\/\/www.salzburgerland.com\/de\/magazin\/wp-content\/uploads\/2013\/08\/carminwalcher.at-20-von-27.jpg","width":1400,"height":932,"caption":"Eine Person macht einen Handstand auf einem Gel\u00e4nder \u00fcber einer Stadt mit historischen Geb\u00e4uden und einem Fluss darunter."},{"@type":"BreadcrumbList","@id":"https:\/\/www.salzburgerland.com\/de\/magazin\/parcours-in-der-mozartstadt\/#breadcrumb","itemListElement":[{"@type":"ListItem","position":1,"name":"Startseite","item":"https:\/\/www.salzburgerland.com\/de\/magazin\/"},{"@type":"ListItem","position":2,"name":"Outdoor &amp; Sport","item":"https:\/\/www.salzburgerland.com\/de\/magazin\/thema\/outdoor-sport\/"},{"@type":"ListItem","position":3,"name":"Parcours in der Mozartstadt"}]},{"@type":"WebSite","@id":"https:\/\/www.salzburgerland.com\/de\/magazin\/#website","url":"https:\/\/www.salzburgerland.com\/de\/magazin\/","name":"SalzburgerLand Magazin","description":"Geschichten und Interessantes aus dem SalzburgerLand","publisher":{"@id":"https:\/\/www.salzburgerland.com\/de\/magazin\/#organization"},"potentialAction":[{"@type":"SearchAction","target":{"@type":"EntryPoint","urlTemplate":"https:\/\/www.salzburgerland.com\/de\/magazin\/?s={search_term_string}"},"query-input":{"@type":"PropertyValueSpecification","valueRequired":true,"valueName":"search_term_string"}}],"inLanguage":"de"},{"@type":"Organization","@id":"https:\/\/www.salzburgerland.com\/de\/magazin\/#organization","name":"SalzburgerLand Tourismus","url":"https:\/\/www.salzburgerland.com\/de\/magazin\/","logo":{"@type":"ImageObject","inLanguage":"de","@id":"https:\/\/www.salzburgerland.com\/de\/magazin\/#\/schema\/logo\/image\/","url":"https:\/\/www.salzburgerland.com\/de\/magazin\/wp-content\/uploads\/2019\/06\/salzburgerland-logo1.jpg","contentUrl":"https:\/\/www.salzburgerland.com\/de\/magazin\/wp-content\/uploads\/2019\/06\/salzburgerland-logo1.jpg","width":2011,"height":866,"caption":"SalzburgerLand Tourismus"},"image":{"@id":"https:\/\/www.salzburgerland.com\/de\/magazin\/#\/schema\/logo\/image\/"},"sameAs":["https:\/\/www.facebook.com\/salzburgerland\/","https:\/\/x.com\/Salzburgerland","https:\/\/www.instagram.com\/salzburgerland\/","https:\/\/at.linkedin.com\/company\/salzburgerland-tourismus-gmbh","https:\/\/www.pinterest.at\/salzburgerland\/","https:\/\/www.youtube.com\/user\/salzburgerland","https:\/\/de.wikipedia.org\/wiki\/SalzburgerLand_Tourismus_GmbH"]},{"@type":"Person","@id":"https:\/\/www.salzburgerland.com\/de\/magazin\/#\/schema\/person\/3eb0c46d38892466c9962ac8c2fd5f85","name":"Armin Walcher","sameAs":["http:\/\/www.arminwalcher.at","http:\/\/www.facebook.com\/arminwalcher.at","https:\/\/x.com\/http:\/\/www.twitter.com\/arminwalcher"],"url":"https:\/\/www.salzburgerland.com\/de\/magazin\/author\/awalcher\/"}]},"og_video":"https:\/\/www.youtube.com\/embed\/rD6laAc0Q_c","og_video_type":"text\/html","og_video_duration":"169","og_video_width":"480","og_video_height":"270","ya_ovs_adult":"false","ya_ovs_upload_date":"2013-09-10T07:00:49+00:00","ya_ovs_allow_embed":"true"},"_wl_alt_label":[],"wl:entity_url":"http:\/\/open.salzburgerland.com\/magazin\/post\/parcours_in_der_mozartstadt","_links":{"self":[{"href":"https:\/\/www.salzburgerland.com\/de\/magazin\/wp-json\/wp\/v2\/posts\/43319","targetHints":{"allow":["GET"]}}],"collection":[{"href":"https:\/\/www.salzburgerland.com\/de\/magazin\/wp-json\/wp\/v2\/posts"}],"about":[{"href":"https:\/\/www.salzburgerland.com\/de\/magazin\/wp-json\/wp\/v2\/types\/post"}],"author":[{"embeddable":true,"href":"https:\/\/www.salzburgerland.com\/de\/magazin\/wp-json\/wp\/v2\/users\/322"}],"replies":[{"embeddable":true,"href":"https:\/\/www.salzburgerland.com\/de\/magazin\/wp-json\/wp\/v2\/comments?post=43319"}],"version-history":[{"count":0,"href":"https:\/\/www.salzburgerland.com\/de\/magazin\/wp-json\/wp\/v2\/posts\/43319\/revisions"}],"wp:featuredmedia":[{"embeddable":true,"href":"https:\/\/www.salzburgerland.com\/de\/magazin\/wp-json\/wp\/v2\/media\/43357"}],"wp:attachment":[{"href":"https:\/\/www.salzburgerland.com\/de\/magazin\/wp-json\/wp\/v2\/media?parent=43319"}],"wp:term":[{"taxonomy":"category","embeddable":true,"href":"https:\/\/www.salzburgerland.com\/de\/magazin\/wp-json\/wp\/v2\/categories?post=43319"},{"taxonomy":"post_tag","embeddable":true,"href":"https:\/\/www.salzburgerland.com\/de\/magazin\/wp-json\/wp\/v2\/tags?post=43319"},{"taxonomy":"wl_entity_type","embeddable":true,"href":"https:\/\/www.salzburgerland.com\/de\/magazin\/wp-json\/wp\/v2\/wl_entity_type?post=43319"},{"taxonomy":"monatsauswahl","embeddable":true,"href":"https:\/\/www.salzburgerland.com\/de\/magazin\/wp-json\/wp\/v2\/monatsauswahl?post=43319"}],"curies":[{"name":"wp","href":"https:\/\/api.w.org\/{rel}","templated":true}]}}