{"id":41603,"date":"2022-08-22T00:00:00","date_gmt":"2022-08-21T22:00:00","guid":{"rendered":"http:\/\/magazin.salzburgerland.com\/?p=41603"},"modified":"2025-08-12T13:22:34","modified_gmt":"2025-08-12T11:22:34","slug":"heuart-im-lammertal","status":"publish","type":"post","link":"https:\/\/www.salzburgerland.com\/de\/magazin\/heuart-im-lammertal\/","title":{"rendered":"HeuART im Lammertal"},"content":{"rendered":"\n<h2 class=\"wp-block-slt-subtitle\">Kunstwerke aus Heu, Moos und Stroh<\/h2>\n\n\n\n<p class=\"wp-block-slt-intro\">Das Lammertaler HeuART-Fest findet von 5. September bis 7. September 2025 zum 23. Mal statt. Wieviel Flei\u00df hinter dem weltgr\u00f6\u00dften HeuART-Festival dahintersteckt, was es f\u00fcr die Region bedeutet und worauf wir uns freuen k\u00f6nnen.<\/p>\n\n\n\n<h2 class=\"wp-block-heading\" id=\"h-ein-schippel-heu-macht-noch-kein-fest\">Ein Schippel Heu macht noch kein Fest \u2026<\/h2>\n\n\n\n<p>\u2026 richtig, denn es bedarf immer neuer Ideen und vieler flinker H\u00e4nde, um daraus das <a href=\"https:\/\/www.heuart.at\/\" target=\"_blank\" rel=\"noreferrer noopener\">HeuART-Fest<\/a> zu kreieren. In Stadeln, Garagen und Geh\u00f6ften wird schon Wochen vor dem Fest, das diesmal am 7. September in Annaberg-Lung\u00f6tz ausgetragen wird, get\u00fcftelt, gebunden und gebastelt. Die Vereine, Gruppen, K\u00fcnstlerinnen und K\u00fcnstler im Lammertal binden kreative Gestalten aus dem duftenden Heu, das von Wiesen und Weiden in der Region stammt. Der phantasievollen Vielfalt sind dabei keine Grenzen gesetzt. Gezogen werden die Heufiguren von pr\u00e4chtigen Pferdegespannen oder liebevoll gepflegten Oldtimer-Traktoren. Begleitet wird der Korso von Schnalzergruppen und Musikkapellen aus der Region. Das Rahmenprogramm ist  ein wichtiger, fixer Bestandteil des Festes. Traditionelles Handwerk wird hier dem Publikum nicht nur angeboten sondern auch vorgef\u00fchrt. Regionale Produkte, vom Krapfen bis zum K\u00e4se, laden zum Gustieren ein. Dazwischen St\u00e4nde mit Musik und Menschen in Tracht. Ein buntes Bild, das die Lebensfreude und den Zusammenhalt im Lammertal widerspiegelt.<\/p>\n\n\n<div class=\"mag-gallery\"><div class=\"row\"><div class=\"col-6 col-sm-4\"><figure><a class=\"thumb-container\" href=\"https:\/\/www.salzburgerland.com\/de\/magazin\/wp-content\/uploads\/2013\/08\/HeuART-in-St.-Martin4-cart_of_sight-1280x1024.jpg\">\t<picture><source media=\"(min-width: 576px)\" srcset=\"https:\/\/www.salzburgerland.com\/de\/magazin\/wp-content\/uploads\/2013\/08\/HeuART-in-St.-Martin4-cart_of_sight-325x209.jpg 325w, https:\/\/www.salzburgerland.com\/de\/magazin\/wp-content\/uploads\/2013\/08\/HeuART-in-St.-Martin4-cart_of_sight-249x160.jpg 249w\"><\/source><source media=\"(min-width: 0)\" srcset=\"https:\/\/www.salzburgerland.com\/de\/magazin\/wp-content\/uploads\/2013\/08\/HeuART-in-St.-Martin4-cart_of_sight-249x160.jpg 249w, https:\/\/www.salzburgerland.com\/de\/magazin\/wp-content\/uploads\/2013\/08\/HeuART-in-St.-Martin4-cart_of_sight-325x209.jpg 325w\"><\/source><img decoding=\"async\" alt=\"Zwei Pferde ziehen einen Umzugswagen mit Menschen und einer gro&szlig;en Berglandschaft, umgeben von einer Menschenmenge.\" src=\"https:\/\/www.salzburgerland.com\/de\/magazin\/wp-content\/uploads\/2013\/08\/HeuART-in-St.-Martin4-cart_of_sight.jpg\">\t<\/picture><\/a><\/figure><\/div><div class=\"col-6 col-sm-4\"><figure><a class=\"thumb-container\" href=\"https:\/\/www.salzburgerland.com\/de\/magazin\/wp-content\/uploads\/2013\/08\/HeuART-in-St.-Martin5-cart_of_sight-1280x1024.jpg\">\t<picture><source media=\"(min-width: 576px)\" srcset=\"https:\/\/www.salzburgerland.com\/de\/magazin\/wp-content\/uploads\/2013\/08\/HeuART-in-St.-Martin5-cart_of_sight-325x209.jpg 325w, https:\/\/www.salzburgerland.com\/de\/magazin\/wp-content\/uploads\/2013\/08\/HeuART-in-St.-Martin5-cart_of_sight-249x160.jpg 249w\"><\/source><source media=\"(min-width: 0)\" srcset=\"https:\/\/www.salzburgerland.com\/de\/magazin\/wp-content\/uploads\/2013\/08\/HeuART-in-St.-Martin5-cart_of_sight-249x160.jpg 249w, https:\/\/www.salzburgerland.com\/de\/magazin\/wp-content\/uploads\/2013\/08\/HeuART-in-St.-Martin5-cart_of_sight-325x209.jpg 325w\"><\/source><img decoding=\"async\" alt=\"Ein mit Stroh bedeckter Wagen, in dem zwei Personen sitzen, wird w&auml;hrend eines Festes im Freien vorgef&uuml;hrt.\" src=\"https:\/\/www.salzburgerland.com\/de\/magazin\/wp-content\/uploads\/2013\/08\/HeuART-in-St.-Martin5-cart_of_sight.jpg\">\t<\/picture><\/a><\/figure><\/div><div class=\"col-6 col-sm-4\"><figure><a class=\"thumb-container\" href=\"https:\/\/www.salzburgerland.com\/de\/magazin\/wp-content\/uploads\/2013\/08\/HeuART-in-St.-Martin6-cart_of_sight-1280x1024.jpg\">\t<picture><source media=\"(min-width: 576px)\" srcset=\"https:\/\/www.salzburgerland.com\/de\/magazin\/wp-content\/uploads\/2013\/08\/HeuART-in-St.-Martin6-cart_of_sight-325x209.jpg 325w, https:\/\/www.salzburgerland.com\/de\/magazin\/wp-content\/uploads\/2013\/08\/HeuART-in-St.-Martin6-cart_of_sight-249x160.jpg 249w\"><\/source><source media=\"(min-width: 0)\" srcset=\"https:\/\/www.salzburgerland.com\/de\/magazin\/wp-content\/uploads\/2013\/08\/HeuART-in-St.-Martin6-cart_of_sight-249x160.jpg 249w, https:\/\/www.salzburgerland.com\/de\/magazin\/wp-content\/uploads\/2013\/08\/HeuART-in-St.-Martin6-cart_of_sight-325x209.jpg 325w\"><\/source><img decoding=\"async\" alt=\"Ein gr&uuml;ner Traktor zieht einen Wagen mit Baumst&auml;mmen und Menschen in &ouml;sterreichischer Tracht w&auml;hrend eines festlichen Umzugs.\" src=\"https:\/\/www.salzburgerland.com\/de\/magazin\/wp-content\/uploads\/2013\/08\/HeuART-in-St.-Martin6-cart_of_sight.jpg\">\t<\/picture><\/a><\/figure><\/div><\/div><figcaption>&copy; art of sight &#8211; Heu Corso<\/figcaption><\/div>\n\n\n\n<h2 class=\"wp-block-heading\">Wisst ihr noch, wie Heu riecht?<\/h2>\n\n\n\n<p>Wenn der Sommer die Fr\u00fcchte reifen l\u00e4sst und das Gras auf den Feldern zum M\u00e4hen hoch genug ist, dann feiert das Salzburger Land den Bauernherbst. Das traditionelle b\u00e4uerliche Leben wird vor den Vorhang geholt. Wie schmeckt K\u00e4se, der in der Region Tennengau noch vielerorts am Hof oder in K\u00e4sereien produziert wird? Knuspriges Bauernbrot und deftiger Speck, zum Abschluss ein selbstgebrannter Schnaps \u2013 was braucht es mehr? Vielleicht ein Men\u00fc, kreiert von den Bauernherbst-Wirten, mit viel Tennengau drin: Von Schwarzbeeren \u00fcber Schwammerl, vom Fleisch zum Fisch, von Milchprodukten bis zum edlen Tropfen, die Liebe zum Tun und die Liebe zur Heimat wird auch am Teller oder im Glas vermittelt. Aus diesem Umfeld heraus ist das HeuART-Fest gereift. Leidenschaft, Tradition, Geselligkeit: auch hier steckt so viel Tennengau drin.<\/p>\n\n\n<div class=\"mag-gallery\"><div class=\"row\"><div class=\"col-6 col-sm-4\"><figure><a class=\"thumb-container\" href=\"https:\/\/www.salzburgerland.com\/de\/magazin\/wp-content\/uploads\/2013\/08\/HeuART-im-Lammertal4-cTVB-Annaberg-Lungoetz-1280x1024.jpg\">\t<picture><source media=\"(min-width: 576px)\" srcset=\"https:\/\/www.salzburgerland.com\/de\/magazin\/wp-content\/uploads\/2013\/08\/HeuART-im-Lammertal4-cTVB-Annaberg-Lungoetz-325x209.jpg 325w, https:\/\/www.salzburgerland.com\/de\/magazin\/wp-content\/uploads\/2013\/08\/HeuART-im-Lammertal4-cTVB-Annaberg-Lungoetz-249x160.jpg 249w\"><\/source><source media=\"(min-width: 0)\" srcset=\"https:\/\/www.salzburgerland.com\/de\/magazin\/wp-content\/uploads\/2013\/08\/HeuART-im-Lammertal4-cTVB-Annaberg-Lungoetz-249x160.jpg 249w, https:\/\/www.salzburgerland.com\/de\/magazin\/wp-content\/uploads\/2013\/08\/HeuART-im-Lammertal4-cTVB-Annaberg-Lungoetz-325x209.jpg 325w\"><\/source><img decoding=\"async\" alt=\"Heuskulpturen von B&auml;ren und Bienen mit einem Bienenstock, Sonnenblumen und Bergen im Hintergrund.\" src=\"https:\/\/www.salzburgerland.com\/de\/magazin\/wp-content\/uploads\/2013\/08\/HeuART-im-Lammertal4-cTVB-Annaberg-Lungoetz.jpg\">\t<\/picture><\/a><\/figure><\/div><div class=\"col-6 col-sm-4\"><figure><a class=\"thumb-container\" href=\"https:\/\/www.salzburgerland.com\/de\/magazin\/wp-content\/uploads\/2013\/08\/HeuART-im-Lammertal2-cTVB-Annaberg-Lungoetz-1280x1024.jpg\">\t<picture><source media=\"(min-width: 576px)\" srcset=\"https:\/\/www.salzburgerland.com\/de\/magazin\/wp-content\/uploads\/2013\/08\/HeuART-im-Lammertal2-cTVB-Annaberg-Lungoetz-325x209.jpg 325w, https:\/\/www.salzburgerland.com\/de\/magazin\/wp-content\/uploads\/2013\/08\/HeuART-im-Lammertal2-cTVB-Annaberg-Lungoetz-249x160.jpg 249w\"><\/source><source media=\"(min-width: 0)\" srcset=\"https:\/\/www.salzburgerland.com\/de\/magazin\/wp-content\/uploads\/2013\/08\/HeuART-im-Lammertal2-cTVB-Annaberg-Lungoetz-249x160.jpg 249w, https:\/\/www.salzburgerland.com\/de\/magazin\/wp-content\/uploads\/2013\/08\/HeuART-im-Lammertal2-cTVB-Annaberg-Lungoetz-325x209.jpg 325w\"><\/source><img decoding=\"async\" alt=\"Eine gro&szlig;e Skulptur aus Stroh steht im Freien neben einem Fass, umgeben von B&auml;umen und Bergen.\" src=\"https:\/\/www.salzburgerland.com\/de\/magazin\/wp-content\/uploads\/2013\/08\/HeuART-im-Lammertal2-cTVB-Annaberg-Lungoetz.jpg\">\t<\/picture><\/a><\/figure><\/div><div class=\"col-6 col-sm-4\"><figure><a class=\"thumb-container\" href=\"https:\/\/www.salzburgerland.com\/de\/magazin\/wp-content\/uploads\/2013\/08\/HeuART-im-Lammertal-cTVB-Annaberg-Lungoetz-1280x1024.jpg\">\t<picture><source media=\"(min-width: 576px)\" srcset=\"https:\/\/www.salzburgerland.com\/de\/magazin\/wp-content\/uploads\/2013\/08\/HeuART-im-Lammertal-cTVB-Annaberg-Lungoetz-325x209.jpg 325w, https:\/\/www.salzburgerland.com\/de\/magazin\/wp-content\/uploads\/2013\/08\/HeuART-im-Lammertal-cTVB-Annaberg-Lungoetz-249x160.jpg 249w\"><\/source><source media=\"(min-width: 0)\" srcset=\"https:\/\/www.salzburgerland.com\/de\/magazin\/wp-content\/uploads\/2013\/08\/HeuART-im-Lammertal-cTVB-Annaberg-Lungoetz-249x160.jpg 249w, https:\/\/www.salzburgerland.com\/de\/magazin\/wp-content\/uploads\/2013\/08\/HeuART-im-Lammertal-cTVB-Annaberg-Lungoetz-325x209.jpg 325w\"><\/source><img decoding=\"async\" alt=\"Zwei Frauen in Dirndln spazieren im Gras neben Heu-Tier-Skulpturen, einem Pferd und Menschen in traditioneller Kleidung mit einer Kutsche.\" src=\"https:\/\/www.salzburgerland.com\/de\/magazin\/wp-content\/uploads\/2013\/08\/HeuART-im-Lammertal-cTVB-Annaberg-Lungoetz.jpg\">\t<\/picture><\/a><\/figure><\/div><\/div><figcaption>&copy; TVB Annaberg-Lung&ouml;tz  &#8211; Duftende Heufiguren<\/figcaption><\/div>\n\n\n\n<h2 class=\"wp-block-heading\">Am Anfang ein Pferd&#8230;<\/h2>\n\n\n\n<p>Wie hat das HeuART-Fest begonnen? Ein kurzer Blick zur\u00fcck mit Anita H\u00f6ll, Heuk\u00fcnstlerin der ersten Stunde und ehemalige Obfrau des HeuART-Vereins.<\/p>\n\n\n\n<p><strong>Anita, wer hatte die Idee zum Fest?<\/strong><\/p>\n\n\n\n<p>F\u00fcr einen Ball in Ru\u00dfbach hat eine Damenrunde ein Pferd aus Heu gebastelt. Meine G\u00fcte, wenn ich daran denke, wie einfach wir es zusammengebaut haben! Mit so einer simplen Figur w\u00fcrden wir uns heute nicht mehr zum Korso trauen! Aber dem damaligen Tourismusdirektor Reinhard Lanner hat es gefallen und eben auch die Idee. Er hat mich darauf angesprochen, ob wir uns nicht vorstellen k\u00f6nnten, daraus einen Heufigurenumzug zu machen. Es hat einiges an \u00dcberzeugung gebraucht, bis das Fest zustande gekommen ist, aber bereits beim ersten Mal in Lung\u00f6tz 2001 war das Interesse so gro\u00df, dass wir voll motiviert weitergemacht haben.<\/p>\n\n\n\n<p><strong>Wieviele Figuren wurden mittlerweile bereits f\u00fcr das Fest kreiert?<\/strong><\/p>\n\n\n\n<p>Ganz genau wei\u00df ich es nicht, aber es sind bereits \u00fcber 500 Figuren bisher. Wir hatten schon so viele Ideen dabei und die Kreativit\u00e4t ist noch lange nicht ausgesch\u00f6pft. Von Tieren \u00fcber Fahrzeuge, Disneyfiguren bis hin zu b\u00e4uerlichen Ger\u00e4tschaften und ganze Kutschen.<\/p>\n\n\n\n<p><strong>Die Figuren werden ja ausschlie\u00dflich von Pferdefuhrwerken oder Oldtimer-Traktoren gezogen?<\/strong><\/p>\n\n\n\n<p>Genau, wir haben von Anfang an geschaut, dass dieses Fest qualitativ hochwertig ausgef\u00fchrt ist. Das findet sich in den Genussschmankerln in der Gastronomie genauso wie im hochwertigen Handwerk, das gezeigt wird. Und nat\u00fcrlich beim Umzug selber. Dort haben erfahrene Fuhrm\u00e4nner ihre prachtvollen Pferde herausgeputzt, das Pferdegeschirr gl\u00e4nzt nur so! Andere haben ihre alten Traktoren wieder fahrt\u00fcchtig gemacht und liebevoll restauriert. Drei Musikkapellen begleiten schwungvoll in ihren sch\u00f6nen Trachten den Korso und vorneweg zeigen die Schnalzer auf ihren Pferden ihr K\u00f6nnen. Es ist jedes Mal wieder ein wirklich pr\u00e4chtiges Spektakel!<\/p>\n\n\n\n<p><strong>Da ist der ganze Ort bzw. das ganze Lammertal auf den Beinen<\/strong><\/p>\n\n\n\n<p>In den Wochen vor dem HeuART-Fest wird besonders im Austragungsort an allen Ecken und Enden gewerkt und vorbereitet. Es ist mir eine gro\u00dfe Freude, wenn ich sehe, wieviele Menschen hier zusammenhelfen. Erfahrene Heubinder weisen J\u00fcngere in diese Kunst ein, es wird gemeinsam gebastelt, dabei entstehen gute Gespr\u00e4che zwischen den Generationen. Es werden Schmankerl, wie Krapfen, vorbereitet, f\u00fcr das Konzert geprobt, f\u00fcr den Ausschank organisiert und so viel mehr. Man macht etwas miteinander und das macht etwas f\u00fcr die Gemeinschaft. Das ist es, was HeuART so gro\u00dfartig macht!<\/p>\n\n\n<div class=\"mag-gallery\"><div class=\"row\"><div class=\"col-6 col-sm-4\"><figure><a class=\"thumb-container\" href=\"https:\/\/www.salzburgerland.com\/de\/magazin\/wp-content\/uploads\/2013\/08\/HeuART-in-St.-Martin2-cart_of_sight-1280x1024.jpg\">\t<picture><source media=\"(min-width: 576px)\" srcset=\"\"><\/source><source media=\"(min-width: 0)\" srcset=\"https:\/\/www.salzburgerland.com\/de\/magazin\/wp-content\/uploads\/2013\/08\/HeuART-in-St.-Martin2-cart_of_sight.jpg 1277w, https:\/\/www.salzburgerland.com\/de\/magazin\/wp-content\/uploads\/2013\/08\/HeuART-in-St.-Martin2-cart_of_sight-200x300.jpg 200w, https:\/\/www.salzburgerland.com\/de\/magazin\/wp-content\/uploads\/2013\/08\/HeuART-in-St.-Martin2-cart_of_sight-1022x1536.jpg 1022w, https:\/\/www.salzburgerland.com\/de\/magazin\/wp-content\/uploads\/2013\/08\/HeuART-in-St.-Martin2-cart_of_sight-366x550.jpg 366w, https:\/\/www.salzburgerland.com\/de\/magazin\/wp-content\/uploads\/2013\/08\/HeuART-in-St.-Martin2-cart_of_sight-266x400.jpg 266w, https:\/\/www.salzburgerland.com\/de\/magazin\/wp-content\/uploads\/2013\/08\/HeuART-in-St.-Martin2-cart_of_sight-150x226.jpg 150w\"><\/source><img decoding=\"async\" alt=\"Ein Umzugswagen in Form der Arche Noah aus Heu, mit zwei Menschen und einer L&ouml;wenfigur an Bord.\" src=\"https:\/\/www.salzburgerland.com\/de\/magazin\/wp-content\/uploads\/2013\/08\/HeuART-in-St.-Martin2-cart_of_sight.jpg\">\t<\/picture><\/a><\/figure><\/div><div class=\"col-6 col-sm-4\"><figure><a class=\"thumb-container\" href=\"https:\/\/www.salzburgerland.com\/de\/magazin\/wp-content\/uploads\/2013\/08\/HeuART-in-St.-Martin1-cart_of_sight-1280x1024.jpg\">\t<picture><source media=\"(min-width: 576px)\" srcset=\"\"><\/source><source media=\"(min-width: 0)\" srcset=\"https:\/\/www.salzburgerland.com\/de\/magazin\/wp-content\/uploads\/2013\/08\/HeuART-in-St.-Martin1-cart_of_sight.jpg 1440w, https:\/\/www.salzburgerland.com\/de\/magazin\/wp-content\/uploads\/2013\/08\/HeuART-in-St.-Martin1-cart_of_sight-225x300.jpg 225w, https:\/\/www.salzburgerland.com\/de\/magazin\/wp-content\/uploads\/2013\/08\/HeuART-in-St.-Martin1-cart_of_sight-1152x1536.jpg 1152w, https:\/\/www.salzburgerland.com\/de\/magazin\/wp-content\/uploads\/2013\/08\/HeuART-in-St.-Martin1-cart_of_sight-413x550.jpg 413w, https:\/\/www.salzburgerland.com\/de\/magazin\/wp-content\/uploads\/2013\/08\/HeuART-in-St.-Martin1-cart_of_sight-300x400.jpg 300w, https:\/\/www.salzburgerland.com\/de\/magazin\/wp-content\/uploads\/2013\/08\/HeuART-in-St.-Martin1-cart_of_sight-1320x1760.jpg 1320w, https:\/\/www.salzburgerland.com\/de\/magazin\/wp-content\/uploads\/2013\/08\/HeuART-in-St.-Martin1-cart_of_sight-640x853.jpg 640w, https:\/\/www.salzburgerland.com\/de\/magazin\/wp-content\/uploads\/2013\/08\/HeuART-in-St.-Martin1-cart_of_sight-150x200.jpg 150w\"><\/source><img decoding=\"async\" alt=\"Riesige Schneckenskulptur aus Gras vor einer Kirche, mit Menschen und Bergen im Hintergrund.\" src=\"https:\/\/www.salzburgerland.com\/de\/magazin\/wp-content\/uploads\/2013\/08\/HeuART-in-St.-Martin1-cart_of_sight.jpg\">\t<\/picture><\/a><\/figure><\/div><\/div><figcaption>&copy; art of sight  &#8211; Lammertaler HeuArt Fest<\/figcaption><\/div>\n\n\n\n<h2 class=\"wp-block-heading\" id=\"h-heuart-2025-darauf-freuen-wir-uns\">HeuART 2025: darauf freuen wir uns<\/h2>\n\n\n\n<p>Das Lammertaler HeuART-Fest ist eines der Top-Attraktionen im Salzburger Bauernherbst und begeistert Jahr f\u00fcr Jahr Tausende Besucher aus ganz Europa. Die prachtvollen Figuren werden im weltgr\u00f6\u00dften Heukorso im jeweiligen Austragungsort pr\u00e4sentiert. Neben St. Martin sind Ru\u00dfbach, Abtenau und Annaberg-Lung\u00f6tz der Reihe nach f\u00fcr die Organisation und Ausrichtung des Festes zust\u00e4ndig. Die Wirte des Ortes verw\u00f6hnen die Besucher an diesem Festtag mit regionstypischen Schmankerln, auch im Festzelt sowie an den St\u00e4nden der Vereine ist die Verpflegung und Geselligkeit garantiert. Traditionelles Handwerk wird den Besuchern nicht nur angeboten, sondern auch vorgef\u00fchrt. Musikkapellen spielen Konzerte, Musikanten spielen an verschiedenen Pl\u00e4tzen auf. Das ist HeuART im Lammertal.<\/p>\n\n\n\n<p>Doch es ist nicht nur der HeuART-Sonntag, der zum Mitfeiern l\u00e4dt, die ganze Woche \u00fcber werden im gesamten Lammertal besondere Programmpunkte geboten: Von der Sonnenaufgangswanderung bis zum Jodelseminar, vom Platzkonzert bis zur Sagenerz\u00e4hlung, vom Kr\u00e4uterworkshop bis zur Krapfenroas.<\/p>\n\n\n\n<h2 class=\"wp-block-heading\" id=\"h-heufiguren-bereichern-wanderweg\">Heufiguren bereichern Wanderweg <\/h2>\n\n\n\n<p>Haben Sie sich schon einmal gefragt, was nach jedem gro\u00dfartigen HeuART-Fest mit den wunderbaren Figuren passiert? Der Tourismusverband Annaberg-Lung\u00f6tz hat ihnen mit dem \u201eHeufigurenweg\u201c am Reinischweg ein neues Zuhause geschaffen. Im erlebnisreichen Wald-Wanderweg, vom Zentrum Annaberg zu Fu\u00df leicht erreichbar, trifft man auf Helden aus dem Animationshit \u201eMadagascar\u201c genauso, wie auf einen Heutraktor, Pferde oder mystische Sagengestalten.<\/p>\n\n\n\n<p>Wandertipp: Begibt man sich vom Heufigurenweg weiter bergw\u00e4rts, gelangt man zum Treppensteig, seiner Fitness wegen auch als \u201eBauch-Beine-Po-Weg\u201c beliebt, der im wahrsten Sinne \u201eweltmeisterliche\u201c Kr\u00e4fte verleihen soll. Am h\u00f6chsten Punkt des Kopfberges, \u201e200 Stufen dem Himmel n\u00e4her\u201c, steht die aus Zirbenholz geschnitzte Statue der Hl. Anna, der kirchlichen Namenspatronin. Ein wahrer Kraftplatz mitten in der Natur.<\/p>\n\n\n\n<p>Alle Infos zum umfangreichen Programm findet ihr unter <a href=\"https:\/\/www.heuart.at\/\" target=\"_blank\" rel=\"noreferrer noopener\">www.heuart.at.<\/a><\/p>\n\n\n<div class=\"mag-gallery\"><div class=\"row\"><div class=\"col-6 col-sm-4\"><figure><a class=\"thumb-container\" href=\"https:\/\/www.salzburgerland.com\/de\/magazin\/wp-content\/uploads\/2013\/08\/Handwerksmarkt-in-St.-Martin4-cart_of_sight-1280x1024.jpg\">\t<picture><source media=\"(min-width: 576px)\" srcset=\"https:\/\/www.salzburgerland.com\/de\/magazin\/wp-content\/uploads\/2013\/08\/Handwerksmarkt-in-St.-Martin4-cart_of_sight-325x209.jpg 325w, https:\/\/www.salzburgerland.com\/de\/magazin\/wp-content\/uploads\/2013\/08\/Handwerksmarkt-in-St.-Martin4-cart_of_sight-249x160.jpg 249w\"><\/source><source media=\"(min-width: 0)\" srcset=\"https:\/\/www.salzburgerland.com\/de\/magazin\/wp-content\/uploads\/2013\/08\/Handwerksmarkt-in-St.-Martin4-cart_of_sight-249x160.jpg 249w, https:\/\/www.salzburgerland.com\/de\/magazin\/wp-content\/uploads\/2013\/08\/Handwerksmarkt-in-St.-Martin4-cart_of_sight-325x209.jpg 325w\"><\/source><img decoding=\"async\" alt=\"Nahaufnahme der H&auml;nde einer Person, die mit Werkzeugen auf einer Werkbank Leder bearbeitet oder repariert.\" src=\"https:\/\/www.salzburgerland.com\/de\/magazin\/wp-content\/uploads\/2013\/08\/Handwerksmarkt-in-St.-Martin4-cart_of_sight.jpg\">\t<\/picture><\/a><\/figure><\/div><div class=\"col-6 col-sm-4\"><figure><a class=\"thumb-container\" href=\"https:\/\/www.salzburgerland.com\/de\/magazin\/wp-content\/uploads\/2013\/08\/Handwerksmarkt-in-St.-Martin2-cart_of_sight-1280x1024.jpg\">\t<picture><source media=\"(min-width: 576px)\" srcset=\"https:\/\/www.salzburgerland.com\/de\/magazin\/wp-content\/uploads\/2013\/08\/Handwerksmarkt-in-St.-Martin2-cart_of_sight-325x209.jpg 325w, https:\/\/www.salzburgerland.com\/de\/magazin\/wp-content\/uploads\/2013\/08\/Handwerksmarkt-in-St.-Martin2-cart_of_sight-249x160.jpg 249w\"><\/source><source media=\"(min-width: 0)\" srcset=\"https:\/\/www.salzburgerland.com\/de\/magazin\/wp-content\/uploads\/2013\/08\/Handwerksmarkt-in-St.-Martin2-cart_of_sight-249x160.jpg 249w, https:\/\/www.salzburgerland.com\/de\/magazin\/wp-content\/uploads\/2013\/08\/Handwerksmarkt-in-St.-Martin2-cart_of_sight-325x209.jpg 325w\"><\/source><img decoding=\"async\" alt=\"Ein Mann schnitzt sorgf&auml;ltig Holz in einer Werkstatt, hinter ihm h&auml;ngen Lederg&uuml;rtel an der Wand.\" src=\"https:\/\/www.salzburgerland.com\/de\/magazin\/wp-content\/uploads\/2013\/08\/Handwerksmarkt-in-St.-Martin2-cart_of_sight.jpg\">\t<\/picture><\/a><\/figure><\/div><div class=\"col-6 col-sm-4\"><figure><a class=\"thumb-container\" href=\"https:\/\/www.salzburgerland.com\/de\/magazin\/wp-content\/uploads\/2013\/08\/Handwerksmarkt-in-St.-Martin3-cart_of_sight-1280x1024.jpg\">\t<picture><source media=\"(min-width: 576px)\" srcset=\"\"><\/source><source media=\"(min-width: 0)\" srcset=\"https:\/\/www.salzburgerland.com\/de\/magazin\/wp-content\/uploads\/2013\/08\/Handwerksmarkt-in-St.-Martin3-cart_of_sight.jpg 1440w, https:\/\/www.salzburgerland.com\/de\/magazin\/wp-content\/uploads\/2013\/08\/Handwerksmarkt-in-St.-Martin3-cart_of_sight-225x300.jpg 225w, https:\/\/www.salzburgerland.com\/de\/magazin\/wp-content\/uploads\/2013\/08\/Handwerksmarkt-in-St.-Martin3-cart_of_sight-1152x1536.jpg 1152w, https:\/\/www.salzburgerland.com\/de\/magazin\/wp-content\/uploads\/2013\/08\/Handwerksmarkt-in-St.-Martin3-cart_of_sight-413x550.jpg 413w, https:\/\/www.salzburgerland.com\/de\/magazin\/wp-content\/uploads\/2013\/08\/Handwerksmarkt-in-St.-Martin3-cart_of_sight-300x400.jpg 300w, https:\/\/www.salzburgerland.com\/de\/magazin\/wp-content\/uploads\/2013\/08\/Handwerksmarkt-in-St.-Martin3-cart_of_sight-1320x1760.jpg 1320w, https:\/\/www.salzburgerland.com\/de\/magazin\/wp-content\/uploads\/2013\/08\/Handwerksmarkt-in-St.-Martin3-cart_of_sight-640x853.jpg 640w, https:\/\/www.salzburgerland.com\/de\/magazin\/wp-content\/uploads\/2013\/08\/Handwerksmarkt-in-St.-Martin3-cart_of_sight-150x200.jpg 150w\"><\/source><img decoding=\"async\" alt=\"Nahaufnahme von H&auml;nden, die eine Drechselbank bedienen, mit fliegenden S&auml;gesp&auml;nen, vor einer verschwommenen Menschenmenge.\" src=\"https:\/\/www.salzburgerland.com\/de\/magazin\/wp-content\/uploads\/2013\/08\/Handwerksmarkt-in-St.-Martin3-cart_of_sight.jpg\">\t<\/picture><\/a><\/figure><\/div><\/div><figcaption>&copy; art of sight &#8211; Handwerksmarkt im Rahmen des HeuArt Festes<\/figcaption><\/div>\n","protected":false},"excerpt":{"rendered":"<p>Ein Schippel Heu macht noch kein Fest \u2026 \u2026 richtig, denn es bedarf immer neuer Ideen und vieler flinker H\u00e4nde, um daraus das HeuART-Fest zu kreieren. In Stadeln, Garagen und Geh\u00f6ften wird schon Wochen vor dem Fest, das diesmal am 7. September in Annaberg-Lung\u00f6tz ausgetragen wird, get\u00fcftelt, gebunden und gebastelt. Die Vereine, Gruppen, K\u00fcnstlerinnen und [&hellip;]<\/p>\n","protected":false},"author":236,"featured_media":164965,"comment_status":"open","ping_status":"open","sticky":false,"template":"","format":"standard","meta":{"_acf_changed":false,"wl_entities_gutenberg":"","_wl_entity_redirect_enabled":"","footnotes":""},"categories":[6],"tags":[],"wl_entity_type":[306],"monatsauswahl":[90],"class_list":["post-41603","post","type-post","status-publish","format-standard","has-post-thumbnail","hentry","category-kunst-kultur","wl_entity_type-article","monatsauswahl-monat_9"],"acf":[],"yoast_head":"<!-- This site is optimized with the Yoast SEO Premium plugin v27.4 (Yoast SEO v27.4) - https:\/\/yoast.com\/product\/yoast-seo-premium-wordpress\/ -->\n<title>HeuART im Lammertal - SalzburgerLand Magazin<\/title>\n<meta name=\"description\" content=\"Das Lammertaler HeuART-Fest findet von 5. September bis 7. September 2025 zum 23. Mal statt. Wieviel Flei\u00df hinter dem weltgr\u00f6\u00dften HeuART-Festival dahintersteckt, was es f\u00fcr die Region bedeutet und worauf wir uns freuen k\u00f6nnen.\" \/>\n<meta name=\"robots\" content=\"index, follow, max-snippet:-1, max-image-preview:large, max-video-preview:-1\" \/>\n<link rel=\"canonical\" href=\"https:\/\/www.salzburgerland.com\/de\/magazin\/heuart-im-lammertal\/\" \/>\n<meta property=\"og:locale\" content=\"de_DE\" \/>\n<meta property=\"og:type\" content=\"article\" \/>\n<meta property=\"og:title\" content=\"HeuART im Lammertal\" \/>\n<meta property=\"og:description\" content=\"Ein Schippel Heu macht noch kein Fest \u2026 \u2026 richtig, denn es bedarf immer neuer Ideen und vieler flinker H\u00e4nde, um daraus das HeuART-Fest zu kreieren. In Stadeln, Garagen und Geh\u00f6ften wird schon Wochen vor dem Fest, das diesmal am 7. September in Annaberg-Lung\u00f6tz ausgetragen wird, get\u00fcftelt, gebunden und gebastelt. Die Vereine, Gruppen, K\u00fcnstlerinnen und [&hellip;]\" \/>\n<meta property=\"og:url\" content=\"https:\/\/www.salzburgerland.com\/de\/magazin\/heuart-im-lammertal\/\" \/>\n<meta property=\"og:site_name\" content=\"SalzburgerLand Magazin\" \/>\n<meta property=\"article:publisher\" content=\"https:\/\/www.facebook.com\/salzburgerland\/\" \/>\n<meta property=\"article:published_time\" content=\"2022-08-21T22:00:00+00:00\" \/>\n<meta property=\"article:modified_time\" content=\"2025-08-12T11:22:34+00:00\" \/>\n<meta property=\"og:image\" content=\"https:\/\/www.salzburgerland.com\/de\/magazin\/wp-content\/uploads\/2013\/08\/HeuART-in-St.-Martin5-cart_of_sight.jpg\" \/>\n\t<meta property=\"og:image:width\" content=\"1920\" \/>\n\t<meta property=\"og:image:height\" content=\"1280\" \/>\n\t<meta property=\"og:image:type\" content=\"image\/jpeg\" \/>\n<meta name=\"author\" content=\"Christine Fr\u00f6schl\" \/>\n<meta name=\"twitter:card\" content=\"summary_large_image\" \/>\n<meta name=\"twitter:creator\" content=\"@Salzburgerland\" \/>\n<meta name=\"twitter:site\" content=\"@Salzburgerland\" \/>\n<meta name=\"twitter:label1\" content=\"Verfasst von\" \/>\n\t<meta name=\"twitter:data1\" content=\"Christine Fr\u00f6schl\" \/>\n\t<meta name=\"twitter:label2\" content=\"Gesch\u00e4tzte Lesezeit\" \/>\n\t<meta name=\"twitter:data2\" content=\"9\u00a0Minuten\" \/>\n<script type=\"application\/ld+json\" class=\"yoast-schema-graph\">{\"@context\":\"https:\\\/\\\/schema.org\",\"@graph\":[{\"@type\":\"Article\",\"@id\":\"https:\\\/\\\/www.salzburgerland.com\\\/de\\\/magazin\\\/heuart-im-lammertal\\\/#article\",\"isPartOf\":{\"@id\":\"https:\\\/\\\/www.salzburgerland.com\\\/de\\\/magazin\\\/heuart-im-lammertal\\\/\"},\"author\":{\"name\":\"Christine Fr\u00f6schl\",\"@id\":\"https:\\\/\\\/www.salzburgerland.com\\\/de\\\/magazin\\\/#\\\/schema\\\/person\\\/7932db74f19d9640620859cb2b794c4e\"},\"headline\":\"HeuART im Lammertal\",\"datePublished\":\"2022-08-21T22:00:00+00:00\",\"dateModified\":\"2025-08-12T11:22:34+00:00\",\"mainEntityOfPage\":{\"@id\":\"https:\\\/\\\/www.salzburgerland.com\\\/de\\\/magazin\\\/heuart-im-lammertal\\\/\"},\"wordCount\":1072,\"commentCount\":0,\"publisher\":{\"@id\":\"https:\\\/\\\/www.salzburgerland.com\\\/de\\\/magazin\\\/#organization\"},\"image\":{\"@id\":\"https:\\\/\\\/www.salzburgerland.com\\\/de\\\/magazin\\\/heuart-im-lammertal\\\/#primaryimage\"},\"thumbnailUrl\":\"https:\\\/\\\/www.salzburgerland.com\\\/de\\\/magazin\\\/wp-content\\\/uploads\\\/2013\\\/08\\\/HeuART-in-St.-Martin5-cart_of_sight.jpg\",\"articleSection\":[\"Kunst &amp; Kultur\"],\"inLanguage\":\"de\",\"potentialAction\":[{\"@type\":\"CommentAction\",\"name\":\"Comment\",\"target\":[\"https:\\\/\\\/www.salzburgerland.com\\\/de\\\/magazin\\\/heuart-im-lammertal\\\/#respond\"]}]},{\"@type\":\"WebPage\",\"@id\":\"https:\\\/\\\/www.salzburgerland.com\\\/de\\\/magazin\\\/heuart-im-lammertal\\\/\",\"url\":\"https:\\\/\\\/www.salzburgerland.com\\\/de\\\/magazin\\\/heuart-im-lammertal\\\/\",\"name\":\"HeuART im Lammertal - SalzburgerLand Magazin\",\"isPartOf\":{\"@id\":\"https:\\\/\\\/www.salzburgerland.com\\\/de\\\/magazin\\\/#website\"},\"primaryImageOfPage\":{\"@id\":\"https:\\\/\\\/www.salzburgerland.com\\\/de\\\/magazin\\\/heuart-im-lammertal\\\/#primaryimage\"},\"image\":{\"@id\":\"https:\\\/\\\/www.salzburgerland.com\\\/de\\\/magazin\\\/heuart-im-lammertal\\\/#primaryimage\"},\"thumbnailUrl\":\"https:\\\/\\\/www.salzburgerland.com\\\/de\\\/magazin\\\/wp-content\\\/uploads\\\/2013\\\/08\\\/HeuART-in-St.-Martin5-cart_of_sight.jpg\",\"datePublished\":\"2022-08-21T22:00:00+00:00\",\"dateModified\":\"2025-08-12T11:22:34+00:00\",\"breadcrumb\":{\"@id\":\"https:\\\/\\\/www.salzburgerland.com\\\/de\\\/magazin\\\/heuart-im-lammertal\\\/#breadcrumb\"},\"inLanguage\":\"de\",\"potentialAction\":[{\"@type\":\"ReadAction\",\"target\":[\"https:\\\/\\\/www.salzburgerland.com\\\/de\\\/magazin\\\/heuart-im-lammertal\\\/\"]}]},{\"@type\":\"ImageObject\",\"inLanguage\":\"de\",\"@id\":\"https:\\\/\\\/www.salzburgerland.com\\\/de\\\/magazin\\\/heuart-im-lammertal\\\/#primaryimage\",\"url\":\"https:\\\/\\\/www.salzburgerland.com\\\/de\\\/magazin\\\/wp-content\\\/uploads\\\/2013\\\/08\\\/HeuART-in-St.-Martin5-cart_of_sight.jpg\",\"contentUrl\":\"https:\\\/\\\/www.salzburgerland.com\\\/de\\\/magazin\\\/wp-content\\\/uploads\\\/2013\\\/08\\\/HeuART-in-St.-Martin5-cart_of_sight.jpg\",\"width\":1920,\"height\":1280,\"caption\":\"\u00a9 TVB Annaberg-Lung\u00f6tz\"},{\"@type\":\"BreadcrumbList\",\"@id\":\"https:\\\/\\\/www.salzburgerland.com\\\/de\\\/magazin\\\/heuart-im-lammertal\\\/#breadcrumb\",\"itemListElement\":[{\"@type\":\"ListItem\",\"position\":1,\"name\":\"Startseite\",\"item\":\"https:\\\/\\\/www.salzburgerland.com\\\/de\\\/magazin\\\/\"},{\"@type\":\"ListItem\",\"position\":2,\"name\":\"Kunst &amp; Kultur\",\"item\":\"https:\\\/\\\/www.salzburgerland.com\\\/de\\\/magazin\\\/thema\\\/kunst-kultur\\\/\"},{\"@type\":\"ListItem\",\"position\":3,\"name\":\"HeuART im Lammertal\"}]},{\"@type\":\"WebSite\",\"@id\":\"https:\\\/\\\/www.salzburgerland.com\\\/de\\\/magazin\\\/#website\",\"url\":\"https:\\\/\\\/www.salzburgerland.com\\\/de\\\/magazin\\\/\",\"name\":\"SalzburgerLand Magazin\",\"description\":\"Geschichten und Interessantes aus dem SalzburgerLand\",\"publisher\":{\"@id\":\"https:\\\/\\\/www.salzburgerland.com\\\/de\\\/magazin\\\/#organization\"},\"potentialAction\":[{\"@type\":\"SearchAction\",\"target\":{\"@type\":\"EntryPoint\",\"urlTemplate\":\"https:\\\/\\\/www.salzburgerland.com\\\/de\\\/magazin\\\/?s={search_term_string}\"},\"query-input\":{\"@type\":\"PropertyValueSpecification\",\"valueRequired\":true,\"valueName\":\"search_term_string\"}}],\"inLanguage\":\"de\"},{\"@type\":\"Organization\",\"@id\":\"https:\\\/\\\/www.salzburgerland.com\\\/de\\\/magazin\\\/#organization\",\"name\":\"SalzburgerLand Tourismus\",\"url\":\"https:\\\/\\\/www.salzburgerland.com\\\/de\\\/magazin\\\/\",\"logo\":{\"@type\":\"ImageObject\",\"inLanguage\":\"de\",\"@id\":\"https:\\\/\\\/www.salzburgerland.com\\\/de\\\/magazin\\\/#\\\/schema\\\/logo\\\/image\\\/\",\"url\":\"https:\\\/\\\/www.salzburgerland.com\\\/de\\\/magazin\\\/wp-content\\\/uploads\\\/2019\\\/06\\\/salzburgerland-logo1.jpg\",\"contentUrl\":\"https:\\\/\\\/www.salzburgerland.com\\\/de\\\/magazin\\\/wp-content\\\/uploads\\\/2019\\\/06\\\/salzburgerland-logo1.jpg\",\"width\":2011,\"height\":866,\"caption\":\"SalzburgerLand Tourismus\"},\"image\":{\"@id\":\"https:\\\/\\\/www.salzburgerland.com\\\/de\\\/magazin\\\/#\\\/schema\\\/logo\\\/image\\\/\"},\"sameAs\":[\"https:\\\/\\\/www.facebook.com\\\/salzburgerland\\\/\",\"https:\\\/\\\/x.com\\\/Salzburgerland\",\"https:\\\/\\\/www.instagram.com\\\/salzburgerland\\\/\",\"https:\\\/\\\/at.linkedin.com\\\/company\\\/salzburgerland-tourismus-gmbh\",\"https:\\\/\\\/www.pinterest.at\\\/salzburgerland\\\/\",\"https:\\\/\\\/www.youtube.com\\\/user\\\/salzburgerland\",\"https:\\\/\\\/de.wikipedia.org\\\/wiki\\\/SalzburgerLand_Tourismus_GmbH\"]},{\"@type\":\"Person\",\"@id\":\"https:\\\/\\\/www.salzburgerland.com\\\/de\\\/magazin\\\/#\\\/schema\\\/person\\\/7932db74f19d9640620859cb2b794c4e\",\"name\":\"Christine Fr\u00f6schl\",\"description\":\"Dein pers\u00f6nlicher Logenplatz im SalzburgerLand? Am liebsten gehe ich auf den Einberg im Salzburger Tennengau. Der Berg in der Osterhorn-Gruppe gl\u00e4nzt das ganze Jahr im Sonnenschein, auf dem Gipfel heben Paragleiter ab und die Aussicht auf das Tennengebirge, den Dachstein und die Bischofsm\u00fctze ist traumhaft. Dosige(r) oder Zuagroast? Zuagroast aus dem sch\u00f6nen Nieder\u00f6sterreich. Fr\u00fchling, Sommer, Herbst oder Winter? Alle Jahreszeiten begeistern mich. Momentan freue ich mich auf den Fr\u00fchling, das Zwitschern der V\u00f6gel und auf die sattgr\u00fcnen Wiesen. Salzburger Nockerl oder Schwarzbeernocken? Eindeutig Schwarzbeernocken. Rindsroulade vom Pinzgauer Biorind oder Saibling fangfrisch aus dem Fuschlsee? Mhhhh. Da kann ich mich nicht entscheiden. Bergtour oder Seentour? Mich zieht es auf jeden Fall hinauf. Begeistert bin ich auch von tiefblauen Bergseen in denen sich die Umgebung spiegelt und von der Aussicht w\u00e4hrend des Weges auf einen der wundersch\u00f6nen Seen im Salzburger Land.\",\"url\":\"https:\\\/\\\/www.salzburgerland.com\\\/de\\\/magazin\\\/author\\\/christine-froeschl\\\/\"}]}<\/script>\n<!-- \/ Yoast SEO Premium plugin. -->","yoast_head_json":{"title":"HeuART im Lammertal - SalzburgerLand Magazin","description":"Das Lammertaler HeuART-Fest findet von 5. September bis 7. September 2025 zum 23. Mal statt. Wieviel Flei\u00df hinter dem weltgr\u00f6\u00dften HeuART-Festival dahintersteckt, was es f\u00fcr die Region bedeutet und worauf wir uns freuen k\u00f6nnen.","robots":{"index":"index","follow":"follow","max-snippet":"max-snippet:-1","max-image-preview":"max-image-preview:large","max-video-preview":"max-video-preview:-1"},"canonical":"https:\/\/www.salzburgerland.com\/de\/magazin\/heuart-im-lammertal\/","og_locale":"de_DE","og_type":"article","og_title":"HeuART im Lammertal","og_description":"Ein Schippel Heu macht noch kein Fest \u2026 \u2026 richtig, denn es bedarf immer neuer Ideen und vieler flinker H\u00e4nde, um daraus das HeuART-Fest zu kreieren. In Stadeln, Garagen und Geh\u00f6ften wird schon Wochen vor dem Fest, das diesmal am 7. September in Annaberg-Lung\u00f6tz ausgetragen wird, get\u00fcftelt, gebunden und gebastelt. Die Vereine, Gruppen, K\u00fcnstlerinnen und [&hellip;]","og_url":"https:\/\/www.salzburgerland.com\/de\/magazin\/heuart-im-lammertal\/","og_site_name":"SalzburgerLand Magazin","article_publisher":"https:\/\/www.facebook.com\/salzburgerland\/","article_published_time":"2022-08-21T22:00:00+00:00","article_modified_time":"2025-08-12T11:22:34+00:00","og_image":[{"url":"https:\/\/www.salzburgerland.com\/de\/magazin\/wp-content\/uploads\/2013\/08\/HeuART-in-St.-Martin5-cart_of_sight.jpg","width":1920,"height":1280,"type":"image\/jpeg"}],"author":"Christine Fr\u00f6schl","twitter_card":"summary_large_image","twitter_creator":"@Salzburgerland","twitter_site":"@Salzburgerland","twitter_misc":{"Verfasst von":"Christine Fr\u00f6schl","Gesch\u00e4tzte Lesezeit":"9\u00a0Minuten"},"schema":{"@context":"https:\/\/schema.org","@graph":[{"@type":"Article","@id":"https:\/\/www.salzburgerland.com\/de\/magazin\/heuart-im-lammertal\/#article","isPartOf":{"@id":"https:\/\/www.salzburgerland.com\/de\/magazin\/heuart-im-lammertal\/"},"author":{"name":"Christine Fr\u00f6schl","@id":"https:\/\/www.salzburgerland.com\/de\/magazin\/#\/schema\/person\/7932db74f19d9640620859cb2b794c4e"},"headline":"HeuART im Lammertal","datePublished":"2022-08-21T22:00:00+00:00","dateModified":"2025-08-12T11:22:34+00:00","mainEntityOfPage":{"@id":"https:\/\/www.salzburgerland.com\/de\/magazin\/heuart-im-lammertal\/"},"wordCount":1072,"commentCount":0,"publisher":{"@id":"https:\/\/www.salzburgerland.com\/de\/magazin\/#organization"},"image":{"@id":"https:\/\/www.salzburgerland.com\/de\/magazin\/heuart-im-lammertal\/#primaryimage"},"thumbnailUrl":"https:\/\/www.salzburgerland.com\/de\/magazin\/wp-content\/uploads\/2013\/08\/HeuART-in-St.-Martin5-cart_of_sight.jpg","articleSection":["Kunst &amp; Kultur"],"inLanguage":"de","potentialAction":[{"@type":"CommentAction","name":"Comment","target":["https:\/\/www.salzburgerland.com\/de\/magazin\/heuart-im-lammertal\/#respond"]}]},{"@type":"WebPage","@id":"https:\/\/www.salzburgerland.com\/de\/magazin\/heuart-im-lammertal\/","url":"https:\/\/www.salzburgerland.com\/de\/magazin\/heuart-im-lammertal\/","name":"HeuART im Lammertal - SalzburgerLand Magazin","isPartOf":{"@id":"https:\/\/www.salzburgerland.com\/de\/magazin\/#website"},"primaryImageOfPage":{"@id":"https:\/\/www.salzburgerland.com\/de\/magazin\/heuart-im-lammertal\/#primaryimage"},"image":{"@id":"https:\/\/www.salzburgerland.com\/de\/magazin\/heuart-im-lammertal\/#primaryimage"},"thumbnailUrl":"https:\/\/www.salzburgerland.com\/de\/magazin\/wp-content\/uploads\/2013\/08\/HeuART-in-St.-Martin5-cart_of_sight.jpg","datePublished":"2022-08-21T22:00:00+00:00","dateModified":"2025-08-12T11:22:34+00:00","breadcrumb":{"@id":"https:\/\/www.salzburgerland.com\/de\/magazin\/heuart-im-lammertal\/#breadcrumb"},"inLanguage":"de","potentialAction":[{"@type":"ReadAction","target":["https:\/\/www.salzburgerland.com\/de\/magazin\/heuart-im-lammertal\/"]}]},{"@type":"ImageObject","inLanguage":"de","@id":"https:\/\/www.salzburgerland.com\/de\/magazin\/heuart-im-lammertal\/#primaryimage","url":"https:\/\/www.salzburgerland.com\/de\/magazin\/wp-content\/uploads\/2013\/08\/HeuART-in-St.-Martin5-cart_of_sight.jpg","contentUrl":"https:\/\/www.salzburgerland.com\/de\/magazin\/wp-content\/uploads\/2013\/08\/HeuART-in-St.-Martin5-cart_of_sight.jpg","width":1920,"height":1280,"caption":"\u00a9 TVB Annaberg-Lung\u00f6tz"},{"@type":"BreadcrumbList","@id":"https:\/\/www.salzburgerland.com\/de\/magazin\/heuart-im-lammertal\/#breadcrumb","itemListElement":[{"@type":"ListItem","position":1,"name":"Startseite","item":"https:\/\/www.salzburgerland.com\/de\/magazin\/"},{"@type":"ListItem","position":2,"name":"Kunst &amp; Kultur","item":"https:\/\/www.salzburgerland.com\/de\/magazin\/thema\/kunst-kultur\/"},{"@type":"ListItem","position":3,"name":"HeuART im Lammertal"}]},{"@type":"WebSite","@id":"https:\/\/www.salzburgerland.com\/de\/magazin\/#website","url":"https:\/\/www.salzburgerland.com\/de\/magazin\/","name":"SalzburgerLand Magazin","description":"Geschichten und Interessantes aus dem SalzburgerLand","publisher":{"@id":"https:\/\/www.salzburgerland.com\/de\/magazin\/#organization"},"potentialAction":[{"@type":"SearchAction","target":{"@type":"EntryPoint","urlTemplate":"https:\/\/www.salzburgerland.com\/de\/magazin\/?s={search_term_string}"},"query-input":{"@type":"PropertyValueSpecification","valueRequired":true,"valueName":"search_term_string"}}],"inLanguage":"de"},{"@type":"Organization","@id":"https:\/\/www.salzburgerland.com\/de\/magazin\/#organization","name":"SalzburgerLand Tourismus","url":"https:\/\/www.salzburgerland.com\/de\/magazin\/","logo":{"@type":"ImageObject","inLanguage":"de","@id":"https:\/\/www.salzburgerland.com\/de\/magazin\/#\/schema\/logo\/image\/","url":"https:\/\/www.salzburgerland.com\/de\/magazin\/wp-content\/uploads\/2019\/06\/salzburgerland-logo1.jpg","contentUrl":"https:\/\/www.salzburgerland.com\/de\/magazin\/wp-content\/uploads\/2019\/06\/salzburgerland-logo1.jpg","width":2011,"height":866,"caption":"SalzburgerLand Tourismus"},"image":{"@id":"https:\/\/www.salzburgerland.com\/de\/magazin\/#\/schema\/logo\/image\/"},"sameAs":["https:\/\/www.facebook.com\/salzburgerland\/","https:\/\/x.com\/Salzburgerland","https:\/\/www.instagram.com\/salzburgerland\/","https:\/\/at.linkedin.com\/company\/salzburgerland-tourismus-gmbh","https:\/\/www.pinterest.at\/salzburgerland\/","https:\/\/www.youtube.com\/user\/salzburgerland","https:\/\/de.wikipedia.org\/wiki\/SalzburgerLand_Tourismus_GmbH"]},{"@type":"Person","@id":"https:\/\/www.salzburgerland.com\/de\/magazin\/#\/schema\/person\/7932db74f19d9640620859cb2b794c4e","name":"Christine Fr\u00f6schl","description":"Dein pers\u00f6nlicher Logenplatz im SalzburgerLand? Am liebsten gehe ich auf den Einberg im Salzburger Tennengau. Der Berg in der Osterhorn-Gruppe gl\u00e4nzt das ganze Jahr im Sonnenschein, auf dem Gipfel heben Paragleiter ab und die Aussicht auf das Tennengebirge, den Dachstein und die Bischofsm\u00fctze ist traumhaft. Dosige(r) oder Zuagroast? Zuagroast aus dem sch\u00f6nen Nieder\u00f6sterreich. Fr\u00fchling, Sommer, Herbst oder Winter? Alle Jahreszeiten begeistern mich. Momentan freue ich mich auf den Fr\u00fchling, das Zwitschern der V\u00f6gel und auf die sattgr\u00fcnen Wiesen. Salzburger Nockerl oder Schwarzbeernocken? Eindeutig Schwarzbeernocken. Rindsroulade vom Pinzgauer Biorind oder Saibling fangfrisch aus dem Fuschlsee? Mhhhh. Da kann ich mich nicht entscheiden. Bergtour oder Seentour? Mich zieht es auf jeden Fall hinauf. Begeistert bin ich auch von tiefblauen Bergseen in denen sich die Umgebung spiegelt und von der Aussicht w\u00e4hrend des Weges auf einen der wundersch\u00f6nen Seen im Salzburger Land.","url":"https:\/\/www.salzburgerland.com\/de\/magazin\/author\/christine-froeschl\/"}]}},"_wl_alt_label":[],"wl:entity_url":"http:\/\/open.salzburgerland.com\/magazin\/post\/kunstwerke_aus_heu__moos_und_stroh_","_links":{"self":[{"href":"https:\/\/www.salzburgerland.com\/de\/magazin\/wp-json\/wp\/v2\/posts\/41603","targetHints":{"allow":["GET"]}}],"collection":[{"href":"https:\/\/www.salzburgerland.com\/de\/magazin\/wp-json\/wp\/v2\/posts"}],"about":[{"href":"https:\/\/www.salzburgerland.com\/de\/magazin\/wp-json\/wp\/v2\/types\/post"}],"author":[{"embeddable":true,"href":"https:\/\/www.salzburgerland.com\/de\/magazin\/wp-json\/wp\/v2\/users\/236"}],"replies":[{"embeddable":true,"href":"https:\/\/www.salzburgerland.com\/de\/magazin\/wp-json\/wp\/v2\/comments?post=41603"}],"version-history":[{"count":5,"href":"https:\/\/www.salzburgerland.com\/de\/magazin\/wp-json\/wp\/v2\/posts\/41603\/revisions"}],"predecessor-version":[{"id":184022,"href":"https:\/\/www.salzburgerland.com\/de\/magazin\/wp-json\/wp\/v2\/posts\/41603\/revisions\/184022"}],"wp:featuredmedia":[{"embeddable":true,"href":"https:\/\/www.salzburgerland.com\/de\/magazin\/wp-json\/wp\/v2\/media\/164965"}],"wp:attachment":[{"href":"https:\/\/www.salzburgerland.com\/de\/magazin\/wp-json\/wp\/v2\/media?parent=41603"}],"wp:term":[{"taxonomy":"category","embeddable":true,"href":"https:\/\/www.salzburgerland.com\/de\/magazin\/wp-json\/wp\/v2\/categories?post=41603"},{"taxonomy":"post_tag","embeddable":true,"href":"https:\/\/www.salzburgerland.com\/de\/magazin\/wp-json\/wp\/v2\/tags?post=41603"},{"taxonomy":"wl_entity_type","embeddable":true,"href":"https:\/\/www.salzburgerland.com\/de\/magazin\/wp-json\/wp\/v2\/wl_entity_type?post=41603"},{"taxonomy":"monatsauswahl","embeddable":true,"href":"https:\/\/www.salzburgerland.com\/de\/magazin\/wp-json\/wp\/v2\/monatsauswahl?post=41603"}],"curies":[{"name":"wp","href":"https:\/\/api.w.org\/{rel}","templated":true}]}}