{"id":40487,"date":"2013-08-19T11:32:35","date_gmt":"2013-08-19T09:32:35","guid":{"rendered":"http:\/\/magazin.salzburgerland.com\/?p=40487"},"modified":"2023-08-30T11:20:32","modified_gmt":"2023-08-30T09:20:32","slug":"almhuttenurlaub-mit-4-sterne-komfort","status":"publish","type":"post","link":"https:\/\/www.salzburgerland.com\/de\/magazin\/almhuttenurlaub-mit-4-sterne-komfort\/","title":{"rendered":"Almh\u00fcttenurlaub mit 4-Sterne-Komfort"},"content":{"rendered":"<p>H\u00fcttenurlaub, das klingt nach einer kleinen urigen Holz-Almh\u00fctte, Schlafen im Schlafsack, heimeligem Kerzenlicht, k\u00fchlen N\u00e4chten und einer morgendlichen Katzenw\u00e4sche mit eiskaltem Brunnenwasser.<\/p>\n<p>Dass ein H\u00fcttenurlaub auch wesentlich komfortabler sein kann, das beweist Familie Madreiter mit ihrem <a href=\"https:\/\/www.puradies.com\/\" target=\"_blank\" rel=\"noopener\">Puradies Embachhof<\/a><a href=\"http:\/\/www.embachhof.at \">\u00a0<\/a>in Leogang. Ob verliebte P\u00e4rchen, Freunde oder Familien mit Kindern, sie alle finden im Almdorf genau die Almh\u00fctte, die zu ihnen passt und damit einen wunderbaren Ort, sich f\u00fcr geraume Zeit von den Alltagsm\u00fchen zur\u00fcckzuziehen. Die g\u00e4nzlich aus Holz und nat\u00fcrlichen Materialien errichteten und ausgestatteten Chalets sind die perfekte Verbindung zwischen Almh\u00fcttenromantik und modernstem Komfort. Alte Symbole auf T\u00fcren und Balkonen, Kachelofen mit Ofenbank, kleine Bauerng\u00e4rten und ein Brunnen vor der T\u00fcr geben ein Gef\u00fchl f\u00fcr das traditionelle b\u00e4uerliche Leben. Ein privater Spa-Bereich mit Sauna, Dampfdusche und Infrarot \u2013 je nach Ausstattung der Almh\u00fctte -, Flat-Screen-TV und Breitband-Internet sind die perfekte Erg\u00e4nzung zum 4-Sterne-Komfort. Zur Einrichtung geh\u00f6rt auch eine vollst\u00e4ndig eingerichtete K\u00fcche. Wer im Urlaub nicht selber zum Kochl\u00f6ffel greifen m\u00f6chte, der kann sich bereits zum Fr\u00fchst\u00fcck mit dem k\u00f6stlichen Salzburger Bio-Fr\u00fchst\u00fcck verw\u00f6hnen lassen und sich auch am Abend ein 4-Gang-Wahlmen\u00fc ins Chalet servieren lassen. Als Alternative empfiehlt sich ein Gang ins nur wenige Schritte entfernte Restaurant im Hotel Embachhof, ein Biobauernhof, der ebenfalls von Familie Madreiter gef\u00fchrt wird. Um das Aufr\u00e4umen und Abwaschen k\u00fcmmern sich selbstverst\u00e4ndlich die dienstbaren Geister des Steinalmdorfes. So bleibt den G\u00e4sten mehr Zeit f\u00fcr die wirklich wichtigen Dinge im Urlaub. Dazu geh\u00f6rt im Sommer die erfrischende Abk\u00fchlung im glasklaren Naturbadeteich, eine Wanderung zur urigen Embachalm inkl. Wein- &amp; K\u00e4severkostung, eine Mountainbiketour mit dem Chef oder ein Besuch in einem der kleinen Kr\u00e4uterg\u00e4rten. Im Winter kann das Ski,- Langlauf- oder Schneeschuhwandervergn\u00fcgen direkt bei der Haust\u00fcr beginnen.<\/p>\n<p>Lassen sie sich nach einem erlebniseichen Tag mit einer Massage in der privaten Atmosph\u00e4re Ihrer Almh\u00fctte verw\u00f6hnen. Kuscheln Sie sich nach dem Saunagang in einen wohlig warmen Bademantel, und genie\u00dfen Sie mit einem Glas Rotwein in der Hand den Blick auf die ins Abendrot getauchten Leoganger Steinberge: so kann sich ein Urlaub im Steinalmdorf anf\u00fchlen!<\/p>\n<address>Puradies Embachhof\u00a0<\/address>\n<address>Rain 9<\/address>\n<address>5771 Leogang<\/address>\n<address><a href=\"https:\/\/www.puradies.com\/\" target=\"_blank\" rel=\"noopener\">www.puradies.com<\/a><\/address>\n<div class=\"mag-gallery\"><div class=\"row\"><div class=\"col-6 col-sm-4\"><figure><a class=\"thumb-container\" href=\"https:\/\/www.salzburgerland.com\/de\/magazin\/wp-content\/uploads\/2013\/08\/Wohnen-3-oder-4-Stein2-1280x1024.jpg\">\t<picture><source media=\"(min-width: 576px)\" srcset=\"https:\/\/www.salzburgerland.com\/de\/magazin\/wp-content\/uploads\/2013\/08\/Wohnen-3-oder-4-Stein2-325x209.jpg 325w, https:\/\/www.salzburgerland.com\/de\/magazin\/wp-content\/uploads\/2013\/08\/Wohnen-3-oder-4-Stein2-249x160.jpg 249w\" \/><source media=\"(min-width: 0)\" srcset=\"https:\/\/www.salzburgerland.com\/de\/magazin\/wp-content\/uploads\/2013\/08\/Wohnen-3-oder-4-Stein2-249x160.jpg 249w, https:\/\/www.salzburgerland.com\/de\/magazin\/wp-content\/uploads\/2013\/08\/Wohnen-3-oder-4-Stein2-325x209.jpg 325w\" \/><img decoding=\"async\" alt=\"Gem\u00fctliches Wohnzimmer aus Holz mit rosafarbenem Sofa, karierten Vorh\u00e4ngen, einem Teppich und einem gedeckten Tisch f\u00fcr Tee.\" src=\"https:\/\/www.salzburgerland.com\/de\/magazin\/wp-content\/uploads\/2013\/08\/Wohnen-3-oder-4-Stein2.jpg\" \/>\t<\/picture><\/a><\/figure><\/div><div class=\"col-6 col-sm-4\"><figure><a class=\"thumb-container\" href=\"https:\/\/www.salzburgerland.com\/de\/magazin\/wp-content\/uploads\/2013\/08\/Stammhaus-Embachhof-1-1280x1024.jpg\">\t<picture><source media=\"(min-width: 576px)\" srcset=\"https:\/\/www.salzburgerland.com\/de\/magazin\/wp-content\/uploads\/2013\/08\/Stammhaus-Embachhof-1-325x209.jpg 325w, https:\/\/www.salzburgerland.com\/de\/magazin\/wp-content\/uploads\/2013\/08\/Stammhaus-Embachhof-1-249x160.jpg 249w\" \/><source media=\"(min-width: 0)\" srcset=\"https:\/\/www.salzburgerland.com\/de\/magazin\/wp-content\/uploads\/2013\/08\/Stammhaus-Embachhof-1-249x160.jpg 249w, https:\/\/www.salzburgerland.com\/de\/magazin\/wp-content\/uploads\/2013\/08\/Stammhaus-Embachhof-1-325x209.jpg 325w\" \/><img decoding=\"async\" alt=\"Ein alpines Holzhaus mit Balkonen, die an einem sonnigen Tag mit rosa und roten Blumen geschm\u00fcckt sind.\" src=\"https:\/\/www.salzburgerland.com\/de\/magazin\/wp-content\/uploads\/2013\/08\/Stammhaus-Embachhof-1.jpg\" \/>\t<\/picture><\/a><\/figure><\/div><div class=\"col-6 col-sm-4\"><figure><a class=\"thumb-container\" href=\"https:\/\/www.salzburgerland.com\/de\/magazin\/wp-content\/uploads\/2013\/08\/Honeymoon-aussen-1280x1024.jpg\">\t<picture><source media=\"(min-width: 576px)\" srcset=\"https:\/\/www.salzburgerland.com\/de\/magazin\/wp-content\/uploads\/2013\/08\/Honeymoon-aussen-325x209.jpg 325w, https:\/\/www.salzburgerland.com\/de\/magazin\/wp-content\/uploads\/2013\/08\/Honeymoon-aussen-249x160.jpg 249w\" \/><source media=\"(min-width: 0)\" srcset=\"https:\/\/www.salzburgerland.com\/de\/magazin\/wp-content\/uploads\/2013\/08\/Honeymoon-aussen-249x160.jpg 249w, https:\/\/www.salzburgerland.com\/de\/magazin\/wp-content\/uploads\/2013\/08\/Honeymoon-aussen-325x209.jpg 325w\" \/><img decoding=\"async\" alt=\"Ein h\u00f6lzernes Alpenhaus mit einem Balkon, Blumen und einem Zaun, umgeben von Bergen und B\u00e4umen im Sonnenlicht.\" src=\"https:\/\/www.salzburgerland.com\/de\/magazin\/wp-content\/uploads\/2013\/08\/Honeymoon-aussen.jpg\" \/>\t<\/picture><\/a><\/figure><\/div><div class=\"col-6 col-sm-4\"><figure><a class=\"thumb-container\" href=\"https:\/\/www.salzburgerland.com\/de\/magazin\/wp-content\/uploads\/2013\/08\/Honemoon-Badewanne-1280x1024.jpg\">\t<picture><source media=\"(min-width: 576px)\" srcset=\"https:\/\/www.salzburgerland.com\/de\/magazin\/wp-content\/uploads\/2013\/08\/Honemoon-Badewanne-325x209.jpg 325w, https:\/\/www.salzburgerland.com\/de\/magazin\/wp-content\/uploads\/2013\/08\/Honemoon-Badewanne-249x160.jpg 249w\" \/><source media=\"(min-width: 0)\" srcset=\"https:\/\/www.salzburgerland.com\/de\/magazin\/wp-content\/uploads\/2013\/08\/Honemoon-Badewanne-249x160.jpg 249w, https:\/\/www.salzburgerland.com\/de\/magazin\/wp-content\/uploads\/2013\/08\/Honemoon-Badewanne-325x209.jpg 325w\" \/><img decoding=\"async\" alt=\"Gem\u00fctliches Holzchalet-Schlafzimmer mit Doppelbett, rustikaler Badewanne und Badezimmer unter Dachschr\u00e4gen.\" src=\"https:\/\/www.salzburgerland.com\/de\/magazin\/wp-content\/uploads\/2013\/08\/Honemoon-Badewanne.jpg\" \/>\t<\/picture><\/a><\/figure><\/div><div class=\"col-6 col-sm-4\"><figure><a class=\"thumb-container\" href=\"https:\/\/www.salzburgerland.com\/de\/magazin\/wp-content\/uploads\/2013\/08\/einstein_2-1280x1024.jpg\">\t<picture><source media=\"(min-width: 576px)\" srcset=\"\" \/><source media=\"(min-width: 0)\" srcset=\"https:\/\/www.salzburgerland.com\/de\/magazin\/wp-content\/uploads\/2013\/08\/einstein_2.jpg 1200w, https:\/\/www.salzburgerland.com\/de\/magazin\/wp-content\/uploads\/2013\/08\/einstein_2-200x300.jpg 200w, https:\/\/www.salzburgerland.com\/de\/magazin\/wp-content\/uploads\/2013\/08\/einstein_2-366x550.jpg 366w, https:\/\/www.salzburgerland.com\/de\/magazin\/wp-content\/uploads\/2013\/08\/einstein_2-266x400.jpg 266w\" \/><img decoding=\"async\" alt=\"Gem\u00fctliches Holzschlafzimmer mit schr\u00e4ger Decke, sanfter Beleuchtung, Bett und Kissen an einer rustikalen Holzwand.\" src=\"https:\/\/www.salzburgerland.com\/de\/magazin\/wp-content\/uploads\/2013\/08\/einstein_2.jpg\" \/>\t<\/picture><\/a><\/figure><\/div><div class=\"col-6 col-sm-4\"><figure><a class=\"thumb-container\" href=\"https:\/\/www.salzburgerland.com\/de\/magazin\/wp-content\/uploads\/2013\/08\/Dorf-innen-2-1280x1024.jpg\">\t<picture><source media=\"(min-width: 576px)\" srcset=\"https:\/\/www.salzburgerland.com\/de\/magazin\/wp-content\/uploads\/2013\/08\/Dorf-innen-2-325x209.jpg 325w, https:\/\/www.salzburgerland.com\/de\/magazin\/wp-content\/uploads\/2013\/08\/Dorf-innen-2-249x160.jpg 249w\" \/><source media=\"(min-width: 0)\" srcset=\"https:\/\/www.salzburgerland.com\/de\/magazin\/wp-content\/uploads\/2013\/08\/Dorf-innen-2-249x160.jpg 249w, https:\/\/www.salzburgerland.com\/de\/magazin\/wp-content\/uploads\/2013\/08\/Dorf-innen-2-325x209.jpg 325w\" \/><img decoding=\"async\" alt=\"Almh\u00fctten mit Holzfassade, Schotterplatz und Bergblick unter blauem Himmel.\" src=\"https:\/\/www.salzburgerland.com\/de\/magazin\/wp-content\/uploads\/2013\/08\/Dorf-innen-2.jpg\" \/>\t<\/picture><\/a><\/figure><\/div><div class=\"col-6 col-sm-4\"><figure><a class=\"thumb-container\" href=\"https:\/\/www.salzburgerland.com\/de\/magazin\/wp-content\/uploads\/2013\/08\/Deko6-1280x1024.jpg\">\t<picture><source media=\"(min-width: 576px)\" srcset=\"https:\/\/www.salzburgerland.com\/de\/magazin\/wp-content\/uploads\/2013\/08\/Deko6-325x209.jpg 325w, https:\/\/www.salzburgerland.com\/de\/magazin\/wp-content\/uploads\/2013\/08\/Deko6-249x160.jpg 249w\" \/><source media=\"(min-width: 0)\" srcset=\"https:\/\/www.salzburgerland.com\/de\/magazin\/wp-content\/uploads\/2013\/08\/Deko6-249x160.jpg 249w, https:\/\/www.salzburgerland.com\/de\/magazin\/wp-content\/uploads\/2013\/08\/Deko6-325x209.jpg 325w\" \/><img decoding=\"async\" alt=\"Ein roter herzf\u00f6rmiger Kranz h\u00e4ngt an einem Geweih, das an einer rustikalen Holzwand befestigt ist.\" src=\"https:\/\/www.salzburgerland.com\/de\/magazin\/wp-content\/uploads\/2013\/08\/Deko6.jpg\" \/>\t<\/picture><\/a><\/figure><\/div><div class=\"col-6 col-sm-4\"><figure><a class=\"thumb-container\" href=\"https:\/\/www.salzburgerland.com\/de\/magazin\/wp-content\/uploads\/2013\/08\/Deko-1280x1024.jpg\">\t<picture><source media=\"(min-width: 576px)\" srcset=\"https:\/\/www.salzburgerland.com\/de\/magazin\/wp-content\/uploads\/2013\/08\/Deko-325x209.jpg 325w, https:\/\/www.salzburgerland.com\/de\/magazin\/wp-content\/uploads\/2013\/08\/Deko-249x160.jpg 249w\" \/><source media=\"(min-width: 0)\" srcset=\"https:\/\/www.salzburgerland.com\/de\/magazin\/wp-content\/uploads\/2013\/08\/Deko-249x160.jpg 249w, https:\/\/www.salzburgerland.com\/de\/magazin\/wp-content\/uploads\/2013\/08\/Deko-325x209.jpg 325w\" \/><img decoding=\"async\" alt=\"Drei Milchk\u00e4nnchen aus Metall stehen auf einem Holzschrank mit Glast\u00fcren.\" src=\"https:\/\/www.salzburgerland.com\/de\/magazin\/wp-content\/uploads\/2013\/08\/Deko.jpg\" \/>\t<\/picture><\/a><\/figure><\/div><div class=\"col-6 col-sm-4\"><figure><a class=\"thumb-container\" href=\"https:\/\/www.salzburgerland.com\/de\/magazin\/wp-content\/uploads\/2013\/08\/Deko-Schlafen-1280x1024.jpg\">\t<picture><source media=\"(min-width: 576px)\" srcset=\"\" \/><source media=\"(min-width: 0)\" srcset=\"https:\/\/www.salzburgerland.com\/de\/magazin\/wp-content\/uploads\/2013\/08\/Deko-Schlafen.jpg 1200w, https:\/\/www.salzburgerland.com\/de\/magazin\/wp-content\/uploads\/2013\/08\/Deko-Schlafen-200x300.jpg 200w, https:\/\/www.salzburgerland.com\/de\/magazin\/wp-content\/uploads\/2013\/08\/Deko-Schlafen-367x550.jpg 367w, https:\/\/www.salzburgerland.com\/de\/magazin\/wp-content\/uploads\/2013\/08\/Deko-Schlafen-267x400.jpg 267w\" \/><img decoding=\"async\" alt=\"Nahaufnahme einer rustikalen Holzwand neben einem Bett mit Kissen und einer schwarzen Wandlampe.\" src=\"https:\/\/www.salzburgerland.com\/de\/magazin\/wp-content\/uploads\/2013\/08\/Deko-Schlafen.jpg\" \/>\t<\/picture><\/a><\/figure><\/div><div class=\"col-6 col-sm-4\"><figure><a class=\"thumb-container\" href=\"https:\/\/www.salzburgerland.com\/de\/magazin\/wp-content\/uploads\/2013\/08\/Chalet-innen2-1280x1024.jpg\">\t<picture><source media=\"(min-width: 576px)\" srcset=\"https:\/\/www.salzburgerland.com\/de\/magazin\/wp-content\/uploads\/2013\/08\/Chalet-innen2-325x209.jpg 325w, https:\/\/www.salzburgerland.com\/de\/magazin\/wp-content\/uploads\/2013\/08\/Chalet-innen2-249x160.jpg 249w\" \/><source media=\"(min-width: 0)\" srcset=\"https:\/\/www.salzburgerland.com\/de\/magazin\/wp-content\/uploads\/2013\/08\/Chalet-innen2-249x160.jpg 249w, https:\/\/www.salzburgerland.com\/de\/magazin\/wp-content\/uploads\/2013\/08\/Chalet-innen2-325x209.jpg 325w\" \/><img decoding=\"async\" alt=\"Gem\u00fctliche Holzh\u00fctte mit roter K\u00fcche, einem Kachelofen, karierten Kissen und einem bunten Teppich auf dem Holzboden.\" src=\"https:\/\/www.salzburgerland.com\/de\/magazin\/wp-content\/uploads\/2013\/08\/Chalet-innen2.jpg\" \/>\t<\/picture><\/a><\/figure><\/div><div class=\"col-6 col-sm-4\"><figure><a class=\"thumb-container\" href=\"https:\/\/www.salzburgerland.com\/de\/magazin\/wp-content\/uploads\/2013\/08\/BioNatursee_1-1280x1024.jpg\">\t<picture><source media=\"(min-width: 576px)\" srcset=\"https:\/\/www.salzburgerland.com\/de\/magazin\/wp-content\/uploads\/2013\/08\/BioNatursee_1-325x209.jpg 325w, https:\/\/www.salzburgerland.com\/de\/magazin\/wp-content\/uploads\/2013\/08\/BioNatursee_1-249x160.jpg 249w\" \/><source media=\"(min-width: 0)\" srcset=\"https:\/\/www.salzburgerland.com\/de\/magazin\/wp-content\/uploads\/2013\/08\/BioNatursee_1-249x160.jpg 249w, https:\/\/www.salzburgerland.com\/de\/magazin\/wp-content\/uploads\/2013\/08\/BioNatursee_1-325x209.jpg 325w\" \/><img decoding=\"async\" alt=\"Menschen schwimmen und entspannen an einem Teich mit Bergen und gr\u00fcnen H\u00fcgeln im Hintergrund unter einem klaren blauen Himmel.\" src=\"https:\/\/www.salzburgerland.com\/de\/magazin\/wp-content\/uploads\/2013\/08\/BioNatursee_1.jpg\" \/>\t<\/picture><\/a><\/figure><\/div><div class=\"col-6 col-sm-4\"><figure><a class=\"thumb-container\" href=\"https:\/\/www.salzburgerland.com\/de\/magazin\/wp-content\/uploads\/2013\/08\/Bio-Krautergarten-2-1280x1024.jpg\">\t<picture><source media=\"(min-width: 576px)\" srcset=\"https:\/\/www.salzburgerland.com\/de\/magazin\/wp-content\/uploads\/2013\/08\/Bio-Krautergarten-2-325x209.jpg 325w, https:\/\/www.salzburgerland.com\/de\/magazin\/wp-content\/uploads\/2013\/08\/Bio-Krautergarten-2-249x160.jpg 249w\" \/><source media=\"(min-width: 0)\" srcset=\"https:\/\/www.salzburgerland.com\/de\/magazin\/wp-content\/uploads\/2013\/08\/Bio-Krautergarten-2-249x160.jpg 249w, https:\/\/www.salzburgerland.com\/de\/magazin\/wp-content\/uploads\/2013\/08\/Bio-Krautergarten-2-325x209.jpg 325w\" \/><img decoding=\"async\" alt=\"Holzh\u00e4uschen auf einem grasbewachsenen H\u00fcgel mit einem kleinen eingez\u00e4unten Gem\u00fcsegarten und blauem Himmel dar\u00fcber.\" src=\"https:\/\/www.salzburgerland.com\/de\/magazin\/wp-content\/uploads\/2013\/08\/Bio-Krautergarten-2.jpg\" \/>\t<\/picture><\/a><\/figure><\/div><div class=\"col-6 col-sm-4\"><figure><a class=\"thumb-container\" href=\"https:\/\/www.salzburgerland.com\/de\/magazin\/wp-content\/uploads\/2013\/08\/4-Stein-1280x1024.jpg\">\t<picture><source media=\"(min-width: 576px)\" srcset=\"https:\/\/www.salzburgerland.com\/de\/magazin\/wp-content\/uploads\/2013\/08\/4-Stein-325x209.jpg 325w, https:\/\/www.salzburgerland.com\/de\/magazin\/wp-content\/uploads\/2013\/08\/4-Stein-249x160.jpg 249w\" \/><source media=\"(min-width: 0)\" srcset=\"https:\/\/www.salzburgerland.com\/de\/magazin\/wp-content\/uploads\/2013\/08\/4-Stein-249x160.jpg 249w, https:\/\/www.salzburgerland.com\/de\/magazin\/wp-content\/uploads\/2013\/08\/4-Stein-325x209.jpg 325w\" \/><img decoding=\"async\" alt=\"Ein Holzchalet mit Balkon und schneebedecktem Dach an einem sonnigen Wintertag.\" src=\"https:\/\/www.salzburgerland.com\/de\/magazin\/wp-content\/uploads\/2013\/08\/4-Stein.jpg\" \/>\t<\/picture><\/a><\/figure><\/div><div class=\"col-6 col-sm-4\"><figure><a class=\"thumb-container\" href=\"https:\/\/www.salzburgerland.com\/de\/magazin\/wp-content\/uploads\/2013\/08\/2-Stein-1280x1024.jpg\">\t<picture><source media=\"(min-width: 576px)\" srcset=\"https:\/\/www.salzburgerland.com\/de\/magazin\/wp-content\/uploads\/2013\/08\/2-Stein-325x209.jpg 325w, https:\/\/www.salzburgerland.com\/de\/magazin\/wp-content\/uploads\/2013\/08\/2-Stein-249x160.jpg 249w\" \/><source media=\"(min-width: 0)\" srcset=\"https:\/\/www.salzburgerland.com\/de\/magazin\/wp-content\/uploads\/2013\/08\/2-Stein-249x160.jpg 249w, https:\/\/www.salzburgerland.com\/de\/magazin\/wp-content\/uploads\/2013\/08\/2-Stein-325x209.jpg 325w\" \/><img decoding=\"async\" alt=\"Eine Holzh\u00fctte mit Veranda steht an einem sonnigen Morgen neben einem gemauerten Weg.\" src=\"https:\/\/www.salzburgerland.com\/de\/magazin\/wp-content\/uploads\/2013\/08\/2-Stein.jpg\" \/>\t<\/picture><\/a><\/figure><\/div><div class=\"col-6 col-sm-4\"><figure><a class=\"thumb-container\" href=\"https:\/\/www.salzburgerland.com\/de\/magazin\/wp-content\/uploads\/2013\/08\/2-Stein-Premium-1280x1024.jpg\">\t<picture><source media=\"(min-width: 576px)\" srcset=\"https:\/\/www.salzburgerland.com\/de\/magazin\/wp-content\/uploads\/2013\/08\/2-Stein-Premium-325x209.jpg 325w, https:\/\/www.salzburgerland.com\/de\/magazin\/wp-content\/uploads\/2013\/08\/2-Stein-Premium-249x160.jpg 249w\" \/><source media=\"(min-width: 0)\" srcset=\"https:\/\/www.salzburgerland.com\/de\/magazin\/wp-content\/uploads\/2013\/08\/2-Stein-Premium-249x160.jpg 249w, https:\/\/www.salzburgerland.com\/de\/magazin\/wp-content\/uploads\/2013\/08\/2-Stein-Premium-325x209.jpg 325w\" \/><img decoding=\"async\" alt=\"Charmante Holzh\u00e4uschen mit Steinsockel auf einer \u00fcppig gr\u00fcnen Wiese, umgeben von Bergen und blauem Himmel.\" src=\"https:\/\/www.salzburgerland.com\/de\/magazin\/wp-content\/uploads\/2013\/08\/2-Stein-Premium.jpg\" \/>\t<\/picture><\/a><\/figure><\/div><\/div><\/div><figcaption><\/figcaption>\n<p>Fotocredit \u00a9 Embachhof Steinalmdorf<\/p>\n","protected":false},"excerpt":{"rendered":"<p>H\u00fcttenurlaub, das klingt nach einer kleinen urigen Holz-Almh\u00fctte, Schlafen im Schlafsack, heimeligem Kerzenlicht, k\u00fchlen N\u00e4chten und einer morgendlichen Katzenw\u00e4sche mit eiskaltem Brunnenwasser. Dass ein H\u00fcttenurlaub auch wesentlich komfortabler sein kann, das beweist Familie Madreiter mit ihrem Puradies Embachhof\u00a0in Leogang. Ob verliebte P\u00e4rchen, Freunde oder Familien mit Kindern, sie alle finden im Almdorf genau die Almh\u00fctte, [&hellip;]<\/p>\n","protected":false},"author":12,"featured_media":40491,"comment_status":"open","ping_status":"open","sticky":false,"template":"","format":"standard","meta":{"_acf_changed":false,"wl_entities_gutenberg":"","_wl_entity_redirect_enabled":"","footnotes":""},"categories":[5],"tags":[],"wl_entity_type":[306],"monatsauswahl":[82,83,84,85,86,87,88,89,90,91,92,93],"class_list":["post-40487","post","type-post","status-publish","format-standard","has-post-thumbnail","hentry","category-hotel-reise","wl_entity_type-article","monatsauswahl-monat_1","monatsauswahl-monat_2","monatsauswahl-monat_3","monatsauswahl-monat_4","monatsauswahl-monat_5","monatsauswahl-monat_6","monatsauswahl-monat_7","monatsauswahl-monat_8","monatsauswahl-monat_9","monatsauswahl-monat_10","monatsauswahl-monat_11","monatsauswahl-monat_12"],"acf":[],"yoast_head":"<!-- This site is optimized with the Yoast SEO Premium plugin v27.4 (Yoast SEO v27.4) - https:\/\/yoast.com\/product\/yoast-seo-premium-wordpress\/ -->\n<title>Almh\u00fcttenurlaub mit 4-Sterne-Komfort - SalzburgerLand Magazin<\/title>\n<meta name=\"description\" content=\"H\u00fcttenurlaub, das klingt nach einer kleinen urigen Holz-Almh\u00fctte, Schlafen im Schlafsack, heimeligem Kerzenlicht, k\u00fchlen N\u00e4chten und einer morgendlichen Katzenw\u00e4sche mit eiskaltem Brunnenwasser. Dass ein H\u00fcttenurlaub auch wesentlich komfortabler sein kann, das beweist Familie Madreiter mit ihrem Puradies Embachhof\u00a0in Leogang. Ob verliebte P\u00e4rchen, Freunde oder Familien mit Kindern, sie alle finden im Almdorf genau die Almh\u00fctte, [&hellip;]\" \/>\n<meta name=\"robots\" content=\"index, follow, max-snippet:-1, max-image-preview:large, max-video-preview:-1\" \/>\n<link rel=\"canonical\" href=\"https:\/\/www.salzburgerland.com\/de\/magazin\/almhuttenurlaub-mit-4-sterne-komfort\/\" \/>\n<meta property=\"og:locale\" content=\"de_DE\" \/>\n<meta property=\"og:type\" content=\"article\" \/>\n<meta property=\"og:title\" content=\"Almh\u00fcttenurlaub mit 4-Sterne-Komfort\" \/>\n<meta property=\"og:description\" content=\"H\u00fcttenurlaub, das klingt nach einer kleinen urigen Holz-Almh\u00fctte, Schlafen im Schlafsack, heimeligem Kerzenlicht, k\u00fchlen N\u00e4chten und einer morgendlichen Katzenw\u00e4sche mit eiskaltem Brunnenwasser. Dass ein H\u00fcttenurlaub auch wesentlich komfortabler sein kann, das beweist Familie Madreiter mit ihrem Puradies Embachhof\u00a0in Leogang. Ob verliebte P\u00e4rchen, Freunde oder Familien mit Kindern, sie alle finden im Almdorf genau die Almh\u00fctte, [&hellip;]\" \/>\n<meta property=\"og:url\" content=\"https:\/\/www.salzburgerland.com\/de\/magazin\/almhuttenurlaub-mit-4-sterne-komfort\/\" \/>\n<meta property=\"og:site_name\" content=\"SalzburgerLand Magazin\" \/>\n<meta property=\"article:publisher\" content=\"https:\/\/www.facebook.com\/salzburgerland\/\" \/>\n<meta property=\"article:published_time\" content=\"2013-08-19T09:32:35+00:00\" \/>\n<meta property=\"article:modified_time\" content=\"2023-08-30T09:20:32+00:00\" \/>\n<meta property=\"og:image\" content=\"https:\/\/www.salzburgerland.com\/de\/magazin\/wp-content\/uploads\/2013\/08\/Bio-Krautergarten-2.jpg\" \/>\n\t<meta property=\"og:image:width\" content=\"1200\" \/>\n\t<meta property=\"og:image:height\" content=\"800\" \/>\n\t<meta property=\"og:image:type\" content=\"image\/jpeg\" \/>\n<meta name=\"author\" content=\"Daniela J\u00e4ger\" \/>\n<meta name=\"twitter:card\" content=\"summary_large_image\" \/>\n<meta name=\"twitter:creator\" content=\"@Salzburgerland\" \/>\n<meta name=\"twitter:site\" content=\"@Salzburgerland\" \/>\n<meta name=\"twitter:label1\" content=\"Verfasst von\" \/>\n\t<meta name=\"twitter:data1\" content=\"Daniela J\u00e4ger\" \/>\n\t<meta name=\"twitter:label2\" content=\"Gesch\u00e4tzte Lesezeit\" \/>\n\t<meta name=\"twitter:data2\" content=\"2\u00a0Minuten\" \/>\n<script type=\"application\/ld+json\" class=\"yoast-schema-graph\">{\"@context\":\"https:\\\/\\\/schema.org\",\"@graph\":[{\"@type\":\"Article\",\"@id\":\"https:\\\/\\\/www.salzburgerland.com\\\/de\\\/magazin\\\/almhuttenurlaub-mit-4-sterne-komfort\\\/#article\",\"isPartOf\":{\"@id\":\"https:\\\/\\\/www.salzburgerland.com\\\/de\\\/magazin\\\/almhuttenurlaub-mit-4-sterne-komfort\\\/\"},\"author\":{\"name\":\"Daniela J\u00e4ger\",\"@id\":\"https:\\\/\\\/www.salzburgerland.com\\\/de\\\/magazin\\\/#\\\/schema\\\/person\\\/436a159c3d355745bb9190e3e7f6d897\"},\"headline\":\"Almh\u00fcttenurlaub mit 4-Sterne-Komfort\",\"datePublished\":\"2013-08-19T09:32:35+00:00\",\"dateModified\":\"2023-08-30T09:20:32+00:00\",\"mainEntityOfPage\":{\"@id\":\"https:\\\/\\\/www.salzburgerland.com\\\/de\\\/magazin\\\/almhuttenurlaub-mit-4-sterne-komfort\\\/\"},\"wordCount\":402,\"commentCount\":0,\"publisher\":{\"@id\":\"https:\\\/\\\/www.salzburgerland.com\\\/de\\\/magazin\\\/#organization\"},\"image\":{\"@id\":\"https:\\\/\\\/www.salzburgerland.com\\\/de\\\/magazin\\\/almhuttenurlaub-mit-4-sterne-komfort\\\/#primaryimage\"},\"thumbnailUrl\":\"https:\\\/\\\/www.salzburgerland.com\\\/de\\\/magazin\\\/wp-content\\\/uploads\\\/2013\\\/08\\\/Bio-Krautergarten-2.jpg\",\"articleSection\":[\"Hotel &amp; Reise\"],\"inLanguage\":\"de\",\"potentialAction\":[{\"@type\":\"CommentAction\",\"name\":\"Comment\",\"target\":[\"https:\\\/\\\/www.salzburgerland.com\\\/de\\\/magazin\\\/almhuttenurlaub-mit-4-sterne-komfort\\\/#respond\"]}]},{\"@type\":\"WebPage\",\"@id\":\"https:\\\/\\\/www.salzburgerland.com\\\/de\\\/magazin\\\/almhuttenurlaub-mit-4-sterne-komfort\\\/\",\"url\":\"https:\\\/\\\/www.salzburgerland.com\\\/de\\\/magazin\\\/almhuttenurlaub-mit-4-sterne-komfort\\\/\",\"name\":\"Almh\u00fcttenurlaub mit 4-Sterne-Komfort - SalzburgerLand Magazin\",\"isPartOf\":{\"@id\":\"https:\\\/\\\/www.salzburgerland.com\\\/de\\\/magazin\\\/#website\"},\"primaryImageOfPage\":{\"@id\":\"https:\\\/\\\/www.salzburgerland.com\\\/de\\\/magazin\\\/almhuttenurlaub-mit-4-sterne-komfort\\\/#primaryimage\"},\"image\":{\"@id\":\"https:\\\/\\\/www.salzburgerland.com\\\/de\\\/magazin\\\/almhuttenurlaub-mit-4-sterne-komfort\\\/#primaryimage\"},\"thumbnailUrl\":\"https:\\\/\\\/www.salzburgerland.com\\\/de\\\/magazin\\\/wp-content\\\/uploads\\\/2013\\\/08\\\/Bio-Krautergarten-2.jpg\",\"datePublished\":\"2013-08-19T09:32:35+00:00\",\"dateModified\":\"2023-08-30T09:20:32+00:00\",\"breadcrumb\":{\"@id\":\"https:\\\/\\\/www.salzburgerland.com\\\/de\\\/magazin\\\/almhuttenurlaub-mit-4-sterne-komfort\\\/#breadcrumb\"},\"inLanguage\":\"de\",\"potentialAction\":[{\"@type\":\"ReadAction\",\"target\":[\"https:\\\/\\\/www.salzburgerland.com\\\/de\\\/magazin\\\/almhuttenurlaub-mit-4-sterne-komfort\\\/\"]}]},{\"@type\":\"ImageObject\",\"inLanguage\":\"de\",\"@id\":\"https:\\\/\\\/www.salzburgerland.com\\\/de\\\/magazin\\\/almhuttenurlaub-mit-4-sterne-komfort\\\/#primaryimage\",\"url\":\"https:\\\/\\\/www.salzburgerland.com\\\/de\\\/magazin\\\/wp-content\\\/uploads\\\/2013\\\/08\\\/Bio-Krautergarten-2.jpg\",\"contentUrl\":\"https:\\\/\\\/www.salzburgerland.com\\\/de\\\/magazin\\\/wp-content\\\/uploads\\\/2013\\\/08\\\/Bio-Krautergarten-2.jpg\",\"width\":1200,\"height\":800,\"caption\":\"Bio-Kr\u00e4utergarten zur freien Entnahme\"},{\"@type\":\"BreadcrumbList\",\"@id\":\"https:\\\/\\\/www.salzburgerland.com\\\/de\\\/magazin\\\/almhuttenurlaub-mit-4-sterne-komfort\\\/#breadcrumb\",\"itemListElement\":[{\"@type\":\"ListItem\",\"position\":1,\"name\":\"Startseite\",\"item\":\"https:\\\/\\\/www.salzburgerland.com\\\/de\\\/magazin\\\/\"},{\"@type\":\"ListItem\",\"position\":2,\"name\":\"Hotel &amp; Reise\",\"item\":\"https:\\\/\\\/www.salzburgerland.com\\\/de\\\/magazin\\\/thema\\\/hotel-reise\\\/\"},{\"@type\":\"ListItem\",\"position\":3,\"name\":\"Almh\u00fcttenurlaub mit 4-Sterne-Komfort\"}]},{\"@type\":\"WebSite\",\"@id\":\"https:\\\/\\\/www.salzburgerland.com\\\/de\\\/magazin\\\/#website\",\"url\":\"https:\\\/\\\/www.salzburgerland.com\\\/de\\\/magazin\\\/\",\"name\":\"SalzburgerLand Magazin\",\"description\":\"Geschichten und Interessantes aus dem SalzburgerLand\",\"publisher\":{\"@id\":\"https:\\\/\\\/www.salzburgerland.com\\\/de\\\/magazin\\\/#organization\"},\"potentialAction\":[{\"@type\":\"SearchAction\",\"target\":{\"@type\":\"EntryPoint\",\"urlTemplate\":\"https:\\\/\\\/www.salzburgerland.com\\\/de\\\/magazin\\\/?s={search_term_string}\"},\"query-input\":{\"@type\":\"PropertyValueSpecification\",\"valueRequired\":true,\"valueName\":\"search_term_string\"}}],\"inLanguage\":\"de\"},{\"@type\":\"Organization\",\"@id\":\"https:\\\/\\\/www.salzburgerland.com\\\/de\\\/magazin\\\/#organization\",\"name\":\"SalzburgerLand Tourismus\",\"url\":\"https:\\\/\\\/www.salzburgerland.com\\\/de\\\/magazin\\\/\",\"logo\":{\"@type\":\"ImageObject\",\"inLanguage\":\"de\",\"@id\":\"https:\\\/\\\/www.salzburgerland.com\\\/de\\\/magazin\\\/#\\\/schema\\\/logo\\\/image\\\/\",\"url\":\"https:\\\/\\\/www.salzburgerland.com\\\/de\\\/magazin\\\/wp-content\\\/uploads\\\/2019\\\/06\\\/salzburgerland-logo1.jpg\",\"contentUrl\":\"https:\\\/\\\/www.salzburgerland.com\\\/de\\\/magazin\\\/wp-content\\\/uploads\\\/2019\\\/06\\\/salzburgerland-logo1.jpg\",\"width\":2011,\"height\":866,\"caption\":\"SalzburgerLand Tourismus\"},\"image\":{\"@id\":\"https:\\\/\\\/www.salzburgerland.com\\\/de\\\/magazin\\\/#\\\/schema\\\/logo\\\/image\\\/\"},\"sameAs\":[\"https:\\\/\\\/www.facebook.com\\\/salzburgerland\\\/\",\"https:\\\/\\\/x.com\\\/Salzburgerland\",\"https:\\\/\\\/www.instagram.com\\\/salzburgerland\\\/\",\"https:\\\/\\\/at.linkedin.com\\\/company\\\/salzburgerland-tourismus-gmbh\",\"https:\\\/\\\/www.pinterest.at\\\/salzburgerland\\\/\",\"https:\\\/\\\/www.youtube.com\\\/user\\\/salzburgerland\",\"https:\\\/\\\/de.wikipedia.org\\\/wiki\\\/SalzburgerLand_Tourismus_GmbH\"]},{\"@type\":\"Person\",\"@id\":\"https:\\\/\\\/www.salzburgerland.com\\\/de\\\/magazin\\\/#\\\/schema\\\/person\\\/436a159c3d355745bb9190e3e7f6d897\",\"name\":\"Daniela J\u00e4ger\",\"description\":\"Salzburg Stadt, SalzburgLand, Bad Ischl, Krems, St. P\u00f6lten, M\u00fcnchen, Wien und wieder retour. Daniela J\u00e4ger hat w\u00e4hrend ihrer Ausbildung und ersten Berufserfahrungen relativ wenig von der Welt, daf\u00fcr viel von \u00d6sterreich gesehen und wei\u00df - zu Hause im SalzburgerLand ist es doch am sch\u00f6nsten. Zur\u00fcckgekommen, um zu bleiben lautet also das Motto. Im M\u00e4rz 2009 in der Stadt Salzburg mit einer Marketing- und PR-Agentur selbstst\u00e4ndig gemacht hatte Daniela J\u00e4ger von Beginn an das Gl\u00fcck, der Heimat, der Tradition &amp; der Innovation verbundene Unternehmen ihre Kunden nennen zu d\u00fcrfen. In der Freizeit nutzt sie jede Gelegenheit, einen Berg zu erobern oder an einem der umliegenden Seen die Seele baumeln zu lassen und die Sch\u00f6nheit der Salzburger Natur zu jeder Jahreszeit voll und ganz auszukosten. Fragen mit Antworten von Daniela J\u00e4ger Fr\u00fchling, Sommer, Herbst oder Winter? Das wirklich Besondere bei uns sind die Jahreszeiten. Der Fr\u00fchling mit seinem Erwachen, der Sommer mit seiner Energie, der Herbst mit seiner Sinnlichkeit und der Winter mit seiner Ruhe - ich liebe sie alle! Luxushotel oder Almh\u00fctte? Da sag ich ganz klar zu keinem von beiden Nein. Jede dieser \\\"Herbergen\\\" haben ihren ganz besonderen Reiz und je nach Sehnsucht wird dort wie da entspannt und jeder auch noch so kurze Besuch wird zu Urlaubsfeeling pur. Gummistiefel oder Highheels? Bei meiner R\u00fcckkehr nach Salzburg waren auch meine Gummistiefel - nicht diese modischen Modestieferl, sondern die echten - mit im Gep\u00e4ck. Klar, im Salzburger Schn\u00fcrlregen habe ich nun endlich Grund, sie dauerzutragen. Aber auch mit atemberaubenden Highheels d\u00fcrfen meine F\u00fc\u00dfe ab und an au\u00dfer Haus. Kr\u00e4utertee oder Zirbenschnaps? Ein Zirberl in Ehren kann dieJ\u00e4gerin niemals verwehren - aber selbstverst\u00e4ndlich nur die, die auf legalem Weg kredenzt werden, denn der Zirbenzapfen steht unter Naturschutz. Doch auch ein guter Bio-Kr\u00e4utertee hat es etwas Magisches und tut unglaublich gut. Alpinski, Offpist oder Skitour? Alles was mit zwei Brettern unter den F\u00fc\u00dfen zu tun hat wird gemacht. Au\u00dfer im Sommer. Da tausche ich die Wasserski lieber gegen das Wakeboard. Einer der gro\u00dfen Vorteile am Leben im SalzburgerLand ist die N\u00e4he zu unz\u00e4hligen Skigebieten. Da kann man auch unter der Woche nach dem B\u00fcro die Tourenski anschnallen und noch schnell den D\u00fcrrnberg oder das Zw\u00f6lferhorn bezwingen. Und am Wochenende geht es dann zum Powdern und Carven in eines der gr\u00f6\u00dferen umliegenden Skigebiete.\",\"url\":\"https:\\\/\\\/www.salzburgerland.com\\\/de\\\/magazin\\\/author\\\/daniela-jaeger\\\/\"}]}<\/script>\n<!-- \/ Yoast SEO Premium plugin. -->","yoast_head_json":{"title":"Almh\u00fcttenurlaub mit 4-Sterne-Komfort - SalzburgerLand Magazin","description":"H\u00fcttenurlaub, das klingt nach einer kleinen urigen Holz-Almh\u00fctte, Schlafen im Schlafsack, heimeligem Kerzenlicht, k\u00fchlen N\u00e4chten und einer morgendlichen Katzenw\u00e4sche mit eiskaltem Brunnenwasser. Dass ein H\u00fcttenurlaub auch wesentlich komfortabler sein kann, das beweist Familie Madreiter mit ihrem Puradies Embachhof\u00a0in Leogang. Ob verliebte P\u00e4rchen, Freunde oder Familien mit Kindern, sie alle finden im Almdorf genau die Almh\u00fctte, [&hellip;]","robots":{"index":"index","follow":"follow","max-snippet":"max-snippet:-1","max-image-preview":"max-image-preview:large","max-video-preview":"max-video-preview:-1"},"canonical":"https:\/\/www.salzburgerland.com\/de\/magazin\/almhuttenurlaub-mit-4-sterne-komfort\/","og_locale":"de_DE","og_type":"article","og_title":"Almh\u00fcttenurlaub mit 4-Sterne-Komfort","og_description":"H\u00fcttenurlaub, das klingt nach einer kleinen urigen Holz-Almh\u00fctte, Schlafen im Schlafsack, heimeligem Kerzenlicht, k\u00fchlen N\u00e4chten und einer morgendlichen Katzenw\u00e4sche mit eiskaltem Brunnenwasser. Dass ein H\u00fcttenurlaub auch wesentlich komfortabler sein kann, das beweist Familie Madreiter mit ihrem Puradies Embachhof\u00a0in Leogang. Ob verliebte P\u00e4rchen, Freunde oder Familien mit Kindern, sie alle finden im Almdorf genau die Almh\u00fctte, [&hellip;]","og_url":"https:\/\/www.salzburgerland.com\/de\/magazin\/almhuttenurlaub-mit-4-sterne-komfort\/","og_site_name":"SalzburgerLand Magazin","article_publisher":"https:\/\/www.facebook.com\/salzburgerland\/","article_published_time":"2013-08-19T09:32:35+00:00","article_modified_time":"2023-08-30T09:20:32+00:00","og_image":[{"width":1200,"height":800,"url":"https:\/\/www.salzburgerland.com\/de\/magazin\/wp-content\/uploads\/2013\/08\/Bio-Krautergarten-2.jpg","type":"image\/jpeg"}],"author":"Daniela J\u00e4ger","twitter_card":"summary_large_image","twitter_creator":"@Salzburgerland","twitter_site":"@Salzburgerland","twitter_misc":{"Verfasst von":"Daniela J\u00e4ger","Gesch\u00e4tzte Lesezeit":"2\u00a0Minuten"},"schema":{"@context":"https:\/\/schema.org","@graph":[{"@type":"Article","@id":"https:\/\/www.salzburgerland.com\/de\/magazin\/almhuttenurlaub-mit-4-sterne-komfort\/#article","isPartOf":{"@id":"https:\/\/www.salzburgerland.com\/de\/magazin\/almhuttenurlaub-mit-4-sterne-komfort\/"},"author":{"name":"Daniela J\u00e4ger","@id":"https:\/\/www.salzburgerland.com\/de\/magazin\/#\/schema\/person\/436a159c3d355745bb9190e3e7f6d897"},"headline":"Almh\u00fcttenurlaub mit 4-Sterne-Komfort","datePublished":"2013-08-19T09:32:35+00:00","dateModified":"2023-08-30T09:20:32+00:00","mainEntityOfPage":{"@id":"https:\/\/www.salzburgerland.com\/de\/magazin\/almhuttenurlaub-mit-4-sterne-komfort\/"},"wordCount":402,"commentCount":0,"publisher":{"@id":"https:\/\/www.salzburgerland.com\/de\/magazin\/#organization"},"image":{"@id":"https:\/\/www.salzburgerland.com\/de\/magazin\/almhuttenurlaub-mit-4-sterne-komfort\/#primaryimage"},"thumbnailUrl":"https:\/\/www.salzburgerland.com\/de\/magazin\/wp-content\/uploads\/2013\/08\/Bio-Krautergarten-2.jpg","articleSection":["Hotel &amp; Reise"],"inLanguage":"de","potentialAction":[{"@type":"CommentAction","name":"Comment","target":["https:\/\/www.salzburgerland.com\/de\/magazin\/almhuttenurlaub-mit-4-sterne-komfort\/#respond"]}]},{"@type":"WebPage","@id":"https:\/\/www.salzburgerland.com\/de\/magazin\/almhuttenurlaub-mit-4-sterne-komfort\/","url":"https:\/\/www.salzburgerland.com\/de\/magazin\/almhuttenurlaub-mit-4-sterne-komfort\/","name":"Almh\u00fcttenurlaub mit 4-Sterne-Komfort - SalzburgerLand Magazin","isPartOf":{"@id":"https:\/\/www.salzburgerland.com\/de\/magazin\/#website"},"primaryImageOfPage":{"@id":"https:\/\/www.salzburgerland.com\/de\/magazin\/almhuttenurlaub-mit-4-sterne-komfort\/#primaryimage"},"image":{"@id":"https:\/\/www.salzburgerland.com\/de\/magazin\/almhuttenurlaub-mit-4-sterne-komfort\/#primaryimage"},"thumbnailUrl":"https:\/\/www.salzburgerland.com\/de\/magazin\/wp-content\/uploads\/2013\/08\/Bio-Krautergarten-2.jpg","datePublished":"2013-08-19T09:32:35+00:00","dateModified":"2023-08-30T09:20:32+00:00","breadcrumb":{"@id":"https:\/\/www.salzburgerland.com\/de\/magazin\/almhuttenurlaub-mit-4-sterne-komfort\/#breadcrumb"},"inLanguage":"de","potentialAction":[{"@type":"ReadAction","target":["https:\/\/www.salzburgerland.com\/de\/magazin\/almhuttenurlaub-mit-4-sterne-komfort\/"]}]},{"@type":"ImageObject","inLanguage":"de","@id":"https:\/\/www.salzburgerland.com\/de\/magazin\/almhuttenurlaub-mit-4-sterne-komfort\/#primaryimage","url":"https:\/\/www.salzburgerland.com\/de\/magazin\/wp-content\/uploads\/2013\/08\/Bio-Krautergarten-2.jpg","contentUrl":"https:\/\/www.salzburgerland.com\/de\/magazin\/wp-content\/uploads\/2013\/08\/Bio-Krautergarten-2.jpg","width":1200,"height":800,"caption":"Bio-Kr\u00e4utergarten zur freien Entnahme"},{"@type":"BreadcrumbList","@id":"https:\/\/www.salzburgerland.com\/de\/magazin\/almhuttenurlaub-mit-4-sterne-komfort\/#breadcrumb","itemListElement":[{"@type":"ListItem","position":1,"name":"Startseite","item":"https:\/\/www.salzburgerland.com\/de\/magazin\/"},{"@type":"ListItem","position":2,"name":"Hotel &amp; Reise","item":"https:\/\/www.salzburgerland.com\/de\/magazin\/thema\/hotel-reise\/"},{"@type":"ListItem","position":3,"name":"Almh\u00fcttenurlaub mit 4-Sterne-Komfort"}]},{"@type":"WebSite","@id":"https:\/\/www.salzburgerland.com\/de\/magazin\/#website","url":"https:\/\/www.salzburgerland.com\/de\/magazin\/","name":"SalzburgerLand Magazin","description":"Geschichten und Interessantes aus dem SalzburgerLand","publisher":{"@id":"https:\/\/www.salzburgerland.com\/de\/magazin\/#organization"},"potentialAction":[{"@type":"SearchAction","target":{"@type":"EntryPoint","urlTemplate":"https:\/\/www.salzburgerland.com\/de\/magazin\/?s={search_term_string}"},"query-input":{"@type":"PropertyValueSpecification","valueRequired":true,"valueName":"search_term_string"}}],"inLanguage":"de"},{"@type":"Organization","@id":"https:\/\/www.salzburgerland.com\/de\/magazin\/#organization","name":"SalzburgerLand Tourismus","url":"https:\/\/www.salzburgerland.com\/de\/magazin\/","logo":{"@type":"ImageObject","inLanguage":"de","@id":"https:\/\/www.salzburgerland.com\/de\/magazin\/#\/schema\/logo\/image\/","url":"https:\/\/www.salzburgerland.com\/de\/magazin\/wp-content\/uploads\/2019\/06\/salzburgerland-logo1.jpg","contentUrl":"https:\/\/www.salzburgerland.com\/de\/magazin\/wp-content\/uploads\/2019\/06\/salzburgerland-logo1.jpg","width":2011,"height":866,"caption":"SalzburgerLand Tourismus"},"image":{"@id":"https:\/\/www.salzburgerland.com\/de\/magazin\/#\/schema\/logo\/image\/"},"sameAs":["https:\/\/www.facebook.com\/salzburgerland\/","https:\/\/x.com\/Salzburgerland","https:\/\/www.instagram.com\/salzburgerland\/","https:\/\/at.linkedin.com\/company\/salzburgerland-tourismus-gmbh","https:\/\/www.pinterest.at\/salzburgerland\/","https:\/\/www.youtube.com\/user\/salzburgerland","https:\/\/de.wikipedia.org\/wiki\/SalzburgerLand_Tourismus_GmbH"]},{"@type":"Person","@id":"https:\/\/www.salzburgerland.com\/de\/magazin\/#\/schema\/person\/436a159c3d355745bb9190e3e7f6d897","name":"Daniela J\u00e4ger","description":"Salzburg Stadt, SalzburgLand, Bad Ischl, Krems, St. P\u00f6lten, M\u00fcnchen, Wien und wieder retour. Daniela J\u00e4ger hat w\u00e4hrend ihrer Ausbildung und ersten Berufserfahrungen relativ wenig von der Welt, daf\u00fcr viel von \u00d6sterreich gesehen und wei\u00df - zu Hause im SalzburgerLand ist es doch am sch\u00f6nsten. Zur\u00fcckgekommen, um zu bleiben lautet also das Motto. Im M\u00e4rz 2009 in der Stadt Salzburg mit einer Marketing- und PR-Agentur selbstst\u00e4ndig gemacht hatte Daniela J\u00e4ger von Beginn an das Gl\u00fcck, der Heimat, der Tradition &amp; der Innovation verbundene Unternehmen ihre Kunden nennen zu d\u00fcrfen. In der Freizeit nutzt sie jede Gelegenheit, einen Berg zu erobern oder an einem der umliegenden Seen die Seele baumeln zu lassen und die Sch\u00f6nheit der Salzburger Natur zu jeder Jahreszeit voll und ganz auszukosten. Fragen mit Antworten von Daniela J\u00e4ger Fr\u00fchling, Sommer, Herbst oder Winter? Das wirklich Besondere bei uns sind die Jahreszeiten. Der Fr\u00fchling mit seinem Erwachen, der Sommer mit seiner Energie, der Herbst mit seiner Sinnlichkeit und der Winter mit seiner Ruhe - ich liebe sie alle! Luxushotel oder Almh\u00fctte? Da sag ich ganz klar zu keinem von beiden Nein. Jede dieser \"Herbergen\" haben ihren ganz besonderen Reiz und je nach Sehnsucht wird dort wie da entspannt und jeder auch noch so kurze Besuch wird zu Urlaubsfeeling pur. Gummistiefel oder Highheels? Bei meiner R\u00fcckkehr nach Salzburg waren auch meine Gummistiefel - nicht diese modischen Modestieferl, sondern die echten - mit im Gep\u00e4ck. Klar, im Salzburger Schn\u00fcrlregen habe ich nun endlich Grund, sie dauerzutragen. Aber auch mit atemberaubenden Highheels d\u00fcrfen meine F\u00fc\u00dfe ab und an au\u00dfer Haus. Kr\u00e4utertee oder Zirbenschnaps? Ein Zirberl in Ehren kann dieJ\u00e4gerin niemals verwehren - aber selbstverst\u00e4ndlich nur die, die auf legalem Weg kredenzt werden, denn der Zirbenzapfen steht unter Naturschutz. Doch auch ein guter Bio-Kr\u00e4utertee hat es etwas Magisches und tut unglaublich gut. Alpinski, Offpist oder Skitour? Alles was mit zwei Brettern unter den F\u00fc\u00dfen zu tun hat wird gemacht. Au\u00dfer im Sommer. Da tausche ich die Wasserski lieber gegen das Wakeboard. Einer der gro\u00dfen Vorteile am Leben im SalzburgerLand ist die N\u00e4he zu unz\u00e4hligen Skigebieten. Da kann man auch unter der Woche nach dem B\u00fcro die Tourenski anschnallen und noch schnell den D\u00fcrrnberg oder das Zw\u00f6lferhorn bezwingen. Und am Wochenende geht es dann zum Powdern und Carven in eines der gr\u00f6\u00dferen umliegenden Skigebiete.","url":"https:\/\/www.salzburgerland.com\/de\/magazin\/author\/daniela-jaeger\/"}]}},"_wl_alt_label":[],"wl:entity_url":"http:\/\/open.salzburgerland.com\/magazin\/post\/almhuettenurlaub_mit_4-sterne-komfort","_links":{"self":[{"href":"https:\/\/www.salzburgerland.com\/de\/magazin\/wp-json\/wp\/v2\/posts\/40487","targetHints":{"allow":["GET"]}}],"collection":[{"href":"https:\/\/www.salzburgerland.com\/de\/magazin\/wp-json\/wp\/v2\/posts"}],"about":[{"href":"https:\/\/www.salzburgerland.com\/de\/magazin\/wp-json\/wp\/v2\/types\/post"}],"author":[{"embeddable":true,"href":"https:\/\/www.salzburgerland.com\/de\/magazin\/wp-json\/wp\/v2\/users\/12"}],"replies":[{"embeddable":true,"href":"https:\/\/www.salzburgerland.com\/de\/magazin\/wp-json\/wp\/v2\/comments?post=40487"}],"version-history":[{"count":1,"href":"https:\/\/www.salzburgerland.com\/de\/magazin\/wp-json\/wp\/v2\/posts\/40487\/revisions"}],"predecessor-version":[{"id":172819,"href":"https:\/\/www.salzburgerland.com\/de\/magazin\/wp-json\/wp\/v2\/posts\/40487\/revisions\/172819"}],"wp:featuredmedia":[{"embeddable":true,"href":"https:\/\/www.salzburgerland.com\/de\/magazin\/wp-json\/wp\/v2\/media\/40491"}],"wp:attachment":[{"href":"https:\/\/www.salzburgerland.com\/de\/magazin\/wp-json\/wp\/v2\/media?parent=40487"}],"wp:term":[{"taxonomy":"category","embeddable":true,"href":"https:\/\/www.salzburgerland.com\/de\/magazin\/wp-json\/wp\/v2\/categories?post=40487"},{"taxonomy":"post_tag","embeddable":true,"href":"https:\/\/www.salzburgerland.com\/de\/magazin\/wp-json\/wp\/v2\/tags?post=40487"},{"taxonomy":"wl_entity_type","embeddable":true,"href":"https:\/\/www.salzburgerland.com\/de\/magazin\/wp-json\/wp\/v2\/wl_entity_type?post=40487"},{"taxonomy":"monatsauswahl","embeddable":true,"href":"https:\/\/www.salzburgerland.com\/de\/magazin\/wp-json\/wp\/v2\/monatsauswahl?post=40487"}],"curies":[{"name":"wp","href":"https:\/\/api.w.org\/{rel}","templated":true}]}}