{"id":39329,"date":"2013-08-09T15:00:25","date_gmt":"2013-08-09T13:00:25","guid":{"rendered":"http:\/\/magazin.salzburgerland.com\/?p=39329"},"modified":"2022-01-19T08:29:08","modified_gmt":"2022-01-19T07:29:08","slug":"wandern-mit-hund","status":"publish","type":"post","link":"https:\/\/www.salzburgerland.com\/de\/magazin\/wandern-mit-hund\/","title":{"rendered":"Wandern mit Hund"},"content":{"rendered":"\n<h2 class=\"wp-block-slt-subtitle\">Was ihr unbedingt beachten m\u00fcsst<\/h2>\n\n\n\n<p class=\"wp-block-slt-intro\">Dass Hundebesitzer ges\u00fcnder leben und ausgegeglichener sind, wurde in vielen Studien beweisen. Das liegt sicher auch daran, dass man mit dem Hund raus ins Freie muss. Und Bewegung an der frischen Luft tut ja immer gut. Wer mit seinem Vierbeinen in den Bergen unterwegs ist, sollte aber dennoch einige Hinweise beachten.<\/p>\n\n\n\n<p>Einen Hund zu besitzen, ist jedenfalls Garant f\u00fcr regelm\u00e4\u00dfige Wanderungen und f\u00fcr den Menschen ist der Aufenthalt in der Natur ein idealer Ausgleich zum Berufsalltag. Und Hunde freuen sich immer \u00fcber ausgedehnte Ausfl\u00fcge im Freien. Damit das Bergwandern mit Ihrem zweibeinigen Begleiter zum Vergn\u00fcgen wird, haben wir einige Tipps f\u00fcr euch zusammengestellt.<\/p>\n\n\n\n<h2 class=\"wp-block-heading\" id=\"h-sicherheit-vor-gipfelsieg\">Sicherheit vor Gipfelsieg<\/h2>\n\n\n\n<p>Dass l\u00e4ngere Wanderungen in unseren Bergen gewisse Vorausplanungen brauchen, versteht sich von selbst. Nat\u00fcrlich gilt auch mit Hund immer das Motto \u201eSicherheit vor Gipfelsieg\u201c.&nbsp; Achte deshalb bei l\u00e4ngeren Anstiegen besonders darauf, m\u00f6glichst schattige Wege auszuw\u00e4hlen. Sorge f\u00fcr ausreichend Fl\u00fcssigkeitszufuhr und Rastzeiten f\u00fcr Hund und Mensch. Wasser im Marschgep\u00e4ck ist ein Muss; Flasche und Sch\u00fcssel geh\u00f6ren in den Rucksack, nicht \u00fcberall bringen Gebirgsb\u00e4che Erfrischung. Behalte deinen Vierbeiner immer gut im Auge.<br><\/p>\n\n\n\n<h2 class=\"wp-block-heading\">Der Kontakt mit Weidetieren<\/h2>\n\n\n\n<p>Immer wieder h\u00f6rt und liest man von Problemen mit Weidetieren auf Almen. Prinzipiell sind K\u00fche sehr friedlich und greifen Menschen von sich aus normal nicht an. Manche Hunde \u2013 wie hier am Bild Bergrettungsh\u00fcndin Isa \u2013 sind an Weidetiere gew\u00f6hnt und verhalten sich ihnen gegen\u00fcber unaufgeregt und ruhig.<\/p>\n\n\n\n<p>Sie&nbsp;bellen nicht und laufen auch nicht aufgeregt umher \u2013 und so kommt es hier in der Regel auch nie zu Problemen.<br>Umgekehrt gilt das nat\u00fcrlich auch f\u00fcr Weidetiere wie Pferde, Schafe, K\u00fche, Ziegen etc. Nur kann der Wanderer nicht wissen, ob diese spezielle Kuh oder dieses Pferd auch&nbsp;Hunde gew\u00f6hnt ist&#8230;<\/p>\n\n\n\n<figure class=\"wp-block-image size-full\"><img loading=\"lazy\" decoding=\"async\" width=\"1600\" height=\"900\" src=\"https:\/\/www.salzburgerland.com\/de\/magazin\/wp-content\/uploads\/2019\/07\/griessener-almen-3.jpg\" alt=\"griessener-almen-3\" class=\"wp-image-134834\" srcset=\"https:\/\/www.salzburgerland.com\/de\/magazin\/wp-content\/uploads\/2019\/07\/griessener-almen-3.jpg 1600w, https:\/\/www.salzburgerland.com\/de\/magazin\/wp-content\/uploads\/2019\/07\/griessener-almen-3-300x169.jpg 300w, https:\/\/www.salzburgerland.com\/de\/magazin\/wp-content\/uploads\/2019\/07\/griessener-almen-3-978x550.jpg 978w, https:\/\/www.salzburgerland.com\/de\/magazin\/wp-content\/uploads\/2019\/07\/griessener-almen-3-711x400.jpg 711w, https:\/\/www.salzburgerland.com\/de\/magazin\/wp-content\/uploads\/2019\/07\/griessener-almen-3-560x316.jpg 560w, https:\/\/www.salzburgerland.com\/de\/magazin\/wp-content\/uploads\/2019\/07\/griessener-almen-3-250x140.jpg 250w, https:\/\/www.salzburgerland.com\/de\/magazin\/wp-content\/uploads\/2019\/07\/griessener-almen-3-1320x743.jpg 1320w, https:\/\/www.salzburgerland.com\/de\/magazin\/wp-content\/uploads\/2019\/07\/griessener-almen-3-1200x675.jpg 1200w\" sizes=\"auto, (max-width: 1600px) 100vw, 1600px\" \/><figcaption>  \u00a9  SaltzburgerLand Tourismus &#8211; K\u00fche genie\u00dfen den Almsommer<\/figcaption><\/figure>\n\n\n\n<p>Wissen sollte man, dass all diese Tiere neugierig sind und auf Hunde oder Menschen zulaufen.<\/p>\n\n\n\n<h3 class=\"wp-block-heading\">Deshalb hier zur Sicherheit einige Vorsichtsma\u00dfnahmen:<\/h3>\n\n\n\n<ul class=\"wp-block-list\"><li>Um Mutterkuhherden sollte immer ein gro\u00dfer Bogen herum gemacht werden. Denn hier steht die Verteidigung der K\u00e4lber durch die Mutterkuh und die Neugierde der Jungtiere im Vordergrund. Man sollte auf keinen Fall auf die Jungtiere zugehen und diese ber\u00fchren.<\/li><li>Bei Jungtieren stehen Neugierde, Bewegungsdrang und \u00dcbermut im Vordergrund. Vorsicht auch bei m\u00e4nnlichen Tieren.<\/li><li>Wenn es nicht unbedingt n\u00f6tig ist, sollte man weidenden Tieren nicht zu nahe kommen und vor allem K\u00e4lber weder streicheln noch f\u00fcttern. Halte Abstand und nimm lieber einen Umweg in Kauf.<\/li><li>Zur Sicherheit kannst du auch einen Stock (oft gen\u00fcgt auch nur ein kleiner!) in die Hand nehmen und die Tiere verscheuchen.<\/li><li>Sollte es trotzdem zu einer bedrohlichen Situation kommen, dann gilt es, Ruhe zu bewahren, nicht davon zu laufen und mit dem Stock Drohgeb\u00e4rden zu machen. Aber vermeide unbedingt hektische und unruhige Bewegungen. Auch laute Zurufe k\u00f6nnen aggressive Rinder \u00f6fter zum Umkehren bewegen.<\/li><li>Hunde sind dabei an der Leine und in Gruppenmitte zu f\u00fchren. Sollte ein Tier angreifen, so muss der Hund UNBEDINGT losgelassen werden, denn nur so kann er sich in Sicherheit bringen.<\/li><li>Im Fall des Falles ist der konsequente und langsame R\u00fcckzug aus der Gefahrenzone der einzig richtige Weg. Kehre den Tieren dabei aber nicht den R\u00fccken zu. Keinesfalls weglaufen!<\/li><\/ul>\n\n\n\n<h3 class=\"wp-block-heading\">Buchtipp: Bergwandern mit Hund<\/h3>\n\n\n\n<p>In ihrem Buch \u201e<a href=\"https:\/\/pustet.at\/de\/buecher.cp\/bergwandern-mit-hund\/209\" target=\"_blank\" rel=\"noreferrer noopener\">Bergwandern mit Hund<\/a>\u201c, erschienen im Anton Pustet Verlag, beschreiben Christine und Michael Hlatky 40 Touren in ganz \u00d6sterreich, die f\u00fcr Hunde geeignet sind. Erg\u00e4nzt wird der Wanderf\u00fchrer mit viele Tipps zur Planung, Ausr\u00fcstung sowie passenden Hundefreundlichen Hotels.<\/p>\n\n\n\n<div class=\"wp-block-image\"><figure class=\"alignleft size-full\"><a href=\"https:\/\/www.salzburgerland.com\/de\/magazin\/wp-content\/uploads\/2013\/07\/relaxtekuh_hund.jpg\"><img loading=\"lazy\" decoding=\"async\" width=\"1600\" height=\"777\" src=\"https:\/\/www.salzburgerland.com\/de\/magazin\/wp-content\/uploads\/2013\/07\/relaxtekuh_hund.jpg\" alt=\"relaxtekuh_hund\" class=\"wp-image-39339\" srcset=\"https:\/\/www.salzburgerland.com\/de\/magazin\/wp-content\/uploads\/2013\/07\/relaxtekuh_hund.jpg 1600w, https:\/\/www.salzburgerland.com\/de\/magazin\/wp-content\/uploads\/2013\/07\/relaxtekuh_hund-300x146.jpg 300w, https:\/\/www.salzburgerland.com\/de\/magazin\/wp-content\/uploads\/2013\/07\/relaxtekuh_hund-1133x550.jpg 1133w, https:\/\/www.salzburgerland.com\/de\/magazin\/wp-content\/uploads\/2013\/07\/relaxtekuh_hund-824x400.jpg 824w, https:\/\/www.salzburgerland.com\/de\/magazin\/wp-content\/uploads\/2013\/07\/relaxtekuh_hund-1320x641.jpg 1320w\" sizes=\"auto, (max-width: 1600px) 100vw, 1600px\" \/><\/a><figcaption> \u00a9 Maria Riedler <\/figcaption><\/figure><\/div>\n","protected":false},"excerpt":{"rendered":"<p>Einen Hund zu besitzen, ist jedenfalls Garant f\u00fcr regelm\u00e4\u00dfige Wanderungen und f\u00fcr den Menschen ist der Aufenthalt in der Natur ein idealer Ausgleich zum Berufsalltag. Und Hunde freuen sich immer \u00fcber ausgedehnte Ausfl\u00fcge im Freien. Damit das Bergwandern mit Ihrem zweibeinigen Begleiter zum Vergn\u00fcgen wird, haben wir einige Tipps f\u00fcr euch zusammengestellt. Sicherheit vor Gipfelsieg [&hellip;]<\/p>\n","protected":false},"author":217,"featured_media":159885,"comment_status":"open","ping_status":"open","sticky":false,"template":"","format":"standard","meta":{"_acf_changed":false,"wl_entities_gutenberg":"","_wl_entity_redirect_enabled":"","footnotes":""},"categories":[4],"tags":[],"wl_entity_type":[306],"monatsauswahl":[86,87,88,89,90],"class_list":["post-39329","post","type-post","status-publish","format-standard","has-post-thumbnail","hentry","category-gesundheit","wl_entity_type-article","monatsauswahl-monat_5","monatsauswahl-monat_6","monatsauswahl-monat_7","monatsauswahl-monat_8","monatsauswahl-monat_9"],"acf":[],"yoast_head":"<!-- This site is optimized with the Yoast SEO Premium plugin v27.4 (Yoast SEO v27.4) - https:\/\/yoast.com\/product\/yoast-seo-premium-wordpress\/ -->\n<title>Wandern mit Hund - SalzburgerLand Magazin<\/title>\n<meta name=\"description\" content=\"Dass Hundebesitzer ges\u00fcnder leben und ausgegeglichener sind, wurde in vielen Studien beweisen. Das liegt sicher auch daran, dass man mit dem Hund raus ins Freie muss. Und Bewegung an der frischen Luft tut ja immer gut. Wer mit seinem Vierbeinen in den Bergen unterwegs ist, sollte aber dennoch einige Hinweise beachten.\" \/>\n<meta name=\"robots\" content=\"index, follow, max-snippet:-1, max-image-preview:large, max-video-preview:-1\" \/>\n<link rel=\"canonical\" href=\"https:\/\/www.salzburgerland.com\/de\/magazin\/wandern-mit-hund\/\" \/>\n<meta property=\"og:locale\" content=\"de_DE\" \/>\n<meta property=\"og:type\" content=\"article\" \/>\n<meta property=\"og:title\" content=\"Wandern mit Hund\" \/>\n<meta property=\"og:description\" content=\"Einen Hund zu besitzen, ist jedenfalls Garant f\u00fcr regelm\u00e4\u00dfige Wanderungen und f\u00fcr den Menschen ist der Aufenthalt in der Natur ein idealer Ausgleich zum Berufsalltag. Und Hunde freuen sich immer \u00fcber ausgedehnte Ausfl\u00fcge im Freien. Damit das Bergwandern mit Ihrem zweibeinigen Begleiter zum Vergn\u00fcgen wird, haben wir einige Tipps f\u00fcr euch zusammengestellt. Sicherheit vor Gipfelsieg [&hellip;]\" \/>\n<meta property=\"og:url\" content=\"https:\/\/www.salzburgerland.com\/de\/magazin\/wandern-mit-hund\/\" \/>\n<meta property=\"og:site_name\" content=\"SalzburgerLand Magazin\" \/>\n<meta property=\"article:publisher\" content=\"https:\/\/www.facebook.com\/salzburgerland\/\" \/>\n<meta property=\"article:published_time\" content=\"2013-08-09T13:00:25+00:00\" \/>\n<meta property=\"article:modified_time\" content=\"2022-01-19T07:29:08+00:00\" \/>\n<meta property=\"og:image\" content=\"https:\/\/www.salzburgerland.com\/de\/magazin\/wp-content\/uploads\/2013\/08\/RS3584_200507-schafberg-mex_0985-lpr-e1642576497918.jpg\" \/>\n\t<meta property=\"og:image:width\" content=\"1910\" \/>\n\t<meta property=\"og:image:height\" content=\"897\" \/>\n\t<meta property=\"og:image:type\" content=\"image\/jpeg\" \/>\n<meta name=\"author\" content=\"Maria Riedler\" \/>\n<meta name=\"twitter:card\" content=\"summary_large_image\" \/>\n<meta name=\"twitter:creator\" content=\"@Salzburgerland\" \/>\n<meta name=\"twitter:site\" content=\"@Salzburgerland\" \/>\n<meta name=\"twitter:label1\" content=\"Verfasst von\" \/>\n\t<meta name=\"twitter:data1\" content=\"Maria Riedler\" \/>\n\t<meta name=\"twitter:label2\" content=\"Gesch\u00e4tzte Lesezeit\" \/>\n\t<meta name=\"twitter:data2\" content=\"3\u00a0Minuten\" \/>\n<script type=\"application\/ld+json\" class=\"yoast-schema-graph\">{\"@context\":\"https:\\\/\\\/schema.org\",\"@graph\":[{\"@type\":\"Article\",\"@id\":\"https:\\\/\\\/www.salzburgerland.com\\\/de\\\/magazin\\\/wandern-mit-hund\\\/#article\",\"isPartOf\":{\"@id\":\"https:\\\/\\\/www.salzburgerland.com\\\/de\\\/magazin\\\/wandern-mit-hund\\\/\"},\"author\":{\"name\":\"Maria Riedler\",\"@id\":\"https:\\\/\\\/www.salzburgerland.com\\\/de\\\/magazin\\\/#\\\/schema\\\/person\\\/0cd712588b834668bcd33d7a0668adb3\"},\"headline\":\"Wandern mit Hund\",\"datePublished\":\"2013-08-09T13:00:25+00:00\",\"dateModified\":\"2022-01-19T07:29:08+00:00\",\"mainEntityOfPage\":{\"@id\":\"https:\\\/\\\/www.salzburgerland.com\\\/de\\\/magazin\\\/wandern-mit-hund\\\/\"},\"wordCount\":616,\"commentCount\":0,\"publisher\":{\"@id\":\"https:\\\/\\\/www.salzburgerland.com\\\/de\\\/magazin\\\/#organization\"},\"image\":{\"@id\":\"https:\\\/\\\/www.salzburgerland.com\\\/de\\\/magazin\\\/wandern-mit-hund\\\/#primaryimage\"},\"thumbnailUrl\":\"https:\\\/\\\/www.salzburgerland.com\\\/de\\\/magazin\\\/wp-content\\\/uploads\\\/2013\\\/08\\\/RS3584_200507-schafberg-mex_0985-lpr-e1642576497918.jpg\",\"articleSection\":[\"Gesundheit\"],\"inLanguage\":\"de\",\"potentialAction\":[{\"@type\":\"CommentAction\",\"name\":\"Comment\",\"target\":[\"https:\\\/\\\/www.salzburgerland.com\\\/de\\\/magazin\\\/wandern-mit-hund\\\/#respond\"]}]},{\"@type\":\"WebPage\",\"@id\":\"https:\\\/\\\/www.salzburgerland.com\\\/de\\\/magazin\\\/wandern-mit-hund\\\/\",\"url\":\"https:\\\/\\\/www.salzburgerland.com\\\/de\\\/magazin\\\/wandern-mit-hund\\\/\",\"name\":\"Wandern mit Hund - SalzburgerLand Magazin\",\"isPartOf\":{\"@id\":\"https:\\\/\\\/www.salzburgerland.com\\\/de\\\/magazin\\\/#website\"},\"primaryImageOfPage\":{\"@id\":\"https:\\\/\\\/www.salzburgerland.com\\\/de\\\/magazin\\\/wandern-mit-hund\\\/#primaryimage\"},\"image\":{\"@id\":\"https:\\\/\\\/www.salzburgerland.com\\\/de\\\/magazin\\\/wandern-mit-hund\\\/#primaryimage\"},\"thumbnailUrl\":\"https:\\\/\\\/www.salzburgerland.com\\\/de\\\/magazin\\\/wp-content\\\/uploads\\\/2013\\\/08\\\/RS3584_200507-schafberg-mex_0985-lpr-e1642576497918.jpg\",\"datePublished\":\"2013-08-09T13:00:25+00:00\",\"dateModified\":\"2022-01-19T07:29:08+00:00\",\"breadcrumb\":{\"@id\":\"https:\\\/\\\/www.salzburgerland.com\\\/de\\\/magazin\\\/wandern-mit-hund\\\/#breadcrumb\"},\"inLanguage\":\"de\",\"potentialAction\":[{\"@type\":\"ReadAction\",\"target\":[\"https:\\\/\\\/www.salzburgerland.com\\\/de\\\/magazin\\\/wandern-mit-hund\\\/\"]}]},{\"@type\":\"ImageObject\",\"inLanguage\":\"de\",\"@id\":\"https:\\\/\\\/www.salzburgerland.com\\\/de\\\/magazin\\\/wandern-mit-hund\\\/#primaryimage\",\"url\":\"https:\\\/\\\/www.salzburgerland.com\\\/de\\\/magazin\\\/wp-content\\\/uploads\\\/2013\\\/08\\\/RS3584_200507-schafberg-mex_0985-lpr-e1642576497918.jpg\",\"contentUrl\":\"https:\\\/\\\/www.salzburgerland.com\\\/de\\\/magazin\\\/wp-content\\\/uploads\\\/2013\\\/08\\\/RS3584_200507-schafberg-mex_0985-lpr-e1642576497918.jpg\",\"width\":1910,\"height\":897,\"caption\":\"\u00a9 SalzburgerLand Tourismus, Markus Berger - Wandern mit Hund\"},{\"@type\":\"BreadcrumbList\",\"@id\":\"https:\\\/\\\/www.salzburgerland.com\\\/de\\\/magazin\\\/wandern-mit-hund\\\/#breadcrumb\",\"itemListElement\":[{\"@type\":\"ListItem\",\"position\":1,\"name\":\"Startseite\",\"item\":\"https:\\\/\\\/www.salzburgerland.com\\\/de\\\/magazin\\\/\"},{\"@type\":\"ListItem\",\"position\":2,\"name\":\"Gesundheit\",\"item\":\"https:\\\/\\\/www.salzburgerland.com\\\/de\\\/magazin\\\/thema\\\/gesundheit\\\/\"},{\"@type\":\"ListItem\",\"position\":3,\"name\":\"Wandern mit Hund\"}]},{\"@type\":\"WebSite\",\"@id\":\"https:\\\/\\\/www.salzburgerland.com\\\/de\\\/magazin\\\/#website\",\"url\":\"https:\\\/\\\/www.salzburgerland.com\\\/de\\\/magazin\\\/\",\"name\":\"SalzburgerLand Magazin\",\"description\":\"Geschichten und Interessantes aus dem SalzburgerLand\",\"publisher\":{\"@id\":\"https:\\\/\\\/www.salzburgerland.com\\\/de\\\/magazin\\\/#organization\"},\"potentialAction\":[{\"@type\":\"SearchAction\",\"target\":{\"@type\":\"EntryPoint\",\"urlTemplate\":\"https:\\\/\\\/www.salzburgerland.com\\\/de\\\/magazin\\\/?s={search_term_string}\"},\"query-input\":{\"@type\":\"PropertyValueSpecification\",\"valueRequired\":true,\"valueName\":\"search_term_string\"}}],\"inLanguage\":\"de\"},{\"@type\":\"Organization\",\"@id\":\"https:\\\/\\\/www.salzburgerland.com\\\/de\\\/magazin\\\/#organization\",\"name\":\"SalzburgerLand Tourismus\",\"url\":\"https:\\\/\\\/www.salzburgerland.com\\\/de\\\/magazin\\\/\",\"logo\":{\"@type\":\"ImageObject\",\"inLanguage\":\"de\",\"@id\":\"https:\\\/\\\/www.salzburgerland.com\\\/de\\\/magazin\\\/#\\\/schema\\\/logo\\\/image\\\/\",\"url\":\"https:\\\/\\\/www.salzburgerland.com\\\/de\\\/magazin\\\/wp-content\\\/uploads\\\/2019\\\/06\\\/salzburgerland-logo1.jpg\",\"contentUrl\":\"https:\\\/\\\/www.salzburgerland.com\\\/de\\\/magazin\\\/wp-content\\\/uploads\\\/2019\\\/06\\\/salzburgerland-logo1.jpg\",\"width\":2011,\"height\":866,\"caption\":\"SalzburgerLand Tourismus\"},\"image\":{\"@id\":\"https:\\\/\\\/www.salzburgerland.com\\\/de\\\/magazin\\\/#\\\/schema\\\/logo\\\/image\\\/\"},\"sameAs\":[\"https:\\\/\\\/www.facebook.com\\\/salzburgerland\\\/\",\"https:\\\/\\\/x.com\\\/Salzburgerland\",\"https:\\\/\\\/www.instagram.com\\\/salzburgerland\\\/\",\"https:\\\/\\\/at.linkedin.com\\\/company\\\/salzburgerland-tourismus-gmbh\",\"https:\\\/\\\/www.pinterest.at\\\/salzburgerland\\\/\",\"https:\\\/\\\/www.youtube.com\\\/user\\\/salzburgerland\",\"https:\\\/\\\/de.wikipedia.org\\\/wiki\\\/SalzburgerLand_Tourismus_GmbH\"]},{\"@type\":\"Person\",\"@id\":\"https:\\\/\\\/www.salzburgerland.com\\\/de\\\/magazin\\\/#\\\/schema\\\/person\\\/0cd712588b834668bcd33d7a0668adb3\",\"name\":\"Maria Riedler\",\"description\":\"Ein Bild sagt mehr als tausend Worte, hei\u00dft es. Aber genauso wichtig ist die Geschichte dazu. Spannende Texte haben nicht nur einen gro\u00dfen Effekt auf unsere Wahrnehmung, sie lassen auch das Kopfkino in uns starten! Den Dingen nachzusp\u00fcren und auf den Grund zu gehen, das geh\u00f6rt jedenfalls seit meiner Jugendzeit zu mir ... Maria Riedler studierte neben ihrer T\u00e4tigkeit als Kinderkrankenschwester Publizistik und P\u00e4dagogik. Nach dem Studium verbrachte sie \u00fcber zwei Jahre in Australien, wo sie f\u00fcr den staatlichen Rundfunk SBS arbeitete. Anschlie\u00dfend war sie f\u00fcnf Jahre freie Mitarbeiterin im ORF Landesstudio Salzburg, weiters Kommunikationsbeauftragte beim Arbeitskreis f\u00fcr Vorsorgemedizin Salzburg (AVOS), war freiberufliche Journalistin bei der Salzburgerin und ist als Redakteurin f\u00fcr die Pongauer Nachrichten t\u00e4tig. Neben Schreiben, Fotografieren und Lesen liebt sie vor allem unsere Berge und ist ehrenamtlich Bergrettungshundef\u00fchrerin und Pressereferentin der Bergrettung Salzburg. Dosige(r) oder Zuagroast? Eindeutig dosig - aus dem\u00a0einmaligen Lungau. Fr\u00fchling, Sommer, Herbst oder Winter? Nachdem ich auch einige Jahre in Australien gelebt habe, bin ich mir sicher, dass uns weltweit die Menschen um diese so unterschiedlich sch\u00f6nen und so facettenreichen Jahreszeiten beneiden. Luxushotel oder Almh\u00fctte? Obwohl so ein Luxushotel schon seine Reize hat, genie\u00dfe ich doch meist eher die Einsamkeit auf einer Almh\u00fctte\u2026. Mozart oder Hubert von Goisern? Wie sch\u00f6n, dass wir so begnadete Musiker haben!\u00a0Leider\u00a0gibt es f\u00fcr mich - wie so oft - siehe oben und unten :-) kein Entweder-Oder\u2026 Ausstellung oder Bergpanorama? \\\"Kunst w\u00e4scht den Staub des Alltag von der Seele\\\", meinte Pablo Picasso. \u00a0Die Berge und deren Traumpanorama brauche ich auch, um mir\u00a0neue Perspektiven vom Leben zu holen.\u00a0Also:\u00a0Es muss doch mehr als alles geben \u00a0- wahrscheinlich mein Lebensmotto, deshalb bitte keine weiteren Entweder-Oder Fragen!\u00a0:-) Wer jemals einen Sonnenaufgang oder Sonnenuntergang in unseren Bergen erlebt hat, wei\u00df um die Einmaligkeit dieser Bilder und Eindr\u00fccke.\",\"url\":\"https:\\\/\\\/www.salzburgerland.com\\\/de\\\/magazin\\\/author\\\/mriedler\\\/\"}]}<\/script>\n<!-- \/ Yoast SEO Premium plugin. -->","yoast_head_json":{"title":"Wandern mit Hund - SalzburgerLand Magazin","description":"Dass Hundebesitzer ges\u00fcnder leben und ausgegeglichener sind, wurde in vielen Studien beweisen. Das liegt sicher auch daran, dass man mit dem Hund raus ins Freie muss. Und Bewegung an der frischen Luft tut ja immer gut. Wer mit seinem Vierbeinen in den Bergen unterwegs ist, sollte aber dennoch einige Hinweise beachten.","robots":{"index":"index","follow":"follow","max-snippet":"max-snippet:-1","max-image-preview":"max-image-preview:large","max-video-preview":"max-video-preview:-1"},"canonical":"https:\/\/www.salzburgerland.com\/de\/magazin\/wandern-mit-hund\/","og_locale":"de_DE","og_type":"article","og_title":"Wandern mit Hund","og_description":"Einen Hund zu besitzen, ist jedenfalls Garant f\u00fcr regelm\u00e4\u00dfige Wanderungen und f\u00fcr den Menschen ist der Aufenthalt in der Natur ein idealer Ausgleich zum Berufsalltag. Und Hunde freuen sich immer \u00fcber ausgedehnte Ausfl\u00fcge im Freien. Damit das Bergwandern mit Ihrem zweibeinigen Begleiter zum Vergn\u00fcgen wird, haben wir einige Tipps f\u00fcr euch zusammengestellt. Sicherheit vor Gipfelsieg [&hellip;]","og_url":"https:\/\/www.salzburgerland.com\/de\/magazin\/wandern-mit-hund\/","og_site_name":"SalzburgerLand Magazin","article_publisher":"https:\/\/www.facebook.com\/salzburgerland\/","article_published_time":"2013-08-09T13:00:25+00:00","article_modified_time":"2022-01-19T07:29:08+00:00","og_image":[{"width":1910,"height":897,"url":"https:\/\/www.salzburgerland.com\/de\/magazin\/wp-content\/uploads\/2013\/08\/RS3584_200507-schafberg-mex_0985-lpr-e1642576497918.jpg","type":"image\/jpeg"}],"author":"Maria Riedler","twitter_card":"summary_large_image","twitter_creator":"@Salzburgerland","twitter_site":"@Salzburgerland","twitter_misc":{"Verfasst von":"Maria Riedler","Gesch\u00e4tzte Lesezeit":"3\u00a0Minuten"},"schema":{"@context":"https:\/\/schema.org","@graph":[{"@type":"Article","@id":"https:\/\/www.salzburgerland.com\/de\/magazin\/wandern-mit-hund\/#article","isPartOf":{"@id":"https:\/\/www.salzburgerland.com\/de\/magazin\/wandern-mit-hund\/"},"author":{"name":"Maria Riedler","@id":"https:\/\/www.salzburgerland.com\/de\/magazin\/#\/schema\/person\/0cd712588b834668bcd33d7a0668adb3"},"headline":"Wandern mit Hund","datePublished":"2013-08-09T13:00:25+00:00","dateModified":"2022-01-19T07:29:08+00:00","mainEntityOfPage":{"@id":"https:\/\/www.salzburgerland.com\/de\/magazin\/wandern-mit-hund\/"},"wordCount":616,"commentCount":0,"publisher":{"@id":"https:\/\/www.salzburgerland.com\/de\/magazin\/#organization"},"image":{"@id":"https:\/\/www.salzburgerland.com\/de\/magazin\/wandern-mit-hund\/#primaryimage"},"thumbnailUrl":"https:\/\/www.salzburgerland.com\/de\/magazin\/wp-content\/uploads\/2013\/08\/RS3584_200507-schafberg-mex_0985-lpr-e1642576497918.jpg","articleSection":["Gesundheit"],"inLanguage":"de","potentialAction":[{"@type":"CommentAction","name":"Comment","target":["https:\/\/www.salzburgerland.com\/de\/magazin\/wandern-mit-hund\/#respond"]}]},{"@type":"WebPage","@id":"https:\/\/www.salzburgerland.com\/de\/magazin\/wandern-mit-hund\/","url":"https:\/\/www.salzburgerland.com\/de\/magazin\/wandern-mit-hund\/","name":"Wandern mit Hund - SalzburgerLand Magazin","isPartOf":{"@id":"https:\/\/www.salzburgerland.com\/de\/magazin\/#website"},"primaryImageOfPage":{"@id":"https:\/\/www.salzburgerland.com\/de\/magazin\/wandern-mit-hund\/#primaryimage"},"image":{"@id":"https:\/\/www.salzburgerland.com\/de\/magazin\/wandern-mit-hund\/#primaryimage"},"thumbnailUrl":"https:\/\/www.salzburgerland.com\/de\/magazin\/wp-content\/uploads\/2013\/08\/RS3584_200507-schafberg-mex_0985-lpr-e1642576497918.jpg","datePublished":"2013-08-09T13:00:25+00:00","dateModified":"2022-01-19T07:29:08+00:00","breadcrumb":{"@id":"https:\/\/www.salzburgerland.com\/de\/magazin\/wandern-mit-hund\/#breadcrumb"},"inLanguage":"de","potentialAction":[{"@type":"ReadAction","target":["https:\/\/www.salzburgerland.com\/de\/magazin\/wandern-mit-hund\/"]}]},{"@type":"ImageObject","inLanguage":"de","@id":"https:\/\/www.salzburgerland.com\/de\/magazin\/wandern-mit-hund\/#primaryimage","url":"https:\/\/www.salzburgerland.com\/de\/magazin\/wp-content\/uploads\/2013\/08\/RS3584_200507-schafberg-mex_0985-lpr-e1642576497918.jpg","contentUrl":"https:\/\/www.salzburgerland.com\/de\/magazin\/wp-content\/uploads\/2013\/08\/RS3584_200507-schafberg-mex_0985-lpr-e1642576497918.jpg","width":1910,"height":897,"caption":"\u00a9 SalzburgerLand Tourismus, Markus Berger - Wandern mit Hund"},{"@type":"BreadcrumbList","@id":"https:\/\/www.salzburgerland.com\/de\/magazin\/wandern-mit-hund\/#breadcrumb","itemListElement":[{"@type":"ListItem","position":1,"name":"Startseite","item":"https:\/\/www.salzburgerland.com\/de\/magazin\/"},{"@type":"ListItem","position":2,"name":"Gesundheit","item":"https:\/\/www.salzburgerland.com\/de\/magazin\/thema\/gesundheit\/"},{"@type":"ListItem","position":3,"name":"Wandern mit Hund"}]},{"@type":"WebSite","@id":"https:\/\/www.salzburgerland.com\/de\/magazin\/#website","url":"https:\/\/www.salzburgerland.com\/de\/magazin\/","name":"SalzburgerLand Magazin","description":"Geschichten und Interessantes aus dem SalzburgerLand","publisher":{"@id":"https:\/\/www.salzburgerland.com\/de\/magazin\/#organization"},"potentialAction":[{"@type":"SearchAction","target":{"@type":"EntryPoint","urlTemplate":"https:\/\/www.salzburgerland.com\/de\/magazin\/?s={search_term_string}"},"query-input":{"@type":"PropertyValueSpecification","valueRequired":true,"valueName":"search_term_string"}}],"inLanguage":"de"},{"@type":"Organization","@id":"https:\/\/www.salzburgerland.com\/de\/magazin\/#organization","name":"SalzburgerLand Tourismus","url":"https:\/\/www.salzburgerland.com\/de\/magazin\/","logo":{"@type":"ImageObject","inLanguage":"de","@id":"https:\/\/www.salzburgerland.com\/de\/magazin\/#\/schema\/logo\/image\/","url":"https:\/\/www.salzburgerland.com\/de\/magazin\/wp-content\/uploads\/2019\/06\/salzburgerland-logo1.jpg","contentUrl":"https:\/\/www.salzburgerland.com\/de\/magazin\/wp-content\/uploads\/2019\/06\/salzburgerland-logo1.jpg","width":2011,"height":866,"caption":"SalzburgerLand Tourismus"},"image":{"@id":"https:\/\/www.salzburgerland.com\/de\/magazin\/#\/schema\/logo\/image\/"},"sameAs":["https:\/\/www.facebook.com\/salzburgerland\/","https:\/\/x.com\/Salzburgerland","https:\/\/www.instagram.com\/salzburgerland\/","https:\/\/at.linkedin.com\/company\/salzburgerland-tourismus-gmbh","https:\/\/www.pinterest.at\/salzburgerland\/","https:\/\/www.youtube.com\/user\/salzburgerland","https:\/\/de.wikipedia.org\/wiki\/SalzburgerLand_Tourismus_GmbH"]},{"@type":"Person","@id":"https:\/\/www.salzburgerland.com\/de\/magazin\/#\/schema\/person\/0cd712588b834668bcd33d7a0668adb3","name":"Maria Riedler","description":"Ein Bild sagt mehr als tausend Worte, hei\u00dft es. Aber genauso wichtig ist die Geschichte dazu. Spannende Texte haben nicht nur einen gro\u00dfen Effekt auf unsere Wahrnehmung, sie lassen auch das Kopfkino in uns starten! Den Dingen nachzusp\u00fcren und auf den Grund zu gehen, das geh\u00f6rt jedenfalls seit meiner Jugendzeit zu mir ... Maria Riedler studierte neben ihrer T\u00e4tigkeit als Kinderkrankenschwester Publizistik und P\u00e4dagogik. Nach dem Studium verbrachte sie \u00fcber zwei Jahre in Australien, wo sie f\u00fcr den staatlichen Rundfunk SBS arbeitete. Anschlie\u00dfend war sie f\u00fcnf Jahre freie Mitarbeiterin im ORF Landesstudio Salzburg, weiters Kommunikationsbeauftragte beim Arbeitskreis f\u00fcr Vorsorgemedizin Salzburg (AVOS), war freiberufliche Journalistin bei der Salzburgerin und ist als Redakteurin f\u00fcr die Pongauer Nachrichten t\u00e4tig. Neben Schreiben, Fotografieren und Lesen liebt sie vor allem unsere Berge und ist ehrenamtlich Bergrettungshundef\u00fchrerin und Pressereferentin der Bergrettung Salzburg. Dosige(r) oder Zuagroast? Eindeutig dosig - aus dem\u00a0einmaligen Lungau. Fr\u00fchling, Sommer, Herbst oder Winter? Nachdem ich auch einige Jahre in Australien gelebt habe, bin ich mir sicher, dass uns weltweit die Menschen um diese so unterschiedlich sch\u00f6nen und so facettenreichen Jahreszeiten beneiden. Luxushotel oder Almh\u00fctte? Obwohl so ein Luxushotel schon seine Reize hat, genie\u00dfe ich doch meist eher die Einsamkeit auf einer Almh\u00fctte\u2026. Mozart oder Hubert von Goisern? Wie sch\u00f6n, dass wir so begnadete Musiker haben!\u00a0Leider\u00a0gibt es f\u00fcr mich - wie so oft - siehe oben und unten :-) kein Entweder-Oder\u2026 Ausstellung oder Bergpanorama? \"Kunst w\u00e4scht den Staub des Alltag von der Seele\", meinte Pablo Picasso. \u00a0Die Berge und deren Traumpanorama brauche ich auch, um mir\u00a0neue Perspektiven vom Leben zu holen.\u00a0Also:\u00a0Es muss doch mehr als alles geben \u00a0- wahrscheinlich mein Lebensmotto, deshalb bitte keine weiteren Entweder-Oder Fragen!\u00a0:-) Wer jemals einen Sonnenaufgang oder Sonnenuntergang in unseren Bergen erlebt hat, wei\u00df um die Einmaligkeit dieser Bilder und Eindr\u00fccke.","url":"https:\/\/www.salzburgerland.com\/de\/magazin\/author\/mriedler\/"}]}},"_wl_alt_label":[],"wl:entity_url":"http:\/\/open.salzburgerland.com\/magazin\/post\/wandern_mit_hund","_links":{"self":[{"href":"https:\/\/www.salzburgerland.com\/de\/magazin\/wp-json\/wp\/v2\/posts\/39329","targetHints":{"allow":["GET"]}}],"collection":[{"href":"https:\/\/www.salzburgerland.com\/de\/magazin\/wp-json\/wp\/v2\/posts"}],"about":[{"href":"https:\/\/www.salzburgerland.com\/de\/magazin\/wp-json\/wp\/v2\/types\/post"}],"author":[{"embeddable":true,"href":"https:\/\/www.salzburgerland.com\/de\/magazin\/wp-json\/wp\/v2\/users\/217"}],"replies":[{"embeddable":true,"href":"https:\/\/www.salzburgerland.com\/de\/magazin\/wp-json\/wp\/v2\/comments?post=39329"}],"version-history":[{"count":5,"href":"https:\/\/www.salzburgerland.com\/de\/magazin\/wp-json\/wp\/v2\/posts\/39329\/revisions"}],"predecessor-version":[{"id":159892,"href":"https:\/\/www.salzburgerland.com\/de\/magazin\/wp-json\/wp\/v2\/posts\/39329\/revisions\/159892"}],"wp:featuredmedia":[{"embeddable":true,"href":"https:\/\/www.salzburgerland.com\/de\/magazin\/wp-json\/wp\/v2\/media\/159885"}],"wp:attachment":[{"href":"https:\/\/www.salzburgerland.com\/de\/magazin\/wp-json\/wp\/v2\/media?parent=39329"}],"wp:term":[{"taxonomy":"category","embeddable":true,"href":"https:\/\/www.salzburgerland.com\/de\/magazin\/wp-json\/wp\/v2\/categories?post=39329"},{"taxonomy":"post_tag","embeddable":true,"href":"https:\/\/www.salzburgerland.com\/de\/magazin\/wp-json\/wp\/v2\/tags?post=39329"},{"taxonomy":"wl_entity_type","embeddable":true,"href":"https:\/\/www.salzburgerland.com\/de\/magazin\/wp-json\/wp\/v2\/wl_entity_type?post=39329"},{"taxonomy":"monatsauswahl","embeddable":true,"href":"https:\/\/www.salzburgerland.com\/de\/magazin\/wp-json\/wp\/v2\/monatsauswahl?post=39329"}],"curies":[{"name":"wp","href":"https:\/\/api.w.org\/{rel}","templated":true}]}}