{"id":38885,"date":"2013-07-22T15:38:14","date_gmt":"2013-07-22T13:38:14","guid":{"rendered":"http:\/\/magazin.salzburgerland.com\/?p=38885"},"modified":"2019-06-26T20:21:43","modified_gmt":"2019-06-26T18:21:43","slug":"das-schonste-atelier-der-welt","status":"publish","type":"post","link":"https:\/\/www.salzburgerland.com\/de\/magazin\/das-schonste-atelier-der-welt\/","title":{"rendered":"Das sch\u00f6nste Atelier der Welt"},"content":{"rendered":"<p>2013 feiert die <a title=\"Internationale Sommerakademie f\u00fcr Bildende Kunst Salzburg\" href=\"http:\/\/www.summeracademy.at\/DIE-SOMMERAKADEMIE_116.html\" target=\"_blank\" rel=\"noopener noreferrer\">Internationale Sommerakademie f\u00fcr Bildende Kunst<\/a> das 60-j\u00e4hrige Jubil\u00e4um ihres Bestehens. Aus diesem Anlass erscheint im <a title=\"jung und Jung Verlag\" href=\"http:\/\/www.jungundjung.at\/\" target=\"_blank\" rel=\"noopener noreferrer\">Jung und Jung Verlag Salzburg<\/a> die Publikation \u201eDas sch\u00f6nste Atelier der Welt\u201c. Neben einer umfassenden Darstellung der Geschichte der Sommerakademie durch Martin Fritz, fragt deren derzeitige Leiterin Hildegund Amanshauser in einem fiktiven Interview mit dem Gr\u00fcnder <a title=\"Oska Kokoschka Haus P\u00f6chlarn\" href=\"http:\/\/www.oskarkokoschka.at\/\" target=\"_blank\" rel=\"noopener noreferrer\">Oskar Kokoschka<\/a> nach der Idee seiner \u201eSchule des Sehens\u201c.<\/p>\n<p>Im Sommer 1953 wurde die Sommerakademie als &#8222;Schule des Sehens&#8220; auf der Festung Hohensalzburg ins Leben gerufen. Es war die erste Kunstsommerakademie auf europ\u00e4ischem Boden, die im Gegensatz zu traditionellen nationalen Kunstakademien, vielmehr in der Tradition der \u201eVolxhochschulen\u201c der 1920er Jahre, Bildung f\u00fcr alle auf h\u00f6chstem Niveau propagierte. In Kokoschkas Lehrkonzept gab es keine Trennlinie zwischen k\u00fcnstlerischem Handwerk und einer umfassenden intellektuellen und humanistischen Bildung. Das ist nach wie vor so: &#8222;Es kann vom Sch\u00fcler bis zur 80j\u00e4hrigen ehemaligen Lehrerin jeder bei uns studieren, der sich mit Kunst besch\u00e4ftigen will&#8220; best\u00e4tigt Hildegund Amanshauser.Innerhalb von elf Sommern gelang Kokoschka, die TeilnehmerInnenzahl von 30 im Gr\u00fcndungsjahr auf 250 zum zehnj\u00e4hrigen Jubil\u00e4um zu erh\u00f6hen. Mittlerweile besuchen rund 300 Studierende 21 Kurse. Das <a title=\"Das Programm der Sommerakademie\" href=\"http:\/\/www.summeracademy.at\/KURSE-2013_194.html\" target=\"_blank\" rel=\"noopener noreferrer\">Programm<\/a> hat sich von den urspr\u00fcnglichen vier Klassen im Laufe der Zeit entwickelt und gibt die Ver\u00e4nderungen in der akademischen Lehre wie im Kunstbetrieb wider.<\/p>\n<p>Die Ateliers auf der Festung befinden sich im so genannten \u201eSch\u00fcttkasten\u201c innerhalb des Burggel\u00e4ndes, das, auf dem Festungsberg gelegen, ein in sich geschlossenes Areal oberhalb Salzburgs darstellt und gleichzeitig integrierter Bestandteil der Altstadt ist. Der Festung als internationalem Ort der Begegnung f\u00fcr kunstinteressierte Menschen unterschiedlicher Herkunft, gesellschaftlichen Hintergrunds und Alters folgten weitere Schaupl\u00e4tze.<\/p>\n<div class=\"mag-gallery\"><div class=\"row\"><div class=\"col-6 col-sm-4\"><figure><a class=\"thumb-container\" href=\"https:\/\/www.salzburgerland.com\/de\/magazin\/wp-content\/uploads\/2013\/07\/image626-1280x1024.jpg\">\t<picture><source media=\"(min-width: 576px)\" srcset=\"\" \/><source media=\"(min-width: 0)\" srcset=\"\" \/><img decoding=\"async\" alt=\"Zwei Personen stehen in einer durchsichtigen Box in einem Industrieraum, w\u00e4hrend andere sie beobachten und fotografieren.\" src=\"https:\/\/www.salzburgerland.com\/de\/magazin\/wp-content\/uploads\/2013\/07\/image626-scaled.jpg\" \/>\t<\/picture><\/a><\/figure><\/div><div class=\"col-6 col-sm-4\"><figure><a class=\"thumb-container\" href=\"https:\/\/www.salzburgerland.com\/de\/magazin\/wp-content\/uploads\/2013\/07\/Steinbruch-1280x1024.jpg\">\t<picture><source media=\"(min-width: 576px)\" srcset=\"\" \/><source media=\"(min-width: 0)\" srcset=\"\" \/><img decoding=\"async\" alt=\"Eine Person bearbeitet im Freien mit einem Elektrowerkzeug Steine, w\u00e4hrend gelbe Sonnenschirme Schatten spenden.\" src=\"https:\/\/www.salzburgerland.com\/de\/magazin\/wp-content\/uploads\/2013\/07\/Steinbruch-scaled.jpg\" \/>\t<\/picture><\/a><\/figure><\/div><div class=\"col-6 col-sm-4\"><figure><a class=\"thumb-container\" href=\"https:\/\/www.salzburgerland.com\/de\/magazin\/wp-content\/uploads\/2013\/07\/Atelier-Saline-2-1280x1024.jpg\">\t<picture><source media=\"(min-width: 576px)\" srcset=\"https:\/\/www.salzburgerland.com\/de\/magazin\/wp-content\/uploads\/2013\/07\/Atelier-Saline-2-325x209.jpg 325w, https:\/\/www.salzburgerland.com\/de\/magazin\/wp-content\/uploads\/2013\/07\/Atelier-Saline-2-249x160.jpg 249w\" \/><source media=\"(min-width: 0)\" srcset=\"https:\/\/www.salzburgerland.com\/de\/magazin\/wp-content\/uploads\/2013\/07\/Atelier-Saline-2-249x160.jpg 249w, https:\/\/www.salzburgerland.com\/de\/magazin\/wp-content\/uploads\/2013\/07\/Atelier-Saline-2-325x209.jpg 325w\" \/><img decoding=\"async\" alt=\"Ein K\u00fcnstler in Latzhose sitzt auf einer Leiter und malt ein gro\u00dfes, farbenfrohes Kunstwerk in einem \u00fcberf\u00fcllten Atelier.\" src=\"https:\/\/www.salzburgerland.com\/de\/magazin\/wp-content\/uploads\/2013\/07\/Atelier-Saline-2-scaled.jpg\" \/>\t<\/picture><\/a><\/figure><\/div><div class=\"col-6 col-sm-4\"><figure><a class=\"thumb-container\" href=\"https:\/\/www.salzburgerland.com\/de\/magazin\/wp-content\/uploads\/2013\/07\/image892-1280x1024.jpg\">\t<picture><source media=\"(min-width: 576px)\" srcset=\"https:\/\/www.salzburgerland.com\/de\/magazin\/wp-content\/uploads\/2013\/07\/image892-325x209.jpg 325w, https:\/\/www.salzburgerland.com\/de\/magazin\/wp-content\/uploads\/2013\/07\/image892-300x193.jpg 300w, https:\/\/www.salzburgerland.com\/de\/magazin\/wp-content\/uploads\/2013\/07\/image892-854x550.jpg 854w, https:\/\/www.salzburgerland.com\/de\/magazin\/wp-content\/uploads\/2013\/07\/image892-621x400.jpg 621w, https:\/\/www.salzburgerland.com\/de\/magazin\/wp-content\/uploads\/2013\/07\/image892-249x160.jpg 249w, https:\/\/www.salzburgerland.com\/de\/magazin\/wp-content\/uploads\/2013\/07\/image892-1320x850.jpg 1320w\" \/><source media=\"(min-width: 0)\" srcset=\"https:\/\/www.salzburgerland.com\/de\/magazin\/wp-content\/uploads\/2013\/07\/image892-249x160.jpg 249w, https:\/\/www.salzburgerland.com\/de\/magazin\/wp-content\/uploads\/2013\/07\/image892-300x193.jpg 300w, https:\/\/www.salzburgerland.com\/de\/magazin\/wp-content\/uploads\/2013\/07\/image892-854x550.jpg 854w, https:\/\/www.salzburgerland.com\/de\/magazin\/wp-content\/uploads\/2013\/07\/image892-621x400.jpg 621w, https:\/\/www.salzburgerland.com\/de\/magazin\/wp-content\/uploads\/2013\/07\/image892-325x209.jpg 325w, https:\/\/www.salzburgerland.com\/de\/magazin\/wp-content\/uploads\/2013\/07\/image892-1320x850.jpg 1320w\" \/><img decoding=\"async\" alt=\"Ein Arbeitsbereich in einem rustikalen Atelier mit einem Computer, Papierrollen und roten Stoffdekorationen.\" src=\"https:\/\/www.salzburgerland.com\/de\/magazin\/wp-content\/uploads\/2013\/07\/image892-scaled.jpg\" \/>\t<\/picture><\/a><\/figure><\/div><\/div><\/div><figcaption><\/figcaption>\n<p>Nach dem Vorbild von Karl Prantls Bildhauersymposion St. Margarethen im Burgenland, das 1959 erstmals stattfand, verbreiteten sich \u00e4hnliche Bildhauersymposien weltweit.\u00a0 Ab 1986 wurde auch Salzburgs weit zur\u00fcckreichende Steintradition mit neuen k\u00fcnstlerischen Impulsen und vor allem einem geschichtstr\u00e4chtigen Ort mit entsprechender Infrastruktur versehen. Der Steinbruch von Marmor Kiefer in F\u00fcrstenbrunn, der seit Gr\u00fcndung der Firma 1887 besteht, befindet sich am Fu\u00dfe des Untersbergs s\u00fcdlich von Salzburg. Studienaufenthalte im Steinbruch zeichnen sich dadurch aus, dass sie den Studierenden eine Kombination von Arbeits- und Lebensbereichen in freier Natur erm\u00f6glichen. Lehrende und Lernende arbeiten und leben in den ehemaligen Arbeiterh\u00e4usern. Am <a title=\"Tag der offenen T\u00fcr\" href=\"http:\/\/www.summeracademy.at\/Tage-der-offenen-T%C3%BCren_161.html\" target=\"_blank\" rel=\"noopener noreferrer\">Tag der offenen T\u00fcr<\/a> k\u00f6nnen auch Besucher Einblick in dieses einzigartige Freiluft-Atelier nehmen.<br \/> Seit Anfang der 1990er Jahre und im Jubil\u00e4umsjahr zum letzten Mal ist auch die Alte Saline in Hallein mit ihren gro\u00dfz\u00fcgigen R\u00e4umlichkeiten speziell f\u00fcr Installations- oder Performanceklassen oder Studierende, die den ortsspezifischen Kontext in ihre Arbeit einbinden wollen, ein ideales Produktionsfeld. Der denkmalgesch\u00fctzte Bau wurde Mitte des 19. Jahrhunderts auf der Perner Insel zwischen zwei Armen der Salzach im Zentrum von Hallein errichtet und war bis 1989 als Saline in Betrieb. Hier \u00f6ffnen sich an zwei Tagen im August ebenso die Pforten, um die Aktivit\u00e4ten der Sommerakademie hautnah mitzuerleben und die au\u00dfergew\u00f6hnliche Atmosph\u00e4re in den verschiedenen Klassen kennenzulernen.<\/p>\n<div class=\"mag-gallery\"><div class=\"row\"><div class=\"col-6 col-sm-4\"><figure><a class=\"thumb-container\" href=\"https:\/\/www.salzburgerland.com\/de\/magazin\/wp-content\/uploads\/2013\/07\/Atelier-Festung-1280x1024.jpg\">\t<picture><source media=\"(min-width: 576px)\" srcset=\"https:\/\/www.salzburgerland.com\/de\/magazin\/wp-content\/uploads\/2013\/07\/Atelier-Festung-325x209.jpg 325w, https:\/\/www.salzburgerland.com\/de\/magazin\/wp-content\/uploads\/2013\/07\/Atelier-Festung-249x160.jpg 249w\" \/><source media=\"(min-width: 0)\" srcset=\"https:\/\/www.salzburgerland.com\/de\/magazin\/wp-content\/uploads\/2013\/07\/Atelier-Festung-249x160.jpg 249w, https:\/\/www.salzburgerland.com\/de\/magazin\/wp-content\/uploads\/2013\/07\/Atelier-Festung-325x209.jpg 325w\" \/><img decoding=\"async\" alt=\"Eine Frau in einem roten Kleid betrachtet in einer hellen Kunstgalerie Skizzen an einer schwarzen Wand und auf dem Boden.\" src=\"https:\/\/www.salzburgerland.com\/de\/magazin\/wp-content\/uploads\/2013\/07\/Atelier-Festung-scaled.jpg\" \/>\t<\/picture><\/a><\/figure><\/div><div class=\"col-6 col-sm-4\"><figure><a class=\"thumb-container\" href=\"https:\/\/www.salzburgerland.com\/de\/magazin\/wp-content\/uploads\/2013\/07\/image625-1280x1024.jpg\">\t<picture><source media=\"(min-width: 576px)\" srcset=\"https:\/\/www.salzburgerland.com\/de\/magazin\/wp-content\/uploads\/2013\/07\/image625-325x209.jpg 325w, https:\/\/www.salzburgerland.com\/de\/magazin\/wp-content\/uploads\/2013\/07\/image625-249x160.jpg 249w\" \/><source media=\"(min-width: 0)\" srcset=\"https:\/\/www.salzburgerland.com\/de\/magazin\/wp-content\/uploads\/2013\/07\/image625-249x160.jpg 249w, https:\/\/www.salzburgerland.com\/de\/magazin\/wp-content\/uploads\/2013\/07\/image625-325x209.jpg 325w\" \/><img decoding=\"async\" alt=\"Eine Gruppe von Menschen versammelt sich in einem Innenhof und h\u00f6rt zwei Frauen zu, die an der Spitze sprechen.\" src=\"https:\/\/www.salzburgerland.com\/de\/magazin\/wp-content\/uploads\/2013\/07\/image625-scaled.jpg\" \/>\t<\/picture><\/a><\/figure><\/div><div class=\"col-6 col-sm-4\"><figure><a class=\"thumb-container\" href=\"https:\/\/www.salzburgerland.com\/de\/magazin\/wp-content\/uploads\/2013\/07\/Atelier-Festung-2-1280x1024.jpg\">\t<picture><source media=\"(min-width: 576px)\" srcset=\"https:\/\/www.salzburgerland.com\/de\/magazin\/wp-content\/uploads\/2013\/07\/Atelier-Festung-2-325x209.jpg 325w, https:\/\/www.salzburgerland.com\/de\/magazin\/wp-content\/uploads\/2013\/07\/Atelier-Festung-2-249x160.jpg 249w\" \/><source media=\"(min-width: 0)\" srcset=\"https:\/\/www.salzburgerland.com\/de\/magazin\/wp-content\/uploads\/2013\/07\/Atelier-Festung-2-249x160.jpg 249w, https:\/\/www.salzburgerland.com\/de\/magazin\/wp-content\/uploads\/2013\/07\/Atelier-Festung-2-325x209.jpg 325w\" \/><img decoding=\"async\" alt=\"F\u00fcnf Personen in einem hellen, offenen Atelierraum, die sich unterhalten und um einen langen Tisch mit verschiedenen Gegenst\u00e4nden darauf arbeiten.\" src=\"https:\/\/www.salzburgerland.com\/de\/magazin\/wp-content\/uploads\/2013\/07\/Atelier-Festung-2-scaled.jpg\" \/>\t<\/picture><\/a><\/figure><\/div><div class=\"col-6 col-sm-4\"><figure><a class=\"thumb-container\" href=\"https:\/\/www.salzburgerland.com\/de\/magazin\/wp-content\/uploads\/2013\/07\/image883-1280x1024.jpg\">\t<picture><source media=\"(min-width: 576px)\" srcset=\"https:\/\/www.salzburgerland.com\/de\/magazin\/wp-content\/uploads\/2013\/07\/image883-325x209.jpg 325w, https:\/\/www.salzburgerland.com\/de\/magazin\/wp-content\/uploads\/2013\/07\/image883-249x160.jpg 249w\" \/><source media=\"(min-width: 0)\" srcset=\"https:\/\/www.salzburgerland.com\/de\/magazin\/wp-content\/uploads\/2013\/07\/image883-249x160.jpg 249w, https:\/\/www.salzburgerland.com\/de\/magazin\/wp-content\/uploads\/2013\/07\/image883-325x209.jpg 325w\" \/><img decoding=\"async\" alt=\"Menschen stehen und unterhalten sich in einem wei\u00dfen Flur mit Kunst an den W\u00e4nden und getrockneten Pflanzen, die von der Decke h\u00e4ngen.\" src=\"https:\/\/www.salzburgerland.com\/de\/magazin\/wp-content\/uploads\/2013\/07\/image883-scaled.jpg\" \/>\t<\/picture><\/a><\/figure><\/div><\/div><\/div><figcaption><\/figcaption>\n<p>Wer mehr \u00fcber die k\u00fcnstlerischen Produktion und die Arbeitsweise der Lehrenden erfahren m\u00f6chte, trifft sie zu den <a title=\"Mittagsgespr\u00e4che\" href=\"http:\/\/www.summeracademy.at\/Mittagsgespr%C3%A4che_144.html\" target=\"_blank\" rel=\"noopener noreferrer\">Mittagsgespr\u00e4chen<\/a> auf der Festung oder in der Alten Saline. Die Sommerakademie folgt ihrem Bildungsauftrag treu: Die Internationalit\u00e4t der Lehrenden und der Kursteilnehmenden sowie das gemeinsame Studium von professionellen K\u00fcnstlerInnen, Kunststudierenden und Kunstinteressierten kennt kein Rentenalter. So bleibt Salzburg weiterhin das sch\u00f6nste Atelier der Welt.<\/p>\n<p>Internationale Sommerakademie f\u00fcr Bildende Kunst<br \/> Postfach 18, 5010 Salzburg, \u00d6sterreich<br \/> T +43 662 842113, 843727<br \/> E-Mail: office@summeracademy.at<\/p>\n","protected":false},"excerpt":{"rendered":"<p>2013 feiert die Internationale Sommerakademie f\u00fcr Bildende Kunst das 60-j\u00e4hrige Jubil\u00e4um ihres Bestehens. Aus diesem Anlass erscheint im Jung und Jung Verlag Salzburg die Publikation \u201eDas sch\u00f6nste Atelier der Welt\u201c. Neben einer umfassenden Darstellung der Geschichte der Sommerakademie durch Martin Fritz, fragt deren derzeitige Leiterin Hildegund Amanshauser in einem fiktiven Interview mit dem Gr\u00fcnder Oskar [&hellip;]<\/p>\n","protected":false},"author":208,"featured_media":38887,"comment_status":"open","ping_status":"open","sticky":false,"template":"","format":"standard","meta":{"_acf_changed":false,"wl_entities_gutenberg":"","_wl_entity_redirect_enabled":"","footnotes":""},"categories":[6],"tags":[],"wl_entity_type":[306],"monatsauswahl":[88,89],"class_list":["post-38885","post","type-post","status-publish","format-standard","has-post-thumbnail","hentry","category-kunst-kultur","wl_entity_type-article","monatsauswahl-monat_7","monatsauswahl-monat_8"],"acf":[],"yoast_head":"<!-- This site is optimized with the Yoast SEO Premium plugin v27.4 (Yoast SEO v27.4) - https:\/\/yoast.com\/product\/yoast-seo-premium-wordpress\/ -->\n<title>Das sch\u00f6nste Atelier der Welt - SalzburgerLand Magazin<\/title>\n<meta name=\"description\" content=\"2013 feiert die Internationale Sommerakademie f\u00fcr Bildende Kunst das 60-j\u00e4hrige Jubil\u00e4um ihres Bestehens. Aus diesem Anlass erscheint im Jung und Jung Verlag Salzburg die Publikation \u201eDas sch\u00f6nste Atelier der Welt\u201c. Neben einer umfassenden Darstellung der Geschichte der Sommerakademie durch Martin Fritz, fragt deren derzeitige Leiterin Hildegund Amanshauser in einem fiktiven Interview mit dem Gr\u00fcnder Oskar [&hellip;]\" \/>\n<meta name=\"robots\" content=\"index, follow, max-snippet:-1, max-image-preview:large, max-video-preview:-1\" \/>\n<link rel=\"canonical\" href=\"https:\/\/www.salzburgerland.com\/de\/magazin\/das-schonste-atelier-der-welt\/\" \/>\n<meta property=\"og:locale\" content=\"de_DE\" \/>\n<meta property=\"og:type\" content=\"article\" \/>\n<meta property=\"og:title\" content=\"Das sch\u00f6nste Atelier der Welt\" \/>\n<meta property=\"og:description\" content=\"2013 feiert die Internationale Sommerakademie f\u00fcr Bildende Kunst das 60-j\u00e4hrige Jubil\u00e4um ihres Bestehens. Aus diesem Anlass erscheint im Jung und Jung Verlag Salzburg die Publikation \u201eDas sch\u00f6nste Atelier der Welt\u201c. Neben einer umfassenden Darstellung der Geschichte der Sommerakademie durch Martin Fritz, fragt deren derzeitige Leiterin Hildegund Amanshauser in einem fiktiven Interview mit dem Gr\u00fcnder Oskar [&hellip;]\" \/>\n<meta property=\"og:url\" content=\"https:\/\/www.salzburgerland.com\/de\/magazin\/das-schonste-atelier-der-welt\/\" \/>\n<meta property=\"og:site_name\" content=\"SalzburgerLand Magazin\" \/>\n<meta property=\"article:publisher\" content=\"https:\/\/www.facebook.com\/salzburgerland\/\" \/>\n<meta property=\"article:published_time\" content=\"2013-07-22T13:38:14+00:00\" \/>\n<meta property=\"article:modified_time\" content=\"2019-06-26T18:21:43+00:00\" \/>\n<meta property=\"og:image\" content=\"https:\/\/www.salzburgerland.com\/de\/magazin\/wp-content\/uploads\/2013\/07\/Kokoschka-auf-der-Festung-scaled.jpg\" \/>\n\t<meta property=\"og:image:width\" content=\"4000\" \/>\n\t<meta property=\"og:image:height\" content=\"2679\" \/>\n\t<meta property=\"og:image:type\" content=\"image\/jpeg\" \/>\n<meta name=\"author\" content=\"Karin Buchauer\" \/>\n<meta name=\"twitter:card\" content=\"summary_large_image\" \/>\n<meta name=\"twitter:creator\" content=\"@Salzburgerland\" \/>\n<meta name=\"twitter:site\" content=\"@Salzburgerland\" \/>\n<meta name=\"twitter:label1\" content=\"Verfasst von\" \/>\n\t<meta name=\"twitter:data1\" content=\"Karin Buchauer\" \/>\n\t<meta name=\"twitter:label2\" content=\"Gesch\u00e4tzte Lesezeit\" \/>\n\t<meta name=\"twitter:data2\" content=\"3\u00a0Minuten\" \/>\n<script type=\"application\/ld+json\" class=\"yoast-schema-graph\">{\"@context\":\"https:\\\/\\\/schema.org\",\"@graph\":[{\"@type\":\"Article\",\"@id\":\"https:\\\/\\\/www.salzburgerland.com\\\/de\\\/magazin\\\/das-schonste-atelier-der-welt\\\/#article\",\"isPartOf\":{\"@id\":\"https:\\\/\\\/www.salzburgerland.com\\\/de\\\/magazin\\\/das-schonste-atelier-der-welt\\\/\"},\"author\":{\"name\":\"Karin Buchauer\",\"@id\":\"https:\\\/\\\/www.salzburgerland.com\\\/de\\\/magazin\\\/#\\\/schema\\\/person\\\/15e37ceaebdfa9b7a72b239048bb2a0c\"},\"headline\":\"Das sch\u00f6nste Atelier der Welt\",\"datePublished\":\"2013-07-22T13:38:14+00:00\",\"dateModified\":\"2019-06-26T18:21:43+00:00\",\"mainEntityOfPage\":{\"@id\":\"https:\\\/\\\/www.salzburgerland.com\\\/de\\\/magazin\\\/das-schonste-atelier-der-welt\\\/\"},\"wordCount\":599,\"commentCount\":0,\"publisher\":{\"@id\":\"https:\\\/\\\/www.salzburgerland.com\\\/de\\\/magazin\\\/#organization\"},\"image\":{\"@id\":\"https:\\\/\\\/www.salzburgerland.com\\\/de\\\/magazin\\\/das-schonste-atelier-der-welt\\\/#primaryimage\"},\"thumbnailUrl\":\"https:\\\/\\\/www.salzburgerland.com\\\/de\\\/magazin\\\/wp-content\\\/uploads\\\/2013\\\/07\\\/Kokoschka-auf-der-Festung-scaled.jpg\",\"articleSection\":[\"Kunst &amp; Kultur\"],\"inLanguage\":\"de\",\"potentialAction\":[{\"@type\":\"CommentAction\",\"name\":\"Comment\",\"target\":[\"https:\\\/\\\/www.salzburgerland.com\\\/de\\\/magazin\\\/das-schonste-atelier-der-welt\\\/#respond\"]}]},{\"@type\":\"WebPage\",\"@id\":\"https:\\\/\\\/www.salzburgerland.com\\\/de\\\/magazin\\\/das-schonste-atelier-der-welt\\\/\",\"url\":\"https:\\\/\\\/www.salzburgerland.com\\\/de\\\/magazin\\\/das-schonste-atelier-der-welt\\\/\",\"name\":\"Das sch\u00f6nste Atelier der Welt - SalzburgerLand Magazin\",\"isPartOf\":{\"@id\":\"https:\\\/\\\/www.salzburgerland.com\\\/de\\\/magazin\\\/#website\"},\"primaryImageOfPage\":{\"@id\":\"https:\\\/\\\/www.salzburgerland.com\\\/de\\\/magazin\\\/das-schonste-atelier-der-welt\\\/#primaryimage\"},\"image\":{\"@id\":\"https:\\\/\\\/www.salzburgerland.com\\\/de\\\/magazin\\\/das-schonste-atelier-der-welt\\\/#primaryimage\"},\"thumbnailUrl\":\"https:\\\/\\\/www.salzburgerland.com\\\/de\\\/magazin\\\/wp-content\\\/uploads\\\/2013\\\/07\\\/Kokoschka-auf-der-Festung-scaled.jpg\",\"datePublished\":\"2013-07-22T13:38:14+00:00\",\"dateModified\":\"2019-06-26T18:21:43+00:00\",\"breadcrumb\":{\"@id\":\"https:\\\/\\\/www.salzburgerland.com\\\/de\\\/magazin\\\/das-schonste-atelier-der-welt\\\/#breadcrumb\"},\"inLanguage\":\"de\",\"potentialAction\":[{\"@type\":\"ReadAction\",\"target\":[\"https:\\\/\\\/www.salzburgerland.com\\\/de\\\/magazin\\\/das-schonste-atelier-der-welt\\\/\"]}]},{\"@type\":\"ImageObject\",\"inLanguage\":\"de\",\"@id\":\"https:\\\/\\\/www.salzburgerland.com\\\/de\\\/magazin\\\/das-schonste-atelier-der-welt\\\/#primaryimage\",\"url\":\"https:\\\/\\\/www.salzburgerland.com\\\/de\\\/magazin\\\/wp-content\\\/uploads\\\/2013\\\/07\\\/Kokoschka-auf-der-Festung-scaled.jpg\",\"contentUrl\":\"https:\\\/\\\/www.salzburgerland.com\\\/de\\\/magazin\\\/wp-content\\\/uploads\\\/2013\\\/07\\\/Kokoschka-auf-der-Festung-scaled.jpg\",\"width\":4000,\"height\":2679,\"caption\":\"Schule des Sehens, Oskar Kokoschka mit Studierenden vor der Salzburger Kulisse, 1959 \u00a9 Foto: Erich Lessing\"},{\"@type\":\"BreadcrumbList\",\"@id\":\"https:\\\/\\\/www.salzburgerland.com\\\/de\\\/magazin\\\/das-schonste-atelier-der-welt\\\/#breadcrumb\",\"itemListElement\":[{\"@type\":\"ListItem\",\"position\":1,\"name\":\"Startseite\",\"item\":\"https:\\\/\\\/www.salzburgerland.com\\\/de\\\/magazin\\\/\"},{\"@type\":\"ListItem\",\"position\":2,\"name\":\"Kunst &amp; Kultur\",\"item\":\"https:\\\/\\\/www.salzburgerland.com\\\/de\\\/magazin\\\/thema\\\/kunst-kultur\\\/\"},{\"@type\":\"ListItem\",\"position\":3,\"name\":\"Das sch\u00f6nste Atelier der Welt\"}]},{\"@type\":\"WebSite\",\"@id\":\"https:\\\/\\\/www.salzburgerland.com\\\/de\\\/magazin\\\/#website\",\"url\":\"https:\\\/\\\/www.salzburgerland.com\\\/de\\\/magazin\\\/\",\"name\":\"SalzburgerLand Magazin\",\"description\":\"Geschichten und Interessantes aus dem SalzburgerLand\",\"publisher\":{\"@id\":\"https:\\\/\\\/www.salzburgerland.com\\\/de\\\/magazin\\\/#organization\"},\"potentialAction\":[{\"@type\":\"SearchAction\",\"target\":{\"@type\":\"EntryPoint\",\"urlTemplate\":\"https:\\\/\\\/www.salzburgerland.com\\\/de\\\/magazin\\\/?s={search_term_string}\"},\"query-input\":{\"@type\":\"PropertyValueSpecification\",\"valueRequired\":true,\"valueName\":\"search_term_string\"}}],\"inLanguage\":\"de\"},{\"@type\":\"Organization\",\"@id\":\"https:\\\/\\\/www.salzburgerland.com\\\/de\\\/magazin\\\/#organization\",\"name\":\"SalzburgerLand Tourismus\",\"url\":\"https:\\\/\\\/www.salzburgerland.com\\\/de\\\/magazin\\\/\",\"logo\":{\"@type\":\"ImageObject\",\"inLanguage\":\"de\",\"@id\":\"https:\\\/\\\/www.salzburgerland.com\\\/de\\\/magazin\\\/#\\\/schema\\\/logo\\\/image\\\/\",\"url\":\"https:\\\/\\\/www.salzburgerland.com\\\/de\\\/magazin\\\/wp-content\\\/uploads\\\/2019\\\/06\\\/salzburgerland-logo1.jpg\",\"contentUrl\":\"https:\\\/\\\/www.salzburgerland.com\\\/de\\\/magazin\\\/wp-content\\\/uploads\\\/2019\\\/06\\\/salzburgerland-logo1.jpg\",\"width\":2011,\"height\":866,\"caption\":\"SalzburgerLand Tourismus\"},\"image\":{\"@id\":\"https:\\\/\\\/www.salzburgerland.com\\\/de\\\/magazin\\\/#\\\/schema\\\/logo\\\/image\\\/\"},\"sameAs\":[\"https:\\\/\\\/www.facebook.com\\\/salzburgerland\\\/\",\"https:\\\/\\\/x.com\\\/Salzburgerland\",\"https:\\\/\\\/www.instagram.com\\\/salzburgerland\\\/\",\"https:\\\/\\\/at.linkedin.com\\\/company\\\/salzburgerland-tourismus-gmbh\",\"https:\\\/\\\/www.pinterest.at\\\/salzburgerland\\\/\",\"https:\\\/\\\/www.youtube.com\\\/user\\\/salzburgerland\",\"https:\\\/\\\/de.wikipedia.org\\\/wiki\\\/SalzburgerLand_Tourismus_GmbH\"]},{\"@type\":\"Person\",\"@id\":\"https:\\\/\\\/www.salzburgerland.com\\\/de\\\/magazin\\\/#\\\/schema\\\/person\\\/15e37ceaebdfa9b7a72b239048bb2a0c\",\"name\":\"Karin Buchauer\",\"description\":\"Karin Buchauer ist im Sternzeichen L\u00f6we\u00a0in Lausanne\u00a0geboren, in Wien, Paris und Algier aufgewachsen. Als frankophile Weltb\u00fcrgerin mit Wohnort Salzburg genie\u00dft sie das lokale und internationale Kulturleben der Stadt sowie die Sch\u00f6nheit und den Reichtum der Natur rundum. Ihre Interessen und Talente spiegeln sich in ihren vielf\u00e4ltigen T\u00e4tigkeiten wieder: Kulturarbeiterin, Kunstliebhaberin, Kommunikationswissenschafterin, Sprachexpertin, Schreibk\u00fcnstlerin, Freizeitmeteorologin, Langstreckenl\u00e4uferin und Yogalehrerin. Fragen mit Antworten von Karin Buchauer Dosige oder Zuagroast? Zuagroaste nat\u00fcrlich, aber schon mehr als mein halbes Leben dosig. Das gilt doch oder?! Fr\u00fchling, Sommer, Herbst oder Winter? Ach! Jede Jahreszeit hat ihre D\u00fcfte, Farben und Kl\u00e4nge! Und Klimawandel hin oder her, sie sind hierzulande noch so weit unterscheidbar, dass man jede von ihnen voll und ganz genie\u00dfen kann. Morgen- oder Abendmensch? Morgenmensch: Jedem Anfang wohnt doch ein Zauber inne. Noch zauberhafter wird der Tag, wenn der Abend in den Morgen \u00fcbergeht\u2026 Luxushotel oder Almh\u00fctte? Der Traum vom Luxus einer \u2013 eigenen \u2013 H\u00fctte treibt mich schon mal ins Hotel, sozusagen als \u00dcbergangsl\u00f6sung. Mozart oder Hubert von Goisern? Mozart! Immer. Alles. Dirndl oder Bustierkleid? Ein Dilemma, das zum Gl\u00fcck andere f\u00fcr mich gel\u00f6st haben: ein Bustier-Dirndl von Ploom. Weltliteratur oder Tratsch&amp;Klatsch? Klatsch und Tratsch\u00a0 machen die Welt bunt und laut. Weltliteratur und ihre Worte schaffen neue Welten, Universen, Paradiese. Und das auf Erden. Kr\u00e4utertee oder Zirbenschnaps? Klingt beides irgendwie nach Medizin, aber wenn\u2019s hilft, dann nehm ich bitte beides.\",\"url\":\"https:\\\/\\\/www.salzburgerland.com\\\/de\\\/magazin\\\/author\\\/karinbuch\\\/\"}]}<\/script>\n<!-- \/ Yoast SEO Premium plugin. -->","yoast_head_json":{"title":"Das sch\u00f6nste Atelier der Welt - SalzburgerLand Magazin","description":"2013 feiert die Internationale Sommerakademie f\u00fcr Bildende Kunst das 60-j\u00e4hrige Jubil\u00e4um ihres Bestehens. Aus diesem Anlass erscheint im Jung und Jung Verlag Salzburg die Publikation \u201eDas sch\u00f6nste Atelier der Welt\u201c. Neben einer umfassenden Darstellung der Geschichte der Sommerakademie durch Martin Fritz, fragt deren derzeitige Leiterin Hildegund Amanshauser in einem fiktiven Interview mit dem Gr\u00fcnder Oskar [&hellip;]","robots":{"index":"index","follow":"follow","max-snippet":"max-snippet:-1","max-image-preview":"max-image-preview:large","max-video-preview":"max-video-preview:-1"},"canonical":"https:\/\/www.salzburgerland.com\/de\/magazin\/das-schonste-atelier-der-welt\/","og_locale":"de_DE","og_type":"article","og_title":"Das sch\u00f6nste Atelier der Welt","og_description":"2013 feiert die Internationale Sommerakademie f\u00fcr Bildende Kunst das 60-j\u00e4hrige Jubil\u00e4um ihres Bestehens. Aus diesem Anlass erscheint im Jung und Jung Verlag Salzburg die Publikation \u201eDas sch\u00f6nste Atelier der Welt\u201c. Neben einer umfassenden Darstellung der Geschichte der Sommerakademie durch Martin Fritz, fragt deren derzeitige Leiterin Hildegund Amanshauser in einem fiktiven Interview mit dem Gr\u00fcnder Oskar [&hellip;]","og_url":"https:\/\/www.salzburgerland.com\/de\/magazin\/das-schonste-atelier-der-welt\/","og_site_name":"SalzburgerLand Magazin","article_publisher":"https:\/\/www.facebook.com\/salzburgerland\/","article_published_time":"2013-07-22T13:38:14+00:00","article_modified_time":"2019-06-26T18:21:43+00:00","og_image":[{"width":4000,"height":2679,"url":"https:\/\/www.salzburgerland.com\/de\/magazin\/wp-content\/uploads\/2013\/07\/Kokoschka-auf-der-Festung-scaled.jpg","type":"image\/jpeg"}],"author":"Karin Buchauer","twitter_card":"summary_large_image","twitter_creator":"@Salzburgerland","twitter_site":"@Salzburgerland","twitter_misc":{"Verfasst von":"Karin Buchauer","Gesch\u00e4tzte Lesezeit":"3\u00a0Minuten"},"schema":{"@context":"https:\/\/schema.org","@graph":[{"@type":"Article","@id":"https:\/\/www.salzburgerland.com\/de\/magazin\/das-schonste-atelier-der-welt\/#article","isPartOf":{"@id":"https:\/\/www.salzburgerland.com\/de\/magazin\/das-schonste-atelier-der-welt\/"},"author":{"name":"Karin Buchauer","@id":"https:\/\/www.salzburgerland.com\/de\/magazin\/#\/schema\/person\/15e37ceaebdfa9b7a72b239048bb2a0c"},"headline":"Das sch\u00f6nste Atelier der Welt","datePublished":"2013-07-22T13:38:14+00:00","dateModified":"2019-06-26T18:21:43+00:00","mainEntityOfPage":{"@id":"https:\/\/www.salzburgerland.com\/de\/magazin\/das-schonste-atelier-der-welt\/"},"wordCount":599,"commentCount":0,"publisher":{"@id":"https:\/\/www.salzburgerland.com\/de\/magazin\/#organization"},"image":{"@id":"https:\/\/www.salzburgerland.com\/de\/magazin\/das-schonste-atelier-der-welt\/#primaryimage"},"thumbnailUrl":"https:\/\/www.salzburgerland.com\/de\/magazin\/wp-content\/uploads\/2013\/07\/Kokoschka-auf-der-Festung-scaled.jpg","articleSection":["Kunst &amp; Kultur"],"inLanguage":"de","potentialAction":[{"@type":"CommentAction","name":"Comment","target":["https:\/\/www.salzburgerland.com\/de\/magazin\/das-schonste-atelier-der-welt\/#respond"]}]},{"@type":"WebPage","@id":"https:\/\/www.salzburgerland.com\/de\/magazin\/das-schonste-atelier-der-welt\/","url":"https:\/\/www.salzburgerland.com\/de\/magazin\/das-schonste-atelier-der-welt\/","name":"Das sch\u00f6nste Atelier der Welt - SalzburgerLand Magazin","isPartOf":{"@id":"https:\/\/www.salzburgerland.com\/de\/magazin\/#website"},"primaryImageOfPage":{"@id":"https:\/\/www.salzburgerland.com\/de\/magazin\/das-schonste-atelier-der-welt\/#primaryimage"},"image":{"@id":"https:\/\/www.salzburgerland.com\/de\/magazin\/das-schonste-atelier-der-welt\/#primaryimage"},"thumbnailUrl":"https:\/\/www.salzburgerland.com\/de\/magazin\/wp-content\/uploads\/2013\/07\/Kokoschka-auf-der-Festung-scaled.jpg","datePublished":"2013-07-22T13:38:14+00:00","dateModified":"2019-06-26T18:21:43+00:00","breadcrumb":{"@id":"https:\/\/www.salzburgerland.com\/de\/magazin\/das-schonste-atelier-der-welt\/#breadcrumb"},"inLanguage":"de","potentialAction":[{"@type":"ReadAction","target":["https:\/\/www.salzburgerland.com\/de\/magazin\/das-schonste-atelier-der-welt\/"]}]},{"@type":"ImageObject","inLanguage":"de","@id":"https:\/\/www.salzburgerland.com\/de\/magazin\/das-schonste-atelier-der-welt\/#primaryimage","url":"https:\/\/www.salzburgerland.com\/de\/magazin\/wp-content\/uploads\/2013\/07\/Kokoschka-auf-der-Festung-scaled.jpg","contentUrl":"https:\/\/www.salzburgerland.com\/de\/magazin\/wp-content\/uploads\/2013\/07\/Kokoschka-auf-der-Festung-scaled.jpg","width":4000,"height":2679,"caption":"Schule des Sehens, Oskar Kokoschka mit Studierenden vor der Salzburger Kulisse, 1959 \u00a9 Foto: Erich Lessing"},{"@type":"BreadcrumbList","@id":"https:\/\/www.salzburgerland.com\/de\/magazin\/das-schonste-atelier-der-welt\/#breadcrumb","itemListElement":[{"@type":"ListItem","position":1,"name":"Startseite","item":"https:\/\/www.salzburgerland.com\/de\/magazin\/"},{"@type":"ListItem","position":2,"name":"Kunst &amp; Kultur","item":"https:\/\/www.salzburgerland.com\/de\/magazin\/thema\/kunst-kultur\/"},{"@type":"ListItem","position":3,"name":"Das sch\u00f6nste Atelier der Welt"}]},{"@type":"WebSite","@id":"https:\/\/www.salzburgerland.com\/de\/magazin\/#website","url":"https:\/\/www.salzburgerland.com\/de\/magazin\/","name":"SalzburgerLand Magazin","description":"Geschichten und Interessantes aus dem SalzburgerLand","publisher":{"@id":"https:\/\/www.salzburgerland.com\/de\/magazin\/#organization"},"potentialAction":[{"@type":"SearchAction","target":{"@type":"EntryPoint","urlTemplate":"https:\/\/www.salzburgerland.com\/de\/magazin\/?s={search_term_string}"},"query-input":{"@type":"PropertyValueSpecification","valueRequired":true,"valueName":"search_term_string"}}],"inLanguage":"de"},{"@type":"Organization","@id":"https:\/\/www.salzburgerland.com\/de\/magazin\/#organization","name":"SalzburgerLand Tourismus","url":"https:\/\/www.salzburgerland.com\/de\/magazin\/","logo":{"@type":"ImageObject","inLanguage":"de","@id":"https:\/\/www.salzburgerland.com\/de\/magazin\/#\/schema\/logo\/image\/","url":"https:\/\/www.salzburgerland.com\/de\/magazin\/wp-content\/uploads\/2019\/06\/salzburgerland-logo1.jpg","contentUrl":"https:\/\/www.salzburgerland.com\/de\/magazin\/wp-content\/uploads\/2019\/06\/salzburgerland-logo1.jpg","width":2011,"height":866,"caption":"SalzburgerLand Tourismus"},"image":{"@id":"https:\/\/www.salzburgerland.com\/de\/magazin\/#\/schema\/logo\/image\/"},"sameAs":["https:\/\/www.facebook.com\/salzburgerland\/","https:\/\/x.com\/Salzburgerland","https:\/\/www.instagram.com\/salzburgerland\/","https:\/\/at.linkedin.com\/company\/salzburgerland-tourismus-gmbh","https:\/\/www.pinterest.at\/salzburgerland\/","https:\/\/www.youtube.com\/user\/salzburgerland","https:\/\/de.wikipedia.org\/wiki\/SalzburgerLand_Tourismus_GmbH"]},{"@type":"Person","@id":"https:\/\/www.salzburgerland.com\/de\/magazin\/#\/schema\/person\/15e37ceaebdfa9b7a72b239048bb2a0c","name":"Karin Buchauer","description":"Karin Buchauer ist im Sternzeichen L\u00f6we\u00a0in Lausanne\u00a0geboren, in Wien, Paris und Algier aufgewachsen. Als frankophile Weltb\u00fcrgerin mit Wohnort Salzburg genie\u00dft sie das lokale und internationale Kulturleben der Stadt sowie die Sch\u00f6nheit und den Reichtum der Natur rundum. Ihre Interessen und Talente spiegeln sich in ihren vielf\u00e4ltigen T\u00e4tigkeiten wieder: Kulturarbeiterin, Kunstliebhaberin, Kommunikationswissenschafterin, Sprachexpertin, Schreibk\u00fcnstlerin, Freizeitmeteorologin, Langstreckenl\u00e4uferin und Yogalehrerin. Fragen mit Antworten von Karin Buchauer Dosige oder Zuagroast? Zuagroaste nat\u00fcrlich, aber schon mehr als mein halbes Leben dosig. Das gilt doch oder?! Fr\u00fchling, Sommer, Herbst oder Winter? Ach! Jede Jahreszeit hat ihre D\u00fcfte, Farben und Kl\u00e4nge! Und Klimawandel hin oder her, sie sind hierzulande noch so weit unterscheidbar, dass man jede von ihnen voll und ganz genie\u00dfen kann. Morgen- oder Abendmensch? Morgenmensch: Jedem Anfang wohnt doch ein Zauber inne. Noch zauberhafter wird der Tag, wenn der Abend in den Morgen \u00fcbergeht\u2026 Luxushotel oder Almh\u00fctte? Der Traum vom Luxus einer \u2013 eigenen \u2013 H\u00fctte treibt mich schon mal ins Hotel, sozusagen als \u00dcbergangsl\u00f6sung. Mozart oder Hubert von Goisern? Mozart! Immer. Alles. Dirndl oder Bustierkleid? Ein Dilemma, das zum Gl\u00fcck andere f\u00fcr mich gel\u00f6st haben: ein Bustier-Dirndl von Ploom. Weltliteratur oder Tratsch&amp;Klatsch? Klatsch und Tratsch\u00a0 machen die Welt bunt und laut. Weltliteratur und ihre Worte schaffen neue Welten, Universen, Paradiese. Und das auf Erden. Kr\u00e4utertee oder Zirbenschnaps? Klingt beides irgendwie nach Medizin, aber wenn\u2019s hilft, dann nehm ich bitte beides.","url":"https:\/\/www.salzburgerland.com\/de\/magazin\/author\/karinbuch\/"}]}},"_wl_alt_label":[],"wl:entity_url":"http:\/\/open.salzburgerland.com\/magazin\/post\/das_schoenste_atelier_der_welt","_links":{"self":[{"href":"https:\/\/www.salzburgerland.com\/de\/magazin\/wp-json\/wp\/v2\/posts\/38885","targetHints":{"allow":["GET"]}}],"collection":[{"href":"https:\/\/www.salzburgerland.com\/de\/magazin\/wp-json\/wp\/v2\/posts"}],"about":[{"href":"https:\/\/www.salzburgerland.com\/de\/magazin\/wp-json\/wp\/v2\/types\/post"}],"author":[{"embeddable":true,"href":"https:\/\/www.salzburgerland.com\/de\/magazin\/wp-json\/wp\/v2\/users\/208"}],"replies":[{"embeddable":true,"href":"https:\/\/www.salzburgerland.com\/de\/magazin\/wp-json\/wp\/v2\/comments?post=38885"}],"version-history":[{"count":0,"href":"https:\/\/www.salzburgerland.com\/de\/magazin\/wp-json\/wp\/v2\/posts\/38885\/revisions"}],"wp:featuredmedia":[{"embeddable":true,"href":"https:\/\/www.salzburgerland.com\/de\/magazin\/wp-json\/wp\/v2\/media\/38887"}],"wp:attachment":[{"href":"https:\/\/www.salzburgerland.com\/de\/magazin\/wp-json\/wp\/v2\/media?parent=38885"}],"wp:term":[{"taxonomy":"category","embeddable":true,"href":"https:\/\/www.salzburgerland.com\/de\/magazin\/wp-json\/wp\/v2\/categories?post=38885"},{"taxonomy":"post_tag","embeddable":true,"href":"https:\/\/www.salzburgerland.com\/de\/magazin\/wp-json\/wp\/v2\/tags?post=38885"},{"taxonomy":"wl_entity_type","embeddable":true,"href":"https:\/\/www.salzburgerland.com\/de\/magazin\/wp-json\/wp\/v2\/wl_entity_type?post=38885"},{"taxonomy":"monatsauswahl","embeddable":true,"href":"https:\/\/www.salzburgerland.com\/de\/magazin\/wp-json\/wp\/v2\/monatsauswahl?post=38885"}],"curies":[{"name":"wp","href":"https:\/\/api.w.org\/{rel}","templated":true}]}}