{"id":38836,"date":"2013-07-25T08:30:25","date_gmt":"2013-07-25T06:30:25","guid":{"rendered":"http:\/\/magazin.salzburgerland.com\/?p=38836"},"modified":"2021-01-07T09:25:59","modified_gmt":"2021-01-07T08:25:59","slug":"gondelfruhstuck","status":"publish","type":"post","link":"https:\/\/www.salzburgerland.com\/de\/magazin\/gondelfruhstuck\/","title":{"rendered":"Gondelfr\u00fchst\u00fcck"},"content":{"rendered":"\n<h2 class=\"wp-block-slt-subtitle\">Kulinarischer Geheimtipp f\u00fcr Fr\u00fchaufsteher<\/h2>\n\n\n\n<p>Es ist noch fr\u00fch am Morgen. Die Luft ist k\u00fchl, doch der wolkenlose Himmel verspricht einen wunderbaren Sommertag. Bei der Panoramabahn Kitzb\u00fcheler Alpen in Hollersbach herrscht schon emsige Betriebsamkeit. An der Talstation stehen bereits sch\u00f6n gedeckte Tische und warten auf die ersten Fr\u00fchaufsteher. Fr\u00fchaufsteher, die sich an diesem Sommermorgen etwas ganz Besonderes g\u00f6nnen wollen \u2013 ein <a href=\"https:\/\/www.panoramabahn.at\/de\/fruehstuecken-in-luftigen-hoehen.html\" target=\"_blank\" rel=\"noreferrer noopener\">Fr\u00fchst\u00fcck in der Gondel<\/a>. Seit Sommer 2012 bieten die Bergbahnen diesen besonderen Service an, und das mit gro\u00dfem Erfolg. Unter Einheimischen und G\u00e4sten hat sich das Fr\u00fchst\u00fcck in luftiger H\u00f6he bereits als Geheimtipp herumgesprochen.<\/p>\n\n\n\n<p>So werden tagt\u00e4glich Tische mit den W\u00fcnschen der G\u00e4ste gedeckt \u2013 bei den Getr\u00e4nken stehen Tee, Kaffee oder Kakao zur Wahl. Besondere Genie\u00dfer g\u00f6nnen sich auch ein Glas Sekt dazu. Die Tische sind bereits fertig gedeckt und werden so in die Gondel gehoben. Die G\u00e4ste setzen sich dazu und schon geht die Fahrt los Richtung Bergstation. Und w\u00e4hrend es immer h\u00f6her hinauf geht, genie\u00dft man das reichhaltige Fr\u00fchst\u00fcck. Frisches Geb\u00e4ck, Croissant, Schinken, K\u00e4se, Butter, Nutella, Marmelade, Joghurt und Fruchtsalat \u2013 f\u00fcr jeden Geschmack ist etwas dabei. Kulinarischer Genuss pur, w\u00e4hrend das beeindruckende Panorama des Nationalparks Hohe Tauern mit seinen schneebedeckten Gipfeln vorbeizieht. Kein Problem, wenn man nach 25-min\u00fctiger Fahrt an der Bergstation noch nicht fertig ist, einfach sitzen bleiben und noch eine Runde in der Gondel drehen. Und wer nach einem ausgiebigen Fr\u00fchst\u00fcck Lust auf Bewegung hat, der kann gerne noch einmal zur Bergstation fahren und dort die zahlreichen Wanderwege erkunden.<\/p>\n\n\n<div class=\"mag-gallery\"><div class=\"row\"><div class=\"col-6 col-sm-4\"><figure><a class=\"thumb-container\" href=\"https:\/\/www.salzburgerland.com\/de\/magazin\/wp-content\/uploads\/2013\/07\/DSC09602-1280x1024.jpg\">\t<picture><source media=\"(min-width: 576px)\" srcset=\"\"><\/source><source media=\"(min-width: 0)\" srcset=\"https:\/\/www.salzburgerland.com\/de\/magazin\/wp-content\/uploads\/2013\/07\/DSC09602.jpg 1200w, https:\/\/www.salzburgerland.com\/de\/magazin\/wp-content\/uploads\/2013\/07\/DSC09602-201x300.jpg 201w, https:\/\/www.salzburgerland.com\/de\/magazin\/wp-content\/uploads\/2013\/07\/DSC09602-368x550.jpg 368w, https:\/\/www.salzburgerland.com\/de\/magazin\/wp-content\/uploads\/2013\/07\/DSC09602-268x400.jpg 268w\"><\/source><img decoding=\"async\" alt=\"Ein Fr&uuml;hst&uuml;cksbuffet mit Wurst, K&auml;se und Getr&auml;nken in einer Seilbahn mit Blick auf die Berge und eine weitere Seilbahn.\" src=\"https:\/\/www.salzburgerland.com\/de\/magazin\/wp-content\/uploads\/2013\/07\/DSC09602.jpg\">\t<\/picture><\/a><\/figure><\/div><div class=\"col-6 col-sm-4\"><figure><a class=\"thumb-container\" href=\"https:\/\/www.salzburgerland.com\/de\/magazin\/wp-content\/uploads\/2013\/07\/DSC09609-1280x1024.jpg\">\t<picture><source media=\"(min-width: 576px)\" srcset=\"https:\/\/www.salzburgerland.com\/de\/magazin\/wp-content\/uploads\/2013\/07\/DSC09609-325x209.jpg 325w, https:\/\/www.salzburgerland.com\/de\/magazin\/wp-content\/uploads\/2013\/07\/DSC09609-249x160.jpg 249w\"><\/source><source media=\"(min-width: 0)\" srcset=\"https:\/\/www.salzburgerland.com\/de\/magazin\/wp-content\/uploads\/2013\/07\/DSC09609-249x160.jpg 249w, https:\/\/www.salzburgerland.com\/de\/magazin\/wp-content\/uploads\/2013\/07\/DSC09609-325x209.jpg 325w\"><\/source><img decoding=\"async\" alt=\"Eine Frau l&auml;chelt und st&ouml;&szlig;t mit Champagner in einer Seilbahn an, w&auml;hrend drau&szlig;en das Fr&uuml;hst&uuml;ck und die malerischen H&uuml;gel zu sehen sind.\" src=\"https:\/\/www.salzburgerland.com\/de\/magazin\/wp-content\/uploads\/2013\/07\/DSC09609.jpg\">\t<\/picture><\/a><\/figure><\/div><div class=\"col-6 col-sm-4\"><figure><a class=\"thumb-container\" href=\"https:\/\/www.salzburgerland.com\/de\/magazin\/wp-content\/uploads\/2013\/07\/DSC09614-1280x1024.jpg\">\t<picture><source media=\"(min-width: 576px)\" srcset=\"https:\/\/www.salzburgerland.com\/de\/magazin\/wp-content\/uploads\/2013\/07\/DSC09614-325x209.jpg 325w, https:\/\/www.salzburgerland.com\/de\/magazin\/wp-content\/uploads\/2013\/07\/DSC09614-249x160.jpg 249w\"><\/source><source media=\"(min-width: 0)\" srcset=\"https:\/\/www.salzburgerland.com\/de\/magazin\/wp-content\/uploads\/2013\/07\/DSC09614-249x160.jpg 249w, https:\/\/www.salzburgerland.com\/de\/magazin\/wp-content\/uploads\/2013\/07\/DSC09614-325x209.jpg 325w\"><\/source><img decoding=\"async\" alt=\"Mehrere Gl&auml;ser mit Obstsalat, ein Glas Milch und ein gr&uuml;nes Glas stehen auf einem Tisch.\" src=\"https:\/\/www.salzburgerland.com\/de\/magazin\/wp-content\/uploads\/2013\/07\/DSC09614.jpg\">\t<\/picture><\/a><\/figure><\/div><div class=\"col-6 col-sm-4\"><figure><a class=\"thumb-container\" href=\"https:\/\/www.salzburgerland.com\/de\/magazin\/wp-content\/uploads\/2013\/07\/DSC09615-1280x1024.jpg\">\t<picture><source media=\"(min-width: 576px)\" srcset=\"https:\/\/www.salzburgerland.com\/de\/magazin\/wp-content\/uploads\/2013\/07\/DSC09615-325x209.jpg 325w, https:\/\/www.salzburgerland.com\/de\/magazin\/wp-content\/uploads\/2013\/07\/DSC09615-249x160.jpg 249w\"><\/source><source media=\"(min-width: 0)\" srcset=\"https:\/\/www.salzburgerland.com\/de\/magazin\/wp-content\/uploads\/2013\/07\/DSC09615-249x160.jpg 249w, https:\/\/www.salzburgerland.com\/de\/magazin\/wp-content\/uploads\/2013\/07\/DSC09615-325x209.jpg 325w\"><\/source><img decoding=\"async\" alt=\"Ein Weidenkorb, gef&uuml;llt mit verschiedenen Br&ouml;tchen und einem Croissant, mit K&auml;se und Schinken im Hintergrund.\" src=\"https:\/\/www.salzburgerland.com\/de\/magazin\/wp-content\/uploads\/2013\/07\/DSC09615.jpg\">\t<\/picture><\/a><\/figure><\/div><div class=\"col-6 col-sm-4\"><figure><a class=\"thumb-container\" href=\"https:\/\/www.salzburgerland.com\/de\/magazin\/wp-content\/uploads\/2013\/07\/DSC09616-1280x1024.jpg\">\t<picture><source media=\"(min-width: 576px)\" srcset=\"\"><\/source><source media=\"(min-width: 0)\" srcset=\"https:\/\/www.salzburgerland.com\/de\/magazin\/wp-content\/uploads\/2013\/07\/DSC09616.jpg 1200w, https:\/\/www.salzburgerland.com\/de\/magazin\/wp-content\/uploads\/2013\/07\/DSC09616-201x300.jpg 201w, https:\/\/www.salzburgerland.com\/de\/magazin\/wp-content\/uploads\/2013\/07\/DSC09616-368x550.jpg 368w, https:\/\/www.salzburgerland.com\/de\/magazin\/wp-content\/uploads\/2013\/07\/DSC09616-268x400.jpg 268w\"><\/source><img decoding=\"async\" alt=\"Ein Glas Wasser, eine rosa Rose in einer Vase und ein Krug mit Orangensaft auf einem Tisch.\" src=\"https:\/\/www.salzburgerland.com\/de\/magazin\/wp-content\/uploads\/2013\/07\/DSC09616.jpg\">\t<\/picture><\/a><\/figure><\/div><div class=\"col-6 col-sm-4\"><figure><a class=\"thumb-container\" href=\"https:\/\/www.salzburgerland.com\/de\/magazin\/wp-content\/uploads\/2013\/07\/DSC09618-1280x1024.jpg\">\t<picture><source media=\"(min-width: 576px)\" srcset=\"https:\/\/www.salzburgerland.com\/de\/magazin\/wp-content\/uploads\/2013\/07\/DSC09618-325x209.jpg 325w, https:\/\/www.salzburgerland.com\/de\/magazin\/wp-content\/uploads\/2013\/07\/DSC09618-249x160.jpg 249w\"><\/source><source media=\"(min-width: 0)\" srcset=\"https:\/\/www.salzburgerland.com\/de\/magazin\/wp-content\/uploads\/2013\/07\/DSC09618-249x160.jpg 249w, https:\/\/www.salzburgerland.com\/de\/magazin\/wp-content\/uploads\/2013\/07\/DSC09618-325x209.jpg 325w\"><\/source><img decoding=\"async\" alt=\"Ein Mann und ein M&auml;dchen fr&uuml;hst&uuml;cken in einer Seilbahn mit Bergen und gr&uuml;nen Feldern im Hintergrund.\" src=\"https:\/\/www.salzburgerland.com\/de\/magazin\/wp-content\/uploads\/2013\/07\/DSC09618.jpg\">\t<\/picture><\/a><\/figure><\/div><\/div><figcaption><\/figcaption><\/div>\n\n\n\n<p>Fotocredit \u00a9Hammerl<\/p>\n","protected":false},"excerpt":{"rendered":"<p>Es ist noch fr\u00fch am Morgen. Die Luft ist k\u00fchl, doch der wolkenlose Himmel verspricht einen wunderbaren Sommertag. Bei der Panoramabahn Kitzb\u00fcheler Alpen in Hollersbach herrscht schon emsige Betriebsamkeit. An der Talstation stehen bereits sch\u00f6n gedeckte Tische und warten auf die ersten Fr\u00fchaufsteher. Fr\u00fchaufsteher, die sich an diesem Sommermorgen etwas ganz Besonderes g\u00f6nnen wollen \u2013 [&hellip;]<\/p>\n","protected":false},"author":90,"featured_media":149176,"comment_status":"open","ping_status":"open","sticky":false,"template":"","format":"standard","meta":{"_acf_changed":false,"wl_entities_gutenberg":"","_wl_entity_redirect_enabled":"","footnotes":""},"categories":[3],"tags":[],"wl_entity_type":[306],"monatsauswahl":[87,88,89,90],"class_list":["post-38836","post","type-post","status-publish","format-standard","has-post-thumbnail","hentry","category-essen-trinken","wl_entity_type-article","monatsauswahl-monat_6","monatsauswahl-monat_7","monatsauswahl-monat_8","monatsauswahl-monat_9"],"acf":[],"yoast_head":"<!-- This site is optimized with the Yoast SEO Premium plugin v27.4 (Yoast SEO v27.4) - https:\/\/yoast.com\/product\/yoast-seo-premium-wordpress\/ -->\n<title>Gondelfr\u00fchst\u00fcck - SalzburgerLand Magazin<\/title>\n<meta name=\"description\" content=\"Es ist noch fr\u00fch am Morgen. Die Luft ist k\u00fchl, doch der wolkenlose Himmel verspricht einen wunderbaren Sommertag. Bei der Panoramabahn Kitzb\u00fcheler Alpen in Hollersbach herrscht schon emsige Betriebsamkeit. An der Talstation stehen bereits sch\u00f6n gedeckte Tische und warten auf die ersten Fr\u00fchaufsteher. Fr\u00fchaufsteher, die sich an diesem Sommermorgen etwas ganz Besonderes g\u00f6nnen wollen \u2013 [&hellip;]\" \/>\n<meta name=\"robots\" content=\"index, follow, max-snippet:-1, max-image-preview:large, max-video-preview:-1\" \/>\n<link rel=\"canonical\" href=\"https:\/\/www.salzburgerland.com\/de\/magazin\/gondelfruhstuck\/\" \/>\n<meta property=\"og:locale\" content=\"de_DE\" \/>\n<meta property=\"og:type\" content=\"article\" \/>\n<meta property=\"og:title\" content=\"Gondelfr\u00fchst\u00fcck\" \/>\n<meta property=\"og:description\" content=\"Es ist noch fr\u00fch am Morgen. Die Luft ist k\u00fchl, doch der wolkenlose Himmel verspricht einen wunderbaren Sommertag. Bei der Panoramabahn Kitzb\u00fcheler Alpen in Hollersbach herrscht schon emsige Betriebsamkeit. An der Talstation stehen bereits sch\u00f6n gedeckte Tische und warten auf die ersten Fr\u00fchaufsteher. Fr\u00fchaufsteher, die sich an diesem Sommermorgen etwas ganz Besonderes g\u00f6nnen wollen \u2013 [&hellip;]\" \/>\n<meta property=\"og:url\" content=\"https:\/\/www.salzburgerland.com\/de\/magazin\/gondelfruhstuck\/\" \/>\n<meta property=\"og:site_name\" content=\"SalzburgerLand Magazin\" \/>\n<meta property=\"article:publisher\" content=\"https:\/\/www.facebook.com\/salzburgerland\/\" \/>\n<meta property=\"article:published_time\" content=\"2013-07-25T06:30:25+00:00\" \/>\n<meta property=\"article:modified_time\" content=\"2021-01-07T08:25:59+00:00\" \/>\n<meta property=\"og:image\" content=\"https:\/\/www.salzburgerland.com\/de\/magazin\/wp-content\/uploads\/2013\/07\/Gondelfruehstueck-Hollersbach.jpg\" \/>\n\t<meta property=\"og:image:width\" content=\"1620\" \/>\n\t<meta property=\"og:image:height\" content=\"1080\" \/>\n\t<meta property=\"og:image:type\" content=\"image\/jpeg\" \/>\n<meta name=\"author\" content=\"Ulli Hammerl\" \/>\n<meta name=\"twitter:card\" content=\"summary_large_image\" \/>\n<meta name=\"twitter:creator\" content=\"@Salzburgerland\" \/>\n<meta name=\"twitter:site\" content=\"@Salzburgerland\" \/>\n<meta name=\"twitter:label1\" content=\"Verfasst von\" \/>\n\t<meta name=\"twitter:data1\" content=\"Ulli Hammerl\" \/>\n\t<meta name=\"twitter:label2\" content=\"Gesch\u00e4tzte Lesezeit\" \/>\n\t<meta name=\"twitter:data2\" content=\"1\u00a0Minute\" \/>\n<script type=\"application\/ld+json\" class=\"yoast-schema-graph\">{\"@context\":\"https:\\\/\\\/schema.org\",\"@graph\":[{\"@type\":\"Article\",\"@id\":\"https:\\\/\\\/www.salzburgerland.com\\\/de\\\/magazin\\\/gondelfruhstuck\\\/#article\",\"isPartOf\":{\"@id\":\"https:\\\/\\\/www.salzburgerland.com\\\/de\\\/magazin\\\/gondelfruhstuck\\\/\"},\"author\":{\"name\":\"Ulli Hammerl\",\"@id\":\"https:\\\/\\\/www.salzburgerland.com\\\/de\\\/magazin\\\/#\\\/schema\\\/person\\\/a55a4fee1009b9e458d298480a18a9f7\"},\"headline\":\"Gondelfr\u00fchst\u00fcck\",\"datePublished\":\"2013-07-25T06:30:25+00:00\",\"dateModified\":\"2021-01-07T08:25:59+00:00\",\"mainEntityOfPage\":{\"@id\":\"https:\\\/\\\/www.salzburgerland.com\\\/de\\\/magazin\\\/gondelfruhstuck\\\/\"},\"wordCount\":281,\"commentCount\":0,\"publisher\":{\"@id\":\"https:\\\/\\\/www.salzburgerland.com\\\/de\\\/magazin\\\/#organization\"},\"image\":{\"@id\":\"https:\\\/\\\/www.salzburgerland.com\\\/de\\\/magazin\\\/gondelfruhstuck\\\/#primaryimage\"},\"thumbnailUrl\":\"https:\\\/\\\/www.salzburgerland.com\\\/de\\\/magazin\\\/wp-content\\\/uploads\\\/2013\\\/07\\\/Gondelfruehstueck-Hollersbach.jpg\",\"articleSection\":[\"Essen &amp; Trinken\"],\"inLanguage\":\"de\",\"potentialAction\":[{\"@type\":\"CommentAction\",\"name\":\"Comment\",\"target\":[\"https:\\\/\\\/www.salzburgerland.com\\\/de\\\/magazin\\\/gondelfruhstuck\\\/#respond\"]}]},{\"@type\":\"WebPage\",\"@id\":\"https:\\\/\\\/www.salzburgerland.com\\\/de\\\/magazin\\\/gondelfruhstuck\\\/\",\"url\":\"https:\\\/\\\/www.salzburgerland.com\\\/de\\\/magazin\\\/gondelfruhstuck\\\/\",\"name\":\"Gondelfr\u00fchst\u00fcck - SalzburgerLand Magazin\",\"isPartOf\":{\"@id\":\"https:\\\/\\\/www.salzburgerland.com\\\/de\\\/magazin\\\/#website\"},\"primaryImageOfPage\":{\"@id\":\"https:\\\/\\\/www.salzburgerland.com\\\/de\\\/magazin\\\/gondelfruhstuck\\\/#primaryimage\"},\"image\":{\"@id\":\"https:\\\/\\\/www.salzburgerland.com\\\/de\\\/magazin\\\/gondelfruhstuck\\\/#primaryimage\"},\"thumbnailUrl\":\"https:\\\/\\\/www.salzburgerland.com\\\/de\\\/magazin\\\/wp-content\\\/uploads\\\/2013\\\/07\\\/Gondelfruehstueck-Hollersbach.jpg\",\"datePublished\":\"2013-07-25T06:30:25+00:00\",\"dateModified\":\"2021-01-07T08:25:59+00:00\",\"breadcrumb\":{\"@id\":\"https:\\\/\\\/www.salzburgerland.com\\\/de\\\/magazin\\\/gondelfruhstuck\\\/#breadcrumb\"},\"inLanguage\":\"de\",\"potentialAction\":[{\"@type\":\"ReadAction\",\"target\":[\"https:\\\/\\\/www.salzburgerland.com\\\/de\\\/magazin\\\/gondelfruhstuck\\\/\"]}]},{\"@type\":\"ImageObject\",\"inLanguage\":\"de\",\"@id\":\"https:\\\/\\\/www.salzburgerland.com\\\/de\\\/magazin\\\/gondelfruhstuck\\\/#primaryimage\",\"url\":\"https:\\\/\\\/www.salzburgerland.com\\\/de\\\/magazin\\\/wp-content\\\/uploads\\\/2013\\\/07\\\/Gondelfruehstueck-Hollersbach.jpg\",\"contentUrl\":\"https:\\\/\\\/www.salzburgerland.com\\\/de\\\/magazin\\\/wp-content\\\/uploads\\\/2013\\\/07\\\/Gondelfruehstueck-Hollersbach.jpg\",\"width\":1620,\"height\":1080,\"caption\":\"Das Fr\u00fchst\u00fcck wird an einem Tisch in einer Seilbahn serviert, mit Blick auf die Berge und eine weitere Seilbahn drau\u00dfen.\"},{\"@type\":\"BreadcrumbList\",\"@id\":\"https:\\\/\\\/www.salzburgerland.com\\\/de\\\/magazin\\\/gondelfruhstuck\\\/#breadcrumb\",\"itemListElement\":[{\"@type\":\"ListItem\",\"position\":1,\"name\":\"Startseite\",\"item\":\"https:\\\/\\\/www.salzburgerland.com\\\/de\\\/magazin\\\/\"},{\"@type\":\"ListItem\",\"position\":2,\"name\":\"Essen &amp; Trinken\",\"item\":\"https:\\\/\\\/www.salzburgerland.com\\\/de\\\/magazin\\\/thema\\\/essen-trinken\\\/\"},{\"@type\":\"ListItem\",\"position\":3,\"name\":\"Gondelfr\u00fchst\u00fcck\"}]},{\"@type\":\"WebSite\",\"@id\":\"https:\\\/\\\/www.salzburgerland.com\\\/de\\\/magazin\\\/#website\",\"url\":\"https:\\\/\\\/www.salzburgerland.com\\\/de\\\/magazin\\\/\",\"name\":\"SalzburgerLand Magazin\",\"description\":\"Geschichten und Interessantes aus dem SalzburgerLand\",\"publisher\":{\"@id\":\"https:\\\/\\\/www.salzburgerland.com\\\/de\\\/magazin\\\/#organization\"},\"potentialAction\":[{\"@type\":\"SearchAction\",\"target\":{\"@type\":\"EntryPoint\",\"urlTemplate\":\"https:\\\/\\\/www.salzburgerland.com\\\/de\\\/magazin\\\/?s={search_term_string}\"},\"query-input\":{\"@type\":\"PropertyValueSpecification\",\"valueRequired\":true,\"valueName\":\"search_term_string\"}}],\"inLanguage\":\"de\"},{\"@type\":\"Organization\",\"@id\":\"https:\\\/\\\/www.salzburgerland.com\\\/de\\\/magazin\\\/#organization\",\"name\":\"SalzburgerLand Tourismus\",\"url\":\"https:\\\/\\\/www.salzburgerland.com\\\/de\\\/magazin\\\/\",\"logo\":{\"@type\":\"ImageObject\",\"inLanguage\":\"de\",\"@id\":\"https:\\\/\\\/www.salzburgerland.com\\\/de\\\/magazin\\\/#\\\/schema\\\/logo\\\/image\\\/\",\"url\":\"https:\\\/\\\/www.salzburgerland.com\\\/de\\\/magazin\\\/wp-content\\\/uploads\\\/2019\\\/06\\\/salzburgerland-logo1.jpg\",\"contentUrl\":\"https:\\\/\\\/www.salzburgerland.com\\\/de\\\/magazin\\\/wp-content\\\/uploads\\\/2019\\\/06\\\/salzburgerland-logo1.jpg\",\"width\":2011,\"height\":866,\"caption\":\"SalzburgerLand Tourismus\"},\"image\":{\"@id\":\"https:\\\/\\\/www.salzburgerland.com\\\/de\\\/magazin\\\/#\\\/schema\\\/logo\\\/image\\\/\"},\"sameAs\":[\"https:\\\/\\\/www.facebook.com\\\/salzburgerland\\\/\",\"https:\\\/\\\/x.com\\\/Salzburgerland\",\"https:\\\/\\\/www.instagram.com\\\/salzburgerland\\\/\",\"https:\\\/\\\/at.linkedin.com\\\/company\\\/salzburgerland-tourismus-gmbh\",\"https:\\\/\\\/www.pinterest.at\\\/salzburgerland\\\/\",\"https:\\\/\\\/www.youtube.com\\\/user\\\/salzburgerland\",\"https:\\\/\\\/de.wikipedia.org\\\/wiki\\\/SalzburgerLand_Tourismus_GmbH\"]},{\"@type\":\"Person\",\"@id\":\"https:\\\/\\\/www.salzburgerland.com\\\/de\\\/magazin\\\/#\\\/schema\\\/person\\\/a55a4fee1009b9e458d298480a18a9f7\",\"name\":\"Ulli Hammerl\",\"description\":\"Geboren und aufgewachsen in der Stadt Salzburg war Ulli Hammerl fr\u00fch bewusst, in einer der sch\u00f6nsten St\u00e4dte der Welt zu leben. So ist sie auch w\u00e4hrend ihres Studiums der Kommunikationswissenschaft und \u00d6kologie ihrer Heimatstadt treu geblieben. Gleich nach dem Studium ist sie zu SalzburgerLand Tourismus (SLTG) gegangen und hat hier von 1998 - 2004 u.a. die SalzburgerLand Card betreut. Dabei ist sie viel herumgekommen, wodurch auch die Liebe zum SalzburgerLand enstanden und gewachsen ist. Nach der Geburt ihrer Tochter im September 2004 hat sich Ulli Hammerl 2007 mit einer Agentur selbst\u00e4ndig gemacht. Mein pers\u00f6nlicher Logenplatz: Hoch \u00fcber Salzburg, abseits der stark begangenen Wege mit Blick auf die D\u00e4cher und Kircht\u00fcrme der Stadt \u2013 hier geht mir das Herz auf! Morgen- oder Abendmensch: Ganz klar: Morgenmensch. Wenn um 5.00 Uhr fr\u00fch die V\u00f6gel zwitschern und rund herum noch alles in tiefer Ruhe versinkt, dann ist meine Zeit. Ausgeschlafen, Energie geladen und voller Tatendrang starte ich am liebsten in den fr\u00fchen Morgenstunden in den Tag. Daf\u00fcr kann man nach 21.00 Uhr nicht mehr mit mir rechnen. Buch oder Film: Es gibt nichts Sch\u00f6neres, als es sich am Ende des Tages auf der Couch gem\u00fctlich zu machen und in die Gedankenwelt eines guten Buches einzutauchen \u2013 Lesen ist Abenteuer im Kopf. Wandern, Spazierengehen oder Laufen: alles drei und zwar am besten jeden Tag. Mit ein bisschen Zeiteinteilung geht es sich tats\u00e4chlich fast gehen Tag aus, drau\u00dfen unterwegs zu sein. Fr\u00fchling, Sommer, Herbst oder Winter: Ich kann es im Fr\u00fchling kaum erwarten, die ersten Gr\u00fcnschattierungen in der Natur zu entdecken. Ich liebe hei\u00dfe Sommertage am See und laue Sommerabende am Balkon. Ich mag es, wenn im Herbst die W\u00e4lder in einem Meer aus Farben erstrahlen, Laubrascheln und Kastanien sammeln. Und ich freue mich wie ein Kind, wenn im Dezember die ersten Schneeflocken vom Himmel schweben. Die vier Jahreszeiten sind etwas Wunderbares.\",\"url\":\"https:\\\/\\\/www.salzburgerland.com\\\/de\\\/magazin\\\/author\\\/ulli-hammerl\\\/\"}]}<\/script>\n<!-- \/ Yoast SEO Premium plugin. -->","yoast_head_json":{"title":"Gondelfr\u00fchst\u00fcck - SalzburgerLand Magazin","description":"Es ist noch fr\u00fch am Morgen. Die Luft ist k\u00fchl, doch der wolkenlose Himmel verspricht einen wunderbaren Sommertag. Bei der Panoramabahn Kitzb\u00fcheler Alpen in Hollersbach herrscht schon emsige Betriebsamkeit. An der Talstation stehen bereits sch\u00f6n gedeckte Tische und warten auf die ersten Fr\u00fchaufsteher. Fr\u00fchaufsteher, die sich an diesem Sommermorgen etwas ganz Besonderes g\u00f6nnen wollen \u2013 [&hellip;]","robots":{"index":"index","follow":"follow","max-snippet":"max-snippet:-1","max-image-preview":"max-image-preview:large","max-video-preview":"max-video-preview:-1"},"canonical":"https:\/\/www.salzburgerland.com\/de\/magazin\/gondelfruhstuck\/","og_locale":"de_DE","og_type":"article","og_title":"Gondelfr\u00fchst\u00fcck","og_description":"Es ist noch fr\u00fch am Morgen. Die Luft ist k\u00fchl, doch der wolkenlose Himmel verspricht einen wunderbaren Sommertag. Bei der Panoramabahn Kitzb\u00fcheler Alpen in Hollersbach herrscht schon emsige Betriebsamkeit. An der Talstation stehen bereits sch\u00f6n gedeckte Tische und warten auf die ersten Fr\u00fchaufsteher. Fr\u00fchaufsteher, die sich an diesem Sommermorgen etwas ganz Besonderes g\u00f6nnen wollen \u2013 [&hellip;]","og_url":"https:\/\/www.salzburgerland.com\/de\/magazin\/gondelfruhstuck\/","og_site_name":"SalzburgerLand Magazin","article_publisher":"https:\/\/www.facebook.com\/salzburgerland\/","article_published_time":"2013-07-25T06:30:25+00:00","article_modified_time":"2021-01-07T08:25:59+00:00","og_image":[{"width":1620,"height":1080,"url":"https:\/\/www.salzburgerland.com\/de\/magazin\/wp-content\/uploads\/2013\/07\/Gondelfruehstueck-Hollersbach.jpg","type":"image\/jpeg"}],"author":"Ulli Hammerl","twitter_card":"summary_large_image","twitter_creator":"@Salzburgerland","twitter_site":"@Salzburgerland","twitter_misc":{"Verfasst von":"Ulli Hammerl","Gesch\u00e4tzte Lesezeit":"1\u00a0Minute"},"schema":{"@context":"https:\/\/schema.org","@graph":[{"@type":"Article","@id":"https:\/\/www.salzburgerland.com\/de\/magazin\/gondelfruhstuck\/#article","isPartOf":{"@id":"https:\/\/www.salzburgerland.com\/de\/magazin\/gondelfruhstuck\/"},"author":{"name":"Ulli Hammerl","@id":"https:\/\/www.salzburgerland.com\/de\/magazin\/#\/schema\/person\/a55a4fee1009b9e458d298480a18a9f7"},"headline":"Gondelfr\u00fchst\u00fcck","datePublished":"2013-07-25T06:30:25+00:00","dateModified":"2021-01-07T08:25:59+00:00","mainEntityOfPage":{"@id":"https:\/\/www.salzburgerland.com\/de\/magazin\/gondelfruhstuck\/"},"wordCount":281,"commentCount":0,"publisher":{"@id":"https:\/\/www.salzburgerland.com\/de\/magazin\/#organization"},"image":{"@id":"https:\/\/www.salzburgerland.com\/de\/magazin\/gondelfruhstuck\/#primaryimage"},"thumbnailUrl":"https:\/\/www.salzburgerland.com\/de\/magazin\/wp-content\/uploads\/2013\/07\/Gondelfruehstueck-Hollersbach.jpg","articleSection":["Essen &amp; Trinken"],"inLanguage":"de","potentialAction":[{"@type":"CommentAction","name":"Comment","target":["https:\/\/www.salzburgerland.com\/de\/magazin\/gondelfruhstuck\/#respond"]}]},{"@type":"WebPage","@id":"https:\/\/www.salzburgerland.com\/de\/magazin\/gondelfruhstuck\/","url":"https:\/\/www.salzburgerland.com\/de\/magazin\/gondelfruhstuck\/","name":"Gondelfr\u00fchst\u00fcck - SalzburgerLand Magazin","isPartOf":{"@id":"https:\/\/www.salzburgerland.com\/de\/magazin\/#website"},"primaryImageOfPage":{"@id":"https:\/\/www.salzburgerland.com\/de\/magazin\/gondelfruhstuck\/#primaryimage"},"image":{"@id":"https:\/\/www.salzburgerland.com\/de\/magazin\/gondelfruhstuck\/#primaryimage"},"thumbnailUrl":"https:\/\/www.salzburgerland.com\/de\/magazin\/wp-content\/uploads\/2013\/07\/Gondelfruehstueck-Hollersbach.jpg","datePublished":"2013-07-25T06:30:25+00:00","dateModified":"2021-01-07T08:25:59+00:00","breadcrumb":{"@id":"https:\/\/www.salzburgerland.com\/de\/magazin\/gondelfruhstuck\/#breadcrumb"},"inLanguage":"de","potentialAction":[{"@type":"ReadAction","target":["https:\/\/www.salzburgerland.com\/de\/magazin\/gondelfruhstuck\/"]}]},{"@type":"ImageObject","inLanguage":"de","@id":"https:\/\/www.salzburgerland.com\/de\/magazin\/gondelfruhstuck\/#primaryimage","url":"https:\/\/www.salzburgerland.com\/de\/magazin\/wp-content\/uploads\/2013\/07\/Gondelfruehstueck-Hollersbach.jpg","contentUrl":"https:\/\/www.salzburgerland.com\/de\/magazin\/wp-content\/uploads\/2013\/07\/Gondelfruehstueck-Hollersbach.jpg","width":1620,"height":1080,"caption":"Das Fr\u00fchst\u00fcck wird an einem Tisch in einer Seilbahn serviert, mit Blick auf die Berge und eine weitere Seilbahn drau\u00dfen."},{"@type":"BreadcrumbList","@id":"https:\/\/www.salzburgerland.com\/de\/magazin\/gondelfruhstuck\/#breadcrumb","itemListElement":[{"@type":"ListItem","position":1,"name":"Startseite","item":"https:\/\/www.salzburgerland.com\/de\/magazin\/"},{"@type":"ListItem","position":2,"name":"Essen &amp; Trinken","item":"https:\/\/www.salzburgerland.com\/de\/magazin\/thema\/essen-trinken\/"},{"@type":"ListItem","position":3,"name":"Gondelfr\u00fchst\u00fcck"}]},{"@type":"WebSite","@id":"https:\/\/www.salzburgerland.com\/de\/magazin\/#website","url":"https:\/\/www.salzburgerland.com\/de\/magazin\/","name":"SalzburgerLand Magazin","description":"Geschichten und Interessantes aus dem SalzburgerLand","publisher":{"@id":"https:\/\/www.salzburgerland.com\/de\/magazin\/#organization"},"potentialAction":[{"@type":"SearchAction","target":{"@type":"EntryPoint","urlTemplate":"https:\/\/www.salzburgerland.com\/de\/magazin\/?s={search_term_string}"},"query-input":{"@type":"PropertyValueSpecification","valueRequired":true,"valueName":"search_term_string"}}],"inLanguage":"de"},{"@type":"Organization","@id":"https:\/\/www.salzburgerland.com\/de\/magazin\/#organization","name":"SalzburgerLand Tourismus","url":"https:\/\/www.salzburgerland.com\/de\/magazin\/","logo":{"@type":"ImageObject","inLanguage":"de","@id":"https:\/\/www.salzburgerland.com\/de\/magazin\/#\/schema\/logo\/image\/","url":"https:\/\/www.salzburgerland.com\/de\/magazin\/wp-content\/uploads\/2019\/06\/salzburgerland-logo1.jpg","contentUrl":"https:\/\/www.salzburgerland.com\/de\/magazin\/wp-content\/uploads\/2019\/06\/salzburgerland-logo1.jpg","width":2011,"height":866,"caption":"SalzburgerLand Tourismus"},"image":{"@id":"https:\/\/www.salzburgerland.com\/de\/magazin\/#\/schema\/logo\/image\/"},"sameAs":["https:\/\/www.facebook.com\/salzburgerland\/","https:\/\/x.com\/Salzburgerland","https:\/\/www.instagram.com\/salzburgerland\/","https:\/\/at.linkedin.com\/company\/salzburgerland-tourismus-gmbh","https:\/\/www.pinterest.at\/salzburgerland\/","https:\/\/www.youtube.com\/user\/salzburgerland","https:\/\/de.wikipedia.org\/wiki\/SalzburgerLand_Tourismus_GmbH"]},{"@type":"Person","@id":"https:\/\/www.salzburgerland.com\/de\/magazin\/#\/schema\/person\/a55a4fee1009b9e458d298480a18a9f7","name":"Ulli Hammerl","description":"Geboren und aufgewachsen in der Stadt Salzburg war Ulli Hammerl fr\u00fch bewusst, in einer der sch\u00f6nsten St\u00e4dte der Welt zu leben. So ist sie auch w\u00e4hrend ihres Studiums der Kommunikationswissenschaft und \u00d6kologie ihrer Heimatstadt treu geblieben. Gleich nach dem Studium ist sie zu SalzburgerLand Tourismus (SLTG) gegangen und hat hier von 1998 - 2004 u.a. die SalzburgerLand Card betreut. Dabei ist sie viel herumgekommen, wodurch auch die Liebe zum SalzburgerLand enstanden und gewachsen ist. Nach der Geburt ihrer Tochter im September 2004 hat sich Ulli Hammerl 2007 mit einer Agentur selbst\u00e4ndig gemacht. Mein pers\u00f6nlicher Logenplatz: Hoch \u00fcber Salzburg, abseits der stark begangenen Wege mit Blick auf die D\u00e4cher und Kircht\u00fcrme der Stadt \u2013 hier geht mir das Herz auf! Morgen- oder Abendmensch: Ganz klar: Morgenmensch. Wenn um 5.00 Uhr fr\u00fch die V\u00f6gel zwitschern und rund herum noch alles in tiefer Ruhe versinkt, dann ist meine Zeit. Ausgeschlafen, Energie geladen und voller Tatendrang starte ich am liebsten in den fr\u00fchen Morgenstunden in den Tag. Daf\u00fcr kann man nach 21.00 Uhr nicht mehr mit mir rechnen. Buch oder Film: Es gibt nichts Sch\u00f6neres, als es sich am Ende des Tages auf der Couch gem\u00fctlich zu machen und in die Gedankenwelt eines guten Buches einzutauchen \u2013 Lesen ist Abenteuer im Kopf. Wandern, Spazierengehen oder Laufen: alles drei und zwar am besten jeden Tag. Mit ein bisschen Zeiteinteilung geht es sich tats\u00e4chlich fast gehen Tag aus, drau\u00dfen unterwegs zu sein. Fr\u00fchling, Sommer, Herbst oder Winter: Ich kann es im Fr\u00fchling kaum erwarten, die ersten Gr\u00fcnschattierungen in der Natur zu entdecken. Ich liebe hei\u00dfe Sommertage am See und laue Sommerabende am Balkon. Ich mag es, wenn im Herbst die W\u00e4lder in einem Meer aus Farben erstrahlen, Laubrascheln und Kastanien sammeln. Und ich freue mich wie ein Kind, wenn im Dezember die ersten Schneeflocken vom Himmel schweben. Die vier Jahreszeiten sind etwas Wunderbares.","url":"https:\/\/www.salzburgerland.com\/de\/magazin\/author\/ulli-hammerl\/"}]}},"_wl_alt_label":[],"wl:entity_url":"http:\/\/open.salzburgerland.com\/magazin\/post\/gondelfruehstueck","_links":{"self":[{"href":"https:\/\/www.salzburgerland.com\/de\/magazin\/wp-json\/wp\/v2\/posts\/38836","targetHints":{"allow":["GET"]}}],"collection":[{"href":"https:\/\/www.salzburgerland.com\/de\/magazin\/wp-json\/wp\/v2\/posts"}],"about":[{"href":"https:\/\/www.salzburgerland.com\/de\/magazin\/wp-json\/wp\/v2\/types\/post"}],"author":[{"embeddable":true,"href":"https:\/\/www.salzburgerland.com\/de\/magazin\/wp-json\/wp\/v2\/users\/90"}],"replies":[{"embeddable":true,"href":"https:\/\/www.salzburgerland.com\/de\/magazin\/wp-json\/wp\/v2\/comments?post=38836"}],"version-history":[{"count":1,"href":"https:\/\/www.salzburgerland.com\/de\/magazin\/wp-json\/wp\/v2\/posts\/38836\/revisions"}],"predecessor-version":[{"id":149174,"href":"https:\/\/www.salzburgerland.com\/de\/magazin\/wp-json\/wp\/v2\/posts\/38836\/revisions\/149174"}],"wp:featuredmedia":[{"embeddable":true,"href":"https:\/\/www.salzburgerland.com\/de\/magazin\/wp-json\/wp\/v2\/media\/149176"}],"wp:attachment":[{"href":"https:\/\/www.salzburgerland.com\/de\/magazin\/wp-json\/wp\/v2\/media?parent=38836"}],"wp:term":[{"taxonomy":"category","embeddable":true,"href":"https:\/\/www.salzburgerland.com\/de\/magazin\/wp-json\/wp\/v2\/categories?post=38836"},{"taxonomy":"post_tag","embeddable":true,"href":"https:\/\/www.salzburgerland.com\/de\/magazin\/wp-json\/wp\/v2\/tags?post=38836"},{"taxonomy":"wl_entity_type","embeddable":true,"href":"https:\/\/www.salzburgerland.com\/de\/magazin\/wp-json\/wp\/v2\/wl_entity_type?post=38836"},{"taxonomy":"monatsauswahl","embeddable":true,"href":"https:\/\/www.salzburgerland.com\/de\/magazin\/wp-json\/wp\/v2\/monatsauswahl?post=38836"}],"curies":[{"name":"wp","href":"https:\/\/api.w.org\/{rel}","templated":true}]}}