{"id":37888,"date":"2013-07-22T09:22:25","date_gmt":"2013-07-22T07:22:25","guid":{"rendered":"http:\/\/magazin.salzburgerland.com\/?p=37888"},"modified":"2020-03-18T11:59:30","modified_gmt":"2020-03-18T10:59:30","slug":"schmidolins-feuertaufe","status":"publish","type":"post","link":"https:\/\/www.salzburgerland.com\/de\/magazin\/schmidolins-feuertaufe\/","title":{"rendered":"Familien-Sommererlebnis auf der Schmittenh\u00f6he"},"content":{"rendered":"\n<h2 class=\"wp-block-slt-subtitle\">Schmidolins Feuertaufe<\/h2>\n\n\n\n<p class=\"wp-block-slt-intro\">Auf der <a rel=\"noreferrer noopener\" href=\"http:\/\/www.schmitten.at\" target=\"_blank\">Schmittenh\u00f6he in Zell am See<\/a>, eine der ausgezeichneten <a rel=\"noreferrer noopener\" href=\"https:\/\/www.salzburgerland.com\/de\/salzburger-sommer-bergbahnen\/\/index.html\" target=\"_blank\">Salzburger Sommerbahnen<\/a>, hat Schmidolin sein Zuhause. Schmidolin, der netteste Ferien- \u00e4h Feuerdrache der Welt. Im Winter liebt es Schmidolin, den kleinen und gro\u00dfen Skifahrern zuzuschauen, wie sie die Pisten hinunterkurven. Hin und wieder schnallt auch er sich die Skier an. Jetzt im Sommer tollt der gr\u00fcne Drache vergn\u00fcgt \u00fcber die Blumen \u00fcbers\u00e4ten Bergwiesen oder er versteckt sich im dichten Fichtenwald. <\/p>\n\n\n\n<p> Auf jeden Fall freut er sich immer \u00fcber Besuch. Gerade jetzt braucht er dringend Hilfe von mutigen kleinen Abenteurern. Denn um als echter, furchtloser Feuerdrache zu gelten, muss <a rel=\"noreferrer noopener\" href=\"http:\/\/www.schmitten.at\/\" target=\"_blank\">Schmidolin seine Feuertaufe<\/a> bestehen. <\/p>\n\n\n\n<h2 class=\"wp-block-heading\">Drache Schmidolin wartet auf euch<\/h2>\n\n\n\n<p>Kommt also bitte schnell zur Bergstation der Asitzbahn I. Von hier aus geht es los, immer den Wegweisern nach. Schmidolins Aufgabe besteht darin, m\u00f6glichst viele Feuersteine zu sammeln. Die braucht er, um die Kunst des Feuerspeiens zu erlernen. Aber der Weg ist gespickt mit Hindernissen, und es gilt, zahlreiche schwierige Aufgaben zu l\u00f6sen. Da hei\u00dft es, das Feuerrad drehen, \u00fcber wackelige Steine zu balancieren, in luftige H\u00f6hen zu klettern, durch die geschwungene Drachenrutsche zu sausen, den Weg durch das Labyrinth zu finden, \u00fcber die schwankende Feuerbr\u00fccke zu wandern und einiges mehr. Jede erfolgreich absolvierte Erlebnisstation wird im Abenteuerpass abgestempelt. Den Pass erhalten Schmidolins mutige Helfer bei der Talstation der Bergbahn. Wer sich mit Feuereifer auf die Suche nach den Feuersteinen macht, wird schnell Erfolg haben. Und Schmidolin kann bald zur Feuertaufe antreten. Als Dankesch\u00f6n f\u00fcr die Hilfe, wird der ausgef\u00fcllte Pass gegen eine pers\u00f6nliche Urkunde eingetauscht werden. Coole Kids d\u00fcrfen sich auch noch auf Schmidolins Feuerstuhl austoben. Gegen Aufpreis k\u00f6nnen sie auf einem Elektrobike in \u00d6sterreichs h\u00f6chstgelegenem Motocrosspark Gas geben.<\/p>\n\n\n\n<h2 class=\"wp-block-heading\">Erlebniswanderweg Mystischer Wald &#8211; den Sagen auf der Spur<\/h2>\n\n\n\n<p>Und wenn du damit noch nicht genug hast, besuchst du einfach den Erlebniswanderweg Mystischer Wald. Schritt f\u00fcr Schritt erf\u00e4hrst du hier mehr \u00fcber die Sagen, die diese Region und Zell am See pr\u00e4gen. Dem Themenwanderweg \u201eMystischer Wald\u201c sei Dank! Lauf los, w\u00e4hrend du entdeckst, welche Wesen in den Pinzgauer Bergen Spuren hinterlassen haben \u2026 <\/p>\n\n\n<p>\u00a0<\/p>\n<div class=\"mag-gallery\"><div class=\"row\"><div class=\"col-6 col-sm-4\"><figure><a class=\"thumb-container\" href=\"https:\/\/www.salzburgerland.com\/de\/magazin\/wp-content\/uploads\/2013\/06\/Feuerstuhl-7.6.-kompr-15-675x450-1280x1024.jpg\">\t<picture><source media=\"(min-width: 576px)\" srcset=\"https:\/\/www.salzburgerland.com\/de\/magazin\/wp-content\/uploads\/2013\/06\/Feuerstuhl-7.6.-kompr-15-675x450-325x209.jpg 325w, https:\/\/www.salzburgerland.com\/de\/magazin\/wp-content\/uploads\/2013\/06\/Feuerstuhl-7.6.-kompr-15-675x450-249x160.jpg 249w\" \/><source media=\"(min-width: 0)\" srcset=\"https:\/\/www.salzburgerland.com\/de\/magazin\/wp-content\/uploads\/2013\/06\/Feuerstuhl-7.6.-kompr-15-675x450-249x160.jpg 249w, https:\/\/www.salzburgerland.com\/de\/magazin\/wp-content\/uploads\/2013\/06\/Feuerstuhl-7.6.-kompr-15-675x450-325x209.jpg 325w\" \/><img decoding=\"async\" alt=\"Zweist\u00f6ckiges, orangefarbenes Containergeb\u00e4ude mit Fahrr\u00e4dern im Freien, auf einem grasbewachsenen H\u00fcgel mit Blick auf die Berge gelegen.\" src=\"https:\/\/www.salzburgerland.com\/de\/magazin\/wp-content\/uploads\/2013\/06\/Feuerstuhl-7.6.-kompr-15-675x450.jpg\" \/>\t<\/picture><\/a><\/figure><\/div><div class=\"col-6 col-sm-4\"><figure><a class=\"thumb-container\" href=\"https:\/\/www.salzburgerland.com\/de\/magazin\/wp-content\/uploads\/2013\/06\/b0ac236e8d-1280x1024.jpg\">\t<picture><source media=\"(min-width: 576px)\" srcset=\"https:\/\/www.salzburgerland.com\/de\/magazin\/wp-content\/uploads\/2013\/06\/b0ac236e8d-325x209.jpg 325w, https:\/\/www.salzburgerland.com\/de\/magazin\/wp-content\/uploads\/2013\/06\/b0ac236e8d-249x160.jpg 249w\" \/><source media=\"(min-width: 0)\" srcset=\"https:\/\/www.salzburgerland.com\/de\/magazin\/wp-content\/uploads\/2013\/06\/b0ac236e8d-249x160.jpg 249w, https:\/\/www.salzburgerland.com\/de\/magazin\/wp-content\/uploads\/2013\/06\/b0ac236e8d-325x209.jpg 325w\" \/><img decoding=\"async\" alt=\"Zwei junge M\u00e4dchen klettern an einem gelben Seilnetz auf einem Hindernisparcours im Freien in einem Waldgebiet.\" src=\"https:\/\/www.salzburgerland.com\/de\/magazin\/wp-content\/uploads\/2013\/06\/b0ac236e8d.jpg\" \/>\t<\/picture><\/a><\/figure><\/div><div class=\"col-6 col-sm-4\"><figure><a class=\"thumb-container\" href=\"https:\/\/www.salzburgerland.com\/de\/magazin\/wp-content\/uploads\/2013\/06\/b7509af59c-1280x1024.jpg\">\t<picture><source media=\"(min-width: 576px)\" srcset=\"https:\/\/www.salzburgerland.com\/de\/magazin\/wp-content\/uploads\/2013\/06\/b7509af59c-325x209.jpg 325w, https:\/\/www.salzburgerland.com\/de\/magazin\/wp-content\/uploads\/2013\/06\/b7509af59c-249x160.jpg 249w\" \/><source media=\"(min-width: 0)\" srcset=\"https:\/\/www.salzburgerland.com\/de\/magazin\/wp-content\/uploads\/2013\/06\/b7509af59c-249x160.jpg 249w, https:\/\/www.salzburgerland.com\/de\/magazin\/wp-content\/uploads\/2013\/06\/b7509af59c-325x209.jpg 325w\" \/><img decoding=\"async\" alt=\"Vier Kinder l\u00e4cheln und spielen in einem gro\u00dfen orangefarbenen Kletterger\u00fcst vor einem blauen Himmel.\" src=\"https:\/\/www.salzburgerland.com\/de\/magazin\/wp-content\/uploads\/2013\/06\/b7509af59c.jpg\" \/>\t<\/picture><\/a><\/figure><\/div><div class=\"col-6 col-sm-4\"><figure><a class=\"thumb-container\" href=\"https:\/\/www.salzburgerland.com\/de\/magazin\/wp-content\/uploads\/2013\/06\/Balancieren-1280x1024.jpg\">\t<picture><source media=\"(min-width: 576px)\" srcset=\"https:\/\/www.salzburgerland.com\/de\/magazin\/wp-content\/uploads\/2013\/06\/Balancieren-325x209.jpg 325w, https:\/\/www.salzburgerland.com\/de\/magazin\/wp-content\/uploads\/2013\/06\/Balancieren-249x160.jpg 249w\" \/><source media=\"(min-width: 0)\" srcset=\"https:\/\/www.salzburgerland.com\/de\/magazin\/wp-content\/uploads\/2013\/06\/Balancieren-249x160.jpg 249w, https:\/\/www.salzburgerland.com\/de\/magazin\/wp-content\/uploads\/2013\/06\/Balancieren-325x209.jpg 325w\" \/><img decoding=\"async\" alt=\"Ein l\u00e4chelndes M\u00e4dchen in einem gestreiften Hemd balanciert auf einem Hochseilgarten im Wald und h\u00e4lt sich an Seilen fest.\" src=\"https:\/\/www.salzburgerland.com\/de\/magazin\/wp-content\/uploads\/2013\/06\/Balancieren.jpg\" \/>\t<\/picture><\/a><\/figure><\/div><div class=\"col-6 col-sm-4\"><figure><a class=\"thumb-container\" href=\"https:\/\/www.salzburgerland.com\/de\/magazin\/wp-content\/uploads\/2013\/06\/Bluehende-Wiesen-1280x1024.jpg\">\t<picture><source media=\"(min-width: 576px)\" srcset=\"https:\/\/www.salzburgerland.com\/de\/magazin\/wp-content\/uploads\/2013\/06\/Bluehende-Wiesen-325x209.jpg 325w, https:\/\/www.salzburgerland.com\/de\/magazin\/wp-content\/uploads\/2013\/06\/Bluehende-Wiesen-249x160.jpg 249w\" \/><source media=\"(min-width: 0)\" srcset=\"https:\/\/www.salzburgerland.com\/de\/magazin\/wp-content\/uploads\/2013\/06\/Bluehende-Wiesen-249x160.jpg 249w, https:\/\/www.salzburgerland.com\/de\/magazin\/wp-content\/uploads\/2013\/06\/Bluehende-Wiesen-325x209.jpg 325w\" \/><img decoding=\"async\" alt=\"Wildblumenfeld mit wei\u00dfen und gelben Bl\u00fcten unter einem teilweise bew\u00f6lkten Himmel.\" src=\"https:\/\/www.salzburgerland.com\/de\/magazin\/wp-content\/uploads\/2013\/06\/Bluehende-Wiesen.jpg\" \/>\t<\/picture><\/a><\/figure><\/div><div class=\"col-6 col-sm-4\"><figure><a class=\"thumb-container\" href=\"https:\/\/www.salzburgerland.com\/de\/magazin\/wp-content\/uploads\/2013\/06\/ebe0cc3ddf-1280x1024.jpg\">\t<picture><source media=\"(min-width: 576px)\" srcset=\"https:\/\/www.salzburgerland.com\/de\/magazin\/wp-content\/uploads\/2013\/06\/ebe0cc3ddf-325x209.jpg 325w, https:\/\/www.salzburgerland.com\/de\/magazin\/wp-content\/uploads\/2013\/06\/ebe0cc3ddf-249x160.jpg 249w\" \/><source media=\"(min-width: 0)\" srcset=\"https:\/\/www.salzburgerland.com\/de\/magazin\/wp-content\/uploads\/2013\/06\/ebe0cc3ddf-249x160.jpg 249w, https:\/\/www.salzburgerland.com\/de\/magazin\/wp-content\/uploads\/2013\/06\/ebe0cc3ddf-325x209.jpg 325w\" \/><img decoding=\"async\" alt=\"Ein junges M\u00e4dchen schneidet ein orangefarbenes Papierheft mit einer Schere aus, von oben und von hinten gesehen.\" src=\"https:\/\/www.salzburgerland.com\/de\/magazin\/wp-content\/uploads\/2013\/06\/ebe0cc3ddf.jpg\" \/>\t<\/picture><\/a><\/figure><\/div><div class=\"col-6 col-sm-4\"><figure><a class=\"thumb-container\" href=\"https:\/\/www.salzburgerland.com\/de\/magazin\/wp-content\/uploads\/2013\/06\/Feuerbruecke-1280x1024.jpg\">\t<picture><source media=\"(min-width: 576px)\" srcset=\"https:\/\/www.salzburgerland.com\/de\/magazin\/wp-content\/uploads\/2013\/06\/Feuerbruecke-325x209.jpg 325w, https:\/\/www.salzburgerland.com\/de\/magazin\/wp-content\/uploads\/2013\/06\/Feuerbruecke-249x160.jpg 249w\" \/><source media=\"(min-width: 0)\" srcset=\"https:\/\/www.salzburgerland.com\/de\/magazin\/wp-content\/uploads\/2013\/06\/Feuerbruecke-249x160.jpg 249w, https:\/\/www.salzburgerland.com\/de\/magazin\/wp-content\/uploads\/2013\/06\/Feuerbruecke-325x209.jpg 325w\" \/><img decoding=\"async\" alt=\"Ein Kind l\u00e4uft \u00fcber eine Seilbr\u00fccke, die von hohen gr\u00fcnen B\u00e4umen in einem Waldgebiet umgeben ist.\" src=\"https:\/\/www.salzburgerland.com\/de\/magazin\/wp-content\/uploads\/2013\/06\/Feuerbruecke.jpg\" \/>\t<\/picture><\/a><\/figure><\/div><div class=\"col-6 col-sm-4\"><figure><a class=\"thumb-container\" href=\"https:\/\/www.salzburgerland.com\/de\/magazin\/wp-content\/uploads\/2013\/06\/Feuertaufe-1280x1024.jpg\">\t<picture><source media=\"(min-width: 576px)\" srcset=\"https:\/\/www.salzburgerland.com\/de\/magazin\/wp-content\/uploads\/2013\/06\/Feuertaufe-325x209.jpg 325w, https:\/\/www.salzburgerland.com\/de\/magazin\/wp-content\/uploads\/2013\/06\/Feuertaufe-249x160.jpg 249w\" \/><source media=\"(min-width: 0)\" srcset=\"https:\/\/www.salzburgerland.com\/de\/magazin\/wp-content\/uploads\/2013\/06\/Feuertaufe-249x160.jpg 249w, https:\/\/www.salzburgerland.com\/de\/magazin\/wp-content\/uploads\/2013\/06\/Feuertaufe-325x209.jpg 325w\" \/><img decoding=\"async\" alt=\"Ein Kind posiert in einer Ausschnitttafel mit Feuerwehrleuten und einem gr\u00fcnen Drachen in einer Waldumgebung.\" src=\"https:\/\/www.salzburgerland.com\/de\/magazin\/wp-content\/uploads\/2013\/06\/Feuertaufe.jpg\" \/>\t<\/picture><\/a><\/figure><\/div><div class=\"col-6 col-sm-4\"><figure><a class=\"thumb-container\" href=\"https:\/\/www.salzburgerland.com\/de\/magazin\/wp-content\/uploads\/2013\/06\/Labyrinth-1280x1024.jpg\">\t<picture><source media=\"(min-width: 576px)\" srcset=\"https:\/\/www.salzburgerland.com\/de\/magazin\/wp-content\/uploads\/2013\/06\/Labyrinth-325x209.jpg 325w, https:\/\/www.salzburgerland.com\/de\/magazin\/wp-content\/uploads\/2013\/06\/Labyrinth-249x160.jpg 249w\" \/><source media=\"(min-width: 0)\" srcset=\"https:\/\/www.salzburgerland.com\/de\/magazin\/wp-content\/uploads\/2013\/06\/Labyrinth-249x160.jpg 249w, https:\/\/www.salzburgerland.com\/de\/magazin\/wp-content\/uploads\/2013\/06\/Labyrinth-325x209.jpg 325w\" \/><img decoding=\"async\" alt=\"Ein kleines Kind steht in der Mitte eines Holzlabyrinths im Freien, das von hohen B\u00e4umen und einem Holzzaun umgeben ist.\" src=\"https:\/\/www.salzburgerland.com\/de\/magazin\/wp-content\/uploads\/2013\/06\/Labyrinth.jpg\" \/>\t<\/picture><\/a><\/figure><\/div><div class=\"col-6 col-sm-4\"><figure><a class=\"thumb-container\" href=\"https:\/\/www.salzburgerland.com\/de\/magazin\/wp-content\/uploads\/2013\/06\/Stngeb-1280x1024.jpg\">\t<picture><source media=\"(min-width: 576px)\" srcset=\"\" \/><source media=\"(min-width: 0)\" srcset=\"https:\/\/www.salzburgerland.com\/de\/magazin\/wp-content\/uploads\/2013\/06\/Stngeb.jpg 1200w, https:\/\/www.salzburgerland.com\/de\/magazin\/wp-content\/uploads\/2013\/06\/Stngeb-201x300.jpg 201w, https:\/\/www.salzburgerland.com\/de\/magazin\/wp-content\/uploads\/2013\/06\/Stngeb-368x550.jpg 368w, https:\/\/www.salzburgerland.com\/de\/magazin\/wp-content\/uploads\/2013\/06\/Stngeb-268x400.jpg 268w\" \/><img decoding=\"async\" alt=\"Ein junges M\u00e4dchen klettert auf einem Spielplatz auf orangefarbene Stangen, umgeben von gr\u00fcnen B\u00e4umen und hellem Sonnenlicht.\" src=\"https:\/\/www.salzburgerland.com\/de\/magazin\/wp-content\/uploads\/2013\/06\/Stngeb.jpg\" \/>\t<\/picture><\/a><\/figure><\/div><div class=\"col-6 col-sm-4\"><figure><a class=\"thumb-container\" href=\"https:\/\/www.salzburgerland.com\/de\/magazin\/wp-content\/uploads\/2013\/06\/Urkunde-1280x1024.jpg\">\t<picture><source media=\"(min-width: 576px)\" srcset=\"https:\/\/www.salzburgerland.com\/de\/magazin\/wp-content\/uploads\/2013\/06\/Urkunde-325x209.jpg 325w, https:\/\/www.salzburgerland.com\/de\/magazin\/wp-content\/uploads\/2013\/06\/Urkunde-249x160.jpg 249w\" \/><source media=\"(min-width: 0)\" srcset=\"https:\/\/www.salzburgerland.com\/de\/magazin\/wp-content\/uploads\/2013\/06\/Urkunde-249x160.jpg 249w, https:\/\/www.salzburgerland.com\/de\/magazin\/wp-content\/uploads\/2013\/06\/Urkunde-325x209.jpg 325w\" \/><img decoding=\"async\" alt=\"Ein M\u00e4dchen h\u00e4lt eine Urkunde mit einem Drachen und einer Feuerillustration vor einem Gartenhintergrund.\" src=\"https:\/\/www.salzburgerland.com\/de\/magazin\/wp-content\/uploads\/2013\/06\/Urkunde.jpg\" \/>\t<\/picture><\/a><\/figure><\/div><div class=\"col-6 col-sm-4\"><figure><a class=\"thumb-container\" href=\"https:\/\/www.salzburgerland.com\/de\/magazin\/wp-content\/uploads\/2013\/06\/Wegweiser-1280x1024.jpg\">\t<picture><source media=\"(min-width: 576px)\" srcset=\"https:\/\/www.salzburgerland.com\/de\/magazin\/wp-content\/uploads\/2013\/06\/Wegweiser-325x209.jpg 325w, https:\/\/www.salzburgerland.com\/de\/magazin\/wp-content\/uploads\/2013\/06\/Wegweiser-249x160.jpg 249w\" \/><source media=\"(min-width: 0)\" srcset=\"https:\/\/www.salzburgerland.com\/de\/magazin\/wp-content\/uploads\/2013\/06\/Wegweiser-249x160.jpg 249w, https:\/\/www.salzburgerland.com\/de\/magazin\/wp-content\/uploads\/2013\/06\/Wegweiser-325x209.jpg 325w\" \/><img decoding=\"async\" alt=\"Orangefarbenes flammenf\u00f6rmiges Schild mit Schmid-Lins-Feuertaufe auf einem Holzpfosten, umgeben von gr\u00fcnem Laub.\" src=\"https:\/\/www.salzburgerland.com\/de\/magazin\/wp-content\/uploads\/2013\/06\/Wegweiser.jpg\" \/>\t<\/picture><\/a><\/figure><\/div><\/div><\/div><figcaption><\/figcaption>\n<div class=\"section-headings\">\n<h3 id=\"toc-entry-target-0\" class=\"h2 section-heading__h1 js-toc__title\" tabindex=\"-1\">\u00a0<\/h3>\n<\/div>\n<div class=\"wysiwyg js-table-styles\">\n<p>\u00a0<\/p>\n<\/div>\n<p>Fotocredit \u00a9Schmittenh\u00f6he und Ulli Hammerl<\/p>","protected":false},"excerpt":{"rendered":"<p>Auf jeden Fall freut er sich immer \u00fcber Besuch. Gerade jetzt braucht er dringend Hilfe von mutigen kleinen Abenteurern. Denn um als echter, furchtloser Feuerdrache zu gelten, muss Schmidolin seine Feuertaufe bestehen. Drache Schmidolin wartet auf euch Kommt also bitte schnell zur Bergstation der Asitzbahn I. Von hier aus geht es los, immer den Wegweisern [&hellip;]<\/p>\n","protected":false},"author":90,"featured_media":37891,"comment_status":"open","ping_status":"open","sticky":false,"template":"","format":"standard","meta":{"_acf_changed":false,"wl_entities_gutenberg":"","_wl_entity_redirect_enabled":"","footnotes":""},"categories":[8],"tags":[],"wl_entity_type":[306],"monatsauswahl":[87,88,89,90],"class_list":["post-37888","post","type-post","status-publish","format-standard","has-post-thumbnail","hentry","category-outdoor-sport","wl_entity_type-article","monatsauswahl-monat_6","monatsauswahl-monat_7","monatsauswahl-monat_8","monatsauswahl-monat_9"],"acf":[],"yoast_head":"<!-- This site is optimized with the Yoast SEO Premium plugin v27.4 (Yoast SEO v27.4) - https:\/\/yoast.com\/product\/yoast-seo-premium-wordpress\/ -->\n<title>Familien-Sommererlebnis auf der Schmittenh\u00f6he - SalzburgerLand Magazin<\/title>\n<meta name=\"description\" content=\"Auf der Schmittenh\u00f6he in Zell am See, eine der ausgezeichneten Salzburger Sommerbahnen, hat Schmidolin sein Zuhause. Schmidolin, der netteste Ferien- \u00e4h Feuerdrache der Welt. Im Winter liebt es Schmidolin, den kleinen und gro\u00dfen Skifahrern zuzuschauen, wie sie die Pisten hinunterkurven. Hin und wieder schnallt auch er sich die Skier an. Jetzt im Sommer tollt der gr\u00fcne Drache vergn\u00fcgt \u00fcber die Blumen \u00fcbers\u00e4ten Bergwiesen oder er versteckt sich im dichten Fichtenwald.\" \/>\n<meta name=\"robots\" content=\"index, follow, max-snippet:-1, max-image-preview:large, max-video-preview:-1\" \/>\n<link rel=\"canonical\" href=\"https:\/\/www.salzburgerland.com\/de\/magazin\/schmidolins-feuertaufe\/\" \/>\n<meta property=\"og:locale\" content=\"de_DE\" \/>\n<meta property=\"og:type\" content=\"article\" \/>\n<meta property=\"og:title\" content=\"Familien-Sommererlebnis auf der Schmittenh\u00f6he\" \/>\n<meta property=\"og:description\" content=\"Auf jeden Fall freut er sich immer \u00fcber Besuch. Gerade jetzt braucht er dringend Hilfe von mutigen kleinen Abenteurern. Denn um als echter, furchtloser Feuerdrache zu gelten, muss Schmidolin seine Feuertaufe bestehen. Drache Schmidolin wartet auf euch Kommt also bitte schnell zur Bergstation der Asitzbahn I. Von hier aus geht es los, immer den Wegweisern [&hellip;]\" \/>\n<meta property=\"og:url\" content=\"https:\/\/www.salzburgerland.com\/de\/magazin\/schmidolins-feuertaufe\/\" \/>\n<meta property=\"og:site_name\" content=\"SalzburgerLand Magazin\" \/>\n<meta property=\"article:publisher\" content=\"https:\/\/www.facebook.com\/salzburgerland\/\" \/>\n<meta property=\"article:published_time\" content=\"2013-07-22T07:22:25+00:00\" \/>\n<meta property=\"article:modified_time\" content=\"2020-03-18T10:59:30+00:00\" \/>\n<meta property=\"og:image\" content=\"https:\/\/www.salzburgerland.com\/de\/magazin\/wp-content\/uploads\/2013\/06\/b7509af59c.jpg\" \/>\n\t<meta property=\"og:image:width\" content=\"640\" \/>\n\t<meta property=\"og:image:height\" content=\"427\" \/>\n\t<meta property=\"og:image:type\" content=\"image\/jpeg\" \/>\n<meta name=\"author\" content=\"Ulli Hammerl\" \/>\n<meta name=\"twitter:card\" content=\"summary_large_image\" \/>\n<meta name=\"twitter:creator\" content=\"@Salzburgerland\" \/>\n<meta name=\"twitter:site\" content=\"@Salzburgerland\" \/>\n<meta name=\"twitter:label1\" content=\"Verfasst von\" \/>\n\t<meta name=\"twitter:data1\" content=\"Ulli Hammerl\" \/>\n\t<meta name=\"twitter:label2\" content=\"Gesch\u00e4tzte Lesezeit\" \/>\n\t<meta name=\"twitter:data2\" content=\"2\u00a0Minuten\" \/>\n<script type=\"application\/ld+json\" class=\"yoast-schema-graph\">{\"@context\":\"https:\\\/\\\/schema.org\",\"@graph\":[{\"@type\":\"Article\",\"@id\":\"https:\\\/\\\/www.salzburgerland.com\\\/de\\\/magazin\\\/schmidolins-feuertaufe\\\/#article\",\"isPartOf\":{\"@id\":\"https:\\\/\\\/www.salzburgerland.com\\\/de\\\/magazin\\\/schmidolins-feuertaufe\\\/\"},\"author\":{\"name\":\"Ulli Hammerl\",\"@id\":\"https:\\\/\\\/www.salzburgerland.com\\\/de\\\/magazin\\\/#\\\/schema\\\/person\\\/a55a4fee1009b9e458d298480a18a9f7\"},\"headline\":\"Familien-Sommererlebnis auf der Schmittenh\u00f6he\",\"datePublished\":\"2013-07-22T07:22:25+00:00\",\"dateModified\":\"2020-03-18T10:59:30+00:00\",\"mainEntityOfPage\":{\"@id\":\"https:\\\/\\\/www.salzburgerland.com\\\/de\\\/magazin\\\/schmidolins-feuertaufe\\\/\"},\"wordCount\":377,\"commentCount\":0,\"publisher\":{\"@id\":\"https:\\\/\\\/www.salzburgerland.com\\\/de\\\/magazin\\\/#organization\"},\"image\":{\"@id\":\"https:\\\/\\\/www.salzburgerland.com\\\/de\\\/magazin\\\/schmidolins-feuertaufe\\\/#primaryimage\"},\"thumbnailUrl\":\"https:\\\/\\\/www.salzburgerland.com\\\/de\\\/magazin\\\/wp-content\\\/uploads\\\/2013\\\/06\\\/b7509af59c.jpg\",\"articleSection\":[\"Outdoor &amp; Sport\"],\"inLanguage\":\"de\",\"potentialAction\":[{\"@type\":\"CommentAction\",\"name\":\"Comment\",\"target\":[\"https:\\\/\\\/www.salzburgerland.com\\\/de\\\/magazin\\\/schmidolins-feuertaufe\\\/#respond\"]}]},{\"@type\":\"WebPage\",\"@id\":\"https:\\\/\\\/www.salzburgerland.com\\\/de\\\/magazin\\\/schmidolins-feuertaufe\\\/\",\"url\":\"https:\\\/\\\/www.salzburgerland.com\\\/de\\\/magazin\\\/schmidolins-feuertaufe\\\/\",\"name\":\"Familien-Sommererlebnis auf der Schmittenh\u00f6he - SalzburgerLand Magazin\",\"isPartOf\":{\"@id\":\"https:\\\/\\\/www.salzburgerland.com\\\/de\\\/magazin\\\/#website\"},\"primaryImageOfPage\":{\"@id\":\"https:\\\/\\\/www.salzburgerland.com\\\/de\\\/magazin\\\/schmidolins-feuertaufe\\\/#primaryimage\"},\"image\":{\"@id\":\"https:\\\/\\\/www.salzburgerland.com\\\/de\\\/magazin\\\/schmidolins-feuertaufe\\\/#primaryimage\"},\"thumbnailUrl\":\"https:\\\/\\\/www.salzburgerland.com\\\/de\\\/magazin\\\/wp-content\\\/uploads\\\/2013\\\/06\\\/b7509af59c.jpg\",\"datePublished\":\"2013-07-22T07:22:25+00:00\",\"dateModified\":\"2020-03-18T10:59:30+00:00\",\"breadcrumb\":{\"@id\":\"https:\\\/\\\/www.salzburgerland.com\\\/de\\\/magazin\\\/schmidolins-feuertaufe\\\/#breadcrumb\"},\"inLanguage\":\"de\",\"potentialAction\":[{\"@type\":\"ReadAction\",\"target\":[\"https:\\\/\\\/www.salzburgerland.com\\\/de\\\/magazin\\\/schmidolins-feuertaufe\\\/\"]}]},{\"@type\":\"ImageObject\",\"inLanguage\":\"de\",\"@id\":\"https:\\\/\\\/www.salzburgerland.com\\\/de\\\/magazin\\\/schmidolins-feuertaufe\\\/#primaryimage\",\"url\":\"https:\\\/\\\/www.salzburgerland.com\\\/de\\\/magazin\\\/wp-content\\\/uploads\\\/2013\\\/06\\\/b7509af59c.jpg\",\"contentUrl\":\"https:\\\/\\\/www.salzburgerland.com\\\/de\\\/magazin\\\/wp-content\\\/uploads\\\/2013\\\/06\\\/b7509af59c.jpg\",\"width\":640,\"height\":427,\"caption\":\"Vier Kinder l\u00e4cheln und spielen in einem gro\u00dfen orangefarbenen Kletterger\u00fcst vor einem blauen Himmel.\"},{\"@type\":\"BreadcrumbList\",\"@id\":\"https:\\\/\\\/www.salzburgerland.com\\\/de\\\/magazin\\\/schmidolins-feuertaufe\\\/#breadcrumb\",\"itemListElement\":[{\"@type\":\"ListItem\",\"position\":1,\"name\":\"Startseite\",\"item\":\"https:\\\/\\\/www.salzburgerland.com\\\/de\\\/magazin\\\/\"},{\"@type\":\"ListItem\",\"position\":2,\"name\":\"Outdoor &amp; Sport\",\"item\":\"https:\\\/\\\/www.salzburgerland.com\\\/de\\\/magazin\\\/thema\\\/outdoor-sport\\\/\"},{\"@type\":\"ListItem\",\"position\":3,\"name\":\"Familien-Sommererlebnis auf der Schmittenh\u00f6he\"}]},{\"@type\":\"WebSite\",\"@id\":\"https:\\\/\\\/www.salzburgerland.com\\\/de\\\/magazin\\\/#website\",\"url\":\"https:\\\/\\\/www.salzburgerland.com\\\/de\\\/magazin\\\/\",\"name\":\"SalzburgerLand Magazin\",\"description\":\"Geschichten und Interessantes aus dem SalzburgerLand\",\"publisher\":{\"@id\":\"https:\\\/\\\/www.salzburgerland.com\\\/de\\\/magazin\\\/#organization\"},\"potentialAction\":[{\"@type\":\"SearchAction\",\"target\":{\"@type\":\"EntryPoint\",\"urlTemplate\":\"https:\\\/\\\/www.salzburgerland.com\\\/de\\\/magazin\\\/?s={search_term_string}\"},\"query-input\":{\"@type\":\"PropertyValueSpecification\",\"valueRequired\":true,\"valueName\":\"search_term_string\"}}],\"inLanguage\":\"de\"},{\"@type\":\"Organization\",\"@id\":\"https:\\\/\\\/www.salzburgerland.com\\\/de\\\/magazin\\\/#organization\",\"name\":\"SalzburgerLand Tourismus\",\"url\":\"https:\\\/\\\/www.salzburgerland.com\\\/de\\\/magazin\\\/\",\"logo\":{\"@type\":\"ImageObject\",\"inLanguage\":\"de\",\"@id\":\"https:\\\/\\\/www.salzburgerland.com\\\/de\\\/magazin\\\/#\\\/schema\\\/logo\\\/image\\\/\",\"url\":\"https:\\\/\\\/www.salzburgerland.com\\\/de\\\/magazin\\\/wp-content\\\/uploads\\\/2019\\\/06\\\/salzburgerland-logo1.jpg\",\"contentUrl\":\"https:\\\/\\\/www.salzburgerland.com\\\/de\\\/magazin\\\/wp-content\\\/uploads\\\/2019\\\/06\\\/salzburgerland-logo1.jpg\",\"width\":2011,\"height\":866,\"caption\":\"SalzburgerLand Tourismus\"},\"image\":{\"@id\":\"https:\\\/\\\/www.salzburgerland.com\\\/de\\\/magazin\\\/#\\\/schema\\\/logo\\\/image\\\/\"},\"sameAs\":[\"https:\\\/\\\/www.facebook.com\\\/salzburgerland\\\/\",\"https:\\\/\\\/x.com\\\/Salzburgerland\",\"https:\\\/\\\/www.instagram.com\\\/salzburgerland\\\/\",\"https:\\\/\\\/at.linkedin.com\\\/company\\\/salzburgerland-tourismus-gmbh\",\"https:\\\/\\\/www.pinterest.at\\\/salzburgerland\\\/\",\"https:\\\/\\\/www.youtube.com\\\/user\\\/salzburgerland\",\"https:\\\/\\\/de.wikipedia.org\\\/wiki\\\/SalzburgerLand_Tourismus_GmbH\"]},{\"@type\":\"Person\",\"@id\":\"https:\\\/\\\/www.salzburgerland.com\\\/de\\\/magazin\\\/#\\\/schema\\\/person\\\/a55a4fee1009b9e458d298480a18a9f7\",\"name\":\"Ulli Hammerl\",\"description\":\"Geboren und aufgewachsen in der Stadt Salzburg war Ulli Hammerl fr\u00fch bewusst, in einer der sch\u00f6nsten St\u00e4dte der Welt zu leben. So ist sie auch w\u00e4hrend ihres Studiums der Kommunikationswissenschaft und \u00d6kologie ihrer Heimatstadt treu geblieben. Gleich nach dem Studium ist sie zu SalzburgerLand Tourismus (SLTG) gegangen und hat hier von 1998 - 2004 u.a. die SalzburgerLand Card betreut. Dabei ist sie viel herumgekommen, wodurch auch die Liebe zum SalzburgerLand enstanden und gewachsen ist. Nach der Geburt ihrer Tochter im September 2004 hat sich Ulli Hammerl 2007 mit einer Agentur selbst\u00e4ndig gemacht. Mein pers\u00f6nlicher Logenplatz: Hoch \u00fcber Salzburg, abseits der stark begangenen Wege mit Blick auf die D\u00e4cher und Kircht\u00fcrme der Stadt \u2013 hier geht mir das Herz auf! Morgen- oder Abendmensch: Ganz klar: Morgenmensch. Wenn um 5.00 Uhr fr\u00fch die V\u00f6gel zwitschern und rund herum noch alles in tiefer Ruhe versinkt, dann ist meine Zeit. Ausgeschlafen, Energie geladen und voller Tatendrang starte ich am liebsten in den fr\u00fchen Morgenstunden in den Tag. Daf\u00fcr kann man nach 21.00 Uhr nicht mehr mit mir rechnen. Buch oder Film: Es gibt nichts Sch\u00f6neres, als es sich am Ende des Tages auf der Couch gem\u00fctlich zu machen und in die Gedankenwelt eines guten Buches einzutauchen \u2013 Lesen ist Abenteuer im Kopf. Wandern, Spazierengehen oder Laufen: alles drei und zwar am besten jeden Tag. Mit ein bisschen Zeiteinteilung geht es sich tats\u00e4chlich fast gehen Tag aus, drau\u00dfen unterwegs zu sein. Fr\u00fchling, Sommer, Herbst oder Winter: Ich kann es im Fr\u00fchling kaum erwarten, die ersten Gr\u00fcnschattierungen in der Natur zu entdecken. Ich liebe hei\u00dfe Sommertage am See und laue Sommerabende am Balkon. Ich mag es, wenn im Herbst die W\u00e4lder in einem Meer aus Farben erstrahlen, Laubrascheln und Kastanien sammeln. Und ich freue mich wie ein Kind, wenn im Dezember die ersten Schneeflocken vom Himmel schweben. Die vier Jahreszeiten sind etwas Wunderbares.\",\"url\":\"https:\\\/\\\/www.salzburgerland.com\\\/de\\\/magazin\\\/author\\\/ulli-hammerl\\\/\"}]}<\/script>\n<!-- \/ Yoast SEO Premium plugin. -->","yoast_head_json":{"title":"Familien-Sommererlebnis auf der Schmittenh\u00f6he - SalzburgerLand Magazin","description":"Auf der Schmittenh\u00f6he in Zell am See, eine der ausgezeichneten Salzburger Sommerbahnen, hat Schmidolin sein Zuhause. Schmidolin, der netteste Ferien- \u00e4h Feuerdrache der Welt. Im Winter liebt es Schmidolin, den kleinen und gro\u00dfen Skifahrern zuzuschauen, wie sie die Pisten hinunterkurven. Hin und wieder schnallt auch er sich die Skier an. Jetzt im Sommer tollt der gr\u00fcne Drache vergn\u00fcgt \u00fcber die Blumen \u00fcbers\u00e4ten Bergwiesen oder er versteckt sich im dichten Fichtenwald.","robots":{"index":"index","follow":"follow","max-snippet":"max-snippet:-1","max-image-preview":"max-image-preview:large","max-video-preview":"max-video-preview:-1"},"canonical":"https:\/\/www.salzburgerland.com\/de\/magazin\/schmidolins-feuertaufe\/","og_locale":"de_DE","og_type":"article","og_title":"Familien-Sommererlebnis auf der Schmittenh\u00f6he","og_description":"Auf jeden Fall freut er sich immer \u00fcber Besuch. Gerade jetzt braucht er dringend Hilfe von mutigen kleinen Abenteurern. Denn um als echter, furchtloser Feuerdrache zu gelten, muss Schmidolin seine Feuertaufe bestehen. Drache Schmidolin wartet auf euch Kommt also bitte schnell zur Bergstation der Asitzbahn I. Von hier aus geht es los, immer den Wegweisern [&hellip;]","og_url":"https:\/\/www.salzburgerland.com\/de\/magazin\/schmidolins-feuertaufe\/","og_site_name":"SalzburgerLand Magazin","article_publisher":"https:\/\/www.facebook.com\/salzburgerland\/","article_published_time":"2013-07-22T07:22:25+00:00","article_modified_time":"2020-03-18T10:59:30+00:00","og_image":[{"width":640,"height":427,"url":"https:\/\/www.salzburgerland.com\/de\/magazin\/wp-content\/uploads\/2013\/06\/b7509af59c.jpg","type":"image\/jpeg"}],"author":"Ulli Hammerl","twitter_card":"summary_large_image","twitter_creator":"@Salzburgerland","twitter_site":"@Salzburgerland","twitter_misc":{"Verfasst von":"Ulli Hammerl","Gesch\u00e4tzte Lesezeit":"2\u00a0Minuten"},"schema":{"@context":"https:\/\/schema.org","@graph":[{"@type":"Article","@id":"https:\/\/www.salzburgerland.com\/de\/magazin\/schmidolins-feuertaufe\/#article","isPartOf":{"@id":"https:\/\/www.salzburgerland.com\/de\/magazin\/schmidolins-feuertaufe\/"},"author":{"name":"Ulli Hammerl","@id":"https:\/\/www.salzburgerland.com\/de\/magazin\/#\/schema\/person\/a55a4fee1009b9e458d298480a18a9f7"},"headline":"Familien-Sommererlebnis auf der Schmittenh\u00f6he","datePublished":"2013-07-22T07:22:25+00:00","dateModified":"2020-03-18T10:59:30+00:00","mainEntityOfPage":{"@id":"https:\/\/www.salzburgerland.com\/de\/magazin\/schmidolins-feuertaufe\/"},"wordCount":377,"commentCount":0,"publisher":{"@id":"https:\/\/www.salzburgerland.com\/de\/magazin\/#organization"},"image":{"@id":"https:\/\/www.salzburgerland.com\/de\/magazin\/schmidolins-feuertaufe\/#primaryimage"},"thumbnailUrl":"https:\/\/www.salzburgerland.com\/de\/magazin\/wp-content\/uploads\/2013\/06\/b7509af59c.jpg","articleSection":["Outdoor &amp; Sport"],"inLanguage":"de","potentialAction":[{"@type":"CommentAction","name":"Comment","target":["https:\/\/www.salzburgerland.com\/de\/magazin\/schmidolins-feuertaufe\/#respond"]}]},{"@type":"WebPage","@id":"https:\/\/www.salzburgerland.com\/de\/magazin\/schmidolins-feuertaufe\/","url":"https:\/\/www.salzburgerland.com\/de\/magazin\/schmidolins-feuertaufe\/","name":"Familien-Sommererlebnis auf der Schmittenh\u00f6he - SalzburgerLand Magazin","isPartOf":{"@id":"https:\/\/www.salzburgerland.com\/de\/magazin\/#website"},"primaryImageOfPage":{"@id":"https:\/\/www.salzburgerland.com\/de\/magazin\/schmidolins-feuertaufe\/#primaryimage"},"image":{"@id":"https:\/\/www.salzburgerland.com\/de\/magazin\/schmidolins-feuertaufe\/#primaryimage"},"thumbnailUrl":"https:\/\/www.salzburgerland.com\/de\/magazin\/wp-content\/uploads\/2013\/06\/b7509af59c.jpg","datePublished":"2013-07-22T07:22:25+00:00","dateModified":"2020-03-18T10:59:30+00:00","breadcrumb":{"@id":"https:\/\/www.salzburgerland.com\/de\/magazin\/schmidolins-feuertaufe\/#breadcrumb"},"inLanguage":"de","potentialAction":[{"@type":"ReadAction","target":["https:\/\/www.salzburgerland.com\/de\/magazin\/schmidolins-feuertaufe\/"]}]},{"@type":"ImageObject","inLanguage":"de","@id":"https:\/\/www.salzburgerland.com\/de\/magazin\/schmidolins-feuertaufe\/#primaryimage","url":"https:\/\/www.salzburgerland.com\/de\/magazin\/wp-content\/uploads\/2013\/06\/b7509af59c.jpg","contentUrl":"https:\/\/www.salzburgerland.com\/de\/magazin\/wp-content\/uploads\/2013\/06\/b7509af59c.jpg","width":640,"height":427,"caption":"Vier Kinder l\u00e4cheln und spielen in einem gro\u00dfen orangefarbenen Kletterger\u00fcst vor einem blauen Himmel."},{"@type":"BreadcrumbList","@id":"https:\/\/www.salzburgerland.com\/de\/magazin\/schmidolins-feuertaufe\/#breadcrumb","itemListElement":[{"@type":"ListItem","position":1,"name":"Startseite","item":"https:\/\/www.salzburgerland.com\/de\/magazin\/"},{"@type":"ListItem","position":2,"name":"Outdoor &amp; Sport","item":"https:\/\/www.salzburgerland.com\/de\/magazin\/thema\/outdoor-sport\/"},{"@type":"ListItem","position":3,"name":"Familien-Sommererlebnis auf der Schmittenh\u00f6he"}]},{"@type":"WebSite","@id":"https:\/\/www.salzburgerland.com\/de\/magazin\/#website","url":"https:\/\/www.salzburgerland.com\/de\/magazin\/","name":"SalzburgerLand Magazin","description":"Geschichten und Interessantes aus dem SalzburgerLand","publisher":{"@id":"https:\/\/www.salzburgerland.com\/de\/magazin\/#organization"},"potentialAction":[{"@type":"SearchAction","target":{"@type":"EntryPoint","urlTemplate":"https:\/\/www.salzburgerland.com\/de\/magazin\/?s={search_term_string}"},"query-input":{"@type":"PropertyValueSpecification","valueRequired":true,"valueName":"search_term_string"}}],"inLanguage":"de"},{"@type":"Organization","@id":"https:\/\/www.salzburgerland.com\/de\/magazin\/#organization","name":"SalzburgerLand Tourismus","url":"https:\/\/www.salzburgerland.com\/de\/magazin\/","logo":{"@type":"ImageObject","inLanguage":"de","@id":"https:\/\/www.salzburgerland.com\/de\/magazin\/#\/schema\/logo\/image\/","url":"https:\/\/www.salzburgerland.com\/de\/magazin\/wp-content\/uploads\/2019\/06\/salzburgerland-logo1.jpg","contentUrl":"https:\/\/www.salzburgerland.com\/de\/magazin\/wp-content\/uploads\/2019\/06\/salzburgerland-logo1.jpg","width":2011,"height":866,"caption":"SalzburgerLand Tourismus"},"image":{"@id":"https:\/\/www.salzburgerland.com\/de\/magazin\/#\/schema\/logo\/image\/"},"sameAs":["https:\/\/www.facebook.com\/salzburgerland\/","https:\/\/x.com\/Salzburgerland","https:\/\/www.instagram.com\/salzburgerland\/","https:\/\/at.linkedin.com\/company\/salzburgerland-tourismus-gmbh","https:\/\/www.pinterest.at\/salzburgerland\/","https:\/\/www.youtube.com\/user\/salzburgerland","https:\/\/de.wikipedia.org\/wiki\/SalzburgerLand_Tourismus_GmbH"]},{"@type":"Person","@id":"https:\/\/www.salzburgerland.com\/de\/magazin\/#\/schema\/person\/a55a4fee1009b9e458d298480a18a9f7","name":"Ulli Hammerl","description":"Geboren und aufgewachsen in der Stadt Salzburg war Ulli Hammerl fr\u00fch bewusst, in einer der sch\u00f6nsten St\u00e4dte der Welt zu leben. So ist sie auch w\u00e4hrend ihres Studiums der Kommunikationswissenschaft und \u00d6kologie ihrer Heimatstadt treu geblieben. Gleich nach dem Studium ist sie zu SalzburgerLand Tourismus (SLTG) gegangen und hat hier von 1998 - 2004 u.a. die SalzburgerLand Card betreut. Dabei ist sie viel herumgekommen, wodurch auch die Liebe zum SalzburgerLand enstanden und gewachsen ist. Nach der Geburt ihrer Tochter im September 2004 hat sich Ulli Hammerl 2007 mit einer Agentur selbst\u00e4ndig gemacht. Mein pers\u00f6nlicher Logenplatz: Hoch \u00fcber Salzburg, abseits der stark begangenen Wege mit Blick auf die D\u00e4cher und Kircht\u00fcrme der Stadt \u2013 hier geht mir das Herz auf! Morgen- oder Abendmensch: Ganz klar: Morgenmensch. Wenn um 5.00 Uhr fr\u00fch die V\u00f6gel zwitschern und rund herum noch alles in tiefer Ruhe versinkt, dann ist meine Zeit. Ausgeschlafen, Energie geladen und voller Tatendrang starte ich am liebsten in den fr\u00fchen Morgenstunden in den Tag. Daf\u00fcr kann man nach 21.00 Uhr nicht mehr mit mir rechnen. Buch oder Film: Es gibt nichts Sch\u00f6neres, als es sich am Ende des Tages auf der Couch gem\u00fctlich zu machen und in die Gedankenwelt eines guten Buches einzutauchen \u2013 Lesen ist Abenteuer im Kopf. Wandern, Spazierengehen oder Laufen: alles drei und zwar am besten jeden Tag. Mit ein bisschen Zeiteinteilung geht es sich tats\u00e4chlich fast gehen Tag aus, drau\u00dfen unterwegs zu sein. Fr\u00fchling, Sommer, Herbst oder Winter: Ich kann es im Fr\u00fchling kaum erwarten, die ersten Gr\u00fcnschattierungen in der Natur zu entdecken. Ich liebe hei\u00dfe Sommertage am See und laue Sommerabende am Balkon. Ich mag es, wenn im Herbst die W\u00e4lder in einem Meer aus Farben erstrahlen, Laubrascheln und Kastanien sammeln. Und ich freue mich wie ein Kind, wenn im Dezember die ersten Schneeflocken vom Himmel schweben. Die vier Jahreszeiten sind etwas Wunderbares.","url":"https:\/\/www.salzburgerland.com\/de\/magazin\/author\/ulli-hammerl\/"}]}},"_wl_alt_label":[],"wl:entity_url":"http:\/\/open.salzburgerland.com\/magazin\/post\/schmidolins_feuertaufe","_links":{"self":[{"href":"https:\/\/www.salzburgerland.com\/de\/magazin\/wp-json\/wp\/v2\/posts\/37888","targetHints":{"allow":["GET"]}}],"collection":[{"href":"https:\/\/www.salzburgerland.com\/de\/magazin\/wp-json\/wp\/v2\/posts"}],"about":[{"href":"https:\/\/www.salzburgerland.com\/de\/magazin\/wp-json\/wp\/v2\/types\/post"}],"author":[{"embeddable":true,"href":"https:\/\/www.salzburgerland.com\/de\/magazin\/wp-json\/wp\/v2\/users\/90"}],"replies":[{"embeddable":true,"href":"https:\/\/www.salzburgerland.com\/de\/magazin\/wp-json\/wp\/v2\/comments?post=37888"}],"version-history":[{"count":0,"href":"https:\/\/www.salzburgerland.com\/de\/magazin\/wp-json\/wp\/v2\/posts\/37888\/revisions"}],"wp:featuredmedia":[{"embeddable":true,"href":"https:\/\/www.salzburgerland.com\/de\/magazin\/wp-json\/wp\/v2\/media\/37891"}],"wp:attachment":[{"href":"https:\/\/www.salzburgerland.com\/de\/magazin\/wp-json\/wp\/v2\/media?parent=37888"}],"wp:term":[{"taxonomy":"category","embeddable":true,"href":"https:\/\/www.salzburgerland.com\/de\/magazin\/wp-json\/wp\/v2\/categories?post=37888"},{"taxonomy":"post_tag","embeddable":true,"href":"https:\/\/www.salzburgerland.com\/de\/magazin\/wp-json\/wp\/v2\/tags?post=37888"},{"taxonomy":"wl_entity_type","embeddable":true,"href":"https:\/\/www.salzburgerland.com\/de\/magazin\/wp-json\/wp\/v2\/wl_entity_type?post=37888"},{"taxonomy":"monatsauswahl","embeddable":true,"href":"https:\/\/www.salzburgerland.com\/de\/magazin\/wp-json\/wp\/v2\/monatsauswahl?post=37888"}],"curies":[{"name":"wp","href":"https:\/\/api.w.org\/{rel}","templated":true}]}}