{"id":378,"date":"2012-04-05T21:51:43","date_gmt":"2012-04-05T19:51:43","guid":{"rendered":"http:\/\/magazin.salzburgerland.com\/?p=378"},"modified":"2023-09-06T13:04:39","modified_gmt":"2023-09-06T11:04:39","slug":"im-weisen-rosl-grose-gefuhle-am-wolfgangssee","status":"publish","type":"post","link":"https:\/\/www.salzburgerland.com\/de\/magazin\/im-weisen-rosl-grose-gefuhle-am-wolfgangssee\/","title":{"rendered":"\u201eIm wei\u00dfen R\u00f6\u00dfl\u201c: Gro\u00dfe Gef\u00fchle am Wolfgangsee"},"content":{"rendered":"<p style=\"text-align: left;\" align=\"CENTER\"><span style=\"font-size: medium;\">Film ab im SalzburgerLand!\u00a0<\/span>Vergessen Sie Hollywood: Das SalzburgerLand liefert perfekte Kulissen f\u00fcr atemberaubende Filme voll \u00f6sterreichisch-uriger Heimatkultur.<\/p>\n<p>\u201eIm Salzkammergut, da kann man gut lustig sein\u201c, sang Peter Alexander schon im Jahre 1960. \u201eIm Wei\u00dfen R\u00f6\u00dfl\u201c, so lautet der Film. Als uriger Heimatfilm l\u00f6st er nostalgische Erinnerung in manch einem Kopf aus.<\/p>\n<h3 style=\"text-align: left;\"><strong>Ein Film im Salzkammergut macht Geschichte<\/strong><\/h3>\n<p>Es war einmal ein sch\u00f6ner Sommer 1960 in Sankt Wolfgang: Umgeben von der traumhaften Berg- und Seenkulisse hat sich eine gro\u00dfe Filmcrew samt Regisseur Werner Jacobs und namhaften Schauspieler \u00e0 la Waltraut Haas, Peter Alexander und Adrian Hoven versammelt, um hier gemeinsam Filmgeschichte zu schreiben. Name ist Programm: \u201eIm wei\u00dfen R\u00f6\u00dfl\u201c spielt &#8211; ja, richtig geraten &#8211; im Hotel \u201eWei\u00dfes R\u00f6\u00dfl\u201c am Wolfgangsee. Drama, Herzschmerz und jede Menge Gef\u00fchle liefert die verfilmte Operette auf dem Silbertablett:\u00a0Oberkellner Leopold (Peter Alexander), eh schon im Stress, dank des Hochbetriebes im Hotel, ist auch noch schwer verliebt in seine sch\u00f6ne Chefin Josepha (Waltraut Haas). Die wiederum liebt leider den Sommerstammgast Dr. Siedler (Adrian Hoven), der ihre Zuneigung jedoch nicht ernsthaft erwidert. Als Leopold beschlie\u00dft, seiner Chefin heimlich einen Rosenstrau\u00df zukommen zu lassen, h\u00e4lt die Beschenkte die Blumen prompt f\u00fcr ein Liebesgest\u00e4ndnis Dr. Siedlers. Irrungen und Wirrungen sowie vorprogrammierte Missverst\u00e4ndnisse lassen Josepha keine Wahl: Sie entl\u00e4sst den armen Leopold. Der l\u00e4sst es sich dennoch nicht nehmen, aus Liebe zu seiner nun ehemaligen Chefin, dann eben als Hotelgast wiederzukehren. Und, wie sich das geh\u00f6rt, gibt es freilich ein Happy End: Josepha und Leopold heiraten und leben gl\u00fccklich bis an ihr Lebensende. Der Zuschauer seufzt gl\u00fccklich: Hach, da war die Welt noch in Ordnung.<\/p>\n<h3><strong>Hotel der Romantik am Wolfgangsee<\/strong><\/h3>\n<p>Der Drehort im <a href=\"http:\/\/www.salzkammergut.at\/\" target=\"_blank\" rel=\"noopener noreferrer\">Salzkammergut<\/a> eignet sich perfekt f\u00fcr eine solche \u201eSommeromanze\u201c: Herrliche Landschaft voller Berge, in der Sonne glitzernden See und mittendrin dem ehrw\u00fcrdigen, &#8222;urigen&#8220; Hotel. Eine romantisch verkl\u00e4rte Szenerie, die f\u00fcr Tr\u00e4ume, Liebeleien und lautes herzzereissendes Liedertr\u00e4llern geradezu geschaffen ist.<br \/>\nBis heute kann man im Hotel \u201eIm Wei\u00dfen R\u00f6ssl\u201c, das bereits seit 1878 Leute in seine gem\u00fctliche Stubn einl\u00e4dt, Urlaub machen und \u00f6sterreichisch-urige Kultur am Wolfgangssee genie\u00dfen.<\/p>\n<p>Romantik Hotel Im Weissen R\u00f6ssl ****S<br \/>\nMarkt 74<br \/>\nA-5360 St. Wolfgang<br \/>\n+43 6138-2306-0<br \/>\n<a href=\"http:\/\/www.weissesroessl.at\/\" target=\"_blank\" rel=\"noopener noreferrer\">www.weissesroessl.at<\/a><\/p>\n<p>Fotocredit: Hotel Weisses R\u00f6ssl<\/p>\n","protected":false},"excerpt":{"rendered":"<p>Film ab im SalzburgerLand!\u00a0Vergessen Sie Hollywood: Das SalzburgerLand liefert perfekte Kulissen f\u00fcr atemberaubende Filme voll \u00f6sterreichisch-uriger Heimatkultur. \u201eIm Salzkammergut, da kann man gut lustig sein\u201c, sang Peter Alexander schon im Jahre 1960. \u201eIm Wei\u00dfen R\u00f6\u00dfl\u201c, so lautet der Film. Als uriger Heimatfilm l\u00f6st er nostalgische Erinnerung in manch einem Kopf aus. Ein Film im Salzkammergut [&hellip;]<\/p>\n","protected":false},"author":8,"featured_media":15467,"comment_status":"open","ping_status":"open","sticky":false,"template":"","format":"standard","meta":{"_acf_changed":false,"wl_entities_gutenberg":"","_wl_entity_redirect_enabled":"","footnotes":""},"categories":[6],"tags":[],"wl_entity_type":[306],"monatsauswahl":[82,83,84,85,86,87,88,89,90,91,92,93],"class_list":["post-378","post","type-post","status-publish","format-standard","has-post-thumbnail","hentry","category-kunst-kultur","wl_entity_type-article","monatsauswahl-monat_1","monatsauswahl-monat_2","monatsauswahl-monat_3","monatsauswahl-monat_4","monatsauswahl-monat_5","monatsauswahl-monat_6","monatsauswahl-monat_7","monatsauswahl-monat_8","monatsauswahl-monat_9","monatsauswahl-monat_10","monatsauswahl-monat_11","monatsauswahl-monat_12"],"acf":[],"yoast_head":"<!-- This site is optimized with the Yoast SEO Premium plugin v27.4 (Yoast SEO v27.4) - https:\/\/yoast.com\/product\/yoast-seo-premium-wordpress\/ -->\n<title>\u201eIm wei\u00dfen R\u00f6\u00dfl\u201c: Gro\u00dfe Gef\u00fchle am Wolfgangsee - SalzburgerLand Magazin<\/title>\n<meta name=\"description\" content=\"Film ab im SalzburgerLand!\u00a0Vergessen Sie Hollywood: Das SalzburgerLand liefert perfekte Kulissen f\u00fcr atemberaubende Filme voll \u00f6sterreichisch-uriger Heimatkultur. \u201eIm Salzkammergut, da kann man gut lustig sein\u201c, sang Peter Alexander schon im Jahre 1960. \u201eIm Wei\u00dfen R\u00f6\u00dfl\u201c, so lautet der Film. Als uriger Heimatfilm l\u00f6st er nostalgische Erinnerung in manch einem Kopf aus. Ein Film im Salzkammergut [&hellip;]\" \/>\n<meta name=\"robots\" content=\"index, follow, max-snippet:-1, max-image-preview:large, max-video-preview:-1\" \/>\n<link rel=\"canonical\" href=\"https:\/\/www.salzburgerland.com\/de\/magazin\/im-weisen-rosl-grose-gefuhle-am-wolfgangssee\/\" \/>\n<meta property=\"og:locale\" content=\"de_DE\" \/>\n<meta property=\"og:type\" content=\"article\" \/>\n<meta property=\"og:title\" content=\"\u201eIm wei\u00dfen R\u00f6\u00dfl\u201c: Gro\u00dfe Gef\u00fchle am Wolfgangsee\" \/>\n<meta property=\"og:description\" content=\"Film ab im SalzburgerLand!\u00a0Vergessen Sie Hollywood: Das SalzburgerLand liefert perfekte Kulissen f\u00fcr atemberaubende Filme voll \u00f6sterreichisch-uriger Heimatkultur. \u201eIm Salzkammergut, da kann man gut lustig sein\u201c, sang Peter Alexander schon im Jahre 1960. \u201eIm Wei\u00dfen R\u00f6\u00dfl\u201c, so lautet der Film. Als uriger Heimatfilm l\u00f6st er nostalgische Erinnerung in manch einem Kopf aus. Ein Film im Salzkammergut [&hellip;]\" \/>\n<meta property=\"og:url\" content=\"https:\/\/www.salzburgerland.com\/de\/magazin\/im-weisen-rosl-grose-gefuhle-am-wolfgangssee\/\" \/>\n<meta property=\"og:site_name\" content=\"SalzburgerLand Magazin\" \/>\n<meta property=\"article:publisher\" content=\"https:\/\/www.facebook.com\/salzburgerland\/\" \/>\n<meta property=\"article:published_time\" content=\"2012-04-05T19:51:43+00:00\" \/>\n<meta property=\"article:modified_time\" content=\"2023-09-06T11:04:39+00:00\" \/>\n<meta property=\"og:image\" content=\"https:\/\/www.salzburgerland.com\/de\/magazin\/wp-content\/uploads\/2012\/04\/Weisses-Rossl-1.jpg\" \/>\n\t<meta property=\"og:image:width\" content=\"1197\" \/>\n\t<meta property=\"og:image:height\" content=\"1024\" \/>\n\t<meta property=\"og:image:type\" content=\"image\/jpeg\" \/>\n<meta name=\"author\" content=\"Christine Gnahn\" \/>\n<meta name=\"twitter:card\" content=\"summary_large_image\" \/>\n<meta name=\"twitter:creator\" content=\"@Salzburgerland\" \/>\n<meta name=\"twitter:site\" content=\"@Salzburgerland\" \/>\n<meta name=\"twitter:label1\" content=\"Verfasst von\" \/>\n\t<meta name=\"twitter:data1\" content=\"Christine Gnahn\" \/>\n\t<meta name=\"twitter:label2\" content=\"Gesch\u00e4tzte Lesezeit\" \/>\n\t<meta name=\"twitter:data2\" content=\"2\u00a0Minuten\" \/>\n<script type=\"application\/ld+json\" class=\"yoast-schema-graph\">{\"@context\":\"https:\\\/\\\/schema.org\",\"@graph\":[{\"@type\":\"Article\",\"@id\":\"https:\\\/\\\/www.salzburgerland.com\\\/de\\\/magazin\\\/im-weisen-rosl-grose-gefuhle-am-wolfgangssee\\\/#article\",\"isPartOf\":{\"@id\":\"https:\\\/\\\/www.salzburgerland.com\\\/de\\\/magazin\\\/im-weisen-rosl-grose-gefuhle-am-wolfgangssee\\\/\"},\"author\":{\"name\":\"Christine Gnahn\",\"@id\":\"https:\\\/\\\/www.salzburgerland.com\\\/de\\\/magazin\\\/#\\\/schema\\\/person\\\/bffbd5cf7c6a1f4948505566c7fcff7c\"},\"headline\":\"\u201eIm wei\u00dfen R\u00f6\u00dfl\u201c: Gro\u00dfe Gef\u00fchle am Wolfgangsee\",\"datePublished\":\"2012-04-05T19:51:43+00:00\",\"dateModified\":\"2023-09-06T11:04:39+00:00\",\"mainEntityOfPage\":{\"@id\":\"https:\\\/\\\/www.salzburgerland.com\\\/de\\\/magazin\\\/im-weisen-rosl-grose-gefuhle-am-wolfgangssee\\\/\"},\"wordCount\":400,\"commentCount\":0,\"publisher\":{\"@id\":\"https:\\\/\\\/www.salzburgerland.com\\\/de\\\/magazin\\\/#organization\"},\"image\":{\"@id\":\"https:\\\/\\\/www.salzburgerland.com\\\/de\\\/magazin\\\/im-weisen-rosl-grose-gefuhle-am-wolfgangssee\\\/#primaryimage\"},\"thumbnailUrl\":\"https:\\\/\\\/www.salzburgerland.com\\\/de\\\/magazin\\\/wp-content\\\/uploads\\\/2012\\\/04\\\/Weisses-Rossl-1.jpg\",\"articleSection\":[\"Kunst &amp; Kultur\"],\"inLanguage\":\"de\",\"potentialAction\":[{\"@type\":\"CommentAction\",\"name\":\"Comment\",\"target\":[\"https:\\\/\\\/www.salzburgerland.com\\\/de\\\/magazin\\\/im-weisen-rosl-grose-gefuhle-am-wolfgangssee\\\/#respond\"]}]},{\"@type\":\"WebPage\",\"@id\":\"https:\\\/\\\/www.salzburgerland.com\\\/de\\\/magazin\\\/im-weisen-rosl-grose-gefuhle-am-wolfgangssee\\\/\",\"url\":\"https:\\\/\\\/www.salzburgerland.com\\\/de\\\/magazin\\\/im-weisen-rosl-grose-gefuhle-am-wolfgangssee\\\/\",\"name\":\"\u201eIm wei\u00dfen R\u00f6\u00dfl\u201c: Gro\u00dfe Gef\u00fchle am Wolfgangsee - SalzburgerLand Magazin\",\"isPartOf\":{\"@id\":\"https:\\\/\\\/www.salzburgerland.com\\\/de\\\/magazin\\\/#website\"},\"primaryImageOfPage\":{\"@id\":\"https:\\\/\\\/www.salzburgerland.com\\\/de\\\/magazin\\\/im-weisen-rosl-grose-gefuhle-am-wolfgangssee\\\/#primaryimage\"},\"image\":{\"@id\":\"https:\\\/\\\/www.salzburgerland.com\\\/de\\\/magazin\\\/im-weisen-rosl-grose-gefuhle-am-wolfgangssee\\\/#primaryimage\"},\"thumbnailUrl\":\"https:\\\/\\\/www.salzburgerland.com\\\/de\\\/magazin\\\/wp-content\\\/uploads\\\/2012\\\/04\\\/Weisses-Rossl-1.jpg\",\"datePublished\":\"2012-04-05T19:51:43+00:00\",\"dateModified\":\"2023-09-06T11:04:39+00:00\",\"breadcrumb\":{\"@id\":\"https:\\\/\\\/www.salzburgerland.com\\\/de\\\/magazin\\\/im-weisen-rosl-grose-gefuhle-am-wolfgangssee\\\/#breadcrumb\"},\"inLanguage\":\"de\",\"potentialAction\":[{\"@type\":\"ReadAction\",\"target\":[\"https:\\\/\\\/www.salzburgerland.com\\\/de\\\/magazin\\\/im-weisen-rosl-grose-gefuhle-am-wolfgangssee\\\/\"]}]},{\"@type\":\"ImageObject\",\"inLanguage\":\"de\",\"@id\":\"https:\\\/\\\/www.salzburgerland.com\\\/de\\\/magazin\\\/im-weisen-rosl-grose-gefuhle-am-wolfgangssee\\\/#primaryimage\",\"url\":\"https:\\\/\\\/www.salzburgerland.com\\\/de\\\/magazin\\\/wp-content\\\/uploads\\\/2012\\\/04\\\/Weisses-Rossl-1.jpg\",\"contentUrl\":\"https:\\\/\\\/www.salzburgerland.com\\\/de\\\/magazin\\\/wp-content\\\/uploads\\\/2012\\\/04\\\/Weisses-Rossl-1.jpg\",\"width\":1197,\"height\":1024,\"caption\":\"Drei formell gekleidete Personen, zwei M\u00e4nner und eine Frau, stehen mit ernster Miene in einem Raum.\"},{\"@type\":\"BreadcrumbList\",\"@id\":\"https:\\\/\\\/www.salzburgerland.com\\\/de\\\/magazin\\\/im-weisen-rosl-grose-gefuhle-am-wolfgangssee\\\/#breadcrumb\",\"itemListElement\":[{\"@type\":\"ListItem\",\"position\":1,\"name\":\"Startseite\",\"item\":\"https:\\\/\\\/www.salzburgerland.com\\\/de\\\/magazin\\\/\"},{\"@type\":\"ListItem\",\"position\":2,\"name\":\"Kunst &amp; Kultur\",\"item\":\"https:\\\/\\\/www.salzburgerland.com\\\/de\\\/magazin\\\/thema\\\/kunst-kultur\\\/\"},{\"@type\":\"ListItem\",\"position\":3,\"name\":\"\u201eIm wei\u00dfen R\u00f6\u00dfl\u201c: Gro\u00dfe Gef\u00fchle am Wolfgangsee\"}]},{\"@type\":\"WebSite\",\"@id\":\"https:\\\/\\\/www.salzburgerland.com\\\/de\\\/magazin\\\/#website\",\"url\":\"https:\\\/\\\/www.salzburgerland.com\\\/de\\\/magazin\\\/\",\"name\":\"SalzburgerLand Magazin\",\"description\":\"Geschichten und Interessantes aus dem SalzburgerLand\",\"publisher\":{\"@id\":\"https:\\\/\\\/www.salzburgerland.com\\\/de\\\/magazin\\\/#organization\"},\"potentialAction\":[{\"@type\":\"SearchAction\",\"target\":{\"@type\":\"EntryPoint\",\"urlTemplate\":\"https:\\\/\\\/www.salzburgerland.com\\\/de\\\/magazin\\\/?s={search_term_string}\"},\"query-input\":{\"@type\":\"PropertyValueSpecification\",\"valueRequired\":true,\"valueName\":\"search_term_string\"}}],\"inLanguage\":\"de\"},{\"@type\":\"Organization\",\"@id\":\"https:\\\/\\\/www.salzburgerland.com\\\/de\\\/magazin\\\/#organization\",\"name\":\"SalzburgerLand Tourismus\",\"url\":\"https:\\\/\\\/www.salzburgerland.com\\\/de\\\/magazin\\\/\",\"logo\":{\"@type\":\"ImageObject\",\"inLanguage\":\"de\",\"@id\":\"https:\\\/\\\/www.salzburgerland.com\\\/de\\\/magazin\\\/#\\\/schema\\\/logo\\\/image\\\/\",\"url\":\"https:\\\/\\\/www.salzburgerland.com\\\/de\\\/magazin\\\/wp-content\\\/uploads\\\/2019\\\/06\\\/salzburgerland-logo1.jpg\",\"contentUrl\":\"https:\\\/\\\/www.salzburgerland.com\\\/de\\\/magazin\\\/wp-content\\\/uploads\\\/2019\\\/06\\\/salzburgerland-logo1.jpg\",\"width\":2011,\"height\":866,\"caption\":\"SalzburgerLand Tourismus\"},\"image\":{\"@id\":\"https:\\\/\\\/www.salzburgerland.com\\\/de\\\/magazin\\\/#\\\/schema\\\/logo\\\/image\\\/\"},\"sameAs\":[\"https:\\\/\\\/www.facebook.com\\\/salzburgerland\\\/\",\"https:\\\/\\\/x.com\\\/Salzburgerland\",\"https:\\\/\\\/www.instagram.com\\\/salzburgerland\\\/\",\"https:\\\/\\\/at.linkedin.com\\\/company\\\/salzburgerland-tourismus-gmbh\",\"https:\\\/\\\/www.pinterest.at\\\/salzburgerland\\\/\",\"https:\\\/\\\/www.youtube.com\\\/user\\\/salzburgerland\",\"https:\\\/\\\/de.wikipedia.org\\\/wiki\\\/SalzburgerLand_Tourismus_GmbH\"]},{\"@type\":\"Person\",\"@id\":\"https:\\\/\\\/www.salzburgerland.com\\\/de\\\/magazin\\\/#\\\/schema\\\/person\\\/bffbd5cf7c6a1f4948505566c7fcff7c\",\"name\":\"Christine Gnahn\",\"description\":\"Christine Gnahn ist mit Leidenschaft dabei, wenn es um Kunst, Kultur und Menschen im sch\u00f6nen SalzburgerLand geht. In ihrer Freizeit ist sie gern immer im Trubel des Geschehens und verbringt viel Zeit mit Sport und Wandern in der heilsamen Atmosph\u00e4re vom Salzburger M\u00f6nchs- und Kapuzinerberg. Das Schreiben ist sowohl Beruf als auch Hobby: Auch Gedichte, Kurzgeschichten und Romane z\u00e4hlen zum Repertoire der 22-j\u00e4hrigen Journalistin und Schrifstellerin. Um den eigenen Horrizont zu erweitern, begibt sie sich regelm\u00e4\u00dfig auf abenteuerliche Rucksackreisen durch aller Herren L\u00e4nder. Lebensmotto: Leb den Moment! Fragen mit Antworten von Christine Gnahn Morgen- oder Abendmensch? Wenn Morgens die Sonne aufgeht bin ich putzmunter und hab Riesenhunger auf Fr\u00fchst\u00fcck und Leben! Ich wei\u00df ich geh\u00f6re einer aussterbenden Rasse an aber ich f\u00fchle mich pudelwohl damit! Im Morgen liegt einfach eine besondere Kraft: Die Kraft des Neubeginns. Wellnessurlaub oder Rucksackreise? Rucksackreise, ruhig auch ohne jeglichen Komfort. Ich gehe auf Reisen, um Menschen, Land und Lebensgef\u00fchl zu sp\u00fcren. Dazu braucht es weder h\u00fcbsches Hotelzimmer noch edle Buffets. Alles Hab und Gut auf den R\u00fccken und bereit f\u00fcr jedes Abenteuer, das ist doch die wahre Freiheit! Berge oder Meer? Obwohl ich die Berge sehr liebe, w\u00fcrde ich wohl meist das Meer bevorzugen. Schon als Kind Stunden und Tage an der Adria verbracht, ist es mit seinen Wellen, Str\u00f6mung, Flut und Ebbe f\u00fcr mich Sinnbild der Energie und der Ruhe zugleich. Wandern oder Laufen? Ich bin ein Sportfreak. Erst morgens Laufen, dann Wandern! Turnschuhe oder High Heels? Ich besitze ein paar High Heels und die trage ich ungef\u00e4hr einmal in zwei Jahren. Im \u00fcbrigen ist High Heel wohl auch ein klarer Euphemismus f\u00fcr drei Zentimeter Absatz. Gmiadlich soll's sein und ich will mich wohlf\u00fchlen, daher: Turnschuhe! Fr\u00fchling, Sommer, Herbst oder Winter? Ich mag eigentlich jede Jahreszeit. Grad in Australien, wo grad im Norden Jahreszeiten eigentlich komplett durch Regen- und Trockenzeit ersetzt werden, lernt man sie zu sch\u00e4tzen. Aber wenn ich w\u00e4hlen muss, mag ich wohl Fr\u00fchling und Sommer am liebsten. Rindsroulade vom Pinzgauer Biorind oder Saibling fangfrisch aus dem\u00a0Fuschlsee? Ganz klar der Fisch! Grad frischem Fisch kann ich nicht widerstehen. Dazu noch ein Hauch Zitrone... mhhhh!\",\"url\":\"https:\\\/\\\/www.salzburgerland.com\\\/de\\\/magazin\\\/author\\\/cgnahn\\\/\"}]}<\/script>\n<!-- \/ Yoast SEO Premium plugin. -->","yoast_head_json":{"title":"\u201eIm wei\u00dfen R\u00f6\u00dfl\u201c: Gro\u00dfe Gef\u00fchle am Wolfgangsee - SalzburgerLand Magazin","description":"Film ab im SalzburgerLand!\u00a0Vergessen Sie Hollywood: Das SalzburgerLand liefert perfekte Kulissen f\u00fcr atemberaubende Filme voll \u00f6sterreichisch-uriger Heimatkultur. \u201eIm Salzkammergut, da kann man gut lustig sein\u201c, sang Peter Alexander schon im Jahre 1960. \u201eIm Wei\u00dfen R\u00f6\u00dfl\u201c, so lautet der Film. Als uriger Heimatfilm l\u00f6st er nostalgische Erinnerung in manch einem Kopf aus. Ein Film im Salzkammergut [&hellip;]","robots":{"index":"index","follow":"follow","max-snippet":"max-snippet:-1","max-image-preview":"max-image-preview:large","max-video-preview":"max-video-preview:-1"},"canonical":"https:\/\/www.salzburgerland.com\/de\/magazin\/im-weisen-rosl-grose-gefuhle-am-wolfgangssee\/","og_locale":"de_DE","og_type":"article","og_title":"\u201eIm wei\u00dfen R\u00f6\u00dfl\u201c: Gro\u00dfe Gef\u00fchle am Wolfgangsee","og_description":"Film ab im SalzburgerLand!\u00a0Vergessen Sie Hollywood: Das SalzburgerLand liefert perfekte Kulissen f\u00fcr atemberaubende Filme voll \u00f6sterreichisch-uriger Heimatkultur. \u201eIm Salzkammergut, da kann man gut lustig sein\u201c, sang Peter Alexander schon im Jahre 1960. \u201eIm Wei\u00dfen R\u00f6\u00dfl\u201c, so lautet der Film. Als uriger Heimatfilm l\u00f6st er nostalgische Erinnerung in manch einem Kopf aus. Ein Film im Salzkammergut [&hellip;]","og_url":"https:\/\/www.salzburgerland.com\/de\/magazin\/im-weisen-rosl-grose-gefuhle-am-wolfgangssee\/","og_site_name":"SalzburgerLand Magazin","article_publisher":"https:\/\/www.facebook.com\/salzburgerland\/","article_published_time":"2012-04-05T19:51:43+00:00","article_modified_time":"2023-09-06T11:04:39+00:00","og_image":[{"width":1197,"height":1024,"url":"https:\/\/www.salzburgerland.com\/de\/magazin\/wp-content\/uploads\/2012\/04\/Weisses-Rossl-1.jpg","type":"image\/jpeg"}],"author":"Christine Gnahn","twitter_card":"summary_large_image","twitter_creator":"@Salzburgerland","twitter_site":"@Salzburgerland","twitter_misc":{"Verfasst von":"Christine Gnahn","Gesch\u00e4tzte Lesezeit":"2\u00a0Minuten"},"schema":{"@context":"https:\/\/schema.org","@graph":[{"@type":"Article","@id":"https:\/\/www.salzburgerland.com\/de\/magazin\/im-weisen-rosl-grose-gefuhle-am-wolfgangssee\/#article","isPartOf":{"@id":"https:\/\/www.salzburgerland.com\/de\/magazin\/im-weisen-rosl-grose-gefuhle-am-wolfgangssee\/"},"author":{"name":"Christine Gnahn","@id":"https:\/\/www.salzburgerland.com\/de\/magazin\/#\/schema\/person\/bffbd5cf7c6a1f4948505566c7fcff7c"},"headline":"\u201eIm wei\u00dfen R\u00f6\u00dfl\u201c: Gro\u00dfe Gef\u00fchle am Wolfgangsee","datePublished":"2012-04-05T19:51:43+00:00","dateModified":"2023-09-06T11:04:39+00:00","mainEntityOfPage":{"@id":"https:\/\/www.salzburgerland.com\/de\/magazin\/im-weisen-rosl-grose-gefuhle-am-wolfgangssee\/"},"wordCount":400,"commentCount":0,"publisher":{"@id":"https:\/\/www.salzburgerland.com\/de\/magazin\/#organization"},"image":{"@id":"https:\/\/www.salzburgerland.com\/de\/magazin\/im-weisen-rosl-grose-gefuhle-am-wolfgangssee\/#primaryimage"},"thumbnailUrl":"https:\/\/www.salzburgerland.com\/de\/magazin\/wp-content\/uploads\/2012\/04\/Weisses-Rossl-1.jpg","articleSection":["Kunst &amp; Kultur"],"inLanguage":"de","potentialAction":[{"@type":"CommentAction","name":"Comment","target":["https:\/\/www.salzburgerland.com\/de\/magazin\/im-weisen-rosl-grose-gefuhle-am-wolfgangssee\/#respond"]}]},{"@type":"WebPage","@id":"https:\/\/www.salzburgerland.com\/de\/magazin\/im-weisen-rosl-grose-gefuhle-am-wolfgangssee\/","url":"https:\/\/www.salzburgerland.com\/de\/magazin\/im-weisen-rosl-grose-gefuhle-am-wolfgangssee\/","name":"\u201eIm wei\u00dfen R\u00f6\u00dfl\u201c: Gro\u00dfe Gef\u00fchle am Wolfgangsee - SalzburgerLand Magazin","isPartOf":{"@id":"https:\/\/www.salzburgerland.com\/de\/magazin\/#website"},"primaryImageOfPage":{"@id":"https:\/\/www.salzburgerland.com\/de\/magazin\/im-weisen-rosl-grose-gefuhle-am-wolfgangssee\/#primaryimage"},"image":{"@id":"https:\/\/www.salzburgerland.com\/de\/magazin\/im-weisen-rosl-grose-gefuhle-am-wolfgangssee\/#primaryimage"},"thumbnailUrl":"https:\/\/www.salzburgerland.com\/de\/magazin\/wp-content\/uploads\/2012\/04\/Weisses-Rossl-1.jpg","datePublished":"2012-04-05T19:51:43+00:00","dateModified":"2023-09-06T11:04:39+00:00","breadcrumb":{"@id":"https:\/\/www.salzburgerland.com\/de\/magazin\/im-weisen-rosl-grose-gefuhle-am-wolfgangssee\/#breadcrumb"},"inLanguage":"de","potentialAction":[{"@type":"ReadAction","target":["https:\/\/www.salzburgerland.com\/de\/magazin\/im-weisen-rosl-grose-gefuhle-am-wolfgangssee\/"]}]},{"@type":"ImageObject","inLanguage":"de","@id":"https:\/\/www.salzburgerland.com\/de\/magazin\/im-weisen-rosl-grose-gefuhle-am-wolfgangssee\/#primaryimage","url":"https:\/\/www.salzburgerland.com\/de\/magazin\/wp-content\/uploads\/2012\/04\/Weisses-Rossl-1.jpg","contentUrl":"https:\/\/www.salzburgerland.com\/de\/magazin\/wp-content\/uploads\/2012\/04\/Weisses-Rossl-1.jpg","width":1197,"height":1024,"caption":"Drei formell gekleidete Personen, zwei M\u00e4nner und eine Frau, stehen mit ernster Miene in einem Raum."},{"@type":"BreadcrumbList","@id":"https:\/\/www.salzburgerland.com\/de\/magazin\/im-weisen-rosl-grose-gefuhle-am-wolfgangssee\/#breadcrumb","itemListElement":[{"@type":"ListItem","position":1,"name":"Startseite","item":"https:\/\/www.salzburgerland.com\/de\/magazin\/"},{"@type":"ListItem","position":2,"name":"Kunst &amp; Kultur","item":"https:\/\/www.salzburgerland.com\/de\/magazin\/thema\/kunst-kultur\/"},{"@type":"ListItem","position":3,"name":"\u201eIm wei\u00dfen R\u00f6\u00dfl\u201c: Gro\u00dfe Gef\u00fchle am Wolfgangsee"}]},{"@type":"WebSite","@id":"https:\/\/www.salzburgerland.com\/de\/magazin\/#website","url":"https:\/\/www.salzburgerland.com\/de\/magazin\/","name":"SalzburgerLand Magazin","description":"Geschichten und Interessantes aus dem SalzburgerLand","publisher":{"@id":"https:\/\/www.salzburgerland.com\/de\/magazin\/#organization"},"potentialAction":[{"@type":"SearchAction","target":{"@type":"EntryPoint","urlTemplate":"https:\/\/www.salzburgerland.com\/de\/magazin\/?s={search_term_string}"},"query-input":{"@type":"PropertyValueSpecification","valueRequired":true,"valueName":"search_term_string"}}],"inLanguage":"de"},{"@type":"Organization","@id":"https:\/\/www.salzburgerland.com\/de\/magazin\/#organization","name":"SalzburgerLand Tourismus","url":"https:\/\/www.salzburgerland.com\/de\/magazin\/","logo":{"@type":"ImageObject","inLanguage":"de","@id":"https:\/\/www.salzburgerland.com\/de\/magazin\/#\/schema\/logo\/image\/","url":"https:\/\/www.salzburgerland.com\/de\/magazin\/wp-content\/uploads\/2019\/06\/salzburgerland-logo1.jpg","contentUrl":"https:\/\/www.salzburgerland.com\/de\/magazin\/wp-content\/uploads\/2019\/06\/salzburgerland-logo1.jpg","width":2011,"height":866,"caption":"SalzburgerLand Tourismus"},"image":{"@id":"https:\/\/www.salzburgerland.com\/de\/magazin\/#\/schema\/logo\/image\/"},"sameAs":["https:\/\/www.facebook.com\/salzburgerland\/","https:\/\/x.com\/Salzburgerland","https:\/\/www.instagram.com\/salzburgerland\/","https:\/\/at.linkedin.com\/company\/salzburgerland-tourismus-gmbh","https:\/\/www.pinterest.at\/salzburgerland\/","https:\/\/www.youtube.com\/user\/salzburgerland","https:\/\/de.wikipedia.org\/wiki\/SalzburgerLand_Tourismus_GmbH"]},{"@type":"Person","@id":"https:\/\/www.salzburgerland.com\/de\/magazin\/#\/schema\/person\/bffbd5cf7c6a1f4948505566c7fcff7c","name":"Christine Gnahn","description":"Christine Gnahn ist mit Leidenschaft dabei, wenn es um Kunst, Kultur und Menschen im sch\u00f6nen SalzburgerLand geht. In ihrer Freizeit ist sie gern immer im Trubel des Geschehens und verbringt viel Zeit mit Sport und Wandern in der heilsamen Atmosph\u00e4re vom Salzburger M\u00f6nchs- und Kapuzinerberg. Das Schreiben ist sowohl Beruf als auch Hobby: Auch Gedichte, Kurzgeschichten und Romane z\u00e4hlen zum Repertoire der 22-j\u00e4hrigen Journalistin und Schrifstellerin. Um den eigenen Horrizont zu erweitern, begibt sie sich regelm\u00e4\u00dfig auf abenteuerliche Rucksackreisen durch aller Herren L\u00e4nder. Lebensmotto: Leb den Moment! Fragen mit Antworten von Christine Gnahn Morgen- oder Abendmensch? Wenn Morgens die Sonne aufgeht bin ich putzmunter und hab Riesenhunger auf Fr\u00fchst\u00fcck und Leben! Ich wei\u00df ich geh\u00f6re einer aussterbenden Rasse an aber ich f\u00fchle mich pudelwohl damit! Im Morgen liegt einfach eine besondere Kraft: Die Kraft des Neubeginns. Wellnessurlaub oder Rucksackreise? Rucksackreise, ruhig auch ohne jeglichen Komfort. Ich gehe auf Reisen, um Menschen, Land und Lebensgef\u00fchl zu sp\u00fcren. Dazu braucht es weder h\u00fcbsches Hotelzimmer noch edle Buffets. Alles Hab und Gut auf den R\u00fccken und bereit f\u00fcr jedes Abenteuer, das ist doch die wahre Freiheit! Berge oder Meer? Obwohl ich die Berge sehr liebe, w\u00fcrde ich wohl meist das Meer bevorzugen. Schon als Kind Stunden und Tage an der Adria verbracht, ist es mit seinen Wellen, Str\u00f6mung, Flut und Ebbe f\u00fcr mich Sinnbild der Energie und der Ruhe zugleich. Wandern oder Laufen? Ich bin ein Sportfreak. Erst morgens Laufen, dann Wandern! Turnschuhe oder High Heels? Ich besitze ein paar High Heels und die trage ich ungef\u00e4hr einmal in zwei Jahren. Im \u00fcbrigen ist High Heel wohl auch ein klarer Euphemismus f\u00fcr drei Zentimeter Absatz. Gmiadlich soll's sein und ich will mich wohlf\u00fchlen, daher: Turnschuhe! Fr\u00fchling, Sommer, Herbst oder Winter? Ich mag eigentlich jede Jahreszeit. Grad in Australien, wo grad im Norden Jahreszeiten eigentlich komplett durch Regen- und Trockenzeit ersetzt werden, lernt man sie zu sch\u00e4tzen. Aber wenn ich w\u00e4hlen muss, mag ich wohl Fr\u00fchling und Sommer am liebsten. Rindsroulade vom Pinzgauer Biorind oder Saibling fangfrisch aus dem\u00a0Fuschlsee? Ganz klar der Fisch! Grad frischem Fisch kann ich nicht widerstehen. Dazu noch ein Hauch Zitrone... mhhhh!","url":"https:\/\/www.salzburgerland.com\/de\/magazin\/author\/cgnahn\/"}]}},"_wl_alt_label":[],"wl:entity_url":"http:\/\/open.salzburgerland.com\/magazin\/post\/im_weissen_roessl__grosse_gefuehle_am_wolfgangsee","_links":{"self":[{"href":"https:\/\/www.salzburgerland.com\/de\/magazin\/wp-json\/wp\/v2\/posts\/378","targetHints":{"allow":["GET"]}}],"collection":[{"href":"https:\/\/www.salzburgerland.com\/de\/magazin\/wp-json\/wp\/v2\/posts"}],"about":[{"href":"https:\/\/www.salzburgerland.com\/de\/magazin\/wp-json\/wp\/v2\/types\/post"}],"author":[{"embeddable":true,"href":"https:\/\/www.salzburgerland.com\/de\/magazin\/wp-json\/wp\/v2\/users\/8"}],"replies":[{"embeddable":true,"href":"https:\/\/www.salzburgerland.com\/de\/magazin\/wp-json\/wp\/v2\/comments?post=378"}],"version-history":[{"count":2,"href":"https:\/\/www.salzburgerland.com\/de\/magazin\/wp-json\/wp\/v2\/posts\/378\/revisions"}],"predecessor-version":[{"id":172935,"href":"https:\/\/www.salzburgerland.com\/de\/magazin\/wp-json\/wp\/v2\/posts\/378\/revisions\/172935"}],"wp:featuredmedia":[{"embeddable":true,"href":"https:\/\/www.salzburgerland.com\/de\/magazin\/wp-json\/wp\/v2\/media\/15467"}],"wp:attachment":[{"href":"https:\/\/www.salzburgerland.com\/de\/magazin\/wp-json\/wp\/v2\/media?parent=378"}],"wp:term":[{"taxonomy":"category","embeddable":true,"href":"https:\/\/www.salzburgerland.com\/de\/magazin\/wp-json\/wp\/v2\/categories?post=378"},{"taxonomy":"post_tag","embeddable":true,"href":"https:\/\/www.salzburgerland.com\/de\/magazin\/wp-json\/wp\/v2\/tags?post=378"},{"taxonomy":"wl_entity_type","embeddable":true,"href":"https:\/\/www.salzburgerland.com\/de\/magazin\/wp-json\/wp\/v2\/wl_entity_type?post=378"},{"taxonomy":"monatsauswahl","embeddable":true,"href":"https:\/\/www.salzburgerland.com\/de\/magazin\/wp-json\/wp\/v2\/monatsauswahl?post=378"}],"curies":[{"name":"wp","href":"https:\/\/api.w.org\/{rel}","templated":true}]}}