{"id":37790,"date":"2023-05-11T07:00:00","date_gmt":"2023-05-11T05:00:00","guid":{"rendered":"http:\/\/magazin.salzburgerland.com\/?p=37790"},"modified":"2025-07-02T07:31:35","modified_gmt":"2025-07-02T05:31:35","slug":"jazzfestival-saalfelden","status":"publish","type":"post","link":"https:\/\/www.salzburgerland.com\/de\/magazin\/jazzfestival-saalfelden\/","title":{"rendered":"Jazzfestival Saalfelden"},"content":{"rendered":"\n<h2 class=\"wp-block-slt-subtitle\">Die Welt ist Klang beim Jazzfestival in Saalfelden<\/h2>\n\n\n\n<p class=\"wp-block-slt-intro\">Kombination aus einer landschaftlich atemberaubenden Kulisse und experimentellen Kl\u00e4ngen: Von Donnerstag, 21. bis Sonntag, 24. August 2025 vibrieren wieder die B\u00fchnen beim <a href=\"https:\/\/www.jazzsaalfelden.com\/de\" target=\"_blank\" rel=\"noreferrer noopener\">Internationalen Jazzfestival in Saalfelden<\/a>. <\/p>\n\n\n\n<p>Dieses hochkar\u00e4tige Musikfest findet dieses Jahr bereits zum 45. Mal statt. Auch heuer werden in der Stadt und bei musikalischen Wanderungen in der imposanten Bergwelt des &#8222;Steinernen Meeres&#8220; mehr als 60 Konzerte von knapp 200 Musizierenden gesungen und gespielt werden. <\/p>\n\n\n\n<figure class=\"wp-block-image size-full\"><img loading=\"lazy\" decoding=\"async\" width=\"6072\" height=\"8500\" src=\"https:\/\/www.salzburgerland.com\/de\/magazin\/wp-content\/uploads\/2023\/05\/Jazzfestival-Saalfelden-2025_Visual.jpg\" alt=\"Plakat f\u00fcr das Jazzfestival Saalfelden 2025 mit fettgedrucktem Text, abstrakten schwarzen Linien und einem rosa Hintergrund mit Farbverlauf.\" class=\"wp-image-181479\" srcset=\"https:\/\/www.salzburgerland.com\/de\/magazin\/wp-content\/uploads\/2023\/05\/Jazzfestival-Saalfelden-2025_Visual.jpg 6072w, https:\/\/www.salzburgerland.com\/de\/magazin\/wp-content\/uploads\/2023\/05\/Jazzfestival-Saalfelden-2025_Visual-214x300.jpg 214w, https:\/\/www.salzburgerland.com\/de\/magazin\/wp-content\/uploads\/2023\/05\/Jazzfestival-Saalfelden-2025_Visual-393x550.jpg 393w, https:\/\/www.salzburgerland.com\/de\/magazin\/wp-content\/uploads\/2023\/05\/Jazzfestival-Saalfelden-2025_Visual-286x400.jpg 286w, https:\/\/www.salzburgerland.com\/de\/magazin\/wp-content\/uploads\/2023\/05\/Jazzfestival-Saalfelden-2025_Visual-150x210.jpg 150w\" sizes=\"auto, (max-width: 6072px) 100vw, 6072px\" \/><\/figure>\n\n\n\n<p>Saalfelden begreift Jazz weniger als Musikstil, denn als ein Synonym f\u00fcr Offenheit und Freiheit, f\u00fcr musikalische Grenz\u00fcberschreitung und Experiment. K\u00fcnstlerinnen und K\u00fcnstler aus Europa und den USA bespielen an vier Tagen wieder neue und bereits etablierte B\u00fchnen in und rund um Saalfelden. <\/p>\n\n\n\n<h2 class=\"wp-block-heading\" id=\"h-fest-fur-einheimische-gaste-und-musizierende\">Fest f\u00fcr Einheimische, G\u00e4ste und Musizierende<\/h2>\n\n\n\n<p>Das Er\u00f6ffnungskonzert auf der Mainstage geh\u00f6rt in diesem Jahr&nbsp;<strong>Leonhard Skorupa.<\/strong>&nbsp;Der Wiener Musiker, von \u00d61 als einer der \u201ejungen Rebellen des \u00f6sterreichischen Jazz\u201c gefeiert, liebt es, das Publikum und seine Bandkollegen gleicherma\u00dfen auf kreative Abwege zu f\u00fchren. \u201eEin Schelm, der es liebt, seine hochkar\u00e4tigen Instrumentalisten und das Publikum mit unvorhersehbaren Partituren und Klangwelten zu \u00fcberraschen\u201c, hei\u00dft es von Seiten der Veranstalter. Skorupa, der Tenorsaxophon und diverse Klarinetten spielt, ist nicht nur Kopf der Stageband des Porgy &amp; Bess, sondern treibt auch mit Projekten wie dem Sketchbook Orchestra, dem Ensemble Kuhle Wampe und dem Surf-Rock-Folk-Jazz-Sextett AHL6 sein musikalisches Unwesen. Letzteres war bereits beim \u201e3 Tage Jazz\u201c 2025 in Saalfelden Leogang zu h\u00f6ren.<\/p>\n\n\n<div class=\"mag-gallery\"><div class=\"row\"><div class=\"col-6 col-sm-4\"><figure><a class=\"thumb-container\" href=\"https:\/\/www.salzburgerland.com\/de\/magazin\/wp-content\/uploads\/2023\/05\/LuisVicente_byMatthiasHeschl-1280x1024.jpg\">\t<picture><source media=\"(min-width: 576px)\" srcset=\"https:\/\/www.salzburgerland.com\/de\/magazin\/wp-content\/uploads\/2023\/05\/LuisVicente_byMatthiasHeschl-325x209.jpg 325w, https:\/\/www.salzburgerland.com\/de\/magazin\/wp-content\/uploads\/2023\/05\/LuisVicente_byMatthiasHeschl-249x160.jpg 249w\"><\/source><source media=\"(min-width: 0)\" srcset=\"https:\/\/www.salzburgerland.com\/de\/magazin\/wp-content\/uploads\/2023\/05\/LuisVicente_byMatthiasHeschl-249x160.jpg 249w, https:\/\/www.salzburgerland.com\/de\/magazin\/wp-content\/uploads\/2023\/05\/LuisVicente_byMatthiasHeschl-325x209.jpg 325w\"><\/source><img decoding=\"async\" alt=\"Ein Mann spielt Trompete auf der B&uuml;hne neben einem Saxophonisten, mit Mikrofonen und Notenst&auml;ndern vor ihnen.\" src=\"https:\/\/www.salzburgerland.com\/de\/magazin\/wp-content\/uploads\/2023\/05\/LuisVicente_byMatthiasHeschl.jpg\">\t<\/picture><figcaption>Leonhard Skorupa begeistert mit seinen Tenorsaxophon (Foto: &copy; Michael Gei&szlig;ler)<\/figcaption><\/a><\/figure><\/div><div class=\"col-6 col-sm-4\"><figure><a class=\"thumb-container\" href=\"https:\/\/www.salzburgerland.com\/de\/magazin\/wp-content\/uploads\/2023\/05\/Leonhard-Skorupa_by_MichaelGeissler-4-1280x1024.jpg\">\t<picture><source media=\"(min-width: 576px)\" srcset=\"https:\/\/www.salzburgerland.com\/de\/magazin\/wp-content\/uploads\/2023\/05\/Leonhard-Skorupa_by_MichaelGeissler-4-325x209.jpg 325w, https:\/\/www.salzburgerland.com\/de\/magazin\/wp-content\/uploads\/2023\/05\/Leonhard-Skorupa_by_MichaelGeissler-4-249x160.jpg 249w\"><\/source><source media=\"(min-width: 0)\" srcset=\"https:\/\/www.salzburgerland.com\/de\/magazin\/wp-content\/uploads\/2023\/05\/Leonhard-Skorupa_by_MichaelGeissler-4-249x160.jpg 249w, https:\/\/www.salzburgerland.com\/de\/magazin\/wp-content\/uploads\/2023\/05\/Leonhard-Skorupa_by_MichaelGeissler-4-325x209.jpg 325w\"><\/source><img decoding=\"async\" alt=\"Ein Mann spielt Saxophon auf der B&uuml;hne, beleuchtet von B&uuml;hnenscheinwerfern, mit einem Notenst&auml;nder vor ihm.\" src=\"https:\/\/www.salzburgerland.com\/de\/magazin\/wp-content\/uploads\/2023\/05\/Leonhard-Skorupa_by_MichaelGeissler-4-scaled.jpg\">\t<\/picture><figcaption>Leonhard Skorupa &copy; Michael Gei&szlig;ler<\/figcaption><\/a><\/figure><\/div><div class=\"col-6 col-sm-4\"><figure><a class=\"thumb-container\" href=\"https:\/\/www.salzburgerland.com\/de\/magazin\/wp-content\/uploads\/2023\/05\/Leonhard-Skorupa_by_MichaelGeissler-5-1280x1024.jpg\">\t<picture><source media=\"(min-width: 576px)\" srcset=\"https:\/\/www.salzburgerland.com\/de\/magazin\/wp-content\/uploads\/2023\/05\/Leonhard-Skorupa_by_MichaelGeissler-5-325x209.jpg 325w, https:\/\/www.salzburgerland.com\/de\/magazin\/wp-content\/uploads\/2023\/05\/Leonhard-Skorupa_by_MichaelGeissler-5-249x160.jpg 249w\"><\/source><source media=\"(min-width: 0)\" srcset=\"https:\/\/www.salzburgerland.com\/de\/magazin\/wp-content\/uploads\/2023\/05\/Leonhard-Skorupa_by_MichaelGeissler-5-249x160.jpg 249w, https:\/\/www.salzburgerland.com\/de\/magazin\/wp-content\/uploads\/2023\/05\/Leonhard-Skorupa_by_MichaelGeissler-5-325x209.jpg 325w\"><\/source><img decoding=\"async\" alt=\"Ein Mann mit Brille spielt auf der B&uuml;hne ein Blasinstrument, umgeben von Mikrofonen und Notenst&auml;ndern.\" src=\"https:\/\/www.salzburgerland.com\/de\/magazin\/wp-content\/uploads\/2023\/05\/Leonhard-Skorupa_by_MichaelGeissler-5-scaled.jpg\">\t<\/picture><figcaption>Leonhard Skorupa &copy; Michael Gei&szlig;ler<\/figcaption><\/a><\/figure><\/div><\/div><figcaption><\/figcaption><\/div>\n\n\n\n<p>Das \u201e<strong>Orchestra of Good Hope<\/strong>\u201c verspricht nicht nur Hoffnung, sondern auch eine ordentliche Portion kosmischer Energie. 2024 von&nbsp;<strong>Leo Genovese<\/strong>&nbsp;(argentinischer Pianist und Keyboarder) und&nbsp;<strong>Alfred Vogel<\/strong> (Schlagzeug) ins Leben gerufen, entstand das Ensemble im Rahmen des Festivals \u201eBezau Beatz\u201c und erschafft ein musikalisches Universum voller Improvisation. Zusammen mit den Cosmic Brothers Lu\u00eds Vicente (Trompete), Jo\u00e3o Pedro Brand\u00e3o (Fl\u00f6te und Pedalboard), Demian Cabaud (Bass), Camila Nebbia (Tenorsaxophon), Sofia Salvo (Baritonsaxophon) und Pedro Melo Alves (Schlagzeug) formt sich eine eingeschworene musikalische Familie, die den Glauben verk\u00f6rpert, \u201edass Musik \u00fcber allen irdischen Dingen steht\u201c. Ihr Motto? Nada Brahma \u2013 die Welt ist Klang.<\/p>\n\n\n<div class=\"mag-gallery\"><div class=\"row\"><div class=\"col-6 col-sm-4\"><figure><a class=\"thumb-container\" href=\"https:\/\/www.salzburgerland.com\/de\/magazin\/wp-content\/uploads\/2023\/05\/AlfredVogel_byMatthiasHeschl-2-1-1280x1024.jpg\">\t<picture><source media=\"(min-width: 576px)\" srcset=\"https:\/\/www.salzburgerland.com\/de\/magazin\/wp-content\/uploads\/2023\/05\/AlfredVogel_byMatthiasHeschl-2-1-325x209.jpg 325w, https:\/\/www.salzburgerland.com\/de\/magazin\/wp-content\/uploads\/2023\/05\/AlfredVogel_byMatthiasHeschl-2-1-249x160.jpg 249w\"><\/source><source media=\"(min-width: 0)\" srcset=\"https:\/\/www.salzburgerland.com\/de\/magazin\/wp-content\/uploads\/2023\/05\/AlfredVogel_byMatthiasHeschl-2-1-249x160.jpg 249w, https:\/\/www.salzburgerland.com\/de\/magazin\/wp-content\/uploads\/2023\/05\/AlfredVogel_byMatthiasHeschl-2-1-325x209.jpg 325w\"><\/source><img decoding=\"async\" alt=\"Ein Schlagzeuger spielt auf der B&uuml;hne unter dramatischer Beleuchtung leidenschaftlich auf einem Schlagzeug.\" src=\"https:\/\/www.salzburgerland.com\/de\/magazin\/wp-content\/uploads\/2023\/05\/AlfredVogel_byMatthiasHeschl-2-1.jpg\">\t<\/picture><figcaption>F&uuml;r Alfred Vogel ist Welt Klang (Foto_by Matthias Heschl)<\/figcaption><\/a><\/figure><\/div><\/div><figcaption><\/figcaption><\/div>\n\n\n\n<h2 class=\"wp-block-heading\" id=\"h-uber-den-musikalischen-tellerrand-blicken\">\u00dcber den musikalischen Tellerrand blicken<\/h2>\n\n\n\n<p>Aus den Niederlanden kommt die in S\u00fcdkorea geborene Schlagzeugerin und Bandleaderin&nbsp;<strong>Sun-Mi Hong<\/strong>, die mit ihrem neuen Projekt, dem&nbsp;<strong>Bida Orchestra<\/strong>, f\u00fcr musikalische Wellen sorgt. Ihr Sextett versammelt einige der spannendsten europ\u00e4ischen Improvisationsk\u00fcnstler:innen, und ihre Musik bewegt sich \u2013 laut Bimhuis \u2013 zwischen \u201elinearer Gelassenheit, st\u00fcrmischen Gew\u00e4ssern und markersch\u00fctternden Schreien\u201c. <\/p>\n\n\n<div class=\"mag-gallery\"><div class=\"row\"><div class=\"col-6 col-sm-4\"><figure><a class=\"thumb-container\" href=\"https:\/\/www.salzburgerland.com\/de\/magazin\/wp-content\/uploads\/2023\/05\/Sun-MiHong_by_MichaelGeissler-3-1280x1024.jpg\">\t<picture><source media=\"(min-width: 576px)\" srcset=\"https:\/\/www.salzburgerland.com\/de\/magazin\/wp-content\/uploads\/2023\/05\/Sun-MiHong_by_MichaelGeissler-3-325x209.jpg 325w, https:\/\/www.salzburgerland.com\/de\/magazin\/wp-content\/uploads\/2023\/05\/Sun-MiHong_by_MichaelGeissler-3-249x160.jpg 249w\"><\/source><source media=\"(min-width: 0)\" srcset=\"https:\/\/www.salzburgerland.com\/de\/magazin\/wp-content\/uploads\/2023\/05\/Sun-MiHong_by_MichaelGeissler-3-249x160.jpg 249w, https:\/\/www.salzburgerland.com\/de\/magazin\/wp-content\/uploads\/2023\/05\/Sun-MiHong_by_MichaelGeissler-3-325x209.jpg 325w\"><\/source><img decoding=\"async\" alt=\"Eine Frau in einem blau karierten Hemd spielt leidenschaftlich Schlagzeug auf der B&uuml;hne mit blauer Beleuchtung hinter ihr.\" src=\"https:\/\/www.salzburgerland.com\/de\/magazin\/wp-content\/uploads\/2023\/05\/Sun-MiHong_by_MichaelGeissler-3-scaled.jpg\">\t<\/picture><figcaption>Die Musik von Sun-Mi Hong bewegt.  (Foto by_Michael Gei&szlig;ler)<\/figcaption><\/a><\/figure><\/div><\/div><figcaption><\/figcaption><\/div>\n\n\n\n<p>Ein Konzert mit Seegang sozusagen, wobei Sun-Mi Hong die Richtung klar vorgibt: \u201eMachen Sie sich darauf gefasst, dass Ihnen der Boden unter den F\u00fc\u00dfen weggezogen wird\u201c, sagt Selina H\u00f6rl, Pressesprecherin Jazzfestival Saalfelden. <\/p>\n\n\n\n<h2 class=\"wp-block-heading\" id=\"h-neugierig-offen-und-experimentierfreudig\">Neugierig, offen und experimentierfreudig<\/h2>\n\n\n\n<p>Das 45. Festival bleibt seinem Motto &#8222;neugierig, offen und experimentierfreudig&#8220; weiterhin treu. <strong>Tickets<\/strong>&nbsp;f\u00fcr die kostenpflichtigen Konzerte&nbsp;auf&nbsp;der Mainstage, in der Otto-Gruberhalle, den Short Cuts und den WE HIKE JAZZ Wanderungen k\u00f6nnen unter&nbsp;<strong><a href=\"https:\/\/tickets.jazzsaalfelden.com\/\" target=\"_blank\" rel=\"noreferrer noopener\">tickets.jazzsaalfelden.com<\/a><\/strong>&nbsp;bestellt werden. Auch&nbsp;der&nbsp;<a href=\"https:\/\/tickets.jazzsaalfelden.com\/organizer\/tourismusverband-saalfelden-1?lang=de\" target=\"_blank\" rel=\"noreferrer noopener\">Gutschein Shop<\/a>&nbsp;ist mit einem Klick zu erreichen.<\/p>\n\n\n\n<h2 class=\"wp-block-heading\" id=\"h-buhnen-im-kongresshaus-und-in-der-natur\">B\u00fchnen im Kongresshaus und in der Natur<\/h2>\n\n\n\n<p>Jede einzelne B\u00fchne des Festivals hat ihren speziellen Charakter: die anspruchsvolle Mainstage mit ihren spannenden Hauptkonzerten im Congress Saalfelden, die Auskoppelungen und frechen Auff\u00fchrungen bei den Shortcuts, die Vielfalt der kostenlosen City Tracks im Stadtpark, im Kunsthaus Nexus, in der Buchbinderei Fuchs oder in der Otto-Gruber-Halle. Au\u00dferdem bieten verschiedene Naturb\u00fchnen und Almen rund um Saalfelden eine einzigartige Kombination aus wunderbaren Bergpanoramen und abwechslungsreicher Musik.<\/p>\n\n\n\n<h2 class=\"wp-block-heading\" id=\"h-jazzfestival-als-app\">Jazzfestival als App<\/h2>\n\n\n\n<p>In der&nbsp;<strong>&#8222;JAZZ SAALFELDEN&#8220; App<\/strong> sind alle Konzerte und Infos rund um das musikalische Wochenende in Saalfelden Leogang zu finden. Sobald die Push-Notifications aktiviert sind, gibt es die neuesten Nachrichten und Informationen wenn es zu Programm\u00e4nderungen, wenn Konzerte voll oder \u00e4hnlichem kommen sollte.&nbsp;<a href=\"https:\/\/www.jazzsaalfelden.com\/de\/Festival\/app\" target=\"_blank\" rel=\"noreferrer noopener\"><strong>Jetzt downloaden<\/strong><\/a>!<\/p>\n\n\n<div class=\"mag-gallery\"><div class=\"row\"><div class=\"col-6 col-sm-4\"><figure><a class=\"thumb-container\" href=\"https:\/\/www.salzburgerland.com\/de\/magazin\/wp-content\/uploads\/2024\/04\/mona-matbou-riahi-2-1280x1024.jpg\">\t<picture><source media=\"(min-width: 576px)\" srcset=\"https:\/\/www.salzburgerland.com\/de\/magazin\/wp-content\/uploads\/2024\/04\/mona-matbou-riahi-2-325x209.jpg 325w, https:\/\/www.salzburgerland.com\/de\/magazin\/wp-content\/uploads\/2024\/04\/mona-matbou-riahi-2-249x160.jpg 249w\"><\/source><source media=\"(min-width: 0)\" srcset=\"https:\/\/www.salzburgerland.com\/de\/magazin\/wp-content\/uploads\/2024\/04\/mona-matbou-riahi-2-249x160.jpg 249w, https:\/\/www.salzburgerland.com\/de\/magazin\/wp-content\/uploads\/2024\/04\/mona-matbou-riahi-2-325x209.jpg 325w\"><\/source><img decoding=\"async\" alt=\"Eine Person mit lockigem Haar steht im Freien, h&auml;lt eine Klarinette in der Hand, tr&auml;gt einen langen dunklen Mantel und Stiefel.\" src=\"https:\/\/www.salzburgerland.com\/de\/magazin\/wp-content\/uploads\/2024\/04\/mona-matbou-riahi-2.jpg\">\t<\/picture><figcaption>Mona Matbou Riahi &copy; Mona Matbou Riahi<\/figcaption><\/a><\/figure><\/div><div class=\"col-6 col-sm-4\"><figure><a class=\"thumb-container\" href=\"https:\/\/www.salzburgerland.com\/de\/magazin\/wp-content\/uploads\/2024\/04\/The-End_ArneBru-2-1-1280x1024.jpg\">\t<picture><source media=\"(min-width: 576px)\" srcset=\"https:\/\/www.salzburgerland.com\/de\/magazin\/wp-content\/uploads\/2024\/04\/The-End_ArneBru-2-1-325x209.jpg 325w, https:\/\/www.salzburgerland.com\/de\/magazin\/wp-content\/uploads\/2024\/04\/The-End_ArneBru-2-1-249x160.jpg 249w\"><\/source><source media=\"(min-width: 0)\" srcset=\"https:\/\/www.salzburgerland.com\/de\/magazin\/wp-content\/uploads\/2024\/04\/The-End_ArneBru-2-1-249x160.jpg 249w, https:\/\/www.salzburgerland.com\/de\/magazin\/wp-content\/uploads\/2024\/04\/The-End_ArneBru-2-1-325x209.jpg 325w\"><\/source><img decoding=\"async\" alt=\"F&uuml;nf Personen stehen auf einem Betonpfeiler am ruhigen Wasser unter einem wolkenverhangenen Himmel und schauen in die Kamera.\" src=\"https:\/\/www.salzburgerland.com\/de\/magazin\/wp-content\/uploads\/2024\/04\/The-End_ArneBru-2-1-scaled.jpg\">\t<\/picture><figcaption>The-End&copy;ArneBru<\/figcaption><\/a><\/figure><\/div><div class=\"col-6 col-sm-4\"><figure><a class=\"thumb-container\" href=\"https:\/\/www.salzburgerland.com\/de\/magazin\/wp-content\/uploads\/2024\/04\/Oli-Steidle-by-Steidle-3-1-1280x1024.jpeg\">\t<picture><source media=\"(min-width: 576px)\" srcset=\"https:\/\/www.salzburgerland.com\/de\/magazin\/wp-content\/uploads\/2024\/04\/Oli-Steidle-by-Steidle-3-1-325x209.jpeg 325w, https:\/\/www.salzburgerland.com\/de\/magazin\/wp-content\/uploads\/2024\/04\/Oli-Steidle-by-Steidle-3-1-249x160.jpeg 249w\"><\/source><source media=\"(min-width: 0)\" srcset=\"https:\/\/www.salzburgerland.com\/de\/magazin\/wp-content\/uploads\/2024\/04\/Oli-Steidle-by-Steidle-3-1-249x160.jpeg 249w, https:\/\/www.salzburgerland.com\/de\/magazin\/wp-content\/uploads\/2024\/04\/Oli-Steidle-by-Steidle-3-1-325x209.jpeg 325w\"><\/source><img decoding=\"async\" alt=\"Schlagzeug spielende Person auf der B&uuml;hne, die ein dunkles Hemd mit einem bunten Muster tr&auml;gt, blaue Vorh&auml;nge im Hintergrund.\" src=\"https:\/\/www.salzburgerland.com\/de\/magazin\/wp-content\/uploads\/2024\/04\/Oli-Steidle-by-Steidle-3-1.jpeg\">\t<\/picture><figcaption>Oli Steidle&copy;Steidle<\/figcaption><\/a><\/figure><\/div><\/div><figcaption><\/figcaption><\/div>\n","protected":false},"excerpt":{"rendered":"<p>Dieses hochkar\u00e4tige Musikfest findet dieses Jahr bereits zum 45. Mal statt. Auch heuer werden in der Stadt und bei musikalischen Wanderungen in der imposanten Bergwelt des &#8222;Steinernen Meeres&#8220; mehr als 60 Konzerte von knapp 200 Musizierenden gesungen und gespielt werden. Saalfelden begreift Jazz weniger als Musikstil, denn als ein Synonym f\u00fcr Offenheit und Freiheit, f\u00fcr [&hellip;]<\/p>\n","protected":false},"author":236,"featured_media":161445,"comment_status":"open","ping_status":"open","sticky":false,"template":"","format":"standard","meta":{"_acf_changed":false,"wl_entities_gutenberg":"{\"http:\/\/open.salzburgerland.com\/de\/entity\/saalfelden\":{\"uri\":\"http:\/\/open.salzburgerland.com\/de\/entity\/saalfelden\",\"label\":\"Saalfelden\",\"description\":\"Seit \u00fcber drei Jahrzehnten wird Saalfelden jeden Sommer mit dem Internationalen Jazzfestival zum Zentrum der Jazzmusik - neben den Salzburger Festspielen z\u00e4hlt diese Veranstaltung zu den wichtigsten Kulturevents des SalzburgerLandes. Zudem beherbergt der Ort\u00a0und das benachbarte Leogang noch eine Vielzahl an anderen kulturell hochwertigen Veranstaltungen: seien es die Tonspuren am Asitz, die Event-Serie @lm:KULTUR auf den umliegenden Almen oder die Erfolgs gekr\u00f6nten Sonderausstellungen im Museum Schloss Ritzen und im Bergbau- und Gotikmuseum Leogang. \\r\\n\\r\\n\\r\\nAktiver Sommerurlaub in Saalfelden\\r\\nDer idyllische Ritzensee im Zentrum der Stadt ist ein beliebtes Ausflugsziel f\u00fcr Erholungssuchende, Schwimmer, Spazierg\u00e4nger und Eisl\u00e4ufer. Die beiden 18-Loch-Pl\u00e4tze GC Brandlhof und GC Urslautal erf\u00fcllen alle Anforderungen, die Golffans an klassische Championship-Pl\u00e4tze stellen. Und wer noch mehr Abwechslung haben m\u00f6chte, findet in nur 70 Kilometern Umkreis insgesamt 15 landschaftlich ansprechende und anspruchsvolle Golfpl\u00e4tze.\\r\\nRund 18 Trailrunning Strecken mit \u00fcber 120 Laufkilometern, sowie 2 H\u00f6henstrecken sorgen f\u00fcr ein Lauferlebnis \u00fcber Stock und Stein. \u00dcber 720 km Mountainbikewege und 480 Talradwege versprechen den Urlaubsg\u00e4sten ein naturnahes Bike-Erlebnis in den verschiedensten Schwierigkeitsgraden. Kletterfans finden in der Kletterhalle \u201eFelsenfest\u201c im Zentrum der Stadt und der Leoganger Kletterhalle witterungsunabh\u00e4ngige Angebote mit gro\u00dfem Boulderbereich und unz\u00e4hligen Routen aller Schwierigkeitsgrade. Ein perfektes Training f\u00fcr die Kletterregion \u201eSteinberge\u201c mit 1.000 unterschiedlichen Routen im Fels.\\r\\n\\r\\n\\r\\nUrbanes Flair\\r\\nDie Vielfalt an Seminar- und Tagungsangeboten und die ausgepr\u00e4gte Gastfreundschaft machen Saalfelden zu einem idealen Austragungsort f\u00fcr Konferenzen- und Firmenveranstaltungen. Dar\u00fcber hinaus bietet das kleinst\u00e4dtische Saalfelden \u00fcber 140 Gesch\u00e4fte und ist somit die gr\u00f6\u00dfte Einkaufsmetropole des Pinzgaus. Die beeindruckende Palette an Fachgesch\u00e4ften aller Art, macht das Einkaufen zum echten Vergn\u00fcgen.\\r\\n\\r\\n\\r\\nLanglaufzentrum Ritzensee\\r\\nIm Winter zeichnet sich die Urlaubsstadt Saalfelden vor allem durch die Kompetenz im nordischen Sektor aus und beweist diese mit vielen Sportler-Gr\u00f6\u00dfen wie Felix Gottwald oder Simon Eder. 150 Kilometer t\u00e4glich top gepflegte Loipen f\u00fcr alle Anspr\u00fcche und jeden Stil f\u00fchren sogar bis in die Nachbarorte Maria Alm, Maishofen oder in die Biathlon Weltcup-Metropole Hochfilzen. Im Langlaufzentrum Ritzensee finden Kinder das ideale Gel\u00e4nde, um auf Wellenbahnen, Schanzen und leichten Abfahrten das Langlaufen kennenzulernen. Eisl\u00e4ufer bev\u00f6lkern die Eisfl\u00e4che des Ritzensees. Im Felix-Gottwald-Schisprungstadion in Saalfelden kann man sowohl in den Sommermonaten als auch im Winter auf drei bis vier Schanzen das Skispringen erlernen.\",\"main_type\":\"wl-place\",\"type\":[\"http:\/\/schema.org\/Place\"],\"image\":[\"https:\/\/www.salzburgerland.com\/de\/wp-content\/uploads\/2016\/08\/klettern-c-sportalpen-com-4-e1510582988522.jpg\",\"https:\/\/www.salzburgerland.com\/de\/wp-content\/uploads\/2016\/11\/saalfelden-sommer-jazzfestival-c-artisual.jpg\",\"https:\/\/www.salzburgerland.com\/de\/wp-content\/uploads\/2016\/11\/saalfelden-winter-langlaufen-c-lolin.jpg\"],\"sameas\":[\"http:\/\/dbpedia.org\/resource\/Saalfelden\",\"http:\/\/rdf.freebase.com\/ns\/m.02q33x9\",\"http:\/\/yago-knowledge.org\/resource\/Saalfelden\",\"http:\/\/sws.geonames.org\/2766922\/\"]},\"http:\/\/open.salzburgerland.com\/de\/entity\/schloss_ritzen\":{\"uri\":\"http:\/\/open.salzburgerland.com\/de\/entity\/schloss_ritzen\",\"label\":\"Schloss Ritzen\",\"description\":\"Das Schloss Ritzen ist am gleichnamigen See, dem Ritzensee, gelegen und ist eines der vier Schl\u00f6sser in Saalfelden im SalzburgerLand in \u00d6sterreich. Durch st\u00e4ndige Umbauarbeiten, Substanzverfall und einem Feuer 1892 ist es heute ein viel kleineres Anwesen als fr\u00fcher. Neben den Dynastien Grafenberger und Ramseider waren auch die Gasteiner Weitmoser einst Besitzer des Herrensitzes. 1604 erwarben die Herrschaften Ritz das Anwesen und gaben ihm den bis heute bestehenden Namen Schloss Ritzen. Seit 1964 ist das Geb\u00e4ude im Besitz der \u00f6ffentlichen Hand, der Stadtgemeinde Saalfelden. Es wurde renoviert und beheimatet heute das Heimatmuseum Schloss Ritzen.\",\"main_type\":\"wl-place\",\"type\":[\"http:\/\/dbpedia.org\/ontology\/Place\",\"http:\/\/schema.org\/Place\",\"http:\/\/www.opengis.net\/gml\/_Feature\",\"http:\/\/www.w3.org\/2002\/07\/owl#Thing\"],\"image\":[],\"sameas\":[\"http:\/\/wikidata.dbpedia.org\/resource\/Q1654088\",\"http:\/\/wikidata.org\/entity\/Q1654088\",\"http:\/\/de.dbpedia.org\/resource\/Schloss_Ritzen\"]}}","_wl_entity_redirect_enabled":"","footnotes":""},"categories":[6],"tags":[68,4616],"wl_entity_type":[306],"monatsauswahl":[89],"class_list":["post-37790","post","type-post","status-publish","format-standard","has-post-thumbnail","hentry","category-kunst-kultur","tag-jazz","tag-jazzherbst-im-salzburgerland","wl_entity_type-article","monatsauswahl-monat_8"],"acf":[],"yoast_head":"<!-- This site is optimized with the Yoast SEO Premium plugin v27.4 (Yoast SEO v27.4) - https:\/\/yoast.com\/product\/yoast-seo-premium-wordpress\/ -->\n<title>Jazzfestival Saalfelden - SalzburgerLand Magazin<\/title>\n<meta name=\"description\" content=\"Kombination aus einer landschaftlich atemberaubenden Kulisse und experimentellen Kl\u00e4ngen: Von Donnerstag, 21. bis Sonntag, 24. August 2025 vibrieren wieder die B\u00fchnen beim Internationalen Jazzfestival in Saalfelden.\" \/>\n<meta name=\"robots\" content=\"index, follow, max-snippet:-1, max-image-preview:large, max-video-preview:-1\" \/>\n<link rel=\"canonical\" href=\"https:\/\/www.salzburgerland.com\/de\/magazin\/jazzfestival-saalfelden\/\" \/>\n<meta property=\"og:locale\" content=\"de_DE\" \/>\n<meta property=\"og:type\" content=\"article\" \/>\n<meta property=\"og:title\" content=\"Jazzfestival Saalfelden\" \/>\n<meta property=\"og:description\" content=\"Dieses hochkar\u00e4tige Musikfest findet dieses Jahr bereits zum 45. Mal statt. Auch heuer werden in der Stadt und bei musikalischen Wanderungen in der imposanten Bergwelt des &#8222;Steinernen Meeres&#8220; mehr als 60 Konzerte von knapp 200 Musizierenden gesungen und gespielt werden. Saalfelden begreift Jazz weniger als Musikstil, denn als ein Synonym f\u00fcr Offenheit und Freiheit, f\u00fcr [&hellip;]\" \/>\n<meta property=\"og:url\" content=\"https:\/\/www.salzburgerland.com\/de\/magazin\/jazzfestival-saalfelden\/\" \/>\n<meta property=\"og:site_name\" content=\"SalzburgerLand Magazin\" \/>\n<meta property=\"article:publisher\" content=\"https:\/\/www.facebook.com\/salzburgerland\/\" \/>\n<meta property=\"article:published_time\" content=\"2023-05-11T05:00:00+00:00\" \/>\n<meta property=\"article:modified_time\" content=\"2025-07-02T05:31:35+00:00\" \/>\n<meta property=\"og:image\" content=\"https:\/\/www.salzburgerland.com\/de\/magazin\/wp-content\/uploads\/2021\/05\/Shortcuts_GeoGeMa_byMatthiasHeschl-9-e1647938636628.jpg\" \/>\n\t<meta property=\"og:image:width\" content=\"1915\" \/>\n\t<meta property=\"og:image:height\" content=\"960\" \/>\n\t<meta property=\"og:image:type\" content=\"image\/jpeg\" \/>\n<meta name=\"author\" content=\"Christine Fr\u00f6schl\" \/>\n<meta name=\"twitter:card\" content=\"summary_large_image\" \/>\n<meta name=\"twitter:creator\" content=\"@Salzburgerland\" \/>\n<meta name=\"twitter:site\" content=\"@Salzburgerland\" \/>\n<meta name=\"twitter:label1\" content=\"Verfasst von\" \/>\n\t<meta name=\"twitter:data1\" content=\"Christine Fr\u00f6schl\" \/>\n\t<meta name=\"twitter:label2\" content=\"Gesch\u00e4tzte Lesezeit\" \/>\n\t<meta name=\"twitter:data2\" content=\"6\u00a0Minuten\" \/>\n<script type=\"application\/ld+json\" class=\"yoast-schema-graph\">{\"@context\":\"https:\\\/\\\/schema.org\",\"@graph\":[{\"@type\":\"Article\",\"@id\":\"https:\\\/\\\/www.salzburgerland.com\\\/de\\\/magazin\\\/jazzfestival-saalfelden\\\/#article\",\"isPartOf\":{\"@id\":\"https:\\\/\\\/www.salzburgerland.com\\\/de\\\/magazin\\\/jazzfestival-saalfelden\\\/\"},\"author\":{\"name\":\"Christine Fr\u00f6schl\",\"@id\":\"https:\\\/\\\/www.salzburgerland.com\\\/de\\\/magazin\\\/#\\\/schema\\\/person\\\/7932db74f19d9640620859cb2b794c4e\"},\"headline\":\"Jazzfestival Saalfelden\",\"datePublished\":\"2023-05-11T05:00:00+00:00\",\"dateModified\":\"2025-07-02T05:31:35+00:00\",\"mainEntityOfPage\":{\"@id\":\"https:\\\/\\\/www.salzburgerland.com\\\/de\\\/magazin\\\/jazzfestival-saalfelden\\\/\"},\"wordCount\":693,\"commentCount\":0,\"publisher\":{\"@id\":\"https:\\\/\\\/www.salzburgerland.com\\\/de\\\/magazin\\\/#organization\"},\"image\":{\"@id\":\"https:\\\/\\\/www.salzburgerland.com\\\/de\\\/magazin\\\/jazzfestival-saalfelden\\\/#primaryimage\"},\"thumbnailUrl\":\"https:\\\/\\\/www.salzburgerland.com\\\/de\\\/magazin\\\/wp-content\\\/uploads\\\/2021\\\/05\\\/Shortcuts_GeoGeMa_byMatthiasHeschl-9-e1647938636628.jpg\",\"keywords\":[\"Jazz\",\"Jazzherbst im SalzburgerLand\"],\"articleSection\":[\"Kunst &amp; Kultur\"],\"inLanguage\":\"de\",\"potentialAction\":[{\"@type\":\"CommentAction\",\"name\":\"Comment\",\"target\":[\"https:\\\/\\\/www.salzburgerland.com\\\/de\\\/magazin\\\/jazzfestival-saalfelden\\\/#respond\"]}]},{\"@type\":\"WebPage\",\"@id\":\"https:\\\/\\\/www.salzburgerland.com\\\/de\\\/magazin\\\/jazzfestival-saalfelden\\\/\",\"url\":\"https:\\\/\\\/www.salzburgerland.com\\\/de\\\/magazin\\\/jazzfestival-saalfelden\\\/\",\"name\":\"Jazzfestival Saalfelden - SalzburgerLand Magazin\",\"isPartOf\":{\"@id\":\"https:\\\/\\\/www.salzburgerland.com\\\/de\\\/magazin\\\/#website\"},\"primaryImageOfPage\":{\"@id\":\"https:\\\/\\\/www.salzburgerland.com\\\/de\\\/magazin\\\/jazzfestival-saalfelden\\\/#primaryimage\"},\"image\":{\"@id\":\"https:\\\/\\\/www.salzburgerland.com\\\/de\\\/magazin\\\/jazzfestival-saalfelden\\\/#primaryimage\"},\"thumbnailUrl\":\"https:\\\/\\\/www.salzburgerland.com\\\/de\\\/magazin\\\/wp-content\\\/uploads\\\/2021\\\/05\\\/Shortcuts_GeoGeMa_byMatthiasHeschl-9-e1647938636628.jpg\",\"datePublished\":\"2023-05-11T05:00:00+00:00\",\"dateModified\":\"2025-07-02T05:31:35+00:00\",\"breadcrumb\":{\"@id\":\"https:\\\/\\\/www.salzburgerland.com\\\/de\\\/magazin\\\/jazzfestival-saalfelden\\\/#breadcrumb\"},\"inLanguage\":\"de\",\"potentialAction\":[{\"@type\":\"ReadAction\",\"target\":[\"https:\\\/\\\/www.salzburgerland.com\\\/de\\\/magazin\\\/jazzfestival-saalfelden\\\/\"]}]},{\"@type\":\"ImageObject\",\"inLanguage\":\"de\",\"@id\":\"https:\\\/\\\/www.salzburgerland.com\\\/de\\\/magazin\\\/jazzfestival-saalfelden\\\/#primaryimage\",\"url\":\"https:\\\/\\\/www.salzburgerland.com\\\/de\\\/magazin\\\/wp-content\\\/uploads\\\/2021\\\/05\\\/Shortcuts_GeoGeMa_byMatthiasHeschl-9-e1647938636628.jpg\",\"contentUrl\":\"https:\\\/\\\/www.salzburgerland.com\\\/de\\\/magazin\\\/wp-content\\\/uploads\\\/2021\\\/05\\\/Shortcuts_GeoGeMa_byMatthiasHeschl-9-e1647938636628.jpg\",\"width\":1915,\"height\":960,\"caption\":\"\u00a9 Jazzfestival Saalfelden, Matthias Heschl\"},{\"@type\":\"BreadcrumbList\",\"@id\":\"https:\\\/\\\/www.salzburgerland.com\\\/de\\\/magazin\\\/jazzfestival-saalfelden\\\/#breadcrumb\",\"itemListElement\":[{\"@type\":\"ListItem\",\"position\":1,\"name\":\"Startseite\",\"item\":\"https:\\\/\\\/www.salzburgerland.com\\\/de\\\/magazin\\\/\"},{\"@type\":\"ListItem\",\"position\":2,\"name\":\"Kunst &amp; Kultur\",\"item\":\"https:\\\/\\\/www.salzburgerland.com\\\/de\\\/magazin\\\/thema\\\/kunst-kultur\\\/\"},{\"@type\":\"ListItem\",\"position\":3,\"name\":\"Jazzfestival Saalfelden\"}]},{\"@type\":\"WebSite\",\"@id\":\"https:\\\/\\\/www.salzburgerland.com\\\/de\\\/magazin\\\/#website\",\"url\":\"https:\\\/\\\/www.salzburgerland.com\\\/de\\\/magazin\\\/\",\"name\":\"SalzburgerLand Magazin\",\"description\":\"Geschichten und Interessantes aus dem SalzburgerLand\",\"publisher\":{\"@id\":\"https:\\\/\\\/www.salzburgerland.com\\\/de\\\/magazin\\\/#organization\"},\"potentialAction\":[{\"@type\":\"SearchAction\",\"target\":{\"@type\":\"EntryPoint\",\"urlTemplate\":\"https:\\\/\\\/www.salzburgerland.com\\\/de\\\/magazin\\\/?s={search_term_string}\"},\"query-input\":{\"@type\":\"PropertyValueSpecification\",\"valueRequired\":true,\"valueName\":\"search_term_string\"}}],\"inLanguage\":\"de\"},{\"@type\":\"Organization\",\"@id\":\"https:\\\/\\\/www.salzburgerland.com\\\/de\\\/magazin\\\/#organization\",\"name\":\"SalzburgerLand Tourismus\",\"url\":\"https:\\\/\\\/www.salzburgerland.com\\\/de\\\/magazin\\\/\",\"logo\":{\"@type\":\"ImageObject\",\"inLanguage\":\"de\",\"@id\":\"https:\\\/\\\/www.salzburgerland.com\\\/de\\\/magazin\\\/#\\\/schema\\\/logo\\\/image\\\/\",\"url\":\"https:\\\/\\\/www.salzburgerland.com\\\/de\\\/magazin\\\/wp-content\\\/uploads\\\/2019\\\/06\\\/salzburgerland-logo1.jpg\",\"contentUrl\":\"https:\\\/\\\/www.salzburgerland.com\\\/de\\\/magazin\\\/wp-content\\\/uploads\\\/2019\\\/06\\\/salzburgerland-logo1.jpg\",\"width\":2011,\"height\":866,\"caption\":\"SalzburgerLand Tourismus\"},\"image\":{\"@id\":\"https:\\\/\\\/www.salzburgerland.com\\\/de\\\/magazin\\\/#\\\/schema\\\/logo\\\/image\\\/\"},\"sameAs\":[\"https:\\\/\\\/www.facebook.com\\\/salzburgerland\\\/\",\"https:\\\/\\\/x.com\\\/Salzburgerland\",\"https:\\\/\\\/www.instagram.com\\\/salzburgerland\\\/\",\"https:\\\/\\\/at.linkedin.com\\\/company\\\/salzburgerland-tourismus-gmbh\",\"https:\\\/\\\/www.pinterest.at\\\/salzburgerland\\\/\",\"https:\\\/\\\/www.youtube.com\\\/user\\\/salzburgerland\",\"https:\\\/\\\/de.wikipedia.org\\\/wiki\\\/SalzburgerLand_Tourismus_GmbH\"]},{\"@type\":\"Person\",\"@id\":\"https:\\\/\\\/www.salzburgerland.com\\\/de\\\/magazin\\\/#\\\/schema\\\/person\\\/7932db74f19d9640620859cb2b794c4e\",\"name\":\"Christine Fr\u00f6schl\",\"description\":\"Dein pers\u00f6nlicher Logenplatz im SalzburgerLand? Am liebsten gehe ich auf den Einberg im Salzburger Tennengau. Der Berg in der Osterhorn-Gruppe gl\u00e4nzt das ganze Jahr im Sonnenschein, auf dem Gipfel heben Paragleiter ab und die Aussicht auf das Tennengebirge, den Dachstein und die Bischofsm\u00fctze ist traumhaft. Dosige(r) oder Zuagroast? Zuagroast aus dem sch\u00f6nen Nieder\u00f6sterreich. Fr\u00fchling, Sommer, Herbst oder Winter? Alle Jahreszeiten begeistern mich. Momentan freue ich mich auf den Fr\u00fchling, das Zwitschern der V\u00f6gel und auf die sattgr\u00fcnen Wiesen. Salzburger Nockerl oder Schwarzbeernocken? Eindeutig Schwarzbeernocken. Rindsroulade vom Pinzgauer Biorind oder Saibling fangfrisch aus dem Fuschlsee? Mhhhh. Da kann ich mich nicht entscheiden. Bergtour oder Seentour? Mich zieht es auf jeden Fall hinauf. Begeistert bin ich auch von tiefblauen Bergseen in denen sich die Umgebung spiegelt und von der Aussicht w\u00e4hrend des Weges auf einen der wundersch\u00f6nen Seen im Salzburger Land.\",\"url\":\"https:\\\/\\\/www.salzburgerland.com\\\/de\\\/magazin\\\/author\\\/christine-froeschl\\\/\"}]}<\/script>\n<!-- \/ Yoast SEO Premium plugin. -->","yoast_head_json":{"title":"Jazzfestival Saalfelden - SalzburgerLand Magazin","description":"Kombination aus einer landschaftlich atemberaubenden Kulisse und experimentellen Kl\u00e4ngen: Von Donnerstag, 21. bis Sonntag, 24. August 2025 vibrieren wieder die B\u00fchnen beim Internationalen Jazzfestival in Saalfelden.","robots":{"index":"index","follow":"follow","max-snippet":"max-snippet:-1","max-image-preview":"max-image-preview:large","max-video-preview":"max-video-preview:-1"},"canonical":"https:\/\/www.salzburgerland.com\/de\/magazin\/jazzfestival-saalfelden\/","og_locale":"de_DE","og_type":"article","og_title":"Jazzfestival Saalfelden","og_description":"Dieses hochkar\u00e4tige Musikfest findet dieses Jahr bereits zum 45. Mal statt. Auch heuer werden in der Stadt und bei musikalischen Wanderungen in der imposanten Bergwelt des &#8222;Steinernen Meeres&#8220; mehr als 60 Konzerte von knapp 200 Musizierenden gesungen und gespielt werden. Saalfelden begreift Jazz weniger als Musikstil, denn als ein Synonym f\u00fcr Offenheit und Freiheit, f\u00fcr [&hellip;]","og_url":"https:\/\/www.salzburgerland.com\/de\/magazin\/jazzfestival-saalfelden\/","og_site_name":"SalzburgerLand Magazin","article_publisher":"https:\/\/www.facebook.com\/salzburgerland\/","article_published_time":"2023-05-11T05:00:00+00:00","article_modified_time":"2025-07-02T05:31:35+00:00","og_image":[{"width":1915,"height":960,"url":"https:\/\/www.salzburgerland.com\/de\/magazin\/wp-content\/uploads\/2021\/05\/Shortcuts_GeoGeMa_byMatthiasHeschl-9-e1647938636628.jpg","type":"image\/jpeg"}],"author":"Christine Fr\u00f6schl","twitter_card":"summary_large_image","twitter_creator":"@Salzburgerland","twitter_site":"@Salzburgerland","twitter_misc":{"Verfasst von":"Christine Fr\u00f6schl","Gesch\u00e4tzte Lesezeit":"6\u00a0Minuten"},"schema":{"@context":"https:\/\/schema.org","@graph":[{"@type":"Article","@id":"https:\/\/www.salzburgerland.com\/de\/magazin\/jazzfestival-saalfelden\/#article","isPartOf":{"@id":"https:\/\/www.salzburgerland.com\/de\/magazin\/jazzfestival-saalfelden\/"},"author":{"name":"Christine Fr\u00f6schl","@id":"https:\/\/www.salzburgerland.com\/de\/magazin\/#\/schema\/person\/7932db74f19d9640620859cb2b794c4e"},"headline":"Jazzfestival Saalfelden","datePublished":"2023-05-11T05:00:00+00:00","dateModified":"2025-07-02T05:31:35+00:00","mainEntityOfPage":{"@id":"https:\/\/www.salzburgerland.com\/de\/magazin\/jazzfestival-saalfelden\/"},"wordCount":693,"commentCount":0,"publisher":{"@id":"https:\/\/www.salzburgerland.com\/de\/magazin\/#organization"},"image":{"@id":"https:\/\/www.salzburgerland.com\/de\/magazin\/jazzfestival-saalfelden\/#primaryimage"},"thumbnailUrl":"https:\/\/www.salzburgerland.com\/de\/magazin\/wp-content\/uploads\/2021\/05\/Shortcuts_GeoGeMa_byMatthiasHeschl-9-e1647938636628.jpg","keywords":["Jazz","Jazzherbst im SalzburgerLand"],"articleSection":["Kunst &amp; Kultur"],"inLanguage":"de","potentialAction":[{"@type":"CommentAction","name":"Comment","target":["https:\/\/www.salzburgerland.com\/de\/magazin\/jazzfestival-saalfelden\/#respond"]}]},{"@type":"WebPage","@id":"https:\/\/www.salzburgerland.com\/de\/magazin\/jazzfestival-saalfelden\/","url":"https:\/\/www.salzburgerland.com\/de\/magazin\/jazzfestival-saalfelden\/","name":"Jazzfestival Saalfelden - SalzburgerLand Magazin","isPartOf":{"@id":"https:\/\/www.salzburgerland.com\/de\/magazin\/#website"},"primaryImageOfPage":{"@id":"https:\/\/www.salzburgerland.com\/de\/magazin\/jazzfestival-saalfelden\/#primaryimage"},"image":{"@id":"https:\/\/www.salzburgerland.com\/de\/magazin\/jazzfestival-saalfelden\/#primaryimage"},"thumbnailUrl":"https:\/\/www.salzburgerland.com\/de\/magazin\/wp-content\/uploads\/2021\/05\/Shortcuts_GeoGeMa_byMatthiasHeschl-9-e1647938636628.jpg","datePublished":"2023-05-11T05:00:00+00:00","dateModified":"2025-07-02T05:31:35+00:00","breadcrumb":{"@id":"https:\/\/www.salzburgerland.com\/de\/magazin\/jazzfestival-saalfelden\/#breadcrumb"},"inLanguage":"de","potentialAction":[{"@type":"ReadAction","target":["https:\/\/www.salzburgerland.com\/de\/magazin\/jazzfestival-saalfelden\/"]}]},{"@type":"ImageObject","inLanguage":"de","@id":"https:\/\/www.salzburgerland.com\/de\/magazin\/jazzfestival-saalfelden\/#primaryimage","url":"https:\/\/www.salzburgerland.com\/de\/magazin\/wp-content\/uploads\/2021\/05\/Shortcuts_GeoGeMa_byMatthiasHeschl-9-e1647938636628.jpg","contentUrl":"https:\/\/www.salzburgerland.com\/de\/magazin\/wp-content\/uploads\/2021\/05\/Shortcuts_GeoGeMa_byMatthiasHeschl-9-e1647938636628.jpg","width":1915,"height":960,"caption":"\u00a9 Jazzfestival Saalfelden, Matthias Heschl"},{"@type":"BreadcrumbList","@id":"https:\/\/www.salzburgerland.com\/de\/magazin\/jazzfestival-saalfelden\/#breadcrumb","itemListElement":[{"@type":"ListItem","position":1,"name":"Startseite","item":"https:\/\/www.salzburgerland.com\/de\/magazin\/"},{"@type":"ListItem","position":2,"name":"Kunst &amp; Kultur","item":"https:\/\/www.salzburgerland.com\/de\/magazin\/thema\/kunst-kultur\/"},{"@type":"ListItem","position":3,"name":"Jazzfestival Saalfelden"}]},{"@type":"WebSite","@id":"https:\/\/www.salzburgerland.com\/de\/magazin\/#website","url":"https:\/\/www.salzburgerland.com\/de\/magazin\/","name":"SalzburgerLand Magazin","description":"Geschichten und Interessantes aus dem SalzburgerLand","publisher":{"@id":"https:\/\/www.salzburgerland.com\/de\/magazin\/#organization"},"potentialAction":[{"@type":"SearchAction","target":{"@type":"EntryPoint","urlTemplate":"https:\/\/www.salzburgerland.com\/de\/magazin\/?s={search_term_string}"},"query-input":{"@type":"PropertyValueSpecification","valueRequired":true,"valueName":"search_term_string"}}],"inLanguage":"de"},{"@type":"Organization","@id":"https:\/\/www.salzburgerland.com\/de\/magazin\/#organization","name":"SalzburgerLand Tourismus","url":"https:\/\/www.salzburgerland.com\/de\/magazin\/","logo":{"@type":"ImageObject","inLanguage":"de","@id":"https:\/\/www.salzburgerland.com\/de\/magazin\/#\/schema\/logo\/image\/","url":"https:\/\/www.salzburgerland.com\/de\/magazin\/wp-content\/uploads\/2019\/06\/salzburgerland-logo1.jpg","contentUrl":"https:\/\/www.salzburgerland.com\/de\/magazin\/wp-content\/uploads\/2019\/06\/salzburgerland-logo1.jpg","width":2011,"height":866,"caption":"SalzburgerLand Tourismus"},"image":{"@id":"https:\/\/www.salzburgerland.com\/de\/magazin\/#\/schema\/logo\/image\/"},"sameAs":["https:\/\/www.facebook.com\/salzburgerland\/","https:\/\/x.com\/Salzburgerland","https:\/\/www.instagram.com\/salzburgerland\/","https:\/\/at.linkedin.com\/company\/salzburgerland-tourismus-gmbh","https:\/\/www.pinterest.at\/salzburgerland\/","https:\/\/www.youtube.com\/user\/salzburgerland","https:\/\/de.wikipedia.org\/wiki\/SalzburgerLand_Tourismus_GmbH"]},{"@type":"Person","@id":"https:\/\/www.salzburgerland.com\/de\/magazin\/#\/schema\/person\/7932db74f19d9640620859cb2b794c4e","name":"Christine Fr\u00f6schl","description":"Dein pers\u00f6nlicher Logenplatz im SalzburgerLand? Am liebsten gehe ich auf den Einberg im Salzburger Tennengau. Der Berg in der Osterhorn-Gruppe gl\u00e4nzt das ganze Jahr im Sonnenschein, auf dem Gipfel heben Paragleiter ab und die Aussicht auf das Tennengebirge, den Dachstein und die Bischofsm\u00fctze ist traumhaft. Dosige(r) oder Zuagroast? Zuagroast aus dem sch\u00f6nen Nieder\u00f6sterreich. Fr\u00fchling, Sommer, Herbst oder Winter? Alle Jahreszeiten begeistern mich. Momentan freue ich mich auf den Fr\u00fchling, das Zwitschern der V\u00f6gel und auf die sattgr\u00fcnen Wiesen. Salzburger Nockerl oder Schwarzbeernocken? Eindeutig Schwarzbeernocken. Rindsroulade vom Pinzgauer Biorind oder Saibling fangfrisch aus dem Fuschlsee? Mhhhh. Da kann ich mich nicht entscheiden. Bergtour oder Seentour? Mich zieht es auf jeden Fall hinauf. Begeistert bin ich auch von tiefblauen Bergseen in denen sich die Umgebung spiegelt und von der Aussicht w\u00e4hrend des Weges auf einen der wundersch\u00f6nen Seen im Salzburger Land.","url":"https:\/\/www.salzburgerland.com\/de\/magazin\/author\/christine-froeschl\/"}]}},"_wl_alt_label":[],"wl:entity_url":"http:\/\/open.salzburgerland.com\/magazin\/post\/jazzfestival_saalfelden_mit_neuer_konzertreihe","_links":{"self":[{"href":"https:\/\/www.salzburgerland.com\/de\/magazin\/wp-json\/wp\/v2\/posts\/37790","targetHints":{"allow":["GET"]}}],"collection":[{"href":"https:\/\/www.salzburgerland.com\/de\/magazin\/wp-json\/wp\/v2\/posts"}],"about":[{"href":"https:\/\/www.salzburgerland.com\/de\/magazin\/wp-json\/wp\/v2\/types\/post"}],"author":[{"embeddable":true,"href":"https:\/\/www.salzburgerland.com\/de\/magazin\/wp-json\/wp\/v2\/users\/236"}],"replies":[{"embeddable":true,"href":"https:\/\/www.salzburgerland.com\/de\/magazin\/wp-json\/wp\/v2\/comments?post=37790"}],"version-history":[{"count":16,"href":"https:\/\/www.salzburgerland.com\/de\/magazin\/wp-json\/wp\/v2\/posts\/37790\/revisions"}],"predecessor-version":[{"id":183380,"href":"https:\/\/www.salzburgerland.com\/de\/magazin\/wp-json\/wp\/v2\/posts\/37790\/revisions\/183380"}],"wp:featuredmedia":[{"embeddable":true,"href":"https:\/\/www.salzburgerland.com\/de\/magazin\/wp-json\/wp\/v2\/media\/161445"}],"wp:attachment":[{"href":"https:\/\/www.salzburgerland.com\/de\/magazin\/wp-json\/wp\/v2\/media?parent=37790"}],"wp:term":[{"taxonomy":"category","embeddable":true,"href":"https:\/\/www.salzburgerland.com\/de\/magazin\/wp-json\/wp\/v2\/categories?post=37790"},{"taxonomy":"post_tag","embeddable":true,"href":"https:\/\/www.salzburgerland.com\/de\/magazin\/wp-json\/wp\/v2\/tags?post=37790"},{"taxonomy":"wl_entity_type","embeddable":true,"href":"https:\/\/www.salzburgerland.com\/de\/magazin\/wp-json\/wp\/v2\/wl_entity_type?post=37790"},{"taxonomy":"monatsauswahl","embeddable":true,"href":"https:\/\/www.salzburgerland.com\/de\/magazin\/wp-json\/wp\/v2\/monatsauswahl?post=37790"}],"curies":[{"name":"wp","href":"https:\/\/api.w.org\/{rel}","templated":true}]}}