{"id":36873,"date":"2019-05-21T09:00:00","date_gmt":"2019-05-21T07:00:00","guid":{"rendered":"http:\/\/magazin.salzburgerland.com\/?p=36873"},"modified":"2022-01-17T13:28:50","modified_gmt":"2022-01-17T12:28:50","slug":"auf-nannerls-spuren-im-mozarthaus-st-gilgen","status":"publish","type":"post","link":"https:\/\/www.salzburgerland.com\/de\/magazin\/auf-nannerls-spuren-im-mozarthaus-st-gilgen\/","title":{"rendered":"Mozarthaus St. Gilgen"},"content":{"rendered":"\n<h2 class=\"wp-block-slt-subtitle\">Auf Nannerls Spuren<\/h2>\n\n\n\n<p class=\"wp-block-slt-intro\">Nannerls dramatische Liebesgeschichte, ihre ungl\u00fcckliche Zeit als hochgebildete, zwangsverheiratete Frau des Adeligen Johann Baptiste von Berchtold von Sonnenburg in der Bauern- und Fischergemeinde am Wolfgangsee \u2013 der Film l\u00e4uft vor meinem geistigen Auge in einer Brillianz ab, die durch die Worte des Museumskustos geweckt wird.<\/p>\n\n\n\n<p>Noch nie habe ich schneller und kompetenter und spannender soviel \u00fcber Salzburger Geschichte erfahren wie von Augustin Kloiber in St.Gilgen.&nbsp; Er erz\u00e4hlt die Geschichten so, dass Bilder entstehen. Man taucht ein in l\u00e4ngst vergangene Jahrhunderte.&nbsp;Eine Geschichte, die im <a title=\"Mozarthaus Museum\" rel=\"noopener noreferrer\" href=\"http:\/\/www.mozarthaus.info\/mozarthaus\/museum\/\" target=\"_blank\">Mozarthaus<\/a> in St. Gilgen spielt, wo ehemals das Bezirksgericht untergebracht war. <\/p>\n\n\n\n<h2 class=\"wp-block-heading\" id=\"h-wo-alles-begann\">Wo alles begann<\/h2>\n\n\n\n<p>Der Gro\u00dfvater Mozarts, Wolfgang Nikolaus Pertl war geb\u00fcrtiger Salzburger, Jurist und von 1716 bis 1724 Richter in St. Gilgen. Seine Tochter, Anna Maria, Mozarts Mutter, kam im Bezirksgericht am 25.12.1720 auf die Welt. Dass das Bezirksgericht heute noch mit starken Mauern steht, ist Gro\u00dfvaters Umbauarbeiten zu verdanken, die allerdings das vorgegebene Budget weit sprengten. Eine Tatsache, die seine Witwe in schwere Schulden st\u00fcrzte, denn damals war er als Richter auch Bauherr und musste bei Budget\u00fcberschreitung selbst f\u00fcr die Differenz aufkommen.<\/p>\n\n\n\n<p>Erst Mozarts Schwester Nannerl durchbrach die Armut durch ihre Hochzeit mit dem Adeligen Johann Baptiste von Berchtold von Sonnenburg, ebenfalls Richter.&nbsp;Ihr Vater hatte sie aus finanziellen Gr\u00fcnden zur Heirat gezwungen. 17 Jahre lebte sie an seiner Seite in St. Gilgen.<\/p>\n\n\n\n<p>Nannerl war seine 3. Frau und musste f\u00fcnf Kinder als Stiefmutter \u00fcbernehmen. Sie gebar ihm noch drei eigene Kinder. Nur ihr Sohn erlebte das Erwachsenenalter. Als Kleinkind nahm ihn ihr Vater weg und erzog ihn in Salzburg.<\/p>\n\n\n\n<h2 class=\"wp-block-heading\" id=\"h-nannerl-war-eine-begabte-komponistin\">Nannerl war eine begabte Komponistin<\/h2>\n\n\n\n<p>Nannerl war eine hochintelligente Frau, die mehrere Sprachen sprach und Komponistin und Pianistin war. Sie stand zeitlebens im Schatten ihres Bruders und hatte nat\u00fcrlich als Frau auch keine M\u00f6glichkeit, \u00f6ffentlich aufzutreten. Nur Musikunterricht durfte sie geben.<\/p>\n\n\n\n<h2 class=\"wp-block-heading\" id=\"h-hier-wird-geschichte-lebendig\">Hier wird Geschichte lebendig<\/h2>\n\n\n\n<p>2002 wurde das Bezirksgericht geschlossen und 2005 vom Kulturverein Mozartdorf gekauft. Seit 2008 ist es Ausstellungsraum mit Veranstaltungss\u00e4len f\u00fcr Hochzeiten oder Geburtstage aber auch \u00f6ffentliche Konzerte in den Obergescho\u00dfen.  Im Untergescho\u00df lebt die Geschichte: Die Themen Gerichtsbarkeit und der Tagesablauf von Nannerl, der Adelsfrau im Fischer- und Bauerndorf die es sehr schwer hatte. <\/p>\n\n\n\n<p>Man wei\u00df viel \u00fcber Nannerl. Da sind die Briefe des Vaters an Nannerl, aus denen viel herauszulesen war. Sie liebte einen anderen aber die Absicherung stand im Vordergrund. Nannerl wurde f\u00fcr damalige Zeiten uralt und starb mit 78 Jahren in Salzburg. Die Geschwister sahen sich 1783 ein letztes Mal. Mozart war zur Hochzeit eingeladen, schaffte es aber aus beruflichen Gr\u00fcnden nicht. Wolfgang Amadeus Mozart war pers\u00f6nlich nie in St. Gilgen.<\/p>\n\n\n\n<h2 class=\"wp-block-heading\" id=\"h-musik-im-mozarthaus\">Musik im Mozarthaus<\/h2>\n\n\n\n<p>Nat\u00fcrlich kommt auch die Musik nicht zu kurz.  Ist doch das Mozarthaus Sitz des Kammerorchesters M.A. Mozart St. Gilgen. Es tritt je nach Werk komplett, durch Solisten und Chor verst\u00e4rkt oder in kleinerer Ensemblebesetzung auf. Das  vielseitige Veranstaltungsprogramm reicht von der Klassik \u00fcber Jazz bis hin zur traditionellen Volksmusik.<\/p>\n\n\n\n\n<div class=\"mag-gallery\"><div class=\"row\"><div class=\"col-6 col-sm-4\"><figure><a class=\"thumb-container\" href=\"https:\/\/www.salzburgerland.com\/de\/magazin\/wp-content\/uploads\/2013\/06\/Mozarthaus006-1280x1024.jpg\">\t<picture><source media=\"(min-width: 576px)\" srcset=\"https:\/\/www.salzburgerland.com\/de\/magazin\/wp-content\/uploads\/2013\/06\/Mozarthaus006-325x209.jpg 325w, https:\/\/www.salzburgerland.com\/de\/magazin\/wp-content\/uploads\/2013\/06\/Mozarthaus006-249x160.jpg 249w\"><\/source><source media=\"(min-width: 0)\" srcset=\"https:\/\/www.salzburgerland.com\/de\/magazin\/wp-content\/uploads\/2013\/06\/Mozarthaus006-249x160.jpg 249w, https:\/\/www.salzburgerland.com\/de\/magazin\/wp-content\/uploads\/2013\/06\/Mozarthaus006-325x209.jpg 325w\"><\/source><img decoding=\"async\" alt=\"Ge&ouml;ffnete Notenbl&auml;tter, umgeben von Miniatur-Violinen- und Harfenmodellen in Etuis, alle auf weiteren Notenbl&auml;ttern platziert.\" src=\"https:\/\/www.salzburgerland.com\/de\/magazin\/wp-content\/uploads\/2013\/06\/Mozarthaus006-scaled.jpg\">\t<\/picture><\/a><\/figure><\/div><div class=\"col-6 col-sm-4\"><figure><a class=\"thumb-container\" href=\"https:\/\/www.salzburgerland.com\/de\/magazin\/wp-content\/uploads\/2013\/06\/Mozarthaus005-1280x1024.jpg\">\t<picture><source media=\"(min-width: 576px)\" srcset=\"https:\/\/www.salzburgerland.com\/de\/magazin\/wp-content\/uploads\/2013\/06\/Mozarthaus005-325x209.jpg 325w, https:\/\/www.salzburgerland.com\/de\/magazin\/wp-content\/uploads\/2013\/06\/Mozarthaus005-249x160.jpg 249w\"><\/source><source media=\"(min-width: 0)\" srcset=\"https:\/\/www.salzburgerland.com\/de\/magazin\/wp-content\/uploads\/2013\/06\/Mozarthaus005-249x160.jpg 249w, https:\/\/www.salzburgerland.com\/de\/magazin\/wp-content\/uploads\/2013\/06\/Mozarthaus005-325x209.jpg 325w\"><\/source><img decoding=\"async\" alt=\"B&uuml;cher mit dem Titel Nannerl Mozart: Leben einer K&uuml;nstlerin mit einem Portr&auml;t einer Frau in zeitgen&ouml;ssischer Kleidung auf dem Einband.\" src=\"https:\/\/www.salzburgerland.com\/de\/magazin\/wp-content\/uploads\/2013\/06\/Mozarthaus005-scaled.jpg\">\t<\/picture><\/a><\/figure><\/div><div class=\"col-6 col-sm-4\"><figure><a class=\"thumb-container\" href=\"https:\/\/www.salzburgerland.com\/de\/magazin\/wp-content\/uploads\/2013\/06\/Mozarthaus004-1280x1024.jpg\">\t<picture><source media=\"(min-width: 576px)\" srcset=\"https:\/\/www.salzburgerland.com\/de\/magazin\/wp-content\/uploads\/2013\/06\/Mozarthaus004-325x209.jpg 325w, https:\/\/www.salzburgerland.com\/de\/magazin\/wp-content\/uploads\/2013\/06\/Mozarthaus004-249x160.jpg 249w\"><\/source><source media=\"(min-width: 0)\" srcset=\"https:\/\/www.salzburgerland.com\/de\/magazin\/wp-content\/uploads\/2013\/06\/Mozarthaus004-249x160.jpg 249w, https:\/\/www.salzburgerland.com\/de\/magazin\/wp-content\/uploads\/2013\/06\/Mozarthaus004-325x209.jpg 325w\"><\/source><img decoding=\"async\" alt=\"In den Regalen stehen Flaschen, B&uuml;sten, Tassen und Geschenke, die sich um einen klassischen Komponisten drehen, wahrscheinlich Beethoven.\" src=\"https:\/\/www.salzburgerland.com\/de\/magazin\/wp-content\/uploads\/2013\/06\/Mozarthaus004-scaled.jpg\">\t<\/picture><\/a><\/figure><\/div><div class=\"col-6 col-sm-4\"><figure><a class=\"thumb-container\" href=\"https:\/\/www.salzburgerland.com\/de\/magazin\/wp-content\/uploads\/2013\/06\/Mozarthaus008-1280x1024.jpg\">\t<picture><source media=\"(min-width: 576px)\" srcset=\"https:\/\/www.salzburgerland.com\/de\/magazin\/wp-content\/uploads\/2013\/06\/Mozarthaus008-325x209.jpg 325w, https:\/\/www.salzburgerland.com\/de\/magazin\/wp-content\/uploads\/2013\/06\/Mozarthaus008-249x160.jpg 249w\"><\/source><source media=\"(min-width: 0)\" srcset=\"https:\/\/www.salzburgerland.com\/de\/magazin\/wp-content\/uploads\/2013\/06\/Mozarthaus008-249x160.jpg 249w, https:\/\/www.salzburgerland.com\/de\/magazin\/wp-content\/uploads\/2013\/06\/Mozarthaus008-325x209.jpg 325w\"><\/source><img decoding=\"async\" alt=\"Gerahmtes Portr&auml;t einer Frau in historischem Kleid neben einer blauen Glasflasche auf einer Holzfl&auml;che.\" src=\"https:\/\/www.salzburgerland.com\/de\/magazin\/wp-content\/uploads\/2013\/06\/Mozarthaus008-scaled.jpg\">\t<\/picture><\/a><\/figure><\/div><div class=\"col-6 col-sm-4\"><figure><a class=\"thumb-container\" href=\"https:\/\/www.salzburgerland.com\/de\/magazin\/wp-content\/uploads\/2013\/06\/Mozarthaus009-1280x1024.jpg\">\t<picture><source media=\"(min-width: 576px)\" srcset=\"https:\/\/www.salzburgerland.com\/de\/magazin\/wp-content\/uploads\/2013\/06\/Mozarthaus009-325x209.jpg 325w, https:\/\/www.salzburgerland.com\/de\/magazin\/wp-content\/uploads\/2013\/06\/Mozarthaus009-249x160.jpg 249w\"><\/source><source media=\"(min-width: 0)\" srcset=\"https:\/\/www.salzburgerland.com\/de\/magazin\/wp-content\/uploads\/2013\/06\/Mozarthaus009-249x160.jpg 249w, https:\/\/www.salzburgerland.com\/de\/magazin\/wp-content\/uploads\/2013\/06\/Mozarthaus009-325x209.jpg 325w\"><\/source><img decoding=\"async\" alt=\"Museumsraum mit dem Portr&auml;t einer Frau, einer Glasvitrine und Musiknoten an der Wand im Hintergrund.\" src=\"https:\/\/www.salzburgerland.com\/de\/magazin\/wp-content\/uploads\/2013\/06\/Mozarthaus009-scaled.jpg\">\t<\/picture><\/a><\/figure><\/div><div class=\"col-6 col-sm-4\"><figure><a class=\"thumb-container\" href=\"https:\/\/www.salzburgerland.com\/de\/magazin\/wp-content\/uploads\/2013\/06\/Mozarthaus012-1280x1024.jpg\">\t<picture><source media=\"(min-width: 576px)\" srcset=\"https:\/\/www.salzburgerland.com\/de\/magazin\/wp-content\/uploads\/2013\/06\/Mozarthaus012-325x209.jpg 325w, https:\/\/www.salzburgerland.com\/de\/magazin\/wp-content\/uploads\/2013\/06\/Mozarthaus012-249x160.jpg 249w\"><\/source><source media=\"(min-width: 0)\" srcset=\"https:\/\/www.salzburgerland.com\/de\/magazin\/wp-content\/uploads\/2013\/06\/Mozarthaus012-249x160.jpg 249w, https:\/\/www.salzburgerland.com\/de\/magazin\/wp-content\/uploads\/2013\/06\/Mozarthaus012-325x209.jpg 325w\"><\/source><img decoding=\"async\" alt=\"Eine Museumsausstellung mit Artefakten aus der Mozartzeit, Musiknoten an der Wand und einem Portr&auml;t einer Frau in zeitgen&ouml;ssischer Kleidung.\" src=\"https:\/\/www.salzburgerland.com\/de\/magazin\/wp-content\/uploads\/2013\/06\/Mozarthaus012-scaled.jpg\">\t<\/picture><\/a><\/figure><\/div><div class=\"col-6 col-sm-4\"><figure><a class=\"thumb-container\" href=\"https:\/\/www.salzburgerland.com\/de\/magazin\/wp-content\/uploads\/2013\/06\/Mozarthaus011-1280x1024.jpg\">\t<picture><source media=\"(min-width: 576px)\" srcset=\"https:\/\/www.salzburgerland.com\/de\/magazin\/wp-content\/uploads\/2013\/06\/Mozarthaus011-325x209.jpg 325w, https:\/\/www.salzburgerland.com\/de\/magazin\/wp-content\/uploads\/2013\/06\/Mozarthaus011-249x160.jpg 249w\"><\/source><source media=\"(min-width: 0)\" srcset=\"https:\/\/www.salzburgerland.com\/de\/magazin\/wp-content\/uploads\/2013\/06\/Mozarthaus011-249x160.jpg 249w, https:\/\/www.salzburgerland.com\/de\/magazin\/wp-content\/uploads\/2013\/06\/Mozarthaus011-325x209.jpg 325w\"><\/source><img decoding=\"async\" alt=\"Raum mit Musiknoten an den W&auml;nden, einer runden Auslage, einem Glaskasten und dem Portr&auml;t einer Frau mit wei&szlig;er Per&uuml;cke.\" src=\"https:\/\/www.salzburgerland.com\/de\/magazin\/wp-content\/uploads\/2013\/06\/Mozarthaus011-scaled.jpg\">\t<\/picture><\/a><\/figure><\/div><div class=\"col-6 col-sm-4\"><figure><a class=\"thumb-container\" href=\"https:\/\/www.salzburgerland.com\/de\/magazin\/wp-content\/uploads\/2013\/06\/Mozarthaus010-1280x1024.jpg\">\t<picture><source media=\"(min-width: 576px)\" srcset=\"https:\/\/www.salzburgerland.com\/de\/magazin\/wp-content\/uploads\/2013\/06\/Mozarthaus010-325x209.jpg 325w, https:\/\/www.salzburgerland.com\/de\/magazin\/wp-content\/uploads\/2013\/06\/Mozarthaus010-249x160.jpg 249w\"><\/source><source media=\"(min-width: 0)\" srcset=\"https:\/\/www.salzburgerland.com\/de\/magazin\/wp-content\/uploads\/2013\/06\/Mozarthaus010-249x160.jpg 249w, https:\/\/www.salzburgerland.com\/de\/magazin\/wp-content\/uploads\/2013\/06\/Mozarthaus010-325x209.jpg 325w\"><\/source><img decoding=\"async\" alt=\"Metallfesseln und ein aufgeschlagenes Buch, das in einer Museumsausstellung bei hellem Licht ausgestellt ist.\" src=\"https:\/\/www.salzburgerland.com\/de\/magazin\/wp-content\/uploads\/2013\/06\/Mozarthaus010-scaled.jpg\">\t<\/picture><\/a><\/figure><\/div><div class=\"col-6 col-sm-4\"><figure><a class=\"thumb-container\" href=\"https:\/\/www.salzburgerland.com\/de\/magazin\/wp-content\/uploads\/2013\/06\/Mozarthaus018-1280x1024.jpg\">\t<picture><source media=\"(min-width: 576px)\" srcset=\"https:\/\/www.salzburgerland.com\/de\/magazin\/wp-content\/uploads\/2013\/06\/Mozarthaus018-325x209.jpg 325w, https:\/\/www.salzburgerland.com\/de\/magazin\/wp-content\/uploads\/2013\/06\/Mozarthaus018-249x160.jpg 249w\"><\/source><source media=\"(min-width: 0)\" srcset=\"https:\/\/www.salzburgerland.com\/de\/magazin\/wp-content\/uploads\/2013\/06\/Mozarthaus018-249x160.jpg 249w, https:\/\/www.salzburgerland.com\/de\/magazin\/wp-content\/uploads\/2013\/06\/Mozarthaus018-325x209.jpg 325w\"><\/source><img decoding=\"async\" alt=\"Ein heller Flur mit Holzb&ouml;den, wei&szlig;en W&auml;nden und verschiedenen Gem&auml;lden, die auf beiden Seiten h&auml;ngen.\" src=\"https:\/\/www.salzburgerland.com\/de\/magazin\/wp-content\/uploads\/2013\/06\/Mozarthaus018-scaled.jpg\">\t<\/picture><\/a><\/figure><\/div><div class=\"col-6 col-sm-4\"><figure><a class=\"thumb-container\" href=\"https:\/\/www.salzburgerland.com\/de\/magazin\/wp-content\/uploads\/2013\/06\/Mozarthaus014-1280x1024.jpg\">\t<picture><source media=\"(min-width: 576px)\" srcset=\"https:\/\/www.salzburgerland.com\/de\/magazin\/wp-content\/uploads\/2013\/06\/Mozarthaus014-325x209.jpg 325w, https:\/\/www.salzburgerland.com\/de\/magazin\/wp-content\/uploads\/2013\/06\/Mozarthaus014-249x160.jpg 249w\"><\/source><source media=\"(min-width: 0)\" srcset=\"https:\/\/www.salzburgerland.com\/de\/magazin\/wp-content\/uploads\/2013\/06\/Mozarthaus014-249x160.jpg 249w, https:\/\/www.salzburgerland.com\/de\/magazin\/wp-content\/uploads\/2013\/06\/Mozarthaus014-325x209.jpg 325w\"><\/source><img decoding=\"async\" alt=\"Museumsexponat mit dem Portr&auml;t einer Frau, antikem Schreibtisch, Stuhl und Vitrine mit B&uuml;chern und Artefakten.\" src=\"https:\/\/www.salzburgerland.com\/de\/magazin\/wp-content\/uploads\/2013\/06\/Mozarthaus014-scaled.jpg\">\t<\/picture><\/a><\/figure><\/div><div class=\"col-6 col-sm-4\"><figure><a class=\"thumb-container\" href=\"https:\/\/www.salzburgerland.com\/de\/magazin\/wp-content\/uploads\/2013\/06\/Mozarthaus013-1280x1024.jpg\">\t<picture><source media=\"(min-width: 576px)\" srcset=\"https:\/\/www.salzburgerland.com\/de\/magazin\/wp-content\/uploads\/2013\/06\/Mozarthaus013-325x209.jpg 325w, https:\/\/www.salzburgerland.com\/de\/magazin\/wp-content\/uploads\/2013\/06\/Mozarthaus013-249x160.jpg 249w\"><\/source><source media=\"(min-width: 0)\" srcset=\"https:\/\/www.salzburgerland.com\/de\/magazin\/wp-content\/uploads\/2013\/06\/Mozarthaus013-249x160.jpg 249w, https:\/\/www.salzburgerland.com\/de\/magazin\/wp-content\/uploads\/2013\/06\/Mozarthaus013-325x209.jpg 325w\"><\/source><img decoding=\"async\" alt=\"Vitrine mit alten B&uuml;chern, Portr&auml;ts, Miniaturfiguren, einer Spielzeugkanone und alten Gegenst&auml;nden in einem Regal.\" src=\"https:\/\/www.salzburgerland.com\/de\/magazin\/wp-content\/uploads\/2013\/06\/Mozarthaus013-scaled.jpg\">\t<\/picture><\/a><\/figure><\/div><div class=\"col-6 col-sm-4\"><figure><a class=\"thumb-container\" href=\"https:\/\/www.salzburgerland.com\/de\/magazin\/wp-content\/uploads\/2013\/06\/Mozarthaus021-1280x1024.jpg\">\t<picture><source media=\"(min-width: 576px)\" srcset=\"https:\/\/www.salzburgerland.com\/de\/magazin\/wp-content\/uploads\/2013\/06\/Mozarthaus021-325x209.jpg 325w, https:\/\/www.salzburgerland.com\/de\/magazin\/wp-content\/uploads\/2013\/06\/Mozarthaus021-249x160.jpg 249w\"><\/source><source media=\"(min-width: 0)\" srcset=\"https:\/\/www.salzburgerland.com\/de\/magazin\/wp-content\/uploads\/2013\/06\/Mozarthaus021-249x160.jpg 249w, https:\/\/www.salzburgerland.com\/de\/magazin\/wp-content\/uploads\/2013\/06\/Mozarthaus021-325x209.jpg 325w\"><\/source><img decoding=\"async\" alt=\"Ein Fl&uuml;gel auf einer h&ouml;lzernen B&uuml;hne steht vor Reihen leerer roter St&uuml;hle in einem sonnendurchfluteten Dachgeschoss-Konzertsaal.\" src=\"https:\/\/www.salzburgerland.com\/de\/magazin\/wp-content\/uploads\/2013\/06\/Mozarthaus021-scaled.jpg\">\t<\/picture><\/a><\/figure><\/div><div class=\"col-6 col-sm-4\"><figure><a class=\"thumb-container\" href=\"https:\/\/www.salzburgerland.com\/de\/magazin\/wp-content\/uploads\/2013\/06\/Mozarthaus022-1280x1024.jpg\">\t<picture><source media=\"(min-width: 576px)\" srcset=\"https:\/\/www.salzburgerland.com\/de\/magazin\/wp-content\/uploads\/2013\/06\/Mozarthaus022-325x209.jpg 325w, https:\/\/www.salzburgerland.com\/de\/magazin\/wp-content\/uploads\/2013\/06\/Mozarthaus022-249x160.jpg 249w\"><\/source><source media=\"(min-width: 0)\" srcset=\"https:\/\/www.salzburgerland.com\/de\/magazin\/wp-content\/uploads\/2013\/06\/Mozarthaus022-249x160.jpg 249w, https:\/\/www.salzburgerland.com\/de\/magazin\/wp-content\/uploads\/2013\/06\/Mozarthaus022-325x209.jpg 325w\"><\/source><img decoding=\"async\" alt=\"Ein beigefarbenes Geb&auml;ude mit der Aufschrift Mozarthaus Sankt Gilgen, das an einer feuchten Kopfsteinpflasterstra&szlig;e liegt.\" src=\"https:\/\/www.salzburgerland.com\/de\/magazin\/wp-content\/uploads\/2013\/06\/Mozarthaus022-scaled.jpg\">\t<\/picture><\/a><\/figure><\/div><div class=\"col-6 col-sm-4\"><figure><a class=\"thumb-container\" href=\"https:\/\/www.salzburgerland.com\/de\/magazin\/wp-content\/uploads\/2013\/06\/Mozarthaus002-1280x1024.jpg\">\t<picture><source media=\"(min-width: 576px)\" srcset=\"https:\/\/www.salzburgerland.com\/de\/magazin\/wp-content\/uploads\/2013\/06\/Mozarthaus002-325x209.jpg 325w, https:\/\/www.salzburgerland.com\/de\/magazin\/wp-content\/uploads\/2013\/06\/Mozarthaus002-249x160.jpg 249w\"><\/source><source media=\"(min-width: 0)\" srcset=\"https:\/\/www.salzburgerland.com\/de\/magazin\/wp-content\/uploads\/2013\/06\/Mozarthaus002-249x160.jpg 249w, https:\/\/www.salzburgerland.com\/de\/magazin\/wp-content\/uploads\/2013\/06\/Mozarthaus002-325x209.jpg 325w\"><\/source><img decoding=\"async\" alt=\"Ein gut beleuchteter Flur mit Kunstwerken an der Wand, Glast&uuml;ren und einem spiegelnden Kachelboden.\" src=\"https:\/\/www.salzburgerland.com\/de\/magazin\/wp-content\/uploads\/2013\/06\/Mozarthaus002-scaled.jpg\">\t<\/picture><\/a><\/figure><\/div><div class=\"col-6 col-sm-4\"><figure><a class=\"thumb-container\" href=\"https:\/\/www.salzburgerland.com\/de\/magazin\/wp-content\/uploads\/2013\/06\/Mozarthaus001-1280x1024.jpg\">\t<picture><source media=\"(min-width: 576px)\" srcset=\"https:\/\/www.salzburgerland.com\/de\/magazin\/wp-content\/uploads\/2013\/06\/Mozarthaus001-325x209.jpg 325w, https:\/\/www.salzburgerland.com\/de\/magazin\/wp-content\/uploads\/2013\/06\/Mozarthaus001-249x160.jpg 249w\"><\/source><source media=\"(min-width: 0)\" srcset=\"https:\/\/www.salzburgerland.com\/de\/magazin\/wp-content\/uploads\/2013\/06\/Mozarthaus001-249x160.jpg 249w, https:\/\/www.salzburgerland.com\/de\/magazin\/wp-content\/uploads\/2013\/06\/Mozarthaus001-325x209.jpg 325w\"><\/source><img decoding=\"async\" alt=\"Ein &uuml;ppig gr&uuml;ner Park mit verstreuten B&auml;umen, belaubten &Auml;sten &uuml;ber dem Kopf und einer Rasenfl&auml;che in der Mitte.\" src=\"https:\/\/www.salzburgerland.com\/de\/magazin\/wp-content\/uploads\/2013\/06\/Mozarthaus001-scaled.jpg\">\t<\/picture><\/a><\/figure><\/div><\/div><figcaption><\/figcaption><\/div>\n\n\n\n<p>Kulturverein Mozartdorf St. Gilgen<br>Ischlerstrasse 15<br>5340 St. Gilgen<br>+43 &nbsp;6227 20242<br><a title=\"www.mozarthaus.info\" href=\"http:\/\/www.mozarthaus.info\" target=\"_blank\" rel=\"noopener noreferrer\">www.mozarthaus.info<\/a><\/p>\n","protected":false},"excerpt":{"rendered":"<p>Noch nie habe ich schneller und kompetenter und spannender soviel \u00fcber Salzburger Geschichte erfahren wie von Augustin Kloiber in St.Gilgen.&nbsp; Er erz\u00e4hlt die Geschichten so, dass Bilder entstehen. Man taucht ein in l\u00e4ngst vergangene Jahrhunderte.&nbsp;Eine Geschichte, die im Mozarthaus in St. Gilgen spielt, wo ehemals das Bezirksgericht untergebracht war. Wo alles begann Der Gro\u00dfvater Mozarts, [&hellip;]<\/p>\n","protected":false},"author":70,"featured_media":36896,"comment_status":"open","ping_status":"open","sticky":false,"template":"","format":"standard","meta":{"_acf_changed":false,"wl_entities_gutenberg":"","_wl_entity_redirect_enabled":"","footnotes":""},"categories":[9],"tags":[],"wl_entity_type":[306],"monatsauswahl":[86,87,88,89,90],"class_list":["post-36873","post","type-post","status-publish","format-standard","has-post-thumbnail","hentry","category-sehenswurdig","wl_entity_type-article","monatsauswahl-monat_5","monatsauswahl-monat_6","monatsauswahl-monat_7","monatsauswahl-monat_8","monatsauswahl-monat_9"],"acf":[],"yoast_head":"<!-- This site is optimized with the Yoast SEO Premium plugin v27.4 (Yoast SEO v27.4) - https:\/\/yoast.com\/product\/yoast-seo-premium-wordpress\/ -->\n<title>Mozarthaus St. Gilgen - SalzburgerLand Magazin<\/title>\n<meta name=\"description\" content=\"Nannerls dramatische Liebesgeschichte, ihre ungl\u00fcckliche Zeit als hochgebildete, zwangsverheiratete Frau des Adeligen Johann Baptiste von Berchtold von Sonnenburg in der Bauern- und Fischergemeinde am Wolfgangsee \u2013 der Film l\u00e4uft vor meinem geistigen Auge in einer Brillianz ab, die durch die Worte des Museumskustos geweckt wird.\" \/>\n<meta name=\"robots\" content=\"index, follow, max-snippet:-1, max-image-preview:large, max-video-preview:-1\" \/>\n<link rel=\"canonical\" href=\"https:\/\/www.salzburgerland.com\/de\/magazin\/auf-nannerls-spuren-im-mozarthaus-st-gilgen\/\" \/>\n<meta property=\"og:locale\" content=\"de_DE\" \/>\n<meta property=\"og:type\" content=\"article\" \/>\n<meta property=\"og:title\" content=\"Mozarthaus St. Gilgen\" \/>\n<meta property=\"og:description\" content=\"Noch nie habe ich schneller und kompetenter und spannender soviel \u00fcber Salzburger Geschichte erfahren wie von Augustin Kloiber in St.Gilgen.&nbsp; Er erz\u00e4hlt die Geschichten so, dass Bilder entstehen. Man taucht ein in l\u00e4ngst vergangene Jahrhunderte.&nbsp;Eine Geschichte, die im Mozarthaus in St. Gilgen spielt, wo ehemals das Bezirksgericht untergebracht war. Wo alles begann Der Gro\u00dfvater Mozarts, [&hellip;]\" \/>\n<meta property=\"og:url\" content=\"https:\/\/www.salzburgerland.com\/de\/magazin\/auf-nannerls-spuren-im-mozarthaus-st-gilgen\/\" \/>\n<meta property=\"og:site_name\" content=\"SalzburgerLand Magazin\" \/>\n<meta property=\"article:publisher\" content=\"https:\/\/www.facebook.com\/salzburgerland\/\" \/>\n<meta property=\"article:published_time\" content=\"2019-05-21T07:00:00+00:00\" \/>\n<meta property=\"article:modified_time\" content=\"2022-01-17T12:28:50+00:00\" \/>\n<meta property=\"og:image\" content=\"https:\/\/www.salzburgerland.com\/de\/magazin\/wp-content\/uploads\/2013\/06\/Mozarthaus006.jpg\" \/>\n\t<meta property=\"og:image:width\" content=\"3543\" \/>\n\t<meta property=\"og:image:height\" content=\"2362\" \/>\n\t<meta property=\"og:image:type\" content=\"image\/jpeg\" \/>\n<meta name=\"author\" content=\"Doris Wild\" \/>\n<meta name=\"twitter:card\" content=\"summary_large_image\" \/>\n<meta name=\"twitter:creator\" content=\"@Salzburgerland\" \/>\n<meta name=\"twitter:site\" content=\"@Salzburgerland\" \/>\n<meta name=\"twitter:label1\" content=\"Verfasst von\" \/>\n\t<meta name=\"twitter:data1\" content=\"Doris Wild\" \/>\n\t<meta name=\"twitter:label2\" content=\"Gesch\u00e4tzte Lesezeit\" \/>\n\t<meta name=\"twitter:data2\" content=\"6\u00a0Minuten\" \/>\n<script type=\"application\/ld+json\" class=\"yoast-schema-graph\">{\"@context\":\"https:\\\/\\\/schema.org\",\"@graph\":[{\"@type\":\"Article\",\"@id\":\"https:\\\/\\\/www.salzburgerland.com\\\/de\\\/magazin\\\/auf-nannerls-spuren-im-mozarthaus-st-gilgen\\\/#article\",\"isPartOf\":{\"@id\":\"https:\\\/\\\/www.salzburgerland.com\\\/de\\\/magazin\\\/auf-nannerls-spuren-im-mozarthaus-st-gilgen\\\/\"},\"author\":{\"name\":\"Doris Wild\",\"@id\":\"https:\\\/\\\/www.salzburgerland.com\\\/de\\\/magazin\\\/#\\\/schema\\\/person\\\/3c02fe460374aa9e0ef912270ae0b92c\"},\"headline\":\"Mozarthaus St. Gilgen\",\"datePublished\":\"2019-05-21T07:00:00+00:00\",\"dateModified\":\"2022-01-17T12:28:50+00:00\",\"mainEntityOfPage\":{\"@id\":\"https:\\\/\\\/www.salzburgerland.com\\\/de\\\/magazin\\\/auf-nannerls-spuren-im-mozarthaus-st-gilgen\\\/\"},\"wordCount\":508,\"commentCount\":0,\"publisher\":{\"@id\":\"https:\\\/\\\/www.salzburgerland.com\\\/de\\\/magazin\\\/#organization\"},\"image\":{\"@id\":\"https:\\\/\\\/www.salzburgerland.com\\\/de\\\/magazin\\\/auf-nannerls-spuren-im-mozarthaus-st-gilgen\\\/#primaryimage\"},\"thumbnailUrl\":\"https:\\\/\\\/www.salzburgerland.com\\\/de\\\/magazin\\\/wp-content\\\/uploads\\\/2013\\\/06\\\/Mozarthaus006-scaled.jpg\",\"articleSection\":[\"Sehensw\u00fcrdig\"],\"inLanguage\":\"de\",\"potentialAction\":[{\"@type\":\"CommentAction\",\"name\":\"Comment\",\"target\":[\"https:\\\/\\\/www.salzburgerland.com\\\/de\\\/magazin\\\/auf-nannerls-spuren-im-mozarthaus-st-gilgen\\\/#respond\"]}]},{\"@type\":\"WebPage\",\"@id\":\"https:\\\/\\\/www.salzburgerland.com\\\/de\\\/magazin\\\/auf-nannerls-spuren-im-mozarthaus-st-gilgen\\\/\",\"url\":\"https:\\\/\\\/www.salzburgerland.com\\\/de\\\/magazin\\\/auf-nannerls-spuren-im-mozarthaus-st-gilgen\\\/\",\"name\":\"Mozarthaus St. Gilgen - SalzburgerLand Magazin\",\"isPartOf\":{\"@id\":\"https:\\\/\\\/www.salzburgerland.com\\\/de\\\/magazin\\\/#website\"},\"primaryImageOfPage\":{\"@id\":\"https:\\\/\\\/www.salzburgerland.com\\\/de\\\/magazin\\\/auf-nannerls-spuren-im-mozarthaus-st-gilgen\\\/#primaryimage\"},\"image\":{\"@id\":\"https:\\\/\\\/www.salzburgerland.com\\\/de\\\/magazin\\\/auf-nannerls-spuren-im-mozarthaus-st-gilgen\\\/#primaryimage\"},\"thumbnailUrl\":\"https:\\\/\\\/www.salzburgerland.com\\\/de\\\/magazin\\\/wp-content\\\/uploads\\\/2013\\\/06\\\/Mozarthaus006-scaled.jpg\",\"datePublished\":\"2019-05-21T07:00:00+00:00\",\"dateModified\":\"2022-01-17T12:28:50+00:00\",\"breadcrumb\":{\"@id\":\"https:\\\/\\\/www.salzburgerland.com\\\/de\\\/magazin\\\/auf-nannerls-spuren-im-mozarthaus-st-gilgen\\\/#breadcrumb\"},\"inLanguage\":\"de\",\"potentialAction\":[{\"@type\":\"ReadAction\",\"target\":[\"https:\\\/\\\/www.salzburgerland.com\\\/de\\\/magazin\\\/auf-nannerls-spuren-im-mozarthaus-st-gilgen\\\/\"]}]},{\"@type\":\"ImageObject\",\"inLanguage\":\"de\",\"@id\":\"https:\\\/\\\/www.salzburgerland.com\\\/de\\\/magazin\\\/auf-nannerls-spuren-im-mozarthaus-st-gilgen\\\/#primaryimage\",\"url\":\"https:\\\/\\\/www.salzburgerland.com\\\/de\\\/magazin\\\/wp-content\\\/uploads\\\/2013\\\/06\\\/Mozarthaus006-scaled.jpg\",\"contentUrl\":\"https:\\\/\\\/www.salzburgerland.com\\\/de\\\/magazin\\\/wp-content\\\/uploads\\\/2013\\\/06\\\/Mozarthaus006-scaled.jpg\",\"width\":3543,\"height\":2362,\"caption\":\"Mozart Kompositionen\"},{\"@type\":\"BreadcrumbList\",\"@id\":\"https:\\\/\\\/www.salzburgerland.com\\\/de\\\/magazin\\\/auf-nannerls-spuren-im-mozarthaus-st-gilgen\\\/#breadcrumb\",\"itemListElement\":[{\"@type\":\"ListItem\",\"position\":1,\"name\":\"Startseite\",\"item\":\"https:\\\/\\\/www.salzburgerland.com\\\/de\\\/magazin\\\/\"},{\"@type\":\"ListItem\",\"position\":2,\"name\":\"Sehensw\u00fcrdig\",\"item\":\"https:\\\/\\\/www.salzburgerland.com\\\/de\\\/magazin\\\/thema\\\/sehenswurdig\\\/\"},{\"@type\":\"ListItem\",\"position\":3,\"name\":\"Mozarthaus St. Gilgen\"}]},{\"@type\":\"WebSite\",\"@id\":\"https:\\\/\\\/www.salzburgerland.com\\\/de\\\/magazin\\\/#website\",\"url\":\"https:\\\/\\\/www.salzburgerland.com\\\/de\\\/magazin\\\/\",\"name\":\"SalzburgerLand Magazin\",\"description\":\"Geschichten und Interessantes aus dem SalzburgerLand\",\"publisher\":{\"@id\":\"https:\\\/\\\/www.salzburgerland.com\\\/de\\\/magazin\\\/#organization\"},\"potentialAction\":[{\"@type\":\"SearchAction\",\"target\":{\"@type\":\"EntryPoint\",\"urlTemplate\":\"https:\\\/\\\/www.salzburgerland.com\\\/de\\\/magazin\\\/?s={search_term_string}\"},\"query-input\":{\"@type\":\"PropertyValueSpecification\",\"valueRequired\":true,\"valueName\":\"search_term_string\"}}],\"inLanguage\":\"de\"},{\"@type\":\"Organization\",\"@id\":\"https:\\\/\\\/www.salzburgerland.com\\\/de\\\/magazin\\\/#organization\",\"name\":\"SalzburgerLand Tourismus\",\"url\":\"https:\\\/\\\/www.salzburgerland.com\\\/de\\\/magazin\\\/\",\"logo\":{\"@type\":\"ImageObject\",\"inLanguage\":\"de\",\"@id\":\"https:\\\/\\\/www.salzburgerland.com\\\/de\\\/magazin\\\/#\\\/schema\\\/logo\\\/image\\\/\",\"url\":\"https:\\\/\\\/www.salzburgerland.com\\\/de\\\/magazin\\\/wp-content\\\/uploads\\\/2019\\\/06\\\/salzburgerland-logo1.jpg\",\"contentUrl\":\"https:\\\/\\\/www.salzburgerland.com\\\/de\\\/magazin\\\/wp-content\\\/uploads\\\/2019\\\/06\\\/salzburgerland-logo1.jpg\",\"width\":2011,\"height\":866,\"caption\":\"SalzburgerLand Tourismus\"},\"image\":{\"@id\":\"https:\\\/\\\/www.salzburgerland.com\\\/de\\\/magazin\\\/#\\\/schema\\\/logo\\\/image\\\/\"},\"sameAs\":[\"https:\\\/\\\/www.facebook.com\\\/salzburgerland\\\/\",\"https:\\\/\\\/x.com\\\/Salzburgerland\",\"https:\\\/\\\/www.instagram.com\\\/salzburgerland\\\/\",\"https:\\\/\\\/at.linkedin.com\\\/company\\\/salzburgerland-tourismus-gmbh\",\"https:\\\/\\\/www.pinterest.at\\\/salzburgerland\\\/\",\"https:\\\/\\\/www.youtube.com\\\/user\\\/salzburgerland\",\"https:\\\/\\\/de.wikipedia.org\\\/wiki\\\/SalzburgerLand_Tourismus_GmbH\"]},{\"@type\":\"Person\",\"@id\":\"https:\\\/\\\/www.salzburgerland.com\\\/de\\\/magazin\\\/#\\\/schema\\\/person\\\/3c02fe460374aa9e0ef912270ae0b92c\",\"name\":\"Doris Wild\",\"description\":\"Doris Wild ist Eventfotografin und Societyjournalistin und hat jetzt mit ihrer Agentur auch den Videojournalismus als zus\u00e4tzliches Standbein entdeckt. Nach 20 Jahren tagesaktueller Berichterstattung sind Blicke hinter die Kulissen der Event-Society und Modewelt die logische Konsequenz. Fragen mit Antworten von Doris Wild Morgen- oder Abendmensch? Vor 8.00 fr\u00fch holt mich nicht einmal der tollste Sonnenaufgang aus den Federn. Dass Fotografen die Morgensonne nutzen sollten \u2013 mag sein. Events finden selten im weichen Morgenlicht statt. Und zur blauen Stunde mache ich die besten Bilder. Weltliteratur oder Tratsch &amp; Klatsch? Man kann das kombinieren. Im Urlaub mal den dicken Schm\u00f6ker, in den Kaffeepausen die Regenbogenzeitschriften. Man muss schlie\u00dflich am Laufenden bleiben, um die Prinzessinnen und Medienstars zu erkennen, wenn sie im Salzburgerland urlauben. Kr\u00e4utertee oder Zirbenschnaps? Ich bin Antialkoholikerin und steh dazu. Ist als Societyfotografin wahrscheinlich die einzige M\u00f6glichkeit zu \u00fcberleben. Golfplatz oder Klettergarten? Klettergarten nat\u00fcrlich. Ich brauch Action. Funsport ist meine Devise! Am besten t\u00e4glich was Neues. Der Herausforderung Golf stelle ich mich sp\u00e4ter. Viel sp\u00e4ter. Dirndl oder Bustierkleid? Jetzt reicht\u00b4s aber. Wie wenn man sich so einfach entscheiden k\u00f6nnte! Mit drei \u00fcbervollen Kleiderschr\u00e4nken und der Ambition sich t\u00e4glich modisch neu zu erfinden, lassen sich diese Fragen nicht beantworten. Das ist anlass- und stimmungsbezogen unterschiedlich. Und \u00fcberhaupt: Auf Kleider steh ich nicht so. Also im Zweifelsfall: Lederhose mit Sneakers. Ausstellung oder Bergpanorama? Das seh ich ganz pragmatisch. Ich komme dort hin, wo mich meine Auftr\u00e4ge hinf\u00fchren. Das ist heute die Vernissage und morgen der Berggipfel. Genau das macht meinen Beruf so spannend und t\u00e4glich anders. Ich will alles.\",\"url\":\"https:\\\/\\\/www.salzburgerland.com\\\/de\\\/magazin\\\/author\\\/doris-wild\\\/\"}]}<\/script>\n<!-- \/ Yoast SEO Premium plugin. -->","yoast_head_json":{"title":"Mozarthaus St. Gilgen - SalzburgerLand Magazin","description":"Nannerls dramatische Liebesgeschichte, ihre ungl\u00fcckliche Zeit als hochgebildete, zwangsverheiratete Frau des Adeligen Johann Baptiste von Berchtold von Sonnenburg in der Bauern- und Fischergemeinde am Wolfgangsee \u2013 der Film l\u00e4uft vor meinem geistigen Auge in einer Brillianz ab, die durch die Worte des Museumskustos geweckt wird.","robots":{"index":"index","follow":"follow","max-snippet":"max-snippet:-1","max-image-preview":"max-image-preview:large","max-video-preview":"max-video-preview:-1"},"canonical":"https:\/\/www.salzburgerland.com\/de\/magazin\/auf-nannerls-spuren-im-mozarthaus-st-gilgen\/","og_locale":"de_DE","og_type":"article","og_title":"Mozarthaus St. Gilgen","og_description":"Noch nie habe ich schneller und kompetenter und spannender soviel \u00fcber Salzburger Geschichte erfahren wie von Augustin Kloiber in St.Gilgen.&nbsp; Er erz\u00e4hlt die Geschichten so, dass Bilder entstehen. Man taucht ein in l\u00e4ngst vergangene Jahrhunderte.&nbsp;Eine Geschichte, die im Mozarthaus in St. Gilgen spielt, wo ehemals das Bezirksgericht untergebracht war. Wo alles begann Der Gro\u00dfvater Mozarts, [&hellip;]","og_url":"https:\/\/www.salzburgerland.com\/de\/magazin\/auf-nannerls-spuren-im-mozarthaus-st-gilgen\/","og_site_name":"SalzburgerLand Magazin","article_publisher":"https:\/\/www.facebook.com\/salzburgerland\/","article_published_time":"2019-05-21T07:00:00+00:00","article_modified_time":"2022-01-17T12:28:50+00:00","og_image":[{"width":3543,"height":2362,"url":"https:\/\/www.salzburgerland.com\/de\/magazin\/wp-content\/uploads\/2013\/06\/Mozarthaus006.jpg","type":"image\/jpeg"}],"author":"Doris Wild","twitter_card":"summary_large_image","twitter_creator":"@Salzburgerland","twitter_site":"@Salzburgerland","twitter_misc":{"Verfasst von":"Doris Wild","Gesch\u00e4tzte Lesezeit":"6\u00a0Minuten"},"schema":{"@context":"https:\/\/schema.org","@graph":[{"@type":"Article","@id":"https:\/\/www.salzburgerland.com\/de\/magazin\/auf-nannerls-spuren-im-mozarthaus-st-gilgen\/#article","isPartOf":{"@id":"https:\/\/www.salzburgerland.com\/de\/magazin\/auf-nannerls-spuren-im-mozarthaus-st-gilgen\/"},"author":{"name":"Doris Wild","@id":"https:\/\/www.salzburgerland.com\/de\/magazin\/#\/schema\/person\/3c02fe460374aa9e0ef912270ae0b92c"},"headline":"Mozarthaus St. Gilgen","datePublished":"2019-05-21T07:00:00+00:00","dateModified":"2022-01-17T12:28:50+00:00","mainEntityOfPage":{"@id":"https:\/\/www.salzburgerland.com\/de\/magazin\/auf-nannerls-spuren-im-mozarthaus-st-gilgen\/"},"wordCount":508,"commentCount":0,"publisher":{"@id":"https:\/\/www.salzburgerland.com\/de\/magazin\/#organization"},"image":{"@id":"https:\/\/www.salzburgerland.com\/de\/magazin\/auf-nannerls-spuren-im-mozarthaus-st-gilgen\/#primaryimage"},"thumbnailUrl":"https:\/\/www.salzburgerland.com\/de\/magazin\/wp-content\/uploads\/2013\/06\/Mozarthaus006-scaled.jpg","articleSection":["Sehensw\u00fcrdig"],"inLanguage":"de","potentialAction":[{"@type":"CommentAction","name":"Comment","target":["https:\/\/www.salzburgerland.com\/de\/magazin\/auf-nannerls-spuren-im-mozarthaus-st-gilgen\/#respond"]}]},{"@type":"WebPage","@id":"https:\/\/www.salzburgerland.com\/de\/magazin\/auf-nannerls-spuren-im-mozarthaus-st-gilgen\/","url":"https:\/\/www.salzburgerland.com\/de\/magazin\/auf-nannerls-spuren-im-mozarthaus-st-gilgen\/","name":"Mozarthaus St. Gilgen - SalzburgerLand Magazin","isPartOf":{"@id":"https:\/\/www.salzburgerland.com\/de\/magazin\/#website"},"primaryImageOfPage":{"@id":"https:\/\/www.salzburgerland.com\/de\/magazin\/auf-nannerls-spuren-im-mozarthaus-st-gilgen\/#primaryimage"},"image":{"@id":"https:\/\/www.salzburgerland.com\/de\/magazin\/auf-nannerls-spuren-im-mozarthaus-st-gilgen\/#primaryimage"},"thumbnailUrl":"https:\/\/www.salzburgerland.com\/de\/magazin\/wp-content\/uploads\/2013\/06\/Mozarthaus006-scaled.jpg","datePublished":"2019-05-21T07:00:00+00:00","dateModified":"2022-01-17T12:28:50+00:00","breadcrumb":{"@id":"https:\/\/www.salzburgerland.com\/de\/magazin\/auf-nannerls-spuren-im-mozarthaus-st-gilgen\/#breadcrumb"},"inLanguage":"de","potentialAction":[{"@type":"ReadAction","target":["https:\/\/www.salzburgerland.com\/de\/magazin\/auf-nannerls-spuren-im-mozarthaus-st-gilgen\/"]}]},{"@type":"ImageObject","inLanguage":"de","@id":"https:\/\/www.salzburgerland.com\/de\/magazin\/auf-nannerls-spuren-im-mozarthaus-st-gilgen\/#primaryimage","url":"https:\/\/www.salzburgerland.com\/de\/magazin\/wp-content\/uploads\/2013\/06\/Mozarthaus006-scaled.jpg","contentUrl":"https:\/\/www.salzburgerland.com\/de\/magazin\/wp-content\/uploads\/2013\/06\/Mozarthaus006-scaled.jpg","width":3543,"height":2362,"caption":"Mozart Kompositionen"},{"@type":"BreadcrumbList","@id":"https:\/\/www.salzburgerland.com\/de\/magazin\/auf-nannerls-spuren-im-mozarthaus-st-gilgen\/#breadcrumb","itemListElement":[{"@type":"ListItem","position":1,"name":"Startseite","item":"https:\/\/www.salzburgerland.com\/de\/magazin\/"},{"@type":"ListItem","position":2,"name":"Sehensw\u00fcrdig","item":"https:\/\/www.salzburgerland.com\/de\/magazin\/thema\/sehenswurdig\/"},{"@type":"ListItem","position":3,"name":"Mozarthaus St. Gilgen"}]},{"@type":"WebSite","@id":"https:\/\/www.salzburgerland.com\/de\/magazin\/#website","url":"https:\/\/www.salzburgerland.com\/de\/magazin\/","name":"SalzburgerLand Magazin","description":"Geschichten und Interessantes aus dem SalzburgerLand","publisher":{"@id":"https:\/\/www.salzburgerland.com\/de\/magazin\/#organization"},"potentialAction":[{"@type":"SearchAction","target":{"@type":"EntryPoint","urlTemplate":"https:\/\/www.salzburgerland.com\/de\/magazin\/?s={search_term_string}"},"query-input":{"@type":"PropertyValueSpecification","valueRequired":true,"valueName":"search_term_string"}}],"inLanguage":"de"},{"@type":"Organization","@id":"https:\/\/www.salzburgerland.com\/de\/magazin\/#organization","name":"SalzburgerLand Tourismus","url":"https:\/\/www.salzburgerland.com\/de\/magazin\/","logo":{"@type":"ImageObject","inLanguage":"de","@id":"https:\/\/www.salzburgerland.com\/de\/magazin\/#\/schema\/logo\/image\/","url":"https:\/\/www.salzburgerland.com\/de\/magazin\/wp-content\/uploads\/2019\/06\/salzburgerland-logo1.jpg","contentUrl":"https:\/\/www.salzburgerland.com\/de\/magazin\/wp-content\/uploads\/2019\/06\/salzburgerland-logo1.jpg","width":2011,"height":866,"caption":"SalzburgerLand Tourismus"},"image":{"@id":"https:\/\/www.salzburgerland.com\/de\/magazin\/#\/schema\/logo\/image\/"},"sameAs":["https:\/\/www.facebook.com\/salzburgerland\/","https:\/\/x.com\/Salzburgerland","https:\/\/www.instagram.com\/salzburgerland\/","https:\/\/at.linkedin.com\/company\/salzburgerland-tourismus-gmbh","https:\/\/www.pinterest.at\/salzburgerland\/","https:\/\/www.youtube.com\/user\/salzburgerland","https:\/\/de.wikipedia.org\/wiki\/SalzburgerLand_Tourismus_GmbH"]},{"@type":"Person","@id":"https:\/\/www.salzburgerland.com\/de\/magazin\/#\/schema\/person\/3c02fe460374aa9e0ef912270ae0b92c","name":"Doris Wild","description":"Doris Wild ist Eventfotografin und Societyjournalistin und hat jetzt mit ihrer Agentur auch den Videojournalismus als zus\u00e4tzliches Standbein entdeckt. Nach 20 Jahren tagesaktueller Berichterstattung sind Blicke hinter die Kulissen der Event-Society und Modewelt die logische Konsequenz. Fragen mit Antworten von Doris Wild Morgen- oder Abendmensch? Vor 8.00 fr\u00fch holt mich nicht einmal der tollste Sonnenaufgang aus den Federn. Dass Fotografen die Morgensonne nutzen sollten \u2013 mag sein. Events finden selten im weichen Morgenlicht statt. Und zur blauen Stunde mache ich die besten Bilder. Weltliteratur oder Tratsch &amp; Klatsch? Man kann das kombinieren. Im Urlaub mal den dicken Schm\u00f6ker, in den Kaffeepausen die Regenbogenzeitschriften. Man muss schlie\u00dflich am Laufenden bleiben, um die Prinzessinnen und Medienstars zu erkennen, wenn sie im Salzburgerland urlauben. Kr\u00e4utertee oder Zirbenschnaps? Ich bin Antialkoholikerin und steh dazu. Ist als Societyfotografin wahrscheinlich die einzige M\u00f6glichkeit zu \u00fcberleben. Golfplatz oder Klettergarten? Klettergarten nat\u00fcrlich. Ich brauch Action. Funsport ist meine Devise! Am besten t\u00e4glich was Neues. Der Herausforderung Golf stelle ich mich sp\u00e4ter. Viel sp\u00e4ter. Dirndl oder Bustierkleid? Jetzt reicht\u00b4s aber. Wie wenn man sich so einfach entscheiden k\u00f6nnte! Mit drei \u00fcbervollen Kleiderschr\u00e4nken und der Ambition sich t\u00e4glich modisch neu zu erfinden, lassen sich diese Fragen nicht beantworten. Das ist anlass- und stimmungsbezogen unterschiedlich. Und \u00fcberhaupt: Auf Kleider steh ich nicht so. Also im Zweifelsfall: Lederhose mit Sneakers. Ausstellung oder Bergpanorama? Das seh ich ganz pragmatisch. Ich komme dort hin, wo mich meine Auftr\u00e4ge hinf\u00fchren. Das ist heute die Vernissage und morgen der Berggipfel. Genau das macht meinen Beruf so spannend und t\u00e4glich anders. Ich will alles.","url":"https:\/\/www.salzburgerland.com\/de\/magazin\/author\/doris-wild\/"}]}},"_wl_alt_label":[],"wl:entity_url":"http:\/\/open.salzburgerland.com\/magazin\/post\/auf_nannerls_spuren_im_mozarthaus_st-_gilgen","_links":{"self":[{"href":"https:\/\/www.salzburgerland.com\/de\/magazin\/wp-json\/wp\/v2\/posts\/36873","targetHints":{"allow":["GET"]}}],"collection":[{"href":"https:\/\/www.salzburgerland.com\/de\/magazin\/wp-json\/wp\/v2\/posts"}],"about":[{"href":"https:\/\/www.salzburgerland.com\/de\/magazin\/wp-json\/wp\/v2\/types\/post"}],"author":[{"embeddable":true,"href":"https:\/\/www.salzburgerland.com\/de\/magazin\/wp-json\/wp\/v2\/users\/70"}],"replies":[{"embeddable":true,"href":"https:\/\/www.salzburgerland.com\/de\/magazin\/wp-json\/wp\/v2\/comments?post=36873"}],"version-history":[{"count":4,"href":"https:\/\/www.salzburgerland.com\/de\/magazin\/wp-json\/wp\/v2\/posts\/36873\/revisions"}],"predecessor-version":[{"id":159871,"href":"https:\/\/www.salzburgerland.com\/de\/magazin\/wp-json\/wp\/v2\/posts\/36873\/revisions\/159871"}],"wp:featuredmedia":[{"embeddable":true,"href":"https:\/\/www.salzburgerland.com\/de\/magazin\/wp-json\/wp\/v2\/media\/36896"}],"wp:attachment":[{"href":"https:\/\/www.salzburgerland.com\/de\/magazin\/wp-json\/wp\/v2\/media?parent=36873"}],"wp:term":[{"taxonomy":"category","embeddable":true,"href":"https:\/\/www.salzburgerland.com\/de\/magazin\/wp-json\/wp\/v2\/categories?post=36873"},{"taxonomy":"post_tag","embeddable":true,"href":"https:\/\/www.salzburgerland.com\/de\/magazin\/wp-json\/wp\/v2\/tags?post=36873"},{"taxonomy":"wl_entity_type","embeddable":true,"href":"https:\/\/www.salzburgerland.com\/de\/magazin\/wp-json\/wp\/v2\/wl_entity_type?post=36873"},{"taxonomy":"monatsauswahl","embeddable":true,"href":"https:\/\/www.salzburgerland.com\/de\/magazin\/wp-json\/wp\/v2\/monatsauswahl?post=36873"}],"curies":[{"name":"wp","href":"https:\/\/api.w.org\/{rel}","templated":true}]}}