{"id":36668,"date":"2019-04-18T07:00:24","date_gmt":"2019-04-18T05:00:24","guid":{"rendered":"http:\/\/magazin.salzburgerland.com\/?p=36668"},"modified":"2025-04-07T16:04:50","modified_gmt":"2025-04-07T14:04:50","slug":"hochseilparks-im-salzburgerland-fur-adrenalinkicks-im-wald","status":"publish","type":"post","link":"https:\/\/www.salzburgerland.com\/de\/magazin\/hochseilparks-im-salzburgerland-fur-adrenalinkicks-im-wald\/","title":{"rendered":"Hochseilparks im SalzburgerLand"},"content":{"rendered":"\n<h2 class=\"wp-block-slt-subtitle\">F\u00fcr Adrenalinkicks im Wald<\/h2>\n\n\n\n<p class=\"wp-block-slt-intro\">Ob Angsthase oder Adrenalinjunkie \u2013 das SalzburgerLand bietet f\u00fcr beide Typen die perfekten Hochseilparks um seine Angst zu \u00fcberwinden und Grenzen auszutesten. Nervenkitzel und Gl\u00fccksgef\u00fchle \u2013 das Erlebnis Hochseilgarten und Kletterpark.&nbsp;<\/p>\n\n\n\n<p>In schwindelerregender H\u00f6he f\u00e4ngt das Herz schon mal an zu rasen. Die \u00dcberwindung, den ersten Schritt zu setzen, kostet viel Mut und Selbstvertrauen. Umso gr\u00f6\u00dfer ist dann der Stolz, wenn man am Ende einen letzten Blick zur\u00fcckwirft und das Gef\u00fchl hat, eine der gr\u00f6\u00dften Kr\u00e4fte unseres Planeten \u00fcberwunden zu haben \u2013 die Schwerkraft.<\/p>\n\n\n\n<h2 class=\"wp-block-heading\" id=\"h-hochseilpark-seeham\">Hochseilpark Seeham<\/h2>\n\n\n\n<p>Mitten im sagenumwobenen <a title=\"Teufelsgraben Seeham\" href=\"http:\/\/www.teufelsgraben.at\/\" target=\"_blank\" rel=\"noopener noreferrer\">Teufelsgraben<\/a>, erstrecken sich verschiedene Stationen zwischen den Baumgruppen des Waldes. Auf H\u00f6hen von 2 bis 35 Metern, gilt es seine Grenzen auszutesten. Auf h\u00f6heren Plattformen punktet der <a title=\"Hochseilpark Seeham\" href=\"http:\/\/hochseilpark.bauboeck.com\/\" target=\"_blank\" rel=\"noopener noreferrer\">Hochseilpark Seeham<\/a> vor allem mit seinem Panoramablick \u00fcber die Trumer Seen.&nbsp;Sieben Parcours auf f\u00fcnf Ebenen bieten verschiedene Herausforderungen.&nbsp;Zwei Seilrutschen erm\u00f6glichen die Erf\u00fcllung eines lang gehegten Traumes des Menschheit \u2013 das Fliegen.<br>Im Giant Swing wird das Team und sein Zusammenhalt auf die Probe gestellt.&nbsp;Den ultimativen Adrenalinkick bekommt man beim Bungee Swing. Dabei kann kopf\u00fcber 40 Meter \u00fcber den Teufelsgraben &#8222;geschaukelt&#8220; werden.<br>Fahrradfahren, Rodeln, Skifahren und am Trapez schwingen. Das hat jeder schon mal gemacht. Im Hochseilpark Seeham kann man all diese herk\u00f6mmlichen Sportger\u00e4te in schwindelerregender H\u00f6he testen.<\/p>\n\n\n\n<h2 class=\"wp-block-heading\" id=\"h-hochseilpark-saalbach\">Hochseilpark Saalbach<\/h2>\n\n\n\n<p>Der <a title=\"Hochseilpark Saalbach\" href=\"http:\/\/www.hochseilpark.at\/\" target=\"_blank\" rel=\"noopener noreferrer\">Hochseilpark Saalbach<\/a> hat mit 5 Kilometern Gesamtl\u00e4nge zurecht den Titel &#8222;Gr\u00f6\u00dfter Hochseilpark \u00d6sterreichs&#8220; verdient.&nbsp;Im Herzen des Talschlusses von <a title=\"Tourismusverband Saalbach Hinterglemm\" href=\"http:\/\/www.saalbach.com\/\" target=\"_blank\" rel=\"noopener noreferrer\">Saalbach Hinterglemm<\/a> kann jeder Teilnehmer selbstst\u00e4ndig und nach Lust und eigener Geschwindigkeit den Hochseilpark erforschen. Die beeindruckende Bergkulisse l\u00e4sst sogar Adrenalinjunkies einen Moment lang staunen und die Natur sp\u00fcren. Wer noch mehr Action sucht, kann auf der 700 Meter langen Seilrutsche \u00fcber das Glemmtal fliegen.<\/p>\n\n\n\n<h2 class=\"wp-block-heading\" id=\"h-hochseilpark-altenmarkt\">Hochseilpark Altenmarkt<\/h2>\n\n\n\n<p>Im <a href=\"https:\/\/www.erlebniswald-altenmarkt.at\/wald-seilgarten\" target=\"_blank\" rel=\"noreferrer noopener\">Erlebniswald Altenmarkt<\/a> bieten wir euch drei Kletter-Parcours ab einem Meter H\u00f6he, um den Wald aus einer anderen Perspektive kennen zu lernen. Ideal f\u00fcr die, die sich herantasten wollen! \u00a0Im h\u00f6chsten Parcours ist das Highlight die eindrucksvolle Br\u00fcckenquerung des Zauch-Bachs, um am Ende \u00fcber eine lange Seilrutsche den Bach ein weiteres Mal zu \u00fcberwinden.\u00a0<\/p>\n\n\n\n<h2 class=\"wp-block-heading\" id=\"h-kletterpark-waldbad-anif\">Kletterpark Waldbad Anif<\/h2>\n\n\n\n<p>M\u00f6nchsberg, Schlenken, Watzmann und viele mehr \u2013 die Stationen vermitteln alleine durch ihre Namensgeber, die Hausberge Salzburgs, ein H\u00f6henerlebnis. In 6 Kletterparcours und \u00fcber 110 Stationen schwingt man von Baum zu Baum wie Tarzan oder klettert wie Spiderman \u00fcber Netze. Das Superheldenfeeling kommt im&nbsp;<a title=\"Kletterpark Waldbad Anif\" href=\"http:\/\/www.kletterparkwaldbadanif.at\/\" target=\"_blank\" rel=\"noopener noreferrer\">Kletterpark Anif<\/a> schnell auf.&nbsp;Wer eine Abk\u00fchlung nach dem Kletterparcour sucht, muss nicht weit gehen. Das <a title=\"Waldbad Anif\" href=\"http:\/\/www.waldbadanif.at\/\" target=\"_blank\" rel=\"noopener noreferrer\">Waldbad<\/a> ist in unmittelbarer N\u00e4he und wird bei der Seilrutsche Teil des Adrenalinkicks.<\/p>\n\n\n\n<h2 class=\"wp-block-heading\" id=\"h-hochseilgarten-alpincenter-flachau\">Hochseilgarten Alpincenter Flachau<\/h2>\n\n\n\n<p>Im Winter weltbekannt als &#8222;DAS&#8220; Schigebiet \u00d6sterreichs, hat <a title=\"Flachau\" href=\"http:\/\/www.flachau.at\/\" target=\"_blank\" rel=\"noopener noreferrer\">Flachau<\/a> aber auch bei h\u00f6heren Temperaturen etwas zu bieten. Auf der 150 Meter langen Seilrutsche den Winkler Badesee \u00fcberqueren, auf einer Podesth\u00f6he von 9 Metern 20 verschiedene \u00dcbungen \u00fcberwinden und nach der actionreichen Hochseiltour, gem\u00fctlich einkehren im <a title=\"Restaurant Seest\u00fcberl\" href=\"http:\/\/www.hinterrohr.at\" target=\"_blank\" rel=\"noopener noreferrer\">Restaurant Seest\u00fcberl<\/a>.&nbsp;Neben dem klassischen <span id=\"urn:text-annotation-c38483a6-73fe-4f3d-9798-ca80c61503d6\" class=\"textannotation disambiguated wl-other\" itemid=\"http:\/\/open.salzburgerland.com\/de\/entity\/seilgarten\"><a href=\"https:\/\/www.flachau.com\/de\/sport\/outdoor-sommer\/klettern-hochseilgarten.html\" target=\"_blank\" rel=\"noreferrer noopener\">Hochseilgarten<\/a><\/span> wird hier auch besonders Teambuilding gef\u00f6rdert. Beim Pamper Pole, dem Giant Swing oder am Teamtower, wird das Vertrauen in die sichernden Teamkollegen auf die Probe gestellt.<\/p>\n\n\n\n<h2 class=\"wp-block-heading\" id=\"h-almseilgarten-obertauern\">Almseilgarten Obertauern<\/h2>\n\n\n\n<p>Wenn man von der Gr\u00fcnwaldkopfbahn entlang des Wanderwegs unterwegs isst, kommt man nach gut 30 Minuten unweigerlich am <a href=\"https:\/\/www.obertauern.com\/sommerurlaub-oesterreich\/almseilgarten.html\" target=\"_blank\" rel=\"noopener noreferrer\">Almseilgarten Obertauern<\/a> vorbei. Von der Gnadenalm aus ist man etwas l\u00e4nger, n\u00e4mlich gut 50 Minuten unterwegs. Wer sich die Kraft lieber nur f\u00fcrs Klettern aufspart, kann auch mit dem Auto direkt zum Almseilgarten fahren. Die Kletteranlage selber liegt direkt entlang des Wanderweges zwischen Felseralm und Johanneswasserfall in einem traumhaften L\u00e4rchenwald.<\/p>\n\n\n\n<h2 class=\"wp-block-heading\" id=\"h-klettererlebnis-in-der-region-hochkonig\">Klettererlebnis in der Region Hochk\u00f6nig<\/h2>\n\n\n\n<p>Im <a rel=\"noopener noreferrer\" href=\"https:\/\/alpinskischule.at\/alpinpark-dienten.html\" target=\"_blank\">Alpinpark Dienten<\/a> k\u00f6nnen sich Gro\u00df und Klein auf sechs spannenden und abwechslungsreichen Stationen &#8211; vom Klettern auf der Steimauer, am Naturfels oder im Hochk\u00f6nigparcour -im Kraxeln \u00fcben. Auch ein Flying Fox ist mit dabei.<br>Im <a rel=\"noopener noreferrer\" href=\"http:\/\/www.waldseilgarten-natrun.at\/\" target=\"_blank\">Waldseilgarten am Prinzenberg Natrun<\/a> schwingt man sich in bis zu 14 Metern H\u00f6he von Baumkrone zu Baumkrone. Parcours in verschiedenen Schwierigkeitsgraden bieten jedem die richtige Herausforderung. Im Prinzenwald gleich nebenan k\u00f6nnen die Kleinen die \u00dcbungen der Gro\u00dfen in kindgerechter H\u00f6he nachmachen. <\/p>\n\n\n\n<h2 class=\"wp-block-heading\" id=\"h-waldkletterweg-faistenau\">Waldkletterweg Faistenau<\/h2>\n\n\n\n<p>Wer nicht ganz so hoch hinaus will, f\u00fcr den ist der <a href=\"http:\/\/www.waldkletterweg.at\/\" target=\"_blank\" rel=\"noopener noreferrer\">Waldkletterweg in Faistenau<\/a> ideal.&nbsp;Ausger\u00fcstet mit gutem Schuhwerk, bequemer Kleidung und Helm kann das Kletterabenteuer beginnen. Im Unterschied zu einem Hochseilgarten ist ein Klettergurt hier nicht notwendig. Alle Stationen befinden sich knapp \u00fcber dem Waldboden, sodass man auch jederzeit problem- und gefahrlos aussteigen kann.<\/p>\n\n\n\n<h2 class=\"wp-block-heading\" id=\"h-indoor-hochseilpark-zell-am-see\">Indoor Hochseilpark Zell am See<\/h2>\n\n\n\n<p>Hochseilklettern im Winter oder bei Regen? Kein Problem. Der Indoor <a title=\"Hochseilpark Indoor Zell am See\" href=\"http:\/\/www.hochseilpark.at\/\" target=\"_blank\" rel=\"noopener noreferrer\">Hochseilpark in Zell am See<\/a> macht es m\u00f6glich. Auf einer Dachkonstruktion in 5 Metern H\u00f6he werden in der Halle 50 Stationen \u00fcberquert. Der Adrenalinkick ist garantiert, auch wenn die Erlebniswelt Wald aus bleibt.<\/p>\n\n\n\n<p>Safety First! Das haben alle Hochseilparks gemeinsam. Nach einer anf\u00e4nglichen Schulung mit einem geschulten Coach geht&#8217;s in die Parcours. Ein Coach kl\u00e4rt Fragen und leistet Hilfestellung vor Ort, gibt aber trotzdem genug Freiraum, die Hochseilparcours selbst zu erkunden und zu ertasten.&nbsp;Die gepr\u00fcften Spezialausr\u00fcstungen garantieren ein unbeschwertes Vergn\u00fcgen beim Erkunden.<\/p>\n\n\n<div class=\"mag-gallery\"><div class=\"row\"><div class=\"col-6 col-sm-4\"><figure><a class=\"thumb-container\" href=\"https:\/\/www.salzburgerland.com\/de\/magazin\/wp-content\/uploads\/2013\/06\/d12c7006-1280x1024.jpg\">\t<picture><source media=\"(min-width: 576px)\" srcset=\"\"><\/source><source media=\"(min-width: 0)\" srcset=\"https:\/\/www.salzburgerland.com\/de\/magazin\/wp-content\/uploads\/2013\/06\/d12c7006.jpg 567w, https:\/\/www.salzburgerland.com\/de\/magazin\/wp-content\/uploads\/2013\/06\/d12c7006-200x300.jpg 200w, https:\/\/www.salzburgerland.com\/de\/magazin\/wp-content\/uploads\/2013\/06\/d12c7006-367x550.jpg 367w, https:\/\/www.salzburgerland.com\/de\/magazin\/wp-content\/uploads\/2013\/06\/d12c7006-267x400.jpg 267w\"><\/source><img decoding=\"async\" alt=\"Eine Person in Sicherheitsausr&uuml;stung klettert an einem Seil in einem Waldabenteuerpark in der N&auml;he einer Holzplattform in den B&auml;umen.\" src=\"https:\/\/www.salzburgerland.com\/de\/magazin\/wp-content\/uploads\/2013\/06\/d12c7006.jpg\">\t<\/picture><\/a><\/figure><\/div><div class=\"col-6 col-sm-4\"><figure><a class=\"thumb-container\" href=\"https:\/\/www.salzburgerland.com\/de\/magazin\/wp-content\/uploads\/2013\/06\/d12c7013-1280x1024.jpg\">\t<picture><source media=\"(min-width: 576px)\" srcset=\"https:\/\/www.salzburgerland.com\/de\/magazin\/wp-content\/uploads\/2013\/06\/d12c7013-325x209.jpg 325w, https:\/\/www.salzburgerland.com\/de\/magazin\/wp-content\/uploads\/2013\/06\/d12c7013-249x160.jpg 249w\"><\/source><source media=\"(min-width: 0)\" srcset=\"https:\/\/www.salzburgerland.com\/de\/magazin\/wp-content\/uploads\/2013\/06\/d12c7013-249x160.jpg 249w, https:\/\/www.salzburgerland.com\/de\/magazin\/wp-content\/uploads\/2013\/06\/d12c7013-325x209.jpg 325w\"><\/source><img decoding=\"async\" alt=\"Zwei Personen mit Helmen &uuml;berqueren eine H&auml;ngebr&uuml;cke in einem Wald, wobei sie zur Sicherheit Gurte benutzen.\" src=\"https:\/\/www.salzburgerland.com\/de\/magazin\/wp-content\/uploads\/2013\/06\/d12c7013.jpg\">\t<\/picture><\/a><\/figure><\/div><div class=\"col-6 col-sm-4\"><figure><a class=\"thumb-container\" href=\"https:\/\/www.salzburgerland.com\/de\/magazin\/wp-content\/uploads\/2013\/06\/d12c7022-1280x1024.jpg\">\t<picture><source media=\"(min-width: 576px)\" srcset=\"\"><\/source><source media=\"(min-width: 0)\" srcset=\"https:\/\/www.salzburgerland.com\/de\/magazin\/wp-content\/uploads\/2013\/06\/d12c7022.jpg 567w, https:\/\/www.salzburgerland.com\/de\/magazin\/wp-content\/uploads\/2013\/06\/d12c7022-200x300.jpg 200w, https:\/\/www.salzburgerland.com\/de\/magazin\/wp-content\/uploads\/2013\/06\/d12c7022-367x550.jpg 367w, https:\/\/www.salzburgerland.com\/de\/magazin\/wp-content\/uploads\/2013\/06\/d12c7022-267x400.jpg 267w\"><\/source><img decoding=\"async\" alt=\"Zwei Personen mit Klettergurten klettern in einem Hochseilgarten im Wald, wobei die eine der anderen zu Hilfe kommt.\" src=\"https:\/\/www.salzburgerland.com\/de\/magazin\/wp-content\/uploads\/2013\/06\/d12c7022.jpg\">\t<\/picture><\/a><\/figure><\/div><div class=\"col-6 col-sm-4\"><figure><a class=\"thumb-container\" href=\"https:\/\/www.salzburgerland.com\/de\/magazin\/wp-content\/uploads\/2013\/06\/d12c7026-1280x1024.jpg\">\t<picture><source media=\"(min-width: 576px)\" srcset=\"https:\/\/www.salzburgerland.com\/de\/magazin\/wp-content\/uploads\/2013\/06\/d12c7026-325x209.jpg 325w, https:\/\/www.salzburgerland.com\/de\/magazin\/wp-content\/uploads\/2013\/06\/d12c7026-249x160.jpg 249w\"><\/source><source media=\"(min-width: 0)\" srcset=\"https:\/\/www.salzburgerland.com\/de\/magazin\/wp-content\/uploads\/2013\/06\/d12c7026-249x160.jpg 249w, https:\/\/www.salzburgerland.com\/de\/magazin\/wp-content\/uploads\/2013\/06\/d12c7026-325x209.jpg 325w\"><\/source><img decoding=\"async\" alt=\"Personen, die Helme und Klettergurte tragen, navigieren in einem Hochseilgarten in einem bewaldeten Outdoor-Abenteuerpark.\" src=\"https:\/\/www.salzburgerland.com\/de\/magazin\/wp-content\/uploads\/2013\/06\/d12c7026.jpg\">\t<\/picture><\/a><\/figure><\/div><div class=\"col-6 col-sm-4\"><figure><a class=\"thumb-container\" href=\"https:\/\/www.salzburgerland.com\/de\/magazin\/wp-content\/uploads\/2013\/06\/d12c7036-1280x1024.jpg\">\t<picture><source media=\"(min-width: 576px)\" srcset=\"https:\/\/www.salzburgerland.com\/de\/magazin\/wp-content\/uploads\/2013\/06\/d12c7036-325x209.jpg 325w, https:\/\/www.salzburgerland.com\/de\/magazin\/wp-content\/uploads\/2013\/06\/d12c7036-249x160.jpg 249w\"><\/source><source media=\"(min-width: 0)\" srcset=\"https:\/\/www.salzburgerland.com\/de\/magazin\/wp-content\/uploads\/2013\/06\/d12c7036-249x160.jpg 249w, https:\/\/www.salzburgerland.com\/de\/magazin\/wp-content\/uploads\/2013\/06\/d12c7036-325x209.jpg 325w\"><\/source><img decoding=\"async\" alt=\"Eine Person, die einen Helm tr&auml;gt, klettert auf einer Seilbr&uuml;cke in einem Waldabenteuerpark und l&auml;chelt in die Kamera.\" src=\"https:\/\/www.salzburgerland.com\/de\/magazin\/wp-content\/uploads\/2013\/06\/d12c7036.jpg\">\t<\/picture><\/a><\/figure><\/div><div class=\"col-6 col-sm-4\"><figure><a class=\"thumb-container\" href=\"https:\/\/www.salzburgerland.com\/de\/magazin\/wp-content\/uploads\/2013\/06\/d12c7045-1280x1024.jpg\">\t<picture><source media=\"(min-width: 576px)\" srcset=\"\"><\/source><source media=\"(min-width: 0)\" srcset=\"https:\/\/www.salzburgerland.com\/de\/magazin\/wp-content\/uploads\/2013\/06\/d12c7045.jpg 567w, https:\/\/www.salzburgerland.com\/de\/magazin\/wp-content\/uploads\/2013\/06\/d12c7045-200x300.jpg 200w, https:\/\/www.salzburgerland.com\/de\/magazin\/wp-content\/uploads\/2013\/06\/d12c7045-367x550.jpg 367w, https:\/\/www.salzburgerland.com\/de\/magazin\/wp-content\/uploads\/2013\/06\/d12c7045-267x400.jpg 267w\"><\/source><img decoding=\"async\" alt=\"Zwei Personen mit Helmen und Klettergurten begehen einen Seilgarten in einem bewaldeten Au&szlig;enbereich.\" src=\"https:\/\/www.salzburgerland.com\/de\/magazin\/wp-content\/uploads\/2013\/06\/d12c7045.jpg\">\t<\/picture><\/a><\/figure><\/div><div class=\"col-6 col-sm-4\"><figure><a class=\"thumb-container\" href=\"https:\/\/www.salzburgerland.com\/de\/magazin\/wp-content\/uploads\/2013\/06\/d12c7055-1280x1024.jpg\">\t<picture><source media=\"(min-width: 576px)\" srcset=\"https:\/\/www.salzburgerland.com\/de\/magazin\/wp-content\/uploads\/2013\/06\/d12c7055-325x209.jpg 325w, https:\/\/www.salzburgerland.com\/de\/magazin\/wp-content\/uploads\/2013\/06\/d12c7055-249x160.jpg 249w\"><\/source><source media=\"(min-width: 0)\" srcset=\"https:\/\/www.salzburgerland.com\/de\/magazin\/wp-content\/uploads\/2013\/06\/d12c7055-249x160.jpg 249w, https:\/\/www.salzburgerland.com\/de\/magazin\/wp-content\/uploads\/2013\/06\/d12c7055-325x209.jpg 325w\"><\/source><img decoding=\"async\" alt=\"Eine Person, die mit einem Seil durch einen Wald gleitet, mit unscharfen B&auml;umen, die Bewegung und Geschwindigkeit zeigen.\" src=\"https:\/\/www.salzburgerland.com\/de\/magazin\/wp-content\/uploads\/2013\/06\/d12c7055.jpg\">\t<\/picture><\/a><\/figure><\/div><div class=\"col-6 col-sm-4\"><figure><a class=\"thumb-container\" href=\"https:\/\/www.salzburgerland.com\/de\/magazin\/wp-content\/uploads\/2013\/06\/d28d7016-1280x1024.jpg\">\t<picture><source media=\"(min-width: 576px)\" srcset=\"https:\/\/www.salzburgerland.com\/de\/magazin\/wp-content\/uploads\/2013\/06\/d28d7016-325x209.jpg 325w, https:\/\/www.salzburgerland.com\/de\/magazin\/wp-content\/uploads\/2013\/06\/d28d7016-249x160.jpg 249w\"><\/source><source media=\"(min-width: 0)\" srcset=\"https:\/\/www.salzburgerland.com\/de\/magazin\/wp-content\/uploads\/2013\/06\/d28d7016-249x160.jpg 249w, https:\/\/www.salzburgerland.com\/de\/magazin\/wp-content\/uploads\/2013\/06\/d28d7016-325x209.jpg 325w\"><\/source><img decoding=\"async\" alt=\"Person in einem Bienenkost&uuml;m, die mit einem Arm &uuml;ber das Wasser gleitet und eine Sonnenbrille tr&auml;gt.\" src=\"https:\/\/www.salzburgerland.com\/de\/magazin\/wp-content\/uploads\/2013\/06\/d28d7016.jpg\">\t<\/picture><\/a><\/figure><\/div><div class=\"col-6 col-sm-4\"><figure><a class=\"thumb-container\" href=\"https:\/\/www.salzburgerland.com\/de\/magazin\/wp-content\/uploads\/2013\/06\/d28d7019-1280x1024.jpg\">\t<picture><source media=\"(min-width: 576px)\" srcset=\"https:\/\/www.salzburgerland.com\/de\/magazin\/wp-content\/uploads\/2013\/06\/d28d7019-325x209.jpg 325w, https:\/\/www.salzburgerland.com\/de\/magazin\/wp-content\/uploads\/2013\/06\/d28d7019-249x160.jpg 249w\"><\/source><source media=\"(min-width: 0)\" srcset=\"https:\/\/www.salzburgerland.com\/de\/magazin\/wp-content\/uploads\/2013\/06\/d28d7019-249x160.jpg 249w, https:\/\/www.salzburgerland.com\/de\/magazin\/wp-content\/uploads\/2013\/06\/d28d7019-325x209.jpg 325w\"><\/source><img decoding=\"async\" alt=\"Eine Person in Business-Kleidung und mit rotem Helm f&auml;hrt auf einer Seilrutsche &uuml;ber ein Gew&auml;sser.\" src=\"https:\/\/www.salzburgerland.com\/de\/magazin\/wp-content\/uploads\/2013\/06\/d28d7019.jpg\">\t<\/picture><\/a><\/figure><\/div><div class=\"col-6 col-sm-4\"><figure><a class=\"thumb-container\" href=\"https:\/\/www.salzburgerland.com\/de\/magazin\/wp-content\/uploads\/2013\/06\/s01fXIII0005-1280x1024.jpg\">\t<picture><source media=\"(min-width: 576px)\" srcset=\"https:\/\/www.salzburgerland.com\/de\/magazin\/wp-content\/uploads\/2013\/06\/s01fXIII0005-325x209.jpg 325w, https:\/\/www.salzburgerland.com\/de\/magazin\/wp-content\/uploads\/2013\/06\/s01fXIII0005-249x160.jpg 249w\"><\/source><source media=\"(min-width: 0)\" srcset=\"https:\/\/www.salzburgerland.com\/de\/magazin\/wp-content\/uploads\/2013\/06\/s01fXIII0005-249x160.jpg 249w, https:\/\/www.salzburgerland.com\/de\/magazin\/wp-content\/uploads\/2013\/06\/s01fXIII0005-325x209.jpg 325w\"><\/source><img decoding=\"async\" alt=\"Eine Gruppe, die Helme und Klettergurte tr&auml;gt, h&ouml;rt einem Ausbilder in einem Outdoor-Seilgarten zu.\" src=\"https:\/\/www.salzburgerland.com\/de\/magazin\/wp-content\/uploads\/2013\/06\/s01fXIII0005.jpg\">\t<\/picture><\/a><\/figure><\/div><div class=\"col-6 col-sm-4\"><figure><a class=\"thumb-container\" href=\"https:\/\/www.salzburgerland.com\/de\/magazin\/wp-content\/uploads\/2013\/06\/s01fXIII0006-1280x1024.jpg\">\t<picture><source media=\"(min-width: 576px)\" srcset=\"https:\/\/www.salzburgerland.com\/de\/magazin\/wp-content\/uploads\/2013\/06\/s01fXIII0006-325x209.jpg 325w, https:\/\/www.salzburgerland.com\/de\/magazin\/wp-content\/uploads\/2013\/06\/s01fXIII0006-249x160.jpg 249w\"><\/source><source media=\"(min-width: 0)\" srcset=\"https:\/\/www.salzburgerland.com\/de\/magazin\/wp-content\/uploads\/2013\/06\/s01fXIII0006-249x160.jpg 249w, https:\/\/www.salzburgerland.com\/de\/magazin\/wp-content\/uploads\/2013\/06\/s01fXIII0006-325x209.jpg 325w\"><\/source><img decoding=\"async\" alt=\"Eine lange h&ouml;lzerne H&auml;ngebr&uuml;cke f&uuml;hrt in einen &uuml;ppigen, gr&uuml;nen Wald oberhalb eines kleinen Holzgeb&auml;udes.\" src=\"https:\/\/www.salzburgerland.com\/de\/magazin\/wp-content\/uploads\/2013\/06\/s01fXIII0006.jpg\">\t<\/picture><\/a><\/figure><\/div><div class=\"col-6 col-sm-4\"><figure><a class=\"thumb-container\" href=\"https:\/\/www.salzburgerland.com\/de\/magazin\/wp-content\/uploads\/2013\/06\/s01fXIII0008-1280x1024.jpg\">\t<picture><source media=\"(min-width: 576px)\" srcset=\"\"><\/source><source media=\"(min-width: 0)\" srcset=\"https:\/\/www.salzburgerland.com\/de\/magazin\/wp-content\/uploads\/2013\/06\/s01fXIII0008.jpg 567w, https:\/\/www.salzburgerland.com\/de\/magazin\/wp-content\/uploads\/2013\/06\/s01fXIII0008-200x300.jpg 200w, https:\/\/www.salzburgerland.com\/de\/magazin\/wp-content\/uploads\/2013\/06\/s01fXIII0008-367x550.jpg 367w, https:\/\/www.salzburgerland.com\/de\/magazin\/wp-content\/uploads\/2013\/06\/s01fXIII0008-267x400.jpg 267w\"><\/source><img decoding=\"async\" alt=\"Person beim Ziplining in der N&auml;he von B&auml;umen und einem Holzgeb&auml;ude, w&auml;hrend eine andere Person auf einer Seilbr&uuml;cke im Vordergrund steht.\" src=\"https:\/\/www.salzburgerland.com\/de\/magazin\/wp-content\/uploads\/2013\/06\/s01fXIII0008.jpg\">\t<\/picture><\/a><\/figure><\/div><div class=\"col-6 col-sm-4\"><figure><a class=\"thumb-container\" href=\"https:\/\/www.salzburgerland.com\/de\/magazin\/wp-content\/uploads\/2013\/06\/s01fXIII0010-1280x1024.jpg\">\t<picture><source media=\"(min-width: 576px)\" srcset=\"\"><\/source><source media=\"(min-width: 0)\" srcset=\"https:\/\/www.salzburgerland.com\/de\/magazin\/wp-content\/uploads\/2013\/06\/s01fXIII0010.jpg 567w, https:\/\/www.salzburgerland.com\/de\/magazin\/wp-content\/uploads\/2013\/06\/s01fXIII0010-200x300.jpg 200w, https:\/\/www.salzburgerland.com\/de\/magazin\/wp-content\/uploads\/2013\/06\/s01fXIII0010-367x550.jpg 367w, https:\/\/www.salzburgerland.com\/de\/magazin\/wp-content\/uploads\/2013\/06\/s01fXIII0010-267x400.jpg 267w\"><\/source><img decoding=\"async\" alt=\"Zwei Personen stehen an einem sonnigen Tag auf einer schmalen H&auml;ngebr&uuml;cke &uuml;ber einer von B&auml;umen umgebenen Holzh&uuml;tte.\" src=\"https:\/\/www.salzburgerland.com\/de\/magazin\/wp-content\/uploads\/2013\/06\/s01fXIII0010.jpg\">\t<\/picture><\/a><\/figure><\/div><div class=\"col-6 col-sm-4\"><figure><a class=\"thumb-container\" href=\"https:\/\/www.salzburgerland.com\/de\/magazin\/wp-content\/uploads\/2013\/06\/s01fXIII0016-1280x1024.jpg\">\t<picture><source media=\"(min-width: 576px)\" srcset=\"\"><\/source><source media=\"(min-width: 0)\" srcset=\"https:\/\/www.salzburgerland.com\/de\/magazin\/wp-content\/uploads\/2013\/06\/s01fXIII0016.jpg 567w, https:\/\/www.salzburgerland.com\/de\/magazin\/wp-content\/uploads\/2013\/06\/s01fXIII0016-200x300.jpg 200w, https:\/\/www.salzburgerland.com\/de\/magazin\/wp-content\/uploads\/2013\/06\/s01fXIII0016-367x550.jpg 367w, https:\/\/www.salzburgerland.com\/de\/magazin\/wp-content\/uploads\/2013\/06\/s01fXIII0016-267x400.jpg 267w\"><\/source><img decoding=\"async\" alt=\"Menschen mit Helmen &uuml;berqueren eine Seilbr&uuml;cke und klettern in einem Waldabenteuerpark zwischen B&auml;umen und Gr&uuml;n.\" src=\"https:\/\/www.salzburgerland.com\/de\/magazin\/wp-content\/uploads\/2013\/06\/s01fXIII0016.jpg\">\t<\/picture><\/a><\/figure><\/div><div class=\"col-6 col-sm-4\"><figure><a class=\"thumb-container\" href=\"https:\/\/www.salzburgerland.com\/de\/magazin\/wp-content\/uploads\/2013\/06\/s01fXIII0017-1280x1024.jpg\">\t<picture><source media=\"(min-width: 576px)\" srcset=\"\"><\/source><source media=\"(min-width: 0)\" srcset=\"https:\/\/www.salzburgerland.com\/de\/magazin\/wp-content\/uploads\/2013\/06\/s01fXIII0017.jpg 567w, https:\/\/www.salzburgerland.com\/de\/magazin\/wp-content\/uploads\/2013\/06\/s01fXIII0017-200x300.jpg 200w, https:\/\/www.salzburgerland.com\/de\/magazin\/wp-content\/uploads\/2013\/06\/s01fXIII0017-367x550.jpg 367w, https:\/\/www.salzburgerland.com\/de\/magazin\/wp-content\/uploads\/2013\/06\/s01fXIII0017-267x400.jpg 267w\"><\/source><img decoding=\"async\" alt=\"Helmtr&auml;ger &uuml;berqueren eine Seilbr&uuml;cke in einem Waldabenteuerpark, umgeben von Gr&uuml;n.\" src=\"https:\/\/www.salzburgerland.com\/de\/magazin\/wp-content\/uploads\/2013\/06\/s01fXIII0017.jpg\">\t<\/picture><\/a><\/figure><\/div><div class=\"col-6 col-sm-4\"><figure><a class=\"thumb-container\" href=\"https:\/\/www.salzburgerland.com\/de\/magazin\/wp-content\/uploads\/2013\/06\/s01fXIII0019-1280x1024.jpg\">\t<picture><source media=\"(min-width: 576px)\" srcset=\"\"><\/source><source media=\"(min-width: 0)\" srcset=\"https:\/\/www.salzburgerland.com\/de\/magazin\/wp-content\/uploads\/2013\/06\/s01fXIII0019.jpg 567w, https:\/\/www.salzburgerland.com\/de\/magazin\/wp-content\/uploads\/2013\/06\/s01fXIII0019-200x300.jpg 200w, https:\/\/www.salzburgerland.com\/de\/magazin\/wp-content\/uploads\/2013\/06\/s01fXIII0019-367x550.jpg 367w, https:\/\/www.salzburgerland.com\/de\/magazin\/wp-content\/uploads\/2013\/06\/s01fXIII0019-267x400.jpg 267w\"><\/source><img decoding=\"async\" alt=\"Kind mit Helm und Klettergurt beim &Uuml;berqueren einer Seilbr&uuml;cke in einem Outdoor-Abenteuerpark.\" src=\"https:\/\/www.salzburgerland.com\/de\/magazin\/wp-content\/uploads\/2013\/06\/s01fXIII0019.jpg\">\t<\/picture><\/a><\/figure><\/div><div class=\"col-6 col-sm-4\"><figure><a class=\"thumb-container\" href=\"https:\/\/www.salzburgerland.com\/de\/magazin\/wp-content\/uploads\/2013\/06\/s01fXIII0020-1280x1024.jpg\">\t<picture><source media=\"(min-width: 576px)\" srcset=\"\"><\/source><source media=\"(min-width: 0)\" srcset=\"https:\/\/www.salzburgerland.com\/de\/magazin\/wp-content\/uploads\/2013\/06\/s01fXIII0020.jpg 567w, https:\/\/www.salzburgerland.com\/de\/magazin\/wp-content\/uploads\/2013\/06\/s01fXIII0020-200x300.jpg 200w, https:\/\/www.salzburgerland.com\/de\/magazin\/wp-content\/uploads\/2013\/06\/s01fXIII0020-367x550.jpg 367w, https:\/\/www.salzburgerland.com\/de\/magazin\/wp-content\/uploads\/2013\/06\/s01fXIII0020-267x400.jpg 267w\"><\/source><img decoding=\"async\" alt=\"Frau mit Helm und Gurtzeug &uuml;berquert eine Seilbr&uuml;cke im Freien, umgeben von Gr&uuml;n.\" src=\"https:\/\/www.salzburgerland.com\/de\/magazin\/wp-content\/uploads\/2013\/06\/s01fXIII0020.jpg\">\t<\/picture><\/a><\/figure><\/div><div class=\"col-6 col-sm-4\"><figure><a class=\"thumb-container\" href=\"https:\/\/www.salzburgerland.com\/de\/magazin\/wp-content\/uploads\/2013\/06\/s01fXIII0022-1280x1024.jpg\">\t<picture><source media=\"(min-width: 576px)\" srcset=\"\"><\/source><source media=\"(min-width: 0)\" srcset=\"https:\/\/www.salzburgerland.com\/de\/magazin\/wp-content\/uploads\/2013\/06\/s01fXIII0022.jpg 567w, https:\/\/www.salzburgerland.com\/de\/magazin\/wp-content\/uploads\/2013\/06\/s01fXIII0022-200x300.jpg 200w, https:\/\/www.salzburgerland.com\/de\/magazin\/wp-content\/uploads\/2013\/06\/s01fXIII0022-367x550.jpg 367w, https:\/\/www.salzburgerland.com\/de\/magazin\/wp-content\/uploads\/2013\/06\/s01fXIII0022-267x400.jpg 267w\"><\/source><img decoding=\"async\" alt=\"Zwei l&auml;chelnde Kinder mit Helmen und Klettergurten stehen auf einer Seilbr&uuml;cke in einem Outdoor-Abenteuerpark.\" src=\"https:\/\/www.salzburgerland.com\/de\/magazin\/wp-content\/uploads\/2013\/06\/s01fXIII0022.jpg\">\t<\/picture><\/a><\/figure><\/div><div class=\"col-6 col-sm-4\"><figure><a class=\"thumb-container\" href=\"https:\/\/www.salzburgerland.com\/de\/magazin\/wp-content\/uploads\/2013\/06\/s01fXIII0025-1280x1024.jpg\">\t<picture><source media=\"(min-width: 576px)\" srcset=\"\"><\/source><source media=\"(min-width: 0)\" srcset=\"https:\/\/www.salzburgerland.com\/de\/magazin\/wp-content\/uploads\/2013\/06\/s01fXIII0025.jpg 567w, https:\/\/www.salzburgerland.com\/de\/magazin\/wp-content\/uploads\/2013\/06\/s01fXIII0025-200x300.jpg 200w, https:\/\/www.salzburgerland.com\/de\/magazin\/wp-content\/uploads\/2013\/06\/s01fXIII0025-367x550.jpg 367w, https:\/\/www.salzburgerland.com\/de\/magazin\/wp-content\/uploads\/2013\/06\/s01fXIII0025-267x400.jpg 267w\"><\/source><img decoding=\"async\" alt=\"Drei Personen mit Helmen und Klettergurten klettern in einem Waldabenteuerpark auf eine Leiter.\" src=\"https:\/\/www.salzburgerland.com\/de\/magazin\/wp-content\/uploads\/2013\/06\/s01fXIII0025.jpg\">\t<\/picture><\/a><\/figure><\/div><div class=\"col-6 col-sm-4\"><figure><a class=\"thumb-container\" href=\"https:\/\/www.salzburgerland.com\/de\/magazin\/wp-content\/uploads\/2013\/06\/s01fXIII0031-1280x1024.jpg\">\t<picture><source media=\"(min-width: 576px)\" srcset=\"\"><\/source><source media=\"(min-width: 0)\" srcset=\"https:\/\/www.salzburgerland.com\/de\/magazin\/wp-content\/uploads\/2013\/06\/s01fXIII0031.jpg 567w, https:\/\/www.salzburgerland.com\/de\/magazin\/wp-content\/uploads\/2013\/06\/s01fXIII0031-200x300.jpg 200w, https:\/\/www.salzburgerland.com\/de\/magazin\/wp-content\/uploads\/2013\/06\/s01fXIII0031-367x550.jpg 367w, https:\/\/www.salzburgerland.com\/de\/magazin\/wp-content\/uploads\/2013\/06\/s01fXIII0031-267x400.jpg 267w\"><\/source><img decoding=\"async\" alt=\"Ein Mann mit Helm und Klettergurt &uuml;berquert eine Seilbr&uuml;cke in einem Outdoor-Abenteuerparcours zwischen B&auml;umen.\" src=\"https:\/\/www.salzburgerland.com\/de\/magazin\/wp-content\/uploads\/2013\/06\/s01fXIII0031.jpg\">\t<\/picture><\/a><\/figure><\/div><div class=\"col-6 col-sm-4\"><figure><a class=\"thumb-container\" href=\"https:\/\/www.salzburgerland.com\/de\/magazin\/wp-content\/uploads\/2013\/06\/s01fXIII0032-1280x1024.jpg\">\t<picture><source media=\"(min-width: 576px)\" srcset=\"https:\/\/www.salzburgerland.com\/de\/magazin\/wp-content\/uploads\/2013\/06\/s01fXIII0032-325x209.jpg 325w, https:\/\/www.salzburgerland.com\/de\/magazin\/wp-content\/uploads\/2013\/06\/s01fXIII0032-249x160.jpg 249w\"><\/source><source media=\"(min-width: 0)\" srcset=\"https:\/\/www.salzburgerland.com\/de\/magazin\/wp-content\/uploads\/2013\/06\/s01fXIII0032-249x160.jpg 249w, https:\/\/www.salzburgerland.com\/de\/magazin\/wp-content\/uploads\/2013\/06\/s01fXIII0032-325x209.jpg 325w\"><\/source><img decoding=\"async\" alt=\"Ein Kind mit Helm und Klettergurt h&auml;lt sich an einem Seil auf einer Holzplattform in einem Baumkronen-Abenteuerpark fest.\" src=\"https:\/\/www.salzburgerland.com\/de\/magazin\/wp-content\/uploads\/2013\/06\/s01fXIII0032.jpg\">\t<\/picture><\/a><\/figure><\/div><div class=\"col-6 col-sm-4\"><figure><a class=\"thumb-container\" href=\"https:\/\/www.salzburgerland.com\/de\/magazin\/wp-content\/uploads\/2013\/06\/s01fXIII0034-1280x1024.jpg\">\t<picture><source media=\"(min-width: 576px)\" srcset=\"https:\/\/www.salzburgerland.com\/de\/magazin\/wp-content\/uploads\/2013\/06\/s01fXIII0034-325x209.jpg 325w, https:\/\/www.salzburgerland.com\/de\/magazin\/wp-content\/uploads\/2013\/06\/s01fXIII0034-249x160.jpg 249w\"><\/source><source media=\"(min-width: 0)\" srcset=\"https:\/\/www.salzburgerland.com\/de\/magazin\/wp-content\/uploads\/2013\/06\/s01fXIII0034-249x160.jpg 249w, https:\/\/www.salzburgerland.com\/de\/magazin\/wp-content\/uploads\/2013\/06\/s01fXIII0034-325x209.jpg 325w\"><\/source><img decoding=\"async\" alt=\"Ein Kind, das einen Helm tr&auml;gt, &uuml;berquert eine Seilbr&uuml;cke in einem von gr&uuml;nen B&auml;umen umgebenen Outdoor-Abenteuerpark.\" src=\"https:\/\/www.salzburgerland.com\/de\/magazin\/wp-content\/uploads\/2013\/06\/s01fXIII0034.jpg\">\t<\/picture><\/a><\/figure><\/div><div class=\"col-6 col-sm-4\"><figure><a class=\"thumb-container\" href=\"https:\/\/www.salzburgerland.com\/de\/magazin\/wp-content\/uploads\/2013\/06\/s01fXIII0036-1280x1024.jpg\">\t<picture><source media=\"(min-width: 576px)\" srcset=\"https:\/\/www.salzburgerland.com\/de\/magazin\/wp-content\/uploads\/2013\/06\/s01fXIII0036-325x209.jpg 325w, https:\/\/www.salzburgerland.com\/de\/magazin\/wp-content\/uploads\/2013\/06\/s01fXIII0036-249x160.jpg 249w\"><\/source><source media=\"(min-width: 0)\" srcset=\"https:\/\/www.salzburgerland.com\/de\/magazin\/wp-content\/uploads\/2013\/06\/s01fXIII0036-249x160.jpg 249w, https:\/\/www.salzburgerland.com\/de\/magazin\/wp-content\/uploads\/2013\/06\/s01fXIII0036-325x209.jpg 325w\"><\/source><img decoding=\"async\" alt=\"Eine Person balanciert auf einer h&ouml;lzernen Plattform, die an Seilen in einem Baumkronen-Parcours aufgeh&auml;ngt ist.\" src=\"https:\/\/www.salzburgerland.com\/de\/magazin\/wp-content\/uploads\/2013\/06\/s01fXIII0036.jpg\">\t<\/picture><\/a><\/figure><\/div><div class=\"col-6 col-sm-4\"><figure><a class=\"thumb-container\" href=\"https:\/\/www.salzburgerland.com\/de\/magazin\/wp-content\/uploads\/2013\/06\/s01fXIII0038-1280x1024.jpg\">\t<picture><source media=\"(min-width: 576px)\" srcset=\"https:\/\/www.salzburgerland.com\/de\/magazin\/wp-content\/uploads\/2013\/06\/s01fXIII0038-325x209.jpg 325w, https:\/\/www.salzburgerland.com\/de\/magazin\/wp-content\/uploads\/2013\/06\/s01fXIII0038-249x160.jpg 249w\"><\/source><source media=\"(min-width: 0)\" srcset=\"https:\/\/www.salzburgerland.com\/de\/magazin\/wp-content\/uploads\/2013\/06\/s01fXIII0038-249x160.jpg 249w, https:\/\/www.salzburgerland.com\/de\/magazin\/wp-content\/uploads\/2013\/06\/s01fXIII0038-325x209.jpg 325w\"><\/source><img decoding=\"async\" alt=\"Kind mit Helm und Klettergurt balanciert auf einem Seilgarten im Freien, umgeben von gr&uuml;nen B&auml;umen.\" src=\"https:\/\/www.salzburgerland.com\/de\/magazin\/wp-content\/uploads\/2013\/06\/s01fXIII0038.jpg\">\t<\/picture><\/a><\/figure><\/div><div class=\"col-6 col-sm-4\"><figure><a class=\"thumb-container\" href=\"https:\/\/www.salzburgerland.com\/de\/magazin\/wp-content\/uploads\/2013\/06\/s01fXIII0042-1280x1024.jpg\">\t<picture><source media=\"(min-width: 576px)\" srcset=\"https:\/\/www.salzburgerland.com\/de\/magazin\/wp-content\/uploads\/2013\/06\/s01fXIII0042-325x209.jpg 325w, https:\/\/www.salzburgerland.com\/de\/magazin\/wp-content\/uploads\/2013\/06\/s01fXIII0042-249x160.jpg 249w\"><\/source><source media=\"(min-width: 0)\" srcset=\"https:\/\/www.salzburgerland.com\/de\/magazin\/wp-content\/uploads\/2013\/06\/s01fXIII0042-249x160.jpg 249w, https:\/\/www.salzburgerland.com\/de\/magazin\/wp-content\/uploads\/2013\/06\/s01fXIII0042-325x209.jpg 325w\"><\/source><img decoding=\"async\" alt=\"Ein Mann, der einen Helm und einen Klettergurt tr&auml;gt, navigiert in einem Hochseilgarten in einem bewaldeten Gebiet.\" src=\"https:\/\/www.salzburgerland.com\/de\/magazin\/wp-content\/uploads\/2013\/06\/s01fXIII0042.jpg\">\t<\/picture><\/a><\/figure><\/div><div class=\"col-6 col-sm-4\"><figure><a class=\"thumb-container\" href=\"https:\/\/www.salzburgerland.com\/de\/magazin\/wp-content\/uploads\/2013\/06\/s01fXIII0047-1280x1024.jpg\">\t<picture><source media=\"(min-width: 576px)\" srcset=\"\"><\/source><source media=\"(min-width: 0)\" srcset=\"https:\/\/www.salzburgerland.com\/de\/magazin\/wp-content\/uploads\/2013\/06\/s01fXIII0047.jpg 567w, https:\/\/www.salzburgerland.com\/de\/magazin\/wp-content\/uploads\/2013\/06\/s01fXIII0047-200x300.jpg 200w, https:\/\/www.salzburgerland.com\/de\/magazin\/wp-content\/uploads\/2013\/06\/s01fXIII0047-367x550.jpg 367w, https:\/\/www.salzburgerland.com\/de\/magazin\/wp-content\/uploads\/2013\/06\/s01fXIII0047-267x400.jpg 267w\"><\/source><img decoding=\"async\" alt=\"Frau in Klettergurt und Helm l&auml;chelnd beim &Uuml;berqueren einer Seilbr&uuml;cke in einem Waldabenteuerpark.\" src=\"https:\/\/www.salzburgerland.com\/de\/magazin\/wp-content\/uploads\/2013\/06\/s01fXIII0047.jpg\">\t<\/picture><\/a><\/figure><\/div><div class=\"col-6 col-sm-4\"><figure><a class=\"thumb-container\" href=\"https:\/\/www.salzburgerland.com\/de\/magazin\/wp-content\/uploads\/2013\/06\/s01fXIII0049-1280x1024.jpg\">\t<picture><source media=\"(min-width: 576px)\" srcset=\"\"><\/source><source media=\"(min-width: 0)\" srcset=\"https:\/\/www.salzburgerland.com\/de\/magazin\/wp-content\/uploads\/2013\/06\/s01fXIII0049.jpg 567w, https:\/\/www.salzburgerland.com\/de\/magazin\/wp-content\/uploads\/2013\/06\/s01fXIII0049-200x300.jpg 200w, https:\/\/www.salzburgerland.com\/de\/magazin\/wp-content\/uploads\/2013\/06\/s01fXIII0049-367x550.jpg 367w, https:\/\/www.salzburgerland.com\/de\/magazin\/wp-content\/uploads\/2013\/06\/s01fXIII0049-267x400.jpg 267w\"><\/source><img decoding=\"async\" alt=\"Vier Personen &uuml;berqueren an einem sonnigen Tag eine lange, schmale H&auml;ngebr&uuml;cke &uuml;ber gr&uuml;nes Gras und B&auml;ume.\" src=\"https:\/\/www.salzburgerland.com\/de\/magazin\/wp-content\/uploads\/2013\/06\/s01fXIII0049.jpg\">\t<\/picture><\/a><\/figure><\/div><div class=\"col-6 col-sm-4\"><figure><a class=\"thumb-container\" href=\"https:\/\/www.salzburgerland.com\/de\/magazin\/wp-content\/uploads\/2013\/06\/s01fXIII0053-1280x1024.jpg\">\t<picture><source media=\"(min-width: 576px)\" srcset=\"\"><\/source><source media=\"(min-width: 0)\" srcset=\"https:\/\/www.salzburgerland.com\/de\/magazin\/wp-content\/uploads\/2013\/06\/s01fXIII0053.jpg 567w, https:\/\/www.salzburgerland.com\/de\/magazin\/wp-content\/uploads\/2013\/06\/s01fXIII0053-200x300.jpg 200w, https:\/\/www.salzburgerland.com\/de\/magazin\/wp-content\/uploads\/2013\/06\/s01fXIII0053-367x550.jpg 367w, https:\/\/www.salzburgerland.com\/de\/magazin\/wp-content\/uploads\/2013\/06\/s01fXIII0053-267x400.jpg 267w\"><\/source><img decoding=\"async\" alt=\"Ein Kind, das einen Helm und einen Klettergurt tr&auml;gt, &uuml;berquert eine Holzbr&uuml;cke in einem Hochseilgarten im Freien.\" src=\"https:\/\/www.salzburgerland.com\/de\/magazin\/wp-content\/uploads\/2013\/06\/s01fXIII0053.jpg\">\t<\/picture><\/a><\/figure><\/div><div class=\"col-6 col-sm-4\"><figure><a class=\"thumb-container\" href=\"https:\/\/www.salzburgerland.com\/de\/magazin\/wp-content\/uploads\/2013\/06\/s01fXIII0057-1280x1024.jpg\">\t<picture><source media=\"(min-width: 576px)\" srcset=\"\"><\/source><source media=\"(min-width: 0)\" srcset=\"https:\/\/www.salzburgerland.com\/de\/magazin\/wp-content\/uploads\/2013\/06\/s01fXIII0057.jpg 567w, https:\/\/www.salzburgerland.com\/de\/magazin\/wp-content\/uploads\/2013\/06\/s01fXIII0057-200x300.jpg 200w, https:\/\/www.salzburgerland.com\/de\/magazin\/wp-content\/uploads\/2013\/06\/s01fXIII0057-367x550.jpg 367w, https:\/\/www.salzburgerland.com\/de\/magazin\/wp-content\/uploads\/2013\/06\/s01fXIII0057-267x400.jpg 267w\"><\/source><img decoding=\"async\" alt=\"Eine Person, die einen Klettergurt tr&auml;gt, f&auml;hrt an einem sonnigen Tag mit dem Rei&szlig;verschluss durch gr&uuml;ne B&auml;ume.\" src=\"https:\/\/www.salzburgerland.com\/de\/magazin\/wp-content\/uploads\/2013\/06\/s01fXIII0057.jpg\">\t<\/picture><\/a><\/figure><\/div><div class=\"col-6 col-sm-4\"><figure><a class=\"thumb-container\" href=\"https:\/\/www.salzburgerland.com\/de\/magazin\/wp-content\/uploads\/2013\/06\/s01fXIII0061-1280x1024.jpg\">\t<picture><source media=\"(min-width: 576px)\" srcset=\"\"><\/source><source media=\"(min-width: 0)\" srcset=\"https:\/\/www.salzburgerland.com\/de\/magazin\/wp-content\/uploads\/2013\/06\/s01fXIII0061.jpg 567w, https:\/\/www.salzburgerland.com\/de\/magazin\/wp-content\/uploads\/2013\/06\/s01fXIII0061-200x300.jpg 200w, https:\/\/www.salzburgerland.com\/de\/magazin\/wp-content\/uploads\/2013\/06\/s01fXIII0061-367x550.jpg 367w, https:\/\/www.salzburgerland.com\/de\/magazin\/wp-content\/uploads\/2013\/06\/s01fXIII0061-267x400.jpg 267w\"><\/source><img decoding=\"async\" alt=\"Eine Person mit Helm, die an einem sonnigen Tag mit dem Seil &uuml;ber eine Wiese fliegt.\" src=\"https:\/\/www.salzburgerland.com\/de\/magazin\/wp-content\/uploads\/2013\/06\/s01fXIII0061.jpg\">\t<\/picture><\/a><\/figure><\/div><div class=\"col-6 col-sm-4\"><figure><a class=\"thumb-container\" href=\"https:\/\/www.salzburgerland.com\/de\/magazin\/wp-content\/uploads\/2013\/06\/s01fXIII0063-1280x1024.jpg\">\t<picture><source media=\"(min-width: 576px)\" srcset=\"\"><\/source><source media=\"(min-width: 0)\" srcset=\"https:\/\/www.salzburgerland.com\/de\/magazin\/wp-content\/uploads\/2013\/06\/s01fXIII0063.jpg 567w, https:\/\/www.salzburgerland.com\/de\/magazin\/wp-content\/uploads\/2013\/06\/s01fXIII0063-200x300.jpg 200w, https:\/\/www.salzburgerland.com\/de\/magazin\/wp-content\/uploads\/2013\/06\/s01fXIII0063-367x550.jpg 367w, https:\/\/www.salzburgerland.com\/de\/magazin\/wp-content\/uploads\/2013\/06\/s01fXIII0063-267x400.jpg 267w\"><\/source><img decoding=\"async\" alt=\"Eine Person in einem roten Hemd, die mit dem Fallschirm &uuml;ber einen grasbewachsenen, gr&uuml;nen H&uuml;gel mit B&auml;umen im Hintergrund fliegt.\" src=\"https:\/\/www.salzburgerland.com\/de\/magazin\/wp-content\/uploads\/2013\/06\/s01fXIII0063.jpg\">\t<\/picture><\/a><\/figure><\/div><div class=\"col-6 col-sm-4\"><figure><a class=\"thumb-container\" href=\"https:\/\/www.salzburgerland.com\/de\/magazin\/wp-content\/uploads\/2013\/06\/s01fXIII0071-1280x1024.jpg\">\t<picture><source media=\"(min-width: 576px)\" srcset=\"\"><\/source><source media=\"(min-width: 0)\" srcset=\"https:\/\/www.salzburgerland.com\/de\/magazin\/wp-content\/uploads\/2013\/06\/s01fXIII0071.jpg 567w, https:\/\/www.salzburgerland.com\/de\/magazin\/wp-content\/uploads\/2013\/06\/s01fXIII0071-200x300.jpg 200w, https:\/\/www.salzburgerland.com\/de\/magazin\/wp-content\/uploads\/2013\/06\/s01fXIII0071-367x550.jpg 367w, https:\/\/www.salzburgerland.com\/de\/magazin\/wp-content\/uploads\/2013\/06\/s01fXIII0071-267x400.jpg 267w\"><\/source><img decoding=\"async\" alt=\"Ein Kind, das einen Helm und ein Gurtzeug tr&auml;gt, f&auml;hrt mit einer Seilrutsche durch ein bewaldetes Gebiet.\" src=\"https:\/\/www.salzburgerland.com\/de\/magazin\/wp-content\/uploads\/2013\/06\/s01fXIII0071.jpg\">\t<\/picture><\/a><\/figure><\/div><div class=\"col-6 col-sm-4\"><figure><a class=\"thumb-container\" href=\"https:\/\/www.salzburgerland.com\/de\/magazin\/wp-content\/uploads\/2013\/06\/s01fXIII0074-1280x1024.jpg\">\t<picture><source media=\"(min-width: 576px)\" srcset=\"\"><\/source><source media=\"(min-width: 0)\" srcset=\"https:\/\/www.salzburgerland.com\/de\/magazin\/wp-content\/uploads\/2013\/06\/s01fXIII0074.jpg 567w, https:\/\/www.salzburgerland.com\/de\/magazin\/wp-content\/uploads\/2013\/06\/s01fXIII0074-200x300.jpg 200w, https:\/\/www.salzburgerland.com\/de\/magazin\/wp-content\/uploads\/2013\/06\/s01fXIII0074-367x550.jpg 367w, https:\/\/www.salzburgerland.com\/de\/magazin\/wp-content\/uploads\/2013\/06\/s01fXIII0074-267x400.jpg 267w\"><\/source><img decoding=\"async\" alt=\"Eine l&auml;chelnde Frau, die einen Helm und ein Gurtzeug tr&auml;gt, f&auml;hrt mit einer Seilrutsche durch einen &uuml;ppigen, gr&uuml;nen Wald.\" src=\"https:\/\/www.salzburgerland.com\/de\/magazin\/wp-content\/uploads\/2013\/06\/s01fXIII0074.jpg\">\t<\/picture><\/a><\/figure><\/div><\/div><figcaption><\/figcaption><\/div>\n\n\n\n<p>Fotos&nbsp;\u00a9 Wildbild<\/p>\n","protected":false},"excerpt":{"rendered":"<p>In schwindelerregender H\u00f6he f\u00e4ngt das Herz schon mal an zu rasen. Die \u00dcberwindung, den ersten Schritt zu setzen, kostet viel Mut und Selbstvertrauen. Umso gr\u00f6\u00dfer ist dann der Stolz, wenn man am Ende einen letzten Blick zur\u00fcckwirft und das Gef\u00fchl hat, eine der gr\u00f6\u00dften Kr\u00e4fte unseres Planeten \u00fcberwunden zu haben \u2013 die Schwerkraft. Hochseilpark Seeham [&hellip;]<\/p>\n","protected":false},"author":90,"featured_media":36689,"comment_status":"open","ping_status":"open","sticky":false,"template":"","format":"standard","meta":{"_acf_changed":false,"wl_entities_gutenberg":"","_wl_entity_redirect_enabled":"","footnotes":""},"categories":[8],"tags":[],"wl_entity_type":[306],"monatsauswahl":[84,85,86,87,88,89,90,91],"class_list":["post-36668","post","type-post","status-publish","format-standard","has-post-thumbnail","hentry","category-outdoor-sport","wl_entity_type-article","monatsauswahl-monat_3","monatsauswahl-monat_4","monatsauswahl-monat_5","monatsauswahl-monat_6","monatsauswahl-monat_7","monatsauswahl-monat_8","monatsauswahl-monat_9","monatsauswahl-monat_10"],"acf":[],"yoast_head":"<!-- This site is optimized with the Yoast SEO Premium plugin v27.4 (Yoast SEO v27.4) - https:\/\/yoast.com\/product\/yoast-seo-premium-wordpress\/ -->\n<title>Hochseilparks im SalzburgerLand - SalzburgerLand Magazin<\/title>\n<meta name=\"description\" content=\"Ob Angsthase oder Adrenalinjunkie \u2013 das SalzburgerLand bietet f\u00fcr beide Typen die perfekten Hochseilparks um seine Angst zu \u00fcberwinden und Grenzen auszutesten. Nervenkitzel und Gl\u00fccksgef\u00fchle \u2013 das Erlebnis Hochseilgarten und Kletterpark.&nbsp;\" \/>\n<meta name=\"robots\" content=\"index, follow, max-snippet:-1, max-image-preview:large, max-video-preview:-1\" \/>\n<link rel=\"canonical\" href=\"https:\/\/www.salzburgerland.com\/de\/magazin\/hochseilparks-im-salzburgerland-fur-adrenalinkicks-im-wald\/\" \/>\n<meta property=\"og:locale\" content=\"de_DE\" \/>\n<meta property=\"og:type\" content=\"article\" \/>\n<meta property=\"og:title\" content=\"Hochseilparks im SalzburgerLand\" \/>\n<meta property=\"og:description\" content=\"In schwindelerregender H\u00f6he f\u00e4ngt das Herz schon mal an zu rasen. Die \u00dcberwindung, den ersten Schritt zu setzen, kostet viel Mut und Selbstvertrauen. Umso gr\u00f6\u00dfer ist dann der Stolz, wenn man am Ende einen letzten Blick zur\u00fcckwirft und das Gef\u00fchl hat, eine der gr\u00f6\u00dften Kr\u00e4fte unseres Planeten \u00fcberwunden zu haben \u2013 die Schwerkraft. Hochseilpark Seeham [&hellip;]\" \/>\n<meta property=\"og:url\" content=\"https:\/\/www.salzburgerland.com\/de\/magazin\/hochseilparks-im-salzburgerland-fur-adrenalinkicks-im-wald\/\" \/>\n<meta property=\"og:site_name\" content=\"SalzburgerLand Magazin\" \/>\n<meta property=\"article:publisher\" content=\"https:\/\/www.facebook.com\/salzburgerland\/\" \/>\n<meta property=\"article:published_time\" content=\"2019-04-18T05:00:24+00:00\" \/>\n<meta property=\"article:modified_time\" content=\"2025-04-07T14:04:50+00:00\" \/>\n<meta property=\"og:image\" content=\"https:\/\/www.salzburgerland.com\/de\/magazin\/wp-content\/uploads\/2013\/06\/s01fXIII0032.jpg\" \/>\n\t<meta property=\"og:image:width\" content=\"850\" \/>\n\t<meta property=\"og:image:height\" content=\"567\" \/>\n\t<meta property=\"og:image:type\" content=\"image\/jpeg\" \/>\n<meta name=\"author\" content=\"Ulli Hammerl\" \/>\n<meta name=\"twitter:card\" content=\"summary_large_image\" \/>\n<meta name=\"twitter:creator\" content=\"@Salzburgerland\" \/>\n<meta name=\"twitter:site\" content=\"@Salzburgerland\" \/>\n<meta name=\"twitter:label1\" content=\"Verfasst von\" \/>\n\t<meta name=\"twitter:data1\" content=\"Ulli Hammerl\" \/>\n\t<meta name=\"twitter:label2\" content=\"Gesch\u00e4tzte Lesezeit\" \/>\n\t<meta name=\"twitter:data2\" content=\"12\u00a0Minuten\" \/>\n<script type=\"application\/ld+json\" class=\"yoast-schema-graph\">{\"@context\":\"https:\\\/\\\/schema.org\",\"@graph\":[{\"@type\":\"Article\",\"@id\":\"https:\\\/\\\/www.salzburgerland.com\\\/de\\\/magazin\\\/hochseilparks-im-salzburgerland-fur-adrenalinkicks-im-wald\\\/#article\",\"isPartOf\":{\"@id\":\"https:\\\/\\\/www.salzburgerland.com\\\/de\\\/magazin\\\/hochseilparks-im-salzburgerland-fur-adrenalinkicks-im-wald\\\/\"},\"author\":{\"name\":\"Ulli Hammerl\",\"@id\":\"https:\\\/\\\/www.salzburgerland.com\\\/de\\\/magazin\\\/#\\\/schema\\\/person\\\/a55a4fee1009b9e458d298480a18a9f7\"},\"headline\":\"Hochseilparks im SalzburgerLand\",\"datePublished\":\"2019-04-18T05:00:24+00:00\",\"dateModified\":\"2025-04-07T14:04:50+00:00\",\"mainEntityOfPage\":{\"@id\":\"https:\\\/\\\/www.salzburgerland.com\\\/de\\\/magazin\\\/hochseilparks-im-salzburgerland-fur-adrenalinkicks-im-wald\\\/\"},\"wordCount\":852,\"commentCount\":0,\"publisher\":{\"@id\":\"https:\\\/\\\/www.salzburgerland.com\\\/de\\\/magazin\\\/#organization\"},\"image\":{\"@id\":\"https:\\\/\\\/www.salzburgerland.com\\\/de\\\/magazin\\\/hochseilparks-im-salzburgerland-fur-adrenalinkicks-im-wald\\\/#primaryimage\"},\"thumbnailUrl\":\"https:\\\/\\\/www.salzburgerland.com\\\/de\\\/magazin\\\/wp-content\\\/uploads\\\/2013\\\/06\\\/s01fXIII0032.jpg\",\"articleSection\":[\"Outdoor &amp; Sport\"],\"inLanguage\":\"de\",\"potentialAction\":[{\"@type\":\"CommentAction\",\"name\":\"Comment\",\"target\":[\"https:\\\/\\\/www.salzburgerland.com\\\/de\\\/magazin\\\/hochseilparks-im-salzburgerland-fur-adrenalinkicks-im-wald\\\/#respond\"]}]},{\"@type\":\"WebPage\",\"@id\":\"https:\\\/\\\/www.salzburgerland.com\\\/de\\\/magazin\\\/hochseilparks-im-salzburgerland-fur-adrenalinkicks-im-wald\\\/\",\"url\":\"https:\\\/\\\/www.salzburgerland.com\\\/de\\\/magazin\\\/hochseilparks-im-salzburgerland-fur-adrenalinkicks-im-wald\\\/\",\"name\":\"Hochseilparks im SalzburgerLand - SalzburgerLand Magazin\",\"isPartOf\":{\"@id\":\"https:\\\/\\\/www.salzburgerland.com\\\/de\\\/magazin\\\/#website\"},\"primaryImageOfPage\":{\"@id\":\"https:\\\/\\\/www.salzburgerland.com\\\/de\\\/magazin\\\/hochseilparks-im-salzburgerland-fur-adrenalinkicks-im-wald\\\/#primaryimage\"},\"image\":{\"@id\":\"https:\\\/\\\/www.salzburgerland.com\\\/de\\\/magazin\\\/hochseilparks-im-salzburgerland-fur-adrenalinkicks-im-wald\\\/#primaryimage\"},\"thumbnailUrl\":\"https:\\\/\\\/www.salzburgerland.com\\\/de\\\/magazin\\\/wp-content\\\/uploads\\\/2013\\\/06\\\/s01fXIII0032.jpg\",\"datePublished\":\"2019-04-18T05:00:24+00:00\",\"dateModified\":\"2025-04-07T14:04:50+00:00\",\"breadcrumb\":{\"@id\":\"https:\\\/\\\/www.salzburgerland.com\\\/de\\\/magazin\\\/hochseilparks-im-salzburgerland-fur-adrenalinkicks-im-wald\\\/#breadcrumb\"},\"inLanguage\":\"de\",\"potentialAction\":[{\"@type\":\"ReadAction\",\"target\":[\"https:\\\/\\\/www.salzburgerland.com\\\/de\\\/magazin\\\/hochseilparks-im-salzburgerland-fur-adrenalinkicks-im-wald\\\/\"]}]},{\"@type\":\"ImageObject\",\"inLanguage\":\"de\",\"@id\":\"https:\\\/\\\/www.salzburgerland.com\\\/de\\\/magazin\\\/hochseilparks-im-salzburgerland-fur-adrenalinkicks-im-wald\\\/#primaryimage\",\"url\":\"https:\\\/\\\/www.salzburgerland.com\\\/de\\\/magazin\\\/wp-content\\\/uploads\\\/2013\\\/06\\\/s01fXIII0032.jpg\",\"contentUrl\":\"https:\\\/\\\/www.salzburgerland.com\\\/de\\\/magazin\\\/wp-content\\\/uploads\\\/2013\\\/06\\\/s01fXIII0032.jpg\",\"width\":850,\"height\":567,\"caption\":\"Hochseilpark Seeham\"},{\"@type\":\"BreadcrumbList\",\"@id\":\"https:\\\/\\\/www.salzburgerland.com\\\/de\\\/magazin\\\/hochseilparks-im-salzburgerland-fur-adrenalinkicks-im-wald\\\/#breadcrumb\",\"itemListElement\":[{\"@type\":\"ListItem\",\"position\":1,\"name\":\"Startseite\",\"item\":\"https:\\\/\\\/www.salzburgerland.com\\\/de\\\/magazin\\\/\"},{\"@type\":\"ListItem\",\"position\":2,\"name\":\"Outdoor &amp; Sport\",\"item\":\"https:\\\/\\\/www.salzburgerland.com\\\/de\\\/magazin\\\/thema\\\/outdoor-sport\\\/\"},{\"@type\":\"ListItem\",\"position\":3,\"name\":\"Hochseilparks im SalzburgerLand\"}]},{\"@type\":\"WebSite\",\"@id\":\"https:\\\/\\\/www.salzburgerland.com\\\/de\\\/magazin\\\/#website\",\"url\":\"https:\\\/\\\/www.salzburgerland.com\\\/de\\\/magazin\\\/\",\"name\":\"SalzburgerLand Magazin\",\"description\":\"Geschichten und Interessantes aus dem SalzburgerLand\",\"publisher\":{\"@id\":\"https:\\\/\\\/www.salzburgerland.com\\\/de\\\/magazin\\\/#organization\"},\"potentialAction\":[{\"@type\":\"SearchAction\",\"target\":{\"@type\":\"EntryPoint\",\"urlTemplate\":\"https:\\\/\\\/www.salzburgerland.com\\\/de\\\/magazin\\\/?s={search_term_string}\"},\"query-input\":{\"@type\":\"PropertyValueSpecification\",\"valueRequired\":true,\"valueName\":\"search_term_string\"}}],\"inLanguage\":\"de\"},{\"@type\":\"Organization\",\"@id\":\"https:\\\/\\\/www.salzburgerland.com\\\/de\\\/magazin\\\/#organization\",\"name\":\"SalzburgerLand Tourismus\",\"url\":\"https:\\\/\\\/www.salzburgerland.com\\\/de\\\/magazin\\\/\",\"logo\":{\"@type\":\"ImageObject\",\"inLanguage\":\"de\",\"@id\":\"https:\\\/\\\/www.salzburgerland.com\\\/de\\\/magazin\\\/#\\\/schema\\\/logo\\\/image\\\/\",\"url\":\"https:\\\/\\\/www.salzburgerland.com\\\/de\\\/magazin\\\/wp-content\\\/uploads\\\/2019\\\/06\\\/salzburgerland-logo1.jpg\",\"contentUrl\":\"https:\\\/\\\/www.salzburgerland.com\\\/de\\\/magazin\\\/wp-content\\\/uploads\\\/2019\\\/06\\\/salzburgerland-logo1.jpg\",\"width\":2011,\"height\":866,\"caption\":\"SalzburgerLand Tourismus\"},\"image\":{\"@id\":\"https:\\\/\\\/www.salzburgerland.com\\\/de\\\/magazin\\\/#\\\/schema\\\/logo\\\/image\\\/\"},\"sameAs\":[\"https:\\\/\\\/www.facebook.com\\\/salzburgerland\\\/\",\"https:\\\/\\\/x.com\\\/Salzburgerland\",\"https:\\\/\\\/www.instagram.com\\\/salzburgerland\\\/\",\"https:\\\/\\\/at.linkedin.com\\\/company\\\/salzburgerland-tourismus-gmbh\",\"https:\\\/\\\/www.pinterest.at\\\/salzburgerland\\\/\",\"https:\\\/\\\/www.youtube.com\\\/user\\\/salzburgerland\",\"https:\\\/\\\/de.wikipedia.org\\\/wiki\\\/SalzburgerLand_Tourismus_GmbH\"]},{\"@type\":\"Person\",\"@id\":\"https:\\\/\\\/www.salzburgerland.com\\\/de\\\/magazin\\\/#\\\/schema\\\/person\\\/a55a4fee1009b9e458d298480a18a9f7\",\"name\":\"Ulli Hammerl\",\"description\":\"Geboren und aufgewachsen in der Stadt Salzburg war Ulli Hammerl fr\u00fch bewusst, in einer der sch\u00f6nsten St\u00e4dte der Welt zu leben. So ist sie auch w\u00e4hrend ihres Studiums der Kommunikationswissenschaft und \u00d6kologie ihrer Heimatstadt treu geblieben. Gleich nach dem Studium ist sie zu SalzburgerLand Tourismus (SLTG) gegangen und hat hier von 1998 - 2004 u.a. die SalzburgerLand Card betreut. Dabei ist sie viel herumgekommen, wodurch auch die Liebe zum SalzburgerLand enstanden und gewachsen ist. Nach der Geburt ihrer Tochter im September 2004 hat sich Ulli Hammerl 2007 mit einer Agentur selbst\u00e4ndig gemacht. Mein pers\u00f6nlicher Logenplatz: Hoch \u00fcber Salzburg, abseits der stark begangenen Wege mit Blick auf die D\u00e4cher und Kircht\u00fcrme der Stadt \u2013 hier geht mir das Herz auf! Morgen- oder Abendmensch: Ganz klar: Morgenmensch. Wenn um 5.00 Uhr fr\u00fch die V\u00f6gel zwitschern und rund herum noch alles in tiefer Ruhe versinkt, dann ist meine Zeit. Ausgeschlafen, Energie geladen und voller Tatendrang starte ich am liebsten in den fr\u00fchen Morgenstunden in den Tag. Daf\u00fcr kann man nach 21.00 Uhr nicht mehr mit mir rechnen. Buch oder Film: Es gibt nichts Sch\u00f6neres, als es sich am Ende des Tages auf der Couch gem\u00fctlich zu machen und in die Gedankenwelt eines guten Buches einzutauchen \u2013 Lesen ist Abenteuer im Kopf. Wandern, Spazierengehen oder Laufen: alles drei und zwar am besten jeden Tag. Mit ein bisschen Zeiteinteilung geht es sich tats\u00e4chlich fast gehen Tag aus, drau\u00dfen unterwegs zu sein. Fr\u00fchling, Sommer, Herbst oder Winter: Ich kann es im Fr\u00fchling kaum erwarten, die ersten Gr\u00fcnschattierungen in der Natur zu entdecken. Ich liebe hei\u00dfe Sommertage am See und laue Sommerabende am Balkon. Ich mag es, wenn im Herbst die W\u00e4lder in einem Meer aus Farben erstrahlen, Laubrascheln und Kastanien sammeln. Und ich freue mich wie ein Kind, wenn im Dezember die ersten Schneeflocken vom Himmel schweben. Die vier Jahreszeiten sind etwas Wunderbares.\",\"url\":\"https:\\\/\\\/www.salzburgerland.com\\\/de\\\/magazin\\\/author\\\/ulli-hammerl\\\/\"}]}<\/script>\n<!-- \/ Yoast SEO Premium plugin. -->","yoast_head_json":{"title":"Hochseilparks im SalzburgerLand - SalzburgerLand Magazin","description":"Ob Angsthase oder Adrenalinjunkie \u2013 das SalzburgerLand bietet f\u00fcr beide Typen die perfekten Hochseilparks um seine Angst zu \u00fcberwinden und Grenzen auszutesten. Nervenkitzel und Gl\u00fccksgef\u00fchle \u2013 das Erlebnis Hochseilgarten und Kletterpark.&nbsp;","robots":{"index":"index","follow":"follow","max-snippet":"max-snippet:-1","max-image-preview":"max-image-preview:large","max-video-preview":"max-video-preview:-1"},"canonical":"https:\/\/www.salzburgerland.com\/de\/magazin\/hochseilparks-im-salzburgerland-fur-adrenalinkicks-im-wald\/","og_locale":"de_DE","og_type":"article","og_title":"Hochseilparks im SalzburgerLand","og_description":"In schwindelerregender H\u00f6he f\u00e4ngt das Herz schon mal an zu rasen. Die \u00dcberwindung, den ersten Schritt zu setzen, kostet viel Mut und Selbstvertrauen. Umso gr\u00f6\u00dfer ist dann der Stolz, wenn man am Ende einen letzten Blick zur\u00fcckwirft und das Gef\u00fchl hat, eine der gr\u00f6\u00dften Kr\u00e4fte unseres Planeten \u00fcberwunden zu haben \u2013 die Schwerkraft. Hochseilpark Seeham [&hellip;]","og_url":"https:\/\/www.salzburgerland.com\/de\/magazin\/hochseilparks-im-salzburgerland-fur-adrenalinkicks-im-wald\/","og_site_name":"SalzburgerLand Magazin","article_publisher":"https:\/\/www.facebook.com\/salzburgerland\/","article_published_time":"2019-04-18T05:00:24+00:00","article_modified_time":"2025-04-07T14:04:50+00:00","og_image":[{"width":850,"height":567,"url":"https:\/\/www.salzburgerland.com\/de\/magazin\/wp-content\/uploads\/2013\/06\/s01fXIII0032.jpg","type":"image\/jpeg"}],"author":"Ulli Hammerl","twitter_card":"summary_large_image","twitter_creator":"@Salzburgerland","twitter_site":"@Salzburgerland","twitter_misc":{"Verfasst von":"Ulli Hammerl","Gesch\u00e4tzte Lesezeit":"12\u00a0Minuten"},"schema":{"@context":"https:\/\/schema.org","@graph":[{"@type":"Article","@id":"https:\/\/www.salzburgerland.com\/de\/magazin\/hochseilparks-im-salzburgerland-fur-adrenalinkicks-im-wald\/#article","isPartOf":{"@id":"https:\/\/www.salzburgerland.com\/de\/magazin\/hochseilparks-im-salzburgerland-fur-adrenalinkicks-im-wald\/"},"author":{"name":"Ulli Hammerl","@id":"https:\/\/www.salzburgerland.com\/de\/magazin\/#\/schema\/person\/a55a4fee1009b9e458d298480a18a9f7"},"headline":"Hochseilparks im SalzburgerLand","datePublished":"2019-04-18T05:00:24+00:00","dateModified":"2025-04-07T14:04:50+00:00","mainEntityOfPage":{"@id":"https:\/\/www.salzburgerland.com\/de\/magazin\/hochseilparks-im-salzburgerland-fur-adrenalinkicks-im-wald\/"},"wordCount":852,"commentCount":0,"publisher":{"@id":"https:\/\/www.salzburgerland.com\/de\/magazin\/#organization"},"image":{"@id":"https:\/\/www.salzburgerland.com\/de\/magazin\/hochseilparks-im-salzburgerland-fur-adrenalinkicks-im-wald\/#primaryimage"},"thumbnailUrl":"https:\/\/www.salzburgerland.com\/de\/magazin\/wp-content\/uploads\/2013\/06\/s01fXIII0032.jpg","articleSection":["Outdoor &amp; Sport"],"inLanguage":"de","potentialAction":[{"@type":"CommentAction","name":"Comment","target":["https:\/\/www.salzburgerland.com\/de\/magazin\/hochseilparks-im-salzburgerland-fur-adrenalinkicks-im-wald\/#respond"]}]},{"@type":"WebPage","@id":"https:\/\/www.salzburgerland.com\/de\/magazin\/hochseilparks-im-salzburgerland-fur-adrenalinkicks-im-wald\/","url":"https:\/\/www.salzburgerland.com\/de\/magazin\/hochseilparks-im-salzburgerland-fur-adrenalinkicks-im-wald\/","name":"Hochseilparks im SalzburgerLand - SalzburgerLand Magazin","isPartOf":{"@id":"https:\/\/www.salzburgerland.com\/de\/magazin\/#website"},"primaryImageOfPage":{"@id":"https:\/\/www.salzburgerland.com\/de\/magazin\/hochseilparks-im-salzburgerland-fur-adrenalinkicks-im-wald\/#primaryimage"},"image":{"@id":"https:\/\/www.salzburgerland.com\/de\/magazin\/hochseilparks-im-salzburgerland-fur-adrenalinkicks-im-wald\/#primaryimage"},"thumbnailUrl":"https:\/\/www.salzburgerland.com\/de\/magazin\/wp-content\/uploads\/2013\/06\/s01fXIII0032.jpg","datePublished":"2019-04-18T05:00:24+00:00","dateModified":"2025-04-07T14:04:50+00:00","breadcrumb":{"@id":"https:\/\/www.salzburgerland.com\/de\/magazin\/hochseilparks-im-salzburgerland-fur-adrenalinkicks-im-wald\/#breadcrumb"},"inLanguage":"de","potentialAction":[{"@type":"ReadAction","target":["https:\/\/www.salzburgerland.com\/de\/magazin\/hochseilparks-im-salzburgerland-fur-adrenalinkicks-im-wald\/"]}]},{"@type":"ImageObject","inLanguage":"de","@id":"https:\/\/www.salzburgerland.com\/de\/magazin\/hochseilparks-im-salzburgerland-fur-adrenalinkicks-im-wald\/#primaryimage","url":"https:\/\/www.salzburgerland.com\/de\/magazin\/wp-content\/uploads\/2013\/06\/s01fXIII0032.jpg","contentUrl":"https:\/\/www.salzburgerland.com\/de\/magazin\/wp-content\/uploads\/2013\/06\/s01fXIII0032.jpg","width":850,"height":567,"caption":"Hochseilpark Seeham"},{"@type":"BreadcrumbList","@id":"https:\/\/www.salzburgerland.com\/de\/magazin\/hochseilparks-im-salzburgerland-fur-adrenalinkicks-im-wald\/#breadcrumb","itemListElement":[{"@type":"ListItem","position":1,"name":"Startseite","item":"https:\/\/www.salzburgerland.com\/de\/magazin\/"},{"@type":"ListItem","position":2,"name":"Outdoor &amp; Sport","item":"https:\/\/www.salzburgerland.com\/de\/magazin\/thema\/outdoor-sport\/"},{"@type":"ListItem","position":3,"name":"Hochseilparks im SalzburgerLand"}]},{"@type":"WebSite","@id":"https:\/\/www.salzburgerland.com\/de\/magazin\/#website","url":"https:\/\/www.salzburgerland.com\/de\/magazin\/","name":"SalzburgerLand Magazin","description":"Geschichten und Interessantes aus dem SalzburgerLand","publisher":{"@id":"https:\/\/www.salzburgerland.com\/de\/magazin\/#organization"},"potentialAction":[{"@type":"SearchAction","target":{"@type":"EntryPoint","urlTemplate":"https:\/\/www.salzburgerland.com\/de\/magazin\/?s={search_term_string}"},"query-input":{"@type":"PropertyValueSpecification","valueRequired":true,"valueName":"search_term_string"}}],"inLanguage":"de"},{"@type":"Organization","@id":"https:\/\/www.salzburgerland.com\/de\/magazin\/#organization","name":"SalzburgerLand Tourismus","url":"https:\/\/www.salzburgerland.com\/de\/magazin\/","logo":{"@type":"ImageObject","inLanguage":"de","@id":"https:\/\/www.salzburgerland.com\/de\/magazin\/#\/schema\/logo\/image\/","url":"https:\/\/www.salzburgerland.com\/de\/magazin\/wp-content\/uploads\/2019\/06\/salzburgerland-logo1.jpg","contentUrl":"https:\/\/www.salzburgerland.com\/de\/magazin\/wp-content\/uploads\/2019\/06\/salzburgerland-logo1.jpg","width":2011,"height":866,"caption":"SalzburgerLand Tourismus"},"image":{"@id":"https:\/\/www.salzburgerland.com\/de\/magazin\/#\/schema\/logo\/image\/"},"sameAs":["https:\/\/www.facebook.com\/salzburgerland\/","https:\/\/x.com\/Salzburgerland","https:\/\/www.instagram.com\/salzburgerland\/","https:\/\/at.linkedin.com\/company\/salzburgerland-tourismus-gmbh","https:\/\/www.pinterest.at\/salzburgerland\/","https:\/\/www.youtube.com\/user\/salzburgerland","https:\/\/de.wikipedia.org\/wiki\/SalzburgerLand_Tourismus_GmbH"]},{"@type":"Person","@id":"https:\/\/www.salzburgerland.com\/de\/magazin\/#\/schema\/person\/a55a4fee1009b9e458d298480a18a9f7","name":"Ulli Hammerl","description":"Geboren und aufgewachsen in der Stadt Salzburg war Ulli Hammerl fr\u00fch bewusst, in einer der sch\u00f6nsten St\u00e4dte der Welt zu leben. So ist sie auch w\u00e4hrend ihres Studiums der Kommunikationswissenschaft und \u00d6kologie ihrer Heimatstadt treu geblieben. Gleich nach dem Studium ist sie zu SalzburgerLand Tourismus (SLTG) gegangen und hat hier von 1998 - 2004 u.a. die SalzburgerLand Card betreut. Dabei ist sie viel herumgekommen, wodurch auch die Liebe zum SalzburgerLand enstanden und gewachsen ist. Nach der Geburt ihrer Tochter im September 2004 hat sich Ulli Hammerl 2007 mit einer Agentur selbst\u00e4ndig gemacht. Mein pers\u00f6nlicher Logenplatz: Hoch \u00fcber Salzburg, abseits der stark begangenen Wege mit Blick auf die D\u00e4cher und Kircht\u00fcrme der Stadt \u2013 hier geht mir das Herz auf! Morgen- oder Abendmensch: Ganz klar: Morgenmensch. Wenn um 5.00 Uhr fr\u00fch die V\u00f6gel zwitschern und rund herum noch alles in tiefer Ruhe versinkt, dann ist meine Zeit. Ausgeschlafen, Energie geladen und voller Tatendrang starte ich am liebsten in den fr\u00fchen Morgenstunden in den Tag. Daf\u00fcr kann man nach 21.00 Uhr nicht mehr mit mir rechnen. Buch oder Film: Es gibt nichts Sch\u00f6neres, als es sich am Ende des Tages auf der Couch gem\u00fctlich zu machen und in die Gedankenwelt eines guten Buches einzutauchen \u2013 Lesen ist Abenteuer im Kopf. Wandern, Spazierengehen oder Laufen: alles drei und zwar am besten jeden Tag. Mit ein bisschen Zeiteinteilung geht es sich tats\u00e4chlich fast gehen Tag aus, drau\u00dfen unterwegs zu sein. Fr\u00fchling, Sommer, Herbst oder Winter: Ich kann es im Fr\u00fchling kaum erwarten, die ersten Gr\u00fcnschattierungen in der Natur zu entdecken. Ich liebe hei\u00dfe Sommertage am See und laue Sommerabende am Balkon. Ich mag es, wenn im Herbst die W\u00e4lder in einem Meer aus Farben erstrahlen, Laubrascheln und Kastanien sammeln. Und ich freue mich wie ein Kind, wenn im Dezember die ersten Schneeflocken vom Himmel schweben. Die vier Jahreszeiten sind etwas Wunderbares.","url":"https:\/\/www.salzburgerland.com\/de\/magazin\/author\/ulli-hammerl\/"}]}},"_wl_alt_label":[],"wl:entity_url":"http:\/\/open.salzburgerland.com\/magazin\/post\/hochseilparks_im_salzburgerland_fuer_adrenalinkicks_im_wald","_links":{"self":[{"href":"https:\/\/www.salzburgerland.com\/de\/magazin\/wp-json\/wp\/v2\/posts\/36668","targetHints":{"allow":["GET"]}}],"collection":[{"href":"https:\/\/www.salzburgerland.com\/de\/magazin\/wp-json\/wp\/v2\/posts"}],"about":[{"href":"https:\/\/www.salzburgerland.com\/de\/magazin\/wp-json\/wp\/v2\/types\/post"}],"author":[{"embeddable":true,"href":"https:\/\/www.salzburgerland.com\/de\/magazin\/wp-json\/wp\/v2\/users\/90"}],"replies":[{"embeddable":true,"href":"https:\/\/www.salzburgerland.com\/de\/magazin\/wp-json\/wp\/v2\/comments?post=36668"}],"version-history":[{"count":2,"href":"https:\/\/www.salzburgerland.com\/de\/magazin\/wp-json\/wp\/v2\/posts\/36668\/revisions"}],"predecessor-version":[{"id":182030,"href":"https:\/\/www.salzburgerland.com\/de\/magazin\/wp-json\/wp\/v2\/posts\/36668\/revisions\/182030"}],"wp:featuredmedia":[{"embeddable":true,"href":"https:\/\/www.salzburgerland.com\/de\/magazin\/wp-json\/wp\/v2\/media\/36689"}],"wp:attachment":[{"href":"https:\/\/www.salzburgerland.com\/de\/magazin\/wp-json\/wp\/v2\/media?parent=36668"}],"wp:term":[{"taxonomy":"category","embeddable":true,"href":"https:\/\/www.salzburgerland.com\/de\/magazin\/wp-json\/wp\/v2\/categories?post=36668"},{"taxonomy":"post_tag","embeddable":true,"href":"https:\/\/www.salzburgerland.com\/de\/magazin\/wp-json\/wp\/v2\/tags?post=36668"},{"taxonomy":"wl_entity_type","embeddable":true,"href":"https:\/\/www.salzburgerland.com\/de\/magazin\/wp-json\/wp\/v2\/wl_entity_type?post=36668"},{"taxonomy":"monatsauswahl","embeddable":true,"href":"https:\/\/www.salzburgerland.com\/de\/magazin\/wp-json\/wp\/v2\/monatsauswahl?post=36668"}],"curies":[{"name":"wp","href":"https:\/\/api.w.org\/{rel}","templated":true}]}}