{"id":36259,"date":"2013-05-22T23:18:12","date_gmt":"2013-05-22T21:18:12","guid":{"rendered":"http:\/\/magazin.salzburgerland.com\/?p=36259"},"modified":"2019-12-19T14:24:48","modified_gmt":"2019-12-19T13:24:48","slug":"flussiges-gold-aus-der-smaragdgemeinde","status":"publish","type":"post","link":"https:\/\/www.salzburgerland.com\/de\/magazin\/flussiges-gold-aus-der-smaragdgemeinde\/","title":{"rendered":"Fl\u00fcssiges Gold aus der Smaragdgemeinde"},"content":{"rendered":"\n<p>\u201eAn apple a day keeps the Doctor away\u201c \u2013 frei nach diesem Sprichwort m\u00fc\u00dften die Einwohner der <a href=\"http:\/\/www.bramberg.at\/\" target=\"_blank\" rel=\"noopener noreferrer\">Genussregion Bramberg<\/a> besonders gesunde Leute sein, denn in dem kleinen Ort im Oberpinzgau dreht sich alles um den saftigen Apfel.<\/p>\n\n\n\n<p>Klimatisch gesehen ist Bramberg eigentlich nicht die klassische Obstanbauregion. Der wundersch\u00f6ne Ort am Eingang des smaragdreichen Habachtals, im Herzen des Nationalparks Hohe Tauern, ist eingerahmt von den schneebedeckten Gipfeln der Dreitausender. Inmitten dieser gr\u00fcnen Naturkulisse und glitzernden Gletscherwelten hat der Obstanbau aber trotz der frostigen N\u00e4chte im Fr\u00fchjahr und Herbst bereits lange Tradition.<\/p>\n\n\n<div class=\"mag-gallery\"><div class=\"row\"><div class=\"col-6 col-sm-4\"><figure><a class=\"thumb-container\" href=\"https:\/\/www.salzburgerland.com\/de\/magazin\/wp-content\/uploads\/2013\/05\/EDI_4681-1280x1024.jpg\">\t<picture><source media=\"(min-width: 576px)\" srcset=\"https:\/\/www.salzburgerland.com\/de\/magazin\/wp-content\/uploads\/2013\/05\/EDI_4681-325x209.jpg 325w, https:\/\/www.salzburgerland.com\/de\/magazin\/wp-content\/uploads\/2013\/05\/EDI_4681-249x160.jpg 249w\"><\/source><source media=\"(min-width: 0)\" srcset=\"https:\/\/www.salzburgerland.com\/de\/magazin\/wp-content\/uploads\/2013\/05\/EDI_4681-249x160.jpg 249w, https:\/\/www.salzburgerland.com\/de\/magazin\/wp-content\/uploads\/2013\/05\/EDI_4681-325x209.jpg 325w\"><\/source><img decoding=\"async\" alt=\"Schild in einem Gartenbeet mit deutschem Text &uuml;ber eine Apfelbaumsorte, neben einem kleinen dekorativen blauen Haus.\" src=\"https:\/\/www.salzburgerland.com\/de\/magazin\/wp-content\/uploads\/2013\/05\/EDI_4681.jpg\">\t<\/picture><\/a><\/figure><\/div><div class=\"col-6 col-sm-4\"><figure><a class=\"thumb-container\" href=\"https:\/\/www.salzburgerland.com\/de\/magazin\/wp-content\/uploads\/2013\/05\/EDI_4671-1280x1024.jpg\">\t<picture><source media=\"(min-width: 576px)\" srcset=\"https:\/\/www.salzburgerland.com\/de\/magazin\/wp-content\/uploads\/2013\/05\/EDI_4671-325x209.jpg 325w, https:\/\/www.salzburgerland.com\/de\/magazin\/wp-content\/uploads\/2013\/05\/EDI_4671-249x160.jpg 249w\"><\/source><source media=\"(min-width: 0)\" srcset=\"https:\/\/www.salzburgerland.com\/de\/magazin\/wp-content\/uploads\/2013\/05\/EDI_4671-249x160.jpg 249w, https:\/\/www.salzburgerland.com\/de\/magazin\/wp-content\/uploads\/2013\/05\/EDI_4671-325x209.jpg 325w\"><\/source><img decoding=\"async\" alt=\"Wei&szlig;es Haus und Kirche mit Balkon auf einer gr&uuml;nen Wiese, umgeben von B&auml;umen und H&uuml;geln unter einem blauen Himmel.\" src=\"https:\/\/www.salzburgerland.com\/de\/magazin\/wp-content\/uploads\/2013\/05\/EDI_4671.jpg\">\t<\/picture><\/a><\/figure><\/div><\/div><figcaption><\/figcaption><\/div>\n\n\n\n<p>Christian V\u00f6tter vom <a rel=\"noopener noreferrer\" href=\"http:\/\/tauriska.net\/\" target=\"_blank\">Kulturverein Tauriska<\/a> ist einer der \u201eApfelpioniere\u201c des Ortes, und bei meinem Treffen in Bramberg erz\u00e4hlt er, wie alles begann: \u201eSchon um 1850 wurden hier in Bramberg Apfelsorten wie Zwiebler, Borsdorfer, Weinling und Spitzling erfolgreich kultiviert. Nach der Jahrhundertwende pr\u00e4gte der Obst- und Gartenbauverein den obstbaulichen Aufschwung im Ort. Vor allem Obmann Georg Steiner nahm sich damals sehr um den b\u00e4uerlichen Obstbau an: Auf der Schattenseite des Salzachtales gelegen, von den gef\u00fcrchteten Sp\u00e4tfr\u00f6sten verschont, erzielte er in seinem gro\u00dfen Baumgarten, dem jetzigen <a rel=\"noopener noreferrer\" href=\"http:\/\/www.wildkogel-arena.at\/de\/sommer\/wandern\/lehr-und-themenwege.html\" target=\"_blank\">Nationalpark Pomarium<\/a>, mit allen Wirtschaftssorten der Region ausgezeichnete Erfolge. Doch leider wurden dann die Obstb\u00e4ume weniger \u2013 die Leute wussten nicht, was sie mit den Fr\u00fcchten anfangen sollten. Damit unsere alten Apfelsorten in Zukunft nicht zu einer Fu\u00dfnote der Botanik verkommen, m\u00fcssen wir alles tun um sie zu erhalten.Die Smaragdgemeinde Bramberg und die Urlaubs-Arena Wildkogel Bramberg Neukirchen unterst\u00fctzen sehr gut, es ist f\u00fcr Projekte immer sehr wichtig wenn es gemeinsam getragen wird.\u201c<\/p>\n\n\n<div class=\"mag-gallery\"><div class=\"row\"><div class=\"col-6 col-sm-4\"><figure><a class=\"thumb-container\" href=\"https:\/\/www.salzburgerland.com\/de\/magazin\/wp-content\/uploads\/2013\/05\/bk_sbo_318-1280x1024.jpg\">\t<picture><source media=\"(min-width: 576px)\" srcset=\"\"><\/source><source media=\"(min-width: 0)\" srcset=\"https:\/\/www.salzburgerland.com\/de\/magazin\/wp-content\/uploads\/2013\/05\/bk_sbo_318.jpg 289w, https:\/\/www.salzburgerland.com\/de\/magazin\/wp-content\/uploads\/2013\/05\/bk_sbo_318-199x300.jpg 199w, https:\/\/www.salzburgerland.com\/de\/magazin\/wp-content\/uploads\/2013\/05\/bk_sbo_318-266x400.jpg 266w\"><\/source><img decoding=\"async\" alt=\"Ein Glas Apfelsaft neben einem roten Apfel mit gr&uuml;nen Bl&auml;ttern auf einer wei&szlig;en Fl&auml;che.\" src=\"https:\/\/www.salzburgerland.com\/de\/magazin\/wp-content\/uploads\/2013\/05\/bk_sbo_318.jpg\">\t<\/picture><\/a><\/figure><\/div><div class=\"col-6 col-sm-4\"><figure><a class=\"thumb-container\" href=\"https:\/\/www.salzburgerland.com\/de\/magazin\/wp-content\/uploads\/2013\/05\/bk_sbo_200-1280x1024.jpg\">\t<picture><source media=\"(min-width: 576px)\" srcset=\"https:\/\/www.salzburgerland.com\/de\/magazin\/wp-content\/uploads\/2013\/05\/bk_sbo_200-325x209.jpg 325w, https:\/\/www.salzburgerland.com\/de\/magazin\/wp-content\/uploads\/2013\/05\/bk_sbo_200-249x160.jpg 249w\"><\/source><source media=\"(min-width: 0)\" srcset=\"https:\/\/www.salzburgerland.com\/de\/magazin\/wp-content\/uploads\/2013\/05\/bk_sbo_200-249x160.jpg 249w, https:\/\/www.salzburgerland.com\/de\/magazin\/wp-content\/uploads\/2013\/05\/bk_sbo_200-325x209.jpg 325w\"><\/source><img decoding=\"async\" alt=\"Mann sitzt im Gras neben einem gro&szlig;en Korb mit &Auml;pfeln und h&auml;lt ein Glas Apfelsaft in einem Obstgarten.\" src=\"https:\/\/www.salzburgerland.com\/de\/magazin\/wp-content\/uploads\/2013\/05\/bk_sbo_200.jpg\">\t<\/picture><\/a><\/figure><\/div><\/div><figcaption><\/figcaption><\/div>\n\n\n\n<h2 class=\"wp-block-heading\">Apfelspeck und Apfelbrot<\/h2>\n\n\n\n<p>Und so startete Christian V\u00f6tter gemeinsam mit dem amtierenden Obmann des Obst- und Gartenbauvereins, Toni Lassacher, ein zukunftsweisendes Projekt: \u201eWir haben es uns zum Ziel gesetzt, diesen Reichtum an alten Apfelsorten der Nachwelt zu erhalten. Nach dem Motto ,geht nicht \u2013 gibt\u2019s nicht\u2018 haben wir eine moderne Obstpresse angeschafft und ein umfassendes Konzept zur nachhaltigen regionalen Vermarktung des Apfels erstellt. Wir bauen dabei die regionalen Betriebe wie Metzger, B\u00e4cker, Bierbrauer oder Imker mit ein, um sie im Ort zu halten und machen die Produkte sichtbar. Als <a href=\"http:\/\/www.obstpresse.at\/html_haupt\/produkte.html\" target=\"_blank\" rel=\"noopener noreferrer\">besondere Spezialit\u00e4ten<\/a> gelten dabei das Bramberger Apfelbrot, der \u201eOriginal Apfel- Minigugelhupf\u201c, ein M\u00fcrbteigkeks mit Apfelmarmelade, Apfeleis oder der mittels Apfeltrester veredelter Rinderspeck. So sind die Bramberger auch motiviert, wieder Obstb\u00e4ume zu pflanzen. Seit 2006 wurden um die 10 000 Obstb\u00e4ume neu gesetzt.\u201c<\/p>\n\n\n\n<p>W\u00e4hrend wir zum Garten der Hauptschule spazieren, zeigt mir Christian V\u00f6tter, wie sehr ihre Bem\u00fchungen um den Apfel mittlerweile in der Gemeinde verwurzelt sind: \u201eF\u00fcr jeden Bramberger, der von der Gemeinde wegzieht, wird wie etwa hier im Pfarrhausgarten, ein Obstbaum gepflanzt, f\u00fcr den sie die Patenschaft \u00fcbernehmen. So wissen sie immer wo ihre Wurzeln sind. Ein Baum steht neben der Verwurzelung auch f\u00fcr Wachstum und Entwicklung, und so darf sich jeder Sch\u00fcler durch das Schulprojekt ,Mein Obstbaum\u2018 beim Eintritt in die Hauptschule einen Obstbaum aussuchen. Dieser wird im Schulgarten angepflanzt und \u00fcber die vier Schuljahre von den Kindern gehegt. Beim Verlassen der Schule nehmen die Sch\u00fcler den Baum mit, um ihn daheim einzupflanzen.\u201c<\/p>\n\n\n<div class=\"mag-gallery\"><div class=\"row\"><div class=\"col-6 col-sm-4\"><figure><a class=\"thumb-container\" href=\"https:\/\/www.salzburgerland.com\/de\/magazin\/wp-content\/uploads\/2013\/05\/EDI_4678-1280x1024.jpg\">\t<picture><source media=\"(min-width: 576px)\" srcset=\"https:\/\/www.salzburgerland.com\/de\/magazin\/wp-content\/uploads\/2013\/05\/EDI_4678-325x209.jpg 325w, https:\/\/www.salzburgerland.com\/de\/magazin\/wp-content\/uploads\/2013\/05\/EDI_4678-249x160.jpg 249w\"><\/source><source media=\"(min-width: 0)\" srcset=\"https:\/\/www.salzburgerland.com\/de\/magazin\/wp-content\/uploads\/2013\/05\/EDI_4678-249x160.jpg 249w, https:\/\/www.salzburgerland.com\/de\/magazin\/wp-content\/uploads\/2013\/05\/EDI_4678-325x209.jpg 325w\"><\/source><img decoding=\"async\" alt=\"Ein Mann steht auf einem Kiesweg zwischen Pflanzen, mit einer Kirche und Bergen im Hintergrund.\" src=\"https:\/\/www.salzburgerland.com\/de\/magazin\/wp-content\/uploads\/2013\/05\/EDI_4678.jpg\">\t<\/picture><\/a><\/figure><\/div><div class=\"col-6 col-sm-4\"><figure><a class=\"thumb-container\" href=\"https:\/\/www.salzburgerland.com\/de\/magazin\/wp-content\/uploads\/2013\/05\/bk_sbo_251-1280x1024.jpg\">\t<picture><source media=\"(min-width: 576px)\" srcset=\"https:\/\/www.salzburgerland.com\/de\/magazin\/wp-content\/uploads\/2013\/05\/bk_sbo_251-325x209.jpg 325w, https:\/\/www.salzburgerland.com\/de\/magazin\/wp-content\/uploads\/2013\/05\/bk_sbo_251-249x160.jpg 249w\"><\/source><source media=\"(min-width: 0)\" srcset=\"https:\/\/www.salzburgerland.com\/de\/magazin\/wp-content\/uploads\/2013\/05\/bk_sbo_251-249x160.jpg 249w, https:\/\/www.salzburgerland.com\/de\/magazin\/wp-content\/uploads\/2013\/05\/bk_sbo_251-325x209.jpg 325w\"><\/source><img decoding=\"async\" alt=\"Ein Mann mit einem Getr&auml;nk und eine Frau mit einem Obstkorb l&auml;cheln unter B&auml;umen in einer sonnigen, l&auml;ndlichen Umgebung.\" src=\"https:\/\/www.salzburgerland.com\/de\/magazin\/wp-content\/uploads\/2013\/05\/bk_sbo_251.jpg\">\t<\/picture><\/a><\/figure><\/div><\/div><figcaption><\/figcaption><\/div>\n\n\n\n<h2 class=\"wp-block-heading\">Fl\u00fcssiges Gold \u2013 frisch gepresster Bramberger Apfelsaft<\/h2>\n\n\n\n<p>Unser n\u00e4chster Weg f\u00fchrt uns zum Geb\u00e4ude des Wilhelmstalls beim <a href=\"http:\/\/www.museumbramberg.at\/\" target=\"_blank\" rel=\"noopener noreferrer\">Museum Bramberg<\/a> und dem <a href=\"http:\/\/www.wollstadel.at\/home.html\" target=\"_blank\" rel=\"noopener noreferrer\">\u201eWollstadl\u201c<\/a>.&nbsp; Hier betreibt der Obst- und Gartenbauverein Bramberg seit 2006 die Obstpressanlage, die auch kleinere Mengen verarbeitet und zu k\u00f6stlichem Obstsaft presst. Das von den rund 500 Mitgliedern geerntete Obst wird dort zuerst gewaschen und zerkleinert. Anschlie\u00dfend wird der Saft in der Einbandpresse gepresst. Der Saft kommt dann zur Zentrifuge, in der die beim Pressen zur\u00fcckgebliebenen Obstteilchen aus dem Saft geschleudert werden. Zur Erhaltung des Aromas wird der Saft danach bei ca. 75 \u00b0C sanft und langsam pasteurisiert und in 3, 5 oder 10 Liter \u201eBags in Box&#8220; gef\u00fcllt. Christian V\u00f6tter erkl\u00e4rt: \u201eUnter Luftausschluss bleibt der Saft in diesen Boxen \u00fcber Jahre frisch. Allerdings d\u00fcrfte die Saft-Box schon l\u00e4ngst vorher geleert sein. Und einmal ge\u00f6ffnet, bleibt der Saft hier sogar noch \u00fcber Monate frisch. Wir f\u00fcllen den Apfelsaft auch in trendigen Dosen ab \u2013 f\u00fcr Jugendliche die gesunde Alternative zu herk\u00f6mmlichen Soft-Drinks. Diese sind auch an Tankstellen und im regionalen Handel erh\u00e4ltlich.\u201c<\/p>\n\n\n<div class=\"mag-gallery\"><div class=\"row\"><div class=\"col-6 col-sm-4\"><figure><a class=\"thumb-container\" href=\"https:\/\/www.salzburgerland.com\/de\/magazin\/wp-content\/uploads\/2013\/05\/bk_sbo_057-1280x1024.jpg\">\t<picture><source media=\"(min-width: 576px)\" srcset=\"https:\/\/www.salzburgerland.com\/de\/magazin\/wp-content\/uploads\/2013\/05\/bk_sbo_057-325x209.jpg 325w, https:\/\/www.salzburgerland.com\/de\/magazin\/wp-content\/uploads\/2013\/05\/bk_sbo_057-249x160.jpg 249w\"><\/source><source media=\"(min-width: 0)\" srcset=\"https:\/\/www.salzburgerland.com\/de\/magazin\/wp-content\/uploads\/2013\/05\/bk_sbo_057-249x160.jpg 249w, https:\/\/www.salzburgerland.com\/de\/magazin\/wp-content\/uploads\/2013\/05\/bk_sbo_057-325x209.jpg 325w\"><\/source><img decoding=\"async\" alt=\"Ein l&auml;chelnder Mann sch&uuml;ttet &Auml;pfel aus einem Korb in eine Maschine in einem hellen, sauberen Verarbeitungsbereich.\" src=\"https:\/\/www.salzburgerland.com\/de\/magazin\/wp-content\/uploads\/2013\/05\/bk_sbo_057.jpg\">\t<\/picture><\/a><\/figure><\/div><div class=\"col-6 col-sm-4\"><figure><a class=\"thumb-container\" href=\"https:\/\/www.salzburgerland.com\/de\/magazin\/wp-content\/uploads\/2013\/05\/bk_sbo_104-1280x1024.jpg\">\t<picture><source media=\"(min-width: 576px)\" srcset=\"https:\/\/www.salzburgerland.com\/de\/magazin\/wp-content\/uploads\/2013\/05\/bk_sbo_104-325x209.jpg 325w, https:\/\/www.salzburgerland.com\/de\/magazin\/wp-content\/uploads\/2013\/05\/bk_sbo_104-249x160.jpg 249w\"><\/source><source media=\"(min-width: 0)\" srcset=\"https:\/\/www.salzburgerland.com\/de\/magazin\/wp-content\/uploads\/2013\/05\/bk_sbo_104-249x160.jpg 249w, https:\/\/www.salzburgerland.com\/de\/magazin\/wp-content\/uploads\/2013\/05\/bk_sbo_104-325x209.jpg 325w\"><\/source><img decoding=\"async\" alt=\"Gr&uuml;ne Kiste mit Apfeldrucken auf einem Holzst&auml;nder neben einem Sack mit &Auml;pfeln im Gras neben einem Wagenrad.\" src=\"https:\/\/www.salzburgerland.com\/de\/magazin\/wp-content\/uploads\/2013\/05\/bk_sbo_104.jpg\">\t<\/picture><\/a><\/figure><\/div><\/div><figcaption><\/figcaption><\/div>\n\n\n\n<p>Dieser Pioniergeist rund um den Apfel zeigt, dass die Leute in den Hohen Tauern am liebsten selber anpacken und Christian V\u00f6tter best\u00e4tigt: \u201eFrei sein, wie der Himmel \u00fcber dem Wildkogel. Das ist ein gutes Gef\u00fchl. Und es f\u00e4llt uns immer wieder etwas Neues ein, um unsere Gemeinschaft ein gutes St\u00fcck unabh\u00e4ngiger zu machen.\u201c<\/p>\n\n\n\n<p>Die Obstpresse kann&nbsp; an den Obstpresstagen im Herbst besichtigt werden. Dabei sieht man auch, wie die heimischen Obstbaumbesitzer ihr Obst anliefern und wie es verarbeitet wird. Ausserhalb dieser Zeit sind Besichtigungen gegen Voranmeldung m\u00f6glich.<\/p>\n\n\n\n<p><strong>Kontakt<\/strong>:<br>\nVerein TAURISKA<br>\nChristian V\u00f6tter<br>\n<a href=\"mailto:office@tauriska.at\" target=\"_blank\" rel=\"noopener noreferrer\">office@tauriska.at<\/a><\/p>\n\n\n\n<p>Fotos&nbsp;\u00a9 Rita Newman<\/p>\n","protected":false},"excerpt":{"rendered":"<p>\u201eAn apple a day keeps the Doctor away\u201c \u2013 frei nach diesem Sprichwort m\u00fc\u00dften die Einwohner der Genussregion Bramberg besonders gesunde Leute sein, denn in dem kleinen Ort im Oberpinzgau dreht sich alles um den saftigen Apfel. Klimatisch gesehen ist Bramberg eigentlich nicht die klassische Obstanbauregion. Der wundersch\u00f6ne Ort am Eingang des smaragdreichen Habachtals, im [&hellip;]<\/p>\n","protected":false},"author":11,"featured_media":36275,"comment_status":"open","ping_status":"open","sticky":false,"template":"","format":"standard","meta":{"_acf_changed":false,"wl_entities_gutenberg":"","_wl_entity_redirect_enabled":"","footnotes":""},"categories":[3],"tags":[240],"wl_entity_type":[306],"monatsauswahl":[86,87,88,89,90,91],"class_list":["post-36259","post","type-post","status-publish","format-standard","has-post-thumbnail","hentry","category-essen-trinken","tag-nationalpark","wl_entity_type-article","monatsauswahl-monat_5","monatsauswahl-monat_6","monatsauswahl-monat_7","monatsauswahl-monat_8","monatsauswahl-monat_9","monatsauswahl-monat_10"],"acf":[],"yoast_head":"<!-- This site is optimized with the Yoast SEO Premium plugin v27.4 (Yoast SEO v27.4) - https:\/\/yoast.com\/product\/yoast-seo-premium-wordpress\/ -->\n<title>Fl\u00fcssiges Gold aus der Smaragdgemeinde - SalzburgerLand Magazin<\/title>\n<meta name=\"description\" content=\"\u201eAn apple a day keeps the Doctor away\u201c \u2013 frei nach diesem Sprichwort m\u00fc\u00dften die Einwohner der Genussregion Bramberg besonders gesunde Leute sein, denn in dem kleinen Ort im Oberpinzgau dreht sich alles um den saftigen Apfel. Klimatisch gesehen ist Bramberg eigentlich nicht die klassische Obstanbauregion. Der wundersch\u00f6ne Ort am Eingang des smaragdreichen Habachtals, im [&hellip;]\" \/>\n<meta name=\"robots\" content=\"index, follow, max-snippet:-1, max-image-preview:large, max-video-preview:-1\" \/>\n<link rel=\"canonical\" href=\"https:\/\/www.salzburgerland.com\/de\/magazin\/flussiges-gold-aus-der-smaragdgemeinde\/\" \/>\n<meta property=\"og:locale\" content=\"de_DE\" \/>\n<meta property=\"og:type\" content=\"article\" \/>\n<meta property=\"og:title\" content=\"Fl\u00fcssiges Gold aus der Smaragdgemeinde\" \/>\n<meta property=\"og:description\" content=\"\u201eAn apple a day keeps the Doctor away\u201c \u2013 frei nach diesem Sprichwort m\u00fc\u00dften die Einwohner der Genussregion Bramberg besonders gesunde Leute sein, denn in dem kleinen Ort im Oberpinzgau dreht sich alles um den saftigen Apfel. Klimatisch gesehen ist Bramberg eigentlich nicht die klassische Obstanbauregion. Der wundersch\u00f6ne Ort am Eingang des smaragdreichen Habachtals, im [&hellip;]\" \/>\n<meta property=\"og:url\" content=\"https:\/\/www.salzburgerland.com\/de\/magazin\/flussiges-gold-aus-der-smaragdgemeinde\/\" \/>\n<meta property=\"og:site_name\" content=\"SalzburgerLand Magazin\" \/>\n<meta property=\"article:publisher\" content=\"https:\/\/www.facebook.com\/salzburgerland\/\" \/>\n<meta property=\"article:published_time\" content=\"2013-05-22T21:18:12+00:00\" \/>\n<meta property=\"article:modified_time\" content=\"2019-12-19T13:24:48+00:00\" \/>\n<meta property=\"og:image\" content=\"https:\/\/www.salzburgerland.com\/de\/magazin\/wp-content\/uploads\/2013\/05\/bk_sbo_266.jpg\" \/>\n\t<meta property=\"og:image:width\" content=\"650\" \/>\n\t<meta property=\"og:image:height\" content=\"432\" \/>\n\t<meta property=\"og:image:type\" content=\"image\/jpeg\" \/>\n<meta name=\"author\" content=\"Edith Danzer\" \/>\n<meta name=\"twitter:card\" content=\"summary_large_image\" \/>\n<meta name=\"twitter:creator\" content=\"@Salzburgerland\" \/>\n<meta name=\"twitter:site\" content=\"@Salzburgerland\" \/>\n<meta name=\"twitter:label1\" content=\"Verfasst von\" \/>\n\t<meta name=\"twitter:data1\" content=\"Edith Danzer\" \/>\n\t<meta name=\"twitter:label2\" content=\"Gesch\u00e4tzte Lesezeit\" \/>\n\t<meta name=\"twitter:data2\" content=\"4\u00a0Minuten\" \/>\n<script type=\"application\/ld+json\" class=\"yoast-schema-graph\">{\"@context\":\"https:\\\/\\\/schema.org\",\"@graph\":[{\"@type\":\"Article\",\"@id\":\"https:\\\/\\\/www.salzburgerland.com\\\/de\\\/magazin\\\/flussiges-gold-aus-der-smaragdgemeinde\\\/#article\",\"isPartOf\":{\"@id\":\"https:\\\/\\\/www.salzburgerland.com\\\/de\\\/magazin\\\/flussiges-gold-aus-der-smaragdgemeinde\\\/\"},\"author\":{\"name\":\"Edith Danzer\",\"@id\":\"https:\\\/\\\/www.salzburgerland.com\\\/de\\\/magazin\\\/#\\\/schema\\\/person\\\/79452c699c410aa31a119426313748de\"},\"headline\":\"Fl\u00fcssiges Gold aus der Smaragdgemeinde\",\"datePublished\":\"2013-05-22T21:18:12+00:00\",\"dateModified\":\"2019-12-19T13:24:48+00:00\",\"mainEntityOfPage\":{\"@id\":\"https:\\\/\\\/www.salzburgerland.com\\\/de\\\/magazin\\\/flussiges-gold-aus-der-smaragdgemeinde\\\/\"},\"wordCount\":815,\"commentCount\":0,\"publisher\":{\"@id\":\"https:\\\/\\\/www.salzburgerland.com\\\/de\\\/magazin\\\/#organization\"},\"image\":{\"@id\":\"https:\\\/\\\/www.salzburgerland.com\\\/de\\\/magazin\\\/flussiges-gold-aus-der-smaragdgemeinde\\\/#primaryimage\"},\"thumbnailUrl\":\"https:\\\/\\\/www.salzburgerland.com\\\/de\\\/magazin\\\/wp-content\\\/uploads\\\/2013\\\/05\\\/bk_sbo_266.jpg\",\"keywords\":[\"nationalpark\"],\"articleSection\":[\"Essen &amp; Trinken\"],\"inLanguage\":\"de\",\"potentialAction\":[{\"@type\":\"CommentAction\",\"name\":\"Comment\",\"target\":[\"https:\\\/\\\/www.salzburgerland.com\\\/de\\\/magazin\\\/flussiges-gold-aus-der-smaragdgemeinde\\\/#respond\"]}]},{\"@type\":\"WebPage\",\"@id\":\"https:\\\/\\\/www.salzburgerland.com\\\/de\\\/magazin\\\/flussiges-gold-aus-der-smaragdgemeinde\\\/\",\"url\":\"https:\\\/\\\/www.salzburgerland.com\\\/de\\\/magazin\\\/flussiges-gold-aus-der-smaragdgemeinde\\\/\",\"name\":\"Fl\u00fcssiges Gold aus der Smaragdgemeinde - SalzburgerLand Magazin\",\"isPartOf\":{\"@id\":\"https:\\\/\\\/www.salzburgerland.com\\\/de\\\/magazin\\\/#website\"},\"primaryImageOfPage\":{\"@id\":\"https:\\\/\\\/www.salzburgerland.com\\\/de\\\/magazin\\\/flussiges-gold-aus-der-smaragdgemeinde\\\/#primaryimage\"},\"image\":{\"@id\":\"https:\\\/\\\/www.salzburgerland.com\\\/de\\\/magazin\\\/flussiges-gold-aus-der-smaragdgemeinde\\\/#primaryimage\"},\"thumbnailUrl\":\"https:\\\/\\\/www.salzburgerland.com\\\/de\\\/magazin\\\/wp-content\\\/uploads\\\/2013\\\/05\\\/bk_sbo_266.jpg\",\"datePublished\":\"2013-05-22T21:18:12+00:00\",\"dateModified\":\"2019-12-19T13:24:48+00:00\",\"breadcrumb\":{\"@id\":\"https:\\\/\\\/www.salzburgerland.com\\\/de\\\/magazin\\\/flussiges-gold-aus-der-smaragdgemeinde\\\/#breadcrumb\"},\"inLanguage\":\"de\",\"potentialAction\":[{\"@type\":\"ReadAction\",\"target\":[\"https:\\\/\\\/www.salzburgerland.com\\\/de\\\/magazin\\\/flussiges-gold-aus-der-smaragdgemeinde\\\/\"]}]},{\"@type\":\"ImageObject\",\"inLanguage\":\"de\",\"@id\":\"https:\\\/\\\/www.salzburgerland.com\\\/de\\\/magazin\\\/flussiges-gold-aus-der-smaragdgemeinde\\\/#primaryimage\",\"url\":\"https:\\\/\\\/www.salzburgerland.com\\\/de\\\/magazin\\\/wp-content\\\/uploads\\\/2013\\\/05\\\/bk_sbo_266.jpg\",\"contentUrl\":\"https:\\\/\\\/www.salzburgerland.com\\\/de\\\/magazin\\\/wp-content\\\/uploads\\\/2013\\\/05\\\/bk_sbo_266.jpg\",\"width\":650,\"height\":432,\"caption\":\"Vom Pomarium (Obstlehrgarten mit 28 Apfelsorten) in die Flasche. c Rita Newman\"},{\"@type\":\"BreadcrumbList\",\"@id\":\"https:\\\/\\\/www.salzburgerland.com\\\/de\\\/magazin\\\/flussiges-gold-aus-der-smaragdgemeinde\\\/#breadcrumb\",\"itemListElement\":[{\"@type\":\"ListItem\",\"position\":1,\"name\":\"Startseite\",\"item\":\"https:\\\/\\\/www.salzburgerland.com\\\/de\\\/magazin\\\/\"},{\"@type\":\"ListItem\",\"position\":2,\"name\":\"Essen &amp; Trinken\",\"item\":\"https:\\\/\\\/www.salzburgerland.com\\\/de\\\/magazin\\\/thema\\\/essen-trinken\\\/\"},{\"@type\":\"ListItem\",\"position\":3,\"name\":\"Fl\u00fcssiges Gold aus der Smaragdgemeinde\"}]},{\"@type\":\"WebSite\",\"@id\":\"https:\\\/\\\/www.salzburgerland.com\\\/de\\\/magazin\\\/#website\",\"url\":\"https:\\\/\\\/www.salzburgerland.com\\\/de\\\/magazin\\\/\",\"name\":\"SalzburgerLand Magazin\",\"description\":\"Geschichten und Interessantes aus dem SalzburgerLand\",\"publisher\":{\"@id\":\"https:\\\/\\\/www.salzburgerland.com\\\/de\\\/magazin\\\/#organization\"},\"potentialAction\":[{\"@type\":\"SearchAction\",\"target\":{\"@type\":\"EntryPoint\",\"urlTemplate\":\"https:\\\/\\\/www.salzburgerland.com\\\/de\\\/magazin\\\/?s={search_term_string}\"},\"query-input\":{\"@type\":\"PropertyValueSpecification\",\"valueRequired\":true,\"valueName\":\"search_term_string\"}}],\"inLanguage\":\"de\"},{\"@type\":\"Organization\",\"@id\":\"https:\\\/\\\/www.salzburgerland.com\\\/de\\\/magazin\\\/#organization\",\"name\":\"SalzburgerLand Tourismus\",\"url\":\"https:\\\/\\\/www.salzburgerland.com\\\/de\\\/magazin\\\/\",\"logo\":{\"@type\":\"ImageObject\",\"inLanguage\":\"de\",\"@id\":\"https:\\\/\\\/www.salzburgerland.com\\\/de\\\/magazin\\\/#\\\/schema\\\/logo\\\/image\\\/\",\"url\":\"https:\\\/\\\/www.salzburgerland.com\\\/de\\\/magazin\\\/wp-content\\\/uploads\\\/2019\\\/06\\\/salzburgerland-logo1.jpg\",\"contentUrl\":\"https:\\\/\\\/www.salzburgerland.com\\\/de\\\/magazin\\\/wp-content\\\/uploads\\\/2019\\\/06\\\/salzburgerland-logo1.jpg\",\"width\":2011,\"height\":866,\"caption\":\"SalzburgerLand Tourismus\"},\"image\":{\"@id\":\"https:\\\/\\\/www.salzburgerland.com\\\/de\\\/magazin\\\/#\\\/schema\\\/logo\\\/image\\\/\"},\"sameAs\":[\"https:\\\/\\\/www.facebook.com\\\/salzburgerland\\\/\",\"https:\\\/\\\/x.com\\\/Salzburgerland\",\"https:\\\/\\\/www.instagram.com\\\/salzburgerland\\\/\",\"https:\\\/\\\/at.linkedin.com\\\/company\\\/salzburgerland-tourismus-gmbh\",\"https:\\\/\\\/www.pinterest.at\\\/salzburgerland\\\/\",\"https:\\\/\\\/www.youtube.com\\\/user\\\/salzburgerland\",\"https:\\\/\\\/de.wikipedia.org\\\/wiki\\\/SalzburgerLand_Tourismus_GmbH\"]},{\"@type\":\"Person\",\"@id\":\"https:\\\/\\\/www.salzburgerland.com\\\/de\\\/magazin\\\/#\\\/schema\\\/person\\\/79452c699c410aa31a119426313748de\",\"name\":\"Edith Danzer\",\"description\":\"Seit Jahren arbeite ich als freie Redakteurin und Fotografin im SalzburgerLand. Schreiben ist f\u00fcr mich nicht blo\u00df das Erstellen eines Textes. Es ist ein Komponieren einer wundervollen Melodie, ein Malen mit Buchstaben und Worten. Ich liebe die Begegnungen mit Menschen, die mir ihre Geschichte anvertrauen. Wenn man mich sucht, bin ich entweder am Schreibtisch (der auch mal am sonnigen H\u00fcttenbankerl stehen kann) oder mit meinem Husky-M\u00e4dl Ylvi am Berg, am See oder im Wald. Ich \u2026 \u2026 in ein paar Worten. \u2022 Lieber drau\u00dfen, als drinnen. \u2022 Lieber Norden, als S\u00fcden. \u2022 Lieber Buchstaben, als Zahlen. \u2022 Lieber Schnee, als Strand. \u2022 Lieber Berg, als Tal. \u2022 Lieber Nordlichter, als S\u00fcdseezauber. \u2022 Lieber H\u00fctte, als F\u00fcnfsternschuppen. \u2022 Lieber Hund, als Katze. \u2022 Lieber grader Michl, als falscher Fufzga. \u2022 Lieber mittendurch, als drumherum \u2022 Lieber Almleben, als Couchpotato\",\"url\":\"https:\\\/\\\/www.salzburgerland.com\\\/de\\\/magazin\\\/author\\\/edith-danzer\\\/\"}]}<\/script>\n<!-- \/ Yoast SEO Premium plugin. -->","yoast_head_json":{"title":"Fl\u00fcssiges Gold aus der Smaragdgemeinde - SalzburgerLand Magazin","description":"\u201eAn apple a day keeps the Doctor away\u201c \u2013 frei nach diesem Sprichwort m\u00fc\u00dften die Einwohner der Genussregion Bramberg besonders gesunde Leute sein, denn in dem kleinen Ort im Oberpinzgau dreht sich alles um den saftigen Apfel. Klimatisch gesehen ist Bramberg eigentlich nicht die klassische Obstanbauregion. Der wundersch\u00f6ne Ort am Eingang des smaragdreichen Habachtals, im [&hellip;]","robots":{"index":"index","follow":"follow","max-snippet":"max-snippet:-1","max-image-preview":"max-image-preview:large","max-video-preview":"max-video-preview:-1"},"canonical":"https:\/\/www.salzburgerland.com\/de\/magazin\/flussiges-gold-aus-der-smaragdgemeinde\/","og_locale":"de_DE","og_type":"article","og_title":"Fl\u00fcssiges Gold aus der Smaragdgemeinde","og_description":"\u201eAn apple a day keeps the Doctor away\u201c \u2013 frei nach diesem Sprichwort m\u00fc\u00dften die Einwohner der Genussregion Bramberg besonders gesunde Leute sein, denn in dem kleinen Ort im Oberpinzgau dreht sich alles um den saftigen Apfel. Klimatisch gesehen ist Bramberg eigentlich nicht die klassische Obstanbauregion. Der wundersch\u00f6ne Ort am Eingang des smaragdreichen Habachtals, im [&hellip;]","og_url":"https:\/\/www.salzburgerland.com\/de\/magazin\/flussiges-gold-aus-der-smaragdgemeinde\/","og_site_name":"SalzburgerLand Magazin","article_publisher":"https:\/\/www.facebook.com\/salzburgerland\/","article_published_time":"2013-05-22T21:18:12+00:00","article_modified_time":"2019-12-19T13:24:48+00:00","og_image":[{"width":650,"height":432,"url":"https:\/\/www.salzburgerland.com\/de\/magazin\/wp-content\/uploads\/2013\/05\/bk_sbo_266.jpg","type":"image\/jpeg"}],"author":"Edith Danzer","twitter_card":"summary_large_image","twitter_creator":"@Salzburgerland","twitter_site":"@Salzburgerland","twitter_misc":{"Verfasst von":"Edith Danzer","Gesch\u00e4tzte Lesezeit":"4\u00a0Minuten"},"schema":{"@context":"https:\/\/schema.org","@graph":[{"@type":"Article","@id":"https:\/\/www.salzburgerland.com\/de\/magazin\/flussiges-gold-aus-der-smaragdgemeinde\/#article","isPartOf":{"@id":"https:\/\/www.salzburgerland.com\/de\/magazin\/flussiges-gold-aus-der-smaragdgemeinde\/"},"author":{"name":"Edith Danzer","@id":"https:\/\/www.salzburgerland.com\/de\/magazin\/#\/schema\/person\/79452c699c410aa31a119426313748de"},"headline":"Fl\u00fcssiges Gold aus der Smaragdgemeinde","datePublished":"2013-05-22T21:18:12+00:00","dateModified":"2019-12-19T13:24:48+00:00","mainEntityOfPage":{"@id":"https:\/\/www.salzburgerland.com\/de\/magazin\/flussiges-gold-aus-der-smaragdgemeinde\/"},"wordCount":815,"commentCount":0,"publisher":{"@id":"https:\/\/www.salzburgerland.com\/de\/magazin\/#organization"},"image":{"@id":"https:\/\/www.salzburgerland.com\/de\/magazin\/flussiges-gold-aus-der-smaragdgemeinde\/#primaryimage"},"thumbnailUrl":"https:\/\/www.salzburgerland.com\/de\/magazin\/wp-content\/uploads\/2013\/05\/bk_sbo_266.jpg","keywords":["nationalpark"],"articleSection":["Essen &amp; Trinken"],"inLanguage":"de","potentialAction":[{"@type":"CommentAction","name":"Comment","target":["https:\/\/www.salzburgerland.com\/de\/magazin\/flussiges-gold-aus-der-smaragdgemeinde\/#respond"]}]},{"@type":"WebPage","@id":"https:\/\/www.salzburgerland.com\/de\/magazin\/flussiges-gold-aus-der-smaragdgemeinde\/","url":"https:\/\/www.salzburgerland.com\/de\/magazin\/flussiges-gold-aus-der-smaragdgemeinde\/","name":"Fl\u00fcssiges Gold aus der Smaragdgemeinde - SalzburgerLand Magazin","isPartOf":{"@id":"https:\/\/www.salzburgerland.com\/de\/magazin\/#website"},"primaryImageOfPage":{"@id":"https:\/\/www.salzburgerland.com\/de\/magazin\/flussiges-gold-aus-der-smaragdgemeinde\/#primaryimage"},"image":{"@id":"https:\/\/www.salzburgerland.com\/de\/magazin\/flussiges-gold-aus-der-smaragdgemeinde\/#primaryimage"},"thumbnailUrl":"https:\/\/www.salzburgerland.com\/de\/magazin\/wp-content\/uploads\/2013\/05\/bk_sbo_266.jpg","datePublished":"2013-05-22T21:18:12+00:00","dateModified":"2019-12-19T13:24:48+00:00","breadcrumb":{"@id":"https:\/\/www.salzburgerland.com\/de\/magazin\/flussiges-gold-aus-der-smaragdgemeinde\/#breadcrumb"},"inLanguage":"de","potentialAction":[{"@type":"ReadAction","target":["https:\/\/www.salzburgerland.com\/de\/magazin\/flussiges-gold-aus-der-smaragdgemeinde\/"]}]},{"@type":"ImageObject","inLanguage":"de","@id":"https:\/\/www.salzburgerland.com\/de\/magazin\/flussiges-gold-aus-der-smaragdgemeinde\/#primaryimage","url":"https:\/\/www.salzburgerland.com\/de\/magazin\/wp-content\/uploads\/2013\/05\/bk_sbo_266.jpg","contentUrl":"https:\/\/www.salzburgerland.com\/de\/magazin\/wp-content\/uploads\/2013\/05\/bk_sbo_266.jpg","width":650,"height":432,"caption":"Vom Pomarium (Obstlehrgarten mit 28 Apfelsorten) in die Flasche. c Rita Newman"},{"@type":"BreadcrumbList","@id":"https:\/\/www.salzburgerland.com\/de\/magazin\/flussiges-gold-aus-der-smaragdgemeinde\/#breadcrumb","itemListElement":[{"@type":"ListItem","position":1,"name":"Startseite","item":"https:\/\/www.salzburgerland.com\/de\/magazin\/"},{"@type":"ListItem","position":2,"name":"Essen &amp; Trinken","item":"https:\/\/www.salzburgerland.com\/de\/magazin\/thema\/essen-trinken\/"},{"@type":"ListItem","position":3,"name":"Fl\u00fcssiges Gold aus der Smaragdgemeinde"}]},{"@type":"WebSite","@id":"https:\/\/www.salzburgerland.com\/de\/magazin\/#website","url":"https:\/\/www.salzburgerland.com\/de\/magazin\/","name":"SalzburgerLand Magazin","description":"Geschichten und Interessantes aus dem SalzburgerLand","publisher":{"@id":"https:\/\/www.salzburgerland.com\/de\/magazin\/#organization"},"potentialAction":[{"@type":"SearchAction","target":{"@type":"EntryPoint","urlTemplate":"https:\/\/www.salzburgerland.com\/de\/magazin\/?s={search_term_string}"},"query-input":{"@type":"PropertyValueSpecification","valueRequired":true,"valueName":"search_term_string"}}],"inLanguage":"de"},{"@type":"Organization","@id":"https:\/\/www.salzburgerland.com\/de\/magazin\/#organization","name":"SalzburgerLand Tourismus","url":"https:\/\/www.salzburgerland.com\/de\/magazin\/","logo":{"@type":"ImageObject","inLanguage":"de","@id":"https:\/\/www.salzburgerland.com\/de\/magazin\/#\/schema\/logo\/image\/","url":"https:\/\/www.salzburgerland.com\/de\/magazin\/wp-content\/uploads\/2019\/06\/salzburgerland-logo1.jpg","contentUrl":"https:\/\/www.salzburgerland.com\/de\/magazin\/wp-content\/uploads\/2019\/06\/salzburgerland-logo1.jpg","width":2011,"height":866,"caption":"SalzburgerLand Tourismus"},"image":{"@id":"https:\/\/www.salzburgerland.com\/de\/magazin\/#\/schema\/logo\/image\/"},"sameAs":["https:\/\/www.facebook.com\/salzburgerland\/","https:\/\/x.com\/Salzburgerland","https:\/\/www.instagram.com\/salzburgerland\/","https:\/\/at.linkedin.com\/company\/salzburgerland-tourismus-gmbh","https:\/\/www.pinterest.at\/salzburgerland\/","https:\/\/www.youtube.com\/user\/salzburgerland","https:\/\/de.wikipedia.org\/wiki\/SalzburgerLand_Tourismus_GmbH"]},{"@type":"Person","@id":"https:\/\/www.salzburgerland.com\/de\/magazin\/#\/schema\/person\/79452c699c410aa31a119426313748de","name":"Edith Danzer","description":"Seit Jahren arbeite ich als freie Redakteurin und Fotografin im SalzburgerLand. Schreiben ist f\u00fcr mich nicht blo\u00df das Erstellen eines Textes. Es ist ein Komponieren einer wundervollen Melodie, ein Malen mit Buchstaben und Worten. Ich liebe die Begegnungen mit Menschen, die mir ihre Geschichte anvertrauen. Wenn man mich sucht, bin ich entweder am Schreibtisch (der auch mal am sonnigen H\u00fcttenbankerl stehen kann) oder mit meinem Husky-M\u00e4dl Ylvi am Berg, am See oder im Wald. Ich \u2026 \u2026 in ein paar Worten. \u2022 Lieber drau\u00dfen, als drinnen. \u2022 Lieber Norden, als S\u00fcden. \u2022 Lieber Buchstaben, als Zahlen. \u2022 Lieber Schnee, als Strand. \u2022 Lieber Berg, als Tal. \u2022 Lieber Nordlichter, als S\u00fcdseezauber. \u2022 Lieber H\u00fctte, als F\u00fcnfsternschuppen. \u2022 Lieber Hund, als Katze. \u2022 Lieber grader Michl, als falscher Fufzga. \u2022 Lieber mittendurch, als drumherum \u2022 Lieber Almleben, als Couchpotato","url":"https:\/\/www.salzburgerland.com\/de\/magazin\/author\/edith-danzer\/"}]}},"_wl_alt_label":[],"wl:entity_url":"http:\/\/open.salzburgerland.com\/magazin\/post\/fluessiges_gold_aus_der_smaragdgemeinde","_links":{"self":[{"href":"https:\/\/www.salzburgerland.com\/de\/magazin\/wp-json\/wp\/v2\/posts\/36259","targetHints":{"allow":["GET"]}}],"collection":[{"href":"https:\/\/www.salzburgerland.com\/de\/magazin\/wp-json\/wp\/v2\/posts"}],"about":[{"href":"https:\/\/www.salzburgerland.com\/de\/magazin\/wp-json\/wp\/v2\/types\/post"}],"author":[{"embeddable":true,"href":"https:\/\/www.salzburgerland.com\/de\/magazin\/wp-json\/wp\/v2\/users\/11"}],"replies":[{"embeddable":true,"href":"https:\/\/www.salzburgerland.com\/de\/magazin\/wp-json\/wp\/v2\/comments?post=36259"}],"version-history":[{"count":0,"href":"https:\/\/www.salzburgerland.com\/de\/magazin\/wp-json\/wp\/v2\/posts\/36259\/revisions"}],"wp:featuredmedia":[{"embeddable":true,"href":"https:\/\/www.salzburgerland.com\/de\/magazin\/wp-json\/wp\/v2\/media\/36275"}],"wp:attachment":[{"href":"https:\/\/www.salzburgerland.com\/de\/magazin\/wp-json\/wp\/v2\/media?parent=36259"}],"wp:term":[{"taxonomy":"category","embeddable":true,"href":"https:\/\/www.salzburgerland.com\/de\/magazin\/wp-json\/wp\/v2\/categories?post=36259"},{"taxonomy":"post_tag","embeddable":true,"href":"https:\/\/www.salzburgerland.com\/de\/magazin\/wp-json\/wp\/v2\/tags?post=36259"},{"taxonomy":"wl_entity_type","embeddable":true,"href":"https:\/\/www.salzburgerland.com\/de\/magazin\/wp-json\/wp\/v2\/wl_entity_type?post=36259"},{"taxonomy":"monatsauswahl","embeddable":true,"href":"https:\/\/www.salzburgerland.com\/de\/magazin\/wp-json\/wp\/v2\/monatsauswahl?post=36259"}],"curies":[{"name":"wp","href":"https:\/\/api.w.org\/{rel}","templated":true}]}}