{"id":35894,"date":"2013-05-15T19:41:35","date_gmt":"2013-05-15T17:41:35","guid":{"rendered":"http:\/\/magazin.salzburgerland.com\/?p=35894"},"modified":"2020-04-14T08:41:06","modified_gmt":"2020-04-14T06:41:06","slug":"klettergarten-in-salzburg","status":"publish","type":"post","link":"https:\/\/www.salzburgerland.com\/de\/magazin\/klettergarten-in-salzburg\/","title":{"rendered":"Kletterg\u00e4rten in Salzburg"},"content":{"rendered":"\n<p class=\"wp-block-slt-intro\">Der K\u00f6rper ist gespannt, die Finger der linken Hand umklammern den grauen Fels in Kopfh\u00f6he, die rechte Hand sucht Halt auf einem kleinen Vorsprung. Dann verlagere ich das K\u00f6rpergewicht und ziehe mich h\u00f6her.<\/p>\n\n\n\n<p>Wir sind in einem der gr\u00f6\u00dften Kletterg\u00e4rten im SalzburgerLand, in Filzmoos. Das weite Panorama des beeindruckenden Dachsteingebirges und der markanten Bischofsm\u00fctze im Gosaukamm ist \u00fcberw\u00e4ltigend. Die Gegend hier ist ein beliebtes Ziel von Wanderern und ein wichtiger St\u00fctzpunkt f\u00fcr Bergsteiger, die von hier aus unz\u00e4hlige Touren unternehmen k\u00f6nnen. Der attraktive Klettergarten unweit der Hofp\u00fcrgelh\u00fctte bietet etwa <a rel=\"noopener noreferrer\" href=\"http:\/\/www.klettergarten-filzmoos.at\/\" target=\"_blank\">300 verschiedene Kletterrouten<\/a> in allen Schwierigkeitsgraden mit unterschiedlichster L\u00e4nge und Exposition.<\/p>\n\n\n\n<h2 class=\"wp-block-heading\">Klettern ist gesund<\/h2>\n\n\n\n<p>Klettern bringt nicht nur jede Menge Spa\u00df \u2013 es ist auch gut f\u00fcr unsere Gesundheit. Es ist ein Sport, der sich wachsender Beliebtheit erfreut und viel an Entfaltungsm\u00f6glichkeiten f\u00fcr Jung und Alt und f\u00fcr alle Leistungsniveaus bietet. Und wie kaum eine andere Bewegungsform f\u00f6rdert Klettern den K\u00f6rper: \u201eFast die gesamte Muskulatur wird beansprucht. Kraft und Ausdauer in Verbindung mit Gleichgewichtsgef\u00fchl und Koordination werden beim Klettern trainiert. Dazu kommen mentale F\u00e4higkeiten wie Konzentration und Selbstvertrauen, die beim Klettern gest\u00e4rkt werden\u201c, wei\u00df unser Bergf\u00fchrer wieder mal. Gesichert mit Gurt und Seil geht es aus eigener Kraft hinauf. Je nach Schwierigkeitsgrad f\u00f6rdert diese nat\u00fcrliche Art der Bewegung &#8211; das Kraxeln &#8211; motorische F\u00e4higkeiten wie Gleichgewichtssinn, Kraft, Schnelligkeit, Reaktions- oder Konzentrationsf\u00e4higkeit.<\/p>\n\n\n\n<div class=\"wp-block-image\"><figure class=\"alignleft\"><a href=\"https:\/\/www.salzburgerland.com\/de\/magazin\/wp-content\/uploads\/2013\/05\/Filzmoos_-\u00aeJNottebrock_und_CSattler_201.jpg\"><img decoding=\"async\" src=\"https:\/\/www.salzburgerland.com\/de\/magazin\/wp-content\/uploads\/2013\/05\/Filzmoos_-\u00aeJNottebrock_und_CSattler_201-650x435.jpg\" alt=\"Filzmoos_-\u00aeJNottebrock_und_CSattler_20\" class=\"wp-image-35904\"\/><\/a><\/figure><\/div>\n\n\n\n<h2 class=\"wp-block-heading\"><strong>Klettern f\u00fcr den R\u00fccken<\/strong><\/h2>\n\n\n\n<p>Nicht umsonst schicken seit einigen Jahren immer mehr Physiotherapeuten ihre von R\u00fcckenschmerzen geplagten Patienten Kletterw\u00e4nde hoch. Physikalische Mediziner wie der Salzburger Universit\u00e4tsprofessor Anton Wicker betonen auch die Bedeutung dieser Sportart f\u00fcr unsere R\u00fcckenmuskulatur: \u201eUnsere Bandscheiben leiden unter den sitzenden T\u00e4tigkeiten. Klettern tr\u00e4gt zur Ganzk\u00f6rperstabilisierung bei. Dieser Sport ist sehr dynamisch, verursacht jedoch keine starke Druckbelastung der Wirbels\u00e4ule. Beim Klettern trainiert man die R\u00fcckenmuskulatur und steigert insgesamt die Muskelkraft. Auch die K\u00f6rperwahrnehmung wird geschult, denn Kletterer m\u00fcssen das Gleichgewicht halten k\u00f6nnen und f\u00e4hig sein, es zu verlagern und zu stabilisieren. Die Greif- und Steigbewegungen f\u00f6rdern die sensorischen und motorischen F\u00e4higkeiten\u201c.<\/p>\n\n\n\n<p>Das Sch\u00f6ne am Klettern: Diese Sportart kennt keine Altersbegrenzung. In der richtigen Dosierung k\u00f6nnen sowohl Kinder als auch \u00e4ltere Menschen vom Klettern profitieren.<\/p>\n\n\n\n<h2 class=\"wp-block-heading\"><strong>Klettern als Therapie<\/strong><\/h2>\n\n\n\n<p>Es gibt mittlerweile sogar das so genannte \u201etherapeutische Klettern\u201c. Denn Klettern f\u00f6rdert gesellschaftlich relevante Schl\u00fcsselfunktionen wie Anstrengungsbereitschaft, Beharrlichkeit, Teamf\u00e4higkeit, Durchsetzungsverm\u00f6gen und soziale Kompetenz. Beim therapeutischen Klettern wird &#8211;&nbsp;h\u00e4ufig in Kletterhallen &#8211; etwa mit Menschen mit Wirbels\u00e4ulenproblemen oder rheumatischen Beschwerden gearbeitet. Die Patienten befinden sich nur 40 Zentimeter \u00fcber dem Boden und k\u00f6nnen im Zweifelsfall vom Therapeuten aufgefangen werden. Sehr h\u00e4ufig setzt man Klettern auch als Therapie nach Unf\u00e4llen oder bei Schlaganfallpatienten ein.<\/p>\n\n\n\n<p>Besonders viel bringt das Training Kindern und Jugendlichen mit Konzentrationsschw\u00e4chen und daraus resultierenden Lernschw\u00e4chen oder Sprachst\u00f6rungen: Sie lernen beim Klettern, sich zu konzentrieren. Weil das Klettern \u00fcber die Erfolgserlebnisse Spa\u00df macht sowie Selbstbewusstsein und Selbstvertrauen st\u00e4rkt, setzen es viele Therapeuten auch als Begleittherapie bei psychosomatischen Erkrankungen ein. Denn Klettern erfordert die Auseinandersetzung mit den eigenen M\u00f6glichkeiten und Grenzen. Dadurch steigert der Sport die realistische Selbsteinsch\u00e4tzung und verbessert die Selbstsicherheit und das Selbstwertgef\u00fchl.<\/p>\n\n\n\n<h2 class=\"wp-block-heading\"><strong>Klettern als Erlebnis<\/strong><\/h2>\n\n\n\n<p>Klettern trainiert also den ganzen K\u00f6rper, sorgt f\u00fcr eine gute K\u00f6rperhaltung und f\u00f6rdert unseren Gleichgewichtssinn. Langj\u00e4hrige Kletterer sch\u00e4tzen aber nat\u00fcrlich neben der sportlichen Herausforderung auch die Erlebnisse in unvergleichbarer Umgebung. Klettern hei\u00dft Natur erleben, Felsen in den H\u00e4nden halten, den ganzen K\u00f6rper sp\u00fcren. Klettern ist Sport und Faszination gleichzeitig. Im SalzburgerLand warten auf Anf\u00e4nger als auch auf Fortgeschrittene <a href=\"https:\/\/www.salzburgerland.com\/de\/wandern-trekking\/\/klettern.html\">unz\u00e4hlige M\u00f6glichkeiten &#8211; ob Kurse zum Schnuppern oder f\u00fcr Fortgeschrittene, unter fachlicher Anleitung!<\/a><\/p>\n\n\n<div class=\"mag-gallery\"><div class=\"row\"><div class=\"col-6 col-sm-4\"><figure><a class=\"thumb-container\" href=\"https:\/\/www.salzburgerland.com\/de\/magazin\/wp-content\/uploads\/wl\/2019\/07\/klettern-c-sportalpen-com-4-e1510582988522-1280x1024.jpg\">\t<picture><source media=\"(min-width: 576px)\" srcset=\"https:\/\/www.salzburgerland.com\/de\/magazin\/wp-content\/uploads\/wl\/2019\/07\/klettern-c-sportalpen-com-4-e1510582988522-325x209.jpg 325w, https:\/\/www.salzburgerland.com\/de\/magazin\/wp-content\/uploads\/wl\/2019\/07\/klettern-c-sportalpen-com-4-e1510582988522-249x160.jpg 249w\"><\/source><source media=\"(min-width: 0)\" srcset=\"https:\/\/www.salzburgerland.com\/de\/magazin\/wp-content\/uploads\/wl\/2019\/07\/klettern-c-sportalpen-com-4-e1510582988522-249x160.jpg 249w, https:\/\/www.salzburgerland.com\/de\/magazin\/wp-content\/uploads\/wl\/2019\/07\/klettern-c-sportalpen-com-4-e1510582988522-325x209.jpg 325w\"><\/source><img decoding=\"async\" alt=\"Zwei Bergsteiger mit Helmen und Ausr&uuml;stung besteigen einen felsigen Berg mit Blick auf ein malerisches Tal im Hintergrund.\" src=\"https:\/\/www.salzburgerland.com\/de\/magazin\/wp-content\/uploads\/wl\/2019\/07\/klettern-c-sportalpen-com-4-e1510582988522-scaled.jpg\">\t<\/picture><\/a><\/figure><\/div><div class=\"col-6 col-sm-4\"><figure><a class=\"thumb-container\" href=\"https:\/\/www.salzburgerland.com\/de\/magazin\/wp-content\/uploads\/2017\/06\/klettern-grossarltal-sommer-1280x1024.jpg\">\t<picture><source media=\"(min-width: 576px)\" srcset=\"\"><\/source><source media=\"(min-width: 0)\" srcset=\"https:\/\/www.salzburgerland.com\/de\/magazin\/wp-content\/uploads\/2017\/06\/klettern-grossarltal-sommer.jpg 995w, https:\/\/www.salzburgerland.com\/de\/magazin\/wp-content\/uploads\/2017\/06\/klettern-grossarltal-sommer-187x300.jpg 187w, https:\/\/www.salzburgerland.com\/de\/magazin\/wp-content\/uploads\/2017\/06\/klettern-grossarltal-sommer-342x550.jpg 342w, https:\/\/www.salzburgerland.com\/de\/magazin\/wp-content\/uploads\/2017\/06\/klettern-grossarltal-sommer-249x400.jpg 249w\"><\/source><img decoding=\"async\" alt=\"\" src=\"https:\/\/www.salzburgerland.com\/de\/magazin\/wp-content\/uploads\/2017\/06\/klettern-grossarltal-sommer.jpg\">\t<\/picture><\/a><\/figure><\/div><div class=\"col-6 col-sm-4\"><figure><a class=\"thumb-container\" href=\"https:\/\/www.salzburgerland.com\/de\/magazin\/wp-content\/uploads\/2015\/07\/Klettern-1280x1024.jpg\">\t<picture><source media=\"(min-width: 576px)\" srcset=\"https:\/\/www.salzburgerland.com\/de\/magazin\/wp-content\/uploads\/2015\/07\/Klettern-325x209.jpg 325w, https:\/\/www.salzburgerland.com\/de\/magazin\/wp-content\/uploads\/2015\/07\/Klettern-249x160.jpg 249w\"><\/source><source media=\"(min-width: 0)\" srcset=\"https:\/\/www.salzburgerland.com\/de\/magazin\/wp-content\/uploads\/2015\/07\/Klettern-249x160.jpg 249w, https:\/\/www.salzburgerland.com\/de\/magazin\/wp-content\/uploads\/2015\/07\/Klettern-325x209.jpg 325w\"><\/source><img decoding=\"async\" alt=\"Eine Person, die einen Helm tr&auml;gt, erklimmt einen felsigen Berg, wobei sie sich an einem Stahlseil festh&auml;lt.\" src=\"https:\/\/www.salzburgerland.com\/de\/magazin\/wp-content\/uploads\/2015\/07\/Klettern.jpg\">\t<\/picture><\/a><\/figure><\/div><\/div><figcaption><\/figcaption><\/div>\n\n\n\n<p><em>Fotocredit: TVB Filzmoos, J. Notebrock, C. Sattler und C. Weesjes<\/em><\/p>\n","protected":false},"excerpt":{"rendered":"<p>Wir sind in einem der gr\u00f6\u00dften Kletterg\u00e4rten im SalzburgerLand, in Filzmoos. Das weite Panorama des beeindruckenden Dachsteingebirges und der markanten Bischofsm\u00fctze im Gosaukamm ist \u00fcberw\u00e4ltigend. Die Gegend hier ist ein beliebtes Ziel von Wanderern und ein wichtiger St\u00fctzpunkt f\u00fcr Bergsteiger, die von hier aus unz\u00e4hlige Touren unternehmen k\u00f6nnen. Der attraktive Klettergarten unweit der Hofp\u00fcrgelh\u00fctte bietet [&hellip;]<\/p>\n","protected":false},"author":217,"featured_media":35903,"comment_status":"open","ping_status":"open","sticky":false,"template":"","format":"standard","meta":{"_acf_changed":false,"wl_entities_gutenberg":"","_wl_entity_redirect_enabled":"","footnotes":""},"categories":[4],"tags":[231],"wl_entity_type":[306],"monatsauswahl":[86,87,88,89,90],"class_list":["post-35894","post","type-post","status-publish","format-standard","has-post-thumbnail","hentry","category-gesundheit","tag-family","wl_entity_type-article","monatsauswahl-monat_5","monatsauswahl-monat_6","monatsauswahl-monat_7","monatsauswahl-monat_8","monatsauswahl-monat_9"],"acf":[],"yoast_head":"<!-- This site is optimized with the Yoast SEO Premium plugin v27.4 (Yoast SEO v27.4) - https:\/\/yoast.com\/product\/yoast-seo-premium-wordpress\/ -->\n<title>Kletterg\u00e4rten in Salzburg - SalzburgerLand Magazin<\/title>\n<meta name=\"description\" content=\"Der K\u00f6rper ist gespannt, die Finger der linken Hand umklammern den grauen Fels in Kopfh\u00f6he, die rechte Hand sucht Halt auf einem kleinen Vorsprung. Dann verlagere ich das K\u00f6rpergewicht und ziehe mich h\u00f6her.\" \/>\n<meta name=\"robots\" content=\"index, follow, max-snippet:-1, max-image-preview:large, max-video-preview:-1\" \/>\n<link rel=\"canonical\" href=\"https:\/\/www.salzburgerland.com\/de\/magazin\/klettergarten-in-salzburg\/\" \/>\n<meta property=\"og:locale\" content=\"de_DE\" \/>\n<meta property=\"og:type\" content=\"article\" \/>\n<meta property=\"og:title\" content=\"Kletterg\u00e4rten in Salzburg\" \/>\n<meta property=\"og:description\" content=\"Wir sind in einem der gr\u00f6\u00dften Kletterg\u00e4rten im SalzburgerLand, in Filzmoos. Das weite Panorama des beeindruckenden Dachsteingebirges und der markanten Bischofsm\u00fctze im Gosaukamm ist \u00fcberw\u00e4ltigend. Die Gegend hier ist ein beliebtes Ziel von Wanderern und ein wichtiger St\u00fctzpunkt f\u00fcr Bergsteiger, die von hier aus unz\u00e4hlige Touren unternehmen k\u00f6nnen. Der attraktive Klettergarten unweit der Hofp\u00fcrgelh\u00fctte bietet [&hellip;]\" \/>\n<meta property=\"og:url\" content=\"https:\/\/www.salzburgerland.com\/de\/magazin\/klettergarten-in-salzburg\/\" \/>\n<meta property=\"og:site_name\" content=\"SalzburgerLand Magazin\" \/>\n<meta property=\"article:publisher\" content=\"https:\/\/www.facebook.com\/salzburgerland\/\" \/>\n<meta property=\"article:published_time\" content=\"2013-05-15T17:41:35+00:00\" \/>\n<meta property=\"article:modified_time\" content=\"2020-04-14T06:41:06+00:00\" \/>\n<meta property=\"og:image\" content=\"https:\/\/www.salzburgerland.com\/de\/magazin\/wp-content\/uploads\/2013\/05\/Filzmoos_-\u00aeJNottebrock_und_CSattler_191.jpg\" \/>\n\t<meta property=\"og:image:width\" content=\"2128\" \/>\n\t<meta property=\"og:image:height\" content=\"1416\" \/>\n\t<meta property=\"og:image:type\" content=\"image\/jpeg\" \/>\n<meta name=\"author\" content=\"Maria Riedler\" \/>\n<meta name=\"twitter:card\" content=\"summary_large_image\" \/>\n<meta name=\"twitter:creator\" content=\"@Salzburgerland\" \/>\n<meta name=\"twitter:site\" content=\"@Salzburgerland\" \/>\n<meta name=\"twitter:label1\" content=\"Verfasst von\" \/>\n\t<meta name=\"twitter:data1\" content=\"Maria Riedler\" \/>\n\t<meta name=\"twitter:label2\" content=\"Gesch\u00e4tzte Lesezeit\" \/>\n\t<meta name=\"twitter:data2\" content=\"3\u00a0Minuten\" \/>\n<script type=\"application\/ld+json\" class=\"yoast-schema-graph\">{\"@context\":\"https:\\\/\\\/schema.org\",\"@graph\":[{\"@type\":\"Article\",\"@id\":\"https:\\\/\\\/www.salzburgerland.com\\\/de\\\/magazin\\\/klettergarten-in-salzburg\\\/#article\",\"isPartOf\":{\"@id\":\"https:\\\/\\\/www.salzburgerland.com\\\/de\\\/magazin\\\/klettergarten-in-salzburg\\\/\"},\"author\":{\"name\":\"Maria Riedler\",\"@id\":\"https:\\\/\\\/www.salzburgerland.com\\\/de\\\/magazin\\\/#\\\/schema\\\/person\\\/0cd712588b834668bcd33d7a0668adb3\"},\"headline\":\"Kletterg\u00e4rten in Salzburg\",\"datePublished\":\"2013-05-15T17:41:35+00:00\",\"dateModified\":\"2020-04-14T06:41:06+00:00\",\"mainEntityOfPage\":{\"@id\":\"https:\\\/\\\/www.salzburgerland.com\\\/de\\\/magazin\\\/klettergarten-in-salzburg\\\/\"},\"wordCount\":660,\"commentCount\":0,\"publisher\":{\"@id\":\"https:\\\/\\\/www.salzburgerland.com\\\/de\\\/magazin\\\/#organization\"},\"image\":{\"@id\":\"https:\\\/\\\/www.salzburgerland.com\\\/de\\\/magazin\\\/klettergarten-in-salzburg\\\/#primaryimage\"},\"thumbnailUrl\":\"https:\\\/\\\/www.salzburgerland.com\\\/de\\\/magazin\\\/wp-content\\\/uploads\\\/2013\\\/05\\\/Filzmoos_-\u00aeJNottebrock_und_CSattler_191.jpg\",\"keywords\":[\"Family-Time im SalzburgerLand\"],\"articleSection\":[\"Gesundheit\"],\"inLanguage\":\"de\",\"potentialAction\":[{\"@type\":\"CommentAction\",\"name\":\"Comment\",\"target\":[\"https:\\\/\\\/www.salzburgerland.com\\\/de\\\/magazin\\\/klettergarten-in-salzburg\\\/#respond\"]}]},{\"@type\":\"WebPage\",\"@id\":\"https:\\\/\\\/www.salzburgerland.com\\\/de\\\/magazin\\\/klettergarten-in-salzburg\\\/\",\"url\":\"https:\\\/\\\/www.salzburgerland.com\\\/de\\\/magazin\\\/klettergarten-in-salzburg\\\/\",\"name\":\"Kletterg\u00e4rten in Salzburg - SalzburgerLand Magazin\",\"isPartOf\":{\"@id\":\"https:\\\/\\\/www.salzburgerland.com\\\/de\\\/magazin\\\/#website\"},\"primaryImageOfPage\":{\"@id\":\"https:\\\/\\\/www.salzburgerland.com\\\/de\\\/magazin\\\/klettergarten-in-salzburg\\\/#primaryimage\"},\"image\":{\"@id\":\"https:\\\/\\\/www.salzburgerland.com\\\/de\\\/magazin\\\/klettergarten-in-salzburg\\\/#primaryimage\"},\"thumbnailUrl\":\"https:\\\/\\\/www.salzburgerland.com\\\/de\\\/magazin\\\/wp-content\\\/uploads\\\/2013\\\/05\\\/Filzmoos_-\u00aeJNottebrock_und_CSattler_191.jpg\",\"datePublished\":\"2013-05-15T17:41:35+00:00\",\"dateModified\":\"2020-04-14T06:41:06+00:00\",\"breadcrumb\":{\"@id\":\"https:\\\/\\\/www.salzburgerland.com\\\/de\\\/magazin\\\/klettergarten-in-salzburg\\\/#breadcrumb\"},\"inLanguage\":\"de\",\"potentialAction\":[{\"@type\":\"ReadAction\",\"target\":[\"https:\\\/\\\/www.salzburgerland.com\\\/de\\\/magazin\\\/klettergarten-in-salzburg\\\/\"]}]},{\"@type\":\"ImageObject\",\"inLanguage\":\"de\",\"@id\":\"https:\\\/\\\/www.salzburgerland.com\\\/de\\\/magazin\\\/klettergarten-in-salzburg\\\/#primaryimage\",\"url\":\"https:\\\/\\\/www.salzburgerland.com\\\/de\\\/magazin\\\/wp-content\\\/uploads\\\/2013\\\/05\\\/Filzmoos_-\u00aeJNottebrock_und_CSattler_191.jpg\",\"contentUrl\":\"https:\\\/\\\/www.salzburgerland.com\\\/de\\\/magazin\\\/wp-content\\\/uploads\\\/2013\\\/05\\\/Filzmoos_-\u00aeJNottebrock_und_CSattler_191.jpg\",\"width\":2128,\"height\":1416},{\"@type\":\"BreadcrumbList\",\"@id\":\"https:\\\/\\\/www.salzburgerland.com\\\/de\\\/magazin\\\/klettergarten-in-salzburg\\\/#breadcrumb\",\"itemListElement\":[{\"@type\":\"ListItem\",\"position\":1,\"name\":\"Startseite\",\"item\":\"https:\\\/\\\/www.salzburgerland.com\\\/de\\\/magazin\\\/\"},{\"@type\":\"ListItem\",\"position\":2,\"name\":\"Gesundheit\",\"item\":\"https:\\\/\\\/www.salzburgerland.com\\\/de\\\/magazin\\\/thema\\\/gesundheit\\\/\"},{\"@type\":\"ListItem\",\"position\":3,\"name\":\"Kletterg\u00e4rten in Salzburg\"}]},{\"@type\":\"WebSite\",\"@id\":\"https:\\\/\\\/www.salzburgerland.com\\\/de\\\/magazin\\\/#website\",\"url\":\"https:\\\/\\\/www.salzburgerland.com\\\/de\\\/magazin\\\/\",\"name\":\"SalzburgerLand Magazin\",\"description\":\"Geschichten und Interessantes aus dem SalzburgerLand\",\"publisher\":{\"@id\":\"https:\\\/\\\/www.salzburgerland.com\\\/de\\\/magazin\\\/#organization\"},\"potentialAction\":[{\"@type\":\"SearchAction\",\"target\":{\"@type\":\"EntryPoint\",\"urlTemplate\":\"https:\\\/\\\/www.salzburgerland.com\\\/de\\\/magazin\\\/?s={search_term_string}\"},\"query-input\":{\"@type\":\"PropertyValueSpecification\",\"valueRequired\":true,\"valueName\":\"search_term_string\"}}],\"inLanguage\":\"de\"},{\"@type\":\"Organization\",\"@id\":\"https:\\\/\\\/www.salzburgerland.com\\\/de\\\/magazin\\\/#organization\",\"name\":\"SalzburgerLand Tourismus\",\"url\":\"https:\\\/\\\/www.salzburgerland.com\\\/de\\\/magazin\\\/\",\"logo\":{\"@type\":\"ImageObject\",\"inLanguage\":\"de\",\"@id\":\"https:\\\/\\\/www.salzburgerland.com\\\/de\\\/magazin\\\/#\\\/schema\\\/logo\\\/image\\\/\",\"url\":\"https:\\\/\\\/www.salzburgerland.com\\\/de\\\/magazin\\\/wp-content\\\/uploads\\\/2019\\\/06\\\/salzburgerland-logo1.jpg\",\"contentUrl\":\"https:\\\/\\\/www.salzburgerland.com\\\/de\\\/magazin\\\/wp-content\\\/uploads\\\/2019\\\/06\\\/salzburgerland-logo1.jpg\",\"width\":2011,\"height\":866,\"caption\":\"SalzburgerLand Tourismus\"},\"image\":{\"@id\":\"https:\\\/\\\/www.salzburgerland.com\\\/de\\\/magazin\\\/#\\\/schema\\\/logo\\\/image\\\/\"},\"sameAs\":[\"https:\\\/\\\/www.facebook.com\\\/salzburgerland\\\/\",\"https:\\\/\\\/x.com\\\/Salzburgerland\",\"https:\\\/\\\/www.instagram.com\\\/salzburgerland\\\/\",\"https:\\\/\\\/at.linkedin.com\\\/company\\\/salzburgerland-tourismus-gmbh\",\"https:\\\/\\\/www.pinterest.at\\\/salzburgerland\\\/\",\"https:\\\/\\\/www.youtube.com\\\/user\\\/salzburgerland\",\"https:\\\/\\\/de.wikipedia.org\\\/wiki\\\/SalzburgerLand_Tourismus_GmbH\"]},{\"@type\":\"Person\",\"@id\":\"https:\\\/\\\/www.salzburgerland.com\\\/de\\\/magazin\\\/#\\\/schema\\\/person\\\/0cd712588b834668bcd33d7a0668adb3\",\"name\":\"Maria Riedler\",\"description\":\"Ein Bild sagt mehr als tausend Worte, hei\u00dft es. Aber genauso wichtig ist die Geschichte dazu. Spannende Texte haben nicht nur einen gro\u00dfen Effekt auf unsere Wahrnehmung, sie lassen auch das Kopfkino in uns starten! Den Dingen nachzusp\u00fcren und auf den Grund zu gehen, das geh\u00f6rt jedenfalls seit meiner Jugendzeit zu mir ... Maria Riedler studierte neben ihrer T\u00e4tigkeit als Kinderkrankenschwester Publizistik und P\u00e4dagogik. Nach dem Studium verbrachte sie \u00fcber zwei Jahre in Australien, wo sie f\u00fcr den staatlichen Rundfunk SBS arbeitete. Anschlie\u00dfend war sie f\u00fcnf Jahre freie Mitarbeiterin im ORF Landesstudio Salzburg, weiters Kommunikationsbeauftragte beim Arbeitskreis f\u00fcr Vorsorgemedizin Salzburg (AVOS), war freiberufliche Journalistin bei der Salzburgerin und ist als Redakteurin f\u00fcr die Pongauer Nachrichten t\u00e4tig. Neben Schreiben, Fotografieren und Lesen liebt sie vor allem unsere Berge und ist ehrenamtlich Bergrettungshundef\u00fchrerin und Pressereferentin der Bergrettung Salzburg. Dosige(r) oder Zuagroast? Eindeutig dosig - aus dem\u00a0einmaligen Lungau. Fr\u00fchling, Sommer, Herbst oder Winter? Nachdem ich auch einige Jahre in Australien gelebt habe, bin ich mir sicher, dass uns weltweit die Menschen um diese so unterschiedlich sch\u00f6nen und so facettenreichen Jahreszeiten beneiden. Luxushotel oder Almh\u00fctte? Obwohl so ein Luxushotel schon seine Reize hat, genie\u00dfe ich doch meist eher die Einsamkeit auf einer Almh\u00fctte\u2026. Mozart oder Hubert von Goisern? Wie sch\u00f6n, dass wir so begnadete Musiker haben!\u00a0Leider\u00a0gibt es f\u00fcr mich - wie so oft - siehe oben und unten :-) kein Entweder-Oder\u2026 Ausstellung oder Bergpanorama? \\\"Kunst w\u00e4scht den Staub des Alltag von der Seele\\\", meinte Pablo Picasso. \u00a0Die Berge und deren Traumpanorama brauche ich auch, um mir\u00a0neue Perspektiven vom Leben zu holen.\u00a0Also:\u00a0Es muss doch mehr als alles geben \u00a0- wahrscheinlich mein Lebensmotto, deshalb bitte keine weiteren Entweder-Oder Fragen!\u00a0:-) Wer jemals einen Sonnenaufgang oder Sonnenuntergang in unseren Bergen erlebt hat, wei\u00df um die Einmaligkeit dieser Bilder und Eindr\u00fccke.\",\"url\":\"https:\\\/\\\/www.salzburgerland.com\\\/de\\\/magazin\\\/author\\\/mriedler\\\/\"}]}<\/script>\n<!-- \/ Yoast SEO Premium plugin. -->","yoast_head_json":{"title":"Kletterg\u00e4rten in Salzburg - SalzburgerLand Magazin","description":"Der K\u00f6rper ist gespannt, die Finger der linken Hand umklammern den grauen Fels in Kopfh\u00f6he, die rechte Hand sucht Halt auf einem kleinen Vorsprung. Dann verlagere ich das K\u00f6rpergewicht und ziehe mich h\u00f6her.","robots":{"index":"index","follow":"follow","max-snippet":"max-snippet:-1","max-image-preview":"max-image-preview:large","max-video-preview":"max-video-preview:-1"},"canonical":"https:\/\/www.salzburgerland.com\/de\/magazin\/klettergarten-in-salzburg\/","og_locale":"de_DE","og_type":"article","og_title":"Kletterg\u00e4rten in Salzburg","og_description":"Wir sind in einem der gr\u00f6\u00dften Kletterg\u00e4rten im SalzburgerLand, in Filzmoos. Das weite Panorama des beeindruckenden Dachsteingebirges und der markanten Bischofsm\u00fctze im Gosaukamm ist \u00fcberw\u00e4ltigend. Die Gegend hier ist ein beliebtes Ziel von Wanderern und ein wichtiger St\u00fctzpunkt f\u00fcr Bergsteiger, die von hier aus unz\u00e4hlige Touren unternehmen k\u00f6nnen. Der attraktive Klettergarten unweit der Hofp\u00fcrgelh\u00fctte bietet [&hellip;]","og_url":"https:\/\/www.salzburgerland.com\/de\/magazin\/klettergarten-in-salzburg\/","og_site_name":"SalzburgerLand Magazin","article_publisher":"https:\/\/www.facebook.com\/salzburgerland\/","article_published_time":"2013-05-15T17:41:35+00:00","article_modified_time":"2020-04-14T06:41:06+00:00","og_image":[{"width":2128,"height":1416,"url":"https:\/\/www.salzburgerland.com\/de\/magazin\/wp-content\/uploads\/2013\/05\/Filzmoos_-\u00aeJNottebrock_und_CSattler_191.jpg","type":"image\/jpeg"}],"author":"Maria Riedler","twitter_card":"summary_large_image","twitter_creator":"@Salzburgerland","twitter_site":"@Salzburgerland","twitter_misc":{"Verfasst von":"Maria Riedler","Gesch\u00e4tzte Lesezeit":"3\u00a0Minuten"},"schema":{"@context":"https:\/\/schema.org","@graph":[{"@type":"Article","@id":"https:\/\/www.salzburgerland.com\/de\/magazin\/klettergarten-in-salzburg\/#article","isPartOf":{"@id":"https:\/\/www.salzburgerland.com\/de\/magazin\/klettergarten-in-salzburg\/"},"author":{"name":"Maria Riedler","@id":"https:\/\/www.salzburgerland.com\/de\/magazin\/#\/schema\/person\/0cd712588b834668bcd33d7a0668adb3"},"headline":"Kletterg\u00e4rten in Salzburg","datePublished":"2013-05-15T17:41:35+00:00","dateModified":"2020-04-14T06:41:06+00:00","mainEntityOfPage":{"@id":"https:\/\/www.salzburgerland.com\/de\/magazin\/klettergarten-in-salzburg\/"},"wordCount":660,"commentCount":0,"publisher":{"@id":"https:\/\/www.salzburgerland.com\/de\/magazin\/#organization"},"image":{"@id":"https:\/\/www.salzburgerland.com\/de\/magazin\/klettergarten-in-salzburg\/#primaryimage"},"thumbnailUrl":"https:\/\/www.salzburgerland.com\/de\/magazin\/wp-content\/uploads\/2013\/05\/Filzmoos_-\u00aeJNottebrock_und_CSattler_191.jpg","keywords":["Family-Time im SalzburgerLand"],"articleSection":["Gesundheit"],"inLanguage":"de","potentialAction":[{"@type":"CommentAction","name":"Comment","target":["https:\/\/www.salzburgerland.com\/de\/magazin\/klettergarten-in-salzburg\/#respond"]}]},{"@type":"WebPage","@id":"https:\/\/www.salzburgerland.com\/de\/magazin\/klettergarten-in-salzburg\/","url":"https:\/\/www.salzburgerland.com\/de\/magazin\/klettergarten-in-salzburg\/","name":"Kletterg\u00e4rten in Salzburg - SalzburgerLand Magazin","isPartOf":{"@id":"https:\/\/www.salzburgerland.com\/de\/magazin\/#website"},"primaryImageOfPage":{"@id":"https:\/\/www.salzburgerland.com\/de\/magazin\/klettergarten-in-salzburg\/#primaryimage"},"image":{"@id":"https:\/\/www.salzburgerland.com\/de\/magazin\/klettergarten-in-salzburg\/#primaryimage"},"thumbnailUrl":"https:\/\/www.salzburgerland.com\/de\/magazin\/wp-content\/uploads\/2013\/05\/Filzmoos_-\u00aeJNottebrock_und_CSattler_191.jpg","datePublished":"2013-05-15T17:41:35+00:00","dateModified":"2020-04-14T06:41:06+00:00","breadcrumb":{"@id":"https:\/\/www.salzburgerland.com\/de\/magazin\/klettergarten-in-salzburg\/#breadcrumb"},"inLanguage":"de","potentialAction":[{"@type":"ReadAction","target":["https:\/\/www.salzburgerland.com\/de\/magazin\/klettergarten-in-salzburg\/"]}]},{"@type":"ImageObject","inLanguage":"de","@id":"https:\/\/www.salzburgerland.com\/de\/magazin\/klettergarten-in-salzburg\/#primaryimage","url":"https:\/\/www.salzburgerland.com\/de\/magazin\/wp-content\/uploads\/2013\/05\/Filzmoos_-\u00aeJNottebrock_und_CSattler_191.jpg","contentUrl":"https:\/\/www.salzburgerland.com\/de\/magazin\/wp-content\/uploads\/2013\/05\/Filzmoos_-\u00aeJNottebrock_und_CSattler_191.jpg","width":2128,"height":1416},{"@type":"BreadcrumbList","@id":"https:\/\/www.salzburgerland.com\/de\/magazin\/klettergarten-in-salzburg\/#breadcrumb","itemListElement":[{"@type":"ListItem","position":1,"name":"Startseite","item":"https:\/\/www.salzburgerland.com\/de\/magazin\/"},{"@type":"ListItem","position":2,"name":"Gesundheit","item":"https:\/\/www.salzburgerland.com\/de\/magazin\/thema\/gesundheit\/"},{"@type":"ListItem","position":3,"name":"Kletterg\u00e4rten in Salzburg"}]},{"@type":"WebSite","@id":"https:\/\/www.salzburgerland.com\/de\/magazin\/#website","url":"https:\/\/www.salzburgerland.com\/de\/magazin\/","name":"SalzburgerLand Magazin","description":"Geschichten und Interessantes aus dem SalzburgerLand","publisher":{"@id":"https:\/\/www.salzburgerland.com\/de\/magazin\/#organization"},"potentialAction":[{"@type":"SearchAction","target":{"@type":"EntryPoint","urlTemplate":"https:\/\/www.salzburgerland.com\/de\/magazin\/?s={search_term_string}"},"query-input":{"@type":"PropertyValueSpecification","valueRequired":true,"valueName":"search_term_string"}}],"inLanguage":"de"},{"@type":"Organization","@id":"https:\/\/www.salzburgerland.com\/de\/magazin\/#organization","name":"SalzburgerLand Tourismus","url":"https:\/\/www.salzburgerland.com\/de\/magazin\/","logo":{"@type":"ImageObject","inLanguage":"de","@id":"https:\/\/www.salzburgerland.com\/de\/magazin\/#\/schema\/logo\/image\/","url":"https:\/\/www.salzburgerland.com\/de\/magazin\/wp-content\/uploads\/2019\/06\/salzburgerland-logo1.jpg","contentUrl":"https:\/\/www.salzburgerland.com\/de\/magazin\/wp-content\/uploads\/2019\/06\/salzburgerland-logo1.jpg","width":2011,"height":866,"caption":"SalzburgerLand Tourismus"},"image":{"@id":"https:\/\/www.salzburgerland.com\/de\/magazin\/#\/schema\/logo\/image\/"},"sameAs":["https:\/\/www.facebook.com\/salzburgerland\/","https:\/\/x.com\/Salzburgerland","https:\/\/www.instagram.com\/salzburgerland\/","https:\/\/at.linkedin.com\/company\/salzburgerland-tourismus-gmbh","https:\/\/www.pinterest.at\/salzburgerland\/","https:\/\/www.youtube.com\/user\/salzburgerland","https:\/\/de.wikipedia.org\/wiki\/SalzburgerLand_Tourismus_GmbH"]},{"@type":"Person","@id":"https:\/\/www.salzburgerland.com\/de\/magazin\/#\/schema\/person\/0cd712588b834668bcd33d7a0668adb3","name":"Maria Riedler","description":"Ein Bild sagt mehr als tausend Worte, hei\u00dft es. Aber genauso wichtig ist die Geschichte dazu. Spannende Texte haben nicht nur einen gro\u00dfen Effekt auf unsere Wahrnehmung, sie lassen auch das Kopfkino in uns starten! Den Dingen nachzusp\u00fcren und auf den Grund zu gehen, das geh\u00f6rt jedenfalls seit meiner Jugendzeit zu mir ... Maria Riedler studierte neben ihrer T\u00e4tigkeit als Kinderkrankenschwester Publizistik und P\u00e4dagogik. Nach dem Studium verbrachte sie \u00fcber zwei Jahre in Australien, wo sie f\u00fcr den staatlichen Rundfunk SBS arbeitete. Anschlie\u00dfend war sie f\u00fcnf Jahre freie Mitarbeiterin im ORF Landesstudio Salzburg, weiters Kommunikationsbeauftragte beim Arbeitskreis f\u00fcr Vorsorgemedizin Salzburg (AVOS), war freiberufliche Journalistin bei der Salzburgerin und ist als Redakteurin f\u00fcr die Pongauer Nachrichten t\u00e4tig. Neben Schreiben, Fotografieren und Lesen liebt sie vor allem unsere Berge und ist ehrenamtlich Bergrettungshundef\u00fchrerin und Pressereferentin der Bergrettung Salzburg. Dosige(r) oder Zuagroast? Eindeutig dosig - aus dem\u00a0einmaligen Lungau. Fr\u00fchling, Sommer, Herbst oder Winter? Nachdem ich auch einige Jahre in Australien gelebt habe, bin ich mir sicher, dass uns weltweit die Menschen um diese so unterschiedlich sch\u00f6nen und so facettenreichen Jahreszeiten beneiden. Luxushotel oder Almh\u00fctte? Obwohl so ein Luxushotel schon seine Reize hat, genie\u00dfe ich doch meist eher die Einsamkeit auf einer Almh\u00fctte\u2026. Mozart oder Hubert von Goisern? Wie sch\u00f6n, dass wir so begnadete Musiker haben!\u00a0Leider\u00a0gibt es f\u00fcr mich - wie so oft - siehe oben und unten :-) kein Entweder-Oder\u2026 Ausstellung oder Bergpanorama? \"Kunst w\u00e4scht den Staub des Alltag von der Seele\", meinte Pablo Picasso. \u00a0Die Berge und deren Traumpanorama brauche ich auch, um mir\u00a0neue Perspektiven vom Leben zu holen.\u00a0Also:\u00a0Es muss doch mehr als alles geben \u00a0- wahrscheinlich mein Lebensmotto, deshalb bitte keine weiteren Entweder-Oder Fragen!\u00a0:-) Wer jemals einen Sonnenaufgang oder Sonnenuntergang in unseren Bergen erlebt hat, wei\u00df um die Einmaligkeit dieser Bilder und Eindr\u00fccke.","url":"https:\/\/www.salzburgerland.com\/de\/magazin\/author\/mriedler\/"}]}},"_wl_alt_label":[],"wl:entity_url":"http:\/\/open.salzburgerland.com\/magazin\/post\/klettergaerten_in_salzburg","_links":{"self":[{"href":"https:\/\/www.salzburgerland.com\/de\/magazin\/wp-json\/wp\/v2\/posts\/35894","targetHints":{"allow":["GET"]}}],"collection":[{"href":"https:\/\/www.salzburgerland.com\/de\/magazin\/wp-json\/wp\/v2\/posts"}],"about":[{"href":"https:\/\/www.salzburgerland.com\/de\/magazin\/wp-json\/wp\/v2\/types\/post"}],"author":[{"embeddable":true,"href":"https:\/\/www.salzburgerland.com\/de\/magazin\/wp-json\/wp\/v2\/users\/217"}],"replies":[{"embeddable":true,"href":"https:\/\/www.salzburgerland.com\/de\/magazin\/wp-json\/wp\/v2\/comments?post=35894"}],"version-history":[{"count":1,"href":"https:\/\/www.salzburgerland.com\/de\/magazin\/wp-json\/wp\/v2\/posts\/35894\/revisions"}],"predecessor-version":[{"id":143703,"href":"https:\/\/www.salzburgerland.com\/de\/magazin\/wp-json\/wp\/v2\/posts\/35894\/revisions\/143703"}],"wp:featuredmedia":[{"embeddable":true,"href":"https:\/\/www.salzburgerland.com\/de\/magazin\/wp-json\/wp\/v2\/media\/35903"}],"wp:attachment":[{"href":"https:\/\/www.salzburgerland.com\/de\/magazin\/wp-json\/wp\/v2\/media?parent=35894"}],"wp:term":[{"taxonomy":"category","embeddable":true,"href":"https:\/\/www.salzburgerland.com\/de\/magazin\/wp-json\/wp\/v2\/categories?post=35894"},{"taxonomy":"post_tag","embeddable":true,"href":"https:\/\/www.salzburgerland.com\/de\/magazin\/wp-json\/wp\/v2\/tags?post=35894"},{"taxonomy":"wl_entity_type","embeddable":true,"href":"https:\/\/www.salzburgerland.com\/de\/magazin\/wp-json\/wp\/v2\/wl_entity_type?post=35894"},{"taxonomy":"monatsauswahl","embeddable":true,"href":"https:\/\/www.salzburgerland.com\/de\/magazin\/wp-json\/wp\/v2\/monatsauswahl?post=35894"}],"curies":[{"name":"wp","href":"https:\/\/api.w.org\/{rel}","templated":true}]}}