{"id":35698,"date":"2013-05-22T21:26:13","date_gmt":"2013-05-22T19:26:13","guid":{"rendered":"http:\/\/magazin.salzburgerland.com\/?p=35698"},"modified":"2021-03-19T12:45:13","modified_gmt":"2021-03-19T11:45:13","slug":"kaiser-karl-im-untersberg-und-sein-langer-bart-apokalypse-am-walserfeld","status":"publish","type":"post","link":"https:\/\/www.salzburgerland.com\/de\/magazin\/kaiser-karl-im-untersberg-und-sein-langer-bart-apokalypse-am-walserfeld\/","title":{"rendered":"Kaiser Karl im Untersberg und sein langer Bart"},"content":{"rendered":"\n<h2 class=\"wp-block-slt-subtitle\">Sagenhafter Untersberg<\/h2>\n\n\n\n<p class=\"wp-block-slt-intro\">Zwischen dem Berchtesgadener Land und SalzburgerLand ragt der Untersberg aus dem Boden. Durch seine m\u00e4chtige Formation ist er nicht aus dem Erscheinungsbild der Salzburger wegzudenken. Vor allem die Sagen und Mythen um ihn herum bieten Gespr\u00e4chsstoff in allen Kreisen.<\/p>\n\n\n\n<p>Feen, Zwerge, Edelleute und gro\u00dfe Sch\u00e4tze sollen im Inneren des Untersberges versteckt sein. In der wohl ber\u00fchmtesten Sage spielt einer der gr\u00f6\u00dften Herrscher der Menschheit die Hauptrolle \u2013 Kaiser Karl der Gro\u00dfe.<\/p>\n\n\n\n<p>Obwohl der Kaiser in Aachen begraben liegt, besagt die Sage, dass er im Untersberg auf seine Auferstehung wartet. An einem Marmortisch soll er mit einer Runde von Edelleuten sitzen. Sein langer Bart schl\u00e4ngelt sich um den Marmortisch herum. Alle 100 Jahre, so hei\u00dft es, schickt er einen Knappen hinaus, der die Raben, die um den Untersberg fliegen z\u00e4hlt. Z\u00e4hlt er 24 St\u00fcck an der Zahl &#8211; nicht mehr und nicht weniger&nbsp;\u2013 so erhebt sich der Kaiser um die letzte Schlacht der Menschheit am Walserfeld beim Birnbaum zu beginnen. Z\u00e4hlt der Knappe nicht 24 Raben an der Zahl so legt sich der Kaiser wieder zur Ruh und schl\u00e4ft f\u00fcr weitere 100 Jahre.<\/p>\n\n\n\n<figure class=\"wp-block-embed is-type-video is-provider-youtube wp-block-embed-youtube wp-embed-aspect-16-9 wp-has-aspect-ratio\"><div class=\"wp-block-embed__wrapper\">\n<iframe loading=\"lazy\" title=\"Sagenhafter Untersberg - Feen, Zwerge und gro\u00dfe Sch\u00e4tze\" width=\"640\" height=\"360\" src=\"https:\/\/www.youtube-nocookie.com\/embed\/Y2t1CeJVFIA?feature=oembed&#038;rel=0&#038;modestbranding=1\" frameborder=\"0\" allow=\"accelerometer; autoplay; clipboard-write; encrypted-media; gyroscope; picture-in-picture; web-share\" referrerpolicy=\"strict-origin-when-cross-origin\" allowfullscreen><\/iframe>\n<\/div><\/figure>\n\n\n\n<p>Des Kaisers Bart muss dreimal um den Marmortisch wachsen um das j\u00fcngste Gericht einzuleiten. Zwei Mal soll der Bart des Kaisers schon um den Tisch gewachsen sein. Wenn bei seinem n\u00e4chsten Erwachen genau 24 Raben um den Untersberg fliegen, so k\u00f6nnte uns schon das Ende aller Tage erwarten.<\/p>\n\n\n\n<p>Wer keine 100 Jahre warten will um das Antlitz des Kaiser Karls zu erblicken, kann sich direkt im am Fu\u00df der Untersberges gelegenen <a title=\"Gasthof Esterer\" href=\"http:\/\/www.gasthofesterer.at\/\" target=\"_blank\" rel=\"noopener noreferrer\">Gasthofes Esterer <\/a>von der sagenumwogenen Atmosph\u00e4re bezaubern lassen. Ein Foto mit Kaiser Karl ist sogar auch drin. Jedoch handelt es sich bei diesem leider nur um eine Steinstatue.<\/p>\n\n\n<div class=\"mag-gallery\"><div class=\"row\"><div class=\"col-6 col-sm-4\"><figure><a class=\"thumb-container\" href=\"https:\/\/www.salzburgerland.com\/de\/magazin\/wp-content\/uploads\/2013\/05\/s08eXIII0003-1280x1024.jpg\">\t<picture><source media=\"(min-width: 576px)\" srcset=\"https:\/\/www.salzburgerland.com\/de\/magazin\/wp-content\/uploads\/2013\/05\/s08eXIII0003-325x209.jpg 325w, https:\/\/www.salzburgerland.com\/de\/magazin\/wp-content\/uploads\/2013\/05\/s08eXIII0003-249x160.jpg 249w\"><\/source><source media=\"(min-width: 0)\" srcset=\"https:\/\/www.salzburgerland.com\/de\/magazin\/wp-content\/uploads\/2013\/05\/s08eXIII0003-249x160.jpg 249w, https:\/\/www.salzburgerland.com\/de\/magazin\/wp-content\/uploads\/2013\/05\/s08eXIII0003-325x209.jpg 325w\"><\/source><img decoding=\"async\" alt=\"Bronzestatue eines b&auml;rtigen K&ouml;nigs mit Krone, der im Freien vor einem steinernen Hintergrund ruht.\" src=\"https:\/\/www.salzburgerland.com\/de\/magazin\/wp-content\/uploads\/2013\/05\/s08eXIII0003.jpg\">\t<\/picture><\/a><\/figure><\/div><div class=\"col-6 col-sm-4\"><figure><a class=\"thumb-container\" href=\"https:\/\/www.salzburgerland.com\/de\/magazin\/wp-content\/uploads\/2013\/05\/s08eXIII0001-1280x1024.jpg\">\t<picture><source media=\"(min-width: 576px)\" srcset=\"\"><\/source><source media=\"(min-width: 0)\" srcset=\"https:\/\/www.salzburgerland.com\/de\/magazin\/wp-content\/uploads\/2013\/05\/s08eXIII0001.jpg 472w, https:\/\/www.salzburgerland.com\/de\/magazin\/wp-content\/uploads\/2013\/05\/s08eXIII0001-200x300.jpg 200w, https:\/\/www.salzburgerland.com\/de\/magazin\/wp-content\/uploads\/2013\/05\/s08eXIII0001-366x550.jpg 366w, https:\/\/www.salzburgerland.com\/de\/magazin\/wp-content\/uploads\/2013\/05\/s08eXIII0001-266x400.jpg 266w\"><\/source><img decoding=\"async\" alt=\"Eine steinerne Statue einer sitzenden, b&auml;rtigen Figur mit einem Raben auf einem hohen Felsen in der N&auml;he, umgeben von Gr&uuml;nzeug.\" src=\"https:\/\/www.salzburgerland.com\/de\/magazin\/wp-content\/uploads\/2013\/05\/s08eXIII0001.jpg\">\t<\/picture><\/a><\/figure><\/div><div class=\"col-6 col-sm-4\"><figure><a class=\"thumb-container\" href=\"https:\/\/www.salzburgerland.com\/de\/magazin\/wp-content\/uploads\/2013\/05\/s08eXIII0002-1280x1024.jpg\">\t<picture><source media=\"(min-width: 576px)\" srcset=\"https:\/\/www.salzburgerland.com\/de\/magazin\/wp-content\/uploads\/2013\/05\/s08eXIII0002-325x209.jpg 325w, https:\/\/www.salzburgerland.com\/de\/magazin\/wp-content\/uploads\/2013\/05\/s08eXIII0002-249x160.jpg 249w\"><\/source><source media=\"(min-width: 0)\" srcset=\"https:\/\/www.salzburgerland.com\/de\/magazin\/wp-content\/uploads\/2013\/05\/s08eXIII0002-249x160.jpg 249w, https:\/\/www.salzburgerland.com\/de\/magazin\/wp-content\/uploads\/2013\/05\/s08eXIII0002-325x209.jpg 325w\"><\/source><img decoding=\"async\" alt=\"Die steinerne Statue eines gekr&ouml;nten, b&auml;rtigen Mannes sitzt neben einem geschnitzten Raben auf einer felsigen S&auml;ule.\" src=\"https:\/\/www.salzburgerland.com\/de\/magazin\/wp-content\/uploads\/2013\/05\/s08eXIII0002.jpg\">\t<\/picture><\/a><\/figure><\/div><div class=\"col-6 col-sm-4\"><figure><a class=\"thumb-container\" href=\"https:\/\/www.salzburgerland.com\/de\/magazin\/wp-content\/uploads\/2013\/05\/W26TCD8_0576-1280x1024.jpg\">\t<picture><source media=\"(min-width: 576px)\" srcset=\"https:\/\/www.salzburgerland.com\/de\/magazin\/wp-content\/uploads\/2013\/05\/W26TCD8_0576-325x209.jpg 325w, https:\/\/www.salzburgerland.com\/de\/magazin\/wp-content\/uploads\/2013\/05\/W26TCD8_0576-249x160.jpg 249w\"><\/source><source media=\"(min-width: 0)\" srcset=\"https:\/\/www.salzburgerland.com\/de\/magazin\/wp-content\/uploads\/2013\/05\/W26TCD8_0576-249x160.jpg 249w, https:\/\/www.salzburgerland.com\/de\/magazin\/wp-content\/uploads\/2013\/05\/W26TCD8_0576-325x209.jpg 325w\"><\/source><img decoding=\"async\" alt=\"Schneebedeckter Berg unter klarem blauen Himmel, mit frostigen Pflanzen im Vordergrund.\" src=\"https:\/\/www.salzburgerland.com\/de\/magazin\/wp-content\/uploads\/2013\/05\/W26TCD8_0576.jpg\">\t<\/picture><\/a><\/figure><\/div><div class=\"col-6 col-sm-4\"><figure><a class=\"thumb-container\" href=\"https:\/\/www.salzburgerland.com\/de\/magazin\/wp-content\/uploads\/2013\/05\/W26TCD8_0573-1280x1024.jpg\">\t<picture><source media=\"(min-width: 576px)\" srcset=\"https:\/\/www.salzburgerland.com\/de\/magazin\/wp-content\/uploads\/2013\/05\/W26TCD8_0573-325x209.jpg 325w, https:\/\/www.salzburgerland.com\/de\/magazin\/wp-content\/uploads\/2013\/05\/W26TCD8_0573-249x160.jpg 249w\"><\/source><source media=\"(min-width: 0)\" srcset=\"https:\/\/www.salzburgerland.com\/de\/magazin\/wp-content\/uploads\/2013\/05\/W26TCD8_0573-249x160.jpg 249w, https:\/\/www.salzburgerland.com\/de\/magazin\/wp-content\/uploads\/2013\/05\/W26TCD8_0573-325x209.jpg 325w\"><\/source><img decoding=\"async\" alt=\"Schneebedeckter Berg mit frostigen B&auml;umen im Vordergrund unter einem klaren blauen Himmel.\" src=\"https:\/\/www.salzburgerland.com\/de\/magazin\/wp-content\/uploads\/2013\/05\/W26TCD8_0573.jpg\">\t<\/picture><\/a><\/figure><\/div><div class=\"col-6 col-sm-4\"><figure><a class=\"thumb-container\" href=\"https:\/\/www.salzburgerland.com\/de\/magazin\/wp-content\/uploads\/2013\/05\/y23a08022-1280x1024.jpg\">\t<picture><source media=\"(min-width: 576px)\" srcset=\"\"><\/source><source media=\"(min-width: 0)\" srcset=\"\"><\/source><img decoding=\"async\" alt=\"Eine h&ouml;lzerne, verschneite Bergh&uuml;tte mit B&auml;nken im Freien, mit Blick auf ein Tal unter einem strahlend blauen Himmel.\" src=\"https:\/\/www.salzburgerland.com\/de\/magazin\/wp-content\/uploads\/2013\/05\/y23a08022-scaled.jpg\">\t<\/picture><\/a><\/figure><\/div><div class=\"col-6 col-sm-4\"><figure><a class=\"thumb-container\" href=\"https:\/\/www.salzburgerland.com\/de\/magazin\/wp-content\/uploads\/2013\/05\/y23a08015-1280x1024.jpg\">\t<picture><source media=\"(min-width: 576px)\" srcset=\"https:\/\/www.salzburgerland.com\/de\/magazin\/wp-content\/uploads\/2013\/05\/y23a08015-325x209.jpg 325w, https:\/\/www.salzburgerland.com\/de\/magazin\/wp-content\/uploads\/2013\/05\/y23a08015-249x160.jpg 249w\"><\/source><source media=\"(min-width: 0)\" srcset=\"https:\/\/www.salzburgerland.com\/de\/magazin\/wp-content\/uploads\/2013\/05\/y23a08015-249x160.jpg 249w, https:\/\/www.salzburgerland.com\/de\/magazin\/wp-content\/uploads\/2013\/05\/y23a08015-325x209.jpg 325w\"><\/source><img decoding=\"async\" alt=\"Das Sonnenlicht scheint auf ein schneebedecktes Haus mit schr&auml;gem Dach und Holzgel&auml;nder vor einem strahlend blauen Himmel.\" src=\"https:\/\/www.salzburgerland.com\/de\/magazin\/wp-content\/uploads\/2013\/05\/y23a08015-scaled.jpg\">\t<\/picture><\/a><\/figure><\/div><div class=\"col-6 col-sm-4\"><figure><a class=\"thumb-container\" href=\"https:\/\/www.salzburgerland.com\/de\/magazin\/wp-content\/uploads\/2013\/05\/y23a08009-1280x1024.jpg\">\t<picture><source media=\"(min-width: 576px)\" srcset=\"https:\/\/www.salzburgerland.com\/de\/magazin\/wp-content\/uploads\/2013\/05\/y23a08009-325x209.jpg 325w, https:\/\/www.salzburgerland.com\/de\/magazin\/wp-content\/uploads\/2013\/05\/y23a08009-249x160.jpg 249w\"><\/source><source media=\"(min-width: 0)\" srcset=\"https:\/\/www.salzburgerland.com\/de\/magazin\/wp-content\/uploads\/2013\/05\/y23a08009-249x160.jpg 249w, https:\/\/www.salzburgerland.com\/de\/magazin\/wp-content\/uploads\/2013\/05\/y23a08009-325x209.jpg 325w\"><\/source><img decoding=\"async\" alt=\"Eine blau-wei&szlig;e Seilbahn f&auml;hrt bei klarem Wetter an felsigen, verschneiten Bergen und einem roten St&uuml;tzpfeiler vorbei.\" src=\"https:\/\/www.salzburgerland.com\/de\/magazin\/wp-content\/uploads\/2013\/05\/y23a08009-scaled.jpg\">\t<\/picture><\/a><\/figure><\/div><div class=\"col-6 col-sm-4\"><figure><a class=\"thumb-container\" href=\"https:\/\/www.salzburgerland.com\/de\/magazin\/wp-content\/uploads\/2013\/05\/e28k60011-1280x1024.jpg\">\t<picture><source media=\"(min-width: 576px)\" srcset=\"https:\/\/www.salzburgerland.com\/de\/magazin\/wp-content\/uploads\/2013\/05\/e28k60011-325x209.jpg 325w, https:\/\/www.salzburgerland.com\/de\/magazin\/wp-content\/uploads\/2013\/05\/e28k60011-249x160.jpg 249w\"><\/source><source media=\"(min-width: 0)\" srcset=\"https:\/\/www.salzburgerland.com\/de\/magazin\/wp-content\/uploads\/2013\/05\/e28k60011-249x160.jpg 249w, https:\/\/www.salzburgerland.com\/de\/magazin\/wp-content\/uploads\/2013\/05\/e28k60011-325x209.jpg 325w\"><\/source><img decoding=\"async\" alt=\"Silhouettierte Berge bei Sonnenuntergang mit dramatischen Wolken und goldenem Licht am Himmel.\" src=\"https:\/\/www.salzburgerland.com\/de\/magazin\/wp-content\/uploads\/2013\/05\/e28k60011-scaled.jpg\">\t<\/picture><\/a><\/figure><\/div><\/div><figcaption><\/figcaption><\/div>\n","protected":false},"excerpt":{"rendered":"<p>Feen, Zwerge, Edelleute und gro\u00dfe Sch\u00e4tze sollen im Inneren des Untersberges versteckt sein. In der wohl ber\u00fchmtesten Sage spielt einer der gr\u00f6\u00dften Herrscher der Menschheit die Hauptrolle \u2013 Kaiser Karl der Gro\u00dfe. Obwohl der Kaiser in Aachen begraben liegt, besagt die Sage, dass er im Untersberg auf seine Auferstehung wartet. An einem Marmortisch soll er [&hellip;]<\/p>\n","protected":false},"author":251,"featured_media":36126,"comment_status":"open","ping_status":"open","sticky":false,"template":"","format":"standard","meta":{"_acf_changed":false,"wl_entities_gutenberg":"","_wl_entity_redirect_enabled":"","footnotes":""},"categories":[6],"tags":[],"wl_entity_type":[306],"monatsauswahl":[82,83,84,85,86,87,88,89,90,91,92,93],"class_list":["post-35698","post","type-post","status-publish","format-standard","has-post-thumbnail","hentry","category-kunst-kultur","wl_entity_type-article","monatsauswahl-monat_1","monatsauswahl-monat_2","monatsauswahl-monat_3","monatsauswahl-monat_4","monatsauswahl-monat_5","monatsauswahl-monat_6","monatsauswahl-monat_7","monatsauswahl-monat_8","monatsauswahl-monat_9","monatsauswahl-monat_10","monatsauswahl-monat_11","monatsauswahl-monat_12"],"acf":[],"yoast_head":"<!-- This site is optimized with the Yoast SEO Premium plugin v27.4 (Yoast SEO v27.4) - https:\/\/yoast.com\/product\/yoast-seo-premium-wordpress\/ -->\n<title>Kaiser Karl im Untersberg und sein langer Bart - SalzburgerLand Magazin<\/title>\n<meta name=\"description\" content=\"Zwischen dem Berchtesgadener Land und SalzburgerLand ragt der Untersberg aus dem Boden. Durch seine m\u00e4chtige Formation ist er nicht aus dem Erscheinungsbild der Salzburger wegzudenken. Vor allem die Sagen und Mythen um ihn herum bieten Gespr\u00e4chsstoff in allen Kreisen.\" \/>\n<meta name=\"robots\" content=\"index, follow, max-snippet:-1, max-image-preview:large, max-video-preview:-1\" \/>\n<link rel=\"canonical\" href=\"https:\/\/www.salzburgerland.com\/de\/magazin\/kaiser-karl-im-untersberg-und-sein-langer-bart-apokalypse-am-walserfeld\/\" \/>\n<meta property=\"og:locale\" content=\"de_DE\" \/>\n<meta property=\"og:type\" content=\"article\" \/>\n<meta property=\"og:title\" content=\"Kaiser Karl im Untersberg und sein langer Bart\" \/>\n<meta property=\"og:description\" content=\"Feen, Zwerge, Edelleute und gro\u00dfe Sch\u00e4tze sollen im Inneren des Untersberges versteckt sein. In der wohl ber\u00fchmtesten Sage spielt einer der gr\u00f6\u00dften Herrscher der Menschheit die Hauptrolle \u2013 Kaiser Karl der Gro\u00dfe. Obwohl der Kaiser in Aachen begraben liegt, besagt die Sage, dass er im Untersberg auf seine Auferstehung wartet. An einem Marmortisch soll er [&hellip;]\" \/>\n<meta property=\"og:url\" content=\"https:\/\/www.salzburgerland.com\/de\/magazin\/kaiser-karl-im-untersberg-und-sein-langer-bart-apokalypse-am-walserfeld\/\" \/>\n<meta property=\"og:site_name\" content=\"SalzburgerLand Magazin\" \/>\n<meta property=\"article:publisher\" content=\"https:\/\/www.facebook.com\/salzburgerland\/\" \/>\n<meta property=\"article:published_time\" content=\"2013-05-22T19:26:13+00:00\" \/>\n<meta property=\"article:modified_time\" content=\"2021-03-19T11:45:13+00:00\" \/>\n<meta property=\"og:image\" content=\"https:\/\/www.salzburgerland.com\/de\/magazin\/wp-content\/uploads\/2013\/05\/s08eXIII0002.jpg\" \/>\n\t<meta property=\"og:image:width\" content=\"709\" \/>\n\t<meta property=\"og:image:height\" content=\"472\" \/>\n\t<meta property=\"og:image:type\" content=\"image\/jpeg\" \/>\n<meta name=\"author\" content=\"Sandra Stojkov\" \/>\n<meta name=\"twitter:card\" content=\"summary_large_image\" \/>\n<meta name=\"twitter:creator\" content=\"@Salzburgerland\" \/>\n<meta name=\"twitter:site\" content=\"@Salzburgerland\" \/>\n<meta name=\"twitter:label1\" content=\"Verfasst von\" \/>\n\t<meta name=\"twitter:data1\" content=\"Sandra Stojkov\" \/>\n\t<meta name=\"twitter:label2\" content=\"Gesch\u00e4tzte Lesezeit\" \/>\n\t<meta name=\"twitter:data2\" content=\"4\u00a0Minuten\" \/>\n<script type=\"application\/ld+json\" class=\"yoast-schema-graph\">{\"@context\":\"https:\\\/\\\/schema.org\",\"@graph\":[{\"@type\":\"Article\",\"@id\":\"https:\\\/\\\/www.salzburgerland.com\\\/de\\\/magazin\\\/kaiser-karl-im-untersberg-und-sein-langer-bart-apokalypse-am-walserfeld\\\/#article\",\"isPartOf\":{\"@id\":\"https:\\\/\\\/www.salzburgerland.com\\\/de\\\/magazin\\\/kaiser-karl-im-untersberg-und-sein-langer-bart-apokalypse-am-walserfeld\\\/\"},\"author\":{\"name\":\"Sandra Stojkov\",\"@id\":\"https:\\\/\\\/www.salzburgerland.com\\\/de\\\/magazin\\\/#\\\/schema\\\/person\\\/27a5109b668576237074b0eb708f4732\"},\"headline\":\"Kaiser Karl im Untersberg und sein langer Bart\",\"datePublished\":\"2013-05-22T19:26:13+00:00\",\"dateModified\":\"2021-03-19T11:45:13+00:00\",\"mainEntityOfPage\":{\"@id\":\"https:\\\/\\\/www.salzburgerland.com\\\/de\\\/magazin\\\/kaiser-karl-im-untersberg-und-sein-langer-bart-apokalypse-am-walserfeld\\\/\"},\"wordCount\":313,\"commentCount\":0,\"publisher\":{\"@id\":\"https:\\\/\\\/www.salzburgerland.com\\\/de\\\/magazin\\\/#organization\"},\"image\":{\"@id\":\"https:\\\/\\\/www.salzburgerland.com\\\/de\\\/magazin\\\/kaiser-karl-im-untersberg-und-sein-langer-bart-apokalypse-am-walserfeld\\\/#primaryimage\"},\"thumbnailUrl\":\"https:\\\/\\\/www.salzburgerland.com\\\/de\\\/magazin\\\/wp-content\\\/uploads\\\/2013\\\/05\\\/s08eXIII0002.jpg\",\"articleSection\":[\"Kunst &amp; Kultur\"],\"inLanguage\":\"de\",\"potentialAction\":[{\"@type\":\"CommentAction\",\"name\":\"Comment\",\"target\":[\"https:\\\/\\\/www.salzburgerland.com\\\/de\\\/magazin\\\/kaiser-karl-im-untersberg-und-sein-langer-bart-apokalypse-am-walserfeld\\\/#respond\"]}]},{\"@type\":\"WebPage\",\"@id\":\"https:\\\/\\\/www.salzburgerland.com\\\/de\\\/magazin\\\/kaiser-karl-im-untersberg-und-sein-langer-bart-apokalypse-am-walserfeld\\\/\",\"url\":\"https:\\\/\\\/www.salzburgerland.com\\\/de\\\/magazin\\\/kaiser-karl-im-untersberg-und-sein-langer-bart-apokalypse-am-walserfeld\\\/\",\"name\":\"Kaiser Karl im Untersberg und sein langer Bart - SalzburgerLand Magazin\",\"isPartOf\":{\"@id\":\"https:\\\/\\\/www.salzburgerland.com\\\/de\\\/magazin\\\/#website\"},\"primaryImageOfPage\":{\"@id\":\"https:\\\/\\\/www.salzburgerland.com\\\/de\\\/magazin\\\/kaiser-karl-im-untersberg-und-sein-langer-bart-apokalypse-am-walserfeld\\\/#primaryimage\"},\"image\":{\"@id\":\"https:\\\/\\\/www.salzburgerland.com\\\/de\\\/magazin\\\/kaiser-karl-im-untersberg-und-sein-langer-bart-apokalypse-am-walserfeld\\\/#primaryimage\"},\"thumbnailUrl\":\"https:\\\/\\\/www.salzburgerland.com\\\/de\\\/magazin\\\/wp-content\\\/uploads\\\/2013\\\/05\\\/s08eXIII0002.jpg\",\"datePublished\":\"2013-05-22T19:26:13+00:00\",\"dateModified\":\"2021-03-19T11:45:13+00:00\",\"breadcrumb\":{\"@id\":\"https:\\\/\\\/www.salzburgerland.com\\\/de\\\/magazin\\\/kaiser-karl-im-untersberg-und-sein-langer-bart-apokalypse-am-walserfeld\\\/#breadcrumb\"},\"inLanguage\":\"de\",\"potentialAction\":[{\"@type\":\"ReadAction\",\"target\":[\"https:\\\/\\\/www.salzburgerland.com\\\/de\\\/magazin\\\/kaiser-karl-im-untersberg-und-sein-langer-bart-apokalypse-am-walserfeld\\\/\"]}]},{\"@type\":\"ImageObject\",\"inLanguage\":\"de\",\"@id\":\"https:\\\/\\\/www.salzburgerland.com\\\/de\\\/magazin\\\/kaiser-karl-im-untersberg-und-sein-langer-bart-apokalypse-am-walserfeld\\\/#primaryimage\",\"url\":\"https:\\\/\\\/www.salzburgerland.com\\\/de\\\/magazin\\\/wp-content\\\/uploads\\\/2013\\\/05\\\/s08eXIII0002.jpg\",\"contentUrl\":\"https:\\\/\\\/www.salzburgerland.com\\\/de\\\/magazin\\\/wp-content\\\/uploads\\\/2013\\\/05\\\/s08eXIII0002.jpg\",\"width\":709,\"height\":472,\"caption\":\"Kaiser Karl am Marmortisch im Gasthof Esterer\"},{\"@type\":\"BreadcrumbList\",\"@id\":\"https:\\\/\\\/www.salzburgerland.com\\\/de\\\/magazin\\\/kaiser-karl-im-untersberg-und-sein-langer-bart-apokalypse-am-walserfeld\\\/#breadcrumb\",\"itemListElement\":[{\"@type\":\"ListItem\",\"position\":1,\"name\":\"Startseite\",\"item\":\"https:\\\/\\\/www.salzburgerland.com\\\/de\\\/magazin\\\/\"},{\"@type\":\"ListItem\",\"position\":2,\"name\":\"Kunst &amp; Kultur\",\"item\":\"https:\\\/\\\/www.salzburgerland.com\\\/de\\\/magazin\\\/thema\\\/kunst-kultur\\\/\"},{\"@type\":\"ListItem\",\"position\":3,\"name\":\"Kaiser Karl im Untersberg und sein langer Bart\"}]},{\"@type\":\"WebSite\",\"@id\":\"https:\\\/\\\/www.salzburgerland.com\\\/de\\\/magazin\\\/#website\",\"url\":\"https:\\\/\\\/www.salzburgerland.com\\\/de\\\/magazin\\\/\",\"name\":\"SalzburgerLand Magazin\",\"description\":\"Geschichten und Interessantes aus dem SalzburgerLand\",\"publisher\":{\"@id\":\"https:\\\/\\\/www.salzburgerland.com\\\/de\\\/magazin\\\/#organization\"},\"potentialAction\":[{\"@type\":\"SearchAction\",\"target\":{\"@type\":\"EntryPoint\",\"urlTemplate\":\"https:\\\/\\\/www.salzburgerland.com\\\/de\\\/magazin\\\/?s={search_term_string}\"},\"query-input\":{\"@type\":\"PropertyValueSpecification\",\"valueRequired\":true,\"valueName\":\"search_term_string\"}}],\"inLanguage\":\"de\"},{\"@type\":\"Organization\",\"@id\":\"https:\\\/\\\/www.salzburgerland.com\\\/de\\\/magazin\\\/#organization\",\"name\":\"SalzburgerLand Tourismus\",\"url\":\"https:\\\/\\\/www.salzburgerland.com\\\/de\\\/magazin\\\/\",\"logo\":{\"@type\":\"ImageObject\",\"inLanguage\":\"de\",\"@id\":\"https:\\\/\\\/www.salzburgerland.com\\\/de\\\/magazin\\\/#\\\/schema\\\/logo\\\/image\\\/\",\"url\":\"https:\\\/\\\/www.salzburgerland.com\\\/de\\\/magazin\\\/wp-content\\\/uploads\\\/2019\\\/06\\\/salzburgerland-logo1.jpg\",\"contentUrl\":\"https:\\\/\\\/www.salzburgerland.com\\\/de\\\/magazin\\\/wp-content\\\/uploads\\\/2019\\\/06\\\/salzburgerland-logo1.jpg\",\"width\":2011,\"height\":866,\"caption\":\"SalzburgerLand Tourismus\"},\"image\":{\"@id\":\"https:\\\/\\\/www.salzburgerland.com\\\/de\\\/magazin\\\/#\\\/schema\\\/logo\\\/image\\\/\"},\"sameAs\":[\"https:\\\/\\\/www.facebook.com\\\/salzburgerland\\\/\",\"https:\\\/\\\/x.com\\\/Salzburgerland\",\"https:\\\/\\\/www.instagram.com\\\/salzburgerland\\\/\",\"https:\\\/\\\/at.linkedin.com\\\/company\\\/salzburgerland-tourismus-gmbh\",\"https:\\\/\\\/www.pinterest.at\\\/salzburgerland\\\/\",\"https:\\\/\\\/www.youtube.com\\\/user\\\/salzburgerland\",\"https:\\\/\\\/de.wikipedia.org\\\/wiki\\\/SalzburgerLand_Tourismus_GmbH\"]},{\"@type\":\"Person\",\"@id\":\"https:\\\/\\\/www.salzburgerland.com\\\/de\\\/magazin\\\/#\\\/schema\\\/person\\\/27a5109b668576237074b0eb708f4732\",\"name\":\"Sandra Stojkov\",\"url\":\"https:\\\/\\\/www.salzburgerland.com\\\/de\\\/magazin\\\/author\\\/sandra-stojkov\\\/\"}]}<\/script>\n<meta property=\"og:video\" content=\"https:\/\/www.youtube.com\/embed\/Y2t1CeJVFIA\" \/>\n<meta property=\"og:video:type\" content=\"text\/html\" \/>\n<meta property=\"og:video:duration\" content=\"89\" \/>\n<meta property=\"og:video:width\" content=\"480\" \/>\n<meta property=\"og:video:height\" content=\"270\" \/>\n<meta property=\"ya:ovs:adult\" content=\"false\" \/>\n<meta property=\"ya:ovs:upload_date\" content=\"2013-05-22T19:26:13+00:00\" \/>\n<meta property=\"ya:ovs:allow_embed\" content=\"true\" \/>\n<!-- \/ Yoast SEO Premium plugin. -->","yoast_head_json":{"title":"Kaiser Karl im Untersberg und sein langer Bart - SalzburgerLand Magazin","description":"Zwischen dem Berchtesgadener Land und SalzburgerLand ragt der Untersberg aus dem Boden. Durch seine m\u00e4chtige Formation ist er nicht aus dem Erscheinungsbild der Salzburger wegzudenken. Vor allem die Sagen und Mythen um ihn herum bieten Gespr\u00e4chsstoff in allen Kreisen.","robots":{"index":"index","follow":"follow","max-snippet":"max-snippet:-1","max-image-preview":"max-image-preview:large","max-video-preview":"max-video-preview:-1"},"canonical":"https:\/\/www.salzburgerland.com\/de\/magazin\/kaiser-karl-im-untersberg-und-sein-langer-bart-apokalypse-am-walserfeld\/","og_locale":"de_DE","og_type":"article","og_title":"Kaiser Karl im Untersberg und sein langer Bart","og_description":"Feen, Zwerge, Edelleute und gro\u00dfe Sch\u00e4tze sollen im Inneren des Untersberges versteckt sein. In der wohl ber\u00fchmtesten Sage spielt einer der gr\u00f6\u00dften Herrscher der Menschheit die Hauptrolle \u2013 Kaiser Karl der Gro\u00dfe. Obwohl der Kaiser in Aachen begraben liegt, besagt die Sage, dass er im Untersberg auf seine Auferstehung wartet. An einem Marmortisch soll er [&hellip;]","og_url":"https:\/\/www.salzburgerland.com\/de\/magazin\/kaiser-karl-im-untersberg-und-sein-langer-bart-apokalypse-am-walserfeld\/","og_site_name":"SalzburgerLand Magazin","article_publisher":"https:\/\/www.facebook.com\/salzburgerland\/","article_published_time":"2013-05-22T19:26:13+00:00","article_modified_time":"2021-03-19T11:45:13+00:00","og_image":[{"width":709,"height":472,"url":"https:\/\/www.salzburgerland.com\/de\/magazin\/wp-content\/uploads\/2013\/05\/s08eXIII0002.jpg","type":"image\/jpeg"}],"author":"Sandra Stojkov","twitter_card":"summary_large_image","twitter_creator":"@Salzburgerland","twitter_site":"@Salzburgerland","twitter_misc":{"Verfasst von":"Sandra Stojkov","Gesch\u00e4tzte Lesezeit":"4\u00a0Minuten"},"schema":{"@context":"https:\/\/schema.org","@graph":[{"@type":"Article","@id":"https:\/\/www.salzburgerland.com\/de\/magazin\/kaiser-karl-im-untersberg-und-sein-langer-bart-apokalypse-am-walserfeld\/#article","isPartOf":{"@id":"https:\/\/www.salzburgerland.com\/de\/magazin\/kaiser-karl-im-untersberg-und-sein-langer-bart-apokalypse-am-walserfeld\/"},"author":{"name":"Sandra Stojkov","@id":"https:\/\/www.salzburgerland.com\/de\/magazin\/#\/schema\/person\/27a5109b668576237074b0eb708f4732"},"headline":"Kaiser Karl im Untersberg und sein langer Bart","datePublished":"2013-05-22T19:26:13+00:00","dateModified":"2021-03-19T11:45:13+00:00","mainEntityOfPage":{"@id":"https:\/\/www.salzburgerland.com\/de\/magazin\/kaiser-karl-im-untersberg-und-sein-langer-bart-apokalypse-am-walserfeld\/"},"wordCount":313,"commentCount":0,"publisher":{"@id":"https:\/\/www.salzburgerland.com\/de\/magazin\/#organization"},"image":{"@id":"https:\/\/www.salzburgerland.com\/de\/magazin\/kaiser-karl-im-untersberg-und-sein-langer-bart-apokalypse-am-walserfeld\/#primaryimage"},"thumbnailUrl":"https:\/\/www.salzburgerland.com\/de\/magazin\/wp-content\/uploads\/2013\/05\/s08eXIII0002.jpg","articleSection":["Kunst &amp; Kultur"],"inLanguage":"de","potentialAction":[{"@type":"CommentAction","name":"Comment","target":["https:\/\/www.salzburgerland.com\/de\/magazin\/kaiser-karl-im-untersberg-und-sein-langer-bart-apokalypse-am-walserfeld\/#respond"]}]},{"@type":"WebPage","@id":"https:\/\/www.salzburgerland.com\/de\/magazin\/kaiser-karl-im-untersberg-und-sein-langer-bart-apokalypse-am-walserfeld\/","url":"https:\/\/www.salzburgerland.com\/de\/magazin\/kaiser-karl-im-untersberg-und-sein-langer-bart-apokalypse-am-walserfeld\/","name":"Kaiser Karl im Untersberg und sein langer Bart - SalzburgerLand Magazin","isPartOf":{"@id":"https:\/\/www.salzburgerland.com\/de\/magazin\/#website"},"primaryImageOfPage":{"@id":"https:\/\/www.salzburgerland.com\/de\/magazin\/kaiser-karl-im-untersberg-und-sein-langer-bart-apokalypse-am-walserfeld\/#primaryimage"},"image":{"@id":"https:\/\/www.salzburgerland.com\/de\/magazin\/kaiser-karl-im-untersberg-und-sein-langer-bart-apokalypse-am-walserfeld\/#primaryimage"},"thumbnailUrl":"https:\/\/www.salzburgerland.com\/de\/magazin\/wp-content\/uploads\/2013\/05\/s08eXIII0002.jpg","datePublished":"2013-05-22T19:26:13+00:00","dateModified":"2021-03-19T11:45:13+00:00","breadcrumb":{"@id":"https:\/\/www.salzburgerland.com\/de\/magazin\/kaiser-karl-im-untersberg-und-sein-langer-bart-apokalypse-am-walserfeld\/#breadcrumb"},"inLanguage":"de","potentialAction":[{"@type":"ReadAction","target":["https:\/\/www.salzburgerland.com\/de\/magazin\/kaiser-karl-im-untersberg-und-sein-langer-bart-apokalypse-am-walserfeld\/"]}]},{"@type":"ImageObject","inLanguage":"de","@id":"https:\/\/www.salzburgerland.com\/de\/magazin\/kaiser-karl-im-untersberg-und-sein-langer-bart-apokalypse-am-walserfeld\/#primaryimage","url":"https:\/\/www.salzburgerland.com\/de\/magazin\/wp-content\/uploads\/2013\/05\/s08eXIII0002.jpg","contentUrl":"https:\/\/www.salzburgerland.com\/de\/magazin\/wp-content\/uploads\/2013\/05\/s08eXIII0002.jpg","width":709,"height":472,"caption":"Kaiser Karl am Marmortisch im Gasthof Esterer"},{"@type":"BreadcrumbList","@id":"https:\/\/www.salzburgerland.com\/de\/magazin\/kaiser-karl-im-untersberg-und-sein-langer-bart-apokalypse-am-walserfeld\/#breadcrumb","itemListElement":[{"@type":"ListItem","position":1,"name":"Startseite","item":"https:\/\/www.salzburgerland.com\/de\/magazin\/"},{"@type":"ListItem","position":2,"name":"Kunst &amp; Kultur","item":"https:\/\/www.salzburgerland.com\/de\/magazin\/thema\/kunst-kultur\/"},{"@type":"ListItem","position":3,"name":"Kaiser Karl im Untersberg und sein langer Bart"}]},{"@type":"WebSite","@id":"https:\/\/www.salzburgerland.com\/de\/magazin\/#website","url":"https:\/\/www.salzburgerland.com\/de\/magazin\/","name":"SalzburgerLand Magazin","description":"Geschichten und Interessantes aus dem SalzburgerLand","publisher":{"@id":"https:\/\/www.salzburgerland.com\/de\/magazin\/#organization"},"potentialAction":[{"@type":"SearchAction","target":{"@type":"EntryPoint","urlTemplate":"https:\/\/www.salzburgerland.com\/de\/magazin\/?s={search_term_string}"},"query-input":{"@type":"PropertyValueSpecification","valueRequired":true,"valueName":"search_term_string"}}],"inLanguage":"de"},{"@type":"Organization","@id":"https:\/\/www.salzburgerland.com\/de\/magazin\/#organization","name":"SalzburgerLand Tourismus","url":"https:\/\/www.salzburgerland.com\/de\/magazin\/","logo":{"@type":"ImageObject","inLanguage":"de","@id":"https:\/\/www.salzburgerland.com\/de\/magazin\/#\/schema\/logo\/image\/","url":"https:\/\/www.salzburgerland.com\/de\/magazin\/wp-content\/uploads\/2019\/06\/salzburgerland-logo1.jpg","contentUrl":"https:\/\/www.salzburgerland.com\/de\/magazin\/wp-content\/uploads\/2019\/06\/salzburgerland-logo1.jpg","width":2011,"height":866,"caption":"SalzburgerLand Tourismus"},"image":{"@id":"https:\/\/www.salzburgerland.com\/de\/magazin\/#\/schema\/logo\/image\/"},"sameAs":["https:\/\/www.facebook.com\/salzburgerland\/","https:\/\/x.com\/Salzburgerland","https:\/\/www.instagram.com\/salzburgerland\/","https:\/\/at.linkedin.com\/company\/salzburgerland-tourismus-gmbh","https:\/\/www.pinterest.at\/salzburgerland\/","https:\/\/www.youtube.com\/user\/salzburgerland","https:\/\/de.wikipedia.org\/wiki\/SalzburgerLand_Tourismus_GmbH"]},{"@type":"Person","@id":"https:\/\/www.salzburgerland.com\/de\/magazin\/#\/schema\/person\/27a5109b668576237074b0eb708f4732","name":"Sandra Stojkov","url":"https:\/\/www.salzburgerland.com\/de\/magazin\/author\/sandra-stojkov\/"}]},"og_video":"https:\/\/www.youtube.com\/embed\/Y2t1CeJVFIA","og_video_type":"text\/html","og_video_duration":"89","og_video_width":"480","og_video_height":"270","ya_ovs_adult":"false","ya_ovs_upload_date":"2013-05-22T19:26:13+00:00","ya_ovs_allow_embed":"true"},"_wl_alt_label":[],"wl:entity_url":"http:\/\/open.salzburgerland.com\/magazin\/post\/kaiser_karl_im_untersberg_und_sein_langer_bart_-_apokalypse_am_walserfeld","_links":{"self":[{"href":"https:\/\/www.salzburgerland.com\/de\/magazin\/wp-json\/wp\/v2\/posts\/35698","targetHints":{"allow":["GET"]}}],"collection":[{"href":"https:\/\/www.salzburgerland.com\/de\/magazin\/wp-json\/wp\/v2\/posts"}],"about":[{"href":"https:\/\/www.salzburgerland.com\/de\/magazin\/wp-json\/wp\/v2\/types\/post"}],"author":[{"embeddable":true,"href":"https:\/\/www.salzburgerland.com\/de\/magazin\/wp-json\/wp\/v2\/users\/251"}],"replies":[{"embeddable":true,"href":"https:\/\/www.salzburgerland.com\/de\/magazin\/wp-json\/wp\/v2\/comments?post=35698"}],"version-history":[{"count":3,"href":"https:\/\/www.salzburgerland.com\/de\/magazin\/wp-json\/wp\/v2\/posts\/35698\/revisions"}],"predecessor-version":[{"id":151162,"href":"https:\/\/www.salzburgerland.com\/de\/magazin\/wp-json\/wp\/v2\/posts\/35698\/revisions\/151162"}],"wp:featuredmedia":[{"embeddable":true,"href":"https:\/\/www.salzburgerland.com\/de\/magazin\/wp-json\/wp\/v2\/media\/36126"}],"wp:attachment":[{"href":"https:\/\/www.salzburgerland.com\/de\/magazin\/wp-json\/wp\/v2\/media?parent=35698"}],"wp:term":[{"taxonomy":"category","embeddable":true,"href":"https:\/\/www.salzburgerland.com\/de\/magazin\/wp-json\/wp\/v2\/categories?post=35698"},{"taxonomy":"post_tag","embeddable":true,"href":"https:\/\/www.salzburgerland.com\/de\/magazin\/wp-json\/wp\/v2\/tags?post=35698"},{"taxonomy":"wl_entity_type","embeddable":true,"href":"https:\/\/www.salzburgerland.com\/de\/magazin\/wp-json\/wp\/v2\/wl_entity_type?post=35698"},{"taxonomy":"monatsauswahl","embeddable":true,"href":"https:\/\/www.salzburgerland.com\/de\/magazin\/wp-json\/wp\/v2\/monatsauswahl?post=35698"}],"curies":[{"name":"wp","href":"https:\/\/api.w.org\/{rel}","templated":true}]}}