{"id":35642,"date":"2013-05-20T09:13:08","date_gmt":"2013-05-20T07:13:08","guid":{"rendered":"http:\/\/magazin.salzburgerland.com\/?p=35642"},"modified":"2013-05-13T15:13:29","modified_gmt":"2013-05-13T13:13:29","slug":"weltweite-tourismuskarrieren-beginnen-in-klessheim","status":"publish","type":"post","link":"https:\/\/www.salzburgerland.com\/de\/magazin\/weltweite-tourismuskarrieren-beginnen-in-klessheim\/","title":{"rendered":"Weltweite Tourismuskarrieren beginnen in Klessheim"},"content":{"rendered":"<p><strong>Salzburgs Tourismusschulen genie\u00dfen Weltruf. Allen voran Klessheim. Egal, in welchen Kontinent man auf Urlaub f\u00e4hrt, immer wieder begegnet man den Absolventen in F\u00fchrungspositionen.<\/strong> In Salzburg selbst sind sie auch in Praktika zu treffen oder bei Events im Catering Einsatz. Denn hier z\u00e4hlt neben einer fundierten wirtschaftlichen und sprachlichen Ausbildung auch die Praxis, so Direktor Franz Heffeter aus Klessheim, der stolz von seinen Lehrkr\u00e4ften erz\u00e4hlt, die allesamt aus Praxisberufen kommen. Richtigen Glanz bekommen seine Augen, wenn er von den erfolgreichen Absolventen spricht.<\/p>\n<p><a title=\"Dallmann San Diego\" href=\"http:\/\/www.dallmannconfections.com\/about-dallmann\" target=\"_blank\">Isabella Valencia<\/a>, hat 2006 Dallmann Confections in San Diego er\u00f6ffnet und fertigt gemeinsam mit neun Mitarbeitern hochwertige Schokoladenpralinen f\u00fcr Hotels, Restaurants und Gourmet Shops. Im Juni 2011 hat sie ihre erste Schokoladen Boutique er\u00f6ffnet im November 2013 soll eine weitere Boutique folgen.<br \/>\n<div class=\"mag-gallery\"><div class=\"row\"><div class=\"col-6 col-sm-4\"><figure><a class=\"thumb-container\" href=\"https:\/\/www.salzburgerland.com\/de\/magazin\/wp-content\/uploads\/2013\/05\/Franz-Heffeter-1280x1024.jpg\">\t<picture><source media=\"(min-width: 576px)\" srcset=\"https:\/\/www.salzburgerland.com\/de\/magazin\/wp-content\/uploads\/2013\/05\/Franz-Heffeter-325x209.jpg 325w, https:\/\/www.salzburgerland.com\/de\/magazin\/wp-content\/uploads\/2013\/05\/Franz-Heffeter-249x160.jpg 249w\" \/><source media=\"(min-width: 0)\" srcset=\"https:\/\/www.salzburgerland.com\/de\/magazin\/wp-content\/uploads\/2013\/05\/Franz-Heffeter-249x160.jpg 249w, https:\/\/www.salzburgerland.com\/de\/magazin\/wp-content\/uploads\/2013\/05\/Franz-Heffeter-325x209.jpg 325w\" \/><img decoding=\"async\" alt=\"Ein l\u00e4chelnder Mann im Anzug und mit gr\u00fcner Krawatte steht an einem hellen Tag vor einem modernen Glasgeb\u00e4ude.\" src=\"https:\/\/www.salzburgerland.com\/de\/magazin\/wp-content\/uploads\/2013\/05\/Franz-Heffeter-scaled.jpg\" \/>\t<\/picture><\/a><\/figure><\/div><div class=\"col-6 col-sm-4\"><figure><a class=\"thumb-container\" href=\"https:\/\/www.salzburgerland.com\/de\/magazin\/wp-content\/uploads\/2013\/05\/Isabella-1280x1024.jpg\">\t<picture><source media=\"(min-width: 576px)\" srcset=\"\" \/><source media=\"(min-width: 0)\" srcset=\"https:\/\/www.salzburgerland.com\/de\/magazin\/wp-content\/uploads\/2013\/05\/Isabella.jpg 1500w, https:\/\/www.salzburgerland.com\/de\/magazin\/wp-content\/uploads\/2013\/05\/Isabella-200x300.jpg 200w, https:\/\/www.salzburgerland.com\/de\/magazin\/wp-content\/uploads\/2013\/05\/Isabella-367x550.jpg 367w, https:\/\/www.salzburgerland.com\/de\/magazin\/wp-content\/uploads\/2013\/05\/Isabella-267x400.jpg 267w, https:\/\/www.salzburgerland.com\/de\/magazin\/wp-content\/uploads\/2013\/05\/Isabella-1320x1980.jpg 1320w\" \/><img decoding=\"async\" alt=\"Eine Frau in einem dunklen Kochmantel steht mit verschr\u00e4nkten Armen und einem L\u00e4cheln vor einer Holzwand.\" src=\"https:\/\/www.salzburgerland.com\/de\/magazin\/wp-content\/uploads\/2013\/05\/Isabella.jpg\" \/>\t<\/picture><\/a><\/figure><\/div><div class=\"col-6 col-sm-4\"><figure><a class=\"thumb-container\" href=\"https:\/\/www.salzburgerland.com\/de\/magazin\/wp-content\/uploads\/2013\/05\/Ganster-Bruder2-1280x1024.jpg\">\t<picture><source media=\"(min-width: 576px)\" srcset=\"https:\/\/www.salzburgerland.com\/de\/magazin\/wp-content\/uploads\/2013\/05\/Ganster-Bruder2-325x209.jpg 325w, https:\/\/www.salzburgerland.com\/de\/magazin\/wp-content\/uploads\/2013\/05\/Ganster-Bruder2-249x160.jpg 249w\" \/><source media=\"(min-width: 0)\" srcset=\"https:\/\/www.salzburgerland.com\/de\/magazin\/wp-content\/uploads\/2013\/05\/Ganster-Bruder2-249x160.jpg 249w, https:\/\/www.salzburgerland.com\/de\/magazin\/wp-content\/uploads\/2013\/05\/Ganster-Bruder2-325x209.jpg 325w\" \/><img decoding=\"async\" alt=\"Zwei l\u00e4chelnde M\u00e4nner in Anz\u00fcgen stehen an einer Hotelrezeption mit einem Schild &quot;Fairmont President&#039;s Club&quot;.\" src=\"https:\/\/www.salzburgerland.com\/de\/magazin\/wp-content\/uploads\/2013\/05\/Ganster-Bruder2.jpg\" \/>\t<\/picture><\/a><\/figure><\/div><div class=\"col-6 col-sm-4\"><figure><a class=\"thumb-container\" href=\"https:\/\/www.salzburgerland.com\/de\/magazin\/wp-content\/uploads\/2013\/05\/Ganster-Bruder-1280x1024.jpg\">\t<picture><source media=\"(min-width: 576px)\" srcset=\"https:\/\/www.salzburgerland.com\/de\/magazin\/wp-content\/uploads\/2013\/05\/Ganster-Bruder-325x209.jpg 325w, https:\/\/www.salzburgerland.com\/de\/magazin\/wp-content\/uploads\/2013\/05\/Ganster-Bruder-249x160.jpg 249w\" \/><source media=\"(min-width: 0)\" srcset=\"https:\/\/www.salzburgerland.com\/de\/magazin\/wp-content\/uploads\/2013\/05\/Ganster-Bruder-249x160.jpg 249w, https:\/\/www.salzburgerland.com\/de\/magazin\/wp-content\/uploads\/2013\/05\/Ganster-Bruder-325x209.jpg 325w\" \/><img decoding=\"async\" alt=\"Zwei M\u00e4nner in Anz\u00fcgen posieren und l\u00e4cheln in einem eleganten Raum mit roten Sofas und verspiegelten W\u00e4nden.\" src=\"https:\/\/www.salzburgerland.com\/de\/magazin\/wp-content\/uploads\/2013\/05\/Ganster-Bruder.jpg\" \/>\t<\/picture><\/a><\/figure><\/div><\/div><\/div><figcaption><\/figcaption><\/p>\n<p>Die beiden Ganster-Br\u00fcder sind eine Erfolgsgeschichte f\u00fcr sich: \u201eIch habe 1995 an der Salzburger Tourismusschule in Klessheim maturiert und bin danach in die gro\u00dfe Welt\u201c, schreibt Christoph Ganster. \u201eEnde Juni werde ich \u2013 innerhalb unserer Hotel Gruppe \u201cFairmont Raffles Hotels International\u201d \u2013 ins Raffles Praslin, Seychelles transferiert, wo ich als General Manager t\u00e4tig sein werde.\u201c\u00a0 Nach seiner ersten General Manager Position in Kairo, wurde er im Oktober 2011 beauftragt Fairmont&#8217;s erstes Hotel in Central Europe zu er\u00f6ffnen. Er hat das Pre-Opening Office etabliert und in der Rekordzeit von nur 5 \u00bd Monaten, das Fairmont Grand Hotel Kyiv als General Direktor er\u00f6ffnet.<\/p>\n<p>Bruder Michael ist ebenfalls General Manager und auch bei Fairmont in Peking. Er ist 2 Jahre \u00e4lter und hat 1994 maturiert. Klessheim Direktor Franz Heffeter kann sich an die beiden gut erinnern: \u201eSchon als Praktikanten wollten sie unbedingt nur in 5 Sterne Hotels arbeiten.\u201c<\/p>\n<p><strong>Klessheimer in Salzburg und Umgebung.<\/strong><\/p>\n<p>Anna Sigl (Hotel Carlton und Hotel Auersperg), Seppi Sigl, Johannes Mo\u00dfhammer ( Maria Plain), Elisabeth Eder, der Pucher Kirchenwirt Christian Rettenbacher oder Andreas Scheck (Vollererhof) mit Julia Skadarassi (Z\u00fcrserhof, Lech).<\/p>\n<p>In den Tourismusschulen lernt man die Qualifikation im Umgang mit Menschen und Dienstleistungsorientierung \u2013 damit legt man auch einen guten Grundstein f\u00fcr Karriere in ganz anderen Branchen, wei\u00df Heffeter, wie z.B. Ralf Leeb, der sich in L.A. auf die Produktion von Filmtrailern spezialisiert hat. Von sieben oscarnominierten Filmen hat er die Trailer gemacht, die den weiteren Verlauf der Endproduktion nicht unwesentlich mitbestimmen.<\/p>\n<p>Sebastian Schulte aus Deutschland, der Sohn von Severin Schulte (Severin Haushaltsger\u00e4te) war ebenfalls Klessheimer und ist jetzt f\u00fcr das Marketing der Familienlodge in Kenia verantwortlich.<\/p>\n<p>Der Hochschullehrgang\u00a0 mit Absolventen wie Salzburgerland Tourismuschef Leo Bauernberger oder Stefan Herzl (Panorama Tours) wurde zugunsten der Tourismus FH eingestellt.<\/p>\n<p><strong>Absolventen des Internationalen Tourismuslehrgangs ITH :<\/strong><\/p>\n<p>Die fr\u00fchere Tourismusministerin Nilofar Bakhtiar von Pakistan lernte hier das Handwerk. Ebenso der Chef der Hoteliersvereinigung von Nepal Narendra Bajracharia, der jetzt selbst eine Hotelfachschule in Nepal betreibt und mit Klessheim kooperiert.<\/p>\n<p>Klessheim ist die erste Tourismusschule, die internationale Studienpartnerschaften anbietet wie die Uni Derby in GB, wo 4 Semester der Ausbildung angerechnet werden. Die Uni Den Haag ist die j\u00fcngste Partneruni.<\/p>\n<p>Selbstverst\u00e4ndlich ist auch die Betreuung der Praktikanten von Lehrern, Fachvorstand und Direktor. Das B\u00fcro ist auch im Sommer besetzt. Sch\u00fcler und Betriebe werden im Vorfeld beraten und EU Projekte dazu abgeschlossen. Learning Agreements \u2013 Beiderseitige befriedigende Ausbildungssituationen sollen gegenseitige Kompetenzen sichern. Klessheim hat sogar sein eigenes Careercenter.<\/p>\n<p>An den vier Standorten in Bad Hofgastein (mit Absolventen wie Marcel Hirscher und Anna Fenninger), Bischofshofen, Bramberg und Klessheim stehen\u00a0insgesamt sechs unterschiedliche Schulformen zur Auswahl. Die dreij\u00e4hrige Hotelfachschule, die vierj\u00e4hrige Skihotelfachschule, sowie die f\u00fcnfj\u00e4hrige H\u00f6here Lehranstalt f\u00fcr Tourismus sprechen AbsolventInnen von Pflichtschulen an. Der dreij\u00e4hrige Aufbaulehrgang ist f\u00fcr Fachschulabg\u00e4ngerInnen konzipiert, die die Matura machen wollen.<\/p>\n<p>Mit dem zweij\u00e4hrigen Hotelfachlehrgang f\u00fcr Erwachsene und dem zweij\u00e4hrigen Kolleg f\u00fcr Tourismus, bieten die Tourismusschulen Salzburg auch Aus- und Weiterbildungsm\u00f6glichkeiten f\u00fcr MaturatInnen und QuereinsteigerInnen.<\/p>\n<p>Sogar jene, die nur kurz in Klessheim waren, schw\u00e4rmen von der guten Basis, die hier gelegt wurde wie Robert Klaus (Klassenkollege von Berti Mielach, Steinlechner):\u00a0\u201eIch habe die erste Klasse mit Auszeichnung bestanden, bin aber in der zweiten ausgestiegen. Es war dennoch eine perfekte Basis f\u00fcr mein kleines Restaurant au\u00dferhalb von Vancouver. Wir kochen Pacific Northwest cuisine mit europ\u00e4ischem Einfluss. Ich wurde zum besten Restaurant au\u00dferhalb Vancouvers gew\u00e4hlt.\u201c<\/p>\n<p>&nbsp;<\/p>\n","protected":false},"excerpt":{"rendered":"<p>Salzburgs Tourismusschulen genie\u00dfen Weltruf. Allen voran Klessheim. Egal, in welchen Kontinent man auf Urlaub f\u00e4hrt, immer wieder begegnet man den Absolventen in F\u00fchrungspositionen. In Salzburg selbst sind sie auch in Praktika zu treffen oder bei Events im Catering Einsatz. Denn hier z\u00e4hlt neben einer fundierten wirtschaftlichen und sprachlichen Ausbildung auch die Praxis, so Direktor Franz [&hellip;]<\/p>\n","protected":false},"author":70,"featured_media":35645,"comment_status":"open","ping_status":"open","sticky":false,"template":"","format":"standard","meta":{"_acf_changed":false,"wl_entities_gutenberg":"","_wl_entity_redirect_enabled":"","footnotes":""},"categories":[7],"tags":[],"wl_entity_type":[306],"monatsauswahl":[82,83,84,85,86,87,88,89,90,91,92,93],"class_list":["post-35642","post","type-post","status-publish","format-standard","has-post-thumbnail","hentry","category-lifestyle","wl_entity_type-article","monatsauswahl-monat_1","monatsauswahl-monat_2","monatsauswahl-monat_3","monatsauswahl-monat_4","monatsauswahl-monat_5","monatsauswahl-monat_6","monatsauswahl-monat_7","monatsauswahl-monat_8","monatsauswahl-monat_9","monatsauswahl-monat_10","monatsauswahl-monat_11","monatsauswahl-monat_12"],"acf":[],"yoast_head":"<!-- This site is optimized with the Yoast SEO Premium plugin v27.4 (Yoast SEO v27.4) - https:\/\/yoast.com\/product\/yoast-seo-premium-wordpress\/ -->\n<title>Weltweite Tourismuskarrieren beginnen in Klessheim - SalzburgerLand Magazin<\/title>\n<meta name=\"description\" content=\"Salzburgs Tourismusschulen genie\u00dfen Weltruf. Allen voran Klessheim. Egal, in welchen Kontinent man auf Urlaub f\u00e4hrt, immer wieder begegnet man den Absolventen in F\u00fchrungspositionen. In Salzburg selbst sind sie auch in Praktika zu treffen oder bei Events im Catering Einsatz. Denn hier z\u00e4hlt neben einer fundierten wirtschaftlichen und sprachlichen Ausbildung auch die Praxis, so Direktor Franz [&hellip;]\" \/>\n<meta name=\"robots\" content=\"index, follow, max-snippet:-1, max-image-preview:large, max-video-preview:-1\" \/>\n<link rel=\"canonical\" href=\"https:\/\/www.salzburgerland.com\/de\/magazin\/weltweite-tourismuskarrieren-beginnen-in-klessheim\/\" \/>\n<meta property=\"og:locale\" content=\"de_DE\" \/>\n<meta property=\"og:type\" content=\"article\" \/>\n<meta property=\"og:title\" content=\"Weltweite Tourismuskarrieren beginnen in Klessheim\" \/>\n<meta property=\"og:description\" content=\"Salzburgs Tourismusschulen genie\u00dfen Weltruf. Allen voran Klessheim. Egal, in welchen Kontinent man auf Urlaub f\u00e4hrt, immer wieder begegnet man den Absolventen in F\u00fchrungspositionen. In Salzburg selbst sind sie auch in Praktika zu treffen oder bei Events im Catering Einsatz. Denn hier z\u00e4hlt neben einer fundierten wirtschaftlichen und sprachlichen Ausbildung auch die Praxis, so Direktor Franz [&hellip;]\" \/>\n<meta property=\"og:url\" content=\"https:\/\/www.salzburgerland.com\/de\/magazin\/weltweite-tourismuskarrieren-beginnen-in-klessheim\/\" \/>\n<meta property=\"og:site_name\" content=\"SalzburgerLand Magazin\" \/>\n<meta property=\"article:publisher\" content=\"https:\/\/www.facebook.com\/salzburgerland\/\" \/>\n<meta property=\"article:published_time\" content=\"2013-05-20T07:13:08+00:00\" \/>\n<meta property=\"og:image\" content=\"https:\/\/www.salzburgerland.com\/de\/magazin\/wp-content\/uploads\/2013\/05\/Isabella-Valencia-mit-Dallmann-Pralinen.jpg\" \/>\n\t<meta property=\"og:image:width\" content=\"650\" \/>\n\t<meta property=\"og:image:height\" content=\"400\" \/>\n\t<meta property=\"og:image:type\" content=\"image\/jpeg\" \/>\n<meta name=\"author\" content=\"Doris Wild\" \/>\n<meta name=\"twitter:card\" content=\"summary_large_image\" \/>\n<meta name=\"twitter:creator\" content=\"@Salzburgerland\" \/>\n<meta name=\"twitter:site\" content=\"@Salzburgerland\" \/>\n<meta name=\"twitter:label1\" content=\"Verfasst von\" \/>\n\t<meta name=\"twitter:data1\" content=\"Doris Wild\" \/>\n\t<meta name=\"twitter:label2\" content=\"Gesch\u00e4tzte Lesezeit\" \/>\n\t<meta name=\"twitter:data2\" content=\"4\u00a0Minuten\" \/>\n<script type=\"application\/ld+json\" class=\"yoast-schema-graph\">{\"@context\":\"https:\\\/\\\/schema.org\",\"@graph\":[{\"@type\":\"Article\",\"@id\":\"https:\\\/\\\/www.salzburgerland.com\\\/de\\\/magazin\\\/weltweite-tourismuskarrieren-beginnen-in-klessheim\\\/#article\",\"isPartOf\":{\"@id\":\"https:\\\/\\\/www.salzburgerland.com\\\/de\\\/magazin\\\/weltweite-tourismuskarrieren-beginnen-in-klessheim\\\/\"},\"author\":{\"name\":\"Doris Wild\",\"@id\":\"https:\\\/\\\/www.salzburgerland.com\\\/de\\\/magazin\\\/#\\\/schema\\\/person\\\/3c02fe460374aa9e0ef912270ae0b92c\"},\"headline\":\"Weltweite Tourismuskarrieren beginnen in Klessheim\",\"datePublished\":\"2013-05-20T07:13:08+00:00\",\"mainEntityOfPage\":{\"@id\":\"https:\\\/\\\/www.salzburgerland.com\\\/de\\\/magazin\\\/weltweite-tourismuskarrieren-beginnen-in-klessheim\\\/\"},\"wordCount\":716,\"commentCount\":0,\"publisher\":{\"@id\":\"https:\\\/\\\/www.salzburgerland.com\\\/de\\\/magazin\\\/#organization\"},\"image\":{\"@id\":\"https:\\\/\\\/www.salzburgerland.com\\\/de\\\/magazin\\\/weltweite-tourismuskarrieren-beginnen-in-klessheim\\\/#primaryimage\"},\"thumbnailUrl\":\"https:\\\/\\\/www.salzburgerland.com\\\/de\\\/magazin\\\/wp-content\\\/uploads\\\/2013\\\/05\\\/Isabella-Valencia-mit-Dallmann-Pralinen.jpg\",\"articleSection\":[\"Lifestyle\"],\"inLanguage\":\"de\",\"potentialAction\":[{\"@type\":\"CommentAction\",\"name\":\"Comment\",\"target\":[\"https:\\\/\\\/www.salzburgerland.com\\\/de\\\/magazin\\\/weltweite-tourismuskarrieren-beginnen-in-klessheim\\\/#respond\"]}]},{\"@type\":\"WebPage\",\"@id\":\"https:\\\/\\\/www.salzburgerland.com\\\/de\\\/magazin\\\/weltweite-tourismuskarrieren-beginnen-in-klessheim\\\/\",\"url\":\"https:\\\/\\\/www.salzburgerland.com\\\/de\\\/magazin\\\/weltweite-tourismuskarrieren-beginnen-in-klessheim\\\/\",\"name\":\"Weltweite Tourismuskarrieren beginnen in Klessheim - SalzburgerLand Magazin\",\"isPartOf\":{\"@id\":\"https:\\\/\\\/www.salzburgerland.com\\\/de\\\/magazin\\\/#website\"},\"primaryImageOfPage\":{\"@id\":\"https:\\\/\\\/www.salzburgerland.com\\\/de\\\/magazin\\\/weltweite-tourismuskarrieren-beginnen-in-klessheim\\\/#primaryimage\"},\"image\":{\"@id\":\"https:\\\/\\\/www.salzburgerland.com\\\/de\\\/magazin\\\/weltweite-tourismuskarrieren-beginnen-in-klessheim\\\/#primaryimage\"},\"thumbnailUrl\":\"https:\\\/\\\/www.salzburgerland.com\\\/de\\\/magazin\\\/wp-content\\\/uploads\\\/2013\\\/05\\\/Isabella-Valencia-mit-Dallmann-Pralinen.jpg\",\"datePublished\":\"2013-05-20T07:13:08+00:00\",\"breadcrumb\":{\"@id\":\"https:\\\/\\\/www.salzburgerland.com\\\/de\\\/magazin\\\/weltweite-tourismuskarrieren-beginnen-in-klessheim\\\/#breadcrumb\"},\"inLanguage\":\"de\",\"potentialAction\":[{\"@type\":\"ReadAction\",\"target\":[\"https:\\\/\\\/www.salzburgerland.com\\\/de\\\/magazin\\\/weltweite-tourismuskarrieren-beginnen-in-klessheim\\\/\"]}]},{\"@type\":\"ImageObject\",\"inLanguage\":\"de\",\"@id\":\"https:\\\/\\\/www.salzburgerland.com\\\/de\\\/magazin\\\/weltweite-tourismuskarrieren-beginnen-in-klessheim\\\/#primaryimage\",\"url\":\"https:\\\/\\\/www.salzburgerland.com\\\/de\\\/magazin\\\/wp-content\\\/uploads\\\/2013\\\/05\\\/Isabella-Valencia-mit-Dallmann-Pralinen.jpg\",\"contentUrl\":\"https:\\\/\\\/www.salzburgerland.com\\\/de\\\/magazin\\\/wp-content\\\/uploads\\\/2013\\\/05\\\/Isabella-Valencia-mit-Dallmann-Pralinen.jpg\",\"width\":650,\"height\":400,\"caption\":\"Eine l\u00e4chelnde Frau blickt auf eine Reihe verschiedener Pralinen auf einem wei\u00dfen, rechteckigen Teller.\"},{\"@type\":\"BreadcrumbList\",\"@id\":\"https:\\\/\\\/www.salzburgerland.com\\\/de\\\/magazin\\\/weltweite-tourismuskarrieren-beginnen-in-klessheim\\\/#breadcrumb\",\"itemListElement\":[{\"@type\":\"ListItem\",\"position\":1,\"name\":\"Startseite\",\"item\":\"https:\\\/\\\/www.salzburgerland.com\\\/de\\\/magazin\\\/\"},{\"@type\":\"ListItem\",\"position\":2,\"name\":\"Lifestyle\",\"item\":\"https:\\\/\\\/www.salzburgerland.com\\\/de\\\/magazin\\\/thema\\\/lifestyle\\\/\"},{\"@type\":\"ListItem\",\"position\":3,\"name\":\"Weltweite Tourismuskarrieren beginnen in Klessheim\"}]},{\"@type\":\"WebSite\",\"@id\":\"https:\\\/\\\/www.salzburgerland.com\\\/de\\\/magazin\\\/#website\",\"url\":\"https:\\\/\\\/www.salzburgerland.com\\\/de\\\/magazin\\\/\",\"name\":\"SalzburgerLand Magazin\",\"description\":\"Geschichten und Interessantes aus dem SalzburgerLand\",\"publisher\":{\"@id\":\"https:\\\/\\\/www.salzburgerland.com\\\/de\\\/magazin\\\/#organization\"},\"potentialAction\":[{\"@type\":\"SearchAction\",\"target\":{\"@type\":\"EntryPoint\",\"urlTemplate\":\"https:\\\/\\\/www.salzburgerland.com\\\/de\\\/magazin\\\/?s={search_term_string}\"},\"query-input\":{\"@type\":\"PropertyValueSpecification\",\"valueRequired\":true,\"valueName\":\"search_term_string\"}}],\"inLanguage\":\"de\"},{\"@type\":\"Organization\",\"@id\":\"https:\\\/\\\/www.salzburgerland.com\\\/de\\\/magazin\\\/#organization\",\"name\":\"SalzburgerLand Tourismus\",\"url\":\"https:\\\/\\\/www.salzburgerland.com\\\/de\\\/magazin\\\/\",\"logo\":{\"@type\":\"ImageObject\",\"inLanguage\":\"de\",\"@id\":\"https:\\\/\\\/www.salzburgerland.com\\\/de\\\/magazin\\\/#\\\/schema\\\/logo\\\/image\\\/\",\"url\":\"https:\\\/\\\/www.salzburgerland.com\\\/de\\\/magazin\\\/wp-content\\\/uploads\\\/2019\\\/06\\\/salzburgerland-logo1.jpg\",\"contentUrl\":\"https:\\\/\\\/www.salzburgerland.com\\\/de\\\/magazin\\\/wp-content\\\/uploads\\\/2019\\\/06\\\/salzburgerland-logo1.jpg\",\"width\":2011,\"height\":866,\"caption\":\"SalzburgerLand Tourismus\"},\"image\":{\"@id\":\"https:\\\/\\\/www.salzburgerland.com\\\/de\\\/magazin\\\/#\\\/schema\\\/logo\\\/image\\\/\"},\"sameAs\":[\"https:\\\/\\\/www.facebook.com\\\/salzburgerland\\\/\",\"https:\\\/\\\/x.com\\\/Salzburgerland\",\"https:\\\/\\\/www.instagram.com\\\/salzburgerland\\\/\",\"https:\\\/\\\/at.linkedin.com\\\/company\\\/salzburgerland-tourismus-gmbh\",\"https:\\\/\\\/www.pinterest.at\\\/salzburgerland\\\/\",\"https:\\\/\\\/www.youtube.com\\\/user\\\/salzburgerland\",\"https:\\\/\\\/de.wikipedia.org\\\/wiki\\\/SalzburgerLand_Tourismus_GmbH\"]},{\"@type\":\"Person\",\"@id\":\"https:\\\/\\\/www.salzburgerland.com\\\/de\\\/magazin\\\/#\\\/schema\\\/person\\\/3c02fe460374aa9e0ef912270ae0b92c\",\"name\":\"Doris Wild\",\"description\":\"Doris Wild ist Eventfotografin und Societyjournalistin und hat jetzt mit ihrer Agentur auch den Videojournalismus als zus\u00e4tzliches Standbein entdeckt. Nach 20 Jahren tagesaktueller Berichterstattung sind Blicke hinter die Kulissen der Event-Society und Modewelt die logische Konsequenz. Fragen mit Antworten von Doris Wild Morgen- oder Abendmensch? Vor 8.00 fr\u00fch holt mich nicht einmal der tollste Sonnenaufgang aus den Federn. Dass Fotografen die Morgensonne nutzen sollten \u2013 mag sein. Events finden selten im weichen Morgenlicht statt. Und zur blauen Stunde mache ich die besten Bilder. Weltliteratur oder Tratsch &amp; Klatsch? Man kann das kombinieren. Im Urlaub mal den dicken Schm\u00f6ker, in den Kaffeepausen die Regenbogenzeitschriften. Man muss schlie\u00dflich am Laufenden bleiben, um die Prinzessinnen und Medienstars zu erkennen, wenn sie im Salzburgerland urlauben. Kr\u00e4utertee oder Zirbenschnaps? Ich bin Antialkoholikerin und steh dazu. Ist als Societyfotografin wahrscheinlich die einzige M\u00f6glichkeit zu \u00fcberleben. Golfplatz oder Klettergarten? Klettergarten nat\u00fcrlich. Ich brauch Action. Funsport ist meine Devise! Am besten t\u00e4glich was Neues. Der Herausforderung Golf stelle ich mich sp\u00e4ter. Viel sp\u00e4ter. Dirndl oder Bustierkleid? Jetzt reicht\u00b4s aber. Wie wenn man sich so einfach entscheiden k\u00f6nnte! Mit drei \u00fcbervollen Kleiderschr\u00e4nken und der Ambition sich t\u00e4glich modisch neu zu erfinden, lassen sich diese Fragen nicht beantworten. Das ist anlass- und stimmungsbezogen unterschiedlich. Und \u00fcberhaupt: Auf Kleider steh ich nicht so. Also im Zweifelsfall: Lederhose mit Sneakers. Ausstellung oder Bergpanorama? Das seh ich ganz pragmatisch. Ich komme dort hin, wo mich meine Auftr\u00e4ge hinf\u00fchren. Das ist heute die Vernissage und morgen der Berggipfel. Genau das macht meinen Beruf so spannend und t\u00e4glich anders. Ich will alles.\",\"url\":\"https:\\\/\\\/www.salzburgerland.com\\\/de\\\/magazin\\\/author\\\/doris-wild\\\/\"}]}<\/script>\n<!-- \/ Yoast SEO Premium plugin. -->","yoast_head_json":{"title":"Weltweite Tourismuskarrieren beginnen in Klessheim - SalzburgerLand Magazin","description":"Salzburgs Tourismusschulen genie\u00dfen Weltruf. Allen voran Klessheim. Egal, in welchen Kontinent man auf Urlaub f\u00e4hrt, immer wieder begegnet man den Absolventen in F\u00fchrungspositionen. In Salzburg selbst sind sie auch in Praktika zu treffen oder bei Events im Catering Einsatz. Denn hier z\u00e4hlt neben einer fundierten wirtschaftlichen und sprachlichen Ausbildung auch die Praxis, so Direktor Franz [&hellip;]","robots":{"index":"index","follow":"follow","max-snippet":"max-snippet:-1","max-image-preview":"max-image-preview:large","max-video-preview":"max-video-preview:-1"},"canonical":"https:\/\/www.salzburgerland.com\/de\/magazin\/weltweite-tourismuskarrieren-beginnen-in-klessheim\/","og_locale":"de_DE","og_type":"article","og_title":"Weltweite Tourismuskarrieren beginnen in Klessheim","og_description":"Salzburgs Tourismusschulen genie\u00dfen Weltruf. Allen voran Klessheim. Egal, in welchen Kontinent man auf Urlaub f\u00e4hrt, immer wieder begegnet man den Absolventen in F\u00fchrungspositionen. In Salzburg selbst sind sie auch in Praktika zu treffen oder bei Events im Catering Einsatz. Denn hier z\u00e4hlt neben einer fundierten wirtschaftlichen und sprachlichen Ausbildung auch die Praxis, so Direktor Franz [&hellip;]","og_url":"https:\/\/www.salzburgerland.com\/de\/magazin\/weltweite-tourismuskarrieren-beginnen-in-klessheim\/","og_site_name":"SalzburgerLand Magazin","article_publisher":"https:\/\/www.facebook.com\/salzburgerland\/","article_published_time":"2013-05-20T07:13:08+00:00","og_image":[{"width":650,"height":400,"url":"https:\/\/www.salzburgerland.com\/de\/magazin\/wp-content\/uploads\/2013\/05\/Isabella-Valencia-mit-Dallmann-Pralinen.jpg","type":"image\/jpeg"}],"author":"Doris Wild","twitter_card":"summary_large_image","twitter_creator":"@Salzburgerland","twitter_site":"@Salzburgerland","twitter_misc":{"Verfasst von":"Doris Wild","Gesch\u00e4tzte Lesezeit":"4\u00a0Minuten"},"schema":{"@context":"https:\/\/schema.org","@graph":[{"@type":"Article","@id":"https:\/\/www.salzburgerland.com\/de\/magazin\/weltweite-tourismuskarrieren-beginnen-in-klessheim\/#article","isPartOf":{"@id":"https:\/\/www.salzburgerland.com\/de\/magazin\/weltweite-tourismuskarrieren-beginnen-in-klessheim\/"},"author":{"name":"Doris Wild","@id":"https:\/\/www.salzburgerland.com\/de\/magazin\/#\/schema\/person\/3c02fe460374aa9e0ef912270ae0b92c"},"headline":"Weltweite Tourismuskarrieren beginnen in Klessheim","datePublished":"2013-05-20T07:13:08+00:00","mainEntityOfPage":{"@id":"https:\/\/www.salzburgerland.com\/de\/magazin\/weltweite-tourismuskarrieren-beginnen-in-klessheim\/"},"wordCount":716,"commentCount":0,"publisher":{"@id":"https:\/\/www.salzburgerland.com\/de\/magazin\/#organization"},"image":{"@id":"https:\/\/www.salzburgerland.com\/de\/magazin\/weltweite-tourismuskarrieren-beginnen-in-klessheim\/#primaryimage"},"thumbnailUrl":"https:\/\/www.salzburgerland.com\/de\/magazin\/wp-content\/uploads\/2013\/05\/Isabella-Valencia-mit-Dallmann-Pralinen.jpg","articleSection":["Lifestyle"],"inLanguage":"de","potentialAction":[{"@type":"CommentAction","name":"Comment","target":["https:\/\/www.salzburgerland.com\/de\/magazin\/weltweite-tourismuskarrieren-beginnen-in-klessheim\/#respond"]}]},{"@type":"WebPage","@id":"https:\/\/www.salzburgerland.com\/de\/magazin\/weltweite-tourismuskarrieren-beginnen-in-klessheim\/","url":"https:\/\/www.salzburgerland.com\/de\/magazin\/weltweite-tourismuskarrieren-beginnen-in-klessheim\/","name":"Weltweite Tourismuskarrieren beginnen in Klessheim - SalzburgerLand Magazin","isPartOf":{"@id":"https:\/\/www.salzburgerland.com\/de\/magazin\/#website"},"primaryImageOfPage":{"@id":"https:\/\/www.salzburgerland.com\/de\/magazin\/weltweite-tourismuskarrieren-beginnen-in-klessheim\/#primaryimage"},"image":{"@id":"https:\/\/www.salzburgerland.com\/de\/magazin\/weltweite-tourismuskarrieren-beginnen-in-klessheim\/#primaryimage"},"thumbnailUrl":"https:\/\/www.salzburgerland.com\/de\/magazin\/wp-content\/uploads\/2013\/05\/Isabella-Valencia-mit-Dallmann-Pralinen.jpg","datePublished":"2013-05-20T07:13:08+00:00","breadcrumb":{"@id":"https:\/\/www.salzburgerland.com\/de\/magazin\/weltweite-tourismuskarrieren-beginnen-in-klessheim\/#breadcrumb"},"inLanguage":"de","potentialAction":[{"@type":"ReadAction","target":["https:\/\/www.salzburgerland.com\/de\/magazin\/weltweite-tourismuskarrieren-beginnen-in-klessheim\/"]}]},{"@type":"ImageObject","inLanguage":"de","@id":"https:\/\/www.salzburgerland.com\/de\/magazin\/weltweite-tourismuskarrieren-beginnen-in-klessheim\/#primaryimage","url":"https:\/\/www.salzburgerland.com\/de\/magazin\/wp-content\/uploads\/2013\/05\/Isabella-Valencia-mit-Dallmann-Pralinen.jpg","contentUrl":"https:\/\/www.salzburgerland.com\/de\/magazin\/wp-content\/uploads\/2013\/05\/Isabella-Valencia-mit-Dallmann-Pralinen.jpg","width":650,"height":400,"caption":"Eine l\u00e4chelnde Frau blickt auf eine Reihe verschiedener Pralinen auf einem wei\u00dfen, rechteckigen Teller."},{"@type":"BreadcrumbList","@id":"https:\/\/www.salzburgerland.com\/de\/magazin\/weltweite-tourismuskarrieren-beginnen-in-klessheim\/#breadcrumb","itemListElement":[{"@type":"ListItem","position":1,"name":"Startseite","item":"https:\/\/www.salzburgerland.com\/de\/magazin\/"},{"@type":"ListItem","position":2,"name":"Lifestyle","item":"https:\/\/www.salzburgerland.com\/de\/magazin\/thema\/lifestyle\/"},{"@type":"ListItem","position":3,"name":"Weltweite Tourismuskarrieren beginnen in Klessheim"}]},{"@type":"WebSite","@id":"https:\/\/www.salzburgerland.com\/de\/magazin\/#website","url":"https:\/\/www.salzburgerland.com\/de\/magazin\/","name":"SalzburgerLand Magazin","description":"Geschichten und Interessantes aus dem SalzburgerLand","publisher":{"@id":"https:\/\/www.salzburgerland.com\/de\/magazin\/#organization"},"potentialAction":[{"@type":"SearchAction","target":{"@type":"EntryPoint","urlTemplate":"https:\/\/www.salzburgerland.com\/de\/magazin\/?s={search_term_string}"},"query-input":{"@type":"PropertyValueSpecification","valueRequired":true,"valueName":"search_term_string"}}],"inLanguage":"de"},{"@type":"Organization","@id":"https:\/\/www.salzburgerland.com\/de\/magazin\/#organization","name":"SalzburgerLand Tourismus","url":"https:\/\/www.salzburgerland.com\/de\/magazin\/","logo":{"@type":"ImageObject","inLanguage":"de","@id":"https:\/\/www.salzburgerland.com\/de\/magazin\/#\/schema\/logo\/image\/","url":"https:\/\/www.salzburgerland.com\/de\/magazin\/wp-content\/uploads\/2019\/06\/salzburgerland-logo1.jpg","contentUrl":"https:\/\/www.salzburgerland.com\/de\/magazin\/wp-content\/uploads\/2019\/06\/salzburgerland-logo1.jpg","width":2011,"height":866,"caption":"SalzburgerLand Tourismus"},"image":{"@id":"https:\/\/www.salzburgerland.com\/de\/magazin\/#\/schema\/logo\/image\/"},"sameAs":["https:\/\/www.facebook.com\/salzburgerland\/","https:\/\/x.com\/Salzburgerland","https:\/\/www.instagram.com\/salzburgerland\/","https:\/\/at.linkedin.com\/company\/salzburgerland-tourismus-gmbh","https:\/\/www.pinterest.at\/salzburgerland\/","https:\/\/www.youtube.com\/user\/salzburgerland","https:\/\/de.wikipedia.org\/wiki\/SalzburgerLand_Tourismus_GmbH"]},{"@type":"Person","@id":"https:\/\/www.salzburgerland.com\/de\/magazin\/#\/schema\/person\/3c02fe460374aa9e0ef912270ae0b92c","name":"Doris Wild","description":"Doris Wild ist Eventfotografin und Societyjournalistin und hat jetzt mit ihrer Agentur auch den Videojournalismus als zus\u00e4tzliches Standbein entdeckt. Nach 20 Jahren tagesaktueller Berichterstattung sind Blicke hinter die Kulissen der Event-Society und Modewelt die logische Konsequenz. Fragen mit Antworten von Doris Wild Morgen- oder Abendmensch? Vor 8.00 fr\u00fch holt mich nicht einmal der tollste Sonnenaufgang aus den Federn. Dass Fotografen die Morgensonne nutzen sollten \u2013 mag sein. Events finden selten im weichen Morgenlicht statt. Und zur blauen Stunde mache ich die besten Bilder. Weltliteratur oder Tratsch &amp; Klatsch? Man kann das kombinieren. Im Urlaub mal den dicken Schm\u00f6ker, in den Kaffeepausen die Regenbogenzeitschriften. Man muss schlie\u00dflich am Laufenden bleiben, um die Prinzessinnen und Medienstars zu erkennen, wenn sie im Salzburgerland urlauben. Kr\u00e4utertee oder Zirbenschnaps? Ich bin Antialkoholikerin und steh dazu. Ist als Societyfotografin wahrscheinlich die einzige M\u00f6glichkeit zu \u00fcberleben. Golfplatz oder Klettergarten? Klettergarten nat\u00fcrlich. Ich brauch Action. Funsport ist meine Devise! Am besten t\u00e4glich was Neues. Der Herausforderung Golf stelle ich mich sp\u00e4ter. Viel sp\u00e4ter. Dirndl oder Bustierkleid? Jetzt reicht\u00b4s aber. Wie wenn man sich so einfach entscheiden k\u00f6nnte! Mit drei \u00fcbervollen Kleiderschr\u00e4nken und der Ambition sich t\u00e4glich modisch neu zu erfinden, lassen sich diese Fragen nicht beantworten. Das ist anlass- und stimmungsbezogen unterschiedlich. Und \u00fcberhaupt: Auf Kleider steh ich nicht so. Also im Zweifelsfall: Lederhose mit Sneakers. Ausstellung oder Bergpanorama? Das seh ich ganz pragmatisch. Ich komme dort hin, wo mich meine Auftr\u00e4ge hinf\u00fchren. Das ist heute die Vernissage und morgen der Berggipfel. Genau das macht meinen Beruf so spannend und t\u00e4glich anders. Ich will alles.","url":"https:\/\/www.salzburgerland.com\/de\/magazin\/author\/doris-wild\/"}]}},"_wl_alt_label":[],"wl:entity_url":"http:\/\/open.salzburgerland.com\/magazin\/post\/weltweite_tourismuskarrieren_beginnen_in_klessheim","_links":{"self":[{"href":"https:\/\/www.salzburgerland.com\/de\/magazin\/wp-json\/wp\/v2\/posts\/35642","targetHints":{"allow":["GET"]}}],"collection":[{"href":"https:\/\/www.salzburgerland.com\/de\/magazin\/wp-json\/wp\/v2\/posts"}],"about":[{"href":"https:\/\/www.salzburgerland.com\/de\/magazin\/wp-json\/wp\/v2\/types\/post"}],"author":[{"embeddable":true,"href":"https:\/\/www.salzburgerland.com\/de\/magazin\/wp-json\/wp\/v2\/users\/70"}],"replies":[{"embeddable":true,"href":"https:\/\/www.salzburgerland.com\/de\/magazin\/wp-json\/wp\/v2\/comments?post=35642"}],"version-history":[{"count":0,"href":"https:\/\/www.salzburgerland.com\/de\/magazin\/wp-json\/wp\/v2\/posts\/35642\/revisions"}],"wp:featuredmedia":[{"embeddable":true,"href":"https:\/\/www.salzburgerland.com\/de\/magazin\/wp-json\/wp\/v2\/media\/35645"}],"wp:attachment":[{"href":"https:\/\/www.salzburgerland.com\/de\/magazin\/wp-json\/wp\/v2\/media?parent=35642"}],"wp:term":[{"taxonomy":"category","embeddable":true,"href":"https:\/\/www.salzburgerland.com\/de\/magazin\/wp-json\/wp\/v2\/categories?post=35642"},{"taxonomy":"post_tag","embeddable":true,"href":"https:\/\/www.salzburgerland.com\/de\/magazin\/wp-json\/wp\/v2\/tags?post=35642"},{"taxonomy":"wl_entity_type","embeddable":true,"href":"https:\/\/www.salzburgerland.com\/de\/magazin\/wp-json\/wp\/v2\/wl_entity_type?post=35642"},{"taxonomy":"monatsauswahl","embeddable":true,"href":"https:\/\/www.salzburgerland.com\/de\/magazin\/wp-json\/wp\/v2\/monatsauswahl?post=35642"}],"curies":[{"name":"wp","href":"https:\/\/api.w.org\/{rel}","templated":true}]}}