{"id":35242,"date":"2013-05-09T17:10:56","date_gmt":"2013-05-09T15:10:56","guid":{"rendered":"http:\/\/magazin.salzburgerland.com\/?p=35242"},"modified":"2019-06-26T20:23:57","modified_gmt":"2019-06-26T18:23:57","slug":"neues-entdecken-ist-wie-ein-geistiges-bad","status":"publish","type":"post","link":"https:\/\/www.salzburgerland.com\/de\/magazin\/neues-entdecken-ist-wie-ein-geistiges-bad\/","title":{"rendered":"Neues entdecken ist wie ein geistiges Bad"},"content":{"rendered":"<p><strong>Der Kuchler Josef Zenzmaier geh\u00f6rt zu den wichtigsten und bekanntesten \u00f6sterreichischen Bildhauern. Seine Brunnen und Skulpturen zieren Kirchen und Pl\u00e4tze in Stadt und Land Salzburg. Die Bronzet\u00fcren am Haus f\u00fcr Mozart und der Kardinal auf dem Residenzplatz in der Stadt Salzburg z\u00e4hlen seinen bekanntesten Werken.<\/strong><\/p>\n<p>Konzentriert schaut Josef Zenzmaier (80) aus dem Fenster seines Wohnzimmers in Kuchl. Er sieht einem Vogelpaar zu. Es fliegt emsig hin und her und bringt kleine Zweige und Grashalme in sein Nest. &#8222;Ist das sch\u00f6n!&#8220; Begeistert leuchten seine Augen: &#8222;Ich entdecke jeden Tag etwas Neues. Das ist wie ein geistiges Bad.&#8220;<br \/>\nIn der N\u00e4he des Wohznzimmerfensters steht eine Staffel mit einem Bild. Die Farben gr\u00fcn, rot, schwarz und gelb fallen sofort auf &#8211; die Konturen von Gestalten weniger. &#8222;Ich arbeite derzeit an den Proportionen. Keine Farbe darf zu dominant wirken&#8220;, sagt er.<br \/>\nZenzmaier malt und modeliert zurzeit, das was er schon immer wollte. Ohne Auftrag. Jeden Tag werkt er gemeinsam mit seinem Sohn Felix in der Werkstatt. Da ist immer etwas in Arbeit: &#8222;Steinhauen mache ich im Moment nicht so gerne, mir liegt mehr das Modellieren&#8220;, sagt der 80-j\u00e4hrige Bildhauer und Bronzegie\u00dfer. Wachsfiguren wie eine Eule oder ein M\u00e4dchen stehen in seinem Atelier. Sie werden sp\u00e4ter in der Metallguss-Werkstatt in Bronze gegossen. &#8222;Fertig gibt es gar nicht&#8220;, sagt der Meister. &#8222;Es ist alles im Wandel. Jeder Tag bringt Neues.&#8220; Zenzmaier k\u00f6nnte ein Leben lang an einer Sache arbeiten, weil f\u00fcr ihn nichts endg\u00fcltig ist. Ein Sammler m\u00fcsse daher warten k\u00f6nnen. Auftragsarbeiten wie die Bronzet\u00fcren f\u00fcr das Haus f\u00fcr Mozart in der Stadt Salzburg werden trotzdem termingerecht fertig.<\/p>\n<p><strong>Werte sichtbar machen<\/strong><\/p>\n<p>Bevor Zenzmaier mit einem Werk beginnt, recherchiert er akribisch und f\u00fchlt sich in das Thema ein: &#8222;Meine Arbeit soll sich immer in ein gro\u00dfes Konzept einf\u00fcgen, das Werte sichtbar macht.&#8220; Die Bronzet\u00fcren im Haus f\u00fcr Mozart zeigen zum Beispiel Szenen aus der &#8222;Zauberfl\u00f6te&#8220; und aus &#8222;Figaros Hochzeit&#8220;. Bei Zauberfl\u00f6te verk\u00f6rpert die K\u00f6nigin der Nacht die alte Zeit. Ihre Tochter Tamina das Neue, die Aufkl\u00e4rung und den Humanismus.<\/p>\n<p>Die menschliche Gestalt steht im Zentrum von Zenzmaiers Schaffen. Seine Bronzen und Steinmetzarbeiten sind in zahlreichen Kirchen und als Freiplastiken auf \u00f6ffentlichen Pl\u00e4tzen in Stadt und Land Salzburg zu bewundern. Den ersten kirchlichen Auftrag erhielt der Tennengauer 1959. Da schuf er die Tulpenkanzel aus Adneter Marmor f\u00fcr die Pfarrkirche Golling. Bereits als 13-J\u00e4hriger zeichnete und modelierte der Salzburger flei\u00dfig. Ein solides Handwerk &#8211; Holz-, Stein- und Metallbearbeiter &#8211;\u00a0lernte er in der Fachschule Hallein. Danach wurde er Steinmetz. Studienaufenthalte in Paris, Rom und Mailand folgten.<\/p>\n<p><strong>Unerm\u00fcdliches Schaffen<\/strong><\/p>\n<p>Zenzmaier war jahrelang Leiter der Bronzegussklasse der Sommerakademie Salzburg. Hier lernte er in den 50er Jahren Oskar Kokoschka und Giacomo Manz\u00fa kennen. K\u00fcnstler, die zu seinen Leitfiguren wurden. Bei Manz\u00f9 lernte der junge Salzburger die Metallgie\u00dferei und das Wachsausschmelzverfahren kennen. Wachs ist f\u00fcr Zenzmaier das Material mit dem er ausdr\u00fccken kann, was ihm am wichtigsten ist: \u201eSo eine intime, subtile Aussage kann man fast in keiner anderen Technik machen. Es ist mit weichem Wachs modelliert und dann ist dieser Augenblick festgehalten.\u201c<\/p>\n<p>Auch als 80-J\u00e4hriger arbeitet Zenzmaier t\u00e4glich in der Werkstatt. Neben Figuren aus Wachs und Reliefs aus Bronze oder Stein liegen Skizzen von Frauenakten im Atelier. Zenzmaier malt und zeichnet Zeit seines Lebens. <strong>Jeden Dienstagabend<\/strong> gibt der Bildhauer und Maler \u00fcbrigens einen <strong>\u00f6ffentlichen Zeichenkurs in der HTL-Hallein<\/strong>. &#8222;Einfach hinkommen. Ich freue mich, \u00fcber das gemeinsame Nachdenken k\u00fcnstlerischer Probleme&#8220;, sagt er. Auch in seiner Kuchler Werkstatt sind Besucher jederzeit willkommen.<\/p>\n<p>Adresse: Josef Zenzmaier, Georgenberg 10, Kuchl<\/p>\n<p>Buchtipp: Portale, Haus f\u00fcr Mozart, Herausgeber Kulturforum Hallein<\/p>\n<p>&nbsp;<\/p>\n<figure id=\"attachment_35277\" aria-describedby=\"caption-attachment-35277\" style=\"width: 150px\" class=\"wp-caption alignnone\"><a href=\"https:\/\/www.salzburgerland.com\/de\/magazin\/wp-content\/uploads\/2013\/04\/Turen-Haus-fur-Mozart-a.jpg\"><img loading=\"lazy\" decoding=\"async\" class=\"size-magazine-thumb wp-image-35277\" alt=\"Gipsentwurf f\u00fcr die Bronzet\u00fcren des Hauses f\u00fcr Mozart in Salzburg.\" src=\"https:\/\/www.salzburgerland.com\/de\/magazin\/wp-content\/uploads\/2013\/04\/Turen-Haus-fur-Mozart-a-150x150.jpg\" width=\"150\" height=\"150\" srcset=\"https:\/\/www.salzburgerland.com\/de\/magazin\/wp-content\/uploads\/2013\/04\/Turen-Haus-fur-Mozart-a-150x150.jpg 150w, https:\/\/www.salzburgerland.com\/de\/magazin\/wp-content\/uploads\/2013\/04\/Turen-Haus-fur-Mozart-a-1200x1200.jpg 1200w\" sizes=\"auto, (max-width: 150px) 100vw, 150px\" \/><\/a><figcaption id=\"caption-attachment-35277\" class=\"wp-caption-text\">Gipsentwurf f\u00fcr die Bronzet\u00fcren des Hauses f\u00fcr Mozart in Salzburg.<\/figcaption><\/figure>\n<p><a href=\"https:\/\/www.salzburgerland.com\/de\/magazin\/wp-content\/uploads\/2013\/04\/Zenzmaier-mit-Eule-a.jpg\"><img loading=\"lazy\" decoding=\"async\" class=\"alignnone size-magazine-thumb wp-image-35264\" alt=\"Zenzmaier mit Eule \" src=\"https:\/\/www.salzburgerland.com\/de\/magazin\/wp-content\/uploads\/2013\/04\/Zenzmaier-mit-Eule-a-150x150.jpg\" width=\"150\" height=\"150\" srcset=\"https:\/\/www.salzburgerland.com\/de\/magazin\/wp-content\/uploads\/2013\/04\/Zenzmaier-mit-Eule-a-150x150.jpg 150w, https:\/\/www.salzburgerland.com\/de\/magazin\/wp-content\/uploads\/2013\/04\/Zenzmaier-mit-Eule-a-1200x1200.jpg 1200w\" sizes=\"auto, (max-width: 150px) 100vw, 150px\" \/><\/a><\/p>\n<figure id=\"attachment_35252\" aria-describedby=\"caption-attachment-35252\" style=\"width: 150px\" class=\"wp-caption alignnone\"><a href=\"https:\/\/www.salzburgerland.com\/de\/magazin\/wp-content\/uploads\/2013\/04\/Atelier-1a.jpg\"><img loading=\"lazy\" decoding=\"async\" class=\"size-magazine-thumb wp-image-35252\" alt=\"Plastik eines Frauentorsos in Gips. \" src=\"https:\/\/www.salzburgerland.com\/de\/magazin\/wp-content\/uploads\/2013\/04\/Atelier-1a-150x150.jpg\" width=\"150\" height=\"150\" srcset=\"https:\/\/www.salzburgerland.com\/de\/magazin\/wp-content\/uploads\/2013\/04\/Atelier-1a-150x150.jpg 150w, https:\/\/www.salzburgerland.com\/de\/magazin\/wp-content\/uploads\/2013\/04\/Atelier-1a-1200x1200.jpg 1200w\" sizes=\"auto, (max-width: 150px) 100vw, 150px\" \/><\/a><figcaption id=\"caption-attachment-35252\" class=\"wp-caption-text\">Plastik eines Frauentorsos in Gips.<\/figcaption><\/figure>\n<figure id=\"attachment_35263\" aria-describedby=\"caption-attachment-35263\" style=\"width: 150px\" class=\"wp-caption alignnone\"><a href=\"https:\/\/www.salzburgerland.com\/de\/magazin\/wp-content\/uploads\/2013\/04\/Zeichnungen-a.jpg\"><img loading=\"lazy\" decoding=\"async\" class=\"size-magazine-thumb wp-image-35263\" alt=\"Josef Zenzmaier gibt Tipps zum Zeichnen von Akten bei einem \u00f6ffentlichen Kurs in der HTL Hallein.\" src=\"https:\/\/www.salzburgerland.com\/de\/magazin\/wp-content\/uploads\/2013\/04\/Zeichnungen-a-150x150.jpg\" width=\"150\" height=\"150\" srcset=\"https:\/\/www.salzburgerland.com\/de\/magazin\/wp-content\/uploads\/2013\/04\/Zeichnungen-a-150x150.jpg 150w, https:\/\/www.salzburgerland.com\/de\/magazin\/wp-content\/uploads\/2013\/04\/Zeichnungen-a-1200x1200.jpg 1200w\" sizes=\"auto, (max-width: 150px) 100vw, 150px\" \/><\/a><figcaption id=\"caption-attachment-35263\" class=\"wp-caption-text\">Josef Zenzmaier gibt Tipps zum Zeichnen von Akten bei einem \u00f6ffentlichen Kurs in der HTL Hallein.<\/figcaption><\/figure>\n<figure id=\"attachment_35262\" aria-describedby=\"caption-attachment-35262\" style=\"width: 150px\" class=\"wp-caption alignnone\"><a href=\"https:\/\/www.salzburgerland.com\/de\/magazin\/wp-content\/uploads\/2013\/04\/Werkstatt-a.jpg\"><img loading=\"lazy\" decoding=\"async\" class=\"size-magazine-thumb wp-image-35262\" alt=\"Bronzefiguren in der Werkstatt\" src=\"https:\/\/www.salzburgerland.com\/de\/magazin\/wp-content\/uploads\/2013\/04\/Werkstatt-a-150x150.jpg\" width=\"150\" height=\"150\" srcset=\"https:\/\/www.salzburgerland.com\/de\/magazin\/wp-content\/uploads\/2013\/04\/Werkstatt-a-150x150.jpg 150w, https:\/\/www.salzburgerland.com\/de\/magazin\/wp-content\/uploads\/2013\/04\/Werkstatt-a-1200x1200.jpg 1200w\" sizes=\"auto, (max-width: 150px) 100vw, 150px\" \/><\/a><figcaption id=\"caption-attachment-35262\" class=\"wp-caption-text\">Bronzefiguren in der Werkstatt<\/figcaption><\/figure>\n<figure id=\"attachment_35261\" aria-describedby=\"caption-attachment-35261\" style=\"width: 150px\" class=\"wp-caption alignnone\"><a href=\"https:\/\/www.salzburgerland.com\/de\/magazin\/wp-content\/uploads\/2013\/04\/Madonna-mit-Kind-a.jpg\"><img loading=\"lazy\" decoding=\"async\" class=\"size-magazine-thumb wp-image-35261\" alt=\"Modanna mit Kind\" src=\"https:\/\/www.salzburgerland.com\/de\/magazin\/wp-content\/uploads\/2013\/04\/Madonna-mit-Kind-a-150x150.jpg\" width=\"150\" height=\"150\" srcset=\"https:\/\/www.salzburgerland.com\/de\/magazin\/wp-content\/uploads\/2013\/04\/Madonna-mit-Kind-a-150x150.jpg 150w, https:\/\/www.salzburgerland.com\/de\/magazin\/wp-content\/uploads\/2013\/04\/Madonna-mit-Kind-a-1200x1200.jpg 1200w\" sizes=\"auto, (max-width: 150px) 100vw, 150px\" \/><\/a><figcaption id=\"caption-attachment-35261\" class=\"wp-caption-text\">Modanna mit Kind<\/figcaption><\/figure>\n<figure id=\"attachment_35260\" aria-describedby=\"caption-attachment-35260\" style=\"width: 150px\" class=\"wp-caption alignnone\"><a href=\"https:\/\/www.salzburgerland.com\/de\/magazin\/wp-content\/uploads\/2013\/04\/Garten-a.jpg\"><img loading=\"lazy\" decoding=\"async\" class=\"size-magazine-thumb wp-image-35260\" alt=\"Im Garten von Josef Zenzmaiers Haus stehen und sitzen Skulpturen\" src=\"https:\/\/www.salzburgerland.com\/de\/magazin\/wp-content\/uploads\/2013\/04\/Garten-a-150x150.jpg\" width=\"150\" height=\"150\" srcset=\"https:\/\/www.salzburgerland.com\/de\/magazin\/wp-content\/uploads\/2013\/04\/Garten-a-150x150.jpg 150w, https:\/\/www.salzburgerland.com\/de\/magazin\/wp-content\/uploads\/2013\/04\/Garten-a-1200x1200.jpg 1200w\" sizes=\"auto, (max-width: 150px) 100vw, 150px\" \/><\/a><figcaption id=\"caption-attachment-35260\" class=\"wp-caption-text\">Im Garten von Josef Zenzmaiers Haus stehen und sitzen Skulpturen<\/figcaption><\/figure>\n<figure id=\"attachment_35259\" aria-describedby=\"caption-attachment-35259\" style=\"width: 150px\" class=\"wp-caption alignnone\"><a href=\"https:\/\/www.salzburgerland.com\/de\/magazin\/wp-content\/uploads\/2013\/04\/Frau-aus-Wachs-a.jpg\"><img loading=\"lazy\" decoding=\"async\" class=\"size-magazine-thumb wp-image-35259\" alt=\"Die M\u00e4dchenskulptur modeliert Zenzmaier in Wachs. Dann gie\u00dft er sie mit einem speziellen Verfahren in Bronze.\" src=\"https:\/\/www.salzburgerland.com\/de\/magazin\/wp-content\/uploads\/2013\/04\/Frau-aus-Wachs-a-150x150.jpg\" width=\"150\" height=\"150\" srcset=\"https:\/\/www.salzburgerland.com\/de\/magazin\/wp-content\/uploads\/2013\/04\/Frau-aus-Wachs-a-150x150.jpg 150w, https:\/\/www.salzburgerland.com\/de\/magazin\/wp-content\/uploads\/2013\/04\/Frau-aus-Wachs-a-1200x1200.jpg 1200w\" sizes=\"auto, (max-width: 150px) 100vw, 150px\" \/><\/a><figcaption id=\"caption-attachment-35259\" class=\"wp-caption-text\">Die M\u00e4dchenskulptur modeliert Zenzmaier in Wachs. Dann gie\u00dft er sie mit einem speziellen Verfahren in Bronze.<\/figcaption><\/figure>\n<figure id=\"attachment_35258\" aria-describedby=\"caption-attachment-35258\" style=\"width: 150px\" class=\"wp-caption alignnone\"><a href=\"https:\/\/www.salzburgerland.com\/de\/magazin\/wp-content\/uploads\/2013\/04\/Engel-a.jpg\"><img loading=\"lazy\" decoding=\"async\" class=\"size-magazine-thumb wp-image-35258\" alt=\"Das Jesukind - Teil einer alten Skulptur\" src=\"https:\/\/www.salzburgerland.com\/de\/magazin\/wp-content\/uploads\/2013\/04\/Engel-a-150x150.jpg\" width=\"150\" height=\"150\" srcset=\"https:\/\/www.salzburgerland.com\/de\/magazin\/wp-content\/uploads\/2013\/04\/Engel-a-150x150.jpg 150w, https:\/\/www.salzburgerland.com\/de\/magazin\/wp-content\/uploads\/2013\/04\/Engel-a-1200x1200.jpg 1200w\" sizes=\"auto, (max-width: 150px) 100vw, 150px\" \/><\/a><figcaption id=\"caption-attachment-35258\" class=\"wp-caption-text\">Das Jesukind &#8211; Teil einer alten Skulptur<\/figcaption><\/figure>\n<figure id=\"attachment_35257\" aria-describedby=\"caption-attachment-35257\" style=\"width: 150px\" class=\"wp-caption alignnone\"><a href=\"https:\/\/www.salzburgerland.com\/de\/magazin\/wp-content\/uploads\/2013\/04\/Brunnen-a.jpg\"><img loading=\"lazy\" decoding=\"async\" class=\"size-magazine-thumb wp-image-35257\" alt=\"Das Bronzepferd in der Werkstatt, ist Teil eines Brunnens. \" src=\"https:\/\/www.salzburgerland.com\/de\/magazin\/wp-content\/uploads\/2013\/04\/Brunnen-a-150x150.jpg\" width=\"150\" height=\"150\" srcset=\"https:\/\/www.salzburgerland.com\/de\/magazin\/wp-content\/uploads\/2013\/04\/Brunnen-a-150x150.jpg 150w, https:\/\/www.salzburgerland.com\/de\/magazin\/wp-content\/uploads\/2013\/04\/Brunnen-a-1200x1200.jpg 1200w\" sizes=\"auto, (max-width: 150px) 100vw, 150px\" \/><\/a><figcaption id=\"caption-attachment-35257\" class=\"wp-caption-text\">Das Bronzepferd in der Werkstatt, ist Teil eines Brunnens.<\/figcaption><\/figure>\n<figure id=\"attachment_35256\" aria-describedby=\"caption-attachment-35256\" style=\"width: 150px\" class=\"wp-caption alignnone\"><a href=\"https:\/\/www.salzburgerland.com\/de\/magazin\/wp-content\/uploads\/2013\/04\/Bruderschafts-Brunnen-Kuchl-a.jpg\"><img loading=\"lazy\" decoding=\"async\" class=\"size-magazine-thumb wp-image-35256\" alt=\"Teil des Bruderschaftsbrunnens in Kuchl\" src=\"https:\/\/www.salzburgerland.com\/de\/magazin\/wp-content\/uploads\/2013\/04\/Bruderschafts-Brunnen-Kuchl-a-150x150.jpg\" width=\"150\" height=\"150\" srcset=\"https:\/\/www.salzburgerland.com\/de\/magazin\/wp-content\/uploads\/2013\/04\/Bruderschafts-Brunnen-Kuchl-a-150x150.jpg 150w, https:\/\/www.salzburgerland.com\/de\/magazin\/wp-content\/uploads\/2013\/04\/Bruderschafts-Brunnen-Kuchl-a-1200x1200.jpg 1200w\" sizes=\"auto, (max-width: 150px) 100vw, 150px\" \/><\/a><figcaption id=\"caption-attachment-35256\" class=\"wp-caption-text\">Teil des Bruderschaftsbrunnens in Kuchl<\/figcaption><\/figure>\n<figure id=\"attachment_35254\" aria-describedby=\"caption-attachment-35254\" style=\"width: 150px\" class=\"wp-caption alignnone\"><a href=\"https:\/\/www.salzburgerland.com\/de\/magazin\/wp-content\/uploads\/2013\/04\/Bronzeskulptur-a.jpg\"><img loading=\"lazy\" decoding=\"async\" class=\"size-magazine-thumb wp-image-35254\" alt=\"Bronzeskulptur in der Werkstatt\" src=\"https:\/\/www.salzburgerland.com\/de\/magazin\/wp-content\/uploads\/2013\/04\/Bronzeskulptur-a-150x150.jpg\" width=\"150\" height=\"150\" srcset=\"https:\/\/www.salzburgerland.com\/de\/magazin\/wp-content\/uploads\/2013\/04\/Bronzeskulptur-a-150x150.jpg 150w, https:\/\/www.salzburgerland.com\/de\/magazin\/wp-content\/uploads\/2013\/04\/Bronzeskulptur-a-1200x1200.jpg 1200w\" sizes=\"auto, (max-width: 150px) 100vw, 150px\" \/><\/a><figcaption id=\"caption-attachment-35254\" class=\"wp-caption-text\">Bronzeskulptur in der Werkstatt<\/figcaption><\/figure>\n<figure id=\"attachment_35253\" aria-describedby=\"caption-attachment-35253\" style=\"width: 150px\" class=\"wp-caption alignnone\"><a href=\"https:\/\/www.salzburgerland.com\/de\/magazin\/wp-content\/uploads\/2013\/04\/Atelier-a.jpg\"><img loading=\"lazy\" decoding=\"async\" class=\"size-magazine-thumb wp-image-35253\" alt=\"Wachsmodell eines M\u00e4dchens\" src=\"https:\/\/www.salzburgerland.com\/de\/magazin\/wp-content\/uploads\/2013\/04\/Atelier-a-150x150.jpg\" width=\"150\" height=\"150\" srcset=\"https:\/\/www.salzburgerland.com\/de\/magazin\/wp-content\/uploads\/2013\/04\/Atelier-a-150x150.jpg 150w, https:\/\/www.salzburgerland.com\/de\/magazin\/wp-content\/uploads\/2013\/04\/Atelier-a-1200x1200.jpg 1200w\" sizes=\"auto, (max-width: 150px) 100vw, 150px\" \/><\/a><figcaption id=\"caption-attachment-35253\" class=\"wp-caption-text\">Wachsmodell eines M\u00e4dchens<\/figcaption><\/figure>\n<p>&nbsp;<\/p>\n","protected":false},"excerpt":{"rendered":"<p>Der Kuchler Josef Zenzmaier geh\u00f6rt zu den wichtigsten und bekanntesten \u00f6sterreichischen Bildhauern. Seine Brunnen und Skulpturen zieren Kirchen und Pl\u00e4tze in Stadt und Land Salzburg. Die Bronzet\u00fcren am Haus f\u00fcr Mozart und der Kardinal auf dem Residenzplatz in der Stadt Salzburg z\u00e4hlen seinen bekanntesten Werken. Konzentriert schaut Josef Zenzmaier (80) aus dem Fenster seines Wohnzimmers [&hellip;]<\/p>\n","protected":false},"author":236,"featured_media":35263,"comment_status":"open","ping_status":"open","sticky":false,"template":"","format":"standard","meta":{"_acf_changed":false,"wl_entities_gutenberg":"","_wl_entity_redirect_enabled":"","footnotes":""},"categories":[6],"tags":[],"wl_entity_type":[306],"monatsauswahl":[82,83,84,85,86,87,88,89,90,91,92,93],"class_list":["post-35242","post","type-post","status-publish","format-standard","has-post-thumbnail","hentry","category-kunst-kultur","wl_entity_type-article","monatsauswahl-monat_1","monatsauswahl-monat_2","monatsauswahl-monat_3","monatsauswahl-monat_4","monatsauswahl-monat_5","monatsauswahl-monat_6","monatsauswahl-monat_7","monatsauswahl-monat_8","monatsauswahl-monat_9","monatsauswahl-monat_10","monatsauswahl-monat_11","monatsauswahl-monat_12"],"acf":[],"yoast_head":"<!-- This site is optimized with the Yoast SEO Premium plugin v27.4 (Yoast SEO v27.4) - https:\/\/yoast.com\/product\/yoast-seo-premium-wordpress\/ -->\n<title>Neues entdecken ist wie ein geistiges Bad - SalzburgerLand Magazin<\/title>\n<meta name=\"description\" content=\"Der Kuchler Josef Zenzmaier geh\u00f6rt zu den wichtigsten und bekanntesten \u00f6sterreichischen Bildhauern. Seine Brunnen und Skulpturen zieren Kirchen und Pl\u00e4tze in Stadt und Land Salzburg. Die Bronzet\u00fcren am Haus f\u00fcr Mozart und der Kardinal auf dem Residenzplatz in der Stadt Salzburg z\u00e4hlen seinen bekanntesten Werken. Konzentriert schaut Josef Zenzmaier (80) aus dem Fenster seines Wohnzimmers [&hellip;]\" \/>\n<meta name=\"robots\" content=\"index, follow, max-snippet:-1, max-image-preview:large, max-video-preview:-1\" \/>\n<link rel=\"canonical\" href=\"https:\/\/www.salzburgerland.com\/de\/magazin\/neues-entdecken-ist-wie-ein-geistiges-bad\/\" \/>\n<meta property=\"og:locale\" content=\"de_DE\" \/>\n<meta property=\"og:type\" content=\"article\" \/>\n<meta property=\"og:title\" content=\"Neues entdecken ist wie ein geistiges Bad\" \/>\n<meta property=\"og:description\" content=\"Der Kuchler Josef Zenzmaier geh\u00f6rt zu den wichtigsten und bekanntesten \u00f6sterreichischen Bildhauern. Seine Brunnen und Skulpturen zieren Kirchen und Pl\u00e4tze in Stadt und Land Salzburg. Die Bronzet\u00fcren am Haus f\u00fcr Mozart und der Kardinal auf dem Residenzplatz in der Stadt Salzburg z\u00e4hlen seinen bekanntesten Werken. Konzentriert schaut Josef Zenzmaier (80) aus dem Fenster seines Wohnzimmers [&hellip;]\" \/>\n<meta property=\"og:url\" content=\"https:\/\/www.salzburgerland.com\/de\/magazin\/neues-entdecken-ist-wie-ein-geistiges-bad\/\" \/>\n<meta property=\"og:site_name\" content=\"SalzburgerLand Magazin\" \/>\n<meta property=\"article:publisher\" content=\"https:\/\/www.facebook.com\/salzburgerland\/\" \/>\n<meta property=\"article:published_time\" content=\"2013-05-09T15:10:56+00:00\" \/>\n<meta property=\"article:modified_time\" content=\"2019-06-26T18:23:57+00:00\" \/>\n<meta property=\"og:image\" content=\"https:\/\/www.salzburgerland.com\/de\/magazin\/wp-content\/uploads\/2013\/04\/Zeichnungen-a.jpg\" \/>\n\t<meta property=\"og:image:width\" content=\"1600\" \/>\n\t<meta property=\"og:image:height\" content=\"1060\" \/>\n\t<meta property=\"og:image:type\" content=\"image\/jpeg\" \/>\n<meta name=\"author\" content=\"Christine Fr\u00f6schl\" \/>\n<meta name=\"twitter:card\" content=\"summary_large_image\" \/>\n<meta name=\"twitter:creator\" content=\"@Salzburgerland\" \/>\n<meta name=\"twitter:site\" content=\"@Salzburgerland\" \/>\n<meta name=\"twitter:label1\" content=\"Verfasst von\" \/>\n\t<meta name=\"twitter:data1\" content=\"Christine Fr\u00f6schl\" \/>\n\t<meta name=\"twitter:label2\" content=\"Gesch\u00e4tzte Lesezeit\" \/>\n\t<meta name=\"twitter:data2\" content=\"4\u00a0Minuten\" \/>\n<script type=\"application\/ld+json\" class=\"yoast-schema-graph\">{\"@context\":\"https:\\\/\\\/schema.org\",\"@graph\":[{\"@type\":\"Article\",\"@id\":\"https:\\\/\\\/www.salzburgerland.com\\\/de\\\/magazin\\\/neues-entdecken-ist-wie-ein-geistiges-bad\\\/#article\",\"isPartOf\":{\"@id\":\"https:\\\/\\\/www.salzburgerland.com\\\/de\\\/magazin\\\/neues-entdecken-ist-wie-ein-geistiges-bad\\\/\"},\"author\":{\"name\":\"Christine Fr\u00f6schl\",\"@id\":\"https:\\\/\\\/www.salzburgerland.com\\\/de\\\/magazin\\\/#\\\/schema\\\/person\\\/7932db74f19d9640620859cb2b794c4e\"},\"headline\":\"Neues entdecken ist wie ein geistiges Bad\",\"datePublished\":\"2013-05-09T15:10:56+00:00\",\"dateModified\":\"2019-06-26T18:23:57+00:00\",\"mainEntityOfPage\":{\"@id\":\"https:\\\/\\\/www.salzburgerland.com\\\/de\\\/magazin\\\/neues-entdecken-ist-wie-ein-geistiges-bad\\\/\"},\"wordCount\":813,\"commentCount\":0,\"publisher\":{\"@id\":\"https:\\\/\\\/www.salzburgerland.com\\\/de\\\/magazin\\\/#organization\"},\"image\":{\"@id\":\"https:\\\/\\\/www.salzburgerland.com\\\/de\\\/magazin\\\/neues-entdecken-ist-wie-ein-geistiges-bad\\\/#primaryimage\"},\"thumbnailUrl\":\"https:\\\/\\\/www.salzburgerland.com\\\/de\\\/magazin\\\/wp-content\\\/uploads\\\/2013\\\/04\\\/Zeichnungen-a.jpg\",\"articleSection\":[\"Kunst &amp; Kultur\"],\"inLanguage\":\"de\",\"potentialAction\":[{\"@type\":\"CommentAction\",\"name\":\"Comment\",\"target\":[\"https:\\\/\\\/www.salzburgerland.com\\\/de\\\/magazin\\\/neues-entdecken-ist-wie-ein-geistiges-bad\\\/#respond\"]}]},{\"@type\":\"WebPage\",\"@id\":\"https:\\\/\\\/www.salzburgerland.com\\\/de\\\/magazin\\\/neues-entdecken-ist-wie-ein-geistiges-bad\\\/\",\"url\":\"https:\\\/\\\/www.salzburgerland.com\\\/de\\\/magazin\\\/neues-entdecken-ist-wie-ein-geistiges-bad\\\/\",\"name\":\"Neues entdecken ist wie ein geistiges Bad - SalzburgerLand Magazin\",\"isPartOf\":{\"@id\":\"https:\\\/\\\/www.salzburgerland.com\\\/de\\\/magazin\\\/#website\"},\"primaryImageOfPage\":{\"@id\":\"https:\\\/\\\/www.salzburgerland.com\\\/de\\\/magazin\\\/neues-entdecken-ist-wie-ein-geistiges-bad\\\/#primaryimage\"},\"image\":{\"@id\":\"https:\\\/\\\/www.salzburgerland.com\\\/de\\\/magazin\\\/neues-entdecken-ist-wie-ein-geistiges-bad\\\/#primaryimage\"},\"thumbnailUrl\":\"https:\\\/\\\/www.salzburgerland.com\\\/de\\\/magazin\\\/wp-content\\\/uploads\\\/2013\\\/04\\\/Zeichnungen-a.jpg\",\"datePublished\":\"2013-05-09T15:10:56+00:00\",\"dateModified\":\"2019-06-26T18:23:57+00:00\",\"breadcrumb\":{\"@id\":\"https:\\\/\\\/www.salzburgerland.com\\\/de\\\/magazin\\\/neues-entdecken-ist-wie-ein-geistiges-bad\\\/#breadcrumb\"},\"inLanguage\":\"de\",\"potentialAction\":[{\"@type\":\"ReadAction\",\"target\":[\"https:\\\/\\\/www.salzburgerland.com\\\/de\\\/magazin\\\/neues-entdecken-ist-wie-ein-geistiges-bad\\\/\"]}]},{\"@type\":\"ImageObject\",\"inLanguage\":\"de\",\"@id\":\"https:\\\/\\\/www.salzburgerland.com\\\/de\\\/magazin\\\/neues-entdecken-ist-wie-ein-geistiges-bad\\\/#primaryimage\",\"url\":\"https:\\\/\\\/www.salzburgerland.com\\\/de\\\/magazin\\\/wp-content\\\/uploads\\\/2013\\\/04\\\/Zeichnungen-a.jpg\",\"contentUrl\":\"https:\\\/\\\/www.salzburgerland.com\\\/de\\\/magazin\\\/wp-content\\\/uploads\\\/2013\\\/04\\\/Zeichnungen-a.jpg\",\"width\":1600,\"height\":1060,\"caption\":\"Josef Zenzmaier gibt Tipps zum Zeichnen von Akten bei einem \u00f6ffentlichen Kurs in der HTL Hallein.\"},{\"@type\":\"BreadcrumbList\",\"@id\":\"https:\\\/\\\/www.salzburgerland.com\\\/de\\\/magazin\\\/neues-entdecken-ist-wie-ein-geistiges-bad\\\/#breadcrumb\",\"itemListElement\":[{\"@type\":\"ListItem\",\"position\":1,\"name\":\"Startseite\",\"item\":\"https:\\\/\\\/www.salzburgerland.com\\\/de\\\/magazin\\\/\"},{\"@type\":\"ListItem\",\"position\":2,\"name\":\"Kunst &amp; Kultur\",\"item\":\"https:\\\/\\\/www.salzburgerland.com\\\/de\\\/magazin\\\/thema\\\/kunst-kultur\\\/\"},{\"@type\":\"ListItem\",\"position\":3,\"name\":\"Neues entdecken ist wie ein geistiges Bad\"}]},{\"@type\":\"WebSite\",\"@id\":\"https:\\\/\\\/www.salzburgerland.com\\\/de\\\/magazin\\\/#website\",\"url\":\"https:\\\/\\\/www.salzburgerland.com\\\/de\\\/magazin\\\/\",\"name\":\"SalzburgerLand Magazin\",\"description\":\"Geschichten und Interessantes aus dem SalzburgerLand\",\"publisher\":{\"@id\":\"https:\\\/\\\/www.salzburgerland.com\\\/de\\\/magazin\\\/#organization\"},\"potentialAction\":[{\"@type\":\"SearchAction\",\"target\":{\"@type\":\"EntryPoint\",\"urlTemplate\":\"https:\\\/\\\/www.salzburgerland.com\\\/de\\\/magazin\\\/?s={search_term_string}\"},\"query-input\":{\"@type\":\"PropertyValueSpecification\",\"valueRequired\":true,\"valueName\":\"search_term_string\"}}],\"inLanguage\":\"de\"},{\"@type\":\"Organization\",\"@id\":\"https:\\\/\\\/www.salzburgerland.com\\\/de\\\/magazin\\\/#organization\",\"name\":\"SalzburgerLand Tourismus\",\"url\":\"https:\\\/\\\/www.salzburgerland.com\\\/de\\\/magazin\\\/\",\"logo\":{\"@type\":\"ImageObject\",\"inLanguage\":\"de\",\"@id\":\"https:\\\/\\\/www.salzburgerland.com\\\/de\\\/magazin\\\/#\\\/schema\\\/logo\\\/image\\\/\",\"url\":\"https:\\\/\\\/www.salzburgerland.com\\\/de\\\/magazin\\\/wp-content\\\/uploads\\\/2019\\\/06\\\/salzburgerland-logo1.jpg\",\"contentUrl\":\"https:\\\/\\\/www.salzburgerland.com\\\/de\\\/magazin\\\/wp-content\\\/uploads\\\/2019\\\/06\\\/salzburgerland-logo1.jpg\",\"width\":2011,\"height\":866,\"caption\":\"SalzburgerLand Tourismus\"},\"image\":{\"@id\":\"https:\\\/\\\/www.salzburgerland.com\\\/de\\\/magazin\\\/#\\\/schema\\\/logo\\\/image\\\/\"},\"sameAs\":[\"https:\\\/\\\/www.facebook.com\\\/salzburgerland\\\/\",\"https:\\\/\\\/x.com\\\/Salzburgerland\",\"https:\\\/\\\/www.instagram.com\\\/salzburgerland\\\/\",\"https:\\\/\\\/at.linkedin.com\\\/company\\\/salzburgerland-tourismus-gmbh\",\"https:\\\/\\\/www.pinterest.at\\\/salzburgerland\\\/\",\"https:\\\/\\\/www.youtube.com\\\/user\\\/salzburgerland\",\"https:\\\/\\\/de.wikipedia.org\\\/wiki\\\/SalzburgerLand_Tourismus_GmbH\"]},{\"@type\":\"Person\",\"@id\":\"https:\\\/\\\/www.salzburgerland.com\\\/de\\\/magazin\\\/#\\\/schema\\\/person\\\/7932db74f19d9640620859cb2b794c4e\",\"name\":\"Christine Fr\u00f6schl\",\"description\":\"Dein pers\u00f6nlicher Logenplatz im SalzburgerLand? Am liebsten gehe ich auf den Einberg im Salzburger Tennengau. Der Berg in der Osterhorn-Gruppe gl\u00e4nzt das ganze Jahr im Sonnenschein, auf dem Gipfel heben Paragleiter ab und die Aussicht auf das Tennengebirge, den Dachstein und die Bischofsm\u00fctze ist traumhaft. Dosige(r) oder Zuagroast? Zuagroast aus dem sch\u00f6nen Nieder\u00f6sterreich. Fr\u00fchling, Sommer, Herbst oder Winter? Alle Jahreszeiten begeistern mich. Momentan freue ich mich auf den Fr\u00fchling, das Zwitschern der V\u00f6gel und auf die sattgr\u00fcnen Wiesen. Salzburger Nockerl oder Schwarzbeernocken? Eindeutig Schwarzbeernocken. Rindsroulade vom Pinzgauer Biorind oder Saibling fangfrisch aus dem Fuschlsee? Mhhhh. Da kann ich mich nicht entscheiden. Bergtour oder Seentour? Mich zieht es auf jeden Fall hinauf. Begeistert bin ich auch von tiefblauen Bergseen in denen sich die Umgebung spiegelt und von der Aussicht w\u00e4hrend des Weges auf einen der wundersch\u00f6nen Seen im Salzburger Land.\",\"url\":\"https:\\\/\\\/www.salzburgerland.com\\\/de\\\/magazin\\\/author\\\/christine-froeschl\\\/\"}]}<\/script>\n<!-- \/ Yoast SEO Premium plugin. -->","yoast_head_json":{"title":"Neues entdecken ist wie ein geistiges Bad - SalzburgerLand Magazin","description":"Der Kuchler Josef Zenzmaier geh\u00f6rt zu den wichtigsten und bekanntesten \u00f6sterreichischen Bildhauern. Seine Brunnen und Skulpturen zieren Kirchen und Pl\u00e4tze in Stadt und Land Salzburg. Die Bronzet\u00fcren am Haus f\u00fcr Mozart und der Kardinal auf dem Residenzplatz in der Stadt Salzburg z\u00e4hlen seinen bekanntesten Werken. Konzentriert schaut Josef Zenzmaier (80) aus dem Fenster seines Wohnzimmers [&hellip;]","robots":{"index":"index","follow":"follow","max-snippet":"max-snippet:-1","max-image-preview":"max-image-preview:large","max-video-preview":"max-video-preview:-1"},"canonical":"https:\/\/www.salzburgerland.com\/de\/magazin\/neues-entdecken-ist-wie-ein-geistiges-bad\/","og_locale":"de_DE","og_type":"article","og_title":"Neues entdecken ist wie ein geistiges Bad","og_description":"Der Kuchler Josef Zenzmaier geh\u00f6rt zu den wichtigsten und bekanntesten \u00f6sterreichischen Bildhauern. Seine Brunnen und Skulpturen zieren Kirchen und Pl\u00e4tze in Stadt und Land Salzburg. Die Bronzet\u00fcren am Haus f\u00fcr Mozart und der Kardinal auf dem Residenzplatz in der Stadt Salzburg z\u00e4hlen seinen bekanntesten Werken. Konzentriert schaut Josef Zenzmaier (80) aus dem Fenster seines Wohnzimmers [&hellip;]","og_url":"https:\/\/www.salzburgerland.com\/de\/magazin\/neues-entdecken-ist-wie-ein-geistiges-bad\/","og_site_name":"SalzburgerLand Magazin","article_publisher":"https:\/\/www.facebook.com\/salzburgerland\/","article_published_time":"2013-05-09T15:10:56+00:00","article_modified_time":"2019-06-26T18:23:57+00:00","og_image":[{"width":1600,"height":1060,"url":"https:\/\/www.salzburgerland.com\/de\/magazin\/wp-content\/uploads\/2013\/04\/Zeichnungen-a.jpg","type":"image\/jpeg"}],"author":"Christine Fr\u00f6schl","twitter_card":"summary_large_image","twitter_creator":"@Salzburgerland","twitter_site":"@Salzburgerland","twitter_misc":{"Verfasst von":"Christine Fr\u00f6schl","Gesch\u00e4tzte Lesezeit":"4\u00a0Minuten"},"schema":{"@context":"https:\/\/schema.org","@graph":[{"@type":"Article","@id":"https:\/\/www.salzburgerland.com\/de\/magazin\/neues-entdecken-ist-wie-ein-geistiges-bad\/#article","isPartOf":{"@id":"https:\/\/www.salzburgerland.com\/de\/magazin\/neues-entdecken-ist-wie-ein-geistiges-bad\/"},"author":{"name":"Christine Fr\u00f6schl","@id":"https:\/\/www.salzburgerland.com\/de\/magazin\/#\/schema\/person\/7932db74f19d9640620859cb2b794c4e"},"headline":"Neues entdecken ist wie ein geistiges Bad","datePublished":"2013-05-09T15:10:56+00:00","dateModified":"2019-06-26T18:23:57+00:00","mainEntityOfPage":{"@id":"https:\/\/www.salzburgerland.com\/de\/magazin\/neues-entdecken-ist-wie-ein-geistiges-bad\/"},"wordCount":813,"commentCount":0,"publisher":{"@id":"https:\/\/www.salzburgerland.com\/de\/magazin\/#organization"},"image":{"@id":"https:\/\/www.salzburgerland.com\/de\/magazin\/neues-entdecken-ist-wie-ein-geistiges-bad\/#primaryimage"},"thumbnailUrl":"https:\/\/www.salzburgerland.com\/de\/magazin\/wp-content\/uploads\/2013\/04\/Zeichnungen-a.jpg","articleSection":["Kunst &amp; Kultur"],"inLanguage":"de","potentialAction":[{"@type":"CommentAction","name":"Comment","target":["https:\/\/www.salzburgerland.com\/de\/magazin\/neues-entdecken-ist-wie-ein-geistiges-bad\/#respond"]}]},{"@type":"WebPage","@id":"https:\/\/www.salzburgerland.com\/de\/magazin\/neues-entdecken-ist-wie-ein-geistiges-bad\/","url":"https:\/\/www.salzburgerland.com\/de\/magazin\/neues-entdecken-ist-wie-ein-geistiges-bad\/","name":"Neues entdecken ist wie ein geistiges Bad - SalzburgerLand Magazin","isPartOf":{"@id":"https:\/\/www.salzburgerland.com\/de\/magazin\/#website"},"primaryImageOfPage":{"@id":"https:\/\/www.salzburgerland.com\/de\/magazin\/neues-entdecken-ist-wie-ein-geistiges-bad\/#primaryimage"},"image":{"@id":"https:\/\/www.salzburgerland.com\/de\/magazin\/neues-entdecken-ist-wie-ein-geistiges-bad\/#primaryimage"},"thumbnailUrl":"https:\/\/www.salzburgerland.com\/de\/magazin\/wp-content\/uploads\/2013\/04\/Zeichnungen-a.jpg","datePublished":"2013-05-09T15:10:56+00:00","dateModified":"2019-06-26T18:23:57+00:00","breadcrumb":{"@id":"https:\/\/www.salzburgerland.com\/de\/magazin\/neues-entdecken-ist-wie-ein-geistiges-bad\/#breadcrumb"},"inLanguage":"de","potentialAction":[{"@type":"ReadAction","target":["https:\/\/www.salzburgerland.com\/de\/magazin\/neues-entdecken-ist-wie-ein-geistiges-bad\/"]}]},{"@type":"ImageObject","inLanguage":"de","@id":"https:\/\/www.salzburgerland.com\/de\/magazin\/neues-entdecken-ist-wie-ein-geistiges-bad\/#primaryimage","url":"https:\/\/www.salzburgerland.com\/de\/magazin\/wp-content\/uploads\/2013\/04\/Zeichnungen-a.jpg","contentUrl":"https:\/\/www.salzburgerland.com\/de\/magazin\/wp-content\/uploads\/2013\/04\/Zeichnungen-a.jpg","width":1600,"height":1060,"caption":"Josef Zenzmaier gibt Tipps zum Zeichnen von Akten bei einem \u00f6ffentlichen Kurs in der HTL Hallein."},{"@type":"BreadcrumbList","@id":"https:\/\/www.salzburgerland.com\/de\/magazin\/neues-entdecken-ist-wie-ein-geistiges-bad\/#breadcrumb","itemListElement":[{"@type":"ListItem","position":1,"name":"Startseite","item":"https:\/\/www.salzburgerland.com\/de\/magazin\/"},{"@type":"ListItem","position":2,"name":"Kunst &amp; Kultur","item":"https:\/\/www.salzburgerland.com\/de\/magazin\/thema\/kunst-kultur\/"},{"@type":"ListItem","position":3,"name":"Neues entdecken ist wie ein geistiges Bad"}]},{"@type":"WebSite","@id":"https:\/\/www.salzburgerland.com\/de\/magazin\/#website","url":"https:\/\/www.salzburgerland.com\/de\/magazin\/","name":"SalzburgerLand Magazin","description":"Geschichten und Interessantes aus dem SalzburgerLand","publisher":{"@id":"https:\/\/www.salzburgerland.com\/de\/magazin\/#organization"},"potentialAction":[{"@type":"SearchAction","target":{"@type":"EntryPoint","urlTemplate":"https:\/\/www.salzburgerland.com\/de\/magazin\/?s={search_term_string}"},"query-input":{"@type":"PropertyValueSpecification","valueRequired":true,"valueName":"search_term_string"}}],"inLanguage":"de"},{"@type":"Organization","@id":"https:\/\/www.salzburgerland.com\/de\/magazin\/#organization","name":"SalzburgerLand Tourismus","url":"https:\/\/www.salzburgerland.com\/de\/magazin\/","logo":{"@type":"ImageObject","inLanguage":"de","@id":"https:\/\/www.salzburgerland.com\/de\/magazin\/#\/schema\/logo\/image\/","url":"https:\/\/www.salzburgerland.com\/de\/magazin\/wp-content\/uploads\/2019\/06\/salzburgerland-logo1.jpg","contentUrl":"https:\/\/www.salzburgerland.com\/de\/magazin\/wp-content\/uploads\/2019\/06\/salzburgerland-logo1.jpg","width":2011,"height":866,"caption":"SalzburgerLand Tourismus"},"image":{"@id":"https:\/\/www.salzburgerland.com\/de\/magazin\/#\/schema\/logo\/image\/"},"sameAs":["https:\/\/www.facebook.com\/salzburgerland\/","https:\/\/x.com\/Salzburgerland","https:\/\/www.instagram.com\/salzburgerland\/","https:\/\/at.linkedin.com\/company\/salzburgerland-tourismus-gmbh","https:\/\/www.pinterest.at\/salzburgerland\/","https:\/\/www.youtube.com\/user\/salzburgerland","https:\/\/de.wikipedia.org\/wiki\/SalzburgerLand_Tourismus_GmbH"]},{"@type":"Person","@id":"https:\/\/www.salzburgerland.com\/de\/magazin\/#\/schema\/person\/7932db74f19d9640620859cb2b794c4e","name":"Christine Fr\u00f6schl","description":"Dein pers\u00f6nlicher Logenplatz im SalzburgerLand? Am liebsten gehe ich auf den Einberg im Salzburger Tennengau. Der Berg in der Osterhorn-Gruppe gl\u00e4nzt das ganze Jahr im Sonnenschein, auf dem Gipfel heben Paragleiter ab und die Aussicht auf das Tennengebirge, den Dachstein und die Bischofsm\u00fctze ist traumhaft. Dosige(r) oder Zuagroast? Zuagroast aus dem sch\u00f6nen Nieder\u00f6sterreich. Fr\u00fchling, Sommer, Herbst oder Winter? Alle Jahreszeiten begeistern mich. Momentan freue ich mich auf den Fr\u00fchling, das Zwitschern der V\u00f6gel und auf die sattgr\u00fcnen Wiesen. Salzburger Nockerl oder Schwarzbeernocken? Eindeutig Schwarzbeernocken. Rindsroulade vom Pinzgauer Biorind oder Saibling fangfrisch aus dem Fuschlsee? Mhhhh. Da kann ich mich nicht entscheiden. Bergtour oder Seentour? Mich zieht es auf jeden Fall hinauf. Begeistert bin ich auch von tiefblauen Bergseen in denen sich die Umgebung spiegelt und von der Aussicht w\u00e4hrend des Weges auf einen der wundersch\u00f6nen Seen im Salzburger Land.","url":"https:\/\/www.salzburgerland.com\/de\/magazin\/author\/christine-froeschl\/"}]}},"_wl_alt_label":[],"wl:entity_url":"http:\/\/open.salzburgerland.com\/magazin\/post\/neues_entdecken_ist_wie_ein_geistiges_bad","_links":{"self":[{"href":"https:\/\/www.salzburgerland.com\/de\/magazin\/wp-json\/wp\/v2\/posts\/35242","targetHints":{"allow":["GET"]}}],"collection":[{"href":"https:\/\/www.salzburgerland.com\/de\/magazin\/wp-json\/wp\/v2\/posts"}],"about":[{"href":"https:\/\/www.salzburgerland.com\/de\/magazin\/wp-json\/wp\/v2\/types\/post"}],"author":[{"embeddable":true,"href":"https:\/\/www.salzburgerland.com\/de\/magazin\/wp-json\/wp\/v2\/users\/236"}],"replies":[{"embeddable":true,"href":"https:\/\/www.salzburgerland.com\/de\/magazin\/wp-json\/wp\/v2\/comments?post=35242"}],"version-history":[{"count":1,"href":"https:\/\/www.salzburgerland.com\/de\/magazin\/wp-json\/wp\/v2\/posts\/35242\/revisions"}],"predecessor-version":[{"id":167916,"href":"https:\/\/www.salzburgerland.com\/de\/magazin\/wp-json\/wp\/v2\/posts\/35242\/revisions\/167916"}],"wp:featuredmedia":[{"embeddable":true,"href":"https:\/\/www.salzburgerland.com\/de\/magazin\/wp-json\/wp\/v2\/media\/35263"}],"wp:attachment":[{"href":"https:\/\/www.salzburgerland.com\/de\/magazin\/wp-json\/wp\/v2\/media?parent=35242"}],"wp:term":[{"taxonomy":"category","embeddable":true,"href":"https:\/\/www.salzburgerland.com\/de\/magazin\/wp-json\/wp\/v2\/categories?post=35242"},{"taxonomy":"post_tag","embeddable":true,"href":"https:\/\/www.salzburgerland.com\/de\/magazin\/wp-json\/wp\/v2\/tags?post=35242"},{"taxonomy":"wl_entity_type","embeddable":true,"href":"https:\/\/www.salzburgerland.com\/de\/magazin\/wp-json\/wp\/v2\/wl_entity_type?post=35242"},{"taxonomy":"monatsauswahl","embeddable":true,"href":"https:\/\/www.salzburgerland.com\/de\/magazin\/wp-json\/wp\/v2\/monatsauswahl?post=35242"}],"curies":[{"name":"wp","href":"https:\/\/api.w.org\/{rel}","templated":true}]}}