{"id":35208,"date":"2013-04-29T07:48:28","date_gmt":"2013-04-29T05:48:28","guid":{"rendered":"http:\/\/magazin.salzburgerland.com\/?p=35208"},"modified":"2019-06-26T20:23:58","modified_gmt":"2019-06-26T18:23:58","slug":"dog-days-in-salzburg","status":"publish","type":"post","link":"https:\/\/www.salzburgerland.com\/de\/magazin\/dog-days-in-salzburg\/","title":{"rendered":"Festspiele der Hunde in Salzburg"},"content":{"rendered":"<p>Nach dem gro\u00dfen Erfolg der &#8222;Weltausstellung f\u00fcr Hunde&#8220; im <a href=\"http:\/\/www.messezentrum-salzburg.at\/\" target=\"_blank\" rel=\"noopener noreferrer\">Messezentrum Salzburg <\/a>bei der rund 18.600 Hunde, \u00fcber 12.000 Aussteller und ca. 10.000 Besucher gez\u00e4hlt wurden, haben wir diesmal zum etwas kleineren, aber genau so putzigen &#8222;Festival der Hunde&#8220; die F\u00e4hrte aufgenommen und die s\u00fc\u00dfesten, stattlichsten, frechesten und freundlichesten Vierbeiner vor den sch\u00f6nsten Sehensw\u00fcrdigkeiten der Stadt Salzburg f\u00fcr uns posieren lassen.<\/p>\n<div class=\"mag-gallery\"><div class=\"row\"><div class=\"col-6 col-sm-4\"><figure><a class=\"thumb-container\" href=\"https:\/\/www.salzburgerland.com\/de\/magazin\/wp-content\/uploads\/2013\/04\/SLT.DogDays.01-1280x1024.jpg\">\t<picture><source media=\"(min-width: 576px)\" srcset=\"\" \/><source media=\"(min-width: 0)\" srcset=\"https:\/\/www.salzburgerland.com\/de\/magazin\/wp-content\/uploads\/2013\/04\/SLT.DogDays.01.jpg 799w, https:\/\/www.salzburgerland.com\/de\/magazin\/wp-content\/uploads\/2013\/04\/SLT.DogDays.01-200x300.jpg 200w, https:\/\/www.salzburgerland.com\/de\/magazin\/wp-content\/uploads\/2013\/04\/SLT.DogDays.01-366x550.jpg 366w, https:\/\/www.salzburgerland.com\/de\/magazin\/wp-content\/uploads\/2013\/04\/SLT.DogDays.01-266x400.jpg 266w\" \/><img decoding=\"async\" alt=\"Eine Frau mit einem Collie-Hund steht an einem steinernen Brunnen mit einer wasserspeienden Pferdestatue im Hintergrund.\" src=\"https:\/\/www.salzburgerland.com\/de\/magazin\/wp-content\/uploads\/2013\/04\/SLT.DogDays.01.jpg\" \/>\t<\/picture><\/a><\/figure><\/div><div class=\"col-6 col-sm-4\"><figure><a class=\"thumb-container\" href=\"https:\/\/www.salzburgerland.com\/de\/magazin\/wp-content\/uploads\/2013\/04\/SLT.DogDays.02-1280x1024.jpg\">\t<picture><source media=\"(min-width: 576px)\" srcset=\"\" \/><source media=\"(min-width: 0)\" srcset=\"https:\/\/www.salzburgerland.com\/de\/magazin\/wp-content\/uploads\/2013\/04\/SLT.DogDays.02.jpg 799w, https:\/\/www.salzburgerland.com\/de\/magazin\/wp-content\/uploads\/2013\/04\/SLT.DogDays.02-200x300.jpg 200w, https:\/\/www.salzburgerland.com\/de\/magazin\/wp-content\/uploads\/2013\/04\/SLT.DogDays.02-366x550.jpg 366w, https:\/\/www.salzburgerland.com\/de\/magazin\/wp-content\/uploads\/2013\/04\/SLT.DogDays.02-266x400.jpg 266w\" \/><img decoding=\"async\" alt=\"Ein schwarzer Hund im Vordergrund mit unscharfen Menschen und einer Statue im Hintergrund.\" src=\"https:\/\/www.salzburgerland.com\/de\/magazin\/wp-content\/uploads\/2013\/04\/SLT.DogDays.02.jpg\" \/>\t<\/picture><\/a><\/figure><\/div><div class=\"col-6 col-sm-4\"><figure><a class=\"thumb-container\" href=\"https:\/\/www.salzburgerland.com\/de\/magazin\/wp-content\/uploads\/2013\/04\/SLT.DogDays.03-1280x1024.jpg\">\t<picture><source media=\"(min-width: 576px)\" srcset=\"\" \/><source media=\"(min-width: 0)\" srcset=\"https:\/\/www.salzburgerland.com\/de\/magazin\/wp-content\/uploads\/2013\/04\/SLT.DogDays.03.jpg 799w, https:\/\/www.salzburgerland.com\/de\/magazin\/wp-content\/uploads\/2013\/04\/SLT.DogDays.03-200x300.jpg 200w, https:\/\/www.salzburgerland.com\/de\/magazin\/wp-content\/uploads\/2013\/04\/SLT.DogDays.03-366x550.jpg 366w, https:\/\/www.salzburgerland.com\/de\/magazin\/wp-content\/uploads\/2013\/04\/SLT.DogDays.03-266x400.jpg 266w\" \/><img decoding=\"async\" alt=\"Zwei Saluki-Hunde beschn\u00fcffeln sich gegenseitig, w\u00e4hrend ein Shetland Sheepdog hinter ihnen auf einem Stadtplatz steht.\" src=\"https:\/\/www.salzburgerland.com\/de\/magazin\/wp-content\/uploads\/2013\/04\/SLT.DogDays.03.jpg\" \/>\t<\/picture><\/a><\/figure><\/div><div class=\"col-6 col-sm-4\"><figure><a class=\"thumb-container\" href=\"https:\/\/www.salzburgerland.com\/de\/magazin\/wp-content\/uploads\/2013\/04\/SLT.DogDays.04-1280x1024.jpg\">\t<picture><source media=\"(min-width: 576px)\" srcset=\"\" \/><source media=\"(min-width: 0)\" srcset=\"https:\/\/www.salzburgerland.com\/de\/magazin\/wp-content\/uploads\/2013\/04\/SLT.DogDays.04.jpg 799w, https:\/\/www.salzburgerland.com\/de\/magazin\/wp-content\/uploads\/2013\/04\/SLT.DogDays.04-200x300.jpg 200w, https:\/\/www.salzburgerland.com\/de\/magazin\/wp-content\/uploads\/2013\/04\/SLT.DogDays.04-366x550.jpg 366w, https:\/\/www.salzburgerland.com\/de\/magazin\/wp-content\/uploads\/2013\/04\/SLT.DogDays.04-266x400.jpg 266w\" \/><img decoding=\"async\" alt=\"Ein Saluki-Hund an der Leine vor einem wei\u00dfen historischen Geb\u00e4ude mit runden Fenstern.\" src=\"https:\/\/www.salzburgerland.com\/de\/magazin\/wp-content\/uploads\/2013\/04\/SLT.DogDays.04.jpg\" \/>\t<\/picture><\/a><\/figure><\/div><div class=\"col-6 col-sm-4\"><figure><a class=\"thumb-container\" href=\"https:\/\/www.salzburgerland.com\/de\/magazin\/wp-content\/uploads\/2013\/04\/SLT.DogDays.05-1280x1024.jpg\">\t<picture><source media=\"(min-width: 576px)\" srcset=\"\" \/><source media=\"(min-width: 0)\" srcset=\"https:\/\/www.salzburgerland.com\/de\/magazin\/wp-content\/uploads\/2013\/04\/SLT.DogDays.05.jpg 799w, https:\/\/www.salzburgerland.com\/de\/magazin\/wp-content\/uploads\/2013\/04\/SLT.DogDays.05-200x300.jpg 200w, https:\/\/www.salzburgerland.com\/de\/magazin\/wp-content\/uploads\/2013\/04\/SLT.DogDays.05-366x550.jpg 366w, https:\/\/www.salzburgerland.com\/de\/magazin\/wp-content\/uploads\/2013\/04\/SLT.DogDays.05-266x400.jpg 266w\" \/><img decoding=\"async\" alt=\"Menschen gehen an einem gelben Geb\u00e4ude mit einer rot-wei\u00dfen Fahne vorbei; im Vordergrund ist ein wei\u00dfer Hund an der Leine zu sehen.\" src=\"https:\/\/www.salzburgerland.com\/de\/magazin\/wp-content\/uploads\/2013\/04\/SLT.DogDays.05.jpg\" \/>\t<\/picture><\/a><\/figure><\/div><div class=\"col-6 col-sm-4\"><figure><a class=\"thumb-container\" href=\"https:\/\/www.salzburgerland.com\/de\/magazin\/wp-content\/uploads\/2013\/04\/SLT.DogDays.06-1280x1024.jpg\">\t<picture><source media=\"(min-width: 576px)\" srcset=\"\" \/><source media=\"(min-width: 0)\" srcset=\"https:\/\/www.salzburgerland.com\/de\/magazin\/wp-content\/uploads\/2013\/04\/SLT.DogDays.06.jpg 799w, https:\/\/www.salzburgerland.com\/de\/magazin\/wp-content\/uploads\/2013\/04\/SLT.DogDays.06-200x300.jpg 200w, https:\/\/www.salzburgerland.com\/de\/magazin\/wp-content\/uploads\/2013\/04\/SLT.DogDays.06-366x550.jpg 366w, https:\/\/www.salzburgerland.com\/de\/magazin\/wp-content\/uploads\/2013\/04\/SLT.DogDays.06-266x400.jpg 266w\" \/><img decoding=\"async\" alt=\"Ein flauschiger wei\u00dfer Hund auf der Schulter einer Frau vor Mozarts Geburtshaus, einem gelben Geb\u00e4ude in Salzburg.\" src=\"https:\/\/www.salzburgerland.com\/de\/magazin\/wp-content\/uploads\/2013\/04\/SLT.DogDays.06.jpg\" \/>\t<\/picture><\/a><\/figure><\/div><div class=\"col-6 col-sm-4\"><figure><a class=\"thumb-container\" href=\"https:\/\/www.salzburgerland.com\/de\/magazin\/wp-content\/uploads\/2013\/04\/SLT.DogDays.07-1280x1024.jpg\">\t<picture><source media=\"(min-width: 576px)\" srcset=\"\" \/><source media=\"(min-width: 0)\" srcset=\"https:\/\/www.salzburgerland.com\/de\/magazin\/wp-content\/uploads\/2013\/04\/SLT.DogDays.07.jpg 799w, https:\/\/www.salzburgerland.com\/de\/magazin\/wp-content\/uploads\/2013\/04\/SLT.DogDays.07-200x300.jpg 200w, https:\/\/www.salzburgerland.com\/de\/magazin\/wp-content\/uploads\/2013\/04\/SLT.DogDays.07-366x550.jpg 366w, https:\/\/www.salzburgerland.com\/de\/magazin\/wp-content\/uploads\/2013\/04\/SLT.DogDays.07-266x400.jpg 266w\" \/><img decoding=\"async\" alt=\"Lockenhaariger Hund mit herausgestreckter Zunge, der vor einem hellen Geb\u00e4ude mit gro\u00dfen Fenstern steht.\" src=\"https:\/\/www.salzburgerland.com\/de\/magazin\/wp-content\/uploads\/2013\/04\/SLT.DogDays.07.jpg\" \/>\t<\/picture><\/a><\/figure><\/div><div class=\"col-6 col-sm-4\"><figure><a class=\"thumb-container\" href=\"https:\/\/www.salzburgerland.com\/de\/magazin\/wp-content\/uploads\/2013\/04\/SLT.DogDays.08-1280x1024.jpg\">\t<picture><source media=\"(min-width: 576px)\" srcset=\"\" \/><source media=\"(min-width: 0)\" srcset=\"https:\/\/www.salzburgerland.com\/de\/magazin\/wp-content\/uploads\/2013\/04\/SLT.DogDays.08.jpg 799w, https:\/\/www.salzburgerland.com\/de\/magazin\/wp-content\/uploads\/2013\/04\/SLT.DogDays.08-200x300.jpg 200w, https:\/\/www.salzburgerland.com\/de\/magazin\/wp-content\/uploads\/2013\/04\/SLT.DogDays.08-366x550.jpg 366w, https:\/\/www.salzburgerland.com\/de\/magazin\/wp-content\/uploads\/2013\/04\/SLT.DogDays.08-266x400.jpg 266w\" \/><img decoding=\"async\" alt=\"Ein zotteliger Hund sitzt auf einer Stadtstra\u00dfe, w\u00e4hrend im Hintergrund Menschen in \u00f6sterreichischer Tracht vorbeilaufen.\" src=\"https:\/\/www.salzburgerland.com\/de\/magazin\/wp-content\/uploads\/2013\/04\/SLT.DogDays.08.jpg\" \/>\t<\/picture><\/a><\/figure><\/div><div class=\"col-6 col-sm-4\"><figure><a class=\"thumb-container\" href=\"https:\/\/www.salzburgerland.com\/de\/magazin\/wp-content\/uploads\/2013\/04\/SLT.DogDays.09-1280x1024.jpg\">\t<picture><source media=\"(min-width: 576px)\" srcset=\"https:\/\/www.salzburgerland.com\/de\/magazin\/wp-content\/uploads\/2013\/04\/SLT.DogDays.09-325x209.jpg 325w, https:\/\/www.salzburgerland.com\/de\/magazin\/wp-content\/uploads\/2013\/04\/SLT.DogDays.09-249x160.jpg 249w\" \/><source media=\"(min-width: 0)\" srcset=\"https:\/\/www.salzburgerland.com\/de\/magazin\/wp-content\/uploads\/2013\/04\/SLT.DogDays.09-249x160.jpg 249w, https:\/\/www.salzburgerland.com\/de\/magazin\/wp-content\/uploads\/2013\/04\/SLT.DogDays.09-325x209.jpg 325w\" \/><img decoding=\"async\" alt=\"Zwei gl\u00fcckliche Hunde sitzen auf einem belebten B\u00fcrgersteig in der Stadt, im Hintergrund laufen Menschen vorbei.\" src=\"https:\/\/www.salzburgerland.com\/de\/magazin\/wp-content\/uploads\/2013\/04\/SLT.DogDays.09.jpg\" \/>\t<\/picture><\/a><\/figure><\/div><div class=\"col-6 col-sm-4\"><figure><a class=\"thumb-container\" href=\"https:\/\/www.salzburgerland.com\/de\/magazin\/wp-content\/uploads\/2013\/04\/SLT.DogDays.11-1280x1024.jpg\">\t<picture><source media=\"(min-width: 576px)\" srcset=\"https:\/\/www.salzburgerland.com\/de\/magazin\/wp-content\/uploads\/2013\/04\/SLT.DogDays.11-325x209.jpg 325w, https:\/\/www.salzburgerland.com\/de\/magazin\/wp-content\/uploads\/2013\/04\/SLT.DogDays.11-249x160.jpg 249w\" \/><source media=\"(min-width: 0)\" srcset=\"https:\/\/www.salzburgerland.com\/de\/magazin\/wp-content\/uploads\/2013\/04\/SLT.DogDays.11-249x160.jpg 249w, https:\/\/www.salzburgerland.com\/de\/magazin\/wp-content\/uploads\/2013\/04\/SLT.DogDays.11-325x209.jpg 325w\" \/><img decoding=\"async\" alt=\"Zwei gl\u00fcckliche Hunde, ein zotteliger und ein flauschiger schwarzer, sitzen auf einer belebten Stadtstra\u00dfe mit Menschen im Hintergrund.\" src=\"https:\/\/www.salzburgerland.com\/de\/magazin\/wp-content\/uploads\/2013\/04\/SLT.DogDays.11.jpg\" \/>\t<\/picture><\/a><\/figure><\/div><div class=\"col-6 col-sm-4\"><figure><a class=\"thumb-container\" href=\"https:\/\/www.salzburgerland.com\/de\/magazin\/wp-content\/uploads\/2013\/04\/SLT.DogDays.12-1280x1024.jpg\">\t<picture><source media=\"(min-width: 576px)\" srcset=\"https:\/\/www.salzburgerland.com\/de\/magazin\/wp-content\/uploads\/2013\/04\/SLT.DogDays.12-325x209.jpg 325w, https:\/\/www.salzburgerland.com\/de\/magazin\/wp-content\/uploads\/2013\/04\/SLT.DogDays.12-249x160.jpg 249w\" \/><source media=\"(min-width: 0)\" srcset=\"https:\/\/www.salzburgerland.com\/de\/magazin\/wp-content\/uploads\/2013\/04\/SLT.DogDays.12-249x160.jpg 249w, https:\/\/www.salzburgerland.com\/de\/magazin\/wp-content\/uploads\/2013\/04\/SLT.DogDays.12-325x209.jpg 325w\" \/><img decoding=\"async\" alt=\"Zwei flauschige Hunde sitzen auf einer Stadtstra\u00dfe, umgeben von Menschen, die im Hintergrund spazieren gehen.\" src=\"https:\/\/www.salzburgerland.com\/de\/magazin\/wp-content\/uploads\/2013\/04\/SLT.DogDays.12.jpg\" \/>\t<\/picture><\/a><\/figure><\/div><div class=\"col-6 col-sm-4\"><figure><a class=\"thumb-container\" href=\"https:\/\/www.salzburgerland.com\/de\/magazin\/wp-content\/uploads\/2013\/04\/SLT.DogDays.13-1280x1024.jpg\">\t<picture><source media=\"(min-width: 576px)\" srcset=\"https:\/\/www.salzburgerland.com\/de\/magazin\/wp-content\/uploads\/2013\/04\/SLT.DogDays.13-325x209.jpg 325w, https:\/\/www.salzburgerland.com\/de\/magazin\/wp-content\/uploads\/2013\/04\/SLT.DogDays.13-249x160.jpg 249w\" \/><source media=\"(min-width: 0)\" srcset=\"https:\/\/www.salzburgerland.com\/de\/magazin\/wp-content\/uploads\/2013\/04\/SLT.DogDays.13-249x160.jpg 249w, https:\/\/www.salzburgerland.com\/de\/magazin\/wp-content\/uploads\/2013\/04\/SLT.DogDays.13-325x209.jpg 325w\" \/><img decoding=\"async\" alt=\"Ein flauschiger wei\u00dfer Hund sitzt auf einer Stadtstra\u00dfe mit Menschen und Geb\u00e4uden im Hintergrund.\" src=\"https:\/\/www.salzburgerland.com\/de\/magazin\/wp-content\/uploads\/2013\/04\/SLT.DogDays.13.jpg\" \/>\t<\/picture><\/a><\/figure><\/div><div class=\"col-6 col-sm-4\"><figure><a class=\"thumb-container\" href=\"https:\/\/www.salzburgerland.com\/de\/magazin\/wp-content\/uploads\/2013\/04\/SLT.DogDays.14-1280x1024.jpg\">\t<picture><source media=\"(min-width: 576px)\" srcset=\"https:\/\/www.salzburgerland.com\/de\/magazin\/wp-content\/uploads\/2013\/04\/SLT.DogDays.14-325x209.jpg 325w, https:\/\/www.salzburgerland.com\/de\/magazin\/wp-content\/uploads\/2013\/04\/SLT.DogDays.14-249x160.jpg 249w\" \/><source media=\"(min-width: 0)\" srcset=\"https:\/\/www.salzburgerland.com\/de\/magazin\/wp-content\/uploads\/2013\/04\/SLT.DogDays.14-249x160.jpg 249w, https:\/\/www.salzburgerland.com\/de\/magazin\/wp-content\/uploads\/2013\/04\/SLT.DogDays.14-325x209.jpg 325w\" \/><img decoding=\"async\" alt=\"Zwei kleine schwarze Hunde sitzen auf einer Veranda vor einem Caf\u00e9 mit gestreiften Sonnenschirmen und Menschen im Hintergrund.\" src=\"https:\/\/www.salzburgerland.com\/de\/magazin\/wp-content\/uploads\/2013\/04\/SLT.DogDays.14.jpg\" \/>\t<\/picture><\/a><\/figure><\/div><div class=\"col-6 col-sm-4\"><figure><a class=\"thumb-container\" href=\"https:\/\/www.salzburgerland.com\/de\/magazin\/wp-content\/uploads\/2013\/04\/SLT.DogDays.15-1280x1024.jpg\">\t<picture><source media=\"(min-width: 576px)\" srcset=\"https:\/\/www.salzburgerland.com\/de\/magazin\/wp-content\/uploads\/2013\/04\/SLT.DogDays.15-325x209.jpg 325w, https:\/\/www.salzburgerland.com\/de\/magazin\/wp-content\/uploads\/2013\/04\/SLT.DogDays.15-249x160.jpg 249w\" \/><source media=\"(min-width: 0)\" srcset=\"https:\/\/www.salzburgerland.com\/de\/magazin\/wp-content\/uploads\/2013\/04\/SLT.DogDays.15-249x160.jpg 249w, https:\/\/www.salzburgerland.com\/de\/magazin\/wp-content\/uploads\/2013\/04\/SLT.DogDays.15-325x209.jpg 325w\" \/><img decoding=\"async\" alt=\"Ein schwarzer Hund schaut zu den Menschen auf, die oben in einem Caf\u00e9 unter gr\u00fcn-wei\u00df gestreiften Regenschirmen sitzen.\" src=\"https:\/\/www.salzburgerland.com\/de\/magazin\/wp-content\/uploads\/2013\/04\/SLT.DogDays.15.jpg\" \/>\t<\/picture><\/a><\/figure><\/div><div class=\"col-6 col-sm-4\"><figure><a class=\"thumb-container\" href=\"https:\/\/www.salzburgerland.com\/de\/magazin\/wp-content\/uploads\/2013\/04\/SLT.DogDays.16-1280x1024.jpg\">\t<picture><source media=\"(min-width: 576px)\" srcset=\"\" \/><source media=\"(min-width: 0)\" srcset=\"https:\/\/www.salzburgerland.com\/de\/magazin\/wp-content\/uploads\/2013\/04\/SLT.DogDays.16.jpg 799w, https:\/\/www.salzburgerland.com\/de\/magazin\/wp-content\/uploads\/2013\/04\/SLT.DogDays.16-200x300.jpg 200w, https:\/\/www.salzburgerland.com\/de\/magazin\/wp-content\/uploads\/2013\/04\/SLT.DogDays.16-366x550.jpg 366w, https:\/\/www.salzburgerland.com\/de\/magazin\/wp-content\/uploads\/2013\/04\/SLT.DogDays.16-266x400.jpg 266w\" \/><img decoding=\"async\" alt=\"Gro\u00dfe schwarze Dogge, die mit offenem Maul \u00fcber einen Stadtplatz l\u00e4uft, mit Geb\u00e4uden und Menschen im Hintergrund.\" src=\"https:\/\/www.salzburgerland.com\/de\/magazin\/wp-content\/uploads\/2013\/04\/SLT.DogDays.16.jpg\" \/>\t<\/picture><\/a><\/figure><\/div><div class=\"col-6 col-sm-4\"><figure><a class=\"thumb-container\" href=\"https:\/\/www.salzburgerland.com\/de\/magazin\/wp-content\/uploads\/2013\/04\/SLT.DogDays.18-1280x1024.jpg\">\t<picture><source media=\"(min-width: 576px)\" srcset=\"https:\/\/www.salzburgerland.com\/de\/magazin\/wp-content\/uploads\/2013\/04\/SLT.DogDays.18-325x209.jpg 325w, https:\/\/www.salzburgerland.com\/de\/magazin\/wp-content\/uploads\/2013\/04\/SLT.DogDays.18-249x160.jpg 249w\" \/><source media=\"(min-width: 0)\" srcset=\"https:\/\/www.salzburgerland.com\/de\/magazin\/wp-content\/uploads\/2013\/04\/SLT.DogDays.18-249x160.jpg 249w, https:\/\/www.salzburgerland.com\/de\/magazin\/wp-content\/uploads\/2013\/04\/SLT.DogDays.18-325x209.jpg 325w\" \/><img decoding=\"async\" alt=\"Ein Beagle an der Leine geht mit Menschen in einem belebten st\u00e4dtischen Au\u00dfenbereich spazieren.\" src=\"https:\/\/www.salzburgerland.com\/de\/magazin\/wp-content\/uploads\/2013\/04\/SLT.DogDays.18.jpg\" \/>\t<\/picture><\/a><\/figure><\/div><div class=\"col-6 col-sm-4\"><figure><a class=\"thumb-container\" href=\"https:\/\/www.salzburgerland.com\/de\/magazin\/wp-content\/uploads\/2013\/04\/SLT.DogDays.19-1280x1024.jpg\">\t<picture><source media=\"(min-width: 576px)\" srcset=\"https:\/\/www.salzburgerland.com\/de\/magazin\/wp-content\/uploads\/2013\/04\/SLT.DogDays.19-325x209.jpg 325w, https:\/\/www.salzburgerland.com\/de\/magazin\/wp-content\/uploads\/2013\/04\/SLT.DogDays.19-249x160.jpg 249w\" \/><source media=\"(min-width: 0)\" srcset=\"https:\/\/www.salzburgerland.com\/de\/magazin\/wp-content\/uploads\/2013\/04\/SLT.DogDays.19-249x160.jpg 249w, https:\/\/www.salzburgerland.com\/de\/magazin\/wp-content\/uploads\/2013\/04\/SLT.DogDays.19-325x209.jpg 325w\" \/><img decoding=\"async\" alt=\"Ein flauschiger Hund an der Leine geht neben seinem Besitzer spazieren, w\u00e4hrend im Hintergrund Menschen Instrumente spielen.\" src=\"https:\/\/www.salzburgerland.com\/de\/magazin\/wp-content\/uploads\/2013\/04\/SLT.DogDays.19.jpg\" \/>\t<\/picture><\/a><\/figure><\/div><div class=\"col-6 col-sm-4\"><figure><a class=\"thumb-container\" href=\"https:\/\/www.salzburgerland.com\/de\/magazin\/wp-content\/uploads\/2013\/04\/SLT.DogDays.20-1280x1024.jpg\">\t<picture><source media=\"(min-width: 576px)\" srcset=\"https:\/\/www.salzburgerland.com\/de\/magazin\/wp-content\/uploads\/2013\/04\/SLT.DogDays.20-325x209.jpg 325w, https:\/\/www.salzburgerland.com\/de\/magazin\/wp-content\/uploads\/2013\/04\/SLT.DogDays.20-249x160.jpg 249w\" \/><source media=\"(min-width: 0)\" srcset=\"https:\/\/www.salzburgerland.com\/de\/magazin\/wp-content\/uploads\/2013\/04\/SLT.DogDays.20-249x160.jpg 249w, https:\/\/www.salzburgerland.com\/de\/magazin\/wp-content\/uploads\/2013\/04\/SLT.DogDays.20-325x209.jpg 325w\" \/><img decoding=\"async\" alt=\"Ein flauschiger cremefarbener Hund sitzt im Freien mit einem Uhrenturm und Geb\u00e4uden im Hintergrund.\" src=\"https:\/\/www.salzburgerland.com\/de\/magazin\/wp-content\/uploads\/2013\/04\/SLT.DogDays.20.jpg\" \/>\t<\/picture><\/a><\/figure><\/div><div class=\"col-6 col-sm-4\"><figure><a class=\"thumb-container\" href=\"https:\/\/www.salzburgerland.com\/de\/magazin\/wp-content\/uploads\/2013\/04\/SLT.DogDays.26-1280x1024.jpg\">\t<picture><source media=\"(min-width: 576px)\" srcset=\"https:\/\/www.salzburgerland.com\/de\/magazin\/wp-content\/uploads\/2013\/04\/SLT.DogDays.26-325x209.jpg 325w, https:\/\/www.salzburgerland.com\/de\/magazin\/wp-content\/uploads\/2013\/04\/SLT.DogDays.26-249x160.jpg 249w\" \/><source media=\"(min-width: 0)\" srcset=\"https:\/\/www.salzburgerland.com\/de\/magazin\/wp-content\/uploads\/2013\/04\/SLT.DogDays.26-249x160.jpg 249w, https:\/\/www.salzburgerland.com\/de\/magazin\/wp-content\/uploads\/2013\/04\/SLT.DogDays.26-325x209.jpg 325w\" \/><img decoding=\"async\" alt=\"Zwei kleine Hunde, ein schwarzer und ein hellbrauner, sitzen und stehen aufmerksam vor einer Person im Freien.\" src=\"https:\/\/www.salzburgerland.com\/de\/magazin\/wp-content\/uploads\/2013\/04\/SLT.DogDays.26.jpg\" \/>\t<\/picture><\/a><\/figure><\/div><div class=\"col-6 col-sm-4\"><figure><a class=\"thumb-container\" href=\"https:\/\/www.salzburgerland.com\/de\/magazin\/wp-content\/uploads\/2013\/04\/SLT.DogDays.25-1280x1024.jpg\">\t<picture><source media=\"(min-width: 576px)\" srcset=\"https:\/\/www.salzburgerland.com\/de\/magazin\/wp-content\/uploads\/2013\/04\/SLT.DogDays.25-325x209.jpg 325w, https:\/\/www.salzburgerland.com\/de\/magazin\/wp-content\/uploads\/2013\/04\/SLT.DogDays.25-249x160.jpg 249w\" \/><source media=\"(min-width: 0)\" srcset=\"https:\/\/www.salzburgerland.com\/de\/magazin\/wp-content\/uploads\/2013\/04\/SLT.DogDays.25-249x160.jpg 249w, https:\/\/www.salzburgerland.com\/de\/magazin\/wp-content\/uploads\/2013\/04\/SLT.DogDays.25-325x209.jpg 325w\" \/><img decoding=\"async\" alt=\"Ein kleiner Hund mit Halsband sitzt vor einem gro\u00dfen Springbrunnen mit einer Pferdestatue und historischen Geb\u00e4uden.\" src=\"https:\/\/www.salzburgerland.com\/de\/magazin\/wp-content\/uploads\/2013\/04\/SLT.DogDays.25.jpg\" \/>\t<\/picture><\/a><\/figure><\/div><div class=\"col-6 col-sm-4\"><figure><a class=\"thumb-container\" href=\"https:\/\/www.salzburgerland.com\/de\/magazin\/wp-content\/uploads\/2013\/04\/SLT.DogDays.24-1280x1024.jpg\">\t<picture><source media=\"(min-width: 576px)\" srcset=\"https:\/\/www.salzburgerland.com\/de\/magazin\/wp-content\/uploads\/2013\/04\/SLT.DogDays.24-325x209.jpg 325w, https:\/\/www.salzburgerland.com\/de\/magazin\/wp-content\/uploads\/2013\/04\/SLT.DogDays.24-249x160.jpg 249w\" \/><source media=\"(min-width: 0)\" srcset=\"https:\/\/www.salzburgerland.com\/de\/magazin\/wp-content\/uploads\/2013\/04\/SLT.DogDays.24-249x160.jpg 249w, https:\/\/www.salzburgerland.com\/de\/magazin\/wp-content\/uploads\/2013\/04\/SLT.DogDays.24-325x209.jpg 325w\" \/><img decoding=\"async\" alt=\"Kleiner Hund mit Halsband sitzt vor einem Springbrunnen mit Pferdestatuen und historischen Geb\u00e4uden im Hintergrund.\" src=\"https:\/\/www.salzburgerland.com\/de\/magazin\/wp-content\/uploads\/2013\/04\/SLT.DogDays.24.jpg\" \/>\t<\/picture><\/a><\/figure><\/div><div class=\"col-6 col-sm-4\"><figure><a class=\"thumb-container\" href=\"https:\/\/www.salzburgerland.com\/de\/magazin\/wp-content\/uploads\/2013\/04\/SLT.DogDays.22-1280x1024.jpg\">\t<picture><source media=\"(min-width: 576px)\" srcset=\"\" \/><source media=\"(min-width: 0)\" srcset=\"https:\/\/www.salzburgerland.com\/de\/magazin\/wp-content\/uploads\/2013\/04\/SLT.DogDays.22.jpg 799w, https:\/\/www.salzburgerland.com\/de\/magazin\/wp-content\/uploads\/2013\/04\/SLT.DogDays.22-200x300.jpg 200w, https:\/\/www.salzburgerland.com\/de\/magazin\/wp-content\/uploads\/2013\/04\/SLT.DogDays.22-366x550.jpg 366w, https:\/\/www.salzburgerland.com\/de\/magazin\/wp-content\/uploads\/2013\/04\/SLT.DogDays.22-266x400.jpg 266w\" \/><img decoding=\"async\" alt=\"Ein schwarzer Schnauzerhund vor einer wei\u00dfen Steinstatue, die eine gewandete Figur mit einem Stab darstellt.\" src=\"https:\/\/www.salzburgerland.com\/de\/magazin\/wp-content\/uploads\/2013\/04\/SLT.DogDays.22.jpg\" \/>\t<\/picture><\/a><\/figure><\/div><div class=\"col-6 col-sm-4\"><figure><a class=\"thumb-container\" href=\"https:\/\/www.salzburgerland.com\/de\/magazin\/wp-content\/uploads\/2013\/04\/SLT.DogDays.21-1280x1024.jpg\">\t<picture><source media=\"(min-width: 576px)\" srcset=\"https:\/\/www.salzburgerland.com\/de\/magazin\/wp-content\/uploads\/2013\/04\/SLT.DogDays.21-325x209.jpg 325w, https:\/\/www.salzburgerland.com\/de\/magazin\/wp-content\/uploads\/2013\/04\/SLT.DogDays.21-249x160.jpg 249w\" \/><source media=\"(min-width: 0)\" srcset=\"https:\/\/www.salzburgerland.com\/de\/magazin\/wp-content\/uploads\/2013\/04\/SLT.DogDays.21-249x160.jpg 249w, https:\/\/www.salzburgerland.com\/de\/magazin\/wp-content\/uploads\/2013\/04\/SLT.DogDays.21-325x209.jpg 325w\" \/><img decoding=\"async\" alt=\"Gro\u00dfer schwarzer Hund an der Leine, der vor einem gro\u00dfen gew\u00f6lbten Geb\u00e4udeeingang steht.\" src=\"https:\/\/www.salzburgerland.com\/de\/magazin\/wp-content\/uploads\/2013\/04\/SLT.DogDays.21.jpg\" \/>\t<\/picture><\/a><\/figure><\/div><\/div><\/div><figcaption><\/figcaption>\n","protected":false},"excerpt":{"rendered":"<p>Nach dem gro\u00dfen Erfolg der &#8222;Weltausstellung f\u00fcr Hunde&#8220; im Messezentrum Salzburg bei der rund 18.600 Hunde, \u00fcber 12.000 Aussteller und ca. 10.000 Besucher gez\u00e4hlt wurden, haben wir diesmal zum etwas kleineren, aber genau so putzigen &#8222;Festival der Hunde&#8220; die F\u00e4hrte aufgenommen und die s\u00fc\u00dfesten, stattlichsten, frechesten und freundlichesten Vierbeiner vor den sch\u00f6nsten Sehensw\u00fcrdigkeiten der Stadt [&hellip;]<\/p>\n","protected":false},"author":206,"featured_media":35232,"comment_status":"open","ping_status":"open","sticky":false,"template":"","format":"standard","meta":{"_acf_changed":false,"wl_entities_gutenberg":"","_wl_entity_redirect_enabled":"","footnotes":""},"categories":[7],"tags":[],"wl_entity_type":[306],"monatsauswahl":[85],"class_list":["post-35208","post","type-post","status-publish","format-standard","has-post-thumbnail","hentry","category-lifestyle","wl_entity_type-article","monatsauswahl-monat_4"],"acf":[],"yoast_head":"<!-- This site is optimized with the Yoast SEO Premium plugin v27.4 (Yoast SEO v27.4) - https:\/\/yoast.com\/product\/yoast-seo-premium-wordpress\/ -->\n<title>Festspiele der Hunde in Salzburg - SalzburgerLand Magazin<\/title>\n<meta name=\"description\" content=\"Nach dem gro\u00dfen Erfolg der &#8222;Weltausstellung f\u00fcr Hunde&#8220; im Messezentrum Salzburg bei der rund 18.600 Hunde, \u00fcber 12.000 Aussteller und ca. 10.000 Besucher gez\u00e4hlt wurden, haben wir diesmal zum etwas kleineren, aber genau so putzigen &#8222;Festival der Hunde&#8220; die F\u00e4hrte aufgenommen und die s\u00fc\u00dfesten, stattlichsten, frechesten und freundlichesten Vierbeiner vor den sch\u00f6nsten Sehensw\u00fcrdigkeiten der Stadt [&hellip;]\" \/>\n<meta name=\"robots\" content=\"index, follow, max-snippet:-1, max-image-preview:large, max-video-preview:-1\" \/>\n<link rel=\"canonical\" href=\"https:\/\/www.salzburgerland.com\/de\/magazin\/dog-days-in-salzburg\/\" \/>\n<meta property=\"og:locale\" content=\"de_DE\" \/>\n<meta property=\"og:type\" content=\"article\" \/>\n<meta property=\"og:title\" content=\"Festspiele der Hunde in Salzburg\" \/>\n<meta property=\"og:description\" content=\"Nach dem gro\u00dfen Erfolg der &#8222;Weltausstellung f\u00fcr Hunde&#8220; im Messezentrum Salzburg bei der rund 18.600 Hunde, \u00fcber 12.000 Aussteller und ca. 10.000 Besucher gez\u00e4hlt wurden, haben wir diesmal zum etwas kleineren, aber genau so putzigen &#8222;Festival der Hunde&#8220; die F\u00e4hrte aufgenommen und die s\u00fc\u00dfesten, stattlichsten, frechesten und freundlichesten Vierbeiner vor den sch\u00f6nsten Sehensw\u00fcrdigkeiten der Stadt [&hellip;]\" \/>\n<meta property=\"og:url\" content=\"https:\/\/www.salzburgerland.com\/de\/magazin\/dog-days-in-salzburg\/\" \/>\n<meta property=\"og:site_name\" content=\"SalzburgerLand Magazin\" \/>\n<meta property=\"article:publisher\" content=\"https:\/\/www.facebook.com\/salzburgerland\/\" \/>\n<meta property=\"article:published_time\" content=\"2013-04-29T05:48:28+00:00\" \/>\n<meta property=\"article:modified_time\" content=\"2019-06-26T18:23:58+00:00\" \/>\n<meta property=\"og:image\" content=\"https:\/\/www.salzburgerland.com\/de\/magazin\/wp-content\/uploads\/2013\/04\/SLT.DogDays.25.jpg\" \/>\n\t<meta property=\"og:image:width\" content=\"1200\" \/>\n\t<meta property=\"og:image:height\" content=\"1200\" \/>\n\t<meta property=\"og:image:type\" content=\"image\/jpeg\" \/>\n<meta name=\"author\" content=\"Bryan Reinhart\" \/>\n<meta name=\"twitter:card\" content=\"summary_large_image\" \/>\n<meta name=\"twitter:creator\" content=\"@Salzburgerland\" \/>\n<meta name=\"twitter:site\" content=\"@Salzburgerland\" \/>\n<meta name=\"twitter:label1\" content=\"Verfasst von\" \/>\n\t<meta name=\"twitter:data1\" content=\"Bryan Reinhart\" \/>\n<script type=\"application\/ld+json\" class=\"yoast-schema-graph\">{\"@context\":\"https:\\\/\\\/schema.org\",\"@graph\":[{\"@type\":\"Article\",\"@id\":\"https:\\\/\\\/www.salzburgerland.com\\\/de\\\/magazin\\\/dog-days-in-salzburg\\\/#article\",\"isPartOf\":{\"@id\":\"https:\\\/\\\/www.salzburgerland.com\\\/de\\\/magazin\\\/dog-days-in-salzburg\\\/\"},\"author\":{\"name\":\"Bryan Reinhart\",\"@id\":\"https:\\\/\\\/www.salzburgerland.com\\\/de\\\/magazin\\\/#\\\/schema\\\/person\\\/296f538f0d218343a345371d532123fd\"},\"headline\":\"Festspiele der Hunde in Salzburg\",\"datePublished\":\"2013-04-29T05:48:28+00:00\",\"dateModified\":\"2019-06-26T18:23:58+00:00\",\"mainEntityOfPage\":{\"@id\":\"https:\\\/\\\/www.salzburgerland.com\\\/de\\\/magazin\\\/dog-days-in-salzburg\\\/\"},\"wordCount\":75,\"commentCount\":0,\"publisher\":{\"@id\":\"https:\\\/\\\/www.salzburgerland.com\\\/de\\\/magazin\\\/#organization\"},\"image\":{\"@id\":\"https:\\\/\\\/www.salzburgerland.com\\\/de\\\/magazin\\\/dog-days-in-salzburg\\\/#primaryimage\"},\"thumbnailUrl\":\"https:\\\/\\\/www.salzburgerland.com\\\/de\\\/magazin\\\/wp-content\\\/uploads\\\/2013\\\/04\\\/SLT.DogDays.25.jpg\",\"articleSection\":[\"Lifestyle\"],\"inLanguage\":\"de\",\"potentialAction\":[{\"@type\":\"CommentAction\",\"name\":\"Comment\",\"target\":[\"https:\\\/\\\/www.salzburgerland.com\\\/de\\\/magazin\\\/dog-days-in-salzburg\\\/#respond\"]}]},{\"@type\":\"WebPage\",\"@id\":\"https:\\\/\\\/www.salzburgerland.com\\\/de\\\/magazin\\\/dog-days-in-salzburg\\\/\",\"url\":\"https:\\\/\\\/www.salzburgerland.com\\\/de\\\/magazin\\\/dog-days-in-salzburg\\\/\",\"name\":\"Festspiele der Hunde in Salzburg - SalzburgerLand Magazin\",\"isPartOf\":{\"@id\":\"https:\\\/\\\/www.salzburgerland.com\\\/de\\\/magazin\\\/#website\"},\"primaryImageOfPage\":{\"@id\":\"https:\\\/\\\/www.salzburgerland.com\\\/de\\\/magazin\\\/dog-days-in-salzburg\\\/#primaryimage\"},\"image\":{\"@id\":\"https:\\\/\\\/www.salzburgerland.com\\\/de\\\/magazin\\\/dog-days-in-salzburg\\\/#primaryimage\"},\"thumbnailUrl\":\"https:\\\/\\\/www.salzburgerland.com\\\/de\\\/magazin\\\/wp-content\\\/uploads\\\/2013\\\/04\\\/SLT.DogDays.25.jpg\",\"datePublished\":\"2013-04-29T05:48:28+00:00\",\"dateModified\":\"2019-06-26T18:23:58+00:00\",\"breadcrumb\":{\"@id\":\"https:\\\/\\\/www.salzburgerland.com\\\/de\\\/magazin\\\/dog-days-in-salzburg\\\/#breadcrumb\"},\"inLanguage\":\"de\",\"potentialAction\":[{\"@type\":\"ReadAction\",\"target\":[\"https:\\\/\\\/www.salzburgerland.com\\\/de\\\/magazin\\\/dog-days-in-salzburg\\\/\"]}]},{\"@type\":\"ImageObject\",\"inLanguage\":\"de\",\"@id\":\"https:\\\/\\\/www.salzburgerland.com\\\/de\\\/magazin\\\/dog-days-in-salzburg\\\/#primaryimage\",\"url\":\"https:\\\/\\\/www.salzburgerland.com\\\/de\\\/magazin\\\/wp-content\\\/uploads\\\/2013\\\/04\\\/SLT.DogDays.25.jpg\",\"contentUrl\":\"https:\\\/\\\/www.salzburgerland.com\\\/de\\\/magazin\\\/wp-content\\\/uploads\\\/2013\\\/04\\\/SLT.DogDays.25.jpg\",\"width\":1200,\"height\":1200,\"caption\":\"Aussichtsplattform \\\"Pferdeschwemme\\\"\"},{\"@type\":\"BreadcrumbList\",\"@id\":\"https:\\\/\\\/www.salzburgerland.com\\\/de\\\/magazin\\\/dog-days-in-salzburg\\\/#breadcrumb\",\"itemListElement\":[{\"@type\":\"ListItem\",\"position\":1,\"name\":\"Startseite\",\"item\":\"https:\\\/\\\/www.salzburgerland.com\\\/de\\\/magazin\\\/\"},{\"@type\":\"ListItem\",\"position\":2,\"name\":\"Lifestyle\",\"item\":\"https:\\\/\\\/www.salzburgerland.com\\\/de\\\/magazin\\\/thema\\\/lifestyle\\\/\"},{\"@type\":\"ListItem\",\"position\":3,\"name\":\"Festspiele der Hunde in Salzburg\"}]},{\"@type\":\"WebSite\",\"@id\":\"https:\\\/\\\/www.salzburgerland.com\\\/de\\\/magazin\\\/#website\",\"url\":\"https:\\\/\\\/www.salzburgerland.com\\\/de\\\/magazin\\\/\",\"name\":\"SalzburgerLand Magazin\",\"description\":\"Geschichten und Interessantes aus dem SalzburgerLand\",\"publisher\":{\"@id\":\"https:\\\/\\\/www.salzburgerland.com\\\/de\\\/magazin\\\/#organization\"},\"potentialAction\":[{\"@type\":\"SearchAction\",\"target\":{\"@type\":\"EntryPoint\",\"urlTemplate\":\"https:\\\/\\\/www.salzburgerland.com\\\/de\\\/magazin\\\/?s={search_term_string}\"},\"query-input\":{\"@type\":\"PropertyValueSpecification\",\"valueRequired\":true,\"valueName\":\"search_term_string\"}}],\"inLanguage\":\"de\"},{\"@type\":\"Organization\",\"@id\":\"https:\\\/\\\/www.salzburgerland.com\\\/de\\\/magazin\\\/#organization\",\"name\":\"SalzburgerLand Tourismus\",\"url\":\"https:\\\/\\\/www.salzburgerland.com\\\/de\\\/magazin\\\/\",\"logo\":{\"@type\":\"ImageObject\",\"inLanguage\":\"de\",\"@id\":\"https:\\\/\\\/www.salzburgerland.com\\\/de\\\/magazin\\\/#\\\/schema\\\/logo\\\/image\\\/\",\"url\":\"https:\\\/\\\/www.salzburgerland.com\\\/de\\\/magazin\\\/wp-content\\\/uploads\\\/2019\\\/06\\\/salzburgerland-logo1.jpg\",\"contentUrl\":\"https:\\\/\\\/www.salzburgerland.com\\\/de\\\/magazin\\\/wp-content\\\/uploads\\\/2019\\\/06\\\/salzburgerland-logo1.jpg\",\"width\":2011,\"height\":866,\"caption\":\"SalzburgerLand Tourismus\"},\"image\":{\"@id\":\"https:\\\/\\\/www.salzburgerland.com\\\/de\\\/magazin\\\/#\\\/schema\\\/logo\\\/image\\\/\"},\"sameAs\":[\"https:\\\/\\\/www.facebook.com\\\/salzburgerland\\\/\",\"https:\\\/\\\/x.com\\\/Salzburgerland\",\"https:\\\/\\\/www.instagram.com\\\/salzburgerland\\\/\",\"https:\\\/\\\/at.linkedin.com\\\/company\\\/salzburgerland-tourismus-gmbh\",\"https:\\\/\\\/www.pinterest.at\\\/salzburgerland\\\/\",\"https:\\\/\\\/www.youtube.com\\\/user\\\/salzburgerland\",\"https:\\\/\\\/de.wikipedia.org\\\/wiki\\\/SalzburgerLand_Tourismus_GmbH\"]},{\"@type\":\"Person\",\"@id\":\"https:\\\/\\\/www.salzburgerland.com\\\/de\\\/magazin\\\/#\\\/schema\\\/person\\\/296f538f0d218343a345371d532123fd\",\"name\":\"Bryan Reinhart\",\"description\":\"Der geb\u00fcrtige Kanadier lebt seit \u00fcber 20 Jahren in Salzburg. Mit 21 ging er mit seinem Fahrrad auf Weltreise, wo er die Fotografie f\u00fcr sich entdeckte. In seiner umfangreichen Karriere hat sich Bryan Reinhart auf Tourismus, Lifestyle, Reise und Sportfotografie spezialisiert. Er versteht es, Altes in einer neuen Art und mit Leidenschaft auf Fotos zu bannen. Aktuell arbeitet der Gr\u00fcnder der \\\"Creative Photo Days\\\" (Foto Workshops) an seinem Projekt Fineart iPhoneography: Kunstbilder mit dem iPhone zu erstellen. Fr\u00fchling, Sommer, Herbst oder Winter? Ich wei\u00df alle vier Jahreszeiten zu sch\u00e4tzen: F\u00fcr ihr besonderes Licht, ihre Farben und daf\u00fcr, dass Sie die Landschaft jedes Jahr wieder ver\u00e4ndern. Es macht mir die Sch\u00f6nheit ihrer Bilder immer wieder bewusst. Dosige(r) oder Zuagroast? Ich bin lange Zeit umher gereist und habe an vielen Orten gewohnt. Hier in Salzburg habe ich nun mein Zuhause gefunden. Golfplatz oder Klettergarten? Obwohl ich wirklich gerne klettern w\u00fcrde, habe ich meine F\u00fc\u00dfe doch lieber auf dem Boden. Ich habe schon als 8-J\u00e4hriger mit dem Golfen angefangen. Diese faszinierende Sportart hat mir beigebracht, wie wichtig Pr\u00e4zision und Konzenration sind. Ausstellung oder Bergpanorama? Da habe ich keine Pr\u00e4ferenzen, denn beide erweitern den geistigen Horrizont. Wellness oder Mountainbike? Meine Mountainbiker-Zeit ist Geschichte. Wellnessen ist eine tolle Art, mir wieder ins Ged\u00e4chtnis zu rufen, dass ich mich auch um meinen K\u00f6rper k\u00fcmmern muss.\",\"sameAs\":[\"http:\\\/\\\/www.bryanreinhart.info\"],\"url\":\"https:\\\/\\\/www.salzburgerland.com\\\/de\\\/magazin\\\/author\\\/breinhart\\\/\"}]}<\/script>\n<!-- \/ Yoast SEO Premium plugin. -->","yoast_head_json":{"title":"Festspiele der Hunde in Salzburg - SalzburgerLand Magazin","description":"Nach dem gro\u00dfen Erfolg der &#8222;Weltausstellung f\u00fcr Hunde&#8220; im Messezentrum Salzburg bei der rund 18.600 Hunde, \u00fcber 12.000 Aussteller und ca. 10.000 Besucher gez\u00e4hlt wurden, haben wir diesmal zum etwas kleineren, aber genau so putzigen &#8222;Festival der Hunde&#8220; die F\u00e4hrte aufgenommen und die s\u00fc\u00dfesten, stattlichsten, frechesten und freundlichesten Vierbeiner vor den sch\u00f6nsten Sehensw\u00fcrdigkeiten der Stadt [&hellip;]","robots":{"index":"index","follow":"follow","max-snippet":"max-snippet:-1","max-image-preview":"max-image-preview:large","max-video-preview":"max-video-preview:-1"},"canonical":"https:\/\/www.salzburgerland.com\/de\/magazin\/dog-days-in-salzburg\/","og_locale":"de_DE","og_type":"article","og_title":"Festspiele der Hunde in Salzburg","og_description":"Nach dem gro\u00dfen Erfolg der &#8222;Weltausstellung f\u00fcr Hunde&#8220; im Messezentrum Salzburg bei der rund 18.600 Hunde, \u00fcber 12.000 Aussteller und ca. 10.000 Besucher gez\u00e4hlt wurden, haben wir diesmal zum etwas kleineren, aber genau so putzigen &#8222;Festival der Hunde&#8220; die F\u00e4hrte aufgenommen und die s\u00fc\u00dfesten, stattlichsten, frechesten und freundlichesten Vierbeiner vor den sch\u00f6nsten Sehensw\u00fcrdigkeiten der Stadt [&hellip;]","og_url":"https:\/\/www.salzburgerland.com\/de\/magazin\/dog-days-in-salzburg\/","og_site_name":"SalzburgerLand Magazin","article_publisher":"https:\/\/www.facebook.com\/salzburgerland\/","article_published_time":"2013-04-29T05:48:28+00:00","article_modified_time":"2019-06-26T18:23:58+00:00","og_image":[{"width":1200,"height":1200,"url":"https:\/\/www.salzburgerland.com\/de\/magazin\/wp-content\/uploads\/2013\/04\/SLT.DogDays.25.jpg","type":"image\/jpeg"}],"author":"Bryan Reinhart","twitter_card":"summary_large_image","twitter_creator":"@Salzburgerland","twitter_site":"@Salzburgerland","twitter_misc":{"Verfasst von":"Bryan Reinhart"},"schema":{"@context":"https:\/\/schema.org","@graph":[{"@type":"Article","@id":"https:\/\/www.salzburgerland.com\/de\/magazin\/dog-days-in-salzburg\/#article","isPartOf":{"@id":"https:\/\/www.salzburgerland.com\/de\/magazin\/dog-days-in-salzburg\/"},"author":{"name":"Bryan Reinhart","@id":"https:\/\/www.salzburgerland.com\/de\/magazin\/#\/schema\/person\/296f538f0d218343a345371d532123fd"},"headline":"Festspiele der Hunde in Salzburg","datePublished":"2013-04-29T05:48:28+00:00","dateModified":"2019-06-26T18:23:58+00:00","mainEntityOfPage":{"@id":"https:\/\/www.salzburgerland.com\/de\/magazin\/dog-days-in-salzburg\/"},"wordCount":75,"commentCount":0,"publisher":{"@id":"https:\/\/www.salzburgerland.com\/de\/magazin\/#organization"},"image":{"@id":"https:\/\/www.salzburgerland.com\/de\/magazin\/dog-days-in-salzburg\/#primaryimage"},"thumbnailUrl":"https:\/\/www.salzburgerland.com\/de\/magazin\/wp-content\/uploads\/2013\/04\/SLT.DogDays.25.jpg","articleSection":["Lifestyle"],"inLanguage":"de","potentialAction":[{"@type":"CommentAction","name":"Comment","target":["https:\/\/www.salzburgerland.com\/de\/magazin\/dog-days-in-salzburg\/#respond"]}]},{"@type":"WebPage","@id":"https:\/\/www.salzburgerland.com\/de\/magazin\/dog-days-in-salzburg\/","url":"https:\/\/www.salzburgerland.com\/de\/magazin\/dog-days-in-salzburg\/","name":"Festspiele der Hunde in Salzburg - SalzburgerLand Magazin","isPartOf":{"@id":"https:\/\/www.salzburgerland.com\/de\/magazin\/#website"},"primaryImageOfPage":{"@id":"https:\/\/www.salzburgerland.com\/de\/magazin\/dog-days-in-salzburg\/#primaryimage"},"image":{"@id":"https:\/\/www.salzburgerland.com\/de\/magazin\/dog-days-in-salzburg\/#primaryimage"},"thumbnailUrl":"https:\/\/www.salzburgerland.com\/de\/magazin\/wp-content\/uploads\/2013\/04\/SLT.DogDays.25.jpg","datePublished":"2013-04-29T05:48:28+00:00","dateModified":"2019-06-26T18:23:58+00:00","breadcrumb":{"@id":"https:\/\/www.salzburgerland.com\/de\/magazin\/dog-days-in-salzburg\/#breadcrumb"},"inLanguage":"de","potentialAction":[{"@type":"ReadAction","target":["https:\/\/www.salzburgerland.com\/de\/magazin\/dog-days-in-salzburg\/"]}]},{"@type":"ImageObject","inLanguage":"de","@id":"https:\/\/www.salzburgerland.com\/de\/magazin\/dog-days-in-salzburg\/#primaryimage","url":"https:\/\/www.salzburgerland.com\/de\/magazin\/wp-content\/uploads\/2013\/04\/SLT.DogDays.25.jpg","contentUrl":"https:\/\/www.salzburgerland.com\/de\/magazin\/wp-content\/uploads\/2013\/04\/SLT.DogDays.25.jpg","width":1200,"height":1200,"caption":"Aussichtsplattform \"Pferdeschwemme\""},{"@type":"BreadcrumbList","@id":"https:\/\/www.salzburgerland.com\/de\/magazin\/dog-days-in-salzburg\/#breadcrumb","itemListElement":[{"@type":"ListItem","position":1,"name":"Startseite","item":"https:\/\/www.salzburgerland.com\/de\/magazin\/"},{"@type":"ListItem","position":2,"name":"Lifestyle","item":"https:\/\/www.salzburgerland.com\/de\/magazin\/thema\/lifestyle\/"},{"@type":"ListItem","position":3,"name":"Festspiele der Hunde in Salzburg"}]},{"@type":"WebSite","@id":"https:\/\/www.salzburgerland.com\/de\/magazin\/#website","url":"https:\/\/www.salzburgerland.com\/de\/magazin\/","name":"SalzburgerLand Magazin","description":"Geschichten und Interessantes aus dem SalzburgerLand","publisher":{"@id":"https:\/\/www.salzburgerland.com\/de\/magazin\/#organization"},"potentialAction":[{"@type":"SearchAction","target":{"@type":"EntryPoint","urlTemplate":"https:\/\/www.salzburgerland.com\/de\/magazin\/?s={search_term_string}"},"query-input":{"@type":"PropertyValueSpecification","valueRequired":true,"valueName":"search_term_string"}}],"inLanguage":"de"},{"@type":"Organization","@id":"https:\/\/www.salzburgerland.com\/de\/magazin\/#organization","name":"SalzburgerLand Tourismus","url":"https:\/\/www.salzburgerland.com\/de\/magazin\/","logo":{"@type":"ImageObject","inLanguage":"de","@id":"https:\/\/www.salzburgerland.com\/de\/magazin\/#\/schema\/logo\/image\/","url":"https:\/\/www.salzburgerland.com\/de\/magazin\/wp-content\/uploads\/2019\/06\/salzburgerland-logo1.jpg","contentUrl":"https:\/\/www.salzburgerland.com\/de\/magazin\/wp-content\/uploads\/2019\/06\/salzburgerland-logo1.jpg","width":2011,"height":866,"caption":"SalzburgerLand Tourismus"},"image":{"@id":"https:\/\/www.salzburgerland.com\/de\/magazin\/#\/schema\/logo\/image\/"},"sameAs":["https:\/\/www.facebook.com\/salzburgerland\/","https:\/\/x.com\/Salzburgerland","https:\/\/www.instagram.com\/salzburgerland\/","https:\/\/at.linkedin.com\/company\/salzburgerland-tourismus-gmbh","https:\/\/www.pinterest.at\/salzburgerland\/","https:\/\/www.youtube.com\/user\/salzburgerland","https:\/\/de.wikipedia.org\/wiki\/SalzburgerLand_Tourismus_GmbH"]},{"@type":"Person","@id":"https:\/\/www.salzburgerland.com\/de\/magazin\/#\/schema\/person\/296f538f0d218343a345371d532123fd","name":"Bryan Reinhart","description":"Der geb\u00fcrtige Kanadier lebt seit \u00fcber 20 Jahren in Salzburg. Mit 21 ging er mit seinem Fahrrad auf Weltreise, wo er die Fotografie f\u00fcr sich entdeckte. In seiner umfangreichen Karriere hat sich Bryan Reinhart auf Tourismus, Lifestyle, Reise und Sportfotografie spezialisiert. Er versteht es, Altes in einer neuen Art und mit Leidenschaft auf Fotos zu bannen. Aktuell arbeitet der Gr\u00fcnder der \"Creative Photo Days\" (Foto Workshops) an seinem Projekt Fineart iPhoneography: Kunstbilder mit dem iPhone zu erstellen. Fr\u00fchling, Sommer, Herbst oder Winter? Ich wei\u00df alle vier Jahreszeiten zu sch\u00e4tzen: F\u00fcr ihr besonderes Licht, ihre Farben und daf\u00fcr, dass Sie die Landschaft jedes Jahr wieder ver\u00e4ndern. Es macht mir die Sch\u00f6nheit ihrer Bilder immer wieder bewusst. Dosige(r) oder Zuagroast? Ich bin lange Zeit umher gereist und habe an vielen Orten gewohnt. Hier in Salzburg habe ich nun mein Zuhause gefunden. Golfplatz oder Klettergarten? Obwohl ich wirklich gerne klettern w\u00fcrde, habe ich meine F\u00fc\u00dfe doch lieber auf dem Boden. Ich habe schon als 8-J\u00e4hriger mit dem Golfen angefangen. Diese faszinierende Sportart hat mir beigebracht, wie wichtig Pr\u00e4zision und Konzenration sind. Ausstellung oder Bergpanorama? Da habe ich keine Pr\u00e4ferenzen, denn beide erweitern den geistigen Horrizont. Wellness oder Mountainbike? Meine Mountainbiker-Zeit ist Geschichte. Wellnessen ist eine tolle Art, mir wieder ins Ged\u00e4chtnis zu rufen, dass ich mich auch um meinen K\u00f6rper k\u00fcmmern muss.","sameAs":["http:\/\/www.bryanreinhart.info"],"url":"https:\/\/www.salzburgerland.com\/de\/magazin\/author\/breinhart\/"}]}},"_wl_alt_label":[],"wl:entity_url":"http:\/\/open.salzburgerland.com\/magazin\/post\/festspiele_der_hunde_in_salzburg","_links":{"self":[{"href":"https:\/\/www.salzburgerland.com\/de\/magazin\/wp-json\/wp\/v2\/posts\/35208","targetHints":{"allow":["GET"]}}],"collection":[{"href":"https:\/\/www.salzburgerland.com\/de\/magazin\/wp-json\/wp\/v2\/posts"}],"about":[{"href":"https:\/\/www.salzburgerland.com\/de\/magazin\/wp-json\/wp\/v2\/types\/post"}],"author":[{"embeddable":true,"href":"https:\/\/www.salzburgerland.com\/de\/magazin\/wp-json\/wp\/v2\/users\/206"}],"replies":[{"embeddable":true,"href":"https:\/\/www.salzburgerland.com\/de\/magazin\/wp-json\/wp\/v2\/comments?post=35208"}],"version-history":[{"count":0,"href":"https:\/\/www.salzburgerland.com\/de\/magazin\/wp-json\/wp\/v2\/posts\/35208\/revisions"}],"wp:featuredmedia":[{"embeddable":true,"href":"https:\/\/www.salzburgerland.com\/de\/magazin\/wp-json\/wp\/v2\/media\/35232"}],"wp:attachment":[{"href":"https:\/\/www.salzburgerland.com\/de\/magazin\/wp-json\/wp\/v2\/media?parent=35208"}],"wp:term":[{"taxonomy":"category","embeddable":true,"href":"https:\/\/www.salzburgerland.com\/de\/magazin\/wp-json\/wp\/v2\/categories?post=35208"},{"taxonomy":"post_tag","embeddable":true,"href":"https:\/\/www.salzburgerland.com\/de\/magazin\/wp-json\/wp\/v2\/tags?post=35208"},{"taxonomy":"wl_entity_type","embeddable":true,"href":"https:\/\/www.salzburgerland.com\/de\/magazin\/wp-json\/wp\/v2\/wl_entity_type?post=35208"},{"taxonomy":"monatsauswahl","embeddable":true,"href":"https:\/\/www.salzburgerland.com\/de\/magazin\/wp-json\/wp\/v2\/monatsauswahl?post=35208"}],"curies":[{"name":"wp","href":"https:\/\/api.w.org\/{rel}","templated":true}]}}