{"id":35204,"date":"2013-05-09T09:38:49","date_gmt":"2013-05-09T07:38:49","guid":{"rendered":"http:\/\/magazin.salzburgerland.com\/?p=35204"},"modified":"2019-06-26T20:23:58","modified_gmt":"2019-06-26T18:23:58","slug":"die-salzburger-dult-ist-westosterreichs-grostes-volksfest","status":"publish","type":"post","link":"https:\/\/www.salzburgerland.com\/de\/magazin\/die-salzburger-dult-ist-westosterreichs-grostes-volksfest\/","title":{"rendered":"Die Salzburger Dult ist West\u00f6sterreichs gr\u00f6\u00dftes Volksfest"},"content":{"rendered":"<p><strong>Ab in die Lederhosen, holt das Dirndl aus dem Schrank! Es ist wieder soweit. Die Salzburger Dult, das ultimative Salzburger Volksfest, \u00f6ffnet \u00fcber die Pfingstfeiertage wieder seine Tore. Auf dem Programm stehen Gaudi im Bierzelt, wilde Fahrten im Vergn\u00fcgungspark und Gustieren, Feilschen \u00a0und St\u00f6bern in der Markthalle.\u00a0<\/strong><\/p>\n<p><strong>Die Salzburger <a title=\"Dult\" href=\"http:\/\/www.dult.at\" target=\"_blank\" rel=\"noopener noreferrer\">Dult<\/a> ist ein Volksfest w\u00e4hrend der Pfingsfeiertage. Der Begriff Dult kommt von \u201edulden\u201c. Die Marktfahrer wurden urspr\u00fcnglich geduldet.<\/strong> Damals war die Dult\u00a0 noch in der Innenstadt. Daraus wurde sp\u00e4ter der Rupertikirtag und die Dult wanderte ins Messezentrum.<\/p>\n<p><strong>2013 feierte die Dult das 40j\u00e4hrige Jubil\u00e4um<\/strong> als Volksfest im Messezentrum und gilt gleichzeitig als das gr\u00f6\u00dfte in West\u00f6sterreich.<\/p>\n<p>Die Dult beginnt traditionell samstags mit dem gro\u00dfen <a title=\"Festumzug Dult\" href=\"http:\/\/www.youtube.com\/watch?v=wJfACrfAn-c\" target=\"_blank\" rel=\"noopener noreferrer\">Festumzug<\/a>. Dabei sind Salzburger Brauchtumsvereine von den Sch\u00fctzen \u00fcber Goldhaubengruppen bis zu Trachtenmusikkapellen von der Innenstadt Salzburgs (Residenzplatz, Domb\u00f6gen, Hofstallgasse, Sigmund Haffnergasse, \u00a0Kranzlmarkt, Staatsbr\u00fccke, Theatergasse, Mirabellplatz) bis zum Dultgel\u00e4nde unterwegs, auf dem sie gegen Mittag eintreffen. Mit einem Bieranstich wird das Volksfest er\u00f6ffnet. In der Stieglhalle werden erste Brathenderl von der Salzburger Wirtschaftsprominenz verkostet. Dresscode bei der Dult ist \u00fcbrigens bevorzugt Dirndl und Lederhosen. Am Tag der Tracht (Mittwoch) wird das auch in eigenen Events zelebriert.<\/p>\n<p>Schneller, h\u00f6her, st\u00e4rker hei\u00dft es dann im <a title=\"Vergn\u00fcgungspark Dult\" href=\"http:\/\/www.youtube.com\/watch?v=0RVPLfgfWqg\" target=\"_blank\" rel=\"noopener noreferrer\">Vergn\u00fcgungspark<\/a>. No Limit XXL testet den Mut der Besucher und l\u00e4sst Fliehkr\u00e4fte einwirken, die ans Limit gehen. Der Eurocoaster fordert mit h\u00e4ngenden Gondeln und bei Konga schaukelt man mit 125 Stundenkilometer. Der Encounter beginnt mit einem Experiment und auch familienfreundliche Fahrgesch\u00e4fte vom Drachenpalast bis zum Wellenreiter, dem Kettenkarussell findet sich f\u00fcr jede Zielgruppe das richige zum Austoben.\u00a0<\/p>\n<p><strong>Stimmungskanonen<br \/>\n <\/strong><br \/>\n In der Stieglhalle \u00a0wechseln sich bekannte Schlager- und Volksmusikstars auf der B\u00fchne ab. Stimmung ist jeden Nachmittag und Abend garantiert. Am zweiten Dultwochenende kommen heuer Youtube und Bloggerstars und stehen f\u00fcr Autogramme und Selfies bereit. Das <a title=\"Dultfeuerwerk\" href=\"http:\/\/www.dult.at\/dult-dultfeuerwerk.html\" target=\"_blank\" rel=\"noopener noreferrer\">Dultfeuerwerk<\/a> ist f\u00fcr Freitag angesetzt \u2013 bei Schlechtwetter am Samstag.<\/p>\n<p>In der Markthalle lebt der urspr\u00fcngliche Dultgedanke weiter: Gustieren, Feilschen und St\u00f6bern zwischen Gew\u00fcrzen, Tee, Spielzeug und Haushaltsartikel ist angesagt.<\/p>\n<p>Dass typische <a title=\"Dult Kulinarium\" href=\"http:\/\/www.youtube.com\/watch?v=XKwozAQhMrE\" target=\"_blank\" rel=\"noopener noreferrer\">Dult-Kulinarium<\/a> kommt nat\u00fcrlich auch nicht zu kurz. Dulthenderl stehen an erster Stelle, aber auch Langos, Siralkartoffel\u00a0oder Zuckerwatte findet man.\u00a0<\/p>\n<div class=\"mag-gallery\"><div class=\"row\"><div class=\"col-6 col-sm-4\"><figure><a class=\"thumb-container\" href=\"https:\/\/www.salzburgerland.com\/de\/magazin\/wp-content\/uploads\/2013\/05\/d03fXVII014-1280x1024.jpg\">\t<picture><source media=\"(min-width: 576px)\" srcset=\"https:\/\/www.salzburgerland.com\/de\/magazin\/wp-content\/uploads\/2013\/05\/d03fXVII014-325x209.jpg 325w, https:\/\/www.salzburgerland.com\/de\/magazin\/wp-content\/uploads\/2013\/05\/d03fXVII014-249x160.jpg 249w\" \/><source media=\"(min-width: 0)\" srcset=\"https:\/\/www.salzburgerland.com\/de\/magazin\/wp-content\/uploads\/2013\/05\/d03fXVII014-249x160.jpg 249w, https:\/\/www.salzburgerland.com\/de\/magazin\/wp-content\/uploads\/2013\/05\/d03fXVII014-325x209.jpg 325w\" \/><img decoding=\"async\" alt=\"Eine Gruppe l\u00e4chelnder junger Menschen mit erhobenen Armen auf einem farbenfrohen Jahrmarkt im Freien an einem sonnigen Tag.\" src=\"https:\/\/www.salzburgerland.com\/de\/magazin\/wp-content\/uploads\/2013\/05\/d03fXVII014.jpg\" \/>\t<\/picture><\/a><\/figure><\/div><div class=\"col-6 col-sm-4\"><figure><a class=\"thumb-container\" href=\"https:\/\/www.salzburgerland.com\/de\/magazin\/wp-content\/uploads\/2013\/05\/d03fXVII017-1280x1024.jpg\">\t<picture><source media=\"(min-width: 576px)\" srcset=\"https:\/\/www.salzburgerland.com\/de\/magazin\/wp-content\/uploads\/2013\/05\/d03fXVII017-325x209.jpg 325w, https:\/\/www.salzburgerland.com\/de\/magazin\/wp-content\/uploads\/2013\/05\/d03fXVII017-249x160.jpg 249w\" \/><source media=\"(min-width: 0)\" srcset=\"https:\/\/www.salzburgerland.com\/de\/magazin\/wp-content\/uploads\/2013\/05\/d03fXVII017-249x160.jpg 249w, https:\/\/www.salzburgerland.com\/de\/magazin\/wp-content\/uploads\/2013\/05\/d03fXVII017-325x209.jpg 325w\" \/><img decoding=\"async\" alt=\"M\u00e4nner in traditioneller Kleidung mit Orden und H\u00fcten tragen Gewehre bei einem Fest im Freien mit St\u00e4nden und Fahnen.\" src=\"https:\/\/www.salzburgerland.com\/de\/magazin\/wp-content\/uploads\/2013\/05\/d03fXVII017.jpg\" \/>\t<\/picture><\/a><\/figure><\/div><div class=\"col-6 col-sm-4\"><figure><a class=\"thumb-container\" href=\"https:\/\/www.salzburgerland.com\/de\/magazin\/wp-content\/uploads\/2013\/05\/d03fXVII020-1280x1024.jpg\">\t<picture><source media=\"(min-width: 576px)\" srcset=\"https:\/\/www.salzburgerland.com\/de\/magazin\/wp-content\/uploads\/2013\/05\/d03fXVII020-325x209.jpg 325w, https:\/\/www.salzburgerland.com\/de\/magazin\/wp-content\/uploads\/2013\/05\/d03fXVII020-249x160.jpg 249w\" \/><source media=\"(min-width: 0)\" srcset=\"https:\/\/www.salzburgerland.com\/de\/magazin\/wp-content\/uploads\/2013\/05\/d03fXVII020-249x160.jpg 249w, https:\/\/www.salzburgerland.com\/de\/magazin\/wp-content\/uploads\/2013\/05\/d03fXVII020-325x209.jpg 325w\" \/><img decoding=\"async\" alt=\"Parade mit Pferden, die einen geschm\u00fcckten Bierwagen ziehen, bei einem farbenfrohen Fest im Freien mit Menschen in \u00f6sterreichischer Tracht.\" src=\"https:\/\/www.salzburgerland.com\/de\/magazin\/wp-content\/uploads\/2013\/05\/d03fXVII020.jpg\" \/>\t<\/picture><\/a><\/figure><\/div><div class=\"col-6 col-sm-4\"><figure><a class=\"thumb-container\" href=\"https:\/\/www.salzburgerland.com\/de\/magazin\/wp-content\/uploads\/2013\/05\/d03fXVII030-1280x1024.jpg\">\t<picture><source media=\"(min-width: 576px)\" srcset=\"https:\/\/www.salzburgerland.com\/de\/magazin\/wp-content\/uploads\/2013\/05\/d03fXVII030-325x209.jpg 325w, https:\/\/www.salzburgerland.com\/de\/magazin\/wp-content\/uploads\/2013\/05\/d03fXVII030-249x160.jpg 249w\" \/><source media=\"(min-width: 0)\" srcset=\"https:\/\/www.salzburgerland.com\/de\/magazin\/wp-content\/uploads\/2013\/05\/d03fXVII030-249x160.jpg 249w, https:\/\/www.salzburgerland.com\/de\/magazin\/wp-content\/uploads\/2013\/05\/d03fXVII030-325x209.jpg 325w\" \/><img decoding=\"async\" alt=\"Menschen in traditioneller \u00f6sterreichischer Kleidung ziehen unter freiem Himmel umher, Frauen in Dirndln und M\u00e4nner in roten Westen und H\u00fcten.\" src=\"https:\/\/www.salzburgerland.com\/de\/magazin\/wp-content\/uploads\/2013\/05\/d03fXVII030.jpg\" \/>\t<\/picture><\/a><\/figure><\/div><div class=\"col-6 col-sm-4\"><figure><a class=\"thumb-container\" href=\"https:\/\/www.salzburgerland.com\/de\/magazin\/wp-content\/uploads\/2013\/05\/d03fXVII053-1280x1024.jpg\">\t<picture><source media=\"(min-width: 576px)\" srcset=\"https:\/\/www.salzburgerland.com\/de\/magazin\/wp-content\/uploads\/2013\/05\/d03fXVII053-325x209.jpg 325w, https:\/\/www.salzburgerland.com\/de\/magazin\/wp-content\/uploads\/2013\/05\/d03fXVII053-249x160.jpg 249w\" \/><source media=\"(min-width: 0)\" srcset=\"https:\/\/www.salzburgerland.com\/de\/magazin\/wp-content\/uploads\/2013\/05\/d03fXVII053-249x160.jpg 249w, https:\/\/www.salzburgerland.com\/de\/magazin\/wp-content\/uploads\/2013\/05\/d03fXVII053-325x209.jpg 325w\" \/><img decoding=\"async\" alt=\"L\u00e4chelnder Kellner in einem rot karierten Hemd, der in einem Restaurant mit einer Bergwand im Hintergrund Teller mit Essen h\u00e4lt.\" src=\"https:\/\/www.salzburgerland.com\/de\/magazin\/wp-content\/uploads\/2013\/05\/d03fXVII053.jpg\" \/>\t<\/picture><\/a><\/figure><\/div><div class=\"col-6 col-sm-4\"><figure><a class=\"thumb-container\" href=\"https:\/\/www.salzburgerland.com\/de\/magazin\/wp-content\/uploads\/2013\/05\/d03fXVII064-1280x1024.jpg\">\t<picture><source media=\"(min-width: 576px)\" srcset=\"https:\/\/www.salzburgerland.com\/de\/magazin\/wp-content\/uploads\/2013\/05\/d03fXVII064-325x209.jpg 325w, https:\/\/www.salzburgerland.com\/de\/magazin\/wp-content\/uploads\/2013\/05\/d03fXVII064-249x160.jpg 249w\" \/><source media=\"(min-width: 0)\" srcset=\"https:\/\/www.salzburgerland.com\/de\/magazin\/wp-content\/uploads\/2013\/05\/d03fXVII064-249x160.jpg 249w, https:\/\/www.salzburgerland.com\/de\/magazin\/wp-content\/uploads\/2013\/05\/d03fXVII064-325x209.jpg 325w\" \/><img decoding=\"async\" alt=\"Zwei junge Leute l\u00e4cheln und fahren zusammen in einem blau-orangenen Autoscooter in einem Vergn\u00fcgungspark.\" src=\"https:\/\/www.salzburgerland.com\/de\/magazin\/wp-content\/uploads\/2013\/05\/d03fXVII064.jpg\" \/>\t<\/picture><\/a><\/figure><\/div><div class=\"col-6 col-sm-4\"><figure><a class=\"thumb-container\" href=\"https:\/\/www.salzburgerland.com\/de\/magazin\/wp-content\/uploads\/2013\/05\/d03fXVII086-1280x1024.jpg\">\t<picture><source media=\"(min-width: 576px)\" srcset=\"https:\/\/www.salzburgerland.com\/de\/magazin\/wp-content\/uploads\/2013\/05\/d03fXVII086-325x209.jpg 325w, https:\/\/www.salzburgerland.com\/de\/magazin\/wp-content\/uploads\/2013\/05\/d03fXVII086-249x160.jpg 249w\" \/><source media=\"(min-width: 0)\" srcset=\"https:\/\/www.salzburgerland.com\/de\/magazin\/wp-content\/uploads\/2013\/05\/d03fXVII086-249x160.jpg 249w, https:\/\/www.salzburgerland.com\/de\/magazin\/wp-content\/uploads\/2013\/05\/d03fXVII086-325x209.jpg 325w\" \/><img decoding=\"async\" alt=\"Zwei Frauen mit langen blonden Haaren genie\u00dfen schokoladen\u00fcberzogene Leckereien auf einem farbenfrohen Karneval oder Jahrmarkt.\" src=\"https:\/\/www.salzburgerland.com\/de\/magazin\/wp-content\/uploads\/2013\/05\/d03fXVII086.jpg\" \/>\t<\/picture><\/a><\/figure><\/div><div class=\"col-6 col-sm-4\"><figure><a class=\"thumb-container\" href=\"https:\/\/www.salzburgerland.com\/de\/magazin\/wp-content\/uploads\/2013\/05\/d03fXVII111-1280x1024.jpg\">\t<picture><source media=\"(min-width: 576px)\" srcset=\"https:\/\/www.salzburgerland.com\/de\/magazin\/wp-content\/uploads\/2013\/05\/d03fXVII111-325x209.jpg 325w, https:\/\/www.salzburgerland.com\/de\/magazin\/wp-content\/uploads\/2013\/05\/d03fXVII111-249x160.jpg 249w\" \/><source media=\"(min-width: 0)\" srcset=\"https:\/\/www.salzburgerland.com\/de\/magazin\/wp-content\/uploads\/2013\/05\/d03fXVII111-249x160.jpg 249w, https:\/\/www.salzburgerland.com\/de\/magazin\/wp-content\/uploads\/2013\/05\/d03fXVII111-325x209.jpg 325w\" \/><img decoding=\"async\" alt=\"Bunte Schaukel und gr\u00fcner Vergn\u00fcgungspark mit Menschen, die einen sonnigen Tag auf einem Rummelplatz genie\u00dfen.\" src=\"https:\/\/www.salzburgerland.com\/de\/magazin\/wp-content\/uploads\/2013\/05\/d03fXVII111.jpg\" \/>\t<\/picture><\/a><\/figure><\/div><div class=\"col-6 col-sm-4\"><figure><a class=\"thumb-container\" href=\"https:\/\/www.salzburgerland.com\/de\/magazin\/wp-content\/uploads\/2013\/05\/d03fXVII125-1280x1024.jpg\">\t<picture><source media=\"(min-width: 576px)\" srcset=\"https:\/\/www.salzburgerland.com\/de\/magazin\/wp-content\/uploads\/2013\/05\/d03fXVII125-325x209.jpg 325w, https:\/\/www.salzburgerland.com\/de\/magazin\/wp-content\/uploads\/2013\/05\/d03fXVII125-249x160.jpg 249w\" \/><source media=\"(min-width: 0)\" srcset=\"https:\/\/www.salzburgerland.com\/de\/magazin\/wp-content\/uploads\/2013\/05\/d03fXVII125-249x160.jpg 249w, https:\/\/www.salzburgerland.com\/de\/magazin\/wp-content\/uploads\/2013\/05\/d03fXVII125-325x209.jpg 325w\" \/><img decoding=\"async\" alt=\"Eine Frau mit einer blauen M\u00fctze bietet an einer Wursttheke mit Wurstwaren und Weinflaschen Wurstproben an.\" src=\"https:\/\/www.salzburgerland.com\/de\/magazin\/wp-content\/uploads\/2013\/05\/d03fXVII125.jpg\" \/>\t<\/picture><\/a><\/figure><\/div><div class=\"col-6 col-sm-4\"><figure><a class=\"thumb-container\" href=\"https:\/\/www.salzburgerland.com\/de\/magazin\/wp-content\/uploads\/2013\/05\/d03fXVII150-1280x1024.jpg\">\t<picture><source media=\"(min-width: 576px)\" srcset=\"https:\/\/www.salzburgerland.com\/de\/magazin\/wp-content\/uploads\/2013\/05\/d03fXVII150-325x209.jpg 325w, https:\/\/www.salzburgerland.com\/de\/magazin\/wp-content\/uploads\/2013\/05\/d03fXVII150-249x160.jpg 249w\" \/><source media=\"(min-width: 0)\" srcset=\"https:\/\/www.salzburgerland.com\/de\/magazin\/wp-content\/uploads\/2013\/05\/d03fXVII150-249x160.jpg 249w, https:\/\/www.salzburgerland.com\/de\/magazin\/wp-content\/uploads\/2013\/05\/d03fXVII150-325x209.jpg 325w\" \/><img decoding=\"async\" alt=\"L\u00e4chelnde Frau und Kind in einem roten Vergn\u00fcgungspark-Auto, umgeben von bunten Lichtern und Fahrgesch\u00e4ften.\" src=\"https:\/\/www.salzburgerland.com\/de\/magazin\/wp-content\/uploads\/2013\/05\/d03fXVII150.jpg\" \/>\t<\/picture><\/a><\/figure><\/div><div class=\"col-6 col-sm-4\"><figure><a class=\"thumb-container\" href=\"https:\/\/www.salzburgerland.com\/de\/magazin\/wp-content\/uploads\/2013\/05\/d03fXVII217-1280x1024.jpg\">\t<picture><source media=\"(min-width: 576px)\" srcset=\"https:\/\/www.salzburgerland.com\/de\/magazin\/wp-content\/uploads\/2013\/05\/d03fXVII217-325x209.jpg 325w, https:\/\/www.salzburgerland.com\/de\/magazin\/wp-content\/uploads\/2013\/05\/d03fXVII217-249x160.jpg 249w\" \/><source media=\"(min-width: 0)\" srcset=\"https:\/\/www.salzburgerland.com\/de\/magazin\/wp-content\/uploads\/2013\/05\/d03fXVII217-249x160.jpg 249w, https:\/\/www.salzburgerland.com\/de\/magazin\/wp-content\/uploads\/2013\/05\/d03fXVII217-325x209.jpg 325w\" \/><img decoding=\"async\" alt=\"Eine bunte, sich drehende Schaukel auf einem lebhaften Jahrmarkt im Freien, mit hellen Lichtern und Menschen, die den Abend genie\u00dfen.\" src=\"https:\/\/www.salzburgerland.com\/de\/magazin\/wp-content\/uploads\/2013\/05\/d03fXVII217.jpg\" \/>\t<\/picture><\/a><\/figure><\/div><div class=\"col-6 col-sm-4\"><figure><a class=\"thumb-container\" href=\"https:\/\/www.salzburgerland.com\/de\/magazin\/wp-content\/uploads\/2013\/05\/d03fXVII226-1280x1024.jpg\">\t<picture><source media=\"(min-width: 576px)\" srcset=\"https:\/\/www.salzburgerland.com\/de\/magazin\/wp-content\/uploads\/2013\/05\/d03fXVII226-325x209.jpg 325w, https:\/\/www.salzburgerland.com\/de\/magazin\/wp-content\/uploads\/2013\/05\/d03fXVII226-249x160.jpg 249w\" \/><source media=\"(min-width: 0)\" srcset=\"https:\/\/www.salzburgerland.com\/de\/magazin\/wp-content\/uploads\/2013\/05\/d03fXVII226-249x160.jpg 249w, https:\/\/www.salzburgerland.com\/de\/magazin\/wp-content\/uploads\/2013\/05\/d03fXVII226-325x209.jpg 325w\" \/><img decoding=\"async\" alt=\"In der Abendd\u00e4mmerung versammelt sich eine Menschenmenge vor einem hell erleuchteten Industriegeb\u00e4ude mit der Aufschrift ENCOUNTER.\" src=\"https:\/\/www.salzburgerland.com\/de\/magazin\/wp-content\/uploads\/2013\/05\/d03fXVII226.jpg\" \/>\t<\/picture><\/a><\/figure><\/div><div class=\"col-6 col-sm-4\"><figure><a class=\"thumb-container\" href=\"https:\/\/www.salzburgerland.com\/de\/magazin\/wp-content\/uploads\/2013\/05\/d03fXVII244-1280x1024.jpg\">\t<picture><source media=\"(min-width: 576px)\" srcset=\"https:\/\/www.salzburgerland.com\/de\/magazin\/wp-content\/uploads\/2013\/05\/d03fXVII244-325x209.jpg 325w, https:\/\/www.salzburgerland.com\/de\/magazin\/wp-content\/uploads\/2013\/05\/d03fXVII244-249x160.jpg 249w\" \/><source media=\"(min-width: 0)\" srcset=\"https:\/\/www.salzburgerland.com\/de\/magazin\/wp-content\/uploads\/2013\/05\/d03fXVII244-249x160.jpg 249w, https:\/\/www.salzburgerland.com\/de\/magazin\/wp-content\/uploads\/2013\/05\/d03fXVII244-325x209.jpg 325w\" \/><img decoding=\"async\" alt=\"Eine hell beleuchtete Drehschaukel auf einem Jahrmarkt, mit unscharfen Fahrern in Bewegung vor einem d\u00fcsteren Himmel.\" src=\"https:\/\/www.salzburgerland.com\/de\/magazin\/wp-content\/uploads\/2013\/05\/d03fXVII244.jpg\" \/>\t<\/picture><\/a><\/figure><\/div><div class=\"col-6 col-sm-4\"><figure><a class=\"thumb-container\" href=\"https:\/\/www.salzburgerland.com\/de\/magazin\/wp-content\/uploads\/2013\/05\/d05fXVII021-1280x1024.jpg\">\t<picture><source media=\"(min-width: 576px)\" srcset=\"https:\/\/www.salzburgerland.com\/de\/magazin\/wp-content\/uploads\/2013\/05\/d05fXVII021-325x209.jpg 325w, https:\/\/www.salzburgerland.com\/de\/magazin\/wp-content\/uploads\/2013\/05\/d05fXVII021-249x160.jpg 249w\" \/><source media=\"(min-width: 0)\" srcset=\"https:\/\/www.salzburgerland.com\/de\/magazin\/wp-content\/uploads\/2013\/05\/d05fXVII021-249x160.jpg 249w, https:\/\/www.salzburgerland.com\/de\/magazin\/wp-content\/uploads\/2013\/05\/d05fXVII021-325x209.jpg 325w\" \/><img decoding=\"async\" alt=\"Ein \u00fcberf\u00fclltes Fest im Freien mit Essensst\u00e4nden, Menschen, die sich unter die Leute mischen, und einem Holzgeb\u00e4ude im Hintergrund.\" src=\"https:\/\/www.salzburgerland.com\/de\/magazin\/wp-content\/uploads\/2013\/05\/d05fXVII021.jpg\" \/>\t<\/picture><\/a><\/figure><\/div><div class=\"col-6 col-sm-4\"><figure><a class=\"thumb-container\" href=\"https:\/\/www.salzburgerland.com\/de\/magazin\/wp-content\/uploads\/2013\/05\/d05fXVII045-1280x1024.jpg\">\t<picture><source media=\"(min-width: 576px)\" srcset=\"https:\/\/www.salzburgerland.com\/de\/magazin\/wp-content\/uploads\/2013\/05\/d05fXVII045-325x209.jpg 325w, https:\/\/www.salzburgerland.com\/de\/magazin\/wp-content\/uploads\/2013\/05\/d05fXVII045-249x160.jpg 249w\" \/><source media=\"(min-width: 0)\" srcset=\"https:\/\/www.salzburgerland.com\/de\/magazin\/wp-content\/uploads\/2013\/05\/d05fXVII045-249x160.jpg 249w, https:\/\/www.salzburgerland.com\/de\/magazin\/wp-content\/uploads\/2013\/05\/d05fXVII045-325x209.jpg 325w\" \/><img decoding=\"async\" alt=\"Menschenmassen schlendern \u00fcber einen lebhaften Jahrmarkt mit bunten Fahrgesch\u00e4ften und St\u00e4nden im Hintergrund.\" src=\"https:\/\/www.salzburgerland.com\/de\/magazin\/wp-content\/uploads\/2013\/05\/d05fXVII045.jpg\" \/>\t<\/picture><\/a><\/figure><\/div><div class=\"col-6 col-sm-4\"><figure><a class=\"thumb-container\" href=\"https:\/\/www.salzburgerland.com\/de\/magazin\/wp-content\/uploads\/2013\/05\/d05fXVII049-1280x1024.jpg\">\t<picture><source media=\"(min-width: 576px)\" srcset=\"https:\/\/www.salzburgerland.com\/de\/magazin\/wp-content\/uploads\/2013\/05\/d05fXVII049-325x209.jpg 325w, https:\/\/www.salzburgerland.com\/de\/magazin\/wp-content\/uploads\/2013\/05\/d05fXVII049-249x160.jpg 249w\" \/><source media=\"(min-width: 0)\" srcset=\"https:\/\/www.salzburgerland.com\/de\/magazin\/wp-content\/uploads\/2013\/05\/d05fXVII049-249x160.jpg 249w, https:\/\/www.salzburgerland.com\/de\/magazin\/wp-content\/uploads\/2013\/05\/d05fXVII049-325x209.jpg 325w\" \/><img decoding=\"async\" alt=\"Ein Junge f\u00e4hrt auf einem orangefarbenen Flugzeug in einem \u00fcberf\u00fcllten Vergn\u00fcgungspark.\" src=\"https:\/\/www.salzburgerland.com\/de\/magazin\/wp-content\/uploads\/2013\/05\/d05fXVII049.jpg\" \/>\t<\/picture><\/a><\/figure><\/div><div class=\"col-6 col-sm-4\"><figure><a class=\"thumb-container\" href=\"https:\/\/www.salzburgerland.com\/de\/magazin\/wp-content\/uploads\/2013\/05\/d05fXVII067-1280x1024.jpg\">\t<picture><source media=\"(min-width: 576px)\" srcset=\"https:\/\/www.salzburgerland.com\/de\/magazin\/wp-content\/uploads\/2013\/05\/d05fXVII067-325x209.jpg 325w, https:\/\/www.salzburgerland.com\/de\/magazin\/wp-content\/uploads\/2013\/05\/d05fXVII067-300x194.jpg 300w, https:\/\/www.salzburgerland.com\/de\/magazin\/wp-content\/uploads\/2013\/05\/d05fXVII067-618x400.jpg 618w, https:\/\/www.salzburgerland.com\/de\/magazin\/wp-content\/uploads\/2013\/05\/d05fXVII067-249x160.jpg 249w, https:\/\/www.salzburgerland.com\/de\/magazin\/wp-content\/uploads\/2013\/05\/d05fXVII067.jpg 1600w\" \/><source media=\"(min-width: 0)\" srcset=\"https:\/\/www.salzburgerland.com\/de\/magazin\/wp-content\/uploads\/2013\/05\/d05fXVII067-249x160.jpg 249w, https:\/\/www.salzburgerland.com\/de\/magazin\/wp-content\/uploads\/2013\/05\/d05fXVII067-300x194.jpg 300w, https:\/\/www.salzburgerland.com\/de\/magazin\/wp-content\/uploads\/2013\/05\/d05fXVII067-849x550.jpg 849w, https:\/\/www.salzburgerland.com\/de\/magazin\/wp-content\/uploads\/2013\/05\/d05fXVII067-618x400.jpg 618w, https:\/\/www.salzburgerland.com\/de\/magazin\/wp-content\/uploads\/2013\/05\/d05fXVII067-325x209.jpg 325w, https:\/\/www.salzburgerland.com\/de\/magazin\/wp-content\/uploads\/2013\/05\/d05fXVII067-1320x855.jpg 1320w, https:\/\/www.salzburgerland.com\/de\/magazin\/wp-content\/uploads\/2013\/05\/d05fXVII067.jpg 1600w\" \/><img decoding=\"async\" alt=\"In einer Achterbahn mit Gruselthema f\u00e4hrt man auf einer kurvenreichen Strecke an einem gro\u00dfen Gruselgesicht und animatronischen Figuren vorbei.\" src=\"https:\/\/www.salzburgerland.com\/de\/magazin\/wp-content\/uploads\/2013\/05\/d05fXVII067.jpg\" \/>\t<\/picture><\/a><\/figure><\/div><\/div><\/div><figcaption><\/figcaption>\n","protected":false},"excerpt":{"rendered":"<p>Ab in die Lederhosen, holt das Dirndl aus dem Schrank! Es ist wieder soweit. Die Salzburger Dult, das ultimative Salzburger Volksfest, \u00f6ffnet \u00fcber die Pfingstfeiertage wieder seine Tore. Auf dem Programm stehen Gaudi im Bierzelt, wilde Fahrten im Vergn\u00fcgungspark und Gustieren, Feilschen \u00a0und St\u00f6bern in der Markthalle.\u00a0 Die Salzburger Dult ist ein Volksfest w\u00e4hrend der [&hellip;]<\/p>\n","protected":false},"author":70,"featured_media":35307,"comment_status":"open","ping_status":"open","sticky":false,"template":"","format":"standard","meta":{"_acf_changed":false,"wl_entities_gutenberg":"","_wl_entity_redirect_enabled":"","footnotes":""},"categories":[9],"tags":[],"wl_entity_type":[306],"monatsauswahl":[86,87],"class_list":["post-35204","post","type-post","status-publish","format-standard","has-post-thumbnail","hentry","category-sehenswurdig","wl_entity_type-article","monatsauswahl-monat_5","monatsauswahl-monat_6"],"acf":[],"yoast_head":"<!-- This site is optimized with the Yoast SEO Premium plugin v27.4 (Yoast SEO v27.4) - https:\/\/yoast.com\/product\/yoast-seo-premium-wordpress\/ -->\n<title>Die Salzburger Dult ist West\u00f6sterreichs gr\u00f6\u00dftes Volksfest - SalzburgerLand Magazin<\/title>\n<meta name=\"description\" content=\"Ab in die Lederhosen, holt das Dirndl aus dem Schrank! Es ist wieder soweit. Die Salzburger Dult, das ultimative Salzburger Volksfest, \u00f6ffnet \u00fcber die Pfingstfeiertage wieder seine Tore. Auf dem Programm stehen Gaudi im Bierzelt, wilde Fahrten im Vergn\u00fcgungspark und Gustieren, Feilschen \u00a0und St\u00f6bern in der Markthalle.\u00a0 Die Salzburger Dult ist ein Volksfest w\u00e4hrend der [&hellip;]\" \/>\n<meta name=\"robots\" content=\"index, follow, max-snippet:-1, max-image-preview:large, max-video-preview:-1\" \/>\n<link rel=\"canonical\" href=\"https:\/\/www.salzburgerland.com\/de\/magazin\/die-salzburger-dult-ist-westosterreichs-grostes-volksfest\/\" \/>\n<meta property=\"og:locale\" content=\"de_DE\" \/>\n<meta property=\"og:type\" content=\"article\" \/>\n<meta property=\"og:title\" content=\"Die Salzburger Dult ist West\u00f6sterreichs gr\u00f6\u00dftes Volksfest\" \/>\n<meta property=\"og:description\" content=\"Ab in die Lederhosen, holt das Dirndl aus dem Schrank! Es ist wieder soweit. Die Salzburger Dult, das ultimative Salzburger Volksfest, \u00f6ffnet \u00fcber die Pfingstfeiertage wieder seine Tore. Auf dem Programm stehen Gaudi im Bierzelt, wilde Fahrten im Vergn\u00fcgungspark und Gustieren, Feilschen \u00a0und St\u00f6bern in der Markthalle.\u00a0 Die Salzburger Dult ist ein Volksfest w\u00e4hrend der [&hellip;]\" \/>\n<meta property=\"og:url\" content=\"https:\/\/www.salzburgerland.com\/de\/magazin\/die-salzburger-dult-ist-westosterreichs-grostes-volksfest\/\" \/>\n<meta property=\"og:site_name\" content=\"SalzburgerLand Magazin\" \/>\n<meta property=\"article:publisher\" content=\"https:\/\/www.facebook.com\/salzburgerland\/\" \/>\n<meta property=\"article:published_time\" content=\"2013-05-09T07:38:49+00:00\" \/>\n<meta property=\"article:modified_time\" content=\"2019-06-26T18:23:58+00:00\" \/>\n<meta property=\"og:image\" content=\"https:\/\/www.salzburgerland.com\/de\/magazin\/wp-content\/uploads\/2013\/04\/m12fXI010.jpg\" \/>\n\t<meta property=\"og:image:width\" content=\"1600\" \/>\n\t<meta property=\"og:image:height\" content=\"1067\" \/>\n\t<meta property=\"og:image:type\" content=\"image\/jpeg\" \/>\n<meta name=\"author\" content=\"Doris Wild\" \/>\n<meta name=\"twitter:card\" content=\"summary_large_image\" \/>\n<meta name=\"twitter:creator\" content=\"@Salzburgerland\" \/>\n<meta name=\"twitter:site\" content=\"@Salzburgerland\" \/>\n<meta name=\"twitter:label1\" content=\"Verfasst von\" \/>\n\t<meta name=\"twitter:data1\" content=\"Doris Wild\" \/>\n\t<meta name=\"twitter:label2\" content=\"Gesch\u00e4tzte Lesezeit\" \/>\n\t<meta name=\"twitter:data2\" content=\"2\u00a0Minuten\" \/>\n<script type=\"application\/ld+json\" class=\"yoast-schema-graph\">{\"@context\":\"https:\\\/\\\/schema.org\",\"@graph\":[{\"@type\":\"Article\",\"@id\":\"https:\\\/\\\/www.salzburgerland.com\\\/de\\\/magazin\\\/die-salzburger-dult-ist-westosterreichs-grostes-volksfest\\\/#article\",\"isPartOf\":{\"@id\":\"https:\\\/\\\/www.salzburgerland.com\\\/de\\\/magazin\\\/die-salzburger-dult-ist-westosterreichs-grostes-volksfest\\\/\"},\"author\":{\"name\":\"Doris Wild\",\"@id\":\"https:\\\/\\\/www.salzburgerland.com\\\/de\\\/magazin\\\/#\\\/schema\\\/person\\\/3c02fe460374aa9e0ef912270ae0b92c\"},\"headline\":\"Die Salzburger Dult ist West\u00f6sterreichs gr\u00f6\u00dftes Volksfest\",\"datePublished\":\"2013-05-09T07:38:49+00:00\",\"dateModified\":\"2019-06-26T18:23:58+00:00\",\"mainEntityOfPage\":{\"@id\":\"https:\\\/\\\/www.salzburgerland.com\\\/de\\\/magazin\\\/die-salzburger-dult-ist-westosterreichs-grostes-volksfest\\\/\"},\"wordCount\":383,\"commentCount\":1,\"publisher\":{\"@id\":\"https:\\\/\\\/www.salzburgerland.com\\\/de\\\/magazin\\\/#organization\"},\"image\":{\"@id\":\"https:\\\/\\\/www.salzburgerland.com\\\/de\\\/magazin\\\/die-salzburger-dult-ist-westosterreichs-grostes-volksfest\\\/#primaryimage\"},\"thumbnailUrl\":\"https:\\\/\\\/www.salzburgerland.com\\\/de\\\/magazin\\\/wp-content\\\/uploads\\\/2013\\\/04\\\/m12fXI010.jpg\",\"articleSection\":[\"Sehensw\u00fcrdig\"],\"inLanguage\":\"de\",\"potentialAction\":[{\"@type\":\"CommentAction\",\"name\":\"Comment\",\"target\":[\"https:\\\/\\\/www.salzburgerland.com\\\/de\\\/magazin\\\/die-salzburger-dult-ist-westosterreichs-grostes-volksfest\\\/#respond\"]}]},{\"@type\":\"WebPage\",\"@id\":\"https:\\\/\\\/www.salzburgerland.com\\\/de\\\/magazin\\\/die-salzburger-dult-ist-westosterreichs-grostes-volksfest\\\/\",\"url\":\"https:\\\/\\\/www.salzburgerland.com\\\/de\\\/magazin\\\/die-salzburger-dult-ist-westosterreichs-grostes-volksfest\\\/\",\"name\":\"Die Salzburger Dult ist West\u00f6sterreichs gr\u00f6\u00dftes Volksfest - SalzburgerLand Magazin\",\"isPartOf\":{\"@id\":\"https:\\\/\\\/www.salzburgerland.com\\\/de\\\/magazin\\\/#website\"},\"primaryImageOfPage\":{\"@id\":\"https:\\\/\\\/www.salzburgerland.com\\\/de\\\/magazin\\\/die-salzburger-dult-ist-westosterreichs-grostes-volksfest\\\/#primaryimage\"},\"image\":{\"@id\":\"https:\\\/\\\/www.salzburgerland.com\\\/de\\\/magazin\\\/die-salzburger-dult-ist-westosterreichs-grostes-volksfest\\\/#primaryimage\"},\"thumbnailUrl\":\"https:\\\/\\\/www.salzburgerland.com\\\/de\\\/magazin\\\/wp-content\\\/uploads\\\/2013\\\/04\\\/m12fXI010.jpg\",\"datePublished\":\"2013-05-09T07:38:49+00:00\",\"dateModified\":\"2019-06-26T18:23:58+00:00\",\"breadcrumb\":{\"@id\":\"https:\\\/\\\/www.salzburgerland.com\\\/de\\\/magazin\\\/die-salzburger-dult-ist-westosterreichs-grostes-volksfest\\\/#breadcrumb\"},\"inLanguage\":\"de\",\"potentialAction\":[{\"@type\":\"ReadAction\",\"target\":[\"https:\\\/\\\/www.salzburgerland.com\\\/de\\\/magazin\\\/die-salzburger-dult-ist-westosterreichs-grostes-volksfest\\\/\"]}]},{\"@type\":\"ImageObject\",\"inLanguage\":\"de\",\"@id\":\"https:\\\/\\\/www.salzburgerland.com\\\/de\\\/magazin\\\/die-salzburger-dult-ist-westosterreichs-grostes-volksfest\\\/#primaryimage\",\"url\":\"https:\\\/\\\/www.salzburgerland.com\\\/de\\\/magazin\\\/wp-content\\\/uploads\\\/2013\\\/04\\\/m12fXI010.jpg\",\"contentUrl\":\"https:\\\/\\\/www.salzburgerland.com\\\/de\\\/magazin\\\/wp-content\\\/uploads\\\/2013\\\/04\\\/m12fXI010.jpg\",\"width\":1600,\"height\":1067,\"caption\":\"Vier Personen, die sich lachend an den Sicherheitsb\u00fcgeln einer auf dem Kopf stehenden Fahrattraktion im Vergn\u00fcgungspark festhalten.\"},{\"@type\":\"BreadcrumbList\",\"@id\":\"https:\\\/\\\/www.salzburgerland.com\\\/de\\\/magazin\\\/die-salzburger-dult-ist-westosterreichs-grostes-volksfest\\\/#breadcrumb\",\"itemListElement\":[{\"@type\":\"ListItem\",\"position\":1,\"name\":\"Startseite\",\"item\":\"https:\\\/\\\/www.salzburgerland.com\\\/de\\\/magazin\\\/\"},{\"@type\":\"ListItem\",\"position\":2,\"name\":\"Sehensw\u00fcrdig\",\"item\":\"https:\\\/\\\/www.salzburgerland.com\\\/de\\\/magazin\\\/thema\\\/sehenswurdig\\\/\"},{\"@type\":\"ListItem\",\"position\":3,\"name\":\"Die Salzburger Dult ist West\u00f6sterreichs gr\u00f6\u00dftes Volksfest\"}]},{\"@type\":\"WebSite\",\"@id\":\"https:\\\/\\\/www.salzburgerland.com\\\/de\\\/magazin\\\/#website\",\"url\":\"https:\\\/\\\/www.salzburgerland.com\\\/de\\\/magazin\\\/\",\"name\":\"SalzburgerLand Magazin\",\"description\":\"Geschichten und Interessantes aus dem SalzburgerLand\",\"publisher\":{\"@id\":\"https:\\\/\\\/www.salzburgerland.com\\\/de\\\/magazin\\\/#organization\"},\"potentialAction\":[{\"@type\":\"SearchAction\",\"target\":{\"@type\":\"EntryPoint\",\"urlTemplate\":\"https:\\\/\\\/www.salzburgerland.com\\\/de\\\/magazin\\\/?s={search_term_string}\"},\"query-input\":{\"@type\":\"PropertyValueSpecification\",\"valueRequired\":true,\"valueName\":\"search_term_string\"}}],\"inLanguage\":\"de\"},{\"@type\":\"Organization\",\"@id\":\"https:\\\/\\\/www.salzburgerland.com\\\/de\\\/magazin\\\/#organization\",\"name\":\"SalzburgerLand Tourismus\",\"url\":\"https:\\\/\\\/www.salzburgerland.com\\\/de\\\/magazin\\\/\",\"logo\":{\"@type\":\"ImageObject\",\"inLanguage\":\"de\",\"@id\":\"https:\\\/\\\/www.salzburgerland.com\\\/de\\\/magazin\\\/#\\\/schema\\\/logo\\\/image\\\/\",\"url\":\"https:\\\/\\\/www.salzburgerland.com\\\/de\\\/magazin\\\/wp-content\\\/uploads\\\/2019\\\/06\\\/salzburgerland-logo1.jpg\",\"contentUrl\":\"https:\\\/\\\/www.salzburgerland.com\\\/de\\\/magazin\\\/wp-content\\\/uploads\\\/2019\\\/06\\\/salzburgerland-logo1.jpg\",\"width\":2011,\"height\":866,\"caption\":\"SalzburgerLand Tourismus\"},\"image\":{\"@id\":\"https:\\\/\\\/www.salzburgerland.com\\\/de\\\/magazin\\\/#\\\/schema\\\/logo\\\/image\\\/\"},\"sameAs\":[\"https:\\\/\\\/www.facebook.com\\\/salzburgerland\\\/\",\"https:\\\/\\\/x.com\\\/Salzburgerland\",\"https:\\\/\\\/www.instagram.com\\\/salzburgerland\\\/\",\"https:\\\/\\\/at.linkedin.com\\\/company\\\/salzburgerland-tourismus-gmbh\",\"https:\\\/\\\/www.pinterest.at\\\/salzburgerland\\\/\",\"https:\\\/\\\/www.youtube.com\\\/user\\\/salzburgerland\",\"https:\\\/\\\/de.wikipedia.org\\\/wiki\\\/SalzburgerLand_Tourismus_GmbH\"]},{\"@type\":\"Person\",\"@id\":\"https:\\\/\\\/www.salzburgerland.com\\\/de\\\/magazin\\\/#\\\/schema\\\/person\\\/3c02fe460374aa9e0ef912270ae0b92c\",\"name\":\"Doris Wild\",\"description\":\"Doris Wild ist Eventfotografin und Societyjournalistin und hat jetzt mit ihrer Agentur auch den Videojournalismus als zus\u00e4tzliches Standbein entdeckt. Nach 20 Jahren tagesaktueller Berichterstattung sind Blicke hinter die Kulissen der Event-Society und Modewelt die logische Konsequenz. Fragen mit Antworten von Doris Wild Morgen- oder Abendmensch? Vor 8.00 fr\u00fch holt mich nicht einmal der tollste Sonnenaufgang aus den Federn. Dass Fotografen die Morgensonne nutzen sollten \u2013 mag sein. Events finden selten im weichen Morgenlicht statt. Und zur blauen Stunde mache ich die besten Bilder. Weltliteratur oder Tratsch &amp; Klatsch? Man kann das kombinieren. Im Urlaub mal den dicken Schm\u00f6ker, in den Kaffeepausen die Regenbogenzeitschriften. Man muss schlie\u00dflich am Laufenden bleiben, um die Prinzessinnen und Medienstars zu erkennen, wenn sie im Salzburgerland urlauben. Kr\u00e4utertee oder Zirbenschnaps? Ich bin Antialkoholikerin und steh dazu. Ist als Societyfotografin wahrscheinlich die einzige M\u00f6glichkeit zu \u00fcberleben. Golfplatz oder Klettergarten? Klettergarten nat\u00fcrlich. Ich brauch Action. Funsport ist meine Devise! Am besten t\u00e4glich was Neues. Der Herausforderung Golf stelle ich mich sp\u00e4ter. Viel sp\u00e4ter. Dirndl oder Bustierkleid? Jetzt reicht\u00b4s aber. Wie wenn man sich so einfach entscheiden k\u00f6nnte! Mit drei \u00fcbervollen Kleiderschr\u00e4nken und der Ambition sich t\u00e4glich modisch neu zu erfinden, lassen sich diese Fragen nicht beantworten. Das ist anlass- und stimmungsbezogen unterschiedlich. Und \u00fcberhaupt: Auf Kleider steh ich nicht so. Also im Zweifelsfall: Lederhose mit Sneakers. Ausstellung oder Bergpanorama? Das seh ich ganz pragmatisch. Ich komme dort hin, wo mich meine Auftr\u00e4ge hinf\u00fchren. Das ist heute die Vernissage und morgen der Berggipfel. Genau das macht meinen Beruf so spannend und t\u00e4glich anders. Ich will alles.\",\"url\":\"https:\\\/\\\/www.salzburgerland.com\\\/de\\\/magazin\\\/author\\\/doris-wild\\\/\"}]}<\/script>\n<!-- \/ Yoast SEO Premium plugin. -->","yoast_head_json":{"title":"Die Salzburger Dult ist West\u00f6sterreichs gr\u00f6\u00dftes Volksfest - SalzburgerLand Magazin","description":"Ab in die Lederhosen, holt das Dirndl aus dem Schrank! Es ist wieder soweit. Die Salzburger Dult, das ultimative Salzburger Volksfest, \u00f6ffnet \u00fcber die Pfingstfeiertage wieder seine Tore. Auf dem Programm stehen Gaudi im Bierzelt, wilde Fahrten im Vergn\u00fcgungspark und Gustieren, Feilschen \u00a0und St\u00f6bern in der Markthalle.\u00a0 Die Salzburger Dult ist ein Volksfest w\u00e4hrend der [&hellip;]","robots":{"index":"index","follow":"follow","max-snippet":"max-snippet:-1","max-image-preview":"max-image-preview:large","max-video-preview":"max-video-preview:-1"},"canonical":"https:\/\/www.salzburgerland.com\/de\/magazin\/die-salzburger-dult-ist-westosterreichs-grostes-volksfest\/","og_locale":"de_DE","og_type":"article","og_title":"Die Salzburger Dult ist West\u00f6sterreichs gr\u00f6\u00dftes Volksfest","og_description":"Ab in die Lederhosen, holt das Dirndl aus dem Schrank! Es ist wieder soweit. Die Salzburger Dult, das ultimative Salzburger Volksfest, \u00f6ffnet \u00fcber die Pfingstfeiertage wieder seine Tore. Auf dem Programm stehen Gaudi im Bierzelt, wilde Fahrten im Vergn\u00fcgungspark und Gustieren, Feilschen \u00a0und St\u00f6bern in der Markthalle.\u00a0 Die Salzburger Dult ist ein Volksfest w\u00e4hrend der [&hellip;]","og_url":"https:\/\/www.salzburgerland.com\/de\/magazin\/die-salzburger-dult-ist-westosterreichs-grostes-volksfest\/","og_site_name":"SalzburgerLand Magazin","article_publisher":"https:\/\/www.facebook.com\/salzburgerland\/","article_published_time":"2013-05-09T07:38:49+00:00","article_modified_time":"2019-06-26T18:23:58+00:00","og_image":[{"width":1600,"height":1067,"url":"https:\/\/www.salzburgerland.com\/de\/magazin\/wp-content\/uploads\/2013\/04\/m12fXI010.jpg","type":"image\/jpeg"}],"author":"Doris Wild","twitter_card":"summary_large_image","twitter_creator":"@Salzburgerland","twitter_site":"@Salzburgerland","twitter_misc":{"Verfasst von":"Doris Wild","Gesch\u00e4tzte Lesezeit":"2\u00a0Minuten"},"schema":{"@context":"https:\/\/schema.org","@graph":[{"@type":"Article","@id":"https:\/\/www.salzburgerland.com\/de\/magazin\/die-salzburger-dult-ist-westosterreichs-grostes-volksfest\/#article","isPartOf":{"@id":"https:\/\/www.salzburgerland.com\/de\/magazin\/die-salzburger-dult-ist-westosterreichs-grostes-volksfest\/"},"author":{"name":"Doris Wild","@id":"https:\/\/www.salzburgerland.com\/de\/magazin\/#\/schema\/person\/3c02fe460374aa9e0ef912270ae0b92c"},"headline":"Die Salzburger Dult ist West\u00f6sterreichs gr\u00f6\u00dftes Volksfest","datePublished":"2013-05-09T07:38:49+00:00","dateModified":"2019-06-26T18:23:58+00:00","mainEntityOfPage":{"@id":"https:\/\/www.salzburgerland.com\/de\/magazin\/die-salzburger-dult-ist-westosterreichs-grostes-volksfest\/"},"wordCount":383,"commentCount":1,"publisher":{"@id":"https:\/\/www.salzburgerland.com\/de\/magazin\/#organization"},"image":{"@id":"https:\/\/www.salzburgerland.com\/de\/magazin\/die-salzburger-dult-ist-westosterreichs-grostes-volksfest\/#primaryimage"},"thumbnailUrl":"https:\/\/www.salzburgerland.com\/de\/magazin\/wp-content\/uploads\/2013\/04\/m12fXI010.jpg","articleSection":["Sehensw\u00fcrdig"],"inLanguage":"de","potentialAction":[{"@type":"CommentAction","name":"Comment","target":["https:\/\/www.salzburgerland.com\/de\/magazin\/die-salzburger-dult-ist-westosterreichs-grostes-volksfest\/#respond"]}]},{"@type":"WebPage","@id":"https:\/\/www.salzburgerland.com\/de\/magazin\/die-salzburger-dult-ist-westosterreichs-grostes-volksfest\/","url":"https:\/\/www.salzburgerland.com\/de\/magazin\/die-salzburger-dult-ist-westosterreichs-grostes-volksfest\/","name":"Die Salzburger Dult ist West\u00f6sterreichs gr\u00f6\u00dftes Volksfest - SalzburgerLand Magazin","isPartOf":{"@id":"https:\/\/www.salzburgerland.com\/de\/magazin\/#website"},"primaryImageOfPage":{"@id":"https:\/\/www.salzburgerland.com\/de\/magazin\/die-salzburger-dult-ist-westosterreichs-grostes-volksfest\/#primaryimage"},"image":{"@id":"https:\/\/www.salzburgerland.com\/de\/magazin\/die-salzburger-dult-ist-westosterreichs-grostes-volksfest\/#primaryimage"},"thumbnailUrl":"https:\/\/www.salzburgerland.com\/de\/magazin\/wp-content\/uploads\/2013\/04\/m12fXI010.jpg","datePublished":"2013-05-09T07:38:49+00:00","dateModified":"2019-06-26T18:23:58+00:00","breadcrumb":{"@id":"https:\/\/www.salzburgerland.com\/de\/magazin\/die-salzburger-dult-ist-westosterreichs-grostes-volksfest\/#breadcrumb"},"inLanguage":"de","potentialAction":[{"@type":"ReadAction","target":["https:\/\/www.salzburgerland.com\/de\/magazin\/die-salzburger-dult-ist-westosterreichs-grostes-volksfest\/"]}]},{"@type":"ImageObject","inLanguage":"de","@id":"https:\/\/www.salzburgerland.com\/de\/magazin\/die-salzburger-dult-ist-westosterreichs-grostes-volksfest\/#primaryimage","url":"https:\/\/www.salzburgerland.com\/de\/magazin\/wp-content\/uploads\/2013\/04\/m12fXI010.jpg","contentUrl":"https:\/\/www.salzburgerland.com\/de\/magazin\/wp-content\/uploads\/2013\/04\/m12fXI010.jpg","width":1600,"height":1067,"caption":"Vier Personen, die sich lachend an den Sicherheitsb\u00fcgeln einer auf dem Kopf stehenden Fahrattraktion im Vergn\u00fcgungspark festhalten."},{"@type":"BreadcrumbList","@id":"https:\/\/www.salzburgerland.com\/de\/magazin\/die-salzburger-dult-ist-westosterreichs-grostes-volksfest\/#breadcrumb","itemListElement":[{"@type":"ListItem","position":1,"name":"Startseite","item":"https:\/\/www.salzburgerland.com\/de\/magazin\/"},{"@type":"ListItem","position":2,"name":"Sehensw\u00fcrdig","item":"https:\/\/www.salzburgerland.com\/de\/magazin\/thema\/sehenswurdig\/"},{"@type":"ListItem","position":3,"name":"Die Salzburger Dult ist West\u00f6sterreichs gr\u00f6\u00dftes Volksfest"}]},{"@type":"WebSite","@id":"https:\/\/www.salzburgerland.com\/de\/magazin\/#website","url":"https:\/\/www.salzburgerland.com\/de\/magazin\/","name":"SalzburgerLand Magazin","description":"Geschichten und Interessantes aus dem SalzburgerLand","publisher":{"@id":"https:\/\/www.salzburgerland.com\/de\/magazin\/#organization"},"potentialAction":[{"@type":"SearchAction","target":{"@type":"EntryPoint","urlTemplate":"https:\/\/www.salzburgerland.com\/de\/magazin\/?s={search_term_string}"},"query-input":{"@type":"PropertyValueSpecification","valueRequired":true,"valueName":"search_term_string"}}],"inLanguage":"de"},{"@type":"Organization","@id":"https:\/\/www.salzburgerland.com\/de\/magazin\/#organization","name":"SalzburgerLand Tourismus","url":"https:\/\/www.salzburgerland.com\/de\/magazin\/","logo":{"@type":"ImageObject","inLanguage":"de","@id":"https:\/\/www.salzburgerland.com\/de\/magazin\/#\/schema\/logo\/image\/","url":"https:\/\/www.salzburgerland.com\/de\/magazin\/wp-content\/uploads\/2019\/06\/salzburgerland-logo1.jpg","contentUrl":"https:\/\/www.salzburgerland.com\/de\/magazin\/wp-content\/uploads\/2019\/06\/salzburgerland-logo1.jpg","width":2011,"height":866,"caption":"SalzburgerLand Tourismus"},"image":{"@id":"https:\/\/www.salzburgerland.com\/de\/magazin\/#\/schema\/logo\/image\/"},"sameAs":["https:\/\/www.facebook.com\/salzburgerland\/","https:\/\/x.com\/Salzburgerland","https:\/\/www.instagram.com\/salzburgerland\/","https:\/\/at.linkedin.com\/company\/salzburgerland-tourismus-gmbh","https:\/\/www.pinterest.at\/salzburgerland\/","https:\/\/www.youtube.com\/user\/salzburgerland","https:\/\/de.wikipedia.org\/wiki\/SalzburgerLand_Tourismus_GmbH"]},{"@type":"Person","@id":"https:\/\/www.salzburgerland.com\/de\/magazin\/#\/schema\/person\/3c02fe460374aa9e0ef912270ae0b92c","name":"Doris Wild","description":"Doris Wild ist Eventfotografin und Societyjournalistin und hat jetzt mit ihrer Agentur auch den Videojournalismus als zus\u00e4tzliches Standbein entdeckt. Nach 20 Jahren tagesaktueller Berichterstattung sind Blicke hinter die Kulissen der Event-Society und Modewelt die logische Konsequenz. Fragen mit Antworten von Doris Wild Morgen- oder Abendmensch? Vor 8.00 fr\u00fch holt mich nicht einmal der tollste Sonnenaufgang aus den Federn. Dass Fotografen die Morgensonne nutzen sollten \u2013 mag sein. Events finden selten im weichen Morgenlicht statt. Und zur blauen Stunde mache ich die besten Bilder. Weltliteratur oder Tratsch &amp; Klatsch? Man kann das kombinieren. Im Urlaub mal den dicken Schm\u00f6ker, in den Kaffeepausen die Regenbogenzeitschriften. Man muss schlie\u00dflich am Laufenden bleiben, um die Prinzessinnen und Medienstars zu erkennen, wenn sie im Salzburgerland urlauben. Kr\u00e4utertee oder Zirbenschnaps? Ich bin Antialkoholikerin und steh dazu. Ist als Societyfotografin wahrscheinlich die einzige M\u00f6glichkeit zu \u00fcberleben. Golfplatz oder Klettergarten? Klettergarten nat\u00fcrlich. Ich brauch Action. Funsport ist meine Devise! Am besten t\u00e4glich was Neues. Der Herausforderung Golf stelle ich mich sp\u00e4ter. Viel sp\u00e4ter. Dirndl oder Bustierkleid? Jetzt reicht\u00b4s aber. Wie wenn man sich so einfach entscheiden k\u00f6nnte! Mit drei \u00fcbervollen Kleiderschr\u00e4nken und der Ambition sich t\u00e4glich modisch neu zu erfinden, lassen sich diese Fragen nicht beantworten. Das ist anlass- und stimmungsbezogen unterschiedlich. Und \u00fcberhaupt: Auf Kleider steh ich nicht so. Also im Zweifelsfall: Lederhose mit Sneakers. Ausstellung oder Bergpanorama? Das seh ich ganz pragmatisch. Ich komme dort hin, wo mich meine Auftr\u00e4ge hinf\u00fchren. Das ist heute die Vernissage und morgen der Berggipfel. Genau das macht meinen Beruf so spannend und t\u00e4glich anders. Ich will alles.","url":"https:\/\/www.salzburgerland.com\/de\/magazin\/author\/doris-wild\/"}]}},"_wl_alt_label":[],"wl:entity_url":"http:\/\/open.salzburgerland.com\/magazin\/post\/die_salzburger_dult_ist_westoesterreichs_groesstes_volksfest","_links":{"self":[{"href":"https:\/\/www.salzburgerland.com\/de\/magazin\/wp-json\/wp\/v2\/posts\/35204","targetHints":{"allow":["GET"]}}],"collection":[{"href":"https:\/\/www.salzburgerland.com\/de\/magazin\/wp-json\/wp\/v2\/posts"}],"about":[{"href":"https:\/\/www.salzburgerland.com\/de\/magazin\/wp-json\/wp\/v2\/types\/post"}],"author":[{"embeddable":true,"href":"https:\/\/www.salzburgerland.com\/de\/magazin\/wp-json\/wp\/v2\/users\/70"}],"replies":[{"embeddable":true,"href":"https:\/\/www.salzburgerland.com\/de\/magazin\/wp-json\/wp\/v2\/comments?post=35204"}],"version-history":[{"count":0,"href":"https:\/\/www.salzburgerland.com\/de\/magazin\/wp-json\/wp\/v2\/posts\/35204\/revisions"}],"wp:featuredmedia":[{"embeddable":true,"href":"https:\/\/www.salzburgerland.com\/de\/magazin\/wp-json\/wp\/v2\/media\/35307"}],"wp:attachment":[{"href":"https:\/\/www.salzburgerland.com\/de\/magazin\/wp-json\/wp\/v2\/media?parent=35204"}],"wp:term":[{"taxonomy":"category","embeddable":true,"href":"https:\/\/www.salzburgerland.com\/de\/magazin\/wp-json\/wp\/v2\/categories?post=35204"},{"taxonomy":"post_tag","embeddable":true,"href":"https:\/\/www.salzburgerland.com\/de\/magazin\/wp-json\/wp\/v2\/tags?post=35204"},{"taxonomy":"wl_entity_type","embeddable":true,"href":"https:\/\/www.salzburgerland.com\/de\/magazin\/wp-json\/wp\/v2\/wl_entity_type?post=35204"},{"taxonomy":"monatsauswahl","embeddable":true,"href":"https:\/\/www.salzburgerland.com\/de\/magazin\/wp-json\/wp\/v2\/monatsauswahl?post=35204"}],"curies":[{"name":"wp","href":"https:\/\/api.w.org\/{rel}","templated":true}]}}