{"id":34294,"date":"2013-04-17T15:34:14","date_gmt":"2013-04-17T13:34:14","guid":{"rendered":"http:\/\/magazin.salzburgerland.com\/?p=34294"},"modified":"2019-06-26T20:24:42","modified_gmt":"2019-06-26T18:24:42","slug":"kaffee-trinken-in-der-mozartstadt","status":"publish","type":"post","link":"https:\/\/www.salzburgerland.com\/de\/magazin\/kaffee-trinken-in-der-mozartstadt\/","title":{"rendered":"Kaffee trinken in der Mozartstadt"},"content":{"rendered":"<p>&#8222;Zeit&#8220;, sagt Robert Neuschitzer und nippt an seinem Kaffee, &#8222;Zeit f\u00fcr Genuss, das ist es, was unsere Kaffeehaus-Tradition so besonders macht.&#8220; Als Gesch\u00e4ftsf\u00fchrer des <a href=\"http:\/\/www.tomaselli.at\/\" target=\"_blank\" rel=\"noopener noreferrer\">Caf\u00e9s Tomaselli<\/a> kennt er sich mit dem beliebten Hei\u00dfgetr\u00e4nk gut aus. Im Moment h\u00e4lt er eine Tasse frisch gebr\u00fchten Melange in der Hand. &#8222;Nach besonderer Tomaselli-Art. Jedes Kaffeehaus hat traditionell seine ganz eigene Melange-Rezeptur, die Nuancen spielen die Musik.&#8220; Wenn man sich umschaut im Caf\u00e9 Tomaselli am Alten Markt, nehmen antike M\u00f6bel, Porzellanteller und Silbertableaus den Blick f\u00fcr sich ein. &#8222;Das Mobiliar stammt von einem Familienbetrieb in der dritten Generation. Denn auch die Einrichtung tr\u00e4gt nat\u00fcrlich zum besonderen Kaffeehaus-Lebensgef\u00fchl bei.&#8220;<\/p>\n<h3>Genuss mit Geschichte<\/h3>\n<p>Kaffee trinken im \u00f6sterreichischen Kaffeehaus: In die Genuss-Geschichte weiht uns Neuschitzer in einer Kurzfassung ein. Denn schon die \u00f6sterreichische Zubereitung des Kaffees hat eine besondere Tradition. &#8222;Wir werden bereits seit 150 Jahren von der Wiener R\u00f6sterei Meindl beliefert. Die verarbeiten die Bohnen seit \u00fcber 200 Jahren weltweit einzigartig und stellen den feinen typisch \u00f6sterreichischen Kaffee her.&#8220;<\/p>\n<p>Zwei Sorten von Bohnen gibt es, die Arrabica und die Robusta. &#8222;W\u00e4hrend italienischer Kaffee zu einem hohen Prozentteil aus Robusta besteht, ist der original Wiener Kaffee fast pures Arrabica.&#8220; Wirklich guten Kaffee bek\u00e4me man, au\u00dfer nat\u00fcrlich im <a href=\"http:\/\/www.tomaselli.at\/\" target=\"_blank\" rel=\"noopener noreferrer\">Caf\u00e9 Tomaselli<\/a>, zum Beispiel auch im <a title=\"Caf\u00e9 Bazar\" href=\"http:\/\/www.hotel-brandstaetter.com\/de-salzburg-cafe-bazar.htm\" target=\"_blank\" rel=\"noopener noreferrer\">Caf\u00e9 Bazar<\/a>, <a href=\"http:\/\/www.220grad.com\/\" target=\"_blank\" rel=\"noopener noreferrer\">Caf\u00e9 und R\u00f6sthaus 220 Grad<\/a> und, allerdings nach italienischer Fasson, im <a title=\"Caf\u00e9 Rialto\" href=\"http:\/\/www.watzup.at\/rialto\/clubcafe\" target=\"_blank\" rel=\"noopener noreferrer\">Caf\u00e9 Rialto<\/a>.<\/p>\n<p><a href=\"https:\/\/www.salzburgerland.com\/de\/magazin\/wp-content\/uploads\/2013\/04\/DSC00483.jpg\"><img loading=\"lazy\" decoding=\"async\" alt=\"DSC00483\" src=\"https:\/\/www.salzburgerland.com\/de\/magazin\/wp-content\/uploads\/2013\/04\/DSC00483-650x435.jpg\" width=\"650\" height=\"435\" \/><\/a><\/p>\n<h3>Melange ist nicht gleich Melange<\/h3>\n<p>Melange, das ist die typische Kaffeevariante, die man in jedem Kaffeehaus bekommt. Aber keineswegs immer die gleiche. &#8222;Unsere Tomaselli-Melange besteht aus Mokka, hei\u00dfer Milch und einer Haube Schlagobers obendrauf, die Wiener Melange dagegen wird ohne Schlagobers aber mit Milchschaum serviert und die Kaiser-Melange hat wieder eine eigene Rezeptur.&#8220; Auch der Einsp\u00e4nner sei ein echtes Traditionsgetr\u00e4nk, &#8222;Mokka mit zart hineinger\u00fchrtem Schlagobers, serviert in einem speziellen Einsp\u00e4nner-Glaserl.&#8220;<\/p>\n<p>Eine Unart dagegen sei der Verl\u00e4ngerte. &#8222;Espresso mit Wasser zu strecken ist keine gute Idee. Das macht ihn nur bitterer.&#8220; Stattdessen empfiehlt er seinen G\u00e4sten eine breite Auswahl an Kaffee-Verlockungen mit speziellen Zutaten. W\u00e4hrend dem French Coffee ein Schuss Cognac beigemischt wird, verfeinert bei einer anderen Version Amaretto den w\u00fcrzigen Kaffeegeschmack. Oder wie w\u00e4r&#8217;s mit ein bisserl Marillenbrand im &#8222;Biedermaier-Kaffee&#8220; oder Kirschwasser im &#8222;Fiaker&#8220;?<\/p>\n<p><a href=\"https:\/\/www.salzburgerland.com\/de\/magazin\/wp-content\/uploads\/2013\/04\/DSC00487.jpg\"><img loading=\"lazy\" decoding=\"async\" alt=\"DSC00487\" src=\"https:\/\/www.salzburgerland.com\/de\/magazin\/wp-content\/uploads\/2013\/04\/DSC00487-650x435.jpg\" width=\"650\" height=\"435\" \/><\/a><\/p>\n<h3>Die Kunst des Kaffee-Brauens<\/h3>\n<p>\u00dcberhaupt ist es ganz offensichtlich eine wahre Kunst, guten Kaffee zu zaubern. Die Feinheiten bei der Zubereitung wollen gelernt sein. &#8222;Beispielsweise der angenehm s\u00fc\u00dfliche Geschmack im Cappuccino entsteht nur dann, wenn die Milch auf genau 70 Grad und in der richtigen Zeitspanne mit dem richtigen Druck erhitzt wurde.&#8220; Kaffeebohnen seien als reines Naturprodukt extrem empfindlich was Raumtemperaturen, Luftdruck und viele weitere Bedingungen angehe. &#8222;Die R\u00f6stung muss stets ganz individuell eingestellt werden.&#8220;<\/p>\n<p><a href=\"https:\/\/www.salzburgerland.com\/de\/magazin\/wp-content\/uploads\/2013\/04\/kaffeehaus1.jpg\"><img loading=\"lazy\" decoding=\"async\" class=\"alignnone size-singlePost wp-image-34595\" alt=\"kaffeehaus1\" src=\"https:\/\/www.salzburgerland.com\/de\/magazin\/wp-content\/uploads\/2013\/04\/kaffeehaus1-650x435.jpg\" width=\"650\" height=\"435\" \/><\/a><\/p>\n<h3>&#8222;Kaffeesyden&#8220; und Zamsitzen<\/h3>\n<p>Um 1800 war es, da den damaligen Kaffeemeistern im Hause Tomaselli eine besondere Ehre zu Teil wurde. Der Erzbischoff h\u00f6chstpers\u00f6nlich erteilte ihnen die Konzession zum &#8222;Kaffeesyder&#8220;. Darauf folgte eine kulturelle Revolution. Billardtische wurden aufgestellt, gro\u00dfe Tische und gem\u00fctliche St\u00fchle. Sich &#8222;zamsetzen&#8220;, gemeinsam Kaffee trinken, diskutieren, so auch neue Bekanntschaften zu schlie\u00dfen: Das kam in Mode. Der Anfang der Kaffeehaus-Kultur war getan.<\/p>\n<p>Bis heute ist der gesellige Aspekt neben des Genusses der leittragende Faktor. &#8222;Das ist mehr als &#8218;Der Tisch, da sitz ich, und der geh\u00f6rt jetzt mir'&#8220;, erkl\u00e4rt Neuschitzer und lacht, &#8222;wir setzen auch gern mal Leute zusammen, wenn sonst jeder allein f\u00fcr sich sitzen w\u00fcrde. Daf\u00fcr haben wir schon oft sehr positives Feedback bekommen.&#8220;\u00a0Wenn dann der fein ger\u00fchrte Einsp\u00e4nner, der Cappuccino mit in idealer Temperatur erhitztem Milchschaum und der Mokka mit einer zarten Schlagobershaube auf dem Silbertableau serviert wird: Dann stellt es sich ein, das ultimative Salzburger Kaffeehaus-Gem\u00fctlichkeitsgef\u00fchl.<\/p>\n<p><a href=\"https:\/\/www.salzburgerland.com\/de\/magazin\/wp-content\/uploads\/2013\/04\/DSC00491.jpg\"><img loading=\"lazy\" decoding=\"async\" class=\"alignnone size-singlePost wp-image-34596\" alt=\"DSC00491\" src=\"https:\/\/www.salzburgerland.com\/de\/magazin\/wp-content\/uploads\/2013\/04\/DSC00491-650x435.jpg\" width=\"650\" height=\"435\" \/><\/a><\/p>\n<address>Foto: Robert Neuschitzer beim Kaffeetrinken<\/address>\n<address>\u00a0<\/address>\n<h3>Adressen und \u00d6ffnungszeiten (alle in Salzburg):<\/h3>\n<p><strong><a href=\"https:\/\/plus.google.com\/115245243074130468538\/about?gl=de&amp;hl=de\" target=\"_blank\" rel=\"noopener noreferrer\">Caf\u00e9 Tomaselli<\/a>:<br \/>\nAlter Markt 9<\/strong><br \/>\n+43 (0)662\/844 488-0<\/p>\n<p><a href=\"https:\/\/plus.google.com\/111146451594142908710\/about?gl=de&amp;hl=de\" target=\"_blank\" rel=\"noopener noreferrer\"><strong>220\u00b0 Grad Caf\u00e9 und R\u00f6sthaus<\/strong><\/a><br \/>\n<strong>Chiemseegasse 5<\/strong><br \/>\n+43 (0)662\/827 881<\/p>\n<p><a href=\"https:\/\/plus.google.com\/118044230211002824623\/about?gl=de&amp;hl=de\" target=\"_blank\" rel=\"noopener noreferrer\"><strong>Caf\u00e9 Bazar<\/strong><\/a><br \/>\n<strong>Schwarzstra\u00dfe 3<\/strong><br \/>\n+43 (0)662\/874 278<\/p>\n<p><a href=\"https:\/\/plus.google.com\/104454014834424955121\/about?gl=de&amp;hl=de\" target=\"_blank\" rel=\"noopener noreferrer\"><strong>Caf\u00e9 Rialto<\/strong><\/a><br \/>\n<strong>Anton-Neumayr-Platz 5<\/strong><br \/>\n+43 (0)662\/849 298 &#8211; 0<\/p>\n<address>\u00a0<\/address>\n<address>Fotocredits: Caf\u00e9 Tomaselli<\/address>\n","protected":false},"excerpt":{"rendered":"<p>&#8222;Zeit&#8220;, sagt Robert Neuschitzer und nippt an seinem Kaffee, &#8222;Zeit f\u00fcr Genuss, das ist es, was unsere Kaffeehaus-Tradition so besonders macht.&#8220; Als Gesch\u00e4ftsf\u00fchrer des Caf\u00e9s Tomaselli kennt er sich mit dem beliebten Hei\u00dfgetr\u00e4nk gut aus. Im Moment h\u00e4lt er eine Tasse frisch gebr\u00fchten Melange in der Hand. &#8222;Nach besonderer Tomaselli-Art. Jedes Kaffeehaus hat traditionell seine [&hellip;]<\/p>\n","protected":false},"author":8,"featured_media":34583,"comment_status":"open","ping_status":"open","sticky":false,"template":"","format":"standard","meta":{"_acf_changed":false,"wl_entities_gutenberg":"","_wl_entity_redirect_enabled":"","footnotes":""},"categories":[3],"tags":[],"wl_entity_type":[306],"monatsauswahl":[],"class_list":["post-34294","post","type-post","status-publish","format-standard","has-post-thumbnail","hentry","category-essen-trinken","wl_entity_type-article"],"acf":[],"yoast_head":"<!-- This site is optimized with the Yoast SEO Premium plugin v27.4 (Yoast SEO v27.4) - https:\/\/yoast.com\/product\/yoast-seo-premium-wordpress\/ -->\n<title>Kaffee trinken in der Mozartstadt - SalzburgerLand Magazin<\/title>\n<meta name=\"description\" content=\"&#8222;Zeit&#8220;, sagt Robert Neuschitzer und nippt an seinem Kaffee, &#8222;Zeit f\u00fcr Genuss, das ist es, was unsere Kaffeehaus-Tradition so besonders macht.&#8220; Als Gesch\u00e4ftsf\u00fchrer des Caf\u00e9s Tomaselli kennt er sich mit dem beliebten Hei\u00dfgetr\u00e4nk gut aus. Im Moment h\u00e4lt er eine Tasse frisch gebr\u00fchten Melange in der Hand. &#8222;Nach besonderer Tomaselli-Art. Jedes Kaffeehaus hat traditionell seine [&hellip;]\" \/>\n<meta name=\"robots\" content=\"index, follow, max-snippet:-1, max-image-preview:large, max-video-preview:-1\" \/>\n<link rel=\"canonical\" href=\"https:\/\/www.salzburgerland.com\/de\/magazin\/kaffee-trinken-in-der-mozartstadt\/\" \/>\n<meta property=\"og:locale\" content=\"de_DE\" \/>\n<meta property=\"og:type\" content=\"article\" \/>\n<meta property=\"og:title\" content=\"Kaffee trinken in der Mozartstadt\" \/>\n<meta property=\"og:description\" content=\"&#8222;Zeit&#8220;, sagt Robert Neuschitzer und nippt an seinem Kaffee, &#8222;Zeit f\u00fcr Genuss, das ist es, was unsere Kaffeehaus-Tradition so besonders macht.&#8220; Als Gesch\u00e4ftsf\u00fchrer des Caf\u00e9s Tomaselli kennt er sich mit dem beliebten Hei\u00dfgetr\u00e4nk gut aus. Im Moment h\u00e4lt er eine Tasse frisch gebr\u00fchten Melange in der Hand. &#8222;Nach besonderer Tomaselli-Art. Jedes Kaffeehaus hat traditionell seine [&hellip;]\" \/>\n<meta property=\"og:url\" content=\"https:\/\/www.salzburgerland.com\/de\/magazin\/kaffee-trinken-in-der-mozartstadt\/\" \/>\n<meta property=\"og:site_name\" content=\"SalzburgerLand Magazin\" \/>\n<meta property=\"article:publisher\" content=\"https:\/\/www.facebook.com\/salzburgerland\/\" \/>\n<meta property=\"article:published_time\" content=\"2013-04-17T13:34:14+00:00\" \/>\n<meta property=\"article:modified_time\" content=\"2019-06-26T18:24:42+00:00\" \/>\n<meta property=\"og:image\" content=\"https:\/\/www.salzburgerland.com\/de\/magazin\/wp-content\/uploads\/2013\/04\/DSC00492.jpg\" \/>\n\t<meta property=\"og:image:width\" content=\"1600\" \/>\n\t<meta property=\"og:image:height\" content=\"1200\" \/>\n\t<meta property=\"og:image:type\" content=\"image\/jpeg\" \/>\n<meta name=\"author\" content=\"Christine Gnahn\" \/>\n<meta name=\"twitter:card\" content=\"summary_large_image\" \/>\n<meta name=\"twitter:creator\" content=\"@Salzburgerland\" \/>\n<meta name=\"twitter:site\" content=\"@Salzburgerland\" \/>\n<meta name=\"twitter:label1\" content=\"Verfasst von\" \/>\n\t<meta name=\"twitter:data1\" content=\"Christine Gnahn\" \/>\n\t<meta name=\"twitter:label2\" content=\"Gesch\u00e4tzte Lesezeit\" \/>\n\t<meta name=\"twitter:data2\" content=\"3\u00a0Minuten\" \/>\n<script type=\"application\/ld+json\" class=\"yoast-schema-graph\">{\"@context\":\"https:\\\/\\\/schema.org\",\"@graph\":[{\"@type\":\"Article\",\"@id\":\"https:\\\/\\\/www.salzburgerland.com\\\/de\\\/magazin\\\/kaffee-trinken-in-der-mozartstadt\\\/#article\",\"isPartOf\":{\"@id\":\"https:\\\/\\\/www.salzburgerland.com\\\/de\\\/magazin\\\/kaffee-trinken-in-der-mozartstadt\\\/\"},\"author\":{\"name\":\"Christine Gnahn\",\"@id\":\"https:\\\/\\\/www.salzburgerland.com\\\/de\\\/magazin\\\/#\\\/schema\\\/person\\\/bffbd5cf7c6a1f4948505566c7fcff7c\"},\"headline\":\"Kaffee trinken in der Mozartstadt\",\"datePublished\":\"2013-04-17T13:34:14+00:00\",\"dateModified\":\"2019-06-26T18:24:42+00:00\",\"mainEntityOfPage\":{\"@id\":\"https:\\\/\\\/www.salzburgerland.com\\\/de\\\/magazin\\\/kaffee-trinken-in-der-mozartstadt\\\/\"},\"wordCount\":663,\"commentCount\":0,\"publisher\":{\"@id\":\"https:\\\/\\\/www.salzburgerland.com\\\/de\\\/magazin\\\/#organization\"},\"image\":{\"@id\":\"https:\\\/\\\/www.salzburgerland.com\\\/de\\\/magazin\\\/kaffee-trinken-in-der-mozartstadt\\\/#primaryimage\"},\"thumbnailUrl\":\"https:\\\/\\\/www.salzburgerland.com\\\/de\\\/magazin\\\/wp-content\\\/uploads\\\/2013\\\/04\\\/DSC00492.jpg\",\"articleSection\":[\"Essen &amp; Trinken\"],\"inLanguage\":\"de\",\"potentialAction\":[{\"@type\":\"CommentAction\",\"name\":\"Comment\",\"target\":[\"https:\\\/\\\/www.salzburgerland.com\\\/de\\\/magazin\\\/kaffee-trinken-in-der-mozartstadt\\\/#respond\"]}]},{\"@type\":\"WebPage\",\"@id\":\"https:\\\/\\\/www.salzburgerland.com\\\/de\\\/magazin\\\/kaffee-trinken-in-der-mozartstadt\\\/\",\"url\":\"https:\\\/\\\/www.salzburgerland.com\\\/de\\\/magazin\\\/kaffee-trinken-in-der-mozartstadt\\\/\",\"name\":\"Kaffee trinken in der Mozartstadt - SalzburgerLand Magazin\",\"isPartOf\":{\"@id\":\"https:\\\/\\\/www.salzburgerland.com\\\/de\\\/magazin\\\/#website\"},\"primaryImageOfPage\":{\"@id\":\"https:\\\/\\\/www.salzburgerland.com\\\/de\\\/magazin\\\/kaffee-trinken-in-der-mozartstadt\\\/#primaryimage\"},\"image\":{\"@id\":\"https:\\\/\\\/www.salzburgerland.com\\\/de\\\/magazin\\\/kaffee-trinken-in-der-mozartstadt\\\/#primaryimage\"},\"thumbnailUrl\":\"https:\\\/\\\/www.salzburgerland.com\\\/de\\\/magazin\\\/wp-content\\\/uploads\\\/2013\\\/04\\\/DSC00492.jpg\",\"datePublished\":\"2013-04-17T13:34:14+00:00\",\"dateModified\":\"2019-06-26T18:24:42+00:00\",\"breadcrumb\":{\"@id\":\"https:\\\/\\\/www.salzburgerland.com\\\/de\\\/magazin\\\/kaffee-trinken-in-der-mozartstadt\\\/#breadcrumb\"},\"inLanguage\":\"de\",\"potentialAction\":[{\"@type\":\"ReadAction\",\"target\":[\"https:\\\/\\\/www.salzburgerland.com\\\/de\\\/magazin\\\/kaffee-trinken-in-der-mozartstadt\\\/\"]}]},{\"@type\":\"ImageObject\",\"inLanguage\":\"de\",\"@id\":\"https:\\\/\\\/www.salzburgerland.com\\\/de\\\/magazin\\\/kaffee-trinken-in-der-mozartstadt\\\/#primaryimage\",\"url\":\"https:\\\/\\\/www.salzburgerland.com\\\/de\\\/magazin\\\/wp-content\\\/uploads\\\/2013\\\/04\\\/DSC00492.jpg\",\"contentUrl\":\"https:\\\/\\\/www.salzburgerland.com\\\/de\\\/magazin\\\/wp-content\\\/uploads\\\/2013\\\/04\\\/DSC00492.jpg\",\"width\":1600,\"height\":1200,\"caption\":\"L\u00e4chelnde Kellnerin, die ein Tablett mit einer Tasse und einer Untertasse in einem belebten Caf\u00e9 h\u00e4lt, mit Menschen im Hintergrund.\"},{\"@type\":\"BreadcrumbList\",\"@id\":\"https:\\\/\\\/www.salzburgerland.com\\\/de\\\/magazin\\\/kaffee-trinken-in-der-mozartstadt\\\/#breadcrumb\",\"itemListElement\":[{\"@type\":\"ListItem\",\"position\":1,\"name\":\"Startseite\",\"item\":\"https:\\\/\\\/www.salzburgerland.com\\\/de\\\/magazin\\\/\"},{\"@type\":\"ListItem\",\"position\":2,\"name\":\"Essen &amp; Trinken\",\"item\":\"https:\\\/\\\/www.salzburgerland.com\\\/de\\\/magazin\\\/thema\\\/essen-trinken\\\/\"},{\"@type\":\"ListItem\",\"position\":3,\"name\":\"Kaffee trinken in der Mozartstadt\"}]},{\"@type\":\"WebSite\",\"@id\":\"https:\\\/\\\/www.salzburgerland.com\\\/de\\\/magazin\\\/#website\",\"url\":\"https:\\\/\\\/www.salzburgerland.com\\\/de\\\/magazin\\\/\",\"name\":\"SalzburgerLand Magazin\",\"description\":\"Geschichten und Interessantes aus dem SalzburgerLand\",\"publisher\":{\"@id\":\"https:\\\/\\\/www.salzburgerland.com\\\/de\\\/magazin\\\/#organization\"},\"potentialAction\":[{\"@type\":\"SearchAction\",\"target\":{\"@type\":\"EntryPoint\",\"urlTemplate\":\"https:\\\/\\\/www.salzburgerland.com\\\/de\\\/magazin\\\/?s={search_term_string}\"},\"query-input\":{\"@type\":\"PropertyValueSpecification\",\"valueRequired\":true,\"valueName\":\"search_term_string\"}}],\"inLanguage\":\"de\"},{\"@type\":\"Organization\",\"@id\":\"https:\\\/\\\/www.salzburgerland.com\\\/de\\\/magazin\\\/#organization\",\"name\":\"SalzburgerLand Tourismus\",\"url\":\"https:\\\/\\\/www.salzburgerland.com\\\/de\\\/magazin\\\/\",\"logo\":{\"@type\":\"ImageObject\",\"inLanguage\":\"de\",\"@id\":\"https:\\\/\\\/www.salzburgerland.com\\\/de\\\/magazin\\\/#\\\/schema\\\/logo\\\/image\\\/\",\"url\":\"https:\\\/\\\/www.salzburgerland.com\\\/de\\\/magazin\\\/wp-content\\\/uploads\\\/2019\\\/06\\\/salzburgerland-logo1.jpg\",\"contentUrl\":\"https:\\\/\\\/www.salzburgerland.com\\\/de\\\/magazin\\\/wp-content\\\/uploads\\\/2019\\\/06\\\/salzburgerland-logo1.jpg\",\"width\":2011,\"height\":866,\"caption\":\"SalzburgerLand Tourismus\"},\"image\":{\"@id\":\"https:\\\/\\\/www.salzburgerland.com\\\/de\\\/magazin\\\/#\\\/schema\\\/logo\\\/image\\\/\"},\"sameAs\":[\"https:\\\/\\\/www.facebook.com\\\/salzburgerland\\\/\",\"https:\\\/\\\/x.com\\\/Salzburgerland\",\"https:\\\/\\\/www.instagram.com\\\/salzburgerland\\\/\",\"https:\\\/\\\/at.linkedin.com\\\/company\\\/salzburgerland-tourismus-gmbh\",\"https:\\\/\\\/www.pinterest.at\\\/salzburgerland\\\/\",\"https:\\\/\\\/www.youtube.com\\\/user\\\/salzburgerland\",\"https:\\\/\\\/de.wikipedia.org\\\/wiki\\\/SalzburgerLand_Tourismus_GmbH\"]},{\"@type\":\"Person\",\"@id\":\"https:\\\/\\\/www.salzburgerland.com\\\/de\\\/magazin\\\/#\\\/schema\\\/person\\\/bffbd5cf7c6a1f4948505566c7fcff7c\",\"name\":\"Christine Gnahn\",\"description\":\"Christine Gnahn ist mit Leidenschaft dabei, wenn es um Kunst, Kultur und Menschen im sch\u00f6nen SalzburgerLand geht. In ihrer Freizeit ist sie gern immer im Trubel des Geschehens und verbringt viel Zeit mit Sport und Wandern in der heilsamen Atmosph\u00e4re vom Salzburger M\u00f6nchs- und Kapuzinerberg. Das Schreiben ist sowohl Beruf als auch Hobby: Auch Gedichte, Kurzgeschichten und Romane z\u00e4hlen zum Repertoire der 22-j\u00e4hrigen Journalistin und Schrifstellerin. Um den eigenen Horrizont zu erweitern, begibt sie sich regelm\u00e4\u00dfig auf abenteuerliche Rucksackreisen durch aller Herren L\u00e4nder. Lebensmotto: Leb den Moment! Fragen mit Antworten von Christine Gnahn Morgen- oder Abendmensch? Wenn Morgens die Sonne aufgeht bin ich putzmunter und hab Riesenhunger auf Fr\u00fchst\u00fcck und Leben! Ich wei\u00df ich geh\u00f6re einer aussterbenden Rasse an aber ich f\u00fchle mich pudelwohl damit! Im Morgen liegt einfach eine besondere Kraft: Die Kraft des Neubeginns. Wellnessurlaub oder Rucksackreise? Rucksackreise, ruhig auch ohne jeglichen Komfort. Ich gehe auf Reisen, um Menschen, Land und Lebensgef\u00fchl zu sp\u00fcren. Dazu braucht es weder h\u00fcbsches Hotelzimmer noch edle Buffets. Alles Hab und Gut auf den R\u00fccken und bereit f\u00fcr jedes Abenteuer, das ist doch die wahre Freiheit! Berge oder Meer? Obwohl ich die Berge sehr liebe, w\u00fcrde ich wohl meist das Meer bevorzugen. Schon als Kind Stunden und Tage an der Adria verbracht, ist es mit seinen Wellen, Str\u00f6mung, Flut und Ebbe f\u00fcr mich Sinnbild der Energie und der Ruhe zugleich. Wandern oder Laufen? Ich bin ein Sportfreak. Erst morgens Laufen, dann Wandern! Turnschuhe oder High Heels? Ich besitze ein paar High Heels und die trage ich ungef\u00e4hr einmal in zwei Jahren. Im \u00fcbrigen ist High Heel wohl auch ein klarer Euphemismus f\u00fcr drei Zentimeter Absatz. Gmiadlich soll's sein und ich will mich wohlf\u00fchlen, daher: Turnschuhe! Fr\u00fchling, Sommer, Herbst oder Winter? Ich mag eigentlich jede Jahreszeit. Grad in Australien, wo grad im Norden Jahreszeiten eigentlich komplett durch Regen- und Trockenzeit ersetzt werden, lernt man sie zu sch\u00e4tzen. Aber wenn ich w\u00e4hlen muss, mag ich wohl Fr\u00fchling und Sommer am liebsten. Rindsroulade vom Pinzgauer Biorind oder Saibling fangfrisch aus dem\u00a0Fuschlsee? Ganz klar der Fisch! Grad frischem Fisch kann ich nicht widerstehen. Dazu noch ein Hauch Zitrone... mhhhh!\",\"url\":\"https:\\\/\\\/www.salzburgerland.com\\\/de\\\/magazin\\\/author\\\/cgnahn\\\/\"}]}<\/script>\n<!-- \/ Yoast SEO Premium plugin. -->","yoast_head_json":{"title":"Kaffee trinken in der Mozartstadt - SalzburgerLand Magazin","description":"&#8222;Zeit&#8220;, sagt Robert Neuschitzer und nippt an seinem Kaffee, &#8222;Zeit f\u00fcr Genuss, das ist es, was unsere Kaffeehaus-Tradition so besonders macht.&#8220; Als Gesch\u00e4ftsf\u00fchrer des Caf\u00e9s Tomaselli kennt er sich mit dem beliebten Hei\u00dfgetr\u00e4nk gut aus. Im Moment h\u00e4lt er eine Tasse frisch gebr\u00fchten Melange in der Hand. &#8222;Nach besonderer Tomaselli-Art. Jedes Kaffeehaus hat traditionell seine [&hellip;]","robots":{"index":"index","follow":"follow","max-snippet":"max-snippet:-1","max-image-preview":"max-image-preview:large","max-video-preview":"max-video-preview:-1"},"canonical":"https:\/\/www.salzburgerland.com\/de\/magazin\/kaffee-trinken-in-der-mozartstadt\/","og_locale":"de_DE","og_type":"article","og_title":"Kaffee trinken in der Mozartstadt","og_description":"&#8222;Zeit&#8220;, sagt Robert Neuschitzer und nippt an seinem Kaffee, &#8222;Zeit f\u00fcr Genuss, das ist es, was unsere Kaffeehaus-Tradition so besonders macht.&#8220; Als Gesch\u00e4ftsf\u00fchrer des Caf\u00e9s Tomaselli kennt er sich mit dem beliebten Hei\u00dfgetr\u00e4nk gut aus. Im Moment h\u00e4lt er eine Tasse frisch gebr\u00fchten Melange in der Hand. &#8222;Nach besonderer Tomaselli-Art. Jedes Kaffeehaus hat traditionell seine [&hellip;]","og_url":"https:\/\/www.salzburgerland.com\/de\/magazin\/kaffee-trinken-in-der-mozartstadt\/","og_site_name":"SalzburgerLand Magazin","article_publisher":"https:\/\/www.facebook.com\/salzburgerland\/","article_published_time":"2013-04-17T13:34:14+00:00","article_modified_time":"2019-06-26T18:24:42+00:00","og_image":[{"width":1600,"height":1200,"url":"https:\/\/www.salzburgerland.com\/de\/magazin\/wp-content\/uploads\/2013\/04\/DSC00492.jpg","type":"image\/jpeg"}],"author":"Christine Gnahn","twitter_card":"summary_large_image","twitter_creator":"@Salzburgerland","twitter_site":"@Salzburgerland","twitter_misc":{"Verfasst von":"Christine Gnahn","Gesch\u00e4tzte Lesezeit":"3\u00a0Minuten"},"schema":{"@context":"https:\/\/schema.org","@graph":[{"@type":"Article","@id":"https:\/\/www.salzburgerland.com\/de\/magazin\/kaffee-trinken-in-der-mozartstadt\/#article","isPartOf":{"@id":"https:\/\/www.salzburgerland.com\/de\/magazin\/kaffee-trinken-in-der-mozartstadt\/"},"author":{"name":"Christine Gnahn","@id":"https:\/\/www.salzburgerland.com\/de\/magazin\/#\/schema\/person\/bffbd5cf7c6a1f4948505566c7fcff7c"},"headline":"Kaffee trinken in der Mozartstadt","datePublished":"2013-04-17T13:34:14+00:00","dateModified":"2019-06-26T18:24:42+00:00","mainEntityOfPage":{"@id":"https:\/\/www.salzburgerland.com\/de\/magazin\/kaffee-trinken-in-der-mozartstadt\/"},"wordCount":663,"commentCount":0,"publisher":{"@id":"https:\/\/www.salzburgerland.com\/de\/magazin\/#organization"},"image":{"@id":"https:\/\/www.salzburgerland.com\/de\/magazin\/kaffee-trinken-in-der-mozartstadt\/#primaryimage"},"thumbnailUrl":"https:\/\/www.salzburgerland.com\/de\/magazin\/wp-content\/uploads\/2013\/04\/DSC00492.jpg","articleSection":["Essen &amp; Trinken"],"inLanguage":"de","potentialAction":[{"@type":"CommentAction","name":"Comment","target":["https:\/\/www.salzburgerland.com\/de\/magazin\/kaffee-trinken-in-der-mozartstadt\/#respond"]}]},{"@type":"WebPage","@id":"https:\/\/www.salzburgerland.com\/de\/magazin\/kaffee-trinken-in-der-mozartstadt\/","url":"https:\/\/www.salzburgerland.com\/de\/magazin\/kaffee-trinken-in-der-mozartstadt\/","name":"Kaffee trinken in der Mozartstadt - SalzburgerLand Magazin","isPartOf":{"@id":"https:\/\/www.salzburgerland.com\/de\/magazin\/#website"},"primaryImageOfPage":{"@id":"https:\/\/www.salzburgerland.com\/de\/magazin\/kaffee-trinken-in-der-mozartstadt\/#primaryimage"},"image":{"@id":"https:\/\/www.salzburgerland.com\/de\/magazin\/kaffee-trinken-in-der-mozartstadt\/#primaryimage"},"thumbnailUrl":"https:\/\/www.salzburgerland.com\/de\/magazin\/wp-content\/uploads\/2013\/04\/DSC00492.jpg","datePublished":"2013-04-17T13:34:14+00:00","dateModified":"2019-06-26T18:24:42+00:00","breadcrumb":{"@id":"https:\/\/www.salzburgerland.com\/de\/magazin\/kaffee-trinken-in-der-mozartstadt\/#breadcrumb"},"inLanguage":"de","potentialAction":[{"@type":"ReadAction","target":["https:\/\/www.salzburgerland.com\/de\/magazin\/kaffee-trinken-in-der-mozartstadt\/"]}]},{"@type":"ImageObject","inLanguage":"de","@id":"https:\/\/www.salzburgerland.com\/de\/magazin\/kaffee-trinken-in-der-mozartstadt\/#primaryimage","url":"https:\/\/www.salzburgerland.com\/de\/magazin\/wp-content\/uploads\/2013\/04\/DSC00492.jpg","contentUrl":"https:\/\/www.salzburgerland.com\/de\/magazin\/wp-content\/uploads\/2013\/04\/DSC00492.jpg","width":1600,"height":1200,"caption":"L\u00e4chelnde Kellnerin, die ein Tablett mit einer Tasse und einer Untertasse in einem belebten Caf\u00e9 h\u00e4lt, mit Menschen im Hintergrund."},{"@type":"BreadcrumbList","@id":"https:\/\/www.salzburgerland.com\/de\/magazin\/kaffee-trinken-in-der-mozartstadt\/#breadcrumb","itemListElement":[{"@type":"ListItem","position":1,"name":"Startseite","item":"https:\/\/www.salzburgerland.com\/de\/magazin\/"},{"@type":"ListItem","position":2,"name":"Essen &amp; Trinken","item":"https:\/\/www.salzburgerland.com\/de\/magazin\/thema\/essen-trinken\/"},{"@type":"ListItem","position":3,"name":"Kaffee trinken in der Mozartstadt"}]},{"@type":"WebSite","@id":"https:\/\/www.salzburgerland.com\/de\/magazin\/#website","url":"https:\/\/www.salzburgerland.com\/de\/magazin\/","name":"SalzburgerLand Magazin","description":"Geschichten und Interessantes aus dem SalzburgerLand","publisher":{"@id":"https:\/\/www.salzburgerland.com\/de\/magazin\/#organization"},"potentialAction":[{"@type":"SearchAction","target":{"@type":"EntryPoint","urlTemplate":"https:\/\/www.salzburgerland.com\/de\/magazin\/?s={search_term_string}"},"query-input":{"@type":"PropertyValueSpecification","valueRequired":true,"valueName":"search_term_string"}}],"inLanguage":"de"},{"@type":"Organization","@id":"https:\/\/www.salzburgerland.com\/de\/magazin\/#organization","name":"SalzburgerLand Tourismus","url":"https:\/\/www.salzburgerland.com\/de\/magazin\/","logo":{"@type":"ImageObject","inLanguage":"de","@id":"https:\/\/www.salzburgerland.com\/de\/magazin\/#\/schema\/logo\/image\/","url":"https:\/\/www.salzburgerland.com\/de\/magazin\/wp-content\/uploads\/2019\/06\/salzburgerland-logo1.jpg","contentUrl":"https:\/\/www.salzburgerland.com\/de\/magazin\/wp-content\/uploads\/2019\/06\/salzburgerland-logo1.jpg","width":2011,"height":866,"caption":"SalzburgerLand Tourismus"},"image":{"@id":"https:\/\/www.salzburgerland.com\/de\/magazin\/#\/schema\/logo\/image\/"},"sameAs":["https:\/\/www.facebook.com\/salzburgerland\/","https:\/\/x.com\/Salzburgerland","https:\/\/www.instagram.com\/salzburgerland\/","https:\/\/at.linkedin.com\/company\/salzburgerland-tourismus-gmbh","https:\/\/www.pinterest.at\/salzburgerland\/","https:\/\/www.youtube.com\/user\/salzburgerland","https:\/\/de.wikipedia.org\/wiki\/SalzburgerLand_Tourismus_GmbH"]},{"@type":"Person","@id":"https:\/\/www.salzburgerland.com\/de\/magazin\/#\/schema\/person\/bffbd5cf7c6a1f4948505566c7fcff7c","name":"Christine Gnahn","description":"Christine Gnahn ist mit Leidenschaft dabei, wenn es um Kunst, Kultur und Menschen im sch\u00f6nen SalzburgerLand geht. In ihrer Freizeit ist sie gern immer im Trubel des Geschehens und verbringt viel Zeit mit Sport und Wandern in der heilsamen Atmosph\u00e4re vom Salzburger M\u00f6nchs- und Kapuzinerberg. Das Schreiben ist sowohl Beruf als auch Hobby: Auch Gedichte, Kurzgeschichten und Romane z\u00e4hlen zum Repertoire der 22-j\u00e4hrigen Journalistin und Schrifstellerin. Um den eigenen Horrizont zu erweitern, begibt sie sich regelm\u00e4\u00dfig auf abenteuerliche Rucksackreisen durch aller Herren L\u00e4nder. Lebensmotto: Leb den Moment! Fragen mit Antworten von Christine Gnahn Morgen- oder Abendmensch? Wenn Morgens die Sonne aufgeht bin ich putzmunter und hab Riesenhunger auf Fr\u00fchst\u00fcck und Leben! Ich wei\u00df ich geh\u00f6re einer aussterbenden Rasse an aber ich f\u00fchle mich pudelwohl damit! Im Morgen liegt einfach eine besondere Kraft: Die Kraft des Neubeginns. Wellnessurlaub oder Rucksackreise? Rucksackreise, ruhig auch ohne jeglichen Komfort. Ich gehe auf Reisen, um Menschen, Land und Lebensgef\u00fchl zu sp\u00fcren. Dazu braucht es weder h\u00fcbsches Hotelzimmer noch edle Buffets. Alles Hab und Gut auf den R\u00fccken und bereit f\u00fcr jedes Abenteuer, das ist doch die wahre Freiheit! Berge oder Meer? Obwohl ich die Berge sehr liebe, w\u00fcrde ich wohl meist das Meer bevorzugen. Schon als Kind Stunden und Tage an der Adria verbracht, ist es mit seinen Wellen, Str\u00f6mung, Flut und Ebbe f\u00fcr mich Sinnbild der Energie und der Ruhe zugleich. Wandern oder Laufen? Ich bin ein Sportfreak. Erst morgens Laufen, dann Wandern! Turnschuhe oder High Heels? Ich besitze ein paar High Heels und die trage ich ungef\u00e4hr einmal in zwei Jahren. Im \u00fcbrigen ist High Heel wohl auch ein klarer Euphemismus f\u00fcr drei Zentimeter Absatz. Gmiadlich soll's sein und ich will mich wohlf\u00fchlen, daher: Turnschuhe! Fr\u00fchling, Sommer, Herbst oder Winter? Ich mag eigentlich jede Jahreszeit. Grad in Australien, wo grad im Norden Jahreszeiten eigentlich komplett durch Regen- und Trockenzeit ersetzt werden, lernt man sie zu sch\u00e4tzen. Aber wenn ich w\u00e4hlen muss, mag ich wohl Fr\u00fchling und Sommer am liebsten. Rindsroulade vom Pinzgauer Biorind oder Saibling fangfrisch aus dem\u00a0Fuschlsee? Ganz klar der Fisch! Grad frischem Fisch kann ich nicht widerstehen. Dazu noch ein Hauch Zitrone... mhhhh!","url":"https:\/\/www.salzburgerland.com\/de\/magazin\/author\/cgnahn\/"}]}},"_wl_alt_label":[],"wl:entity_url":"http:\/\/open.salzburgerland.com\/magazin\/post\/kaffee_trinken_in_der_mozartstadt","_links":{"self":[{"href":"https:\/\/www.salzburgerland.com\/de\/magazin\/wp-json\/wp\/v2\/posts\/34294","targetHints":{"allow":["GET"]}}],"collection":[{"href":"https:\/\/www.salzburgerland.com\/de\/magazin\/wp-json\/wp\/v2\/posts"}],"about":[{"href":"https:\/\/www.salzburgerland.com\/de\/magazin\/wp-json\/wp\/v2\/types\/post"}],"author":[{"embeddable":true,"href":"https:\/\/www.salzburgerland.com\/de\/magazin\/wp-json\/wp\/v2\/users\/8"}],"replies":[{"embeddable":true,"href":"https:\/\/www.salzburgerland.com\/de\/magazin\/wp-json\/wp\/v2\/comments?post=34294"}],"version-history":[{"count":0,"href":"https:\/\/www.salzburgerland.com\/de\/magazin\/wp-json\/wp\/v2\/posts\/34294\/revisions"}],"wp:featuredmedia":[{"embeddable":true,"href":"https:\/\/www.salzburgerland.com\/de\/magazin\/wp-json\/wp\/v2\/media\/34583"}],"wp:attachment":[{"href":"https:\/\/www.salzburgerland.com\/de\/magazin\/wp-json\/wp\/v2\/media?parent=34294"}],"wp:term":[{"taxonomy":"category","embeddable":true,"href":"https:\/\/www.salzburgerland.com\/de\/magazin\/wp-json\/wp\/v2\/categories?post=34294"},{"taxonomy":"post_tag","embeddable":true,"href":"https:\/\/www.salzburgerland.com\/de\/magazin\/wp-json\/wp\/v2\/tags?post=34294"},{"taxonomy":"wl_entity_type","embeddable":true,"href":"https:\/\/www.salzburgerland.com\/de\/magazin\/wp-json\/wp\/v2\/wl_entity_type?post=34294"},{"taxonomy":"monatsauswahl","embeddable":true,"href":"https:\/\/www.salzburgerland.com\/de\/magazin\/wp-json\/wp\/v2\/monatsauswahl?post=34294"}],"curies":[{"name":"wp","href":"https:\/\/api.w.org\/{rel}","templated":true}]}}