{"id":33887,"date":"2013-04-10T15:20:10","date_gmt":"2013-04-10T13:20:10","guid":{"rendered":"http:\/\/magazin.salzburgerland.com\/?p=33887"},"modified":"2019-06-26T20:25:11","modified_gmt":"2019-06-26T18:25:11","slug":"salzburger-hotelchefin-anna-sigl-sorgt-fur-lifestylefaktor","status":"publish","type":"post","link":"https:\/\/www.salzburgerland.com\/de\/magazin\/salzburger-hotelchefin-anna-sigl-sorgt-fur-lifestylefaktor\/","title":{"rendered":"Salzburger Hotelchefin Anna Sigl sorgt f\u00fcr Lifestylefaktor"},"content":{"rendered":"<p><strong>Wenn das Salzburger <a title=\"Hotel Villa Carlton\" href=\"http:\/\/www.villa-carlton.at\/\" target=\"_blank\" rel=\"noopener noreferrer\">Stadthotel Carlton<\/a> vor kreativen Ideen \u00fcberkocht und bunte Accessoires bis vor den Hoteleingang verteilt sind, steckt \u00a0Chefin Anna Sunshine Sigl dahinter.<\/strong><\/p>\n<p>Sie ist bekannt f\u00fcr ihre bunten, witzig-kreativen Ideen und lebt die in ihren beiden gem\u00fctlichen Stadthotels Carlton und <a title=\"Hotel Markus Sittikus\" href=\"http:\/\/markus-sittikus.at\/\" target=\"_blank\" rel=\"noopener noreferrer\">Markus Sittikus<\/a> aus. Ihre Boutiquehotels \u00a0sind keine Absteige f\u00fcr Spie\u00dfer.<\/p>\n<p>Tradition und Moderne im Mix sind ihr Anspruch. Das Markus Sittikus verbindet das wie kein anderes und war Annas erstes Hotel, das ihre stilistische Handschrift tr\u00e4gt. \u00a0Ihre Hotels stehen f\u00fcr den typischen Anna Kick mit Liebe zum Detail. Das Lifestyle Stadthotel Carlton ist Anna pur. Schon die beiden orangen St\u00fchle vor dem Eingang sind ein erstes Zeichen. Felle im Winter laden zum Warten im Freien ein. Im Sommer sollen neue kreative Ideen \u00fcberraschen. Ein Teddy mit Happy Day Shirt Aufschrift schwebt ihr im Moment vor \u2013bei ihr ist man in einem st\u00e4ndigen Kreativ-Flow.<\/p>\n<p>Das Markus Sittikus Wappen Hotelwappen hat sie kurzerhand modernisiert. Die Gemse darauf hei\u00dft Bocki und ist dem heute puristisch klarer angepasst. Im Boutiquehotel Markus Sittikus \u00fcberwiegt die Farbe t\u00fcrkis, das Carlton ist lila. Farben spielen in Annas Leben eine wichtige Rolle. Da passt sie auch immer wieder mal ihre Haarfarbe der Logofarbe an oder sorgt mit bunten Frisuren f\u00fcr Aufregung in der Mozartstadt.<\/p>\n<p>Ihre eigene <a title=\"Sunshine Schuh Kollektion\" href=\"http:\/\/www.sunshine-collection.com\/index.html\" target=\"_blank\" rel=\"noopener noreferrer\">Schuhkollektion<\/a> entstand aus\u00a0 einer Idee den Mitarbeiter passende stylische Logo-Schuhe zu designen. \u00a0Mit ihrer Kollektion schaffte sie es\u00a0 bis in\u00a0 Modebibeln wie wie Madame und Woman . Anna ist der Darling der Medien und immer f\u00fcr Geschichten gut. Mal stellt sie Salzburg in ihrem rosa Jeep auf den Kopf, mal chauffiert sie ihre G\u00e4ste aufgrund der Altstadt-Autosperre mit ihrem eigens designten Golfcar vor das Festspielhaus.<\/p>\n<p>Hotelchefin Anna, die sp\u00e4ter den Nickname Sunshine auch offiziell im Pass eintragen lie\u00df kommt aus einer Gastronomiedynastie. Ihr Onkel ist <a title=\"Privatbrauerei Trumer\" href=\"http:\/\/www.trumer.at\/\" target=\"_blank\" rel=\"noopener noreferrer\">Trumer Bier <\/a>Chef Josef Sigl. Gastgeberin zu sein wurde ihr in die Wiege gelegt.<\/p>\n<p>Ihre Hotelausstattungen findet sie in internationalen M\u00f6belstores und im Internet. Bei ihr ist nichts wie \u00fcberall. Uniform\u00a0 f\u00fcr Mitarbeiter: Fehlanzeige. Ihr Fr\u00fchst\u00fcckspersonal hat gerade wieder neue Sch\u00fcrzen bekommen. Je nach Geschmack im Pin-up oder Westernstyle. Hauptsache individuell.<\/p>\n<div class=\"mag-gallery\"><div class=\"row\"><div class=\"col-6 col-sm-4\"><figure><a class=\"thumb-container\" href=\"https:\/\/www.salzburgerland.com\/de\/magazin\/wp-content\/uploads\/2013\/04\/Hotel-Carlton001-1280x1024.jpg\">\t<picture><source media=\"(min-width: 576px)\" srcset=\"https:\/\/www.salzburgerland.com\/de\/magazin\/wp-content\/uploads\/2013\/04\/Hotel-Carlton001-325x209.jpg 325w, https:\/\/www.salzburgerland.com\/de\/magazin\/wp-content\/uploads\/2013\/04\/Hotel-Carlton001-249x160.jpg 249w\" \/><source media=\"(min-width: 0)\" srcset=\"https:\/\/www.salzburgerland.com\/de\/magazin\/wp-content\/uploads\/2013\/04\/Hotel-Carlton001-249x160.jpg 249w, https:\/\/www.salzburgerland.com\/de\/magazin\/wp-content\/uploads\/2013\/04\/Hotel-Carlton001-325x209.jpg 325w\" \/><img decoding=\"async\" alt=\"Moderne Lounge mit beigen Sofas, bunten Kissen, wei\u00dfen Lampen und einer getopften Orchidee auf dem Tisch.\" src=\"https:\/\/www.salzburgerland.com\/de\/magazin\/wp-content\/uploads\/2013\/04\/Hotel-Carlton001.jpg\" \/>\t<\/picture><\/a><\/figure><\/div><div class=\"col-6 col-sm-4\"><figure><a class=\"thumb-container\" href=\"https:\/\/www.salzburgerland.com\/de\/magazin\/wp-content\/uploads\/2013\/04\/Hotel-Carlton002-1280x1024.jpg\">\t<picture><source media=\"(min-width: 576px)\" srcset=\"https:\/\/www.salzburgerland.com\/de\/magazin\/wp-content\/uploads\/2013\/04\/Hotel-Carlton002-325x209.jpg 325w, https:\/\/www.salzburgerland.com\/de\/magazin\/wp-content\/uploads\/2013\/04\/Hotel-Carlton002-249x160.jpg 249w\" \/><source media=\"(min-width: 0)\" srcset=\"https:\/\/www.salzburgerland.com\/de\/magazin\/wp-content\/uploads\/2013\/04\/Hotel-Carlton002-249x160.jpg 249w, https:\/\/www.salzburgerland.com\/de\/magazin\/wp-content\/uploads\/2013\/04\/Hotel-Carlton002-325x209.jpg 325w\" \/><img decoding=\"async\" alt=\"Eine l\u00e4chelnde Frau steht neben einer roten Statue, die einen schwarzen Hut tr\u00e4gt, in einem modernen, stilvollen Raum mit H\u00e4ngelampen.\" src=\"https:\/\/www.salzburgerland.com\/de\/magazin\/wp-content\/uploads\/2013\/04\/Hotel-Carlton002.jpg\" \/>\t<\/picture><\/a><\/figure><\/div><div class=\"col-6 col-sm-4\"><figure><a class=\"thumb-container\" href=\"https:\/\/www.salzburgerland.com\/de\/magazin\/wp-content\/uploads\/2013\/04\/Hotel-Carlton005-1280x1024.jpg\">\t<picture><source media=\"(min-width: 576px)\" srcset=\"\" \/><source media=\"(min-width: 0)\" srcset=\"https:\/\/www.salzburgerland.com\/de\/magazin\/wp-content\/uploads\/2013\/04\/Hotel-Carlton005.jpg 1067w, https:\/\/www.salzburgerland.com\/de\/magazin\/wp-content\/uploads\/2013\/04\/Hotel-Carlton005-200x300.jpg 200w, https:\/\/www.salzburgerland.com\/de\/magazin\/wp-content\/uploads\/2013\/04\/Hotel-Carlton005-367x550.jpg 367w, https:\/\/www.salzburgerland.com\/de\/magazin\/wp-content\/uploads\/2013\/04\/Hotel-Carlton005-267x400.jpg 267w\" \/><img decoding=\"async\" alt=\"L\u00e4chelnde Person in rosa Hose winkt vor dem Hotel Villa Carlton mit bl\u00fchenden B\u00e4umen im Hintergrund.\" src=\"https:\/\/www.salzburgerland.com\/de\/magazin\/wp-content\/uploads\/2013\/04\/Hotel-Carlton005.jpg\" \/>\t<\/picture><\/a><\/figure><\/div><div class=\"col-6 col-sm-4\"><figure><a class=\"thumb-container\" href=\"https:\/\/www.salzburgerland.com\/de\/magazin\/wp-content\/uploads\/2013\/04\/Hotel-Carlton006-1280x1024.jpg\">\t<picture><source media=\"(min-width: 576px)\" srcset=\"https:\/\/www.salzburgerland.com\/de\/magazin\/wp-content\/uploads\/2013\/04\/Hotel-Carlton006-325x209.jpg 325w, https:\/\/www.salzburgerland.com\/de\/magazin\/wp-content\/uploads\/2013\/04\/Hotel-Carlton006-249x160.jpg 249w\" \/><source media=\"(min-width: 0)\" srcset=\"https:\/\/www.salzburgerland.com\/de\/magazin\/wp-content\/uploads\/2013\/04\/Hotel-Carlton006-249x160.jpg 249w, https:\/\/www.salzburgerland.com\/de\/magazin\/wp-content\/uploads\/2013\/04\/Hotel-Carlton006-325x209.jpg 325w\" \/><img decoding=\"async\" alt=\"L\u00e4chelnde Person, die ein hellrosa Kissen mit einem wei\u00df-roten Drachenmuster h\u00e4lt und im Freien sitzt.\" src=\"https:\/\/www.salzburgerland.com\/de\/magazin\/wp-content\/uploads\/2013\/04\/Hotel-Carlton006.jpg\" \/>\t<\/picture><\/a><\/figure><\/div><div class=\"col-6 col-sm-4\"><figure><a class=\"thumb-container\" href=\"https:\/\/www.salzburgerland.com\/de\/magazin\/wp-content\/uploads\/2013\/04\/Hotel-Carlton012-1280x1024.jpg\">\t<picture><source media=\"(min-width: 576px)\" srcset=\"https:\/\/www.salzburgerland.com\/de\/magazin\/wp-content\/uploads\/2013\/04\/Hotel-Carlton012-325x209.jpg 325w, https:\/\/www.salzburgerland.com\/de\/magazin\/wp-content\/uploads\/2013\/04\/Hotel-Carlton012-249x160.jpg 249w\" \/><source media=\"(min-width: 0)\" srcset=\"https:\/\/www.salzburgerland.com\/de\/magazin\/wp-content\/uploads\/2013\/04\/Hotel-Carlton012-249x160.jpg 249w, https:\/\/www.salzburgerland.com\/de\/magazin\/wp-content\/uploads\/2013\/04\/Hotel-Carlton012-325x209.jpg 325w\" \/><img decoding=\"async\" alt=\"Drei l\u00e4chelnde Erwachsene, die gemeinsam einen braunen Koffer in einem stilvollen, warm dekorierten Raum hochhalten.\" src=\"https:\/\/www.salzburgerland.com\/de\/magazin\/wp-content\/uploads\/2013\/04\/Hotel-Carlton012.jpg\" \/>\t<\/picture><\/a><\/figure><\/div><div class=\"col-6 col-sm-4\"><figure><a class=\"thumb-container\" href=\"https:\/\/www.salzburgerland.com\/de\/magazin\/wp-content\/uploads\/2013\/04\/Hotel-Carlton015-1280x1024.jpg\">\t<picture><source media=\"(min-width: 576px)\" srcset=\"https:\/\/www.salzburgerland.com\/de\/magazin\/wp-content\/uploads\/2013\/04\/Hotel-Carlton015-325x209.jpg 325w, https:\/\/www.salzburgerland.com\/de\/magazin\/wp-content\/uploads\/2013\/04\/Hotel-Carlton015-249x160.jpg 249w\" \/><source media=\"(min-width: 0)\" srcset=\"https:\/\/www.salzburgerland.com\/de\/magazin\/wp-content\/uploads\/2013\/04\/Hotel-Carlton015-249x160.jpg 249w, https:\/\/www.salzburgerland.com\/de\/magazin\/wp-content\/uploads\/2013\/04\/Hotel-Carlton015-325x209.jpg 325w\" \/><img decoding=\"async\" alt=\"Modernes, gut beleuchtetes Caf\u00e9 mit beigen und roten St\u00fchlen, schwarzen Tischen, Teppichboden und gro\u00dfen H\u00e4ngelampen.\" src=\"https:\/\/www.salzburgerland.com\/de\/magazin\/wp-content\/uploads\/2013\/04\/Hotel-Carlton015.jpg\" \/>\t<\/picture><\/a><\/figure><\/div><div class=\"col-6 col-sm-4\"><figure><a class=\"thumb-container\" href=\"https:\/\/www.salzburgerland.com\/de\/magazin\/wp-content\/uploads\/2013\/04\/Hotel-Carlton017-1280x1024.jpg\">\t<picture><source media=\"(min-width: 576px)\" srcset=\"https:\/\/www.salzburgerland.com\/de\/magazin\/wp-content\/uploads\/2013\/04\/Hotel-Carlton017-325x209.jpg 325w, https:\/\/www.salzburgerland.com\/de\/magazin\/wp-content\/uploads\/2013\/04\/Hotel-Carlton017-249x160.jpg 249w\" \/><source media=\"(min-width: 0)\" srcset=\"https:\/\/www.salzburgerland.com\/de\/magazin\/wp-content\/uploads\/2013\/04\/Hotel-Carlton017-249x160.jpg 249w, https:\/\/www.salzburgerland.com\/de\/magazin\/wp-content\/uploads\/2013\/04\/Hotel-Carlton017-325x209.jpg 325w\" \/><img decoding=\"async\" alt=\"Verschiedene dekorierte Petit Fours mit Schokolade, wei\u00dfem Zuckerguss und Schmetterlings- oder Wappenmotiven auf der Oberfl\u00e4che.\" src=\"https:\/\/www.salzburgerland.com\/de\/magazin\/wp-content\/uploads\/2013\/04\/Hotel-Carlton017.jpg\" \/>\t<\/picture><\/a><\/figure><\/div><div class=\"col-6 col-sm-4\"><figure><a class=\"thumb-container\" href=\"https:\/\/www.salzburgerland.com\/de\/magazin\/wp-content\/uploads\/2013\/04\/Hotel-Carlton018-1280x1024.jpg\">\t<picture><source media=\"(min-width: 576px)\" srcset=\"https:\/\/www.salzburgerland.com\/de\/magazin\/wp-content\/uploads\/2013\/04\/Hotel-Carlton018-325x209.jpg 325w, https:\/\/www.salzburgerland.com\/de\/magazin\/wp-content\/uploads\/2013\/04\/Hotel-Carlton018-249x160.jpg 249w\" \/><source media=\"(min-width: 0)\" srcset=\"https:\/\/www.salzburgerland.com\/de\/magazin\/wp-content\/uploads\/2013\/04\/Hotel-Carlton018-249x160.jpg 249w, https:\/\/www.salzburgerland.com\/de\/magazin\/wp-content\/uploads\/2013\/04\/Hotel-Carlton018-325x209.jpg 325w\" \/><img decoding=\"async\" alt=\"Ein heller Raum mit gro\u00dfen Fenstern, eleganten Vorh\u00e4ngen, einem Sofa und einem Pferdekunstwerk an der Wand.\" src=\"https:\/\/www.salzburgerland.com\/de\/magazin\/wp-content\/uploads\/2013\/04\/Hotel-Carlton018.jpg\" \/>\t<\/picture><\/a><\/figure><\/div><div class=\"col-6 col-sm-4\"><figure><a class=\"thumb-container\" href=\"https:\/\/www.salzburgerland.com\/de\/magazin\/wp-content\/uploads\/2013\/04\/Hotel-Carlton019-1280x1024.jpg\">\t<picture><source media=\"(min-width: 576px)\" srcset=\"https:\/\/www.salzburgerland.com\/de\/magazin\/wp-content\/uploads\/2013\/04\/Hotel-Carlton019-325x209.jpg 325w, https:\/\/www.salzburgerland.com\/de\/magazin\/wp-content\/uploads\/2013\/04\/Hotel-Carlton019-249x160.jpg 249w\" \/><source media=\"(min-width: 0)\" srcset=\"https:\/\/www.salzburgerland.com\/de\/magazin\/wp-content\/uploads\/2013\/04\/Hotel-Carlton019-249x160.jpg 249w, https:\/\/www.salzburgerland.com\/de\/magazin\/wp-content\/uploads\/2013\/04\/Hotel-Carlton019-325x209.jpg 325w\" \/><img decoding=\"async\" alt=\"Ein ordentlich gemachtes Bett mit einem rosa Kissen und Lampen auf Nachttischen in einem modernen, gem\u00fctlichen Schlafzimmer.\" src=\"https:\/\/www.salzburgerland.com\/de\/magazin\/wp-content\/uploads\/2013\/04\/Hotel-Carlton019.jpg\" \/>\t<\/picture><\/a><\/figure><\/div><div class=\"col-6 col-sm-4\"><figure><a class=\"thumb-container\" href=\"https:\/\/www.salzburgerland.com\/de\/magazin\/wp-content\/uploads\/2013\/04\/Hotel-Carlton020-1280x1024.jpg\">\t<picture><source media=\"(min-width: 576px)\" srcset=\"https:\/\/www.salzburgerland.com\/de\/magazin\/wp-content\/uploads\/2013\/04\/Hotel-Carlton020-325x209.jpg 325w, https:\/\/www.salzburgerland.com\/de\/magazin\/wp-content\/uploads\/2013\/04\/Hotel-Carlton020-249x160.jpg 249w\" \/><source media=\"(min-width: 0)\" srcset=\"https:\/\/www.salzburgerland.com\/de\/magazin\/wp-content\/uploads\/2013\/04\/Hotel-Carlton020-249x160.jpg 249w, https:\/\/www.salzburgerland.com\/de\/magazin\/wp-content\/uploads\/2013\/04\/Hotel-Carlton020-325x209.jpg 325w\" \/><img decoding=\"async\" alt=\"Ein Wohnzimmer mit einem schwarzen Sofa, roten Kissen, einem wei\u00dfen Sessel, einem beigen Stuhl und einem kleinen Couchtisch aus Glas.\" src=\"https:\/\/www.salzburgerland.com\/de\/magazin\/wp-content\/uploads\/2013\/04\/Hotel-Carlton020.jpg\" \/>\t<\/picture><\/a><\/figure><\/div><div class=\"col-6 col-sm-4\"><figure><a class=\"thumb-container\" href=\"https:\/\/www.salzburgerland.com\/de\/magazin\/wp-content\/uploads\/2013\/04\/Hotel-Carlton021-1280x1024.jpg\">\t<picture><source media=\"(min-width: 576px)\" srcset=\"https:\/\/www.salzburgerland.com\/de\/magazin\/wp-content\/uploads\/2013\/04\/Hotel-Carlton021-325x209.jpg 325w, https:\/\/www.salzburgerland.com\/de\/magazin\/wp-content\/uploads\/2013\/04\/Hotel-Carlton021-249x160.jpg 249w\" \/><source media=\"(min-width: 0)\" srcset=\"https:\/\/www.salzburgerland.com\/de\/magazin\/wp-content\/uploads\/2013\/04\/Hotel-Carlton021-249x160.jpg 249w, https:\/\/www.salzburgerland.com\/de\/magazin\/wp-content\/uploads\/2013\/04\/Hotel-Carlton021-325x209.jpg 325w\" \/><img decoding=\"async\" alt=\"Rustikale Holzbank in Form eines Bootes mit einem blauen Kissen mit L\u00f6wenmotiv in der N\u00e4he eines Fensters.\" src=\"https:\/\/www.salzburgerland.com\/de\/magazin\/wp-content\/uploads\/2013\/04\/Hotel-Carlton021.jpg\" \/>\t<\/picture><\/a><\/figure><\/div><div class=\"col-6 col-sm-4\"><figure><a class=\"thumb-container\" href=\"https:\/\/www.salzburgerland.com\/de\/magazin\/wp-content\/uploads\/2013\/04\/Hotel-Carlton022-1280x1024.jpg\">\t<picture><source media=\"(min-width: 576px)\" srcset=\"\" \/><source media=\"(min-width: 0)\" srcset=\"https:\/\/www.salzburgerland.com\/de\/magazin\/wp-content\/uploads\/2013\/04\/Hotel-Carlton022.jpg 1067w, https:\/\/www.salzburgerland.com\/de\/magazin\/wp-content\/uploads\/2013\/04\/Hotel-Carlton022-200x300.jpg 200w, https:\/\/www.salzburgerland.com\/de\/magazin\/wp-content\/uploads\/2013\/04\/Hotel-Carlton022-367x550.jpg 367w, https:\/\/www.salzburgerland.com\/de\/magazin\/wp-content\/uploads\/2013\/04\/Hotel-Carlton022-267x400.jpg 267w\" \/><img decoding=\"async\" alt=\"Verziertes Metallgel\u00e4nder einer Treppe, von unten gesehen, mit Licht und Decke dar\u00fcber.\" src=\"https:\/\/www.salzburgerland.com\/de\/magazin\/wp-content\/uploads\/2013\/04\/Hotel-Carlton022.jpg\" \/>\t<\/picture><\/a><\/figure><\/div><div class=\"col-6 col-sm-4\"><figure><a class=\"thumb-container\" href=\"https:\/\/www.salzburgerland.com\/de\/magazin\/wp-content\/uploads\/2013\/04\/Hotel-Carlton023-1280x1024.jpg\">\t<picture><source media=\"(min-width: 576px)\" srcset=\"\" \/><source media=\"(min-width: 0)\" srcset=\"https:\/\/www.salzburgerland.com\/de\/magazin\/wp-content\/uploads\/2013\/04\/Hotel-Carlton023.jpg 1067w, https:\/\/www.salzburgerland.com\/de\/magazin\/wp-content\/uploads\/2013\/04\/Hotel-Carlton023-200x300.jpg 200w, https:\/\/www.salzburgerland.com\/de\/magazin\/wp-content\/uploads\/2013\/04\/Hotel-Carlton023-367x550.jpg 367w, https:\/\/www.salzburgerland.com\/de\/magazin\/wp-content\/uploads\/2013\/04\/Hotel-Carlton023-267x400.jpg 267w\" \/><img decoding=\"async\" alt=\"Ein h\u00f6lzerner Schreibtisch mit einem Fernseher, einer Fernbedienung, einer Geweihlampe, rosa Ordnern und einem pelzigen Hocker darunter.\" src=\"https:\/\/www.salzburgerland.com\/de\/magazin\/wp-content\/uploads\/2013\/04\/Hotel-Carlton023.jpg\" \/>\t<\/picture><\/a><\/figure><\/div><div class=\"col-6 col-sm-4\"><figure><a class=\"thumb-container\" href=\"https:\/\/www.salzburgerland.com\/de\/magazin\/wp-content\/uploads\/2013\/04\/Hotel-Carlton025-1280x1024.jpg\">\t<picture><source media=\"(min-width: 576px)\" srcset=\"https:\/\/www.salzburgerland.com\/de\/magazin\/wp-content\/uploads\/2013\/04\/Hotel-Carlton025-325x209.jpg 325w, https:\/\/www.salzburgerland.com\/de\/magazin\/wp-content\/uploads\/2013\/04\/Hotel-Carlton025-249x160.jpg 249w\" \/><source media=\"(min-width: 0)\" srcset=\"https:\/\/www.salzburgerland.com\/de\/magazin\/wp-content\/uploads\/2013\/04\/Hotel-Carlton025-249x160.jpg 249w, https:\/\/www.salzburgerland.com\/de\/magazin\/wp-content\/uploads\/2013\/04\/Hotel-Carlton025-325x209.jpg 325w\" \/><img decoding=\"async\" alt=\"Modernes Schlafzimmer mit violettem Thema, Doppelbett und einem Schwarz-Wei\u00df-Portr\u00e4t an der Wand \u00fcber dem Kopfteil.\" src=\"https:\/\/www.salzburgerland.com\/de\/magazin\/wp-content\/uploads\/2013\/04\/Hotel-Carlton025.jpg\" \/>\t<\/picture><\/a><\/figure><\/div><div class=\"col-6 col-sm-4\"><figure><a class=\"thumb-container\" href=\"https:\/\/www.salzburgerland.com\/de\/magazin\/wp-content\/uploads\/2013\/04\/Hotel-Carlton026-1280x1024.jpg\">\t<picture><source media=\"(min-width: 576px)\" srcset=\"https:\/\/www.salzburgerland.com\/de\/magazin\/wp-content\/uploads\/2013\/04\/Hotel-Carlton026-325x209.jpg 325w, https:\/\/www.salzburgerland.com\/de\/magazin\/wp-content\/uploads\/2013\/04\/Hotel-Carlton026-249x160.jpg 249w\" \/><source media=\"(min-width: 0)\" srcset=\"https:\/\/www.salzburgerland.com\/de\/magazin\/wp-content\/uploads\/2013\/04\/Hotel-Carlton026-249x160.jpg 249w, https:\/\/www.salzburgerland.com\/de\/magazin\/wp-content\/uploads\/2013\/04\/Hotel-Carlton026-325x209.jpg 325w\" \/><img decoding=\"async\" alt=\"Modernes Hotelzimmer mit gemustertem Teppich, grauer Chaiselongue und Pop-Art-Portr\u00e4t an der Wand.\" src=\"https:\/\/www.salzburgerland.com\/de\/magazin\/wp-content\/uploads\/2013\/04\/Hotel-Carlton026.jpg\" \/>\t<\/picture><\/a><\/figure><\/div><div class=\"col-6 col-sm-4\"><figure><a class=\"thumb-container\" href=\"https:\/\/www.salzburgerland.com\/de\/magazin\/wp-content\/uploads\/2013\/04\/Hotel-Carlton027-1280x1024.jpg\">\t<picture><source media=\"(min-width: 576px)\" srcset=\"https:\/\/www.salzburgerland.com\/de\/magazin\/wp-content\/uploads\/2013\/04\/Hotel-Carlton027-325x209.jpg 325w, https:\/\/www.salzburgerland.com\/de\/magazin\/wp-content\/uploads\/2013\/04\/Hotel-Carlton027-249x160.jpg 249w\" \/><source media=\"(min-width: 0)\" srcset=\"https:\/\/www.salzburgerland.com\/de\/magazin\/wp-content\/uploads\/2013\/04\/Hotel-Carlton027-249x160.jpg 249w, https:\/\/www.salzburgerland.com\/de\/magazin\/wp-content\/uploads\/2013\/04\/Hotel-Carlton027-325x209.jpg 325w\" \/><img decoding=\"async\" alt=\"Modernes Wohnzimmer mit einer grauen Chaiselongue, einem Stamm-Couchtisch und einem Marilyn-Monroe-Wandbild.\" src=\"https:\/\/www.salzburgerland.com\/de\/magazin\/wp-content\/uploads\/2013\/04\/Hotel-Carlton027.jpg\" \/>\t<\/picture><\/a><\/figure><\/div><div class=\"col-6 col-sm-4\"><figure><a class=\"thumb-container\" href=\"https:\/\/www.salzburgerland.com\/de\/magazin\/wp-content\/uploads\/2013\/04\/Hotel-Carlton028-1280x1024.jpg\">\t<picture><source media=\"(min-width: 576px)\" srcset=\"https:\/\/www.salzburgerland.com\/de\/magazin\/wp-content\/uploads\/2013\/04\/Hotel-Carlton028-325x209.jpg 325w, https:\/\/www.salzburgerland.com\/de\/magazin\/wp-content\/uploads\/2013\/04\/Hotel-Carlton028-249x160.jpg 249w\" \/><source media=\"(min-width: 0)\" srcset=\"https:\/\/www.salzburgerland.com\/de\/magazin\/wp-content\/uploads\/2013\/04\/Hotel-Carlton028-249x160.jpg 249w, https:\/\/www.salzburgerland.com\/de\/magazin\/wp-content\/uploads\/2013\/04\/Hotel-Carlton028-325x209.jpg 325w\" \/><img decoding=\"async\" alt=\"Modernes Schlafzimmer mit einem Doppelbett, lila Akzenten, Kunst an der Wand und einer silbernen Bank mit dekorativen Kissen.\" src=\"https:\/\/www.salzburgerland.com\/de\/magazin\/wp-content\/uploads\/2013\/04\/Hotel-Carlton028.jpg\" \/>\t<\/picture><\/a><\/figure><\/div><div class=\"col-6 col-sm-4\"><figure><a class=\"thumb-container\" href=\"https:\/\/www.salzburgerland.com\/de\/magazin\/wp-content\/uploads\/2013\/04\/Hotel-Carlton029-1280x1024.jpg\">\t<picture><source media=\"(min-width: 576px)\" srcset=\"https:\/\/www.salzburgerland.com\/de\/magazin\/wp-content\/uploads\/2013\/04\/Hotel-Carlton029-325x209.jpg 325w, https:\/\/www.salzburgerland.com\/de\/magazin\/wp-content\/uploads\/2013\/04\/Hotel-Carlton029-249x160.jpg 249w\" \/><source media=\"(min-width: 0)\" srcset=\"https:\/\/www.salzburgerland.com\/de\/magazin\/wp-content\/uploads\/2013\/04\/Hotel-Carlton029-249x160.jpg 249w, https:\/\/www.salzburgerland.com\/de\/magazin\/wp-content\/uploads\/2013\/04\/Hotel-Carlton029-325x209.jpg 325w\" \/><img decoding=\"async\" alt=\"Ein modernes Hotelzimmer mit einem Doppelbett, roten Akzenten, einem blauen Stuhl und einem gro\u00dfen Fenster mit gemusterten Vorh\u00e4ngen.\" src=\"https:\/\/www.salzburgerland.com\/de\/magazin\/wp-content\/uploads\/2013\/04\/Hotel-Carlton029.jpg\" \/>\t<\/picture><\/a><\/figure><\/div><div class=\"col-6 col-sm-4\"><figure><a class=\"thumb-container\" href=\"https:\/\/www.salzburgerland.com\/de\/magazin\/wp-content\/uploads\/2013\/04\/Hotel-Carlton031-1280x1024.jpg\">\t<picture><source media=\"(min-width: 576px)\" srcset=\"https:\/\/www.salzburgerland.com\/de\/magazin\/wp-content\/uploads\/2013\/04\/Hotel-Carlton031-325x209.jpg 325w, https:\/\/www.salzburgerland.com\/de\/magazin\/wp-content\/uploads\/2013\/04\/Hotel-Carlton031-249x160.jpg 249w\" \/><source media=\"(min-width: 0)\" srcset=\"https:\/\/www.salzburgerland.com\/de\/magazin\/wp-content\/uploads\/2013\/04\/Hotel-Carlton031-249x160.jpg 249w, https:\/\/www.salzburgerland.com\/de\/magazin\/wp-content\/uploads\/2013\/04\/Hotel-Carlton031-325x209.jpg 325w\" \/><img decoding=\"async\" alt=\"Ein pr\u00e4chtiges wei\u00dfes Geb\u00e4ude mit einem T\u00fcrmchen, verschn\u00f6rkelten Details und einem rosa Schild an einer sonnigen Stra\u00dfenecke.\" src=\"https:\/\/www.salzburgerland.com\/de\/magazin\/wp-content\/uploads\/2013\/04\/Hotel-Carlton031.jpg\" \/>\t<\/picture><\/a><\/figure><\/div><div class=\"col-6 col-sm-4\"><figure><a class=\"thumb-container\" href=\"https:\/\/www.salzburgerland.com\/de\/magazin\/wp-content\/uploads\/2013\/04\/Hotel-Carlton036-1280x1024.jpg\">\t<picture><source media=\"(min-width: 576px)\" srcset=\"https:\/\/www.salzburgerland.com\/de\/magazin\/wp-content\/uploads\/2013\/04\/Hotel-Carlton036-325x209.jpg 325w, https:\/\/www.salzburgerland.com\/de\/magazin\/wp-content\/uploads\/2013\/04\/Hotel-Carlton036-249x160.jpg 249w\" \/><source media=\"(min-width: 0)\" srcset=\"https:\/\/www.salzburgerland.com\/de\/magazin\/wp-content\/uploads\/2013\/04\/Hotel-Carlton036-249x160.jpg 249w, https:\/\/www.salzburgerland.com\/de\/magazin\/wp-content\/uploads\/2013\/04\/Hotel-Carlton036-325x209.jpg 325w\" \/><img decoding=\"async\" alt=\"Quadratisches Kissen mit Polka-Dot-Muster und dem Bild eines schwarz-wei\u00dfen Hundes auf einem dunkelgr\u00fcnen Stuhl.\" src=\"https:\/\/www.salzburgerland.com\/de\/magazin\/wp-content\/uploads\/2013\/04\/Hotel-Carlton036.jpg\" \/>\t<\/picture><\/a><\/figure><\/div><div class=\"col-6 col-sm-4\"><figure><a class=\"thumb-container\" href=\"https:\/\/www.salzburgerland.com\/de\/magazin\/wp-content\/uploads\/2013\/04\/Hotel-Carlton040-1280x1024.jpg\">\t<picture><source media=\"(min-width: 576px)\" srcset=\"\" \/><source media=\"(min-width: 0)\" srcset=\"https:\/\/www.salzburgerland.com\/de\/magazin\/wp-content\/uploads\/2013\/04\/Hotel-Carlton040.jpg 1067w, https:\/\/www.salzburgerland.com\/de\/magazin\/wp-content\/uploads\/2013\/04\/Hotel-Carlton040-200x300.jpg 200w, https:\/\/www.salzburgerland.com\/de\/magazin\/wp-content\/uploads\/2013\/04\/Hotel-Carlton040-367x550.jpg 367w, https:\/\/www.salzburgerland.com\/de\/magazin\/wp-content\/uploads\/2013\/04\/Hotel-Carlton040-267x400.jpg 267w\" \/><img decoding=\"async\" alt=\"Eine l\u00e4chelnde Frau in einer bunten Sch\u00fcrze h\u00e4lt ein Tablett mit Obst und Brot in einem hellen, modernen Essbereich.\" src=\"https:\/\/www.salzburgerland.com\/de\/magazin\/wp-content\/uploads\/2013\/04\/Hotel-Carlton040.jpg\" \/>\t<\/picture><\/a><\/figure><\/div><div class=\"col-6 col-sm-4\"><figure><a class=\"thumb-container\" href=\"https:\/\/www.salzburgerland.com\/de\/magazin\/wp-content\/uploads\/2013\/04\/Hotel-Carlton041-1280x1024.jpg\">\t<picture><source media=\"(min-width: 576px)\" srcset=\"\" \/><source media=\"(min-width: 0)\" srcset=\"https:\/\/www.salzburgerland.com\/de\/magazin\/wp-content\/uploads\/2013\/04\/Hotel-Carlton041.jpg 1067w, https:\/\/www.salzburgerland.com\/de\/magazin\/wp-content\/uploads\/2013\/04\/Hotel-Carlton041-200x300.jpg 200w, https:\/\/www.salzburgerland.com\/de\/magazin\/wp-content\/uploads\/2013\/04\/Hotel-Carlton041-367x550.jpg 367w, https:\/\/www.salzburgerland.com\/de\/magazin\/wp-content\/uploads\/2013\/04\/Hotel-Carlton041-267x400.jpg 267w\" \/><img decoding=\"async\" alt=\"Eine Lampe mit einem Sockel in Form eines Hundek\u00f6rpers und einem Lampenschirm \u00fcber dem Kopf des Hundes.\" src=\"https:\/\/www.salzburgerland.com\/de\/magazin\/wp-content\/uploads\/2013\/04\/Hotel-Carlton041.jpg\" \/>\t<\/picture><\/a><\/figure><\/div><div class=\"col-6 col-sm-4\"><figure><a class=\"thumb-container\" href=\"https:\/\/www.salzburgerland.com\/de\/magazin\/wp-content\/uploads\/2013\/04\/Hotel-Carlton043-1280x1024.jpg\">\t<picture><source media=\"(min-width: 576px)\" srcset=\"https:\/\/www.salzburgerland.com\/de\/magazin\/wp-content\/uploads\/2013\/04\/Hotel-Carlton043-325x209.jpg 325w, https:\/\/www.salzburgerland.com\/de\/magazin\/wp-content\/uploads\/2013\/04\/Hotel-Carlton043-249x160.jpg 249w\" \/><source media=\"(min-width: 0)\" srcset=\"https:\/\/www.salzburgerland.com\/de\/magazin\/wp-content\/uploads\/2013\/04\/Hotel-Carlton043-249x160.jpg 249w, https:\/\/www.salzburgerland.com\/de\/magazin\/wp-content\/uploads\/2013\/04\/Hotel-Carlton043-325x209.jpg 325w\" \/><img decoding=\"async\" alt=\"L\u00e4chelnde Person, die in einem lila Golfwagen mit der Aufschrift &quot;Villa Carlton&quot; sitzt, der auf einer Stra\u00dfe in der Stadt geparkt ist.\" src=\"https:\/\/www.salzburgerland.com\/de\/magazin\/wp-content\/uploads\/2013\/04\/Hotel-Carlton043.jpg\" \/>\t<\/picture><\/a><\/figure><\/div><div class=\"col-6 col-sm-4\"><figure><a class=\"thumb-container\" href=\"https:\/\/www.salzburgerland.com\/de\/magazin\/wp-content\/uploads\/2013\/04\/Hotel-Carlton050-1280x1024.jpg\">\t<picture><source media=\"(min-width: 576px)\" srcset=\"\" \/><source media=\"(min-width: 0)\" srcset=\"https:\/\/www.salzburgerland.com\/de\/magazin\/wp-content\/uploads\/2013\/04\/Hotel-Carlton050.jpg 1067w, https:\/\/www.salzburgerland.com\/de\/magazin\/wp-content\/uploads\/2013\/04\/Hotel-Carlton050-200x300.jpg 200w, https:\/\/www.salzburgerland.com\/de\/magazin\/wp-content\/uploads\/2013\/04\/Hotel-Carlton050-367x550.jpg 367w, https:\/\/www.salzburgerland.com\/de\/magazin\/wp-content\/uploads\/2013\/04\/Hotel-Carlton050-267x400.jpg 267w\" \/><img decoding=\"async\" alt=\"L\u00e4chelnde Person, die auf einem orangefarbenen Stuhl sitzt, zwei Samtpantoffeln h\u00e4lt und bunte Kleidung tr\u00e4gt.\" src=\"https:\/\/www.salzburgerland.com\/de\/magazin\/wp-content\/uploads\/2013\/04\/Hotel-Carlton050.jpg\" \/>\t<\/picture><\/a><\/figure><\/div><div class=\"col-6 col-sm-4\"><figure><a class=\"thumb-container\" href=\"https:\/\/www.salzburgerland.com\/de\/magazin\/wp-content\/uploads\/2013\/04\/Hotel-Carlton051-1280x1024.jpg\">\t<picture><source media=\"(min-width: 576px)\" srcset=\"https:\/\/www.salzburgerland.com\/de\/magazin\/wp-content\/uploads\/2013\/04\/Hotel-Carlton051-325x209.jpg 325w, https:\/\/www.salzburgerland.com\/de\/magazin\/wp-content\/uploads\/2013\/04\/Hotel-Carlton051-249x160.jpg 249w\" \/><source media=\"(min-width: 0)\" srcset=\"https:\/\/www.salzburgerland.com\/de\/magazin\/wp-content\/uploads\/2013\/04\/Hotel-Carlton051-249x160.jpg 249w, https:\/\/www.salzburgerland.com\/de\/magazin\/wp-content\/uploads\/2013\/04\/Hotel-Carlton051-325x209.jpg 325w\" \/><img decoding=\"async\" alt=\"L\u00e4chelnde Person mit kurzen wei\u00dfen Haaren, die zwei bunte Schuhe h\u00e4lt und eine gebl\u00fcmte Jacke und einen orangefarbenen Schal tr\u00e4gt.\" src=\"https:\/\/www.salzburgerland.com\/de\/magazin\/wp-content\/uploads\/2013\/04\/Hotel-Carlton051.jpg\" \/>\t<\/picture><\/a><\/figure><\/div><div class=\"col-6 col-sm-4\"><figure><a class=\"thumb-container\" href=\"https:\/\/www.salzburgerland.com\/de\/magazin\/wp-content\/uploads\/2013\/04\/Hotel-Carlton052-1280x1024.jpg\">\t<picture><source media=\"(min-width: 576px)\" srcset=\"\" \/><source media=\"(min-width: 0)\" srcset=\"https:\/\/www.salzburgerland.com\/de\/magazin\/wp-content\/uploads\/2013\/04\/Hotel-Carlton052.jpg 1067w, https:\/\/www.salzburgerland.com\/de\/magazin\/wp-content\/uploads\/2013\/04\/Hotel-Carlton052-200x300.jpg 200w, https:\/\/www.salzburgerland.com\/de\/magazin\/wp-content\/uploads\/2013\/04\/Hotel-Carlton052-367x550.jpg 367w, https:\/\/www.salzburgerland.com\/de\/magazin\/wp-content\/uploads\/2013\/04\/Hotel-Carlton052-267x400.jpg 267w\" \/><img decoding=\"async\" alt=\"Keramische Dose mit Deckel, dekoriert mit einem Bild von Welpen in einem Korb auf rosa Hintergrund.\" src=\"https:\/\/www.salzburgerland.com\/de\/magazin\/wp-content\/uploads\/2013\/04\/Hotel-Carlton052.jpg\" \/>\t<\/picture><\/a><\/figure><\/div><div class=\"col-6 col-sm-4\"><figure><a class=\"thumb-container\" href=\"https:\/\/www.salzburgerland.com\/de\/magazin\/wp-content\/uploads\/2013\/04\/Hotel-Carlton053-1280x1024.jpg\">\t<picture><source media=\"(min-width: 576px)\" srcset=\"https:\/\/www.salzburgerland.com\/de\/magazin\/wp-content\/uploads\/2013\/04\/Hotel-Carlton053-325x209.jpg 325w, https:\/\/www.salzburgerland.com\/de\/magazin\/wp-content\/uploads\/2013\/04\/Hotel-Carlton053-249x160.jpg 249w\" \/><source media=\"(min-width: 0)\" srcset=\"https:\/\/www.salzburgerland.com\/de\/magazin\/wp-content\/uploads\/2013\/04\/Hotel-Carlton053-249x160.jpg 249w, https:\/\/www.salzburgerland.com\/de\/magazin\/wp-content\/uploads\/2013\/04\/Hotel-Carlton053-325x209.jpg 325w\" \/><img decoding=\"async\" alt=\"Eine leuchtend gr\u00fcne K\u00e4lberstatue mit einer rosa Schleife und einem Danke! Dankesch\u00f6n! um den Hals.\" src=\"https:\/\/www.salzburgerland.com\/de\/magazin\/wp-content\/uploads\/2013\/04\/Hotel-Carlton053.jpg\" \/>\t<\/picture><\/a><\/figure><\/div><div class=\"col-6 col-sm-4\"><figure><a class=\"thumb-container\" href=\"https:\/\/www.salzburgerland.com\/de\/magazin\/wp-content\/uploads\/2013\/04\/Hotel-Carlton054-1280x1024.jpg\">\t<picture><source media=\"(min-width: 576px)\" srcset=\"https:\/\/www.salzburgerland.com\/de\/magazin\/wp-content\/uploads\/2013\/04\/Hotel-Carlton054-325x209.jpg 325w, https:\/\/www.salzburgerland.com\/de\/magazin\/wp-content\/uploads\/2013\/04\/Hotel-Carlton054-249x160.jpg 249w\" \/><source media=\"(min-width: 0)\" srcset=\"https:\/\/www.salzburgerland.com\/de\/magazin\/wp-content\/uploads\/2013\/04\/Hotel-Carlton054-249x160.jpg 249w, https:\/\/www.salzburgerland.com\/de\/magazin\/wp-content\/uploads\/2013\/04\/Hotel-Carlton054-325x209.jpg 325w\" \/><img decoding=\"async\" alt=\"Ein Treppenhaus mit gemustertem Teppich und Schwarz-Wei\u00df-Fotos an den W\u00e4nden, darunter eine Frau, die einen Schuh h\u00e4lt.\" src=\"https:\/\/www.salzburgerland.com\/de\/magazin\/wp-content\/uploads\/2013\/04\/Hotel-Carlton054.jpg\" \/>\t<\/picture><\/a><\/figure><\/div><div class=\"col-6 col-sm-4\"><figure><a class=\"thumb-container\" href=\"https:\/\/www.salzburgerland.com\/de\/magazin\/wp-content\/uploads\/2013\/04\/Hotel-Carlton055-1280x1024.jpg\">\t<picture><source media=\"(min-width: 576px)\" srcset=\"https:\/\/www.salzburgerland.com\/de\/magazin\/wp-content\/uploads\/2013\/04\/Hotel-Carlton055-325x209.jpg 325w, https:\/\/www.salzburgerland.com\/de\/magazin\/wp-content\/uploads\/2013\/04\/Hotel-Carlton055-249x160.jpg 249w\" \/><source media=\"(min-width: 0)\" srcset=\"https:\/\/www.salzburgerland.com\/de\/magazin\/wp-content\/uploads\/2013\/04\/Hotel-Carlton055-249x160.jpg 249w, https:\/\/www.salzburgerland.com\/de\/magazin\/wp-content\/uploads\/2013\/04\/Hotel-Carlton055-325x209.jpg 325w\" \/><img decoding=\"async\" alt=\"Gro\u00dfes Schwarz-Wei\u00df-Foto einer l\u00e4chelnden Frau in traditioneller Kleidung an der Wand eines Treppenabsatzes.\" src=\"https:\/\/www.salzburgerland.com\/de\/magazin\/wp-content\/uploads\/2013\/04\/Hotel-Carlton055.jpg\" \/>\t<\/picture><\/a><\/figure><\/div><div class=\"col-6 col-sm-4\"><figure><a class=\"thumb-container\" href=\"https:\/\/www.salzburgerland.com\/de\/magazin\/wp-content\/uploads\/2013\/04\/Hotel-Markus-Sittikus060-1280x1024.jpg\">\t<picture><source media=\"(min-width: 576px)\" srcset=\"https:\/\/www.salzburgerland.com\/de\/magazin\/wp-content\/uploads\/2013\/04\/Hotel-Markus-Sittikus060-325x209.jpg 325w, https:\/\/www.salzburgerland.com\/de\/magazin\/wp-content\/uploads\/2013\/04\/Hotel-Markus-Sittikus060-249x160.jpg 249w\" \/><source media=\"(min-width: 0)\" srcset=\"https:\/\/www.salzburgerland.com\/de\/magazin\/wp-content\/uploads\/2013\/04\/Hotel-Markus-Sittikus060-249x160.jpg 249w, https:\/\/www.salzburgerland.com\/de\/magazin\/wp-content\/uploads\/2013\/04\/Hotel-Markus-Sittikus060-325x209.jpg 325w\" \/><img decoding=\"async\" alt=\"Buntes Wohnzimmer mit lila W\u00e4nden, rotem Sofa, blauen St\u00fchlen und gerahmten Fotos \u00fcber dem Sofa.\" src=\"https:\/\/www.salzburgerland.com\/de\/magazin\/wp-content\/uploads\/2013\/04\/Hotel-Markus-Sittikus060.jpg\" \/>\t<\/picture><\/a><\/figure><\/div><div class=\"col-6 col-sm-4\"><figure><a class=\"thumb-container\" href=\"https:\/\/www.salzburgerland.com\/de\/magazin\/wp-content\/uploads\/2013\/04\/Hotel-Markus-Sittikus061-1280x1024.jpg\">\t<picture><source media=\"(min-width: 576px)\" srcset=\"https:\/\/www.salzburgerland.com\/de\/magazin\/wp-content\/uploads\/2013\/04\/Hotel-Markus-Sittikus061-325x209.jpg 325w, https:\/\/www.salzburgerland.com\/de\/magazin\/wp-content\/uploads\/2013\/04\/Hotel-Markus-Sittikus061-249x160.jpg 249w\" \/><source media=\"(min-width: 0)\" srcset=\"https:\/\/www.salzburgerland.com\/de\/magazin\/wp-content\/uploads\/2013\/04\/Hotel-Markus-Sittikus061-249x160.jpg 249w, https:\/\/www.salzburgerland.com\/de\/magazin\/wp-content\/uploads\/2013\/04\/Hotel-Markus-Sittikus061-325x209.jpg 325w\" \/><img decoding=\"async\" alt=\"Eine Person mit kurzen blonden Haaren sitzt in einem farbenfrohen Raum und h\u00e4lt ein blaues Kissen mit einer wei\u00dfen L\u00f6wengrafik.\" src=\"https:\/\/www.salzburgerland.com\/de\/magazin\/wp-content\/uploads\/2013\/04\/Hotel-Markus-Sittikus061.jpg\" \/>\t<\/picture><\/a><\/figure><\/div><div class=\"col-6 col-sm-4\"><figure><a class=\"thumb-container\" href=\"https:\/\/www.salzburgerland.com\/de\/magazin\/wp-content\/uploads\/2013\/04\/Hotel-Markus-Sittikus062-1280x1024.jpg\">\t<picture><source media=\"(min-width: 576px)\" srcset=\"https:\/\/www.salzburgerland.com\/de\/magazin\/wp-content\/uploads\/2013\/04\/Hotel-Markus-Sittikus062-325x209.jpg 325w, https:\/\/www.salzburgerland.com\/de\/magazin\/wp-content\/uploads\/2013\/04\/Hotel-Markus-Sittikus062-249x160.jpg 249w\" \/><source media=\"(min-width: 0)\" srcset=\"https:\/\/www.salzburgerland.com\/de\/magazin\/wp-content\/uploads\/2013\/04\/Hotel-Markus-Sittikus062-249x160.jpg 249w, https:\/\/www.salzburgerland.com\/de\/magazin\/wp-content\/uploads\/2013\/04\/Hotel-Markus-Sittikus062-325x209.jpg 325w\" \/><img decoding=\"async\" alt=\"Modernes Hotelzimmer mit einem Einzelbett, Schreibtisch, Stuhl, Lampe und Sonnenlicht, das durch ein Fenster f\u00e4llt.\" src=\"https:\/\/www.salzburgerland.com\/de\/magazin\/wp-content\/uploads\/2013\/04\/Hotel-Markus-Sittikus062.jpg\" \/>\t<\/picture><\/a><\/figure><\/div><div class=\"col-6 col-sm-4\"><figure><a class=\"thumb-container\" href=\"https:\/\/www.salzburgerland.com\/de\/magazin\/wp-content\/uploads\/2013\/04\/Hotel-Markus-Sittikus064-1280x1024.jpg\">\t<picture><source media=\"(min-width: 576px)\" srcset=\"https:\/\/www.salzburgerland.com\/de\/magazin\/wp-content\/uploads\/2013\/04\/Hotel-Markus-Sittikus064-325x209.jpg 325w, https:\/\/www.salzburgerland.com\/de\/magazin\/wp-content\/uploads\/2013\/04\/Hotel-Markus-Sittikus064-249x160.jpg 249w\" \/><source media=\"(min-width: 0)\" srcset=\"https:\/\/www.salzburgerland.com\/de\/magazin\/wp-content\/uploads\/2013\/04\/Hotel-Markus-Sittikus064-249x160.jpg 249w, https:\/\/www.salzburgerland.com\/de\/magazin\/wp-content\/uploads\/2013\/04\/Hotel-Markus-Sittikus064-325x209.jpg 325w\" \/><img decoding=\"async\" alt=\"Hotelzimmer mit rotem, getuftetem Kopfteil, wei\u00dfem Bettzeug und rot karierten Vorh\u00e4ngen am Fenster.\" src=\"https:\/\/www.salzburgerland.com\/de\/magazin\/wp-content\/uploads\/2013\/04\/Hotel-Markus-Sittikus064.jpg\" \/>\t<\/picture><\/a><\/figure><\/div><div class=\"col-6 col-sm-4\"><figure><a class=\"thumb-container\" href=\"https:\/\/www.salzburgerland.com\/de\/magazin\/wp-content\/uploads\/2013\/04\/Hotel-Markus-Sittikus065-1280x1024.jpg\">\t<picture><source media=\"(min-width: 576px)\" srcset=\"https:\/\/www.salzburgerland.com\/de\/magazin\/wp-content\/uploads\/2013\/04\/Hotel-Markus-Sittikus065-325x209.jpg 325w, https:\/\/www.salzburgerland.com\/de\/magazin\/wp-content\/uploads\/2013\/04\/Hotel-Markus-Sittikus065-249x160.jpg 249w\" \/><source media=\"(min-width: 0)\" srcset=\"https:\/\/www.salzburgerland.com\/de\/magazin\/wp-content\/uploads\/2013\/04\/Hotel-Markus-Sittikus065-249x160.jpg 249w, https:\/\/www.salzburgerland.com\/de\/magazin\/wp-content\/uploads\/2013\/04\/Hotel-Markus-Sittikus065-325x209.jpg 325w\" \/><img decoding=\"async\" alt=\"Ein silberner Geweihkronleuchter mit bunten, floral gemusterten Lampenschirmen h\u00e4ngt von der Decke.\" src=\"https:\/\/www.salzburgerland.com\/de\/magazin\/wp-content\/uploads\/2013\/04\/Hotel-Markus-Sittikus065.jpg\" \/>\t<\/picture><\/a><\/figure><\/div><div class=\"col-6 col-sm-4\"><figure><a class=\"thumb-container\" href=\"https:\/\/www.salzburgerland.com\/de\/magazin\/wp-content\/uploads\/2013\/04\/Hotel-Markus-Sittikus066-1280x1024.jpg\">\t<picture><source media=\"(min-width: 576px)\" srcset=\"\" \/><source media=\"(min-width: 0)\" srcset=\"https:\/\/www.salzburgerland.com\/de\/magazin\/wp-content\/uploads\/2013\/04\/Hotel-Markus-Sittikus066.jpg 1067w, https:\/\/www.salzburgerland.com\/de\/magazin\/wp-content\/uploads\/2013\/04\/Hotel-Markus-Sittikus066-200x300.jpg 200w, https:\/\/www.salzburgerland.com\/de\/magazin\/wp-content\/uploads\/2013\/04\/Hotel-Markus-Sittikus066-367x550.jpg 367w, https:\/\/www.salzburgerland.com\/de\/magazin\/wp-content\/uploads\/2013\/04\/Hotel-Markus-Sittikus066-267x400.jpg 267w\" \/><img decoding=\"async\" alt=\"Eleganter schwarz-silberner Stuhl neben einem Bett mit wei\u00dfer Bettw\u00e4sche und einem hellblauen, gesteppten Kopfteil.\" src=\"https:\/\/www.salzburgerland.com\/de\/magazin\/wp-content\/uploads\/2013\/04\/Hotel-Markus-Sittikus066.jpg\" \/>\t<\/picture><\/a><\/figure><\/div><div class=\"col-6 col-sm-4\"><figure><a class=\"thumb-container\" href=\"https:\/\/www.salzburgerland.com\/de\/magazin\/wp-content\/uploads\/2013\/04\/Hotel-Markus-Sittikus067-1280x1024.jpg\">\t<picture><source media=\"(min-width: 576px)\" srcset=\"https:\/\/www.salzburgerland.com\/de\/magazin\/wp-content\/uploads\/2013\/04\/Hotel-Markus-Sittikus067-325x209.jpg 325w, https:\/\/www.salzburgerland.com\/de\/magazin\/wp-content\/uploads\/2013\/04\/Hotel-Markus-Sittikus067-249x160.jpg 249w\" \/><source media=\"(min-width: 0)\" srcset=\"https:\/\/www.salzburgerland.com\/de\/magazin\/wp-content\/uploads\/2013\/04\/Hotel-Markus-Sittikus067-249x160.jpg 249w, https:\/\/www.salzburgerland.com\/de\/magazin\/wp-content\/uploads\/2013\/04\/Hotel-Markus-Sittikus067-325x209.jpg 325w\" \/><img decoding=\"async\" alt=\"Ein rosafarbener T\u00fcranh\u00e4nger mit einem Ausrufezeichen h\u00e4ngt an einem goldenen T\u00fcrgriff.\" src=\"https:\/\/www.salzburgerland.com\/de\/magazin\/wp-content\/uploads\/2013\/04\/Hotel-Markus-Sittikus067.jpg\" \/>\t<\/picture><\/a><\/figure><\/div><div class=\"col-6 col-sm-4\"><figure><a class=\"thumb-container\" href=\"https:\/\/www.salzburgerland.com\/de\/magazin\/wp-content\/uploads\/2013\/04\/Hotel-Markus-Sittikus068-1280x1024.jpg\">\t<picture><source media=\"(min-width: 576px)\" srcset=\"https:\/\/www.salzburgerland.com\/de\/magazin\/wp-content\/uploads\/2013\/04\/Hotel-Markus-Sittikus068-325x209.jpg 325w, https:\/\/www.salzburgerland.com\/de\/magazin\/wp-content\/uploads\/2013\/04\/Hotel-Markus-Sittikus068-249x160.jpg 249w\" \/><source media=\"(min-width: 0)\" srcset=\"https:\/\/www.salzburgerland.com\/de\/magazin\/wp-content\/uploads\/2013\/04\/Hotel-Markus-Sittikus068-249x160.jpg 249w, https:\/\/www.salzburgerland.com\/de\/magazin\/wp-content\/uploads\/2013\/04\/Hotel-Markus-Sittikus068-325x209.jpg 325w\" \/><img decoding=\"async\" alt=\"Modernes Hotelzimmer mit einem Doppelbett, rotem Kopfteil, roter Bank und gemustertem Teppich.\" src=\"https:\/\/www.salzburgerland.com\/de\/magazin\/wp-content\/uploads\/2013\/04\/Hotel-Markus-Sittikus068.jpg\" \/>\t<\/picture><\/a><\/figure><\/div><div class=\"col-6 col-sm-4\"><figure><a class=\"thumb-container\" href=\"https:\/\/www.salzburgerland.com\/de\/magazin\/wp-content\/uploads\/2013\/04\/Hotel-Markus-Sittikus069-1280x1024.jpg\">\t<picture><source media=\"(min-width: 576px)\" srcset=\"https:\/\/www.salzburgerland.com\/de\/magazin\/wp-content\/uploads\/2013\/04\/Hotel-Markus-Sittikus069-325x209.jpg 325w, https:\/\/www.salzburgerland.com\/de\/magazin\/wp-content\/uploads\/2013\/04\/Hotel-Markus-Sittikus069-249x160.jpg 249w\" \/><source media=\"(min-width: 0)\" srcset=\"https:\/\/www.salzburgerland.com\/de\/magazin\/wp-content\/uploads\/2013\/04\/Hotel-Markus-Sittikus069-249x160.jpg 249w, https:\/\/www.salzburgerland.com\/de\/magazin\/wp-content\/uploads\/2013\/04\/Hotel-Markus-Sittikus069-325x209.jpg 325w\" \/><img decoding=\"async\" alt=\"Eine silberne gorillaf\u00f6rmige Lampe mit wei\u00dfem Schirm neben einer t\u00fcrkisfarbenen Hotelmappe auf einem Holztisch.\" src=\"https:\/\/www.salzburgerland.com\/de\/magazin\/wp-content\/uploads\/2013\/04\/Hotel-Markus-Sittikus069.jpg\" \/>\t<\/picture><\/a><\/figure><\/div><div class=\"col-6 col-sm-4\"><figure><a class=\"thumb-container\" href=\"https:\/\/www.salzburgerland.com\/de\/magazin\/wp-content\/uploads\/2013\/04\/Hotel-Markus-Sittikus070-1280x1024.jpg\">\t<picture><source media=\"(min-width: 576px)\" srcset=\"https:\/\/www.salzburgerland.com\/de\/magazin\/wp-content\/uploads\/2013\/04\/Hotel-Markus-Sittikus070-325x209.jpg 325w, https:\/\/www.salzburgerland.com\/de\/magazin\/wp-content\/uploads\/2013\/04\/Hotel-Markus-Sittikus070-249x160.jpg 249w\" \/><source media=\"(min-width: 0)\" srcset=\"https:\/\/www.salzburgerland.com\/de\/magazin\/wp-content\/uploads\/2013\/04\/Hotel-Markus-Sittikus070-249x160.jpg 249w, https:\/\/www.salzburgerland.com\/de\/magazin\/wp-content\/uploads\/2013\/04\/Hotel-Markus-Sittikus070-325x209.jpg 325w\" \/><img decoding=\"async\" alt=\"Gl\u00e4nzende Skulptur und das Logo des Hotels Markus Sittikus Salzburg auf einem blaugr\u00fcnen Hintergrund.\" src=\"https:\/\/www.salzburgerland.com\/de\/magazin\/wp-content\/uploads\/2013\/04\/Hotel-Markus-Sittikus070.jpg\" \/>\t<\/picture><\/a><\/figure><\/div><div class=\"col-6 col-sm-4\"><figure><a class=\"thumb-container\" href=\"https:\/\/www.salzburgerland.com\/de\/magazin\/wp-content\/uploads\/2013\/04\/Hotel-Markus-Sittikus071-1280x1024.jpg\">\t<picture><source media=\"(min-width: 576px)\" srcset=\"https:\/\/www.salzburgerland.com\/de\/magazin\/wp-content\/uploads\/2013\/04\/Hotel-Markus-Sittikus071-325x209.jpg 325w, https:\/\/www.salzburgerland.com\/de\/magazin\/wp-content\/uploads\/2013\/04\/Hotel-Markus-Sittikus071-249x160.jpg 249w\" \/><source media=\"(min-width: 0)\" srcset=\"https:\/\/www.salzburgerland.com\/de\/magazin\/wp-content\/uploads\/2013\/04\/Hotel-Markus-Sittikus071-249x160.jpg 249w, https:\/\/www.salzburgerland.com\/de\/magazin\/wp-content\/uploads\/2013\/04\/Hotel-Markus-Sittikus071-325x209.jpg 325w\" \/><img decoding=\"async\" alt=\"Hotelzimmer mit Doppelbett, rotem Kopfteil, Holzm\u00f6beln, Fenster mit roten Vorh\u00e4ngen und Lampe auf dem Schreibtisch.\" src=\"https:\/\/www.salzburgerland.com\/de\/magazin\/wp-content\/uploads\/2013\/04\/Hotel-Markus-Sittikus071.jpg\" \/>\t<\/picture><\/a><\/figure><\/div><\/div><\/div><figcaption><\/figcaption>\n<p>Hotel Villa Carlton<br \/>\nMarkus-Sittikus-Strasse 3<br \/>\n5020 Salzburg \/ Austria<br \/>\n+43 (0) 662 88 21 91 .<br \/>\nwww.vialla-carlton.at\u00a0<a href=\"mailto:hotel@villa-carlton.at\"><br \/>\n<\/a><\/p>\n","protected":false},"excerpt":{"rendered":"<p>Wenn das Salzburger Stadthotel Carlton vor kreativen Ideen \u00fcberkocht und bunte Accessoires bis vor den Hoteleingang verteilt sind, steckt \u00a0Chefin Anna Sunshine Sigl dahinter. Sie ist bekannt f\u00fcr ihre bunten, witzig-kreativen Ideen und lebt die in ihren beiden gem\u00fctlichen Stadthotels Carlton und Markus Sittikus aus. Ihre Boutiquehotels \u00a0sind keine Absteige f\u00fcr Spie\u00dfer. Tradition und Moderne [&hellip;]<\/p>\n","protected":false},"author":70,"featured_media":33890,"comment_status":"open","ping_status":"open","sticky":false,"template":"","format":"standard","meta":{"_acf_changed":false,"wl_entities_gutenberg":"","_wl_entity_redirect_enabled":"","footnotes":""},"categories":[5],"tags":[],"wl_entity_type":[306],"monatsauswahl":[82,83,84,85,86,87,88,89,90,91,92,93],"class_list":["post-33887","post","type-post","status-publish","format-standard","has-post-thumbnail","hentry","category-hotel-reise","wl_entity_type-article","monatsauswahl-monat_1","monatsauswahl-monat_2","monatsauswahl-monat_3","monatsauswahl-monat_4","monatsauswahl-monat_5","monatsauswahl-monat_6","monatsauswahl-monat_7","monatsauswahl-monat_8","monatsauswahl-monat_9","monatsauswahl-monat_10","monatsauswahl-monat_11","monatsauswahl-monat_12"],"acf":[],"yoast_head":"<!-- This site is optimized with the Yoast SEO Premium plugin v27.4 (Yoast SEO v27.4) - https:\/\/yoast.com\/product\/yoast-seo-premium-wordpress\/ -->\n<title>Salzburger Hotelchefin Anna Sigl sorgt f\u00fcr Lifestylefaktor - SalzburgerLand Magazin<\/title>\n<meta name=\"description\" content=\"Wenn das Salzburger Stadthotel Carlton vor kreativen Ideen \u00fcberkocht und bunte Accessoires bis vor den Hoteleingang verteilt sind, steckt \u00a0Chefin Anna Sunshine Sigl dahinter. Sie ist bekannt f\u00fcr ihre bunten, witzig-kreativen Ideen und lebt die in ihren beiden gem\u00fctlichen Stadthotels Carlton und Markus Sittikus aus. Ihre Boutiquehotels \u00a0sind keine Absteige f\u00fcr Spie\u00dfer. Tradition und Moderne [&hellip;]\" \/>\n<meta name=\"robots\" content=\"index, follow, max-snippet:-1, max-image-preview:large, max-video-preview:-1\" \/>\n<link rel=\"canonical\" href=\"https:\/\/www.salzburgerland.com\/de\/magazin\/salzburger-hotelchefin-anna-sigl-sorgt-fur-lifestylefaktor\/\" \/>\n<meta property=\"og:locale\" content=\"de_DE\" \/>\n<meta property=\"og:type\" content=\"article\" \/>\n<meta property=\"og:title\" content=\"Salzburger Hotelchefin Anna Sigl sorgt f\u00fcr Lifestylefaktor\" \/>\n<meta property=\"og:description\" content=\"Wenn das Salzburger Stadthotel Carlton vor kreativen Ideen \u00fcberkocht und bunte Accessoires bis vor den Hoteleingang verteilt sind, steckt \u00a0Chefin Anna Sunshine Sigl dahinter. Sie ist bekannt f\u00fcr ihre bunten, witzig-kreativen Ideen und lebt die in ihren beiden gem\u00fctlichen Stadthotels Carlton und Markus Sittikus aus. Ihre Boutiquehotels \u00a0sind keine Absteige f\u00fcr Spie\u00dfer. Tradition und Moderne [&hellip;]\" \/>\n<meta property=\"og:url\" content=\"https:\/\/www.salzburgerland.com\/de\/magazin\/salzburger-hotelchefin-anna-sigl-sorgt-fur-lifestylefaktor\/\" \/>\n<meta property=\"og:site_name\" content=\"SalzburgerLand Magazin\" \/>\n<meta property=\"article:publisher\" content=\"https:\/\/www.facebook.com\/salzburgerland\/\" \/>\n<meta property=\"article:published_time\" content=\"2013-04-10T13:20:10+00:00\" \/>\n<meta property=\"article:modified_time\" content=\"2019-06-26T18:25:11+00:00\" \/>\n<meta property=\"og:image\" content=\"https:\/\/www.salzburgerland.com\/de\/magazin\/wp-content\/uploads\/2013\/04\/Hotel-Carlton002.jpg\" \/>\n\t<meta property=\"og:image:width\" content=\"1600\" \/>\n\t<meta property=\"og:image:height\" content=\"1067\" \/>\n\t<meta property=\"og:image:type\" content=\"image\/jpeg\" \/>\n<meta name=\"author\" content=\"Doris Wild\" \/>\n<meta name=\"twitter:card\" content=\"summary_large_image\" \/>\n<meta name=\"twitter:creator\" content=\"@Salzburgerland\" \/>\n<meta name=\"twitter:site\" content=\"@Salzburgerland\" \/>\n<meta name=\"twitter:label1\" content=\"Verfasst von\" \/>\n\t<meta name=\"twitter:data1\" content=\"Doris Wild\" \/>\n\t<meta name=\"twitter:label2\" content=\"Gesch\u00e4tzte Lesezeit\" \/>\n\t<meta name=\"twitter:data2\" content=\"2\u00a0Minuten\" \/>\n<script type=\"application\/ld+json\" class=\"yoast-schema-graph\">{\"@context\":\"https:\\\/\\\/schema.org\",\"@graph\":[{\"@type\":\"Article\",\"@id\":\"https:\\\/\\\/www.salzburgerland.com\\\/de\\\/magazin\\\/salzburger-hotelchefin-anna-sigl-sorgt-fur-lifestylefaktor\\\/#article\",\"isPartOf\":{\"@id\":\"https:\\\/\\\/www.salzburgerland.com\\\/de\\\/magazin\\\/salzburger-hotelchefin-anna-sigl-sorgt-fur-lifestylefaktor\\\/\"},\"author\":{\"name\":\"Doris Wild\",\"@id\":\"https:\\\/\\\/www.salzburgerland.com\\\/de\\\/magazin\\\/#\\\/schema\\\/person\\\/3c02fe460374aa9e0ef912270ae0b92c\"},\"headline\":\"Salzburger Hotelchefin Anna Sigl sorgt f\u00fcr Lifestylefaktor\",\"datePublished\":\"2013-04-10T13:20:10+00:00\",\"dateModified\":\"2019-06-26T18:25:11+00:00\",\"mainEntityOfPage\":{\"@id\":\"https:\\\/\\\/www.salzburgerland.com\\\/de\\\/magazin\\\/salzburger-hotelchefin-anna-sigl-sorgt-fur-lifestylefaktor\\\/\"},\"wordCount\":385,\"commentCount\":0,\"publisher\":{\"@id\":\"https:\\\/\\\/www.salzburgerland.com\\\/de\\\/magazin\\\/#organization\"},\"image\":{\"@id\":\"https:\\\/\\\/www.salzburgerland.com\\\/de\\\/magazin\\\/salzburger-hotelchefin-anna-sigl-sorgt-fur-lifestylefaktor\\\/#primaryimage\"},\"thumbnailUrl\":\"https:\\\/\\\/www.salzburgerland.com\\\/de\\\/magazin\\\/wp-content\\\/uploads\\\/2013\\\/04\\\/Hotel-Carlton002.jpg\",\"articleSection\":[\"Hotel &amp; Reise\"],\"inLanguage\":\"de\",\"potentialAction\":[{\"@type\":\"CommentAction\",\"name\":\"Comment\",\"target\":[\"https:\\\/\\\/www.salzburgerland.com\\\/de\\\/magazin\\\/salzburger-hotelchefin-anna-sigl-sorgt-fur-lifestylefaktor\\\/#respond\"]}]},{\"@type\":\"WebPage\",\"@id\":\"https:\\\/\\\/www.salzburgerland.com\\\/de\\\/magazin\\\/salzburger-hotelchefin-anna-sigl-sorgt-fur-lifestylefaktor\\\/\",\"url\":\"https:\\\/\\\/www.salzburgerland.com\\\/de\\\/magazin\\\/salzburger-hotelchefin-anna-sigl-sorgt-fur-lifestylefaktor\\\/\",\"name\":\"Salzburger Hotelchefin Anna Sigl sorgt f\u00fcr Lifestylefaktor - SalzburgerLand Magazin\",\"isPartOf\":{\"@id\":\"https:\\\/\\\/www.salzburgerland.com\\\/de\\\/magazin\\\/#website\"},\"primaryImageOfPage\":{\"@id\":\"https:\\\/\\\/www.salzburgerland.com\\\/de\\\/magazin\\\/salzburger-hotelchefin-anna-sigl-sorgt-fur-lifestylefaktor\\\/#primaryimage\"},\"image\":{\"@id\":\"https:\\\/\\\/www.salzburgerland.com\\\/de\\\/magazin\\\/salzburger-hotelchefin-anna-sigl-sorgt-fur-lifestylefaktor\\\/#primaryimage\"},\"thumbnailUrl\":\"https:\\\/\\\/www.salzburgerland.com\\\/de\\\/magazin\\\/wp-content\\\/uploads\\\/2013\\\/04\\\/Hotel-Carlton002.jpg\",\"datePublished\":\"2013-04-10T13:20:10+00:00\",\"dateModified\":\"2019-06-26T18:25:11+00:00\",\"breadcrumb\":{\"@id\":\"https:\\\/\\\/www.salzburgerland.com\\\/de\\\/magazin\\\/salzburger-hotelchefin-anna-sigl-sorgt-fur-lifestylefaktor\\\/#breadcrumb\"},\"inLanguage\":\"de\",\"potentialAction\":[{\"@type\":\"ReadAction\",\"target\":[\"https:\\\/\\\/www.salzburgerland.com\\\/de\\\/magazin\\\/salzburger-hotelchefin-anna-sigl-sorgt-fur-lifestylefaktor\\\/\"]}]},{\"@type\":\"ImageObject\",\"inLanguage\":\"de\",\"@id\":\"https:\\\/\\\/www.salzburgerland.com\\\/de\\\/magazin\\\/salzburger-hotelchefin-anna-sigl-sorgt-fur-lifestylefaktor\\\/#primaryimage\",\"url\":\"https:\\\/\\\/www.salzburgerland.com\\\/de\\\/magazin\\\/wp-content\\\/uploads\\\/2013\\\/04\\\/Hotel-Carlton002.jpg\",\"contentUrl\":\"https:\\\/\\\/www.salzburgerland.com\\\/de\\\/magazin\\\/wp-content\\\/uploads\\\/2013\\\/04\\\/Hotel-Carlton002.jpg\",\"width\":1600,\"height\":1067,\"caption\":\"Anna Sunshine Sigl\"},{\"@type\":\"BreadcrumbList\",\"@id\":\"https:\\\/\\\/www.salzburgerland.com\\\/de\\\/magazin\\\/salzburger-hotelchefin-anna-sigl-sorgt-fur-lifestylefaktor\\\/#breadcrumb\",\"itemListElement\":[{\"@type\":\"ListItem\",\"position\":1,\"name\":\"Startseite\",\"item\":\"https:\\\/\\\/www.salzburgerland.com\\\/de\\\/magazin\\\/\"},{\"@type\":\"ListItem\",\"position\":2,\"name\":\"Hotel &amp; Reise\",\"item\":\"https:\\\/\\\/www.salzburgerland.com\\\/de\\\/magazin\\\/thema\\\/hotel-reise\\\/\"},{\"@type\":\"ListItem\",\"position\":3,\"name\":\"Salzburger Hotelchefin Anna Sigl sorgt f\u00fcr Lifestylefaktor\"}]},{\"@type\":\"WebSite\",\"@id\":\"https:\\\/\\\/www.salzburgerland.com\\\/de\\\/magazin\\\/#website\",\"url\":\"https:\\\/\\\/www.salzburgerland.com\\\/de\\\/magazin\\\/\",\"name\":\"SalzburgerLand Magazin\",\"description\":\"Geschichten und Interessantes aus dem SalzburgerLand\",\"publisher\":{\"@id\":\"https:\\\/\\\/www.salzburgerland.com\\\/de\\\/magazin\\\/#organization\"},\"potentialAction\":[{\"@type\":\"SearchAction\",\"target\":{\"@type\":\"EntryPoint\",\"urlTemplate\":\"https:\\\/\\\/www.salzburgerland.com\\\/de\\\/magazin\\\/?s={search_term_string}\"},\"query-input\":{\"@type\":\"PropertyValueSpecification\",\"valueRequired\":true,\"valueName\":\"search_term_string\"}}],\"inLanguage\":\"de\"},{\"@type\":\"Organization\",\"@id\":\"https:\\\/\\\/www.salzburgerland.com\\\/de\\\/magazin\\\/#organization\",\"name\":\"SalzburgerLand Tourismus\",\"url\":\"https:\\\/\\\/www.salzburgerland.com\\\/de\\\/magazin\\\/\",\"logo\":{\"@type\":\"ImageObject\",\"inLanguage\":\"de\",\"@id\":\"https:\\\/\\\/www.salzburgerland.com\\\/de\\\/magazin\\\/#\\\/schema\\\/logo\\\/image\\\/\",\"url\":\"https:\\\/\\\/www.salzburgerland.com\\\/de\\\/magazin\\\/wp-content\\\/uploads\\\/2019\\\/06\\\/salzburgerland-logo1.jpg\",\"contentUrl\":\"https:\\\/\\\/www.salzburgerland.com\\\/de\\\/magazin\\\/wp-content\\\/uploads\\\/2019\\\/06\\\/salzburgerland-logo1.jpg\",\"width\":2011,\"height\":866,\"caption\":\"SalzburgerLand Tourismus\"},\"image\":{\"@id\":\"https:\\\/\\\/www.salzburgerland.com\\\/de\\\/magazin\\\/#\\\/schema\\\/logo\\\/image\\\/\"},\"sameAs\":[\"https:\\\/\\\/www.facebook.com\\\/salzburgerland\\\/\",\"https:\\\/\\\/x.com\\\/Salzburgerland\",\"https:\\\/\\\/www.instagram.com\\\/salzburgerland\\\/\",\"https:\\\/\\\/at.linkedin.com\\\/company\\\/salzburgerland-tourismus-gmbh\",\"https:\\\/\\\/www.pinterest.at\\\/salzburgerland\\\/\",\"https:\\\/\\\/www.youtube.com\\\/user\\\/salzburgerland\",\"https:\\\/\\\/de.wikipedia.org\\\/wiki\\\/SalzburgerLand_Tourismus_GmbH\"]},{\"@type\":\"Person\",\"@id\":\"https:\\\/\\\/www.salzburgerland.com\\\/de\\\/magazin\\\/#\\\/schema\\\/person\\\/3c02fe460374aa9e0ef912270ae0b92c\",\"name\":\"Doris Wild\",\"description\":\"Doris Wild ist Eventfotografin und Societyjournalistin und hat jetzt mit ihrer Agentur auch den Videojournalismus als zus\u00e4tzliches Standbein entdeckt. Nach 20 Jahren tagesaktueller Berichterstattung sind Blicke hinter die Kulissen der Event-Society und Modewelt die logische Konsequenz. Fragen mit Antworten von Doris Wild Morgen- oder Abendmensch? Vor 8.00 fr\u00fch holt mich nicht einmal der tollste Sonnenaufgang aus den Federn. Dass Fotografen die Morgensonne nutzen sollten \u2013 mag sein. Events finden selten im weichen Morgenlicht statt. Und zur blauen Stunde mache ich die besten Bilder. Weltliteratur oder Tratsch &amp; Klatsch? Man kann das kombinieren. Im Urlaub mal den dicken Schm\u00f6ker, in den Kaffeepausen die Regenbogenzeitschriften. Man muss schlie\u00dflich am Laufenden bleiben, um die Prinzessinnen und Medienstars zu erkennen, wenn sie im Salzburgerland urlauben. Kr\u00e4utertee oder Zirbenschnaps? Ich bin Antialkoholikerin und steh dazu. Ist als Societyfotografin wahrscheinlich die einzige M\u00f6glichkeit zu \u00fcberleben. Golfplatz oder Klettergarten? Klettergarten nat\u00fcrlich. Ich brauch Action. Funsport ist meine Devise! Am besten t\u00e4glich was Neues. Der Herausforderung Golf stelle ich mich sp\u00e4ter. Viel sp\u00e4ter. Dirndl oder Bustierkleid? Jetzt reicht\u00b4s aber. Wie wenn man sich so einfach entscheiden k\u00f6nnte! Mit drei \u00fcbervollen Kleiderschr\u00e4nken und der Ambition sich t\u00e4glich modisch neu zu erfinden, lassen sich diese Fragen nicht beantworten. Das ist anlass- und stimmungsbezogen unterschiedlich. Und \u00fcberhaupt: Auf Kleider steh ich nicht so. Also im Zweifelsfall: Lederhose mit Sneakers. Ausstellung oder Bergpanorama? Das seh ich ganz pragmatisch. Ich komme dort hin, wo mich meine Auftr\u00e4ge hinf\u00fchren. Das ist heute die Vernissage und morgen der Berggipfel. Genau das macht meinen Beruf so spannend und t\u00e4glich anders. Ich will alles.\",\"url\":\"https:\\\/\\\/www.salzburgerland.com\\\/de\\\/magazin\\\/author\\\/doris-wild\\\/\"}]}<\/script>\n<!-- \/ Yoast SEO Premium plugin. -->","yoast_head_json":{"title":"Salzburger Hotelchefin Anna Sigl sorgt f\u00fcr Lifestylefaktor - SalzburgerLand Magazin","description":"Wenn das Salzburger Stadthotel Carlton vor kreativen Ideen \u00fcberkocht und bunte Accessoires bis vor den Hoteleingang verteilt sind, steckt \u00a0Chefin Anna Sunshine Sigl dahinter. Sie ist bekannt f\u00fcr ihre bunten, witzig-kreativen Ideen und lebt die in ihren beiden gem\u00fctlichen Stadthotels Carlton und Markus Sittikus aus. Ihre Boutiquehotels \u00a0sind keine Absteige f\u00fcr Spie\u00dfer. Tradition und Moderne [&hellip;]","robots":{"index":"index","follow":"follow","max-snippet":"max-snippet:-1","max-image-preview":"max-image-preview:large","max-video-preview":"max-video-preview:-1"},"canonical":"https:\/\/www.salzburgerland.com\/de\/magazin\/salzburger-hotelchefin-anna-sigl-sorgt-fur-lifestylefaktor\/","og_locale":"de_DE","og_type":"article","og_title":"Salzburger Hotelchefin Anna Sigl sorgt f\u00fcr Lifestylefaktor","og_description":"Wenn das Salzburger Stadthotel Carlton vor kreativen Ideen \u00fcberkocht und bunte Accessoires bis vor den Hoteleingang verteilt sind, steckt \u00a0Chefin Anna Sunshine Sigl dahinter. Sie ist bekannt f\u00fcr ihre bunten, witzig-kreativen Ideen und lebt die in ihren beiden gem\u00fctlichen Stadthotels Carlton und Markus Sittikus aus. Ihre Boutiquehotels \u00a0sind keine Absteige f\u00fcr Spie\u00dfer. Tradition und Moderne [&hellip;]","og_url":"https:\/\/www.salzburgerland.com\/de\/magazin\/salzburger-hotelchefin-anna-sigl-sorgt-fur-lifestylefaktor\/","og_site_name":"SalzburgerLand Magazin","article_publisher":"https:\/\/www.facebook.com\/salzburgerland\/","article_published_time":"2013-04-10T13:20:10+00:00","article_modified_time":"2019-06-26T18:25:11+00:00","og_image":[{"width":1600,"height":1067,"url":"https:\/\/www.salzburgerland.com\/de\/magazin\/wp-content\/uploads\/2013\/04\/Hotel-Carlton002.jpg","type":"image\/jpeg"}],"author":"Doris Wild","twitter_card":"summary_large_image","twitter_creator":"@Salzburgerland","twitter_site":"@Salzburgerland","twitter_misc":{"Verfasst von":"Doris Wild","Gesch\u00e4tzte Lesezeit":"2\u00a0Minuten"},"schema":{"@context":"https:\/\/schema.org","@graph":[{"@type":"Article","@id":"https:\/\/www.salzburgerland.com\/de\/magazin\/salzburger-hotelchefin-anna-sigl-sorgt-fur-lifestylefaktor\/#article","isPartOf":{"@id":"https:\/\/www.salzburgerland.com\/de\/magazin\/salzburger-hotelchefin-anna-sigl-sorgt-fur-lifestylefaktor\/"},"author":{"name":"Doris Wild","@id":"https:\/\/www.salzburgerland.com\/de\/magazin\/#\/schema\/person\/3c02fe460374aa9e0ef912270ae0b92c"},"headline":"Salzburger Hotelchefin Anna Sigl sorgt f\u00fcr Lifestylefaktor","datePublished":"2013-04-10T13:20:10+00:00","dateModified":"2019-06-26T18:25:11+00:00","mainEntityOfPage":{"@id":"https:\/\/www.salzburgerland.com\/de\/magazin\/salzburger-hotelchefin-anna-sigl-sorgt-fur-lifestylefaktor\/"},"wordCount":385,"commentCount":0,"publisher":{"@id":"https:\/\/www.salzburgerland.com\/de\/magazin\/#organization"},"image":{"@id":"https:\/\/www.salzburgerland.com\/de\/magazin\/salzburger-hotelchefin-anna-sigl-sorgt-fur-lifestylefaktor\/#primaryimage"},"thumbnailUrl":"https:\/\/www.salzburgerland.com\/de\/magazin\/wp-content\/uploads\/2013\/04\/Hotel-Carlton002.jpg","articleSection":["Hotel &amp; Reise"],"inLanguage":"de","potentialAction":[{"@type":"CommentAction","name":"Comment","target":["https:\/\/www.salzburgerland.com\/de\/magazin\/salzburger-hotelchefin-anna-sigl-sorgt-fur-lifestylefaktor\/#respond"]}]},{"@type":"WebPage","@id":"https:\/\/www.salzburgerland.com\/de\/magazin\/salzburger-hotelchefin-anna-sigl-sorgt-fur-lifestylefaktor\/","url":"https:\/\/www.salzburgerland.com\/de\/magazin\/salzburger-hotelchefin-anna-sigl-sorgt-fur-lifestylefaktor\/","name":"Salzburger Hotelchefin Anna Sigl sorgt f\u00fcr Lifestylefaktor - SalzburgerLand Magazin","isPartOf":{"@id":"https:\/\/www.salzburgerland.com\/de\/magazin\/#website"},"primaryImageOfPage":{"@id":"https:\/\/www.salzburgerland.com\/de\/magazin\/salzburger-hotelchefin-anna-sigl-sorgt-fur-lifestylefaktor\/#primaryimage"},"image":{"@id":"https:\/\/www.salzburgerland.com\/de\/magazin\/salzburger-hotelchefin-anna-sigl-sorgt-fur-lifestylefaktor\/#primaryimage"},"thumbnailUrl":"https:\/\/www.salzburgerland.com\/de\/magazin\/wp-content\/uploads\/2013\/04\/Hotel-Carlton002.jpg","datePublished":"2013-04-10T13:20:10+00:00","dateModified":"2019-06-26T18:25:11+00:00","breadcrumb":{"@id":"https:\/\/www.salzburgerland.com\/de\/magazin\/salzburger-hotelchefin-anna-sigl-sorgt-fur-lifestylefaktor\/#breadcrumb"},"inLanguage":"de","potentialAction":[{"@type":"ReadAction","target":["https:\/\/www.salzburgerland.com\/de\/magazin\/salzburger-hotelchefin-anna-sigl-sorgt-fur-lifestylefaktor\/"]}]},{"@type":"ImageObject","inLanguage":"de","@id":"https:\/\/www.salzburgerland.com\/de\/magazin\/salzburger-hotelchefin-anna-sigl-sorgt-fur-lifestylefaktor\/#primaryimage","url":"https:\/\/www.salzburgerland.com\/de\/magazin\/wp-content\/uploads\/2013\/04\/Hotel-Carlton002.jpg","contentUrl":"https:\/\/www.salzburgerland.com\/de\/magazin\/wp-content\/uploads\/2013\/04\/Hotel-Carlton002.jpg","width":1600,"height":1067,"caption":"Anna Sunshine Sigl"},{"@type":"BreadcrumbList","@id":"https:\/\/www.salzburgerland.com\/de\/magazin\/salzburger-hotelchefin-anna-sigl-sorgt-fur-lifestylefaktor\/#breadcrumb","itemListElement":[{"@type":"ListItem","position":1,"name":"Startseite","item":"https:\/\/www.salzburgerland.com\/de\/magazin\/"},{"@type":"ListItem","position":2,"name":"Hotel &amp; Reise","item":"https:\/\/www.salzburgerland.com\/de\/magazin\/thema\/hotel-reise\/"},{"@type":"ListItem","position":3,"name":"Salzburger Hotelchefin Anna Sigl sorgt f\u00fcr Lifestylefaktor"}]},{"@type":"WebSite","@id":"https:\/\/www.salzburgerland.com\/de\/magazin\/#website","url":"https:\/\/www.salzburgerland.com\/de\/magazin\/","name":"SalzburgerLand Magazin","description":"Geschichten und Interessantes aus dem SalzburgerLand","publisher":{"@id":"https:\/\/www.salzburgerland.com\/de\/magazin\/#organization"},"potentialAction":[{"@type":"SearchAction","target":{"@type":"EntryPoint","urlTemplate":"https:\/\/www.salzburgerland.com\/de\/magazin\/?s={search_term_string}"},"query-input":{"@type":"PropertyValueSpecification","valueRequired":true,"valueName":"search_term_string"}}],"inLanguage":"de"},{"@type":"Organization","@id":"https:\/\/www.salzburgerland.com\/de\/magazin\/#organization","name":"SalzburgerLand Tourismus","url":"https:\/\/www.salzburgerland.com\/de\/magazin\/","logo":{"@type":"ImageObject","inLanguage":"de","@id":"https:\/\/www.salzburgerland.com\/de\/magazin\/#\/schema\/logo\/image\/","url":"https:\/\/www.salzburgerland.com\/de\/magazin\/wp-content\/uploads\/2019\/06\/salzburgerland-logo1.jpg","contentUrl":"https:\/\/www.salzburgerland.com\/de\/magazin\/wp-content\/uploads\/2019\/06\/salzburgerland-logo1.jpg","width":2011,"height":866,"caption":"SalzburgerLand Tourismus"},"image":{"@id":"https:\/\/www.salzburgerland.com\/de\/magazin\/#\/schema\/logo\/image\/"},"sameAs":["https:\/\/www.facebook.com\/salzburgerland\/","https:\/\/x.com\/Salzburgerland","https:\/\/www.instagram.com\/salzburgerland\/","https:\/\/at.linkedin.com\/company\/salzburgerland-tourismus-gmbh","https:\/\/www.pinterest.at\/salzburgerland\/","https:\/\/www.youtube.com\/user\/salzburgerland","https:\/\/de.wikipedia.org\/wiki\/SalzburgerLand_Tourismus_GmbH"]},{"@type":"Person","@id":"https:\/\/www.salzburgerland.com\/de\/magazin\/#\/schema\/person\/3c02fe460374aa9e0ef912270ae0b92c","name":"Doris Wild","description":"Doris Wild ist Eventfotografin und Societyjournalistin und hat jetzt mit ihrer Agentur auch den Videojournalismus als zus\u00e4tzliches Standbein entdeckt. Nach 20 Jahren tagesaktueller Berichterstattung sind Blicke hinter die Kulissen der Event-Society und Modewelt die logische Konsequenz. Fragen mit Antworten von Doris Wild Morgen- oder Abendmensch? Vor 8.00 fr\u00fch holt mich nicht einmal der tollste Sonnenaufgang aus den Federn. Dass Fotografen die Morgensonne nutzen sollten \u2013 mag sein. Events finden selten im weichen Morgenlicht statt. Und zur blauen Stunde mache ich die besten Bilder. Weltliteratur oder Tratsch &amp; Klatsch? Man kann das kombinieren. Im Urlaub mal den dicken Schm\u00f6ker, in den Kaffeepausen die Regenbogenzeitschriften. Man muss schlie\u00dflich am Laufenden bleiben, um die Prinzessinnen und Medienstars zu erkennen, wenn sie im Salzburgerland urlauben. Kr\u00e4utertee oder Zirbenschnaps? Ich bin Antialkoholikerin und steh dazu. Ist als Societyfotografin wahrscheinlich die einzige M\u00f6glichkeit zu \u00fcberleben. Golfplatz oder Klettergarten? Klettergarten nat\u00fcrlich. Ich brauch Action. Funsport ist meine Devise! Am besten t\u00e4glich was Neues. Der Herausforderung Golf stelle ich mich sp\u00e4ter. Viel sp\u00e4ter. Dirndl oder Bustierkleid? Jetzt reicht\u00b4s aber. Wie wenn man sich so einfach entscheiden k\u00f6nnte! Mit drei \u00fcbervollen Kleiderschr\u00e4nken und der Ambition sich t\u00e4glich modisch neu zu erfinden, lassen sich diese Fragen nicht beantworten. Das ist anlass- und stimmungsbezogen unterschiedlich. Und \u00fcberhaupt: Auf Kleider steh ich nicht so. Also im Zweifelsfall: Lederhose mit Sneakers. Ausstellung oder Bergpanorama? Das seh ich ganz pragmatisch. Ich komme dort hin, wo mich meine Auftr\u00e4ge hinf\u00fchren. Das ist heute die Vernissage und morgen der Berggipfel. Genau das macht meinen Beruf so spannend und t\u00e4glich anders. Ich will alles.","url":"https:\/\/www.salzburgerland.com\/de\/magazin\/author\/doris-wild\/"}]}},"_wl_alt_label":[],"wl:entity_url":"http:\/\/open.salzburgerland.com\/magazin\/post\/salzburger_hotelchefin_anna_sigl_sorgt_fuer_lifestylefaktor","_links":{"self":[{"href":"https:\/\/www.salzburgerland.com\/de\/magazin\/wp-json\/wp\/v2\/posts\/33887","targetHints":{"allow":["GET"]}}],"collection":[{"href":"https:\/\/www.salzburgerland.com\/de\/magazin\/wp-json\/wp\/v2\/posts"}],"about":[{"href":"https:\/\/www.salzburgerland.com\/de\/magazin\/wp-json\/wp\/v2\/types\/post"}],"author":[{"embeddable":true,"href":"https:\/\/www.salzburgerland.com\/de\/magazin\/wp-json\/wp\/v2\/users\/70"}],"replies":[{"embeddable":true,"href":"https:\/\/www.salzburgerland.com\/de\/magazin\/wp-json\/wp\/v2\/comments?post=33887"}],"version-history":[{"count":0,"href":"https:\/\/www.salzburgerland.com\/de\/magazin\/wp-json\/wp\/v2\/posts\/33887\/revisions"}],"wp:featuredmedia":[{"embeddable":true,"href":"https:\/\/www.salzburgerland.com\/de\/magazin\/wp-json\/wp\/v2\/media\/33890"}],"wp:attachment":[{"href":"https:\/\/www.salzburgerland.com\/de\/magazin\/wp-json\/wp\/v2\/media?parent=33887"}],"wp:term":[{"taxonomy":"category","embeddable":true,"href":"https:\/\/www.salzburgerland.com\/de\/magazin\/wp-json\/wp\/v2\/categories?post=33887"},{"taxonomy":"post_tag","embeddable":true,"href":"https:\/\/www.salzburgerland.com\/de\/magazin\/wp-json\/wp\/v2\/tags?post=33887"},{"taxonomy":"wl_entity_type","embeddable":true,"href":"https:\/\/www.salzburgerland.com\/de\/magazin\/wp-json\/wp\/v2\/wl_entity_type?post=33887"},{"taxonomy":"monatsauswahl","embeddable":true,"href":"https:\/\/www.salzburgerland.com\/de\/magazin\/wp-json\/wp\/v2\/monatsauswahl?post=33887"}],"curies":[{"name":"wp","href":"https:\/\/api.w.org\/{rel}","templated":true}]}}