{"id":32593,"date":"2013-03-18T11:18:42","date_gmt":"2013-03-18T10:18:42","guid":{"rendered":"http:\/\/magazin.salzburgerland.com\/?p=32593"},"modified":"2019-06-26T20:25:55","modified_gmt":"2019-06-26T18:25:55","slug":"traumhaft-gut-schlafen","status":"publish","type":"post","link":"https:\/\/www.salzburgerland.com\/de\/magazin\/traumhaft-gut-schlafen\/","title":{"rendered":"Traumhaft gut schlafen"},"content":{"rendered":"<p>Am Abend ins frisch bezogene Bett fallen, sich nur noch gem\u00fctlich in die Polster kuscheln und dann abtauchen ins Reich der Tr\u00e4ume. Gut ein Drittel des Lebens schlafen wir. Dann tanken wir Kraft, die Immunabwehr wird gest\u00e4rkt, K\u00f6rper und Geist erholen sich, die Gedanken werden sortiert. Kurz: Schlaf dient der Regeneration. \u00dcber die Frage, wie viel Schlaf gesund ist, diskutieren Wissenschaftler. Einige Schlafforscher glauben, sechs bis acht Stunden Schlaf pro Tag seien ausreichend. Andere Untersuchungen kommen zu dem Ergebnis, dass es mindestens zehn Stunden sein sollten. Es gibt auch Mediziner, die der Auffassung sind, dass das Schlafbed\u00fcrfnis individuell sehr verschieden ist. Der eine kommt mit sechs Stunden aus, der andere braucht mindestens acht bis zehn Stunden n\u00e4chtliche Ruhe, um leistungsf\u00e4hig und konzentriert zu sein. Unumstritten ist jedoch die vitale Bedeutung des Schlafs, der uns fit machen soll f\u00fcr den n\u00e4chsten Tag. Schlaf l\u00e4sst sich jedoch nicht erzwingen. Je mehr man schlafen will, desto unwahrscheinlicher stellt sich der Schlaf ein.<\/p>\n<p><a href=\"https:\/\/www.salzburgerland.com\/de\/magazin\/wp-content\/uploads\/2013\/03\/familiensuite_neu_sm.jpg\"><img loading=\"lazy\" decoding=\"async\" class=\"alignleft size-magazine-halb wp-image-32603\" title=\"Gem\u00fctliche Zimmer warten im Landhotel Rupertus Leogang\" src=\"https:\/\/www.salzburgerland.com\/de\/magazin\/wp-content\/uploads\/2013\/03\/familiensuite_neu_sm-300x225.jpg\" alt=\"\" width=\"300\" height=\"225\" \/><\/a><a href=\"https:\/\/www.salzburgerland.com\/de\/magazin\/wp-content\/uploads\/2013\/03\/naturzimmer_sm.jpg\"><img loading=\"lazy\" decoding=\"async\" class=\"alignleft size-magazine-halb wp-image-32604\" title=\"Naturzimmer (Landhotel Rupertus, Leogang)\" src=\"https:\/\/www.salzburgerland.com\/de\/magazin\/wp-content\/uploads\/2013\/03\/naturzimmer_sm-300x225.jpg\" alt=\"\" width=\"300\" height=\"225\" \/><\/a><\/p>\n<p>Manche Menschen finden selbst w\u00e4hrend ihres Urlaubes nicht in den Schlaf. Trotz des festen Vorsatzes, sich endlich zu erholen, kreisen ihre Gedanken um Alltagssorgen. Kein Wunder: Wer bis kurz vor Abfahrt noch hektisch organisiert und unter Strom steht, kann am Urlaubsort nicht auf Knopfdruck entspannen. Stress f\u00fchrt dazu, dass viele nicht mehr richtig abschalten k\u00f6nnen. Im SalzburgerLand gibt es unter den unz\u00e4hligen Angeboten f\u00fcr individuelle Erholung etwa die BioParadies Betriebe, wo Sie in gem\u00fctlichen H\u00e4usern Kraftpl\u00e4tze f\u00fcr Ihren Urlaub finden k\u00f6nnen. Wer auf der Suche nach neuer Energie ist, kann im <a href=\"https:\/\/www.salzburgerland.com\/de\/bioparadies\/\/index.html\" target=\"_blank\" rel=\"noopener noreferrer\">BioParadies SalzburgerLand <\/a>also aus einer gro\u00dfen Vielfalt w\u00e4hlen.<\/p>\n<p>H\u00f6chsten Standard in der gesundheitsf\u00f6rdernden Ausstattung des Hotels findet man beispielsweise im <a href=\"http:\/\/www.biohotel-sommerau.at\/\" target=\"_blank\" rel=\"noopener noreferrer\">BioVital Hotel Sommerau<\/a> in St. Kolomann (Tennengau). Hier sorgen neben der gesunden Wohnumgebung des Hauses aus Naturbaustoffen auch die speziellen Wohnaccessoires f\u00fcr nachhaltig erholsame Urlaubs- und Regenerationstage. Gesunden Schlaf f\u00f6rdert auch das absolute Naturprodukt im Haus, die \u201eWaldviertler Biomatratze\u201c, eine Matratze, bei der s\u00e4mtliche Rohstoffe aus kontrolliert biologischer Landwirtschaft stammen.<\/p>\n<p><a href=\"https:\/\/www.salzburgerland.com\/de\/magazin\/wp-content\/uploads\/2013\/03\/DSC_5570.jpg\"><img loading=\"lazy\" decoding=\"async\" class=\"alignleft size-magazine-halb wp-image-32606\" title=\"BioHotel Sommerau\" src=\"https:\/\/www.salzburgerland.com\/de\/magazin\/wp-content\/uploads\/2013\/03\/DSC_5570-300x225.jpg\" alt=\"\" width=\"300\" height=\"225\" \/><\/a><a href=\"https:\/\/www.salzburgerland.com\/de\/magazin\/wp-content\/uploads\/2013\/03\/entspannung.jpg\"><img loading=\"lazy\" decoding=\"async\" class=\"alignleft size-magazine-halb wp-image-32602\" title=\"Entspannung durch umfassende Wellnessangebote im Landhotel Rupertus\" src=\"https:\/\/www.salzburgerland.com\/de\/magazin\/wp-content\/uploads\/2013\/03\/entspannung-300x225.jpg\" alt=\"\" width=\"300\" height=\"225\" \/><\/a>Viele Hotels im SalzburgerLand setzen bei der Einrichtung der Zimmer auch auf die <a href=\"https:\/\/www.salzburgerland.com\/de\/magazin\/gesundheit\/gesundes-holz\/\" target=\"_blank\" rel=\"noopener noreferrer\">positive Wirkung von Vollholz auf K\u00f6rper <\/a>und Geist. Die \u201eK\u00f6nigin der Alpen\u201c etwa &#8211; die Zirbe &#8211; beeinflusst wissenschaftlich erwiesen beispielsweise die Herzfrequenz und senkt somit Stress und f\u00f6rdert Wohlbefinden.<\/p>\n<p><strong>Oft helfen kleine Tricks<\/strong><\/p>\n<ul>\n<li>K\u00f6rper und Geist brauchen Zeit und Ruhe, um in den Erholungsmodus umzuschalten. Hier gilt vor allem: Nicht unter Druck setzen lassen. Wenn man nachts nicht schlafen kann, hilft oft schon ein gutes Buch, um den Geist zu beruhigen.<\/li>\n<li>Niemals ins Bett, wenn man nicht m\u00fcde ist.<\/li>\n<li>Hilfreich f\u00fcr ein entspanntes Einschlafen ist es, sich zu merken, in welcher Position man morgens aufwacht. Manchmal reicht es schon, genau diese Haltung einzunehmen, also das Bein um die Decke wickeln oder den Kopf halb unter dem Polster vergraben, um gut einzuschlafen.<\/li>\n<li>Die sch\u00f6nste Br\u00fccke in den Schlaf f\u00fchrt \u00fcber das Erinnern an ein besonders sch\u00f6nes Erlebnis &#8211; lassen Sie sch\u00f6ne und angenehme Momente des vergangenen Tages ruhig noch mal Revue passieren.<\/li>\n<li>Nachts aufzuwachen ist v\u00f6llig normal. Das ist ein Impuls aus Urzeiten, um zu kontrollieren, ob alles in Ordnung ist. Doch wer dann anf\u00e4ngt zu gr\u00fcbeln, wird richtig wach. Ist das passiert, darf man sich nicht \u00e4rgern. Auch wenn man mal nur vier bis sechs Stunden geschlafen hat, besteht noch kein Grund zur Besorgnis. Andere Gedanken muss man ganz konsequent in ihre Schranken weisen. Kuli und Notizbuch auf dem Nachttisch helfen, aufzuschreiben, was uns Sorgen macht.<\/li>\n<li>Frische Luft l\u00e4sst uns besser schlafen.<\/li>\n<li>Ein Schlafzimmer, das m\u00f6glichst dunkel ist, ist von Vorteil. Auch f\u00f6rdert es den Schlaf, wenn es im Schlafzimmer angenehm k\u00fchl ist &#8211; 16 bis 18 Grad werden als Idealtemperatur angesehen.<\/li>\n<li>Eine gute Matratze und frische Luft, dann sind die Grundvoraussetzungen so gut wie erf\u00fcllt. Schlafforscher sind aber auch der Meinung, dass jeder Mensch seine pers\u00f6nlichen Vorlieben ber\u00fccksichtigen sollte. Wenn Sie es also beim Schlafen gerne warm haben oder nur mit Licht im Zimmer Ruhe finden, ist das vollkommen in Ordnung. Die Vorg\u00e4nge im Innern des K\u00f6rpers k\u00f6nnen wir w\u00e4hrend des Schlafens kaum steuern. Beeinflussen k\u00f6nnen wir aber die \u00e4u\u00dferen Bedingungen f\u00fcr unseren Schlaf, wie zum Beispiel die Beschaffenheit von Bett und Matratze, die Atmosph\u00e4re im Schlafzimmer oder unsere Lebensgewohnheiten. Ein gesundes, nat\u00fcrliches Bett aus reiner Schafwolle etwa &#8211; so wie im SalzburgerLand <a href=\"http:\/\/www.rupertus.at\/winter\/home.html?S=1\" target=\"_blank\" rel=\"noopener noreferrer\">Biohotel Landhotel Rupertus <\/a>in Leogang (Pinzgau)\u00a0kann Wunder wirken: \u201eSchafwolle bildet die sch\u00fctzende H\u00fclle, die unser K\u00f6rper in der Nacht braucht, wie die Luft zum Atmen. Das Bett gleicht Schwankungen in der Umgebungstemperatur aus, nimmt die Feuchtigkeit auf, die der K\u00f6rper abgibt, und sch\u00fctzt es vor K\u00e4lte, W\u00e4rme und Zugluft\u201c, so Frau Herzog. Im Landhotel Rupertus sind in den Natursuiten die kuscheligen Kissen und \u00dcberbetten mit \u201eVillgrater Natur-Betten\u201c ausgestattet.<\/li>\n<\/ul>\n<p><em><strong><a href=\"https:\/\/www.salzburgerland.com\/de\/magazin\/wp-content\/uploads\/2013\/03\/fruehjahrsmuedigkeit_hp.jpg\"><img loading=\"lazy\" decoding=\"async\" class=\"alignleft size-magazine-thumb wp-image-32600\" title=\"Fruehjahrsmuedigkeit (@ Maria Riedler)\" src=\"https:\/\/www.salzburgerland.com\/de\/magazin\/wp-content\/uploads\/2013\/03\/fruehjahrsmuedigkeit_hp-150x150.jpg\" alt=\"\" width=\"150\" height=\"150\" srcset=\"https:\/\/www.salzburgerland.com\/de\/magazin\/wp-content\/uploads\/2013\/03\/fruehjahrsmuedigkeit_hp-150x150.jpg 150w, https:\/\/www.salzburgerland.com\/de\/magazin\/wp-content\/uploads\/2013\/03\/fruehjahrsmuedigkeit_hp-1200x1200.jpg 1200w\" sizes=\"auto, (max-width: 150px) 100vw, 150px\" \/><\/a><\/strong><\/em><strong>Melatonin: Das Schlafhormon<\/strong><\/p>\n<p>Warum schlafen wir eigentlich? Weil wir m\u00fcde sind? Ja, denn unser K\u00f6rper signalisiert uns, dass er eine Pause und Erholung braucht. In der Zirbeldr\u00fcse unseres Gehirns wird ein Hormon namens Melatonin ausgesch\u00fcttet, das die K\u00f6rperfunktionen auf das Schlafen vorbereitet und uns langsam auf &#8222;Sparflamme&#8220; setzt. Dabei f\u00e4llt unsere K\u00f6rpertemperatur um einige Zehntelgrad ab, Atmung und Puls werden langsamer, der Blutdruck sinkt. M\u00fcde werden wir au\u00dferdem, wenn Stoffwechselprodukte abgebaut werden m\u00fcssen, die sich in unserem K\u00f6rper \u00fcber den Tag hinweg angeh\u00e4uft haben. Das sogenannte Schlafhormon hat schlafansto\u00dfende Wirkung und sorgt daf\u00fcr, dass wir nachts einschlafen. Bei Einfall von Tageslicht wird die Produktion des Hormons gehemmt und in der Nacht wird Melatonin vermehrt ins Blut abgegeben und wirkt schlaff\u00f6rdernd. L\u00e4nger anhaltender Lichtmangel (etwa im Winter) hat daher zur Folge, dass der Melatoninspiegel erh\u00f6ht ist und wir uns im Winter mehr m\u00fcde f\u00fchlen. Aber auch ein zu niedriger Melatoninspiegel kann mit Schlafst\u00f6rungen einhergehen. Mit zunehmendem Alter nimmt die durchschnittliche Schlafdauer ab und Schlafprobleme treten geh\u00e4uft auf. Grund: der K\u00f6rper produziert weniger Melatonin. Beim sogenannten Jetlag- Syndrom kann der Melatoninhaushalt durch die Zeitumstellung gest\u00f6rt werden, so z.B. auch bei Schichtarbeit und bei Fernreisen.<\/p>\n<p><strong><a href=\"https:\/\/www.salzburgerland.com\/de\/magazin\/wp-content\/uploads\/2013\/03\/haengematte_k_sm.jpg\"><img loading=\"lazy\" decoding=\"async\" class=\"alignleft size-magazine-thumb wp-image-32605\" title=\"In H\u00e4ngematte entspannen (Landhotel Rupertus Leogang)\" src=\"https:\/\/www.salzburgerland.com\/de\/magazin\/wp-content\/uploads\/2013\/03\/haengematte_k_sm-150x150.jpg\" alt=\"\" width=\"150\" height=\"150\" srcset=\"https:\/\/www.salzburgerland.com\/de\/magazin\/wp-content\/uploads\/2013\/03\/haengematte_k_sm-150x150.jpg 150w, https:\/\/www.salzburgerland.com\/de\/magazin\/wp-content\/uploads\/2013\/03\/haengematte_k_sm-1200x1200.jpg 1200w\" sizes=\"auto, (max-width: 150px) 100vw, 150px\" \/><\/a>Fr\u00fchjahrsm\u00fcdigkeit<\/strong><\/p>\n<p>Im dunklen Winter f\u00fchlen sich manche Menschen eher niedergeschlagen und hoffen auf den Fr\u00fchling. Der ist nun langsam da \u2013 und sorgt f\u00fcr Fr\u00fchjahrsm\u00fcdigkeit. Etwa jede\/r Zweite ist davon betroffen, vor allem Wetterf\u00fchlige, Menschen mit niedrigem Blutdruck, Frauen und Jugendliche. Ganz genau sind die Gr\u00fcnde f\u00fcr auff\u00e4llige M\u00fcdigkeit im Fr\u00fchjahr noch nicht bekannt, aber vermutlich spielt der Hormonhaushalt eine entscheidende Rolle. Betroffen von der Umstellung ist der gesamte Stoffwechsel. Der Organismus hat sich an den Winter gew\u00f6hnt, die Kerntemperatur des K\u00f6rpers ist etwas abgesenkt. Jetzt m\u00fcssten gro\u00dfe Temperaturunterschiede zwischen Tag und Nacht verkraftet werden \u2013 die M\u00e4rzsonne heizt die Luft tags\u00fcber immerhin schon auf zweistellige Werte, w\u00e4hrend es nachts vielerorts noch Frost gibt. Die Blutgef\u00e4\u00dfe m\u00fcssen sich st\u00e4ndig erweitern und verengen \u2013 man f\u00fchlt sich ersch\u00f6pft. Wichtig ist vor allem ein regelm\u00e4\u00dfiger Schlafrhythmus. Au\u00dferdem sollte man die tats\u00e4chliche Schlafzeit richtig einsch\u00e4tzen &#8211; Einschlaf- und Aufwachphase gelten ja noch nicht als Schlafphasen. Sport ist wichtig, weil er den K\u00f6rper aktiviert. F\u00fcr die Ern\u00e4hrung gilt, dass eher Eiwei\u00dfreiches die Aktivierung verbessert, w\u00e4hrend Kohlenhydrate eher m\u00fcde machen. Fr\u00fchjahrsm\u00fcde Menschen sollten am Morgen eher zu eiwei\u00dfreichen Nahrungsmitteln greifen &#8211; etwa zum klassischen weichen Ei oder zu Sojaprodukten. Auch kurze Schlafpausen zwischendurch &#8211; sogenannte Power Naps &#8211; k\u00f6nnen hilfreich sein. Diese sollten aber nicht l\u00e4nger als 15 bis 20 Minuten dauern, empfiehlt die Wiener Schlafforscherin Univ-Prof. Dr. Gerda Saletu-Zyhlarz.<\/p>\n<p>&nbsp;<\/p>\n","protected":false},"excerpt":{"rendered":"<p>Am Abend ins frisch bezogene Bett fallen, sich nur noch gem\u00fctlich in die Polster kuscheln und dann abtauchen ins Reich der Tr\u00e4ume. Gut ein Drittel des Lebens schlafen wir. Dann tanken wir Kraft, die Immunabwehr wird gest\u00e4rkt, K\u00f6rper und Geist erholen sich, die Gedanken werden sortiert. Kurz: Schlaf dient der Regeneration. \u00dcber die Frage, wie [&hellip;]<\/p>\n","protected":false},"author":217,"featured_media":32605,"comment_status":"open","ping_status":"open","sticky":false,"template":"","format":"standard","meta":{"_acf_changed":false,"wl_entities_gutenberg":"","_wl_entity_redirect_enabled":"","footnotes":""},"categories":[4],"tags":[],"wl_entity_type":[306],"monatsauswahl":[82,83,84,85,86,87,88,89,90,91,92,93],"class_list":["post-32593","post","type-post","status-publish","format-standard","has-post-thumbnail","hentry","category-gesundheit","wl_entity_type-article","monatsauswahl-monat_1","monatsauswahl-monat_2","monatsauswahl-monat_3","monatsauswahl-monat_4","monatsauswahl-monat_5","monatsauswahl-monat_6","monatsauswahl-monat_7","monatsauswahl-monat_8","monatsauswahl-monat_9","monatsauswahl-monat_10","monatsauswahl-monat_11","monatsauswahl-monat_12"],"acf":[],"yoast_head":"<!-- This site is optimized with the Yoast SEO Premium plugin v27.4 (Yoast SEO v27.4) - https:\/\/yoast.com\/product\/yoast-seo-premium-wordpress\/ -->\n<title>Traumhaft gut schlafen - SalzburgerLand Magazin<\/title>\n<meta name=\"description\" content=\"Am Abend ins frisch bezogene Bett fallen, sich nur noch gem\u00fctlich in die Polster kuscheln und dann abtauchen ins Reich der Tr\u00e4ume. Gut ein Drittel des Lebens schlafen wir. Dann tanken wir Kraft, die Immunabwehr wird gest\u00e4rkt, K\u00f6rper und Geist erholen sich, die Gedanken werden sortiert. Kurz: Schlaf dient der Regeneration. \u00dcber die Frage, wie [&hellip;]\" \/>\n<meta name=\"robots\" content=\"index, follow, max-snippet:-1, max-image-preview:large, max-video-preview:-1\" \/>\n<link rel=\"canonical\" href=\"https:\/\/www.salzburgerland.com\/de\/magazin\/traumhaft-gut-schlafen\/\" \/>\n<meta property=\"og:locale\" content=\"de_DE\" \/>\n<meta property=\"og:type\" content=\"article\" \/>\n<meta property=\"og:title\" content=\"Traumhaft gut schlafen\" \/>\n<meta property=\"og:description\" content=\"Am Abend ins frisch bezogene Bett fallen, sich nur noch gem\u00fctlich in die Polster kuscheln und dann abtauchen ins Reich der Tr\u00e4ume. Gut ein Drittel des Lebens schlafen wir. Dann tanken wir Kraft, die Immunabwehr wird gest\u00e4rkt, K\u00f6rper und Geist erholen sich, die Gedanken werden sortiert. Kurz: Schlaf dient der Regeneration. \u00dcber die Frage, wie [&hellip;]\" \/>\n<meta property=\"og:url\" content=\"https:\/\/www.salzburgerland.com\/de\/magazin\/traumhaft-gut-schlafen\/\" \/>\n<meta property=\"og:site_name\" content=\"SalzburgerLand Magazin\" \/>\n<meta property=\"article:publisher\" content=\"https:\/\/www.facebook.com\/salzburgerland\/\" \/>\n<meta property=\"article:published_time\" content=\"2013-03-18T10:18:42+00:00\" \/>\n<meta property=\"article:modified_time\" content=\"2019-06-26T18:25:55+00:00\" \/>\n<meta property=\"og:image\" content=\"https:\/\/www.salzburgerland.com\/de\/magazin\/wp-content\/uploads\/2013\/03\/haengematte_k_sm.jpg\" \/>\n\t<meta property=\"og:image:width\" content=\"800\" \/>\n\t<meta property=\"og:image:height\" content=\"590\" \/>\n\t<meta property=\"og:image:type\" content=\"image\/jpeg\" \/>\n<meta name=\"author\" content=\"Maria Riedler\" \/>\n<meta name=\"twitter:card\" content=\"summary_large_image\" \/>\n<meta name=\"twitter:creator\" content=\"@Salzburgerland\" \/>\n<meta name=\"twitter:site\" content=\"@Salzburgerland\" \/>\n<meta name=\"twitter:label1\" content=\"Verfasst von\" \/>\n\t<meta name=\"twitter:data1\" content=\"Maria Riedler\" \/>\n\t<meta name=\"twitter:label2\" content=\"Gesch\u00e4tzte Lesezeit\" \/>\n\t<meta name=\"twitter:data2\" content=\"7\u00a0Minuten\" \/>\n<script type=\"application\/ld+json\" class=\"yoast-schema-graph\">{\"@context\":\"https:\\\/\\\/schema.org\",\"@graph\":[{\"@type\":\"Article\",\"@id\":\"https:\\\/\\\/www.salzburgerland.com\\\/de\\\/magazin\\\/traumhaft-gut-schlafen\\\/#article\",\"isPartOf\":{\"@id\":\"https:\\\/\\\/www.salzburgerland.com\\\/de\\\/magazin\\\/traumhaft-gut-schlafen\\\/\"},\"author\":{\"name\":\"Maria Riedler\",\"@id\":\"https:\\\/\\\/www.salzburgerland.com\\\/de\\\/magazin\\\/#\\\/schema\\\/person\\\/0cd712588b834668bcd33d7a0668adb3\"},\"headline\":\"Traumhaft gut schlafen\",\"datePublished\":\"2013-03-18T10:18:42+00:00\",\"dateModified\":\"2019-06-26T18:25:55+00:00\",\"mainEntityOfPage\":{\"@id\":\"https:\\\/\\\/www.salzburgerland.com\\\/de\\\/magazin\\\/traumhaft-gut-schlafen\\\/\"},\"wordCount\":1310,\"commentCount\":0,\"publisher\":{\"@id\":\"https:\\\/\\\/www.salzburgerland.com\\\/de\\\/magazin\\\/#organization\"},\"image\":{\"@id\":\"https:\\\/\\\/www.salzburgerland.com\\\/de\\\/magazin\\\/traumhaft-gut-schlafen\\\/#primaryimage\"},\"thumbnailUrl\":\"https:\\\/\\\/www.salzburgerland.com\\\/de\\\/magazin\\\/wp-content\\\/uploads\\\/2013\\\/03\\\/haengematte_k_sm.jpg\",\"articleSection\":[\"Gesundheit\"],\"inLanguage\":\"de\",\"potentialAction\":[{\"@type\":\"CommentAction\",\"name\":\"Comment\",\"target\":[\"https:\\\/\\\/www.salzburgerland.com\\\/de\\\/magazin\\\/traumhaft-gut-schlafen\\\/#respond\"]}]},{\"@type\":\"WebPage\",\"@id\":\"https:\\\/\\\/www.salzburgerland.com\\\/de\\\/magazin\\\/traumhaft-gut-schlafen\\\/\",\"url\":\"https:\\\/\\\/www.salzburgerland.com\\\/de\\\/magazin\\\/traumhaft-gut-schlafen\\\/\",\"name\":\"Traumhaft gut schlafen - SalzburgerLand Magazin\",\"isPartOf\":{\"@id\":\"https:\\\/\\\/www.salzburgerland.com\\\/de\\\/magazin\\\/#website\"},\"primaryImageOfPage\":{\"@id\":\"https:\\\/\\\/www.salzburgerland.com\\\/de\\\/magazin\\\/traumhaft-gut-schlafen\\\/#primaryimage\"},\"image\":{\"@id\":\"https:\\\/\\\/www.salzburgerland.com\\\/de\\\/magazin\\\/traumhaft-gut-schlafen\\\/#primaryimage\"},\"thumbnailUrl\":\"https:\\\/\\\/www.salzburgerland.com\\\/de\\\/magazin\\\/wp-content\\\/uploads\\\/2013\\\/03\\\/haengematte_k_sm.jpg\",\"datePublished\":\"2013-03-18T10:18:42+00:00\",\"dateModified\":\"2019-06-26T18:25:55+00:00\",\"breadcrumb\":{\"@id\":\"https:\\\/\\\/www.salzburgerland.com\\\/de\\\/magazin\\\/traumhaft-gut-schlafen\\\/#breadcrumb\"},\"inLanguage\":\"de\",\"potentialAction\":[{\"@type\":\"ReadAction\",\"target\":[\"https:\\\/\\\/www.salzburgerland.com\\\/de\\\/magazin\\\/traumhaft-gut-schlafen\\\/\"]}]},{\"@type\":\"ImageObject\",\"inLanguage\":\"de\",\"@id\":\"https:\\\/\\\/www.salzburgerland.com\\\/de\\\/magazin\\\/traumhaft-gut-schlafen\\\/#primaryimage\",\"url\":\"https:\\\/\\\/www.salzburgerland.com\\\/de\\\/magazin\\\/wp-content\\\/uploads\\\/2013\\\/03\\\/haengematte_k_sm.jpg\",\"contentUrl\":\"https:\\\/\\\/www.salzburgerland.com\\\/de\\\/magazin\\\/wp-content\\\/uploads\\\/2013\\\/03\\\/haengematte_k_sm.jpg\",\"width\":800,\"height\":590,\"caption\":\"Gelbe und wei\u00dfe Tulpen im Fokus mit einem Kind, das in einer gestreiften H\u00e4ngematte im Hintergrund liegt.\"},{\"@type\":\"BreadcrumbList\",\"@id\":\"https:\\\/\\\/www.salzburgerland.com\\\/de\\\/magazin\\\/traumhaft-gut-schlafen\\\/#breadcrumb\",\"itemListElement\":[{\"@type\":\"ListItem\",\"position\":1,\"name\":\"Startseite\",\"item\":\"https:\\\/\\\/www.salzburgerland.com\\\/de\\\/magazin\\\/\"},{\"@type\":\"ListItem\",\"position\":2,\"name\":\"Gesundheit\",\"item\":\"https:\\\/\\\/www.salzburgerland.com\\\/de\\\/magazin\\\/thema\\\/gesundheit\\\/\"},{\"@type\":\"ListItem\",\"position\":3,\"name\":\"Traumhaft gut schlafen\"}]},{\"@type\":\"WebSite\",\"@id\":\"https:\\\/\\\/www.salzburgerland.com\\\/de\\\/magazin\\\/#website\",\"url\":\"https:\\\/\\\/www.salzburgerland.com\\\/de\\\/magazin\\\/\",\"name\":\"SalzburgerLand Magazin\",\"description\":\"Geschichten und Interessantes aus dem SalzburgerLand\",\"publisher\":{\"@id\":\"https:\\\/\\\/www.salzburgerland.com\\\/de\\\/magazin\\\/#organization\"},\"potentialAction\":[{\"@type\":\"SearchAction\",\"target\":{\"@type\":\"EntryPoint\",\"urlTemplate\":\"https:\\\/\\\/www.salzburgerland.com\\\/de\\\/magazin\\\/?s={search_term_string}\"},\"query-input\":{\"@type\":\"PropertyValueSpecification\",\"valueRequired\":true,\"valueName\":\"search_term_string\"}}],\"inLanguage\":\"de\"},{\"@type\":\"Organization\",\"@id\":\"https:\\\/\\\/www.salzburgerland.com\\\/de\\\/magazin\\\/#organization\",\"name\":\"SalzburgerLand Tourismus\",\"url\":\"https:\\\/\\\/www.salzburgerland.com\\\/de\\\/magazin\\\/\",\"logo\":{\"@type\":\"ImageObject\",\"inLanguage\":\"de\",\"@id\":\"https:\\\/\\\/www.salzburgerland.com\\\/de\\\/magazin\\\/#\\\/schema\\\/logo\\\/image\\\/\",\"url\":\"https:\\\/\\\/www.salzburgerland.com\\\/de\\\/magazin\\\/wp-content\\\/uploads\\\/2019\\\/06\\\/salzburgerland-logo1.jpg\",\"contentUrl\":\"https:\\\/\\\/www.salzburgerland.com\\\/de\\\/magazin\\\/wp-content\\\/uploads\\\/2019\\\/06\\\/salzburgerland-logo1.jpg\",\"width\":2011,\"height\":866,\"caption\":\"SalzburgerLand Tourismus\"},\"image\":{\"@id\":\"https:\\\/\\\/www.salzburgerland.com\\\/de\\\/magazin\\\/#\\\/schema\\\/logo\\\/image\\\/\"},\"sameAs\":[\"https:\\\/\\\/www.facebook.com\\\/salzburgerland\\\/\",\"https:\\\/\\\/x.com\\\/Salzburgerland\",\"https:\\\/\\\/www.instagram.com\\\/salzburgerland\\\/\",\"https:\\\/\\\/at.linkedin.com\\\/company\\\/salzburgerland-tourismus-gmbh\",\"https:\\\/\\\/www.pinterest.at\\\/salzburgerland\\\/\",\"https:\\\/\\\/www.youtube.com\\\/user\\\/salzburgerland\",\"https:\\\/\\\/de.wikipedia.org\\\/wiki\\\/SalzburgerLand_Tourismus_GmbH\"]},{\"@type\":\"Person\",\"@id\":\"https:\\\/\\\/www.salzburgerland.com\\\/de\\\/magazin\\\/#\\\/schema\\\/person\\\/0cd712588b834668bcd33d7a0668adb3\",\"name\":\"Maria Riedler\",\"description\":\"Ein Bild sagt mehr als tausend Worte, hei\u00dft es. Aber genauso wichtig ist die Geschichte dazu. Spannende Texte haben nicht nur einen gro\u00dfen Effekt auf unsere Wahrnehmung, sie lassen auch das Kopfkino in uns starten! Den Dingen nachzusp\u00fcren und auf den Grund zu gehen, das geh\u00f6rt jedenfalls seit meiner Jugendzeit zu mir ... Maria Riedler studierte neben ihrer T\u00e4tigkeit als Kinderkrankenschwester Publizistik und P\u00e4dagogik. Nach dem Studium verbrachte sie \u00fcber zwei Jahre in Australien, wo sie f\u00fcr den staatlichen Rundfunk SBS arbeitete. Anschlie\u00dfend war sie f\u00fcnf Jahre freie Mitarbeiterin im ORF Landesstudio Salzburg, weiters Kommunikationsbeauftragte beim Arbeitskreis f\u00fcr Vorsorgemedizin Salzburg (AVOS), war freiberufliche Journalistin bei der Salzburgerin und ist als Redakteurin f\u00fcr die Pongauer Nachrichten t\u00e4tig. Neben Schreiben, Fotografieren und Lesen liebt sie vor allem unsere Berge und ist ehrenamtlich Bergrettungshundef\u00fchrerin und Pressereferentin der Bergrettung Salzburg. Dosige(r) oder Zuagroast? Eindeutig dosig - aus dem\u00a0einmaligen Lungau. Fr\u00fchling, Sommer, Herbst oder Winter? Nachdem ich auch einige Jahre in Australien gelebt habe, bin ich mir sicher, dass uns weltweit die Menschen um diese so unterschiedlich sch\u00f6nen und so facettenreichen Jahreszeiten beneiden. Luxushotel oder Almh\u00fctte? Obwohl so ein Luxushotel schon seine Reize hat, genie\u00dfe ich doch meist eher die Einsamkeit auf einer Almh\u00fctte\u2026. Mozart oder Hubert von Goisern? Wie sch\u00f6n, dass wir so begnadete Musiker haben!\u00a0Leider\u00a0gibt es f\u00fcr mich - wie so oft - siehe oben und unten :-) kein Entweder-Oder\u2026 Ausstellung oder Bergpanorama? \\\"Kunst w\u00e4scht den Staub des Alltag von der Seele\\\", meinte Pablo Picasso. \u00a0Die Berge und deren Traumpanorama brauche ich auch, um mir\u00a0neue Perspektiven vom Leben zu holen.\u00a0Also:\u00a0Es muss doch mehr als alles geben \u00a0- wahrscheinlich mein Lebensmotto, deshalb bitte keine weiteren Entweder-Oder Fragen!\u00a0:-) Wer jemals einen Sonnenaufgang oder Sonnenuntergang in unseren Bergen erlebt hat, wei\u00df um die Einmaligkeit dieser Bilder und Eindr\u00fccke.\",\"url\":\"https:\\\/\\\/www.salzburgerland.com\\\/de\\\/magazin\\\/author\\\/mriedler\\\/\"}]}<\/script>\n<!-- \/ Yoast SEO Premium plugin. -->","yoast_head_json":{"title":"Traumhaft gut schlafen - SalzburgerLand Magazin","description":"Am Abend ins frisch bezogene Bett fallen, sich nur noch gem\u00fctlich in die Polster kuscheln und dann abtauchen ins Reich der Tr\u00e4ume. Gut ein Drittel des Lebens schlafen wir. Dann tanken wir Kraft, die Immunabwehr wird gest\u00e4rkt, K\u00f6rper und Geist erholen sich, die Gedanken werden sortiert. Kurz: Schlaf dient der Regeneration. \u00dcber die Frage, wie [&hellip;]","robots":{"index":"index","follow":"follow","max-snippet":"max-snippet:-1","max-image-preview":"max-image-preview:large","max-video-preview":"max-video-preview:-1"},"canonical":"https:\/\/www.salzburgerland.com\/de\/magazin\/traumhaft-gut-schlafen\/","og_locale":"de_DE","og_type":"article","og_title":"Traumhaft gut schlafen","og_description":"Am Abend ins frisch bezogene Bett fallen, sich nur noch gem\u00fctlich in die Polster kuscheln und dann abtauchen ins Reich der Tr\u00e4ume. Gut ein Drittel des Lebens schlafen wir. Dann tanken wir Kraft, die Immunabwehr wird gest\u00e4rkt, K\u00f6rper und Geist erholen sich, die Gedanken werden sortiert. Kurz: Schlaf dient der Regeneration. \u00dcber die Frage, wie [&hellip;]","og_url":"https:\/\/www.salzburgerland.com\/de\/magazin\/traumhaft-gut-schlafen\/","og_site_name":"SalzburgerLand Magazin","article_publisher":"https:\/\/www.facebook.com\/salzburgerland\/","article_published_time":"2013-03-18T10:18:42+00:00","article_modified_time":"2019-06-26T18:25:55+00:00","og_image":[{"width":800,"height":590,"url":"https:\/\/www.salzburgerland.com\/de\/magazin\/wp-content\/uploads\/2013\/03\/haengematte_k_sm.jpg","type":"image\/jpeg"}],"author":"Maria Riedler","twitter_card":"summary_large_image","twitter_creator":"@Salzburgerland","twitter_site":"@Salzburgerland","twitter_misc":{"Verfasst von":"Maria Riedler","Gesch\u00e4tzte Lesezeit":"7\u00a0Minuten"},"schema":{"@context":"https:\/\/schema.org","@graph":[{"@type":"Article","@id":"https:\/\/www.salzburgerland.com\/de\/magazin\/traumhaft-gut-schlafen\/#article","isPartOf":{"@id":"https:\/\/www.salzburgerland.com\/de\/magazin\/traumhaft-gut-schlafen\/"},"author":{"name":"Maria Riedler","@id":"https:\/\/www.salzburgerland.com\/de\/magazin\/#\/schema\/person\/0cd712588b834668bcd33d7a0668adb3"},"headline":"Traumhaft gut schlafen","datePublished":"2013-03-18T10:18:42+00:00","dateModified":"2019-06-26T18:25:55+00:00","mainEntityOfPage":{"@id":"https:\/\/www.salzburgerland.com\/de\/magazin\/traumhaft-gut-schlafen\/"},"wordCount":1310,"commentCount":0,"publisher":{"@id":"https:\/\/www.salzburgerland.com\/de\/magazin\/#organization"},"image":{"@id":"https:\/\/www.salzburgerland.com\/de\/magazin\/traumhaft-gut-schlafen\/#primaryimage"},"thumbnailUrl":"https:\/\/www.salzburgerland.com\/de\/magazin\/wp-content\/uploads\/2013\/03\/haengematte_k_sm.jpg","articleSection":["Gesundheit"],"inLanguage":"de","potentialAction":[{"@type":"CommentAction","name":"Comment","target":["https:\/\/www.salzburgerland.com\/de\/magazin\/traumhaft-gut-schlafen\/#respond"]}]},{"@type":"WebPage","@id":"https:\/\/www.salzburgerland.com\/de\/magazin\/traumhaft-gut-schlafen\/","url":"https:\/\/www.salzburgerland.com\/de\/magazin\/traumhaft-gut-schlafen\/","name":"Traumhaft gut schlafen - SalzburgerLand Magazin","isPartOf":{"@id":"https:\/\/www.salzburgerland.com\/de\/magazin\/#website"},"primaryImageOfPage":{"@id":"https:\/\/www.salzburgerland.com\/de\/magazin\/traumhaft-gut-schlafen\/#primaryimage"},"image":{"@id":"https:\/\/www.salzburgerland.com\/de\/magazin\/traumhaft-gut-schlafen\/#primaryimage"},"thumbnailUrl":"https:\/\/www.salzburgerland.com\/de\/magazin\/wp-content\/uploads\/2013\/03\/haengematte_k_sm.jpg","datePublished":"2013-03-18T10:18:42+00:00","dateModified":"2019-06-26T18:25:55+00:00","breadcrumb":{"@id":"https:\/\/www.salzburgerland.com\/de\/magazin\/traumhaft-gut-schlafen\/#breadcrumb"},"inLanguage":"de","potentialAction":[{"@type":"ReadAction","target":["https:\/\/www.salzburgerland.com\/de\/magazin\/traumhaft-gut-schlafen\/"]}]},{"@type":"ImageObject","inLanguage":"de","@id":"https:\/\/www.salzburgerland.com\/de\/magazin\/traumhaft-gut-schlafen\/#primaryimage","url":"https:\/\/www.salzburgerland.com\/de\/magazin\/wp-content\/uploads\/2013\/03\/haengematte_k_sm.jpg","contentUrl":"https:\/\/www.salzburgerland.com\/de\/magazin\/wp-content\/uploads\/2013\/03\/haengematte_k_sm.jpg","width":800,"height":590,"caption":"Gelbe und wei\u00dfe Tulpen im Fokus mit einem Kind, das in einer gestreiften H\u00e4ngematte im Hintergrund liegt."},{"@type":"BreadcrumbList","@id":"https:\/\/www.salzburgerland.com\/de\/magazin\/traumhaft-gut-schlafen\/#breadcrumb","itemListElement":[{"@type":"ListItem","position":1,"name":"Startseite","item":"https:\/\/www.salzburgerland.com\/de\/magazin\/"},{"@type":"ListItem","position":2,"name":"Gesundheit","item":"https:\/\/www.salzburgerland.com\/de\/magazin\/thema\/gesundheit\/"},{"@type":"ListItem","position":3,"name":"Traumhaft gut schlafen"}]},{"@type":"WebSite","@id":"https:\/\/www.salzburgerland.com\/de\/magazin\/#website","url":"https:\/\/www.salzburgerland.com\/de\/magazin\/","name":"SalzburgerLand Magazin","description":"Geschichten und Interessantes aus dem SalzburgerLand","publisher":{"@id":"https:\/\/www.salzburgerland.com\/de\/magazin\/#organization"},"potentialAction":[{"@type":"SearchAction","target":{"@type":"EntryPoint","urlTemplate":"https:\/\/www.salzburgerland.com\/de\/magazin\/?s={search_term_string}"},"query-input":{"@type":"PropertyValueSpecification","valueRequired":true,"valueName":"search_term_string"}}],"inLanguage":"de"},{"@type":"Organization","@id":"https:\/\/www.salzburgerland.com\/de\/magazin\/#organization","name":"SalzburgerLand Tourismus","url":"https:\/\/www.salzburgerland.com\/de\/magazin\/","logo":{"@type":"ImageObject","inLanguage":"de","@id":"https:\/\/www.salzburgerland.com\/de\/magazin\/#\/schema\/logo\/image\/","url":"https:\/\/www.salzburgerland.com\/de\/magazin\/wp-content\/uploads\/2019\/06\/salzburgerland-logo1.jpg","contentUrl":"https:\/\/www.salzburgerland.com\/de\/magazin\/wp-content\/uploads\/2019\/06\/salzburgerland-logo1.jpg","width":2011,"height":866,"caption":"SalzburgerLand Tourismus"},"image":{"@id":"https:\/\/www.salzburgerland.com\/de\/magazin\/#\/schema\/logo\/image\/"},"sameAs":["https:\/\/www.facebook.com\/salzburgerland\/","https:\/\/x.com\/Salzburgerland","https:\/\/www.instagram.com\/salzburgerland\/","https:\/\/at.linkedin.com\/company\/salzburgerland-tourismus-gmbh","https:\/\/www.pinterest.at\/salzburgerland\/","https:\/\/www.youtube.com\/user\/salzburgerland","https:\/\/de.wikipedia.org\/wiki\/SalzburgerLand_Tourismus_GmbH"]},{"@type":"Person","@id":"https:\/\/www.salzburgerland.com\/de\/magazin\/#\/schema\/person\/0cd712588b834668bcd33d7a0668adb3","name":"Maria Riedler","description":"Ein Bild sagt mehr als tausend Worte, hei\u00dft es. Aber genauso wichtig ist die Geschichte dazu. Spannende Texte haben nicht nur einen gro\u00dfen Effekt auf unsere Wahrnehmung, sie lassen auch das Kopfkino in uns starten! Den Dingen nachzusp\u00fcren und auf den Grund zu gehen, das geh\u00f6rt jedenfalls seit meiner Jugendzeit zu mir ... Maria Riedler studierte neben ihrer T\u00e4tigkeit als Kinderkrankenschwester Publizistik und P\u00e4dagogik. Nach dem Studium verbrachte sie \u00fcber zwei Jahre in Australien, wo sie f\u00fcr den staatlichen Rundfunk SBS arbeitete. Anschlie\u00dfend war sie f\u00fcnf Jahre freie Mitarbeiterin im ORF Landesstudio Salzburg, weiters Kommunikationsbeauftragte beim Arbeitskreis f\u00fcr Vorsorgemedizin Salzburg (AVOS), war freiberufliche Journalistin bei der Salzburgerin und ist als Redakteurin f\u00fcr die Pongauer Nachrichten t\u00e4tig. Neben Schreiben, Fotografieren und Lesen liebt sie vor allem unsere Berge und ist ehrenamtlich Bergrettungshundef\u00fchrerin und Pressereferentin der Bergrettung Salzburg. Dosige(r) oder Zuagroast? Eindeutig dosig - aus dem\u00a0einmaligen Lungau. Fr\u00fchling, Sommer, Herbst oder Winter? Nachdem ich auch einige Jahre in Australien gelebt habe, bin ich mir sicher, dass uns weltweit die Menschen um diese so unterschiedlich sch\u00f6nen und so facettenreichen Jahreszeiten beneiden. Luxushotel oder Almh\u00fctte? Obwohl so ein Luxushotel schon seine Reize hat, genie\u00dfe ich doch meist eher die Einsamkeit auf einer Almh\u00fctte\u2026. Mozart oder Hubert von Goisern? Wie sch\u00f6n, dass wir so begnadete Musiker haben!\u00a0Leider\u00a0gibt es f\u00fcr mich - wie so oft - siehe oben und unten :-) kein Entweder-Oder\u2026 Ausstellung oder Bergpanorama? \"Kunst w\u00e4scht den Staub des Alltag von der Seele\", meinte Pablo Picasso. \u00a0Die Berge und deren Traumpanorama brauche ich auch, um mir\u00a0neue Perspektiven vom Leben zu holen.\u00a0Also:\u00a0Es muss doch mehr als alles geben \u00a0- wahrscheinlich mein Lebensmotto, deshalb bitte keine weiteren Entweder-Oder Fragen!\u00a0:-) Wer jemals einen Sonnenaufgang oder Sonnenuntergang in unseren Bergen erlebt hat, wei\u00df um die Einmaligkeit dieser Bilder und Eindr\u00fccke.","url":"https:\/\/www.salzburgerland.com\/de\/magazin\/author\/mriedler\/"}]}},"_wl_alt_label":[],"wl:entity_url":"http:\/\/open.salzburgerland.com\/magazin\/post\/traumhaft_gut_schlafen","_links":{"self":[{"href":"https:\/\/www.salzburgerland.com\/de\/magazin\/wp-json\/wp\/v2\/posts\/32593","targetHints":{"allow":["GET"]}}],"collection":[{"href":"https:\/\/www.salzburgerland.com\/de\/magazin\/wp-json\/wp\/v2\/posts"}],"about":[{"href":"https:\/\/www.salzburgerland.com\/de\/magazin\/wp-json\/wp\/v2\/types\/post"}],"author":[{"embeddable":true,"href":"https:\/\/www.salzburgerland.com\/de\/magazin\/wp-json\/wp\/v2\/users\/217"}],"replies":[{"embeddable":true,"href":"https:\/\/www.salzburgerland.com\/de\/magazin\/wp-json\/wp\/v2\/comments?post=32593"}],"version-history":[{"count":0,"href":"https:\/\/www.salzburgerland.com\/de\/magazin\/wp-json\/wp\/v2\/posts\/32593\/revisions"}],"wp:featuredmedia":[{"embeddable":true,"href":"https:\/\/www.salzburgerland.com\/de\/magazin\/wp-json\/wp\/v2\/media\/32605"}],"wp:attachment":[{"href":"https:\/\/www.salzburgerland.com\/de\/magazin\/wp-json\/wp\/v2\/media?parent=32593"}],"wp:term":[{"taxonomy":"category","embeddable":true,"href":"https:\/\/www.salzburgerland.com\/de\/magazin\/wp-json\/wp\/v2\/categories?post=32593"},{"taxonomy":"post_tag","embeddable":true,"href":"https:\/\/www.salzburgerland.com\/de\/magazin\/wp-json\/wp\/v2\/tags?post=32593"},{"taxonomy":"wl_entity_type","embeddable":true,"href":"https:\/\/www.salzburgerland.com\/de\/magazin\/wp-json\/wp\/v2\/wl_entity_type?post=32593"},{"taxonomy":"monatsauswahl","embeddable":true,"href":"https:\/\/www.salzburgerland.com\/de\/magazin\/wp-json\/wp\/v2\/monatsauswahl?post=32593"}],"curies":[{"name":"wp","href":"https:\/\/api.w.org\/{rel}","templated":true}]}}