{"id":31686,"date":"2013-03-05T08:00:12","date_gmt":"2013-03-05T07:00:12","guid":{"rendered":"http:\/\/magazin.salzburgerland.com\/?p=31686"},"modified":"2022-07-08T09:04:37","modified_gmt":"2022-07-08T07:04:37","slug":"babys-erster-urlaub","status":"publish","type":"post","link":"https:\/\/www.salzburgerland.com\/de\/magazin\/babys-erster-urlaub\/","title":{"rendered":"Babys erster Urlaub"},"content":{"rendered":"\n<h2 class=\"wp-block-slt-subtitle\">Familienhotels mit Babybetreuung<\/h2>\n\n\n\n<p class=\"wp-block-slt-intro\">Schwangerschaft und Geburt sind gut \u00fcberstanden. In den ersten Wochen und Monaten hat sich der Lebensrythmus dem neuen Erdenb\u00fcrger angepasst. Und jetzt \u2013 ab in den wohlverdienten Urlaub?<\/p>\n\n\n\n<p>Wenn ihr meint, dass viele Argumente dagegen sprechen (die Anreise, das viele Gep\u00e4ck, kein Babysitter vorort), haben wir das beste Argument f\u00fcr euren ersten Urlaub mit Baby: die un\u00fcbertroffene Baby- und Kleinkinderbetreuung in einigen der <a href=\"http:\/\/family.salzburgerland.com\" target=\"_blank\" rel=\"noreferrer noopener\">Family SalzburgerLand Hotels<\/a>.<\/p>\n\n\n\n<p>Hier f\u00fchlen sich die kleinen Zwerge schon ab dem 1. Lebensmonat wohl und auch die Eltern kommen auf ihre Kosten. Ob Zwergenclub, Schnullerclub, Babyalm oder Babylouge \u2013 hier werden die kleinen Urlaubsg\u00e4ste zu gro\u00dfen Genie\u00dfern. Weiche Spieldecken, abwaschbare Babyspielsachen, Schaukeln oder B\u00e4llebad, hier gibt es alles, was das Babyherz begehrt. Schwebenester und Kuschelecken sind kleine R\u00fcckzugsr\u00e4ume f\u00fcr Mama und Kind. Kleine Wasserratten freuen sich beim Babyschwimmen \u00fcber lustiges Planschen im warmen Wasser. Besondere Genussmomente verspricht eine Babymassage.<\/p>\n\n\n\n<h2 class=\"wp-block-heading\" id=\"h-alles-was-das-babyherz-begehrt\">Alles, was das Babyherz begehrt<\/h2>\n\n\n\n<p>In den ger\u00e4umigen Hotelzimmern sind Gitterbetten, Windeleimer, Wickelauflage und Babybadewanne selbstverst\u00e4ndlich. Im Restaurantbereich werden kleine Gourmets unter anderem mit einem reichhaltigen Angebot aus der eigenen HIPP-Speisekarte verw\u00f6hnt. Hochst\u00fchle und L\u00e4tzchen stehen jedem Minigast zur Verf\u00fcgung.\u00a0 F\u00fcr gemeinsame Ausfl\u00fcge bieten die Family Hotels R\u00fcckentragen, Kinderwagen oder Buggys zum Verleih. Und wenn sich Mama\u00a0 und Papa eine Auszeit aus dem jungen Elterndasein g\u00f6nnen wollen, k\u00fcmmern sich die Betreuerinnen stundenweise liebevoll um den Nachwuchs. Und auch wenn es am Abend einmal gem\u00fctlich werden soll, m\u00fcssen sich die Eltern keine Sorgen machen. Das mit dem eigenen Handy verbundene Babyphon in jedem Zimmer \u00fcberwacht den Schlaf des Babys.<\/p>\n\n\n\n<p>Die Babyhotels von Family SalzburgerLand haben wirklich an alles gedacht, damit der erste Familienurlaub mit Baby zu einer erholsamen Zeit f\u00fcr alle wird.<\/p>\n\n\n\n<p>In folgenden Hotels steht Ihnen der besondere Babyservice zur Verf\u00fcgung:<\/p>\n\n\n\n<ul class=\"wp-block-list\"><li><a href=\"http:\/\/www.hotel-egger.at\/deutsch\/kinderhotel-familienurlaub\/\" target=\"_blank\" rel=\"noreferrer noopener\">Wellness- &amp; Familienhotel Egger, Saalbach-Hinterglemm<\/a><\/li><li><a href=\"http:\/\/www.felben.at\/\" target=\"_blank\" rel=\"noreferrer noopener\">Kinderhotel Felben, Mittersill<\/a><\/li><li><a href=\"http:\/\/www.habachklause.com\/\" target=\"_blank\" rel=\"noreferrer noopener\">Baby- &amp; Kinderhotel Habachklause, Bramberg<\/a><\/li><li><a href=\"http:\/\/www.seitenalm.at\/babyhotel-salzburg\" target=\"_blank\" rel=\"noreferrer noopener\">Familienhotel \u201eDie Seitenalm\u201c, Radstadt<\/a><\/li><li><a href=\"http:\/\/www.kesselgrub.at\/\" target=\"_blank\" rel=\"noreferrer noopener\">Kesselgrubs Ferienwelt, Altenmarkt<\/a><\/li><li><a href=\"https:\/\/www.kinderhotel-waldhof.at\/babyhotel-oesterreich\/urlaub-mit-babybetreuung\">Kinderhotel Waldhof, Gro\u00dfarl<\/a><\/li><li><a href=\"https:\/\/www.sonnberg.com\/de\/kinderwelt\/kinder-babybetreuung.html\">Sonnberg Ferienanlage, Flachau<\/a><\/li><\/ul>\n\n\n<div class=\"mag-gallery\"><div class=\"row\"><div class=\"col-6 col-sm-4\"><figure><a class=\"thumb-container\" href=\"https:\/\/www.salzburgerland.com\/de\/magazin\/wp-content\/uploads\/2013\/02\/schwebeliege_seitenalm-1280x1024.jpg\">\t<picture><source media=\"(min-width: 576px)\" srcset=\"https:\/\/www.salzburgerland.com\/de\/magazin\/wp-content\/uploads\/2013\/02\/schwebeliege_seitenalm-325x209.jpg 325w, https:\/\/www.salzburgerland.com\/de\/magazin\/wp-content\/uploads\/2013\/02\/schwebeliege_seitenalm-249x160.jpg 249w\"><\/source><source media=\"(min-width: 0)\" srcset=\"https:\/\/www.salzburgerland.com\/de\/magazin\/wp-content\/uploads\/2013\/02\/schwebeliege_seitenalm-249x160.jpg 249w, https:\/\/www.salzburgerland.com\/de\/magazin\/wp-content\/uploads\/2013\/02\/schwebeliege_seitenalm-325x209.jpg 325w\"><\/source><img decoding=\"async\" alt=\"Eine Person, die sich auf einem Schaukelstuhl im Freien entspannt und ein Buch liest, mit einem Kinderwagen in der N&auml;he und viel Gr&uuml;n im Hintergrund.\" src=\"https:\/\/www.salzburgerland.com\/de\/magazin\/wp-content\/uploads\/2013\/02\/schwebeliege_seitenalm.jpg\">\t<\/picture><\/a><\/figure><\/div><div class=\"col-6 col-sm-4\"><figure><a class=\"thumb-container\" href=\"https:\/\/www.salzburgerland.com\/de\/magazin\/wp-content\/uploads\/2013\/02\/schwimmkurs-kesselgrub-1280x1024.jpg\">\t<picture><source media=\"(min-width: 576px)\" srcset=\"https:\/\/www.salzburgerland.com\/de\/magazin\/wp-content\/uploads\/2013\/02\/schwimmkurs-kesselgrub-325x209.jpg 325w, https:\/\/www.salzburgerland.com\/de\/magazin\/wp-content\/uploads\/2013\/02\/schwimmkurs-kesselgrub-249x160.jpg 249w\"><\/source><source media=\"(min-width: 0)\" srcset=\"https:\/\/www.salzburgerland.com\/de\/magazin\/wp-content\/uploads\/2013\/02\/schwimmkurs-kesselgrub-249x160.jpg 249w, https:\/\/www.salzburgerland.com\/de\/magazin\/wp-content\/uploads\/2013\/02\/schwimmkurs-kesselgrub-325x209.jpg 325w\"><\/source><img decoding=\"async\" alt=\"Drei Frauen und mehrere kleine Kinder spielen zusammen in einem flachen Hallenbad mit Zeichentrick-Meerestieren an der Wand.\" src=\"https:\/\/www.salzburgerland.com\/de\/magazin\/wp-content\/uploads\/2013\/02\/schwimmkurs-kesselgrub.jpg\">\t<\/picture><\/a><\/figure><\/div><div class=\"col-6 col-sm-4\"><figure><a class=\"thumb-container\" href=\"https:\/\/www.salzburgerland.com\/de\/magazin\/wp-content\/uploads\/2013\/02\/Babyspielzimmer-1280x1024.jpg\">\t<picture><source media=\"(min-width: 576px)\" srcset=\"https:\/\/www.salzburgerland.com\/de\/magazin\/wp-content\/uploads\/2013\/02\/Babyspielzimmer-325x209.jpg 325w, https:\/\/www.salzburgerland.com\/de\/magazin\/wp-content\/uploads\/2013\/02\/Babyspielzimmer-249x160.jpg 249w\"><\/source><source media=\"(min-width: 0)\" srcset=\"https:\/\/www.salzburgerland.com\/de\/magazin\/wp-content\/uploads\/2013\/02\/Babyspielzimmer-249x160.jpg 249w, https:\/\/www.salzburgerland.com\/de\/magazin\/wp-content\/uploads\/2013\/02\/Babyspielzimmer-325x209.jpg 325w\"><\/source><img decoding=\"async\" alt=\"Gem&uuml;tliches Kinderzimmer mit Holzm&ouml;beln, einem Kinderbett, einer H&auml;ngeschaukel, Spielzeug und Spielteppichen auf einem Teppichboden.\" src=\"https:\/\/www.salzburgerland.com\/de\/magazin\/wp-content\/uploads\/2013\/02\/Babyspielzimmer.jpg\">\t<\/picture><\/a><\/figure><\/div><div class=\"col-6 col-sm-4\"><figure><a class=\"thumb-container\" href=\"https:\/\/www.salzburgerland.com\/de\/magazin\/wp-content\/uploads\/2013\/02\/Baby-Seitenalm-1280x1024.jpg\">\t<picture><source media=\"(min-width: 576px)\" srcset=\"https:\/\/www.salzburgerland.com\/de\/magazin\/wp-content\/uploads\/2013\/02\/Baby-Seitenalm-325x209.jpg 325w, https:\/\/www.salzburgerland.com\/de\/magazin\/wp-content\/uploads\/2013\/02\/Baby-Seitenalm-249x160.jpg 249w\"><\/source><source media=\"(min-width: 0)\" srcset=\"https:\/\/www.salzburgerland.com\/de\/magazin\/wp-content\/uploads\/2013\/02\/Baby-Seitenalm-249x160.jpg 249w, https:\/\/www.salzburgerland.com\/de\/magazin\/wp-content\/uploads\/2013\/02\/Baby-Seitenalm-325x209.jpg 325w\"><\/source><img decoding=\"async\" alt=\"Ein l&auml;chelndes Baby liegt auf einem Handtuch und blickt zu einem Erwachsenen auf, der sich zu ihm beugt und zur&uuml;ckl&auml;chelt.\" src=\"https:\/\/www.salzburgerland.com\/de\/magazin\/wp-content\/uploads\/2013\/02\/Baby-Seitenalm.jpg\">\t<\/picture><\/a><\/figure><\/div><div class=\"col-6 col-sm-4\"><figure><a class=\"thumb-container\" href=\"https:\/\/www.salzburgerland.com\/de\/magazin\/wp-content\/uploads\/2013\/02\/Babybrei-1280x1024.jpg\">\t<picture><source media=\"(min-width: 576px)\" srcset=\"https:\/\/www.salzburgerland.com\/de\/magazin\/wp-content\/uploads\/2013\/02\/Babybrei-325x209.jpg 325w, https:\/\/www.salzburgerland.com\/de\/magazin\/wp-content\/uploads\/2013\/02\/Babybrei-249x160.jpg 249w\"><\/source><source media=\"(min-width: 0)\" srcset=\"https:\/\/www.salzburgerland.com\/de\/magazin\/wp-content\/uploads\/2013\/02\/Babybrei-249x160.jpg 249w, https:\/\/www.salzburgerland.com\/de\/magazin\/wp-content\/uploads\/2013\/02\/Babybrei-325x209.jpg 325w\"><\/source><img decoding=\"async\" alt=\"Eine Frau f&uuml;ttert ein Baby in einem Hochstuhl; an der Wand hinter ihnen ist ein Wandgem&auml;lde mit Cartoon-Schl&uuml;mpfen zu sehen.\" src=\"https:\/\/www.salzburgerland.com\/de\/magazin\/wp-content\/uploads\/2013\/02\/Babybrei.jpg\">\t<\/picture><\/a><\/figure><\/div><div class=\"col-6 col-sm-4\"><figure><a class=\"thumb-container\" href=\"https:\/\/www.salzburgerland.com\/de\/magazin\/wp-content\/uploads\/2013\/06\/Wellness_family-1280x1024.jpg\">\t<picture><source media=\"(min-width: 576px)\" srcset=\"https:\/\/www.salzburgerland.com\/de\/magazin\/wp-content\/uploads\/2013\/06\/Wellness_family-325x209.jpg 325w, https:\/\/www.salzburgerland.com\/de\/magazin\/wp-content\/uploads\/2013\/06\/Wellness_family-249x160.jpg 249w\"><\/source><source media=\"(min-width: 0)\" srcset=\"https:\/\/www.salzburgerland.com\/de\/magazin\/wp-content\/uploads\/2013\/06\/Wellness_family-249x160.jpg 249w, https:\/\/www.salzburgerland.com\/de\/magazin\/wp-content\/uploads\/2013\/06\/Wellness_family-325x209.jpg 325w\"><\/source><img decoding=\"async\" alt=\"\" src=\"https:\/\/www.salzburgerland.com\/de\/magazin\/wp-content\/uploads\/2013\/06\/Wellness_family.jpg\">\t<\/picture><\/a><\/figure><\/div><\/div><figcaption><\/figcaption><\/div>\n","protected":false},"excerpt":{"rendered":"<p>Wenn ihr meint, dass viele Argumente dagegen sprechen (die Anreise, das viele Gep\u00e4ck, kein Babysitter vorort), haben wir das beste Argument f\u00fcr euren ersten Urlaub mit Baby: die un\u00fcbertroffene Baby- und Kleinkinderbetreuung in einigen der Family SalzburgerLand Hotels. Hier f\u00fchlen sich die kleinen Zwerge schon ab dem 1. Lebensmonat wohl und auch die Eltern kommen [&hellip;]<\/p>\n","protected":false},"author":90,"featured_media":17718,"comment_status":"open","ping_status":"open","sticky":false,"template":"","format":"standard","meta":{"_acf_changed":false,"wl_entities_gutenberg":"","_wl_entity_redirect_enabled":"","footnotes":""},"categories":[5],"tags":[231],"wl_entity_type":[306],"monatsauswahl":[82,83,84,85,86,87,88,89,90,91,92,93],"class_list":["post-31686","post","type-post","status-publish","format-standard","has-post-thumbnail","hentry","category-hotel-reise","tag-family","wl_entity_type-article","monatsauswahl-monat_1","monatsauswahl-monat_2","monatsauswahl-monat_3","monatsauswahl-monat_4","monatsauswahl-monat_5","monatsauswahl-monat_6","monatsauswahl-monat_7","monatsauswahl-monat_8","monatsauswahl-monat_9","monatsauswahl-monat_10","monatsauswahl-monat_11","monatsauswahl-monat_12"],"acf":[],"yoast_head":"<!-- This site is optimized with the Yoast SEO Premium plugin v27.4 (Yoast SEO v27.4) - https:\/\/yoast.com\/product\/yoast-seo-premium-wordpress\/ -->\n<title>Babys erster Urlaub - SalzburgerLand Magazin<\/title>\n<meta name=\"description\" content=\"Schwangerschaft und Geburt sind gut \u00fcberstanden. In den ersten Wochen und Monaten hat sich der Lebensrythmus dem neuen Erdenb\u00fcrger angepasst. Und jetzt \u2013 ab in den wohlverdienten Urlaub?\" \/>\n<meta name=\"robots\" content=\"index, follow, max-snippet:-1, max-image-preview:large, max-video-preview:-1\" \/>\n<link rel=\"canonical\" href=\"https:\/\/www.salzburgerland.com\/de\/magazin\/babys-erster-urlaub\/\" \/>\n<meta property=\"og:locale\" content=\"de_DE\" \/>\n<meta property=\"og:type\" content=\"article\" \/>\n<meta property=\"og:title\" content=\"Babys erster Urlaub\" \/>\n<meta property=\"og:description\" content=\"Wenn ihr meint, dass viele Argumente dagegen sprechen (die Anreise, das viele Gep\u00e4ck, kein Babysitter vorort), haben wir das beste Argument f\u00fcr euren ersten Urlaub mit Baby: die un\u00fcbertroffene Baby- und Kleinkinderbetreuung in einigen der Family SalzburgerLand Hotels. Hier f\u00fchlen sich die kleinen Zwerge schon ab dem 1. Lebensmonat wohl und auch die Eltern kommen [&hellip;]\" \/>\n<meta property=\"og:url\" content=\"https:\/\/www.salzburgerland.com\/de\/magazin\/babys-erster-urlaub\/\" \/>\n<meta property=\"og:site_name\" content=\"SalzburgerLand Magazin\" \/>\n<meta property=\"article:publisher\" content=\"https:\/\/www.facebook.com\/salzburgerland\/\" \/>\n<meta property=\"article:published_time\" content=\"2013-03-05T07:00:12+00:00\" \/>\n<meta property=\"article:modified_time\" content=\"2022-07-08T07:04:37+00:00\" \/>\n<meta property=\"og:image\" content=\"https:\/\/www.salzburgerland.com\/de\/magazin\/wp-content\/uploads\/2012\/05\/d11eXII027.jpg\" \/>\n\t<meta property=\"og:image:width\" content=\"3543\" \/>\n\t<meta property=\"og:image:height\" content=\"2362\" \/>\n\t<meta property=\"og:image:type\" content=\"image\/jpeg\" \/>\n<meta name=\"author\" content=\"Ulli Hammerl\" \/>\n<meta name=\"twitter:card\" content=\"summary_large_image\" \/>\n<meta name=\"twitter:creator\" content=\"@Salzburgerland\" \/>\n<meta name=\"twitter:site\" content=\"@Salzburgerland\" \/>\n<meta name=\"twitter:label1\" content=\"Verfasst von\" \/>\n\t<meta name=\"twitter:data1\" content=\"Ulli Hammerl\" \/>\n\t<meta name=\"twitter:label2\" content=\"Gesch\u00e4tzte Lesezeit\" \/>\n\t<meta name=\"twitter:data2\" content=\"3\u00a0Minuten\" \/>\n<script type=\"application\/ld+json\" class=\"yoast-schema-graph\">{\"@context\":\"https:\\\/\\\/schema.org\",\"@graph\":[{\"@type\":\"Article\",\"@id\":\"https:\\\/\\\/www.salzburgerland.com\\\/de\\\/magazin\\\/babys-erster-urlaub\\\/#article\",\"isPartOf\":{\"@id\":\"https:\\\/\\\/www.salzburgerland.com\\\/de\\\/magazin\\\/babys-erster-urlaub\\\/\"},\"author\":{\"name\":\"Ulli Hammerl\",\"@id\":\"https:\\\/\\\/www.salzburgerland.com\\\/de\\\/magazin\\\/#\\\/schema\\\/person\\\/a55a4fee1009b9e458d298480a18a9f7\"},\"headline\":\"Babys erster Urlaub\",\"datePublished\":\"2013-03-05T07:00:12+00:00\",\"dateModified\":\"2022-07-08T07:04:37+00:00\",\"mainEntityOfPage\":{\"@id\":\"https:\\\/\\\/www.salzburgerland.com\\\/de\\\/magazin\\\/babys-erster-urlaub\\\/\"},\"wordCount\":341,\"commentCount\":0,\"publisher\":{\"@id\":\"https:\\\/\\\/www.salzburgerland.com\\\/de\\\/magazin\\\/#organization\"},\"image\":{\"@id\":\"https:\\\/\\\/www.salzburgerland.com\\\/de\\\/magazin\\\/babys-erster-urlaub\\\/#primaryimage\"},\"thumbnailUrl\":\"https:\\\/\\\/www.salzburgerland.com\\\/de\\\/magazin\\\/wp-content\\\/uploads\\\/2012\\\/05\\\/d11eXII027-scaled.jpg\",\"keywords\":[\"Family-Time im SalzburgerLand\"],\"articleSection\":[\"Hotel &amp; Reise\"],\"inLanguage\":\"de\",\"potentialAction\":[{\"@type\":\"CommentAction\",\"name\":\"Comment\",\"target\":[\"https:\\\/\\\/www.salzburgerland.com\\\/de\\\/magazin\\\/babys-erster-urlaub\\\/#respond\"]}]},{\"@type\":\"WebPage\",\"@id\":\"https:\\\/\\\/www.salzburgerland.com\\\/de\\\/magazin\\\/babys-erster-urlaub\\\/\",\"url\":\"https:\\\/\\\/www.salzburgerland.com\\\/de\\\/magazin\\\/babys-erster-urlaub\\\/\",\"name\":\"Babys erster Urlaub - SalzburgerLand Magazin\",\"isPartOf\":{\"@id\":\"https:\\\/\\\/www.salzburgerland.com\\\/de\\\/magazin\\\/#website\"},\"primaryImageOfPage\":{\"@id\":\"https:\\\/\\\/www.salzburgerland.com\\\/de\\\/magazin\\\/babys-erster-urlaub\\\/#primaryimage\"},\"image\":{\"@id\":\"https:\\\/\\\/www.salzburgerland.com\\\/de\\\/magazin\\\/babys-erster-urlaub\\\/#primaryimage\"},\"thumbnailUrl\":\"https:\\\/\\\/www.salzburgerland.com\\\/de\\\/magazin\\\/wp-content\\\/uploads\\\/2012\\\/05\\\/d11eXII027-scaled.jpg\",\"datePublished\":\"2013-03-05T07:00:12+00:00\",\"dateModified\":\"2022-07-08T07:04:37+00:00\",\"breadcrumb\":{\"@id\":\"https:\\\/\\\/www.salzburgerland.com\\\/de\\\/magazin\\\/babys-erster-urlaub\\\/#breadcrumb\"},\"inLanguage\":\"de\",\"potentialAction\":[{\"@type\":\"ReadAction\",\"target\":[\"https:\\\/\\\/www.salzburgerland.com\\\/de\\\/magazin\\\/babys-erster-urlaub\\\/\"]}]},{\"@type\":\"ImageObject\",\"inLanguage\":\"de\",\"@id\":\"https:\\\/\\\/www.salzburgerland.com\\\/de\\\/magazin\\\/babys-erster-urlaub\\\/#primaryimage\",\"url\":\"https:\\\/\\\/www.salzburgerland.com\\\/de\\\/magazin\\\/wp-content\\\/uploads\\\/2012\\\/05\\\/d11eXII027-scaled.jpg\",\"contentUrl\":\"https:\\\/\\\/www.salzburgerland.com\\\/de\\\/magazin\\\/wp-content\\\/uploads\\\/2012\\\/05\\\/d11eXII027-scaled.jpg\",\"width\":3543,\"height\":2362,\"caption\":\"Kleinkinderbecken\"},{\"@type\":\"BreadcrumbList\",\"@id\":\"https:\\\/\\\/www.salzburgerland.com\\\/de\\\/magazin\\\/babys-erster-urlaub\\\/#breadcrumb\",\"itemListElement\":[{\"@type\":\"ListItem\",\"position\":1,\"name\":\"Startseite\",\"item\":\"https:\\\/\\\/www.salzburgerland.com\\\/de\\\/magazin\\\/\"},{\"@type\":\"ListItem\",\"position\":2,\"name\":\"Hotel &amp; Reise\",\"item\":\"https:\\\/\\\/www.salzburgerland.com\\\/de\\\/magazin\\\/thema\\\/hotel-reise\\\/\"},{\"@type\":\"ListItem\",\"position\":3,\"name\":\"Babys erster Urlaub\"}]},{\"@type\":\"WebSite\",\"@id\":\"https:\\\/\\\/www.salzburgerland.com\\\/de\\\/magazin\\\/#website\",\"url\":\"https:\\\/\\\/www.salzburgerland.com\\\/de\\\/magazin\\\/\",\"name\":\"SalzburgerLand Magazin\",\"description\":\"Geschichten und Interessantes aus dem SalzburgerLand\",\"publisher\":{\"@id\":\"https:\\\/\\\/www.salzburgerland.com\\\/de\\\/magazin\\\/#organization\"},\"potentialAction\":[{\"@type\":\"SearchAction\",\"target\":{\"@type\":\"EntryPoint\",\"urlTemplate\":\"https:\\\/\\\/www.salzburgerland.com\\\/de\\\/magazin\\\/?s={search_term_string}\"},\"query-input\":{\"@type\":\"PropertyValueSpecification\",\"valueRequired\":true,\"valueName\":\"search_term_string\"}}],\"inLanguage\":\"de\"},{\"@type\":\"Organization\",\"@id\":\"https:\\\/\\\/www.salzburgerland.com\\\/de\\\/magazin\\\/#organization\",\"name\":\"SalzburgerLand Tourismus\",\"url\":\"https:\\\/\\\/www.salzburgerland.com\\\/de\\\/magazin\\\/\",\"logo\":{\"@type\":\"ImageObject\",\"inLanguage\":\"de\",\"@id\":\"https:\\\/\\\/www.salzburgerland.com\\\/de\\\/magazin\\\/#\\\/schema\\\/logo\\\/image\\\/\",\"url\":\"https:\\\/\\\/www.salzburgerland.com\\\/de\\\/magazin\\\/wp-content\\\/uploads\\\/2019\\\/06\\\/salzburgerland-logo1.jpg\",\"contentUrl\":\"https:\\\/\\\/www.salzburgerland.com\\\/de\\\/magazin\\\/wp-content\\\/uploads\\\/2019\\\/06\\\/salzburgerland-logo1.jpg\",\"width\":2011,\"height\":866,\"caption\":\"SalzburgerLand Tourismus\"},\"image\":{\"@id\":\"https:\\\/\\\/www.salzburgerland.com\\\/de\\\/magazin\\\/#\\\/schema\\\/logo\\\/image\\\/\"},\"sameAs\":[\"https:\\\/\\\/www.facebook.com\\\/salzburgerland\\\/\",\"https:\\\/\\\/x.com\\\/Salzburgerland\",\"https:\\\/\\\/www.instagram.com\\\/salzburgerland\\\/\",\"https:\\\/\\\/at.linkedin.com\\\/company\\\/salzburgerland-tourismus-gmbh\",\"https:\\\/\\\/www.pinterest.at\\\/salzburgerland\\\/\",\"https:\\\/\\\/www.youtube.com\\\/user\\\/salzburgerland\",\"https:\\\/\\\/de.wikipedia.org\\\/wiki\\\/SalzburgerLand_Tourismus_GmbH\"]},{\"@type\":\"Person\",\"@id\":\"https:\\\/\\\/www.salzburgerland.com\\\/de\\\/magazin\\\/#\\\/schema\\\/person\\\/a55a4fee1009b9e458d298480a18a9f7\",\"name\":\"Ulli Hammerl\",\"description\":\"Geboren und aufgewachsen in der Stadt Salzburg war Ulli Hammerl fr\u00fch bewusst, in einer der sch\u00f6nsten St\u00e4dte der Welt zu leben. So ist sie auch w\u00e4hrend ihres Studiums der Kommunikationswissenschaft und \u00d6kologie ihrer Heimatstadt treu geblieben. Gleich nach dem Studium ist sie zu SalzburgerLand Tourismus (SLTG) gegangen und hat hier von 1998 - 2004 u.a. die SalzburgerLand Card betreut. Dabei ist sie viel herumgekommen, wodurch auch die Liebe zum SalzburgerLand enstanden und gewachsen ist. Nach der Geburt ihrer Tochter im September 2004 hat sich Ulli Hammerl 2007 mit einer Agentur selbst\u00e4ndig gemacht. Mein pers\u00f6nlicher Logenplatz: Hoch \u00fcber Salzburg, abseits der stark begangenen Wege mit Blick auf die D\u00e4cher und Kircht\u00fcrme der Stadt \u2013 hier geht mir das Herz auf! Morgen- oder Abendmensch: Ganz klar: Morgenmensch. Wenn um 5.00 Uhr fr\u00fch die V\u00f6gel zwitschern und rund herum noch alles in tiefer Ruhe versinkt, dann ist meine Zeit. Ausgeschlafen, Energie geladen und voller Tatendrang starte ich am liebsten in den fr\u00fchen Morgenstunden in den Tag. Daf\u00fcr kann man nach 21.00 Uhr nicht mehr mit mir rechnen. Buch oder Film: Es gibt nichts Sch\u00f6neres, als es sich am Ende des Tages auf der Couch gem\u00fctlich zu machen und in die Gedankenwelt eines guten Buches einzutauchen \u2013 Lesen ist Abenteuer im Kopf. Wandern, Spazierengehen oder Laufen: alles drei und zwar am besten jeden Tag. Mit ein bisschen Zeiteinteilung geht es sich tats\u00e4chlich fast gehen Tag aus, drau\u00dfen unterwegs zu sein. Fr\u00fchling, Sommer, Herbst oder Winter: Ich kann es im Fr\u00fchling kaum erwarten, die ersten Gr\u00fcnschattierungen in der Natur zu entdecken. Ich liebe hei\u00dfe Sommertage am See und laue Sommerabende am Balkon. Ich mag es, wenn im Herbst die W\u00e4lder in einem Meer aus Farben erstrahlen, Laubrascheln und Kastanien sammeln. Und ich freue mich wie ein Kind, wenn im Dezember die ersten Schneeflocken vom Himmel schweben. Die vier Jahreszeiten sind etwas Wunderbares.\",\"url\":\"https:\\\/\\\/www.salzburgerland.com\\\/de\\\/magazin\\\/author\\\/ulli-hammerl\\\/\"}]}<\/script>\n<!-- \/ Yoast SEO Premium plugin. -->","yoast_head_json":{"title":"Babys erster Urlaub - SalzburgerLand Magazin","description":"Schwangerschaft und Geburt sind gut \u00fcberstanden. In den ersten Wochen und Monaten hat sich der Lebensrythmus dem neuen Erdenb\u00fcrger angepasst. Und jetzt \u2013 ab in den wohlverdienten Urlaub?","robots":{"index":"index","follow":"follow","max-snippet":"max-snippet:-1","max-image-preview":"max-image-preview:large","max-video-preview":"max-video-preview:-1"},"canonical":"https:\/\/www.salzburgerland.com\/de\/magazin\/babys-erster-urlaub\/","og_locale":"de_DE","og_type":"article","og_title":"Babys erster Urlaub","og_description":"Wenn ihr meint, dass viele Argumente dagegen sprechen (die Anreise, das viele Gep\u00e4ck, kein Babysitter vorort), haben wir das beste Argument f\u00fcr euren ersten Urlaub mit Baby: die un\u00fcbertroffene Baby- und Kleinkinderbetreuung in einigen der Family SalzburgerLand Hotels. Hier f\u00fchlen sich die kleinen Zwerge schon ab dem 1. Lebensmonat wohl und auch die Eltern kommen [&hellip;]","og_url":"https:\/\/www.salzburgerland.com\/de\/magazin\/babys-erster-urlaub\/","og_site_name":"SalzburgerLand Magazin","article_publisher":"https:\/\/www.facebook.com\/salzburgerland\/","article_published_time":"2013-03-05T07:00:12+00:00","article_modified_time":"2022-07-08T07:04:37+00:00","og_image":[{"width":3543,"height":2362,"url":"https:\/\/www.salzburgerland.com\/de\/magazin\/wp-content\/uploads\/2012\/05\/d11eXII027.jpg","type":"image\/jpeg"}],"author":"Ulli Hammerl","twitter_card":"summary_large_image","twitter_creator":"@Salzburgerland","twitter_site":"@Salzburgerland","twitter_misc":{"Verfasst von":"Ulli Hammerl","Gesch\u00e4tzte Lesezeit":"3\u00a0Minuten"},"schema":{"@context":"https:\/\/schema.org","@graph":[{"@type":"Article","@id":"https:\/\/www.salzburgerland.com\/de\/magazin\/babys-erster-urlaub\/#article","isPartOf":{"@id":"https:\/\/www.salzburgerland.com\/de\/magazin\/babys-erster-urlaub\/"},"author":{"name":"Ulli Hammerl","@id":"https:\/\/www.salzburgerland.com\/de\/magazin\/#\/schema\/person\/a55a4fee1009b9e458d298480a18a9f7"},"headline":"Babys erster Urlaub","datePublished":"2013-03-05T07:00:12+00:00","dateModified":"2022-07-08T07:04:37+00:00","mainEntityOfPage":{"@id":"https:\/\/www.salzburgerland.com\/de\/magazin\/babys-erster-urlaub\/"},"wordCount":341,"commentCount":0,"publisher":{"@id":"https:\/\/www.salzburgerland.com\/de\/magazin\/#organization"},"image":{"@id":"https:\/\/www.salzburgerland.com\/de\/magazin\/babys-erster-urlaub\/#primaryimage"},"thumbnailUrl":"https:\/\/www.salzburgerland.com\/de\/magazin\/wp-content\/uploads\/2012\/05\/d11eXII027-scaled.jpg","keywords":["Family-Time im SalzburgerLand"],"articleSection":["Hotel &amp; Reise"],"inLanguage":"de","potentialAction":[{"@type":"CommentAction","name":"Comment","target":["https:\/\/www.salzburgerland.com\/de\/magazin\/babys-erster-urlaub\/#respond"]}]},{"@type":"WebPage","@id":"https:\/\/www.salzburgerland.com\/de\/magazin\/babys-erster-urlaub\/","url":"https:\/\/www.salzburgerland.com\/de\/magazin\/babys-erster-urlaub\/","name":"Babys erster Urlaub - SalzburgerLand Magazin","isPartOf":{"@id":"https:\/\/www.salzburgerland.com\/de\/magazin\/#website"},"primaryImageOfPage":{"@id":"https:\/\/www.salzburgerland.com\/de\/magazin\/babys-erster-urlaub\/#primaryimage"},"image":{"@id":"https:\/\/www.salzburgerland.com\/de\/magazin\/babys-erster-urlaub\/#primaryimage"},"thumbnailUrl":"https:\/\/www.salzburgerland.com\/de\/magazin\/wp-content\/uploads\/2012\/05\/d11eXII027-scaled.jpg","datePublished":"2013-03-05T07:00:12+00:00","dateModified":"2022-07-08T07:04:37+00:00","breadcrumb":{"@id":"https:\/\/www.salzburgerland.com\/de\/magazin\/babys-erster-urlaub\/#breadcrumb"},"inLanguage":"de","potentialAction":[{"@type":"ReadAction","target":["https:\/\/www.salzburgerland.com\/de\/magazin\/babys-erster-urlaub\/"]}]},{"@type":"ImageObject","inLanguage":"de","@id":"https:\/\/www.salzburgerland.com\/de\/magazin\/babys-erster-urlaub\/#primaryimage","url":"https:\/\/www.salzburgerland.com\/de\/magazin\/wp-content\/uploads\/2012\/05\/d11eXII027-scaled.jpg","contentUrl":"https:\/\/www.salzburgerland.com\/de\/magazin\/wp-content\/uploads\/2012\/05\/d11eXII027-scaled.jpg","width":3543,"height":2362,"caption":"Kleinkinderbecken"},{"@type":"BreadcrumbList","@id":"https:\/\/www.salzburgerland.com\/de\/magazin\/babys-erster-urlaub\/#breadcrumb","itemListElement":[{"@type":"ListItem","position":1,"name":"Startseite","item":"https:\/\/www.salzburgerland.com\/de\/magazin\/"},{"@type":"ListItem","position":2,"name":"Hotel &amp; Reise","item":"https:\/\/www.salzburgerland.com\/de\/magazin\/thema\/hotel-reise\/"},{"@type":"ListItem","position":3,"name":"Babys erster Urlaub"}]},{"@type":"WebSite","@id":"https:\/\/www.salzburgerland.com\/de\/magazin\/#website","url":"https:\/\/www.salzburgerland.com\/de\/magazin\/","name":"SalzburgerLand Magazin","description":"Geschichten und Interessantes aus dem SalzburgerLand","publisher":{"@id":"https:\/\/www.salzburgerland.com\/de\/magazin\/#organization"},"potentialAction":[{"@type":"SearchAction","target":{"@type":"EntryPoint","urlTemplate":"https:\/\/www.salzburgerland.com\/de\/magazin\/?s={search_term_string}"},"query-input":{"@type":"PropertyValueSpecification","valueRequired":true,"valueName":"search_term_string"}}],"inLanguage":"de"},{"@type":"Organization","@id":"https:\/\/www.salzburgerland.com\/de\/magazin\/#organization","name":"SalzburgerLand Tourismus","url":"https:\/\/www.salzburgerland.com\/de\/magazin\/","logo":{"@type":"ImageObject","inLanguage":"de","@id":"https:\/\/www.salzburgerland.com\/de\/magazin\/#\/schema\/logo\/image\/","url":"https:\/\/www.salzburgerland.com\/de\/magazin\/wp-content\/uploads\/2019\/06\/salzburgerland-logo1.jpg","contentUrl":"https:\/\/www.salzburgerland.com\/de\/magazin\/wp-content\/uploads\/2019\/06\/salzburgerland-logo1.jpg","width":2011,"height":866,"caption":"SalzburgerLand Tourismus"},"image":{"@id":"https:\/\/www.salzburgerland.com\/de\/magazin\/#\/schema\/logo\/image\/"},"sameAs":["https:\/\/www.facebook.com\/salzburgerland\/","https:\/\/x.com\/Salzburgerland","https:\/\/www.instagram.com\/salzburgerland\/","https:\/\/at.linkedin.com\/company\/salzburgerland-tourismus-gmbh","https:\/\/www.pinterest.at\/salzburgerland\/","https:\/\/www.youtube.com\/user\/salzburgerland","https:\/\/de.wikipedia.org\/wiki\/SalzburgerLand_Tourismus_GmbH"]},{"@type":"Person","@id":"https:\/\/www.salzburgerland.com\/de\/magazin\/#\/schema\/person\/a55a4fee1009b9e458d298480a18a9f7","name":"Ulli Hammerl","description":"Geboren und aufgewachsen in der Stadt Salzburg war Ulli Hammerl fr\u00fch bewusst, in einer der sch\u00f6nsten St\u00e4dte der Welt zu leben. So ist sie auch w\u00e4hrend ihres Studiums der Kommunikationswissenschaft und \u00d6kologie ihrer Heimatstadt treu geblieben. Gleich nach dem Studium ist sie zu SalzburgerLand Tourismus (SLTG) gegangen und hat hier von 1998 - 2004 u.a. die SalzburgerLand Card betreut. Dabei ist sie viel herumgekommen, wodurch auch die Liebe zum SalzburgerLand enstanden und gewachsen ist. Nach der Geburt ihrer Tochter im September 2004 hat sich Ulli Hammerl 2007 mit einer Agentur selbst\u00e4ndig gemacht. Mein pers\u00f6nlicher Logenplatz: Hoch \u00fcber Salzburg, abseits der stark begangenen Wege mit Blick auf die D\u00e4cher und Kircht\u00fcrme der Stadt \u2013 hier geht mir das Herz auf! Morgen- oder Abendmensch: Ganz klar: Morgenmensch. Wenn um 5.00 Uhr fr\u00fch die V\u00f6gel zwitschern und rund herum noch alles in tiefer Ruhe versinkt, dann ist meine Zeit. Ausgeschlafen, Energie geladen und voller Tatendrang starte ich am liebsten in den fr\u00fchen Morgenstunden in den Tag. Daf\u00fcr kann man nach 21.00 Uhr nicht mehr mit mir rechnen. Buch oder Film: Es gibt nichts Sch\u00f6neres, als es sich am Ende des Tages auf der Couch gem\u00fctlich zu machen und in die Gedankenwelt eines guten Buches einzutauchen \u2013 Lesen ist Abenteuer im Kopf. Wandern, Spazierengehen oder Laufen: alles drei und zwar am besten jeden Tag. Mit ein bisschen Zeiteinteilung geht es sich tats\u00e4chlich fast gehen Tag aus, drau\u00dfen unterwegs zu sein. Fr\u00fchling, Sommer, Herbst oder Winter: Ich kann es im Fr\u00fchling kaum erwarten, die ersten Gr\u00fcnschattierungen in der Natur zu entdecken. Ich liebe hei\u00dfe Sommertage am See und laue Sommerabende am Balkon. Ich mag es, wenn im Herbst die W\u00e4lder in einem Meer aus Farben erstrahlen, Laubrascheln und Kastanien sammeln. Und ich freue mich wie ein Kind, wenn im Dezember die ersten Schneeflocken vom Himmel schweben. Die vier Jahreszeiten sind etwas Wunderbares.","url":"https:\/\/www.salzburgerland.com\/de\/magazin\/author\/ulli-hammerl\/"}]}},"_wl_alt_label":[],"wl:entity_url":"http:\/\/open.salzburgerland.com\/magazin\/post\/babys_erster_urlaub","_links":{"self":[{"href":"https:\/\/www.salzburgerland.com\/de\/magazin\/wp-json\/wp\/v2\/posts\/31686","targetHints":{"allow":["GET"]}}],"collection":[{"href":"https:\/\/www.salzburgerland.com\/de\/magazin\/wp-json\/wp\/v2\/posts"}],"about":[{"href":"https:\/\/www.salzburgerland.com\/de\/magazin\/wp-json\/wp\/v2\/types\/post"}],"author":[{"embeddable":true,"href":"https:\/\/www.salzburgerland.com\/de\/magazin\/wp-json\/wp\/v2\/users\/90"}],"replies":[{"embeddable":true,"href":"https:\/\/www.salzburgerland.com\/de\/magazin\/wp-json\/wp\/v2\/comments?post=31686"}],"version-history":[{"count":1,"href":"https:\/\/www.salzburgerland.com\/de\/magazin\/wp-json\/wp\/v2\/posts\/31686\/revisions"}],"predecessor-version":[{"id":163912,"href":"https:\/\/www.salzburgerland.com\/de\/magazin\/wp-json\/wp\/v2\/posts\/31686\/revisions\/163912"}],"wp:featuredmedia":[{"embeddable":true,"href":"https:\/\/www.salzburgerland.com\/de\/magazin\/wp-json\/wp\/v2\/media\/17718"}],"wp:attachment":[{"href":"https:\/\/www.salzburgerland.com\/de\/magazin\/wp-json\/wp\/v2\/media?parent=31686"}],"wp:term":[{"taxonomy":"category","embeddable":true,"href":"https:\/\/www.salzburgerland.com\/de\/magazin\/wp-json\/wp\/v2\/categories?post=31686"},{"taxonomy":"post_tag","embeddable":true,"href":"https:\/\/www.salzburgerland.com\/de\/magazin\/wp-json\/wp\/v2\/tags?post=31686"},{"taxonomy":"wl_entity_type","embeddable":true,"href":"https:\/\/www.salzburgerland.com\/de\/magazin\/wp-json\/wp\/v2\/wl_entity_type?post=31686"},{"taxonomy":"monatsauswahl","embeddable":true,"href":"https:\/\/www.salzburgerland.com\/de\/magazin\/wp-json\/wp\/v2\/monatsauswahl?post=31686"}],"curies":[{"name":"wp","href":"https:\/\/api.w.org\/{rel}","templated":true}]}}